{"id":18903,"date":"2024-04-30T16:00:55","date_gmt":"2024-04-30T14:00:55","guid":{"rendered":"https:\/\/www.freidenker.org\/?p=18903"},"modified":"2024-06-02T13:02:03","modified_gmt":"2024-06-02T11:02:03","slug":"aufkleber-nie-wieder-auf-russen-schiessen","status":"publish","type":"post","link":"https:\/\/www.freidenker.org\/?p=18903","title":{"rendered":"Aufkleber: Nie wieder auf Russen schie\u00dfen!"},"content":{"rendered":"<p><strong>Der Aufkleber ist in dieser Gestaltung vergriffen (Stand 02.06.2024)<\/strong><\/p>\n<p><strong>\u2192 Neue Version des Aufklebers: <a href=\"https:\/\/www.freidenker.org\/?p=19203\" target=\"_blank\" rel=\"noopener\">https:\/\/www.freidenker.org\/?p=19203<\/a><\/strong><\/p>\n<p><del><strong>Der Deutsche Freidenker-Verband hat einen neuen Aufkleber &#8222;Nie wieder auf Russen schie\u00dfen&#8220; herausgegeben mit folgendem Inhalt:<\/strong><\/del><\/p>\n<ul>\n<li><del>Nie wieder: auf Russen schie\u00dfen!<\/del><\/li>\n<\/ul>\n<p><del><img data-recalc-dims=\"1\" loading=\"lazy\" decoding=\"async\" data-attachment-id=\"18904\" data-permalink=\"https:\/\/www.freidenker.org\/?attachment_id=18904\" data-orig-file=\"https:\/\/i0.wp.com\/www.freidenker.org\/fw17\/wp-content\/uploads\/2024\/04\/240301-Aufkleber_v06_rlx_A7_mR.jpg?fit=451%2C634&amp;ssl=1\" data-orig-size=\"451,634\" data-comments-opened=\"0\" data-image-meta=\"{&quot;aperture&quot;:&quot;0&quot;,&quot;credit&quot;:&quot;&quot;,&quot;camera&quot;:&quot;&quot;,&quot;caption&quot;:&quot;&quot;,&quot;created_timestamp&quot;:&quot;0&quot;,&quot;copyright&quot;:&quot;&quot;,&quot;focal_length&quot;:&quot;0&quot;,&quot;iso&quot;:&quot;0&quot;,&quot;shutter_speed&quot;:&quot;0&quot;,&quot;title&quot;:&quot;&quot;,&quot;orientation&quot;:&quot;1&quot;}\" data-image-title=\"240301-Aufkleber_v06_rlx_A7_mR\" data-image-description=\"\" data-image-caption=\"\" data-large-file=\"https:\/\/i0.wp.com\/www.freidenker.org\/fw17\/wp-content\/uploads\/2024\/04\/240301-Aufkleber_v06_rlx_A7_mR.jpg?fit=451%2C634&amp;ssl=1\" class=\"alignnone wp-image-18904 size-full\" src=\"https:\/\/i0.wp.com\/www.freidenker.org\/fw17\/wp-content\/uploads\/2024\/04\/240301-Aufkleber_v06_rlx_A7_mR.jpg?resize=451%2C634&#038;ssl=1\" alt=\"\" width=\"451\" height=\"634\" srcset=\"https:\/\/i0.wp.com\/www.freidenker.org\/fw17\/wp-content\/uploads\/2024\/04\/240301-Aufkleber_v06_rlx_A7_mR.jpg?w=451&amp;ssl=1 451w, https:\/\/i0.wp.com\/www.freidenker.org\/fw17\/wp-content\/uploads\/2024\/04\/240301-Aufkleber_v06_rlx_A7_mR.jpg?resize=213%2C300&amp;ssl=1 213w\" sizes=\"auto, (max-width: 451px) 100vw, 451px\" \/><\/del><\/p>\n<p><del>Gr\u00f6\u00dfe:\u00a0<strong>10,5 x 7,4 cm<\/strong><\/del><\/p>\n<p><del>Preis:\u00a0<strong>5,00 \u20ac pro 100 St\u00fcck<br \/>\n<\/strong>Bei h\u00f6heren Bestellmengen ist ein Preisnachlass m\u00f6glich.<\/del><\/p>\n<p><del>Die Aufkleber k\u00f6nnen bestellt werden bei:<\/del><\/p>\n<p><del><strong>Deutscher Freidenker-Verband<\/strong><\/del><br \/>\n<del><strong>Schillstr. 7<\/strong><\/del><br \/>\n<del><strong>63067 Offenbach am Main<\/strong><\/del><\/p>\n<p><del>bzw. per E-Mail an:<strong>\u00a0<a href=\"mailto:vorstand@freidenker.de\">vorstand@freidenker.de<\/a><\/strong><\/del><\/p>\n<p><del><strong>Bankverbindung<\/strong>: Deutscher Freidenker-Verband<\/del><br \/>\n<del>IBAN: DE45 7015 0000 0045 1070 75 \u2013 BIC: SSKMDEMM \u2013 Bankinstitut: Stadtsparkasse M\u00fcnchen<\/del><\/p>\n<p><del><strong>Geld bitte erst nach Best\u00e4tigung des Bestelleinganges \u00fcberweisen!<\/strong><\/del><\/p>\n<hr \/>\n<p><span style=\"font-size: 10pt;\">Bild oben: <\/span><span style=\"font-size: 10pt;\">\u00a0\u00a9 Deutscher Freidenker-Verband<\/span><\/p>\n","protected":false},"excerpt":{"rendered":"<p>Der Deutsche Freidenker-Verband hat einen Aufkleber &#8222;Nie wieder: auf Russen schie\u00dfen&#8220; herausgegeben mit folgendem Inhalt:<br \/>\n&#8211; Nie wieder: auf Russen schie\u00dfen!<br \/>\nDie Aufkleber k\u00f6nnen bestellt werden.<\/p>\n","protected":false},"author":3,"featured_media":18906,"comment_status":"closed","ping_status":"closed","sticky":false,"template":"","format":"standard","meta":{"colormag_page_container_layout":"default_layout","colormag_page_sidebar_layout":"default_layout","advanced_seo_description":"","jetpack_seo_html_title":"","jetpack_seo_noindex":false,"jetpack_post_was_ever_published":false,"footnotes":""},"categories":[13],"tags":[1607,613,224,188,1884,222],"class_list":["post-18903","post","type-post","status-publish","format-standard","has-post-thumbnail","hentry","category-frieden-antifaschismus-solidaritaet","tag-aufkleber","tag-befreiung-vom-faschismus","tag-frieden-mit-russland","tag-krieg","tag-materialien","tag-russland"],"jetpack_featured_media_url":"https:\/\/i0.wp.com\/www.freidenker.org\/fw17\/wp-content\/uploads\/2024\/04\/nie_wieder_auf_russen_schiessen_800x450.jpg?fit=800%2C450&ssl=1","jetpack_shortlink":"https:\/\/wp.me\/p9stpK-4UT","jetpack-related-posts":[{"id":19203,"url":"https:\/\/www.freidenker.org\/?p=19203","url_meta":{"origin":18903,"position":0},"title":"Aufkleber: Nie wieder auf Russen schie\u00dfen!","author":"Webredaktion","date":"2. Juni 2024","format":false,"excerpt":"Der Deutsche Freidenker-Verband hat eine neue Version des Aufklebers \u201eNie wieder auf Russen schie\u00dfen\u201c herausgegeben mit folgendem Inhalt: \u2013 Nie wieder auf Russen schie\u00dfen! Die Aufkleber k\u00f6nnen bestellt werden.","rel":"","context":"In &quot;Aktuelles&quot;","block_context":{"text":"Aktuelles","link":"https:\/\/www.freidenker.org\/?cat=574"},"img":{"alt_text":"","src":"https:\/\/i0.wp.com\/www.freidenker.org\/fw17\/wp-content\/uploads\/2024\/05\/Aufkleber_Nie_wieder_2024-05_Coll_800x450.jpg?fit=800%2C450&ssl=1&resize=350%2C200","width":350,"height":200,"srcset":"https:\/\/i0.wp.com\/www.freidenker.org\/fw17\/wp-content\/uploads\/2024\/05\/Aufkleber_Nie_wieder_2024-05_Coll_800x450.jpg?fit=800%2C450&ssl=1&resize=350%2C200 1x, https:\/\/i0.wp.com\/www.freidenker.org\/fw17\/wp-content\/uploads\/2024\/05\/Aufkleber_Nie_wieder_2024-05_Coll_800x450.jpg?fit=800%2C450&ssl=1&resize=525%2C300 1.5x, https:\/\/i0.wp.com\/www.freidenker.org\/fw17\/wp-content\/uploads\/2024\/05\/Aufkleber_Nie_wieder_2024-05_Coll_800x450.jpg?fit=800%2C450&ssl=1&resize=700%2C400 2x"},"classes":[]},{"id":17828,"url":"https:\/\/www.freidenker.org\/?p=17828","url_meta":{"origin":18903,"position":1},"title":"Aufkleber: Stoppt V\u00f6lkermord, ethnische S\u00e4uberung und Besatzung in Pal\u00e4stina!","author":"Webredaktion","date":"12. Januar 2024","format":false,"excerpt":"Der Deutsche Freidenker-Verband hat einen neuen Aufkleber herausgegeben mit folgendem Inhalt: \u201eNie wieder\u201c hei\u00dft jetzt: Stoppt V\u00f6lkermord, ethnische S\u00e4uberung und Besatzung in Pal\u00e4stina!\" Die Aufkleber haben die Gr\u00f6\u00dfe 10,5 x 7,4 cm, kosten 5 \u20ac pro 100 St\u00fcck und k\u00f6nnen bestellt werden bei: Deutscher Freidenker-Verband, Schillstr. 7, 63067 Offenbach am\u2026","rel":"","context":"In &quot;Aktuelles&quot;","block_context":{"text":"Aktuelles","link":"https:\/\/www.freidenker.org\/?cat=574"},"img":{"alt_text":"","src":"https:\/\/i0.wp.com\/www.freidenker.org\/fw17\/wp-content\/uploads\/2024\/01\/aufkleber_palaestina_v2.jpg?fit=800%2C450&ssl=1&resize=350%2C200","width":350,"height":200,"srcset":"https:\/\/i0.wp.com\/www.freidenker.org\/fw17\/wp-content\/uploads\/2024\/01\/aufkleber_palaestina_v2.jpg?fit=800%2C450&ssl=1&resize=350%2C200 1x, https:\/\/i0.wp.com\/www.freidenker.org\/fw17\/wp-content\/uploads\/2024\/01\/aufkleber_palaestina_v2.jpg?fit=800%2C450&ssl=1&resize=525%2C300 1.5x, https:\/\/i0.wp.com\/www.freidenker.org\/fw17\/wp-content\/uploads\/2024\/01\/aufkleber_palaestina_v2.jpg?fit=800%2C450&ssl=1&resize=700%2C400 2x"},"classes":[]},{"id":19817,"url":"https:\/\/www.freidenker.org\/?p=19817","url_meta":{"origin":18903,"position":2},"title":"Aufkleber: Keine neuen US-Raketen","author":"Webredaktion","date":"7. September 2024","format":false,"excerpt":"Der Deutsche Freidenker-Verband hat einen neuen Aufkleber \u201eKEINE NEUEN US-RAKETEN\u201c herausgegeben mit folgendem Inhalt: - KEINE NEUEN US-RAKETEN - FRIEDEN mit RUSSLAND! Die Aufkleber k\u00f6nnen bestellt werden","rel":"","context":"In &quot;Aktuelles&quot;","block_context":{"text":"Aktuelles","link":"https:\/\/www.freidenker.org\/?cat=574"},"img":{"alt_text":"","src":"https:\/\/i0.wp.com\/www.freidenker.org\/fw17\/wp-content\/uploads\/2024\/09\/Aufkleber_keine_neuen_Raketen_800x450.jpg?fit=800%2C450&ssl=1&resize=350%2C200","width":350,"height":200,"srcset":"https:\/\/i0.wp.com\/www.freidenker.org\/fw17\/wp-content\/uploads\/2024\/09\/Aufkleber_keine_neuen_Raketen_800x450.jpg?fit=800%2C450&ssl=1&resize=350%2C200 1x, https:\/\/i0.wp.com\/www.freidenker.org\/fw17\/wp-content\/uploads\/2024\/09\/Aufkleber_keine_neuen_Raketen_800x450.jpg?fit=800%2C450&ssl=1&resize=525%2C300 1.5x, https:\/\/i0.wp.com\/www.freidenker.org\/fw17\/wp-content\/uploads\/2024\/09\/Aufkleber_keine_neuen_Raketen_800x450.jpg?fit=800%2C450&ssl=1&resize=700%2C400 2x"},"classes":[]},{"id":20699,"url":"https:\/\/www.freidenker.org\/?p=20699","url_meta":{"origin":18903,"position":3},"title":"Aufkleber: Kriegshetze \u2013 Russenhass \u2013 Nein!","author":"Webredaktion","date":"16. Januar 2025","format":false,"excerpt":"Der Deutsche Freidenker-Verband hat einen neuen Aufkleber \u201eKriegshetze \u2013 Russenhass \u2013 Nein!\u201c herausgegeben mit folgendem Inhalt: - \u201eGegen Hass und Hetze\u201c? - Aber ohne Ausnahmen: - Kriegshetze \u2013 Russenhass \u2013 Nein! - FRIEDEN mit Russland! - Deutscher Freidenker-Verband Die Aufkleber k\u00f6nnen bestellt werden.","rel":"","context":"In &quot;Aktuelles&quot;","block_context":{"text":"Aktuelles","link":"https:\/\/www.freidenker.org\/?cat=574"},"img":{"alt_text":"","src":"https:\/\/i0.wp.com\/www.freidenker.org\/fw17\/wp-content\/uploads\/2025\/01\/Aufkleber_GegenHassUndHetze_800x450.jpg?fit=800%2C450&ssl=1&resize=350%2C200","width":350,"height":200,"srcset":"https:\/\/i0.wp.com\/www.freidenker.org\/fw17\/wp-content\/uploads\/2025\/01\/Aufkleber_GegenHassUndHetze_800x450.jpg?fit=800%2C450&ssl=1&resize=350%2C200 1x, https:\/\/i0.wp.com\/www.freidenker.org\/fw17\/wp-content\/uploads\/2025\/01\/Aufkleber_GegenHassUndHetze_800x450.jpg?fit=800%2C450&ssl=1&resize=525%2C300 1.5x, https:\/\/i0.wp.com\/www.freidenker.org\/fw17\/wp-content\/uploads\/2025\/01\/Aufkleber_GegenHassUndHetze_800x450.jpg?fit=800%2C450&ssl=1&resize=700%2C400 2x"},"classes":[]},{"id":15897,"url":"https:\/\/www.freidenker.org\/?p=15897","url_meta":{"origin":18903,"position":4},"title":"Aufkleber: Keinen Euro f\u00fcr den Krieg!","author":"Webredaktion","date":"6. Mai 2023","format":false,"excerpt":"Der Deutsche Freidenker-Verband hat Aufkleber herausgegeben mit folgendem Inhalt: Keinen Euro f\u00fcr den Krieg! Nord Stream und Drushba ans Netz! Frieden mit Russland! Die Aufkleber sind vergriffen (Stand 23.02.2024)","rel":"","context":"In &quot;Frieden - Antifaschismus - Solidarit\u00e4t&quot;","block_context":{"text":"Frieden - Antifaschismus - Solidarit\u00e4t","link":"https:\/\/www.freidenker.org\/?cat=13"},"img":{"alt_text":"","src":"https:\/\/i0.wp.com\/www.freidenker.org\/fw17\/wp-content\/uploads\/2023\/04\/Keinen_euro_fuer_den_krieg_800x450.jpg?fit=800%2C450&ssl=1&resize=350%2C200","width":350,"height":200,"srcset":"https:\/\/i0.wp.com\/www.freidenker.org\/fw17\/wp-content\/uploads\/2023\/04\/Keinen_euro_fuer_den_krieg_800x450.jpg?fit=800%2C450&ssl=1&resize=350%2C200 1x, https:\/\/i0.wp.com\/www.freidenker.org\/fw17\/wp-content\/uploads\/2023\/04\/Keinen_euro_fuer_den_krieg_800x450.jpg?fit=800%2C450&ssl=1&resize=525%2C300 1.5x, https:\/\/i0.wp.com\/www.freidenker.org\/fw17\/wp-content\/uploads\/2023\/04\/Keinen_euro_fuer_den_krieg_800x450.jpg?fit=800%2C450&ssl=1&resize=700%2C400 2x"},"classes":[]},{"id":16724,"url":"https:\/\/www.freidenker.org\/?p=16724","url_meta":{"origin":18903,"position":5},"title":"Aufkleber: Keinen Euro f\u00fcr den Krieg! Frieden mit Russland!","author":"Webredaktion","date":"29. Juli 2023","format":false,"excerpt":"Der Deutsche Freidenker-Verband hat eine neue Version des Aufklebers \"Keinen Euro f\u00fcr den Krieg\" herausgegeben mit folgendem Inhalt: - Keinen Euro f\u00fcr den Krieg! - Frieden mit Russland! Dieser Aufkleber ist vergriffen (Stand 23. Februar 2024)","rel":"","context":"In &quot;Frieden - Antifaschismus - Solidarit\u00e4t&quot;","block_context":{"text":"Frieden - Antifaschismus - Solidarit\u00e4t","link":"https:\/\/www.freidenker.org\/?cat=13"},"img":{"alt_text":"","src":"https:\/\/i0.wp.com\/www.freidenker.org\/fw17\/wp-content\/uploads\/2023\/07\/keinen_euro_fuer_den_krieg_2023-07_800x450.jpg?fit=800%2C450&ssl=1&resize=350%2C200","width":350,"height":200,"srcset":"https:\/\/i0.wp.com\/www.freidenker.org\/fw17\/wp-content\/uploads\/2023\/07\/keinen_euro_fuer_den_krieg_2023-07_800x450.jpg?fit=800%2C450&ssl=1&resize=350%2C200 1x, https:\/\/i0.wp.com\/www.freidenker.org\/fw17\/wp-content\/uploads\/2023\/07\/keinen_euro_fuer_den_krieg_2023-07_800x450.jpg?fit=800%2C450&ssl=1&resize=525%2C300 1.5x, https:\/\/i0.wp.com\/www.freidenker.org\/fw17\/wp-content\/uploads\/2023\/07\/keinen_euro_fuer_den_krieg_2023-07_800x450.jpg?fit=800%2C450&ssl=1&resize=700%2C400 2x"},"classes":[]}],"_links":{"self":[{"href":"https:\/\/www.freidenker.org\/index.php?rest_route=\/wp\/v2\/posts\/18903","targetHints":{"allow":["GET"]}}],"collection":[{"href":"https:\/\/www.freidenker.org\/index.php?rest_route=\/wp\/v2\/posts"}],"about":[{"href":"https:\/\/www.freidenker.org\/index.php?rest_route=\/wp\/v2\/types\/post"}],"author":[{"embeddable":true,"href":"https:\/\/www.freidenker.org\/index.php?rest_route=\/wp\/v2\/users\/3"}],"replies":[{"embeddable":true,"href":"https:\/\/www.freidenker.org\/index.php?rest_route=%2Fwp%2Fv2%2Fcomments&post=18903"}],"version-history":[{"count":0,"href":"https:\/\/www.freidenker.org\/index.php?rest_route=\/wp\/v2\/posts\/18903\/revisions"}],"wp:featuredmedia":[{"embeddable":true,"href":"https:\/\/www.freidenker.org\/index.php?rest_route=\/wp\/v2\/media\/18906"}],"wp:attachment":[{"href":"https:\/\/www.freidenker.org\/index.php?rest_route=%2Fwp%2Fv2%2Fmedia&parent=18903"}],"wp:term":[{"taxonomy":"category","embeddable":true,"href":"https:\/\/www.freidenker.org\/index.php?rest_route=%2Fwp%2Fv2%2Fcategories&post=18903"},{"taxonomy":"post_tag","embeddable":true,"href":"https:\/\/www.freidenker.org\/index.php?rest_route=%2Fwp%2Fv2%2Ftags&post=18903"}],"curies":[{"name":"wp","href":"https:\/\/api.w.org\/{rel}","templated":true}]}}