{"id":189,"date":"2005-06-17T16:10:12","date_gmt":"2005-06-17T14:10:12","guid":{"rendered":"http:\/\/www.freidenker.org\/fw17\/?p=189"},"modified":"2023-02-19T15:43:20","modified_gmt":"2023-02-19T14:43:20","slug":"jugendfeier-2005-in-frankfurt-am-main","status":"publish","type":"post","link":"https:\/\/www.freidenker.org\/?p=189","title":{"rendered":"Jugendfeier 2005 in Frankfurt am Main"},"content":{"rendered":"<p>aus FREIDENKER Nr. 2-05 Juni 2005, 64. Jahrgang, S. 37-38<\/p>\n<p><em><span class=\"subnav2\">von Norbert M\u00fcller<\/span><\/em><\/p>\n<p align=\"left\">Am Pfingstsonntag war es soweit. Nach sieben Vorbereitungstreffen, einem gemeinsamen Treff mit den Eltern sowie einem Wochenendseminar in Weimar mit Besuch der Gedenkst\u00e4tte Buchenwald fand f\u00fcr 31 Jugendliche in Hessen die Jugendfeier statt, die wie immer unter dem Motto &#8222;Nicht religi\u00f6s und trotzdem 14&#8220; stand.<\/p>\n<p align=\"left\">Bei den Vorbereitungstreffen hatten die Themen &#8222;Was kann man tun, wenn man verzweifelt ist&#8220;, &#8222;Vorbereitung des Wochenendseminars&#8220;, &#8222;Sucht und Drogenpr\u00e4vention&#8220;, &#8222;Filmbesuch&#8220;, &#8222;Besuch bei pro familia zum Thema Aufkl\u00e4rung, Sex, Liebe und Verh\u00fctung&#8220; und &#8222;Gewaltpr\u00e4vention&#8220; im Mittelpunkt gestanden. Au\u00dferdem probten die Jugendlichen ihre ,Eigenbeitr\u00e4ge&#8216; zur Feier, die schlie\u00dflich mit mehr als 400 G\u00e4sten im gro\u00dfen Saal des Hauses der Jugend in Frankfurt am Main stattfand. Die Rede hielten Kornelia Schm\u00e4lzle und Nima Mazaheri, der erst vor zwei Jahren selbst seine Jugendfeier begangen hatte. Schm\u00e4lzle und Mazaheri riefen die Jugendlichen &#8222;zu selbst\u00e4ndigem Denken [&#8230;], zum bewussten und eigenverantwortlichen Erleben und Gestalten dieser Zeit des \u00dcbergangs vom Kind zum Erwachsenen&#8220; auf.<\/p>\n<p align=\"left\">Was sie sagten, steht stellvertretend f\u00fcr unser Verst\u00e4ndnis der Jugendfeier\/Jugendweihe als der Markierung eines \u00dcbergangs vom Kind zum Erwachsenen: &#8222;Habt Vertrauen zu Euch selbst, Ihr seid intelligent, neugierig und auch tr\u00e4umerisch, in vielem unbeschwert und auch nachdenklich. In Eurer Kindheit haben Euch Eure Eltern beh\u00fctet, sie waren verantwortlich f\u00fcr Euch [&#8230;]. In drei oder vier Jahren seid Ihr 18 und vollj\u00e4hrig und selbst verantwortlich f\u00fcr Euer Tun und Handeln &#8230; Es ist wichtig in dieser Welt &#8211; so meine ich &#8211; kritisch zu denken, das hei\u00dft nicht, dass ihr immer, immer misstrauisch sein sollt, nein, das nicht, aber man sollte nicht immer alles blind und widerspruchslos hinnehmen.&#8220;<\/p>\n<p align=\"left\">Im Kulturprogramm begeisterten Erich Schaffner und Georg Klemp, die Gruppe Rehfu\u00df sowie die Jugendlichen selbst mit ihren Eigenbeitr\u00e4gen, unter denen insbesondere eine ,Talkshow&#8216; gro\u00dfen Anklang fand, die mit Johann Wolfgang von Goethe, Friedrich Schiller, Albert Einstein, Georg W. Bush nebst Gattin und Gerhard Schr\u00f6der nebst Gattin aufwartete. Bilder der Feier sowie die komplette Rede sind unter www.jugendfeier-hessen.de oder www.jugendweihe-hessen.de zu finden.<\/p>\n<hr \/>\n<p align=\"left\">Bild: FreeImages.com\/ Michael Speller<\/p>\n","protected":false},"excerpt":{"rendered":"<p><strong>Beitrag von Norbert M\u00fcller aus FREIDENKER 2-05<\/strong><br \/>\nAm Pfingstsonntag war es soweit. Nach sieben Vorbereitungstreffen, einem gemeinsamen Treff mit den Eltern sowie einem Wochenendseminar in Weimar mit Besuch der Gedenkst\u00e4tte Buchenwald fand f\u00fcr 31 Jugendliche in Hessen die Jugendfeier statt, die wie immer unter dem Motto &#8222;Nicht religi\u00f6s und trotzdem 14&#8220; stand. Bei den Vorbereitungstreffen hatten die Themen &#8222;Was kann man tun, wenn man verzweifelt ist&#8220;, &#8222;Vorbereitung des Wochenendseminars&#8220;, &#8222;Sucht und Drogenpr\u00e4vention&#8220;, &#8222;Filmbesuch&#8220;, &#8222;Besuch bei pro familia zum Thema Aufkl\u00e4rung, Sex, Liebe und Verh\u00fctung&#8220; und &#8222;Gewaltpr\u00e4vention&#8220; im Mittelpunkt gestanden.<\/p>\n","protected":false},"author":2,"featured_media":190,"comment_status":"closed","ping_status":"closed","sticky":false,"template":"","format":"standard","meta":{"colormag_page_container_layout":"default_layout","colormag_page_sidebar_layout":"default_layout","advanced_seo_description":"","jetpack_seo_html_title":"","jetpack_seo_noindex":false,"jetpack_post_was_ever_published":false,"footnotes":""},"categories":[14],"tags":[433,366,365,1067],"class_list":["post-189","post","type-post","status-publish","format-standard","has-post-thumbnail","hentry","category-jugendweihe-jugendfeier","tag-frankfurt-am-main","tag-jugendfeier","tag-jugendweihe","tag-lv-hessen"],"jetpack_featured_media_url":"https:\/\/i0.wp.com\/www.freidenker.org\/fw17\/wp-content\/uploads\/2016\/05\/Frankfurt.jpg?fit=800%2C445&ssl=1","jetpack_shortlink":"https:\/\/wp.me\/p9stpK-33","jetpack-related-posts":[{"id":197,"url":"https:\/\/www.freidenker.org\/?p=197","url_meta":{"origin":189,"position":0},"title":"Jugendfeier 2005 in M\u00fcnchen","author":"Webmaster","date":"17. Juni 2005","format":false,"excerpt":"Beitrag von Christiane Kr\u00f6ll aus FREIDENKER 2-05 Unter dem Motto \"\u00c4ndere die Welt, sie braucht es.\" begingen in M\u00fcnchen 12 Jugendliche mit rund 100 G\u00e4sten am Vorabend des \"Tages der Befreiung\" ihre Jugendfeier in der Gastst\u00e4tte Weyprechthof. In der Festrede hob Eva Bulling-Schr\u00f6ter, Landesvorsitzende der PDS Bayern und Freidenker-Mitglied, u.a.\u2026","rel":"","context":"In &quot;Jugendweihe &amp; Jugendfeier&quot;","block_context":{"text":"Jugendweihe &amp; Jugendfeier","link":"https:\/\/www.freidenker.org\/?cat=14"},"img":{"alt_text":"","src":"https:\/\/i0.wp.com\/www.freidenker.org\/fw17\/wp-content\/uploads\/2016\/05\/Munch.jpg?fit=800%2C445&ssl=1&resize=350%2C200","width":350,"height":200,"srcset":"https:\/\/i0.wp.com\/www.freidenker.org\/fw17\/wp-content\/uploads\/2016\/05\/Munch.jpg?fit=800%2C445&ssl=1&resize=350%2C200 1x, https:\/\/i0.wp.com\/www.freidenker.org\/fw17\/wp-content\/uploads\/2016\/05\/Munch.jpg?fit=800%2C445&ssl=1&resize=525%2C300 1.5x, https:\/\/i0.wp.com\/www.freidenker.org\/fw17\/wp-content\/uploads\/2016\/05\/Munch.jpg?fit=800%2C445&ssl=1&resize=700%2C400 2x"},"classes":[]},{"id":4226,"url":"https:\/\/www.freidenker.org\/?p=4226","url_meta":{"origin":189,"position":1},"title":"Was haben die Freidenker mit der Jugendfeier zu tun?","author":"Webredaktion","date":"27. Mai 2017","format":false,"excerpt":"Interview der Jugendfeier-Teilnehmerin Sara Martin mit Klaus Hartmann K.H.: Bei den Kirchen gibt es Konfirmation oder Firmung, aber schon l\u00e4ngere Zeit vorher, eigentlich zu allen Zeiten, in allen Kulturkreisen, wurde der \u00dcbergang ins Erwachsenenleben durch sogenannte Initiationsriten gefeiert. Und die Freidenker bieten Feiern, weltliche Feiern zu allen Wendepunkten des Lebens\u2026","rel":"","context":"In &quot;Geschichte&quot;","block_context":{"text":"Geschichte","link":"https:\/\/www.freidenker.org\/?cat=1162"},"img":{"alt_text":"","src":"https:\/\/i0.wp.com\/www.freidenker.org\/fw17\/wp-content\/uploads\/2017\/11\/Jugendfeier_Hessen_2017.jpg?fit=800%2C445&ssl=1&resize=350%2C200","width":350,"height":200,"srcset":"https:\/\/i0.wp.com\/www.freidenker.org\/fw17\/wp-content\/uploads\/2017\/11\/Jugendfeier_Hessen_2017.jpg?fit=800%2C445&ssl=1&resize=350%2C200 1x, https:\/\/i0.wp.com\/www.freidenker.org\/fw17\/wp-content\/uploads\/2017\/11\/Jugendfeier_Hessen_2017.jpg?fit=800%2C445&ssl=1&resize=525%2C300 1.5x, https:\/\/i0.wp.com\/www.freidenker.org\/fw17\/wp-content\/uploads\/2017\/11\/Jugendfeier_Hessen_2017.jpg?fit=800%2C445&ssl=1&resize=700%2C400 2x"},"classes":[]},{"id":3298,"url":"https:\/\/www.freidenker.org\/?p=3298","url_meta":{"origin":189,"position":2},"title":"Jugendweihen 2005 in Bremerhaven, Hamburg und Kiel","author":"Webredaktion","date":"17. Juni 2005","format":false,"excerpt":"Beitr\u00e4ge von Helmuth Sturmhoebel und Norbert Diener aus: FREIDENKER 2-05 Die 81. Jugendweihe des Freidenkerverbandes Bremen\/Unterweser fand am 22. Mai 2005 in Bremerhaven statt. 13 Jugendliche hatten sich seit Anfang M\u00e4rz unter der bew\u00e4hrten Leitung von Helmut Brauner w\u00f6chentlich getroffen. Sie diskutierten \u00fcber die Themen Arbeitslosigkeit, Gewalt, Drogen und Faschismus\u2026","rel":"","context":"In &quot;Jugendweihe &amp; Jugendfeier&quot;","block_context":{"text":"Jugendweihe &amp; Jugendfeier","link":"https:\/\/www.freidenker.org\/?cat=14"},"img":{"alt_text":"","src":"https:\/\/i0.wp.com\/www.freidenker.org\/fw17\/wp-content\/uploads\/2005\/06\/bremerhaven-hamburg-kiel_mb.jpg?fit=800%2C445&ssl=1&resize=350%2C200","width":350,"height":200,"srcset":"https:\/\/i0.wp.com\/www.freidenker.org\/fw17\/wp-content\/uploads\/2005\/06\/bremerhaven-hamburg-kiel_mb.jpg?fit=800%2C445&ssl=1&resize=350%2C200 1x, https:\/\/i0.wp.com\/www.freidenker.org\/fw17\/wp-content\/uploads\/2005\/06\/bremerhaven-hamburg-kiel_mb.jpg?fit=800%2C445&ssl=1&resize=525%2C300 1.5x, https:\/\/i0.wp.com\/www.freidenker.org\/fw17\/wp-content\/uploads\/2005\/06\/bremerhaven-hamburg-kiel_mb.jpg?fit=800%2C445&ssl=1&resize=700%2C400 2x"},"classes":[]},{"id":3301,"url":"https:\/\/www.freidenker.org\/?p=3301","url_meta":{"origin":189,"position":3},"title":"Jugendfeier 2005 in Braunschweig","author":"Webredaktion","date":"17. Juni 2005","format":false,"excerpt":"Bericht der Braunschweiger Zeitung, nachgedruckt in: FREIDENKER 2-05 \u201eSie werden heute hochoffiziell vom Kind zum Jugendlichen bef\u00f6rdert\", sagte Klaus Hartmann, Vorsitzender des Deutschen Freidenker-Verbandes, am Sonntag zu 34 M\u00e4dchen und Jungen in der Stadthalle. Die 13- bis 15 J\u00e4hrigen feierten mit ihren Eltern und Verwandten die Jugendweihe. \"Dieses Fest hat\u2026","rel":"","context":"In &quot;Jugendweihe &amp; Jugendfeier&quot;","block_context":{"text":"Jugendweihe &amp; Jugendfeier","link":"https:\/\/www.freidenker.org\/?cat=14"},"img":{"alt_text":"","src":"https:\/\/i0.wp.com\/www.freidenker.org\/fw17\/wp-content\/uploads\/2005\/06\/braunschweig-2179636_800x445.jpg?fit=800%2C445&ssl=1&resize=350%2C200","width":350,"height":200,"srcset":"https:\/\/i0.wp.com\/www.freidenker.org\/fw17\/wp-content\/uploads\/2005\/06\/braunschweig-2179636_800x445.jpg?fit=800%2C445&ssl=1&resize=350%2C200 1x, https:\/\/i0.wp.com\/www.freidenker.org\/fw17\/wp-content\/uploads\/2005\/06\/braunschweig-2179636_800x445.jpg?fit=800%2C445&ssl=1&resize=525%2C300 1.5x, https:\/\/i0.wp.com\/www.freidenker.org\/fw17\/wp-content\/uploads\/2005\/06\/braunschweig-2179636_800x445.jpg?fit=800%2C445&ssl=1&resize=700%2C400 2x"},"classes":[]},{"id":229,"url":"https:\/\/www.freidenker.org\/?p=229","url_meta":{"origin":189,"position":4},"title":"Nicht religi\u00f6s und trotzdem 14","author":"Webmaster","date":"10. Januar 2016","format":false,"excerpt":"\"Nicht religi\u00f6s und trotzdem 14?!\" Dass das \u201ejeder und jedem passieren\" kann, \u201eaber nicht schlecht sein\" muss, darauf verweist die Internetseite www.jugendfeier-hessen.de des hessischen DFV-Landesverbandes. Denn nicht nur die Hessen, sondern auch die meisten der anderen Landesverb\u00e4nde organisieren jedes Jahr wieder im Mai und Juni Jugendweihen bzw. Jugendfeiern, bei denen\u2026","rel":"","context":"In &quot;Jugendweihe &amp; Jugendfeier&quot;","block_context":{"text":"Jugendweihe &amp; Jugendfeier","link":"https:\/\/www.freidenker.org\/?cat=14"},"img":{"alt_text":"","src":"https:\/\/i0.wp.com\/www.freidenker.org\/fw17\/wp-content\/uploads\/2016\/07\/14_Jugendweihe.jpg?fit=800%2C445&ssl=1&resize=350%2C200","width":350,"height":200,"srcset":"https:\/\/i0.wp.com\/www.freidenker.org\/fw17\/wp-content\/uploads\/2016\/07\/14_Jugendweihe.jpg?fit=800%2C445&ssl=1&resize=350%2C200 1x, https:\/\/i0.wp.com\/www.freidenker.org\/fw17\/wp-content\/uploads\/2016\/07\/14_Jugendweihe.jpg?fit=800%2C445&ssl=1&resize=525%2C300 1.5x, https:\/\/i0.wp.com\/www.freidenker.org\/fw17\/wp-content\/uploads\/2016\/07\/14_Jugendweihe.jpg?fit=800%2C445&ssl=1&resize=700%2C400 2x"},"classes":[]},{"id":186,"url":"https:\/\/www.freidenker.org\/?p=186","url_meta":{"origin":189,"position":5},"title":"Bedeutung und Geschichte von Jugendweihen und Jugendfeiern","author":"Webmaster","date":"1. Januar 2010","format":false,"excerpt":"F\u00fcr immer mehr Jugendliche stellt sich die Frage: Hat es Sinn, ohne religi\u00f6se \u00dcberzeugung an der kirchlichen Feier zum Erwachsenwerden teilzunehmen? Der immer gr\u00f6\u00dfer werdenden Zahl von Kirchenaustritten der Erwachsenen muss nicht das weltanschauliche Nichts f\u00fcr die Kinder folgen. Au\u00dfer religi\u00f6sen Ansichten gibt es zumindest noch die Ansicht, dass das\u2026","rel":"","context":"In &quot;Geschichte&quot;","block_context":{"text":"Geschichte","link":"https:\/\/www.freidenker.org\/?cat=1162"},"img":{"alt_text":"","src":"https:\/\/i0.wp.com\/www.freidenker.org\/fw17\/wp-content\/uploads\/2016\/05\/Statue_3_Stufen_der_Liebe.jpg?fit=800%2C445&ssl=1&resize=350%2C200","width":350,"height":200,"srcset":"https:\/\/i0.wp.com\/www.freidenker.org\/fw17\/wp-content\/uploads\/2016\/05\/Statue_3_Stufen_der_Liebe.jpg?fit=800%2C445&ssl=1&resize=350%2C200 1x, https:\/\/i0.wp.com\/www.freidenker.org\/fw17\/wp-content\/uploads\/2016\/05\/Statue_3_Stufen_der_Liebe.jpg?fit=800%2C445&ssl=1&resize=525%2C300 1.5x, https:\/\/i0.wp.com\/www.freidenker.org\/fw17\/wp-content\/uploads\/2016\/05\/Statue_3_Stufen_der_Liebe.jpg?fit=800%2C445&ssl=1&resize=700%2C400 2x"},"classes":[]}],"_links":{"self":[{"href":"https:\/\/www.freidenker.org\/index.php?rest_route=\/wp\/v2\/posts\/189","targetHints":{"allow":["GET"]}}],"collection":[{"href":"https:\/\/www.freidenker.org\/index.php?rest_route=\/wp\/v2\/posts"}],"about":[{"href":"https:\/\/www.freidenker.org\/index.php?rest_route=\/wp\/v2\/types\/post"}],"author":[{"embeddable":true,"href":"https:\/\/www.freidenker.org\/index.php?rest_route=\/wp\/v2\/users\/2"}],"replies":[{"embeddable":true,"href":"https:\/\/www.freidenker.org\/index.php?rest_route=%2Fwp%2Fv2%2Fcomments&post=189"}],"version-history":[{"count":0,"href":"https:\/\/www.freidenker.org\/index.php?rest_route=\/wp\/v2\/posts\/189\/revisions"}],"wp:featuredmedia":[{"embeddable":true,"href":"https:\/\/www.freidenker.org\/index.php?rest_route=\/wp\/v2\/media\/190"}],"wp:attachment":[{"href":"https:\/\/www.freidenker.org\/index.php?rest_route=%2Fwp%2Fv2%2Fmedia&parent=189"}],"wp:term":[{"taxonomy":"category","embeddable":true,"href":"https:\/\/www.freidenker.org\/index.php?rest_route=%2Fwp%2Fv2%2Fcategories&post=189"},{"taxonomy":"post_tag","embeddable":true,"href":"https:\/\/www.freidenker.org\/index.php?rest_route=%2Fwp%2Fv2%2Ftags&post=189"}],"curies":[{"name":"wp","href":"https:\/\/api.w.org\/{rel}","templated":true}]}}