{"id":18829,"date":"2024-04-19T03:53:24","date_gmt":"2024-04-19T01:53:24","guid":{"rendered":"https:\/\/www.freidenker.org\/?p=18829"},"modified":"2024-05-09T01:21:50","modified_gmt":"2024-05-08T23:21:50","slug":"vom-albtraum-der-faeser-demokratie","status":"publish","type":"post","link":"https:\/\/www.freidenker.org\/?p=18829","title":{"rendered":"Vom Albtraum der Faeser-Demokratie"},"content":{"rendered":"<p><strong>\u00a0<\/strong><strong>G\u00f6tzendienst-Polizei \u00fcberwacht den Diskurs: Es geht nicht mehr um Wahrheit, sondern nur noch um Gefolgschaftstreue oder Verrat<\/strong><\/p>\n<p><strong>\u00a0<\/strong><em>Von <strong>Friedhelm Klinkhammer<\/strong> und <strong>Volker Br\u00e4utigam<\/strong><\/em><\/p>\n<p><strong>Nancy Faeser. Ihr Vorname bedeutet \u201edie Begnadete\u201c.<\/strong><a href=\"#_edn1\" name=\"_ednref1\">[1]<\/a> <strong>Daf\u00fcr kann sie nichts. F\u00fcr ihre anma\u00dfende und engstirnige Herrschsucht aber schon. \u201eIch-kann-mich-nicht-erinnern\u201c-Kanzler Scholz nahm sie trotzdem (deswegen?) in sein Ampel-Ensemble auf. Seither h\u00fctet Nancy unser Grundgesetz ein und erweist sich gnadenlos als Fehlbesetzung: als fleischgewordener Widerspruch zum Freiheitsideal unserer Ersatz-Verfassung.<\/strong><a href=\"#_edn2\" name=\"_ednref2\">[2]<\/a><strong> Scholz\u2018 und Faesers SPD liegt im verdienten Trend: Nur noch 15 Prozent erreicht sie im April gem\u00e4\u00df \u201eDeutschlandtrend\u201c des Instituts <em>infratest dimap<\/em>.<a href=\"#_edn3\" name=\"_ednref3\">[3]<\/a> <\/strong><\/p>\n<p>Faeser, die Verfassungsschutz-Ministerin: Wir reden hier nicht von Stilfragen und Petitessen. Sondern vom g\u00e4nzlich fehlenden Demokratieverst\u00e4ndnis einer Politikerin, die nicht einmal versucht, das Grundgesetz \u201eunterm Arm und im Bewusstsein\u201c<a href=\"#_edn4\" name=\"_ednref4\">[4]<\/a> zu tragen. Die b\u00fcrgerlichen Freiheitsrechte interpretiert sie nach Gutd\u00fcnken. Politische Konkurrenten erkl\u00e4rt sie zu Demokratiefeinden. Widerspruch gegen die Regierungslinie h\u00e4lt sie f\u00fcr etwas, das vom Geheimdienst \u00fcberwacht und eigentlich verboten geh\u00f6rt. All dies liegt im \u201eZeitgeist\u201c<a href=\"#_edn5\" name=\"_ednref5\">[5]<\/a> und im deutschen Genom: Unter Beifall der Massen mehr und mehr \u00dcberwachung, mehr Bevormundung, mehr herbeigepresster mentaler Gleichschritt. Die Historie der Mehrheits-SPD ist daf\u00fcr beispielhaft.<a href=\"#_edn6\" name=\"_ednref6\">[6]<\/a><\/p>\n<p>Faesers manischer Kontrollzwang zeigte sich schon beim Regierungsantritt der Ampelkoalition. Die hatte eigentlich vertraglich vereinbart, \u201eMa\u00dfnahmen zum Scannen privater Kommunikation und eine Identifizierungspflicht\u201c abzulehnen.<a href=\"#_edn7\" name=\"_ednref7\">[7]<\/a> Doch die erste Frau an der Spitze des Innenministeriums wollte und will den staatlichen Zugriff auf den privaten Gedankenaustausch.<a href=\"#_edn8\" name=\"_ednref8\">[8]<\/a><\/p>\n<p>Noch ist nach geltenden EU-Regeln die Online-Kommunikation vertraulich<a href=\"#_edn9\" name=\"_ednref9\">[9]<\/a>: Internet-Dienste<\/p>\n<blockquote><p>\u201ed\u00fcrfen nicht mith\u00f6ren, abh\u00f6ren, speichern oder auf andere Arten abfangen oder \u00fcberwachen\u201c.<a href=\"#_edn10\" name=\"_ednref10\"><sup>[10]<\/sup><\/a><\/p><\/blockquote>\n<p>Damit soll bald Schluss sein. Die Chat-Kontrolle und Erniedrigung des B\u00fcrgers zum Objekt der Gedankenpolizei k\u00f6nnte auf demokratiefernem Umweg \u00fcber Br\u00fcssel nach Deutschland kommen.<a href=\"#_edn11\" name=\"_ednref11\">[11]<\/a><\/p>\n<h5>Beweislast-Umkehr<\/h5>\n<p>Apropos Demokratieferne: Im Nachgang zur sogenannten \u201eReichsb\u00fcrger-Razzia\u201c<a href=\"#_edn12\" name=\"_ednref12\">[12]<\/a> stellte Faeser ihr autorit\u00e4res Denken in der Talksendung \u201eMaischberger\u201c unter Beweis.<a href=\"#_edn13\" name=\"_ednref13\">[13]<\/a> Man wolle bei den \u201eFeinden der Demokratie noch genauer hingucken\u201c. Beispielsweise das Disziplinarrecht f\u00fcr Angestellte im \u00d6ffentlichen Dienst so umgestalten, dass es k\u00fcnftig viel einfacher sein werde, Dissidenten zu \u201eentfernen\u201c. F\u00fcr eine K\u00fcndigung reiche dann der blo\u00dfe Verdacht auf \u201eDemokratiefeindlichkeit\u201c. Faeser:<\/p>\n<blockquote><p><em>\u201eDa muss man die M\u00f6glichkeit haben, jemanden schnell rauszubekommen\u201c.<\/em><\/p><\/blockquote>\n<p>Betroffenen stehe ja der Rechtsweg offen.<\/p>\n<p>Das stellt eine rechtsstaatsfeindliche Beweislast-Umkehr dar: Nicht mehr muss der \u00f6ffentliche Arbeitgeber die Schuld seines Bediensteten nachweisen, sondern der Beschuldigte seine Unschuld. Faeser fand das \u201eeine gute Idee\u201c.<\/p>\n<p>Ihren \u201eChef\u201c, den Kanzler, beeindruckt dieser herrschs\u00fcchtige Stil: Er findet seine Genossin<\/p>\n<blockquote><p><em>\u201eeine gro\u00dfartige Frau, die gro\u00dfe Dinge kann\u201c.<\/em><a href=\"#_edn14\" name=\"_ednref14\">[14]<\/a><\/p><\/blockquote>\n<p>Zwei regierende Volljuristen im Umgang mit der Demokratie.<\/p>\n<p>Wer ihrer politischen Agenda entgegentritt, dem wird flugs unterstellt, er mache den Staat ver\u00e4chtlich. Faesers stramme Behauptung:<\/p>\n<blockquote><p><em>\u201eZiel der Rechtsextremisten ist es, die freiheitliche Demokratie abzuschaffen.\u201c<a href=\"#_edn15\" name=\"_ednref15\"><strong>[15]<\/strong><\/a> <\/em><\/p><\/blockquote>\n<p>Da wollen Welche Faesers wei\u00dfen Schimmel (\u201efreiheitliche\u201c Demokratie) zum Abdecker bringen? Das geht gar nicht.<\/p>\n<h5>Der Regierungspopanz<\/h5>\n<p>Historische und aktuelle Fakten sprechen sowieso gegen Faesers ma\u00dflose \u00dcbertreibung. Die Bundesrepublik ist bis heute nie einer existenziellen Gef\u00e4hrdung seitens der Rechtsextremen ausgesetzt gewesen. Denen war und ist sie viel zu lieb. Sie bot in der unmittelbaren Nachkriegszeit Alt-Nazis und Rechtsextremisten lukrative Unterbringung, Arbeit und Versorgung und lie\u00df sie bis in h\u00f6chste \u00c4mter aufsteigen.<\/p>\n<p>Auch in sp\u00e4teren Jahren \u2013 nach dem Anschluss der DDR an die BRD \u2013 war der Rechtsextremismus trotz seiner medialen Pr\u00e4senz und seiner Hervorhebung in ungez\u00e4hlten politischen Sonntagsreden keine \u201eGefahr f\u00fcr die Demokratie\u201c. Ein paar n\u00fcchterne Zahlen:<\/p>\n<p>Vor mehr als 30 Jahren (1993) hatte der Rechtsextremismus im Nachkriegs-Deutschland seinen personellen H\u00f6chststand: 64500.<a href=\"#_edn16\" name=\"_ednref16\">[16]<\/a> Seither ist er r\u00fcckl\u00e4ufig, j\u00fcngste Z\u00e4hlung: 38800 Rechtsextreme.<a href=\"#_edn17\" name=\"_ednref17\">[17]<\/a> Das sind gerade mal 0,06 Prozent (!) der rund 67,5 Millionen Erwachsenen.<a href=\"#_edn18\" name=\"_ednref18\">[18]<\/a> 1992 wurde die bisher h\u00f6chste Zahl rechtsextremistisch motivierter Morde gemeldet: 32 F\u00e4lle. Neuerdings bewegt sich auch die Anzahl solcher Verbrechen nur mehr im einstelligen Bereich.<a href=\"#_edn19\" name=\"_ednref19\">[19]<\/a><\/p>\n<p>Welche Konsequenzen zog die Justiz? Seit 1970 wurden 226 rechtsextreme T\u00e4ter angeklagt. In letzter Instanz wurden sie fast durchweg nicht wegen Mord, sondern \u201enur\u201c wegen K\u00f6rperverletzung mit Todesfolge oder wegen Totschlags verurteilt. Lediglich 15 Prozent der Angeklagten erhielten \u201elebensl\u00e4nglich\u201c.(ebd.)<\/p>\n<p>Morde, gleich aus welchem Motiv, spielen in Deutschland eine absolut marginale Rolle: J\u00e4hrlich werden 0,3 Morde pro 100 000 Einwohner ver\u00fcbt.<a href=\"#_edn20\" name=\"_ednref20\">[20]<\/a> Zum Vergleich: In den ach so bewunderten USA sind es 6,81 Morde.<a href=\"#_edn21\" name=\"_ednref21\">[21]<\/a> Fast 23-mal mehr.<\/p>\n<h5>Meinungsmache statt Aktion<\/h5>\n<p>Wer angesichts dieser Zahlen glaubt, die rechtsextremistische Szene in Deutschland gef\u00e4hrde unsere Fassaden-Demokratie, hat den G\u00fcrtel schon reichlich eng ums Gehirn geschnallt.<\/p>\n<p>\u00dcber eine neuere Untersuchung (2023) der Friedrich-Ebert-Stiftung (FES) zum Rechtsextremismus berichtete die Tagesschau:<\/p>\n<blockquote><p><em>\u201cImmer mehr Deutsche teilen laut einer Studie rechtsextreme Einstellungen. Demnach hat sich ihr Anteil im Vergleich zu den Vorjahren praktisch verdreifacht.\u201d<\/em><a href=\"#_edn22\" name=\"_ednref22\"><em><strong>[22]<\/strong><\/em><\/a><\/p><\/blockquote>\n<p>Das ist wegen des willk\u00fcrlich gew\u00e4hlten und nicht pr\u00e4zise begrenzten Vergleichszeitraums irref\u00fchrend, es l\u00e4uft auf propagandistische Panikmache hinaus. Die Studie weist anhand typisch rechtsextremer Denkmuster aus, dass sich derzeit lediglich 6 Prozent der Befragten \u201eeine Diktatur mit einer einzigen starken Partei und einem F\u00fchrer f\u00fcr Deutschland\u201c w\u00fcnschen. Der ganz \u00e4hnlichen Frage f\u00fcr eine Studie der Universit\u00e4t Leipzig (\u201eWir sollten einen F\u00fchrer haben, der Deutschland zum Wohle aller mit starker Hand regiert\u201c) hatten anno 2002(!) noch 19 Prozent der Teilnehmer zugestimmt.<a href=\"#_edn23\" name=\"_ednref23\">[23]<\/a> Legt man diese Zahlen zugrunde, haben sich die rechtsextremistischen Neigungen seither nicht verdreifacht, sondern gedrittelt.<\/p>\n<p>Die FES schreibt zwar 8 Prozent der deutschen Wahlberechtigten ein rechtsextremes Weltbild zu (2023), die parteiunabh\u00e4ngige und damit glaubw\u00fcrdigere Leipziger \u201eAutoritarismus-Studie\u201c dokumentiert (2022) dagegen nur 2,7 Prozent.<a href=\"#_edn24\" name=\"_ednref24\">[24]<\/a> Eine m\u00f6gliche Erkl\u00e4rung f\u00fcr den krassen Unterschied: Die Friedrich-Ebert-Stiftung wird vom Staat mit mehr als 40 Millionen Euro bezuschusst (Stand 2021: 39,3 Millionen Euro).<a href=\"#_edn25\" name=\"_ednref25\"><sup>[25]<\/sup><\/a> Wes Brot ich ess\u2018 \u2026 Die von der Tagesschau erw\u00e4hnte Studie war von Faesers SPD in Auftrag gegeben worden.<\/p>\n<h5>\u2026 und schon bist du Demokratiefeind<\/h5>\n<p>71 Prozent der AfD-W\u00e4hler haben durchaus kein \u201egeschlossen rechtsextremes Weltbild\u201c.<a href=\"#_edn26\" name=\"_ednref26\">[26]<\/a> Der mindere Rest w\u00e4hlt laut einer Studie der Bertelsmann-Stiftung<a href=\"#_edn27\" name=\"_ednref27\">[27]<\/a> dies oder das: 29 Prozent AFD, 6 Prozent CDU, 5 Prozent Die Linke, 5 Prozent FDP, 4 Prozent SPD und 2 Prozent Die Gr\u00fcnen.<\/p>\n<p>Beachtenswert an der FES-Studie ist, dass sie die (begr\u00fcndete, berechtigte) Kritik der B\u00fcrger an Staat und Gesellschaft unter \u201edemokratiegef\u00e4hrdend\u201c rubriziert:<\/p>\n<blockquote><p><em>\u201eDer Anteil potenziell demokratiegef\u00e4hrdender Positionen ist gestiegen. So denken beispielsweise inzwischen 32 Prozent, die Medien und die Politik w\u00fcrden unter einer Decke stecken (2020\/21: 24 Prozent). Zudem stimmen in der aktuellen Mitte-Studie mit 30 Prozent fast doppelt so viele Befragte wie noch vor zwei Jahren der Aussage zu: \u201aDie regierenden Parteien betr\u00fcgen das Volk.\u2018\u201c<\/em><\/p><\/blockquote>\n<p>Hoppla! Ein mit Millionen Euro Staatsknete gem\u00e4steter Sozi-Verein diffamiert hier freih\u00e4ndig die Kritik souver\u00e4ner B\u00fcrger als \u201epotenziell demokratiegef\u00e4hrdend\u201c? Er unterf\u00fcttert damit die heuchlerischen \u00c4u\u00dferungen der kritikempfindlichen Regierung. Die projiziert aus machtpolitischen Motiven das Gruselbild vom angeblich staatsgef\u00e4hrdenden Rechtsextremismus an alle erreichbaren W\u00e4nde. Und st\u00f6\u00dft damit gleich s\u00e4mtliche Kritiker der Ampel vor den Kopf.<\/p>\n<p>Retourkutsche: N\u00e4hme man aggressive Kriegsgeilheit als Merkmal f\u00fcr rechtsextremistische Gesinnung (vor 40 Jahren geh\u00f6rte das h\u00fcben und dr\u00fcben zum politischen Anstand), so m\u00fcsste man unz\u00e4hlige Spr\u00fcche aus Ministerm\u00e4ulern sofort auf den Index stellen. \u00dcbrigens: Im Vorfeld der EU-Wahlen wird ganz ungeniert auch \u00fcber B\u00fcndnisse der \u201edemokratischen\u201c Parteien mit rechtsextremen Gruppierungen spekuliert.<a href=\"#_edn28\" name=\"_ednref28\">[28]<\/a> Die Kampagnen gegen den Rechtsextremismus sind daher unaufrichtig bis hinters letzte Komma.<\/p>\n<p>Die betr\u00e4chtlichen Wahlerfolge der AfD sind ihren parlamentarischen Konkurrenten ein Dorn im Auge. Die AfD hat es trotz ihres unappetitlich \u201ev\u00f6lkischen\u201c Anteils im Funktion\u00e4rsapparat geschafft, erhebliche Teile aus den eher konservativen W\u00e4hlerschichten aller Parteien f\u00fcr sich zu gewinnen. Protestw\u00e4hler.<\/p>\n<h5>Der Platz an den Fleischt\u00f6pfen<\/h5>\n<p>Die Altparteien f\u00fcrchten weitere W\u00e4hlerverluste, gestehen sich jedoch nicht ein, dass sie selbst der AfD die W\u00e4hler in die Arme treiben: Die Regierung verpulverte schon mindestens 30 Milliarden Euro<a href=\"#_edn29\" name=\"_ednref29\">[29]<\/a> f\u00fcr hirnverbrannte Kriegsbeteiligung in der Ukraine, schiebt den dortigen Plutokraten und Neonazis heuer weitere 7 Milliarden in den Rachen<a href=\"#_edn30\" name=\"_ednref30\">[30]<\/a>, verursacht hierzulande Inflation von be\u00e4ngstigendem Ausma\u00df, unternimmt andererseits aber nichts Systematisches gegen die zunehmende Armut. Sie delegitimiert und kriminalisiert abweichende Meinungen und findet Appelle f\u00fcr Frieden und Abr\u00fcstung strafw\u00fcrdig.<\/p>\n<p>Aus Angst um ihren Platz an den Fleischt\u00f6pfen des Politikbetriebes, der ihnen von AfD und (neuerdings) BSW genommen werden k\u00f6nnte, betreiben sie Feindbildpflege und spalten die Gesellschaft. Wer ihrem Narrativ nicht folgt und eigenst\u00e4ndige Ansichten vertritt, wird als \u201eExtremist\u201c, \u201eVerschw\u00f6rungstheoretiker\u201c, \u201ePutinversteher\u201c, \u201eCorona-Leugner\u201c oder gar \u201eAntisemit\u201c etikettiert. Staatlich geschmierte Vorfeldorganisationen wie die olivgr\u00fcne \u201eLibMod\u201c<a href=\"#_edn31\" name=\"_ednref31\">[31]<\/a> oder \u201eCorrectiv\u201c<a href=\"#_edn32\" name=\"_ednref32\">[32]<\/a> dienen dieser Art denunziatorischer Meinungsmache.<\/p>\n<h5>Staatlich betreutes Demonstrieren<\/h5>\n<p>Claas Relotius, Schutzpatron der journalistischen Schmierlappen, d\u00fcrfte vor Neid erblasst sein, als er las, was sich seine \u201eCorrectiv\u201c-Kollegen \u00fcber das \u201eWannsee-Treffen\u201c einiger (nicht nur AfD)-Leute aus den Fingern gesogen hatten. Das M\u00e4rchen einer gewollten \u201eZwangsremigration\u201c lieferte unserem politmedialen Komplex den Anlass, die Massen auf die Stra\u00dfe zu rufen. Die Tagesschau\u00a0berichtet voller Sympathie:<\/p>\n<blockquote><p><em>\u201eCDU-Ministerpr\u00e4sidenten sprechen vom \u201aermutigenden Zeichen\u2018, der Verfassungsschutz-Chef findet sie \u201aerfreulich\u2018: F\u00fcr die Demonstrationen gegen Rechtsextremismus gibt es viel Lob.\u201c<a href=\"#_edn33\" name=\"_ednref33\"><strong>[33]<\/strong><\/a>\u00a0<\/em><\/p><\/blockquote>\n<p>Wen wundert das? Im Einvernehmen mit den Herrschenden auf die Stra\u00dfe gehen entspricht dem deutschen Untertanengeist: Man nimmt, dankbar f\u00fcr obrigkeitliches Wohlwollen, ein Vollbad in Massenharmonie und ist sich gewiss, zu den Guten zu geh\u00f6ren. Wasserwerfer, Tr\u00e4nengaswolken und Polizeipr\u00fcgel sind was f\u00fcr \u201eLumpenpazifisten\u201c (Sascha Lobo) beziehungsweise \u201eVulg\u00e4rpazifisten\u201c (Habeck).<a href=\"#_edn34\" name=\"_ednref34\">[34]<\/a> M\u00f6gen sich beide rechtsdrehende Schw\u00e4tzer geohrfeigt f\u00fchlen.<\/p>\n<p>Bundesinnenministerin Faeser blieb vorbehalten, zum besagten Wannsee-Treffen einiger rechter Socken von AfD und CDU (ja, Unionschristen waren auch dabei) historische Parallelen zu ziehen: Es wecke<\/p>\n<blockquote><p>\u201eErinnerungen an die Wannseekonferenz\u201c.<a href=\"#_edn35\" name=\"_ednref35\"><strong>[35]<\/strong><\/a><\/p><\/blockquote>\n<p>Die uns\u00e4gliche Relativierung, die in dieser Bezugnahme auf die Geheimkonferenz im Januar 1942 steckt, in der die Spitzen von SS und NSDAP die Massendeportation von Millionen Mitmenschen in osteurop\u00e4ische Vernichtungslager vorbereiteten, spricht ein Urteil \u00fcber Faesers Charakter.<\/p>\n<h5>Gequatsche vom \u201estarken Staat\u201c<\/h5>\n<p>\u00dcber den Erfolg ihrer Volksverdummung verk\u00fcndete Faeser:<\/p>\n<blockquote><p><em>\u201eEs stimmt mich sehr positiv, dass so viele Menschen in den vergangenen Tagen\u00a0f\u00fcr die Demokratie\u00a0auf die Stra\u00dfe gegangen sind.\u201c<a href=\"#_edn36\" name=\"_ednref36\"><strong>[36]<\/strong><\/a><\/em><\/p><\/blockquote>\n<p>L\u00e4ngst hat sie sich darangemacht, der Freiheit der Rede, einem Grundrecht unserer Republik, ein neo-sozialdemokratisches W\u00fcrgeisen anzulegen (gegen zu viel \u201eDesinformation\u201c). Wer anders denkt und spricht als die Regierung, ist Staatsfeind, es soll ihm an den Kragen gehen. Sozis, Gr\u00fcne und die oppositionelle Unionsfraktion \u00fcberbieten sich gegenseitig mit Anregungen zu mehr staatlicher Repression. Sogar eine \u201eFr\u00fcherkennungseinheit\u201c soll im Innenministerium gebildet werden.<a href=\"#_edn37\" name=\"_ednref37\">[37]<\/a><\/p>\n<blockquote><p><em>\u201eDiejenigen, die den Staat verh\u00f6hnen, m\u00fcssen es mit einem starken Staat zu tun bekommen.\u201c <a href=\"#_edn38\" name=\"_ednref38\"><strong>[38]<\/strong><\/a><\/em><\/p><\/blockquote>\n<p>Dergleichen stockreaktion\u00e4re Spr\u00fcche gehen kritischen Zeitgenossen nat\u00fcrlich unter die Haut:<\/p>\n<blockquote><p><em>Das klingt gef\u00e4hrlich f\u00fcr Kabarettisten, Journalisten und jeden B\u00fcrger, der am Stammtisch seinem Unmut in Worten Ausdruck verleiht, die vom Amtsdeutsch abweichen.<a href=\"#_edn39\" name=\"_ednref39\"><strong>[39]<\/strong><\/a><\/em><\/p><\/blockquote>\n<p>Verfassungsschutzpr\u00e4sident Haldenwang, Faesers Wachhund am Sperrzaun f\u00fcr erlaubtes Gedankengut, verzichtet gleich auf differenzierende Analyse: Es gehe gegen den \u201eislamistischen Terrorismus\u201c, gegen \u201eExtremismus und Antisemitismus\u201c, um den \u201eKampf der Systeme\u201c, denn die Demokratie sei in Gefahr. Darin seien sich alle \u201eParteien der Mitte\u201c einig.<a href=\"#_edn40\" name=\"_ednref40\">[40]<\/a><\/p>\n<p>Attila, der Hunnenk\u00f6nig, dachte sicher \u00e4hnlich demokratisch. Der schweizerische Berlin-Korrespondent der NZZ kommentiert treffend:<\/p>\n<blockquote><p>\u201eDer deutsche Verfassungsschutz passt nicht zu einer liberalen Demokratie \u2013 h\u00f6chste Zeit, ihn abzuschaffen. Deutschland begreift seinen Inlandsgeheimdienst als demokratisches Fr\u00fchwarnsystem, das weit vor jeder Straftat anschl\u00e4gt. Damit geht die Bundesrepublik einen autorit\u00e4ren Sonderweg.\u201c<a href=\"#_edn41\" name=\"_ednref41\">[41]<\/a><\/p><\/blockquote>\n<h5>Beh\u00f6rdliche Tageslosung: Kusch!<\/h5>\n<p>Konkret ist vorgesehen, den Austausch zwischen Verfassungsschutz und kommunalen Beh\u00f6rden zu \u201everbessern\u201c, um unerw\u00fcnschte Veranstaltungen noch z\u00fcgiger erfassen und untersagen zu k\u00f6nnen. Mit dieser Praxis haben Friedensfreunde, Gegner der NATO, \u201eCoronaleugner\u201c, Regierungskritiker, angeblich \u201eantisemitische\u201c Intellektuelle<a href=\"#_edn42\" name=\"_ednref42\">[42]<\/a> oder \u201eprorussische\u201c K\u00fcnstler bereits reichlich Erfahrungen gesammelt.<\/p>\n<p>Haldenwang, ganz ungeniert:<\/p>\n<blockquote><p><em>\u201eWir d\u00fcrfen nicht den Fehler machen, im Rechtsextremismus nur auf Gewaltbereitschaft zu achten, denn es geht auch um verbale und mentale Grenzverschiebungen.\u201c<a href=\"#_edn43\" name=\"_ednref43\"><strong>[43]<\/strong><\/a> <\/em><\/p><\/blockquote>\n<p>Der Mann bezog sich hier zwar auf den Rechtsextremismus. Aber kein Zweifel: Er und seine Dienstherrin Faeser suchen ein weiteres Einfallstor f\u00fcr staatliche Willk\u00fcr. Die beschr\u00e4nkt sich nicht auf \u201eRechtsextremismus\u201c, sie macht vor gar nichts halt. Haldenwang:<\/p>\n<blockquote><p><em>\u201eNach den Gesetzen h\u00e4ngt die verfassungsschutzrechtliche Relevanz von \u00c4u\u00dferungen als tats\u00e4chliche Anhaltspunkte, die eine Beobachtung durch den Verfassungsschutz er\u00f6ffnen, nicht davon ab, ob diese strafbar oder illegal sind.\u201c<a href=\"#_edn44\" name=\"_ednref44\"><strong>[44]<\/strong><\/a><\/em><\/p><\/blockquote>\n<p>Seit Anfang April ist f\u00fcr 190000 Bundesbeamte Realit\u00e4t, was Ministerin Faeser bei \u201eMaischberger\u201c als robusten Umgang mit den Angestellten im \u00f6ffentlichen Dienst f\u00fcr w\u00fcnschenswert erkl\u00e4rte (s.o.): Sie k\u00f6nnen wegen \u201eExtremismus\u201c gleich von ihrer Beh\u00f6rdenleitung aus dem Dienst entfernt werden. Die bestimmt, was extremistisch ist. Das Urteil eines Verwaltungsgerichts muss sie nicht abwarten. Ab sofort k\u00f6nnen Schn\u00fcffelei, Blockwartdenken und Denunziation das Bundesbeamtentum vergiften. Der Deutsche Bundesbeamte sei gewarnt:<\/p>\n<p>\u201eDie G\u00f6tzendienst-Polizei ist auf dem Vormarsch und schn\u00fcffelt unter jedem Stein nach dem kleinsten Anzeichen von Dissens. Es geht nicht darum, ob es wahr ist oder nicht, es geht um Loyalit\u00e4t oder Verrat.\u201c<a href=\"#_edn45\" name=\"_ednref45\"><strong>[45]<\/strong><\/a><\/p>\n<h5>Staatsknete f\u00fcr private Spitzeldienste<\/h5>\n<p>Wenn es nach SPD-Faeser und ihrer Gr\u00fcnen-Ministerkollegin Lisa Paus geht, soll schon bald ein Heer privater Spitzel in sogenannten Nicht-Regierungs-Organisationen helfen, die gar zu oppositionellen Geister aufzusp\u00fcren. Das zur Bereitstellung von Schmiermitteln in Form von zweihundert Millionen Euro n\u00f6tige \u201eDemokratie-F\u00f6rderungsgesetz\u201c ist bereits in der Mache und wird nur noch von der FDP gebremst. Die Gr\u00fcnen-Familienministerin Paus:<\/p>\n<blockquote><p><em>&#8222;Wir wollen dem Umstand Rechnung tragen, dass Hass im Netz auch unterhalb der Strafbarkeitsgrenze vorkommt.&#8220;<\/em> <a href=\"#_edn46\" name=\"_ednref46\">[46]<\/a><\/p><\/blockquote>\n<p>Vor solchen Regierungspl\u00e4nen warnen die \u201eWissenschaftlichen Dienste des Deutschen Bundestages\u201c nachdr\u00fccklich<a href=\"#_edn47\" name=\"_ednref47\">[47]<\/a> und zitieren das Bundesverfassungsgericht:<\/p>\n<blockquote><p><em>\u201eDer Staat hat grunds\u00e4tzlich auch scharfe und polemische Kritik auszuhalten. Die Zul\u00e4ssigkeit von Kritik am System ist Teil des Grundrechtestaats. \u2026 Die Schwelle zur Rechtsgutverletzung ist \u2026 erst dann \u00fcberschritten, wenn \u2026 der Staat derma\u00dfen verunglimpft wird, dass dies zumindest mittelbar geeignet erscheint, den Bestand der Bundesrepublik Deutschland, die Funktionsf\u00e4higkeit seiner staatlichen Einrichtungen oder die Friedlichkeit in der Bundesrepublik Deutschland zu gef\u00e4hrden.\u201c<\/em><a href=\"#_edn48\" name=\"_ednref48\">[48]<\/a><\/p><\/blockquote>\n<p>Folgt man dem gedanklich, dann verortet man Verfassungsfeinde auch im Bundeskabinett. Neuester Hammer: Das Bundesinnenministerium verf\u00fcgte gegen den linken vormaligen griechischen Finanzminister Yanis Varoufakis wegen dessen geplanter Rede \u00fcber den Gaza-Krieg ein Einreise- und \u00c4u\u00dferungsverbot in Deutschland.<a href=\"#_edn49\" name=\"_ednref49\">[49]<\/a><sup>,<a href=\"#_edn50\" name=\"_ednref50\">[50]<\/a> <\/sup>Der Bannstrahl traf nicht nur ihn.<a href=\"#_edn51\" name=\"_ednref51\">[51]<\/a>, <a href=\"#_edn52\" name=\"_ednref52\">[52]<\/a> Das Vorgehen spricht B\u00e4nde.<\/p>\n<p style=\"text-align: right;\"><em>Friedhelm Klinkhammer und Volker Br\u00e4utigam sind Mitglieder des Beirates des Deutschen Freidenker-Verbandes<\/em><\/p>\n<p>&nbsp;<\/p>\n<p><strong>Quellen:<\/strong><\/p>\n<p><a href=\"#_ednref1\" name=\"_edn1\">[1]<\/a> <a href=\"https:\/\/www.vorname.com\/name,Nancy.html\">https:\/\/www.vorname.com\/name,Nancy.html<\/a><\/p>\n<p><a href=\"#_ednref2\" name=\"_edn2\">[2]<\/a> <a href=\"https:\/\/www.bpb.de\/themen\/nachkriegszeit\/grundgesetz-und-parlamentarischer-rat\/39014\/warum-deutschlands-verfassung-grundgesetz-heisst\/\">https:\/\/www.bpb.de\/themen\/nachkriegszeit\/grundgesetz-und-parlamentarischer-rat\/39014\/warum-deutschlands-verfassung-grundgesetz-heisst\/<\/a><\/p>\n<p><a href=\"#_ednref3\" name=\"_edn3\">[3]<\/a> <a href=\"https:\/\/www.infratest-dimap.de\/umfragen-analysen\/bundesweit\/ard-deutschlandtrend\/2024\/april\/\">https:\/\/www.infratest-dimap.de\/umfragen-analysen\/bundesweit\/ard-deutschlandtrend\/2024\/april\/<\/a><\/p>\n<p><a href=\"#_ednref4\" name=\"_edn4\">[4]<\/a> <a href=\"https:\/\/www.fr.de\/kultur\/unterm-bewusstsein-11573833.html\">https:\/\/www.fr.de\/kultur\/unterm-bewusstsein-11573833.html<\/a><\/p>\n<p><a href=\"#_ednref5\" name=\"_edn5\">[5]<\/a> <a href=\"https:\/\/meinungsfreiheit.rtde.life\/meinung\/201990-faesers-rechtsstaatsmassaker-und-seine-vorlaeufer\/\">https:\/\/meinungsfreiheit.rtde.life\/meinung\/201990-faesers-rechtsstaatsmassaker-und-seine-vorlaeufer\/<\/a><\/p>\n<p><a href=\"#_ednref6\" name=\"_edn6\">[6]<\/a> <a href=\"https:\/\/www.buchfreund.de\/de\/d\/e\/9783930278008\/der-verrat-deutschland-1918-1919?bookId=114625035\">https:\/\/www.buchfreund.de\/de\/d\/e\/9783930278008\/der-verrat-deutschland-1918-1919?bookId=114625035<\/a><\/p>\n<p><a href=\"#_ednref7\" name=\"_edn7\">[7]<\/a> <a href=\"https:\/\/www.fdp.de\/sites\/default\/files\/2021-11\/Koalitionsvertrag%202021-2025_0.pdf\">https:\/\/www.fdp.de\/sites\/default\/files\/2021-11\/Koalitionsvertrag%202021-2025_0.pdf<\/a><\/p>\n<p><a href=\"#_ednref8\" name=\"_edn8\">[8]<\/a> <a href=\"https:\/\/netzpolitik.org\/2022\/positionspapier-zu-chatkontrolle-innenministerin-faeser-will-koalitionsvertrag-brechen\/\">https:\/\/netzpolitik.org\/2022\/positionspapier-zu-chatkontrolle-innenministerin-faeser-will-koalitionsvertrag-brechen\/<\/a><\/p>\n<p><a href=\"#_ednref9\" name=\"_edn9\">[9]<\/a> <a href=\"https:\/\/eur-lex.europa.eu\/legal-content\/DE\/TXT\/HTML\/?uri=CELEX:02002L0058-20091219#tocId7\">https:\/\/eur-lex.europa.eu\/legal-content\/DE\/TXT\/HTML\/?uri=CELEX:02002L0058-20091219#tocId7<\/a><\/p>\n<p><a href=\"#_ednref10\" name=\"_edn10\">[10]<\/a> <a href=\"https:\/\/netzpolitik.org\/2023\/bundesregierung-innenministerium-setzt-sich-bei-chatkontrolle-durch\/\">https:\/\/netzpolitik.org\/2023\/bundesregierung-innenministerium-setzt-sich-bei-chatkontrolle-durch\/<\/a><\/p>\n<p><a href=\"#_ednref11\" name=\"_edn11\">[11]<\/a> <a href=\"https:\/\/www.tagesschau.de\/ausland\/europa\/chatkontrolle-eu-kindesmissbrauch-102.html\">https:\/\/www.tagesschau.de\/ausland\/europa\/chatkontrolle-eu-kindesmissbrauch-102.html<\/a><\/p>\n<p><a href=\"#_ednref12\" name=\"_edn12\">[12]<\/a> <a href=\"https:\/\/www.tagesschau.de\/inland\/innenpolitik\/razzia-reichsbuerger-120.html\">https:\/\/www.tagesschau.de\/inland\/innenpolitik\/razzia-reichsbuerger-120.html<\/a><\/p>\n<p><a href=\"#_ednref13\" name=\"_edn13\">[13]<\/a> <a href=\"https:\/\/www.merkur.de\/politik\/maischberger-reichsbuerger-razzia-nancy-faeser-spd-kuendigung-putschversuch-migration-illerkirchberg-mord-zr-91963688.html\">https:\/\/www.merkur.de\/politik\/maischberger-reichsbuerger-razzia-nancy-faeser-spd-kuendigung-putschversuch-migration-illerkirchberg-mord-zr-91963688.html<\/a><\/p>\n<p><a href=\"#_ednref14\" name=\"_edn14\">[14]<\/a> <a href=\"https:\/\/www.zdf.de\/nachrichten\/politik\/faeser-innenministerin-spd-spitzenkandidatin-hessen-wahl-portraet-100.html\">https:\/\/www.zdf.de\/nachrichten\/politik\/faeser-innenministerin-spd-spitzenkandidatin-hessen-wahl-portraet-100.html<\/a><\/p>\n<p><a href=\"#_ednref15\" name=\"_edn15\">[15]<\/a> <a href=\"https:\/\/www.bmi.bund.de\/SharedDocs\/downloads\/DE\/publikationen\/themen\/sicherheit\/REX-entschlossen-bekaempfen.pdf?__blob=publicationFile&amp;v=4\">https:\/\/www.bmi.bund.de\/SharedDocs\/downloads\/DE\/publikationen\/themen\/sicherheit\/REX-entschlossen-bekaempfen.pdf?__blob=publicationFile&amp;v=4<\/a><\/p>\n<p><a href=\"#_ednref16\" name=\"_edn16\">[16]<\/a> <a href=\"https:\/\/www.bpb.de\/themen\/rechtsextremismus\/dossier-rechtsextremismus\/41907\/geschichte-des-rechtsextremismus-von-1945-bis-2005\/\">https:\/\/www.bpb.de\/themen\/rechtsextremismus\/dossier-rechtsextremismus\/41907\/geschichte-des-rechtsextremismus-von-1945-bis-2005\/<\/a><\/p>\n<p><a href=\"#_ednref17\" name=\"_edn17\">[17]<\/a> <a href=\"https:\/\/de.statista.com\/statistik\/daten\/studie\/38405\/umfrage\/entwicklung-des-rechtsextremismuspotenzials-in-deutschland\/\">https:\/\/de.statista.com\/statistik\/daten\/studie\/38405\/umfrage\/entwicklung-des-rechtsextremismuspotenzials-in-deutschland\/<\/a><\/p>\n<p><a href=\"#_ednref18\" name=\"_edn18\">[18]<\/a> <a href=\"https:\/\/www.destatis.de\/DE\/Themen\/Gesellschaft-Umwelt\/Bevoelkerung\/Bevoelkerungsstand\/Tabellen\/bevoelkerung-altersgruppen-deutschland.html\">https:\/\/www.destatis.de\/DE\/Themen\/Gesellschaft-Umwelt\/Bevoelkerung\/Bevoelkerungsstand\/Tabellen\/bevoelkerung-altersgruppen-deutschland.html<\/a><\/p>\n<p><a href=\"#_ednref19\" name=\"_edn19\">[19]<\/a> <a href=\"https:\/\/de.wikipedia.org\/wiki\/Todesopfer_rechtsextremer_Gewalt_in_der_Bundesrepublik_Deutschland\">https:\/\/de.wikipedia.org\/wiki\/Todesopfer_rechtsextremer_Gewalt_in_der_Bundesrepublik_Deutschland<\/a><\/p>\n<p><a href=\"#_ednref20\" name=\"_edn20\">[20]<\/a> <a href=\"https:\/\/www.bka.de\/DE\/AktuelleInformationen\/StatistikenLagebilder\/PolizeilicheKriminalstatistik\/PKS2023\/Polizeiliche_Kriminalstatistik_2023\/Polizeiliche_Kriminalstatistik_2023.html\">https:\/\/www.bka.de\/DE\/AktuelleInformationen\/StatistikenLagebilder\/PolizeilicheKriminalstatistik\/PKS2023\/Polizeiliche_Kriminalstatistik_2023\/Polizeiliche_Kriminalstatistik_2023.html<\/a><\/p>\n<p><a href=\"#_ednref21\" name=\"_edn21\">[21]<\/a> <a href=\"https:\/\/de.statista.com\/statistik\/daten\/studie\/693264\/umfrage\/mordrate-in-den-usa\/\">https:\/\/de.statista.com\/statistik\/daten\/studie\/693264\/umfrage\/mordrate-in-den-usa\/<\/a><\/p>\n<p><a href=\"#_ednref22\" name=\"_edn22\">[22]<\/a> <a href=\"https:\/\/www.tagesschau.de\/inland\/gesellschaft\/rechtsextremismus-studie-100.html\">https:\/\/www.tagesschau.de\/inland\/gesellschaft\/rechtsextremismus-studie-100.html<\/a><\/p>\n<p><a href=\"#_ednref23\" name=\"_edn23\">[23]<\/a> <a href=\"https:\/\/web.archive.org\/web\/20050226024824\/http:\/www.uni-leipzig.de\/presse2002\/bild\/pdf\/rechtsextremismus.pdf\">https:\/\/web.archive.org\/web\/20050226024824\/http:\/\/www.uni-leipzig.de\/presse2002\/bild\/pdf\/rechtsextremismus.pdf<\/a><\/p>\n<p><a href=\"#_ednref24\" name=\"_edn24\">[24]<\/a> <a href=\"https:\/\/www.boell.de\/sites\/default\/files\/2022-11\/decker-kiess-heller-braehler-2022-leipziger-autoritarismus-studie-autoritaere-dynamiken-in-unsicheren-zeiten_0.pdf\">https:\/\/www.boell.de\/sites\/default\/files\/2022-11\/decker-kiess-heller-braehler-2022-leipziger-autoritarismus-studie-autoritaere-dynamiken-in-unsicheren-zeiten_0.pdf<\/a><\/p>\n<p><a href=\"#_ednref25\" name=\"_edn25\">[25]<\/a> <a href=\"https:\/\/www.bundesverfassungsgericht.de\/SharedDocs\/Entscheidungen\/DE\/2023\/02\/es20230222_2bve000319.html\">https:\/\/www.bundesverfassungsgericht.de\/SharedDocs\/Entscheidungen\/DE\/2023\/02\/es20230222_2bve000319.html<\/a><\/p>\n<p><a href=\"#_ednref26\" name=\"_edn26\">[26]<\/a> <a href=\"https:\/\/www.sueddeutsche.de\/politik\/rechtsextremismus-afd-umfrage-waehlerschaft-1.5192381\">https:\/\/www.sueddeutsche.de\/politik\/rechtsextremismus-afd-umfrage-waehlerschaft-1.5192381<\/a><\/p>\n<p><a href=\"#_ednref27\" name=\"_edn27\">[27]<\/a> <a href=\"https:\/\/www.bertelsmann-stiftung.de\/de\/unsere-projekte\/monitoring-der-demokratie\/projektnachrichten\/rechtsextreme-einstellungen-der-waehlerinnen-vor-der-bundestagswahl-2021\">https:\/\/www.bertelsmann-stiftung.de\/de\/unsere-projekte\/monitoring-der-demokratie\/projektnachrichten\/rechtsextreme-einstellungen-der-waehlerinnen-vor-der-bundestagswahl-2021<\/a><\/p>\n<p><a href=\"#_ednref28\" name=\"_edn28\">[28]<\/a> <a href=\"https:\/\/www.german-foreign-policy.com\/news\/detail\/9522\">https:\/\/www.german-foreign-policy.com\/news\/detail\/9522<\/a><\/p>\n<p><a href=\"#_ednref29\" name=\"_edn29\">[29]<\/a> <a href=\"https:\/\/stockholm.diplo.de\/se-de\/-\/2515980\">https:\/\/stockholm.diplo.de\/se-de\/-\/2515980<\/a><\/p>\n<p><a href=\"#_ednref30\" name=\"_edn30\">[30]<\/a> <a href=\"https:\/\/www.welt.de\/politik\/ausland\/video250216818\/Bundestagsrede-Pistorius-verspricht-weitere-Ukraine-Hilfen-Fuer-das-laufende-Jahr-sind-7-Milliarden-Euro-geplant.html\">https:\/\/www.welt.de\/politik\/ausland\/video250216818\/Bundestagsrede-Pistorius-verspricht-weitere-Ukraine-Hilfen-Fuer-das-laufende-Jahr-sind-7-Milliarden-Euro-geplant.html<\/a><\/p>\n<p><a href=\"#_ednref31\" name=\"_edn31\">[31]<\/a> <a href=\"https:\/\/de.wikipedia.org\/wiki\/Zentrum_Liberale_Moderne\">https:\/\/de.wikipedia.org\/wiki\/Zentrum_Liberale_Moderne<\/a><\/p>\n<p><a href=\"#_ednref32\" name=\"_edn32\">[32]<\/a> <a href=\"https:\/\/de.wikipedia.org\/wiki\/Correctiv\">https:\/\/de.wikipedia.org\/wiki\/Correctiv<\/a><\/p>\n<p><a href=\"#_ednref33\" name=\"_edn33\">[33]<\/a> <a href=\"https:\/\/www.tagesschau.de\/inland\/reaktionen-demos-rechts-100.html\">https:\/\/www.tagesschau.de\/inland\/reaktionen-demos-rechts-100.html<\/a><\/p>\n<p><a href=\"#_ednref34\" name=\"_edn34\">[34]<\/a> <a href=\"https:\/\/www.fr.de\/politik\/welche-kraft-hat-pazifismus-noch-92094845.html\">https:\/\/www.fr.de\/politik\/welche-kraft-hat-pazifismus-noch-92094845.html<\/a><\/p>\n<p><a href=\"#_ednref35\" name=\"_edn35\">[35]<\/a> <a href=\"https:\/\/www.zdf.de\/nachrichten\/politik\/deutschland\/afd-treffen-rechtsextreme-faeser-erinnerungen-wannseekonferenz-100.html\">https:\/\/www.zdf.de\/nachrichten\/politik\/deutschland\/afd-treffen-rechtsextreme-faeser-erinnerungen-wannseekonferenz-100.html<\/a><\/p>\n<p><a href=\"#_ednref36\" name=\"_edn36\">[36]<\/a> <a href=\"https:\/\/www.br.de\/nachrichten\/deutschland-welt\/protest-welle-deutschland-steht-zusammen-gegen-rechts,U1uWrqN\">https:\/\/www.br.de\/nachrichten\/deutschland-welt\/protest-welle-deutschland-steht-zusammen-gegen-rechts,U1uWrqN<\/a><\/p>\n<p><a href=\"#_ednref37\" name=\"_edn37\">[37]<\/a> <a href=\"https:\/\/www.tagesschau.de\/inland\/innenpolitik\/faeser-desinformation-100.html\">https:\/\/www.tagesschau.de\/inland\/innenpolitik\/faeser-desinformation-100.html<\/a><\/p>\n<p><a href=\"#_ednref38\" name=\"_edn38\">[38]<\/a> <a href=\"https:\/\/www.nachdenkseiten.de\/?p=111295\">https:\/\/www.nachdenkseiten.de\/?p=111295<\/a><\/p>\n<p><a href=\"#_ednref39\" name=\"_edn39\">[39]<\/a> <a href=\"https:\/\/www.tichyseinblick.de\/daili-es-sentials\/gutachten-wissenschaftlicher-dienst-bundestag-verunglimpfung-des-staates\/\">https:\/\/www.tichyseinblick.de\/daili-es-sentials\/gutachten-wissenschaftlicher-dienst-bundestag-verunglimpfung-des-staates\/<\/a><\/p>\n<p><a href=\"#_ednref40\" name=\"_edn40\">[40]<\/a> <a href=\"https:\/\/www.zdf.de\/nachrichten\/politik\/deutschland\/haldenwang-afd-verfassungsschutz-demos-100.html\">https:\/\/www.zdf.de\/nachrichten\/politik\/deutschland\/haldenwang-afd-verfassungsschutz-demos-100.html<\/a><\/p>\n<p><a href=\"#_ednref41\" name=\"_edn41\">[41]<\/a> <a href=\"https:\/\/www.nzz.ch\/meinung\/deutscher-verfassungsschutz-passt-nicht-zu-einer-liberalen-demokratie-hoechste-zeit-ihn-abzuschaffen-ld.1820517\">https:\/\/www.nzz.ch\/meinung\/deutscher-verfassungsschutz-passt-nicht-zu-einer-liberalen-demokratie-hoechste-zeit-ihn-abzuschaffen-ld.1820517<\/a><\/p>\n<p><a href=\"#_ednref42\" name=\"_edn42\">[42]<\/a> <a href=\"https:\/\/archive.ph\/rIsh0\">https:\/\/archive.ph\/rIsh0<\/a><\/p>\n<p><a href=\"#_ednref43\" name=\"_edn43\">[43]<\/a> <a href=\"https:\/\/www.youtube.com\/watch?v=N7LOmiK4IF0\">https:\/\/www.youtube.com\/watch?v=N7LOmiK4IF0<\/a><\/p>\n<p><a href=\"#_ednref44\" name=\"_edn44\">[44]<\/a> <a href=\"https:\/\/verwaltungslehre.uni-koeln.de\/aktuell\/artikel\/warum-sich-verfassungsschuetzer-alarmiert-ueber-nancy-faesers-spd-plaene-zeigen\">https:\/\/verwaltungslehre.uni-koeln.de\/aktuell\/artikel\/warum-sich-verfassungsschuetzer-alarmiert-ueber-nancy-faesers-spd-plaene-zeigen<\/a><\/p>\n<p><a href=\"#_ednref45\" name=\"_edn45\">[45]<\/a> <a href=\"https:\/\/strategic-culture.su\/news\/2024\/04\/04\/the-european-unions-fires-where-freedom-burns\/\">https:\/\/strategic-culture.su\/news\/2024\/04\/04\/the-european-unions-fires-where-freedom-burns\/<\/a><\/p>\n<p><a href=\"#_ednref46\" name=\"_edn46\">[46]<\/a> <a href=\"https:\/\/www.zeit.de\/2024\/09\/demokratiefoerdergesetz-nancy-faeser-lisa-paus-rechtsextremismus\">https:\/\/www.zeit.de\/2024\/09\/demokratiefoerdergesetz-nancy-faeser-lisa-paus-rechtsextremismus<\/a><\/p>\n<p><a href=\"#_ednref47\" name=\"_edn47\">[47]<\/a> <a href=\"https:\/\/www.bundestag.de\/resource\/blob\/994814\/e55fdf0c1d2a86b8c297e9040ef1d954\/Verunglimpfung-des-Staates-zur-Grenzziehung-strafbarem-und-straflosem-Verhalten.pdf\">https:\/\/www.bundestag.de\/resource\/blob\/994814\/e55fdf0c1d2a86b8c297e9040ef1d954\/Verunglimpfung-des-Staates-zur-Grenzziehung-strafbarem-und-straflosem-Verhalten.pdf<\/a><\/p>\n<p><a href=\"#_ednref48\" name=\"_edn48\">[48]<\/a> <a href=\"https:\/\/www.bundesverfassungsgericht.de\/SharedDocs\/Entscheidungen\/DE\/2008\/09\/rk20080915_1bvr156505.html\">https:\/\/www.bundesverfassungsgericht.de\/SharedDocs\/Entscheidungen\/DE\/2008\/09\/rk20080915_1bvr156505.html<\/a><\/p>\n<p><a href=\"#_ednref49\" name=\"_edn49\">[49]<\/a> <a href=\"https:\/\/www.br.de\/nachrichten\/meldung\/einreise-verbot-gegen-prominente-redner-nach-palaestina-kongress,30065ef2d\">https:\/\/www.br.de\/nachrichten\/meldung\/einreise-verbot-gegen-prominente-redner-nach-palaestina-kongress,30065ef2d<\/a><\/p>\n<p><a href=\"#_ednref50\" name=\"_edn50\">[50]<\/a> <a href=\"https:\/\/www.youtube.com\/watch?v=9JXXBhruGhc\">https:\/\/www.youtube.com\/watch?v=9JXXBhruGhc<\/a><\/p>\n<p><a href=\"#_ednref51\" name=\"_edn51\">[51]<\/a> <a href=\"https:\/\/globalbridge.ch\/dieser-mann-darf-in-deutschland-nicht-ueber-seine-jugend-reden\/\">https:\/\/globalbridge.ch\/dieser-mann-darf-in-deutschland-nicht-ueber-seine-jugend-reden\/<\/a><\/p>\n<p><a href=\"#_ednref52\" name=\"_edn52\">[52]<\/a> <a href=\"https:\/\/www.tagesschau.de\/inland\/regional\/berlin\/palaestina-kongress-berlin-100.html\">https:\/\/www.tagesschau.de\/inland\/regional\/berlin\/palaestina-kongress-berlin-100.html<\/a><\/p>\n<p>&nbsp;<\/p>\n<p><span style=\"font-size: 10pt;\">Der Beitrag wurde auch ver\u00f6ffentlicht am 14.04.2024 auf <a href=\"https:\/\/publikumskonferenz.de\/blog\/vom-albtraum-der-faeser-demokratie\/\" target=\"_blank\" rel=\"noopener\">publikumskonferenz.de<\/a><\/span><\/p>\n<hr \/>\n<p><span style=\"font-size: 10pt;\">Bild oben: Nancy Faeser bei einem I<span class=\"mw-mmv-title\">nformationstreffen zum Stand der Vorbereitungen f\u00fcr die UEFA EURO 2024 in K\u00f6ln (M\u00e4rz 2024)<\/span><\/span><br \/>\n<span style=\"font-size: 10pt;\">Foto: \u00a9 Raimond Spekking \/ <a href=\"https:\/\/creativecommons.org\/licenses\/by-sa\/4.0\" target=\"_blank\" rel=\"noopener\">CC BY-SA 4.0<\/a><\/span><br \/>\n<span style=\"font-size: 10pt;\">Quelle: <a href=\"https:\/\/commons.wikimedia.org\/w\/index.php?curid=146188040\" target=\"_blank\" rel=\"noopener\">https:\/\/commons.wikimedia.org\/w\/index.php?curid=146188040<\/a><\/span><\/p>\n","protected":false},"excerpt":{"rendered":"<p>\u00a0<b>Beitrag von Friedhelm Klinkhammer und Volker Br\u00e4utigam<\/b><br \/>\nNancy Faeser. Ihr Vorname bedeutet \u201edie Begnadete\u201c. Daf\u00fcr kann sie nichts. F\u00fcr ihre anma\u00dfende und engstirnige Herrschsucht aber schon. \u201eIch-kann-mich-nicht-erinnern\u201c-Kanzler Scholz nahm sie trotzdem (deswegen?) in sein Ampel-Ensemble auf. Seither h\u00fctet Nancy unser Grundgesetz ein und erweist sich gnadenlos als Fehlbesetzung: als fleischgewordener Widerspruch zum Freiheitsideal unserer Ersatz-Verfassung. Scholz\u2018 und Faesers SPD liegt im verdienten Trend: Nur noch 15 Prozent erreicht sie im April gem\u00e4\u00df \u201eDeutschlandtrend\u201c des Instituts infratest dimap. Faeser, die Verfassungsschutz-Ministerin: Wir reden hier nicht von Stilfragen und Petitessen. Sondern vom g\u00e4nzlich fehlenden Demokratieverst\u00e4ndnis einer Politikerin, die nicht einmal versucht, das Grundgesetz \u201eunterm Arm und im Bewusstsein\u201czu tragen.<\/p>\n","protected":false},"author":3,"featured_media":18831,"comment_status":"closed","ping_status":"closed","sticky":false,"template":"","format":"standard","meta":{"colormag_page_container_layout":"default_layout","colormag_page_sidebar_layout":"default_layout","advanced_seo_description":"","jetpack_seo_html_title":"","jetpack_seo_noindex":false,"jetpack_post_was_ever_published":false,"footnotes":""},"categories":[12],"tags":[1031,1968,1032,411,452,759,1323,2129,1308,1227,1144,1397,1313],"class_list":["post-18829","post","type-post","status-publish","format-standard","has-post-thumbnail","hentry","category-demokratie-medien-aufklaerung","tag-afd","tag-ampelkoalition","tag-bundesregierung","tag-demonstration","tag-deutschland","tag-geheimdienste","tag-innenpolitik","tag-internet","tag-justiz","tag-rechtsextremismus","tag-staat","tag-verfassungsschutz","tag-wahlen"],"jetpack_featured_media_url":"https:\/\/i0.wp.com\/www.freidenker.org\/fw17\/wp-content\/uploads\/2024\/04\/Nancy_Faeser_2024_in_Koeln-8574_800x450.jpg?fit=800%2C450&ssl=1","jetpack_shortlink":"https:\/\/wp.me\/p9stpK-4TH","jetpack-related-posts":[{"id":18284,"url":"https:\/\/www.freidenker.org\/?p=18284","url_meta":{"origin":18829,"position":0},"title":"Faesers Reichstagsbrand: Der Schritt in die Rundumverfolgung","author":"Webredaktion","date":"22. Februar 2024","format":false,"excerpt":"Beitrag von Dagmar Henn G\u00e4be es in Deutschland noch irgendjemanden, der tats\u00e4chlich die Rechte des Grundgesetzes, ob man es nun als Verfassung sieht oder nicht, bewahren wollte, er m\u00fcsste jetzt dem Handeln von Bundesinnenministerin Nancy Faeser und ihren Gefolgsleuten in der Justiz ein Ende setzen. Ungeachtet der vermeintlichen Zielrichtung der\u2026","rel":"","context":"In &quot;Demokratie \u2013 Medien \u2013 Aufkl\u00e4rung&quot;","block_context":{"text":"Demokratie \u2013 Medien \u2013 Aufkl\u00e4rung","link":"https:\/\/www.freidenker.org\/?cat=12"},"img":{"alt_text":"","src":"https:\/\/i0.wp.com\/www.freidenker.org\/fw17\/wp-content\/uploads\/2024\/02\/Bundesarchiv_Bild_102-14367_Berlin_Reichstag_ausgebrannte_Loge_800x450.jpg?fit=800%2C450&ssl=1&resize=350%2C200","width":350,"height":200,"srcset":"https:\/\/i0.wp.com\/www.freidenker.org\/fw17\/wp-content\/uploads\/2024\/02\/Bundesarchiv_Bild_102-14367_Berlin_Reichstag_ausgebrannte_Loge_800x450.jpg?fit=800%2C450&ssl=1&resize=350%2C200 1x, https:\/\/i0.wp.com\/www.freidenker.org\/fw17\/wp-content\/uploads\/2024\/02\/Bundesarchiv_Bild_102-14367_Berlin_Reichstag_ausgebrannte_Loge_800x450.jpg?fit=800%2C450&ssl=1&resize=525%2C300 1.5x, https:\/\/i0.wp.com\/www.freidenker.org\/fw17\/wp-content\/uploads\/2024\/02\/Bundesarchiv_Bild_102-14367_Berlin_Reichstag_ausgebrannte_Loge_800x450.jpg?fit=800%2C450&ssl=1&resize=700%2C400 2x"},"classes":[]},{"id":18225,"url":"https:\/\/www.freidenker.org\/?p=18225","url_meta":{"origin":18829,"position":1},"title":"Frontalangriff der &#8222;Demokraten&#8220; auf Andersdenkende &#8211; Teil 1","author":"Webredaktion","date":"15. Februar 2024","format":false,"excerpt":"Teil 1 CORRECTIV-Artikel l\u00f6st Propaganda-Lawine aus Beitrag von Wolfgang Effenberger Am 30. November 2023 verteidigte Bundesinnenministerin Nancy Faeser (SPD) im Parlament das von der Bundesregierung ausgearbeitete \u201eR\u00fcckf\u00fchrungsverbesserungsgesetzes\u201c als das umfangreichste Gesetz zur Verbesserung der rechtlichen Rahmenbedingungen von R\u00fcckf\u00fchrungen, das eine Bundesregierung jemals vorgelegt habe. Nach dem Gesetzentwurf \u201ezur Verbesserung der\u2026","rel":"","context":"In &quot;Demokratie \u2013 Medien \u2013 Aufkl\u00e4rung&quot;","block_context":{"text":"Demokratie \u2013 Medien \u2013 Aufkl\u00e4rung","link":"https:\/\/www.freidenker.org\/?cat=12"},"img":{"alt_text":"","src":"https:\/\/i0.wp.com\/www.freidenker.org\/fw17\/wp-content\/uploads\/2024\/02\/Immigranten_beim_Grenzuebergang_Wegscheid_23103137062_800x450.jpg?fit=800%2C450&ssl=1&resize=350%2C200","width":350,"height":200,"srcset":"https:\/\/i0.wp.com\/www.freidenker.org\/fw17\/wp-content\/uploads\/2024\/02\/Immigranten_beim_Grenzuebergang_Wegscheid_23103137062_800x450.jpg?fit=800%2C450&ssl=1&resize=350%2C200 1x, https:\/\/i0.wp.com\/www.freidenker.org\/fw17\/wp-content\/uploads\/2024\/02\/Immigranten_beim_Grenzuebergang_Wegscheid_23103137062_800x450.jpg?fit=800%2C450&ssl=1&resize=525%2C300 1.5x, https:\/\/i0.wp.com\/www.freidenker.org\/fw17\/wp-content\/uploads\/2024\/02\/Immigranten_beim_Grenzuebergang_Wegscheid_23103137062_800x450.jpg?fit=800%2C450&ssl=1&resize=700%2C400 2x"},"classes":[]},{"id":21468,"url":"https:\/\/www.freidenker.org\/?p=21468","url_meta":{"origin":18829,"position":2},"title":"Faeser und die Meinungsfreiheit: q.e.d.","author":"Webredaktion","date":"14. April 2025","format":false,"excerpt":"Beitrag von Dagmar Henn Es klingt wie ein Abschiedsgeschenk einer Ministerin, die man m\u00f6glichst bald nur noch als d\u00fcstere Erinnerung in Geschichtsb\u00fcchern erw\u00e4hnt zu finden w\u00fcnscht: das Urteil, mit dem das Amtsgericht Bamberg ein Meme zur Innenministerin Nancy Faeser bedachte. Dabei belegt der Sachverhalt selbst, dass die studierte Juristin Faeser\u2026","rel":"","context":"In &quot;Demokratie \u2013 Medien \u2013 Aufkl\u00e4rung&quot;","block_context":{"text":"Demokratie \u2013 Medien \u2013 Aufkl\u00e4rung","link":"https:\/\/www.freidenker.org\/?cat=12"},"img":{"alt_text":"","src":"https:\/\/i0.wp.com\/www.freidenker.org\/fw17\/wp-content\/uploads\/2025\/04\/Faeser_Informationstreffen_UEFA_EURO_2024_in_Koeln-8568_800x450.jpg?fit=800%2C450&ssl=1&resize=350%2C200","width":350,"height":200,"srcset":"https:\/\/i0.wp.com\/www.freidenker.org\/fw17\/wp-content\/uploads\/2025\/04\/Faeser_Informationstreffen_UEFA_EURO_2024_in_Koeln-8568_800x450.jpg?fit=800%2C450&ssl=1&resize=350%2C200 1x, https:\/\/i0.wp.com\/www.freidenker.org\/fw17\/wp-content\/uploads\/2025\/04\/Faeser_Informationstreffen_UEFA_EURO_2024_in_Koeln-8568_800x450.jpg?fit=800%2C450&ssl=1&resize=525%2C300 1.5x, https:\/\/i0.wp.com\/www.freidenker.org\/fw17\/wp-content\/uploads\/2025\/04\/Faeser_Informationstreffen_UEFA_EURO_2024_in_Koeln-8568_800x450.jpg?fit=800%2C450&ssl=1&resize=700%2C400 2x"},"classes":[]},{"id":19562,"url":"https:\/\/www.freidenker.org\/?p=19562","url_meta":{"origin":18829,"position":3},"title":"Faeser und das Compact-Verbot: Von der Enteignung bis zur Reichsschrifttumskammer","author":"Webredaktion","date":"20. Juli 2024","format":false,"excerpt":"Beitrag von Dagmar Henn Bei den Dingen, die die ber\u00fcchtigte Innenministerin Nancy Faeser so treibt, muss man oft sehr genau darauf achten, was der Vorwand f\u00fcr eine Ma\u00dfnahme ist und was das wirkliche Ziel. So widerlich und grundgesetzwidrig das Vorgehen gegen eine Publikation ist, gegen die unbestritten nicht einmal Strafverfahren\u2026","rel":"","context":"In &quot;Demokratie \u2013 Medien \u2013 Aufkl\u00e4rung&quot;","block_context":{"text":"Demokratie \u2013 Medien \u2013 Aufkl\u00e4rung","link":"https:\/\/www.freidenker.org\/?cat=12"},"img":{"alt_text":"","src":"https:\/\/i0.wp.com\/www.freidenker.org\/fw17\/wp-content\/uploads\/2024\/07\/Faeser_53486591650_800x450.jpg?fit=800%2C450&ssl=1&resize=350%2C200","width":350,"height":200,"srcset":"https:\/\/i0.wp.com\/www.freidenker.org\/fw17\/wp-content\/uploads\/2024\/07\/Faeser_53486591650_800x450.jpg?fit=800%2C450&ssl=1&resize=350%2C200 1x, https:\/\/i0.wp.com\/www.freidenker.org\/fw17\/wp-content\/uploads\/2024\/07\/Faeser_53486591650_800x450.jpg?fit=800%2C450&ssl=1&resize=525%2C300 1.5x, https:\/\/i0.wp.com\/www.freidenker.org\/fw17\/wp-content\/uploads\/2024\/07\/Faeser_53486591650_800x450.jpg?fit=800%2C450&ssl=1&resize=700%2C400 2x"},"classes":[]},{"id":17463,"url":"https:\/\/www.freidenker.org\/?p=17463","url_meta":{"origin":18829,"position":4},"title":"Hamas-Bet\u00e4tigungsverbot: Frau Faesers Gift f\u00fcr die Gesellschaft","author":"Webredaktion","date":"6. November 2023","format":false,"excerpt":"Beitrag von Gert Ewen Ungar \"Antisemitismus hat in Deutschland keinen Platz, wir werden ihn mit aller Kraft bek\u00e4mpfen.\" Dies erkl\u00e4rte Innenministerin Nancy Faeser, womit sie das Bet\u00e4tigungsverbot der Hamas in Deutschland begr\u00fcndete. Gleichzeitig wird der Verein Samidoun verboten, weil er nach Einsch\u00e4tzung der Bundesregierung israel- und judenfeindliche Propaganda verbreitet. Konkret\u2026","rel":"","context":"In &quot;Demokratie \u2013 Medien \u2013 Aufkl\u00e4rung&quot;","block_context":{"text":"Demokratie \u2013 Medien \u2013 Aufkl\u00e4rung","link":"https:\/\/www.freidenker.org\/?cat=12"},"img":{"alt_text":"","src":"https:\/\/i0.wp.com\/www.freidenker.org\/fw17\/wp-content\/uploads\/2023\/11\/Hamas_Verbot.jpg?fit=800%2C450&ssl=1&resize=350%2C200","width":350,"height":200,"srcset":"https:\/\/i0.wp.com\/www.freidenker.org\/fw17\/wp-content\/uploads\/2023\/11\/Hamas_Verbot.jpg?fit=800%2C450&ssl=1&resize=350%2C200 1x, https:\/\/i0.wp.com\/www.freidenker.org\/fw17\/wp-content\/uploads\/2023\/11\/Hamas_Verbot.jpg?fit=800%2C450&ssl=1&resize=525%2C300 1.5x, https:\/\/i0.wp.com\/www.freidenker.org\/fw17\/wp-content\/uploads\/2023\/11\/Hamas_Verbot.jpg?fit=800%2C450&ssl=1&resize=700%2C400 2x"},"classes":[]},{"id":19744,"url":"https:\/\/www.freidenker.org\/?p=19744","url_meta":{"origin":18829,"position":5},"title":"N\u00e4ncy ohne Ma\u00df: Faeser-Ministerium will geheime Wohnungsdurchsuchungen erm\u00f6glichen","author":"Webredaktion","date":"20. August 2024","format":false,"excerpt":"Beitrag von Gert Ewen Ungar Die Grundrechte sind zun\u00e4chst vor allem eins: Abwehrrechte des Einzelnen gegen\u00fcber dem Staat. Das Recht sch\u00fctzt das angesichts der Machtf\u00fclle des Staates faktisch ohnm\u00e4chtige Individuum vor\u00a0staatlichen\u00a0\u00dcbergriffen. Die Unversehrtheit der Wohnung ist eines dieser Rechte, das den Einzelnen vor willk\u00fcrlichem staatlichen Zugriff sch\u00fctzt. Es gibt nur\u2026","rel":"","context":"In &quot;Demokratie \u2013 Medien \u2013 Aufkl\u00e4rung&quot;","block_context":{"text":"Demokratie \u2013 Medien \u2013 Aufkl\u00e4rung","link":"https:\/\/www.freidenker.org\/?cat=12"},"img":{"alt_text":"","src":"https:\/\/i0.wp.com\/www.freidenker.org\/fw17\/wp-content\/uploads\/2024\/08\/door-knob-5051139_800x450.jpg?fit=800%2C450&ssl=1&resize=350%2C200","width":350,"height":200,"srcset":"https:\/\/i0.wp.com\/www.freidenker.org\/fw17\/wp-content\/uploads\/2024\/08\/door-knob-5051139_800x450.jpg?fit=800%2C450&ssl=1&resize=350%2C200 1x, https:\/\/i0.wp.com\/www.freidenker.org\/fw17\/wp-content\/uploads\/2024\/08\/door-knob-5051139_800x450.jpg?fit=800%2C450&ssl=1&resize=525%2C300 1.5x, https:\/\/i0.wp.com\/www.freidenker.org\/fw17\/wp-content\/uploads\/2024\/08\/door-knob-5051139_800x450.jpg?fit=800%2C450&ssl=1&resize=700%2C400 2x"},"classes":[]}],"_links":{"self":[{"href":"https:\/\/www.freidenker.org\/index.php?rest_route=\/wp\/v2\/posts\/18829","targetHints":{"allow":["GET"]}}],"collection":[{"href":"https:\/\/www.freidenker.org\/index.php?rest_route=\/wp\/v2\/posts"}],"about":[{"href":"https:\/\/www.freidenker.org\/index.php?rest_route=\/wp\/v2\/types\/post"}],"author":[{"embeddable":true,"href":"https:\/\/www.freidenker.org\/index.php?rest_route=\/wp\/v2\/users\/3"}],"replies":[{"embeddable":true,"href":"https:\/\/www.freidenker.org\/index.php?rest_route=%2Fwp%2Fv2%2Fcomments&post=18829"}],"version-history":[{"count":0,"href":"https:\/\/www.freidenker.org\/index.php?rest_route=\/wp\/v2\/posts\/18829\/revisions"}],"wp:featuredmedia":[{"embeddable":true,"href":"https:\/\/www.freidenker.org\/index.php?rest_route=\/wp\/v2\/media\/18831"}],"wp:attachment":[{"href":"https:\/\/www.freidenker.org\/index.php?rest_route=%2Fwp%2Fv2%2Fmedia&parent=18829"}],"wp:term":[{"taxonomy":"category","embeddable":true,"href":"https:\/\/www.freidenker.org\/index.php?rest_route=%2Fwp%2Fv2%2Fcategories&post=18829"},{"taxonomy":"post_tag","embeddable":true,"href":"https:\/\/www.freidenker.org\/index.php?rest_route=%2Fwp%2Fv2%2Ftags&post=18829"}],"curies":[{"name":"wp","href":"https:\/\/api.w.org\/{rel}","templated":true}]}}