{"id":18794,"date":"2024-04-14T11:30:21","date_gmt":"2024-04-14T09:30:21","guid":{"rendered":"https:\/\/www.freidenker.org\/?p=18794"},"modified":"2024-05-09T01:20:54","modified_gmt":"2024-05-08T23:20:54","slug":"das-geschenk-zum-75-jahrestag-der-nato-unterstuetzung-durch-frankreichs-oppositionsparteien","status":"publish","type":"post","link":"https:\/\/www.freidenker.org\/?p=18794","title":{"rendered":"Das Geschenk zum 75. Jahrestag der NATO: Unterst\u00fctzung durch Frankreichs Oppositionsparteien"},"content":{"rendered":"<p><strong>Bisher hatte sich die von Jean-Luc M\u00e9lenchon gegr\u00fcndete Partei La France insoumise, die sich als &#8222;radikale Linke&#8220; bezeichnet, eher durch ihre grunds\u00e4tzliche Ablehnung der Nordatlantischen Allianz hervorgetan. Nun scheint sich das Blatt zu wenden. <\/strong><\/p>\n<p><em>Von <strong>Pierre Levy<\/strong><\/em><\/p>\n<p><span style=\"font-size: 10pt;\">Erstver\u00f6ffentlichung am 09.04.2024 auf <a href=\"https:\/\/freedert.online\/europa\/202072-geschenk-zum-75-jahrestag-nato\/\">RT DE<\/a><\/span><\/p>\n<p>Wenn Russland Polen angreift, &#8222;<em>haben wir <\/em><em>die<\/em><em> Pflicht zur gegenseitigen Unterst\u00fctzung<\/em>, (&#8230;) <em>wir werden ihnen helfen m\u00fcssen, sich zu verteidigen<\/em>&#8222;. In dem von den Mainstream-Medien geschaffenen russophoben Klima erscheint diese Erkl\u00e4rung vom 3. April traurig banal. Sie spiegelt getreulich das Hauptargument der EU wider: Milit\u00e4rische Hilfe f\u00fcr die Ukraine sei notwendig, um Moskau davon abzuhalten, seine Nachbarn bei lebendigem Leib zu verschlingen. Bis zur Oder und zur Donau. Und warum nicht bis zum Rhein und dann, wer wei\u00df, bis zur Spitze der Bretagne?<\/p>\n<p>Was auf der politischen B\u00fchne Frankreichs eigentlich h\u00e4tte auffallen m\u00fcssen, ist die Autorin des Satzes. Es ist n\u00e4mlich Manon Aubry, scheidende Europaabgeordnete und Spitzenkandidatin der Partei La France insoumise (LFI) f\u00fcr die Europawahlen, die sich damit einem bereits gut besetzten Lager anschlie\u00dft: dem der Bef\u00fcrworter der NATO, die als kollektives Verteidigungsinstrument des Westens gesehen wird, der von den Ambitionen des Kreml bedroht werde. Bisher hatte sich die von Jean-Luc M\u00e9lenchon gegr\u00fcndete Bewegung, die sich als &#8222;radikale Linke&#8220; bezeichnet, eher durch ihre grunds\u00e4tzliche Ablehnung des Atlantischen B\u00fcndnisses hervorgetan.<\/p>\n<p>So bekr\u00e4ftigte das Programm der LFI ihre Absicht, &#8222;<em>den sofortigen R\u00fcckzug Frankreichs aus dem integrierten Kommando der NATO und dann schrittweise aus der Organisation selbst vorzuschlagen<\/em>&#8222;. Dieser Wille scheint heute vergessen zu sein. &#8222;<em>Wenn morgen ein europ\u00e4isches Land angegriffen wird, m\u00fcssen wir nat\u00fcrlich Solidarit\u00e4t zeigen<\/em>&#8222;, so die Europaabgeordnete. Eine bewaffnete Solidarit\u00e4t, nat\u00fcrlich.<\/p>\n<p>Unter diesen Umst\u00e4nden f\u00e4llt es schwer, in der Erkl\u00e4rung von Frau Aubry keine politische und ideologische Kehrtwende zu sehen. Die NATO-F\u00fchrer, die sich darauf vorbereiten, vom 9. bis 11. Juli in Washington das 75-j\u00e4hrige Bestehen der Organisation zu feiern, d\u00fcrften eine solche Unterst\u00fctzung auf jeden Fall zu sch\u00e4tzen wissen. Ein sch\u00f6nes Geburtstagsgeschenk, zweifellos.<\/p>\n<p>Umso mehr, als es nicht allein kommt. Am anderen Ende des politischen Spektrums hat das Rassemblement National (RN) gerade eine sehr \u00e4hnliche Entwicklung bekannt gegeben. Regelm\u00e4\u00dfig wird die Partei von Marine Le Pen von ihren Gegnern beschuldigt, &#8222;pro-russisch&#8220; zu sein und sogar vom Kreml finanziert zu werden \u2013 \u00e4hnlich wie die AfD, die in der gleichen Fraktion im Stra\u00dfburger Parlament sitzt.<\/p>\n<p>Jordan Bardella, der junge Vorsitzende der Partei und Spitzenkandidat bei den EU-Wahlen im Juni, erkl\u00e4rte einige Tage vor Manon Aubry, dass der Vorschlag des RN, Frankreich aus dem integrierten Kommando der NATO zu entlassen, nicht mehr auf der Tagesordnung stehe, so lange &#8222;<em>der Krieg noch immer im Gange ist<\/em>&#8222;. Das Argument ist paradox: Gerade weil der Krieg noch im Gange ist, sollte es dringend geboten sein, sich nicht in ihn hineinziehen zu lassen, und zwar von einem B\u00fcndnis, dessen Hauptmerkmal nicht darin besteht, nach Beschwichtigung zu streben.<\/p>\n<p>Man kann sich daher fragen: Was veranlasst die beiden letzten parlamentarischen Parteien in Frankreich, die bislang ein Image der Opposition gegen den &#8222;Mainstream&#8220;-Bellizismus gepflegt hatten, dazu, de facto ihren Anschluss zu bekunden?<\/p>\n<p>Ist es Opportunismus, d. h. die Bef\u00fcrchtung, dass sie durch eine zu weiche Anprangerung Russlands Stimmen verlieren k\u00f6nnten? Das ist m\u00f6glich, auch wenn es in Wirklichkeit ein zweifelhaftes Kalk\u00fcl ist, das die Existenz einer pazifistischen Gesinnung bei vielen B\u00fcrgern, die nicht der herrschenden Ideologie unterworfen sind, untersch\u00e4tzt.<\/p>\n<p>Oder eine grundlegende Bekehrung? Diese k\u00f6nnte durch die langsame Beeinflussung beg\u00fcnstigt werden, die sich aus dem st\u00e4ndigen Eintauchen ihrer F\u00fchrer in die europ\u00e4ischen Institutionen \u2013 hier das Europaparlament \u2013 ergibt. Das Ph\u00e4nomen ist bekannt: Es w\u00e4re nicht das erste Mal, dass ein &#8222;radikaler&#8220; Oppositioneller \u2013 oder, der sich als solcher ausgeben will \u2013 in eine EU-Institution eintritt, indem er seine Absicht verk\u00fcndet, sie &#8222;von innen heraus umzugestalten&#8220;, und am Ende &#8230; selbst umgestaltet wird.<\/p>\n<p>Die beiden Hypothesen schlie\u00dfen sich nicht aus, k\u00f6nnten sich sogar erg\u00e4nzen. Dies ist auf jeden Fall ein m\u00f6glicher Grund zur Freude f\u00fcr den amerikanischen Au\u00dfenminister, der sich auf einer Express-Tour durch den alten Kontinent befand. Bei seinem Besuch in Paris am 2. April pl\u00e4dierte Antony Blinken daf\u00fcr, dass die Europ\u00e4er ihre Produktion von Waffen, Munition und Ausr\u00fcstung f\u00fcr die Ukraine verst\u00e4rken. Er betonte, dass es sich dabei um &#8222;<em>Investitionen in uns selbst<\/em>&#8220; handele.<\/p>\n<p>Dieses Argument scheint nun von Frau Aubry und Herrn Bardella geteilt zu werden.<\/p>\n<p style=\"text-align: right;\"><em>Pierre L\u00e9vy war Gewerkschaftsfunktion\u00e4r der CGT-Metall und von 1996 bis 2001 Redakteur bei \u201cL\u2019Humanit\u00e9\u201c. Er lancierte 2000 eine \u201eradikal eurokritische, fortschrittliche Monatszeitung\u201c unter dem symbolischen Titel \u201eBastille-R\u00e9publique-Nation\u201c, die ab Fr\u00fchjahr 2015 als \u201eRuptures\u201c (dt. \u201eBr\u00fcche\u201c) fortgesetzt wird, zus\u00e4tzlich mit der Webseite: <a href=\"https:\/\/ruptures-presse.fr\/\" target=\"_blank\" rel=\"noopener\">https:\/\/ruptures-presse.fr\/<\/a><\/em><\/p>\n<hr \/>\n<p><span style=\"font-size: 10pt;\">Bild oben: Manon Aubry im EU-Parlament 2022<\/span><br \/>\n<span style=\"font-size: 10pt;\">Foto: European Parliament &#8211; <a href=\"https:\/\/www.flickr.com\/photos\/36612355@N08\/51988134343\/\" target=\"_blank\" rel=\"noopener\">https:\/\/www.flickr.com\/photos\/36612355@N08\/51988134343\/<\/a>, <a href=\"https:\/\/creativecommons.org\/licenses\/by\/2.0\" target=\"_blank\" rel=\"noopener\">CC BY 2.0<\/a><\/span><br \/>\n<span style=\"font-size: 10pt;\">Quelle: <a href=\"https:\/\/commons.wikimedia.org\/w\/index.php?curid=116731303\" target=\"_blank\" rel=\"noopener\">https:\/\/commons.wikimedia.org\/w\/index.php?curid=116731303<\/a><\/span><\/p>\n","protected":false},"excerpt":{"rendered":"<p><b>Beitrag von Pierre Levy<\/b><br \/>\nWenn Russland Polen angreift, &#8222;<i>haben wir die Pflicht zur gegenseitigen Unterst\u00fctzung, (&#8230;) wir werden ihnen helfen m\u00fcssen, sich zu verteidigen<\/i>&#8222;. In dem von den Mainstream-Medien geschaffenen russophoben Klima erscheint diese Erkl\u00e4rung vom 3. April traurig banal. Sie spiegelt getreulich das Hauptargument der EU wider: Milit\u00e4rische Hilfe f\u00fcr die Ukraine sei notwendig, um Moskau davon abzuhalten, seine Nachbarn bei lebendigem Leib zu verschlingen. Bis zur Oder und zur Donau. Und warum nicht bis zum Rhein und dann, wer wei\u00df, bis zur Spitze der Bretagne? Was auf der politischen B\u00fchne Frankreichs eigentlich h\u00e4tte auffallen m\u00fcssen, ist die Autorin des Satzes. Es ist n\u00e4mlich Manon Aubry, scheidende Europaabgeordnete und Spitzenkandidatin der Partei La France insoumise (LFI) f\u00fcr die Europawahlen, &#8230;<\/p>\n","protected":false},"author":3,"featured_media":18795,"comment_status":"closed","ping_status":"closed","sticky":false,"template":"","format":"standard","meta":{"colormag_page_container_layout":"default_layout","colormag_page_sidebar_layout":"default_layout","advanced_seo_description":"","jetpack_seo_html_title":"","jetpack_seo_noindex":false,"jetpack_post_was_ever_published":false,"footnotes":""},"categories":[12],"tags":[1031,182,56,2176,1194,1311,222,639,1313],"class_list":["post-18794","post","type-post","status-publish","format-standard","has-post-thumbnail","hentry","category-demokratie-medien-aufklaerung","tag-afd","tag-eu","tag-nato","tag-opportunismus","tag-opposition","tag-polen","tag-russland","tag-ukraine-konflikt","tag-wahlen"],"jetpack_featured_media_url":"https:\/\/i0.wp.com\/www.freidenker.org\/fw17\/wp-content\/uploads\/2024\/04\/Manon_Aubry_European_Council_2022_51988134343_800x450.jpg?fit=800%2C450&ssl=1","jetpack_shortlink":"https:\/\/wp.me\/p9stpK-4T8","jetpack-related-posts":[{"id":13277,"url":"https:\/\/www.freidenker.org\/?p=13277","url_meta":{"origin":18794,"position":0},"title":"Der n\u00e4chste Schritt: Polen will die Ukraine schlucken","author":"Webredaktion","date":"29. Mai 2022","format":false,"excerpt":"Beitrag von Anti-Spiegel (d.i. Thomas R\u00f6per) Polens Ambitionen, zur alten Gr\u00f6\u00dfe des mittelalterlichen Polens zur\u00fcckzukehren, machen Fortschritte. Faszinierend dabei ist, dass die deutschen Medien diese Ereignisse komplett verschweigen. Schon seit Beginn der russischen Milit\u00e4roperation dr\u00e4ngt Polen darauf, eigene \u201eFriedenstruppen\u201c in die Ukraine zu entsenden. Da die USA klar gemacht haben,\u2026","rel":"","context":"In &quot;Demokratie \u2013 Medien \u2013 Aufkl\u00e4rung&quot;","block_context":{"text":"Demokratie \u2013 Medien \u2013 Aufkl\u00e4rung","link":"https:\/\/www.freidenker.org\/?cat=12"},"img":{"alt_text":"","src":"https:\/\/i0.wp.com\/www.freidenker.org\/fw17\/wp-content\/uploads\/2022\/05\/Source_riviere_San_1_800x450.jpg?fit=800%2C450&ssl=1&resize=350%2C200","width":350,"height":200,"srcset":"https:\/\/i0.wp.com\/www.freidenker.org\/fw17\/wp-content\/uploads\/2022\/05\/Source_riviere_San_1_800x450.jpg?fit=800%2C450&ssl=1&resize=350%2C200 1x, https:\/\/i0.wp.com\/www.freidenker.org\/fw17\/wp-content\/uploads\/2022\/05\/Source_riviere_San_1_800x450.jpg?fit=800%2C450&ssl=1&resize=525%2C300 1.5x, https:\/\/i0.wp.com\/www.freidenker.org\/fw17\/wp-content\/uploads\/2022\/05\/Source_riviere_San_1_800x450.jpg?fit=800%2C450&ssl=1&resize=700%2C400 2x"},"classes":[]},{"id":22981,"url":"https:\/\/www.freidenker.org\/?p=22981","url_meta":{"origin":18794,"position":1},"title":"Die NATO macht mobil","author":"Webredaktion","date":"29. September 2025","format":false,"excerpt":"Eine Sammlung von 5 Beitr\u00e4gen von Thomas R\u00f6per Rund vier Wochen lang hat der in St. Petersburg wohnende deutsche Journalist Thomas R\u00f6per (mit Einreiseverbot in die EU) die \u201eZwischenf\u00e4lle\u201c zusammengetragen und ausgewertet, die uns von den Medien t\u00e4glich pr\u00e4sentiert werden: Luftraumverletzungen, Drohnen, St\u00f6rungen des Funkverkehrs, besch\u00e4digte Unterwasserkabel, Eindringen in Hoheitsgew\u00e4sser\u2026","rel":"","context":"In &quot;Demokratie \u2013 Medien \u2013 Aufkl\u00e4rung&quot;","block_context":{"text":"Demokratie \u2013 Medien \u2013 Aufkl\u00e4rung","link":"https:\/\/www.freidenker.org\/?cat=12"},"img":{"alt_text":"","src":"https:\/\/i0.wp.com\/www.freidenker.org\/fw17\/wp-content\/uploads\/2025\/09\/Drohne_Gerbera_800x450.jpg?fit=800%2C450&ssl=1&resize=350%2C200","width":350,"height":200,"srcset":"https:\/\/i0.wp.com\/www.freidenker.org\/fw17\/wp-content\/uploads\/2025\/09\/Drohne_Gerbera_800x450.jpg?fit=800%2C450&ssl=1&resize=350%2C200 1x, https:\/\/i0.wp.com\/www.freidenker.org\/fw17\/wp-content\/uploads\/2025\/09\/Drohne_Gerbera_800x450.jpg?fit=800%2C450&ssl=1&resize=525%2C300 1.5x, https:\/\/i0.wp.com\/www.freidenker.org\/fw17\/wp-content\/uploads\/2025\/09\/Drohne_Gerbera_800x450.jpg?fit=800%2C450&ssl=1&resize=700%2C400 2x"},"classes":[]},{"id":17916,"url":"https:\/\/www.freidenker.org\/?p=17916","url_meta":{"origin":18794,"position":2},"title":"NATO und EU m\u00fcssen in Zukunft mit mehr Russland leben","author":"Webredaktion","date":"21. Januar 2024","format":false,"excerpt":"Beitrag von Rainer Rupp Die def\u00e4tistischen Botschaften in den Mainstream-Medien des Kollektiven Westens nehmen rasant zu. Bei den Eliten der USA, NATO und EU w\u00e4chst die Einsicht, dass sie mit ihrem Krieg gegen Russland etwas angefangen haben, das sie nicht mehr kontrollieren k\u00f6nnen. Das angerichtete Chaos k\u00f6nnte sie selbst hinwegschwemmen,\u2026","rel":"","context":"In &quot;Demokratie \u2013 Medien \u2013 Aufkl\u00e4rung&quot;","block_context":{"text":"Demokratie \u2013 Medien \u2013 Aufkl\u00e4rung","link":"https:\/\/www.freidenker.org\/?cat=12"},"img":{"alt_text":"","src":"https:\/\/i0.wp.com\/www.freidenker.org\/fw17\/wp-content\/uploads\/2024\/01\/PlakatZ-Plakat59_800x450.jpg?fit=800%2C450&ssl=1&resize=350%2C200","width":350,"height":200,"srcset":"https:\/\/i0.wp.com\/www.freidenker.org\/fw17\/wp-content\/uploads\/2024\/01\/PlakatZ-Plakat59_800x450.jpg?fit=800%2C450&ssl=1&resize=350%2C200 1x, https:\/\/i0.wp.com\/www.freidenker.org\/fw17\/wp-content\/uploads\/2024\/01\/PlakatZ-Plakat59_800x450.jpg?fit=800%2C450&ssl=1&resize=525%2C300 1.5x, https:\/\/i0.wp.com\/www.freidenker.org\/fw17\/wp-content\/uploads\/2024\/01\/PlakatZ-Plakat59_800x450.jpg?fit=800%2C450&ssl=1&resize=700%2C400 2x"},"classes":[]},{"id":12367,"url":"https:\/\/www.freidenker.org\/?p=12367","url_meta":{"origin":18794,"position":3},"title":"Erkl\u00e4rung der GRH","author":"Webredaktion","date":"4. M\u00e4rz 2022","format":false,"excerpt":"Erkl\u00e4rung der GRH - Gesellschaft zur Rechtlichen und Humanit\u00e4ren Unterst\u00fctzung e.V. Seit dem 24.2. 2022 herrscht in der Ukraine Krieg. Der russische Pr\u00e4sident Putin hatte den Befehl zu einer Milit\u00e4roperation gegeben. Unmittelbarer Anlass f\u00fcr diese Entscheidung war eine Zuspitzung der Situation um die beiden Republiken des Donbass Donezk und Lugansk.\u2026","rel":"","context":"In &quot;Frieden - Antifaschismus - Solidarit\u00e4t&quot;","block_context":{"text":"Frieden - Antifaschismus - Solidarit\u00e4t","link":"https:\/\/www.freidenker.org\/?cat=13"},"img":{"alt_text":"","src":"https:\/\/i0.wp.com\/www.freidenker.org\/fw17\/wp-content\/uploads\/2022\/03\/grh-erklaerung_800x450.jpg?fit=800%2C450&ssl=1&resize=350%2C200","width":350,"height":200,"srcset":"https:\/\/i0.wp.com\/www.freidenker.org\/fw17\/wp-content\/uploads\/2022\/03\/grh-erklaerung_800x450.jpg?fit=800%2C450&ssl=1&resize=350%2C200 1x, https:\/\/i0.wp.com\/www.freidenker.org\/fw17\/wp-content\/uploads\/2022\/03\/grh-erklaerung_800x450.jpg?fit=800%2C450&ssl=1&resize=525%2C300 1.5x, https:\/\/i0.wp.com\/www.freidenker.org\/fw17\/wp-content\/uploads\/2022\/03\/grh-erklaerung_800x450.jpg?fit=800%2C450&ssl=1&resize=700%2C400 2x"},"classes":[]},{"id":22901,"url":"https:\/\/www.freidenker.org\/?p=22901","url_meta":{"origin":18794,"position":4},"title":"Ukraine \u2013 Trump setzt mit starkem Zug EU-NATO-Falken matt","author":"Webredaktion","date":"24. September 2025","format":false,"excerpt":"Beitrag von Rainer Rupp Dank seiner Bereitschaft, direkte Gespr\u00e4che mit der russischen Seite zu f\u00fchren, hat Trump schlie\u00dflich verstanden, dass seine urspr\u00fcngliche Forderung nach einem bedingungslosen Waffenstillstand in der Ukraine keinen Sinn ergeben hatte, solange die Ursachen f\u00fcr den Konflikt nicht zuvor in Verhandlungen gel\u00f6st worden waren. Damit hatte sich\u2026","rel":"","context":"In &quot;Demokratie \u2013 Medien \u2013 Aufkl\u00e4rung&quot;","block_context":{"text":"Demokratie \u2013 Medien \u2013 Aufkl\u00e4rung","link":"https:\/\/www.freidenker.org\/?cat=12"},"img":{"alt_text":"","src":"https:\/\/i0.wp.com\/www.freidenker.org\/fw17\/wp-content\/uploads\/2025\/09\/trump_und_von-der-leyen_beim_schach_800x450.jpg?fit=800%2C450&ssl=1&resize=350%2C200","width":350,"height":200,"srcset":"https:\/\/i0.wp.com\/www.freidenker.org\/fw17\/wp-content\/uploads\/2025\/09\/trump_und_von-der-leyen_beim_schach_800x450.jpg?fit=800%2C450&ssl=1&resize=350%2C200 1x, https:\/\/i0.wp.com\/www.freidenker.org\/fw17\/wp-content\/uploads\/2025\/09\/trump_und_von-der-leyen_beim_schach_800x450.jpg?fit=800%2C450&ssl=1&resize=525%2C300 1.5x, https:\/\/i0.wp.com\/www.freidenker.org\/fw17\/wp-content\/uploads\/2025\/09\/trump_und_von-der-leyen_beim_schach_800x450.jpg?fit=800%2C450&ssl=1&resize=700%2C400 2x"},"classes":[]},{"id":22768,"url":"https:\/\/www.freidenker.org\/?p=22768","url_meta":{"origin":18794,"position":5},"title":"Wahrheitsleugnerin Ursula von der Leyen auf gef\u00e4hrlichem Kurs","author":"Webredaktion","date":"7. September 2025","format":false,"excerpt":"Die EU-Kommissionspr\u00e4sidentin ignoriert Moskaus Warnungen vor einem Einsatz europ\u00e4ischer Nato-Truppen in der Ukraine Ein Kommentar von Tilo Gr\u00e4ser Die nicht durch eine demokratische Wahl ins Amt gekommene Pr\u00e4sidentin der EU-Kommission Ursula von der Leyen spielt anscheinend schon mal Oberkommandierende einer nichtexistierenden EU-Armee. So kann zumindest gedeutet werden, was sie am\u2026","rel":"","context":"In &quot;Demokratie \u2013 Medien \u2013 Aufkl\u00e4rung&quot;","block_context":{"text":"Demokratie \u2013 Medien \u2013 Aufkl\u00e4rung","link":"https:\/\/www.freidenker.org\/?cat=12"},"img":{"alt_text":"","src":"https:\/\/i0.wp.com\/www.freidenker.org\/fw17\/wp-content\/uploads\/2025\/09\/Press_conference__Zelensky_and_von_der_Leyen_at_the_EC_-_2025_800x450.jpg?fit=800%2C450&ssl=1&resize=350%2C200","width":350,"height":200,"srcset":"https:\/\/i0.wp.com\/www.freidenker.org\/fw17\/wp-content\/uploads\/2025\/09\/Press_conference__Zelensky_and_von_der_Leyen_at_the_EC_-_2025_800x450.jpg?fit=800%2C450&ssl=1&resize=350%2C200 1x, https:\/\/i0.wp.com\/www.freidenker.org\/fw17\/wp-content\/uploads\/2025\/09\/Press_conference__Zelensky_and_von_der_Leyen_at_the_EC_-_2025_800x450.jpg?fit=800%2C450&ssl=1&resize=525%2C300 1.5x, https:\/\/i0.wp.com\/www.freidenker.org\/fw17\/wp-content\/uploads\/2025\/09\/Press_conference__Zelensky_and_von_der_Leyen_at_the_EC_-_2025_800x450.jpg?fit=800%2C450&ssl=1&resize=700%2C400 2x"},"classes":[]}],"_links":{"self":[{"href":"https:\/\/www.freidenker.org\/index.php?rest_route=\/wp\/v2\/posts\/18794","targetHints":{"allow":["GET"]}}],"collection":[{"href":"https:\/\/www.freidenker.org\/index.php?rest_route=\/wp\/v2\/posts"}],"about":[{"href":"https:\/\/www.freidenker.org\/index.php?rest_route=\/wp\/v2\/types\/post"}],"author":[{"embeddable":true,"href":"https:\/\/www.freidenker.org\/index.php?rest_route=\/wp\/v2\/users\/3"}],"replies":[{"embeddable":true,"href":"https:\/\/www.freidenker.org\/index.php?rest_route=%2Fwp%2Fv2%2Fcomments&post=18794"}],"version-history":[{"count":0,"href":"https:\/\/www.freidenker.org\/index.php?rest_route=\/wp\/v2\/posts\/18794\/revisions"}],"wp:featuredmedia":[{"embeddable":true,"href":"https:\/\/www.freidenker.org\/index.php?rest_route=\/wp\/v2\/media\/18795"}],"wp:attachment":[{"href":"https:\/\/www.freidenker.org\/index.php?rest_route=%2Fwp%2Fv2%2Fmedia&parent=18794"}],"wp:term":[{"taxonomy":"category","embeddable":true,"href":"https:\/\/www.freidenker.org\/index.php?rest_route=%2Fwp%2Fv2%2Fcategories&post=18794"},{"taxonomy":"post_tag","embeddable":true,"href":"https:\/\/www.freidenker.org\/index.php?rest_route=%2Fwp%2Fv2%2Ftags&post=18794"}],"curies":[{"name":"wp","href":"https:\/\/api.w.org\/{rel}","templated":true}]}}