{"id":18771,"date":"2024-04-18T02:42:34","date_gmt":"2024-04-18T00:42:34","guid":{"rendered":"https:\/\/www.freidenker.org\/?p=18771"},"modified":"2024-05-09T01:21:17","modified_gmt":"2024-05-08T23:21:17","slug":"multipolare-weltordnung-praemisse-fuer-die-souveraenitaet-von-kleinstaaten","status":"publish","type":"post","link":"https:\/\/www.freidenker.org\/?p=18771","title":{"rendered":"Multipolare Weltordnung \u2013 Pr\u00e4misse f\u00fcr die Souver\u00e4nit\u00e4t von Kleinstaaten?"},"content":{"rendered":"<p><em>Beitrag von <strong>Peter Berger<\/strong>\u00a0<\/em><\/p>\n<p><em>vorgetragen auf der Konferenz &#8222;Von der Aggression zu einer neuen gerechten Ordnung&#8220; vom 22.-24.03.2024 in Belgrad<\/em><\/p>\n<p><span style=\"font-size: 10pt;\">\u00dcbernommen von der <a href=\"https:\/\/www.libres-penseurs.net\/multipolare-weltordnung-praemisse-fuer-die-souveraenitaet-von-kleinstaaten\/\" target=\"_blank\" rel=\"noopener\">Webseite der Weltunion der Freidenker<\/a><\/span><\/p>\n<hr \/>\n<p><strong><span style=\"font-size: 10pt;\">Weitere Beitr\u00e4ge zur Konferenz &#8222;Von der Aggression zu einer neuen gerechten Ordnung&#8220; am 22. und 23. M\u00e4rz in Belgrad\u00a0<\/span><\/strong><\/p>\n<ul>\n<li><span style=\"font-size: 10pt;\"><a href=\"https:\/\/www.freidenker.org\/?p=18653\" target=\"_blank\" rel=\"noopener\">Der Auftakt in den 3. Drei\u00dfigj\u00e4hrigen Krieg j\u00e4hrt sich zum 25. Mal<\/a> &#8211;\u00a0<em>Bericht \u00a0von Wolfgang Effenberger<\/em><\/span><\/li>\n<li><span style=\"font-size: 10pt;\"><a href=\"https:\/\/www.freidenker.org\/?p=18683\">Not to forget! 25 Jahre seit der Nato-Aggression gegen Jugoslawien<\/a> &#8211; <em>Bericht von der Seite der Weltunion der Freidenker<\/em> mit der <strong>Erkl\u00e4rung von Belgrad<\/strong><\/span><\/li>\n<li><span style=\"font-size: 10pt;\"><a href=\"https:\/\/www.freidenker.org\/?p=18765\">Von der Aggression gegen Jugoslawien zum NATO-Krieg gegen Russland<\/a> &#8211; <em>Rede von Klaus Hartmann<\/em><\/span><\/li>\n<li><span style=\"font-size: 10pt; color: #808080;\">Kriege in Europa &#8211; <em>Rede von Vladimir Kr\u0161ljanin<\/em><\/span><\/li>\n<li><span style=\"font-size: 10pt;\"><a href=\"https:\/\/www.freidenker.org\/?p=18768\">Allgemeine und vollst\u00e4ndige Abr\u00fcstung muss wieder zu einer unaufhaltsamen Kraft in der Weltpolitik werden, weil es keine Alternative gibt<\/a> &#8211; <em>Bemerkungen von Christopher Black<\/em><\/span><\/li>\n<li><span style=\"font-size: 10pt;\">Multipolare Weltordnung \u2013 Pr\u00e4misse f\u00fcr die Souver\u00e4nit\u00e4t von Kleinstaaten? &#8211; <em>Rede von Peter Berger<\/em><\/span><\/li>\n<li><span style=\"font-size: 10pt;\"><a href=\"https:\/\/www.freidenker.org\/?p=18778\">Bildergalerie<\/a><\/span><\/li>\n<\/ul>\n<hr \/>\n<p>&nbsp;<\/p>\n<p>Ich <span lang=\"de-DE\">m\u00f6chte<\/span> hier gerne ein paar Worte sagen zur Situation in meinem Land, wo eine gewi<span lang=\"de-DE\">ss<\/span>enlose atlantische Elite gerade dabei ist, die Neutralit\u00e4t der Schweiz zu demontieren. Dies scheint mir eine Angelegenheit zu sein, die nicht mein Land allein betrifft. Es ist eine in einem gewissen Sinne grunds\u00e4tzliche Frage f\u00fcr die gesamte internationale Gemeinschaft.<\/p>\n<p>Es ist mir eine Ehre, dies hier in Serbien tun zu d\u00fcrfen, in einem Land, das nicht weniger unter dem Druck des Nato-Imperialismus steht als die Schweiz. Der Unterschied besteht jedoch darin, dass Serbien eine Regierung hat, die diesem Druck Widerstand leistet und die Interessen und die Souver\u00e4nit\u00e4t ihres Landes verteidigt. Dazu begl\u00fcckw\u00fcnsche ich das serbische Volk. Gleichzeitig sch\u00e4me ich mich daf\u00fcr, dass mein Land, die Schweiz, die Souver\u00e4nit\u00e4t Serbiens nicht respektiert und mit der Anerkennung des EU-Protektorats auf dem serbischen Staatsgebiet sowie der Beteiligung an KFOR die territoriale Integrit\u00e4t dieses Landes missachtet. Das ist keine Neutralit\u00e4t! Und das ist unser Problem.<\/p>\n<p>Die Neutralit\u00e4t der Schweiz zeigt im Lauf ihrer Geschichte ein wechselhaftes Gesicht. Oft opportunistisch gepr\u00e4gt, zumeist aber auch isolationistisch. Es war die Erstarkung der Bewegung der Blockfreien, welche der Schweiz diplomatischen Spielraum erm\u00f6glicht und ein gewisses Ma<span lang=\"de-DE\">\u00df<\/span> an Souver\u00e4nit\u00e4t zwischen den Bl\u00f6cken verschafft hatte. Der Zwang, sich in der Folge der \u00d6lkrise neuen geopolitischen Bedingungen anzupassen, f\u00fchrte zu einer offeneren Neutralit\u00e4tspolitik. Die schweizerische Aussenpolitik zeichnete sich in den 70er- und 80er-Jahren des letzten Jahrhunderts denn auch durch ein gr\u00f6\u00dferes Ma\u00df an Offenheit aus. Das dr\u00fcckte sich unter anderem in einer aktiven Mitarbeit in der KSZE sowie in einer engeren Zusammenarbeit und Abstimmung mit den anderen neutralen Staaten Europas wie Schweden, Finnland, \u00d6sterreich und Jugoslawien aus.<\/p>\n<p>Mit dem Ende des Warschauer Paktes begann es sich zusehends wieder zu \u00e4ndern. Mit der zunehmenden Machtentfaltung des imperialistischen Hegemons wurde das, was sich in den Jahren zuvor an souver\u00e4ner schweizerischer Aussenpolitik entwickeln konnte, fortschreitend wieder zunichte. Ein Prozess der Zersetzung der schweizerischen Neutralit\u00e4t, verbunden mit schleichender Integration der Schweizer Armee in die Nato begann: zuerst Partnership for peace, dann bald auch Armee-Eins\u00e4tze zur Unterst\u00fctzung imperialistischer Interventionen in Drittl\u00e4ndern, wie eben die Beteiligung an KFOR zum Schaden souver\u00e4ner Staaten wie Serbien. Die milit\u00e4rische Zusammenarbeit mit der Nato wird immer enger. Die F\u00fchrungsreglemente wurden mit jenen der Nato harmonisiert, kombinierte Stabs\u00fcbungen geh\u00f6ren dazu, und in wichtigen Fragen der Bewaffnung verliert die Schweiz ihre Selbstbestimmung.<\/p>\n<p>Die Regierung scheut dabei nicht davor zur\u00fcck, trickreich Volksentscheide zu umgehen oder zu vermeiden. Das war auch der Fall beim Kauf von 35 US-amerikanischen Kampfflugzeugen des Typs F-35. Dabei ist das Kaufgesch\u00e4ft auch deshalb umstritten, weil gro\u00dfe Fragezeichen gesetzt werden zur Eignung der Flugzeuge f\u00fcr die Luftraum\u00fcberwachung eines Kleinstaates. Aber das Konzept, das insgeheim hinter der Beschaffung steckt, ist ein anderes: Die Flugzeuge sollen f\u00fcr Verbundaufgaben mit der Nato zur Verf\u00fcgung stehen. Genau deshalb mussten es unbedingt diese Flugzeuge sein. Und merke: US-Stellen k\u00f6nnen jederzeit \u00fcber die Elektronik in die Funktion der Flugzeuge eingreifen!<\/p>\n<p>Die immer engere Zusammenarbeit mit der Nato hat dazu gef\u00fchrt, dass die pers\u00f6nlichen Beziehungen der Armeekader zur Nato stetig intimer geworden sind. Das wird von der Nato inzwischen gezielt f\u00fcr die Einflussnahme auf Personalentscheidungen der Schweizer Beh\u00f6rden ausgen\u00fctzt. So geschehen vor kurzem, als eine neue Stelle f\u00fcr einen Staatssekret\u00e4r f\u00fcr Sicherheitspolitik geschaffen wurde. Die Regierung hatte dazu zun\u00e4chst einen qualifizierten und erfahrenen Diplomaten nominiert. Auf Druck der Nato wurde diese Nomination wieder r\u00fcckg\u00e4ngig gemacht und an seiner Stelle ein solide atlantisch ausgerichteter Armeekader ins Amt bef\u00f6rdert.<\/p>\n<p>Das Beispiel zeigt, wie sich die Einflussnahme der Nato l\u00e4ngst \u00fcber den milit\u00e4rischen Bereich hinaus erstreckt: Die Milit\u00e4rallianz mischt sich in sensible Bereiche der schweizerischen Politik ein. \u00c4hnlich wie die Unterordnung unter die Nato untergr\u00e4bt die von den politischen Eliten angestrebte EU-Integration die Souver\u00e4nit\u00e4t und Neutralit\u00e4t des Landes. Es ist heute festzustellen, dass die Regierung sich als unf\u00e4hig erweist, eine autonome und unabh\u00e4ngige Politik f\u00fcr das Land zu entwickeln. Das bisher krasseste Beispiel ist das Nachziehen mit Sanktionen gegen die Russl\u00e4ndische F\u00f6deration und die <span lang=\"de-DE\">Republik<\/span> Wei\u00dfrussland, die im Umfang noch jene der EU \u00fcbertreffen. Die Schweiz hat sich damit zum eigenen Schaden dem US- und EU-Diktat unterworfen. Und vor allem: sie hat damit endg\u00fcltig die \u00c4quidistanz zu den Konfliktparteien verloren, die f\u00fcr eine neutrale Vermittlungsaktivit\u00e4t notwendig w\u00e4re. Heute wartet in dieser Hinsicht niemand mehr auf die Schweiz. Da sind l\u00e4ngst andere Staaten, die ihre Glaubw\u00fcrdigkeit nicht verspielt haben, in die L\u00fccke gesprungen.<\/p>\n<p>Nun, was ist zu tun, damit das Land nicht weiter zum Vasall der USA und der EU verkommt? Wie kann die Schweiz wieder mehr Souver\u00e4nit\u00e4t zur\u00fcckgewinnen? Was ist n\u00f6tig, dass die Schweiz wieder zu einer integralen Neutralit\u00e4t zur\u00fcckfindet, damit sie von neuem eine konstruktive Rolle in der V\u00f6lkergemeinschaft spielen kann?<\/p>\n<p>Die Verteidigung der Neutralit\u00e4t ist aktuell eine zentrale Aufgabe. Sie wird nur Erfolg haben, wenn es gelingt, in dieser Frage eine taktische Einheitsfront zu bilden zwischen allen Bef\u00fcrwortern der Neutralit\u00e4t, ob sie ihre Haltung nun antiimperialistisch und internationalistisch oder eher isolationistisch begr\u00fcnden. Es l\u00e4uft zurzeit eine Volksinitiative, die einen neuen Verfassungsartikel f\u00fcr eine verbindliche Neutralit\u00e4t sowie das Verbot der Verh\u00e4ngung von Sanktionen verlangt. Wenn diese Volksinitiative die n\u00f6tige Unterschriftenzahl erreicht, besteht die Chance, mit einem nationalen Urnengang der politischen Klasse bei der Demontage der Neutralit\u00e4t in den Arm zu fallen.<\/p>\n<p>Mit der Sicherung bzw. R\u00fcckgewinnung der Neutralit\u00e4t ist eine erste Etappe erreicht \u2013 gleichzeitig eine wichtige Voraussetzung, um das Land im Weiteren auf eine Perspektive der Multipolarit\u00e4t umorientieren zu k\u00f6nnen: F\u00fcr eine Schweiz ohne extraterritoriale Anwendung von US-Sanktionen; f\u00fcr eine Schweiz, in der die W\u00fcrde der Diplomatie wieder G\u00fcltigkeit hat; f\u00fcr eine Schweiz, die sich f\u00fcr eine faire Kooperation mit den Schwellenl\u00e4ndern stark macht, statt sich den Interessen eines Hegemons unterzuordnen; f\u00fcr eine glaubw\u00fcrdige Schweiz, die vermittelt, statt einseitig Partei zu ergreifen. Und: je st\u00e4rker die geopolitische Dynamik hin zu einer multipolaren Weltordnung wird, umso rascher k\u00f6nnen wir dahin gelangen \u2013 im Interesse einer friedlichen Entwicklung der gesamten V\u00f6lkerfamilie.<\/p>\n<p>Nein zur Nato \u2013 Nein zur EU!<\/p>\n<p style=\"text-align: right;\"><em>Peter Berger (Schweiz) ist Kassierer der Weltunion der Freidenker<\/em><\/p>\n<hr \/>\n<h4><span style=\"font-size: 12pt;\">Video der Rede von Peter Berger (englisch)<\/span><\/h4>\n<div class=\"jetpack-video-wrapper\"><span class=\"embed-youtube\" style=\"text-align:center; display: block;\"><iframe loading=\"lazy\" class=\"youtube-player\" width=\"800\" height=\"450\" src=\"https:\/\/www.youtube.com\/embed\/rmMxikQWb84?version=3&#038;rel=1&#038;showsearch=0&#038;showinfo=1&#038;iv_load_policy=1&#038;fs=1&#038;hl=de-DE&#038;autohide=2&#038;wmode=transparent\" allowfullscreen=\"true\" style=\"border:0;\" sandbox=\"allow-scripts allow-same-origin allow-popups allow-presentation allow-popups-to-escape-sandbox\"><\/iframe><\/span><\/div>\n<p><span style=\"font-size: 10pt;\">Direktlink zum Video von <a href=\"https:\/\/www.youtube.com\/@beoforum3774\" target=\"_blank\" rel=\"noopener\">beoforum<\/a> auf YouTube: <a href=\"https:\/\/www.youtube.com\/watch?v=rmMxikQWb84\" target=\"_blank\" rel=\"noopener\">https:\/\/www.youtube.com\/watch?v=rmMxikQWb84<\/a><\/span><\/p>\n<p>&nbsp;<\/p>\n<hr \/>\n<p><span style=\"font-size: 10pt;\">Bild oben: Peter Berger w\u00e4hrend seiner Rede. Screenshot aus dem <a href=\"https:\/\/www.youtube.com\/watch?v=rmMxikQWb84\" target=\"_blank\" rel=\"noopener\">Video von beoforum<\/a><\/span><\/p>\n","protected":false},"excerpt":{"rendered":"<p><b>Beitrag von Peter Berger\u00a0vorgetragen auf der Konferenz &#8222;Von der Aggression zu einer neuen gerechten Ordnung&#8220; vom 22.-24.03.2024 in Belgrad<\/b><br \/>\nIch m\u00f6chte hier gerne ein paar Worte sagen zur Situation in meinem Land, wo eine gewissenlose atlantische Elite gerade dabei ist, die Neutralit\u00e4t der Schweiz zu demontieren. Dies scheint mir eine Angelegenheit zu sein, die nicht mein Land allein betrifft. Es ist eine in einem gewissen Sinne grunds\u00e4tzliche Frage f\u00fcr die gesamte internationale Gemeinschaft. Es ist mir eine Ehre, dies hier in Serbien tun zu d\u00fcrfen, in einem Land, das nicht weniger unter dem Druck des Nato-Imperialismus steht als die Schweiz. Der Unterschied besteht jedoch darin, dass Serbien eine Regierung hat, die diesem Druck Widerstand leistet und die Interessen und die Souver\u00e4nit\u00e4t ihres Landes verteidigt. Dazu begl\u00fcckw\u00fcnsche ich das serbische Volk. <\/p>\n","protected":false},"author":3,"featured_media":18783,"comment_status":"closed","ping_status":"closed","sticky":false,"template":"","format":"standard","meta":{"colormag_page_container_layout":"default_layout","colormag_page_sidebar_layout":"default_layout","advanced_seo_description":"","jetpack_seo_html_title":"","jetpack_seo_noindex":false,"jetpack_post_was_ever_published":false,"footnotes":""},"categories":[12],"tags":[801,270,182,590,357,2055,56,269,764,345],"class_list":["post-18771","post","type-post","status-publish","format-standard","has-post-thumbnail","hentry","category-demokratie-medien-aufklaerung","tag-aggressionskrieg","tag-belgrad","tag-eu","tag-jugoslawien","tag-konferenz","tag-multipolare-weltordnung","tag-nato","tag-nato-ueberfall-auf-jugoslawien","tag-serbien","tag-voelkerrecht"],"jetpack_featured_media_url":"https:\/\/i0.wp.com\/www.freidenker.org\/fw17\/wp-content\/uploads\/2024\/04\/beoforum_2024_Berger_800x450.jpg?fit=800%2C450&ssl=1","jetpack_shortlink":"https:\/\/wp.me\/p9stpK-4SL","jetpack-related-posts":[{"id":18498,"url":"https:\/\/www.freidenker.org\/?p=18498","url_meta":{"origin":18771,"position":0},"title":"25 Jahre NATO-Aggression gegen Jugoslawien &#8211; Solidarit\u00e4tsreise","author":"Webredaktion","date":"8. M\u00e4rz 2024","format":false,"excerpt":"Solidarit\u00e4tsreise nach Belgrad 21. - 27 M\u00e4rz 2024 Der \u00dcberfall der NATO am 24. M\u00e4rz 1999 und der 78 Tage lange Bombenterror gegen Jugoslawien war nicht nur \u2013 wie wir damals sagten - der \u201eT\u00fcr\u00f6ffnerkrieg\u201c f\u00fcr die kommenden v\u00f6lkerrechtswidrigen Kriege des Aggressionsb\u00fcndnisses. Diese Kriege folgten einer langfristigen Strategie der Umzingelung\u2026","rel":"","context":"In &quot;Frieden - Antifaschismus - Solidarit\u00e4t&quot;","block_context":{"text":"Frieden - Antifaschismus - Solidarit\u00e4t","link":"https:\/\/www.freidenker.org\/?cat=13"},"img":{"alt_text":"","src":"https:\/\/i0.wp.com\/www.freidenker.org\/fw17\/wp-content\/uploads\/2024\/03\/belgrad_34-2019-03-25-1-0881_800x450.jpg?fit=800%2C450&ssl=1&resize=350%2C200","width":350,"height":200,"srcset":"https:\/\/i0.wp.com\/www.freidenker.org\/fw17\/wp-content\/uploads\/2024\/03\/belgrad_34-2019-03-25-1-0881_800x450.jpg?fit=800%2C450&ssl=1&resize=350%2C200 1x, https:\/\/i0.wp.com\/www.freidenker.org\/fw17\/wp-content\/uploads\/2024\/03\/belgrad_34-2019-03-25-1-0881_800x450.jpg?fit=800%2C450&ssl=1&resize=525%2C300 1.5x, https:\/\/i0.wp.com\/www.freidenker.org\/fw17\/wp-content\/uploads\/2024\/03\/belgrad_34-2019-03-25-1-0881_800x450.jpg?fit=800%2C450&ssl=1&resize=700%2C400 2x"},"classes":[]},{"id":18765,"url":"https:\/\/www.freidenker.org\/?p=18765","url_meta":{"origin":18771,"position":1},"title":"Von der Aggression gegen Jugoslawien zum NATO-Krieg gegen Russland","author":"Webredaktion","date":"14. April 2024","format":false,"excerpt":"Rede von Klaus Hartmann, gehalten am 22. M\u00e4rz 2024 auf der Konferenz \"Von der Aggression zu einer neuen gerechten Ordnung\" in Belgrad Im Jahr 2022 hat die deutsche Bundesregierung eine \u201eZeitenwende\u201c, eine \u201eneue \u00c4ra\u201c proklamiert \u2013 um damit die Russische F\u00f6deration anzuklagen, unter Bruch des V\u00f6lkerrechts einen Angriffskrieg begonnen zu\u2026","rel":"","context":"In &quot;Demokratie \u2013 Medien \u2013 Aufkl\u00e4rung&quot;","block_context":{"text":"Demokratie \u2013 Medien \u2013 Aufkl\u00e4rung","link":"https:\/\/www.freidenker.org\/?cat=12"},"img":{"alt_text":"","src":"https:\/\/i0.wp.com\/www.freidenker.org\/fw17\/wp-content\/uploads\/2024\/04\/beoforum_2024_Hartmann_800x450.jpg?fit=800%2C450&ssl=1&resize=350%2C200","width":350,"height":200,"srcset":"https:\/\/i0.wp.com\/www.freidenker.org\/fw17\/wp-content\/uploads\/2024\/04\/beoforum_2024_Hartmann_800x450.jpg?fit=800%2C450&ssl=1&resize=350%2C200 1x, https:\/\/i0.wp.com\/www.freidenker.org\/fw17\/wp-content\/uploads\/2024\/04\/beoforum_2024_Hartmann_800x450.jpg?fit=800%2C450&ssl=1&resize=525%2C300 1.5x, https:\/\/i0.wp.com\/www.freidenker.org\/fw17\/wp-content\/uploads\/2024\/04\/beoforum_2024_Hartmann_800x450.jpg?fit=800%2C450&ssl=1&resize=700%2C400 2x"},"classes":[]},{"id":18768,"url":"https:\/\/www.freidenker.org\/?p=18768","url_meta":{"origin":18771,"position":2},"title":"Allgemeine und vollst\u00e4ndige Abr\u00fcstung","author":"Webredaktion","date":"14. April 2024","format":false,"excerpt":"Bemerkungen von Christopher Black, vorgetragen auf der Konferenz \"Von der Aggression zu einer neuen gerechten Ordnung\" vom 22.-24.03.2024 in Belgrad Versuche, eine gerechte Weltordnung zu errichten, in der ein Dialog der Nationen die Norm ist, anstatt ein Konflikt zwischen den Nationen, scheitern an einer kruden R\u00fcckkehr zu einem \u00bbMacht macht\u2026","rel":"","context":"In &quot;Demokratie \u2013 Medien \u2013 Aufkl\u00e4rung&quot;","block_context":{"text":"Demokratie \u2013 Medien \u2013 Aufkl\u00e4rung","link":"https:\/\/www.freidenker.org\/?cat=12"},"img":{"alt_text":"","src":"https:\/\/i0.wp.com\/www.freidenker.org\/fw17\/wp-content\/uploads\/2024\/04\/beoforum_2024_Black_800x450.jpg?fit=800%2C450&ssl=1&resize=350%2C200","width":350,"height":200,"srcset":"https:\/\/i0.wp.com\/www.freidenker.org\/fw17\/wp-content\/uploads\/2024\/04\/beoforum_2024_Black_800x450.jpg?fit=800%2C450&ssl=1&resize=350%2C200 1x, https:\/\/i0.wp.com\/www.freidenker.org\/fw17\/wp-content\/uploads\/2024\/04\/beoforum_2024_Black_800x450.jpg?fit=800%2C450&ssl=1&resize=525%2C300 1.5x, https:\/\/i0.wp.com\/www.freidenker.org\/fw17\/wp-content\/uploads\/2024\/04\/beoforum_2024_Black_800x450.jpg?fit=800%2C450&ssl=1&resize=700%2C400 2x"},"classes":[]},{"id":15798,"url":"https:\/\/www.freidenker.org\/?p=15798","url_meta":{"origin":18771,"position":3},"title":"Freies Denken und die neue multipolare Weltordnung","author":"Webredaktion","date":"19. April 2023","format":false,"excerpt":"50. Kongress der Weltunion der Freidenker Donnerstag, 18.05.2023, 11 - 17 Uhr, Saalbau Bornheim, Arnsburger Str. 24, 60385 Frankfurt am Main Vortr\u00e4ge: \u201eZeitenwende\u201c zwischen Krieg und Frieden (Klaus Hartmann, Offenbach am Main), Der Welten Lage \u00e4ndert sich (Jean-Marie Jacoby, Luxemburg), Von der NATO-Aggression 1999 gegen Jugoslawien zum Krieg gegen Russland\u2026","rel":"","context":"In &quot;Zentrale Veranstaltungen&quot;","block_context":{"text":"Zentrale Veranstaltungen","link":"https:\/\/www.freidenker.org\/?cat=20"},"img":{"alt_text":"","src":"https:\/\/i0.wp.com\/www.freidenker.org\/fw17\/wp-content\/uploads\/2023\/04\/multipolar_800x450.jpg?fit=800%2C450&ssl=1&resize=350%2C200","width":350,"height":200,"srcset":"https:\/\/i0.wp.com\/www.freidenker.org\/fw17\/wp-content\/uploads\/2023\/04\/multipolar_800x450.jpg?fit=800%2C450&ssl=1&resize=350%2C200 1x, https:\/\/i0.wp.com\/www.freidenker.org\/fw17\/wp-content\/uploads\/2023\/04\/multipolar_800x450.jpg?fit=800%2C450&ssl=1&resize=525%2C300 1.5x, https:\/\/i0.wp.com\/www.freidenker.org\/fw17\/wp-content\/uploads\/2023\/04\/multipolar_800x450.jpg?fit=800%2C450&ssl=1&resize=700%2C400 2x"},"classes":[]},{"id":18683,"url":"https:\/\/www.freidenker.org\/?p=18683","url_meta":{"origin":18771,"position":4},"title":"Not to forget! 25 Jahre seit der Nato-Aggression gegen Jugoslawien","author":"Webredaktion","date":"3. April 2024","format":false,"excerpt":"Vor einem Vierteljahrhundert haben die 19 reichsten Nationen das Schwellenland Jugoslawien w\u00e4hrend 78 Tagen ungerechtfertigt einem Bombenterror ausgesetzt. Etwa 3000 Zivilisten sowie 1139 Soldaten und Polizisten verloren im Krieg ihr Leben, 10 000 Menschen wurden verletzt. Die Nato-Aggressoren zerst\u00f6rten systematisch zivile Infrastruktur und setzten Geschosse mit abgereichertem Uran ein \u2013\u2026","rel":"","context":"In &quot;Frieden - Antifaschismus - Solidarit\u00e4t&quot;","block_context":{"text":"Frieden - Antifaschismus - Solidarit\u00e4t","link":"https:\/\/www.freidenker.org\/?cat=13"},"img":{"alt_text":"","src":"https:\/\/i0.wp.com\/www.freidenker.org\/fw17\/wp-content\/uploads\/2024\/04\/belgrad_2024_nottoforget-800x450-1.jpg?fit=800%2C450&ssl=1&resize=350%2C200","width":350,"height":200,"srcset":"https:\/\/i0.wp.com\/www.freidenker.org\/fw17\/wp-content\/uploads\/2024\/04\/belgrad_2024_nottoforget-800x450-1.jpg?fit=800%2C450&ssl=1&resize=350%2C200 1x, https:\/\/i0.wp.com\/www.freidenker.org\/fw17\/wp-content\/uploads\/2024\/04\/belgrad_2024_nottoforget-800x450-1.jpg?fit=800%2C450&ssl=1&resize=525%2C300 1.5x, https:\/\/i0.wp.com\/www.freidenker.org\/fw17\/wp-content\/uploads\/2024\/04\/belgrad_2024_nottoforget-800x450-1.jpg?fit=800%2C450&ssl=1&resize=700%2C400 2x"},"classes":[]},{"id":18653,"url":"https:\/\/www.freidenker.org\/?p=18653","url_meta":{"origin":18771,"position":5},"title":"Der Auftakt in den 3. Drei\u00dfigj\u00e4hrigen Krieg j\u00e4hrt sich zum 25. Mal","author":"Webredaktion","date":"2. April 2024","format":false,"excerpt":"Bericht von Wolfgang Effenberger Am 24. M\u00e4rz 2024 j\u00e4hrte sich zum 25. Mal der ohne Zustimmung der Vereinten Nationen erfolgte beispiellose Angriff der NATO gegen Jugoslawien \u2013 in erster Linie gegen die Teilrepublik Serbien. [...] Das Belgrader Forum \"f\u00fcr die Welt der Gleichen\" beging am 22. und 23. M\u00e4rz 2024\u2026","rel":"","context":"In &quot;Frieden - Antifaschismus - Solidarit\u00e4t&quot;","block_context":{"text":"Frieden - Antifaschismus - Solidarit\u00e4t","link":"https:\/\/www.freidenker.org\/?cat=13"},"img":{"alt_text":"","src":"https:\/\/i0.wp.com\/www.freidenker.org\/fw17\/wp-content\/uploads\/2024\/04\/Effenberger_Belgrad_02_800x450.jpg?fit=800%2C450&ssl=1&resize=350%2C200","width":350,"height":200,"srcset":"https:\/\/i0.wp.com\/www.freidenker.org\/fw17\/wp-content\/uploads\/2024\/04\/Effenberger_Belgrad_02_800x450.jpg?fit=800%2C450&ssl=1&resize=350%2C200 1x, https:\/\/i0.wp.com\/www.freidenker.org\/fw17\/wp-content\/uploads\/2024\/04\/Effenberger_Belgrad_02_800x450.jpg?fit=800%2C450&ssl=1&resize=525%2C300 1.5x, https:\/\/i0.wp.com\/www.freidenker.org\/fw17\/wp-content\/uploads\/2024\/04\/Effenberger_Belgrad_02_800x450.jpg?fit=800%2C450&ssl=1&resize=700%2C400 2x"},"classes":[]}],"_links":{"self":[{"href":"https:\/\/www.freidenker.org\/index.php?rest_route=\/wp\/v2\/posts\/18771","targetHints":{"allow":["GET"]}}],"collection":[{"href":"https:\/\/www.freidenker.org\/index.php?rest_route=\/wp\/v2\/posts"}],"about":[{"href":"https:\/\/www.freidenker.org\/index.php?rest_route=\/wp\/v2\/types\/post"}],"author":[{"embeddable":true,"href":"https:\/\/www.freidenker.org\/index.php?rest_route=\/wp\/v2\/users\/3"}],"replies":[{"embeddable":true,"href":"https:\/\/www.freidenker.org\/index.php?rest_route=%2Fwp%2Fv2%2Fcomments&post=18771"}],"version-history":[{"count":0,"href":"https:\/\/www.freidenker.org\/index.php?rest_route=\/wp\/v2\/posts\/18771\/revisions"}],"wp:featuredmedia":[{"embeddable":true,"href":"https:\/\/www.freidenker.org\/index.php?rest_route=\/wp\/v2\/media\/18783"}],"wp:attachment":[{"href":"https:\/\/www.freidenker.org\/index.php?rest_route=%2Fwp%2Fv2%2Fmedia&parent=18771"}],"wp:term":[{"taxonomy":"category","embeddable":true,"href":"https:\/\/www.freidenker.org\/index.php?rest_route=%2Fwp%2Fv2%2Fcategories&post=18771"},{"taxonomy":"post_tag","embeddable":true,"href":"https:\/\/www.freidenker.org\/index.php?rest_route=%2Fwp%2Fv2%2Ftags&post=18771"}],"curies":[{"name":"wp","href":"https:\/\/api.w.org\/{rel}","templated":true}]}}