{"id":18708,"date":"2024-04-08T10:27:42","date_gmt":"2024-04-08T08:27:42","guid":{"rendered":"https:\/\/www.freidenker.org\/?p=18708"},"modified":"2024-05-09T01:19:22","modified_gmt":"2024-05-08T23:19:22","slug":"friede-tut-not-waffenstillstand-sofort","status":"publish","type":"post","link":"https:\/\/www.freidenker.org\/?p=18708","title":{"rendered":"Friede tut not \u2013 Waffenstillstand sofort!"},"content":{"rendered":"<h5 class=\"page-title\"><em style=\"font-size: 16px;\">Rede von <strong>J\u00fcrgen Rose<\/strong><\/em><\/h5>\n<div class=\"row\">\n<div class=\"col-sm-12 col-md-8\">\n<div class=\"main-section\" role=\"main\">\n<div class=\"region region-content\">\n<section id=\"block-system-main\" class=\"block block-system clearfix collapsiblock-processed\">\n<div id=\"node-39932\" class=\"node node-page\">\n<div class=\"field field-name-body field-type-text-with-summary field-label-hidden text\">\n<p><span style=\"font-size: 10pt;\">gehalten auf dem Ostermarsch in M\u00fcnchen am 30.03.2024<\/span><\/p>\n<p>Sehr geehrte Versammelte, liebe Friedensfreundinnen und Friedensfreunde!<\/p>\n<p>In Zeiten wie den gegenw\u00e4rtigen, in denen selbst der Papst im Vatikan ins Fadenkreuz immer enthemmter eifernder und geifernder Kriegshetzer ger\u00e4t, ist es umso wichtiger, da\u00df Menschen wie Sie aufstehen, um lautstark gegen ma\u00dflosen Aufr\u00fcstungswahnsinn und hysterische Kriegstreiberei zu protestieren. Hierzu geh\u00f6ren durchaus Haltung und Mut angesichts des Umstandes, da\u00df Menschen, die nach Frieden und Abr\u00fcstung rufen statt nach immer mehr Waffen und immer mehr Krieg, vielfach unverbl\u00fcmt als \u201eLumpenpazifisten\u201c diffamiert werden seitens zahlreicher politischer und journalistischer Claqueure des Krieges, die umgekehrt wohl am treffendsten als \u201eSchurkenbellizisten\u201c zu titulieren w\u00e4ren. Das sicherlich prominenteste Opfer jener Kriegstreiberkanaille in letzter Zeit war Papst Franziskus, der sich k\u00fcrzlich erdreistet hatte, die Ukraine zu Friedensverhandlungen aufzurufen. Prompt geriet die Bande der NATO-Maniacs au\u00dfer sich vor Wut gegen den 87-j\u00e4hrigen Pontifex. Doch was Franziskus ge\u00e4u\u00dfert hatte, klang im Grunde \u00e4u\u00dferst vern\u00fcnftig: Da\u00df er n\u00e4mlich \u201eglaube, da\u00df derjenige \u2026 st\u00e4rker [ist], der die Lage erkennt, der ans Volk denkt und den Mut zur wei\u00dfen Flagge hat, zum Verhandeln.\u201c Dabei stellte er klar, da\u00df in seinen Augen ein derartiges vern\u00fcnftiges politisches Handeln das genaue Gegenteil einer feigen Kapitulation darstellt, denn: \u201eVerhandeln ist niemals ein Sich-Ergeben. Es ist der Mut, das Land nicht in den Selbstmord zu f\u00fchren. \u2026 Verhandeln ist ein mutiges Wort. Wenn du deine Niederlage siehst, wenn du siehst, dass es nicht weitergeht, muss man den Mut haben, zu verhandeln. Sch\u00e4mst du dich deswegen? Aber wie viele Tote muss es am Ende geben? Man muss beizeiten verhandeln und einen Vermittler suchen\u201c, so der Papst. Und weiter: \u201eHeute sind Verhandlungen mit der Hilfe internationaler M\u00e4chte m\u00f6glich.\u201c Die T\u00fcrkei und andere h\u00e4tten sich als Vermittler angeboten. Zugleich brachte das katholische Kirchenoberhaupt erneut seine feste \u00dcberzeugung zum Ausdruck, da\u00df die einzigen Gewinner eines Krieges die Waffenlieferanten seien.<\/p>\n<p>Aber nicht nur Menschen wie das Kirchenoberhaupt Franziskus werden zur Zielscheibe der kriegsverr\u00fcckten \u201eSchwertgl\u00e4ubigen\u201c, sondern auch die wenigen Repr\u00e4sentanten der politischen Klasse hierzulande, die ihre Tassen noch wohlsortiert im Schrank haben wie zum Beispiel der Fraktionsvorsitzende der SPD im Deutschen Bundestag, Rolf M\u00fctzenich. In einer Bundestagsrede vor wenigen Tagen hatte er die Frage aufgeworfen, ob es nicht an der Zeit sei, nicht nur dar\u00fcber zu reden, wie man einen Krieg f\u00fchre, sondern auch dar\u00fcber nachzudenken, wie man einen Krieg einfrieren und sp\u00e4ter auch beenden k\u00f6nne. F\u00fcr diese H\u00e4resie im \u201eHeiligen Krieg\u201c gegen die Ru\u00dfl\u00e4ndische F\u00f6deration wurde er vom ukrainischen Ex-Botschafter und Nazi-Sympathisanten Andrej Melnyk als \u201ewiderlichster deutschen Politiker\u201c tituliert, w\u00e4hrend der transatlantische Endsiegfanatiker Norbert R\u00f6ttgen von der CDU ganz und gar unchristlich Gift und Galle \u00fcber jenen \u201eunglaublichen Vorschlag\u201c spie.<\/p>\n<p>Doch was hatte der von friedenspolitischer Vernunft geleitete Parlamentarier M\u00fctzenich noch gesagt? Zun\u00e4chst hatte er in seiner Rede betont, da\u00df \u201e\u00fcber einen Waffenstillstand und ein Einfrieren der K\u00e4mpfe nur die ukrainische Regierung entscheiden [kann]\u201c. Freilich, so M\u00fctzenich \u201eenthebt uns dies nicht von der Verantwortung, auch \u00fcber Wege und Perspektiven f\u00fcr die Zeit nach dem Ende des Krieges nachzudenken. \u2026 Weltweit sind viele territoriale Konflikte, die mit milit\u00e4rischer, einseitiger Gewalt begonnen und gef\u00fchrt wurden, bis heute ,eingefroren\u2018. Auch in diesen F\u00e4llen, beispielsweise Zypern, S\u00fcdossetien, Transnistrien und Korea, setzen wir uns f\u00fcr die Wiederherstellung der territorialen Integrit\u00e4t, Unversehrtheit und einen endg\u00fcltigen Friedensschluss ein. \u2026 Es geht um Fragen von Krieg und Frieden. Wie mittlerweile auch \u00f6ffentlich bekannt wurde, stand die Gefahr eines Einsatzes von taktischen Atomwaffen im Raum. Ich erwarte von allen in der politischen Debatte eine Angemessenheit im Ton. Zeitenwenden sind nichts f\u00fcr politische Spielernaturen.\u201c<\/p>\n<p>Doch exakt diese Spezies, pars pro toto repr\u00e4sentiert von milit\u00e4rpolitischen GeisterfahrerInnen wie Agnes Strack-Zimmermann, ihres Zeichens Chef-Lobbyistin der deutschen R\u00fcstungsindustrie, Anton Hofreiter, zum \u201ePanzer-Toni\u201c in NATO-oliv mutiert, Anna-Lena Baerbock, der Au\u00dfenministerdarstellerin, die \u201eRu\u00dfland ruinieren\u201c m\u00f6chte oder Roderich Kiesewetter, dem kriegsgeilen Westentaschen-Clausewitz der Republik, der \u201eden Krieg nach Ru\u00dfland tragen\u201c will, gibt den bellizistischen Ton an in den vermeintlichen \u201eQualit\u00e4tserzeugnissen\u201c einer Presse- und Talkshow-Meute, die sich USA- und NATO-h\u00f6rig in vorauseilendem Gehorsam des eigenen Verstandes entledigt und freiwillig gleichgeschaltet hat.<\/p>\n<p>\u00dcber jene Kriegstreiber sowie die niederschmetternde Inkompetenz und Pflichtvergessenheit der deutschen Regierungs(un)verantwortlichen \u00e4u\u00dferte sich der vormalige Generalinspekteur der Bundeswehr sowie Vorsitzende des NATO-Milit\u00e4rausschusses, Vier-Sterne-General a. D. Harald Kujat, in f\u00fcr den ehemals h\u00f6chstrangigen deutschen Soldaten nachgerade spektakul\u00e4rer Freim\u00fctigkeit: \u201eDas ganze Problem ist, dass wir sp\u00e4testens seit dem letzten Regierungswechsel hier in Deutschland Leute an der Spitze des Landes haben, die &#8230; sagen wir einfach, dass diese Leute aufgrund ihrer Inkompetenz und Ignoranz Fehler machen, und wir haben die Politik, die sie verfolgen. &#8230; Dies ist eine gef\u00e4hrliche Politik. Sie wird fanatisch betrieben, nach dem gleichen Prinzip, wie ein Pferd mit Scheuklappen vor den Augen. Keiner schaut nach rechts oder links. Gewinne und Verluste f\u00fcr die Deutschen werden nicht in Betracht gezogen. Aber das Wichtigste ist: Niemand denkt daran, welche Folgen eine solche Politik f\u00fcr die Ukrainer haben wird. Aber sie leiden in erster Linie unter den aktuellen K\u00e4mpfen. Hunderttausende von Menschen wurden get\u00f6tet, das Land wurde zerst\u00f6rt. Unsere Politiker rei\u00dfen das alles aus dem Zusammenhang und rufen laut: &#8218;Hauptsache, die Ukraine muss gewinnen.&#8216; Das klingt wie ein Mantra. &#8230; Aber, h\u00f6ren Sie, das ist keine Politik! So macht man keine Politik. Das ist Fanatismus. Und das ist eine gro\u00dfe Entt\u00e4uschung. Und nat\u00fcrlich ist es sehr schwer zu beobachten, wie all die Erfahrungen, die wir in den letzten Jahrzehnten gesammelt haben, vergessen werden. Diese Erfahrung wird von der deutschen F\u00fchrung einfach mit F\u00fc\u00dfen getreten, obwohl sie sowohl in der Au\u00dfenpolitik als auch in der Sicherheitssph\u00e4re sehr n\u00fctzlich war. Es waren diese Erfahrungen, die es uns erm\u00f6glicht haben, die Wiedervereinigung Deutschlands zu erreichen. Dank der Politik, die auf dieser Erfahrung aufbaut, leben wir seit Jahrzehnten in Sicherheit und Wohlstand. &#8230; Ich halte dieses Verhalten [der deutschen Politiker] f\u00fcr unverantwortlich.\u201c<\/p>\n<p>Ins selbe Horn wie der altgediente General bl\u00e4st Oskar Lafontaine, politisches Urgestein der SPD und sp\u00e4ter der Linken zu Zeiten, als diese noch Sozial- und Friedenspolitik auf ihre Fahnen geschrieben hatten. Im Zuge der Taurus-Abh\u00f6raff\u00e4re spricht er von \u201everantwortungslose[n] Hasardeure[n]\u201c. Wortw\u00f6rtlich monierte Lafontaine: \u201eDer eigentliche Skandal besteht darin, dass deutsche Offiziere den Kriegseintritt Deutschlands planen und den Eindruck erwecken, als sei das f\u00fcr sie \u2039business as usual\u203a. Um davon abzulenken, verweisen die deutschen Kriegshetzer in Politik und Journalismus darauf, wie unversch\u00e4mt es ist, dass Russen deutsche Offiziere abgeh\u00f6rt haben. Der brave deutsche kriegst\u00fcchtige Verteidigungsminister Pistorius [\u2026] sieht in der Tatsache, dass die Russen die Planung eines Terrorangriffs mit deutschen Taurus-Raketen als einen unerh\u00f6rten Affront ansehen, \u2039Putins Desinformationskampagne\u203a am Werk. Die geistige Verwirrung unserer Kriegshetzer fand in der Erkl\u00e4rung des CDU-Politikers Kiesewetter ihren H\u00f6hepunkt, als der dazu riet, Taurus-Raketen zu liefern, um russische Ministerien zu zerst\u00f6ren. Diese Wahnsinnsidee f\u00fchrte zu keinem Aufschrei in Politik und Medien und auch nicht dazu, dass die CDU sich von diesem v\u00f6llig durchgeknallten \u2039Verteidigungsexperten\u203a distanzierte. Es wird einem angst und bange, wenn man sich klarmacht, welche verantwortungslosen Hasardeure mittlerweile dar\u00fcber entscheiden, ob Deutschland im Ukraine-Krieg zur Kriegspartei wird.\u201c<\/p>\n<p>Der Furor jener gehirngewaschenen Vasallen der USA, den warnende Stimmen und besorgte Mahner wie der Papst oder der Bundestagsabgeordnete M\u00fctzenich sich zugezogen haben, mu\u00df umso mehr irritieren, da bereits vor einem knappen Jahr in der US-amerikanischen Zeitschrift \u201eForeign Affairs\u201c, die als offizi\u00f6ses Organ des U.S. State Department\u2019s gilt, ganz \u00e4hnliche Vorschl\u00e4ge propagiert worden waren. Dort n\u00e4mlich hatten im April 2023 Richard N. Haass, ehemaliger Pr\u00e4sident des einflu\u00dfreichen Thinktanks \u201eCouncil on Foreign Relations\u201c und Berater des US-Verteidigungsmini\u00adsters Colin Powell, zusammen mit dem Politikwissenschaftler Charles Kupchan, vormals Europa-Chefberater von US-Pr\u00e4sident Barack Obama, einen \u00e4u\u00dferst realistischen Vorschlag f\u00fcr eine zumindest vorl\u00e4ufige Konfliktregelung formuliert. Den Ausgangspunkt ihres Vorschlages bildete die Prognose, da\u00df das wahrscheinlichste Ergebnis des Krieges kein vollst\u00e4ndiger Sieg der Ukraine, sondern ein blutiges Patt sein wird. Daher schlugen Sie einen sogenannten \u201ePlan B\u201c vor. Dessen zentrales Element besteht in einem auf diplomatischem Wege ausgehandelten Waffenstillstand, der \u201efaktisch einen neuen eingefrorenen Konflikt erzeugen w\u00fcrde\u201c. Dadurch k\u00e4me es gem\u00e4\u00df ihrer Einsch\u00e4tzung zu einem \u201eStatus quo wie jenem auf der koreanischen Halbinsel, der seit 70 Jahren ohne einen formalen Friedensvertrag weitgehend stabil geblieben ist. Auch Zypern ist seit Jahrzehnten geteilt, aber stabil. Das w\u00e4re kein ideales Ergebnis, aber besser als ein jahrelanger Krieg von hoher Intensit\u00e4t\u201c. Eine endg\u00fcltige Friedensregelung w\u00e4re zun\u00e4chst vertagt und bliebe diplomatischen Bem\u00fchungen vorbehalten. Diese Formel verb\u00e4nde \u201estrategischen Pragmatismus mit politischen Prinzipien\u201c und b\u00f6te anders als die Alternativen \u201eden Vorzug, das W\u00fcnschenswerte mit dem Machbaren zu verbinden\u201c. Angesichts dieses seit knapp einem Jahr vorliegenden Waffenstillstandsvorschlages aus der NATO-F\u00fchrungsmacht USA dr\u00e4ngt sich die Frage auf, aus welchen Gr\u00fcnden wohl kriegsbesoffene Transatlantiker \u00fcber analoge Verhandlungsans\u00e4tze hierzulande derart sch\u00e4umen.<\/p>\n<p>Sowohl f\u00fcr die kriegsgebeutelte Ukraine als auch f\u00fcr eine f\u00fcrderhin unabdingbare europ\u00e4ische Sicherheitsarchitektur verhei\u00dft dies nichts Gutes. Die f\u00fcr eine Neugestaltung letzterer essentielle Pr\u00e4misse brachte der Direktor des UN Sustainable Development Solutions Network\u2019s, der US-amerikanische Professor Jeffrey David Sachs auf den Punkt, indem er die Vereinigten Staaten von Amerika als f\u00fcr den Krieg in der Ukraine hauptverantwortliche Imperialmacht mit den Worten adressierte: \u201eDer Krieg in der Ukraine kann und wird aufh\u00f6ren, wenn die USA endlich ihre Bem\u00fchungen um eine Ausweitung der Nato auf die Ukraine einstellen und statt dessen direkt mit Russland \u00fcber dringende Fragen der gegenseitigen Sicherheit verhandeln, einschlie\u00dflich einer erneuerten Diplomatie zur nuklearen Abr\u00fcstung.\u201c<\/p>\n<p>Insbesondere, was den letzten Punkt, n\u00e4mlich die Nuklearwaffenproblematik betrifft, geschieht das exakte Gegenteil, wie das neue \u00bbStrategische Konzept\u00ab zeigt \u2013 ein vor Selbstgerechtigkeit triefendes und vor Selbstherrlichkeit strotzendes Dokument, welches am 29. Juni 2022 von den Staats- und Regierungschefs des B\u00fcndnisses in Madrid gebilligt wurde. Darin findet sich der strategisch fundamentale Glaubenssatz im Hinblick auf den Einsatz nuklearer Waffen, n\u00e4mlich: \u201eSolange es Kernwaffen gibt, wird die NATO ein nukleares B\u00fcndnis bleiben.\u201c Im selben Atemzug erkl\u00e4ren die Hohepriester der nuklearen Abschreckung indes in offensichtlich schizophrener Umnachtung: \u201eDer Vertrag \u00fcber die Nichtverbreitung von Kernwaffen ist das unverzichtbare Bollwerk gegen die Verbreitung von Kernwaffen und wir treten weiterhin entschieden f\u00fcr seine vollst\u00e4ndige Umsetzung einschlie\u00dflich Artikel VI ein. Die NATO hat zum Ziel, das Sicherheitsumfeld f\u00fcr eine Welt ohne Kernwaffen im Einklang mit den Zielen des Vertrags \u00fcber die Nichtverbreitung von Kernwaffen zu schaffen.\u201c Franz Kafka l\u00e4\u00dft herzlich gr\u00fc\u00dfen, treiben doch die in der NATO versammelten Atomm\u00e4chte die Modernisierung ihrer Arsenale obsessiv und unbeirrt von jeglichem V\u00f6lkerrecht, das nicht nur den Einsatz, sondern bereits die Drohung mit Nuklearwaffen verbietet, voran.<\/p>\n<p>Und auch die Bundesregierung schert sich den Teufel ums V\u00f6lkerrecht, indem sie weiterhin auf der sogenannten \u201enuklearen Teilhabe\u201c beharrt und zu diesem Behufe sogar f\u00fcr die aberwitzige Summe von rund 10 Mrd. Euro bei dem US-R\u00fcstungsgiganten Lockheed Martin ins\u00adgesamt 35 nuklearwaffenzertifizierte Kampfflugzeuge vom Typ F-35 bestellt hat. Deren deut\u00adsche Luftwaffenpiloten des im Eifeldorf B\u00fcchel dislozierten Taktischen Luftwaffengeschwaders 33 sollen US-amerikanische Atombomben ins Ziel bef\u00f6rdern \u2013 was nichts anderes als einen fla\u00adgranten Bruch des V\u00f6lkerrechts bedeutet.<\/p>\n<p>Es stellt einen v\u00f6llig inakzeptablen Skandal dar, da\u00df die B\u00fcrger und B\u00fcrgerinnen dieser Republik diesen fortw\u00e4hrenden V\u00f6lkerrechtsbruch nicht nur ohnm\u00e4chtig hinnehmen, sondern zudem mit ihren Steuergeldern auch noch widerstandslos finanzieren m\u00fcssen! Umso essentieller ist es, da\u00df alle, die den Frieden wollen, lautstark ihre Stimme erheben, um die Bundesregierung zur Vernunft zu rufen, damit auch Deutschland endlich dem Nuklearwaffenverbotsvertrag beitritt, den bis heute schon 91 Staaten unterzeichnet und 68 ratifiziert haben. Denn daran denken bis dato weder die deutsche Bundesregierung noch die anderen 31 im NATO-Hauptquartier in Br\u00fcssel versammelten, alles andere denn \u201elupenreinen\u201c Demokratien, ebenso wenig wie sie daran arbeiten, den Frieden auf der Welt zu f\u00f6rdern und die im ersten Kalten Krieg l\u00e4ngst erfolgreich erprobten Wege dahin zu beschreiten, wie vertrauens- und sicherheitsbildende Ma\u00dfnahmen, R\u00fcstungskontrolle und Abr\u00fcstung sowie Entspannung und friedliche Koexistenz. Solange dies freilich der Fall ist, bleibt die \u201eNATO \u2026 mit ihren weit mehr als 50 Prozent der Weltr\u00fcstungsausgaben ein B\u00fcndnis der Zerst\u00f6rung des Rechts, der Natur, der Wahrheit, der Zivilisation und in letzter Konsequenz der Menschheit\u201c (Bernhard Trautvetter). Und deshalb mu\u00df dieses m\u00e4chtigste und gewaltt\u00e4tigste Milit\u00e4rb\u00fcndnis der Geschichte, welches nach wie vor die gr\u00f6\u00dfte Gefahr f\u00fcr den Weltfrieden und die internationale Sicherheit bildet, endlich dort entsorgt werden, wo es l\u00e4ngst schon hingeh\u00f6rt: auf den Schutthaufen der Geschichte.<\/p>\n<p style=\"text-align: right;\"><em>Oberstleutnant a.D. J\u00fcrgen Rose ist Vorsitzender des Arbeitskreises &#8222;Darmst\u00e4dter Signal&#8220; und Mitglied des Beirats des Deutschen Freidenker-Verbandes<\/em><\/p>\n<hr \/>\n<p><span style=\"font-size: 10pt;\">Bild oben: J\u00fcrgen Rose w\u00e4hrend seiner Rede auf dem M\u00fcnchener Ostermarsch am 30.03.2024<\/span><br \/>\n<span style=\"font-size: 10pt;\">Foto: n.n., Quelle: <a href=\"https:\/\/www.gegen-krieg-und-rassismus.de\/ostermarsch\/juergen-rose-ostermarsch-muenchen-2024\/\" target=\"_blank\" rel=\"noopener\">https:\/\/www.gegen-krieg-und-rassismus.de<\/a><\/span><\/p>\n<\/div>\n<\/div>\n<\/section>\n<\/div>\n<\/div>\n<\/div>\n<\/div>\n","protected":false},"excerpt":{"rendered":"<p><b>Redebeitrag f\u00fcr den Ostermarsch M\u00fcnchen am 30. M\u00e4rz 2024 von J\u00fcrgen Rose<\/b><br \/>\nIn Zeiten wie den gegenw\u00e4rtigen, in denen selbst der Papst im Vatikan ins Fadenkreuz immer enthemmter eifernder und geifernder Kriegshetzer ger\u00e4t, ist es umso wichtiger, da\u00df Menschen wie Sie aufstehen, um lautstark gegen ma\u00dflosen Aufr\u00fcstungswahnsinn und hysterische Kriegstreiberei zu protestieren. Hierzu geh\u00f6ren durchaus Haltung und Mut angesichts des Umstandes, da\u00df Menschen, die nach Frieden und Abr\u00fcstung rufen statt nach immer mehr Waffen und immer mehr Krieg, vielfach unverbl\u00fcmt als \u201eLumpenpazifisten\u201c diffamiert werden seitens zahlreicher politischer und journalistischer Claqueure des Krieges, die umgekehrt wohl am treffendsten als \u201eSchurkenbellizisten\u201c zu titulieren w\u00e4ren. Das sicherlich prominenteste Opfer jener Kriegstreiberkanaille in letzter Zeit war Papst Franziskus, der sich k\u00fcrzlich erdreistet hatte, die Ukraine zu Friedensverhandlungen aufzurufen. <\/p>\n","protected":false},"author":3,"featured_media":18724,"comment_status":"closed","ping_status":"closed","sticky":false,"template":"","format":"standard","meta":{"colormag_page_container_layout":"default_layout","colormag_page_sidebar_layout":"default_layout","advanced_seo_description":"","jetpack_seo_html_title":"","jetpack_seo_noindex":false,"jetpack_post_was_ever_published":false,"footnotes":""},"categories":[13],"tags":[1061,1032,188,339,1491,1819,56,390,124,222,1111,639,185,345],"class_list":["post-18708","post","type-post","status-publish","format-standard","has-post-thumbnail","hentry","category-frieden-antifaschismus-solidaritaet","tag-atomwaffen","tag-bundesregierung","tag-krieg","tag-kriegspropaganda","tag-kriegstreiberei","tag-marschflugkoerper","tag-nato","tag-papst","tag-politik","tag-russland","tag-ukraine","tag-ukraine-konflikt","tag-usa","tag-voelkerrecht"],"jetpack_featured_media_url":"https:\/\/i0.wp.com\/www.freidenker.org\/fw17\/wp-content\/uploads\/2024\/04\/rose_om2024_muenchen_800x450.jpg?fit=800%2C450&ssl=1","jetpack_shortlink":"https:\/\/wp.me\/p9stpK-4RK","jetpack-related-posts":[{"id":15752,"url":"https:\/\/www.freidenker.org\/?p=15752","url_meta":{"origin":18708,"position":0},"title":"Osterm\u00e4rsche 2023: &#8222;Verhandeln statt schie\u00dfen&#8220;","author":"Webredaktion","date":"16. April 2023","format":false,"excerpt":"Wir dokumentieren in Texten, Bildern und Videos verschiedene Osterm\u00e4rsche unter Mitwirkung von Mitgliedern unseres Verbandes. Wir weisen besonders auf die fast sensationell zu nennende Rede eines Ukrainers beim Ostermarsch im hessischen Bruchk\u00f6bel hin, der sich klarer als viele Redner an diesem Wochenende gegen Waffenlieferungen an die Ukraine aussprach und feststellte:\u2026","rel":"","context":"In &quot;Frieden - Antifaschismus - Solidarit\u00e4t&quot;","block_context":{"text":"Frieden - Antifaschismus - Solidarit\u00e4t","link":"https:\/\/www.freidenker.org\/?cat=13"},"img":{"alt_text":"","src":"https:\/\/i0.wp.com\/www.freidenker.org\/fw17\/wp-content\/uploads\/2023\/04\/OM-2023_Frankfurt-a.M._Schmitthenner.jpg?fit=800%2C450&ssl=1&resize=350%2C200","width":350,"height":200,"srcset":"https:\/\/i0.wp.com\/www.freidenker.org\/fw17\/wp-content\/uploads\/2023\/04\/OM-2023_Frankfurt-a.M._Schmitthenner.jpg?fit=800%2C450&ssl=1&resize=350%2C200 1x, https:\/\/i0.wp.com\/www.freidenker.org\/fw17\/wp-content\/uploads\/2023\/04\/OM-2023_Frankfurt-a.M._Schmitthenner.jpg?fit=800%2C450&ssl=1&resize=525%2C300 1.5x, https:\/\/i0.wp.com\/www.freidenker.org\/fw17\/wp-content\/uploads\/2023\/04\/OM-2023_Frankfurt-a.M._Schmitthenner.jpg?fit=800%2C450&ssl=1&resize=700%2C400 2x"},"classes":[]},{"id":21538,"url":"https:\/\/www.freidenker.org\/?p=21538","url_meta":{"origin":18708,"position":1},"title":"Falsche Redner eingeladen: Ostermarsch D\u00fcsseldorf von Friedensbewegung Rhein-Ruhr ausgegrenzt","author":"Webredaktion","date":"28. April 2025","format":false,"excerpt":"Beitrag von Felicitas Rabe Organisiert vom Friedensforum D\u00fcsseldorf fand am Samstag der traditionelle D\u00fcsseldorfer Ostermarsch statt. Unter dem Motto \"Kriegst\u00fcchtig? Nicht mit uns!\" beteiligten sich am Samstag rund 700 Friedensaktivisten am D\u00fcsseldorfer Ostermarsch, darunter Bef\u00fcrworter und Mitglieder der pal\u00e4stinensischen Allianz NRW, der Assange-Gruppe D\u00fcsseldorf, der DKP, des B\u00fcndnisses Sahra Wagenknecht,\u2026","rel":"","context":"In &quot;Demokratie \u2013 Medien \u2013 Aufkl\u00e4rung&quot;","block_context":{"text":"Demokratie \u2013 Medien \u2013 Aufkl\u00e4rung","link":"https:\/\/www.freidenker.org\/?cat=12"},"img":{"alt_text":"","src":"https:\/\/i0.wp.com\/www.freidenker.org\/fw17\/wp-content\/uploads\/2025\/04\/Ostermarsch-Duesseldorf-2025_800x450.jpg?fit=800%2C450&ssl=1&resize=350%2C200","width":350,"height":200,"srcset":"https:\/\/i0.wp.com\/www.freidenker.org\/fw17\/wp-content\/uploads\/2025\/04\/Ostermarsch-Duesseldorf-2025_800x450.jpg?fit=800%2C450&ssl=1&resize=350%2C200 1x, https:\/\/i0.wp.com\/www.freidenker.org\/fw17\/wp-content\/uploads\/2025\/04\/Ostermarsch-Duesseldorf-2025_800x450.jpg?fit=800%2C450&ssl=1&resize=525%2C300 1.5x, https:\/\/i0.wp.com\/www.freidenker.org\/fw17\/wp-content\/uploads\/2025\/04\/Ostermarsch-Duesseldorf-2025_800x450.jpg?fit=800%2C450&ssl=1&resize=700%2C400 2x"},"classes":[]},{"id":18316,"url":"https:\/\/www.freidenker.org\/?p=18316","url_meta":{"origin":18708,"position":2},"title":"Kriegstreiber unerw\u00fcnscht!","author":"Webredaktion","date":"23. Februar 2024","format":false,"excerpt":"Rede von J\u00fcrgen Rose anl\u00e4sslich der 60. M\u00fcnchner (Un-)Sicherheitskonferenz am 17. Februar 2024 Sehr geehrte Versammelte, liebe Friedensfreundinnen und Friedensfreunde! Es ehrt Sie sehr, dass Sie heute hier so zahlreich erschienen sind und damit ein Zeichen setzen f\u00fcr den Frieden auf der Welt, obschon es durchaus Elan und Mut braucht,\u2026","rel":"","context":"In &quot;Frieden - Antifaschismus - Solidarit\u00e4t&quot;","block_context":{"text":"Frieden - Antifaschismus - Solidarit\u00e4t","link":"https:\/\/www.freidenker.org\/?cat=13"},"img":{"alt_text":"","src":"https:\/\/i0.wp.com\/www.freidenker.org\/fw17\/wp-content\/uploads\/2024\/02\/Rose_Rede_Siko_2024_800x450.jpg?fit=800%2C450&ssl=1&resize=350%2C200","width":350,"height":200,"srcset":"https:\/\/i0.wp.com\/www.freidenker.org\/fw17\/wp-content\/uploads\/2024\/02\/Rose_Rede_Siko_2024_800x450.jpg?fit=800%2C450&ssl=1&resize=350%2C200 1x, https:\/\/i0.wp.com\/www.freidenker.org\/fw17\/wp-content\/uploads\/2024\/02\/Rose_Rede_Siko_2024_800x450.jpg?fit=800%2C450&ssl=1&resize=525%2C300 1.5x, https:\/\/i0.wp.com\/www.freidenker.org\/fw17\/wp-content\/uploads\/2024\/02\/Rose_Rede_Siko_2024_800x450.jpg?fit=800%2C450&ssl=1&resize=700%2C400 2x"},"classes":[]},{"id":19823,"url":"https:\/\/www.freidenker.org\/?p=19823","url_meta":{"origin":18708,"position":3},"title":"Die Waffen nieder! \u2013 Friedensf\u00e4hig statt kriegst\u00fcchtig!","author":"Webredaktion","date":"8. September 2024","format":false,"excerpt":"Rede auf einer Friedenskundgebung in Schw\u00e4bisch Hall von J\u00fcrgen Rose In Zeiten wie den gegenw\u00e4rtigen, in denen selbst der Papst im Vatikan gemeinsam mit ehemaligen Bundeswehrgener\u00e4len ins Fadenkreuz immer enthemmter eifernder und geifernder Kriegshetzer geraten, ist es umso wichtiger, dass Menschen wie Sie aufstehen, um lautstark gegen ma\u00dflosen Aufr\u00fcstungswahnsinn und\u2026","rel":"","context":"In &quot;Frieden - Antifaschismus - Solidarit\u00e4t&quot;","block_context":{"text":"Frieden - Antifaschismus - Solidarit\u00e4t","link":"https:\/\/www.freidenker.org\/?cat=13"},"img":{"alt_text":"","src":"https:\/\/i0.wp.com\/www.freidenker.org\/fw17\/wp-content\/uploads\/2024\/09\/rose_muenchen_2023_800x450.jpg?fit=800%2C450&ssl=1&resize=350%2C200","width":350,"height":200,"srcset":"https:\/\/i0.wp.com\/www.freidenker.org\/fw17\/wp-content\/uploads\/2024\/09\/rose_muenchen_2023_800x450.jpg?fit=800%2C450&ssl=1&resize=350%2C200 1x, https:\/\/i0.wp.com\/www.freidenker.org\/fw17\/wp-content\/uploads\/2024\/09\/rose_muenchen_2023_800x450.jpg?fit=800%2C450&ssl=1&resize=525%2C300 1.5x, https:\/\/i0.wp.com\/www.freidenker.org\/fw17\/wp-content\/uploads\/2024\/09\/rose_muenchen_2023_800x450.jpg?fit=800%2C450&ssl=1&resize=700%2C400 2x"},"classes":[]},{"id":4599,"url":"https:\/\/www.freidenker.org\/?p=4599","url_meta":{"origin":18708,"position":4},"title":"Aufruf zum Berliner Ostermarsch 2018","author":"Webredaktion","date":"22. Februar 2018","format":false,"excerpt":"Aufruf der Berliner Friko zum Ostermarsch am 31.03.2018: In den kommenden 6 Jahren sollen die Milit\u00e4rausgaben verdoppelt werden. W\u00e4hrend soziale Unsicherheit und Not in unserem Land wachsen, Mieten unerschwinglich werden, viele Menschen trotz Arbeit nicht genug zum Leben haben und immer mehr Menschen in Armut leben m\u00fcssen, sollen wir die\u2026","rel":"","context":"In &quot;Frieden - Antifaschismus - Solidarit\u00e4t&quot;","block_context":{"text":"Frieden - Antifaschismus - Solidarit\u00e4t","link":"https:\/\/www.freidenker.org\/?cat=13"},"img":{"alt_text":"","src":"https:\/\/i0.wp.com\/www.freidenker.org\/fw17\/wp-content\/uploads\/2018\/02\/Berliner_Ostermarsch_2018_abruesten_800x445.jpg?fit=800%2C445&ssl=1&resize=350%2C200","width":350,"height":200,"srcset":"https:\/\/i0.wp.com\/www.freidenker.org\/fw17\/wp-content\/uploads\/2018\/02\/Berliner_Ostermarsch_2018_abruesten_800x445.jpg?fit=800%2C445&ssl=1&resize=350%2C200 1x, https:\/\/i0.wp.com\/www.freidenker.org\/fw17\/wp-content\/uploads\/2018\/02\/Berliner_Ostermarsch_2018_abruesten_800x445.jpg?fit=800%2C445&ssl=1&resize=525%2C300 1.5x, https:\/\/i0.wp.com\/www.freidenker.org\/fw17\/wp-content\/uploads\/2018\/02\/Berliner_Ostermarsch_2018_abruesten_800x445.jpg?fit=800%2C445&ssl=1&resize=700%2C400 2x"},"classes":[]},{"id":24883,"url":"https:\/\/www.freidenker.org\/?p=24883","url_meta":{"origin":18708,"position":5},"title":"Osterm\u00e4rsche 2026 in Hessen","author":"Webredaktion","date":"18. April 2026","format":false,"excerpt":"Wir berichten von einigen Veranstaltungen anl\u00e4sslich der Osterm\u00e4rsche in Hessen, an denen auch zahlreiche Mitglieder unseres Verbandes teilnahmen und mitwirkten. Der traditionelle Start der Hessischen Osterm\u00e4rsche fand auch diesmal mit dem Ostermarsch der Friedenplattform Hanau 2026 am Karfreitag (3.4.26) in Bruchk\u00f6bel statt. Die Kundgebung begann um 14:00 Uhr und stand\u2026","rel":"","context":"In &quot;Aktuelles&quot;","block_context":{"text":"Aktuelles","link":"https:\/\/www.freidenker.org\/?cat=574"},"img":{"alt_text":"","src":"https:\/\/i0.wp.com\/www.freidenker.org\/fw17\/wp-content\/uploads\/2026\/04\/OM26-Frankfurt-133056_800x450.jpg?fit=800%2C450&ssl=1&resize=350%2C200","width":350,"height":200,"srcset":"https:\/\/i0.wp.com\/www.freidenker.org\/fw17\/wp-content\/uploads\/2026\/04\/OM26-Frankfurt-133056_800x450.jpg?fit=800%2C450&ssl=1&resize=350%2C200 1x, https:\/\/i0.wp.com\/www.freidenker.org\/fw17\/wp-content\/uploads\/2026\/04\/OM26-Frankfurt-133056_800x450.jpg?fit=800%2C450&ssl=1&resize=525%2C300 1.5x, https:\/\/i0.wp.com\/www.freidenker.org\/fw17\/wp-content\/uploads\/2026\/04\/OM26-Frankfurt-133056_800x450.jpg?fit=800%2C450&ssl=1&resize=700%2C400 2x"},"classes":[]}],"_links":{"self":[{"href":"https:\/\/www.freidenker.org\/index.php?rest_route=\/wp\/v2\/posts\/18708","targetHints":{"allow":["GET"]}}],"collection":[{"href":"https:\/\/www.freidenker.org\/index.php?rest_route=\/wp\/v2\/posts"}],"about":[{"href":"https:\/\/www.freidenker.org\/index.php?rest_route=\/wp\/v2\/types\/post"}],"author":[{"embeddable":true,"href":"https:\/\/www.freidenker.org\/index.php?rest_route=\/wp\/v2\/users\/3"}],"replies":[{"embeddable":true,"href":"https:\/\/www.freidenker.org\/index.php?rest_route=%2Fwp%2Fv2%2Fcomments&post=18708"}],"version-history":[{"count":0,"href":"https:\/\/www.freidenker.org\/index.php?rest_route=\/wp\/v2\/posts\/18708\/revisions"}],"wp:featuredmedia":[{"embeddable":true,"href":"https:\/\/www.freidenker.org\/index.php?rest_route=\/wp\/v2\/media\/18724"}],"wp:attachment":[{"href":"https:\/\/www.freidenker.org\/index.php?rest_route=%2Fwp%2Fv2%2Fmedia&parent=18708"}],"wp:term":[{"taxonomy":"category","embeddable":true,"href":"https:\/\/www.freidenker.org\/index.php?rest_route=%2Fwp%2Fv2%2Fcategories&post=18708"},{"taxonomy":"post_tag","embeddable":true,"href":"https:\/\/www.freidenker.org\/index.php?rest_route=%2Fwp%2Fv2%2Ftags&post=18708"}],"curies":[{"name":"wp","href":"https:\/\/api.w.org\/{rel}","templated":true}]}}