{"id":186,"date":"2010-01-01T15:56:48","date_gmt":"2010-01-01T14:56:48","guid":{"rendered":"http:\/\/www.freidenker.org\/fw17\/?p=186"},"modified":"2019-06-27T21:33:58","modified_gmt":"2019-06-27T19:33:58","slug":"bedeutung-und-geschichte-von-jugendweihen-und-jugendfeiern","status":"publish","type":"post","link":"https:\/\/www.freidenker.org\/?p=186","title":{"rendered":"Bedeutung und Geschichte von Jugendweihen und Jugendfeiern"},"content":{"rendered":"<p><em>Die Jugendweihe ist eine festliche Aufnahme in die Welt des Erwachsenseins. Sie makiert den \u00dcbergang vom Jugend- ins Erwachsenenalter. Sie ist eine nichtkirchliche Alternative zur Konfirmation der evangelischen Kirchen und zur Firmung in der katholischen Kirche.<\/em><\/p>\n<p><strong>Zur heutige Bedeutung der Jugendweihe<\/strong>:<em> F\u00fcr immer mehr Jugendliche stellt sich die Frage: Hat es Sinn, ohne religi\u00f6se \u00dcberzeugung an der kirchlichen Feier zum Erwachsenwerden teilzunehmen? Der immer gr\u00f6\u00dfer werdenden Zahl von Kirchenaustritten der Erwachsenen muss nicht das weltanschauliche Nichts f\u00fcr die Kinder folgen. Au\u00dfer religi\u00f6sen Ansichten gibt es zumindest noch die Ansicht, dass das Leben vor dem Tode stattfindet. Das richtige Leben! Und dass dieses Leben von den Menschen gestaltet werden kann &#8211; und muss! Die Freidenker wollen dazu anregen, sich \u00fcber die Probleme der Welt einen eigenen Kopf zu machen. Dazu gibt es Diskussionsrunden: Von Religion und Aberglauben, bis zu Philosophie und Liebe. Und zu guter Letzt: Eine gro\u00dfe Feier mit kulturellen Beitr\u00e4gen und einer sch\u00f6nen Rede &#8211; die Jugendfeier.<\/em><\/p>\n<p><strong>Zur Geschichte der Jugendweihe:<\/strong><em><em>Der Begriff Jugendweihe wurde 1852 von dem Demokraten, Pfarrer und freireligi\u00f6sen Prediger Eduard Baltzer (1814-1887), dem ersten Pr\u00e4sidenten des Bundes Freireligi\u00f6ser Gemeinden Deutschlands, gepr\u00e4gt. Die aufkl\u00e4rerische Tradition der freireligi\u00f6sen Bewegung wurde von der Arbeiterbewegung \u00fcbernommen. In der Weimarer Republik (1918\u20131933) erlebte die Jugendweihe einen gro\u00dfen Aufschwung in den Organisationen der Freidenker und der Arbeiterbewegung. Nach dem Ende der Verfolgung durch die Nazi-Diktatur entwickelte sich die Jugendweihe in den beiden deutschen Staaten unterschiedlich. In der DDR wurde die Jugendweihe zur staatlich gef\u00f6rderten Feier am Ende des 8. Schuljahres. Die Durchf\u00fchrung des vorbreitenden Unterrichts und der Feierlichkeiten wurden von den &#8222;Aussch\u00fcssen f\u00fcr Jugendweihe&#8220; in ehrenamtlicher Arbeit getragen. An der Jugendweihe nahm die \u00fcberwiegende Mehrheit der Jugendlichen teil. Auch heute nehmen in den &#8222;neuen Bundesl\u00e4ndern&#8220; laut wikipedia nach Sch\u00e4tzungen etwa 40% der Jugendlichen an Jugendweihen teil.\u00a0 In der BRD konnte die Jugendweihe die alte Bedeutung und Gr\u00f6\u00dfe nicht erreichen. Hier waren es\u00a0 die freidenkerischen Organisationen, welche die Tradition der Jugendweihe \u00fcbernahmen und weiterentwickelten.<\/em><\/em><\/p>\n<hr \/>\n<p>Bild: FreeImages.com\/Statue von die 3 Stufen der Liebe, Carlos Koblischek<\/p>\n","protected":false},"excerpt":{"rendered":"<p>F\u00fcr immer mehr Jugendliche stellt sich die Frage: Hat es Sinn, ohne religi\u00f6se \u00dcberzeugung an der kirchlichen Feier zum Erwachsenwerden teilzunehmen? Der immer gr\u00f6\u00dfer werdenden Zahl von Kirchenaustritten der Erwachsenen muss nicht das weltanschauliche Nichts f\u00fcr die Kinder folgen. Au\u00dfer religi\u00f6sen Ansichten gibt es zumindest noch die Ansicht, dass das Leben vor dem Tode stattfindet. Das richtige Leben! Und dass dieses Leben von den Menschen gestaltet werden kann &#8211; und muss! Die Freidenker wollen dazu anregen, sich \u00fcber die Probleme der Welt einen eigenen Kopf zu machen. Dazu gibt es Diskussionsrunden: Von Religion und Aberglauben, bis zu Philosophie und Liebe. Und zu guter Letzt: Eine gro\u00dfe Feier mit kulturellen Beitr\u00e4gen und einer sch\u00f6nen Rede &#8211; die Jugendfeier.<\/p>\n","protected":false},"author":2,"featured_media":187,"comment_status":"closed","ping_status":"closed","sticky":false,"template":"","format":"standard","meta":{"colormag_page_container_layout":"default_layout","colormag_page_sidebar_layout":"default_layout","advanced_seo_description":"","jetpack_seo_html_title":"","jetpack_seo_noindex":false,"jetpack_post_was_ever_published":false,"footnotes":""},"categories":[1162,14],"tags":[366,365],"class_list":["post-186","post","type-post","status-publish","format-standard","has-post-thumbnail","hentry","category-geschichte","category-jugendweihe-jugendfeier","tag-jugendfeier","tag-jugendweihe"],"jetpack_featured_media_url":"https:\/\/i0.wp.com\/www.freidenker.org\/fw17\/wp-content\/uploads\/2016\/05\/Statue_3_Stufen_der_Liebe.jpg?fit=800%2C445&ssl=1","jetpack_shortlink":"https:\/\/wp.me\/p9stpK-30","jetpack-related-posts":[{"id":183,"url":"https:\/\/www.freidenker.org\/?p=183","url_meta":{"origin":186,"position":0},"title":"120 Jahre Jugendweihe \/ Jugendfeier in Deutschland","author":"Webmaster","date":"17. M\u00e4rz 2010","format":false,"excerpt":"Beitrag von Eberhard Schinck aus FREIDENKER 1-10 Proletarische Freidenker und Arbeiterbewegung lehnten den Begriff Jugendweihe zun\u00e4chst ab, weil er Vorstellungen von \u201eSegnen\u201c und \u201eWeihen\u201c zul\u00e4sst. Die Unterscheidung zwischen \u201eSchulentlassungsfeier\u201c und \u201eJugendweihe\u201c hatte also einen politischen Grund. Ab 1890 etwa hatten sich die meisten Freireligi\u00f6sen Gemeinden in einem komplizierten Entwicklungsprozess der\u2026","rel":"","context":"In &quot;Geschichte&quot;","block_context":{"text":"Geschichte","link":"https:\/\/www.freidenker.org\/?cat=1162"},"img":{"alt_text":"","src":"https:\/\/i0.wp.com\/www.freidenker.org\/fw17\/wp-content\/uploads\/2016\/05\/Frau-mit-roter-Rose.jpg?fit=800%2C445&ssl=1&resize=350%2C200","width":350,"height":200,"srcset":"https:\/\/i0.wp.com\/www.freidenker.org\/fw17\/wp-content\/uploads\/2016\/05\/Frau-mit-roter-Rose.jpg?fit=800%2C445&ssl=1&resize=350%2C200 1x, https:\/\/i0.wp.com\/www.freidenker.org\/fw17\/wp-content\/uploads\/2016\/05\/Frau-mit-roter-Rose.jpg?fit=800%2C445&ssl=1&resize=525%2C300 1.5x, https:\/\/i0.wp.com\/www.freidenker.org\/fw17\/wp-content\/uploads\/2016\/05\/Frau-mit-roter-Rose.jpg?fit=800%2C445&ssl=1&resize=700%2C400 2x"},"classes":[]},{"id":179,"url":"https:\/\/www.freidenker.org\/?p=179","url_meta":{"origin":186,"position":1},"title":"125 Jahre Jugendweihe in Hamburg","author":"Webmaster","date":"6. Mai 2015","format":false,"excerpt":"Beitrag von Helmuth Sturmhoebel In Hamburg wurde im Fr\u00fchjahr 1882 die \u00bbFreidenker-Gesellschaft Hamburg\u00ab gegr\u00fcndet. Schon Anfang 1886 wurde versucht, die Einrichtung von Schulen f\u00fcr Konfessionslose zu erreichen, jedoch ohne Erfolg. W\u00e4hrend sich in Hamburg die Freidenker noch stritten, wurde in Barmbek, damals noch selbst\u00e4ndig, heute ein Stadtteil von Hamburg, die\u2026","rel":"","context":"In &quot;Geschichte&quot;","block_context":{"text":"Geschichte","link":"https:\/\/www.freidenker.org\/?cat=1162"},"img":{"alt_text":"","src":"https:\/\/i0.wp.com\/www.freidenker.org\/fw17\/wp-content\/uploads\/2016\/05\/Hamburg.jpg?fit=800%2C445&ssl=1&resize=350%2C200","width":350,"height":200,"srcset":"https:\/\/i0.wp.com\/www.freidenker.org\/fw17\/wp-content\/uploads\/2016\/05\/Hamburg.jpg?fit=800%2C445&ssl=1&resize=350%2C200 1x, https:\/\/i0.wp.com\/www.freidenker.org\/fw17\/wp-content\/uploads\/2016\/05\/Hamburg.jpg?fit=800%2C445&ssl=1&resize=525%2C300 1.5x, https:\/\/i0.wp.com\/www.freidenker.org\/fw17\/wp-content\/uploads\/2016\/05\/Hamburg.jpg?fit=800%2C445&ssl=1&resize=700%2C400 2x"},"classes":[]},{"id":4226,"url":"https:\/\/www.freidenker.org\/?p=4226","url_meta":{"origin":186,"position":2},"title":"Was haben die Freidenker mit der Jugendfeier zu tun?","author":"Webredaktion","date":"27. Mai 2017","format":false,"excerpt":"Interview der Jugendfeier-Teilnehmerin Sara Martin mit Klaus Hartmann K.H.: Bei den Kirchen gibt es Konfirmation oder Firmung, aber schon l\u00e4ngere Zeit vorher, eigentlich zu allen Zeiten, in allen Kulturkreisen, wurde der \u00dcbergang ins Erwachsenenleben durch sogenannte Initiationsriten gefeiert. Und die Freidenker bieten Feiern, weltliche Feiern zu allen Wendepunkten des Lebens\u2026","rel":"","context":"In &quot;Geschichte&quot;","block_context":{"text":"Geschichte","link":"https:\/\/www.freidenker.org\/?cat=1162"},"img":{"alt_text":"","src":"https:\/\/i0.wp.com\/www.freidenker.org\/fw17\/wp-content\/uploads\/2017\/11\/Jugendfeier_Hessen_2017.jpg?fit=800%2C445&ssl=1&resize=350%2C200","width":350,"height":200,"srcset":"https:\/\/i0.wp.com\/www.freidenker.org\/fw17\/wp-content\/uploads\/2017\/11\/Jugendfeier_Hessen_2017.jpg?fit=800%2C445&ssl=1&resize=350%2C200 1x, https:\/\/i0.wp.com\/www.freidenker.org\/fw17\/wp-content\/uploads\/2017\/11\/Jugendfeier_Hessen_2017.jpg?fit=800%2C445&ssl=1&resize=525%2C300 1.5x, https:\/\/i0.wp.com\/www.freidenker.org\/fw17\/wp-content\/uploads\/2017\/11\/Jugendfeier_Hessen_2017.jpg?fit=800%2C445&ssl=1&resize=700%2C400 2x"},"classes":[]},{"id":193,"url":"https:\/\/www.freidenker.org\/?p=193","url_meta":{"origin":186,"position":3},"title":"Jugendweihe 2005 in Dresden","author":"Webmaster","date":"17. Juni 2005","format":false,"excerpt":"Beitrag von Heinz Nikolaus aus FREIDENKER 2-05 Im Sinne der mehr als 100-j\u00e4hrigen Freidenkertradition in Deutschland wurden nach dem .Anschluss' der DDR an die Bundesrepublik Deutschland bei uns in Sachsen viel Kraft und viele Ideen entwickelt, um nach wie vor jungen Menschen ein bleibendes Erlebnis ihrer Jugendweihe zu erm\u00f6glichen, diese\u2026","rel":"","context":"In &quot;Jugendweihe &amp; Jugendfeier&quot;","block_context":{"text":"Jugendweihe &amp; Jugendfeier","link":"https:\/\/www.freidenker.org\/?cat=14"},"img":{"alt_text":"","src":"https:\/\/i0.wp.com\/www.freidenker.org\/fw17\/wp-content\/uploads\/2016\/05\/Dresden.jpg?fit=800%2C445&ssl=1&resize=350%2C200","width":350,"height":200,"srcset":"https:\/\/i0.wp.com\/www.freidenker.org\/fw17\/wp-content\/uploads\/2016\/05\/Dresden.jpg?fit=800%2C445&ssl=1&resize=350%2C200 1x, https:\/\/i0.wp.com\/www.freidenker.org\/fw17\/wp-content\/uploads\/2016\/05\/Dresden.jpg?fit=800%2C445&ssl=1&resize=525%2C300 1.5x, https:\/\/i0.wp.com\/www.freidenker.org\/fw17\/wp-content\/uploads\/2016\/05\/Dresden.jpg?fit=800%2C445&ssl=1&resize=700%2C400 2x"},"classes":[]},{"id":229,"url":"https:\/\/www.freidenker.org\/?p=229","url_meta":{"origin":186,"position":4},"title":"Nicht religi\u00f6s und trotzdem 14","author":"Webmaster","date":"10. Januar 2016","format":false,"excerpt":"\"Nicht religi\u00f6s und trotzdem 14?!\" Dass das \u201ejeder und jedem passieren\" kann, \u201eaber nicht schlecht sein\" muss, darauf verweist die Internetseite www.jugendfeier-hessen.de des hessischen DFV-Landesverbandes. Denn nicht nur die Hessen, sondern auch die meisten der anderen Landesverb\u00e4nde organisieren jedes Jahr wieder im Mai und Juni Jugendweihen bzw. Jugendfeiern, bei denen\u2026","rel":"","context":"In &quot;Jugendweihe &amp; Jugendfeier&quot;","block_context":{"text":"Jugendweihe &amp; Jugendfeier","link":"https:\/\/www.freidenker.org\/?cat=14"},"img":{"alt_text":"","src":"https:\/\/i0.wp.com\/www.freidenker.org\/fw17\/wp-content\/uploads\/2016\/07\/14_Jugendweihe.jpg?fit=800%2C445&ssl=1&resize=350%2C200","width":350,"height":200,"srcset":"https:\/\/i0.wp.com\/www.freidenker.org\/fw17\/wp-content\/uploads\/2016\/07\/14_Jugendweihe.jpg?fit=800%2C445&ssl=1&resize=350%2C200 1x, https:\/\/i0.wp.com\/www.freidenker.org\/fw17\/wp-content\/uploads\/2016\/07\/14_Jugendweihe.jpg?fit=800%2C445&ssl=1&resize=525%2C300 1.5x, https:\/\/i0.wp.com\/www.freidenker.org\/fw17\/wp-content\/uploads\/2016\/07\/14_Jugendweihe.jpg?fit=800%2C445&ssl=1&resize=700%2C400 2x"},"classes":[]},{"id":197,"url":"https:\/\/www.freidenker.org\/?p=197","url_meta":{"origin":186,"position":5},"title":"Jugendfeier 2005 in M\u00fcnchen","author":"Webmaster","date":"17. Juni 2005","format":false,"excerpt":"Beitrag von Christiane Kr\u00f6ll aus FREIDENKER 2-05 Unter dem Motto \"\u00c4ndere die Welt, sie braucht es.\" begingen in M\u00fcnchen 12 Jugendliche mit rund 100 G\u00e4sten am Vorabend des \"Tages der Befreiung\" ihre Jugendfeier in der Gastst\u00e4tte Weyprechthof. In der Festrede hob Eva Bulling-Schr\u00f6ter, Landesvorsitzende der PDS Bayern und Freidenker-Mitglied, u.a.\u2026","rel":"","context":"In &quot;Jugendweihe &amp; Jugendfeier&quot;","block_context":{"text":"Jugendweihe &amp; Jugendfeier","link":"https:\/\/www.freidenker.org\/?cat=14"},"img":{"alt_text":"","src":"https:\/\/i0.wp.com\/www.freidenker.org\/fw17\/wp-content\/uploads\/2016\/05\/Munch.jpg?fit=800%2C445&ssl=1&resize=350%2C200","width":350,"height":200,"srcset":"https:\/\/i0.wp.com\/www.freidenker.org\/fw17\/wp-content\/uploads\/2016\/05\/Munch.jpg?fit=800%2C445&ssl=1&resize=350%2C200 1x, https:\/\/i0.wp.com\/www.freidenker.org\/fw17\/wp-content\/uploads\/2016\/05\/Munch.jpg?fit=800%2C445&ssl=1&resize=525%2C300 1.5x, https:\/\/i0.wp.com\/www.freidenker.org\/fw17\/wp-content\/uploads\/2016\/05\/Munch.jpg?fit=800%2C445&ssl=1&resize=700%2C400 2x"},"classes":[]}],"_links":{"self":[{"href":"https:\/\/www.freidenker.org\/index.php?rest_route=\/wp\/v2\/posts\/186","targetHints":{"allow":["GET"]}}],"collection":[{"href":"https:\/\/www.freidenker.org\/index.php?rest_route=\/wp\/v2\/posts"}],"about":[{"href":"https:\/\/www.freidenker.org\/index.php?rest_route=\/wp\/v2\/types\/post"}],"author":[{"embeddable":true,"href":"https:\/\/www.freidenker.org\/index.php?rest_route=\/wp\/v2\/users\/2"}],"replies":[{"embeddable":true,"href":"https:\/\/www.freidenker.org\/index.php?rest_route=%2Fwp%2Fv2%2Fcomments&post=186"}],"version-history":[{"count":0,"href":"https:\/\/www.freidenker.org\/index.php?rest_route=\/wp\/v2\/posts\/186\/revisions"}],"wp:featuredmedia":[{"embeddable":true,"href":"https:\/\/www.freidenker.org\/index.php?rest_route=\/wp\/v2\/media\/187"}],"wp:attachment":[{"href":"https:\/\/www.freidenker.org\/index.php?rest_route=%2Fwp%2Fv2%2Fmedia&parent=186"}],"wp:term":[{"taxonomy":"category","embeddable":true,"href":"https:\/\/www.freidenker.org\/index.php?rest_route=%2Fwp%2Fv2%2Fcategories&post=186"},{"taxonomy":"post_tag","embeddable":true,"href":"https:\/\/www.freidenker.org\/index.php?rest_route=%2Fwp%2Fv2%2Ftags&post=186"}],"curies":[{"name":"wp","href":"https:\/\/api.w.org\/{rel}","templated":true}]}}