{"id":18587,"date":"2024-03-24T23:48:02","date_gmt":"2024-03-24T22:48:02","guid":{"rendered":"https:\/\/www.freidenker.org\/?p=18587"},"modified":"2024-05-09T01:16:41","modified_gmt":"2024-05-08T23:16:41","slug":"deutscher-groessenwahn-wolfgang-ischinger-will-russland-bezwingen","status":"publish","type":"post","link":"https:\/\/www.freidenker.org\/?p=18587","title":{"rendered":"Deutscher Gr\u00f6\u00dfenwahn: Wolfgang Ischinger will Russland bezwingen"},"content":{"rendered":"<p><strong>Die Deutschen werden mit der immer gleichen Message beschallt: Man m\u00fcsse die Ukraine mit Waffenlieferungen zu einem Sieg \u00fcber Russland bef\u00e4higen. Auch der ehemalige Leiter der M\u00fcnchner Sicherheitskonferenz reiht sich in den Chor der Propagandisten ein. Realistisch ist daran nichts. <\/strong><\/p>\n<p><em>Von <strong>Gert Ewen Ungar<\/strong><\/em><\/p>\n<p><span style=\"font-size: 10pt;\">Erstver\u00f6ffentlichung am 20.03.2024 auf <a href=\"https:\/\/freedert.online\/meinung\/200102-deutscher-groessenwahn-wolfgang-ischinger-will\/\" target=\"_blank\" rel=\"noopener\">RT DE<\/a><\/span><\/p>\n<p>&#8222;Putin verhandelt erst, wenn er zu verlieren beginnt&#8220;, behauptet der ehemalige Leiter der M\u00fcnchner Sicherheitskonferenz, Wolfgang Ischinger, in einem <a href=\"https:\/\/www.welt.de\/politik\/ausland\/video250656759\/Wolfgang-Ischinger-Putin-verhandelt-erst-wenn-er-zu-verlieren-beginnt-keine-Sekunde-frueher.html\" target=\"_blank\" rel=\"noopener noreferrer\">Interview<\/a> mit der <em>Welt<\/em>. Er wiederholte diese Behauptung auf dem Kurznachrichtendienst <em>X<\/em>.<\/p>\n<p>Das ist angesichts der tats\u00e4chlichen Lage in der Ukraine eine bizarre Aussage. Es gibt derzeit kein realistisches Szenario, nach dem Russland diesen Krieg verlieren wird. Die USA sind aufgrund eines Haushaltsstreits nicht in der Lage, die Ukraine weiter zu unterst\u00fctzen. Die fehlenden Mittel k\u00f6nnen von Deutschland und der EU nicht einfach ersetzt werden. Kiews Armee\u00a0ist in der Defensive, russische Truppen r\u00fccken auf der ganzen Front vor.<\/p>\n<p>Mit der Lieferung von Taurus-Marschflugk\u00f6rpern w\u00e4re f\u00fcr Deutschland zudem das Ende der M\u00f6glichkeiten erreicht. Deutschland hat dann alles aufs Feld geworfen, was es hat. Demgegen\u00fcber verf\u00fcgt Russland noch \u00fcber eine gro\u00dfe Zahl von anderen Systemen, die bisher nicht zum Einsatz gekommen sind. Es w\u00e4re eigentlich Zeit f\u00fcr Verhandlungen, denn im n\u00e4chsten Schritt muss die Wei\u00dfe Flagge gehisst werden. In den USA wird bereits vom Zusammenbruch der Front gesprochen. In Deutschland \u00fcbt man sich indessen weiter in Durchhalteparolen.<\/p>\n<p>Daraus ergibt sich, dass Deutschland noch nicht einmal dann zu Verhandlungen bereit ist, wenn es dabei ist, zu verlieren. Das habe ich Ischinger auch geantwortet. Es entspann sich ein kleiner Dialog, der damit endete, dass Ischinger mich blockierte.<\/p>\n<figure class=\"RTImage-root\">\n<div class=\"RTImage-image RTImage-original\"><picture class=\"Picture-root Picture-original\"><source srcset=\" https:\/\/mf.b37mrtl.ru\/deutsch\/images\/2024.03\/original\/65fb026548fbef15f900271d.jpg 850w, https:\/\/mf.b37mrtl.ru\/deutsch\/images\/2024.03\/original\/65fb026548fbef15f900271d.jpg 1960w, \" media=\"(-webkit-min-device-pixel-ratio: 2) and (min-resolution: 120dpi)\" sizes=\"912px\" data-srcset=\" https:\/\/mf.b37mrtl.ru\/deutsch\/images\/2024.03\/original\/65fb026548fbef15f900271d.jpg 850w, https:\/\/mf.b37mrtl.ru\/deutsch\/images\/2024.03\/original\/65fb026548fbef15f900271d.jpg 1960w, \" \/><source srcset=\" https:\/\/mf.b37mrtl.ru\/deutsch\/images\/2024.03\/original\/65fb026548fbef15f900271d.jpg 460w, https:\/\/mf.b37mrtl.ru\/deutsch\/images\/2024.03\/original\/65fb026548fbef15f900271d.jpg 980w, \" sizes=\"912px\" data-srcset=\" https:\/\/mf.b37mrtl.ru\/deutsch\/images\/2024.03\/original\/65fb026548fbef15f900271d.jpg 460w, https:\/\/mf.b37mrtl.ru\/deutsch\/images\/2024.03\/original\/65fb026548fbef15f900271d.jpg 980w, \" \/><\/picture><a href=\"https:\/\/x.com\/ischinger\/status\/1770331087626977685?s=20\"><img data-recalc-dims=\"1\" loading=\"lazy\" decoding=\"async\" class=\"Picture-root Picture-original lazyautosizes lazyloaded alignnone\" src=\"https:\/\/i0.wp.com\/mf.b37mrtl.ru\/deutsch\/images\/2024.03\/original\/65fb026548fbef15f900271d.jpg?resize=546%2C528&#038;ssl=1\" sizes=\"auto, 912px\" alt=\"\" width=\"546\" height=\"528\" data-sizes=\"auto\" data-src=\"https:\/\/mf.b37mrtl.ru\/deutsch\/images\/2024.03\/original\/65fb026548fbef15f900271d.jpg\" \/><\/a><\/div>\n<\/figure>\n<p>Ischinger war Diplomat und hatte ausgezeichnete Kontakte zu hochrangigen Politikern weltweit. Er wei\u00df, wie internationale Politik funktioniert, er wei\u00df, wie Konflikte entstehen, woran sie sich entz\u00fcnden und wie sie aufgel\u00f6st werden k\u00f6nnen.<\/p>\n<p>Dennoch verbreitet Ischinger die deutsche Propaganda vom anlasslosen \u00dcberfall Russlands auf die Ukraine, greift dar\u00fcber hinaus zum Mittel der Gr\u00e4uelpropaganda. Ischinger behauptet ohne Beleg, Russland begehe Massenmord in der Ukraine. Doch auch die medienwirksam platzierten Bilder aus Butscha f\u00fchrten bisher nicht zu einer unabh\u00e4ngigen Untersuchung. Im Zusammenhang mit den Verhandlungen zwischen Kiew und Moskau im M\u00e4rz 2022 deutet inzwischen viel darauf hin, dass es sich bei Butscha um eine False-Flag-Operation handelte, die den Friedensschluss verunm\u00f6glichen sollte.<\/p>\n<p>Eine offizielle Untersuchung, wie von UN-Generalsekret\u00e4r Ant\u00f3nio Guterres gefordert, hat es nie gegeben. Schon allein das legt mindestens den Verdacht nahe, dass hier etwas nicht stimmt. Butscha wurde behauptet, aber nie bewiesen \u2013 und das, obwohl alles angeblich ganz eindeutig und ganz klar in die russische Richtung deutete. Hier ist etwas faul. Ischinger wei\u00df das.<\/p>\n<p>Mit der ungefilterten Verbreitung deutscher Propaganda und Desinformation ist Ischinger sicherlich auf dem moralischen Tiefpunkt seiner Karriere angelangt.\u00a0Er t\u00e4uscht das deutsche Publikum wissentlich \u00fcber die wahren Ursachen des Krieges.<\/p>\n<p>Ischinger behauptet, Russland h\u00e4tte mit der NATO-Russland-Grundakte einer Erweiterung der NATO zugestimmt. Das kann man so interpretieren, es setzt aber dennoch voraus, dass sich die NATO an die dort verabredeten Punkte wie Abr\u00fcstung, vertrauensbildende Ma\u00dfnahmen und Konfliktverh\u00fctung h\u00e4lt. Daran hat sich die NATO schlicht nicht gehalten.<\/p>\n<p>Zudem setzt die NATO-Russland-Grundakte bestehende Vereinbarungen nicht au\u00dfer Kraft. Hierzu z\u00e4hlt allen voran das Prinzip der kollektiven Sicherheit, das in der Schlussakte von Helsinki fixiert ist. Sicherheit gibt es nur f\u00fcr alle gleichzeitig, oder es gibt sie eben nicht. Genau hier liegt der Grund f\u00fcr den Konflikt. Auch das wei\u00df Ischinger. Er leugnet schlicht den Zusammenhang. Damit konfrontiert, blockt er. Ein klares Eingest\u00e4ndnis.<\/p>\n<p>Aber selbst dann, wenn man all die v\u00f6lkerrechtlichen Grundlagen leugnen w\u00fcrde, wenn man, wie Ischinger das tut, mit deutscher Bauernschl\u00e4ue versucht zu begr\u00fcnden, warum alle Vereinbarungen anders als ihrem Geist nach auszulegen sind, kommt man nicht umhin festzustellen, dass Russland zahllos auf seine Sicherheitsbedenken hingewiesen und die Achtung seiner Sicherheitsinteressen eingefordert hat. Sie permanent zu ignorieren und zu \u00fcbergehen, wie Deutschland, die EU und die NATO das tun, bedeutet, dass man die Eskalation sucht.<\/p>\n<p>Genau das ist passiert und das ist die Ursache des Konflikts in der Ukraine. Deutschland hat zwar dieses Mal nicht zuerst geschossen, aber alles daf\u00fcr getan, dass geschossen wird. Ischinger wei\u00df auch das. Es wurde ihm unter anderem im Bayerischen Hof gesagt, wo er die M\u00fcnchner Sicherheitskonferenz geleitet hat.<\/p>\n<p>Dass Ischinger behauptet, wenn die Ukraine Russland nicht stoppe, sei auch die Freiheit und der Friede in der EU bedroht, ist zutiefst unredlich. Er wei\u00df, dass auch diese Behauptung in den Bereich der Propaganda-M\u00e4rchen f\u00e4llt, mit denen man versucht in der Bev\u00f6lkerung Angst zu sch\u00fcren und die Bereitschaft f\u00fcr Krieg zu erh\u00f6hen. Ischinger wiederholt in einem einzigen Interview alle Fehler, die von deutschen Politikern und Diplomaten historisch gemacht wurden.<\/p>\n<p>Er wei\u00df, es geht um russische Sicherheitsinteressen, und um sonst nichts. Wird das Projekt, die Ukraine in die NATO aufzunehmen, aufgegeben, geht der Krieg zu Ende. Ischinger leugnet diesen klar ersichtlichen Zusammenhang.<\/p>\n<p>Das ist fatal, denn die Realit\u00e4t au\u00dferhalb der deutschen Propaganda-Blase ist bitter.\u00a0Bei dem gerade zu Ende gegangenen Treffen der Ukraine-Kontakt-Gruppe auf der US-Airbase in Ramstein sagte Deutschland die Lieferung von 10.000 Schuss Munition zu. Ein ganz eindr\u00fccklicher Realit\u00e4tscheck \u00fcber die deutschen M\u00f6glichkeiten, der Ukraine zu einem Sieg zu verhelfen. Vorausgesetzt, es handelt sich \u00fcberhaupt um Artilleriemunition, dann reicht die zugesagte Munition f\u00fcr etwa einen Tag. Das ist die Perspektive, die Deutschland der Ukraine er\u00f6ffnen kann: einen weiteren Tag Krieg. Mehr geht nicht.<\/p>\n<p>In dem Zusammenhang nimmt sich auch die erneute Forderung Ischingers naiv aus, die EU und Deutschland m\u00fcssten auf Kriegswirtschaft umstellen. Das geht nicht \u00fcber Nacht, und obendrein fehlen dazu alle Ressourcen.<\/p>\n<p>Doch von all diesen Tatsachen l\u00e4sst sich Ischinger nicht beirren. Trotz all der offenkundigen Defizite, will\u00a0er daran festhalten, die Ukraine durch Waffenlieferungen zu bef\u00e4higen, aus einer Position der St\u00e4rke mit Russland zu verhandeln. Ischinger will einen langen und f\u00fcr die Ukraine verlustreichen Krieg. Die v\u00f6llige Zerst\u00f6rung der Ukraine nimmt er dabei billigend in Kauf. In dem, was Ischinger sagt, dr\u00fcckt sich die deutsche Sehnsucht aus, verbrannte Erde zu hinterlassen.<\/p>\n<p>Am Ende all der Zerst\u00f6rung und des Krieges wird \u00fcbrigens eine neue Sicherheitsarchitektur f\u00fcr Europa stehen,\u00a0im Rahmen derer\u00a0die Sicherheitsinteressen aller europ\u00e4ischen L\u00e4nder \u2013 auch die Russlands \u2013 ber\u00fccksichtigt werden. Man h\u00e4tte sich den Umweg \u00fcber den Krieg und die Vernichtung von hunderttausenden Menschenleben ersparen k\u00f6nnen. Man h\u00e4tte dazu aber nicht auf die Desinformation und die Propaganda h\u00f6ren d\u00fcrfen, wie sie der Zyniker Wolfgang Ischinger verbreiten. Ischinger schadet der Ukraine, er schadet Deutschland und Europa.<\/p>\n<p style=\"text-align: right;\"><em>Gert-Ewen Ungar studierte Philosophie und Germanistik und schreibt regelm\u00e4\u00dfig f\u00fcr die <a href=\"https:\/\/www.neulandrebellen.de\/\" target=\"_blank\" rel=\"noopener\">Neulandrebellen<\/a><\/em><\/p>\n<hr \/>\n<p><span style=\"font-size: 10pt;\">Bild oben: <span class=\"mw-mmv-title\">Wolfgang Ischinger w\u00e4hrend der M\u00fcnchner Sicherheitskonferenz 2016<\/span><\/span><br \/>\n<span style=\"font-size: 10pt;\">Foto: Kuhlmann\/MSC, <a href=\"https:\/\/creativecommons.org\/licenses\/by\/3.0\/de\/deed.en\" target=\"_blank\" rel=\"noopener\">CC BY 3.0 de<\/a><\/span><br \/>\n<span style=\"font-size: 10pt;\">Quelle: <a href=\"https:\/\/commons.wikimedia.org\/w\/index.php?curid=63564391\" target=\"_blank\" rel=\"noopener\">https:\/\/commons.wikimedia.org\/w\/index.php?curid=63564391<\/a><\/span><\/p>\n","protected":false},"excerpt":{"rendered":"<p><b>Beitrag von Gert Ewen Ungar<\/b><br \/>\n&#8222;Putin verhandelt erst, wenn er zu verlieren beginnt&#8220;, behauptet der ehemalige Leiter der M\u00fcnchner Sicherheitskonferenz, Wolfgang Ischinger, in einem Interview mit der Welt. Er wiederholte diese Behauptung auf dem Kurznachrichtendienst X. Das ist angesichts der tats\u00e4chlichen Lage in der Ukraine eine bizarre Aussage. Es gibt derzeit kein realistisches Szenario, nach dem Russland diesen Krieg verlieren wird. Die USA sind aufgrund eines Haushaltsstreits nicht in der Lage, die Ukraine weiter zu unterst\u00fctzen. Die fehlenden Mittel k\u00f6nnen von Deutschland und der EU nicht einfach ersetzt werden. Kiews Armee\u00a0ist in der Defensive, russische Truppen r\u00fccken auf der ganzen Front vor. Mit der Lieferung von Taurus-Marschflugk\u00f6rpern w\u00e4re f\u00fcr Deutschland zudem das Ende der M\u00f6glichkeiten erreicht. Deutschland hat dann alles aufs Feld geworfen, was es hat. <\/p>\n","protected":false},"author":3,"featured_media":18588,"comment_status":"closed","ping_status":"closed","sticky":false,"template":"","format":"standard","meta":{"colormag_page_container_layout":"default_layout","colormag_page_sidebar_layout":"default_layout","advanced_seo_description":"","jetpack_seo_html_title":"","jetpack_seo_noindex":false,"jetpack_post_was_ever_published":false,"footnotes":""},"categories":[12],"tags":[1750,1819,56,637,222,1105,639,345,1525],"class_list":["post-18587","post","type-post","status-publish","format-standard","has-post-thumbnail","hentry","category-demokratie-medien-aufklaerung","tag-kriegswirtschaft","tag-marschflugkoerper","tag-nato","tag-propaganda","tag-russland","tag-sicherheitskonferenz","tag-ukraine-konflikt","tag-voelkerrecht","tag-waffenlieferungen"],"jetpack_featured_media_url":"https:\/\/i0.wp.com\/www.freidenker.org\/fw17\/wp-content\/uploads\/2024\/03\/Wolfgang_Ischinger_MSC_2016_800x450.jpg?fit=800%2C450&ssl=1","jetpack_shortlink":"https:\/\/wp.me\/p9stpK-4PN","jetpack-related-posts":[{"id":15363,"url":"https:\/\/www.freidenker.org\/?p=15363","url_meta":{"origin":18587,"position":0},"title":"Sicherheitskonferenz: Aus der EU kein Impuls f\u00fcr Frieden \u2013 daf\u00fcr aus China","author":"Webredaktion","date":"23. Februar 2023","format":false,"excerpt":"Beitrag von Gert Ewen Ungar Die M\u00fcnchner Sicherheitskonferenz nimmt f\u00fcr sich in Anspruch, ein wichtiges internationales Diskussionsforum zu sein. Diesem Anspruch wurde sie in diesem Jahr nicht gerecht. Offizielle russische Vertreter waren mit der Begr\u00fcndung, man wolle der russischen Propaganda keine B\u00fchne geben, nicht eingeladen. ... Eingeladen waren stattdessen der\u2026","rel":"","context":"In &quot;Demokratie \u2013 Medien \u2013 Aufkl\u00e4rung&quot;","block_context":{"text":"Demokratie \u2013 Medien \u2013 Aufkl\u00e4rung","link":"https:\/\/www.freidenker.org\/?cat=12"},"img":{"alt_text":"","src":"https:\/\/i0.wp.com\/www.freidenker.org\/fw17\/wp-content\/uploads\/2023\/02\/AWA_7203_800x450.jpg?fit=800%2C450&ssl=1&resize=350%2C200","width":350,"height":200,"srcset":"https:\/\/i0.wp.com\/www.freidenker.org\/fw17\/wp-content\/uploads\/2023\/02\/AWA_7203_800x450.jpg?fit=800%2C450&ssl=1&resize=350%2C200 1x, https:\/\/i0.wp.com\/www.freidenker.org\/fw17\/wp-content\/uploads\/2023\/02\/AWA_7203_800x450.jpg?fit=800%2C450&ssl=1&resize=525%2C300 1.5x, https:\/\/i0.wp.com\/www.freidenker.org\/fw17\/wp-content\/uploads\/2023\/02\/AWA_7203_800x450.jpg?fit=800%2C450&ssl=1&resize=700%2C400 2x"},"classes":[]},{"id":17572,"url":"https:\/\/www.freidenker.org\/?p=17572","url_meta":{"origin":18587,"position":1},"title":"Deutsche Propaganda: Wie &#8222;Die Zeit&#8220; ihre Leser in den Dritten Weltkrieg f\u00fchrt","author":"Webredaktion","date":"22. November 2023","format":false,"excerpt":"Beitrag von Gert Ewen Ungar Er ist einer der gr\u00f6\u00dften Kriegstreiber Deutschlands. Er sitzt dabei bequem in den Sesseln der deutschen Talkshows und weicht keiner Interview-Anfrage aus: Politikwissenschaftler Carlo Masala.\u00a0Masala verdingt sich nebenberuflich als Professor an der Universit\u00e4t der Bundeswehr in M\u00fcnchen. Hauptberuflich ist er Propagandist. Sein aktuell wichtigstes Anliegen:\u2026","rel":"","context":"In &quot;Demokratie \u2013 Medien \u2013 Aufkl\u00e4rung&quot;","block_context":{"text":"Demokratie \u2013 Medien \u2013 Aufkl\u00e4rung","link":"https:\/\/www.freidenker.org\/?cat=12"},"img":{"alt_text":"","src":"https:\/\/i0.wp.com\/www.freidenker.org\/fw17\/wp-content\/uploads\/2023\/11\/DieZeit_Weltkrieg_800x450.jpg?fit=800%2C450&ssl=1&resize=350%2C200","width":350,"height":200,"srcset":"https:\/\/i0.wp.com\/www.freidenker.org\/fw17\/wp-content\/uploads\/2023\/11\/DieZeit_Weltkrieg_800x450.jpg?fit=800%2C450&ssl=1&resize=350%2C200 1x, https:\/\/i0.wp.com\/www.freidenker.org\/fw17\/wp-content\/uploads\/2023\/11\/DieZeit_Weltkrieg_800x450.jpg?fit=800%2C450&ssl=1&resize=525%2C300 1.5x, https:\/\/i0.wp.com\/www.freidenker.org\/fw17\/wp-content\/uploads\/2023\/11\/DieZeit_Weltkrieg_800x450.jpg?fit=800%2C450&ssl=1&resize=700%2C400 2x"},"classes":[]},{"id":16863,"url":"https:\/\/www.freidenker.org\/?p=16863","url_meta":{"origin":18587,"position":2},"title":"Scholz schockiert: &#8222;Putin beschwert sich gar nicht \u00fcber die Sanktionen&#8220;","author":"Webredaktion","date":"30. August 2023","format":false,"excerpt":"Beitrag von Gert Ewen Ungar Die BILD-Zeitung ver\u00f6ffentlichte Teile aus einem Telefongespr\u00e4ch, das Bundeskanzler Scholz mit dem franz\u00f6sischen Pr\u00e4sidenten Macron gef\u00fchrt hat, nachdem beide zuvor mit Russlands Pr\u00e4sident Putin gesprochen hatten. Das Telefongespr\u00e4ch fand Anfang M\u00e4rz 2022 statt, am neunten Tag nach Beginn der milit\u00e4rischen Spezialoperation. Die Friedensverhandlungen zwischen der\u2026","rel":"","context":"In &quot;Demokratie \u2013 Medien \u2013 Aufkl\u00e4rung&quot;","block_context":{"text":"Demokratie \u2013 Medien \u2013 Aufkl\u00e4rung","link":"https:\/\/www.freidenker.org\/?cat=12"},"img":{"alt_text":"","src":"https:\/\/i0.wp.com\/www.freidenker.org\/fw17\/wp-content\/uploads\/2023\/08\/selenski-macron-scholz_800x450.jpg?fit=800%2C450&ssl=1&resize=350%2C200","width":350,"height":200,"srcset":"https:\/\/i0.wp.com\/www.freidenker.org\/fw17\/wp-content\/uploads\/2023\/08\/selenski-macron-scholz_800x450.jpg?fit=800%2C450&ssl=1&resize=350%2C200 1x, https:\/\/i0.wp.com\/www.freidenker.org\/fw17\/wp-content\/uploads\/2023\/08\/selenski-macron-scholz_800x450.jpg?fit=800%2C450&ssl=1&resize=525%2C300 1.5x, https:\/\/i0.wp.com\/www.freidenker.org\/fw17\/wp-content\/uploads\/2023\/08\/selenski-macron-scholz_800x450.jpg?fit=800%2C450&ssl=1&resize=700%2C400 2x"},"classes":[]},{"id":20980,"url":"https:\/\/www.freidenker.org\/?p=20980","url_meta":{"origin":18587,"position":3},"title":"&#8222;Der Ukraine zu einer Position der St\u00e4rke verhelfen&#8220; \u2013 Ewiggestriges aus dem Baerbock-Ministerium","author":"Webredaktion","date":"18. Februar 2025","format":false,"excerpt":"Beitrag von Gert Ewen Ungar Mit einem Griff zum Telefonh\u00f6rer brachte US-Pr\u00e4sident Donald Trump Bewegung in den festgefahrenen Ukraine-Konflikt. Bisher waren sie Standpunkte klar. Der Westen besteht auf der Aufnahme der Ukraine in die NATO, Russland sieht dadurch seine Sicherheit gef\u00e4hrdet \u2013 solange sich in diesem Punkt nichts bewegt, geht\u2026","rel":"","context":"In &quot;Demokratie \u2013 Medien \u2013 Aufkl\u00e4rung&quot;","block_context":{"text":"Demokratie \u2013 Medien \u2013 Aufkl\u00e4rung","link":"https:\/\/www.freidenker.org\/?cat=12"},"img":{"alt_text":"","src":"https:\/\/i0.wp.com\/www.freidenker.org\/fw17\/wp-content\/uploads\/2025\/02\/Munich_Security_Conference_54329445149_800x450.jpg?fit=800%2C450&ssl=1&resize=350%2C200","width":350,"height":200,"srcset":"https:\/\/i0.wp.com\/www.freidenker.org\/fw17\/wp-content\/uploads\/2025\/02\/Munich_Security_Conference_54329445149_800x450.jpg?fit=800%2C450&ssl=1&resize=350%2C200 1x, https:\/\/i0.wp.com\/www.freidenker.org\/fw17\/wp-content\/uploads\/2025\/02\/Munich_Security_Conference_54329445149_800x450.jpg?fit=800%2C450&ssl=1&resize=525%2C300 1.5x, https:\/\/i0.wp.com\/www.freidenker.org\/fw17\/wp-content\/uploads\/2025\/02\/Munich_Security_Conference_54329445149_800x450.jpg?fit=800%2C450&ssl=1&resize=700%2C400 2x"},"classes":[]},{"id":19835,"url":"https:\/\/www.freidenker.org\/?p=19835","url_meta":{"origin":18587,"position":4},"title":"Putin war&#8217;s \u2013 &#8222;Die Zeit&#8220; sieht Russland f\u00fcr Wahlergebnisse verantwortlich","author":"Webredaktion","date":"14. September 2024","format":false,"excerpt":"Von Gert Ewen Ungar Immer mehr Deutsche w\u00e4hlen in Deutschland nach Auffassung des Mainstreams die falschen Parteien. Daf\u00fcr muss es einen Grund geben. Die Zeit-Kolumnist Michael Thumann kennt ihn. Der Grund hei\u00dft Putin. In seiner Einfallslosigkeit ist das wenig \u00fcberraschend. Statt Analyse und Korrektur setzt man in Deutschland auf Propaganda\u2026","rel":"","context":"In &quot;Demokratie \u2013 Medien \u2013 Aufkl\u00e4rung&quot;","block_context":{"text":"Demokratie \u2013 Medien \u2013 Aufkl\u00e4rung","link":"https:\/\/www.freidenker.org\/?cat=12"},"img":{"alt_text":"","src":"https:\/\/i0.wp.com\/www.freidenker.org\/fw17\/wp-content\/uploads\/2024\/09\/Frankfurter_Buchmesse_2016_-_Die_Zeit_2._800x450jpg.jpg?fit=800%2C450&ssl=1&resize=350%2C200","width":350,"height":200,"srcset":"https:\/\/i0.wp.com\/www.freidenker.org\/fw17\/wp-content\/uploads\/2024\/09\/Frankfurter_Buchmesse_2016_-_Die_Zeit_2._800x450jpg.jpg?fit=800%2C450&ssl=1&resize=350%2C200 1x, https:\/\/i0.wp.com\/www.freidenker.org\/fw17\/wp-content\/uploads\/2024\/09\/Frankfurter_Buchmesse_2016_-_Die_Zeit_2._800x450jpg.jpg?fit=800%2C450&ssl=1&resize=525%2C300 1.5x, https:\/\/i0.wp.com\/www.freidenker.org\/fw17\/wp-content\/uploads\/2024\/09\/Frankfurter_Buchmesse_2016_-_Die_Zeit_2._800x450jpg.jpg?fit=800%2C450&ssl=1&resize=700%2C400 2x"},"classes":[]},{"id":20844,"url":"https:\/\/www.freidenker.org\/?p=20844","url_meta":{"origin":18587,"position":5},"title":"Russlandsanktionen: In Br\u00fcssel regiert die Inkompetenz","author":"Webredaktion","date":"27. Januar 2025","format":false,"excerpt":"Beitrag von Gert Ewen Ungar In Davos trifft sich derzeit die politische Elite. Sie diskutiert \u00fcber wirtschaftliche Herausforderungen und sucht nach L\u00f6sungen \u2013 selten im Interesse der Allgemeinheit. Das World Economic Forum (WEF) ist Ausdruck der Entdemokratisierung der westlichen Hemisph\u00e4re. Es ist in keiner Weise demokratisch legitimiert, versteht sich aber\u2026","rel":"","context":"In &quot;Demokratie \u2013 Medien \u2013 Aufkl\u00e4rung&quot;","block_context":{"text":"Demokratie \u2013 Medien \u2013 Aufkl\u00e4rung","link":"https:\/\/www.freidenker.org\/?cat=12"},"img":{"alt_text":"","src":"https:\/\/i0.wp.com\/www.freidenker.org\/fw17\/wp-content\/uploads\/2025\/01\/svantesson_EU2024BE_2402242322_800x450.jpg?fit=800%2C450&ssl=1&resize=350%2C200","width":350,"height":200,"srcset":"https:\/\/i0.wp.com\/www.freidenker.org\/fw17\/wp-content\/uploads\/2025\/01\/svantesson_EU2024BE_2402242322_800x450.jpg?fit=800%2C450&ssl=1&resize=350%2C200 1x, https:\/\/i0.wp.com\/www.freidenker.org\/fw17\/wp-content\/uploads\/2025\/01\/svantesson_EU2024BE_2402242322_800x450.jpg?fit=800%2C450&ssl=1&resize=525%2C300 1.5x, https:\/\/i0.wp.com\/www.freidenker.org\/fw17\/wp-content\/uploads\/2025\/01\/svantesson_EU2024BE_2402242322_800x450.jpg?fit=800%2C450&ssl=1&resize=700%2C400 2x"},"classes":[]}],"_links":{"self":[{"href":"https:\/\/www.freidenker.org\/index.php?rest_route=\/wp\/v2\/posts\/18587","targetHints":{"allow":["GET"]}}],"collection":[{"href":"https:\/\/www.freidenker.org\/index.php?rest_route=\/wp\/v2\/posts"}],"about":[{"href":"https:\/\/www.freidenker.org\/index.php?rest_route=\/wp\/v2\/types\/post"}],"author":[{"embeddable":true,"href":"https:\/\/www.freidenker.org\/index.php?rest_route=\/wp\/v2\/users\/3"}],"replies":[{"embeddable":true,"href":"https:\/\/www.freidenker.org\/index.php?rest_route=%2Fwp%2Fv2%2Fcomments&post=18587"}],"version-history":[{"count":0,"href":"https:\/\/www.freidenker.org\/index.php?rest_route=\/wp\/v2\/posts\/18587\/revisions"}],"wp:featuredmedia":[{"embeddable":true,"href":"https:\/\/www.freidenker.org\/index.php?rest_route=\/wp\/v2\/media\/18588"}],"wp:attachment":[{"href":"https:\/\/www.freidenker.org\/index.php?rest_route=%2Fwp%2Fv2%2Fmedia&parent=18587"}],"wp:term":[{"taxonomy":"category","embeddable":true,"href":"https:\/\/www.freidenker.org\/index.php?rest_route=%2Fwp%2Fv2%2Fcategories&post=18587"},{"taxonomy":"post_tag","embeddable":true,"href":"https:\/\/www.freidenker.org\/index.php?rest_route=%2Fwp%2Fv2%2Ftags&post=18587"}],"curies":[{"name":"wp","href":"https:\/\/api.w.org\/{rel}","templated":true}]}}