{"id":18539,"date":"2024-03-10T20:07:29","date_gmt":"2024-03-10T19:07:29","guid":{"rendered":"https:\/\/www.freidenker.org\/?p=18539"},"modified":"2024-04-03T13:32:31","modified_gmt":"2024-04-03T11:32:31","slug":"die-protagonisten-des-krieges-handeln-richtungsweisend-auf-krieg-einstellen","status":"publish","type":"post","link":"https:\/\/www.freidenker.org\/?p=18539","title":{"rendered":"Die Protagonisten des Krieges handeln richtungsweisend: Auf Krieg einstellen!"},"content":{"rendered":"<p><em>Ein Kommentar von <strong>Wolfgang Effenberger<\/strong><\/em><\/p>\n<p><span style=\"font-size: 10pt;\">Auch ver\u00f6ffentlicht als Tagesdosis vom 07.03.2024 auf <a href=\"https:\/\/apolut.net\/auf-krieg-einstellen-von-wolfgang-effenberger\/\" target=\"_blank\" rel=\"noopener\">apolut.net<\/a><\/span><\/p>\n<p>Der Beitrag ist auch als Audiopodcast verf\u00fcgbar:<\/p>\n<audio class=\"wp-audio-shortcode\" id=\"audio-18539-1\" preload=\"none\" style=\"width: 100%;\" controls=\"controls\"><source type=\"audio\/mpeg\" src=\"https:\/\/apolut.net\/multimedia_apolut\/podcast\/tagesdosis-20240307-apolut.mp3?_=1\" \/><a href=\"https:\/\/apolut.net\/multimedia_apolut\/podcast\/tagesdosis-20240307-apolut.mp3\">https:\/\/apolut.net\/multimedia_apolut\/podcast\/tagesdosis-20240307-apolut.mp3<\/a><\/audio>\n<p><span style=\"font-size: 10pt;\">Bereitgestellt von <a href=\"https:\/\/apolut.net\/auf-krieg-einstellen-von-wolfgang-effenberger\/\" target=\"_blank\" rel=\"noopener\">apolut.net<\/a><br \/>\n<a style=\"font-size: 10pt;\" href=\"https:\/\/apolut.net\/multimedia_apolut\/podcast\/tagesdosis-20240307-apolut.mp3\" target=\"_blank\" rel=\"noopener\">Download<\/a><br \/>\n<\/span><\/p>\n<p>&nbsp;<\/p>\n<p>Am Abend des 26. Februar 2023 haben in Paris auf einer Hilfskonferenz f\u00fcr die Ukraine mehr als 20 Staats- und Regierungschefs beschlossen, schnell und effektiv Hilfe f\u00fcr das von Russland angegriffene Land zu leisten. Unter den politischen Repr\u00e4sentanten war auch Bundeskanzler\u00a0Olaf Scholz. Es gab zwar keine Einigkeit unter den Konferenzteilnehmern (den Einsatz von NATO-Bodentruppen in der Ukraine betreffend), aber im k\u00fcnftigen Kriegsverlauf k\u00f6nne nichts g\u00e4nzlich ausgeschlossen werden, sagte Frankreichs Pr\u00e4sident Emmanuel Macron: <em>&#8222;Wir werden alles tun, was n\u00f6tig ist, damit Russland diesen Krieg nicht gewinnen kann.\u201c(1)<\/em><\/p>\n<p>Mit der Einladung zur Pariser Konferenz hat Macron den F\u00fchrungsanspruch Frankreichs unter-mauert. Vor seiner Abreise nach Paris hatte der slowakische Ministerpr\u00e4sident Robert Fico vor einer \u201e<em>gef\u00e4hrlichen Eskalation der Spannungen mit Russland<\/em>\u201c gewarnt.(2) Einzelne NATO-Staaten seien offenbar bereit, eigene Soldaten in den Ukraine-Krieg zu schicken.<\/p>\n<p>Auf Wunsch von Emmanuel Macron beschlossen die teilnehmenden Staats- und Regierungschefs, die Ukraine mit Raketen und Bomben mittlerer und l\u00e4ngerer Reichweite f\u00fcr Schl\u00e4ge weit hinter die russischen Linien zu versorgen. Au\u00dferdem soll zus\u00e4tzlich ben\u00f6tigte Munition f\u00fcr die ukrainischen Streitkr\u00e4fte mittelfristig auch von Drittl\u00e4ndern (also Nicht-NATO-Staaten) geliefert werden. Macron unterst\u00fctzte zudem Vorschl\u00e4ge, angesichts des Ukraine-Kriegs europ\u00e4ische R\u00fcstungsausgaben auf Schuldenbasis zu finanzieren. \u00c4hnlich wie in der Corona-Krise seien von Russlands Aggression s\u00e4mtliche europ\u00e4ischen L\u00e4nder betroffen, was den Sonderweg gemeinsamer Schulden rechtfertige.<\/p>\n<p>\u201eDie Niederlage Russlands ist unerl\u00e4sslich\u201c, sagte Emmanuel Macron am sp\u00e4ten Abend des 26. Februar 2024 nach der Pariser Ukraine-Konferenz. \u201e<em>Wir sind bereit, alles N\u00f6tige zu tun, damit Russland diesen Krieg nicht gewinnen kann\u201c<\/em>, wiederholte Macron immer wieder, und mit der Forderung, man solle die Entsendung von Bodentruppen in die Ukraine zugunsten der Dynamik \u201enicht ausschlie\u00dfen\u201c ging Macron weiter als alle europ\u00e4ischen Regierungen zuvor.(3) Olaf Scholz wies das zur\u00fcck. Auf die Frage nach einem m\u00f6glichen Einsatz von Truppen durch Polen antwortete Macron, jedes Land k\u00f6nne eigenst\u00e4ndig und souver\u00e4n \u00fcber den Einsatz von Bodentruppen entscheiden.(4)<\/p>\n<p>Prompt sprang der ehemalige deutsche Botschafter in Washington Wolfgang Ischinger, von 2008 bis 2022 Vorsitzender der M\u00fcnchner Sicherheitskonferenz und seitdem Pr\u00e4sident des Stiftungsrats MSK, Macron bei. Er finde es &#8222;ein bisschen k\u00fchn, aber nicht falsch&#8220;, dass der franz\u00f6sische Pr\u00e4sident Emmanuel Macron sage: \u201e<em>Wenn das so weitergeht, ist es besser, wir schlie\u00dfen gar nichts aus.\u201c<\/em>(5)<\/p>\n<p><em>\u201eFrankreich bleibt sich treu\u201c,<\/em> schreibt der ehemalige Staatssekret\u00e4r im Verteidigungsministerium Willy Wimmer. \u201e<em>Einmal Beresina, immer Beresina; einmal Versailles, immer Versailles<\/em>\u201c. Anders kann Willy Wimmer die Aussagen des franz\u00f6sischen Pr\u00e4sidenten zum Ukraine-Krieg nicht interpretieren. Er erinnert an das Gipfeltreffen in Paris am 19. M\u00e4rz 2011. Bevor sich damals die Teilnehmer auf ein Vorgehen gegen\u00fcber Libyen einigen konnten, gab ein Sprecher des franz\u00f6sischen Verteidigungsministeriums bekannt, dass um 16:45 Uhr (GMT) franz\u00f6sische Kampfflugzeuge mit dem Angriff auf das libysche Milit\u00e4r begonnen hatten.(6) Und nun sind es laut Wimmer in Napoleon-Manier die europ\u00e4ischen Bodentruppen, die in den Krieg eingreifen sollen. Wie bei Napoleon und Hitler, als die Deutschen verbluten durften, von anderen V\u00f6lkern ganz zu schweigen.<\/p>\n<p>Auf die Europ\u00e4er und damit auch auf die Deutschen kommt nach Wimmer die bekannte Frage zu: \u201e<em>Wollt ihr den franz\u00f6sischen Krieg in Europa<\/em>?\u201c(7)<br \/>\nDer US-Drei-Sterne-General Keith Kellogg kann sich freuen. In der Senatsanh\u00f6rung vom 28. Februar 2023 zum Ukraine-Krieg schw\u00e4rmte er dem Senator Rick Scott vor:<\/p>\n<blockquote><p>\u201e<em>Wenn man einen strategischen Gegner besiegen kann und dabei keine US-Truppen einsetzt,\u00a0<\/em><em>ist man auf dem Gipfel der Professionalit\u00e4t, denn wenn man die Ukrainer siegen l\u00e4sst, ist ein strategischer Gegner vom Tisch und wir k\u00f6nnen uns auf das konzentrieren, was wir gegen unseren Hauptgegner tun sollten, und das ist im Moment China\u2026. wenn wir dabei scheitern,\u00a0<\/em><em>m\u00fcssen wir vielleicht einen weiteren europ\u00e4ischen Krieg f\u00fchren, das w\u00e4re dann das dritte Mal.\u201c(8) <\/em><\/p><\/blockquote>\n<p>Anfang Juni 2023 schlug der fr\u00fchere Generalsekret\u00e4r des Transatlantischen B\u00fcndnisses Anders F. Rasmussen (2009-2014) Alarm und verwies auf die Gefahr, dass<em> \u201e<\/em><em>Polen und die baltischen Staaten nach dem NATO-Gipfel in Vilnius damit beginnen k\u00f6nnten, ihre Streitkr\u00e4fte autonom in der Ukraine zu stationieren.\u201c<\/em>(9)<\/p>\n<p>Nun, zweifelsfrei wird der Einsatz von NATO-Truppen auf ukrainischem Staatsgebiet zu einer direkten milit\u00e4rischen Konfrontation des \u201eWertewestens\u201c mit Russland f\u00fchren. Mit einem einfachen Taschenspielertrick k\u00f6nnten die Bef\u00fcrworter jedoch versucht sein, die NATO aus dem Spiel zu nehmen: Es werden nur Truppen geschickt, die nicht der NATO assigniert sind &#8211; ein simpler Unterstellungswechsel auf dem Papier.<\/p>\n<p>Einen Krieg im Jahr 2024 gewinnen? Diese Sprache offenbart das zynische Denken von 1914\/1918, und dieses Denken hat die Welt dahin gebracht, wo sie heute steht: Am Rand eines Abgrunds!<\/p>\n<p>Die Kriegsursachen von 1914 wurden nie aufgearbeitet, sondern nur zugedeckt, und dr\u00e4ngen jetzt weltweit an die Oberfl\u00e4che. Zugleich verfolgen die USA ihre Strategie von 2014 \u201eWin in a Complex World 2020 -2040\u201c und gie\u00dfen weiter \u00d6l ins Feuer.<\/p>\n<p>Bis 2040 soll die unipolare Weltherrschaft der USA verankert werden. In ihrem CNN-Interview erkl\u00e4rte die amtierende stellvertretende US-Au\u00dfenministerin Victoria Nuland am 25. Februar 2024, Putin habe den US-Plan f\u00fcr Russland vereitelt. Putins Russland sei \u201e<em>nicht das Russland, das wir wollen<\/em>\u201c.(10) Washington wolle einen willf\u00e4hrigen F\u00fchrer im Kreml, der das Land &#8222;verwestliche&#8220;.<\/p>\n<p>Viele werden sich noch an Nulands ber\u00fchmt gewordene Aussage als Europabeauftragte des US-Au\u00dfenministeriums und f\u00fchrende Kraft im Maidan-Putsch w\u00e4hrend ihres Gespr\u00e4chs mit dem US-Botschafter in Kiew, Geoffrey Pyatt, erinnern: &#8222;Fuck the EU&#8220;(11). Es ging um den Wunsch der deutschen Kanzlerin Angela Merkel, Witali Klitschko in die ukrainische Regierung zu holen.<\/p>\n<h5>Die undurchsichtige Rolle des deutschen Kanzlers Olaf Scholz &#8211;<br \/>\nScholz stellt sich (noch) gegen Taurus-Lieferung an die Ukraine<\/h5>\n<p>W\u00e4hrend auf der Ukraine-Unterst\u00fctzerkonferenz in Paris der franz\u00f6sische Pr\u00e4sident Macron sogar die Option von Truppenentsendungen offen artikulierte, sprach sich der deutsche Kanzler vehement gegen die Lieferung des deutschen Marschflugk\u00f6rpers Taurus aus. Dieser Taurus wurde nach dem Kalten Krieg als modulare Abstandswaffe (MAW) f\u00fcr den Panavia Tornado mit einer Reichweite von \u00fcber 500 Kilometern entwickelt \u2013 also bestens geeignet, um Angriffe gegen Ziele in Russland durchzuf\u00fchren.<\/p>\n<p>Der Bundeskanzler erkl\u00e4rte in Paris sein Nein zur Lieferung deutscher Taurus-Marschflugk\u00f6rper an die Ukraine: \u201e<em>Was an Zielsteuerung und an Begleitung der Zielsteuerung vonseiten der Briten und Franzosen gemacht wird, kann in Deutschland nicht gemacht werden \u2026 Das, was andere L\u00e4nder machen, die andere Traditionen und andere Verfassungsinstitutionen haben, ist etwas, was wir jedenfalls in gleicher Weise nicht tun k\u00f6nnen.<\/em>\u201c(12)\u00a0Damit sorgte Scholz f\u00fcr heftige Kontroversen.<\/p>\n<p>Dabei gibt es in der Tat Spekulationen, dass Franzosen und Briten ihre an die Ukraine gelieferten Marschflugk\u00f6rper Scalp und Storm Shadow selbst programmieren und dass zumindest Gro\u00dfbritannien daf\u00fcr Personal in der Ukraine stationiert hat. Offiziell best\u00e4tigt wurde das nie.(13)<\/p>\n<p>Das NEIN von Scholz ver\u00e4rgerte Macron:<\/p>\n<p>Viele Menschen die heute &#8222;nie, nie&#8220;, sagten, seien dieselben, die vor zwei Jahren sagten, <em>\u201enie, nie Panzer, nie, nie Flugzeuge, nie, nie Raketen mit l\u00e4ngerer Reichweite<\/em>\u201c. Heute drehe sich die Diskussion darum, bei der Lieferung von Panzern und Raketen schneller und st\u00e4rker zu werden. \u201e<em>Also ist alles m\u00f6glich, wenn es hilfreich ist, um unser Ziel zu erreichen<\/em>.\u201c(14)<\/p>\n<p>Was meint Macron mit \u201eunser Ziel\u201c? Es geht doch hier ausschlie\u00dflich um das Ziel der USA!<\/p>\n<p>Ja, es stimmt, der Kreml f\u00fchrt seit 24. Februar 2022 einen Stellvertreter-Krieg mit den USA und der NATO. Er hat bisher auf alle Provokationen zur\u00fcckhaltend reagiert. Das k\u00f6nnte sich aber schlagartig \u00e4ndern.<\/p>\n<p>Am 11. M\u00e4rz 2022 hatte Biden vor dem Bild des Rough Riders Theodore Roosevelt im Roosevelt-Room die Warnung ausgesprochen: <em>\u201e<\/em><em>Aber sehen Sie, die Idee, dass wir Offensivausr\u00fcstung schicken und Flugzeuge und Panzer und Z\u00fcge mit amerikanischen Piloten und amerikanischen Besatzungen hineinfliegen, verstehen Sie einfach &#8211; und machen Sie sich nichts vor, egal was Sie alle sagen &#8211; das nennt sich &#8222;Dritter Weltkrieg&#8220;. Okay? Lasst uns das klarstellen, Leute. Das alte Sprichwort &#8211; &#8222;Mach keine Witze&#8220;<\/em>.(15) Am 25. Januar 2023 hatte Biden Witze gemacht: <em>\u201eHeute gebe ich bekannt, dass die USA 31 Abrams-<\/em><em>Panzer in die Ukraine schicken werden, was einem ukrainischen<\/em><em> Bataillon entspricht.\u201c<\/em>(16)<\/p>\n<p>Nun hofft der ukrainische Au\u00dfenminister Dmytro Kuleba auf die Lieferung von Taurus-Marschflugk\u00f6rper aus Deutschland, um milit\u00e4rische Ziele weit hinter der Frontlinie (auf russischem Territorium) treffen zu k\u00f6nnen.(17) Dass nach dem Einsatz von Leopard-Panzern in der Ukraine die Lieferung von Taurus-Marschflugk\u00f6rpern die Kriegsgefahr f\u00fcr Deutschland nicht weiter steigern w\u00fcrde, ist eine weitere Illusion auf westlicher Seite. Hier wird allerdings von den Bef\u00fcrwortern dieser Ma\u00dfnahmen eine gewichtige Ver\u00e4nderung \u00fcbersehen und bewusst kleingeredet. Die bisherigen Waffen operieren von der Ukraine aus. Der Taurus-Marschflugk\u00f6rper jedoch bildet mit dem Kampfbomber eine Einheit. Und f\u00fcr derartige Eins\u00e4tze gibt es nirgendwo in der Ukraine eine geeignete Start- und Landebasis. Diese Bomber m\u00fcssten von Flugpl\u00e4tzen angrenzender NATO-Staaten aus operieren. Auch wenn Russland bisher nicht auf die Provokationen des Wertewestens reagiert hat, hei\u00dft das noch lange nicht, dass es auch in Zukunft so sein wird. Vor allem dann nicht, wenn deutsche Taurus-Marschflugk\u00f6rper sensible milit\u00e4rische Bereiche der russischen Streitkr\u00e4fte treffen, etwa eine Abschussbasis f\u00fcr taktische Atomraketen. Das w\u00e4re der absolute Super-Gau, der alle Schleusen in Richtung atomaren Schlagabtausch auf europ\u00e4ischem Boden \u00f6ffnen w\u00fcrde.<\/p>\n<p>Und da warf am 27. Februar 2024 im \u201eZDF-heute Journal&#8220; der Gr\u00fcnen-Politiker Anton Hofreiter doch tats\u00e4chlich dem deutschen Bundeskanzler fahrl\u00e4ssiges Handeln vor wegen dessen \u201ev\u00f6llig unverantwortlicher Begr\u00fcndung f\u00fcr die Taurus-Absage\u201c.(18)<\/p>\n<p>Doch auch wenn der Olaf Scholz die von einer Taurus-Lieferung ausgehende Gefahr f\u00fcr Deutschland erkannt haben mag, l\u00e4sst er unwidersprochen den Kriegstrommler Roderich Kiesewetter (Bundestagsabgeordneter der CDU) \u00f6ffentlich fordern: \u201e<em>Russische Milit\u00e4reinrichtungen und Hauptquartiere m\u00fcssen zerst\u00f6rt werden. Wir m\u00fcssen alles tun, dass die Ukraine in die Lage versetzt wird, nicht nur \u00d6lraffinerien in Russland zu zerst\u00f6ren, sondern Ministerien, Kommandoposten und Gefechtsst\u00e4nde.\u201c<\/em>(19)<\/p>\n<p>Wie kann ein deutscher Politiker, der einst als Offizier der Bundeswehr (im Dienstgrad Oberst) und als ehemaliger Pr\u00e4sident des Verbandes der Reservisten der Deutschen Bundeswehr (2011 &#8211; 2016) geschworen hat, das Recht und die Freiheit des deutschen Volkes tapfer zu verteidigen, Deutschland im Interesse einer kleinen US-Elite in einen Krieg mit Russland treiben?<\/p>\n<p>Eigentlich h\u00e4tte Kiesewetter aufzeigen m\u00fcssen, dass sich die Ukraine bislang noch nie an die Einsatzgrunds\u00e4tze und Verwendungsbegrenzungen der von anderen Staaten gelieferten Waffen-systeme gehalten und somit fahrl\u00e4ssig eine Kriegsausweitung in Kauf genommen hat.<\/p>\n<p>In diesem Zusammenhang ist auch zu bedenken, dass die Charta der Vereinten Nationen Deutschland nach wie vor unter der Feindstaatenklausel auflistet und somit den Siegerm\u00e4chten des Zweiten Weltkriegs das Recht einr\u00e4umt, auf aggressives oder feindseliges Verhalten Deutschlands angemessen zu reagieren. Diesen Passus k\u00f6nnte Russland f\u00fcr sich beanspruchen. Auch sollte bedacht werden, dass mit dem &#8222;2 plus 4 Vertrag&#8220; das wiedervereinigte Deutschland spezifische Verpflichtungen eingegangen ist. Diese verbindlichen Absprachen gelten auch noch heute. Eine derartige Vertragsverletzung k\u00f6nnte Russland zur Aufk\u00fcndigung des Vertrags veranlassen \u2013 mit unabsehbaren Folgen.<\/p>\n<h5>Deutsche Luftwaffenf\u00fchrung spielte Taurus-Angriff auf Krim-Br\u00fccke durch<\/h5>\n<p>Die Chefin des russischen Staatssenders RT, Margarita Simonjan, hatte am Freitag, dem 1. M\u00e4rz 2024, einen Audiomitschnitt eines 38-min\u00fctigen Gespr\u00e4chs vom 19. Februar 2024 ver\u00f6ffentlicht. Darin sind der Luftwaffeninspekteur der Bundeswehr Generalleutnant Ingo Gerhartz, der Leiter der Abteilung Operationen und \u00dcbungen des Luftwaffenkommandos, Brigadeneral Frank Graefe, der aus einem Hotel in Singapur zugeschaltet war, und die Luftwaffenoffiziere Fenske und Frostedte des Lufteinsatzzentrums des Weltraumkommandos der Bundeswehr zu h\u00f6ren, wie sie \u00fcber theoretische M\u00f6glichkeiten eines Einsatzes deutscher Taurus-Marschflugk\u00f6rper durch die Ukraine diskutieren.(20) Das Weltraumkommando der Bundeswehr ist eine Kommandobeh\u00f6rde der Luftwaffe und der zentrale Kompetenztr\u00e4ger der Bundeswehr f\u00fcr die Planung und F\u00fchrung von Weltraumoperationen.<\/p>\n<p>Nach dpa-Informationen ist das Gespr\u00e4ch authentisch. Die Offiziere schalteten sich demnach \u00fcber die Plattform Webex zusammen. So konnte ohne gro\u00dfen Aufwand von den Diensten mitgeschnitten werden. Dass diese Form der Kommunikation gew\u00e4hlt wurde, deutet zum einen darauf hin, dass die Luftwaffenf\u00fchrung unter starkem Zeitdruck stand. Zum anderen ist aber auch nicht auszuschlie\u00dfen, dass diese Offiziere bewusst dieses Gespr\u00e4ch im \u00f6ffentlichen Raum gef\u00fchrt haben, um den Kreml zu einer Reaktion zu veranlassen oder auf die Aktivit\u00e4ten der Briten und Franzosen hinzuweisen. Es k\u00f6nnte auch von deutschen Insidern nach Moskau durchgesteckt wurden sein, um die Pl\u00e4ne ihrer eigenen Kriegskuratoren zu vereiteln, die eindeutig darauf aus sind, den Dritten Weltkrieg zu provozieren.<\/p>\n<p>Das Gespr\u00e4ch sollte der Vorbereitung auf eine Unterrichtung f\u00fcr Verteidigungsminister Boris Pistorius (SPD) dienen. In dem in der Audiodatei dokumentierten Austausch geht es unter anderem um technische Fragen wie Adjustierung der Taurus-Marschflugk\u00f6rper, geeignete Zielauswahl sowie die Verschleierung der deutschen Beteiligung. Nicht ohne Brisanz ist im Verlauf des Gespr\u00e4chs die Offenlegung der Tatsache, dass die Briten im Zusammenhang mit dem Einsatz ihrer an die Ukraine gelieferten Storm-Shadow-Marschflugk\u00f6rper &#8222;ein paar Leute vor Ort&#8220; h\u00e4tten.(21) Gerade erst hatte es in Gro\u00dfbritannien Ver\u00e4rgerung gegeben \u00fcber eine \u00c4u\u00dferung von Kanzler Olaf Scholz, die ihm von einigen als Indiskretion ausgelegt wurde: \u201eWas an Zielsteuerung und an Begleitung der Zielsteuerung vonseiten der Briten und Franzosen gemacht wird, kann in Deutschland nicht gemacht werden\u201c.(22)<\/p>\n<p>Diese Aussage und Scholz\u00b4 klares Nein zur Taurus-Lieferung am 26. Februar 2024 \u2013 also 7 Tage nach dem Mittschnitt des Gespr\u00e4chs und der vom Kreml geforderten Aufkl\u00e4rung \u2013 auf dem Ukraine-Gipfel in Paris, macht einen Zusammenhang wahrscheinlich.<\/p>\n<p>Hier einige Gespr\u00e4chsausschnitte:<\/p>\n<p>Gerhartz:<\/p>\n<blockquote><p><em>\u2026Wir m\u00fcssen uns vorstellen, dass sie Flugzeuge mit Halterungen f\u00fcr Taurus-Raketen und f\u00fcr Storm Shadow verwenden k\u00f6nnen. Die Briten waren vor Ort und r\u00fcsteten die Flugzeuge aus. Die Systeme sind nicht so unterschiedlich, sie k\u00f6nnen auch f\u00fcr den Taurus verwendet werden\u2026.<\/em><\/p><\/blockquote>\n<p>Fenske:<\/p>\n<blockquote><p>\u2026<em>Eine m\u00f6gliche Option ist die planm\u00e4\u00dfige technische Unterst\u00fctzung, theoretisch kann dies von B\u00fcchel [der einzige Standort, an dem in Deutschland Kernwaffen der Streitkr\u00e4fte der Vereinigten Staaten gelagert werden. W.E.] aus erfolgen, sofern eine sichere Verbindung mit der Ukraine hergestellt wird\u2026.<\/em><\/p><\/blockquote>\n<p>Frostedte:<\/p>\n<blockquote><p>\u2026<em>ich bin zu dem Schluss gekommen, dass es zwei interessante Ziele gibt &#8211; die Br\u00fccke im Osten und die Munitionsdepots, die sich dar\u00fcber befinden. Die Br\u00fccke im Osten ist schwer zu erreichen, es ist ein ziemlich kleines Ziel, aber der Taurus kann es schaffen \u2026<\/em><\/p><\/blockquote>\n<p>Fenske:<\/p>\n<blockquote><p><em>Ich m\u00f6chte noch etwas zur Zerst\u00f6rung der Br\u00fccke sagen. Wir haben uns intensiv mit diesem Thema besch\u00e4ftigt und sind leider zu dem Schluss gekommen, dass die Br\u00fccke aufgrund ihrer Gr\u00f6\u00dfe einer Start- und Landebahn \u00e4hnelt. Daher werden m\u00f6glicherweise 10 oder sogar 20 Raketen ben\u00f6tigt.<\/em><\/p><\/blockquote>\n<p>Gerhartz:<\/p>\n<blockquote><p><em>Es gibt die Meinung, dass der Taurus Erfolg haben wird, wenn man das franz\u00f6sische Kampfflugzeug Dassault Rafale einsetzt.<\/em><\/p>\n<p><em>\u2026Wir alle wissen, dass sie die Br\u00fccke zerst\u00f6ren wollen \u2026 Es gibt gewisse Bedenken, wenn wir eine direkte Verbindung zu den ukrainischen Streitkr\u00e4ften haben. Daher wird sich die Frage stellen: Ist es m\u00f6glich, einen solchen Trick anzuwenden und unsere Leute in die MBDA [<\/em><em>Ein multinationaler R\u00fcstungs-Konzern mit mehr als 14.000 Mitarbeitern, die in Frankreich, Deutschland, Italien, Spanien, dem Vereinigten K\u00f6nigreich und den USA.<\/em><em> W.E.](23) zu schicken? Es wird also nur \u00fcber die MBDA eine direkte Verbindung mit der Ukraine geben, was viel besser ist, als wenn eine solche Verbindung mit unserer Luftwaffe besteht.<\/em><\/p><\/blockquote>\n<p>Diese Angriffs- und Vertuschungsplanungen f\u00fchrender Luftwaffenoffiziere mit Taurus sind weder mit dem V\u00f6lkerrecht noch mit dem Grundgesetz vereinbar.<\/p>\n<p>Im Hinblick auf den Art 26 Abs. 1 des Grundgesetzes f\u00fcr die Bundesrepublik Deutschland sind<\/p>\n<blockquote><p>\u201e<em>Handlungen, die geeignet sind und in der Absicht vorgenommen werden, das friedliche Zusammenleben der V\u00f6lker zu st\u00f6ren, insbesondere die F\u00fchrung eines Angriffskrieges vorzubereiten, verfassungswidrig. Sie sind unter Strafe zu stellen<\/em>\u201c.<\/p><\/blockquote>\n<p>So muss zwingend rechtlich gepr\u00fcft werden, ob die involvierten Luftwaffenoffiziere nach \u00a780 des Strafgesetzbuchs (Vorbereitung eines Angriffskrieges) angeklagt werden m\u00fcssen und schlie\u00dflich zu verurteilen sind. Streng zu pr\u00fcfen ist auch, ob die beteiligten Offiziere diese Pl\u00e4ne mit Wissen und im Einklang mit der Bundeswehrf\u00fchrung bis hin zum Verteidigungsminister im Alleingang diskutiert haben. Oder zeigte in der Taurus-Diskussion Olaf Scholz \u00e4hnlich wie vor dem Cum-Ex-Ausschuss und bei seiner pers\u00f6nlichen Anwesenheit w\u00e4hrend der Biden-Ank\u00fcndigung am 7. Februar 2022 zur Zerst\u00f6rung des Nord-Stream-2-Projekts(24) sein janusk\u00f6pfiges Gesicht?<\/p>\n<p>Am Sonntag, dem 3. M\u00e4rz 2024, \u00e4u\u00dferte sich Verteidigungsminister Boris Pistorius (SPD) zu der von der Union in die Diskussion eingebrachten m\u00f6glichen Einsetzung eines Untersuchungsausschusses. F\u00fcr ihn stelle sich die Frage, ob der Vorgang einen Untersuchungsausschuss mit all seinen innenpolitischen Implikationen und all dem, was dann \u00f6ffentlich diskutiert werde, rechtfertige. Unglaublich: Die deutsche Luftwaffenf\u00fchrung lieferte Russland einen \u201eCasus Belli\u201c (Kriegsgrund), und es wird aller Voraussicht nach keine Konsequenzen geben. Pistorius sieht die Abh\u00f6raff\u00e4re lediglich als Teil eines &#8222;Informations-kriegs&#8220;, den der russische Pr\u00e4sident Wladimir Putin f\u00fchre. \u201e<em>Es handelt sich um einen hybriden Angriff zur Desinformation \u2013 es geht um Spaltung, es geht darum, unsere Geschlossenheit zu untergraben \u2026Wir d\u00fcrfen Putin nicht auf den Leim gehen<\/em>.\u201c Deshalb m\u00fcsse man besonnen reagieren, \u201e<em>aber nicht weniger entschlossen<\/em>\u201c.(25) In die gleiche Kerbe wie Pistorius schlug auch der SPD-Au\u00dfenpolitiker Ralf Stegner, der die Forderung nach einem Untersuchungsausschuss in der Taurus-Abh\u00f6raff\u00e4re zur\u00fcckwies. Ein solcher Ausschuss sei nicht angemessen, sagte Stegner dem &#8222;Tagesspiegel&#8220; am Sonntag. \u201e<em>Die Forderung ist Oppositions-Klein-Klein<\/em>.\u201c(26) \u00dcber den skandal\u00f6sen Inhalt des Gespr\u00e4chs wird der Mantel des Schweigens ausgebreitet.<\/p>\n<p>Das ist kein Skandal, sondern eine Staatsaff\u00e4re allerersten Ranges: Das Transskript bietet ersch\u00fctternde Einblicke in die Mechanismen der milit\u00e4rischen Eskalation und zeigt in erschreckender Weise, wie sich Deutschland immer tiefer in den Ukraine-Konflikt hineinziehen l\u00e4sst.<\/p>\n<p>Das Bundesverteidigungsministerium hat die Echtheit des Mitschnitts indirekt best\u00e4tigt. Eine Sprecherin erkl\u00e4rte: \u201e<em>Wir pr\u00fcfen, ob Kommunikation im Bereich der Luftwaffe abgeh\u00f6rt wurde\u201c<\/em>.(27)<\/p>\n<p>Bundeskanzler Olaf Scholz sprach am Rande eines Besuchs im Vatikan am 2. M\u00e4rz 2024 von einer &#8222;sehr ernsten Angelegenheit&#8220;. Auf eine Frage der Deutschen Presse-Agentur nach m\u00f6glichen au\u00dfenpolitischen Sch\u00e4den sagte er: \u201e<em>Deshalb wird das jetzt sehr sorgf\u00e4ltig, sehr intensiv und sehr z\u00fcgig aufgekl\u00e4rt. Das ist auch notwendig<\/em>.\u201c(28)<\/p>\n<p>Die Protagonisten des Krieges \u2013 voran Union und Ampel \u2013 emp\u00f6ren sich derweil vor allem \u00fcber die Sicherheitsl\u00fccke und fordern Konsequenzen. Die Vorsitzende des Verteidigungs-ausschusses des Bundestags, Marie-Agnes Strack-Zimmermann, forderte: \u201e<em>Wir m\u00fcssen dringend unsere Sicherheit und Spionageabwehr erh\u00f6hen, denn wir sind auf diesem Gebiet offensichtlich vulnerabel<\/em>\u201c(29).<\/p>\n<p>Der stellvertretende Unionsfraktionsvorsitzende Johann Wadephul forderte die Bundesregierung auf, die Vorschriften f\u00fcr den Schutz von Kommunikation nachzusch\u00e4rfen, und der Vorsitzende des Parlamentarischen Kontrollgremiums, der Gr\u00fcnen-Politiker Konstantin von Notz, stellte die Frage, \u201eob es sich hier um einen einmaligen Vorgang oder ein strukturelles Sicherheitsproblem handelt\u201c; er erwarte eine \u201e<em>umgehende Aufkl\u00e4rung aller Hintergr\u00fcnde<\/em>\u201c-(30)<\/p>\n<h5>Scholz kettet Deutschland an das Schicksal der Ukraine<\/h5>\n<p>Im Hype um den Tod des russischen Oppositionellen Alexej Nawalny am 16. Februar 2024 ist ein Abkommen v\u00f6llig untergegangen, welches das Schicksal der BRD wesentlich bestimmt. In Berlin unterschrieben vor Beginn der M\u00fcnchner Sicherheits-Konferenz der deutsche Kanzler Scholz und der ukrainische Pr\u00e4sident Selenskyj einen auf zun\u00e4chst 10 Jahre befristeten Vertrag samt Ank\u00fcndigung einer milliardenschweren Milit\u00e4rhilfe.<\/p>\n<p>In diesem sogenannten &#8222;Sicherheitsabkommen&#8220; verurteilen beide L\u00e4nder <em>\u201e\u2026auf das Sch\u00e4rfste den ungerechtfertigten, unprovozierten, illegalen und brutalen Angriffskrieg Russlands gegen die Ukraine, durch den Russland in gravierender Weise gegen das V\u00f6lkerrecht einschlie\u00dflich der UN-Charta verst\u00f6\u00dft. <\/em><em>Deutschland ist unersch\u00fctterlich in seiner Unterst\u00fctzung f\u00fcr die Unabh\u00e4ngigkeit, Souver\u00e4nit\u00e4t und territoriale Unversehrtheit der Ukraine innerhalb der Grenzen, die seit 1991 international anerkannt sind, einschlie\u00dflich des K\u00fcstenmeers und der freien (maritimen) Wirtschaftszone\u201c<\/em>.(31)<\/p>\n<p>Damit ist die Bundesrepublik Deutschland auf Gedeih und Verderb an das Schicksal der Ukraine gekettet. Das Eingangsstatement l\u00e4sst jegliches diplomatische Geschick vermissen und wird die Hardliner im Kreml gegen\u00fcber Deutschland nur noch unvers\u00f6hnlicher stimmen. Deutschland hat jetzt aus Russland keine Zur\u00fcckhaltung mehr zu erwarten. Wie konnte Olaf Scholz einen f\u00fcr die BRD so existenzbedrohenden Pakt unterschreiben? Gem\u00e4\u00df Punkt 4 (Zeitrahmen der Vereinbarung) wurde dieses &#8222;Sicherheitsabkommen&#8220; unmittelbar nach der Unterzeichnung wirksam (16. Februar 2024). Keine Ratifizierung durch das Parlament? Artikel 65 des Deutschen Grundgesetzes (Richtlinienkompetenz, Ressort- und Kollegialprinzip) l\u00e4sst derartige Eigenm\u00e4chtigkeiten des Kanzlers gar nicht zu!<\/p>\n<p>Hinter diesem &#8222;Sicherheitsabkommen&#8220; stehen, wie zu erwarten war, andere Kr\u00e4fte. Scholz war nur der ausf\u00fchrende Erf\u00fcllungsgehilfe. Auf jeden Fall ist der Schatten Bidens erkennbar, denn schon in den ersten S\u00e4tzen des Einf\u00fchrungstextes findet sich bereits die am 21. Juli 2021 von Merkel und Biden unterschriebene Erkl\u00e4rung der USA und Deutschlands <em>&#8222;\u2026<\/em><em>zur Unterst\u00fctzung der Ukraine, der europ\u00e4ischen Energiesicherheit und unserer Klimaziele&#8220;<\/em>. Darin hei\u00dft es im Detail: <em>\u201eDie Vereinigten Staaten und Deutschland unterst\u00fctzen mit Nachdruck die Souver\u00e4nit\u00e4t der Ukraine, deren territoriale Unversehrtheit, Unabh\u00e4ngigkeit und den von ihr eingeschlagenen europ\u00e4ischen Weg. Wir bekennen uns heute erneut dazu, gegen russische Aggression und russische destruktive Aktivit\u00e4ten in der Ukraine und dar\u00fcber hinaus vorzugehen\u201c.(32)<\/em><\/p>\n<p>Wie konnte die deutsche Regierung in einem Staatsvertrag eingangs aufs <em>\u201eSch\u00e4rfste den ungerechtfertigten, unprovozierten, illegalen und brutalen Angriffskrieg Russlands gegen die Ukraine, durch den Russland in gravierender Weise gegen das V\u00f6lkerrecht einschlie\u00dflich der UN-Charta verst\u00f6\u00dft\u201c<\/em> verurteilen? Man h\u00e4tte eine Wendung finden k\u00f6nnen, die k\u00fcnftig eine Ann\u00e4herung an Russland nicht ganz unm\u00f6glich macht &#8211; vor allem dann, wenn man selbst \u201eim Glashaus\u201c sitzt. Au\u00dferdem wurde bis jetzt der v\u00f6llig ungerechtfertigte, unprovozierte, illegale und brutale Angriffskrieg der USA gegen Jugoslawien 1999 vom Westen keineswegs verurteilt. Damals verstie\u00df die NATO in gravierender Weise gegen das V\u00f6lkerrecht und gegen die UN-Charta. Die USA hebelten somit beide Grundlagen aus, bestehen inzwischen aber auf einer selbstgemachten \u201eregelbasierten\u201c (Un)Ordnung.<\/p>\n<p>Die Folgen f\u00fcr die BRD sind derzeit noch gar nicht absehbar. Die deutsche Wirtschaft wird darunter jedenfalls schwer leiden. Damit wird sich auch erf\u00fcllen, was Winston Churchill 1938 auf einen Vermittlungsversuch Heinrich Br\u00fcnings (Reichskanzler 1930-32) hin so formulierte: <em>\u201eWas wir wollen, ist, dass die deutsche Wirtschaft vollkommen zusammengeschlagen wird.\u201c(33)<\/em><\/p>\n<p>Mit dem Schrumpfen der deutschen Wirtschaft wird ein Abschmelzen des Wohlstands einhergehen. Der f\u00fcr Viele als Paradies angesehene Wohlfahrtsstaat wird der Vergangenheit angeh\u00f6ren und der Entzug der bisher gewohnten Zuwendungen wird noch heftige Reaktionen in der deutschen Bev\u00f6lkerung hervorrufen. Neben m\u00f6glichen Kriegszerst\u00f6rungen wird auch der innere Frieden verloren gehen.<\/p>\n<p>Anfang November 2023 gab das deutsche Ministerium der Verteidigung die neuen &#8222;Verteidigungspolitischen Richtlinien&#8220; heraus. Darin wird im Hinblick auf die sich st\u00e4ndig steigernde Kriegsgefahr die Kriegsert\u00fcchtigung der Bundeswehr gefordert, weil sich die Bedrohungslage in Europa seit dem v\u00f6lkerrechtswidrigen Angriff Russlands auf die Ukraine dramatisch ver\u00e4ndert habe und der Krieg mit Putins brutalem Angriff gegen die Ukraine nach Europa zur\u00fcckgekehrt sei. Deutschland m\u00fcsse als bev\u00f6lkerungsreichstes und wirtschaftlich starkes Land in der Mitte Europas das R\u00fcckgrat der Abschreckung und der kollektiven Verteidigung in Europa sein. Die neuen Verteidigungspolitischen Richtlinien w\u00fcrden auch die geostrategische Ausrichtung ber\u00fccksichtigen. Da Krisen, Konflikte und regionale Spannungen das europ\u00e4ische Sicherheitsumfeld in Afrika, im Nahen und Mittleren Osten, in der Arktis sowie im Indopazifik beeinflussten, m\u00fcsse Deutschlands internationales milit\u00e4risches Engagement \u00fcber die B\u00fcndnis- und Landesverteidigung hinausgehen. Dies entspr\u00e4che den Vorgaben des Strategischen Konzepts der NATO und des Strategischen Kompasses der EU. In den Richtlinien hei\u00dft es weiter:<em>\u201cEin Leben in Frieden und Freiheit ist in der Mitte Europas keine Selbstverst\u00e4ndlichkeit mehr.\u201d<\/em> Gemeinsam mit den Verb\u00fcndeten muss die Freiheit und Sicherheit verteidigt werden k\u00f6nnen. F\u00fcr die Bundeswehr bedeutet das: <strong>Bereitschaft zum Kampf mit dem Anspruch auf Erfolg im hochintensiven Gefecht<\/strong>.(34)<\/p>\n<p>Am 25. Januar 2024 folgten rund 300 Experten der Einladung von Generalleutnant Andr\u00e9 Bodemann, dem Befehlshaber des Territorialen F\u00fchrungskommandos der Bundeswehr (gleichzeitig auch Nationaler Territorialer Befehlshaber), zum Symposium \u201eDeutschland. Gemeinsam.Verteidigen\u201c. Als Reaktion auf die ver\u00e4nderte Bedrohungslage erarbeite das Territoriale F\u00fchrungskommando der Bundeswehr aktuell den &#8222;Operationsplan Deutschland&#8220;. Er umfasst den operativen Einsatz der Bundeswehr in Deutschland im Frieden, in Krisenzeiten und im Krieg. In diesem Symposium tauschten sich dazu Fachleute aus Landesregierungen, Bev\u00f6lkerungsschutz- und Sicherheitsbeh\u00f6rden, Wirtschaft und Bundeswehr intensiv aus.<\/p>\n<p>Mit dem &#8222;Operationsplan Deutschland&#8220;, dessen Fertigstellung Ende M\u00e4rz 2024 erwartet wird, reagiert die Bundeswehr auf die sich versch\u00e4rfende sicherheitspolitische Lage in Europa. In diesem Plan sollen die Aufgaben f\u00fcr die Landes- und B\u00fcndnisverteidigung beschrieben werden. Er ist somit &#8211; auf Basis der NATO-Verteidigungsplanung &#8211; der milit\u00e4rische Beitrag f\u00fcr die staatliche Gesamtverteidigungsplanung der Bundesrepublik Deutschland. Das Ziel des Operationsplans ist: schnelle Handlungsf\u00e4higkeit angesichts hybrider Bedrohungslagen und multipler globaler Krisen \u00fcber alle Ressort- und L\u00e4ndergrenzen hinweg. Denn in der heutigen Zeit seien innere und \u00e4u\u00dfere Sicherheit oftmals kaum noch voneinander zu trennen. <em>\u201eAm Ende ist die Verteidigung unseres Landes eine gesamtstaatliche, ja gesamtgesellschaftliche Aufgabe\u201c<\/em>(35), so der General.<\/p>\n<p>Im Kriegsfall wird nach Mitteilung der Bundeswehr ein \u201egr\u00f6\u00dferer Teil\u201c der regul\u00e4ren Soldaten an der \u201eOstflanke\u201c der NATO k\u00e4mpfen und daher zur Absicherung des deutschen Territoriums selbst \u201enicht eingeplant werden\u201c. Um den \u201eSchutz\u201c der Bundesrepublik auf ihrem eigenen Hoheitsgebiet dennoch zu gew\u00e4hrleisten, setzt der f\u00fcr die Erarbeitung des Operationsplans Deutschland verantwortliche Generalleutnant Bodemann auf die \u201e<em>neu aufzustellenden Heimatschutzkr\u00e4fte<\/em>\u201c.(36) Diese Truppenteile bestehen haupts\u00e4chlich aus Reservisten und nur zu einem geringen Teil aus aktiven Soldaten.<\/p>\n<p>Parallel zur Bundeswehr will auch Bundesgesundheitsminister Karl Lauterbach (SPD) das deutsche Gesundheitswesen mobil machen und auf m\u00f6gliche milit\u00e4rische Konflikte vorbereiten. Deutschland m\u00fcsse sich nicht nur f\u00fcr k\u00fcnftige Pandemien, sondern \u201e<em>auch f\u00fcr gro\u00dfe Katastrophen und eventuelle milit\u00e4rische Konflikte besser aufstellen\u201c<\/em>.(37)<\/p>\n<p>Nach Lauterbach brauche es \u201e<em>auch eine Zeitenwende f\u00fcr das Gesundheitswesen<\/em>\u201c. Zumal Deutschland, wenn sich die Nato gegen einen Angriff verteidigen m\u00fcsste, zur Drehscheibe bei der Versorgung von Verletzten und Verwundeten auch aus anderen L\u00e4ndern werden k\u00f6nne.<\/p>\n<p>W\u00e4hrend in der BRD noch an der Kriegsert\u00fcchtigung gearbeitet wird, begann am 11. Februar 2024 die NATO-\u00dcbung \u201eSteadfast Defender 2024\u201c (\u00fcbersetzt: <em>Standhafter Verteidiger<\/em>), an der \u00fcber 90.000 Soldaten teilnehmen.(38) Sie dauert bis 31. Mai 2024 an. \u00a0Dabei wird die Verteidigung gegen einen Einfall der Russischen F\u00f6deration in ein NATO-Land mit Ausl\u00f6sung von Artikel 5 (B\u00fcndnisfall) des Nordatlantikvertrags ge\u00fcbt. Die Man\u00f6ver finden in den baltischen Staaten, in Deutschland, Polen, Norwegen, Rum\u00e4nien und auch in den Gew\u00e4ssern der Ostsee statt.<\/p>\n<p>Laut Christopher Cavoli, Oberbefehlshaber der \u201eGemeinsamen Streitkr\u00e4fte der NATO in Europa\u201c wird die NATO-\u00dcbung \u201eSteadfast Defender 2024\u201c die wahre St\u00e4rke des westlichen Milit\u00e4rb\u00fcndnisses zeigen und die F\u00e4higkeit demonstrieren, die euro-atlantische Region durch komplexe Operationen sch\u00fctzen und im Ernstfall auch verteidigen zu k\u00f6nnen.<\/p>\n<h5>Warum l\u00e4sst die NATO die Muskeln spielen?<\/h5>\n<p>Der niederl\u00e4ndische Admiral Rob Bauer, Vorsitzender des NATO-Milit\u00e4rausschusses, hat bei der Ank\u00fcndigung des Man\u00f6vers im Br\u00fcsseler NATO-Hauptquartier Klartext gesprochen und festgehalten: \u201e<em>Wir bereiten uns auf einen Konflikt mit Russland und Terrorgruppen vor.\u201c<\/em><em>(39)<\/em><\/p>\n<p>Das entspricht auch der Arbeitsteilung: Au\u00dferhalb der Bundesrepublik Deutschland \u00fcbernimmt die NATO die F\u00fchrungsverantwortung und innerhalb der BRD wird nach Vorgabe des Operationsplans Deutschland vorgegangen.(40)<\/p>\n<h5><strong>\u00a0<\/strong>Russland kritisiert Macrons Gedankenspiele als gef\u00e4hrliche Entwicklung<\/h5>\n<p>Der russische Botschafter in Washington, Anatoli Antonow, bedauerte in seinem Kanal im Nachrichtennetzwerk Telegram die auf dem Pariser Gipfel erkennbare Entwicklung.<\/p>\n<p>Dass die europ\u00e4ischen Verb\u00fcndeten der USA eigene Streitkr\u00e4fte in die Ukraine entsenden, sei lange Zeit undenkbar gewesen, werde nun aber laut diskutiert. Antonow deutet diplomatisch an, dass die \u201e\u2026<em>amerikanischen Kuratoren (des Krieges) sehr wohl verstehen, wohin solch eine Entwicklung der Lage f\u00fchren kann<\/em>\u201c.(41)<\/p>\n<h5>Russischer Botschafter Sergej Netschajew wirbt f\u00fcr diplomatische Verhandlungen<br \/>\n&#8222;Wir wollen uns nicht in einen globalen Krieg hineinziehen lassen&#8220;(42)<\/h5>\n<p>Mit Sorge sehe sein Land, schrieb der russische Botschafter am 19. Februar 2024 in der &#8222;Neuen Osnabr\u00fccker Zeitung&#8220;, dass die &#8222;antirussische Rhetorik&#8220; in Deutschland an Fahrt gewinne.<\/p>\n<p>Dabei gehe es im Ukraine-Krieg nicht nur darum, Russland zu schw\u00e4chen, sondern auch die EU. Zudem werde als Nebenziel versucht, Russland f\u00fcr die Folgen der von Berlin erkl\u00e4rten &#8222;Zeitenwende&#8220; verantwortlich zu machen und Angst vor einem globalen Konflikt zu sch\u00fcren. Stattdessen warb der Botschafter f\u00fcr Verhandlungen. <em>&#8222;Ich m\u00f6chte daran erinnern, dass Russland nie eine Gefahr f\u00fcr Deutschland darstellte. Die deutsch-russischen Beziehungen, die mehrere Generationen unserer Vorg\u00e4nger gemeinsam gestalteten, bildeten eine tragf\u00e4hige Grundlage f\u00fcr die Auss\u00f6hnung zwischen unseren L\u00e4ndern und V\u00f6lkern, f\u00fcr die Deutsche Einheit und eine vielf\u00e4ltige vorteilhafte Zusammenarbeit, die zum Wohlstand und internationalen Ansehen der Bundesrepublik beitrug&#8220;.<\/em>(43)<\/p>\n<p>Netschajew findet es \u00fcber alle Ma\u00dfen bedauernswert, dass derzeit alle Br\u00fccken, einschlie\u00dflich der Kontakte zwischen den Menschen, im Eilverfahren zerst\u00f6rt werden. Er ist davon \u00fcberzeugt, dass diese Entwicklung den nationalen Interessen Deutschlands und seiner B\u00fcrger widerspricht. Weiter verwies der Botschafter auf das Interview Putins mit dem US-Journalisten Tucker Carlson, in dem der russische Pr\u00e4sident deutlich gemacht habe, dass die <em>&#8222;Bedrohung&#8220;<\/em>, die von den westlichen L\u00e4ndern beschworen werde, <em>&#8222;Fake und billige Provokation&#8220;<\/em> sei. <em>&#8222;Wir hatten und haben keine aggressiven Absichten gegen\u00fcber der EU und der NATO&#8220;<\/em>, versicherte der Diplomat und bekr\u00e4ftigte, <em>\u201e\u2026 dass sich Russland nicht in einen globalen Krieg hineinziehen lassen will, der die ganze Menschheit an den Rand der Vernichtung bringen w\u00fcrde\u201c<\/em>. In einem umfassenden Krieg &#8211; dann bereits zum dritten Mal in Europa gef\u00fchrt (nach Aussage des US-Generals Keith Kellogg) &#8211; kann Europa nur als Ganzes verlieren &#8211; zugunsten der USA, die bei den beiden Kriegen zuvor unvorstellbar profitierten und zur Weltmacht aufsteigen konnten.<\/p>\n<p>Am Rande des G20-Treffens in Rio de Janeiro am 21. und 22. Februar 2024 erkl\u00e4rte der russische Au\u00dfenminister Sergei W. Lawrow, dass die w\u00e4hrend des Kalten Krieges zwischen der UdSSR und den Vereinigten Staaten im gegenseitigen Einvernehmen ausgehandelten und so sorgf\u00e4ltig aufgebauten H\u00fcrden gegen ein zuf\u00e4lliges Abgleiten in einen Nuklearkrieg derzeit durch die irrationalen Handlungen des Westens zerlegt werden. \u201eMit anderen Worten\u201c, so der Ex-Topspion Rainer Rupp, \u201e\u2026<em>passiert derzeit all das, was auf beiden Seiten der Systemauseinandersetzung w\u00e4hrend der schlimmsten Zeiten des Kalten Krieges bef\u00fcrchtet wurde.<\/em>\u201c(44)<\/p>\n<p>Rainer Rupp war als &#8222;Topas&#8220; eine Spitzenquelle der DDR im NATO-Hauptquartier. Er verhinderte 1983 nachweislich den Atomkrieg, als w\u00e4hrend der provokativen NATO-\u00dcbung &#8222;Able Archer&#8220; die sowjetischen Nuklearwaffen bereits scharf gemacht wurden und Westdeutschland nur noch wenige Minuten von der Vernichtung trennten. &#8222;Topas&#8220; informierte Berlin, und die DDR wiederum die sowjetische F\u00fchrung, dass kein Angriff der NATO bevorst\u00fcnde.(45)<\/p>\n<p>Es ist unvorstellbar, dass in Europa die in Verantwortung stehende Elite die Gefahr nicht erkennen kann oder will und schlafwandelnd in einen Atomkrieg hineinrutscht.<\/p>\n<p>Wie es scheint, lernen die Deutschen nur durch gro\u00dfes Leid und bittere Not. Es sollte uns vor dem grauen, was auf uns zukommt, wenn wir in diesen Krieg, der uns faktisch nichts angeht, hineingezogen werden! Wer George Friedmans Vortrag mit Diskussion \u00fcber die aufkommende Krise in Europa von Anfang Februar 2015 geh\u00f6rt hat (&#8222;Europe: Destined for Conflict?&#8220;)(46), wei\u00df, warum Entfremdung und Krieg zwischen Deutschland und Russland im Interesse der USA liegen\u2026<\/p>\n<h5>Wo bleiben die Massen-Demos gegen den Dritten Weltkrieg?<\/h5>\n<p>Die \u201eBerliner Zeitung\u201c res\u00fcmiert: \u201eDie abgeh\u00f6rte Besprechung offenbart das dicht verfugte N\u00e4heverh\u00e4ltnis der ukrainischen Armee und ihrer westlichen Unterst\u00fctzer, sowohl in Gestalt der Politik als auch des Milit\u00e4rs und der R\u00fcstungsindustrie.\u201c Das Schockierendste an der knapp 40-min\u00fctigen Besprechung d\u00fcrfte allerdings sein: In einer geradezu unheimlichen deutschen Gr\u00fcndlichkeit treten die Mechanismen einer kriegerischen Eskalation zu Tage. Wo bleiben die Massen-Demonstrationen gegen den Dritten Weltkrieg? Gefahr droht Deutschland nicht \u201evon \u201erechts\u201c, Gefahr in einer nie dagewesen Dimension droht Deutschland von den Kriegstreibern in Berlin!<\/p>\n<p>Angesichts dieser Kriegsgefahr sei an den Aufruf vom 31.1.2023 erinnert.(47)<\/p>\n<blockquote>\n<h5><strong><em>Aufstehen f\u00fcrs \u00dcberleben<\/em><\/strong><\/h5>\n<p>\u201e<em>Zutiefst besorgt um das Leben und \u00dcberleben in der Mitte Europas richten wir diesen Aufruf vorrangig an die Menschen in den deutschsprachigen europ\u00e4ischen L\u00e4ndern. Bei einer Vielfalt gesellschaftspolitischer Ansichten werden wir von der gemeinsamen \u00dcberzeugung getragen, dass unsere Welt zu keiner Zeit seit der Kubakrise 1962 so nah an der Katastrophe war. Wenn der gegenw\u00e4rtig in den Massenmedien gesch\u00fcrten wahnhaften Kriegsbegeisterung nicht effektiv entgegengewirkt wird, besteht die gro\u00dfe Gefahr, dass der Ukraine-Krieg zum Einsatz von Atomwaffen in Europa f\u00fchrt.<\/em><\/p>\n<p><em>Die vielschichtigen Konfrontationen zwischen den Kr\u00e4ften, die eine unipolare Weltherrschaft anstreben und denen, die f\u00fcr eine multipolare Weltordnung sind, haben bereits verheerende Verw\u00fcstungen unter anderem in Jugoslawien, Sudan, Irak, Afghanistan, Libyen, Syrien und Jemen verursacht. Die seit 2014 bestehenden milit\u00e4rischen Auseinandersetzungen in der Ukraine stellen einen Teil dieser weltweiten Entwicklung dar.<\/em><\/p>\n<p><em>Inmitten des Kalten Krieges war die Kubakrise ein Weckruf. Anders als heute suchten damals die beiden Gro\u00dfm\u00e4chte ein Entgegenkommen in beiderseitigem Interesse. So wurden unter anderem die Vertr\u00e4ge \u00fcber die Abwehr ballistischer Raketen und die Vertr\u00e4ge \u00fcber nukleare Mittelstreckenraketen, die inzwischen verworfen wurden, ausgehandelt.<\/em><\/p>\n<p><em>Ausgehandelte Friedensabkommen basieren weniger auf Vertrauen als auf dem gegenseitigen Verst\u00e4ndnis, dass die gefundene Alternative im Interesse beider Seiten ist. Wir erheben unsere Stimme f\u00fcr sofortige Friedensverhandlungen und gegen die Kriegstrommler, die eine Fortsetzung des Krieges \u201ebis zum Sieg der Ukraine\u201c und die entsprechenden Waffenlieferungen fordern.<\/em><\/p>\n<p><em>Unser Schicksal steht auf des Messers Schneide!<\/em><\/p>\n<p><em>Nun kommt es darauf an, durch vielf\u00e4ltige Aktionen dem allgegenw\u00e4rtigen Kriegsgetrommel aufkl\u00e4rend entgegenzuwirken, damit das \u00dcberleben gesichert werden kann.\u201c(48)<\/em><\/p><\/blockquote>\n<p style=\"text-align: right;\"><em>Wolfgang Effenberger, Jahrgang 1946, erhielt als Pionierhauptmann bei der Bundeswehr tiefere Einblicke in das von den USA vorbereitete \u201eatomare Gefechtsfeld\u201c in Europa. Nach zw\u00f6lfj\u00e4hriger Dienstzeit studierte er in M\u00fcnchen Politikwissenschaft sowie H\u00f6heres Lehramt (Bauwesen\/Mathematik) und unterrichtete bis 2000 an der Fachschule f\u00fcr Bautechnik. Seitdem publiziert er zur j\u00fcngeren deutschen Geschichte und zur US-Geopolitik. Zuletzt erschienen vom ihm \u201eSchwarzbuch EU &amp; NATO\u201c (2020) sowie \u201eDie untersch\u00e4tzte Macht\u201c (2022)<\/em><\/p>\n<p>&nbsp;<\/p>\n<p><strong>Quellen und Anmerkungen<\/strong><\/p>\n<p>1) Macron schlie\u00dft Einsatz franz\u00f6sischer Bodentruppen in Ukraine nicht aus: <a href=\"http:\/\/web.de\/magazine\/politik\/russland-krieg-ukraine\/macron-schliesst-einsatz-bodentruppen-ukraine-39368452\">http:\/\/web.de\/magazine\/politik\/russland-krieg-ukraine\/macron-schliesst-einsatz-bodentruppen-ukraine-39368452<\/a><\/p>\n<p>2) <a href=\"http:\/\/www.merkur.de\/politik\/nicht-aus-ukraine-macron-schliesst-einsatz-von-bodentruppen-zr-92856275.html\">www.merkur.de\/politik\/nicht-aus-ukraine-macron-schliesst-einsatz-von-bodentruppen-zr-92856275.html<\/a><\/p>\n<p>3) <a href=\"http:\/\/www.fr.de\/politik\/analyse-macron-nato-ukraine-aussage-bodentruppen-soldaten-was-dahinter-steckt-92857249.html\">www.fr.de\/politik\/analyse-macron-nato-ukraine-aussage-bodentruppen-soldaten-was-dahinter-steckt-92857249.html<\/a><\/p>\n<p>4) <a href=\"http:\/\/www.merkur.de\/politik\/nicht-aus-ukraine-macron-schliesst-einsatz-von-bodentruppen-zr-92856275.html\">www.merkur.de\/politik\/nicht-aus-ukraine-macron-schliesst-einsatz-von-bodentruppen-zr-92856275.html<\/a><\/p>\n<p>5) <a href=\"http:\/\/web.de\/magazine\/politik\/russland-krieg-ukraine\/ischinger-macron-recht-bodentruppen-debatte-angebracht-39373764\">http:\/\/web.de\/magazine\/politik\/russland-krieg-ukraine\/ischinger-macron-recht-bodentruppen-debatte-angebracht-39373764<\/a><\/p>\n<p>6) <a href=\"http:\/\/www.forbes.com\/feeds\/ap\/2011\/03\/19\/general-libya-diplomacy_8364927.html\">www.forbes.com\/feeds\/ap\/2011\/03\/19\/general-libya-diplomacy_8364927.html<\/a><\/p>\n<p>7) Willy Wimmer: pers\u00f6nliche mail vom 27. Februar 2024<\/p>\n<p>8) <a href=\"https:\/\/www.congress.gov\/118\/crec\/2023\/02\/28\/169\/38\/CREC-2023-02-28-dailydigest.pdf\">https:\/\/www.congress.gov\/118\/crec\/2023\/02\/28\/169\/38\/CREC-2023-02-28-dailydigest.pdf<\/a>; <a href=\"https:\/\/www.youtube.com\/watch?v=tmmPHvlbdwI\">https:\/\/www.youtube.com\/watch?v=tmmPHvlbdwI<\/a><\/p>\n<p>9) <a href=\"https:\/\/www.agenzianova.com\/de\/news\/lingresso-delle-truppe-nato-in-ucraina-portera-a-uno-scontro-diretto-con-le-forze-di-mosca\/\">https:\/\/www.agenzianova.com\/de\/news\/lingresso-delle-truppe-nato-in-ucraina-portera-a-uno-scontro-diretto-con-le-forze-di-mosca\/<\/a><\/p>\n<p>10) <a href=\"http:\/\/www.moser-willi.at\/2024\/02\/26\/25-feb-2024-2130-uhr-victoria-nuland-putin-hat-us-plan-fr-russland-vereitelt\/\">www.moser-willi.at\/2024\/02\/26\/25-feb-2024-2130-uhr-victoria-nuland-putin-hat-us-plan-fr-russland-vereitelt\/<\/a><\/p>\n<p>11) <a href=\"http:\/\/www.derstandard.at\/story\/1389859581781\/us-diplomatin-fuck-the-eu\">www.derstandard.at\/story\/1389859581781\/us-diplomatin-fuck-the-eu<\/a><\/p>\n<p>12) <a href=\"https:\/\/www.tagesschau.de\/inland\/scholz-taurus-ukraine-102.html\">https:\/\/www.tagesschau.de\/inland\/scholz-taurus-ukraine-102.html<\/a><\/p>\n<p>13) <a href=\"http:\/\/www.zeit.de\/news\/2024-02\/29\/experte-kritisiert-scholz-aussagen-zu-verbuendeten-scharf\">www.zeit.de\/news\/2024-02\/29\/experte-kritisiert-scholz-aussagen-zu-verbuendeten-scharf<\/a><\/p>\n<p>14) <a href=\"https:\/\/www.tagesschau.de\/ausland\/europa\/macron-bodentruppen-ukraine-100.html\">https:\/\/www.tagesschau.de\/ausland\/europa\/macron-bodentruppen-ukraine-100.html<\/a><\/p>\n<p>15) <a href=\"https:\/\/www.whitehouse.gov\/briefing-room\/speeches-remarks\/2022\/03\/11\/remarks-by-president-biden-at-the-house-democratic-caucus-issues-conference\/\">https:\/\/www.whitehouse.gov\/briefing-room\/speeches-remarks\/2022\/03\/11\/remarks-by-president-biden-at-the-house-democratic-caucus-issues-conference\/<\/a><\/p>\n<p>16) <a href=\"http:\/\/www.cbsnews.com\/live-updates\/ukraine-m1-abrams-tanks-biden-white-house\/\">www.cbsnews.com\/live-updates\/ukraine-m1-abrams-tanks-biden-white-house\/<\/a><\/p>\n<p>17) <a href=\"https:\/\/www.merkur.de\/politik\/lieferung-ukrainischer-aussenminister-rechnet-mit-taurus-zr-92838921.html\">https:\/\/www.merkur.de\/politik\/lieferung-ukrainischer-aussenminister-rechnet-mit-taurus-zr-92838921.html<\/a><\/p>\n<p>18) <a href=\"http:\/\/web.de\/magazine\/politik\/russland-krieg-ukraine\/entsetzen-russland-macrons-bodentruppen-aussage-39373148\">http:\/\/web.de\/magazine\/politik\/russland-krieg-ukraine\/entsetzen-russland-macrons-bodentruppen-aussage-39373148<\/a><\/p>\n<p>19) <a href=\"http:\/\/www.berliner-zeitung.de\/politik-gesellschaft\/ukraine-krieg-russland-holt-kiesewetters-truppen-aus-den-schuetzengraeben-li.2186338\">www.berliner-zeitung.de\/politik-gesellschaft\/ukraine-krieg-russland-holt-kiesewetters-truppen-aus-den-schuetzengraeben-li.2186338<\/a><\/p>\n<p>20) <a href=\"http:\/\/www.msn.com\/de-de\/nachrichten\/welt\/sie-sprachen-\u00fcber-einsatzm\u00f6glichkeit-von-taurus-haben-die-russen-vier-top-soldaten-der-bundeswehr-abgeh\u00f6rt\/ar-BB1jbAAw?ocid=msedgntp&amp;pc=ACTS&amp;cvid=4f425d6877bb4d798f33b8ddfa80c62c&amp;ei=28\">www.msn.com\/de-de\/nachrichten\/welt\/sie-sprachen-\u00fcber-einsatzm\u00f6glichkeit-von-taurus-haben-die-russen-vier-top-soldaten-der-bundeswehr-abgeh\u00f6rt\/ar-BB1jbAAw?ocid=msedgntp&amp;pc=ACTS&amp;cvid=4f425d6877bb4d798f33b8ddfa80c62c&amp;ei=28<\/a><\/p>\n<p>21) Scholz verspricht Aufkl\u00e4rung zu Luftwaffen-Mitschnitt<\/p>\n<p><a href=\"http:\/\/web.de\/magazine\/politik\/russland-krieg-ukraine\/scholz-verspricht-aufklaerung-luftwaffen-mitschnitt-39387920\">http:\/\/web.de\/magazine\/politik\/russland-krieg-ukraine\/scholz-verspricht-aufklaerung-luftwaffen-mitschnitt-39387920<\/a><\/p>\n<p>22) Ebda.<\/p>\n<p>23) Ein Joint Venture der drei f\u00fchrenden europ\u00e4ischen Unternehmen der Luft- und Raumfahrt sowie der Verteidigung: Airbus (37,5%), BAE Systems (37,5%) und Leonardo (25%).\u00a0Das einzige integrierte Verteidigungsunternehmen, das Raketen und Raketensysteme f\u00fcr alle Teilstreitkr\u00e4fte (Luft, See, Land) anbietet. <a href=\"http:\/\/www.mbda-systems.com\/about-us\/\">www.mbda-systems.com\/about-us\/<\/a><\/p>\n<p>24) <a href=\"https:\/\/www.merkur.de\/politik\/ukraine-scholz-usa-biden-konflikt-russland-washington-kanzler-deutschland-putin-news-zr-91285339.html\">https:\/\/www.merkur.de\/politik\/ukraine-scholz-usa-biden-konflikt-russland-washington-kanzler-deutschland-putin-news-zr-91285339.html<\/a><\/p>\n<p>25) <a href=\"http:\/\/www.zeit.de\/politik\/deutschland\/2024-03\/pistorius-informationskrieg-abhoeraffaere-taurus-russland\">www.zeit.de\/politik\/deutschland\/2024-03\/pistorius-informationskrieg-abhoeraffaere-taurus-russland<\/a><\/p>\n<p>26)\u00a0 <a href=\"http:\/\/msn.com\/de-de\/nachrichten\/politik\/taurus-abh\u00f6raff\u00e4re-ralf-stegner-lehnt-forderung-nach-untersuchungsausschuss-ab\/ar-BB1ji2Of?ocid=msedgdhp&amp;pc=ACTS&amp;cvid=04ae5aadd74c4098a9764aef5bb0990c&amp;ei=58\">http:\/\/msn.com\/de-de\/nachrichten\/politik\/taurus-abh\u00f6raff\u00e4re-ralf-stegner-lehnt-forderung-nach-untersuchungsausschuss-ab\/ar-BB1ji2Of?ocid=msedgdhp&amp;pc=ACTS&amp;cvid=04ae5aadd74c4098a9764aef5bb0990c&amp;ei=58<\/a><\/p>\n<p>27) Scholz verspricht Aufkl\u00e4rung zu Luftwaffen-Mitschnitt: <a href=\"http:\/\/web.de\/magazine\/politik\/russland-krieg-ukraine\/scholz-verspricht-aufklaerung-luftwaffen-mitschnitt-39387920\">http:\/\/web.de\/magazine\/politik\/russland-krieg-ukraine\/scholz-verspricht-aufklaerung-luftwaffen-mitschnitt-39387920<\/a><\/p>\n<p>28) Ebda.<\/p>\n<p>29) Ebda.<\/p>\n<p>30) Ebda.<\/p>\n<p>31) <a href=\"http:\/\/www.bundesregierung.de\/resource\/blob\/975226\/2260264\/8efa1868839ede7609437b341d75c3c5\/2024-02-16-ukraine-sicherheitsvereinbarung-deu-data.pdf?download=1\">www.bundesregierung.de\/resource\/blob\/975226\/2260264\/8efa1868839ede7609437b341d75c3c5\/2024-02-16-ukraine-sicherheitsvereinbarung-deu-data.pdf?download=1<\/a><\/p>\n<p>32) <a href=\"http:\/\/www.auswaertiges-amt.de\/de\/newsroom\/gemeinsame-erklaerung-usa-und-deutschland\/2472074\">www.auswaertiges-amt.de\/de\/newsroom\/gemeinsame-erklaerung-usa-und-deutschland\/2472074<\/a><\/p>\n<p>33) Heinrich Br\u00fcning: Briefe und Gespr\u00e4che 1934-1945, M\u00fcnchen 1974, S. 207<\/p>\n<p>34) <a href=\"http:\/\/www.bmvg.de\/de\/aktuelles\/verteidigungspolitische-richtlinien-2023-veroeffentlicht-5701338\">www.bmvg.de\/de\/aktuelles\/verteidigungspolitische-richtlinien-2023-veroeffentlicht-5701338<\/a><\/p>\n<p>35) <a href=\"http:\/\/www.bundeswehr.de\/de\/organisation\/weitere-bmvg-dienststellen\/territoriales-fuehrungskommando-der-bundeswehr\/aktuelles\/symposium-deutschland-gemeinsam-verteidigen-5731912\">www.bundeswehr.de\/de\/organisation\/weitere-bmvg-dienststellen\/territoriales-fuehrungskommando-der-bundeswehr\/aktuelles\/symposium-deutschland-gemeinsam-verteidigen-5731912<\/a><\/p>\n<p>36) <a href=\"http:\/\/www.t-online.de\/nachrichten\/deutschland\/innenpolitik\/id_100329044\/bundeswehr-deutschland-stellt-streng-geheimen-verteidigungsplan-auf.html\">www.t-online.de\/nachrichten\/deutschland\/innenpolitik\/id_100329044\/bundeswehr-deutschland-stellt-streng-geheimen-verteidigungsplan-auf.html<\/a><\/p>\n<p>37) Lauterbach bereitet Gesundheitswesen auf &#8222;milit\u00e4rische Konflikte&#8220; vor:\u00a0 <a href=\"http:\/\/www.zeit.de\/politik\/deutschland\/2024-03\/krieg-karl-lauterbach-gesundheitsminister-krankenhaus-versorgung-gesetzentwurf-notfall-plan\">www.zeit.de\/politik\/deutschland\/2024-03\/krieg-karl-lauterbach-gesundheitsminister-krankenhaus-versorgung-gesetzentwurf-notfall-plan<\/a><\/p>\n<p>38) <a href=\"http:\/\/archive.ph\/20240127233859\/https:\/shape.nato.int\/nato-exercises\">http:\/\/archive.ph\/20240127233859\/https:\/\/shape.nato.int\/nato-exercises<\/a><\/p>\n<p>39) <a href=\"http:\/\/www.watson.ch\/international\/nato\/678905231-steadfast-defender-das-groesste-nato-manoever-seit-1988-in-6-punkten\">www.watson.ch\/international\/nato\/678905231-steadfast-defender-das-groesste-nato-manoever-seit-1988-in-6-punkten<\/a><\/p>\n<p>40) Interessanter Podcast &#8222;Was tun, Herr General?&#8220; des MDR vom 8.Februar 2024 mit General Erhard B\u00fchler:<a href=\"https:\/\/www.youtube.com\/hashtag\/187\">#187<\/a> \u201eOperationsplan Deutschland\u201c der Bundeswehr:\u00a0<a href=\"http:\/\/www.youtube.com\/watch?v=7sAtep2WFR0\">www.youtube.com\/watch?v=7sAtep2WFR0<\/a><\/p>\n<p>41) <a href=\"http:\/\/web.de\/magazine\/politik\/russland-krieg-ukraine\/entsetzen-russland-macrons-bodentruppen-aussage-39373148\">http:\/\/web.de\/magazine\/politik\/russland-krieg-ukraine\/entsetzen-russland-macrons-bodentruppen-aussage-39373148<\/a><\/p>\n<p>42) <a href=\"https:\/\/www.presseportal.de\/pm\/58964\/5716692\">https:\/\/www.presseportal.de\/pm\/58964\/5716692<\/a><\/p>\n<p>43) Ebda.<\/p>\n<p>44) Schlafwandeln in den Atomkrieg!<\/p>\n<p><a href=\"http:\/\/freedert.online\/meinung\/197212-schlafwandeln-in-atomkrieg\/\">http:\/\/freedert.online\/meinung\/197212-schlafwandeln-in-atomkrieg\/<\/a><\/p>\n<p>45) <a href=\"https:\/\/www.buecher.de\/ni\/search\/quick_search\/q\/cXVlcnk9JTIyUmFpbmVyK1J1cHAlMjImZmllbGQ9cGVyc29uZW4=\/\">Rainer Rupp<\/a>,\u00a0<a href=\"https:\/\/www.buecher.de\/ni\/search\/quick_search\/q\/cXVlcnk9JTIyS2FybCtSZWhiYXVtJTIyJmZpZWxkPXBlcnNvbmVu\/\">Karl Rehbaum<\/a>,\u00a0<a href=\"https:\/\/www.buecher.de\/ni\/search\/quick_search\/q\/cXVlcnk9JTIyS2xhdXMrRWljaG5lciUyMiZmaWVsZD1wZXJzb25lbg==\/\">Klaus Eichner<\/a>: Milit\u00e4rspionage (eBook, ePUB). Berlin 2012; <a href=\"http:\/\/www.buecher.de\/shop\/geschichte--politik\/militaerspionage-ebook-epub\/rupp-rainer-rehbaum-karl-eichner-klaus\/products\/detail\/prod_id\/37075662\/\">www.buecher.de\/shop\/geschichte&#8211;politik\/militaerspionage-ebook-epub\/rupp-rainer-rehbaum-karl-eichner-klaus\/products\/detail\/prod_id\/37075662\/<\/a><\/p>\n<p>46) Rede Friedmans am 4. Februar 2025 unter <a href=\"http:\/\/www.youtube.com\/watch?v=QeLu_yyz3tc\">www.youtube.com\/watch?v=QeLu_yyz3tc<\/a><\/p>\n<p>47) <em>Die Unterzeichnerliste wurde zuletzt am 7.1.2024 aktualisiert. <\/em><a href=\"https:\/\/afsaneyebahar.com\/2023\/02\/13\/20694777\/\">https:\/\/afsaneyebahar.com\/2023\/02\/13\/20694777\/<\/a><\/p>\n<p>48) V.i.S.d.P.: Wolfgang Effenberger, Dorfmoos 12, 82343 P\u00f6cking<\/p>\n<p>&nbsp;<\/p>\n<hr \/>\n<p><span style=\"font-size: 10pt;\">Bild oben: Deutsche Soldaten des 3. Panzerbataillons mit Leopard 2A6 auf dem Truppen\u00fcbungsplatz Grafenw\u00f6hr, 03. Juni 2018<\/span><br \/>\n<span style=\"font-size: 10pt;\">Foto: <span class=\"mw-mmv-title\">U.S. Army Photo by Lacey Justinger,<\/span>\u00a0<a href=\"https:\/\/creativecommons.org\/licenses\/by\/2.0\" target=\"_blank\" rel=\"noopener\">CC BY 2.0<\/a><\/span><br \/>\n<span style=\"font-size: 10pt;\">Quelle: <a href=\"https:\/\/commons.wikimedia.org\/w\/index.php?curid=69781474\" target=\"_blank\" rel=\"noopener\">https:\/\/commons.wikimedia.org\/w\/index.php?curid=69781474<\/a><\/span><\/p>\n","protected":false},"excerpt":{"rendered":"<p><b>Ein Kommentar von Wolfgang Effenberger<\/b><br \/>\nAm Abend des 26. Februar 2023 haben in Paris auf einer Hilfskonferenz f\u00fcr die Ukraine mehr als 20 Staats- und Regierungschefs beschlossen, schnell und effektiv Hilfe f\u00fcr das von Russland angegriffene Land zu leisten. Unter den politischen Repr\u00e4sentanten war auch Bundeskanzler\u00a0Olaf Scholz. Es gab zwar keine Einigkeit unter den Konferenzteilnehmern (den Einsatz von NATO-Bodentruppen in der Ukraine betreffend), aber im k\u00fcnftigen Kriegsverlauf k\u00f6nne nichts g\u00e4nzlich ausgeschlossen werden, sagte Frankreichs Pr\u00e4sident Emmanuel Macron: &#8222;Wir werden alles tun, was n\u00f6tig ist, damit Russland diesen Krieg nicht gewinnen kann.\u201c Mit der Einladung zur Pariser Konferenz hat Macron den F\u00fchrungsanspruch Frankreichs untermauert. Vor seiner Abreise nach Paris hatte der slowakische Ministerpr\u00e4sident Robert Fico vor einer \u201egef\u00e4hrlichen Eskalation der Spannungen mit Russland\u201c gewarnt. Einzelne NATO-Staaten seien offenbar bereit, eigene Soldaten in den Ukraine-Krieg zu schicken.<\/p>\n","protected":false},"author":3,"featured_media":18549,"comment_status":"closed","ping_status":"closed","sticky":false,"template":"","format":"standard","meta":{"colormag_page_container_layout":"default_layout","colormag_page_sidebar_layout":"default_layout","advanced_seo_description":"","jetpack_seo_html_title":"","jetpack_seo_noindex":false,"jetpack_post_was_ever_published":false,"footnotes":""},"categories":[12],"tags":[473,1046,699,1463,688,1629,1027,1699,188,1484,2151,1770,1819,56,712,222,422,1759,639,185],"class_list":["post-18539","post","type-post","status-publish","format-standard","has-post-thumbnail","hentry","category-demokratie-medien-aufklaerung","tag-1-weltkrieg","tag-3-weltkrieg","tag-aussenpolitik","tag-bundeskanzler","tag-bundeswehr","tag-eskalation","tag-frankreich","tag-fuehrungrolle","tag-krieg","tag-krim","tag-luftwaffe","tag-macron","tag-marschflugkoerper","tag-nato","tag-paris","tag-russland","tag-ruestung","tag-skandal","tag-ukraine-konflikt","tag-usa"],"jetpack_featured_media_url":"https:\/\/i0.wp.com\/www.freidenker.org\/fw17\/wp-content\/uploads\/2024\/03\/SETC_18_Opening_Ceremony_41820394604_800x450.jpg?fit=800%2C450&ssl=1","jetpack_shortlink":"https:\/\/wp.me\/p9stpK-4P1","jetpack-related-posts":[{"id":13311,"url":"https:\/\/www.freidenker.org\/?p=13311","url_meta":{"origin":18539,"position":0},"title":"Frieren und hungern f\u00fcr den Endsieg","author":"Webredaktion","date":"4. Juni 2022","format":false,"excerpt":"Beitrag von Willy Wimmer Trump hatte etwas Gutes. Er vermied es, den \u00fcblichen amerikanischen Pr\u00e4sidenten-Krieg anzuzetteln.\u00a0Das sind jene Kriege, die ein Pr\u00e4sident dann exekutieren muss, wenn den amerikanischen Strukturen danach ist und das Washingtoner System die Lage eskalierend f\u00fcr reif h\u00e4lt. Die von Trump ausgehende Unlust auf einen solchen Krieg\u2026","rel":"","context":"In &quot;Frieden - Antifaschismus - Solidarit\u00e4t&quot;","block_context":{"text":"Frieden - Antifaschismus - Solidarit\u00e4t","link":"https:\/\/www.freidenker.org\/?cat=13"},"img":{"alt_text":"","src":"https:\/\/i0.wp.com\/www.freidenker.org\/fw17\/wp-content\/uploads\/2022\/06\/sculpture-18142_800x450.jpg?fit=800%2C450&ssl=1&resize=350%2C200","width":350,"height":200,"srcset":"https:\/\/i0.wp.com\/www.freidenker.org\/fw17\/wp-content\/uploads\/2022\/06\/sculpture-18142_800x450.jpg?fit=800%2C450&ssl=1&resize=350%2C200 1x, https:\/\/i0.wp.com\/www.freidenker.org\/fw17\/wp-content\/uploads\/2022\/06\/sculpture-18142_800x450.jpg?fit=800%2C450&ssl=1&resize=525%2C300 1.5x, https:\/\/i0.wp.com\/www.freidenker.org\/fw17\/wp-content\/uploads\/2022\/06\/sculpture-18142_800x450.jpg?fit=800%2C450&ssl=1&resize=700%2C400 2x"},"classes":[]},{"id":21542,"url":"https:\/\/www.freidenker.org\/?p=21542","url_meta":{"origin":18539,"position":1},"title":"Merz will \u201eTaurus\u201c liefern","author":"Webredaktion","date":"24. April 2025","format":false,"excerpt":"K\u00fcnftiger Kanzler verst\u00f6\u00dft vor Amtsantritt gegen den Amtseid \u2013 und beweist seine Ahnungslosigkeit Ein Kommentar von Tilo Gr\u00e4ser Der allen Voraussetzungen nach n\u00e4chste deutsche Bundeskanzler Friedrich Merz (CDU) hat bereits vor Amtsantritt angek\u00fcndigt, dass er seinen Amtseid brechen wird. Er tat das am Sonntag in der ARD-Sendung \u201eCaren Miosga\u201c, in\u2026","rel":"","context":"In &quot;Demokratie \u2013 Medien \u2013 Aufkl\u00e4rung&quot;","block_context":{"text":"Demokratie \u2013 Medien \u2013 Aufkl\u00e4rung","link":"https:\/\/www.freidenker.org\/?cat=12"},"img":{"alt_text":"","src":"https:\/\/i0.wp.com\/www.freidenker.org\/fw17\/wp-content\/uploads\/2025\/04\/Wahlkampf_mit_Friedrich_Merz_in_Erfurt_2024_STP_3071_800x450.jpg?fit=800%2C450&ssl=1&resize=350%2C200","width":350,"height":200,"srcset":"https:\/\/i0.wp.com\/www.freidenker.org\/fw17\/wp-content\/uploads\/2025\/04\/Wahlkampf_mit_Friedrich_Merz_in_Erfurt_2024_STP_3071_800x450.jpg?fit=800%2C450&ssl=1&resize=350%2C200 1x, https:\/\/i0.wp.com\/www.freidenker.org\/fw17\/wp-content\/uploads\/2025\/04\/Wahlkampf_mit_Friedrich_Merz_in_Erfurt_2024_STP_3071_800x450.jpg?fit=800%2C450&ssl=1&resize=525%2C300 1.5x, https:\/\/i0.wp.com\/www.freidenker.org\/fw17\/wp-content\/uploads\/2025\/04\/Wahlkampf_mit_Friedrich_Merz_in_Erfurt_2024_STP_3071_800x450.jpg?fit=800%2C450&ssl=1&resize=700%2C400 2x"},"classes":[]},{"id":20548,"url":"https:\/\/www.freidenker.org\/?p=20548","url_meta":{"origin":18539,"position":2},"title":"Im Gespr\u00e4ch: Wolfgang Bittner (&#8222;Niemand soll hungern, ohne zu frieren&#8220;)","author":"Webredaktion","date":"20. Dezember 2024","format":false,"excerpt":"Video-Interview von Dirk Pohlmann mit Wolfgang Bittner Wolfgang Bittner ist Schriftsteller, promovierter Jurist, bildender K\u00fcnstler und hat neben Jura auch Philosophie und Soziologie studiert. Er hat die Welt bereist und etwa 80 B\u00fccher verfasst. Bittner war Rundfunkrat des WDR und Professor in Deutschland und Polen. Er ist ein Mann der\u2026","rel":"","context":"In &quot;Demokratie \u2013 Medien \u2013 Aufkl\u00e4rung&quot;","block_context":{"text":"Demokratie \u2013 Medien \u2013 Aufkl\u00e4rung","link":"https:\/\/www.freidenker.org\/?cat=12"},"img":{"alt_text":"","src":"https:\/\/i0.wp.com\/www.freidenker.org\/fw17\/wp-content\/uploads\/2024\/12\/bittner_pohlmann_800x450.jpg?fit=800%2C450&ssl=1&resize=350%2C200","width":350,"height":200,"srcset":"https:\/\/i0.wp.com\/www.freidenker.org\/fw17\/wp-content\/uploads\/2024\/12\/bittner_pohlmann_800x450.jpg?fit=800%2C450&ssl=1&resize=350%2C200 1x, https:\/\/i0.wp.com\/www.freidenker.org\/fw17\/wp-content\/uploads\/2024\/12\/bittner_pohlmann_800x450.jpg?fit=800%2C450&ssl=1&resize=525%2C300 1.5x, https:\/\/i0.wp.com\/www.freidenker.org\/fw17\/wp-content\/uploads\/2024\/12\/bittner_pohlmann_800x450.jpg?fit=800%2C450&ssl=1&resize=700%2C400 2x"},"classes":[]},{"id":12199,"url":"https:\/\/www.freidenker.org\/?p=12199","url_meta":{"origin":18539,"position":3},"title":"Regelbasiertes, amerikanisches Welt-Faustrecht","author":"Webredaktion","date":"19. Februar 2022","format":false,"excerpt":"Ein Kommentar von Willy Wimmer Man musste schon staunen, als sich der deutsche Bundeskanzler bei seinem Antrittsbesuch in Washington auf der gemeinsamen Pressekonferenz mit dem \u201cBoss der westlichen Wertegemeinschaft\u201d und US-Pr\u00e4sidenten, Joe Biden, zu einer von ihm so genannten \u201cregelbasierten Ordnung\u201d vernehmen lies. Das kam aus dem Munde des deutschen\u2026","rel":"","context":"In &quot;Frieden - Antifaschismus - Solidarit\u00e4t&quot;","block_context":{"text":"Frieden - Antifaschismus - Solidarit\u00e4t","link":"https:\/\/www.freidenker.org\/?cat=13"},"img":{"alt_text":"","src":"https:\/\/i0.wp.com\/www.freidenker.org\/fw17\/wp-content\/uploads\/2022\/02\/USA_Faustrecht_v2_800x450.jpg?fit=800%2C450&ssl=1&resize=350%2C200","width":350,"height":200,"srcset":"https:\/\/i0.wp.com\/www.freidenker.org\/fw17\/wp-content\/uploads\/2022\/02\/USA_Faustrecht_v2_800x450.jpg?fit=800%2C450&ssl=1&resize=350%2C200 1x, https:\/\/i0.wp.com\/www.freidenker.org\/fw17\/wp-content\/uploads\/2022\/02\/USA_Faustrecht_v2_800x450.jpg?fit=800%2C450&ssl=1&resize=525%2C300 1.5x, https:\/\/i0.wp.com\/www.freidenker.org\/fw17\/wp-content\/uploads\/2022\/02\/USA_Faustrecht_v2_800x450.jpg?fit=800%2C450&ssl=1&resize=700%2C400 2x"},"classes":[]},{"id":17282,"url":"https:\/\/www.freidenker.org\/?p=17282","url_meta":{"origin":18539,"position":4},"title":"Neue Rolle f\u00fcr Polen und Ukraine","author":"Webredaktion","date":"19. Oktober 2023","format":false,"excerpt":"Ein Kommentar von\u00a0Rainer Rupp Wenn die nachfolgend geschilderten RAND-Vorschl\u00e4ge realistisch w\u00e4ren, k\u00f6nnten US\/NATO mit einem blauen Auge davonkommen und w\u00fcrden nicht \u2013 wie zu erwarten \u2013 eklatant als die gro\u00dfen Verlierer in der Ukraine dastehen. Und wom\u00f6glich k\u00e4me Washington auch seinem Ziel, Russland strategisch zu schw\u00e4chen, doch noch etwas n\u00e4her.\u2026","rel":"","context":"In &quot;Demokratie \u2013 Medien \u2013 Aufkl\u00e4rung&quot;","block_context":{"text":"Demokratie \u2013 Medien \u2013 Aufkl\u00e4rung","link":"https:\/\/www.freidenker.org\/?cat=12"},"img":{"alt_text":"","src":"https:\/\/i0.wp.com\/www.freidenker.org\/fw17\/wp-content\/uploads\/2023\/10\/Ukraine%E2%80%93NATO_Fahnen_800x450.jpg?fit=800%2C450&ssl=1&resize=350%2C200","width":350,"height":200,"srcset":"https:\/\/i0.wp.com\/www.freidenker.org\/fw17\/wp-content\/uploads\/2023\/10\/Ukraine%E2%80%93NATO_Fahnen_800x450.jpg?fit=800%2C450&ssl=1&resize=350%2C200 1x, https:\/\/i0.wp.com\/www.freidenker.org\/fw17\/wp-content\/uploads\/2023\/10\/Ukraine%E2%80%93NATO_Fahnen_800x450.jpg?fit=800%2C450&ssl=1&resize=525%2C300 1.5x, https:\/\/i0.wp.com\/www.freidenker.org\/fw17\/wp-content\/uploads\/2023\/10\/Ukraine%E2%80%93NATO_Fahnen_800x450.jpg?fit=800%2C450&ssl=1&resize=700%2C400 2x"},"classes":[]},{"id":16358,"url":"https:\/\/www.freidenker.org\/?p=16358","url_meta":{"origin":18539,"position":5},"title":"US-Basis Ramstein jetzt im Fadenkreuz f\u00fcr nuklearen Erstschlag?","author":"Webredaktion","date":"24. Juni 2023","format":false,"excerpt":"Kommentar von\u00a0Rainer Rupp. Putin-Berater Karaganow pl\u00e4diert daf\u00fcr, den Amerikanern und dem kollektiven Westen notfalls mit pr\u00e4ventiven, begrenzten Nuklearschl\u00e4gen auf politische-milit\u00e4rische Entscheidungszentren nicht nur in der Ukraine, sondern auch dar\u00fcber hinaus, wieder Respekt vor dem russischen nuklearen Abschreckungspotential beizubringen, um einem endlosen Krieg von US\/NATO gegen Russland in der Westukraine zuvorzukommen.\u2026","rel":"","context":"In &quot;Demokratie \u2013 Medien \u2013 Aufkl\u00e4rung&quot;","block_context":{"text":"Demokratie \u2013 Medien \u2013 Aufkl\u00e4rung","link":"https:\/\/www.freidenker.org\/?cat=12"},"img":{"alt_text":"","src":"https:\/\/i0.wp.com\/www.freidenker.org\/fw17\/wp-content\/uploads\/2023\/06\/hydrogen-bomb-63146_800x450.jpg?fit=800%2C450&ssl=1&resize=350%2C200","width":350,"height":200,"srcset":"https:\/\/i0.wp.com\/www.freidenker.org\/fw17\/wp-content\/uploads\/2023\/06\/hydrogen-bomb-63146_800x450.jpg?fit=800%2C450&ssl=1&resize=350%2C200 1x, https:\/\/i0.wp.com\/www.freidenker.org\/fw17\/wp-content\/uploads\/2023\/06\/hydrogen-bomb-63146_800x450.jpg?fit=800%2C450&ssl=1&resize=525%2C300 1.5x, https:\/\/i0.wp.com\/www.freidenker.org\/fw17\/wp-content\/uploads\/2023\/06\/hydrogen-bomb-63146_800x450.jpg?fit=800%2C450&ssl=1&resize=700%2C400 2x"},"classes":[]}],"_links":{"self":[{"href":"https:\/\/www.freidenker.org\/index.php?rest_route=\/wp\/v2\/posts\/18539","targetHints":{"allow":["GET"]}}],"collection":[{"href":"https:\/\/www.freidenker.org\/index.php?rest_route=\/wp\/v2\/posts"}],"about":[{"href":"https:\/\/www.freidenker.org\/index.php?rest_route=\/wp\/v2\/types\/post"}],"author":[{"embeddable":true,"href":"https:\/\/www.freidenker.org\/index.php?rest_route=\/wp\/v2\/users\/3"}],"replies":[{"embeddable":true,"href":"https:\/\/www.freidenker.org\/index.php?rest_route=%2Fwp%2Fv2%2Fcomments&post=18539"}],"version-history":[{"count":0,"href":"https:\/\/www.freidenker.org\/index.php?rest_route=\/wp\/v2\/posts\/18539\/revisions"}],"wp:featuredmedia":[{"embeddable":true,"href":"https:\/\/www.freidenker.org\/index.php?rest_route=\/wp\/v2\/media\/18549"}],"wp:attachment":[{"href":"https:\/\/www.freidenker.org\/index.php?rest_route=%2Fwp%2Fv2%2Fmedia&parent=18539"}],"wp:term":[{"taxonomy":"category","embeddable":true,"href":"https:\/\/www.freidenker.org\/index.php?rest_route=%2Fwp%2Fv2%2Fcategories&post=18539"},{"taxonomy":"post_tag","embeddable":true,"href":"https:\/\/www.freidenker.org\/index.php?rest_route=%2Fwp%2Fv2%2Ftags&post=18539"}],"curies":[{"name":"wp","href":"https:\/\/api.w.org\/{rel}","templated":true}]}}