{"id":18521,"date":"2024-03-09T19:44:51","date_gmt":"2024-03-09T18:44:51","guid":{"rendered":"https:\/\/www.freidenker.org\/?p=18521"},"modified":"2024-04-03T13:40:00","modified_gmt":"2024-04-03T11:40:00","slug":"gegen-den-genozid-im-namen-feministischer-aussenpolitik","status":"publish","type":"post","link":"https:\/\/www.freidenker.org\/?p=18521","title":{"rendered":"Gegen den Genozid im Namen \u201efeministischer Au\u00dfenpolitik\u201c!"},"content":{"rendered":"<p><em>Beitrag der <strong>Kommunistischen Organisation<\/strong><\/em><\/p>\n<p><span style=\"font-size: 10pt;\">Erstver\u00f6ffentlichung am 08.03.2024 auf <a href=\"https:\/\/kommunistische-organisation.de\/stellungnahme\/gegen-den-genozid-im-namen-feministischer-aussenpolitik\/\" target=\"_blank\" rel=\"noopener\">kommunistische-organisation.de<\/a><\/span><\/p>\n<p>Vor gut einem Jahr wurden die Leitlinien f\u00fcr die \u201eFeministische Au\u00dfenpolitik\u201c der Bundesregierung ver\u00f6ffentlicht. Sie sprechen darin von \u201enachhaltigem Frieden durch die Einbeziehung von Frauen\u201c. Was sich sch\u00f6n anh\u00f6rt, ist in Wahrheit Rechtfertigungsfolie f\u00fcr imperialistische Intervention. So wird der brutale Krieg, den Israel in Gaza f\u00fchrt, unter anderem mit dem Leid israelischer Frauen begr\u00fcndet. Israel m\u00fcsse sich vor den \u201ebarbarischen Horden\u201c sch\u00fctzen, die am 7. Oktober aus Gaza ausbrachen und deshalb diesen Krieg f\u00fchren. Dabei zahlt sich die Propaganda von Israel als der \u201eeinzigen Demokratie im Nahen Osten\u201c, als \u201eInsel der Zivilisation\u201c aus. Hinter der moralischen Autorit\u00e4t \u201ewestlicher Werte\u201c l\u00e4sst sich sogar ein offen ausgetragener V\u00f6lkermord verstecken.<\/p>\n<p>Die israelische Armee pr\u00e4sentiert sich seit Langem als besonders \u201emodern\u201c, da in ihr auch viele Soldatinnen dienen. Wie alle m\u00e4nnlichen Staatsb\u00fcrger, m\u00fcssen auch junge Frauen ihren Wehrdienst in der Armee ableisten. Was als emanzipatorisch und progressiv verkauft wird, ist in Wahrheit Notwendigkeit der zionistischen Besatzung. Es erm\u00f6glicht die Aufrechterhaltung des Apartheidsystems mit seinen unz\u00e4hligen Checkpoints und der Bewachung seiner Siedler. Es ist auch ein nationales Erziehungsmoment, bei dem die Staatsb\u00fcrger darauf getrimmt werden, Pal\u00e4stinenser als ihre Feinde zu sehen. Mit dem Dienst an der Waffe werden alle Israelis in die Unterdr\u00fcckung der Pal\u00e4stinenser mit einbezogen. Das bef\u00f6rdert eine durch Rassismus gepr\u00e4gte Herrenmenschenideologie, die jegliche moralische Grenzen aufl\u00f6st und den Genozid an den Pal\u00e4stinensern legitimiert wei\u00df. So haben israelische Soldatinnen und Soldaten keine Hemmung, ihre Kriegsverbrechen selbst im Netz zu verbreiten.<\/p>\n<p>Das ist es, was Israel und die westliche Welt unter \u201eEmanzipation\u201c verstehen: Die gleichberechtigte Beteiligung von Frauen an der Ermordung eines unterdr\u00fcckten Volks!<\/p>\n<p><strong>Feministische Au\u00dfenpolitik im Kampf gegen pal\u00e4stinensische Frauen<\/strong><\/p>\n<p>Die Entmenschlichung der Pal\u00e4stinenserinnen und Pal\u00e4stinenser ist f\u00fcr Israel ideologisch notwendig, um den Genozid durchf\u00fchren zu k\u00f6nnen. Sie werden als Tiere angesehen oder als die \u201eKinder der Finsternis\u201c, gegen die die \u201eKinder des Lichts\u201c ank\u00e4mpfen. Der Genozid in Gaza schlie\u00dft dabei nicht nur das Ermorden der dort lebenden Pal\u00e4stinenser ein, sondern auch die Ausl\u00f6schung jeglicher Lebensgrundlage zuk\u00fcnftiger Generationen. Davon sind insbesondere Frauen betroffen, die schon jetzt unter Fehlgeburten und unzureichender Versorgung bei Entbindungen leiden. Es zeigt sich die Heuchelei der feministischen Au\u00dfenpolitik: Da das Leid der pal\u00e4stinensischen Frauen Teil der siedlerkolonialen Politik Israels und seiner westlichen Unterst\u00fctzer ist, wird es unter den Teppich gekehrt oder als gerechtfertigtes Opfer angesehen.<\/p>\n<p>Hierzulande zelebriert die herrschende Klasse einen identit\u00e4tspolitisch und liberal gepr\u00e4gten \u201eKampf\u201c der Frauen. Emanzipation wird auf eine individualistische Selbstverwirklichung von Frauen reduziert und hat h\u00e4ufig jegliche Klassendimension verloren. Identit\u00e4tspolitisch k\u00e4mpft man gegen \u201edas Patriarchat\u201c. Der antimuslimische Rassismus spielt seit L\u00e4ngerem eine wichtige Rolle in der feministischen Bewegung in Deutschland, aber auch in anderen westlichen Staaten. Insbesondere das Narrativ von der unterdr\u00fcckten kopftuchtragenden Frau ist dabei beliebt. Seit Jahren werden Kopftuch-Debatten gef\u00fchrt, die unter feministischer Flagge rassistische Diskurse gegen Muslime und Muslimas befeuern. Diese Diskurse sind stark von kolonialistischen Bildern gepr\u00e4gt und wurden mit der feministischen Au\u00dfenpolitik offiziell zur Staatsideologie erhoben. Die Frauen in den vom Westen bek\u00e4mpften, unterdr\u00fcckten oder abh\u00e4ngig gemachten Staaten werden als Opfer dargestellt, die es zu befreien gilt.<\/p>\n<p>Die wahre Pr\u00e4gung vieler deutscher \u201eFeministinnen\u201c zeigte sich, als nach dem 7. Oktober 2023 viele von ihnen zur Solidarit\u00e4t mit der zionistischen Besatzung aufriefen. Gegen Solidarit\u00e4tsbekundungen mit Pal\u00e4stina durch \u2013 meist migrantische \u2013 Frauen wird chauvinistisch gehetzt. Ihr Protest wird als antisemitisch abgestempelt und insbesondere in der linken Szene nicht ernst genommen. Wer sich mit dem pal\u00e4stinensischen Widerstand solidarisiert, w\u00fcrde sich auf die Seite patriarchaler Kr\u00e4fte stellen. In Wahrheit bedeutet die Befreiung Pal\u00e4stinas vom israelischen Siedlerkolonialismus, von Apartheid, Verfolgung und Ermordung, die wichtigste Verbesserung der Lage der pal\u00e4stinensischen Frauen \u2013 sie steht jetzt vor Ort auf der Tagesordnung und wird durch den vielf\u00e4ltigen Widerstand Pal\u00e4stinas erk\u00e4mpft.<\/p>\n<p>Wir sehen am Widerstand der Pal\u00e4stinenserinnen, was es hei\u00dft, wenn Frauen k\u00e4mpfen. Sie wehren sich seit \u00fcber 75 Jahren gegen die Gewalt der israelischen Besatzung. Zurzeit sehen wir Bilder von Frauen in Gaza, die sich unter Einsatz ihres Lebens f\u00fcr ihre Mitmenschen einsetzen, wie zum Beispiel die \u00c4rztin Amira al-Assouli. Sie z\u00f6gerte nicht, einem angeschossenen jungen Mann in der N\u00e4he des Al-Nasser Krankenhauses zur Hilfe zu eilen und unter Beschuss von israelischen Scharfsch\u00fctzen in Sicherheit bringen. Sie und viele andere zeigen: Der Widerstand ist keine M\u00e4nnersache, sondern wird durch den Zusammenschluss \u00fcber Geschlechtergrenzen hinweg \u00fcberhaupt erst m\u00f6glich.<\/p>\n<p>Frauenkampf hei\u00dft heute auch Solidarit\u00e4t und Unterst\u00fctzung des pal\u00e4stinensischen Widerstands. Hierzulande hei\u00dft er, die westliche Herrenmenschen-Ideologie gegen\u00fcber den unterdr\u00fcckten V\u00f6lkern\u00a0zu bek\u00e4mpfen. In diesem Internationalismus vereinen sich \u00fcberall Frauen und M\u00e4nner gegen den Imperialismus.<\/p>\n<p><strong>Hoch die internationale Solidarit\u00e4t!<\/strong><\/p>\n<p><strong>F\u00fcr die Befreiung der arbeitenden und unterdr\u00fcckten Frauen weltweit!<\/strong><\/p>\n<hr \/>\n<p><strong>Download<\/strong><\/p>\n<p><img data-recalc-dims=\"1\" loading=\"lazy\" decoding=\"async\" data-attachment-id=\"1076\" data-permalink=\"https:\/\/www.freidenker.org\/?attachment_id=1076\" data-orig-file=\"https:\/\/i0.wp.com\/www.freidenker.org\/fw17\/wp-content\/uploads\/2017\/10\/pdf_icon-2.png?fit=32%2C32&amp;ssl=1\" data-orig-size=\"32,32\" data-comments-opened=\"0\" data-image-meta=\"{&quot;aperture&quot;:&quot;0&quot;,&quot;credit&quot;:&quot;&quot;,&quot;camera&quot;:&quot;&quot;,&quot;caption&quot;:&quot;&quot;,&quot;created_timestamp&quot;:&quot;0&quot;,&quot;copyright&quot;:&quot;&quot;,&quot;focal_length&quot;:&quot;0&quot;,&quot;iso&quot;:&quot;0&quot;,&quot;shutter_speed&quot;:&quot;0&quot;,&quot;title&quot;:&quot;&quot;,&quot;orientation&quot;:&quot;0&quot;}\" data-image-title=\"pdf_icon\" data-image-description=\"\" data-image-caption=\"\" data-large-file=\"https:\/\/i0.wp.com\/www.freidenker.org\/fw17\/wp-content\/uploads\/2017\/10\/pdf_icon-2.png?fit=32%2C32&amp;ssl=1\" class=\"alignnone size-full wp-image-1076\" src=\"https:\/\/i0.wp.com\/www.freidenker.org\/fw17\/wp-content\/uploads\/2017\/10\/pdf_icon-2.png?resize=32%2C32&#038;ssl=1\" alt=\"\" width=\"32\" height=\"32\" \/> <a href=\"https:\/\/www.freidenker.org\/fw17\/wp-content\/uploads\/2024\/03\/240308_STN_Achter-Maerz.pdf\" target=\"_blank\" rel=\"noopener\">Text als PDF<\/a> (ca. 117 KB, bereitgestellt von kommunistische-organisation.de)<\/p>\n<hr \/>\n<p><span style=\"font-size: 10pt;\">Bild oben: <a href=\"https:\/\/pixabay.com\/de\/photos\/gaza-streifen-pal%C3%A4stina-3829405\/\" target=\"_blank\" rel=\"noopener\">pixabay.com<\/a> \/ <a class=\"userName--owby3\" href=\"https:\/\/pixabay.com\/de\/users\/hosnysalah-10285169\/\" target=\"_blank\" rel=\"noopener\">hosnysalah<\/a> \/ <a href=\"https:\/\/pixabay.com\/de\/service\/license-summary\/\" target=\"_blank\" rel=\"noopener\">Inhaltslizenz<\/a><\/span><\/p>\n","protected":false},"excerpt":{"rendered":"<p><b>Beitrag der Kommunistischen Organisation<\/b><br \/>\nVor gut einem Jahr wurden die Leitlinien f\u00fcr die \u201eFeministische Au\u00dfenpolitik\u201c der Bundesregierung ver\u00f6ffentlicht. Sie sprechen darin von \u201enachhaltigem Frieden durch die Einbeziehung von Frauen\u201c. Was sich sch\u00f6n anh\u00f6rt, ist in Wahrheit Rechtfertigungsfolie f\u00fcr imperialistische Intervention. So wird der brutale Krieg, den Israel in Gaza f\u00fchrt, unter anderem mit dem Leid israelischer Frauen begr\u00fcndet. Israel m\u00fcsse sich vor den \u201ebarbarischen Horden\u201c sch\u00fctzen, die am 7. Oktober aus Gaza ausbrachen und deshalb diesen Krieg f\u00fchren. Dabei zahlt sich die Propaganda von Israel als der \u201eeinzigen Demokratie im Nahen Osten\u201c, als \u201eInsel der Zivilisation\u201c aus. Hinter der moralischen Autorit\u00e4t \u201ewestlicher Werte\u201c l\u00e4sst sich sogar ein offen ausgetragener V\u00f6lkermord verstecken.<\/p>\n","protected":false},"author":3,"featured_media":18525,"comment_status":"closed","ping_status":"closed","sticky":false,"template":"","format":"standard","meta":{"colormag_page_container_layout":"default_layout","colormag_page_sidebar_layout":"default_layout","advanced_seo_description":"","jetpack_seo_html_title":"","jetpack_seo_noindex":false,"jetpack_post_was_ever_published":false,"footnotes":""},"categories":[13],"tags":[512,699,1032,1054,1058,1055,1172,1589,1861,107,393,394,489],"class_list":["post-18521","post","type-post","status-publish","format-standard","has-post-thumbnail","hentry","category-frieden-antifaschismus-solidaritaet","tag-antisemitismus","tag-aussenpolitik","tag-bundesregierung","tag-feminismus","tag-frauenbewegung","tag-frauenrechte","tag-gaza","tag-genozid","tag-geschlechter","tag-gesundheit","tag-israel","tag-palaestina","tag-widerstand"],"jetpack_featured_media_url":"https:\/\/i0.wp.com\/www.freidenker.org\/fw17\/wp-content\/uploads\/2024\/03\/gaza-3829405_800x450.jpg?fit=800%2C450&ssl=1","jetpack_shortlink":"https:\/\/wp.me\/p9stpK-4OJ","jetpack-related-posts":[{"id":23075,"url":"https:\/\/www.freidenker.org\/?p=23075","url_meta":{"origin":18521,"position":0},"title":"\u201eIsraels Politik wird von einer v\u00f6lkerm\u00f6rderischen Logik getrieben\u201c","author":"Webredaktion","date":"9. Oktober 2025","format":false,"excerpt":"Rezension von Arn Strohmeyer zu Avi Shlaim: Genozid in Gaza. Israels langer Krieg gegen Pal\u00e4stina Avi Shlaim ist einer der renommiertesten israelischen Historiker. Bei dieser Feststellung muss man aber eine Differenzierung vornehmen. Denn die israelische Geschichtsschreibung steht in der Regel unter dem Diktat der zionistischen Staatsideologie. Die Historiker dieser Richtung\u2026","rel":"","context":"In &quot;Demokratie \u2013 Medien \u2013 Aufkl\u00e4rung&quot;","block_context":{"text":"Demokratie \u2013 Medien \u2013 Aufkl\u00e4rung","link":"https:\/\/www.freidenker.org\/?cat=12"},"img":{"alt_text":"","src":"https:\/\/i0.wp.com\/www.freidenker.org\/fw17\/wp-content\/uploads\/2025\/10\/Shlaim_Genozid_in_Gaza_800x450_v2.jpg?fit=800%2C450&ssl=1&resize=350%2C200","width":350,"height":200,"srcset":"https:\/\/i0.wp.com\/www.freidenker.org\/fw17\/wp-content\/uploads\/2025\/10\/Shlaim_Genozid_in_Gaza_800x450_v2.jpg?fit=800%2C450&ssl=1&resize=350%2C200 1x, https:\/\/i0.wp.com\/www.freidenker.org\/fw17\/wp-content\/uploads\/2025\/10\/Shlaim_Genozid_in_Gaza_800x450_v2.jpg?fit=800%2C450&ssl=1&resize=525%2C300 1.5x, https:\/\/i0.wp.com\/www.freidenker.org\/fw17\/wp-content\/uploads\/2025\/10\/Shlaim_Genozid_in_Gaza_800x450_v2.jpg?fit=800%2C450&ssl=1&resize=700%2C400 2x"},"classes":[]},{"id":22251,"url":"https:\/\/www.freidenker.org\/?p=22251","url_meta":{"origin":18521,"position":1},"title":"Gaza: Massaker, Aushungern, Vertreibung stoppen!","author":"Webredaktion","date":"30. Juni 2025","format":false,"excerpt":"Aufruf zu einer \u00fcberregionalen Demonstration in Heidelberg Gaza: Massaker, Aushungern, Vertreibung stoppen! Kriege gegen Iran, Syrien und Libanon beenden! Schluss mit Waffen und Beihilfe aus Deutschland! F\u00fcr einen gerechten Frieden im Nahen Osten! u.a. mit Tsafrir Cohen (medico inernational) und Prof. Helga Baumgarten (Birzeit Universit\u00e4t) am 05.07.2025 in Heidelberg, Auftakt:\u2026","rel":"","context":"In &quot;Frieden - Antifaschismus - Solidarit\u00e4t&quot;","block_context":{"text":"Frieden - Antifaschismus - Solidarit\u00e4t","link":"https:\/\/www.freidenker.org\/?cat=13"},"img":{"alt_text":"","src":"https:\/\/i0.wp.com\/www.freidenker.org\/fw17\/wp-content\/uploads\/2025\/06\/gaza_demo_heidelberg_plakat2_800x450.jpg?fit=800%2C450&ssl=1&resize=350%2C200","width":350,"height":200,"srcset":"https:\/\/i0.wp.com\/www.freidenker.org\/fw17\/wp-content\/uploads\/2025\/06\/gaza_demo_heidelberg_plakat2_800x450.jpg?fit=800%2C450&ssl=1&resize=350%2C200 1x, https:\/\/i0.wp.com\/www.freidenker.org\/fw17\/wp-content\/uploads\/2025\/06\/gaza_demo_heidelberg_plakat2_800x450.jpg?fit=800%2C450&ssl=1&resize=525%2C300 1.5x, https:\/\/i0.wp.com\/www.freidenker.org\/fw17\/wp-content\/uploads\/2025\/06\/gaza_demo_heidelberg_plakat2_800x450.jpg?fit=800%2C450&ssl=1&resize=700%2C400 2x"},"classes":[]},{"id":22575,"url":"https:\/\/www.freidenker.org\/?p=22575","url_meta":{"origin":18521,"position":2},"title":"Stoppt Rassismus! Stoppt Israels V\u00f6lkermord in Gaza!","author":"Webredaktion","date":"7. August 2025","format":false,"excerpt":"Pressemitteilung des Landesverbands Nordrhein-Westfalen im Deutschen Freidenker-Verband, 6. August 2025 Der Freidenker-Landesverband NRW bezieht Stellung zu den Geschehnissen in Pal\u00e4stina. Was sich dort vollzieht, ist eine extreme Form von Rassismus - exekutiert von den zionistischen Kr\u00e4ften Israels und gebilligt insbesondere von den Regierungsparteien der BRD. Der von Israel in Gaza\u2026","rel":"","context":"In &quot;Frieden - Antifaschismus - Solidarit\u00e4t&quot;","block_context":{"text":"Frieden - Antifaschismus - Solidarit\u00e4t","link":"https:\/\/www.freidenker.org\/?cat=13"},"img":{"alt_text":"","src":"https:\/\/i0.wp.com\/www.freidenker.org\/fw17\/wp-content\/uploads\/2025\/08\/Palestina_spricht_Munich_2023-10-09_5074_800x450.jpg?fit=800%2C450&ssl=1&resize=350%2C200","width":350,"height":200,"srcset":"https:\/\/i0.wp.com\/www.freidenker.org\/fw17\/wp-content\/uploads\/2025\/08\/Palestina_spricht_Munich_2023-10-09_5074_800x450.jpg?fit=800%2C450&ssl=1&resize=350%2C200 1x, https:\/\/i0.wp.com\/www.freidenker.org\/fw17\/wp-content\/uploads\/2025\/08\/Palestina_spricht_Munich_2023-10-09_5074_800x450.jpg?fit=800%2C450&ssl=1&resize=525%2C300 1.5x, https:\/\/i0.wp.com\/www.freidenker.org\/fw17\/wp-content\/uploads\/2025\/08\/Palestina_spricht_Munich_2023-10-09_5074_800x450.jpg?fit=800%2C450&ssl=1&resize=700%2C400 2x"},"classes":[]},{"id":22549,"url":"https:\/\/www.freidenker.org\/?p=22549","url_meta":{"origin":18521,"position":3},"title":"Keine Sorge \u2013 wir k\u00f6nnen Hilfe f\u00fcr Gaza verz\u00f6gern, bis alle tot sind.","author":"Webredaktion","date":"6. August 2025","format":false,"excerpt":"Beitrag von Rainer Rupp Uns wird vorgespielt, als h\u00e4tte sich was ver\u00e4ndert, als wollten die westlichen Unterst\u00fctzer des zionistischen Massenmords in Gaza dort tats\u00e4chlich die Menschen retten. Doch das sind nur Placebos f\u00fcr die aufgew\u00fchlten Seelen im Westen. F\u00fcr Gaza ist das alles viel zu wenig und viel zu sp\u00e4t;\u2026","rel":"","context":"In &quot;Demokratie \u2013 Medien \u2013 Aufkl\u00e4rung&quot;","block_context":{"text":"Demokratie \u2013 Medien \u2013 Aufkl\u00e4rung","link":"https:\/\/www.freidenker.org\/?cat=12"},"img":{"alt_text":"","src":"https:\/\/i0.wp.com\/www.freidenker.org\/fw17\/wp-content\/uploads\/2025\/08\/U_S_Air_Force_airdrops_humanitarian_aid_for_Gaza_from_C-17_8314510_800x450.jpg?fit=800%2C450&ssl=1&resize=350%2C200","width":350,"height":200,"srcset":"https:\/\/i0.wp.com\/www.freidenker.org\/fw17\/wp-content\/uploads\/2025\/08\/U_S_Air_Force_airdrops_humanitarian_aid_for_Gaza_from_C-17_8314510_800x450.jpg?fit=800%2C450&ssl=1&resize=350%2C200 1x, https:\/\/i0.wp.com\/www.freidenker.org\/fw17\/wp-content\/uploads\/2025\/08\/U_S_Air_Force_airdrops_humanitarian_aid_for_Gaza_from_C-17_8314510_800x450.jpg?fit=800%2C450&ssl=1&resize=525%2C300 1.5x, https:\/\/i0.wp.com\/www.freidenker.org\/fw17\/wp-content\/uploads\/2025\/08\/U_S_Air_Force_airdrops_humanitarian_aid_for_Gaza_from_C-17_8314510_800x450.jpg?fit=800%2C450&ssl=1&resize=700%2C400 2x"},"classes":[]},{"id":21521,"url":"https:\/\/www.freidenker.org\/?p=21521","url_meta":{"origin":18521,"position":4},"title":"Stoppt den Genozid! Sofort!","author":"Webredaktion","date":"22. April 2025","format":false,"excerpt":"Video von Marlies und S\u00f6nke Hundt\u00a0 Unbarmherzig und vor den Augen der Welt\u00f6ffentlichkeit wird der V\u00f6lkermord an den Pal\u00e4stinensern in Gaza weitergef\u00fchrt. Die Pal\u00e4stinensische Gemeinde in Bremen hat am 05.04.2025 wieder zum Protest gegen den Genozid in Gaza aufgerufen. Mit einer Demonstration vom Hauptbahnhof und einer Kundgebung auf dem Marktplatz.\u2026","rel":"","context":"In &quot;Frieden - Antifaschismus - Solidarit\u00e4t&quot;","block_context":{"text":"Frieden - Antifaschismus - Solidarit\u00e4t","link":"https:\/\/www.freidenker.org\/?cat=13"},"img":{"alt_text":"","src":"https:\/\/i0.wp.com\/www.freidenker.org\/fw17\/wp-content\/uploads\/2025\/04\/video_soenke_hundt.jpg?fit=800%2C450&ssl=1&resize=350%2C200","width":350,"height":200,"srcset":"https:\/\/i0.wp.com\/www.freidenker.org\/fw17\/wp-content\/uploads\/2025\/04\/video_soenke_hundt.jpg?fit=800%2C450&ssl=1&resize=350%2C200 1x, https:\/\/i0.wp.com\/www.freidenker.org\/fw17\/wp-content\/uploads\/2025\/04\/video_soenke_hundt.jpg?fit=800%2C450&ssl=1&resize=525%2C300 1.5x, https:\/\/i0.wp.com\/www.freidenker.org\/fw17\/wp-content\/uploads\/2025\/04\/video_soenke_hundt.jpg?fit=800%2C450&ssl=1&resize=700%2C400 2x"},"classes":[]},{"id":22770,"url":"https:\/\/www.freidenker.org\/?p=22770","url_meta":{"origin":18521,"position":5},"title":"V\u00f6lkermord und von Menschen gemachte Hungersnot","author":"Webredaktion","date":"7. September 2025","format":false,"excerpt":"UNO-Experten fordern alle Mitgliedstaaten auf, Israel zu stoppen Beitrag von Karin Leukefeld Im zweiw\u00f6chentlichen Bericht des UNO-Nothilfeprogramms OCHA \u00fcber die Situation in Gaza hei\u00dft es, da\u00df zwischen dem 27. August und dem 3. September 2025, also innerhalb einer Woche, 571 Pal\u00e4stinenser get\u00f6tet und 2.318 verletzt wurden. Die Gesamtzahl get\u00f6teter Pal\u00e4stinenser\u2026","rel":"","context":"In &quot;Frieden - Antifaschismus - Solidarit\u00e4t&quot;","block_context":{"text":"Frieden - Antifaschismus - Solidarit\u00e4t","link":"https:\/\/www.freidenker.org\/?cat=13"},"img":{"alt_text":"","src":"https:\/\/i0.wp.com\/www.freidenker.org\/fw17\/wp-content\/uploads\/2025\/09\/Israeli_airstrike_on_Gaza_Strip_during_Gaza_War_23-25_800x450.jpg?fit=800%2C450&ssl=1&resize=350%2C200","width":350,"height":200,"srcset":"https:\/\/i0.wp.com\/www.freidenker.org\/fw17\/wp-content\/uploads\/2025\/09\/Israeli_airstrike_on_Gaza_Strip_during_Gaza_War_23-25_800x450.jpg?fit=800%2C450&ssl=1&resize=350%2C200 1x, https:\/\/i0.wp.com\/www.freidenker.org\/fw17\/wp-content\/uploads\/2025\/09\/Israeli_airstrike_on_Gaza_Strip_during_Gaza_War_23-25_800x450.jpg?fit=800%2C450&ssl=1&resize=525%2C300 1.5x, https:\/\/i0.wp.com\/www.freidenker.org\/fw17\/wp-content\/uploads\/2025\/09\/Israeli_airstrike_on_Gaza_Strip_during_Gaza_War_23-25_800x450.jpg?fit=800%2C450&ssl=1&resize=700%2C400 2x"},"classes":[]}],"_links":{"self":[{"href":"https:\/\/www.freidenker.org\/index.php?rest_route=\/wp\/v2\/posts\/18521","targetHints":{"allow":["GET"]}}],"collection":[{"href":"https:\/\/www.freidenker.org\/index.php?rest_route=\/wp\/v2\/posts"}],"about":[{"href":"https:\/\/www.freidenker.org\/index.php?rest_route=\/wp\/v2\/types\/post"}],"author":[{"embeddable":true,"href":"https:\/\/www.freidenker.org\/index.php?rest_route=\/wp\/v2\/users\/3"}],"replies":[{"embeddable":true,"href":"https:\/\/www.freidenker.org\/index.php?rest_route=%2Fwp%2Fv2%2Fcomments&post=18521"}],"version-history":[{"count":0,"href":"https:\/\/www.freidenker.org\/index.php?rest_route=\/wp\/v2\/posts\/18521\/revisions"}],"wp:featuredmedia":[{"embeddable":true,"href":"https:\/\/www.freidenker.org\/index.php?rest_route=\/wp\/v2\/media\/18525"}],"wp:attachment":[{"href":"https:\/\/www.freidenker.org\/index.php?rest_route=%2Fwp%2Fv2%2Fmedia&parent=18521"}],"wp:term":[{"taxonomy":"category","embeddable":true,"href":"https:\/\/www.freidenker.org\/index.php?rest_route=%2Fwp%2Fv2%2Fcategories&post=18521"},{"taxonomy":"post_tag","embeddable":true,"href":"https:\/\/www.freidenker.org\/index.php?rest_route=%2Fwp%2Fv2%2Ftags&post=18521"}],"curies":[{"name":"wp","href":"https:\/\/api.w.org\/{rel}","templated":true}]}}