{"id":18518,"date":"2024-03-09T19:44:44","date_gmt":"2024-03-09T18:44:44","guid":{"rendered":"https:\/\/www.freidenker.org\/?p=18518"},"modified":"2024-04-03T13:39:49","modified_gmt":"2024-04-03T11:39:49","slug":"nichts-aus-der-geschichte-gelernt-isoliert-am-moralischen-abgrund","status":"publish","type":"post","link":"https:\/\/www.freidenker.org\/?p=18518","title":{"rendered":"Nichts aus der Geschichte gelernt \u2013 Isoliert am moralischen Abgrund"},"content":{"rendered":"<p><strong>Kommentar vom Hochblauen<\/strong><\/p>\n<p><em>Von\u00a0<strong>Evelyn Hecht-Galinski<\/strong><\/em><\/p>\n<p><span style=\"font-size: 10pt;\">Erstver\u00f6ffentlichung am 07.03.2024 im Blog <a href=\"https:\/\/www.sicht-vom-hochblauen.de\/kommentar-vom-hochblauen-nichts-aus-der-geschichte-gelernt-isoliert-am-moralischen-abgrund-von-evelyn-hecht-galinski-2\/\" target=\"_blank\" rel=\"noopener\">Sicht vom Hochblauen<\/a><\/span><\/p>\n<p>Was haben die F\u00fchrer der Ukraine und des \u201ej\u00fcdischen Staats\u201c gemeinsam? Beide sind machthungrig und beide sind skrupellos, wenn es um das Erreichen ihrer m\u00f6rderischen Ziele geht. W\u00e4hrend Wolodomyr Selenskyj Abend f\u00fcr Abend \u2013 um Hilfe schnorrend, immer werbetechnisch \u201ekriegerisch-olivgr\u00fcn\u201c perfekt gestylt und seinem so bescheiden wirkenden Image angepasst \u2013 seine propagandistischen Video-Botschaften verbreitet, schmoren seine Gelder auf Offshore-Konten und seine diversen Villen bleiben ungenutzt. Dagegen f\u00fchrt Netanjahu einen Propagandakrieg gegen die Wahrheit. Die etwa 1.200 israelischen Opfer des 7. Oktober rechtfertigen keineswegs Netanjahus \u201etotalen Krieg mit Endsieg\u201c und dessen Unterst\u00fctzung \u2013 weder mit Solidarit\u00e4t noch mit Waffen oder Milliarden!<\/p>\n<h5>\u201eHistorischer Schritt\u201c in den Krieg<\/h5>\n<p>Deutschland liefert an die Ukraine an Waffen, \u201ewas nur m\u00f6glich ist\u201c. So versprach es Finanzminister Lindner der Ukraine und zeigte sich w\u00e4hrend seines Kiew Besuches im vergangenen Jahr geradezu euphorisch und spendabel, als es darum ging der Ukraine langfristig zu helfen. Er sagte der Ukraine jahrelange Hilfen zu, und hat sie fest im Haushalt eingeplant. Auch Versprechungen wie EU- und NATO-Mitgliedschaft wurden in Aussicht gestellt, um die Ukraine nach Kriegsende (und Sieg!) fest ins europ\u00e4ische Verteidigungssystem zu integrieren und die Au\u00dfengrenzen zu Russland mit F-16 Kampfpiloten zu sch\u00fctzen. Bundeskanzler Scholz schloss vor kurzem einen Sicherheitspakt mit der Ukraine und sprach von einem \u201ehistorischen Schritt\u201c.<\/p>\n<p>Tats\u00e4chlich es ist ein historischer Schritt \u2013 der Ukraine bedingungslose Hilfe zu gew\u00e4hren und Russland und Putin einen sprichw\u00f6rtlichen Tritt zu geben. Was diese Art des neuen Russenhasses und der Denunziation bedeutet, erleben wir t\u00e4glich. Deutschland hat sich mittlerweile \u2013 infolge US-Vorgaben und eigenem Eifer \u2013 immer mehr von Russland entfernt. Endlich konnte der ganze politische Russlandhass einen Weg finden und seine Giftspur hinterlassen. Deutsche Politiker und ukrainische nationalistische Kollegen \u00fcberbieten sich geradezu in ihrem Kriegs- und Siegesrausch.<\/p>\n<p>H\u00f6rt man Politikern von Kiesewetter bis Hofreiter und Strack-Zimmermann zu, dann h\u00f6rt man f\u00f6rmlich das Donnern der Bomben und kann nur noch einen Gedanken haben. Fl\u00fcchten vor solchen Politikern! Als auch noch aktuell ein russischer Abh\u00f6rskandal die Republik ersch\u00fctterte, war das Ma\u00df voll. Deutsche Medien zweifelten zuerst an der Echtheit des Mitschnitts, dann bem\u00e4ngelten sie die \u00dcbersetzung auf \u201ePutins Propagandasender RT\u201c, anstatt sich mit dem Kernproblem zu befassen, n\u00e4mlich der Debatte um die deutsche Taurus Lieferung, um damit die Krim Br\u00fccke zu zerst\u00f6ren. Es war ein lockeres deutsches Gedankenspiel von vier hohen Offizieren, darunter Luftwaffenchef Ingo Gerhartz, General Florstedt. Ausl\u00f6ser des Abh\u00f6rfalls war die schlecht gesch\u00fctzte Webex-Leitung eines Teilnehmers \u2013 des aus Singapur zugeschalteten Brigadegenerals Frank Gr\u00e4fe. Man kann sich richtig vorstellen, wie sie sich dabei k\u00f6stlich am\u00fcsierten, \u201eKriegsverbrechen\u201c auszuhecken, so ganz \u201eunter sich\u201c.<\/p>\n<h5>Geschichtsvergessene Enkel der Wehrmacht<\/h5>\n<p>Das sich die Krim-Br\u00fccke auf russischem Gebiet befindet und nur durch Krieg und kriegsverbrecherische Angriffe erobert werden kann, schien die Herren Offiziere nicht zu st\u00f6ren. Personelle Konsequenzen gibt es indes nicht. Pistorius: Wenn nicht etwas Schlimmeres rauskomme, werde er niemanden seiner \u201ebesten Offiziere Putins Spielen opfern\u201c. Formell hatte Pistorius disziplinarische Vorermittlungen gegen alle vier Teilnehmer der Schaltkonferenz genehmigt. Das sei aber nur gemacht worden, um \u201eentlastendes\u201c Material zu sammeln. Also nochmals, nicht der Tatbestand ist von Interesse, sondern das Wohl der Offiziere und dessen \u201eKriegsminister\u201c.<\/p>\n<p>Wir k\u00f6nnen dankbar sein, dass es Russland gelungen ist, diesen \u201eKriegs-Kaffeeklatsch\u201c mitzuschneiden und zu ver\u00f6ffentlichen. Das wirft nat\u00fcrlich f\u00fcr mich die Frage auf, wenn die Herren-Offiziere schon so dilettantisch telefonierten, wie erst w\u00fcrden sich die Taurus-Angriffe wohl gestalten? Mit wie vielen get\u00f6teten Russen (wieder von deutscher Hand) m\u00fcsste man rechnen? Was f\u00fcr eine Schande f\u00fcr Deutschland. Wie geschichtsvergessen sind inzwischen die Enkel der Wehrmacht?<\/p>\n<p>Nein! Wir deutschen B\u00fcrger wollen keinen Krieg gegen und mit Russland noch eine Kriegswirtschaft zum Wohle der deutschen und internationalen R\u00fcstungsindustrie. Wir wollen weder eine Kriegsstimmung noch eine Kriegssteuer. Wir wollen keine Wiederert\u00fcchtigung, auch keine zivilen Strukturen, die auf den Ernstfall (Putin steht vor der T\u00fcr) vorbereiten. Und wir wollen keine Kriegsphantasien von \u201eKrankheitsminister Lauterbach\u201c \u2013 mit einem \u201ebesonderen\u201c Gesundheitssystem. Wir wollen keine zahlreichen Verwundeten in den direkt betroffenen \u201eNATO-Staaten\u201c im Osten, die es zu versorgen gilt. Lauterbach w\u00e4re gut beraten, w\u00fcrde er es endlich schaffen, das aktuelle Gesundheitssystem auf Vordermann zu bringen und nicht an falscher Stelle kaputtzusparen.<\/p>\n<h5>Kurs\u00e4nderung in Richtung Kriegstechnologie<\/h5>\n<p>Wir wollen auch keine Vorschl\u00e4ge wie den der Bundesforschungs- und Wissenschaftsministerin Bettina Stark-Watzinger umgesetzen, die die \u201estrikte Trennung zwischen ziviler und milit\u00e4rischer Forschung\u201c aufheben will und eine notwendige Neubewertung einleiten m\u00f6chte. Das w\u00e4ren eine grundlegende \u00c4nderung des Forschungsauftrags und eine weitere Kurs\u00e4nderung in Richtung Kriegstechnologie auf allen Ebenen, besonders auch an Universit\u00e4ten! Allerdings will auch Br\u00fcssel \u201ebesser aufr\u00fcsten\u201c und stellt die Weichen f\u00fcr eine europ\u00e4ische Kriegsindustrie. Die Zeit der \u201eFriedensdividende\u201c sei vorbei. Sch\u00f6ne Zeitenwende!<\/p>\n<p>Wir k\u00f6nnen froh sein, dass Putin noch so einen ruhigen Kopf beh\u00e4lt und so zur\u00fcckhaltend auf andauernde westliche Provokationen reagiert. Auch in seiner mehr als h\u00f6renswerten Jahresrede bewies er einen gesunden Selbsterhaltungstrieb und drohte: nur wenn die wirtschaftlich, soziale oder politische Staatssicherheit gef\u00e4hrdet sein sollte, auch mit nuklearen Mitteln zu reagieren. Wir k\u00f6nnen nur hoffen, dass Pr\u00e4sident Putin noch f\u00fcr eine lange Zeit in Russland an der Macht bleibt.<\/p>\n<p>Werden sich Oskar Lafontaines Aussagen bewahrheiten? Wird es also tats\u00e4chlich zur Zerst\u00f6rung der Krim-Br\u00fccke mit deutscher Beteiligung kommen und wird Olaf Scholz nach gemachten Erfahrungen umfallen und trotz Ablehnung die Taurus-Raketen an die Ukraine liefern. Davon ist seit dem 5. M\u00e4rz auszugehen. Denn laut dpa Meldung, unter Verbreitung mehrerer Medien, schlie\u00dft SPD-Au\u00dfenpolitiker Nils Schmid eine Kurs\u00e4nderung von Olaf Scholz nicht mehr aus und h\u00e4lt es f\u00fcr m\u00f6glich, dass der Bundeskanzler sein Nein zur Lieferung der Taurus-Marschflugk\u00f6rper an die Ukraine revidiert. \u201cDie technischen, verfassungsrechtlichen und auch die strategischen H\u00fcrden sind h\u00f6her als bei anderen Waffensystemen. Aber das schlie\u00dft nicht aus, dass die Regierung in der Zukunft zu einer anderen Abw\u00e4gung kommt und sich doch zu einer Lieferung entscheidet.\u201c (1)(2)<\/p>\n<h5>Endlich Friedensvertrag mit Russland abschlie\u00dfen!<\/h5>\n<p>Fakt ist, Frieden wird es nur geben, wenn die Ukraine kapituliert und die Realit\u00e4t akzeptiert, mit einem Friedensabkommen das seinen Namen verdient. Auch w\u00e4re Deutschland gut beraten, anstatt \u00fcber Zerst\u00f6rungen auf russischen Boden nachzudenken endlich einen Friedensvertrag mit Russland als unserem nat\u00fcrlichen Nachbarn und Partner abzuschlie\u00dfen. Auch \u201eAu\u00dfenamts Feministin\u201c Baerbock warnte in diesem Zusammenhang am Rande ihrer Reise auf den Westbalkan, es gehe Putin auch um eine Art der \u201eDestabilisierung der anderen europ\u00e4ischen L\u00e4nder\u201c.<\/p>\n<p>Auch das westliche Nawalny-Theater l\u00f6ste er souver\u00e4n, als er eine freie Beerdigung des Verstorbenen in Moskau gestattete \u2013 keinesfalls ein Normalfall. Der Westen, der den mehr als zweifelhaften \u201eKreml-Kritiker\u201c so vorbehaltlos unterst\u00fctzte, w\u00e4re gut beraten, sich jetzt endlich zu besinnen und sich f\u00fcr den seit Jahren in Isolierhaft sitzenden Julian Assange, der kurz vor einer m\u00f6glichen Auslieferung in die USA steht, einzusetzen und diese zu verhindern, der Presse und der Meinungsfreiheit willen.<\/p>\n<p>Hier muss erneut auf die Verbindung von Ukraine und Israel hingewiesen werden. W\u00fcrde es zu einer meiner Meinung nach v\u00f6llig undenkbaren Krim-Eroberung durch die Ukraine, unter westlicher Unterst\u00fctzung kommen, dann will die Ukraine ja russische B\u00fcrger der Krim zwangsdeportieren. Ganz nach Vorbild von Selenskyj Freund Netanjahu, der Deportationen von Pal\u00e4stinensern aus Gaza plant, also mit den bedauernswerten, dann \u00fcbrig gebliebenen letzten pal\u00e4stinensischen Opfern des gegenw\u00e4rtigen israelischen V\u00f6lkermords in Gaza. So wie unsere \u201efeministische Au\u00dfenminister Karikatur\u201c Baerbock noch im letzten Jahr \u201et\u00f6nte\u201c und m\u00f6gliche Drohnen-Angriffe auf Moskau verteidigte, weil die \u201eUkraine\u201c das Recht habe sich zu verteidigen (es klang fast Nazi Opa im Geist), so stellte sie sich dieses Jahr ganz auf die \u201ej\u00fcdischen Freunde\u201c ein und gestattete Israel \u201ejedes Recht sich zu verteidigen\u201c.<\/p>\n<h5>74. Berlinale: Solidarit\u00e4t mit Pal\u00e4stina<\/h5>\n<p>Die Abschlussveranstaltung der 74. Berlinale war ermutigend. Die Solidarit\u00e4t der Filmschaffenden und des Publikums f\u00fcr die pal\u00e4stinensische Sache war beispiellos. Nach der Preisverleihung f\u00fcr den grandiosen Film \u201eNo Other Land\u201c dankten die beiden Co- Regisseure und Preistr\u00e4ger in beispielhaften Reden f\u00fcr diese Auszeichnung. Der Pal\u00e4stinenser Basel Adra erkl\u00e4rte, dass \u201eTausende von unserem Volk in Gaza abgeschlachtet und massakriert werden\u201c und betonte die Verantwortung Deutschlands und dessen Mitschuld an Israels brutalen Krieg im Gazastreifen zu beenden und keine Waffen mehr an Israel zu senden.<\/p>\n<p>Der j\u00fcdische Israeli Yuval Abraham: \u201eIn zwei Tagen werden Basil und ich in ein Land zur\u00fcckehren, indem wir nicht gleich sind. Ich lebe unter zivilem Recht und Basel unter milit\u00e4rischem Recht, obwohl wir nur 30 Minuten voneinander getrennt leben. Ich kann mich in diesem Land frei bewegen, wo ich will, aber Basel ist wie Millionen von Pal\u00e4stinensern im besetzten Westjordanland eingesperrt. Diese Apartheid zwischen uns, diese Ungleichheit, muss ein Ende haben\u201c.<\/p>\n<p>Kaum zu glauben, dass auch noch die jordanisch-pal\u00e4stinensische Regisseurin Dina Naser mit einer Keffiyeh und einem Transparent mit der Aufschrift \u201eWaffenstillstand\u201c auftrat und auch der US-amerikanische Co-Regisseur Ben Russell mit einer Keffiyeh auf die B\u00fchne kam und seine Dankesrede mit den Worten beendete: \u201eWaffenstillstand jetzt und nat\u00fcrlich sind wir gegen den V\u00f6lkermord\u201c.<\/p>\n<h5>Danach brach die H\u00f6lle los<\/h5>\n<p>Yuval Abraham und seine Familie erlebten danach Morddrohungen, was seine R\u00fcckreise nach Israel verhinderte. Er cancelte seinen geplanten Heimflug. Und noch in der Nacht drang ein rechtsextremer israelischer Mob in die H\u00e4user seiner Verwandten ein und bedrohte seine Familie. Einige der Familienmitglieder flohen daraufhin in andere St\u00e4dte. Yuval Abraham prangerte zu Recht den Diskurs an und beschuldigte deutsche Politiker, ihn kritisiert zu haben, was durchaus legitim sei, er aber sei d\u00e4monisiert worden und der entsetzliche Missbrauch des Wortes Antisemitismus durch Deutsche, nicht nur gegen ihn, sondern auch gegen pal\u00e4stinensische Israel-Kritiker vorgebracht wurde, um auch diese zum Schweigen zu bringen. Auch der scheidende Festivalleiter Carlo Chatrian kritisierte die Instrumentalisierung des Antisemitismus-Begriffs.<\/p>\n<p>Danach brach die H\u00f6lle los, und ein Tsunami der Gegenreaktionen begann. Politiker aller Parteien schalteten sich ein: Bundeskanzler Scholz, ebenso wie der CDU Kultursenator Joe Chialo, der Regierende CDU B\u00fcrgermeister Wegner, die medienpolitische Sprecherin der SPD Melanie Kuhnemann-Grunow, der Vorsitzende der Deutsch-Israelischen Gesellschaft, der gr\u00fcne Volker Beck, Schuster vom Zentralrat der Juden, Israels Botschafter Prosor und nat\u00fcrlich FDP-Justizminister Buschmann, der rechtliche Schritte pr\u00fcfen wollte, sowie die gr\u00fcne Kultur-Staatsministerin Claudia Roth, die \u201eAntisemitismus im Kulturbetrieb bek\u00e4mpfen will und auch den \u201eekelhaften offenen Antisemitismus bei Linksradikalen\u201c kritisierte. Dabei nannte sie den US-Filmemacher Ben Russell (siehe weiter oben).<\/p>\n<p>Frau Roth, ich erinnere mich daran, dass Deutschland schon einmal 1933 eine \u201eReichskulturkammer\u201c hatte, wo \u201eKulturschaffende\u201c nur im \u201eDienste des Regimes\u201c schaffen durften. Wollen wir eine Neuauflage? Sicher nicht. (3)(4) Die Presseartikel der \u201eLeit(d)-Medien \u00fcberschlugen sich in moralisierenden Artikeln, aber den Vogel schoss in meinen Augen Nils Minkmar in der SZ, am 27.02.2024 ab, der seinen Hetz-Artikel mit dem Titel \u201eDie Schande von Berlin\u201c \u00fcberschrieb. Wohl eher eine Schande f\u00fcr die S\u00fcddeutsche Zeitung!<\/p>\n<h5>Schande f\u00fcr Deutschland<\/h5>\n<p>Ich frage mich, was war an diesen Reden antisemitisch? Es war eine berechtigte Israel-Kritik, die in Deutschland inzwischen unter Anleitung der j\u00fcdisch-israelischen Propaganda-Maschinerie zu Antisemitismus verleumdet wird. Ich kann Yuval Abraham nur beipflichten. Als Nachkomme von Holocaust\u00fcberlebenden empfand er es besonders skandal\u00f6s, dass deutsche Politiker den Begriff des Antisemitismus gegen ihn in Stellung br\u00e4chten und damit auch seine Familie in Gefahr gebracht h\u00e4tten. Vor allem aber sei er auch um das Wohlergehen von Basal Adras besorgt, der ja in einer besetzten Gegend voller gewaltt\u00e4tiger j\u00fcdischer Siedler lebt.<\/p>\n<p>Man kann inzwischen nur jedem ausl\u00e4ndischen K\u00fcnstler raten, Deutschland so lang zu meiden (\u201eStrike Germany\u201c), solange hier keine Meinungsfreiheit f\u00fcr Kunstschaffende gew\u00e4hrleistet wird. Wie viele unsch\u00f6ne Ereignisse und Preisverleihungsabsagen gab es schon in Deutschland, nach nicht genehmen Israel-Kritiken, einem kulturellen Mord gleichkommend! Vergessen, ist auch nicht der skandal\u00f6se Umgang und Diffamierung von Documenta und indonesischen K\u00fcnstlern.<\/p>\n<p>Ja, das war eine Schande f\u00fcr Deutschland. Und es war der pure Antisemitismus deutscher Politiker gegen einen Nachkommen von Holocaust\u00fcberlebenden. Eine leider nicht un\u00fcbliche Tatsache in Deutschland 2024, das mit seiner Regierung fest an der Seite von einem zu gro\u00dfen Teil faschistischen \u201ej\u00fcdischen V\u00f6lkerm\u00f6rder-Regime\u201c steht und den 7. Oktober, einen verzweifelten Akt des Widerstands als Beginn der Hamas im Namen der Eingeschlossenen, einseitig sieht und betrauert. Tatsache aber ist es, dass der zionistische Terror vor 74 Jahren mit Tausenden von Toten und Vertriebenen Pal\u00e4stinensern und f\u00fcnf Kriegen begann und seitdem t\u00e4glich fortgef\u00fchrt wird. Das einseitige Mitgef\u00fchl mit den j\u00fcdischen Opfern und Geiseln in Deutschland ist unangebracht, solange nicht die \u00fcber 30.000 pal\u00e4stinensischen Opfer, darunter so viele Kinder und Frauen und mehr als 70.000 Verletzten betrauert werden. Durch nichts ist dieser v\u00f6lkerm\u00f6rderische Gazakrieg und Rachfeldzug nach dem 7. Oktober zu rechtfertigen. (5)(6)<\/p>\n<h5>Verschweigen gleicht einem moralischen Mord<\/h5>\n<p>Nie wieder, es lohnt sich zu demonstrieren f\u00fcr die Meinungs- und- Pressefreiheit, gegen Waffenlieferungen, gegen Russland- und Pal\u00e4stinenser-Hass. Weltweit demonstrierten Hunderttausende Menschen f\u00fcr die Freiheit Pal\u00e4stinas und gegen den V\u00f6lkermord in Gaza. Warum nicht gerade auch in Deutschland? Nichts liest und h\u00f6rt man in deutschen Medien \u00fcber diese Demonstrationen. Dieses Verschweigen gleicht einem moralischen Mord. Aus der Geschichte lernen, hei\u00dft nicht, isoliert am moralischen Abgrund zu stehen.<\/p>\n<p style=\"text-align: right;\"><em>Evelyn Hecht-Galinski ist Mitglied des Deutschen Freidenker-Verbandes<\/em><\/p>\n<hr \/>\n<h3><strong>Worauf es ankommt<\/strong><\/h3>\n<p><em>Von <strong>Erich Fried<\/strong><\/em><\/p>\n<p>Es kommt im Augenblick<br \/>\nnicht darauf an<br \/>\nwann es war<br \/>\nda\u00df die Unterdr\u00fcckerregierung<br \/>\nin Israel<br \/>\nsich verwandelt hat<br \/>\nin eine Verbrecherregierung<\/p>\n<p>Aber es kommt darauf an<br \/>\nzu erkennen<br \/>\nda\u00df sie jetzt eine<br \/>\nVerbrecherregierung ist<\/p>\n<p>Es kommt auch nicht mehr<br \/>\ndarauf an<br \/>\ndar\u00fcber zu streiten<br \/>\nnach welchem Vorbild<br \/>\nsie ihre Verbrechen begeht<br \/>\nDiese Verbrechen selbst<br \/>\ntragen sichtbar die Spur ihres Vorbilds<\/p>\n<p>Aber es kommt darauf an<br \/>\nnicht nur klagend oder erstaunt<br \/>\nden Kopf zu sch\u00fctteln<br \/>\n\u00fcber diese Verbrechen<br \/>\nsondern endlich<br \/>\netwas dagegen zu tun<\/p>\n<p>Es kommt nicht darauf an<br \/>\nwas man ist<br \/>\nMoslem, Christ, Jude, Freigeist:<br \/>\nEin Mensch<br \/>\nder ein Mensch ist<br \/>\nkann nicht schweigen<br \/>\nzu dem was geschieht<\/p>\n<hr \/>\n<p><strong>Fu\u00dfnoten:<\/strong><\/p>\n<p>1) <a href=\"https:\/\/www.t-online.de\/nachrichten\/deutschland\/innenpolitik\/id_100357660\/taurus-lieferung-spd-politiker-schliesst-kursaenderung-von-scholz-nicht-aus.html\">https:\/\/www.t-online.de\/nachrichten\/deutschland\/innenpolitik\/id_100357660\/taurus-lieferung-spd-politiker-schliesst-kursaenderung-von-scholz-nicht-aus.html<\/a><\/p>\n<p>2) <a href=\"https:\/\/www.sicht-vom-hochblauen.de\/die-zerstoerung-der-krim-bruecke-waere-der-kriegseintritt-deutschlands-ein-artikel-von-oskar-lafontaine\/\">https:\/\/www.sicht-vom-hochblauen.de\/die-zerstoerung-der-krim-bruecke-waere-der-kriegseintritt-deutschlands-ein-artikel-von-oskar-lafontaine\/<\/a><\/p>\n<p>3) <a href=\"https:\/\/www.tagesschau.de\/inland\/regional\/berlin\/rbb-kulturstaatsministerin-roth-kuendigt-aufarbeitung-zu-israelkritik-bei-berlinale-an-100.html\">https:\/\/www.tagesschau.de\/inland\/regional\/berlin\/rbb-kulturstaatsministerin-roth-kuendigt-aufarbeitung-zu-israelkritik-bei-berlinale-an-100.html<\/a><\/p>\n<p>4) <a href=\"https:\/\/www.deutschlandfunk.de\/kuenstler-im-dienst-des-ns-regimes-100.html\">https:\/\/www.deutschlandfunk.de\/kuenstler-im-dienst-des-ns-regimes-100.html<\/a><\/p>\n<p>5) <a class=\"youtube responsive_lightbox\" href=\"https:\/\/www.youtube.com\/embed\/nJ06cTXbOws\">https:\/\/www.youtube.com\/watch?v=nJ06cTXbOws<\/a><\/p>\n<p>6) <a href=\"https:\/\/unherd.com\/newsroom\/judith-butler-7-october-was-armed-resistance-not-a-terrorist-attack\/\">https:\/\/unherd.com\/newsroom\/judith-butler-7-october-was-armed-resistance-not-a-terrorist-attack\/<\/a><\/p>\n<p>&nbsp;<\/p>\n<p><span style=\"font-size: 10pt;\">Der Beitrag wurde auch ver\u00f6ffentlicht in der Neuen Rheinischen Zeitung (NRhZ) in Ausgabe 827 vom 08.03.2024 unter <a href=\"http:\/\/www.nrhz.de\/flyer\/beitrag.php?id=29007\">http:\/\/www.nrhz.de\/flyer\/beitrag.php?id=29007<\/a><\/span><\/p>\n<hr \/>\n<p><span style=\"font-size: 10pt;\">Bild oben: Blog <a href=\"https:\/\/www.sicht-vom-hochblauen.de\/kommentar-vom-hochblauen-nichts-aus-der-geschichte-gelernt-isoliert-am-moralischen-abgrund-von-evelyn-hecht-galinski-2\/\" target=\"_blank\" rel=\"noopener\">Sicht vom Hochblauen<\/a><\/span><\/p>\n","protected":false},"excerpt":{"rendered":"<p><b>Kommentar von Evelyn Hecht-Galinski<\/b><br \/>\nWas haben die F\u00fchrer der Ukraine und des \u201ej\u00fcdischen Staats\u201c gemeinsam? Beide sind machthungrig und beide sind skrupellos, wenn es um das Erreichen ihrer m\u00f6rderischen Ziele geht. W\u00e4hrend Wolodomyr Selenskyj Abend f\u00fcr Abend \u2013 um Hilfe schnorrend, immer werbetechnisch \u201ekriegerisch-olivgr\u00fcn\u201c perfekt gestylt und seinem so bescheiden wirkenden Image angepasst \u2013 seine propagandistischen Video-Botschaften verbreitet, schmoren seine Gelder auf Offshore-Konten und seine diversen Villen bleiben ungenutzt. Dagegen f\u00fchrt Netanjahu einen Propagandakrieg gegen die Wahrheit. Die etwa 1.200 israelischen Opfer des 7. Oktober rechtfertigen keineswegs Netanjahus \u201etotalen Krieg mit Endsieg\u201c und dessen Unterst\u00fctzung \u2013 weder mit Solidarit\u00e4t noch mit Waffen oder Milliarden!<\/p>\n","protected":false},"author":3,"featured_media":18519,"comment_status":"closed","ping_status":"closed","sticky":false,"template":"","format":"standard","meta":{"colormag_page_container_layout":"default_layout","colormag_page_sidebar_layout":"default_layout","advanced_seo_description":"","jetpack_seo_html_title":"","jetpack_seo_noindex":false,"jetpack_post_was_ever_published":false,"footnotes":""},"categories":[12],"tags":[2133,512,2148,1521,188,1526,746,1484,1955,2137,394,596,637,222,344,639,1732,717,579],"class_list":["post-18518","post","type-post","status-publish","format-standard","has-post-thumbnail","hentry","category-demokratie-medien-aufklaerung","tag-abhoermassnahmen","tag-antisemitismus","tag-berlinale","tag-friedensvertrag","tag-krieg","tag-kriegsbeteiligung","tag-kriegsverbrechen","tag-krim","tag-nahostkonflikt","tag-nawalny","tag-palaestina","tag-pressefreiheit","tag-propaganda","tag-russland","tag-solidaritaet","tag-ukraine-konflikt","tag-waffenstillstand","tag-wahrheit","tag-zionismus"],"jetpack_featured_media_url":"https:\/\/i0.wp.com\/www.freidenker.org\/fw17\/wp-content\/uploads\/2024\/03\/existenz-3-galinski3_800x450.jpg?fit=800%2C450&ssl=1","jetpack_shortlink":"https:\/\/wp.me\/p9stpK-4OG","jetpack-related-posts":[{"id":16194,"url":"https:\/\/www.freidenker.org\/?p=16194","url_meta":{"origin":18518,"position":0},"title":"Braune Bande rosten nicht!","author":"Webredaktion","date":"29. Mai 2023","format":false,"excerpt":"Kommentar von Evelyn Hecht-Galinski Was sich am letzten Wochenende in Berlin und Aachen abspielte, war so exemplarisch f\u00fcr die sogenannte \u201eZeitenwende\u201c, die in Wirklichkeit nichts anderes ist als eine transatlantische Arschleckerei schleimender Funktionstr\u00e4ger und Ampel-Regierender, die sich durch alle Parteien zieht. Es war geradezu erschreckend, wie schon im Vorfeld des\u2026","rel":"","context":"In &quot;Demokratie \u2013 Medien \u2013 Aufkl\u00e4rung&quot;","block_context":{"text":"Demokratie \u2013 Medien \u2013 Aufkl\u00e4rung","link":"https:\/\/www.freidenker.org\/?cat=12"},"img":{"alt_text":"","src":"https:\/\/i0.wp.com\/www.freidenker.org\/fw17\/wp-content\/uploads\/2023\/05\/selenski_scholz_800x450.jpg?fit=800%2C450&ssl=1&resize=350%2C200","width":350,"height":200,"srcset":"https:\/\/i0.wp.com\/www.freidenker.org\/fw17\/wp-content\/uploads\/2023\/05\/selenski_scholz_800x450.jpg?fit=800%2C450&ssl=1&resize=350%2C200 1x, https:\/\/i0.wp.com\/www.freidenker.org\/fw17\/wp-content\/uploads\/2023\/05\/selenski_scholz_800x450.jpg?fit=800%2C450&ssl=1&resize=525%2C300 1.5x, https:\/\/i0.wp.com\/www.freidenker.org\/fw17\/wp-content\/uploads\/2023\/05\/selenski_scholz_800x450.jpg?fit=800%2C450&ssl=1&resize=700%2C400 2x"},"classes":[]},{"id":16979,"url":"https:\/\/www.freidenker.org\/?p=16979","url_meta":{"origin":18518,"position":1},"title":"Tod und Verderben: \u201eFest eingeplant\u201c","author":"Webredaktion","date":"19. September 2023","format":false,"excerpt":"Kommentar von Evelyn Hecht-Galinski Wenn ein deutscher Finanzminister in die Ukraine reist, dann kann der deutsche Steuerzahler etwas erleben. Als FDP-Lindner am letzten Montag im Sonderzug in der Ukraine einfuhr, da wollte er in seinem 12-Stunden-Blitzbesuch \u201eein Zeichen setzen\u201c \u2013 in dem Land, in dem auch \u201eunsere Werte verteidigt\u201c werden.\u2026","rel":"","context":"In &quot;Demokratie \u2013 Medien \u2013 Aufkl\u00e4rung&quot;","block_context":{"text":"Demokratie \u2013 Medien \u2013 Aufkl\u00e4rung","link":"https:\/\/www.freidenker.org\/?cat=12"},"img":{"alt_text":"","src":"https:\/\/i0.wp.com\/www.freidenker.org\/fw17\/wp-content\/uploads\/2023\/09\/cost-4164565_800x450.jpg?fit=800%2C450&ssl=1&resize=350%2C200","width":350,"height":200,"srcset":"https:\/\/i0.wp.com\/www.freidenker.org\/fw17\/wp-content\/uploads\/2023\/09\/cost-4164565_800x450.jpg?fit=800%2C450&ssl=1&resize=350%2C200 1x, https:\/\/i0.wp.com\/www.freidenker.org\/fw17\/wp-content\/uploads\/2023\/09\/cost-4164565_800x450.jpg?fit=800%2C450&ssl=1&resize=525%2C300 1.5x, https:\/\/i0.wp.com\/www.freidenker.org\/fw17\/wp-content\/uploads\/2023\/09\/cost-4164565_800x450.jpg?fit=800%2C450&ssl=1&resize=700%2C400 2x"},"classes":[]},{"id":21051,"url":"https:\/\/www.freidenker.org\/?p=21051","url_meta":{"origin":18518,"position":2},"title":"Der Merz kommt und das V\u00f6lkerrecht sagt leise Servus!","author":"Webredaktion","date":"1. M\u00e4rz 2025","format":false,"excerpt":"Von Kopf bis Fu\u00df auf Kriegst\u00fcchtigkeit eingestellt! Kommentar von Evelyn Hecht-Galinski Was haben der 24. Februar 2022 und der 7. Oktober 2023 gemeinsam. Beide \u201eKriegs-Daten\u201c werden uns ohne die dazugeh\u00f6rigen Vorgeschichten \u201everkauft\u201c, mit schrecklichen Konsequenzen. Im Februar 2010 wurde Janukowitsch zum Pr\u00e4sidenten der Ukraine gew\u00e4hlt. Am 22. Januar 2014 wurde\u2026","rel":"","context":"In &quot;Frieden - Antifaschismus - Solidarit\u00e4t&quot;","block_context":{"text":"Frieden - Antifaschismus - Solidarit\u00e4t","link":"https:\/\/www.freidenker.org\/?cat=13"},"img":{"alt_text":"","src":"https:\/\/i0.wp.com\/www.freidenker.org\/fw17\/wp-content\/uploads\/2025\/03\/Israel_Deutschland_800x450.jpg?fit=800%2C450&ssl=1&resize=350%2C200","width":350,"height":200,"srcset":"https:\/\/i0.wp.com\/www.freidenker.org\/fw17\/wp-content\/uploads\/2025\/03\/Israel_Deutschland_800x450.jpg?fit=800%2C450&ssl=1&resize=350%2C200 1x, https:\/\/i0.wp.com\/www.freidenker.org\/fw17\/wp-content\/uploads\/2025\/03\/Israel_Deutschland_800x450.jpg?fit=800%2C450&ssl=1&resize=525%2C300 1.5x, https:\/\/i0.wp.com\/www.freidenker.org\/fw17\/wp-content\/uploads\/2025\/03\/Israel_Deutschland_800x450.jpg?fit=800%2C450&ssl=1&resize=700%2C400 2x"},"classes":[]},{"id":15692,"url":"https:\/\/www.freidenker.org\/?p=15692","url_meta":{"origin":18518,"position":3},"title":"Mit propagandistischem Bombenhagel in Bombenstimmung?","author":"Webredaktion","date":"5. April 2023","format":false,"excerpt":"Kommentar vom Evelyn Hecht-Galinski Es ist unfassbar, wie sich der mediale Propagandakrieg parallel zum anhaltenden Krieg in der Ukraine entwickelt. Nicht nur, dass die deutsche Regierung Steuer-Milliarden und \u201cSonderverm\u00f6gen\u201d in die korrupte Nazi-Ukraine geradezu hineinschmei\u00dft, sondern auch die Selbstverst\u00e4ndlichkeit, mit der das geschieht, macht so zornig. Nichts mehr ist geblieben\u2026","rel":"","context":"In &quot;Frieden - Antifaschismus - Solidarit\u00e4t&quot;","block_context":{"text":"Frieden - Antifaschismus - Solidarit\u00e4t","link":"https:\/\/www.freidenker.org\/?cat=13"},"img":{"alt_text":"","src":"https:\/\/i0.wp.com\/www.freidenker.org\/fw17\/wp-content\/uploads\/2023\/04\/building-7051359_800x450.jpg?fit=800%2C450&ssl=1&resize=350%2C200","width":350,"height":200,"srcset":"https:\/\/i0.wp.com\/www.freidenker.org\/fw17\/wp-content\/uploads\/2023\/04\/building-7051359_800x450.jpg?fit=800%2C450&ssl=1&resize=350%2C200 1x, https:\/\/i0.wp.com\/www.freidenker.org\/fw17\/wp-content\/uploads\/2023\/04\/building-7051359_800x450.jpg?fit=800%2C450&ssl=1&resize=525%2C300 1.5x, https:\/\/i0.wp.com\/www.freidenker.org\/fw17\/wp-content\/uploads\/2023\/04\/building-7051359_800x450.jpg?fit=800%2C450&ssl=1&resize=700%2C400 2x"},"classes":[]},{"id":14771,"url":"https:\/\/www.freidenker.org\/?p=14771","url_meta":{"origin":18518,"position":4},"title":"Weltmeister in Doppelmoral","author":"Webredaktion","date":"30. November 2022","format":false,"excerpt":"Kommentar von Evelyn Hecht-Galinski Wenn der Bundestag am 30. November auf massiven jahrzehntelangen Druck der Ukraine-Lobby die Hungersnot in der Ukraine 1932\/33, den so genannten \u201eHolodomor\u201c, zum Genozid erkl\u00e4ren wird, w\u00e4re das nur ein weiterer Tiefpunkt der deutschen Au\u00dfenpolitik. Dieser \u201eHolodomor\u201c war den meisten Historikern gem\u00e4\u00df kein Genozid, sondern eine\u2026","rel":"","context":"In &quot;Demokratie \u2013 Medien \u2013 Aufkl\u00e4rung&quot;","block_context":{"text":"Demokratie \u2013 Medien \u2013 Aufkl\u00e4rung","link":"https:\/\/www.freidenker.org\/?cat=12"},"img":{"alt_text":"","src":"https:\/\/i0.wp.com\/www.freidenker.org\/fw17\/wp-content\/uploads\/2022\/11\/holodomor_montage_800x450.jpg?fit=800%2C450&ssl=1&resize=350%2C200","width":350,"height":200,"srcset":"https:\/\/i0.wp.com\/www.freidenker.org\/fw17\/wp-content\/uploads\/2022\/11\/holodomor_montage_800x450.jpg?fit=800%2C450&ssl=1&resize=350%2C200 1x, https:\/\/i0.wp.com\/www.freidenker.org\/fw17\/wp-content\/uploads\/2022\/11\/holodomor_montage_800x450.jpg?fit=800%2C450&ssl=1&resize=525%2C300 1.5x, https:\/\/i0.wp.com\/www.freidenker.org\/fw17\/wp-content\/uploads\/2022\/11\/holodomor_montage_800x450.jpg?fit=800%2C450&ssl=1&resize=700%2C400 2x"},"classes":[]},{"id":15046,"url":"https:\/\/www.freidenker.org\/?p=15046","url_meta":{"origin":18518,"position":5},"title":"Im W\u00fcrgegriff der Kriegsprofiteure","author":"Webredaktion","date":"22. Januar 2023","format":false,"excerpt":"Beitrag von Evelyn Hecht-Galinski Nach der t\u00e4glichen Berieselung mit st\u00e4ndiger anti-russischer Agitation, einseitig \u00fcbernommener Ukraine-Propaganda sowie die t\u00e4glichen-allabendlichen Selenskyj-Videobotschaften und Zuschaltungen aller Orten \u2013 wie aus einem schlechten Schmierentheater der gleichkommenden Frontnachrichten \u2013 geht es mir wahrscheinlich wie einem Gro\u00dfteil deutscher B\u00fcrger: Wir haben es satt! Inzwischen tritt auch noch\u2026","rel":"","context":"In &quot;Demokratie \u2013 Medien \u2013 Aufkl\u00e4rung&quot;","block_context":{"text":"Demokratie \u2013 Medien \u2013 Aufkl\u00e4rung","link":"https:\/\/www.freidenker.org\/?cat=12"},"img":{"alt_text":"","src":"https:\/\/i0.wp.com\/www.freidenker.org\/fw17\/wp-content\/uploads\/2023\/01\/bullets-6948076_800x450_2.jpg?fit=800%2C450&ssl=1&resize=350%2C200","width":350,"height":200,"srcset":"https:\/\/i0.wp.com\/www.freidenker.org\/fw17\/wp-content\/uploads\/2023\/01\/bullets-6948076_800x450_2.jpg?fit=800%2C450&ssl=1&resize=350%2C200 1x, https:\/\/i0.wp.com\/www.freidenker.org\/fw17\/wp-content\/uploads\/2023\/01\/bullets-6948076_800x450_2.jpg?fit=800%2C450&ssl=1&resize=525%2C300 1.5x, https:\/\/i0.wp.com\/www.freidenker.org\/fw17\/wp-content\/uploads\/2023\/01\/bullets-6948076_800x450_2.jpg?fit=800%2C450&ssl=1&resize=700%2C400 2x"},"classes":[]}],"_links":{"self":[{"href":"https:\/\/www.freidenker.org\/index.php?rest_route=\/wp\/v2\/posts\/18518","targetHints":{"allow":["GET"]}}],"collection":[{"href":"https:\/\/www.freidenker.org\/index.php?rest_route=\/wp\/v2\/posts"}],"about":[{"href":"https:\/\/www.freidenker.org\/index.php?rest_route=\/wp\/v2\/types\/post"}],"author":[{"embeddable":true,"href":"https:\/\/www.freidenker.org\/index.php?rest_route=\/wp\/v2\/users\/3"}],"replies":[{"embeddable":true,"href":"https:\/\/www.freidenker.org\/index.php?rest_route=%2Fwp%2Fv2%2Fcomments&post=18518"}],"version-history":[{"count":0,"href":"https:\/\/www.freidenker.org\/index.php?rest_route=\/wp\/v2\/posts\/18518\/revisions"}],"wp:featuredmedia":[{"embeddable":true,"href":"https:\/\/www.freidenker.org\/index.php?rest_route=\/wp\/v2\/media\/18519"}],"wp:attachment":[{"href":"https:\/\/www.freidenker.org\/index.php?rest_route=%2Fwp%2Fv2%2Fmedia&parent=18518"}],"wp:term":[{"taxonomy":"category","embeddable":true,"href":"https:\/\/www.freidenker.org\/index.php?rest_route=%2Fwp%2Fv2%2Fcategories&post=18518"},{"taxonomy":"post_tag","embeddable":true,"href":"https:\/\/www.freidenker.org\/index.php?rest_route=%2Fwp%2Fv2%2Ftags&post=18518"}],"curies":[{"name":"wp","href":"https:\/\/api.w.org\/{rel}","templated":true}]}}