{"id":18510,"date":"2024-03-09T19:44:09","date_gmt":"2024-03-09T18:44:09","guid":{"rendered":"https:\/\/www.freidenker.org\/?p=18510"},"modified":"2024-04-03T13:39:02","modified_gmt":"2024-04-03T11:39:02","slug":"lauterbach-und-der-krieg-oder-wie-man-das-zerstoerte-optimiert","status":"publish","type":"post","link":"https:\/\/www.freidenker.org\/?p=18510","title":{"rendered":"Lauterbach und der Krieg oder: Wie man das Zerst\u00f6rte optimiert"},"content":{"rendered":"<p><strong>Glaubt man Gesundheitsminister Karl Lauterbach (SPD), m\u00fcsste man sich schon heute auf die Versorgung von Verletzten im Kriegsfalle vorbereiten. Alles andere sei &#8222;albern&#8220;. Was man von den Worten eines Ministers halten kann, der der Architekt des sich aufl\u00f6senden deutschen Gesundheitssystems ist.<\/strong><\/p>\n<p><em>Von <strong>Tom J. Wellbrock<\/strong><\/em><\/p>\n<p><span style=\"font-size: 10pt;\">Erstver\u00f6ffentlichung am 07.03.2024 auf <a href=\"https:\/\/freedert.online\/meinung\/198659-lauterbach-und-krieg-oder-wie\/\" target=\"_blank\" rel=\"noopener\">RT DE<\/a><\/span><\/p>\n<p>Neben Pandemien und Naturkatastrophen sei die Vorbereitung auf &#8222;milit\u00e4rische Konflikte&#8220; von gro\u00dfer Bedeutung, sagte Karl <a href=\"https:\/\/www.deutschlandfunk.de\/lauterbach-will-zeitenwende-fuer-das-gesundheitswesen-dlf-435c36cb-100.html\">Lauterbach im <em>Deutschlandfunk<\/em><\/a>. Man k\u00f6nnte dieses Gerede als das eines verwirrten Mannes abtun, und man m\u00fcsste es auch, w\u00e4re die Situation nicht so, wie sie ist.<\/p>\n<h5>Kriegsminister und Katastrophen<\/h5>\n<p>Den Krieg nach Russland tragen \u2013 das ist laut Roderich Kiesewetter (CDU) jetzt geboten. Er hatte das erst k\u00fcrzlich in einem Interview gesagt. Als denkender Mensch w\u00fcrde man annehmen, dass Kiesewetter diese Aussage sp\u00e4ter bereut hat oder zumindest gern in der Versenkung des Vergessens lassen w\u00fcrde. Doch stattdessen <a href=\"https:\/\/freedert.online\/inland\/198539-kiesewetter-fordert-bei-lanz-raketenangriffe-auf-moskau\/\">wiederholte er seine Forderung<\/a> bei Markus Lanz noch einmal:<\/p>\n<blockquote><p>&#8222;<em>Die Ukraine muss bef\u00e4higt werden, den Krieg nach Russland zu tragen. Nichts anderes hat auch Pistorius am 20. April letzten Jahres deutlich gemacht im Fernsehen, als er sagte: &#8218;Es ist das Normalste der Welt, dass der Aggressor auch den Krieg vortr\u00e4gt auf das Gebiet des Angreifers.&#8216; [Kiesewetter verspricht sich an dieser Stelle \u2013 Anm. der Red.] Das <\/em><em>E<\/em><em>inzige, was ich in Erg\u00e4nzung sage, ist, dass man auch das Kriegsministerium oder das Nachrichtendienstministerium \u2013 also Geheimdienstministerium \u2013 angreifen muss.&#8220;<\/em><\/p><\/blockquote>\n<p>Kiesewetter betonte aber, dass Deutschland damit nichts zu tun habe. Taurus etwa, das deutsche System, mit dem die Ukrainer direkt Moskau angreifen k\u00f6nnten, k\u00f6nne auch ohne deutsche Hilfe bedient werden, und die Ukraine w\u00fcrde ohnehin nicht auf Moskau feuern: &#8222;Nein, wenn wir der Ukraine vertraglich sagen, die Taurus setzt ihr nur auf den von Russland besetzten Gebieten ein, dann halten die sich auch dran.&#8220;<\/p>\n<p>Wer etwas anderes behaupte, zeige fehlendes Vertrauen in die Ukraine. Und \u00fcberhaupt: Angriffe auf Russland bzw. Moskau seien nun einmal notwendig, mit Drohnen habe das ja auch schon funktioniert. Die Zivilbev\u00f6lkerung Russlands will Kiesewetter verschonen, es sei aber wichtig, &#8222;der russischen Bev\u00f6lkerung klarzumachen, dass sie die Aggressoren sind&#8220;.<\/p>\n<p>Die Aussagen Kiesewetters sollen die allgemeine Stimmung unter den immer zahlreicher werdenden Falken in der politischen und medialen Landschaft verdeutlichen. Der Tenor zeichnet sich immer deutlicher ab: Deutschland ist zwar offiziell noch keine Kriegspartei, es w\u00e4re aber sch\u00f6n, wenn sich das \u00e4nderte.<\/p>\n<p>Lauterbach scheint \u00e4hnlich zu denken.<\/p>\n<h5>Beste Versorgung f\u00fcr Verletzte<\/h5>\n<p>Immer wieder hei\u00dft es, Russland habe auf Kriegswirtschaft umgestellt. Das ist insofern interessant, als Deutschland sich im Dauerzustand des Kriegsmodus befindet. Die Ausgaben f\u00fcr Milit\u00e4r und R\u00fcstung haben schwindelerregende Ausma\u00dfe erreicht, zudem wird ganz offen dar\u00fcber gesprochen, dass f\u00fcr die &#8222;Wehrhaftigkeit&#8220; Deutschlands und die &#8222;Unterst\u00fctzung&#8220; der Ukraine andere Bereiche werden bluten m\u00fcssen, etwa der soziale Bereich.<\/p>\n<p>Gleichzeitig sind die wirtschaftlichen Daten f\u00fcr Deutschland aufgrund seiner verheerenden Sanktionspolitik in einem dunklen Keller gelandet, und selbst der Politiker, der sich Wirtschaftsminister nennt, gibt zu, dass die Lage schlecht ist (Robert Habeck spricht zwar davon, dass nur die Zahlen, nicht aber die Lage schlecht sei, doch das ist vergleichbar mit Unternehmen, die nicht pleite sind, sondern nur nichts mehr produzieren oder verkaufen).<\/p>\n<p>Lauterbach hat seinerseits ein neues Gesch\u00e4ftsmodell entdeckt: die Versorgung von Verletzten im Falle eines milit\u00e4rischen Konflikts. Auch er ist also im Kriegsmodus und entdeckt f\u00fcr sein Ministerium neue Aufgaben, die dann vermutlich die alten schlicht abl\u00f6sen werden. Der <em>Deutschlandfunk<\/em> dazu:<\/p>\n<blockquote><p><em>&#8222;Gesundheitsminister Lauterbach spricht von einer Zeitenwende auch f\u00fcr das Gesundheitswesen. Lauterbach hat angek\u00fcndigt, das deutsche Gesundheitssystem auf m\u00f6gliche milit\u00e4rische Konflikte vorzubereiten. Der Neuen Osnabr\u00fccker Zeitung sagte der sozialdemokratische Minister, Deutschland m\u00fcsse sich nicht nur f\u00fcr k\u00fcnftige Pandemien, sondern auch f\u00fcr gro\u00dfe Katastrophen und eventuelle milit\u00e4rische Konflikte besser aufstellen.&#8220;<\/em><\/p><\/blockquote>\n<p>Da spricht derselbe Mann, der in der Vergangenheit und in Zukunft in gro\u00dfem Stil Kliniken in Deutschland schlie\u00dfen wollte und will. Ob er nun davon absieht? Oder einfach die Stationen mit neuen Patienten belegen will, die in einem k\u00fcnftigen Krieg verwundet werden? W\u00e4hrend also die Bev\u00f6lkerung Deutschlands sich seit Jahren mit einem stetig schrumpfenden Gesundheitssystem abk\u00e4mpfen muss, besch\u00e4ftigt sich der Gesundheitsminister schon jetzt mit Kriegshelden und deren optimaler Versorgung.<\/p>\n<p>Lauterbach mimt den einsamen Rufer in der W\u00fcste, der ganz praktisch mitdenkt, wie der <em>Deutschlandfunk<\/em> fortf\u00e4hrt:<\/p>\n<blockquote><p><em>&#8222;Es w\u00e4re albern, so Lauterbach, zu sagen, wir bereiten uns nicht auf einen milit\u00e4rischen Konflikt vor, und dann wird er auch nicht kommen. Es geht nicht um Panikmache, sollte aber der B\u00fcndnisfall eintreten, werde Deutschland zur Drehscheibe bei der Versorgung von Verletzten und Verwundeten auch aus anderen L\u00e4ndern. Lauterbach rechnet damit, sp\u00e4testens im Sommer einen entsprechenden Gesetzentwurf vorlegen zu k\u00f6nnen. Es gehe darum, dass im Krisenfall jeder Arzt, jedes Krankenhaus, jedes Gesundheitsamt w\u00fcsste, was zu tun sei. Es brauche klare Zust\u00e4ndigkeiten etwa f\u00fcr die Verteilung einer hohen Zahl an Verletzten auf die Kliniken in Deutschland.&#8220;<\/em><\/p><\/blockquote>\n<p>Vom B\u00fcndnisfall war im Zusammenhang mit Deutschlands Rolle in der aktuellen Eskalationsspirale nicht oder kaum die Rede. Lauterbach aber spricht ihn ganz offen an, und seiner Pers\u00f6nlichkeit entsprechend kann das einfach gedankenlos geschehen sein oder mit dem bewussten Ansatz der Angsterzeugung innerhalb der Bev\u00f6lkerung. Denn wenn ausgerechnet Lauterbach, der in der Corona-Episode einer derer war, die den Pandemie-Teufel gar nicht gro\u00df genug an die Wand malen konnten, jetzt sagt, er wolle &#8222;keine Panikmache&#8220; betreiben, ist das ein Treppenwitz der Geschichte.<\/p>\n<h5>Von Kopf bis Fu\u00df auf Krieg eingestellt<\/h5>\n<p>Vom Kind bis zum Greis: Die Deutschen werden auf Krieg eingeschworen, ob sie wollen oder nicht. Die sich wie ein t\u00e4glich wiederholendes Murmeltier heruntergeleierte Argumentation ist immer gleich: Wladimir Putin wolle uns angreifen, spalten, seinen imperialen W\u00fcnschen freien Lauf lassen und die glorreiche Demokratie des Westens zerst\u00f6ren.<\/p>\n<p>Man muss sich diese Demokratie nur einmal etwas n\u00e4her anschauen, um zum Schluss zu kommen, dass sie selbst es ist, die sich \u2013 ganz ohne fremde Hilfe \u2013 gerade zerst\u00f6rt. In Deutschland ist die Meinungsfreiheit bereits Geschichte, sie mag zwar im Grundgesetz festgeschrieben sein, wird aber von Gesetzen wie dem &#8222;Demokratief\u00f6rdergesetz&#8220; einfach geschluckt. Die Pressefreiheit beruht auf einem Kollektiv staatstragender Medien, die nicht nur nachplappern, was ihnen vorgegeben wird, sondern s\u00e4mtliche Medien, die ihrem urspr\u00fcnglichen Job nachgehen \u2013 dem kritischen Blick auf die Politik der M\u00e4chtigen \u2013, meinungs- und reichweitenstark das Leben schwer machen oder verunm\u00f6glichen.<\/p>\n<p>Als Hoffnungsschimmer kann man die desastr\u00f6se Ausr\u00fcstung der Bundeswehr betrachten, die schon vor dem Ukraine-Krieg ein Trauerspiel war. Mit ihr ist erfreulicherweise kein Krieg zu gewinnen, vermutlich nicht einmal zu f\u00fchren. Doch jene kurz aufflammende Hoffnung wird zunichtegemacht, wenn man miteinbezieht, dass der allgemeine Zerfall nicht nur Deutschland, sondern die gesamte Europ\u00e4ische Union betrifft, Hand in Hand mit den USA, die als wankender imperialer Riese bezeichnet werden m\u00fcssen.<\/p>\n<p>Es ist die Kombination aus neoliberaler und menschenfeindlicher Politik, die Infrastrukturen und den gesellschaftlichen Zusammenhalt zerst\u00f6rt, die die Verarmung weiter Teile der Bev\u00f6lkerungen bef\u00f6rdert, und nicht zuletzt die zutage tretende Unterw\u00fcrfigkeit der politischen Verantwortungstr\u00e4ger, die zu einem Prinzip der Selbstzerst\u00f6rung f\u00fchrt.<\/p>\n<p>Ein Krieg ist aus Sicht der politisch Verantwortlichen die letzte Option dieser von Grund auf gescheiterten Politik. Wie nahezu immer, wenn die innenpolitische bzw. systemische Lage auf eine Katastrophe zusteuert, muss ein \u00e4u\u00dferer Feind her, der daf\u00fcr verantwortlich gemacht werden kann. Objektiv betrachtet ist Russland keine Bedrohung f\u00fcr Deutschland oder den Westen. Und objektiv betrachtet muss das Gesundheitssystem auch nicht auf den B\u00fcndnisfall vorbereitet werden. Es m\u00fcsste aber vom Kopf auf die F\u00fc\u00dfe gestellt werden, es m\u00fcsste auf dem Prinzip der bestm\u00f6glichen Versorgung der Menschen beruhen, nicht auf dem der Rendite als oberstes Gebot.<\/p>\n<p>Doch das ist das Problem, nicht nur das von Lauterbach, in diesem konkreten Fall steht der Gesundheitsminister aber stellvertretend f\u00fcr das westliche politische System: Lauterbach kann das deutsche Gesundheitssystem nicht mehr retten. Weil er die Entscheidungshoheit abgetreten hat an die Klinikchefs, die ihrerseits abh\u00e4ngig von Investoren, Hedgefonds und Verm\u00f6gensverwalter sind. Einen Krieg herbeizureden, ist das Letzte, das Lauterbach und seinen Komplizen jetzt noch bleibt. Alles Weitere haben und werden auch k\u00fcnftig ganz andere entscheiden, und die stehen weit \u00fcber der Gehaltsklasse von Lauterbach, Olaf Scholz und Kiesewetter.<\/p>\n<p style=\"text-align: right;\"><em>Tom J. Wellbrock ist Texter und Sprecher und betrieb gemeinsam mit Jens Berger den Blog Spiegelfechter. Aktuell betreibt er gemeinsam mit Roberto J. De Lapuente den Blog <a href=\"https:\/\/www.neulandrebellen.de\/\" target=\"_blank\" rel=\"noopener\">Neulandrebellen.de<\/a> sowie den Telegram-Kanal &#8222;<a href=\"https:\/\/t.me\/Randnotizen_aus_der_Mitte\" target=\"_blank\" rel=\"noopener\">Randnotizen aus der Mitte<\/a>&#8222;<\/em><\/p>\n<hr \/>\n<p><span style=\"font-size: 10pt;\">Bild oben: Karl Lauterbach auf einer Wahlkampfveranstaltung zur Landtagswahl in NRW, 2022<\/span><br \/>\n<span style=\"font-size: 10pt;\">Foto: \u00a9 Raimond Spekking \/ <a href=\"https:\/\/creativecommons.org\/licenses\/by-sa\/4.0\" target=\"_blank\" rel=\"noopener\">CC BY-SA 4.0<\/a> <\/span><br \/>\n<span style=\"font-size: 10pt;\">Quelle: <a href=\"https:\/\/commons.wikimedia.org\/w\/index.php?curid=117989543\" target=\"_blank\" rel=\"noopener\">https:\/\/commons.wikimedia.org\/w\/index.php?curid=117989543<\/a><\/span><\/p>\n<p>&nbsp;<\/p>\n","protected":false},"excerpt":{"rendered":"<p><b>Beitrag von Tom J. Wellbrock<\/b><br \/>\nNeben Pandemien und Naturkatastrophen sei die Vorbereitung auf &#8222;milit\u00e4rische Konflikte&#8220; von gro\u00dfer Bedeutung, sagte Karl Lauterbach im Deutschlandfunk. Man k\u00f6nnte dieses Gerede als das eines verwirrten Mannes abtun, und man m\u00fcsste es auch, w\u00e4re die Situation nicht so, wie sie ist.<br \/>\nDen Krieg nach Russland tragen \u2013 das ist laut Roderich Kiesewetter (CDU) jetzt geboten. Er hatte das erst k\u00fcrzlich in einem Interview gesagt. Als denkender Mensch w\u00fcrde man annehmen, dass Kiesewetter diese Aussage sp\u00e4ter bereut hat oder zumindest gern in der Versenkung des Vergessens lassen w\u00fcrde. Doch stattdessen wiederholte er seine Forderung bei Markus Lanz noch einmal: <i>&#8222;Die Ukraine muss bef\u00e4higt werden, den Krieg nach Russland zu tragen.<\/i><\/p>\n","protected":false},"author":3,"featured_media":18512,"comment_status":"closed","ping_status":"closed","sticky":false,"template":"","format":"standard","meta":{"colormag_page_container_layout":"default_layout","colormag_page_sidebar_layout":"default_layout","advanced_seo_description":"","jetpack_seo_html_title":"","jetpack_seo_noindex":false,"jetpack_post_was_ever_published":false,"footnotes":""},"categories":[12],"tags":[1032,688,2153,162,391,188,1750,1819,395,685,222,2154,639],"class_list":["post-18510","post","type-post","status-publish","format-standard","has-post-thumbnail","hentry","category-demokratie-medien-aufklaerung","tag-bundesregierung","tag-bundeswehr","tag-buendnisfall","tag-demokratie","tag-gesundheitswesen","tag-krieg","tag-kriegswirtschaft","tag-marschflugkoerper","tag-meinungsfreiheit","tag-moskau","tag-russland","tag-selbstzerstoerung","tag-ukraine-konflikt"],"jetpack_featured_media_url":"https:\/\/i0.wp.com\/www.freidenker.org\/fw17\/wp-content\/uploads\/2024\/03\/Wahlkampf_Landtagswahl_NRW_2022_4092_800x450.jpg?fit=800%2C450&ssl=1","jetpack_shortlink":"https:\/\/wp.me\/p9stpK-4Oy","jetpack-related-posts":[{"id":11017,"url":"https:\/\/www.freidenker.org\/?p=11017","url_meta":{"origin":18510,"position":0},"title":"Corona-Savonarola oder trojanisches Pferd des medizinisch-industriellen Komplexes?","author":"Webredaktion","date":"14. August 2021","format":false,"excerpt":"Beitrag von Dagmar Henn Karl Lauterbach scheint immer f\u00fcr einen Lacher gut. \u00dcbertreibungen und irrwitzige Vorschl\u00e4ge purzeln dem Ritter von der hageren Gestalt in jeder Talkshow von den Lippen, dass einem schwindlig wird, und die n\u00e4chste Ank\u00fcndigung eines Weltuntergangs ist nie weit entfernt. So hat er noch eins draufgelegt auf\u2026","rel":"","context":"In &quot;Arbeit &amp; Soziales&quot;","block_context":{"text":"Arbeit &amp; Soziales","link":"https:\/\/www.freidenker.org\/?cat=11"},"img":{"alt_text":"","src":"https:\/\/i0.wp.com\/www.freidenker.org\/fw17\/wp-content\/uploads\/2021\/08\/Lauterbach_Euro_Viren_800x450.jpg?fit=800%2C450&ssl=1&resize=350%2C200","width":350,"height":200,"srcset":"https:\/\/i0.wp.com\/www.freidenker.org\/fw17\/wp-content\/uploads\/2021\/08\/Lauterbach_Euro_Viren_800x450.jpg?fit=800%2C450&ssl=1&resize=350%2C200 1x, https:\/\/i0.wp.com\/www.freidenker.org\/fw17\/wp-content\/uploads\/2021\/08\/Lauterbach_Euro_Viren_800x450.jpg?fit=800%2C450&ssl=1&resize=525%2C300 1.5x, https:\/\/i0.wp.com\/www.freidenker.org\/fw17\/wp-content\/uploads\/2021\/08\/Lauterbach_Euro_Viren_800x450.jpg?fit=800%2C450&ssl=1&resize=700%2C400 2x"},"classes":[]},{"id":14660,"url":"https:\/\/www.freidenker.org\/?p=14660","url_meta":{"origin":18510,"position":1},"title":"Karl Lauterbach: L\u00fcgen f\u00fcr die Meinungsfreiheit","author":"Webredaktion","date":"14. November 2022","format":false,"excerpt":"Beitrag von Tom J. Wellbrock Die Meinungsfreiheit ist in Gefahr, ganz ohne Zweifel. An allen Ecken und Enden werden unerw\u00fcnschte Meinungen diffamiert und in Schubladen gesteckt; wer seine Ansicht in die Welt hinaustr\u00e4gt, muss mit massiven Angriffen rechnen, die bis zum Rufmord und zur Zerst\u00f6rung der eigenen Existenz reichen. Doch\u2026","rel":"","context":"In &quot;Demokratie \u2013 Medien \u2013 Aufkl\u00e4rung&quot;","block_context":{"text":"Demokratie \u2013 Medien \u2013 Aufkl\u00e4rung","link":"https:\/\/www.freidenker.org\/?cat=12"},"img":{"alt_text":"","src":"https:\/\/i0.wp.com\/www.freidenker.org\/fw17\/wp-content\/uploads\/2022\/11\/Karl_Lauterbach-Maischberger-5317_800x450.jpg?fit=800%2C450&ssl=1&resize=350%2C200","width":350,"height":200,"srcset":"https:\/\/i0.wp.com\/www.freidenker.org\/fw17\/wp-content\/uploads\/2022\/11\/Karl_Lauterbach-Maischberger-5317_800x450.jpg?fit=800%2C450&ssl=1&resize=350%2C200 1x, https:\/\/i0.wp.com\/www.freidenker.org\/fw17\/wp-content\/uploads\/2022\/11\/Karl_Lauterbach-Maischberger-5317_800x450.jpg?fit=800%2C450&ssl=1&resize=525%2C300 1.5x, https:\/\/i0.wp.com\/www.freidenker.org\/fw17\/wp-content\/uploads\/2022\/11\/Karl_Lauterbach-Maischberger-5317_800x450.jpg?fit=800%2C450&ssl=1&resize=700%2C400 2x"},"classes":[]},{"id":20161,"url":"https:\/\/www.freidenker.org\/?p=20161","url_meta":{"origin":18510,"position":2},"title":"Eckart von Hirschhausen und Lauterbach drohen mit &#8222;Corona-Aufarbeitung&#8220;","author":"Webredaktion","date":"30. Oktober 2024","format":false,"excerpt":"Beitrag von Bernhard Loyen Die Ampelkoalition wird sich aufgrund \"unterschiedlicher Auffassungen\" in dieser Legislaturperiode nicht mehr mit dem Thema \"Aufarbeitung der Corona-Pandemie\" besch\u00e4ftigen. Ein seitens SPD und Gr\u00fcnen pr\u00e4ferierter \"B\u00fcrgerrat\" sei bis zur Bundestagswahl 2025 nicht realisierbar, so das\u00a0RT-Update\u00a0vom 11. Oktober zum Thema der konsequenten Verweigerungshaltung verantwortlicher Protagonisten dreier dunkler\u2026","rel":"","context":"In &quot;Demokratie \u2013 Medien \u2013 Aufkl\u00e4rung&quot;","block_context":{"text":"Demokratie \u2013 Medien \u2013 Aufkl\u00e4rung","link":"https:\/\/www.freidenker.org\/?cat=12"},"img":{"alt_text":"","src":"https:\/\/i0.wp.com\/www.freidenker.org\/fw17\/wp-content\/uploads\/2024\/10\/Health_for_Future_IMG_0265_50174308517_800x450.jpg?fit=800%2C450&ssl=1&resize=350%2C200","width":350,"height":200,"srcset":"https:\/\/i0.wp.com\/www.freidenker.org\/fw17\/wp-content\/uploads\/2024\/10\/Health_for_Future_IMG_0265_50174308517_800x450.jpg?fit=800%2C450&ssl=1&resize=350%2C200 1x, https:\/\/i0.wp.com\/www.freidenker.org\/fw17\/wp-content\/uploads\/2024\/10\/Health_for_Future_IMG_0265_50174308517_800x450.jpg?fit=800%2C450&ssl=1&resize=525%2C300 1.5x, https:\/\/i0.wp.com\/www.freidenker.org\/fw17\/wp-content\/uploads\/2024\/10\/Health_for_Future_IMG_0265_50174308517_800x450.jpg?fit=800%2C450&ssl=1&resize=700%2C400 2x"},"classes":[]},{"id":17303,"url":"https:\/\/www.freidenker.org\/?p=17303","url_meta":{"origin":18510,"position":3},"title":"Streit um Impfstoffpatente \u2013 ist der WHO-Pandemievertrag gef\u00e4hrdet?","author":"Webredaktion","date":"21. Oktober 2023","format":false,"excerpt":"Beitrag von Felicitas Rabe F\u00fcr die Mainstreammedien sei der Weltgesundheitsgipfel 2023 offenbar zu unwichtig gewesen, um dar\u00fcber zu berichten, kommentierte der Wirtschaftsjournalist Norbert H\u00e4ring ironisch das laute Schweigen der Presse zu der Gro\u00dfveranstaltung, die vom 15. bis zum 17. Oktober in Berlin stattfand. In seinem Artikel bewertet H\u00e4ring anhand der\u2026","rel":"","context":"In &quot;Demokratie \u2013 Medien \u2013 Aufkl\u00e4rung&quot;","block_context":{"text":"Demokratie \u2013 Medien \u2013 Aufkl\u00e4rung","link":"https:\/\/www.freidenker.org\/?cat=12"},"img":{"alt_text":"","src":"https:\/\/i0.wp.com\/www.freidenker.org\/fw17\/wp-content\/uploads\/2023\/10\/vaccine-5897391_800x450.jpg?fit=800%2C450&ssl=1&resize=350%2C200","width":350,"height":200,"srcset":"https:\/\/i0.wp.com\/www.freidenker.org\/fw17\/wp-content\/uploads\/2023\/10\/vaccine-5897391_800x450.jpg?fit=800%2C450&ssl=1&resize=350%2C200 1x, https:\/\/i0.wp.com\/www.freidenker.org\/fw17\/wp-content\/uploads\/2023\/10\/vaccine-5897391_800x450.jpg?fit=800%2C450&ssl=1&resize=525%2C300 1.5x, https:\/\/i0.wp.com\/www.freidenker.org\/fw17\/wp-content\/uploads\/2023\/10\/vaccine-5897391_800x450.jpg?fit=800%2C450&ssl=1&resize=700%2C400 2x"},"classes":[]},{"id":24721,"url":"https:\/\/www.freidenker.org\/?p=24721","url_meta":{"origin":18510,"position":4},"title":"&#8222;Segen der Impfungen&#8220;","author":"Webredaktion","date":"25. M\u00e4rz 2026","format":false,"excerpt":"Ex-Minister Lauterbach beklagt \"Fake-News\" in der Enquete-Kommission Beitrag von Bernhard Loyen Mit Spannung wurde der gestrige gemeinsame Auftritt zweier entscheidender Protagonisten in der \"Corona-Krise\" im Bundestag erwartet. So waren in der \"Enquete-Kommission Corona\" zum Thema \"Leistungsf\u00e4higkeit des Gesundheitswesens in der Pandemie\" der ehemalige Bundesgesundheitsminister Karl Lauterbach (SPD) sowie Ex-RKI-Chef Lothar\u2026","rel":"","context":"In &quot;Demokratie \u2013 Medien \u2013 Aufkl\u00e4rung&quot;","block_context":{"text":"Demokratie \u2013 Medien \u2013 Aufkl\u00e4rung","link":"https:\/\/www.freidenker.org\/?cat=12"},"img":{"alt_text":"","src":"https:\/\/i0.wp.com\/www.freidenker.org\/fw17\/wp-content\/uploads\/2026\/03\/neelam279-vaccine-5833550_800x450.jpg?fit=800%2C450&ssl=1&resize=350%2C200","width":350,"height":200,"srcset":"https:\/\/i0.wp.com\/www.freidenker.org\/fw17\/wp-content\/uploads\/2026\/03\/neelam279-vaccine-5833550_800x450.jpg?fit=800%2C450&ssl=1&resize=350%2C200 1x, https:\/\/i0.wp.com\/www.freidenker.org\/fw17\/wp-content\/uploads\/2026\/03\/neelam279-vaccine-5833550_800x450.jpg?fit=800%2C450&ssl=1&resize=525%2C300 1.5x, https:\/\/i0.wp.com\/www.freidenker.org\/fw17\/wp-content\/uploads\/2026\/03\/neelam279-vaccine-5833550_800x450.jpg?fit=800%2C450&ssl=1&resize=700%2C400 2x"},"classes":[]},{"id":16639,"url":"https:\/\/www.freidenker.org\/?p=16639","url_meta":{"origin":18510,"position":5},"title":"Ein Volldesaster: Lauterbachs Long-COVID-Initiative und Brinkmanns Karrieresprung","author":"Webredaktion","date":"16. Juli 2023","format":false,"excerpt":"Beitrag von Bernhard Loyen Sehr weich fallen, eher dahinsinken, hei\u00dft das angenehme Momentum der Stunde f\u00fcr die forderndsten Protagonisten einer ausufernden Corona-Verordnungspolitik. Sp\u00fcrbare Konsequenzen musste bis dato keiner der verantwortlichen Einpeitscher und Gesellschaftsspalter der drei dunklen Jahre 2020 bis 2022 bef\u00fcrchten, erahnen oder sogar erleben. Die zur\u00fcckliegenden Tage belegen: Politik\u2026","rel":"","context":"In &quot;Arbeit &amp; Soziales&quot;","block_context":{"text":"Arbeit &amp; Soziales","link":"https:\/\/www.freidenker.org\/?cat=11"},"img":{"alt_text":"","src":"https:\/\/i0.wp.com\/www.freidenker.org\/fw17\/wp-content\/uploads\/2023\/07\/ColognePride_2023-Lauterbach-47735_800x450.jpg?fit=800%2C450&ssl=1&resize=350%2C200","width":350,"height":200,"srcset":"https:\/\/i0.wp.com\/www.freidenker.org\/fw17\/wp-content\/uploads\/2023\/07\/ColognePride_2023-Lauterbach-47735_800x450.jpg?fit=800%2C450&ssl=1&resize=350%2C200 1x, https:\/\/i0.wp.com\/www.freidenker.org\/fw17\/wp-content\/uploads\/2023\/07\/ColognePride_2023-Lauterbach-47735_800x450.jpg?fit=800%2C450&ssl=1&resize=525%2C300 1.5x, https:\/\/i0.wp.com\/www.freidenker.org\/fw17\/wp-content\/uploads\/2023\/07\/ColognePride_2023-Lauterbach-47735_800x450.jpg?fit=800%2C450&ssl=1&resize=700%2C400 2x"},"classes":[]}],"_links":{"self":[{"href":"https:\/\/www.freidenker.org\/index.php?rest_route=\/wp\/v2\/posts\/18510","targetHints":{"allow":["GET"]}}],"collection":[{"href":"https:\/\/www.freidenker.org\/index.php?rest_route=\/wp\/v2\/posts"}],"about":[{"href":"https:\/\/www.freidenker.org\/index.php?rest_route=\/wp\/v2\/types\/post"}],"author":[{"embeddable":true,"href":"https:\/\/www.freidenker.org\/index.php?rest_route=\/wp\/v2\/users\/3"}],"replies":[{"embeddable":true,"href":"https:\/\/www.freidenker.org\/index.php?rest_route=%2Fwp%2Fv2%2Fcomments&post=18510"}],"version-history":[{"count":0,"href":"https:\/\/www.freidenker.org\/index.php?rest_route=\/wp\/v2\/posts\/18510\/revisions"}],"wp:featuredmedia":[{"embeddable":true,"href":"https:\/\/www.freidenker.org\/index.php?rest_route=\/wp\/v2\/media\/18512"}],"wp:attachment":[{"href":"https:\/\/www.freidenker.org\/index.php?rest_route=%2Fwp%2Fv2%2Fmedia&parent=18510"}],"wp:term":[{"taxonomy":"category","embeddable":true,"href":"https:\/\/www.freidenker.org\/index.php?rest_route=%2Fwp%2Fv2%2Fcategories&post=18510"},{"taxonomy":"post_tag","embeddable":true,"href":"https:\/\/www.freidenker.org\/index.php?rest_route=%2Fwp%2Fv2%2Ftags&post=18510"}],"curies":[{"name":"wp","href":"https:\/\/api.w.org\/{rel}","templated":true}]}}