{"id":18498,"date":"2024-03-08T15:18:37","date_gmt":"2024-03-08T14:18:37","guid":{"rendered":"https:\/\/www.freidenker.org\/?p=18498"},"modified":"2024-04-03T13:38:42","modified_gmt":"2024-04-03T11:38:42","slug":"25-jahre-nato-aggression-gegen-jugoslawien-solidaritaetsreise","status":"publish","type":"post","link":"https:\/\/www.freidenker.org\/?p=18498","title":{"rendered":"25 Jahre NATO-Aggression gegen Jugoslawien &#8211; Solidarit\u00e4tsreise"},"content":{"rendered":"<h4>Solidarit\u00e4tsreise nach Belgrad 21. &#8211; 27 M\u00e4rz 2024<\/h4>\n<p><img data-recalc-dims=\"1\" loading=\"lazy\" decoding=\"async\" data-attachment-id=\"5787\" data-permalink=\"https:\/\/www.freidenker.org\/?attachment_id=5787\" data-orig-file=\"https:\/\/i0.wp.com\/www.freidenker.org\/fw17\/wp-content\/uploads\/2019\/01\/belgrad_banner.jpg?fit=590%2C214&amp;ssl=1\" data-orig-size=\"590,214\" data-comments-opened=\"0\" data-image-meta=\"{&quot;aperture&quot;:&quot;0&quot;,&quot;credit&quot;:&quot;&quot;,&quot;camera&quot;:&quot;&quot;,&quot;caption&quot;:&quot;&quot;,&quot;created_timestamp&quot;:&quot;0&quot;,&quot;copyright&quot;:&quot;&quot;,&quot;focal_length&quot;:&quot;0&quot;,&quot;iso&quot;:&quot;0&quot;,&quot;shutter_speed&quot;:&quot;0&quot;,&quot;title&quot;:&quot;&quot;,&quot;orientation&quot;:&quot;0&quot;}\" data-image-title=\"belgrad_banner\" data-image-description=\"\" data-image-caption=\"\" data-large-file=\"https:\/\/i0.wp.com\/www.freidenker.org\/fw17\/wp-content\/uploads\/2019\/01\/belgrad_banner.jpg?fit=590%2C214&amp;ssl=1\" class=\"alignnone wp-image-5787 size-full\" src=\"https:\/\/i0.wp.com\/www.freidenker.org\/fw17\/wp-content\/uploads\/2019\/01\/belgrad_banner.jpg?resize=590%2C214&#038;ssl=1\" alt=\"\" width=\"590\" height=\"214\" srcset=\"https:\/\/i0.wp.com\/www.freidenker.org\/fw17\/wp-content\/uploads\/2019\/01\/belgrad_banner.jpg?w=590&amp;ssl=1 590w, https:\/\/i0.wp.com\/www.freidenker.org\/fw17\/wp-content\/uploads\/2019\/01\/belgrad_banner.jpg?resize=300%2C109&amp;ssl=1 300w\" sizes=\"auto, (max-width: 590px) 100vw, 590px\" \/><\/p>\n<p>Der \u00dcberfall der NATO am 24. M\u00e4rz 1999 und der 78 Tage lange Bombenterror gegen Jugoslawien war nicht nur \u2013 wie wir damals sagten &#8211; der \u201eT\u00fcr\u00f6ffnerkrieg\u201c f\u00fcr die kommenden v\u00f6lkerrechtswidrigen Kriege des Aggressionsb\u00fcndnisses. Diese Kriege folgten einer langfristigen Strategie der Umzingelung und Schw\u00e4chung der Russischen F\u00f6deration. Sie gipfelten bisher im gewaltsamen Staatstreich in Kiew 2014 und dem seither eskalierten NATO-Krieg gegen Russland.<\/p>\n<p>Die Tausende Todesopfer und Verletzte in Jugoslawien warten bis heute vergeblich auf eine Entschuldigung, auf Wiedergutmachung und insbesondere die Bestrafung der Kriegsverbrecher.<\/p>\n<p><strong>Wir trauern um die Opfer und ehren den Widerstand gegen die Aggression.<br \/>\n<\/strong><strong>Wir bekr\u00e4ftigen unsere Solidarit\u00e4t mit Serbien!<\/strong><\/p>\n<hr \/>\n<p>Im Mittelpunkt unserer Solidarit\u00e4tsreise steht die Konferenz:<\/p>\n<p><strong>Von der Aggression zu einer neuen gerechten Ordnung<\/strong><\/p>\n<p>Sie findet vom Freitag, 22. M\u00e4rz bis Sonntag, 24. M\u00e4rz 2024 im Haus der Serbischen Armee, Bra\u0107e Jugovi\u0107a 19 in Belgrad statt.<\/p>\n<p>Die Konferenz wird vom <em>Belgrad Forum f\u00fcr eine gerechte Welt<\/em> veranstaltet und u.a. von der <em>Weltunion der Freidenker<\/em> unterst\u00fctzt.<\/p>\n<p>Am Sonntag schlie\u00dfen sich Kranzniederlegungen f\u00fcr die ermordeten Kinder sowie am Monument Ewige Flamme an.<\/p>\n<p>Weitere Programmpunkte sind eine Stadtf\u00fchrung in Belgrad, Treffen mit serbischen und internationalen Freunden sowie eine Zusammenkunft von Vertretern der Weltunion der Freidenker.<\/p>\n<hr \/>\n<p><strong>Organisatorische Hinweise:<\/strong><\/p>\n<ul>\n<li>Anreise eigenst\u00e4ndig<\/li>\n<li>Hotel \/ Appartement bitte bei den einschl\u00e4gigen Portalen selbst buchen<\/li>\n<li>der Reisezeitraum ist optional \u2013 man kann individuell auch k\u00fcrzer oder l\u00e4nger bleiben<\/li>\n<\/ul>\n<p>Informationen und Anmeldung bei: Cathrin Sch\u00fctz (LV Hessen), <a href=\"mailto:c.schuetz@freidenker.org\">c.schuetz@freidenker.org<\/a><\/p>\n<hr \/>\n<p>Die Freidenker organisieren die Reise in Zusammenarbeit mit dem \u201eInternationalen Komitee Slobodan Milo\u0161evi\u0107\u201c, dem \u201eBelgrad Forum f\u00fcr eine Welt der Gleichen\u201c und der \u201ePokret za Srbija \u2013 Bewegung f\u00fcr Serbien\u201c.<\/p>\n<p><img data-recalc-dims=\"1\" loading=\"lazy\" decoding=\"async\" data-attachment-id=\"5788\" data-permalink=\"https:\/\/www.freidenker.org\/?attachment_id=5788\" data-orig-file=\"https:\/\/i0.wp.com\/www.freidenker.org\/fw17\/wp-content\/uploads\/2019\/01\/belgrad_logos.jpg?fit=601%2C84&amp;ssl=1\" data-orig-size=\"601,84\" data-comments-opened=\"0\" data-image-meta=\"{&quot;aperture&quot;:&quot;0&quot;,&quot;credit&quot;:&quot;&quot;,&quot;camera&quot;:&quot;&quot;,&quot;caption&quot;:&quot;&quot;,&quot;created_timestamp&quot;:&quot;0&quot;,&quot;copyright&quot;:&quot;&quot;,&quot;focal_length&quot;:&quot;0&quot;,&quot;iso&quot;:&quot;0&quot;,&quot;shutter_speed&quot;:&quot;0&quot;,&quot;title&quot;:&quot;&quot;,&quot;orientation&quot;:&quot;0&quot;}\" data-image-title=\"belgrad_logos\" data-image-description=\"\" data-image-caption=\"\" data-large-file=\"https:\/\/i0.wp.com\/www.freidenker.org\/fw17\/wp-content\/uploads\/2019\/01\/belgrad_logos.jpg?fit=601%2C84&amp;ssl=1\" class=\"alignnone wp-image-5788 size-full\" src=\"https:\/\/i0.wp.com\/www.freidenker.org\/fw17\/wp-content\/uploads\/2019\/01\/belgrad_logos.jpg?resize=601%2C84&#038;ssl=1\" alt=\"\" width=\"601\" height=\"84\" srcset=\"https:\/\/i0.wp.com\/www.freidenker.org\/fw17\/wp-content\/uploads\/2019\/01\/belgrad_logos.jpg?w=601&amp;ssl=1 601w, https:\/\/i0.wp.com\/www.freidenker.org\/fw17\/wp-content\/uploads\/2019\/01\/belgrad_logos.jpg?resize=300%2C42&amp;ssl=1 300w\" sizes=\"auto, (max-width: 601px) 100vw, 601px\" \/><\/p>\n<hr \/>\n<p><strong>Download<\/strong><\/p>\n<p><img data-recalc-dims=\"1\" loading=\"lazy\" decoding=\"async\" data-attachment-id=\"1076\" data-permalink=\"https:\/\/www.freidenker.org\/?attachment_id=1076\" data-orig-file=\"https:\/\/i0.wp.com\/www.freidenker.org\/fw17\/wp-content\/uploads\/2017\/10\/pdf_icon-2.png?fit=32%2C32&amp;ssl=1\" data-orig-size=\"32,32\" data-comments-opened=\"0\" data-image-meta=\"{&quot;aperture&quot;:&quot;0&quot;,&quot;credit&quot;:&quot;&quot;,&quot;camera&quot;:&quot;&quot;,&quot;caption&quot;:&quot;&quot;,&quot;created_timestamp&quot;:&quot;0&quot;,&quot;copyright&quot;:&quot;&quot;,&quot;focal_length&quot;:&quot;0&quot;,&quot;iso&quot;:&quot;0&quot;,&quot;shutter_speed&quot;:&quot;0&quot;,&quot;title&quot;:&quot;&quot;,&quot;orientation&quot;:&quot;0&quot;}\" data-image-title=\"pdf_icon\" data-image-description=\"\" data-image-caption=\"\" data-large-file=\"https:\/\/i0.wp.com\/www.freidenker.org\/fw17\/wp-content\/uploads\/2017\/10\/pdf_icon-2.png?fit=32%2C32&amp;ssl=1\" class=\"alignnone size-full wp-image-1076\" src=\"https:\/\/i0.wp.com\/www.freidenker.org\/fw17\/wp-content\/uploads\/2017\/10\/pdf_icon-2.png?resize=32%2C32&#038;ssl=1\" alt=\"\" width=\"32\" height=\"32\" \/> <a href=\"https:\/\/www.freidenker.org\/fw17\/wp-content\/uploads\/2024\/03\/2403-YU.pdf\" target=\"_blank\" rel=\"noopener\">Infoblatt<\/a> (PDF-Datei, ca. 158 KB)<\/p>\n<hr \/>\n<p><span style=\"font-size: 10pt;\">Bild oben: Grabst\u00e4tte von Slobodan Milo\u0161evi\u0107 (2019)<\/span><br \/>\n<span style=\"font-size: 10pt;\">\u00a9 arbeiterfotografie.com<\/span><br \/>\n<span style=\"font-size: 10pt;\">Quelle: <a href=\"http:\/\/www.nrhz.de\/flyer\/beitrag.php?id=25766\" target=\"_blank\" rel=\"noopener\">http:\/\/www.nrhz.de\/flyer\/beitrag.php?id=25766<\/a><\/span><\/p>\n","protected":false},"excerpt":{"rendered":"<p><b>Solidarit\u00e4tsreise nach Belgrad 21. &#8211; 27 M\u00e4rz 2024<\/b><br \/>\nDer \u00dcberfall der NATO am 24. M\u00e4rz 1999 und der 78 Tage lange Bombenterror gegen Jugoslawien war nicht nur \u2013 wie wir damals sagten &#8211; der \u201eT\u00fcr\u00f6ffnerkrieg\u201c f\u00fcr die kommenden v\u00f6lkerrechtswidrigen Kriege des Aggressionsb\u00fcndnisses. Diese Kriege folgten einer langfristigen Strategie der Umzingelung und Schw\u00e4chung der Russischen F\u00f6deration. Sie gipfelten bisher im gewaltsamen Staatstreich in Kiew 2014 und dem seither eskalierten NATO-Krieg gegen Russland.<br \/>\nWir trauern um die Opfer und ehren den Widerstand gegen die Aggression. Wir bekr\u00e4ftigen unsere Solidarit\u00e4t mit Serbien!<br \/>\nIm Mittelpunkt unserer Solidarit\u00e4tsreise steht die <b>Konferenz: &#8222;Von der Aggression zu einer neuen gerechten Ordnung&#8220;<\/b> vom Freitag, 22. M\u00e4rz bis Sonntag, 24. M\u00e4rz 2024 im Haus der Serbischen Armee, Belgrad.<\/p>\n","protected":false},"author":3,"featured_media":18500,"comment_status":"closed","ping_status":"closed","sticky":false,"template":"","format":"standard","meta":{"colormag_page_container_layout":"default_layout","colormag_page_sidebar_layout":"default_layout","advanced_seo_description":"","jetpack_seo_html_title":"","jetpack_seo_noindex":false,"jetpack_post_was_ever_published":false,"footnotes":""},"categories":[13,20],"tags":[270,357,269,1099,48,344,726],"class_list":["post-18498","post","type-post","status-publish","format-standard","has-post-thumbnail","hentry","category-frieden-antifaschismus-solidaritaet","category-zentrale-veranstaltungen","tag-belgrad","tag-konferenz","tag-nato-ueberfall-auf-jugoslawien","tag-reise","tag-slobodan-milosevic","tag-solidaritaet","tag-weltunion-der-freidenker"],"jetpack_featured_media_url":"https:\/\/i0.wp.com\/www.freidenker.org\/fw17\/wp-content\/uploads\/2024\/03\/belgrad_34-2019-03-25-1-0881_800x450.jpg?fit=800%2C450&ssl=1","jetpack_shortlink":"https:\/\/wp.me\/p9stpK-4Om","jetpack-related-posts":[{"id":5785,"url":"https:\/\/www.freidenker.org\/?p=5785","url_meta":{"origin":18498,"position":0},"title":"Solidarit\u00e4tsreise nach Belgrad  21. \u2013 27. M\u00e4rz 2019","author":"Webredaktion","date":"16. Januar 2019","format":false,"excerpt":"Am 24. M\u00e4rz j\u00e4hrt sich zum 20. Mal der Tag, an dem die NATO Jugoslawien angriff, ohne Kriegserkl\u00e4rung, ohne UN-Mandat, au\u00dferhalb ihres B\u00fcndnisgebiets. ... Tausende Todesopfer und Verletzte waren die Folge dieser \u201ehumanit\u00e4ren Intervention\u201c, bei der auch v\u00f6lkerrechtlich ge\u00e4chtete Waffen eingesetzt und Uranmunition verschossen wurden. Br\u00fccken, Kliniken und sonstige zivile\u2026","rel":"","context":"In &quot;Frieden - Antifaschismus - Solidarit\u00e4t&quot;","block_context":{"text":"Frieden - Antifaschismus - Solidarit\u00e4t","link":"https:\/\/www.freidenker.org\/?cat=13"},"img":{"alt_text":"","src":"https:\/\/i0.wp.com\/www.freidenker.org\/fw17\/wp-content\/uploads\/2019\/01\/Kriegsruine_Belgrad_800x445.jpg?fit=800%2C445&ssl=1&resize=350%2C200","width":350,"height":200,"srcset":"https:\/\/i0.wp.com\/www.freidenker.org\/fw17\/wp-content\/uploads\/2019\/01\/Kriegsruine_Belgrad_800x445.jpg?fit=800%2C445&ssl=1&resize=350%2C200 1x, https:\/\/i0.wp.com\/www.freidenker.org\/fw17\/wp-content\/uploads\/2019\/01\/Kriegsruine_Belgrad_800x445.jpg?fit=800%2C445&ssl=1&resize=525%2C300 1.5x, https:\/\/i0.wp.com\/www.freidenker.org\/fw17\/wp-content\/uploads\/2019\/01\/Kriegsruine_Belgrad_800x445.jpg?fit=800%2C445&ssl=1&resize=700%2C400 2x"},"classes":[]},{"id":5808,"url":"https:\/\/www.freidenker.org\/?p=5808","url_meta":{"origin":18498,"position":1},"title":"Diskussion: 20 Jahre nach dem NATO-\u00dcberfall auf Jugoslawien","author":"Webredaktion","date":"30. Januar 2019","format":false,"excerpt":"Am 16.01.2019 folgten mehr als 65 Interessierte der Einladung der Berliner Freidenker zur Diskussion mit Klaus Hartmann zum Thema \"20 Jahre nach dem NATO-\u00dcberfall auf Jugoslawien \u2013 Die neokoloniale Neuaufteilung der Welt und der Kampf f\u00fcr die multipolare Weltordnung\". Klaus Hartmann wies auf die fr\u00fche Einsch\u00e4tzung der Freidenker in den\u2026","rel":"","context":"In &quot;Frieden - Antifaschismus - Solidarit\u00e4t&quot;","block_context":{"text":"Frieden - Antifaschismus - Solidarit\u00e4t","link":"https:\/\/www.freidenker.org\/?cat=13"},"img":{"alt_text":"","src":"https:\/\/i0.wp.com\/www.freidenker.org\/fw17\/wp-content\/uploads\/2019\/01\/190116_Podium_ND_02.jpg?fit=800%2C445&ssl=1&resize=350%2C200","width":350,"height":200,"srcset":"https:\/\/i0.wp.com\/www.freidenker.org\/fw17\/wp-content\/uploads\/2019\/01\/190116_Podium_ND_02.jpg?fit=800%2C445&ssl=1&resize=350%2C200 1x, https:\/\/i0.wp.com\/www.freidenker.org\/fw17\/wp-content\/uploads\/2019\/01\/190116_Podium_ND_02.jpg?fit=800%2C445&ssl=1&resize=525%2C300 1.5x, https:\/\/i0.wp.com\/www.freidenker.org\/fw17\/wp-content\/uploads\/2019\/01\/190116_Podium_ND_02.jpg?fit=800%2C445&ssl=1&resize=700%2C400 2x"},"classes":[]},{"id":5761,"url":"https:\/\/www.freidenker.org\/?p=5761","url_meta":{"origin":18498,"position":2},"title":"Vortrag am 16.01.2019: 20 Jahre nach dem NATO-\u00dcberfall auf Jugoslawien","author":"Webredaktion","date":"14. Januar 2019","format":false,"excerpt":"Einladung zu einem Vortrag von Klaus Hartmann (Bundesvorsitzender des Deutschen Freidenker-Verbandes) 20 Jahre nach dem NATO-\u00dcberfall auf Jugoslawien \u2013 Die neokoloniale Neuaufteilung der Welt und der Kampf f\u00fcr die multipolare Weltordnung Mittwoch, 16. Januar 2019, 18.00 Uhr, ND-Geb\u00e4ude, Franz-Mehring-Platz 1, 10243 Berlin","rel":"","context":"In &quot;Frieden - Antifaschismus - Solidarit\u00e4t&quot;","block_context":{"text":"Frieden - Antifaschismus - Solidarit\u00e4t","link":"https:\/\/www.freidenker.org\/?cat=13"},"img":{"alt_text":"","src":"https:\/\/i0.wp.com\/www.freidenker.org\/fw17\/wp-content\/uploads\/2019\/01\/Hartmann_Belgrad_800x445.jpg?fit=800%2C445&ssl=1&resize=350%2C200","width":350,"height":200,"srcset":"https:\/\/i0.wp.com\/www.freidenker.org\/fw17\/wp-content\/uploads\/2019\/01\/Hartmann_Belgrad_800x445.jpg?fit=800%2C445&ssl=1&resize=350%2C200 1x, https:\/\/i0.wp.com\/www.freidenker.org\/fw17\/wp-content\/uploads\/2019\/01\/Hartmann_Belgrad_800x445.jpg?fit=800%2C445&ssl=1&resize=525%2C300 1.5x, https:\/\/i0.wp.com\/www.freidenker.org\/fw17\/wp-content\/uploads\/2019\/01\/Hartmann_Belgrad_800x445.jpg?fit=800%2C445&ssl=1&resize=700%2C400 2x"},"classes":[]},{"id":6028,"url":"https:\/\/www.freidenker.org\/?p=6028","url_meta":{"origin":18498,"position":3},"title":"FREIDENKER 1-19  \u2013 20 Jahre NATO-Aggression gegen Jugoslawien","author":"Webredaktion","date":"17. M\u00e4rz 2019","format":false,"excerpt":"Die Ausgabe 1-19 des Verbandsorgans FREIDENKER hat das Schwerpunkt-Thema \u201e20 Jahre NATO-Aggression gegen Jugoslawien\u201c und enth\u00e4lt u.a. folgende Beitr\u00e4ge: - Rainer Rupp: NATO-Angriffskrieg: Fake News, False Flag - Peter Betscher: Erosion des V\u00f6lkerrechts - Diana Johnstone: \u201eEthnische S\u00e4uberungen\u201d - Klaus Hartmann: Der \u201eT\u00fcr\u00f6ffner\u201c-Krieg - Witold Fischer: Zwei offene Fragen zum\u2026","rel":"","context":"In &quot;Frieden - Antifaschismus - Solidarit\u00e4t&quot;","block_context":{"text":"Frieden - Antifaschismus - Solidarit\u00e4t","link":"https:\/\/www.freidenker.org\/?cat=13"},"img":{"alt_text":"","src":"https:\/\/i0.wp.com\/www.freidenker.org\/fw17\/wp-content\/uploads\/2019\/03\/FD_2019-01_Titel_mR.jpg?fit=800%2C445&ssl=1&resize=350%2C200","width":350,"height":200,"srcset":"https:\/\/i0.wp.com\/www.freidenker.org\/fw17\/wp-content\/uploads\/2019\/03\/FD_2019-01_Titel_mR.jpg?fit=800%2C445&ssl=1&resize=350%2C200 1x, https:\/\/i0.wp.com\/www.freidenker.org\/fw17\/wp-content\/uploads\/2019\/03\/FD_2019-01_Titel_mR.jpg?fit=800%2C445&ssl=1&resize=525%2C300 1.5x, https:\/\/i0.wp.com\/www.freidenker.org\/fw17\/wp-content\/uploads\/2019\/03\/FD_2019-01_Titel_mR.jpg?fit=800%2C445&ssl=1&resize=700%2C400 2x"},"classes":[]},{"id":18765,"url":"https:\/\/www.freidenker.org\/?p=18765","url_meta":{"origin":18498,"position":4},"title":"Von der Aggression gegen Jugoslawien zum NATO-Krieg gegen Russland","author":"Webredaktion","date":"14. April 2024","format":false,"excerpt":"Rede von Klaus Hartmann, gehalten am 22. M\u00e4rz 2024 auf der Konferenz \"Von der Aggression zu einer neuen gerechten Ordnung\" in Belgrad Im Jahr 2022 hat die deutsche Bundesregierung eine \u201eZeitenwende\u201c, eine \u201eneue \u00c4ra\u201c proklamiert \u2013 um damit die Russische F\u00f6deration anzuklagen, unter Bruch des V\u00f6lkerrechts einen Angriffskrieg begonnen zu\u2026","rel":"","context":"In &quot;Demokratie \u2013 Medien \u2013 Aufkl\u00e4rung&quot;","block_context":{"text":"Demokratie \u2013 Medien \u2013 Aufkl\u00e4rung","link":"https:\/\/www.freidenker.org\/?cat=12"},"img":{"alt_text":"","src":"https:\/\/i0.wp.com\/www.freidenker.org\/fw17\/wp-content\/uploads\/2024\/04\/beoforum_2024_Hartmann_800x450.jpg?fit=800%2C450&ssl=1&resize=350%2C200","width":350,"height":200,"srcset":"https:\/\/i0.wp.com\/www.freidenker.org\/fw17\/wp-content\/uploads\/2024\/04\/beoforum_2024_Hartmann_800x450.jpg?fit=800%2C450&ssl=1&resize=350%2C200 1x, https:\/\/i0.wp.com\/www.freidenker.org\/fw17\/wp-content\/uploads\/2024\/04\/beoforum_2024_Hartmann_800x450.jpg?fit=800%2C450&ssl=1&resize=525%2C300 1.5x, https:\/\/i0.wp.com\/www.freidenker.org\/fw17\/wp-content\/uploads\/2024\/04\/beoforum_2024_Hartmann_800x450.jpg?fit=800%2C450&ssl=1&resize=700%2C400 2x"},"classes":[]},{"id":6092,"url":"https:\/\/www.freidenker.org\/?p=6092","url_meta":{"origin":18498,"position":5},"title":"Konferenz in Belgrad l\u00e4sst NATO-Werbung abblitzen (Teil I)","author":"Webredaktion","date":"31. M\u00e4rz 2019","format":false,"excerpt":"Beitrag von Rainer Rupp NATO und EU umgarnen weiterhin die serbische F\u00fchrung, um das Land in die beiden Frontorganisationen der westlichen Unwertegemeinschaft zu locken. Klarheit dar\u00fcber schaffte in Belgrad eine hochkar\u00e4tige internationale Konferenz zum 20sten Jahrestages des NATO-\u00dcberfalls. Als die j\u00fcngste Aussage von Kanzlerin Merkels Au\u00dfenminister Heiko Maas zum NATO-\u00dcberfall\u2026","rel":"","context":"In &quot;Frieden - Antifaschismus - Solidarit\u00e4t&quot;","block_context":{"text":"Frieden - Antifaschismus - Solidarit\u00e4t","link":"https:\/\/www.freidenker.org\/?cat=13"},"img":{"alt_text":"","src":"https:\/\/i0.wp.com\/www.freidenker.org\/fw17\/wp-content\/uploads\/2019\/03\/Zivadin_Jovanovic_v2_800x445.jpg?fit=800%2C445&ssl=1&resize=350%2C200","width":350,"height":200,"srcset":"https:\/\/i0.wp.com\/www.freidenker.org\/fw17\/wp-content\/uploads\/2019\/03\/Zivadin_Jovanovic_v2_800x445.jpg?fit=800%2C445&ssl=1&resize=350%2C200 1x, https:\/\/i0.wp.com\/www.freidenker.org\/fw17\/wp-content\/uploads\/2019\/03\/Zivadin_Jovanovic_v2_800x445.jpg?fit=800%2C445&ssl=1&resize=525%2C300 1.5x, https:\/\/i0.wp.com\/www.freidenker.org\/fw17\/wp-content\/uploads\/2019\/03\/Zivadin_Jovanovic_v2_800x445.jpg?fit=800%2C445&ssl=1&resize=700%2C400 2x"},"classes":[]}],"_links":{"self":[{"href":"https:\/\/www.freidenker.org\/index.php?rest_route=\/wp\/v2\/posts\/18498","targetHints":{"allow":["GET"]}}],"collection":[{"href":"https:\/\/www.freidenker.org\/index.php?rest_route=\/wp\/v2\/posts"}],"about":[{"href":"https:\/\/www.freidenker.org\/index.php?rest_route=\/wp\/v2\/types\/post"}],"author":[{"embeddable":true,"href":"https:\/\/www.freidenker.org\/index.php?rest_route=\/wp\/v2\/users\/3"}],"replies":[{"embeddable":true,"href":"https:\/\/www.freidenker.org\/index.php?rest_route=%2Fwp%2Fv2%2Fcomments&post=18498"}],"version-history":[{"count":0,"href":"https:\/\/www.freidenker.org\/index.php?rest_route=\/wp\/v2\/posts\/18498\/revisions"}],"wp:featuredmedia":[{"embeddable":true,"href":"https:\/\/www.freidenker.org\/index.php?rest_route=\/wp\/v2\/media\/18500"}],"wp:attachment":[{"href":"https:\/\/www.freidenker.org\/index.php?rest_route=%2Fwp%2Fv2%2Fmedia&parent=18498"}],"wp:term":[{"taxonomy":"category","embeddable":true,"href":"https:\/\/www.freidenker.org\/index.php?rest_route=%2Fwp%2Fv2%2Fcategories&post=18498"},{"taxonomy":"post_tag","embeddable":true,"href":"https:\/\/www.freidenker.org\/index.php?rest_route=%2Fwp%2Fv2%2Ftags&post=18498"}],"curies":[{"name":"wp","href":"https:\/\/api.w.org\/{rel}","templated":true}]}}