{"id":18474,"date":"2024-03-05T23:41:37","date_gmt":"2024-03-05T22:41:37","guid":{"rendered":"https:\/\/www.freidenker.org\/?p=18474"},"modified":"2024-03-20T22:37:30","modified_gmt":"2024-03-20T21:37:30","slug":"diether-dehm-vortrag-und-diskussion-soziale-bewegungen-lieder-und-texte-kultur-im-widerstand","status":"publish","type":"post","link":"https:\/\/www.freidenker.org\/?p=18474","title":{"rendered":"Diether Dehm: Vortrag und Diskussion &#8222;Soziale Bewegungen&#8220; \/ Lieder und Texte &#8222;Kultur im Widerstand&#8220;"},"content":{"rendered":"<p><strong>Einladung<\/strong><\/p>\n<h4>Diskussion: Soziale Bewegungen \u2013 Zersetzung, Spaltung, Desorientierung und Auswege<\/h4>\n<p><em>Einleitungsreferat: <strong>Dr. Diether Dehm<\/strong><\/em><\/p>\n<p>Demonstrationen gegen das Heizungsgesetz und Proteste der Bauern sollen \u201erechts\u201c sein, Solidarit\u00e4t mit Pal\u00e4stina sei antisemitisch, aber Demonstrationen \u201egegen rechts\u201c werden von der Rechtsregierung und ihren Medien gelobt.<br \/>\nImmer neue Etiketten zur Diskreditierung widerst\u00e4ndiger Menschen werden in Umlauf gebracht: rechtsoffen, Verschw\u00f6rungstheoretiker, Schwurbler, Querfront, Corona-Leugner, Putinfreund, Klimaleugner<br \/>\nWie gehen wir mit Spaltungsstrategien um? Nachdem die Herrschenden sich die \u201elinks-rechts\u201c- Unterscheidung angeeignet haben \u2013 welche sinnvollen Kriterien entwickeln wir f\u00fcr die b\u00fcndnispolitische Zusammenarbeit?<\/p>\n<p><strong>Wann<\/strong>: Sonnabend, 16. M\u00e4rz 2024, 10:00 Uhr<br \/>\n<strong>Wo<\/strong>: Jugendherberge Leiterstra\u00dfe 10, 39104 Magdeburg<\/p>\n<hr \/>\n<h4>Kultur im Widerstand &#8211; Lieder und Texte<\/h4>\n<p><img data-recalc-dims=\"1\" loading=\"lazy\" decoding=\"async\" data-attachment-id=\"18476\" data-permalink=\"https:\/\/www.freidenker.org\/?attachment_id=18476\" data-orig-file=\"https:\/\/i0.wp.com\/www.freidenker.org\/fw17\/wp-content\/uploads\/2024\/03\/Dehm_md.jpg?fit=448%2C283&amp;ssl=1\" data-orig-size=\"448,283\" data-comments-opened=\"0\" data-image-meta=\"{&quot;aperture&quot;:&quot;0&quot;,&quot;credit&quot;:&quot;&quot;,&quot;camera&quot;:&quot;&quot;,&quot;caption&quot;:&quot;&quot;,&quot;created_timestamp&quot;:&quot;0&quot;,&quot;copyright&quot;:&quot;&quot;,&quot;focal_length&quot;:&quot;0&quot;,&quot;iso&quot;:&quot;0&quot;,&quot;shutter_speed&quot;:&quot;0&quot;,&quot;title&quot;:&quot;&quot;,&quot;orientation&quot;:&quot;0&quot;}\" data-image-title=\"Dehm_md\" data-image-description=\"\" data-image-caption=\"\" data-large-file=\"https:\/\/i0.wp.com\/www.freidenker.org\/fw17\/wp-content\/uploads\/2024\/03\/Dehm_md.jpg?fit=448%2C283&amp;ssl=1\" class=\"alignnone wp-image-18476 size-medium\" src=\"https:\/\/i0.wp.com\/www.freidenker.org\/fw17\/wp-content\/uploads\/2024\/03\/Dehm_md.jpg?resize=300%2C190&#038;ssl=1\" alt=\"\" width=\"300\" height=\"190\" srcset=\"https:\/\/i0.wp.com\/www.freidenker.org\/fw17\/wp-content\/uploads\/2024\/03\/Dehm_md.jpg?resize=300%2C190&amp;ssl=1 300w, https:\/\/i0.wp.com\/www.freidenker.org\/fw17\/wp-content\/uploads\/2024\/03\/Dehm_md.jpg?w=448&amp;ssl=1 448w\" sizes=\"auto, (max-width: 300px) 100vw, 300px\" \/> <img data-recalc-dims=\"1\" loading=\"lazy\" decoding=\"async\" data-attachment-id=\"18477\" data-permalink=\"https:\/\/www.freidenker.org\/?attachment_id=18477\" data-orig-file=\"https:\/\/i0.wp.com\/www.freidenker.org\/fw17\/wp-content\/uploads\/2024\/03\/Letz_md.jpg?fit=134%2C118&amp;ssl=1\" data-orig-size=\"134,118\" data-comments-opened=\"0\" data-image-meta=\"{&quot;aperture&quot;:&quot;0&quot;,&quot;credit&quot;:&quot;&quot;,&quot;camera&quot;:&quot;&quot;,&quot;caption&quot;:&quot;&quot;,&quot;created_timestamp&quot;:&quot;0&quot;,&quot;copyright&quot;:&quot;&quot;,&quot;focal_length&quot;:&quot;0&quot;,&quot;iso&quot;:&quot;0&quot;,&quot;shutter_speed&quot;:&quot;0&quot;,&quot;title&quot;:&quot;&quot;,&quot;orientation&quot;:&quot;0&quot;}\" data-image-title=\"Letz_md\" data-image-description=\"\" data-image-caption=\"\" data-large-file=\"https:\/\/i0.wp.com\/www.freidenker.org\/fw17\/wp-content\/uploads\/2024\/03\/Letz_md.jpg?fit=134%2C118&amp;ssl=1\" class=\"alignnone wp-image-18477\" src=\"https:\/\/i0.wp.com\/www.freidenker.org\/fw17\/wp-content\/uploads\/2024\/03\/Letz_md.jpg?resize=216%2C190&#038;ssl=1\" alt=\"\" width=\"216\" height=\"190\" \/><\/p>\n<p><em>Ges\u00e4nge von <strong>Diether Dehm<\/strong> mit <strong>Michael Letz<\/strong> am Piano<\/em><\/p>\n<p><strong>Wann<\/strong>: Sonnabend, 16. M\u00e4rz 2024, 18:00 Uhr<br \/>\n<strong>Wo<\/strong>: Jugendherberge Leiterstra\u00dfe 10, 39104 Magdeburg<\/p>\n<hr \/>\n<p><strong>Download<\/strong><\/p>\n<p><img data-recalc-dims=\"1\" loading=\"lazy\" decoding=\"async\" data-attachment-id=\"1076\" data-permalink=\"https:\/\/www.freidenker.org\/?attachment_id=1076\" data-orig-file=\"https:\/\/i0.wp.com\/www.freidenker.org\/fw17\/wp-content\/uploads\/2017\/10\/pdf_icon-2.png?fit=32%2C32&amp;ssl=1\" data-orig-size=\"32,32\" data-comments-opened=\"0\" data-image-meta=\"{&quot;aperture&quot;:&quot;0&quot;,&quot;credit&quot;:&quot;&quot;,&quot;camera&quot;:&quot;&quot;,&quot;caption&quot;:&quot;&quot;,&quot;created_timestamp&quot;:&quot;0&quot;,&quot;copyright&quot;:&quot;&quot;,&quot;focal_length&quot;:&quot;0&quot;,&quot;iso&quot;:&quot;0&quot;,&quot;shutter_speed&quot;:&quot;0&quot;,&quot;title&quot;:&quot;&quot;,&quot;orientation&quot;:&quot;0&quot;}\" data-image-title=\"pdf_icon\" data-image-description=\"\" data-image-caption=\"\" data-large-file=\"https:\/\/i0.wp.com\/www.freidenker.org\/fw17\/wp-content\/uploads\/2017\/10\/pdf_icon-2.png?fit=32%2C32&amp;ssl=1\" class=\"alignnone size-full wp-image-1076\" src=\"https:\/\/i0.wp.com\/www.freidenker.org\/fw17\/wp-content\/uploads\/2017\/10\/pdf_icon-2.png?resize=32%2C32&#038;ssl=1\" alt=\"\" width=\"32\" height=\"32\" \/>\u00a0<a href=\"https:\/\/www.freidenker.org\/fw17\/wp-content\/uploads\/2024\/03\/VV-240316-Veranstaltung.pdf\" target=\"_blank\" rel=\"noopener\">Flyer zur Veranstaltung<\/a> (PDF-Dokument, ca. 241 KB)<\/p>\n<hr \/>\n<p><span style=\"font-size: 10pt;\">Bild oben: Dr. Diether Dehm<\/span><br \/>\n<span style=\"font-size: 10pt;\">Foto: \u00dcbernommen von <a href=\"https:\/\/www.diether-dehm.de\/home\/lebenslauf\" target=\"_blank\" rel=\"noopener\">diether-dehm.de<\/a><\/span><\/p>\n","protected":false},"excerpt":{"rendered":"<p><b>Zwei Veranstaltungen am 16.03.2024 in Magdeburg<\/b><br \/>\n10:00 Uhr: Referat und Diskussion: Soziale Bewegungen \u2013 Zersetzung, Spaltung, Desorientierung und Auswege \/ <b>Einleitungsreferat: Dr. Diether Dehm<\/b><br \/>\n18:00 Uhr: Kultur im Widerstand &#8211; Lieder und Texte \/ <b>Ges\u00e4nge von Diether Dehm mit Michael Letz am Piano<\/b><br \/>\nDemonstrationen gegen das Heizungsgesetz und Proteste der Bauern sollen \u201erechts\u201c sein, Solidarit\u00e4t mit Pal\u00e4stina sei antisemitisch, aber Demonstrationen \u201egegen rechts\u201c werden von der Rechtsregierung und ihren Medien gelobt. Immer neue Etiketten zur Diskreditierung widerst\u00e4ndiger Menschen werden in Umlauf gebracht: rechtsoffen, Verschw\u00f6rungstheoretiker, Schwurbler, Querfront, Corona-Leugner, Putinfreund, Klimaleugner. Wie gehen wir mit Spaltungsstrategien um? <\/p>\n","protected":false},"author":3,"featured_media":18478,"comment_status":"closed","ping_status":"closed","sticky":false,"template":"","format":"standard","meta":{"colormag_page_container_layout":"default_layout","colormag_page_sidebar_layout":"default_layout","advanced_seo_description":"","jetpack_seo_html_title":"","jetpack_seo_noindex":false,"jetpack_post_was_ever_published":false,"footnotes":""},"categories":[12,913,20],"tags":[512,2126,975,1754,394,342,1227,344,1852,641],"class_list":["post-18474","post","type-post","status-publish","format-standard","has-post-thumbnail","hentry","category-demokratie-medien-aufklaerung","category-kultur-kunst","category-zentrale-veranstaltungen","tag-antisemitismus","tag-bauernprotest","tag-buendnispolitik","tag-corona-leugner","tag-palaestina","tag-querfront","tag-rechtsextremismus","tag-solidaritaet","tag-spaltung","tag-verschwoerungstheorie"],"jetpack_featured_media_url":"https:\/\/i0.wp.com\/www.freidenker.org\/fw17\/wp-content\/uploads\/2024\/03\/diether-dehm_800x450.jpg?fit=800%2C450&ssl=1","jetpack_shortlink":"https:\/\/wp.me\/p9stpK-4NY","jetpack-related-posts":[{"id":19405,"url":"https:\/\/www.freidenker.org\/?p=19405","url_meta":{"origin":18474,"position":0},"title":"FREIDENKER 2-24 \u2013 Protestbewegungen: Strategien der Zersetzung und Spaltung","author":"Webredaktion","date":"1. Juli 2024","format":false,"excerpt":"Die Ausgabe 2-24 des Verbandsorgans FREIDENKER hat das Schwerpunkt-Thema \u201eProtestbewegungen: Strategien der Zersetzung und Spaltung und was dagegen zu tun ist\u201c und enth\u00e4lt u.a. folgende Beitr\u00e4ge: - Dagmar Henn: \u201eHassrede\u201c: Rigorose Sprechverbote bedrohen die Grundlagen der Zivilisation - Mona Aranea: Rechtsoffen? Impfgegner? Spaltung und Zersetzung in der Friedensbewegung - und\u2026","rel":"","context":"In &quot;Verbandsorgan FREIDENKER&quot;","block_context":{"text":"Verbandsorgan FREIDENKER","link":"https:\/\/www.freidenker.org\/?cat=8"},"img":{"alt_text":"","src":"https:\/\/i0.wp.com\/www.freidenker.org\/fw17\/wp-content\/uploads\/2024\/07\/FD_2024-02_Titel_mR.jpg?fit=800%2C445&ssl=1&resize=350%2C200","width":350,"height":200,"srcset":"https:\/\/i0.wp.com\/www.freidenker.org\/fw17\/wp-content\/uploads\/2024\/07\/FD_2024-02_Titel_mR.jpg?fit=800%2C445&ssl=1&resize=350%2C200 1x, https:\/\/i0.wp.com\/www.freidenker.org\/fw17\/wp-content\/uploads\/2024\/07\/FD_2024-02_Titel_mR.jpg?fit=800%2C445&ssl=1&resize=525%2C300 1.5x, https:\/\/i0.wp.com\/www.freidenker.org\/fw17\/wp-content\/uploads\/2024\/07\/FD_2024-02_Titel_mR.jpg?fit=800%2C445&ssl=1&resize=700%2C400 2x"},"classes":[]},{"id":18001,"url":"https:\/\/www.freidenker.org\/?p=18001","url_meta":{"origin":18474,"position":1},"title":"Video: Klaus Hartmann bei MOATS","author":"Webredaktion","date":"24. Januar 2024","format":false,"excerpt":"Video-Interview von Dr. Diether Dehm mit Klaus Hartmann In seiner Sendung \"MOATS (Mother of all Talkshows)\", der deutschen Variante des vom britischen linken ehemaligen Parlamentarier George Galloway entwickelten w\u00f6chentlichen Podcasts, pr\u00e4sentiert Diether Dehm G\u00e4ste, die zu aktuellen Fragen unangepasste Meinungen \u00e4u\u00dfern. Zum zweiten Mal sa\u00df Klaus Hartmann vor der Kamera\u2026","rel":"","context":"In &quot;Demokratie \u2013 Medien \u2013 Aufkl\u00e4rung&quot;","block_context":{"text":"Demokratie \u2013 Medien \u2013 Aufkl\u00e4rung","link":"https:\/\/www.freidenker.org\/?cat=12"},"img":{"alt_text":"","src":"https:\/\/i0.wp.com\/www.freidenker.org\/fw17\/wp-content\/uploads\/2024\/01\/dehm_hartmann_moats_2024-01_b2_800x450.jpg?fit=800%2C450&ssl=1&resize=350%2C200","width":350,"height":200,"srcset":"https:\/\/i0.wp.com\/www.freidenker.org\/fw17\/wp-content\/uploads\/2024\/01\/dehm_hartmann_moats_2024-01_b2_800x450.jpg?fit=800%2C450&ssl=1&resize=350%2C200 1x, https:\/\/i0.wp.com\/www.freidenker.org\/fw17\/wp-content\/uploads\/2024\/01\/dehm_hartmann_moats_2024-01_b2_800x450.jpg?fit=800%2C450&ssl=1&resize=525%2C300 1.5x, https:\/\/i0.wp.com\/www.freidenker.org\/fw17\/wp-content\/uploads\/2024\/01\/dehm_hartmann_moats_2024-01_b2_800x450.jpg?fit=800%2C450&ssl=1&resize=700%2C400 2x"},"classes":[]},{"id":12039,"url":"https:\/\/www.freidenker.org\/?p=12039","url_meta":{"origin":18474,"position":2},"title":"&#8222;Der Staat sorgt daf\u00fcr, dass BioNTech den Markt beh\u00e4lt&#8220;","author":"Webredaktion","date":"21. Januar 2022","format":false,"excerpt":"Video-Interview mit Diether Dehm Nach Ansicht von Dr. Diether Dehm wird die Kluft zwischen Arm und Reich in Deutschland durch die Politik, insbesondere durch die Corona-Ma\u00dfnahmen gef\u00f6rdert, und gleichzeitig werden gewinntr\u00e4chtige Unternehmen wie BioNTech staatlich gest\u00fctzt. Viele mittelst\u00e4ndische Unternehmen w\u00fcrden dagegen in den Konkurs getrieben, w\u00e4hrend ihre Kunden von gro\u00dfen\u2026","rel":"","context":"In &quot;Arbeit &amp; Soziales&quot;","block_context":{"text":"Arbeit &amp; Soziales","link":"https:\/\/www.freidenker.org\/?cat=11"},"img":{"alt_text":"","src":"https:\/\/i0.wp.com\/www.freidenker.org\/fw17\/wp-content\/uploads\/2022\/01\/Biontech_800x450.jpg?fit=800%2C450&ssl=1&resize=350%2C200","width":350,"height":200,"srcset":"https:\/\/i0.wp.com\/www.freidenker.org\/fw17\/wp-content\/uploads\/2022\/01\/Biontech_800x450.jpg?fit=800%2C450&ssl=1&resize=350%2C200 1x, https:\/\/i0.wp.com\/www.freidenker.org\/fw17\/wp-content\/uploads\/2022\/01\/Biontech_800x450.jpg?fit=800%2C450&ssl=1&resize=525%2C300 1.5x, https:\/\/i0.wp.com\/www.freidenker.org\/fw17\/wp-content\/uploads\/2022\/01\/Biontech_800x450.jpg?fit=800%2C450&ssl=1&resize=700%2C400 2x"},"classes":[]},{"id":17467,"url":"https:\/\/www.freidenker.org\/?p=17467","url_meta":{"origin":18474,"position":3},"title":"Einfach link","author":"Webredaktion","date":"6. November 2023","format":false,"excerpt":"Bei der \u201ejungen Welt\u201c bekommen verdiente Linke wegen angeblicher Querfrontaktivit\u00e4ten Schreibverbot. Beitrag von Diether Dehm Mein Schreibverbot hatte ich 2015 in der jungen Welt bekommen, als ich mich dort gegen zwei Anti-Sahra-Wagenknecht-Artikel von Nico Popp und Knut Mellenthin gewehrt hatte. Nun wird mir in der jW vom 18. Oktober 2023\u2026","rel":"","context":"In &quot;Zeit der Verleumder - Freidenker f\u00fcr Klartext&quot;","block_context":{"text":"Zeit der Verleumder - Freidenker f\u00fcr Klartext","link":"https:\/\/www.freidenker.org\/?cat=937"},"img":{"alt_text":"","src":"https:\/\/i0.wp.com\/www.freidenker.org\/fw17\/wp-content\/uploads\/2023\/11\/klartext_jw_news-1172463_800x450.jpg?fit=800%2C450&ssl=1&resize=350%2C200","width":350,"height":200,"srcset":"https:\/\/i0.wp.com\/www.freidenker.org\/fw17\/wp-content\/uploads\/2023\/11\/klartext_jw_news-1172463_800x450.jpg?fit=800%2C450&ssl=1&resize=350%2C200 1x, https:\/\/i0.wp.com\/www.freidenker.org\/fw17\/wp-content\/uploads\/2023\/11\/klartext_jw_news-1172463_800x450.jpg?fit=800%2C450&ssl=1&resize=525%2C300 1.5x, https:\/\/i0.wp.com\/www.freidenker.org\/fw17\/wp-content\/uploads\/2023\/11\/klartext_jw_news-1172463_800x450.jpg?fit=800%2C450&ssl=1&resize=700%2C400 2x"},"classes":[]},{"id":17537,"url":"https:\/\/www.freidenker.org\/?p=17537","url_meta":{"origin":18474,"position":4},"title":"Prof. Norman Paech: Nach dem V\u00f6lkerrecht betreibt Israel V\u00f6lkermord","author":"Webredaktion","date":"14. November 2023","format":false,"excerpt":"Video-Interview von Diether Dehm mit Prof. Dr. Norman Paech Der Hamburger Jurist und V\u00f6lkerrechtler Prof. Dr. Norman Paech gibt eine fachkundige Einsch\u00e4tzung zum Vorgehen Israels im Gaza-Streifen. Wie viele internationale Experten sieht auch er die Grenzen legitimer Selbstverteidigung oder auch nur v\u00f6lkerrechtskonformer Kriegsf\u00fchrung durch Israel weit \u00fcberschritten. Er verweist auf\u2026","rel":"","context":"In &quot;Demokratie \u2013 Medien \u2013 Aufkl\u00e4rung&quot;","block_context":{"text":"Demokratie \u2013 Medien \u2013 Aufkl\u00e4rung","link":"https:\/\/www.freidenker.org\/?cat=12"},"img":{"alt_text":"","src":"https:\/\/i0.wp.com\/www.freidenker.org\/fw17\/wp-content\/uploads\/2023\/11\/interview_dehm_paech_800x450.jpg?fit=800%2C450&ssl=1&resize=350%2C200","width":350,"height":200,"srcset":"https:\/\/i0.wp.com\/www.freidenker.org\/fw17\/wp-content\/uploads\/2023\/11\/interview_dehm_paech_800x450.jpg?fit=800%2C450&ssl=1&resize=350%2C200 1x, https:\/\/i0.wp.com\/www.freidenker.org\/fw17\/wp-content\/uploads\/2023\/11\/interview_dehm_paech_800x450.jpg?fit=800%2C450&ssl=1&resize=525%2C300 1.5x, https:\/\/i0.wp.com\/www.freidenker.org\/fw17\/wp-content\/uploads\/2023\/11\/interview_dehm_paech_800x450.jpg?fit=800%2C450&ssl=1&resize=700%2C400 2x"},"classes":[]},{"id":18813,"url":"https:\/\/www.freidenker.org\/?p=18813","url_meta":{"origin":18474,"position":5},"title":"Dieter Hallervorden: GAZA GAZA","author":"Webredaktion","date":"18. April 2024","format":false,"excerpt":"Dr. Diether Dehm, Mitglied des Deutschen Freidenkerverbandes und seines Beirats, hat mit und f\u00fcr Dieter Hallervorden ein Gedicht geschrieben: GAZA GAZA. Einleitend zu dem Video hei\u00dft es: Der wohl ber\u00fchmteste Darsteller und Theatermann Deutschlands, Dieter #Hallervorden , hat sich unerwartet deutlich, wenn auch in feinsinniger Lyrik, auf die Seite der\u2026","rel":"","context":"In &quot;Frieden - Antifaschismus - Solidarit\u00e4t&quot;","block_context":{"text":"Frieden - Antifaschismus - Solidarit\u00e4t","link":"https:\/\/www.freidenker.org\/?cat=13"},"img":{"alt_text":"","src":"https:\/\/i0.wp.com\/www.freidenker.org\/fw17\/wp-content\/uploads\/2024\/04\/Hallervorden_Gaza_Gaza_2_800x450.jpg?fit=800%2C450&ssl=1&resize=350%2C200","width":350,"height":200,"srcset":"https:\/\/i0.wp.com\/www.freidenker.org\/fw17\/wp-content\/uploads\/2024\/04\/Hallervorden_Gaza_Gaza_2_800x450.jpg?fit=800%2C450&ssl=1&resize=350%2C200 1x, https:\/\/i0.wp.com\/www.freidenker.org\/fw17\/wp-content\/uploads\/2024\/04\/Hallervorden_Gaza_Gaza_2_800x450.jpg?fit=800%2C450&ssl=1&resize=525%2C300 1.5x, https:\/\/i0.wp.com\/www.freidenker.org\/fw17\/wp-content\/uploads\/2024\/04\/Hallervorden_Gaza_Gaza_2_800x450.jpg?fit=800%2C450&ssl=1&resize=700%2C400 2x"},"classes":[]}],"_links":{"self":[{"href":"https:\/\/www.freidenker.org\/index.php?rest_route=\/wp\/v2\/posts\/18474","targetHints":{"allow":["GET"]}}],"collection":[{"href":"https:\/\/www.freidenker.org\/index.php?rest_route=\/wp\/v2\/posts"}],"about":[{"href":"https:\/\/www.freidenker.org\/index.php?rest_route=\/wp\/v2\/types\/post"}],"author":[{"embeddable":true,"href":"https:\/\/www.freidenker.org\/index.php?rest_route=\/wp\/v2\/users\/3"}],"replies":[{"embeddable":true,"href":"https:\/\/www.freidenker.org\/index.php?rest_route=%2Fwp%2Fv2%2Fcomments&post=18474"}],"version-history":[{"count":0,"href":"https:\/\/www.freidenker.org\/index.php?rest_route=\/wp\/v2\/posts\/18474\/revisions"}],"wp:featuredmedia":[{"embeddable":true,"href":"https:\/\/www.freidenker.org\/index.php?rest_route=\/wp\/v2\/media\/18478"}],"wp:attachment":[{"href":"https:\/\/www.freidenker.org\/index.php?rest_route=%2Fwp%2Fv2%2Fmedia&parent=18474"}],"wp:term":[{"taxonomy":"category","embeddable":true,"href":"https:\/\/www.freidenker.org\/index.php?rest_route=%2Fwp%2Fv2%2Fcategories&post=18474"},{"taxonomy":"post_tag","embeddable":true,"href":"https:\/\/www.freidenker.org\/index.php?rest_route=%2Fwp%2Fv2%2Ftags&post=18474"}],"curies":[{"name":"wp","href":"https:\/\/api.w.org\/{rel}","templated":true}]}}