{"id":18461,"date":"2024-03-03T21:03:23","date_gmt":"2024-03-03T20:03:23","guid":{"rendered":"https:\/\/www.freidenker.org\/?p=18461"},"modified":"2024-04-03T13:38:14","modified_gmt":"2024-04-03T11:38:14","slug":"wie-deutsche-medien-ueber-das-telefonat-der-luftwaffengeneraele-desinformieren","status":"publish","type":"post","link":"https:\/\/www.freidenker.org\/?p=18461","title":{"rendered":"Wie deutsche Medien \u00fcber das Telefonat der Luftwaffengener\u00e4le desinformieren"},"content":{"rendered":"<h4><a id=\"top\"><\/a>Echtheit de facto best\u00e4tigt<\/h4>\n<p><strong>Die deutschen Medien haben \u00fcber zw\u00f6lf Stunden gebraucht, bis sie \u00fcber das in Russland ver\u00f6ffentlichte Telefonat der deutschen Luftwaffengener\u00e4le berichtet haben. Die deutschen Leser erfahren allerdings nicht, worum es tats\u00e4chlich ging, weil die Medien vom eigentlichen Thema ablenken.<\/strong><\/p>\n<hr \/>\n<h5><strong>Links zu den Anh\u00e4ngen<\/strong><\/h5>\n<p><strong>Anhang 1:\u00a0<\/strong><a href=\"#anhang1\">Mitschnitt des Gespr\u00e4ches<\/a><\/p>\n<p><strong>Anhang 2:<\/strong> <a href=\"#anhang2\">Transkript des Gespr\u00e4ches<\/a><\/p>\n<hr \/>\n<p><em>Beitrag von <strong>Anti-Spiegel<\/strong> (d.i. <strong>Thomas R\u00f6per<\/strong>)<\/em><\/p>\n<p><span style=\"font-size: 10pt;\">Erstver\u00f6ffentlichung am 02.03.2024 auf <a href=\"https:\/\/www.anti-spiegel.ru\/2024\/wie-deutsche-medien-ueber-das-telefonat-der-luftwaffengeneraele-desinformieren\/\" target=\"_blank\" rel=\"noopener\">anti-spiegel.ru<\/a><\/span><\/p>\n<p>Vorweg sei gesagt, dass die deutschen Medien die Echtheit des abgeh\u00f6rten und in Russland ver\u00f6ffentlichten Telefonates, in dem deutsche Luftwaffengener\u00e4le offen dar\u00fcber sprechen, wie man die Krimbr\u00fccke am besten mit deutschen Taurus-Raketen angreifen kann, in ihren Berichten best\u00e4tigt haben. Die Bild-Zeitung titelt beispielsweise \u201e<a href=\"https:\/\/www.bild.de\/politik\/ausland\/politik-ausland\/panne-russen-hoeren-geheim-gespraech-deutscher-generaele-ueber-taurus-ab-87367628.bild.html\" target=\"_blank\" rel=\"noreferrer noopener\">Unfassbare Bundeswehr-Panne \u2013 Russen h\u00f6ren Geheim-Gespr\u00e4ch deutscher Gener\u00e4le ab<\/a>\u201c und anstatt \u00fcber den Inhalt des Gespr\u00e4ches allzu viel zu berichten, entr\u00fcstet sich die Bild-Redaktion dar\u00fcber, dass die Bundeswehr abgeh\u00f6rt wurde. Und die Bild teilt mit, dass die Bundeswehr, \u201eum den Schaden zu begrenzen\u201c, Zensurma\u00dfnahmen durchgesetzt hat, indem sie X-Accounts, die den Mitschnitt verbreitet haben, in Deutschland blockieren lie\u00df. Zensur als Schadensbegrenzung, sozusagen.<\/p>\n<p>Welcher Schaden damit begrenzt werden soll, ist offensichtlich. Es soll verhindert werden, dass die Deutschen etwas \u00fcber den Inhalt des Gespr\u00e4ches erfahren, denn aller anderer Schaden ist angerichtet: Das Gespr\u00e4ch ist weltweit bekannt und in viele Sprachen \u00fcbersetzt worden. Nur die Deutschen sollen nichts davon erfahren, was die Bundeswehrf\u00fchrung im Geheimen zu tun gedenkt.<\/p>\n<h5>Deutsche Politik und Medien waren 14 Stunden ratlos<\/h5>\n<p>W\u00e4hrend ich diese Zeilen schreibe, ist es in Deutschland kurz nach 23.00 Uhr. Die Bild hat ihren Artikel im 21.51 Uhr ver\u00f6ffentlicht, der Spiegel hat seinen Artikel mit der \u00dcberschrift <a href=\"https:\/\/www.spiegel.de\/politik\/deutschland\/spionage-verdacht-bei-der-bundeswehr-mad-ermittelt-wegen-in-russland-geleaktem-audio-a-56519a97-a3a2-4c0c-a4f9-778fd0976996\" target=\"_blank\" rel=\"noreferrer noopener\">\u201eIn Russland geleaktes Audio von heikler Besprechung \u2013 MAD ermittelt wegen Spionage-Verdacht bei der Bundeswehr\u201c<\/a>, den wir uns noch genauer anschauen werden, um 21.06 Uhr ver\u00f6ffentlicht. Auch die anderen deutschen Mainstream-Medien, die berichtet haben \u2013 und das sind bisher noch nicht viele \u2013 haben ihre Artikel, wie eine Google-Suche nach dem Begriff \u201eKrim Br\u00fccke\u201c ergibt, ab 21.00 Uhr ver\u00f6ffentlicht.<\/p>\n<p>Das ist lustig und nicht neu, denn das habe ich schon \u00f6fter erlebt. Wenn es Nachrichten gibt, die Dinge aufdecken, von denen die deutsche \u00d6ffentlichkeit nichts erfahren soll, dann dauert es einige Zeit, bis man sich bei den deutschen Medien auf ein Wording geeinigt hat. Daher ist es wenig verwunderlich, dass alle deutschen Medien ab einem bestimmten Zeitpunkt (ab 21.00 Uhr) nur kurze Artikel ver\u00f6ffentlicht haben, in denen \u00fcber den Inhalt des Gespr\u00e4ches fast nichts berichtet wird. Daf\u00fcr wird jedoch breit berichtet, dass die b\u00f6sen Russen das Gespr\u00e4ch abgeh\u00f6rt haben und dass der Milit\u00e4rische Abschirmdienst nun ermittelt.<\/p>\n<p>Bis man sich in Politik und Medien auf ein Wording geeinigt hatte, hat es 14 Stunden gedauert, denn Margarita Simonjan, die Chef-Redakteurin von RT, hat die erste Meldung \u00fcber das abgeh\u00f6rte Gespr\u00e4ch und seinen Inhalt bereits <a href=\"https:\/\/t.me\/margaritasimonyan\/13752\" target=\"_blank\" rel=\"noreferrer noopener\">um 7.00 Uhr morgens auf Telegram<\/a> ver\u00f6ffentlicht. Um 11.55 Uhr hat sie <a href=\"https:\/\/vk.com\/@m_s_simonyan-rasshifrovka-razgovora-vysokopostavlennyh-oficerov-bundesver\" target=\"_blank\" rel=\"noreferrer noopener\">das schriftliche Transkript ver\u00f6ffentlicht<\/a> und um 16.05 Uhr hat sie den <a href=\"https:\/\/vk.com\/m_s_simonyan?w=wall561960677_950647\" target=\"_blank\" rel=\"noreferrer noopener\">gesamten Audiomitschnitt ver\u00f6ffentlicht<\/a>.<\/p>\n<h5>Die Echtheit wird nicht bestritten\u2026<\/h5>\n<p>Alle deutschen Medien berichten, dass die Echtheit des Mitschnittes nicht bestritten wird. Sie berichten stattdessen, dass der Milit\u00e4rische Abschirmdienst nun untersucht, wie Russland das Gespr\u00e4ch abh\u00f6ren konnte, weil bef\u00fcrchtet wird, dass die Russen Zugang zu internen Kommunikationskan\u00e4len haben k\u00f6nnten.<\/p>\n<p>Das ist eine Behauptung f\u00fcr die dumme Presse, denn nat\u00fcrlich h\u00e4tten die Russen, wenn sie so einen Zugang h\u00e4tten, diesen nicht riskiert, indem sie ein Gespr\u00e4ch ver\u00f6ffentlichen, an das sie \u00fcber den Weg gekommen sind. Stattdessen \u2013 das berichtet zum Beispiel der Spiegel \u2013 waren die deutschen Gener\u00e4le einfach strunzdumm, denn sie haben \u00fcber die relativ leicht abh\u00f6rbare Plattform WebEx miteinander gesprochen, wobei einer Teilnehmer in Singapur war, womit es ohnehin recht leicht gewesen sein d\u00fcrfte, ihn abzuh\u00f6ren, wenn er um die halbe Welt mit Deutschland telefoniert. Der Spiegel schreibt dazu:<\/p>\n<blockquote class=\"wp-block-quote\"><p>\u201eAngesichts der Brisanz der Themen h\u00e4tten man in diesem Fall eine verschl\u00fcsselte Leitung benutzen m\u00fcssen, die Vorschriften der Bundeswehr sind f\u00fcr solche Gespr\u00e4che \u00fcber milit\u00e4rische Interna eindeutig.\u201c<\/p><\/blockquote>\n<p>Das bedeutet, dass die Herren Sofa-Gener\u00e4le wohl einen kr\u00e4ftigen Einlauf bekommen d\u00fcrften, weil sie gegen alle Vorschriften versto\u00dfen haben, indem sie das vertrauliche Gespr\u00e4ch quasi \u00f6ffentlich gef\u00fchrt haben.<\/p>\n<h5>\u2026 aber der Inhalt wird verheimlicht<\/h5>\n<p>Dass die Bundeswehr daf\u00fcr gesorgt hat, dass X-Accounts, die das Gespr\u00e4ch verbreitet haben, in Deutschland blockiert werden, habe ich schon erw\u00e4hnt. Aber auch alle deutschen Medien, die bisher berichtet haben, haben \u00fcber den Inhalt des Gespr\u00e4chs praktisch nichts berichtet. Und nat\u00fcrlich wurde das Gespr\u00e4ch selbst in keinem Artikel der deutschen Mainstream-Medien verlinkt.<\/p>\n<p>Die Deutschen sollen nicht erfahren, was die Gener\u00e4le besprochen haben. Dass die Bundeswehr das m\u00f6chte, mag verst\u00e4ndlich sein, aber dass die deutschen Medien bei der Geheimhaltung mitspielen, zeigt ein weiteres Mal, wem sie tats\u00e4chlich dienen \u2013 jedenfalls nicht ihren Lesern.<\/p>\n<p>Der Spiegel-Artikel zum Beispiel umfasst zw\u00f6lf Abs\u00e4tze, aber um den brisanten Inhalt des Gespr\u00e4ches geht es nur in zwei Abs\u00e4tzen. Der Spiegel-Leser erf\u00e4hrt \u00fcber den Inhalt des Gespr\u00e4ches lediglich:<\/p>\n<blockquote class=\"wp-block-quote\"><p>\u201eAuf dem geleakten Band besprechen die Offiziere detailreich, wie die Luftwaffe die Lieferung des weitreichenden Waffensystems nach einer politischen Entscheidung des Bundeskanzlers technisch unterst\u00fctzen k\u00f6nnte. Unter anderem geht es darum, wie man bei der Ausbildung von ukrainischen Piloten und der Programmierung der Systeme helfen k\u00f6nnte.<br \/>\nAm Ende des Bands spricht die Runde auch \u00fcber m\u00f6gliche Ziele, die die Ukrainer mit dem Taurus zerst\u00f6ren k\u00f6nnten. Unter anderem werden Munitionsdepots und die strategisch wichtige Kertsch-Br\u00fccke erw\u00e4hnt, welche die von Russland annektierte Halbinsel Krim mit dem Festland verbindet.\u201c<\/p><\/blockquote>\n<h5>L\u00fcgen (nicht nur) durch weglassen<\/h5>\n<p>Schauen wir uns das einmal Satz f\u00fcr Satz an. Dass es in dem Gespr\u00e4ch darum geht, die Taurus-Lieferung, wenn sie denn beschlossen wird, technisch zu unterst\u00fctzen, stimmt. Und es geht auch darum, \u201ewie man bei der Ausbildung von ukrainischen Piloten und der Programmierung der Systeme helfen k\u00f6nnte\u201c, auch das stimmt.<\/p>\n<p>Aber: Der Spiegel verschweigt seinen Lesern, dass die Gener\u00e4le bei der Frage der Programmierung bereits Bauchschmerzen haben, weil die eine direkte Kriegsbeteiligung Deutschlands bedeuten w\u00fcrde. Sie suchen in dem Gespr\u00e4ch nach einer M\u00f6glichkeit, die Kriegsbeteiligung Deutschlands irgendwie zu umgehen oder zumindest zu verschleiern. An einer Stelle des <a href=\"https:\/\/www.anti-spiegel.ru\/2024\/das-transkript-des-gespraeches-der-luftwaffen-fuehrung\/\" target=\"_blank\" rel=\"noreferrer noopener\">Gespr\u00e4chs<\/a> sagt Herr Gr\u00e4fe sogar ganz deutlich:<\/p>\n<blockquote class=\"wp-block-quote\"><p>\u201eBeteiligt ist beteiligt\u201c<\/p><\/blockquote>\n<p>Davon erf\u00e4hrt der Spiegel-Leser allerdings kein Wort. Er erf\u00e4hrt nicht, dass sie diskutieren, die Kriegsbeteiligung Deutschlands zu verschleiern, indem sie bei der Kommunikation mit der Ukraine den Hersteller zwischen schalten, um die Beteiligung der Bundeswehr zu verbergen, oder indem Daten mit einem Auto in die Ukraine gebracht werden, oder indem man die Drecksarbeit der Kriegsbeteiligung durch Programmierung der Raketen von den Briten machen l\u00e4sst, die das f\u00fcr den Einsatz ihrer Storm Shadow-Marschflugk\u00f6rper ohnehin schon tun, wie sie ganz offen sagen.<\/p>\n<p>Nur um das deutlich zu sagen: Die deutschen Gener\u00e4le sagen damit ganz deutlich, dass Gro\u00dfbritannien damit bereits am Krieg gegen beteiligt ist.<\/p>\n<p>Kommen wir zum n\u00e4chsten Satz. Dass in dem Gespr\u00e4ch auch \u00fcber m\u00f6gliche Ziele gesprochen wird, ist richtig.<\/p>\n<p>Aber da muss man genau sein, denn indem der Spiegel schreibt, dabei w\u00e4ren \u201eunter anderem\u201c Munitionsdepots und die Krimbr\u00fccke (\u201eKertsch-Br\u00fccke\u201c) \u201eerw\u00e4hnt\u201c worden, bel\u00fcgt er seine Leser. Die Spiegel-Redaktion suggeriert, es w\u00e4re sehr unkonkret um ganz viele m\u00f6gliche Ziele gegangen, <strong>darunter<\/strong> auch Munitionsdepots und die Krimbr\u00fccke.<\/p>\n<p>Das jedoch stimmt nicht, denn es ging nicht nur <strong>ausschlie\u00dflich<\/strong> um Munitionsdepots und die Krimbr\u00fccke, sondern wie man die angreifen kann, wurde sehr detailliert besprochen. Die Luftwaffenoffiziere haben das sehr genau analysiert und f\u00fcr die Krimbr\u00fccke einen praktisch fertigen Angriffsplan besprochen, wobei das einzige Problem f\u00fcr sie war, wie sie diesen Plan den Ukrainern erkl\u00e4ren sollten, solange die nicht sehr ausf\u00fchrlich und viele Monate lang an der Taurus ausgebildet sind und die Taurus-Raketen selbst programmieren k\u00f6nnen.<\/p>\n<p>Der Spiegel hat seine Leser durch Weglassen belogen, denn worum es in dem Gespr\u00e4ch ging und wie heikel es in Wahrheit war, erfahren Spiegel-Leser nicht. Das gilt f\u00fcr die Leser aller deutschen Mainstream-Medien \u2013 sie werden dumm gehalten.<\/p>\n<h5>Ablenkungsman\u00f6ver statt Berichterstattung<\/h5>\n<p>Stattdessen lenken die Artikel der deutschen Medien vom Inhalt des Gespr\u00e4ches ab. Die Bild-Zeitung tut das, indem sie sich darauf konzentriert, dass Russland das Gespr\u00e4ch abgeh\u00f6rt hat. Der Spiegel tut das gleiche, f\u00fcgt aber noch ausf\u00fchrlich hinzu, dass das alles nur \u201erussische Propaganda\u201c sei. Dass der Spiegel sich in seinem Artikel auf diese beiden Narrative st\u00fctzen w\u00fcrde, machte schon die Einleitung deutlich:<\/p>\n<blockquote class=\"wp-block-quote\"><p>\u201eRussische Propaganda-Kan\u00e4le haben eine Aufzeichnung einer internen Besprechung von Luftwaffen-Offizieren ver\u00f6ffentlicht. Die Aufnahme ist vermutlich authentisch, der Milit\u00e4r-Geheimdienst hat Ermittlungen eingeleitet.\u201c<\/p><\/blockquote>\n<p>\u00dcber den Inhalt des Gespr\u00e4ches und \u00fcber seine Brisanz erf\u00e4hrt der Spiegel-Leser nichts, er wird stattdessen sofort vom eigentlichen Thema abgelenkt.<\/p>\n<p style=\"text-align: right;\"><em>Thomas R\u00f6per, geboren 1971, lebt seit \u00fcber 15 Jahren in Russland. Die Schwerpunkte seiner medienkritischen Arbeit sind das (mediale) Russlandbild in Deutschland, Kritik an der Berichterstattung westlicher Medien im Allgemeinen und die Themen (Geo-)Politik und Wirtschaft.<\/em><\/p>\n<p><a href=\"#top\"><span style=\"font-size: 10pt;\">\u2191 nach oben<\/span><\/a><\/p>\n<hr \/>\n<h5><strong><a id=\"anhang1\"><\/a>Anhang 1<\/strong><\/h5>\n<h4>Mitschnitt des Gespr\u00e4ches<\/h4>\n<p><iframe loading=\"lazy\" src=\"https:\/\/vk.com\/video_ext.php?oid=561960677&amp;id=456241522&amp;hash=07a1fd2bfe051062\" width=\"640\" height=\"360\" frameborder=\"0\" allowfullscreen=\"allowfullscreen\"><\/iframe><\/p>\n<p><span style=\"font-size: 10pt;\">Direktlink zum Video auf vk.com <a href=\"https:\/\/vk.com\/video561960677_456241522\" target=\"_blank\" rel=\"noopener\">https:\/\/vk.com\/video561960677_456241522<\/a><\/span><\/p>\n<p><a href=\"#top\"><span style=\"font-size: 10pt;\">\u2191 nach oben<\/span><\/a><\/p>\n<hr \/>\n<h5><a id=\"anhang2\"><\/a>Anhang 2<\/h5>\n<h4 class=\"article-meta__title\">Das Transkript des abgeh\u00f6rten Gespr\u00e4ches der Luftwaffen-F\u00fchrung<\/h4>\n<div><strong>F\u00fcr alle, die es lieber lesen wollen, habe ich ein Transkript des abgeh\u00f6rten Telefonats der deutschen Luftwaffengener\u00e4le angefertigt.<\/strong><\/div>\n<p><em>Transkript von <strong>Anti-Spiegel<\/strong> (d.i. <strong>Thomas R\u00f6per<\/strong>)<\/em><\/p>\n<p><span style=\"font-size: 10pt;\">Erstver\u00f6ffentlichung am 02.03.2024 auf <a href=\"https:\/\/www.anti-spiegel.ru\/2024\/das-transkript-des-gespraeches-der-luftwaffen-fuehrung\/\" target=\"_blank\" rel=\"noopener\">anti-spiegel.ru<\/a><\/span><\/p>\n<p>Urspr\u00fcnglich hat <a href=\"https:\/\/de.rt.com\/europa\/197981-angriffsplaene-auf-krimbruecke-transkript-gespraechs\/\" target=\"_blank\" rel=\"noreferrer noopener\">RT-DE ein Transkript<\/a> des abgeh\u00f6rten Telefonats der deutschen Luftwaffengener\u00e4le ver\u00f6ffentlicht, allerdings waren darin noch kleine Fehler enthalten, wie ich beim Vergleich der <a href=\"https:\/\/www.anti-spiegel.ru\/2024\/die-aufzeichnung-des-gespraeches-zwischen-deutschen-generaelen-wurde-veroeffentlicht\/\" target=\"_blank\" rel=\"noreferrer noopener\">Audioaufnahme<\/a> mit dem Transkript festgestellt habe. Ich habe es daher ein wenig korrigiert. Ich beginne mit dem Transkript nach viereinhalb Minuten, als Luftwaffen-Chef Gerhartz sich dem Gespr\u00e4ch zuschaltet und das eigentliche Gespr\u00e4ch beginnt.<\/p>\n<p><strong>04:56-07:43<\/strong><\/p>\n<p><strong>Gerhartz:<\/strong> Sehr gut, sehr gut. Ja, ich wollte mal einmal ganz kurz, dass wir uns vorher \u2026 \u00e4hhhhm \u2026 ja, nicht im Sinne von wer was sagt, aber dass wir uns kurz mal so abstimmen und das insbesondere auch hier die beiden Kameraden Florstedt und Fenske wissen, wie das Ganze entstanden ist. Weil, wenn man h\u00f6rt, der Verteidigungsminister will mal, will mal wirklich auch wirklich tief in Taurus einsteigen, wobei der Termin ist \u2019ne halbe Stunde so wie ich es gesehen habe, also \u2026 wir werden das Ding nicht zum Fliegen bringen k\u00f6nnen, um es mal so auszudr\u00fccken. Ich seh da keinen \u2026 im Moment da nicht ein Ausl\u00f6sungsmomentum dahinter. Also es ist nicht so, dass der Kanzler ihm gesagt hat \u201eHey, mach dich da nochmal schlau und dann lass uns mal morgen entscheiden.\u201c \u00c4hm, das hab ich jedenfalls nicht erkannt, sondern dass er nochmal Pistorius gesehen hat durch diese ganze Diskussion, die da immer und immer kommt, und sie kommt nat\u00fcrlich, weil keiner so richtig wei\u00df, warum blockt der Kanzler hier? \u00c4hm, kommen nat\u00fcrlich abenteuerlichste Ger\u00fcchte auf. Ich will mal eins nennen. Ich bin gestern angerufen worden von \u2019ner Journalistin, die extrem nah am Kanzler dran ist, \u00e4hm ja, sie h\u00e4tte in M\u00fcnchen geh\u00f6rt, der Taurus w\u00fcrde gar nicht funktionieren.<\/p>\n<p>Ich sag halt, ok, wer erz\u00e4hlt dir so \u2019ne Schei\u00dfe? Dachte, die hat das irgendwie politisch aufgeschnappt. Da sagt sie: \u201eDas hat mir jemand in Uniform erz\u00e4hlt.\u201c Die gibt nat\u00fcrlich nicht ihre Quelle preis, v\u00f6llig klar, aber die ist nat\u00fcrlich voll drauf angesprungen und wollte da schon die Megaschlagzeile draus machen, nach dem Motto: \u201eJetzt haben wir endlich den Grund, warum der Kanzler nicht liefert. Weil das Ding gar nicht funktioniert.\u201c Hab ich ihr nat\u00fcrlich ausgeredet, ich sag totaler Schwachsinn. Wir machen da sogar alle Nase lang Verschusskampagnen, die letzte ist noch nicht so ewig lange her. Ne? Und aber man kann da mal sehen, was da mittlerweile immer f\u00fcr ein Gelaber im Raum ist und vor allen Dingen f\u00fcr ein Bl\u00f6dsinn erz\u00e4hlt wird. So, und da wollt\u2018 ich eben ganz kurz mal \u2026 mich mit euch abstimmen, dass das da nicht in die falsche Richtung l\u00e4uft. Also erstmal w\u00e4r meine Frage mal an Florstedt und Fenske. Hat euch mal jetzt jemand direkt gesprochen oder hat der General Freuding sich mal irgendwie bei euch gemeldet?<\/p>\n<p><strong>07:43-09:50<\/strong><\/p>\n<p><strong>Florstedt<\/strong>: \u00c4hm, negativ von meiner Seite aus nee, ich hab nur von Frank geh\u00f6rt.<\/p>\n<p><strong>Fenske:<\/strong> Bei mir auch negativ. Hab nur mit dem General Gr\u00e4fe zusammen kommuniziert.<\/p>\n<p><strong>Gerhartz:<\/strong> Ah ja, alles klar. Und \u2026 [unverst\u00e4ndlich] \u2026<\/p>\n<p><strong>Fenske:<\/strong> Ich hab ihm am Sonntag beide Nummern der beiden gegeben und er hat gesagt, dass er mal [unverst\u00e4ndlich].<\/p>\n<p><strong>Gerhartz<\/strong>: Ja, okay, dann kommt das vielleicht noch. Nee, das ist jetzt halt noch nicht passiert, \u00e4hm, also was ich gesehen habe, ist dass der \u2019ne halbe Stunde \u2026 und es k\u00f6nnte jetzt doch durchaus sein, \u00e4hm, dass ich vielleicht gar nicht dabei bin. Sondern ich muss eventuell in den Haushaltsausschuss, weil wir ja noch so ein kleines Issue haben mit \u2019ner \u2026 Preissteigerung der \u2026 F-35-Infrastruktur in B\u00fcchel, was mega sau\u00e4rgerlich ist, weil es ist nicht wirklich \u2019ne Preissteigerung, sondern (???) hat einfach zu niedrig gesch\u00e4tzt, \u00e4hm, und jetzt haben die Firmen halt ihre Angebote abgegeben und die liegen weit dr\u00fcber \u00fcber das was (???) gesch\u00e4tzt hat. Und jetzt ist nat\u00fcrlich der \u00c4rger gro\u00df. \u00c4hm \u2026 Und ich hab denen jetzt gesagt, dass m\u00fcssen sie jetzt selber wissen. Ob ich mit euch mitgehen soll oder ob ich in den Haushaltsausschuss gehen soll. Das muss am Ende der Minister entscheiden, weil das fast zeitgleich ist. \u00c4hm, also es k\u00f6nnte dann durchaus sein, dass ihr dann auch alleine seid. Und ich w\u00fcrde empfehlen, also ich werde mich da gar nicht \u2026 werd da gar nicht gro\u00dfartig \u2026 ich werd nur sagen, hier, das sind unsere zwei Experts. Der eine im Verband, der andere im ZLO und dann \u2026 dann you have it. \u00c4hm, und ich w\u00fcrde aber empfehlen, das hab ich ja schon \u00fcber Frank euch zukommen lassen, so paar Slides dabei zu haben, ne? \u2026Vorlagen, wie man das so sch\u00f6n nennt, damit man bisschen was visualisieren kann. Also, ihr m\u00fcsst euch halt einfach in seine Lage reinversetzen, der hat \u2026 ja, wir haben dem mal gezeigt bei so \u2019ner Demoshow, da war da \u2019ne Taurus, stand auch im Waffen \u2026 auf dem Tr\u00e4ger neben dem Tornado, aber zum Beispiel wie das angebaut aussieht am Tornado oder wie zum Beispiel so \u2019ne Missionsplanungsanlage aussieht, also der kann sich da sehr wenig vorstellen.<\/p>\n<p>0<strong>9:51-11:52<\/strong><\/p>\n<p><strong>?<\/strong>: Okay. Udo hast du \u2026 du hast da doch \u2019nen Haufen Slides zu, oder?<\/p>\n<p><strong>Fenske:<\/strong> Ja. Ja, hab ich verf\u00fcgbar.<\/p>\n<p><strong>Gerhartz:<\/strong> Aber auf der anderen Seite jetzt auch nicht ihn zuballern mit \u2019ner Slideshow mit 30 Slides. Einfach im Kopf haben, der Termin ist \u2019ne halbe Stunde. \u00c4hm, ich w\u00fcrd mal sagen, so\u2019n kurzen Aufschlag machen, Freuding wird sich ja hoffentlich nochmal melden. Klar geht es auch ein bisschen um die Funktionsweise, was kann der Taurus, wie wird der eingesetzt? Aber nat\u00fcrlich spukt bei ihm immer noch im Hinterkopf \u2026 \u00e4hm \u2026 wenn wir uns denn mal politisch entscheiden w\u00fcrden, die Ukraine zu supporten damit, wie k\u00f6nnte denn die ganze Nummer am Ende laufen? Und da w\u00e4re ich euch echt dankbar, dass wir ja \u2026 die Herausforderung, nach dem Motto: \u201eWas ist daran nicht einfach?\u201c Aber dass wir nicht nur ein Problem in den Raum stellen, sondern dass wir auch immer die L\u00f6sung dazu nennen.<\/p>\n<p>Ne? also wenn\u2019s zum Beispiel darum geht, die Missionsplanung zu machen, ich wei\u00df wie es die Engl\u00e4nder machen, die machen es ja komplett im Reachback. Die haben auch paar Leute vor Ort, \u00e4hm, das machen sie, die Franzosen nicht. Also, sie QCen (???) auch die Ukrainer beim Beladen des SCALP, ne, weil Storm Shadow und SCALPS sind rein vom technischen Aspekt relativ \u00e4hnlich. Da haben sie mir schon gesagt, ja, Herrgott, die w\u00fcrden auch den Ukrainern beim Taurus-Loading \u00fcber die Schulter gucken. \u00c4hm, die Frage w\u00e4r\u2018 aber, wie l\u00f6sen wir das dann? Mhm, lassen wir die die Missionsplanung machen und geben ihnen reachback-m\u00e4\u00dfig die MBDA an die Hand und bringen dann halt einen unserer Leute zur MBDA? Da w\u00fcrd\u2018 ich jetzt nochmal einmal bitten, vielleicht Frank nochmal, wie hatten wir uns immer positioniert wie wir\u2019s denn machen w\u00fcrden, und dann nat\u00fcrlich sagen wir Fenske, Frostedt, wenn ihr beiden mal aufzeigt wie ihr das aus eurer Sicht seht.<\/p>\n<p><strong>11:53-13:24<\/strong><\/p>\n<p><strong>Fenske:<\/strong> Ich fang vielleicht mal an mit dem: \u201eWas ist denn das Sensitivste oder das Kritischste, was jetzt passieren kann?\u201c \u00c4hm, mit der ganzen Diskussion, das l\u00e4uft ewig hin und her, und ich glaub, die zwei Punkte, die sensitivsten, sind zum einen Timing, so nach dem Motto, \u00e4hm, \u201eJetzt sagt der Kanzler, wir geben es doch ab\u201c, und man kommt aus der Bundeswehr: Ja toll, aber in 8 Monaten sind wir dann soweit, den ersten Einsatz zu beginnen. Und das Zwote ist nat\u00fcrlich, wir k\u00f6nnen die Zeit auch nicht verk\u00fcrzen, wenn es nach einem Falscheinsatz geht und das Ding auf \u2019nen Kindergarten drauff\u00e4llt und es zivile Opfer gibt. Deshalb sind das so die beiden \u2026 links und rechts \u2019ne Grenze, zwischen denen man abw\u00e4gen muss. Wenn man das so runterbricht, die eine Bahn ist die Auslieferung der Flugk\u00f6rper. Da haben wir eigentlich gar nichts mit zu tun, und der wichtige Punkt w\u00e4re dann in dem Gespr\u00e4ch \u2026 Ich muss da auch nochmal drauf hinweisen \u2026 ohne die Firma k\u00f6nnen wir gar nichts machen und es w\u00e4re dann schon wie es auch bei den Raketen von IRIS-T ist, dass man relativ z\u00fcgig erste Flugk\u00f6rper ausr\u00fcstet, umr\u00fcstet und ausliefert. Aber da m\u00fcssen halt dann so rudiment\u00e4re Sachen gemacht werden, nochmal \u2019ne kleine \u00dcberholung, das deutsche Hochheitsabzeichen runter und so. Aber das muss ja nicht dann warten, bis man 20 hat, da k\u00f6nnte man theoretisch die ersten 5 abgeben. Also, das w\u00e4r\u2018 so die erste Bahn, die erste Linie, wie lange k\u00f6nnen die ausgeliefert werden? Aber das liegt eigentlich komplett in der Hand der Industrie und da stellt sich noch die Frage, wer bezahlt das, weil das ist ja mit Kosten verbunden.<\/p>\n<p><strong>13:24<\/strong><\/p>\n<p>Die zwote Frage ist dann die Frage der Schnittstelle: Wie h\u00e4ngt man das an welches Waffensystem dran? Und das ist jetzt wiederum auch eine Sache, die m\u00fcsste dann eigentlich irgendein Bastler aus der Ukraine mit der Firma machen, weil\u2026 oder, Herr Fenske oder\u2026 Da haben wir ja keine Aktien drin, wenn es um die Integration in Su [Suchoi], zum Beispiel geht, oder?<\/p>\n<p><strong>13:46<\/strong><\/p>\n<p><strong>Fenske:<\/strong> Ich denke nicht, wobei die TSG, der Hersteller, sagt, dass sie das machen k\u00f6nnen mit \u2019nem Zeitansatz von ungef\u00e4hr sechs Monaten, also entweder Su [Suchoi] oder F-16.<\/p>\n<p><strong>13:55<\/strong><\/p>\n<p><strong>Gr\u00e4fe: <\/strong>Genau, das war jetzt was, da an \u00dcbergaben haben wir eigentlich gar keine Aktien drin, aber wenn da jetzt dann halt die Message r\u00fcberkommt, \u201eklasse, der Bundeskanzler hat sich doch entschieden\u201c, und dann die andere Message \u201eAber es dauert alleine f\u00fcr die Schnittstelle sechs Monate\u201c, na, dann ist die positive Nachricht ganz schnell eine negative Nachricht.<\/p>\n<p>Und der dritte Teil ist der, der uns dann theoretisch betreffen k\u00f6nnte, n\u00e4mlich die Ausbildung. Das hei\u00dft, da hatten wir ja mal gesagt, dass wir in Zusammenarbeit mit der Industrie so \u00e4hnlich wie bei IRIS-T \u2013 die Industrie bildet aus, wie bedient man das System und wir stellen Leute dazu, die das ganze taktisch supporten. Und dann hatten wir ja auch mal so im d\u00fcnnsten Falle von drei-vier Monaten gesprochen. Und das w\u00e4re dann der Teil, den wir in Deutschland machen. Und dann m\u00fcsste man nat\u00fcrlich jetzt mal \u00fcberlegen, um jetzt ganz schnell mit gleich ersten Flugk\u00f6rpern zu einer schnellen L\u00f6sung zu kommen, ob man da nicht sowohl mit der Schnittstelle als auch mit der Ausbildung auf die Briten zur\u00fcckgreift, wenn die deswegen mit ihrem Know-How gucken, wie haben die die Storm Shadow drangekriegt \u2013 kann ja nicht so ein gro\u00dfer Unterschied sein \u2013 und die vielleicht die Bedienung am Anfang mitmachen, w\u00e4hrend in der Zwischenzeit die Besatzungen bei uns ausgebildet werden. Damit das einfach nicht so lange dauert. Und dann sind da jetzt noch so ein paar Sachen: K\u00f6nnen wir eine Datenbank liefern? K\u00f6nnen wir Satellitenbilder liefern? K\u00f6nnen wir Planungsstation liefern? Das m\u00fcsste dann neben den reinen Flugk\u00f6rpern, die wir haben, ja alles \u00fcber die Industrie oder \u00fcber die IABG laufen.<\/p>\n<p><strong>15:30<\/strong><\/p>\n<p><strong>Gerhartz: <\/strong>Also, wir m\u00fcssen uns ja immer, immer vergegenw\u00e4rtigen \u2013 die haben Flugzeuge, von denen sie wie Taurus \u00e4h den Storm Shadow einsetzen. Na, das hei\u00dft, die Engl\u00e4nder waren da, haben die Flugzeuge verkabelt, also sind sie gar nicht so weit davon entfernt, dass sie auch den Taurus von diesen Flugzeugen \u2026 Ne? Ne F16, reden wir jetzt nicht von. Die haben es ja an der MiG-23, und darum ging es jetzt mal\u2026 Ich kann nur sagen, die Erfahrung aus Patriot \u2013 ich wei\u00df noch, was unsere eigenen Experten am Anfang f\u00fcr Zeitlinien aufgemalt haben. Und die haben das Ding in wenigen Wochen beherrscht, und setzen es mittlerweile ein in einem Ausma\u00df, wo unsere Leute sagen: \u201eOh, wow, das h\u00e4tten wir ja gar nicht erwartet!\u201c Also, die sind teilweise in einer Kriegsf\u00fchrung gerade unterwegs, die mehr High Tech ist wie unsere gute alte Luftwaffe. All das gebe ich immer zu bedenken bei allen Timelines, die wir da so aufmachen, dass man sich da gar nicht so versch\u00e4tzen sollte. Aber jetzt will ich nat\u00fcrlich auch mal, Kamerad Fenske, Frostedt, einfach von euch mal euer Picture sehen und h\u00f6ren, einfach jetzt auch mit Blick auf eine m\u00f6gliche Lieferung an die Ukraine.<\/p>\n<p><strong>16:55<\/strong><\/p>\n<p><strong>Fenske:<\/strong> Ich w\u00fcrde nochmal den Punkt Ausbildung aufnehmen. Wir haben da ja schon mal geguckt. Wenn entsprechendes Personal kommt und parallel ausgebildet werden kann, dann liegen wir bei ungef\u00e4hr drei Wochen Industrieschulung und einer Trainingsphase, die dann durch uns, durch die Luftwaffe, in ungef\u00e4hr vier Wochen gemacht werden kann. Das hei\u00dft, wir sind da schon mal deutlich unter den zw\u00f6lf Wochen \u2013 unter der Voraussetzung: entsprechend qualifiziertes Personal, wir k\u00f6nnen das ohne Dolmetscher machen und dergleichen mehr, also, da sind noch ein paar andere Daten dabei.<\/p>\n<p>Wir hatten mit der Frau Friedberger schon mal gesprochen. Wenn es nachher um den Einsatz geht, dann w\u00e4re tats\u00e4chlich die Empfehlung, dass wenigstens die ersten Missions-Unterst\u00fctzungen durch uns erfolgen werden, da die Planung doch sehr komplex ist. Wir brauchen selber bei der Schulung von unserem Personal ungef\u00e4hr ein Jahr. Also um das jetzt quasi zu dr\u00fccken auf, wie sage ich mal jetzt, zehn Wochen, mit der Erwartung, dass sie in einem Formel-1-Rennwagen im Gel\u00e4nde und auch in Formel-1-Strecken auch fahren k\u00f6nnen. Also w\u00e4re eine m\u00f6gliche Variante, planungstechnisch zu unterst\u00fctzen. Das kann man theoretisch sogar aus B\u00fcchel machen mit einer sicheren Leitung in die Ukraine r\u00fcber, den Datenfile r\u00fcbertransferieren, und dann w\u00e4re er verf\u00fcgbar und man k\u00f6nnte es gemeinsam planen.<\/p>\n<p>Also, das w\u00e4re das Worst-Case-Szenario, das Minimum das Ganze unterst\u00fctzend durch die Industrie mit einem User-Helpdesk, die also bei Software-Fragen unterst\u00fctzen k\u00f6nnen, so, wie wir das im Grunde genommen in Deutschland auch haben.<\/p>\n<p><strong>18:34<\/strong><\/p>\n<p><strong>Gerhartz:<\/strong> Sekunde, ich hak da jetzt mal ein, Herr Fenske. Wenn man jetzt politisch Sorge h\u00e4tte, dass diese Linie von B\u00fcchel direkt nach Ukraine eine zu direkte Beteiligung ist, im Grunde in der Politik kann alles, k\u00f6nnte man dann auch sagen: Ok, das Datenfile wird bei MBDA gemacht, und wir schicken unsere ein-zwei Experts nach Schrobenhausen. Ist zwar totaler Schwachsinn, aber jetzt mal so gesehen, aber politisch jetzt halt vielleicht was anderes, wenn der Datenfile von der Industrie kommt, wird er\u2026 der kommt ja bei uns nicht aus dem Verband.<\/p>\n<p><strong>19:09<\/strong><\/p>\n<p><strong>Fenske:<\/strong> Ja. Die Frage wird sein, wo kommen die Daten her. Jetzt gehen ich einen Schritt zur\u00fcck. Wenn es um die Zieldaten geht, die idealerweise mit Satellitenbildern kommen, weil dadurch gibt es dann die h\u00f6chste Pr\u00e4zision, dass wir also unterhalb von drei Metern Genauigkeit haben. Die m\u00fcssen wir verarbeiten im ersten Set in B\u00fcchel. Unabh\u00e4ngig davon w\u00fcrde man aber in irgendeiner Art und Weise, denke ich, mit einem Datentransfer zwischen B\u00fcchel und Schrobenhausen was hinbekommen. Oder, was nat\u00fcrlich auch geht, dass man unter Umst\u00e4nden das Datenfile nach Polen schickt und man hat den Handover, Takeover in Polen irgendwo, und es f\u00e4hrt jemand mit dem Auto hin. Und ich denke, da muss man im Detail reingucken, und da wird es auch L\u00f6sungsm\u00f6glichkeiten geben.<\/p>\n<p>Also, in dem Moment, wenn wir den Support haben, im schlimmsten Fall muss ich halt mit dem Auto sogar hin- und herpendeln. Das schm\u00e4lert dann nur die Reaktionszeit, also, und dann eben nicht innerhalb von Stunden reagieren. Wobei wir dazu sagen m\u00fcssen, dass, wenn man ganz schnell reagieren will, wir soweit sind, dass wir uns zutrauen, innerhalb von sechs Stunden die \u2013 ich sage mal, von Auftrag bis\u2026 ja, Luftfahrzeug, ja, airborne eigentlich das machen zu k\u00f6nnen\u2026 wohingegen sind wir dann\u2026 Und da haben wir aber auch nur mit Pr\u00e4zision\u2026 die liegt dann eben leider gr\u00f6\u00dfer drei Meter, was durchaus bei einem entsprechenden Ziel ausreichen kann. Und wenn ich die h\u00f6here Pr\u00e4zision haben will, also dann mit Satellitenbildern arbeiten und das Ziel modellieren muss, dann ist nat\u00fcrlich die Zeit nachher ma\u00dfgeblich, und da bin ich auch schnell bei zw\u00f6lf Stunden. Das ist dann jeweils abh\u00e4ngig von dem Ziel, also so habe ich im Detail noch nie geguckt, aber ich denke, m\u00f6glich wird das auch sein. Da muss man nur sagen, wir brauchen eine Datenleitung, die das leisten kann.<\/p>\n<p><strong>21:07<\/strong><\/p>\n<p><strong>Gerhartz:<\/strong> Und glauben Sie denn\u2026 Ja, man muss ja immer davon ausgehen, was die Ukrainer dann mittlerweile sonst alles machen. Wir wissen ja auch, dass da viele Leute mit amerikanischem Akzent in Zivilklamotten rumlaufen. Das darf man sagen, dazu sind sie dann noch relativ schnell selbst in der Lage, weil die Satellitenaufnahmen, die haben sie alle. Da muss man auch davon ausgehen.<\/p>\n<p><strong>21:38<\/strong><\/p>\n<p><strong>Fenske:<\/strong> Jetzt mal aber ganz kurz dazu, die Frage wird dann sein: Ich muss, damit ich mich entsprechend geschickt durchsetzen kann, mich gegen die Luftverteidigung durchsetzen, die in einer Vielzahl dann da\u2026 Das k\u00f6nnen wir sehr gut, gehen wir davon aus, weil wir nat\u00fcrlich im Tiefstflug arbeiten k\u00f6nnen und daf\u00fcr von der IABG und der NDK Daten haben. Die m\u00fcsste man definitiv denen zu Verf\u00fcgung stellen, damit ich eben mit einer 21 unterfliegen kann, damit ich hier das Optimum an Planung rausholen kann und nicht wie bei Storm Shadow \u00fcber Waypoints planen kann, sondern tats\u00e4chlich \u00fcber Umfliegen oder Unterfliegen der jeweiligen Systeme.<\/p>\n<p>Wenn ich das bereitstelle, dann wird es da auch wahrscheinlich schneller Lerneffekte geben und da komme ich nur wieder in den Bereich rein, wo ich nachher auf die Anzahl der Flugk\u00f6rper komme. Also, sehr schnell, wenn ich jetzt von 50 rede, dann sind sehr schnell 50 Flugk\u00f6rper verschossen.<\/p>\n<p><strong>22:40<\/strong><\/p>\n<p><strong>Gerhartz:<\/strong> Jaja, klar. Das ist nat\u00fcrlich, dass es klar sein muss, das wird nicht den Krieg \u00e4ndern. Daf\u00fcr haben wir gar nicht\u2026 Wir w\u00fcrden ja auch nicht alle, wir wollen wir ja auch nicht abgeben, und nicht alle sind bei uns auch gleich. Das muss ich euch nicht sagen. Also, man k\u00f6nnte sagen, 50 in der ersten Tranche, und wenn sie uns dann nochmal w\u00fcrgen w\u00fcrden, f\u00fcr die n\u00e4chsten 50, und da w\u00e4r\u2018 aber auch Ende Gel\u00e4nde. So, das ist v\u00f6llig klar.<\/p>\n<p>So, das w\u00e4re jetzt mal wieder gro\u00dfe Politik, und dann k\u00f6nnen wir selber nochmal wieder eintakten an dem Punkt\u2026 Ich vermute mal, es k\u00f6nnte schon ein Momentum dahinter sein, weil ich wei\u00df \u2013 von meinen britischen und franz\u00f6sischen Kollegen \u2013 dass die so gut wie Winchester sind mit ihren Storm Shadow und SCALPs. Und dann, werden die nat\u00fcrlich sagen, bevor wir jetzt hier die n\u00e4chsten liefern \u2013 und wir hatten hier ja schonmal nochmal geliefert \u2013 soll sich jetzt Deutschland auch mal einmal anstrengen. Aber, das w\u00e4re jetzt auch nochmal, kann man jetzt vorstellen, wollte jetzt klar noch mal sagen\u2026.<\/p>\n<p><strong>23:39<\/strong><\/p>\n<p><strong>Florstedt:<\/strong> Ich habe mich heute mal reingesetzt mit einem pragmatischen Ansatz. Ich habe mir \u00fcberlegt, was das Alleinstellungsmerkmal gegen\u00fcber jetzt den Storm Shadows\u2026 So wie Air Defense, Obuszeit, Flugh\u00f6he, etc. \u2013 und da komme ich dann drauf, dass es so zwei interessante Targets halt gibt: einmal so eine Br\u00fccke im Osten und einmal Mun-Depots, wo wir reinkommen. Die Br\u00fccke im Osten ist halt schwer zu erreichen, und die Pfeiler sind relativ klein, und das kann halt der Taurus darstellen, und die Mun-Depots \u2013 da kommen wir halt durch. Und wenn ich das jetzt ber\u00fccksichtige und vergleiche, wie viele Storm Shadows und Mauls abgeschossen wurden, da hat man halt ein ganz gutes Alleinstellungsmerkmal. Da habe ich mir so drei Routen rausgesucht, wo ich sagen w\u00fcrde, geht\u2019s da um die Br\u00fccke oder geht\u2019s da um Mun-Depots? Is it reachable mit den current caps, die Red-<em>undeutlich<\/em> haben und der Patriot?<\/p>\n<p>Und dann komme ich quasi zu dem Entschluss \u2013 ja, ist gut, es ist machbar. Der limitierende Faktor ist die Su-24, wie viel die davon \u00fcberhaupt noch \u00fcbrighaben. Das w\u00e4re dann in einem einstelligen Bereich. Und ich habe mir da so ein paar Leadpoints mal ausgesucht, und gesagt, pass auf, im Grunde genommen ist es doable, und wie bringt man den Ukrainern die TTPs bei, um das Ding zu schie\u00dfen? Ich w\u00fcrde sagen, den Piloten \u2013 unter einer Woche. Und wie plottet man die? Mission planing, und da kommt es n\u00e4mlich genau darauf an, was machen wir jetzt eigentlich? Wir m\u00fcssen \u00fcberlegen, einmal diese Missionsplanung und die zentralisierte Planung. Und die Missionsplanung \u2013 die ist bei uns im Verband, die Ausf\u00fchrung ist zwei Wochen, und ich glaub\u2018, wenn man jetzt mal nicht auf das ZV abgeht, geht das relativ schnell, und in drei Wochen ist die im Verband. That being set.<\/p>\n<p>Wenn ich aber mir so eine Br\u00fccke anguck\u2018, da, wo ich drauf kommen wollte, ist, dass der C10 von Taurus nicht ausreicht, um die einfach so zu targeten \u2013 das hei\u00dft ich brauch da Bilder von, wie der Taurus arbeiten kann, und da brauchen wir die Missionsdaten. Und ich wei\u00df es nicht, ob wir in ad\u00e4quater Zeit \u2013 nat\u00fcrlich wenn wir in Monaten reden, [unverst\u00e4ndlich] \u2013 aber in ad\u00e4quater Zeit die Ukrainer ausbilden k\u00f6nnen\u2026 die Missionsdaten, wie sieht ein Br\u00fcckenpfeiler f\u00fcr den Taurus aus, wie wir denen das beibringen. Das hei\u00dft, f\u00fcr mich ist es erstmal aus der operativen Perspektive nicht bewertbar, wie schnell bringt man Ukrainern diese Image-Planung, sage ich mal, bei, und wie schnell geht die Integration. Aber man wird sich sonst targets <em>undeutlich<\/em>, und das sind n\u00e4mlich die Br\u00fccke und die Mun-Depots, und da sehe ich grunds\u00e4tzlich Skrupel, den Leuten das sehr schnell beizubringen.<\/p>\n<p><strong>26:13<\/strong><\/p>\n<p><strong>Fenske:<\/strong> Ich w\u00fcrde gern nochmal schnell erg\u00e4nzen wegen der Br\u00fccke, weil wir uns die intensiv angeguckt haben. Und die Br\u00fccke ist leider \u2013 aufgrund ihrer Gr\u00f6\u00dfe \u2013 wie ein Flugplatz. Das hei\u00dft, es kann durchaus sein, dass ich daf\u00fcr 10 oder 20 Flugk\u00f6rper brauche.<\/p>\n<p><strong>26:27<\/strong><\/p>\n<p><strong>Florstedt:<\/strong> Ich habe durchgesch\u00e4tzt, n\u00e4mlich da, wo sie aufklappt, wenn du die Pfeiler nimmst.<\/p>\n<p><strong>26:30<\/strong><\/p>\n<p><strong>Fenske:<\/strong> Ja, der Pfeiler, da machen wir unter Umst\u00e4nden nur ein Loch rein. Und dann stehen wir da\u2026 Um datenvalide Aussagen zu haben, m\u00fcssten wir wirklich selber mal\u2026<\/p>\n<p><strong>26:43<\/strong><\/p>\n<p><strong>Florstedt:<\/strong> Ich wollte euch gar nicht die Br\u00fccke definieren, ich will nur sagen, dass war also der pragmatische Ansatz, was wollen die \u00fcberhaupt haben, und wie schnell kann ich die daf\u00fcr ausbilden? Und am Ende zeigt sich: Was bleibt, ist, dass wir denen die imagezentralisierte Missionsplanungsdaten geben m\u00fcssen. Wir m\u00fcssen denen grunds\u00e4tzlich die Semobi geben, wenn wir die selber haben. Und die Tagesdaten, die haben wir ja, aber das m\u00fcsste man denen auch irgendwie zu Verf\u00fcgung stellen. Weil wenn es um so kleine Ziele geht, dann muss da halt ein bisschen genauer ausgeplant werden, als nur auf einem Sat-Picture. Wenn es auf geh\u00e4rtete Ziele geht, dann ist es sehr viel easy und relativ schnell geplant, wenn wir vor allem das exploiten, dass der in zweistelliger Fu\u00dfh\u00f6he fliegen kann.<\/p>\n<p><strong>27:22<\/strong><\/p>\n<p><strong>Gerhartz:<\/strong> Du bringst es ja schon ganz gut auf den Punkt: Wir alle wissen ja, dass sie die Br\u00fccke rausnehmen wollen. Das ist klar, wissen wir auch, was es am Ende bedeutet\u2026 Dann hast du, ist die Versorgung dieser so wichtig \u2013 nicht nur milit\u00e4risch, strategisch wichtig, auch so ein bisschen politisch ist die gute Insel da ja ihr Herzst\u00fcck. Jetzt nicht mehr ganz so\u2026 ganz so fatal, wo sie ja quasi ihre Landbr\u00fccke mehr oder weniger dahin haben, aber\u2026 Und da hat man eben Angst, wenn da der direkte Link der Streitkr\u00e4fte in die Ukraine geht. Und da w\u00e4re halt dann immer die Frage: Kann man im Grunde genommen den Trick pullen, dass man unsere Leute abstellt zu MBDA, dass nur eine Direct Line zwischen der MBDA und der Ukraine ist? Dann ist es weniger schlimm, wie wenn die Direct Line unser Luftwaffe zu ihnen ist.<\/p>\n<p><strong>28:26<\/strong><\/p>\n<p><strong>Gr\u00e4fe:<\/strong> Ich glaub das macht keinen Unterschied, Ingo. Wir m\u00fcssen halt aufpassen, dass wir nicht gleich zu Beginn im Kriegskriterium formulieren. Wenn wir dem Minister jetzt sagen, ich \u00fcberspitze mal ein bisschen, wir planen die Daten und fahren sie dann von Polen aus mit dem Auto r\u00fcber, damit es keiner mitkriegt \u2013 das ist ein Kriegskriterium. Wir werden es nicht schaffen, dass wir mit einer irgendwie gearteten Beteiligung von uns das Ganze umsetzen. Also erstmal indem, wenn das von der Firma kommt, m\u00fcsste erstmal die MBDA dem zustimmen, ob die das machen. Ja, aber dann macht es auch keinen Unterschied, ob wir das unsere Leute in B\u00fcchel das planen lassen, oder in Schrobenhausen. Beteiligt ist beteiligt, und ich glaube, \u00fcber die H\u00fcrde werden wir nicht dr\u00fcberkommen.<\/p>\n<p>Jetzt nochmal, was wir als rote Linie als Grundlage voraussetzen. Ich komme einfach nochmal darauf zur\u00fcck, was ich ganz am Anfang meinte: Entweder wir m\u00fcssen die Ausbildung aufteilen, dass wir sagen, wir machen eine Fast Track und einen Long Track. Und der Long Track \u2013 dann sind die da halt f\u00fcr vier Monate und lernen es komplett richtig, mit \u201eWie mach\u2018 ich\u2019s mit \u2019ner Br\u00fccke\u201c. Und in den Fast Track geht es erst mal um den schnellen Einsatz, nach zwei Wochen, wie wei\u00df ich, was ich mit einem Munitions-Depot mache. Oder die andere Option: Wir fragen, ob in dieser Phase, bis die selber komplett ausgebildet sind, fragen wir die Briten, ob sie in dieser Phase \u00fcbernehmen. Aber ich glaube ein irgendwie gearteter Versuch einer Zwischenl\u00f6sung \u2013 stell dir mal vor, das kommt an die Presse! Wir haben unsere Leute in Schrobenhausen oder wir fahren irgendwie mit dem Auto durch Polen \u2013 sind glaube ich beides keine akzeptablen L\u00f6sungen.<\/p>\n<p><strong>30.09<\/strong><\/p>\n<p><strong>Gerhartz:<\/strong> Man kann\u2019s nat\u00fcrlich so drehen, dass man sagt, also wenn der politische Wille jetzt mal da ist, dann m\u00fcssen wir erst mal sagen: \u201eSo, soll einer aus der Ukraine mal hier hinkommen.\u201c Und dann m\u00fcssen wir wissen, ist die politische Vorgabe \u2013 keinerlei direkte Beteiligung mehr an der Missionsplanung? Dann muss klar sein: Die Ausbildung dauert schon etwas l\u00e4nger. Und die Komplexit\u00e4t und auch am Ende der Einsatzerfolg nimmt nat\u00fcrlich ab, aber ist auch nicht unm\u00f6glich. Weil ist ja nicht so, dass jetzt nicht schon eine gewisse Erfahrung darin gesammelt haben, und wir sehen selbst, was wir gerade noch so an High-Tech-Zeug einsetzen. Und dann m\u00fcsste man sehen: Wenn es die Vorgabe ist \u2013 gibt ja keine direkte Beteiligung, wir k\u00f6nnen nicht die Missionsplanung in B\u00fcchel machen und sie r\u00fcber schicken, da k\u00f6nnt\u2018 ich mir fast vorstellen, dass das f\u00fcr Deutschland eine rote Linie ist\u2026 Ja, da muss halt klar sein \u2013 man muss sie etwas l\u00e4nger ausbilden, dann geht\u2019s halt paar Monate, und man kann auch nicht alles damit machen. Aber ist nicht so, dass man sagt, man kann nichts damit machen. Man kann dann eher vielleicht sogar von ausgehen, dass sie es doch dann relativ schnell im Griff haben. Dann m\u00fcssen wir nur gucken, dass wir die ganze Datenbasis, die Missionsdaten, dass sie die selber dann auch bearbeiten k\u00f6nnen, oder? Also ich mein\u2019\u2026<\/p>\n<p><strong>31.25<\/strong><\/p>\n<p><strong>Gr\u00e4fe:<\/strong> Dann w\u00fcrde ich das auch so machen, wie Seb das gerade gesagt hat, dass man einen Quick Track und einen Long Track macht. Es geht ja darum, einen schnellen Effekt zu erzielen. Und wenn es nur darum geht, mit einem ersten Effekt die Munitions-Depots und jetzt nicht die Komplexit\u00e4t der Br\u00fccke, dann k\u00f6nnte man ja sagen, man macht f\u00fcr einen gewissen Preis diesen Schrott weg, damit man einen schnellen Effekt erzielen kann. Und diese IABG-Daten sehe ich jetzt nicht so kritisch, weil die sind ja nicht auf eine spezifische Stellung bezogen, das m\u00fcssen die ja selber erkunden. Sondern das w\u00e4re generisch die Leistungsf\u00e4higkeit f\u00fcr das System. Das w\u00e4re ein Punkt, \u00fcber den wir schon mal in dem Kreis geredet haben, was ich durchaus vorstellen k\u00f6nnte, die zu \u00fcbergeben. Es sind im Moment halt German Eyes Only.<\/p>\n<p><strong>32.00<\/strong><\/p>\n<p><strong>Gerhartz<\/strong>: Das wird der Dreh- und Angel-Punkt bleiben, weil es gibt im Grunde auch mit einem Munitions-Depot, gibt es bei denen in Bayern keinen easy Plan, aufgrund der massiven Anzahl von der Luftverteidigung. Das hei\u00dft, da wird man so tief einsteigen m\u00fcssen\u2026 Bei unseren Leuten glaube ich, dass wir einen Weg finden werden, und gut w\u00e4re auch, in dem Moment wenn wir sagen \u201eLasst es uns probieren\u201c, um auch politisch besser beraten zu k\u00f6nnen. Wie gesagt, da brauchen wir nur das GO und wir m\u00fcssen anfangen. Wobei es wird bei uns scheitern, dass das KSA keine saubere Lagedarstellung hat, wo die ganzen Luftverteidigungssysteme stehen.<\/p>\n<p><strong>32.51<\/strong><\/p>\n<p><strong>Gr\u00e4fe:<\/strong> Das haben aber die Ukrainer, da kannst du davon ausgehen, dass die\u2026.<\/p>\n<p><strong>32.56<\/strong><\/p>\n<p><strong>Gerhartz:<\/strong> Genau. Die werden das hoffentlich haben. Weil ich seh das bei uns \u2013 bei uns wird st\u00e4ndig nur das Radarger\u00e4t dargestellt. Aber damit wir eine saubere Planung haben, da m\u00fcssen wir wirklich gucken, wo stehen die Radarger\u00e4te und wo stehen die Startger\u00e4te. Je mehr wir abspecken, umso ungenauer wird unser Plan und umso\u2026 Also wir haben ein Super-Tool, das hei\u00dft, wenn wir die Daten haben, k\u00f6nnen wir relativ pr\u00e4zise sagen, wenn wir das durchsetzen k\u00f6nnen. Alles, was ich irgendwo wegstreiche aus Feindgr\u00fcnden oder auch Komplexit\u00e4tsgr\u00fcnden, oder weil ich noch die Ausbildung nicht so weit habe, hei\u00dft dann immer auch eine Schm\u00e4lerung bei der Durchsetzungsf\u00e4higkeit.<\/p>\n<p><strong>33.33<\/strong><\/p>\n<p><strong>Gr\u00e4fe:<\/strong> Ja ja, klar. Aber es gibt jetzt keinen Grund, wo man sagt: \u201eDas ist der Show-Stopper\u201c, bei dem man sagt: \u201eDas kann man nicht machen.\u201c Es gibt verschiedene Abstufungen, je nachdem wo die politisch rote Linie ist, wird man\u2019s mal eventuell\u2026 Ach, nebenbei, diese Short-Track \/ Long-Track gef\u00e4llt mir auch ganz gut. Da gibt es unterschiedliche Zeitschienen und unterschiedliche M\u00f6glichkeiten der komplexen Nutzung, die mit der Zeit f\u00fcr die Ukraine besser handhabbar wird.<\/p>\n<p><strong>34.04<\/strong><\/p>\n<p><strong>Gerhartz:<\/strong> Definitiv, weil sie es t\u00e4glich machen k\u00f6nnen \u2013 Praxis.<\/p>\n<p><strong>34.07<\/strong><\/p>\n<p>Also ich denke, dass selbst wenn ich jetzt nicht dabei sein sollte, da wird der Minister ist sowieso ein total cooler Typ im Umgang. Also von daher\u2026.. Ihr seid die Experts. Mir war nur eben wichtig, dass wir einfach n\u00fcchtern da auftreten und nicht irgendwie Show-Stopper reinknallen, die man uns einfach\u2026 die nicht glaubw\u00fcrdig sind, wenn andere Nationen Storm Shadows und SCALP liefern.<\/p>\n<p>So, \u201eHurra\u201c schreie ich auch nicht. Ich mein, wir haben jetzt 3 ***radare vom 12 abgegeben. Da sind bei denen *** lange Gesichter gewesen. Aber im Moment schie\u00dfen sie die Flugzeuge und Raketen ab, die uns schon mal nicht treffen k\u00f6nnen.<\/p>\n<p><strong>35.08<\/strong><\/p>\n<p><strong>Gr\u00e4fe: <\/strong>Man muss ganz klar sagen: Je l\u00e4nger ihr wartet mit einer Entscheidung, umso l\u00e4nger dauert es hinterher, um es umzusetzen. Entweder die Abstufung: erst mal was Einfaches, sp\u00e4ter mal was Gr\u00f6\u00dferes. Oder die Frage an die Briten: \u201eK\u00f6nnt ihr uns am Anfang unterst\u00fctzen und diese Planung \u00fcbernehmen?\u201c K\u00f6nnte das, was in unserer Verantwortung liegt, beschleunigen. Wie gesagt, die Schnittstelle ist \u00fcberhaupt nicht unsere Verantwortung, das m\u00fcssten die Ukrainer mit der Firma selber machen.<\/p>\n<p><strong>35.50<\/strong><\/p>\n<p><strong>Gerhartz:<\/strong> Okay, von euch beiden noch Erg\u00e4nzungen?<\/p>\n<p><strong>Fenske:<\/strong> Keine, keine Erg\u00e4nzungen.<\/p>\n<p><strong>Florstedt:<\/strong> Bei mir nur, der Komo, <em>Pfenni<\/em> schreibt gerade \u201eBitte Inspektor ausrichten, dass das Interview heute mit SZ problemlos gelaufen ist, keine Komplikationen, unterrichte ihn morgen in Lage.\u201c<\/p>\n<p><strong>36.10<\/strong><\/p>\n<p><strong>Gerhartz:<\/strong> Wunderbar, sehr gut, sehr gut.<\/p>\n<p>Na ja, weil der Hintergrund ist nat\u00fcrlich der: Wir wollen jetzt nicht, dass der Ausschuss Probleme macht. Weil wenn er jetzt nicht durchdecken w\u00fcrde, diese \u2013 ich nenne sie mal \u201ePreissteigerung\u201c in Anf\u00fchrungszeichen, dann h\u00e4tten wir das Problem, dass schon die Bauarbeiten sich schieben w\u00fcrden. Das w\u00fcrde vielleicht den Baubeginn der Rohbauarbeiten dieses Jahr schon unm\u00f6glich machen. Und jeder Tag z\u00e4hlt in dem Programm. Deswegen ist es gut, dass das gut l\u00e4uft, das Interview.<\/p>\n<p>Und am Ende, denke ich, wenn wir jetzt am Mittwoch die Entscheidung bekommen, dass wir dann quasi weiter mit den zwei Konsortien fahren werden mit den Generalunternehmern. Wie gesagt, es k\u00f6nnte echt sein, dass wir bis der Minister entscheidet, den Gerhartz schicke ich in den Ausschuss. Die Experts, die sind sowieso da.<\/p>\n<p>Naja, m\u00fcssen wir gucken. Deswegen war es auch umso wichtiger, dass wir uns da vorher abgestimmt haben.<\/p>\n<p>Bastelt was, zu Visualisierung \u2013 nicht zu viel, immer dran denken: Die kommen aus einer ganz anderen Welt, aus einer ganz anderen Gedankenwelt, als wir, die wir uns hier grad unterhalten. Also\u2026 ja, dann passt das schon.<\/p>\n<p>Jut, alles klar. Dann bedanke ich mich f\u00fcr die Runde und w\u00fcnsche jedem frohes Schaffen und dann hoffe ich euch beide in Berlin zu sehen. Und dich dann, Frank, wenn du zur\u00fcck aus Singapur bist. Und wenn ich nicht dabei sein kann, dann kann sich ja einer von euch beiden dann einfach mal anschlie\u00dfen \u2026 mit mir contacten, weil\u2019s mich dann nat\u00fcrlich interessiert, wie es gelaufen ist beim guten Boris.<\/p>\n<p><a href=\"#top\"><span style=\"font-size: 10pt;\">\u2191 nach oben<\/span><\/a><\/p>\n<hr \/>\n<p><span style=\"font-size: 10pt;\">Bild oben: Screenshot (Standbild) der Ver\u00f6ffentlichung der Gespr\u00e4chsaufzeichnung auf <a href=\"https:\/\/vk.com\/video561960677_456241522\" target=\"_blank\" rel=\"noopener\">vk.com<\/a><\/span><\/p>\n<p>&nbsp;<\/p>\n","protected":false},"excerpt":{"rendered":"<p><b>Echtheit de facto best\u00e4tigt<\/b><br \/>\n<b>Beitrag von Thomas R\u00f6per<\/b>. mit Anh\u00e4ngen: <b>Mitschnitt des Gespr\u00e4ches<\/b> und <b>Transkript des Gespr\u00e4ches<\/b><br \/>\nDie deutschen Medien haben \u00fcber zw\u00f6lf Stunden gebraucht, bis sie \u00fcber das in Russland ver\u00f6ffentlichte Telefonat der deutschen Luftwaffengener\u00e4le berichtet haben. Die deutschen Leser erfahren allerdings nicht, worum es tats\u00e4chlich ging, weil die Medien vom eigentlichen Thema ablenken. Vorweg sei gesagt, dass die deutschen Medien die Echtheit des abgeh\u00f6rten und in Russland ver\u00f6ffentlichten Telefonates, in dem deutsche Luftwaffengener\u00e4le offen dar\u00fcber sprechen, wie man die Krimbr\u00fccke am besten mit deutschen Taurus-Raketen angreifen kann, in ihren Berichten best\u00e4tigt haben. Die Bild-Zeitung titelt beispielsweise \u201eUnfassbare Bundeswehr-Panne \u2013 Russen h\u00f6ren Geheim-Gespr\u00e4ch deutscher Gener\u00e4le ab\u201c und anstatt \u00fcber den Inhalt des Gespr\u00e4ches allzu viel zu berichten, entr\u00fcstet sich die Bild-Redaktion dar\u00fcber, dass die Bundeswehr abgeh\u00f6rt wurde.<\/p>\n","protected":false},"author":3,"featured_media":18464,"comment_status":"closed","ping_status":"closed","sticky":false,"template":"","format":"standard","meta":{"colormag_page_container_layout":"default_layout","colormag_page_sidebar_layout":"default_layout","advanced_seo_description":"","jetpack_seo_html_title":"","jetpack_seo_noindex":false,"jetpack_post_was_ever_published":false,"footnotes":""},"categories":[12],"tags":[2133,759,466,1526,2151,1819,1388,637,222,1111,639,1525],"class_list":["post-18461","post","type-post","status-publish","format-standard","has-post-thumbnail","hentry","category-demokratie-medien-aufklaerung","tag-abhoermassnahmen","tag-geheimdienste","tag-kommunikation","tag-kriegsbeteiligung","tag-luftwaffe","tag-marschflugkoerper","tag-presse","tag-propaganda","tag-russland","tag-ukraine","tag-ukraine-konflikt","tag-waffenlieferungen"],"jetpack_featured_media_url":"https:\/\/i0.wp.com\/www.freidenker.org\/fw17\/wp-content\/uploads\/2024\/03\/Telefonat_Luftwaffe2.jpg?fit=800%2C450&ssl=1","jetpack_shortlink":"https:\/\/wp.me\/p9stpK-4NL","jetpack-related-posts":[{"id":20409,"url":"https:\/\/www.freidenker.org\/?p=20409","url_meta":{"origin":18461,"position":0},"title":"Medien bereiten den Weg zum Krieg","author":"Webredaktion","date":"24. November 2024","format":false,"excerpt":"Beitrag von Thomas R\u00f6per Pr\u00e4sident Putin hat am Donnerstag in einer Rede angek\u00fcndigt, Russland sehe sich nach den Angriffen mit westlichen Waffen auf sein Gebiet berechtigt, Ziele in den L\u00e4ndern anzugreifen, die zu diesen Angriffen die Erlaubnis gegeben haben. Die deutschen Medien verschweigen das komplett. Ich bin von den deutschen\u2026","rel":"","context":"In &quot;Demokratie \u2013 Medien \u2013 Aufkl\u00e4rung&quot;","block_context":{"text":"Demokratie \u2013 Medien \u2013 Aufkl\u00e4rung","link":"https:\/\/www.freidenker.org\/?cat=12"},"img":{"alt_text":"","src":"https:\/\/i0.wp.com\/www.freidenker.org\/fw17\/wp-content\/uploads\/2024\/11\/Virtual_Studio_of_Tagesschau_800x450.jpg?fit=800%2C450&ssl=1&resize=350%2C200","width":350,"height":200,"srcset":"https:\/\/i0.wp.com\/www.freidenker.org\/fw17\/wp-content\/uploads\/2024\/11\/Virtual_Studio_of_Tagesschau_800x450.jpg?fit=800%2C450&ssl=1&resize=350%2C200 1x, https:\/\/i0.wp.com\/www.freidenker.org\/fw17\/wp-content\/uploads\/2024\/11\/Virtual_Studio_of_Tagesschau_800x450.jpg?fit=800%2C450&ssl=1&resize=525%2C300 1.5x, https:\/\/i0.wp.com\/www.freidenker.org\/fw17\/wp-content\/uploads\/2024\/11\/Virtual_Studio_of_Tagesschau_800x450.jpg?fit=800%2C450&ssl=1&resize=700%2C400 2x"},"classes":[]},{"id":15501,"url":"https:\/\/www.freidenker.org\/?p=15501","url_meta":{"origin":18461,"position":1},"title":"&#8222;Kriegste nicht zusammen im Kopf&#8220;","author":"Webredaktion","date":"16. M\u00e4rz 2023","format":false,"excerpt":"Beitrag von Gert Ewen Ungar Ina Ruck ist ARD-Moskau-Korrespondentin. Sie berichtet aus Russland und bedient sich dabei gern in Deutschland verbreiteten Klischees \u00fcber Russland und die Russen. Ihr wird oft Einseitigkeit in der Berichterstattung vorgeworfen und die Vorw\u00fcrfe sind begr\u00fcndet. Schon an ihrer Berichterstattung zu Nawalny wurde deutlich, dass Ruck\u2026","rel":"","context":"In &quot;Demokratie \u2013 Medien \u2013 Aufkl\u00e4rung&quot;","block_context":{"text":"Demokratie \u2013 Medien \u2013 Aufkl\u00e4rung","link":"https:\/\/www.freidenker.org\/?cat=12"},"img":{"alt_text":"","src":"https:\/\/i0.wp.com\/www.freidenker.org\/fw17\/wp-content\/uploads\/2023\/03\/ina_ruck_coll_800x450.jpg?fit=800%2C450&ssl=1&resize=350%2C200","width":350,"height":200,"srcset":"https:\/\/i0.wp.com\/www.freidenker.org\/fw17\/wp-content\/uploads\/2023\/03\/ina_ruck_coll_800x450.jpg?fit=800%2C450&ssl=1&resize=350%2C200 1x, https:\/\/i0.wp.com\/www.freidenker.org\/fw17\/wp-content\/uploads\/2023\/03\/ina_ruck_coll_800x450.jpg?fit=800%2C450&ssl=1&resize=525%2C300 1.5x, https:\/\/i0.wp.com\/www.freidenker.org\/fw17\/wp-content\/uploads\/2023\/03\/ina_ruck_coll_800x450.jpg?fit=800%2C450&ssl=1&resize=700%2C400 2x"},"classes":[]},{"id":17980,"url":"https:\/\/www.freidenker.org\/?p=17980","url_meta":{"origin":18461,"position":2},"title":"Die Bauernproteste in russischen Medien","author":"Webredaktion","date":"23. Januar 2024","format":false,"excerpt":"Beitrag von Gert Ewen Ungar Es wird Lenin zugeschrieben, gesagt zu haben, wenn die Deutschen einen Bahnhof st\u00fcrmen wollen, kaufen sie vorher eine Bahnsteigkarte. Mit umso mehr Erstaunen nahm man in Russland die Bauernproteste und ihren enormen Umfang zur Kenntnis. Russische Medien haben breit \u00fcber die landesweiten Aktionen berichtet. Die\u2026","rel":"","context":"In &quot;Demokratie \u2013 Medien \u2013 Aufkl\u00e4rung&quot;","block_context":{"text":"Demokratie \u2013 Medien \u2013 Aufkl\u00e4rung","link":"https:\/\/www.freidenker.org\/?cat=12"},"img":{"alt_text":"","src":"https:\/\/i0.wp.com\/www.freidenker.org\/fw17\/wp-content\/uploads\/2024\/01\/Bauernproteste_Nordhausen-6890_800x450.jpg?fit=800%2C450&ssl=1&resize=350%2C200","width":350,"height":200,"srcset":"https:\/\/i0.wp.com\/www.freidenker.org\/fw17\/wp-content\/uploads\/2024\/01\/Bauernproteste_Nordhausen-6890_800x450.jpg?fit=800%2C450&ssl=1&resize=350%2C200 1x, https:\/\/i0.wp.com\/www.freidenker.org\/fw17\/wp-content\/uploads\/2024\/01\/Bauernproteste_Nordhausen-6890_800x450.jpg?fit=800%2C450&ssl=1&resize=525%2C300 1.5x, https:\/\/i0.wp.com\/www.freidenker.org\/fw17\/wp-content\/uploads\/2024\/01\/Bauernproteste_Nordhausen-6890_800x450.jpg?fit=800%2C450&ssl=1&resize=700%2C400 2x"},"classes":[]},{"id":14665,"url":"https:\/\/www.freidenker.org\/?p=14665","url_meta":{"origin":18461,"position":3},"title":"&#8222;Warum stoppt niemand RT DE?&#8220;","author":"Webredaktion","date":"15. November 2022","format":false,"excerpt":"Beitrag von Gert Ewen Ungar Mit dem\u00a0der als Dokumentation getarnten Propagandasendung \"Russlands deutsche Propagandakrieger\" l\u00e4utet das ZDF die n\u00e4chste Runde im Kampf gegen russische Medien, vor allem aber gegen eine ausgewogene Berichterstattung und Diskussion zum Themenkomplex Ukraine-Konflikt ein.\u00a0Es ist ein weiterer Schritt in Richtung einer bereitwilligen Preisgabe grundlegender journalistischer Standards\u2026","rel":"","context":"In &quot;Demokratie \u2013 Medien \u2013 Aufkl\u00e4rung&quot;","block_context":{"text":"Demokratie \u2013 Medien \u2013 Aufkl\u00e4rung","link":"https:\/\/www.freidenker.org\/?cat=12"},"img":{"alt_text":"","src":"https:\/\/i0.wp.com\/www.freidenker.org\/fw17\/wp-content\/uploads\/2022\/11\/Lampe_-Russia_Today_800x450.jpg?fit=800%2C450&ssl=1&resize=350%2C200","width":350,"height":200,"srcset":"https:\/\/i0.wp.com\/www.freidenker.org\/fw17\/wp-content\/uploads\/2022\/11\/Lampe_-Russia_Today_800x450.jpg?fit=800%2C450&ssl=1&resize=350%2C200 1x, https:\/\/i0.wp.com\/www.freidenker.org\/fw17\/wp-content\/uploads\/2022\/11\/Lampe_-Russia_Today_800x450.jpg?fit=800%2C450&ssl=1&resize=525%2C300 1.5x, https:\/\/i0.wp.com\/www.freidenker.org\/fw17\/wp-content\/uploads\/2022\/11\/Lampe_-Russia_Today_800x450.jpg?fit=800%2C450&ssl=1&resize=700%2C400 2x"},"classes":[]},{"id":17318,"url":"https:\/\/www.freidenker.org\/?p=17318","url_meta":{"origin":18461,"position":4},"title":"Kriegsverbrechen: Vom unterschiedlichen Wert menschlichen Lebens","author":"Webredaktion","date":"24. Oktober 2023","format":false,"excerpt":"Beitrag von Gert Ewen Ungar Die Abriegelung des Gazastreifens durch Israel, die Blockade der Wasser- und Stromversorgung sowie der Beschuss von Zivilisten und ziviler Infrastruktur durch das israelische Milit\u00e4r sind Kriegsverbrechen. Das Leben von Zivilisten ist w\u00e4hrend eines milit\u00e4rischen Konflikts zu sch\u00fctzen, schreibt die Charta der UN vor. Auch ein\u2026","rel":"","context":"In &quot;Demokratie \u2013 Medien \u2013 Aufkl\u00e4rung&quot;","block_context":{"text":"Demokratie \u2013 Medien \u2013 Aufkl\u00e4rung","link":"https:\/\/www.freidenker.org\/?cat=12"},"img":{"alt_text":"","src":"https:\/\/i0.wp.com\/www.freidenker.org\/fw17\/wp-content\/uploads\/2023\/10\/children-8221325_800x450.jpg?fit=800%2C450&ssl=1&resize=350%2C200","width":350,"height":200,"srcset":"https:\/\/i0.wp.com\/www.freidenker.org\/fw17\/wp-content\/uploads\/2023\/10\/children-8221325_800x450.jpg?fit=800%2C450&ssl=1&resize=350%2C200 1x, https:\/\/i0.wp.com\/www.freidenker.org\/fw17\/wp-content\/uploads\/2023\/10\/children-8221325_800x450.jpg?fit=800%2C450&ssl=1&resize=525%2C300 1.5x, https:\/\/i0.wp.com\/www.freidenker.org\/fw17\/wp-content\/uploads\/2023\/10\/children-8221325_800x450.jpg?fit=800%2C450&ssl=1&resize=700%2C400 2x"},"classes":[]},{"id":17992,"url":"https:\/\/www.freidenker.org\/?p=17992","url_meta":{"origin":18461,"position":5},"title":"Die USA haben den US-amerikanischen Journalisten Gonzalo Lira in der Ukraine verrecken lassen","author":"Webredaktion","date":"23. Januar 2024","format":false,"excerpt":"Beitrag von Thomas R\u00f6per Der US-amerikanische Journalist Gonzalo Lira lebte in der Ukraine und hat mit Beginn der russischen Intervention im Februar 2022 sehr kritisch \u00fcber die Zust\u00e4nde in dem Land berichtet. Dabei hat er das ukrainische Selensky-Regime heftig kritisiert, weil es die Visapflicht f\u00fcr ausl\u00e4ndische S\u00f6ldner abgeschafft, Gefangene freigelassen\u2026","rel":"","context":"In &quot;Demokratie \u2013 Medien \u2013 Aufkl\u00e4rung&quot;","block_context":{"text":"Demokratie \u2013 Medien \u2013 Aufkl\u00e4rung","link":"https:\/\/www.freidenker.org\/?cat=12"},"img":{"alt_text":"","src":"https:\/\/i0.wp.com\/www.freidenker.org\/fw17\/wp-content\/uploads\/2024\/01\/Gonzalo_Lira_in_Kiev_2_800x450.jpg?fit=800%2C450&ssl=1&resize=350%2C200","width":350,"height":200,"srcset":"https:\/\/i0.wp.com\/www.freidenker.org\/fw17\/wp-content\/uploads\/2024\/01\/Gonzalo_Lira_in_Kiev_2_800x450.jpg?fit=800%2C450&ssl=1&resize=350%2C200 1x, https:\/\/i0.wp.com\/www.freidenker.org\/fw17\/wp-content\/uploads\/2024\/01\/Gonzalo_Lira_in_Kiev_2_800x450.jpg?fit=800%2C450&ssl=1&resize=525%2C300 1.5x, https:\/\/i0.wp.com\/www.freidenker.org\/fw17\/wp-content\/uploads\/2024\/01\/Gonzalo_Lira_in_Kiev_2_800x450.jpg?fit=800%2C450&ssl=1&resize=700%2C400 2x"},"classes":[]}],"_links":{"self":[{"href":"https:\/\/www.freidenker.org\/index.php?rest_route=\/wp\/v2\/posts\/18461","targetHints":{"allow":["GET"]}}],"collection":[{"href":"https:\/\/www.freidenker.org\/index.php?rest_route=\/wp\/v2\/posts"}],"about":[{"href":"https:\/\/www.freidenker.org\/index.php?rest_route=\/wp\/v2\/types\/post"}],"author":[{"embeddable":true,"href":"https:\/\/www.freidenker.org\/index.php?rest_route=\/wp\/v2\/users\/3"}],"replies":[{"embeddable":true,"href":"https:\/\/www.freidenker.org\/index.php?rest_route=%2Fwp%2Fv2%2Fcomments&post=18461"}],"version-history":[{"count":0,"href":"https:\/\/www.freidenker.org\/index.php?rest_route=\/wp\/v2\/posts\/18461\/revisions"}],"wp:featuredmedia":[{"embeddable":true,"href":"https:\/\/www.freidenker.org\/index.php?rest_route=\/wp\/v2\/media\/18464"}],"wp:attachment":[{"href":"https:\/\/www.freidenker.org\/index.php?rest_route=%2Fwp%2Fv2%2Fmedia&parent=18461"}],"wp:term":[{"taxonomy":"category","embeddable":true,"href":"https:\/\/www.freidenker.org\/index.php?rest_route=%2Fwp%2Fv2%2Fcategories&post=18461"},{"taxonomy":"post_tag","embeddable":true,"href":"https:\/\/www.freidenker.org\/index.php?rest_route=%2Fwp%2Fv2%2Ftags&post=18461"}],"curies":[{"name":"wp","href":"https:\/\/api.w.org\/{rel}","templated":true}]}}