{"id":18377,"date":"2024-02-27T23:12:27","date_gmt":"2024-02-27T22:12:27","guid":{"rendered":"https:\/\/www.freidenker.org\/?p=18377"},"modified":"2024-03-25T00:00:13","modified_gmt":"2024-03-24T23:00:13","slug":"buchlesung-reale-utopien-ein-besseres-leben-ist-machbar","status":"publish","type":"post","link":"https:\/\/www.freidenker.org\/?p=18377","title":{"rendered":"Buchlesung &#8211; Reale Utopien: Ein besseres Leben ist machbar!"},"content":{"rendered":"<p><strong>Wir laden ein zur Buchvorstellung mit anschlie\u00dfender Diskussion:<\/strong><\/p>\n<h4>Reale Utopien: Ein besseres Leben ist machbar!<\/h4>\n<p>Die Corona-Zeit hat offenbart, wie schnell B\u00fcrgerrechte und Eigen-Verantwortung ausgehebelt werden k\u00f6nnen. Es w\u00e4chst die Sorge vor Entm\u00fcndigung, Preisexplosionen, Verarmung \u2013 und die Sehnsucht nach einem sicheren und guten Leben. Nach einer menschlicheren Gesellschaft, in der Wirtschaft und Finanzen f\u00fcr den Menschen da sind und nicht umgekehrt. Und es gibt sie, diese handfesten Projekte.<\/p>\n<p>Der Autor und Sozialwissenschaftler <strong>Dr. Ulrich Gausmann<\/strong> hat sich bei alternativen Wirtschafts- und Finanzprojekten umgeschaut. Herausgekommen ist das Buch <strong><em>Wirtschaft und Finanzen neu gedacht \u2013 Revolution der Menschlichkeit<\/em>. <\/strong>Was macht Sinn? Was funktioniert? Und gibt es sie schon, die Revolution von unten?<\/p>\n<p><a href=\"https:\/\/i0.wp.com\/www.freidenker.org\/fw17\/wp-content\/uploads\/2024\/02\/gausmann_wirtschaft_und_finanzen_600px.jpg?ssl=1\"><img data-recalc-dims=\"1\" loading=\"lazy\" decoding=\"async\" data-attachment-id=\"18379\" data-permalink=\"https:\/\/www.freidenker.org\/?attachment_id=18379\" data-orig-file=\"https:\/\/i0.wp.com\/www.freidenker.org\/fw17\/wp-content\/uploads\/2024\/02\/gausmann_wirtschaft_und_finanzen_600px.jpg?fit=384%2C600&amp;ssl=1\" data-orig-size=\"384,600\" data-comments-opened=\"0\" data-image-meta=\"{&quot;aperture&quot;:&quot;0&quot;,&quot;credit&quot;:&quot;&quot;,&quot;camera&quot;:&quot;&quot;,&quot;caption&quot;:&quot;&quot;,&quot;created_timestamp&quot;:&quot;0&quot;,&quot;copyright&quot;:&quot;&quot;,&quot;focal_length&quot;:&quot;0&quot;,&quot;iso&quot;:&quot;0&quot;,&quot;shutter_speed&quot;:&quot;0&quot;,&quot;title&quot;:&quot;&quot;,&quot;orientation&quot;:&quot;1&quot;}\" data-image-title=\"gausmann_wirtschaft_und_finanzen_600px\" data-image-description=\"\" data-image-caption=\"\" data-large-file=\"https:\/\/i0.wp.com\/www.freidenker.org\/fw17\/wp-content\/uploads\/2024\/02\/gausmann_wirtschaft_und_finanzen_600px.jpg?fit=384%2C600&amp;ssl=1\" class=\"alignnone wp-image-18379 size-medium\" src=\"https:\/\/i0.wp.com\/www.freidenker.org\/fw17\/wp-content\/uploads\/2024\/02\/gausmann_wirtschaft_und_finanzen_600px.jpg?resize=192%2C300&#038;ssl=1\" alt=\"\" width=\"192\" height=\"300\" srcset=\"https:\/\/i0.wp.com\/www.freidenker.org\/fw17\/wp-content\/uploads\/2024\/02\/gausmann_wirtschaft_und_finanzen_600px.jpg?resize=192%2C300&amp;ssl=1 192w, https:\/\/i0.wp.com\/www.freidenker.org\/fw17\/wp-content\/uploads\/2024\/02\/gausmann_wirtschaft_und_finanzen_600px.jpg?w=384&amp;ssl=1 384w\" sizes=\"auto, (max-width: 192px) 100vw, 192px\" \/><\/a><\/p>\n<p><strong>Wann: <\/strong>Samstag, 23. M\u00e4rz 2024, 19:00 Uhr<\/p>\n<p><strong>Wo: <\/strong>Demokratische Trib\u00fcne<br \/>\n67434 Neustadt a.d.W.<br \/>\nMaximilianstr. 5 (Innenhof)<\/p>\n<p>&nbsp;<\/p>\n<p><img data-recalc-dims=\"1\" loading=\"lazy\" decoding=\"async\" data-attachment-id=\"18162\" data-permalink=\"https:\/\/www.freidenker.org\/?attachment_id=18162\" data-orig-file=\"https:\/\/i0.wp.com\/www.freidenker.org\/fw17\/wp-content\/uploads\/2024\/02\/Freidenker-Logo_2.jpg?fit=810%2C220&amp;ssl=1\" data-orig-size=\"810,220\" data-comments-opened=\"0\" data-image-meta=\"{&quot;aperture&quot;:&quot;0&quot;,&quot;credit&quot;:&quot;&quot;,&quot;camera&quot;:&quot;&quot;,&quot;caption&quot;:&quot;&quot;,&quot;created_timestamp&quot;:&quot;0&quot;,&quot;copyright&quot;:&quot;&quot;,&quot;focal_length&quot;:&quot;0&quot;,&quot;iso&quot;:&quot;0&quot;,&quot;shutter_speed&quot;:&quot;0&quot;,&quot;title&quot;:&quot;&quot;,&quot;orientation&quot;:&quot;1&quot;}\" data-image-title=\"Freidenker-Logo_2\" data-image-description=\"\" data-image-caption=\"\" data-large-file=\"https:\/\/i0.wp.com\/www.freidenker.org\/fw17\/wp-content\/uploads\/2024\/02\/Freidenker-Logo_2.jpg?fit=800%2C217&amp;ssl=1\" class=\"alignnone wp-image-18162 size-medium\" src=\"https:\/\/i0.wp.com\/www.freidenker.org\/fw17\/wp-content\/uploads\/2024\/02\/Freidenker-Logo_2.jpg?resize=300%2C81&#038;ssl=1\" alt=\"\" width=\"300\" height=\"81\" srcset=\"https:\/\/i0.wp.com\/www.freidenker.org\/fw17\/wp-content\/uploads\/2024\/02\/Freidenker-Logo_2.jpg?resize=300%2C81&amp;ssl=1 300w, https:\/\/i0.wp.com\/www.freidenker.org\/fw17\/wp-content\/uploads\/2024\/02\/Freidenker-Logo_2.jpg?resize=768%2C209&amp;ssl=1 768w, https:\/\/i0.wp.com\/www.freidenker.org\/fw17\/wp-content\/uploads\/2024\/02\/Freidenker-Logo_2.jpg?w=810&amp;ssl=1 810w\" sizes=\"auto, (max-width: 300px) 100vw, 300px\" \/><br \/>\n<strong>Landesverband Rheinland-Pfalz \/ Saarland<\/strong><\/p>\n<hr \/>\n<p><strong>Download<\/strong><\/p>\n<p><img data-recalc-dims=\"1\" loading=\"lazy\" decoding=\"async\" data-attachment-id=\"1076\" data-permalink=\"https:\/\/www.freidenker.org\/?attachment_id=1076\" data-orig-file=\"https:\/\/i0.wp.com\/www.freidenker.org\/fw17\/wp-content\/uploads\/2017\/10\/pdf_icon-2.png?fit=32%2C32&amp;ssl=1\" data-orig-size=\"32,32\" data-comments-opened=\"0\" data-image-meta=\"{&quot;aperture&quot;:&quot;0&quot;,&quot;credit&quot;:&quot;&quot;,&quot;camera&quot;:&quot;&quot;,&quot;caption&quot;:&quot;&quot;,&quot;created_timestamp&quot;:&quot;0&quot;,&quot;copyright&quot;:&quot;&quot;,&quot;focal_length&quot;:&quot;0&quot;,&quot;iso&quot;:&quot;0&quot;,&quot;shutter_speed&quot;:&quot;0&quot;,&quot;title&quot;:&quot;&quot;,&quot;orientation&quot;:&quot;0&quot;}\" data-image-title=\"pdf_icon\" data-image-description=\"\" data-image-caption=\"\" data-large-file=\"https:\/\/i0.wp.com\/www.freidenker.org\/fw17\/wp-content\/uploads\/2017\/10\/pdf_icon-2.png?fit=32%2C32&amp;ssl=1\" class=\"alignnone size-full wp-image-1076\" src=\"https:\/\/i0.wp.com\/www.freidenker.org\/fw17\/wp-content\/uploads\/2017\/10\/pdf_icon-2.png?resize=32%2C32&#038;ssl=1\" alt=\"\" width=\"32\" height=\"32\" \/> <a href=\"https:\/\/www.freidenker.org\/fw17\/wp-content\/uploads\/2024\/02\/Flyer-Gausmann.pdf\" target=\"_blank\" rel=\"noopener\">Flyer zur Veranstaltung<\/a> (PDF-Dokument, 159 KB)<\/p>\n<hr \/>\n<p><span style=\"font-size: 10pt;\">Bild oben: Buchtitel vom <span class=\"a-list-item\"><span class=\"a-text-bold\"> \u200e <\/span> massel Verlag \/ <\/span>Portrait von Dr. Ulrich Gausmann<\/span><\/p>\n","protected":false},"excerpt":{"rendered":"<p><b>Einladung zur Buchvorstellung mit anschlie\u00dfender Diskussion mit Dr. Ulrich Gausmann<\/b> am 23. M\u00e4rz 2024 in Neustadt a.d.W.<br \/>\nDie Corona-Zeit hat offenbart, wie schnell B\u00fcrgerrechte und Eigen-Verantwortung ausgehebelt werden k\u00f6nnen. Es w\u00e4chst die Sorge vor Entm\u00fcndigung, Preisexplosionen, Verarmung \u2013 und die Sehnsucht nach einem sicheren und guten Leben. Nach einer menschlicheren Gesellschaft, in der Wirtschaft und Finanzen f\u00fcr den Menschen da sind und nicht umgekehrt. Und es gibt sie, diese handfesten Projekte. Der Autor und Sozialwissenschaftler Dr. Ulrich Gausmann hat sich bei alternativen Wirtschafts- und Finanzprojekten umgeschaut. Herausgekommen ist das Buch Wirtschaft und Finanzen neu gedacht \u2013 Revolution der Menschlichkeit. Was macht Sinn? Was funktioniert? Und gibt es sie schon, die Revolution von unten?<\/p>\n","protected":false},"author":3,"featured_media":18384,"comment_status":"closed","ping_status":"closed","sticky":false,"template":"","format":"standard","meta":{"colormag_page_container_layout":"default_layout","colormag_page_sidebar_layout":"default_layout","advanced_seo_description":"","jetpack_seo_html_title":"","jetpack_seo_noindex":false,"jetpack_post_was_ever_published":false,"footnotes":""},"categories":[19],"tags":[1261,1115,976,1256,2141,2142,1085,1140,138,1595,122],"class_list":["post-18377","post","type-post","status-publish","format-standard","has-post-thumbnail","hentry","category-veranstaltungen-in-den-dfv-landesverbaenden","tag-armut","tag-buch","tag-buergerrechte","tag-corona-virus","tag-entmuendigung","tag-finanzen","tag-humanitaet","tag-lv-rheinland-pfalz-saarland","tag-revolution","tag-verantwortung","tag-wirtschaft"],"jetpack_featured_media_url":"https:\/\/i0.wp.com\/www.freidenker.org\/fw17\/wp-content\/uploads\/2024\/02\/Gausmann_Einladung_800x450-1.jpg?fit=800%2C450&ssl=1","jetpack_shortlink":"https:\/\/wp.me\/p9stpK-4Mp","jetpack-related-posts":[{"id":21120,"url":"https:\/\/www.freidenker.org\/?p=21120","url_meta":{"origin":18377,"position":0},"title":"Friedenstaub \u2013 III. Nationales Denkfest der Aktiven","author":"Webredaktion","date":"8. M\u00e4rz 2025","format":false,"excerpt":"Einladung zu Friedenstaub - III. Nationales Denkfest der Aktiven vom 28. - 30. M\u00e4rz 2025 im Ferienpark Retgendorf Liebe Friedensfreundinnen und Freunde, mit unseren Denkfesten der Aktiven haben wir uns vorgenommen, uns zu best\u00e4rken, zu motivieren, zusammzuf\u00fchren und Mut zu geben. An den Gr\u00fcnden unseres Treffens, n\u00e4mlich Waffenhandel, Geschichtsf\u00e4lschung, Krieg,\u2026","rel":"","context":"In &quot;Frieden - Antifaschismus - Solidarit\u00e4t&quot;","block_context":{"text":"Frieden - Antifaschismus - Solidarit\u00e4t","link":"https:\/\/www.freidenker.org\/?cat=13"},"img":{"alt_text":"","src":"https:\/\/i0.wp.com\/www.freidenker.org\/fw17\/wp-content\/uploads\/2025\/03\/Friedenstaub_denkfest3_v3_800x450.jpg?fit=800%2C450&ssl=1&resize=350%2C200","width":350,"height":200,"srcset":"https:\/\/i0.wp.com\/www.freidenker.org\/fw17\/wp-content\/uploads\/2025\/03\/Friedenstaub_denkfest3_v3_800x450.jpg?fit=800%2C450&ssl=1&resize=350%2C200 1x, https:\/\/i0.wp.com\/www.freidenker.org\/fw17\/wp-content\/uploads\/2025\/03\/Friedenstaub_denkfest3_v3_800x450.jpg?fit=800%2C450&ssl=1&resize=525%2C300 1.5x, https:\/\/i0.wp.com\/www.freidenker.org\/fw17\/wp-content\/uploads\/2025\/03\/Friedenstaub_denkfest3_v3_800x450.jpg?fit=800%2C450&ssl=1&resize=700%2C400 2x"},"classes":[]},{"id":8807,"url":"https:\/\/www.freidenker.org\/?p=8807","url_meta":{"origin":18377,"position":1},"title":"Lockdown 2020 \u2013 Mehr als eine Buchbesprechung","author":"Webredaktion","date":"17. Oktober 2020","format":false,"excerpt":"Rezension von Wolf Wetzel Das Buch \u201eLOCKDOWN 2020. Wie ein Virus dazu benutzt wird, die Gesellschaft zu ver\u00e4ndern\u201c (Hg. Hannes Hofbauer & Stefan Kraft) ... enth\u00e4lt zwanzig Beitr\u00e4ge, die das breite Feld abdecken, das Corona nicht entdeckt hat, sondern vorfindet. Es bringt biopolitische, staatstheoretische, \u00f6konomische und gesellschaftliche \u00dcberlegungen zusammen. Und\u2026","rel":"","context":"In &quot;Arbeit &amp; Soziales&quot;","block_context":{"text":"Arbeit &amp; Soziales","link":"https:\/\/www.freidenker.org\/?cat=11"},"img":{"alt_text":"","src":"https:\/\/i0.wp.com\/www.freidenker.org\/fw17\/wp-content\/uploads\/2020\/10\/Lockdown2020_titelcollage_800x450.jpg?fit=800%2C450&ssl=1&resize=350%2C200","width":350,"height":200,"srcset":"https:\/\/i0.wp.com\/www.freidenker.org\/fw17\/wp-content\/uploads\/2020\/10\/Lockdown2020_titelcollage_800x450.jpg?fit=800%2C450&ssl=1&resize=350%2C200 1x, https:\/\/i0.wp.com\/www.freidenker.org\/fw17\/wp-content\/uploads\/2020\/10\/Lockdown2020_titelcollage_800x450.jpg?fit=800%2C450&ssl=1&resize=525%2C300 1.5x, https:\/\/i0.wp.com\/www.freidenker.org\/fw17\/wp-content\/uploads\/2020\/10\/Lockdown2020_titelcollage_800x450.jpg?fit=800%2C450&ssl=1&resize=700%2C400 2x"},"classes":[]},{"id":15012,"url":"https:\/\/www.freidenker.org\/?p=15012","url_meta":{"origin":18377,"position":2},"title":"Deutschland, ein rechtsfreier Raum","author":"Webredaktion","date":"20. Januar 2023","format":false,"excerpt":"Auszug aus dem Buch \u201eAusnahmezustand \u2013 Geopolitische Einsichten und Analysen unter Ber\u00fccksichtigung des Ukraine-Konflikts\" von Wolfgang Bittner Wer h\u00e4tte gedacht, dass in Deutschland eine Regierung an die Macht kommt, die den Ruin der Wirtschaft und die Verarmung weiter Teile der Gesellschaft betreibt? Wer h\u00e4tte sich vorstellen k\u00f6nnen, dass Grundrechte per\u2026","rel":"","context":"In &quot;Demokratie \u2013 Medien \u2013 Aufkl\u00e4rung&quot;","block_context":{"text":"Demokratie \u2013 Medien \u2013 Aufkl\u00e4rung","link":"https:\/\/www.freidenker.org\/?cat=12"},"img":{"alt_text":"","src":"https:\/\/i0.wp.com\/www.freidenker.org\/fw17\/wp-content\/uploads\/2023\/01\/bittner_ausnahmezustand_800x450.jpg?fit=800%2C450&ssl=1&resize=350%2C200","width":350,"height":200,"srcset":"https:\/\/i0.wp.com\/www.freidenker.org\/fw17\/wp-content\/uploads\/2023\/01\/bittner_ausnahmezustand_800x450.jpg?fit=800%2C450&ssl=1&resize=350%2C200 1x, https:\/\/i0.wp.com\/www.freidenker.org\/fw17\/wp-content\/uploads\/2023\/01\/bittner_ausnahmezustand_800x450.jpg?fit=800%2C450&ssl=1&resize=525%2C300 1.5x, https:\/\/i0.wp.com\/www.freidenker.org\/fw17\/wp-content\/uploads\/2023\/01\/bittner_ausnahmezustand_800x450.jpg?fit=800%2C450&ssl=1&resize=700%2C400 2x"},"classes":[]},{"id":23020,"url":"https:\/\/www.freidenker.org\/?p=23020","url_meta":{"origin":18377,"position":3},"title":"35. Jahrestag der Wende Deutschlands und eine utopische Forderung","author":"Webredaktion","date":"5. Oktober 2025","format":false,"excerpt":"Beitrag von\u00a0Bernhard Taureck Der dritte Oktober \u2013 es vergingen inzwischen 35 Jahre seit der Wende \u2013 wurde als Zeichen der nationalen Begl\u00fcckung gefeiert und erweist sich l\u00e4ngst als Zeichen eine absichtlich betriebenen Unterprivilegierung der DDR-B\u00fcrger. Die in der DDR aufgewachsene Daniela Dahn, mit der ich in 2002 in Berlin sprach,\u2026","rel":"","context":"In &quot;Demokratie \u2013 Medien \u2013 Aufkl\u00e4rung&quot;","block_context":{"text":"Demokratie \u2013 Medien \u2013 Aufkl\u00e4rung","link":"https:\/\/www.freidenker.org\/?cat=12"},"img":{"alt_text":"","src":"https:\/\/i0.wp.com\/www.freidenker.org\/fw17\/wp-content\/uploads\/2025\/10\/Checkpointcharlie_2_800x450.jpg?fit=800%2C450&ssl=1&resize=350%2C200","width":350,"height":200,"srcset":"https:\/\/i0.wp.com\/www.freidenker.org\/fw17\/wp-content\/uploads\/2025\/10\/Checkpointcharlie_2_800x450.jpg?fit=800%2C450&ssl=1&resize=350%2C200 1x, https:\/\/i0.wp.com\/www.freidenker.org\/fw17\/wp-content\/uploads\/2025\/10\/Checkpointcharlie_2_800x450.jpg?fit=800%2C450&ssl=1&resize=525%2C300 1.5x, https:\/\/i0.wp.com\/www.freidenker.org\/fw17\/wp-content\/uploads\/2025\/10\/Checkpointcharlie_2_800x450.jpg?fit=800%2C450&ssl=1&resize=700%2C400 2x"},"classes":[]},{"id":22168,"url":"https:\/\/www.freidenker.org\/?p=22168","url_meta":{"origin":18377,"position":4},"title":"Bodo Schiffmann: &#8222;Warum Deutschland seine Geschichte nicht aufarbeitet&#8220;","author":"Webredaktion","date":"24. Juni 2025","format":false,"excerpt":"Beitrag von Gert Ewen Ungar Bodo Schiffmann ist Arzt. Bis 2020 war seine berufliche Karriere unauff\u00e4llig. Abitur, Zivildienst, Studium, Promotion, schlie\u00dflich praktizierender Hals-Nasen-Ohren-Arzt. Dann kam Corona. Seine ma\u00dfnahmenkritische Haltung bescherte Schiffmann einen recht langen\u00a0Eintrag\u00a0auf\u00a0Wikipedia, dem jedes Bem\u00fchen um Objektivit\u00e4t fehlt. Schiffmann sei Verschw\u00f6rungstheoretiker, Querdenker, Corona-Leugner und Holocaust-Verharmloser. [...] Schiffmann ist\u2026","rel":"","context":"In &quot;Demokratie \u2013 Medien \u2013 Aufkl\u00e4rung&quot;","block_context":{"text":"Demokratie \u2013 Medien \u2013 Aufkl\u00e4rung","link":"https:\/\/www.freidenker.org\/?cat=12"},"img":{"alt_text":"","src":"https:\/\/i0.wp.com\/www.freidenker.org\/fw17\/wp-content\/uploads\/2025\/06\/Autokorso_Kellmuenz_an_der_Iller_800x450.jpg?fit=800%2C450&ssl=1&resize=350%2C200","width":350,"height":200,"srcset":"https:\/\/i0.wp.com\/www.freidenker.org\/fw17\/wp-content\/uploads\/2025\/06\/Autokorso_Kellmuenz_an_der_Iller_800x450.jpg?fit=800%2C450&ssl=1&resize=350%2C200 1x, https:\/\/i0.wp.com\/www.freidenker.org\/fw17\/wp-content\/uploads\/2025\/06\/Autokorso_Kellmuenz_an_der_Iller_800x450.jpg?fit=800%2C450&ssl=1&resize=525%2C300 1.5x, https:\/\/i0.wp.com\/www.freidenker.org\/fw17\/wp-content\/uploads\/2025\/06\/Autokorso_Kellmuenz_an_der_Iller_800x450.jpg?fit=800%2C450&ssl=1&resize=700%2C400 2x"},"classes":[]},{"id":7880,"url":"https:\/\/www.freidenker.org\/?p=7880","url_meta":{"origin":18377,"position":5},"title":"Israelische Soldaten zerst\u00f6ren pal\u00e4stinensische Behelfsklinik","author":"Webredaktion","date":"5. April 2020","format":false,"excerpt":"In der Rubrik Tagesdosis wurde am 03.04.2020 bei KenFM der Beitrag \u201eIsraelische Soldaten bestehlen und zerst\u00f6ren pal\u00e4stinensische Behelfsklinik gegen Covid-19\u201c von Rainer Rupp ver\u00f6ffentlicht. Unvorstellbar aber wahr, w\u00e4hrend sich der Corona Virus auch in den besetzten Gebieten verbreitet, hatte die israelische Soldateska nichts Besseres zu tun, als mit Planierraupen, Hebekr\u00e4nen\u2026","rel":"","context":"In &quot;Arbeit &amp; Soziales&quot;","block_context":{"text":"Arbeit &amp; Soziales","link":"https:\/\/www.freidenker.org\/?cat=11"},"img":{"alt_text":"","src":"https:\/\/i0.wp.com\/www.freidenker.org\/fw17\/wp-content\/uploads\/2020\/04\/pal%C3%A4stina_klinik_800x449.jpg?fit=800%2C449&ssl=1&resize=350%2C200","width":350,"height":200,"srcset":"https:\/\/i0.wp.com\/www.freidenker.org\/fw17\/wp-content\/uploads\/2020\/04\/pal%C3%A4stina_klinik_800x449.jpg?fit=800%2C449&ssl=1&resize=350%2C200 1x, https:\/\/i0.wp.com\/www.freidenker.org\/fw17\/wp-content\/uploads\/2020\/04\/pal%C3%A4stina_klinik_800x449.jpg?fit=800%2C449&ssl=1&resize=525%2C300 1.5x, https:\/\/i0.wp.com\/www.freidenker.org\/fw17\/wp-content\/uploads\/2020\/04\/pal%C3%A4stina_klinik_800x449.jpg?fit=800%2C449&ssl=1&resize=700%2C400 2x"},"classes":[]}],"_links":{"self":[{"href":"https:\/\/www.freidenker.org\/index.php?rest_route=\/wp\/v2\/posts\/18377","targetHints":{"allow":["GET"]}}],"collection":[{"href":"https:\/\/www.freidenker.org\/index.php?rest_route=\/wp\/v2\/posts"}],"about":[{"href":"https:\/\/www.freidenker.org\/index.php?rest_route=\/wp\/v2\/types\/post"}],"author":[{"embeddable":true,"href":"https:\/\/www.freidenker.org\/index.php?rest_route=\/wp\/v2\/users\/3"}],"replies":[{"embeddable":true,"href":"https:\/\/www.freidenker.org\/index.php?rest_route=%2Fwp%2Fv2%2Fcomments&post=18377"}],"version-history":[{"count":0,"href":"https:\/\/www.freidenker.org\/index.php?rest_route=\/wp\/v2\/posts\/18377\/revisions"}],"wp:featuredmedia":[{"embeddable":true,"href":"https:\/\/www.freidenker.org\/index.php?rest_route=\/wp\/v2\/media\/18384"}],"wp:attachment":[{"href":"https:\/\/www.freidenker.org\/index.php?rest_route=%2Fwp%2Fv2%2Fmedia&parent=18377"}],"wp:term":[{"taxonomy":"category","embeddable":true,"href":"https:\/\/www.freidenker.org\/index.php?rest_route=%2Fwp%2Fv2%2Fcategories&post=18377"},{"taxonomy":"post_tag","embeddable":true,"href":"https:\/\/www.freidenker.org\/index.php?rest_route=%2Fwp%2Fv2%2Ftags&post=18377"}],"curies":[{"name":"wp","href":"https:\/\/api.w.org\/{rel}","templated":true}]}}