{"id":18316,"date":"2024-02-23T02:46:03","date_gmt":"2024-02-23T01:46:03","guid":{"rendered":"https:\/\/www.freidenker.org\/?p=18316"},"modified":"2024-04-03T13:34:54","modified_gmt":"2024-04-03T11:34:54","slug":"kriegstreiber-unerwuenscht","status":"publish","type":"post","link":"https:\/\/www.freidenker.org\/?p=18316","title":{"rendered":"Kriegstreiber unerw\u00fcnscht!"},"content":{"rendered":"<p>Am 17. Februar fand eine gro\u00dfe und vor allem friedliche Protestveranstaltung gegen die Versammlung der Kriegstreiber, die vom 16. &#8211; 18. Februar unter dem Rubrum &#8222;M\u00fcnchner Sicherheitskonferenz&#8220; im Bayrischen Hof zelebriert wurde, statt. Wir dokumentieren hier den Text der Rede, die Oberstleutnant a.D. J\u00fcrgen Rose, Vorsitzender des Arbeitskreises &#8222;Darmst\u00e4dter Signal&#8220; und Mitglied des Beirats des Deutschen Freidenker-Verbandes, w\u00e4hrend der Abschlusskundgebung auf dem Marienplatz gehalten hat.<\/p>\n<p style=\"text-align: right;\"><em>Webredaktion<\/em><\/p>\n<hr \/>\n<h4>Kriegstreiber unerw\u00fcnscht!<\/h4>\n<p><em>Rede von <strong>J\u00fcrgen Rose<\/strong><\/em><br \/>\n<em>anl\u00e4sslich der 60. M\u00fcnchner (Un-)Sicherheitskonferenz am 17. Februar 2024<\/em><\/p>\n<p><span style=\"font-size: 10pt;\">Ver\u00f6ffentlichung mit Genehmigung des Autors<\/span><\/p>\n<p>Sehr geehrte Versammelte, liebe Friedensfreundinnen und Friedensfreunde!<\/p>\n<p>Es ehrt Sie sehr, dass Sie heute hier so zahlreich erschienen sind und damit ein Zeichen setzen f\u00fcr den Frieden auf der Welt, obschon es durchaus Elan und Mut braucht, um in diesen Zeiten allgegenw\u00e4rtigen und allumfassenden Kriegs- und Sieggetrommels aufzustehen und die Stimme zu erheben gegen das massenhafte Morden auf den \u201eKilling Fields\u201c dieser Welt, zumal Menschen wie wir vielfach unverbl\u00fcmt als \u00a0\u201eLumpenpazifisten\u201c diffamiert werden seitens zahlreicher politischer und journalistischer Claqueure des Krieges, die umgekehrt wohl am treffendsten als \u201eSchurkenbellizisten\u201c zu titulieren w\u00e4ren. An diesem Wochenende hat sich hier in M\u00fcnchen zum sechzigsten Mal eine illustre Auswahl dieser Spezies im Rahmen der sogenannten \u201eM\u00fcnchner Sicherheitskonferenz\u201c versammelt \u2013 und zwar nicht, um \u00fcber den Frieden auf der Welt und m\u00f6gliche Wege dahin wie vertrauens- und sicherheitsbildende Ma\u00dfnahmen, R\u00fcstungskontrolle und Abr\u00fcstung sowie Entspannung und friedliche Koexistenz zu diskutieren.<\/p>\n<p>Nein, auf diesem Stelldichein der NATO-Warlords geht es unter Federf\u00fchrung der USA \u2013 jenem ruchlosen Imperium der Barbarei, von dem nach wie vor die gr\u00f6\u00dfte Gefahr f\u00fcr den Weltfrieden und die internationale Sicherheit ausgeht \u2013 vornehmlich um gewinntr\u00e4chtige Aufr\u00fcstung zugunsten einer ma\u00dflosen R\u00fcstungsindustrie sowie die Planungen f\u00fcr siegreiche Kriege jetzt und in der Zukunft \u2013das aktuelle \u201eStrategische Konzept\u201c der NATO, verabschiedet letztes Jahr in Madrid, legt beredtes Zeugnis davon ab. Und deshalb handelt es sich bei der sogenannten \u201eM\u00fcnchner Sicherheitskonferenz\u201c um eine grobe Irref\u00fchrung des Publikums, denn in Wahrheit wird hier vor den Augen der Welt\u00f6ffentlichkeit eine h\u00f6chst sch\u00e4ndliche \u201eUnSicherheitskonferenz\u201d zelebriert.<\/p>\n<p>\u00dcber die \u201eDrahtzieher der Kriege\u201c hat sich Papst Franziskus in seiner Weihnachtsbotschaft vom 25. Dezember 2023 glasklar ge\u00e4u\u00dfert, als er dazu aufforderte, \u201e\u2018Nein\u2018 zum Krieg zu sagen &#8211; und zwar mit Mut: Nein sagen zum Krieg, zu jedem Krieg, zur Logik des Krieges selbst, der eine Reise ohne Ziel, eine Niederlage ohne Sieger und ein Wahnsinn ist, f\u00fcr den es keine Entschuldigung gibt. \u2026 Um aber \u201eNein\u201c zum Krieg zu sagen, muss man \u201eNein\u201c zu den Waffen sagen. \u2026 [W]ie kann man von Frieden sprechen, wenn Produktion, Verkauf und Handel von Waffen zunehmen? \u2026 Die Menschen, die keine Waffen, sondern Brot haben wollen, die sich abm\u00fchen, um \u00fcber die Runden zu kommen und um Frieden bitten, wissen nicht, wie viel \u00f6ffentliches Geld f\u00fcr R\u00fcstung ausgegeben wird. Doch sie sollten es wissen! Dar\u00fcber soll man sprechen, dar\u00fcber soll man schreiben, damit die Interessen und Gewinne bekannt werden, die die Drahtzieher der Kriege sind.\u201d<\/p>\n<p>Die vom Papst adressierten \u201eDrahtzieher der Kriege\u201c sind der Welt wohlbekannt: Es handelt sich um die NATO-Warlords, die soeben nicht weit von hier versammelt sind. Allen voran die USA, \u00fcber die der Literaturnobelpreistr\u00e4ger Thomas Mann in seinem \u201eAufruf an die Europ\u00e4er\u201c bereits im Jahr 1953 au\u00dferordentlich hellsichtig konstatierte, dass diese \u201eEuropa als \u00f6konomische Kolonie, milit\u00e4rische Basis, Gla\u00e7is im zuk\u00fcnftigen Atom-Kreuzzug gegen Russland \u2026 behandeln, als ein zwar antiquarisch interessantes und bereisenswertes St\u00fcck Erde, um dessen vollst\u00e4ndigen Ruin man sich aber den Teufel scheren wird, wenn es den Kampf um die Weltherrschaft gilt.\u201c Exakt so ist heute die Lage wie der von der NATO unter R\u00e4delsf\u00fchrerschaft der USA angestiftete und provozierte Angriffskrieg der Russl\u00e4ndischen F\u00f6deration gegen die Ukraine schlagend beweist. Es war der amtierende NATO-Generalsekret\u00e4r Jens Stoltenberg h\u00f6chstpers\u00f6nlich, der diesen Umstand im M\u00e4rz 2022 best\u00e4tigte, als er zu Protokoll gab: \u201eMan muss bedenken, dass seit der illegalen Annexion der Krim 2014 die Nato-Alliierten Zehntausende von ukrainischen Soldaten geschult haben, die jetzt an der Front stehen. Und wir haben sie ausger\u00fcstet. Die ukrainische Armee ist jetzt wesentlich st\u00e4rker, viel besser ausger\u00fcstet als 2014.\u201c Dar\u00fcber hinaus br\u00fcstete sich Stoltenberg offen damit, dass die NATO jegliches Angebot Russlands zu einer Konfliktl\u00f6sung auf diplomatischem Wege br\u00fcsk abgelehnt und dadurch ma\u00dfgeblich zur Entfesselung des Krieges in der Ukraine beigetragen habe: \u201eHintergrund war, was Pr\u00e4sident Putin im Herbst 2021 erkl\u00e4rte und tats\u00e4chlich einen Vertragsentwurf geschickt hat, den die Nato unterzeichnen sollte, mit dem Versprechen, dass es keine weitere NATO-Erweiterung gebe. \u2026 Und das war eine Vorbedingung daf\u00fcr, nicht in die Ukraine einzumarschieren. Das haben wir nat\u00fcrlich nicht unterschrieben. \u2026 Also zog er in den Krieg, um die NATO, mehr NATO, in der N\u00e4he seiner Grenzen zu verhindern.\u201d Es mag erstaunlich wirken, aber mitunter lassen die \u201eDrahtzieher der Kriege\u201c doch tats\u00e4chlich ihre Maske fallen und machen sich \u2013 warum auch immer \u2013 ehrlich. Angesichts der \u00fcberw\u00e4ltigenden Faktenlage bleibt hinsichtlich der Frage nach den Drahtziehern des Krieges in der Ukraine nur ein einziger m\u00f6glicher Befund, n\u00e4mlich: Ohne NATO kein Krieg in der Ukraine und ohne NATO-Osterweiterung keine russischen Truppen in der Ukraine!<\/p>\n<p>\u00dcber jene Kriegstreiber sowie die niederschmetternde Inkompetenz und Pflichtvergessenheit der deutschen Regierungs(un)verantwortlichen \u00e4u\u00dferte sich der vormalige Generalinspekteur der Bundeswehr sowie Vorsitzende des NATO-Milit\u00e4rausschusses, Vier-Sterne-General a. D. Harald Kujat, in f\u00fcr den ehemals h\u00f6chstrangigen deutschen Soldaten nachgerade spektakul\u00e4rer Freim\u00fctigkeit: \u201eDas ganze Problem ist, dass wir sp\u00e4testens seit dem letzten Regierungswechsel hier in Deutschland Leute an der Spitze des Landes haben, die &#8230; sagen wir einfach, dass diese Leute aufgrund ihrer Inkompetenz und Ignoranz Fehler machen, und wir haben die Politik, die sie verfolgen. &#8230; Dies ist eine gef\u00e4hrliche Politik. Sie wird fanatisch betrieben, nach dem gleichen Prinzip, wie ein Pferd mit Scheuklappen vor den Augen. Keiner schaut nach rechts oder links. Gewinne und Verluste f\u00fcr die Deutschen werden nicht in Betracht gezogen.<\/p>\n<p>Aber das Wichtigste ist: Niemand denkt daran, welche Folgen eine solche Politik f\u00fcr die Ukrainer haben wird. Aber sie leiden in erster Linie unter den aktuellen K\u00e4mpfen. Hunderttausende von Menschen wurden get\u00f6tet, das Land wurde zerst\u00f6rt. Unsere Politiker rei\u00dfen das alles aus dem Zusammenhang und rufen laut: &#8218;Hauptsache, die Ukraine muss gewinnen.&#8216; Das klingt wie ein Mantra. &#8230; Aber, h\u00f6ren Sie, das ist keine Politik! So macht man keine Politik. Das ist Fanatismus. Und das ist eine gro\u00dfe Entt\u00e4uschung. Und nat\u00fcrlich ist es sehr schwer zu beobachten, wie all die Erfahrungen, die wir in den letzten Jahrzehnten gesammelt haben, vergessen werden. Diese Erfahrung wird von der deutschen F\u00fchrung einfach mit F\u00fc\u00dfen getreten, obwohl sie sowohl in der Au\u00dfenpolitik als auch in der Sicherheitssph\u00e4re sehr n\u00fctzlich war. Es waren diese Erfahrungen, die es uns erm\u00f6glicht haben, die Wiedervereinigung Deutschlands zu erreichen. Dank der Politik, die auf dieser Erfahrung aufbaut, leben wir seit Jahrzehnten in Sicherheit und Wohlstand. &#8230; Ich halte dieses Verhalten [der deutschen Politiker] f\u00fcr unverantwortlich.\u201d<\/p>\n<p>Sowohl f\u00fcr die kriegsgebeutelte Ukraine als auch f\u00fcr eine f\u00fcrderhin unabdingbare europ\u00e4ische Sicherheitsarchitektur verhei\u00dft dies nichts Gutes. Die f\u00fcr eine Neugestaltung letzterer essentielle Pr\u00e4misse brachte der Direktor des UN Sustainable Development Solutions Network\u2019s, der US-amerikanische Professor Jeffrey David Sachs auf den Punkt, indem er die Vereinigten Staaten von Amerika als f\u00fcr den Krieg in der Ukraine hauptverantwortliche Imperialmacht mit den Worten adressierte: \u201eDer Krieg in der Ukraine kann und wird aufh\u00f6ren, wenn die USA endlich ihre Bem\u00fchungen um eine Ausweitung der Nato auf die Ukraine einstellen und statt dessen direkt mit Russland \u00fcber dringende Fragen der gegenseitigen Sicherheit verhandeln, einschlie\u00dflich einer erneuerten Diplomatie zur nuklearen Abr\u00fcstung.\u201d<\/p>\n<p>F\u00fcr die Zivilgesellschaften in \u201eNATOstan\u201c folgt hieraus wie schon zu Zeiten des verbrecherischen Krieges der USA in Vietnam und wie in Zeiten einer ma\u00dflosen nuklearen Hochr\u00fcstung in den achtziger Jahren des vergangenen Jahrhunderts \u201eaufzustehen f\u00fcr den Frieden\u201c, \u201eSchwerter zu Pflugscharen\u201c zu schmieden und \u201eFrieden mit weniger \u2013 oder besser noch \u2013 ganz ohne Waffen\u201c zu schaffen, denn wie hatte Kurt Tucholsky dereinst so unwiderleglich gemahnt: \u201eDer Krieg ist aber unter allen Umst\u00e4nden tief unsittlich.\u201d<\/p>\n<p style=\"text-align: right;\"><em>Oberstleutnant a.D. J\u00fcrgen Rose ist Vorsitzender des Arbeitskreises &#8222;Darmst\u00e4dter Signal&#8220; und Mitglied des Beirats des Deutschen Freidenker-Verbandes<\/em><\/p>\n<hr \/>\n<h4>Video<\/h4>\n<p>Gerhard Hallermeier hat die Abschlussveranstaltung auf dem Marienplatz als Video ver\u00f6ffentlicht. Darin sind u.a. die Reden von Clare Daly und Yanis Varoufakis sowie die von J\u00fcrgen Rose (Beginn bei 22:02 min) enthalten.<\/p>\n<div class=\"jetpack-video-wrapper\"><span class=\"embed-youtube\" style=\"text-align:center; display: block;\"><iframe loading=\"lazy\" class=\"youtube-player\" width=\"800\" height=\"450\" src=\"https:\/\/www.youtube.com\/embed\/iAHC7AIDOEI?version=3&#038;rel=1&#038;showsearch=0&#038;showinfo=1&#038;iv_load_policy=1&#038;fs=1&#038;hl=de-DE&#038;autohide=2&#038;start=1322&#038;wmode=transparent\" allowfullscreen=\"true\" style=\"border:0;\" sandbox=\"allow-scripts allow-same-origin allow-popups allow-presentation allow-popups-to-escape-sandbox\"><\/iframe><\/span><\/div>\n<p><span style=\"font-size: 10pt;\">Direktlink zum Video von Gerhard Hallermeier auf YouTube (Einsprung bei 22:02 min): <a href=\"https:\/\/www.youtube.com\/watch?v=iAHC7AIDOEI&amp;t=1322s\" target=\"_blank\" rel=\"noopener\">https:\/\/www.youtube.com\/watch?v=iAHC7AIDOEI&amp;t=1322s<\/a><\/span><\/p>\n<hr \/>\n<p><span style=\"font-size: 10pt;\">Bild oben: Gerd Rose w\u00e4hrend seiner Rede. Screenshot aus dem Video von Gerhard Hallermeier<\/span><\/p>\n","protected":false},"excerpt":{"rendered":"<p><b>Rede von J\u00fcrgen Rose<\/b> anl\u00e4sslich der 60. M\u00fcnchner (Un-)Sicherheitskonferenz am 17. Februar 2024<br \/>\nSehr geehrte Versammelte, liebe Friedensfreundinnen und Friedensfreunde! Es ehrt Sie sehr, dass Sie heute hier so zahlreich erschienen sind und damit ein Zeichen setzen f\u00fcr den Frieden auf der Welt, obschon es durchaus Elan und Mut braucht, um in diesen Zeiten allgegenw\u00e4rtigen und allumfassenden Kriegs- und Sieggetrommels aufzustehen und die Stimme zu erheben gegen das massenhafte Morden auf den \u201eKilling Fields\u201c dieser Welt, zumal Menschen wie wir vielfach unverbl\u00fcmt als \u00a0\u201eLumpenpazifisten\u201c diffamiert werden seitens zahlreicher politischer und journalistischer Claqueure des Krieges, die umgekehrt wohl am treffendsten als \u201eSchurkenbellizisten\u201c zu titulieren w\u00e4ren. <\/p>\n","protected":false},"author":3,"featured_media":18319,"comment_status":"closed","ping_status":"closed","sticky":false,"template":"","format":"standard","meta":{"colormag_page_container_layout":"default_layout","colormag_page_sidebar_layout":"default_layout","advanced_seo_description":"","jetpack_seo_html_title":"","jetpack_seo_noindex":false,"jetpack_post_was_ever_published":false,"footnotes":""},"categories":[13],"tags":[699,335,339,56,124,222,1865,1105,639,185,1715,1416],"class_list":["post-18316","post","type-post","status-publish","format-standard","has-post-thumbnail","hentry","category-frieden-antifaschismus-solidaritaet","tag-aussenpolitik","tag-frieden","tag-kriegspropaganda","tag-nato","tag-politik","tag-russland","tag-schwerter-zu-pflugscharen","tag-sicherheitskonferenz","tag-ukraine-konflikt","tag-usa","tag-verhandlungen","tag-waffen"],"jetpack_featured_media_url":"https:\/\/i0.wp.com\/www.freidenker.org\/fw17\/wp-content\/uploads\/2024\/02\/Rose_Rede_Siko_2024_800x450.jpg?fit=800%2C450&ssl=1","jetpack_shortlink":"https:\/\/wp.me\/p9stpK-4Lq","jetpack-related-posts":[{"id":12267,"url":"https:\/\/www.freidenker.org\/?p=12267","url_meta":{"origin":18316,"position":0},"title":"M\u00fcnchen: Stoppt den Kriegskurs der NATO-Staaten","author":"Webredaktion","date":"22. Februar 2022","format":false,"excerpt":"Videos und Bilder vom Protest gegen die M\u00fcnchner \u201eSicherheitskonferenz\u201c 2022 Gegen die Kriegspropaganda der NATO Staaten und der EU demonstrierten am 19. Februar 2022\u00a0 \u00fcber 3000 Menschen in einer machtvollen Demonstration vom M\u00fcnchner Stachus zum Marienplatz. Dort fand die Abschlusskundgebung statt. Auch diesmal haben wieder viele Freidenker teilgenommen. Wir dokumentieren\u2026","rel":"","context":"In &quot;Frieden - Antifaschismus - Solidarit\u00e4t&quot;","block_context":{"text":"Frieden - Antifaschismus - Solidarit\u00e4t","link":"https:\/\/www.freidenker.org\/?cat=13"},"img":{"alt_text":"","src":"https:\/\/i0.wp.com\/www.freidenker.org\/fw17\/wp-content\/uploads\/2022\/02\/SIKO-Muenchen_6_800x450.jpg?fit=800%2C450&ssl=1&resize=350%2C200","width":350,"height":200,"srcset":"https:\/\/i0.wp.com\/www.freidenker.org\/fw17\/wp-content\/uploads\/2022\/02\/SIKO-Muenchen_6_800x450.jpg?fit=800%2C450&ssl=1&resize=350%2C200 1x, https:\/\/i0.wp.com\/www.freidenker.org\/fw17\/wp-content\/uploads\/2022\/02\/SIKO-Muenchen_6_800x450.jpg?fit=800%2C450&ssl=1&resize=525%2C300 1.5x, https:\/\/i0.wp.com\/www.freidenker.org\/fw17\/wp-content\/uploads\/2022\/02\/SIKO-Muenchen_6_800x450.jpg?fit=800%2C450&ssl=1&resize=700%2C400 2x"},"classes":[]},{"id":15375,"url":"https:\/\/www.freidenker.org\/?p=15375","url_meta":{"origin":18316,"position":1},"title":"Video: Die Friedensbewegung ist zur\u00fcck","author":"Webredaktion","date":"23. Februar 2023","format":false,"excerpt":"Rede und Kulturbeitrag von Diether Dehm auf der Kundgebung zur M\u00fcnchener Sicherheitskonferenz am 18.02.2023 Mit \u00fcber 20 000 Teilnehmern landete \u00a0die lager\u00fcbergreifende Friedenskundgebung zur M\u00fcnchner Sicherheitskonferenz einen super Erfolg. Mit Fug und Recht kann gesagt werden: Die Friedensbewegung ist zur\u00fcck! Diffamierungen im Vorfeld konnten die Mobilisierung nicht verhindern. Z\u00fcge fielen\u2026","rel":"","context":"In &quot;Frieden - Antifaschismus - Solidarit\u00e4t&quot;","block_context":{"text":"Frieden - Antifaschismus - Solidarit\u00e4t","link":"https:\/\/www.freidenker.org\/?cat=13"},"img":{"alt_text":"","src":"https:\/\/i0.wp.com\/www.freidenker.org\/fw17\/wp-content\/uploads\/2023\/02\/Dehm_in_Muenchen_800x450.jpg?fit=800%2C450&ssl=1&resize=350%2C200","width":350,"height":200,"srcset":"https:\/\/i0.wp.com\/www.freidenker.org\/fw17\/wp-content\/uploads\/2023\/02\/Dehm_in_Muenchen_800x450.jpg?fit=800%2C450&ssl=1&resize=350%2C200 1x, https:\/\/i0.wp.com\/www.freidenker.org\/fw17\/wp-content\/uploads\/2023\/02\/Dehm_in_Muenchen_800x450.jpg?fit=800%2C450&ssl=1&resize=525%2C300 1.5x, https:\/\/i0.wp.com\/www.freidenker.org\/fw17\/wp-content\/uploads\/2023\/02\/Dehm_in_Muenchen_800x450.jpg?fit=800%2C450&ssl=1&resize=700%2C400 2x"},"classes":[]},{"id":15363,"url":"https:\/\/www.freidenker.org\/?p=15363","url_meta":{"origin":18316,"position":2},"title":"Sicherheitskonferenz: Aus der EU kein Impuls f\u00fcr Frieden \u2013 daf\u00fcr aus China","author":"Webredaktion","date":"23. Februar 2023","format":false,"excerpt":"Beitrag von Gert Ewen Ungar Die M\u00fcnchner Sicherheitskonferenz nimmt f\u00fcr sich in Anspruch, ein wichtiges internationales Diskussionsforum zu sein. Diesem Anspruch wurde sie in diesem Jahr nicht gerecht. Offizielle russische Vertreter waren mit der Begr\u00fcndung, man wolle der russischen Propaganda keine B\u00fchne geben, nicht eingeladen. ... Eingeladen waren stattdessen der\u2026","rel":"","context":"In &quot;Demokratie \u2013 Medien \u2013 Aufkl\u00e4rung&quot;","block_context":{"text":"Demokratie \u2013 Medien \u2013 Aufkl\u00e4rung","link":"https:\/\/www.freidenker.org\/?cat=12"},"img":{"alt_text":"","src":"https:\/\/i0.wp.com\/www.freidenker.org\/fw17\/wp-content\/uploads\/2023\/02\/AWA_7203_800x450.jpg?fit=800%2C450&ssl=1&resize=350%2C200","width":350,"height":200,"srcset":"https:\/\/i0.wp.com\/www.freidenker.org\/fw17\/wp-content\/uploads\/2023\/02\/AWA_7203_800x450.jpg?fit=800%2C450&ssl=1&resize=350%2C200 1x, https:\/\/i0.wp.com\/www.freidenker.org\/fw17\/wp-content\/uploads\/2023\/02\/AWA_7203_800x450.jpg?fit=800%2C450&ssl=1&resize=525%2C300 1.5x, https:\/\/i0.wp.com\/www.freidenker.org\/fw17\/wp-content\/uploads\/2023\/02\/AWA_7203_800x450.jpg?fit=800%2C450&ssl=1&resize=700%2C400 2x"},"classes":[]},{"id":4627,"url":"https:\/\/www.freidenker.org\/?p=4627","url_meta":{"origin":18316,"position":3},"title":"Gegen das Kriegskartell","author":"Webredaktion","date":"19. Februar 2018","format":false,"excerpt":"Beitrag von Hajo Kahlke Die allj\u00e4hrliche Demo gegen die M\u00fcnchner \"Sicherheitskonferenz\" wird seit l\u00e4ngerem diesem mittlerweile zentralen Propaganda-Event der Aufr\u00fcster und Kriegstreiber leider auch nicht in Ans\u00e4tzen gerecht. Das ist in erster Linie Folge einer zunehmenden allgemeinen Verwirrung und Desorientierung der Linken, welche nicht mehr zwischen Feind und Freund, zwischen\u2026","rel":"","context":"In &quot;Frieden - Antifaschismus - Solidarit\u00e4t&quot;","block_context":{"text":"Frieden - Antifaschismus - Solidarit\u00e4t","link":"https:\/\/www.freidenker.org\/?cat=13"},"img":{"alt_text":"","src":"https:\/\/i0.wp.com\/www.freidenker.org\/fw17\/wp-content\/uploads\/2018\/02\/klartext_muenchen_16-2018-02-17-1-0563_800x445.jpg?fit=800%2C445&ssl=1&resize=350%2C200","width":350,"height":200,"srcset":"https:\/\/i0.wp.com\/www.freidenker.org\/fw17\/wp-content\/uploads\/2018\/02\/klartext_muenchen_16-2018-02-17-1-0563_800x445.jpg?fit=800%2C445&ssl=1&resize=350%2C200 1x, https:\/\/i0.wp.com\/www.freidenker.org\/fw17\/wp-content\/uploads\/2018\/02\/klartext_muenchen_16-2018-02-17-1-0563_800x445.jpg?fit=800%2C445&ssl=1&resize=525%2C300 1.5x, https:\/\/i0.wp.com\/www.freidenker.org\/fw17\/wp-content\/uploads\/2018\/02\/klartext_muenchen_16-2018-02-17-1-0563_800x445.jpg?fit=800%2C445&ssl=1&resize=700%2C400 2x"},"classes":[]},{"id":15221,"url":"https:\/\/www.freidenker.org\/?p=15221","url_meta":{"origin":18316,"position":4},"title":"Zur Kundgebung gegen die \u201eSicherheitskonferenz\u201c","author":"Webredaktion","date":"14. Februar 2023","format":false,"excerpt":"Beitrag von Diether Dehm F\u00fcr die Demonstration am 18. Februar, bei der ich neben J\u00fcrgen Todenh\u00f6fer am M\u00fcnchner K\u00f6nigsplatz spreche, gibt es wohl ebenfalls Aufrufe aus rechten Kreisen. Und darum auch Empfehlungen, Leuten aus dem AfD-Umfeld das Betreten des Platzes zu untersagen \u2013 und auch das Tragen schwarz-rot-goldener Fahnen. F\u00fcr\u2026","rel":"","context":"In &quot;Frieden - Antifaschismus - Solidarit\u00e4t&quot;","block_context":{"text":"Frieden - Antifaschismus - Solidarit\u00e4t","link":"https:\/\/www.freidenker.org\/?cat=13"},"img":{"alt_text":"","src":"https:\/\/i0.wp.com\/www.freidenker.org\/fw17\/wp-content\/uploads\/2023\/02\/2019-04-11_Pressekonferenz_der_AfD_by_Olaf_Kosinsky-8130_800x450.jpg?fit=800%2C450&ssl=1&resize=350%2C200","width":350,"height":200,"srcset":"https:\/\/i0.wp.com\/www.freidenker.org\/fw17\/wp-content\/uploads\/2023\/02\/2019-04-11_Pressekonferenz_der_AfD_by_Olaf_Kosinsky-8130_800x450.jpg?fit=800%2C450&ssl=1&resize=350%2C200 1x, https:\/\/i0.wp.com\/www.freidenker.org\/fw17\/wp-content\/uploads\/2023\/02\/2019-04-11_Pressekonferenz_der_AfD_by_Olaf_Kosinsky-8130_800x450.jpg?fit=800%2C450&ssl=1&resize=525%2C300 1.5x, https:\/\/i0.wp.com\/www.freidenker.org\/fw17\/wp-content\/uploads\/2023\/02\/2019-04-11_Pressekonferenz_der_AfD_by_Olaf_Kosinsky-8130_800x450.jpg?fit=800%2C450&ssl=1&resize=700%2C400 2x"},"classes":[]},{"id":24364,"url":"https:\/\/www.freidenker.org\/?p=24364","url_meta":{"origin":18316,"position":5},"title":"14.02.2026 M\u00fcnchen: Den Frieden gewinnen, nicht den Krieg","author":"Webredaktion","date":"6. Februar 2026","format":false,"excerpt":"Aufruf zur Protestdemo gegen die \"M\u00fcnchner Sicherheitskonferenz\" 2026 Wir protestieren gegen den NATO-Kriegsrat, euphemistisch \u201eSicherheitskonferenz\u201c genannt, der vom 13. bis 15. Februar 2026 in M\u00fcnchen tagt. Am Samstag den 14. Februar tragen wir unseren Protest in M\u00fcnchen auf die Stra\u00dfe. Wer den Frieden will, muss den Kriegsministern laut und deutlich\u2026","rel":"","context":"In &quot;Frieden - Antifaschismus - Solidarit\u00e4t&quot;","block_context":{"text":"Frieden - Antifaschismus - Solidarit\u00e4t","link":"https:\/\/www.freidenker.org\/?cat=13"},"img":{"alt_text":"","src":"https:\/\/i0.wp.com\/www.freidenker.org\/fw17\/wp-content\/uploads\/2026\/02\/Siko_Muenchen_2026_1600x900.jpg?fit=1200%2C674&ssl=1&resize=350%2C200","width":350,"height":200,"srcset":"https:\/\/i0.wp.com\/www.freidenker.org\/fw17\/wp-content\/uploads\/2026\/02\/Siko_Muenchen_2026_1600x900.jpg?fit=1200%2C674&ssl=1&resize=350%2C200 1x, https:\/\/i0.wp.com\/www.freidenker.org\/fw17\/wp-content\/uploads\/2026\/02\/Siko_Muenchen_2026_1600x900.jpg?fit=1200%2C674&ssl=1&resize=525%2C300 1.5x, https:\/\/i0.wp.com\/www.freidenker.org\/fw17\/wp-content\/uploads\/2026\/02\/Siko_Muenchen_2026_1600x900.jpg?fit=1200%2C674&ssl=1&resize=700%2C400 2x, https:\/\/i0.wp.com\/www.freidenker.org\/fw17\/wp-content\/uploads\/2026\/02\/Siko_Muenchen_2026_1600x900.jpg?fit=1200%2C674&ssl=1&resize=1050%2C600 3x"},"classes":[]}],"_links":{"self":[{"href":"https:\/\/www.freidenker.org\/index.php?rest_route=\/wp\/v2\/posts\/18316","targetHints":{"allow":["GET"]}}],"collection":[{"href":"https:\/\/www.freidenker.org\/index.php?rest_route=\/wp\/v2\/posts"}],"about":[{"href":"https:\/\/www.freidenker.org\/index.php?rest_route=\/wp\/v2\/types\/post"}],"author":[{"embeddable":true,"href":"https:\/\/www.freidenker.org\/index.php?rest_route=\/wp\/v2\/users\/3"}],"replies":[{"embeddable":true,"href":"https:\/\/www.freidenker.org\/index.php?rest_route=%2Fwp%2Fv2%2Fcomments&post=18316"}],"version-history":[{"count":0,"href":"https:\/\/www.freidenker.org\/index.php?rest_route=\/wp\/v2\/posts\/18316\/revisions"}],"wp:featuredmedia":[{"embeddable":true,"href":"https:\/\/www.freidenker.org\/index.php?rest_route=\/wp\/v2\/media\/18319"}],"wp:attachment":[{"href":"https:\/\/www.freidenker.org\/index.php?rest_route=%2Fwp%2Fv2%2Fmedia&parent=18316"}],"wp:term":[{"taxonomy":"category","embeddable":true,"href":"https:\/\/www.freidenker.org\/index.php?rest_route=%2Fwp%2Fv2%2Fcategories&post=18316"},{"taxonomy":"post_tag","embeddable":true,"href":"https:\/\/www.freidenker.org\/index.php?rest_route=%2Fwp%2Fv2%2Ftags&post=18316"}],"curies":[{"name":"wp","href":"https:\/\/api.w.org\/{rel}","templated":true}]}}