{"id":18286,"date":"2024-02-22T02:37:41","date_gmt":"2024-02-22T01:37:41","guid":{"rendered":"https:\/\/www.freidenker.org\/?p=18286"},"modified":"2024-04-03T13:34:25","modified_gmt":"2024-04-03T11:34:25","slug":"deutschland-und-seine-friedenstuechtigkeit","status":"publish","type":"post","link":"https:\/\/www.freidenker.org\/?p=18286","title":{"rendered":"Deutschland und seine \u201eFriedenst\u00fcchtigkeit\u201c"},"content":{"rendered":"<p><strong>Kommentar vom Hochblauen<\/strong><\/p>\n<p><em>Von <strong>Evelyn Hecht-Galinski<\/strong><\/em><\/p>\n<p><span style=\"font-size: 10pt;\">Erstver\u00f6ffentlichung am 20.02.2024 im Blog <a href=\"https:\/\/www.sicht-vom-hochblauen.de\/kommentar-vom-hochblauen-deutschland-und-seine-friedenstuechtigkeit-von-evelyn-hecht-galinski\/\" target=\"_blank\" rel=\"noopener\">Sicht vom Hochblauen<\/a><\/span><\/p>\n<p>Gerade erlebten wir die M\u00fcnchner (Un-)Sicherheitskonferenz, mit all ihren \u201ekriegsgeilen Wertepolitikern\u201c und medialen Pressebeobachtern\/Scharfmachern (1). Es scheint, als ob die \u201eKriegst\u00fcchtigkeit\u201c und Macht der Waffen das Zepter \u00fcbernommen hat. Frieden schaffen mit immer mehr Waffen, dieser Slogan ist so verlogen wie die gesamte westliche US-geleitete globale Einmischungspolitik. Europ\u00e4ische Schiffe, wie auch die deutsche Fregatte \u201eHessen\u201c befinden sich auf dem Weg ins Rote Meer, um mit dem Einsatz \u201eAspides\u201c (Wohlstandsallianz) als vorrangigem Ziel gegen angreifende Huthis aus dem Jemen vorzugehen, zur Sicherung der Handelsschifffahrt im Nahen Osten. Warum geht man nicht auf die Argumente der angreifenden Huthis ein, die ihre Angriffe solange fortsetzen wollen, wie Israel seinen V\u00f6lkermord in Gaza fortsetzt? Warum ein Einsatz im Roten Meer starten und nicht ein Einsatz gegen den V\u00f6lkermord Israels in Gaza?<\/p>\n<h5>Auf NATO-Gehei\u00df f\u00fcr Deutschlands Kriegst\u00fcchtigkeit trommeln<\/h5>\n<p>Endlich ist Deutschland auf dem Weg, dass NATO-Soll zu erf\u00fcllen und den Kriegs-Milit\u00e4rhaushalt auf den 2-Prozent-Stand zu bringen. \u201eKriegsminister\u201c Pistorius trommelt f\u00fcr Deutschlands Kriegst\u00fcchtigkeit. Seine Logik: wir m\u00fcssen uns vor dem Russen sch\u00fctzen, der ja nichts anderes im Kopf hat, als uns in ein paar Jahren anzugreifen, nachdem er sich Polen und das Baltikum angeeignet hat. Hatten wir diese Rhetorik nicht schon einmal, und was brachte sie: einen verlorenen Angriffskrieg nach einem \u201eTausendj\u00e4hrigen Reich\u201c und Millionen von Toten, darunter 27 Millionen Russen.<\/p>\n<p>Was also sollte uns wieder antreiben, so kriegst\u00fcchtig zu werden, anstatt einmal unsere \u201eFriedenst\u00fcchtigkeit\u201c zu bedenken? Es scheint, als ob dieser Gedanke so fern ist wie eine realistische an deutsche Interessen gekoppelte Au\u00dfenpolitik. Aber bei dieser mehr als intellektuell schwachen Personalbesetzung ist kein Staat zu machen!<\/p>\n<p>Was befugt die deutsche Au\u00dfenministerin Baerbock, zusammen mit dem Baltikum nach dem Tod von Alexej Nawalny (er starb gerade bei Beginn der M\u00fcnchner \u201eSicherheitskonferenz\u201c, wo auch \u2013 ganz \u201ezuf\u00e4llig?\u201c \u2013 seine Ehefrau Nawalna weilte und eine gl\u00fchende Hassrede gegen Putin hielt) den russischen Botschafter einzubestellen und \u00fcber die Todesumst\u00e4nde auszufragen. Ist das nicht eine Einmischung in russische interne Angelegenheiten? Warum bestellt Baerbock nicht den israelischen Botschafter ein, um ihn nach der Ermordung der vielen Zivilisten, Frauen und Kinder in Gaza auszufragen und endlich Sanktionen anstatt einer freundschaftlichen Zusammenarbeit einzuleiten? Oder vielleicht den britischen und US-Botschafter, um endlich das Leiden von Julian Assange zu beenden, dessen Freilassung anstatt Auslieferung zu fordern oder Asyl in Deutschland anzubieten?<\/p>\n<h5>Auf dem Weg zu Meinungsfreiheitsverbot und Demokratie-Verhinderung<\/h5>\n<p>Was also macht diese Ampel? Sie versucht abzulenken von ihrer Unf\u00e4higkeit, ordentliche Gesetze einzubringen, die nicht st\u00e4ndig ge\u00e4ndert werden m\u00fcssen, wenn sie von Gerichten zu Fall gebracht werden, also eine vern\u00fcnftige und nachvollziehbare Politik zu machen, die von B\u00fcrgern mitgetragen werden kann. Weit gefehlt! Also verzettelt man sich im wirtschaftlichen Chaos, angezettelt durch gr\u00fcn-rote, ideologisch besetzte Industrie- und Verbotspolitik \u2013 mit Gendern, Cannabisfreigabe, w\u00e4hrend der Bundestag weiter die Reform des Sterbegesetzes ablehnt, trotz Urteil des Bundesverfassungsgerichts. Alte und Kranke, Kinder und Pflegepersonal, Wohnungsbau, Rentner sind Nebensache. Hauptsache ist, ukrainischen Fl\u00fcchtlingen und der Ukraine geht es gut. Als die Ampel merkte, mit dieser Art der Politik, kommt \u201ebeim Volk\u201c immer mehr Unmut auf, war schnell eine L\u00f6sung gefunden. Das mehr als fragw\u00fcrdige \u201eCorrectiv\u201c und ein Demokratief\u00f6rderungs-(verhinderungs-)Gesetz wurden aus dem Hut gezaubert.<\/p>\n<p>Wird in Zukunft \u201eMajest\u00e4tsbeleidigung\u201c wieder ein Straftatbestand sein? Es scheint, als ob ein \u201eMeinungsfreiheit-Verbot-Gesetz\u201c ausgedacht wurde. Es scheint, als ob auch das Denkverm\u00f6gen davon betroffen wird. Ziehen wir uns warm an, wenn Innenministerin Faeser und der Verfassungsschutz im Anmarsch sind. Wer wei\u00df, was sie sich noch alles ausdenken, um unser Denken zu sanktionieren. Merke, es lohnt immer wieder sich zu erinnern \u2013 an Rosa Luxemburg \u201eDie Freiheit ist auch immer die Freiheit der Andersdenkenden\u201c oder Noam Chomsky: \u201eWir glauben nicht an die Meinungsfreiheit, wenn wir sie nicht auch den Leuten zugestehen, die wir verachten\u201c.<\/p>\n<p>Es wird mir schon etwas mulmig, wenn ich die Menschenmassen sehe, die f\u00fcr \u201eVielfalt und Toleranz\u201c demonstrieren, eine Art politisches Happening, ein \u201eBetriebsausflug\u201c der besonderen Art, das mich immer mehr an eine Massenhysterie erinnert \u2013 an eine staatliche Inszenierung, aufgerufen von \u201eallen Demokraten\u201c, Kirchen, Verb\u00e4nden Gewerkschaften und jetzt auch noch Konzernen wie VW. Klar VW braucht ausl\u00e4ndische Arbeiter mit Migrationshintergrund. Das ist nat\u00fcrlich allemal besser als \u201cZwangsarbeiter\u201c, die VW einmal hatte.<\/p>\n<h5>Wenn der Begriff Rasse missbraucht wird<\/h5>\n<p>Auch der Zentralrat der Juden und sein Pr\u00e4sident Schuster scheinen sehr zufrieden, ist es ihnen doch gerade gelungen zu erreichen, dass der Begriff \u201eRasse\u201c \u2013 entgegen den Vorstellungen der Bundesregierung \u2013 nicht aus dem Grundgesetz Artikel 3 gestrichen wird. So kann Schuster weiter mit dem Begriff der \u201eRasse\u201c operieren, wenn er an die Verfolgung und Ermordung von Millionen von Menschen \u2013 vor allen Dingen Juden \u2013\u00a0 und die Schrecken des Holocaust erinnert.<\/p>\n<p>Inzwischen wissen wir, dass es den Begriff der Rasse gar nicht gibt, aber er gerade wieder \u2013 diesmal von Juden und einem \u201ej\u00fcdischen Staat\u201c \u2013 missbraucht wird, um das pal\u00e4stinensische Volk rassistisch und kolonialistisch zu vertreiben und zu ermorden. Also sollten sich B\u00fcrger, wenn sie schon gemeinsam demonstrieren, nicht von Politikern f\u00fcr ihre durchsichtigen Ziele vereinnahmen lassen, lieber sich einsetzen f\u00fcr eine NATO- und Atomfreie Welt, gegen Waffenlieferungen an Ukraine, Israel und Krisengebiete, f\u00fcr ein Friedensabkommen mit Russland und ein freies Pal\u00e4stina als selbst\u00e4ndiger Staat.<\/p>\n<p>Meinen die B\u00fcrger wirklich, wenn sie so wahllos demonstrieren \u2013 gegen die AfD, die ich schon nach Gr\u00fcndung heftig kritisierte und daf\u00fcr gescholten wurde \u2013 liegen sie richtig?. Nein. liebe Mitb\u00fcrger, da hilft es nicht zu demonstrieren und sich dabei gut zu f\u00fchlen. Um die AfD oder andere kommende rechtsextreme Gruppierungen zu schw\u00e4chen und klein zu halten, hilft es nur, diese Parteien nicht zu w\u00e4hlen. An der Wahlurne haben wir die Wahl. Mit einer Protestwahl hat eine Wahl der AfD nichts mehr zu tun. Jeder, der diese Partei w\u00e4hlt, muss wissen und wei\u00df inzwischen, was er w\u00e4hlt. Gl\u00fccklicherweise gibt es doch Alternativen: von BSW bis Todenh\u00f6fer, DAVA\u2026 Die Auswahl ist gro\u00df<\/p>\n<h5>Erinnerungen der schlimmsten Art werden wach<\/h5>\n<p>Alles aber l\u00e4uft \u2013 \u201ewie das laufen der L\u00e4mmer\u201c \u2013 selbstgef\u00e4llig grinsend und demokratisch, wenn Scholz und Baerbock Hand in Hand marschieren, Einigkeit demonstrierend, im Kampf f\u00fcr die Demokratie und danach an den Kabinettstisch, zur Tagesordnung und in die Niederungen der rot-gr\u00fcn-gelben Ampel-Streitpolitik zur\u00fcckkehren.<\/p>\n<p>Also alles gegen Rechte und f\u00fcr das Recht. Was f\u00fcr eine ekelhafte und verlogene Selbstzufriedenheit eines Kanzlers der \u201eZeitenwende\u201c, der \u2013 wie es scheint \u2013 diese mit \u201eR\u00fcckwende\u201c verwechselt, wenn er \u201eHeil der Ukraine\u201c ruft, der Ukraine \u201eunbefristete\u201c Hilfe solange als n\u00f6tig zugesagt hat und mit Selenskyj seine neue M\u00e4nnerfreundschaft zelebriert. Wenn der deutsche Kanzler von einem \u201ehistorischen Schritt\u201c spricht, nachdem er einen langfristigen Sicherheitspakt mit der Ukraine abgeschlossen hat, der weitere Waffen von rund 1,1 Milliarden Euro f\u00fcr den Kampf gegen Russland zugesagt hat, dann f\u00fchle ich mich immer mehr an ein Dejavu der schlimmsten Art, eine Geschichts-Vergessenheit erinnert, die ich NIE WIEDER erleben m\u00f6chte. Werden wir demn\u00e4chst auch deutsche Soldaten in der Ukraine sehen? Russland meldete ja schon, dass nach der Einnahme von Awdejewka tote Soldaten mit westlichen Abzeichen entdeckt wurden. Zudem setzt die Ukraine jetzt auch US-Chemiewaffen gegen russisches Milit\u00e4r ein. Sollte auch noch die Lieferung von Taurus Marschflugk\u00f6rpern stattfinden und w\u00fcrden diese dann auf russischem Staatsgebiet eingesetzt werden, sieht es wirklich d\u00fcster aus mit dem \u201eWeltfrieden\u201c. Wie schrieb Heribert Prantl in der SZ vom 9. Februar 2024: \u201eDas Grundgesetz ist keine pazifistische Verfassung, aber es ist friedliebend. Seit Mitte der F\u00fcnfzigerjahre l\u00e4sst es R\u00fcstungspolitik ausdr\u00fccklich zu, aber die Schranken setzt das Friedensgebot\u201c \u2013 Zitat Ende.<\/p>\n<p>Sind jetzt die letzten Schranken gefallen, nachdem wieder von F\u00fchrungsanspruch, Aufr\u00fcstung, Kriegst\u00fcchtigkeit und Atomteilhabe phantasiert wird, nachdem Putin in westlichen Medien schon lange d\u00e4monisiert wird, \u201eer geht \u00fcber Leichen\u201c \u2026 Bef\u00e4nde er sich damit nicht in bester Gesellschaft mit \u201eKollegen\u201c der westlichen \u201eWertepartner\u201c, unter F\u00fchrung der USA?<\/p>\n<h5>Weiter bis zum \u201eEndsieg\u201c?<\/h5>\n<p>Mit dem \u201eNie Wieder\u201c ist das so eine Sache, wenn der Kanzler nur einen Platz von Deutschland an der Seite Israels sieht und dem Land seine volle Unterst\u00fctzung zusichert und erkl\u00e4rt, dass Israel das v\u00f6lkerrechtlich verbriefte Recht habe, sich und seine B\u00fcrger gegen den barbarischen Angriff zu verteidigen. Dann frage ich immer wieder: was ist mit dem v\u00f6lkerrechtlich verbrieften Recht der Pal\u00e4stinenser, sich gegen jahrzehntelange barbarische Angriffe, ethnische S\u00e4uberung und gegen einen \u201ej\u00fcdischen Besatzerstaat\u201c zu verteidigen? Denn nur dieses Recht von Besetzten gegen Besatzer ist das g\u00fcltige und verbriefte Recht.<\/p>\n<p>Auch wenn Kanzler Scholz Israel angesichts einer geplanten Bodenoffensive zur \u201eEinhaltung des V\u00f6lkerrechts\u201c mahnt, ist das unglaubw\u00fcrdig \u2013 ebenso wenn die EU den Druck erh\u00f6ht, sich besorgt zeigt und Israel auffordert sich zu z\u00fcgeln. Solange Israel nicht ernste Konsequenzen und Boykotte zu f\u00fcrchten hat, wird es weitermachen bis zum \u201eEndsieg\u201c.<\/p>\n<p>Schlimmer noch der israelische Kriegsminister Gantz, der damit droht, diese Offensive zu Beginn des Ramadan (10. M\u00e4rz) zu starten, sollten bis dahin nicht alle Geiseln frei sein. Was f\u00fcr eine m\u00f6rderische Politik, die nur noch den endg\u00fcltigen Tod und Verzweiflung bringt. Deutschland ist schon wie zuvor in Afghanistan \u201estrategisch gescheitert\u201c, mit seinen Kriegseins\u00e4tzen zur \u201eFriedensf\u00f6rdernden, Demokratie bringenden Wertepolitik\u201c<\/p>\n<h5>Blinde Unterst\u00fctzung Israels umgehend beenden!<\/h5>\n<p>Wenn Deutschland sich endlich seiner Vergangenheit, Gegenwart und Zukunft stellt, dann gibt es nur eine M\u00f6glichkeit: die blinde Unterst\u00fctzung Israels inklusive Staatsr\u00e4son und Assoziierungsprozess sofort beenden und zusammen mit den westlichen Verb\u00fcndeten daf\u00fcr sorgen, dass der V\u00f6lkermord gestoppt wird und sich nicht weiter mitschuldig machen. Im Angesicht des Holocaust an den Juden durch die Nazis, der nur gelang, weil westliche Staaten schwiegen und nichts unternahmen, k\u00f6nnen wir jetzt gemeinsam etwas unternehmen und nicht schweigen zu der Endl\u00f6sung der kollektiven Ausrottung des pal\u00e4stinensischen Volkes. Nicht mehr unterst\u00fctzend zusehen bei einer \u201eAnti-Hamas-Operation\u201c, die nur als Vorwand dient, den Rachegel\u00fcsten \u2013 angef\u00fchrt von Netanjahu und seinem rechtsextremistischen Regime \u2013 nachzukommen. \u00a0Nur auf diese Weise kann Deutschland seine \u201eFriedenst\u00fcchtigkeit\u201c unter Beweis stellen.<\/p>\n<p style=\"text-align: right;\"><em>Evelyn Hecht-Galinski ist Mitglied des Deutschen Freidenker-Verbandes<\/em><\/p>\n<hr \/>\n<h3><strong>Kriegslied<\/strong><\/h3>\n<p><em>Von <strong>Erich M\u00fchsam<\/strong><\/em><\/p>\n<p>Sengen, brennen, schie\u00dfen, stechen,<br \/>\nSch\u00e4del spalten, Rippen brechen,<br \/>\nspionieren, requirieren,<br \/>\npatrouillieren, exerzieren,<br \/>\nfluchen, bluten, hungern, frieren \u2026<br \/>\nSo lebt der edle Kriegerstand,<br \/>\ndie Flinte in der linken Hand,<br \/>\ndas Messer in der rechten Hand,<br \/>\nmit Gott, mit Gott, mit Gott,<br \/>\nmit Gott f\u00fcr K\u00f6nig und Vaterland.<\/p>\n<p>Aus dem Bett von Lehm und Jauche<br \/>\nzur Attacke auf dem Bauche!<br \/>\nTrommelfeuer, Handgranaten,<br \/>\nWunden, Leichen, Heldentaten,<br \/>\nbravo, tapfere Soldaten!<br \/>\nSo lebt der edle Kriegerstand,<br \/>\ndas Eisenkreuz am Preu\u00dfenband,<br \/>\ndie Tapferkeit am Bayernband,<br \/>\nmit Gott, mit Gott, mit Gott,<br \/>\nmit Gott f\u00fcr K\u00f6nig und Vaterland.<\/p>\n<p>Stillgestanden! Hoch die Beine!<br \/>\nAugen gradeaus, ihr Schweine!<br \/>\nVisitiert und schlecht befunden.<br \/>\nKeinen Urlaub. Angebunden.<br \/>\nStrafdienst extra sieben Stunden.<br \/>\nSo lebt der edle Kriegerstand.<br \/>\nJawohl, Herr Oberleutenant!<br \/>\nUnd zu Befehl, Herr Leutenant!<br \/>\nMit Gott, mit Gott, mit Gott,<br \/>\nmit Gott f\u00fcr K\u00f6nig und Vaterland.<\/p>\n<p>Vorw\u00e4rts mit Tabak und K\u00fcmmel!<br \/>\nBajonette, Schlachtget\u00fcmmel.<br \/>\nVorw\u00e4rts! Sterben oder Siegen<br \/>\nDeutscher kennt kein Unterliegen.<br \/>\nKnochen splittern, Fetzen fliegen.<br \/>\nSo lebt der edle Kriegerstand.<br \/>\nDer Schwei\u00df tropft in den Grabenrand,<br \/>\ndas Blut tropft in den Stra\u00dfenrand,<br \/>\nmit Gott, mit Gott, mit Gott,<br \/>\nmit Gott f\u00fcr K\u00f6nig und Vaterland.<\/p>\n<p>Angeschossen, hochgeschmissen,<br \/>\nBauch und D\u00e4rme aufgerissen.<br \/>\nRote H\u00e4user, blauer \u00c4ther,<br \/>\nTeufel! Alle heiligen V\u00e4ter!<br \/>\nMutter! Mutter!! Sanit\u00e4ter!!!<br \/>\nSo stirbt der edle Kriegerstand,<br \/>\nin Stiefel, Maul und Ohren Sand<br \/>\nund auf das Grab drei Schippen Sand,<br \/>\nmit Gott, mit Gott, mit Gott,<br \/>\nmit Gott f\u00fcr K\u00f6nig und Vaterland.<\/p>\n<p>&nbsp;<\/p>\n<p><strong>Fu\u00dfnote:<\/strong><\/p>\n<p>1 <a href=\"https:\/\/www.infosperber.ch\/politik\/welt\/auch-ruestungskonzerne-sponsern-muenchner-sicherheitskonferenz\/\" target=\"_blank\" rel=\"noopener\">https:\/\/www.infosperber.ch\/politik\/welt\/auch-ruestungskonzerne-sponsern-muenchner-sicherheitskonferenz\/<\/a><\/p>\n<p>&nbsp;<\/p>\n<p><span style=\"font-size: 10pt;\">Der Beitrag wurde auch ver\u00f6ffentlicht In der Neuen Rheinischen Zeitung (NRhZ) in Ausgabe 826 vom 21.02.2024 unter <a href=\"http:\/\/www.nrhz.de\/flyer\/beitrag.php?id=28982\" target=\"_blank\" rel=\"noopener\">http:\/\/www.nrhz.de\/flyer\/beitrag.php?id=28982<\/a><\/span><\/p>\n<hr \/>\n<p><span style=\"font-size: 10pt;\">Bild oben: <a href=\"https:\/\/pixabay.com\/de\/vectors\/stempel-krieg-frieden-schlacht-7028409\/\" target=\"_blank\" rel=\"noopener\">pixabay.com<\/a> \/ <a class=\"userName--owby3\" href=\"https:\/\/pixabay.com\/de\/users\/geralt-9301\/\" target=\"_blank\" rel=\"noopener\">geralt<\/a> \/ <a href=\"https:\/\/pixabay.com\/de\/service\/license-summary\/\" target=\"_blank\" rel=\"noopener\">Inhaltslizenz<\/a><\/span><\/p>\n","protected":false},"excerpt":{"rendered":"<p><b>Kommentar von Evelyn Hecht-Galinski<\/b><br \/>\nGerade erlebten wir die M\u00fcnchner (Un-)Sicherheitskonferenz, mit all ihren \u201ekriegsgeilen Wertepolitikern\u201c und medialen Pressebeobachtern\/Scharfmachern. Es scheint, als ob die \u201eKriegst\u00fcchtigkeit\u201c und Macht der Waffen das Zepter \u00fcbernommen hat. Frieden schaffen mit immer mehr Waffen, dieser Slogan ist so verlogen wie die gesamte westliche US-geleitete globale Einmischungspolitik. Europ\u00e4ische Schiffe, wie auch die deutsche Fregatte \u201eHessen\u201c befinden sich auf dem Weg ins Rote Meer, um mit dem Einsatz \u201eAspides\u201c (Wohlstandsallianz) als vorrangigem Ziel gegen angreifende Huthis aus dem Jemen vorzugehen, zur Sicherung der Handelsschifffahrt im Nahen Osten. Warum geht man nicht auf die Argumente der angreifenden Huthis ein, die ihre Angriffe solange fortsetzen wollen, wie Israel seinen V\u00f6lkermord in Gaza fortsetzt? <\/p>\n","protected":false},"author":3,"featured_media":18302,"comment_status":"closed","ping_status":"closed","sticky":false,"template":"","format":"standard","meta":{"colormag_page_container_layout":"default_layout","colormag_page_sidebar_layout":"default_layout","advanced_seo_description":"","jetpack_seo_html_title":"","jetpack_seo_noindex":false,"jetpack_post_was_ever_published":false,"footnotes":""},"categories":[13],"tags":[1423,1136,393,1526,395,1340,1955,56,394,1931,1313,2136],"class_list":["post-18286","post","type-post","status-publish","format-standard","has-post-thumbnail","hentry","category-frieden-antifaschismus-solidaritaet","tag-baerbock","tag-friedenspolitik","tag-israel","tag-kriegsbeteiligung","tag-meinungsfreiheit","tag-militaeretat","tag-nahostkonflikt","tag-nato","tag-palaestina","tag-voelkermord","tag-wahlen","tag-zentralrat-der-juden"],"jetpack_featured_media_url":"https:\/\/i0.wp.com\/www.freidenker.org\/fw17\/wp-content\/uploads\/2024\/02\/rubber-stamp-7028409_800x450.jpg?fit=800%2C450&ssl=1","jetpack_shortlink":"https:\/\/wp.me\/p9stpK-4KW","jetpack-related-posts":[{"id":19489,"url":"https:\/\/www.freidenker.org\/?p=19489","url_meta":{"origin":18286,"position":0},"title":"Der Missbrauch von Solidarit\u00e4t","author":"Webredaktion","date":"10. Juli 2024","format":false,"excerpt":"Kommentar von Evelyn Hecht-Galinski Als Bundespr\u00e4sident Frank-Walter-Steinmeier bei der Einweihung der neuen Synagoge in Potsdam dazu aufrief, \u201esolidarisch mit Israel zu bleiben\u201c, da war ich wieder einmal entsetzt, anl\u00e4sslich dieser falschen und einseitigen Solidarit\u00e4tsaufforderung. Es gibt keine Solidarit\u00e4t mit Besatzung, Vertreibung und V\u00f6lkermord. Die Unterst\u00fctzer des \u201ej\u00fcdischen Staats machen sich\u2026","rel":"","context":"In &quot;Demokratie \u2013 Medien \u2013 Aufkl\u00e4rung&quot;","block_context":{"text":"Demokratie \u2013 Medien \u2013 Aufkl\u00e4rung","link":"https:\/\/www.freidenker.org\/?cat=12"},"img":{"alt_text":"","src":"https:\/\/i0.wp.com\/www.freidenker.org\/fw17\/wp-content\/uploads\/2024\/07\/solidaritaet_missbrauch_800x450.jpg?fit=800%2C450&ssl=1&resize=350%2C200","width":350,"height":200,"srcset":"https:\/\/i0.wp.com\/www.freidenker.org\/fw17\/wp-content\/uploads\/2024\/07\/solidaritaet_missbrauch_800x450.jpg?fit=800%2C450&ssl=1&resize=350%2C200 1x, https:\/\/i0.wp.com\/www.freidenker.org\/fw17\/wp-content\/uploads\/2024\/07\/solidaritaet_missbrauch_800x450.jpg?fit=800%2C450&ssl=1&resize=525%2C300 1.5x, https:\/\/i0.wp.com\/www.freidenker.org\/fw17\/wp-content\/uploads\/2024\/07\/solidaritaet_missbrauch_800x450.jpg?fit=800%2C450&ssl=1&resize=700%2C400 2x"},"classes":[]},{"id":16989,"url":"https:\/\/www.freidenker.org\/?p=16989","url_meta":{"origin":18286,"position":1},"title":"Petition: Frieden schaffen ohne Waffen!","author":"Webredaktion","date":"19. September 2023","format":false,"excerpt":"Mitglieder und Freunde des Deutschen Freidenker-Verbandes sammeln Unterschriften f\u00fcr eine Petition, die wir nachfolgend dokumentieren. Einhaltung des Friedensgebots laut Grundgesetz und 2+4-Vertrag im Hinblick auf die Ukraine vom 02.07.2023 Text der Petition: Frieden schaffen ohne Waffen! Mit der Petition wird gefordert, der Deutsche Bundestag m\u00f6ge die Bundesregierung auffordern, das Friedensgebot,\u2026","rel":"","context":"In &quot;Frieden - Antifaschismus - Solidarit\u00e4t&quot;","block_context":{"text":"Frieden - Antifaschismus - Solidarit\u00e4t","link":"https:\/\/www.freidenker.org\/?cat=13"},"img":{"alt_text":"","src":"https:\/\/i0.wp.com\/www.freidenker.org\/fw17\/wp-content\/uploads\/2023\/09\/Adler_Tauben_800x450.jpg?fit=800%2C450&ssl=1&resize=350%2C200","width":350,"height":200,"srcset":"https:\/\/i0.wp.com\/www.freidenker.org\/fw17\/wp-content\/uploads\/2023\/09\/Adler_Tauben_800x450.jpg?fit=800%2C450&ssl=1&resize=350%2C200 1x, https:\/\/i0.wp.com\/www.freidenker.org\/fw17\/wp-content\/uploads\/2023\/09\/Adler_Tauben_800x450.jpg?fit=800%2C450&ssl=1&resize=525%2C300 1.5x, https:\/\/i0.wp.com\/www.freidenker.org\/fw17\/wp-content\/uploads\/2023\/09\/Adler_Tauben_800x450.jpg?fit=800%2C450&ssl=1&resize=700%2C400 2x"},"classes":[]},{"id":4491,"url":"https:\/\/www.freidenker.org\/?p=4491","url_meta":{"origin":18286,"position":2},"title":"Aktionswoche Stopp Air Base Ramstein 2017","author":"Webredaktion","date":"12. September 2017","format":false,"excerpt":"Kurzbericht von der Aktionswoche an der Ramstein Air Base vom 3. bis zum 10.09.2017 Die diesj\u00e4hrigen Aktionen gegen die Air Base Ramstein wurden von den Veranstaltern als gro\u00dfer Erfolg gewertet: Sie waren eine der gro\u00dfen Aktionen der Friedensbewegung, als Einzelaktion 2017 mit Abstand die gr\u00f6\u00dfte Friedensaktion in Deutschland. Die Gr\u00fcndung\u2026","rel":"","context":"In &quot;Frieden - Antifaschismus - Solidarit\u00e4t&quot;","block_context":{"text":"Frieden - Antifaschismus - Solidarit\u00e4t","link":"https:\/\/www.freidenker.org\/?cat=13"},"img":{"alt_text":"","src":"https:\/\/i0.wp.com\/www.freidenker.org\/fw17\/wp-content\/uploads\/2018\/02\/Ramstein-2017.jpg?fit=800%2C445&ssl=1&resize=350%2C200","width":350,"height":200,"srcset":"https:\/\/i0.wp.com\/www.freidenker.org\/fw17\/wp-content\/uploads\/2018\/02\/Ramstein-2017.jpg?fit=800%2C445&ssl=1&resize=350%2C200 1x, https:\/\/i0.wp.com\/www.freidenker.org\/fw17\/wp-content\/uploads\/2018\/02\/Ramstein-2017.jpg?fit=800%2C445&ssl=1&resize=525%2C300 1.5x, https:\/\/i0.wp.com\/www.freidenker.org\/fw17\/wp-content\/uploads\/2018\/02\/Ramstein-2017.jpg?fit=800%2C445&ssl=1&resize=700%2C400 2x"},"classes":[]},{"id":14838,"url":"https:\/\/www.freidenker.org\/?p=14838","url_meta":{"origin":18286,"position":3},"title":"Sch\u00f6n war die Zeit","author":"Webredaktion","date":"17. Dezember 2022","format":false,"excerpt":"Kommentar von\u00a0Evelyn Hecht-Galinski Als wir noch nicht Tag und Nacht mit Propaganda-Nachrichten \u00fcberrollt wurden, die das Feindbild Russland mit seinem Pr\u00e4sidenten an die Wand malten, unter Auslassung wichtiger Informationen zur Ursache des Krieges in der Ukraine. Und als die deutsche Bev\u00f6lkerung noch nicht zu 82 Prozent Angst hatte, den Mund\u2026","rel":"","context":"In &quot;Demokratie \u2013 Medien \u2013 Aufkl\u00e4rung&quot;","block_context":{"text":"Demokratie \u2013 Medien \u2013 Aufkl\u00e4rung","link":"https:\/\/www.freidenker.org\/?cat=12"},"img":{"alt_text":"","src":"https:\/\/i0.wp.com\/www.freidenker.org\/fw17\/wp-content\/uploads\/2022\/12\/russland_deutschland_haende_800x450.jpg?fit=800%2C450&ssl=1&resize=350%2C200","width":350,"height":200,"srcset":"https:\/\/i0.wp.com\/www.freidenker.org\/fw17\/wp-content\/uploads\/2022\/12\/russland_deutschland_haende_800x450.jpg?fit=800%2C450&ssl=1&resize=350%2C200 1x, https:\/\/i0.wp.com\/www.freidenker.org\/fw17\/wp-content\/uploads\/2022\/12\/russland_deutschland_haende_800x450.jpg?fit=800%2C450&ssl=1&resize=525%2C300 1.5x, https:\/\/i0.wp.com\/www.freidenker.org\/fw17\/wp-content\/uploads\/2022\/12\/russland_deutschland_haende_800x450.jpg?fit=800%2C450&ssl=1&resize=700%2C400 2x"},"classes":[]},{"id":15046,"url":"https:\/\/www.freidenker.org\/?p=15046","url_meta":{"origin":18286,"position":4},"title":"Im W\u00fcrgegriff der Kriegsprofiteure","author":"Webredaktion","date":"22. Januar 2023","format":false,"excerpt":"Beitrag von Evelyn Hecht-Galinski Nach der t\u00e4glichen Berieselung mit st\u00e4ndiger anti-russischer Agitation, einseitig \u00fcbernommener Ukraine-Propaganda sowie die t\u00e4glichen-allabendlichen Selenskyj-Videobotschaften und Zuschaltungen aller Orten \u2013 wie aus einem schlechten Schmierentheater der gleichkommenden Frontnachrichten \u2013 geht es mir wahrscheinlich wie einem Gro\u00dfteil deutscher B\u00fcrger: Wir haben es satt! Inzwischen tritt auch noch\u2026","rel":"","context":"In &quot;Demokratie \u2013 Medien \u2013 Aufkl\u00e4rung&quot;","block_context":{"text":"Demokratie \u2013 Medien \u2013 Aufkl\u00e4rung","link":"https:\/\/www.freidenker.org\/?cat=12"},"img":{"alt_text":"","src":"https:\/\/i0.wp.com\/www.freidenker.org\/fw17\/wp-content\/uploads\/2023\/01\/bullets-6948076_800x450_2.jpg?fit=800%2C450&ssl=1&resize=350%2C200","width":350,"height":200,"srcset":"https:\/\/i0.wp.com\/www.freidenker.org\/fw17\/wp-content\/uploads\/2023\/01\/bullets-6948076_800x450_2.jpg?fit=800%2C450&ssl=1&resize=350%2C200 1x, https:\/\/i0.wp.com\/www.freidenker.org\/fw17\/wp-content\/uploads\/2023\/01\/bullets-6948076_800x450_2.jpg?fit=800%2C450&ssl=1&resize=525%2C300 1.5x, https:\/\/i0.wp.com\/www.freidenker.org\/fw17\/wp-content\/uploads\/2023\/01\/bullets-6948076_800x450_2.jpg?fit=800%2C450&ssl=1&resize=700%2C400 2x"},"classes":[]},{"id":23649,"url":"https:\/\/www.freidenker.org\/?p=23649","url_meta":{"origin":18286,"position":5},"title":"Entdeckung einsatzbereiter ukrainischer Chemiewaffen: Ein Weckruf f\u00fcr die zivilisierte Welt","author":"Webredaktion","date":"29. November 2025","format":false,"excerpt":"Beitrag von Rainer Rupp Laut TASS\u00a0wurde in dem von ukrainischen K\u00e4mpfern genutzten Unterstand ein Versteck mit versiegelten Beh\u00e4ltern mit chemischen Kampfstoffen und selbst gefertigter Drohnenmunition sowie hochtoxischen Substanzen entdeckt. Laut dem FSB enthielt das Versteck versiegelte R\u00f6hrchen mit Chlorpikrin \u2013 einem verbotenen chemischen Kampfstoff \u2013 sowie Plastiksprengstoff und mit Benzin\u2026","rel":"","context":"In &quot;Demokratie \u2013 Medien \u2013 Aufkl\u00e4rung&quot;","block_context":{"text":"Demokratie \u2013 Medien \u2013 Aufkl\u00e4rung","link":"https:\/\/www.freidenker.org\/?cat=12"},"img":{"alt_text":"","src":"https:\/\/i0.wp.com\/www.freidenker.org\/fw17\/wp-content\/uploads\/2025\/11\/gas-mask-4184871_800x450.jpg?fit=800%2C450&ssl=1&resize=350%2C200","width":350,"height":200,"srcset":"https:\/\/i0.wp.com\/www.freidenker.org\/fw17\/wp-content\/uploads\/2025\/11\/gas-mask-4184871_800x450.jpg?fit=800%2C450&ssl=1&resize=350%2C200 1x, https:\/\/i0.wp.com\/www.freidenker.org\/fw17\/wp-content\/uploads\/2025\/11\/gas-mask-4184871_800x450.jpg?fit=800%2C450&ssl=1&resize=525%2C300 1.5x, https:\/\/i0.wp.com\/www.freidenker.org\/fw17\/wp-content\/uploads\/2025\/11\/gas-mask-4184871_800x450.jpg?fit=800%2C450&ssl=1&resize=700%2C400 2x"},"classes":[]}],"_links":{"self":[{"href":"https:\/\/www.freidenker.org\/index.php?rest_route=\/wp\/v2\/posts\/18286","targetHints":{"allow":["GET"]}}],"collection":[{"href":"https:\/\/www.freidenker.org\/index.php?rest_route=\/wp\/v2\/posts"}],"about":[{"href":"https:\/\/www.freidenker.org\/index.php?rest_route=\/wp\/v2\/types\/post"}],"author":[{"embeddable":true,"href":"https:\/\/www.freidenker.org\/index.php?rest_route=\/wp\/v2\/users\/3"}],"replies":[{"embeddable":true,"href":"https:\/\/www.freidenker.org\/index.php?rest_route=%2Fwp%2Fv2%2Fcomments&post=18286"}],"version-history":[{"count":0,"href":"https:\/\/www.freidenker.org\/index.php?rest_route=\/wp\/v2\/posts\/18286\/revisions"}],"wp:featuredmedia":[{"embeddable":true,"href":"https:\/\/www.freidenker.org\/index.php?rest_route=\/wp\/v2\/media\/18302"}],"wp:attachment":[{"href":"https:\/\/www.freidenker.org\/index.php?rest_route=%2Fwp%2Fv2%2Fmedia&parent=18286"}],"wp:term":[{"taxonomy":"category","embeddable":true,"href":"https:\/\/www.freidenker.org\/index.php?rest_route=%2Fwp%2Fv2%2Fcategories&post=18286"},{"taxonomy":"post_tag","embeddable":true,"href":"https:\/\/www.freidenker.org\/index.php?rest_route=%2Fwp%2Fv2%2Ftags&post=18286"}],"curies":[{"name":"wp","href":"https:\/\/api.w.org\/{rel}","templated":true}]}}