{"id":18282,"date":"2024-02-22T02:37:17","date_gmt":"2024-02-22T01:37:17","guid":{"rendered":"https:\/\/www.freidenker.org\/?p=18282"},"modified":"2024-04-03T13:34:03","modified_gmt":"2024-04-03T11:34:03","slug":"causa-correctiv","status":"publish","type":"post","link":"https:\/\/www.freidenker.org\/?p=18282","title":{"rendered":"Causa Correctiv"},"content":{"rendered":"<h3 class=\"HeadLine-root HeadLine-type_2 \">Vermeintlich nicht existierende Tonaufnahmen und eine Apple Watch<\/h3>\n<p><strong>Ein Online-Artikel \u00fcber ein privates Treffen wird zum Politikum. Die verantwortliche Correctiv-Redaktion kann das Agieren anderer Medien nicht nachvollziehen, die kritische Nachfragen stellen und auf Widerspr\u00fcche hinweisen. Ein Zitat des Correctiv-Gesch\u00e4ftsf\u00fchrers f\u00fchrt nun zu weiteren Fragen. <\/strong><\/p>\n<p><em>Von <strong>Bernhard Loyen<\/strong><\/em><\/p>\n<p><span style=\"font-size: 10pt;\">Erstver\u00f6ffentlichung am 16.02.2024 auf <a href=\"https:\/\/freedert.online\/inland\/196277-causa-correctiv-vermeintlich-nicht-existierende\/\" target=\"_blank\" rel=\"noopener\">RT DE<\/a><\/span><\/p>\n<p>Das Redaktionsteam um den\u00a0Gr\u00fcnder des &#8222;gemeinn\u00fctzigen Recherche-B\u00fcros&#8220; <em>Correctiv<\/em>, David Schraven, und seine mitverantwortliche Leitungskollegin Anette Dowideit erf\u00e4hrt nicht nur Begeisterung, Applaus und Respekt f\u00fcr seinen vermeintlich investigativen Artikel: &#8222;Neue Rechte \u2013 Geheimplan gegen Deutschland&#8220;. Seit dem 10. Januar werden von mehrheitlich alternativen, aber auch\u00a0zunehmend\u00a0etablierten Medien mehr als angebrachte Fragen gestellt und Widerspr\u00fcchlichkeiten aufgedeckt. Mittlerweile haben zwei verleumdete Teilnehmer Anzeige gegen die <em>Correctiv<\/em>-Redaktion erstattet. Diese Entwicklung &#8222;eines umstrittenen Geheimtreffens&#8220;, so die j\u00fcngste\u00a0<em>ARD<\/em>-Formulierung, schaffte es sogar bis in die <em>Tagesschau<\/em> vom <a href=\"https:\/\/www.youtube.com\/watch?v=D4YqWY76iI0\" target=\"_blank\" rel=\"noopener noreferrer\">15. Februar<\/a>. Inhalte der anscheinend nicht mehr &#8222;skandal\u00f6sen&#8220; Zusammenkunft wurden laut Klageschrift &#8222;nicht richtig wiedergegeben&#8220;:<\/p>\n<blockquote class=\"twitter-tweet\" data-width=\"550\" data-dnt=\"true\">\n<p lang=\"de\" dir=\"ltr\">Sogar die <a href=\"https:\/\/twitter.com\/tagesschau?ref_src=twsrc%5Etfw\">@tagesschau<\/a> beginnt zur\u00fcckzurudern. Zwar in schwacher Form, doch von Millionen gesehen.<\/p>\n<p>Erste Zweifel werden bei jenen wach, die sich f\u00fcr die Regierungsdemos missbrauchen lie\u00dfen. <a href=\"https:\/\/twitter.com\/hashtag\/DeportationsLuege?src=hash&amp;ref_src=twsrc%5Etfw\">#DeportationsLuege<\/a> <a href=\"https:\/\/t.co\/2lZcxwyCnJ\">pic.twitter.com\/2lZcxwyCnJ<\/a><\/p>\n<p>&mdash; Stefan Homburg (@SHomburg) <a href=\"https:\/\/twitter.com\/SHomburg\/status\/1758379654254149988?ref_src=twsrc%5Etfw\">February 16, 2024<\/a><\/p><\/blockquote>\n<p><script async src=\"https:\/\/platform.twitter.com\/widgets.js\" charset=\"utf-8\"><\/script><\/p>\n<p>Die verantwortlichen &#8222;Recherche-Akteure&#8220; zeigen sich dabei schmallippig und pikiert. So <a href=\"https:\/\/www.linkedin.com\/posts\/david-schraven-64ab96232_wir-kriegen-gerade-von-afd-nahen-autoren-activity-7162778740459040768-reRi?utm_source=share&amp;utm_medium=member_android\" target=\"_blank\" rel=\"noopener noreferrer\">echauffiert<\/a> sich Schraven auf LinkedIn:<\/p>\n<p style=\"padding-left: 40px;\"><em>&#8222;Wir kriegen gerade von AfD nahen Autoren aus Zeitungen, die noch nicht komplett verr\u00fcckt sind, \u00e4hnlich lautende Anfragen [&#8230;] Inhaltlich ist es im Kern darauf angelegt, uns zu diskreditieren sowie die Diskussion auf Nebenschaupl\u00e4tze abzulenken [&#8230;].&#8220;<\/em><\/p>\n<p>Die ermittelnde, weil ben\u00f6tigte Justiz sind also Nebenschaupl\u00e4tze. Ann\u00e4hernd am\u00fcsant ist die Beschwerde, dass &#8222;rechte Blogger&#8220; es wagen, das zu machen, was das <em>Correctiv<\/em>-Team im November 2023 in Potsdam heimlich beauftragte, n\u00e4mlich fotografieren. Jedoch, so der Vorwurf, befinden sich die unlauteren Blogger &#8222;vor unserem B\u00fcro, um unsere Kollegen zu filmen und einzusch\u00fcchtern&#8220;. Schraven res\u00fcmiert: &#8222;Es wird rauer&#8220;, also die Stimmung. Da m\u00f6chte man ihm nicht widersprechen. Eine bewusste F\u00f6rderung der gesellschaftlichen Spaltung bringt nun mal Schwingungen mit sich.<\/p>\n<p>Die stellvertretende <em>Correctiv<\/em>-Chefredakteurin Anette Dowideit<strong>\u00a0<\/strong>best\u00e4tigte\u00a0gegen\u00fcber dem Branchenmediendienst <em>Kress<\/em>\u00a0in einem <a href=\"https:\/\/www.kress.de\/news\/beitrag\/147058-correctiv-vize-dowideit-quot-niemand-hat-unsere-informationen-grundsaetzlich-dementiert-quot.html\" target=\"_blank\" rel=\"noopener noreferrer\">Interview<\/a>, dass der wirksame &#8222;Sensationsartikel&#8220; \u00fcber rein zugespielte Informationen entstand. Dowideit w\u00f6rtlich:<\/p>\n<p style=\"padding-left: 40px;\"><em>&#8222;Es ist richtig, dass unser Reporter nicht selbst im Raum war. Wir haben die Teilnehmer des Treffens, die wir im Text zitieren, vor der Ver\u00f6ffentlichung aber mit den Inhalten konfrontiert\u00a0\u2012 niemand hat sie grunds\u00e4tzlich dementiert. Das spricht doch stark daf\u00fcr, dass die Informationen richtig sind.&#8220;<\/em><\/p>\n<p>Diese Information ist mehr als relevant, da Tonmitschnitte von privaten Veranstaltungen auch weiterhin noch nach\u00a0\u00a7 201 StGB (Verletzung der Vertraulichkeit des Wortes) strafbar sind. Das <em>Correctiv<\/em>-Team bestreitet allerdings, dass Tonmitschnitte im Artikel verwendet wurden, sondern nur &#8222;schriftliche Gespr\u00e4chsprotokolle&#8220; eingeschleuster Akteure.<\/p>\n<p>Schraven gab ebenfalls, noch berauscht von der Wirkung des Artikels, einem\u00a0&#8222;nicht rechten&#8220; Medium ein Interview und Detailinformationen des Agierens in Potsdam. Am 11. Februar informierte die US-Webseite <em>Semafor\u00a0<\/em>\u2012 gegr\u00fcndet im Jahr<em>\u00a0<\/em>2022 von einem ehemaligen &#8222;Chefredakteur von <em>BuzzFeed News<\/em> und Medienkolumnisten der <em>New York Times<\/em>&#8220; sowie dem &#8222;ehemaligen CEO von <em>Bloomberg<\/em>\u00a0<em>Media<\/em>&#8220;\u00a0\u2012 in ihrem &#8222;Media-Newsletter&#8220; \u00fcber den von ihr titulierten &#8222;gr\u00f6\u00dften Kn\u00fcller des Jahres, vielleicht des Jahrzehnts&#8220;. Gina Chua, die Autorin der Meldung, war fr\u00fcher unter anderem leitende Redakteurin bei der Nachrichtenagentur\u00a0<em>Reuters<\/em>.\u00a0Eine Textpassage\u00a0\u00fcber die deutschen Kollegen lautet:<\/p>\n<p style=\"padding-left: 40px;\"><em>&#8222;F\u00fcr Correctiv-Gr\u00fcnder und -Gesch\u00e4ftsf\u00fchrer David Schraven ist dies die folgenreichste Geschichte, an der die Nachrichtenredaktion je gearbeitet hat. &#8218;Wir haben zehn Jahre lang trainiert&#8216;, sagte er gegen\u00fcber Semafor in Anlehnung an den Fu\u00dfball. &#8218;Jetzt sind wir im Spiel.'&#8220;<\/em><\/p>\n<p>So weit, so kollegial. Interessanter an dem <a href=\"https:\/\/www.semafor.com\/newsletter\/02\/11\/2024\/how-spotifys-big-trevor-noah-deal-soured\" target=\"_blank\" rel=\"noopener noreferrer\">Kurzartikel<\/a> ist, was Schraven zu den Vorg\u00e4ngen im November 2023 verr\u00e4t. So hei\u00dft es:<\/p>\n<p style=\"padding-left: 40px;\"><em>&#8222;Und der Insider-Tipp dieses\u00a0Hinweises ist selbst eine filmreife Geschichte. Als Correctiv von dem Treffen erfuhr, schickte es mehr als ein Dutzend Mitarbeiter los, um es zu \u00fcberwachen. Sie bem\u00fchten sich um ein Zimmer in dem ausgebuchten Hotel, in dem sie sich versammelten, um einen verdeckten Reporter in das Geb\u00e4ude zu schmuggeln. <a href=\"https:\/\/www.youtube.com\/watch?v=c9gNQOFZHSI\" target=\"_blank\" rel=\"noopener noreferrer\">Der eingeschleuste Reporter<\/a> streifte mit einer leeren Tasse durch die Flure und schwenkte sie als Vorwand, um in geschlossene Sitzungsr\u00e4ume hinein- und wieder hinauszugehen, auf der Suche nach der schwer zu findenden Tasse Kaffee. In der Zwischenzeit nahm er Ton, Video und Fotos mit seiner Apple Watch auf.&#8220;<\/em><\/p>\n<p>Im englischen Original hei\u00dft es &#8222;through his apple watch&#8220;\u00a0\u2012 k\u00f6nnte damit die technische M\u00f6glichkeit gemeint sein, dass die Armbanduhr als &#8222;Fernbedienung&#8220;, also unterst\u00fctzender Ausl\u00f6ser von Kamera und Ton eines iPhones eingesetzt wurde?\u00a0<a href=\"https:\/\/support.apple.com\/de-de\/HT205550\" target=\"_blank\" rel=\"noopener noreferrer\">Technisch<\/a> ist die <a href=\"https:\/\/support.apple.com\/de-de\/guide\/watch\/apd890848603\/watchos\" target=\"_blank\" rel=\"noopener noreferrer\">Verkn\u00fcpfung<\/a> von Apple Watch und einem\u00a0iPhone ohne Probleme m\u00f6glich. Das Medienmagazin <em>\u00dcbermedien<\/em> wollte daher von Dowideit wissen, ob dieser Punkt <a href=\"https:\/\/archive.is\/HDFbJ#selection-477.20-477.49\" target=\"_blank\" rel=\"noopener noreferrer\">aufgekl\u00e4rt<\/a> werden k\u00f6nnte. Die <em>Correctiv<\/em>-Mitarbeiterin <a href=\"https:\/\/twitter.com\/mz_storymakers\/status\/1758089784675733569\" target=\"_blank\" rel=\"noopener noreferrer\">antwortete<\/a> nur bedingt entlastend:<\/p>\n<p style=\"padding-left: 40px;\"><em>&#8222;Die Videobilder, die mit der Apple Watch gemacht wurden, sind einfach nur die kurzen Sequenzen aus der Lobby des Hotels, w\u00e4hrend die G\u00e4ste ankamen \u2013 die schon in einer Reihe von TV-Beitr\u00e4gen zu sehen waren.&#8220;<\/em><\/p>\n<p>Mehr nicht, es wurden keinerlei Tonsequenzen mitgeschnitten? Medial vollkommen unbeachtet ist\u00a0zudem weiterhin die unterst\u00fctzende und aktive Rolle von Greenpeace in der Causa.\u00a0Dazu erkl\u00e4rt\u00a0Martin Kaiser, gesch\u00e4ftsf\u00fchrender Vorstand von Greenpeace Deutschland, in einem <a href=\"https:\/\/www.greenpeace.de\/ueber-uns\/leitbild\/demos-demokratie\" target=\"_blank\" rel=\"noopener noreferrer\">Interview<\/a>:<\/p>\n<p style=\"padding-left: 40px;\"><em>&#8222;Greenpeace hat Hinweise auf eine Veranstaltung des &#8218;D\u00fcsseldorfer Forums&#8216; im November 2023 im Landhaus Adlon am Lehnitzsee in Potsdam erhalten [&#8230;] Wir wurden darauf aufmerksam, dass auch Correctiv zu diesem Thema arbeitet, aber mit der Recherche bereits deutlich weiter fortgeschritten war. Daher entschlossen wir uns, Correctiv mit unseren Rechercheergebnissen zu unterst\u00fctzen.&#8220;<\/em><\/p>\n<p>Die inhaltliche Ausrichtung von Greenpeace bestehe laut Kaiser in der &#8222;F\u00f6rderung des Umwelt- und Tierschutzes sowie des Friedens und der V\u00f6lkerverst\u00e4ndigung&#8220;. Dazu w\u00fcrde auch &#8222;die Auseinandersetzung mit und das Aufdecken von rechtsextremistischen Kr\u00e4ften, die auf die systematische Ausgrenzung und die Vertreibung von Menschen abzielen&#8220;, z\u00e4hlen. Inwieweit m\u00f6glicherweise ein Greenpeace-Mitarbeiter den verdeckten &#8222;Reporter mit seiner Apple Watch&#8220; darstellen k\u00f6nnte, k\u00f6nnte noch relevant werden, ausgehend von der laufenden Klage verleumdeter Anwesender. In dem <em>Correctiv<\/em>&#8211;<a href=\"https:\/\/correctiv.org\/aktuelles\/neue-rechte\/2024\/01\/10\/geheimplan-remigration-vertreibung-afd-rechtsextreme-november-treffen\/\" target=\"_blank\" rel=\"noopener noreferrer\">Artikel<\/a> hei\u00dft es zu diesem nun zu kl\u00e4renden Punkt, der m\u00f6glichen Verwendung von &#8222;Tondokumenten&#8220;:<\/p>\n<p style=\"padding-left: 40px;\"><em>&#8222;Dazu kam, dass Greenpeace zu dem Treffen recherchierte und CORRECTIV Fotos und Kopien von Dokumenten \u00fcberlie\u00df.&#8220;<\/em><\/p>\n<p>Die gesamte Causa &#8222;Correctiv&#8220; entwickelt sich daher weiter dynamisch zu einem versch\u00e4rften Politikum, mit\u00a0mehreren Ebenen eines medial-politischen Skandals. Der klagende\u00a0Staatsrechtler Ulrich Vosgerau <a href=\"https:\/\/twitter.com\/UlrichVosgerau\/status\/1758270228134236559\" target=\"_blank\" rel=\"noopener noreferrer\">res\u00fcmiert<\/a> in einer Zwischenbewertung am 16. Februar:<\/p>\n<p style=\"padding-left: 40px;\"><em>&#8222;Correctiv kaputt! Frau Dowideit sagt inzwischen nur noch: Niemand bestreite, dass das Treffen in Potsdam\u00a0wirklich stattgefunden habe und dass das Wort &#8218;Remigration&#8216; dort gefallen sei! Und das war&#8217;s wohl inzwischen auch schon.&#8220;<\/em><\/p>\n<p>Vosgerau schlussfolgert weiter zu den Ereignissen seit dem 10. Januar:<\/p>\n<p style=\"padding-left: 40px;\"><em>&#8222;Keine Rede mehr von der Ausb\u00fcrgerung von Deutschen, von der Selektion nach Hautfarbe, von Vertreibung oder Deportation, weiterhin von der Vertreibung auch von Deutschen, die noch nicht einmal ausl\u00e4ndischer Herkunft, sondern nur politisch andersdenkend seien&#8230;\u00a0\u2012 Das hatten die sich alles n\u00e4mlich einfach nur ausgedacht. Und dann sollte es so lange im \u00d6RR wiederholt werden, bis es allgemein als &#8218;wahr&#8216; gilt. Das war der Plan. Sozusagen: der echte Geheimplan gegen Deutschland.&#8220;<\/em><\/p>\n<p>Am 29. Januar <a href=\"https:\/\/www.berliner-zeitung.de\/politik-gesellschaft\/correctiv-geheimtreffen-im-innenministerium-kubicki-will-antworten-li.2179635\" target=\"_blank\" rel=\"noopener noreferrer\">zitierte<\/a> die <em>Berliner Zeitung<\/em> den sensiblen und d\u00fcnnh\u00e4utigen\u00a0<em>Correctiv<\/em>-Gr\u00fcnder Schraven mit der lapidaren Feststellung zum Thema von Portal-Treffen mit Vertretern der vormaligen Bundesregierung unter Angela Merkel: &#8222;Wir f\u00fchren \u00fcber diese Arten von Treffen kein Buch&#8220;. Diese konspirativen Meetings setzten sich bis in die Gegenwart fort, dies auch mit j\u00fcngsten Zusammenk\u00fcnften mit Kanzler Scholz pers\u00f6nlich.<\/p>\n<p>Die kommenden Wochen werden nun zeigen, ob das vermeintlich argumentative unzerst\u00f6rbare Ger\u00fcst\u00a0\u2012 einer investigativen unangreifbaren Verleumdungsgeschichte\u00a0\u2012 samt Fundament weiter wackelt, br\u00f6ckelt\u00a0und vom nahenden Einsturz bedroht ist.<\/p>\n<p>Vosgeraus betreuender Anwalt\u00a0Carsten Brennecke teilte zumindest schon einmal im Rahmen eines <a href=\"https:\/\/twitter.com\/RABrennecke\/status\/1758101460586271153\" target=\"_blank\" rel=\"noopener noreferrer\">X-Postings<\/a> mit, dass der Interviewhinweis des Einsatzes einer Apple Watch durch David Schraven seine Aufmerksamkeit erzielt h\u00e4tte und die <em>Correctiv<\/em>-Verantwortlichen &#8222;immer mehr in Widerspr\u00fcche verstrickt&#8220; seien. Dies k\u00f6nnte daher &#8222;dem laufenden strafrechtlichen Ermittlungsverfahren Aufwind geben&#8220;. Brennecke stellt fest:<\/p>\n<p style=\"padding-left: 40px;\"><em>&#8222;Die Berichterstattung von Semafor wird sicherlich auch zum Gegenstand des Ermittlungsverfahrens werden. Es wird interessant, wie Correctiv diese Berichterstattung des US-Nachrichtenmagazins \u00fcber angebliche illegale Abh\u00f6rma\u00dfnahmen nun erkl\u00e4rt.&#8220;<\/em><\/p>\n<p>Das Portal<em> Tichys Einblick <\/em><a href=\"https:\/\/twitter.com\/RolandTichy\/status\/1758142970912505918\" target=\"_blank\" rel=\"noopener noreferrer\">fragt<\/a>:<\/p>\n<p style=\"padding-left: 40px;\">&#8222;Darf man schon von einem &#8218;Correctiv-Gate&#8216; sprechen? Falschaussagen, Schwindeln, illegales Abh\u00f6ren\u00a0\u2012 die vermeintlichen Recherchen werden zu einem Haufen Schmutzw\u00e4sche&#8220;.<\/p>\n<p style=\"text-align: right;\"><em>Bernhard Loyen ist freier Journalist und schreibt f\u00fcr verschiedene alternative Portale<\/em><\/p>\n<hr \/>\n<p><span style=\"font-size: 10pt;\">Bild oben:\u00a0David Schraven, Gr\u00fcnder von Correctiv (Foto von 2011, damals WAZ Rechercheredaktion)<\/span><br \/>\n<span style=\"font-size: 10pt;\">Foto:\u00a0Grimme Online Award,\u00a0<a href=\"https:\/\/creativecommons.org\/licenses\/by-nc-sa\/2.0\/\" target=\"_blank\" rel=\"noopener\">CC BY-NC-SA 2.0 Deed<\/a><\/span><br \/>\n<span style=\"font-size: 10pt;\">Quelle: <a href=\"https:\/\/www.flickr.com\/photos\/grimmeonlineaward\/6354770155\/\" target=\"_blank\" rel=\"noopener\">https:\/\/www.flickr.com\/photos\/grimmeonlineaward\/6354770155\/<\/a><\/span><\/p>\n","protected":false},"excerpt":{"rendered":"<p><b>Beitrag von Bernhard Loyen<\/b><br \/>\nDas Redaktionsteam um den\u00a0Gr\u00fcnder des &#8222;gemeinn\u00fctzigen Recherche-B\u00fcros&#8220; Correctiv, David Schraven, und seine mitverantwortliche Leitungskollegin Anette Dowideit erf\u00e4hrt nicht nur Begeisterung, Applaus und Respekt f\u00fcr seinen vermeintlich investigativen Artikel: &#8222;Neue Rechte \u2013 Geheimplan gegen Deutschland&#8220;. Seit dem 10. Januar werden von mehrheitlich alternativen, aber auch\u00a0zunehmend\u00a0etablierten Medien mehr als angebrachte Fragen gestellt und Widerspr\u00fcchlichkeiten aufgedeckt. Mittlerweile haben zwei verleumdete Teilnehmer Anzeige gegen die Correctiv-Redaktion erstattet. Diese Entwicklung &#8222;eines umstrittenen Geheimtreffens&#8220;, so die j\u00fcngste\u00a0ARD-Formulierung, schaffte es sogar bis in die Tagesschau vom 15. Februar. Inhalte der anscheinend nicht mehr &#8222;skandal\u00f6sen&#8220; Zusammenkunft wurden laut Klageschrift &#8222;nicht richtig wiedergegeben&#8220;.<\/p>\n","protected":false},"author":3,"featured_media":18297,"comment_status":"closed","ping_status":"closed","sticky":false,"template":"","format":"standard","meta":{"colormag_page_container_layout":"default_layout","colormag_page_sidebar_layout":"default_layout","advanced_seo_description":"","jetpack_seo_html_title":"","jetpack_seo_noindex":false,"jetpack_post_was_ever_published":false,"footnotes":""},"categories":[12],"tags":[2133,1031,2077,605,759,2132,1308,1902,1343],"class_list":["post-18282","post","type-post","status-publish","format-standard","has-post-thumbnail","hentry","category-demokratie-medien-aufklaerung","tag-abhoermassnahmen","tag-afd","tag-correctiv","tag-desinformation","tag-geheimdienste","tag-greenpeace","tag-justiz","tag-tageschau","tag-ueberwachung"],"jetpack_featured_media_url":"https:\/\/i0.wp.com\/www.freidenker.org\/fw17\/wp-content\/uploads\/2024\/02\/david_schraven_2011_800x450.jpg?fit=800%2C450&ssl=1","jetpack_shortlink":"https:\/\/wp.me\/p9stpK-4KS","jetpack-related-posts":[{"id":18205,"url":"https:\/\/www.freidenker.org\/?p=18205","url_meta":{"origin":18282,"position":0},"title":"Causa Correctiv: &#8222;Rechercheportal&#8220; wird durch &#8222;Geheimtreffen&#8220;-Beschuldigte juristisch angezeigt","author":"Webredaktion","date":"14. Februar 2024","format":false,"excerpt":"Beitrag von Bernhard Loyen Ein vermeintlich investigativer Artikel des\u00a0medial titulierten \"Rechercheportals\" Correctiv sorgt f\u00fcr dynamische gesellschaftliche Reaktionen hinsichtlich der Oppositionspartei AfD und ihrer Sympathisanten. Seit der Ver\u00f6ffentlichung des Correctiv-Artikels \"Neue Rechte \u2013 Geheimplan gegen Deutschland\" am 10. Januar erleben die AfD, zugeh\u00f6rige Politiker wie auch W\u00e4hler und Unterst\u00fctzer der Partei\u2026","rel":"","context":"In &quot;Demokratie \u2013 Medien \u2013 Aufkl\u00e4rung&quot;","block_context":{"text":"Demokratie \u2013 Medien \u2013 Aufkl\u00e4rung","link":"https:\/\/www.freidenker.org\/?cat=12"},"img":{"alt_text":"","src":"https:\/\/i0.wp.com\/www.freidenker.org\/fw17\/wp-content\/uploads\/2024\/02\/privacy-policy-1624400_800x450.jpg?fit=800%2C450&ssl=1&resize=350%2C200","width":350,"height":200,"srcset":"https:\/\/i0.wp.com\/www.freidenker.org\/fw17\/wp-content\/uploads\/2024\/02\/privacy-policy-1624400_800x450.jpg?fit=800%2C450&ssl=1&resize=350%2C200 1x, https:\/\/i0.wp.com\/www.freidenker.org\/fw17\/wp-content\/uploads\/2024\/02\/privacy-policy-1624400_800x450.jpg?fit=800%2C450&ssl=1&resize=525%2C300 1.5x, https:\/\/i0.wp.com\/www.freidenker.org\/fw17\/wp-content\/uploads\/2024\/02\/privacy-policy-1624400_800x450.jpg?fit=800%2C450&ssl=1&resize=700%2C400 2x"},"classes":[]},{"id":18583,"url":"https:\/\/www.freidenker.org\/?p=18583","url_meta":{"origin":18282,"position":1},"title":"Potsdam, Correctiv und unbeantwortete Fragen: Ein Putsch ganz ohne Rollatoren","author":"Webredaktion","date":"24. M\u00e4rz 2024","format":false,"excerpt":"Beitrag vom Dagmar Henn Die Geschichte rund um die Correctiv-Erz\u00e4hlung von Potsdam scheint noch lange nicht zu Ende zu sein. Genau genommen, w\u00e4re sie unter normalen Umst\u00e4nden l\u00e4ngst Thema f\u00fcr einen parlamentarischen Untersuchungsausschuss. Zuletzt lieferte die Antwort auf eine Frage des AfD-Abgeordneten Leif-Erik Holm einen weiteren Grund daf\u00fcr. Fassen wir\u2026","rel":"","context":"In &quot;Demokratie \u2013 Medien \u2013 Aufkl\u00e4rung&quot;","block_context":{"text":"Demokratie \u2013 Medien \u2013 Aufkl\u00e4rung","link":"https:\/\/www.freidenker.org\/?cat=12"},"img":{"alt_text":"","src":"https:\/\/i0.wp.com\/www.freidenker.org\/fw17\/wp-content\/uploads\/2024\/03\/Demokratie_Verteidigen_protest_Berlin_2024-01-14_148_800x450.jpg?fit=800%2C450&ssl=1&resize=350%2C200","width":350,"height":200,"srcset":"https:\/\/i0.wp.com\/www.freidenker.org\/fw17\/wp-content\/uploads\/2024\/03\/Demokratie_Verteidigen_protest_Berlin_2024-01-14_148_800x450.jpg?fit=800%2C450&ssl=1&resize=350%2C200 1x, https:\/\/i0.wp.com\/www.freidenker.org\/fw17\/wp-content\/uploads\/2024\/03\/Demokratie_Verteidigen_protest_Berlin_2024-01-14_148_800x450.jpg?fit=800%2C450&ssl=1&resize=525%2C300 1.5x, https:\/\/i0.wp.com\/www.freidenker.org\/fw17\/wp-content\/uploads\/2024\/03\/Demokratie_Verteidigen_protest_Berlin_2024-01-14_148_800x450.jpg?fit=800%2C450&ssl=1&resize=700%2C400 2x"},"classes":[]},{"id":17901,"url":"https:\/\/www.freidenker.org\/?p=17901","url_meta":{"origin":18282,"position":2},"title":"Die Demokratie und ihre Feinde","author":"Webredaktion","date":"20. Januar 2024","format":false,"excerpt":"Deutsche Medien zum \"Vertreibungsplan\" der AfD Beitrag von Gert Ewen Ungar Am Mittwoch [10.01.2024] titelte die Tagesschau\u00a0\"AfD-Politiker diskutieren offenbar Vertreibungsplan\". Was sich daran im Beitrag anschlie\u00dft, f\u00e4llt unter den Begriff Hetze und Desinformation. Die Tagesschau ist damit nicht allein, denn es handelt sich bei der aktuellen Agitation gegen die AfD\u2026","rel":"","context":"In &quot;Demokratie \u2013 Medien \u2013 Aufkl\u00e4rung&quot;","block_context":{"text":"Demokratie \u2013 Medien \u2013 Aufkl\u00e4rung","link":"https:\/\/www.freidenker.org\/?cat=12"},"img":{"alt_text":"","src":"https:\/\/i0.wp.com\/www.freidenker.org\/fw17\/wp-content\/uploads\/2024\/01\/Potsdam-Neu_Fahrland_AmLehnitzsee1_800x450.jpg?fit=800%2C450&ssl=1&resize=350%2C200","width":350,"height":200,"srcset":"https:\/\/i0.wp.com\/www.freidenker.org\/fw17\/wp-content\/uploads\/2024\/01\/Potsdam-Neu_Fahrland_AmLehnitzsee1_800x450.jpg?fit=800%2C450&ssl=1&resize=350%2C200 1x, https:\/\/i0.wp.com\/www.freidenker.org\/fw17\/wp-content\/uploads\/2024\/01\/Potsdam-Neu_Fahrland_AmLehnitzsee1_800x450.jpg?fit=800%2C450&ssl=1&resize=525%2C300 1.5x, https:\/\/i0.wp.com\/www.freidenker.org\/fw17\/wp-content\/uploads\/2024\/01\/Potsdam-Neu_Fahrland_AmLehnitzsee1_800x450.jpg?fit=800%2C450&ssl=1&resize=700%2C400 2x"},"classes":[]},{"id":18154,"url":"https:\/\/www.freidenker.org\/?p=18154","url_meta":{"origin":18282,"position":3},"title":"Warum die Kampagne \u201egegen Rechts\u201c erstens orchestriert und zweitens verlogen ist","author":"Webredaktion","date":"12. Februar 2024","format":false,"excerpt":"Beitrag von Thomas R\u00f6per Ich werde in Russland derzeit \u00f6fter von verschiedenen Medien um Interviews gebeten, denn die Entwicklungen in Deutschland interessieren auch die Menschen in Russland. Eine Frage, die mir dabei immer wieder gestellt wird, ist, wie die deutsche \u00d6ffentlichkeit \u00fcber dieses oder jenes denkt. Und da muss ich\u2026","rel":"","context":"In &quot;Demokratie \u2013 Medien \u2013 Aufkl\u00e4rung&quot;","block_context":{"text":"Demokratie \u2013 Medien \u2013 Aufkl\u00e4rung","link":"https:\/\/www.freidenker.org\/?cat=12"},"img":{"alt_text":"","src":"https:\/\/i0.wp.com\/www.freidenker.org\/fw17\/wp-content\/uploads\/2024\/02\/ard-propaganda1_800x450.jpg?fit=800%2C450&ssl=1&resize=350%2C200","width":350,"height":200,"srcset":"https:\/\/i0.wp.com\/www.freidenker.org\/fw17\/wp-content\/uploads\/2024\/02\/ard-propaganda1_800x450.jpg?fit=800%2C450&ssl=1&resize=350%2C200 1x, https:\/\/i0.wp.com\/www.freidenker.org\/fw17\/wp-content\/uploads\/2024\/02\/ard-propaganda1_800x450.jpg?fit=800%2C450&ssl=1&resize=525%2C300 1.5x, https:\/\/i0.wp.com\/www.freidenker.org\/fw17\/wp-content\/uploads\/2024\/02\/ard-propaganda1_800x450.jpg?fit=800%2C450&ssl=1&resize=700%2C400 2x"},"classes":[]},{"id":18141,"url":"https:\/\/www.freidenker.org\/?p=18141","url_meta":{"origin":18282,"position":4},"title":"Der Fall Compact: Eine gut ge\u00f6lte Zensurmaschine wird angeworfen","author":"Webredaktion","date":"11. Februar 2024","format":false,"excerpt":"Beitrag von Dagmar Henn Es wird von Tag zu Tag unheimlicher, und langsam kommt es mir vor wie ein Reichstagsbrand in Zeitlupe. Oder, besser noch, aufgeteilt in kleine H\u00e4ppchen, die \u00fcber viele Folgen hinweg verabreicht werden. M\u00fcsste ich jetzt jubeln, wenn das Magazin Compact aus den Bahnhofsbuchhandlungen verschwindet? Auch wenn\u2026","rel":"","context":"In &quot;Demokratie \u2013 Medien \u2013 Aufkl\u00e4rung&quot;","block_context":{"text":"Demokratie \u2013 Medien \u2013 Aufkl\u00e4rung","link":"https:\/\/www.freidenker.org\/?cat=12"},"img":{"alt_text":"","src":"https:\/\/i0.wp.com\/www.freidenker.org\/fw17\/wp-content\/uploads\/2024\/02\/Juergen_Elsaesser_Leipzig_2022-09-05_800x450.jpg?fit=800%2C450&ssl=1&resize=350%2C200","width":350,"height":200,"srcset":"https:\/\/i0.wp.com\/www.freidenker.org\/fw17\/wp-content\/uploads\/2024\/02\/Juergen_Elsaesser_Leipzig_2022-09-05_800x450.jpg?fit=800%2C450&ssl=1&resize=350%2C200 1x, https:\/\/i0.wp.com\/www.freidenker.org\/fw17\/wp-content\/uploads\/2024\/02\/Juergen_Elsaesser_Leipzig_2022-09-05_800x450.jpg?fit=800%2C450&ssl=1&resize=525%2C300 1.5x, https:\/\/i0.wp.com\/www.freidenker.org\/fw17\/wp-content\/uploads\/2024\/02\/Juergen_Elsaesser_Leipzig_2022-09-05_800x450.jpg?fit=800%2C450&ssl=1&resize=700%2C400 2x"},"classes":[]},{"id":18456,"url":"https:\/\/www.freidenker.org\/?p=18456","url_meta":{"origin":18282,"position":5},"title":"Fiktion versus Realit\u00e4t: &#8222;Zwei Minuten Hass&#8220; hei\u00dft heute &#8222;Demokratie-Schulung&#8220;","author":"Webredaktion","date":"3. M\u00e4rz 2024","format":false,"excerpt":"Beitrag von Bernhard Loyen Hass ist ein sehr dunkles Wort. Hass soll im psychologischen Zusammenhang eine \"tiefe seelische Verletzung\" bedeuten. Die Wut dagegen sei eher ein allgemeines Gef\u00fchl, eine Stimmung.\u00a0Hass \"ist auf ein ganz bestimmtes Objekt gerichtet, in der Regel auf eine Person\", so die Definition. Die vernehmbare Stimmung im\u2026","rel":"","context":"In &quot;Demokratie \u2013 Medien \u2013 Aufkl\u00e4rung&quot;","block_context":{"text":"Demokratie \u2013 Medien \u2013 Aufkl\u00e4rung","link":"https:\/\/www.freidenker.org\/?cat=12"},"img":{"alt_text":"","src":"https:\/\/i0.wp.com\/www.freidenker.org\/fw17\/wp-content\/uploads\/2024\/03\/Punch_AfD_in_the_mouth_800x450-.jpg?fit=800%2C450&ssl=1&resize=350%2C200","width":350,"height":200,"srcset":"https:\/\/i0.wp.com\/www.freidenker.org\/fw17\/wp-content\/uploads\/2024\/03\/Punch_AfD_in_the_mouth_800x450-.jpg?fit=800%2C450&ssl=1&resize=350%2C200 1x, https:\/\/i0.wp.com\/www.freidenker.org\/fw17\/wp-content\/uploads\/2024\/03\/Punch_AfD_in_the_mouth_800x450-.jpg?fit=800%2C450&ssl=1&resize=525%2C300 1.5x, https:\/\/i0.wp.com\/www.freidenker.org\/fw17\/wp-content\/uploads\/2024\/03\/Punch_AfD_in_the_mouth_800x450-.jpg?fit=800%2C450&ssl=1&resize=700%2C400 2x"},"classes":[]}],"_links":{"self":[{"href":"https:\/\/www.freidenker.org\/index.php?rest_route=\/wp\/v2\/posts\/18282","targetHints":{"allow":["GET"]}}],"collection":[{"href":"https:\/\/www.freidenker.org\/index.php?rest_route=\/wp\/v2\/posts"}],"about":[{"href":"https:\/\/www.freidenker.org\/index.php?rest_route=\/wp\/v2\/types\/post"}],"author":[{"embeddable":true,"href":"https:\/\/www.freidenker.org\/index.php?rest_route=\/wp\/v2\/users\/3"}],"replies":[{"embeddable":true,"href":"https:\/\/www.freidenker.org\/index.php?rest_route=%2Fwp%2Fv2%2Fcomments&post=18282"}],"version-history":[{"count":0,"href":"https:\/\/www.freidenker.org\/index.php?rest_route=\/wp\/v2\/posts\/18282\/revisions"}],"wp:featuredmedia":[{"embeddable":true,"href":"https:\/\/www.freidenker.org\/index.php?rest_route=\/wp\/v2\/media\/18297"}],"wp:attachment":[{"href":"https:\/\/www.freidenker.org\/index.php?rest_route=%2Fwp%2Fv2%2Fmedia&parent=18282"}],"wp:term":[{"taxonomy":"category","embeddable":true,"href":"https:\/\/www.freidenker.org\/index.php?rest_route=%2Fwp%2Fv2%2Fcategories&post=18282"},{"taxonomy":"post_tag","embeddable":true,"href":"https:\/\/www.freidenker.org\/index.php?rest_route=%2Fwp%2Fv2%2Ftags&post=18282"}],"curies":[{"name":"wp","href":"https:\/\/api.w.org\/{rel}","templated":true}]}}