{"id":18263,"date":"2024-02-19T02:02:01","date_gmt":"2024-02-19T01:02:01","guid":{"rendered":"https:\/\/www.freidenker.org\/?p=18263"},"modified":"2024-03-06T00:14:35","modified_gmt":"2024-03-05T23:14:35","slug":"das-unheilige-heilige-land-leben-zwischen-mauern","status":"publish","type":"post","link":"https:\/\/www.freidenker.org\/?p=18263","title":{"rendered":"Das unheilige Heilige Land \u2013 Leben zwischen Mauern"},"content":{"rendered":"<p><em>Bericht und Kommentar von <strong>Karl-Heinz Peil<\/strong> zu einer Veranstaltung mit <strong>Faten Mukarker<\/strong>\u00a0<\/em><\/p>\n<p><span style=\"font-size: 10pt;\">\u00dcbernahme der Ver\u00f6ffentlichung des <a href=\"https:\/\/overton-magazin.de\/hintergrund\/politik\/das-unheilige-heilige-land-leben-zwischen-mauern\" target=\"_blank\" rel=\"noopener\">Overton Magazin vom 13.02.2024<\/a><\/span><br \/>\n<span style=\"font-size: 10pt;\">Erstver\u00f6ffentlichung auf der <a href=\"https:\/\/frieden-und-zukunft.de\/das-unheilige-heilige-land\" target=\"_blank\" rel=\"noopener\">Webseite der F<span class=\"m-font-size-title font-inherit font-italic\">riedens- und Zukunftswerkstatt e.V.<\/span><\/a><\/span><\/p>\n<p><strong>Am 26. Januar 2024 fand in Frankfurt am Main eine Veranstaltung mit Faten Mukarker statt.<a href=\"#_ftn1\" name=\"_ftnref1\">[1]<\/a> Etwa 120 Teilnehmer verfolgten einen ungew\u00f6hnlich langen Vortrag \u00fcber zweieinhalb Stunden, sehr faktenreich und zugleich mit heftiger emotionaler Wirkung.<\/strong><\/p>\n<p>Angek\u00fcndigt war diese als Vortrags- und Diskussionsveranstaltung unter dem Titel \u201e<em>Das unheilige Heilige Land. Lebensbedingungen in Pal\u00e4stina\u201c<\/em>. Fragen und Diskussion fielen allerdings der fortgeschrittenen Zeit zum Opfer, was im Nachhinein von einzelnen Teilnehmern bedauert wurde. Man muss sich allerdings fragen, ob eine Diskussion mit Fragen und Antworten bei dem hierzulande \u00fcblichen Veranstaltungsformat \u00fcberhaupt sinnvoll ist, wenn die emotionale Wucht des Vortrags erst einmal wirken muss. Nat\u00fcrlich h\u00e4tte es viele Detailfragen gegeben, die man h\u00e4tte stellen k\u00f6nnen. Individuell zu beantworten ist aber die Grundsatzfrage, die Faten Mukarker so nicht gestellt hat, die sich aber als Fazit aufdr\u00e4ngt: Wie viel Empathie haben wir angesichts der bedr\u00fcckenden Lebenssituation der Pal\u00e4stinenser und ihrer seit Jahrzehnten entw\u00fcrdigenden Behandlung durch die israelische Besatzungsmacht?<\/p>\n<h5>Was darf in Deutschland (nicht) gesagt werden?<\/h5>\n<figure id=\"attachment_18264\" aria-describedby=\"caption-attachment-18264\" style=\"width: 300px\" class=\"wp-caption alignleft\"><a href=\"https:\/\/i0.wp.com\/www.freidenker.org\/fw17\/wp-content\/uploads\/2024\/02\/Folie102_Mauer.jpg?ssl=1\"><img data-recalc-dims=\"1\" loading=\"lazy\" decoding=\"async\" data-attachment-id=\"18264\" data-permalink=\"https:\/\/www.freidenker.org\/?attachment_id=18264\" data-orig-file=\"https:\/\/i0.wp.com\/www.freidenker.org\/fw17\/wp-content\/uploads\/2024\/02\/Folie102_Mauer.jpg?fit=800%2C533&amp;ssl=1\" data-orig-size=\"800,533\" data-comments-opened=\"0\" data-image-meta=\"{&quot;aperture&quot;:&quot;0&quot;,&quot;credit&quot;:&quot;&quot;,&quot;camera&quot;:&quot;&quot;,&quot;caption&quot;:&quot;&quot;,&quot;created_timestamp&quot;:&quot;0&quot;,&quot;copyright&quot;:&quot;&quot;,&quot;focal_length&quot;:&quot;0&quot;,&quot;iso&quot;:&quot;0&quot;,&quot;shutter_speed&quot;:&quot;0&quot;,&quot;title&quot;:&quot;&quot;,&quot;orientation&quot;:&quot;1&quot;}\" data-image-title=\"Folie102_Mauer\" data-image-description=\"\" data-image-caption=\"\" data-large-file=\"https:\/\/i0.wp.com\/www.freidenker.org\/fw17\/wp-content\/uploads\/2024\/02\/Folie102_Mauer.jpg?fit=800%2C533&amp;ssl=1\" class=\"wp-image-18264 size-medium\" src=\"https:\/\/i0.wp.com\/www.freidenker.org\/fw17\/wp-content\/uploads\/2024\/02\/Folie102_Mauer.jpg?resize=300%2C200&#038;ssl=1\" alt=\"\" width=\"300\" height=\"200\" srcset=\"https:\/\/i0.wp.com\/www.freidenker.org\/fw17\/wp-content\/uploads\/2024\/02\/Folie102_Mauer.jpg?resize=300%2C200&amp;ssl=1 300w, https:\/\/i0.wp.com\/www.freidenker.org\/fw17\/wp-content\/uploads\/2024\/02\/Folie102_Mauer.jpg?resize=768%2C512&amp;ssl=1 768w, https:\/\/i0.wp.com\/www.freidenker.org\/fw17\/wp-content\/uploads\/2024\/02\/Folie102_Mauer.jpg?w=800&amp;ssl=1 800w\" sizes=\"auto, (max-width: 300px) 100vw, 300px\" \/><\/a><figcaption id=\"caption-attachment-18264\" class=\"wp-caption-text\"><span style=\"font-size: 10pt;\">Eingemauerter Ort Belt Jala<\/span><\/figcaption><\/figure>\n<p>Faten Mukarker ist Jahrgang 1956. Sie ist griechisch-orthodoxe Christin. In Deutschland aufgewachsen, kehrte sie als 20-J\u00e4hrige in ihre Heimat im Westjordanland zur\u00fcck, um zu heiraten. Sie lebt in Beit Jala. hat zwei S\u00f6hne und zwei T\u00f6chter sowie 11 Enkelkinder. Beit Jala ist eine pal\u00e4stinensische Stadt mit mehrheitlich christlichen Einwohnern in der N\u00e4he von Jerusalem und Bethlehem, die auch St\u00e4dtepartnerschaften in Deutschland unterh\u00e4lt. Ihr Wohnort ist seit langen Jahren besonders stark von dem israelischen Mauerbau im Westjordanland und den damit verbundenen massiven Einschr\u00e4nkungen der Arbeits- und Lebensbedingungen betroffen.<\/p>\n<p>Faten Mukarker spricht mit ruhiger, aber fester Stimme. Ihre Tonlage ist sachlich, aber stets mit zwar zur\u00fcckhaltender, aber gerade dadurch umso packender Emotionalit\u00e4t. Ihr Vortrag beginnt mit dem Krieg im Gazastreifen. \u201e<em>Nat\u00fcrlich ist es schlimm, was die Hamas am 7. Oktober gemacht hat, aber \u2026.<\/em>\u201c<\/p>\n<p>Und dann, nach einer kurzen Pause: \u201e<em>In Deutschland darf man kein Aber mehr sagen<\/em>.\u201c Sie zieht einen Vergleich. Stellen Sie sich eine Gerichtsverhandlung vor. Der Angeklagte hat ein Familienmitglied get\u00f6tet. In der Verhandlung kommt zur Sprache, dass der Angeklagte eine schwierige Kindheit und Jugend hatte: St\u00e4ndige Gewalt und sexueller Missbrauch in der Familie. Der Richter erkennt schlie\u00dflich in seinem Urteil leicht mildernde Umst\u00e4nde an.<\/p>\n<p>80.000 Tonnen Bomben wurden bisher auf das wohl am dichtesten besiedelte Gebiet der Welt abgeworfen. Wie soll man die Bilder beschreiben, die man mit wenigen Klicks im Internet oder im Kabelfernsehen \u00fcber den Sender Al Jazeera \u00fcber die Zust\u00e4nde in Gaza bekommt? Sie zieht einen Vergleich: In Deutschland gebe es bei vielen Kinofilmen den Hinweis: \u201e<em>F\u00fcr Jugendliche unter 16 Jahren nicht geeignet<\/em>\u201c. Bei den Bildern aus Gaza m\u00fcsse man schreiben: \u201e<em>F\u00fcr Menschen nicht geeignet<\/em>\u201c.<\/p>\n<p>Faten Mukarker versucht, die Situation der Menschen im Gaza-Streifen mit einfachen Aussagen vorstellbar zu machen. Am 7.10. war im Gaza-Streifen noch Sommer, jetzt jedoch ist es Winter. Auch in nicht zerst\u00f6rten Steinh\u00e4usern gibt es keine Heizung. Bestenfalls kann man eine Feuerstelle zum Aufw\u00e4rmen schaffen, ohne Holz, sondern mit zuf\u00e4llig vorhandenen Kunststoffen, die beim Verbrennen Giftstoffe freisetzen. Die Brutalit\u00e4t des Gaza-Krieges hat auch Konsequenzen f\u00fcr das Leben im Westjordanland. Sie verweist darauf, dass der extremste Minister im israelischen Kabinett zust\u00e4ndig f\u00fcr die innere Sicherheit ist. Nach dem 7.10. verteilte Itamar Ben-Gvir an israelische Siedler im Westjordanland Maschinengewehre.<\/p>\n<h5>Ein kurzer Streifzug durch die Geschichte<\/h5>\n<figure id=\"attachment_18266\" aria-describedby=\"caption-attachment-18266\" style=\"width: 300px\" class=\"wp-caption alignleft\"><a href=\"https:\/\/i0.wp.com\/www.freidenker.org\/fw17\/wp-content\/uploads\/2024\/02\/Folie08_Schluessel.jpg?ssl=1\"><img data-recalc-dims=\"1\" loading=\"lazy\" decoding=\"async\" data-attachment-id=\"18266\" data-permalink=\"https:\/\/www.freidenker.org\/?attachment_id=18266\" data-orig-file=\"https:\/\/i0.wp.com\/www.freidenker.org\/fw17\/wp-content\/uploads\/2024\/02\/Folie08_Schluessel.jpg?fit=800%2C605&amp;ssl=1\" data-orig-size=\"800,605\" data-comments-opened=\"0\" data-image-meta=\"{&quot;aperture&quot;:&quot;0&quot;,&quot;credit&quot;:&quot;&quot;,&quot;camera&quot;:&quot;&quot;,&quot;caption&quot;:&quot;&quot;,&quot;created_timestamp&quot;:&quot;0&quot;,&quot;copyright&quot;:&quot;&quot;,&quot;focal_length&quot;:&quot;0&quot;,&quot;iso&quot;:&quot;0&quot;,&quot;shutter_speed&quot;:&quot;0&quot;,&quot;title&quot;:&quot;&quot;,&quot;orientation&quot;:&quot;1&quot;}\" data-image-title=\"Folie08_Schluessel\" data-image-description=\"\" data-image-caption=\"\" data-large-file=\"https:\/\/i0.wp.com\/www.freidenker.org\/fw17\/wp-content\/uploads\/2024\/02\/Folie08_Schluessel.jpg?fit=800%2C605&amp;ssl=1\" class=\"wp-image-18266 size-medium\" src=\"https:\/\/i0.wp.com\/www.freidenker.org\/fw17\/wp-content\/uploads\/2024\/02\/Folie08_Schluessel.jpg?resize=300%2C227&#038;ssl=1\" alt=\"\" width=\"300\" height=\"227\" srcset=\"https:\/\/i0.wp.com\/www.freidenker.org\/fw17\/wp-content\/uploads\/2024\/02\/Folie08_Schluessel.jpg?resize=300%2C227&amp;ssl=1 300w, https:\/\/i0.wp.com\/www.freidenker.org\/fw17\/wp-content\/uploads\/2024\/02\/Folie08_Schluessel.jpg?resize=768%2C581&amp;ssl=1 768w, https:\/\/i0.wp.com\/www.freidenker.org\/fw17\/wp-content\/uploads\/2024\/02\/Folie08_Schluessel.jpg?w=800&amp;ssl=1 800w\" sizes=\"auto, (max-width: 300px) 100vw, 300px\" \/><\/a><figcaption id=\"caption-attachment-18266\" class=\"wp-caption-text\"><span style=\"font-size: 10pt;\">Torbogen mit symbolischen Hausschl\u00fcssel<\/span><\/figcaption><\/figure>\n<p>Faten Mukarker geht auf die Geschichte Israels ein. Diese beginne mit dem \u00d6sterreicher Theodor Herzl, der am Ende des 19. Jahrhunderts angesichts zahlreicher Pogrome gegen Juden in vielen L\u00e4ndern Europas die Idee eines s\u00e4kularen j\u00fcdischen Staates entwickelt habe. Das damalige Pal\u00e4stina stand dabei nicht an erster Stelle, vielmehr Argentinien. Doch diese Idee z\u00fcndete \u00fcber Jahrzehnte hinweg nicht so richtig. Es gab zwar bereits vor mehr als 100 Jahren Immigration von Juden nach Pal\u00e4stina, was aber seinerzeit das friedliche und gut-nachbarliche Zusammenleben nicht infrage stellte. Juden und Pal\u00e4stinenser sind schlie\u00dflich beide Semiten, so ihr Hinweis. Erst als ein \u201ezweiter \u00d6sterreicher\u201c von 1933 bis 1945 seine Politik durchsetzte, r\u00fcckte Pal\u00e4stina in den Fokus. Nach dem zweiten Weltkrieg versuchten zionistische Kr\u00e4fte mit terroristischen Methoden, die Briten zu verbreiten, die als Mandatstr\u00e4ger seit 1920 im Land waren. Faten Mukarker nennt dazu den Terroranschlag unter F\u00fchrung des sp\u00e4teren israelischen Ministerpr\u00e4sidenten Begin. Dieser lie\u00df in gro\u00dfen Milchkannen versteckt den Sprengstoff in das Jerusalemer Hotel King David schmuggeln. Die damit erfolgte Sprengung f\u00fchrte zu weit \u00fcber 100 Toten mit unschuldigen G\u00e4sten und Mitarbeitern des Hotels.<\/p>\n<p>Sie nennt weitere Beispiele von Terroraktionen und Pogromen gegen die Pal\u00e4stinenser nach dem UN-Teilungsplan von 1947. Die \u201eVertreibung\u201c der Pal\u00e4stinenser, die von diesen bis heute als Nakba bezeichnet wird, sei eine eher harmlose Umschreibung. Vielmehr wurden die Menschen durch Pogrome und Terrorakte eingesch\u00fcchtert, so dass sie um ihr Leben f\u00fcrchten mussten. Sie verlie\u00dfen ihre H\u00e4user mit ihren wichtigsten Habseligkeiten und schlossen die Haust\u00fcr hinter sich ab. Sie zeigt ein Foto mit einem gro\u00dfen Torbogen in Form eines \u00fcberdimensionalen Schl\u00fcssellochs, auf dem ein mehrere Meter langer Schl\u00fcssel \u00fcber der Stra\u00dfe entlang der Sperrmauer liegt. Eigentlich, so meint sie, w\u00e4re das der gr\u00f6\u00dfte Schl\u00fcssel der Welt und w\u00fcrde ins Guinness-Buch der Rekorde geh\u00f6ren. Das sei aber nicht der Fall, da wohl zu politisch.<\/p>\n<p>Die Menschen, die damals ihre Heimat verlie\u00dfen, hatten immer die Hoffnung, fr\u00fcher oder sp\u00e4ter zur\u00fcckkehren zu k\u00f6nnen. Doch insgesamt 538 D\u00f6rfer wurden von den Israelis dem Erdboden gleichgemacht, den ehemaligen Bewohnern blieben nur die Schl\u00fcssel zu ihren H\u00e4usern. Faten Mukarker nennt 59 Fl\u00fcchtlingslager in Pal\u00e4stina, die im Laufe der Jahrzehnte entstanden sind. Die Hauptursache daf\u00fcr sind die 538 D\u00f6rfer, die von den Israelis dem Erdboden gleichgemacht wurden.<\/p>\n<p>Der Oslo-Friedensprozess mit dem Handschlag des israelischen Ministerpr\u00e4sidenten Rabin und Jassir Arafat mit US-Pr\u00e4sident Bill Clinton ging 1993 um die Welt. Als Ergebnis wurden erstmals selbstverwaltete Gebiete f\u00fcr die Pal\u00e4stinenser festgelegt, die etwa drei Prozent der Westbank, aber mehr als 80 Prozent der pal\u00e4stinensischen Bev\u00f6lkerung umfassen sollten (A-Zone). Ein weiteres Viertel des Gebietes sollte von Pal\u00e4stinensern und Israelis gemeinsam verwaltet werden (B-Zone). Der restliche, fl\u00e4chenm\u00e4\u00dfig gr\u00f6\u00dfte Teil sollte vorl\u00e4ufig unter israelischer Kontrolle bleiben (C-Zone). Diese Regelung war ausdr\u00fccklich als Interimsabkommen und Vorstufe zu einem eigenen Staat Pal\u00e4stina gedacht. Damit waren gro\u00dfe Hoffnungen auf ein schrittweises Ende der israelischen Besatzung verbunden.<\/p>\n<p>Doch es kam anders. Faten Mukarker zeigt Bilder, auf denen gegen Rabin als Verr\u00e4ter (\u201eRabin is a Traitor\u201c) gehetzt wird. Es gab Fotomontagen mit Rabin in SS-Uniform und Pal\u00e4stinensertuch. Sie erinnert sich, wie sie mit ihrer Familie in Beit Jala die Radiomeldung von der Ermordung Rabins h\u00f6rte. In Panik versuchte sie, Lebensmittel zu besorgen, denn es war zu erwarten, dass die Besatzungsmacht eine mehrt\u00e4gige Ausgangssperre verh\u00e4ngen w\u00fcrde. Doch dann kam die \u201eerleichternde\u201c Nachricht: Der Attent\u00e4ter war \u201ekeiner von uns\u201c, sondern ein israelischer Jude.<\/p>\n<h5>Leben an der Mauer und mit Checkpoints<\/h5>\n<figure id=\"attachment_18267\" aria-describedby=\"caption-attachment-18267\" style=\"width: 300px\" class=\"wp-caption alignleft\"><a href=\"https:\/\/i0.wp.com\/www.freidenker.org\/fw17\/wp-content\/uploads\/2024\/02\/folie19_Strassen_Westjordanland.jpg?ssl=1\"><img data-recalc-dims=\"1\" loading=\"lazy\" decoding=\"async\" data-attachment-id=\"18267\" data-permalink=\"https:\/\/www.freidenker.org\/?attachment_id=18267\" data-orig-file=\"https:\/\/i0.wp.com\/www.freidenker.org\/fw17\/wp-content\/uploads\/2024\/02\/folie19_Strassen_Westjordanland.jpg?fit=800%2C539&amp;ssl=1\" data-orig-size=\"800,539\" data-comments-opened=\"0\" data-image-meta=\"{&quot;aperture&quot;:&quot;0&quot;,&quot;credit&quot;:&quot;&quot;,&quot;camera&quot;:&quot;&quot;,&quot;caption&quot;:&quot;&quot;,&quot;created_timestamp&quot;:&quot;0&quot;,&quot;copyright&quot;:&quot;&quot;,&quot;focal_length&quot;:&quot;0&quot;,&quot;iso&quot;:&quot;0&quot;,&quot;shutter_speed&quot;:&quot;0&quot;,&quot;title&quot;:&quot;&quot;,&quot;orientation&quot;:&quot;1&quot;}\" data-image-title=\"folie19_Strassen_Westjordanland\" data-image-description=\"\" data-image-caption=\"\" data-large-file=\"https:\/\/i0.wp.com\/www.freidenker.org\/fw17\/wp-content\/uploads\/2024\/02\/folie19_Strassen_Westjordanland.jpg?fit=800%2C539&amp;ssl=1\" class=\"wp-image-18267 size-medium\" src=\"https:\/\/i0.wp.com\/www.freidenker.org\/fw17\/wp-content\/uploads\/2024\/02\/folie19_Strassen_Westjordanland.jpg?resize=300%2C202&#038;ssl=1\" alt=\"\" width=\"300\" height=\"202\" srcset=\"https:\/\/i0.wp.com\/www.freidenker.org\/fw17\/wp-content\/uploads\/2024\/02\/folie19_Strassen_Westjordanland.jpg?resize=300%2C202&amp;ssl=1 300w, https:\/\/i0.wp.com\/www.freidenker.org\/fw17\/wp-content\/uploads\/2024\/02\/folie19_Strassen_Westjordanland.jpg?resize=768%2C517&amp;ssl=1 768w, https:\/\/i0.wp.com\/www.freidenker.org\/fw17\/wp-content\/uploads\/2024\/02\/folie19_Strassen_Westjordanland.jpg?w=800&amp;ssl=1 800w\" sizes=\"auto, (max-width: 300px) 100vw, 300px\" \/><\/a><figcaption id=\"caption-attachment-18267\" class=\"wp-caption-text\"><span style=\"font-size: 10pt;\">Neubaustra\u00dfe nur f\u00fcr j\u00fcdische Siedler<\/span><\/figcaption><\/figure>\n<p>Die israelischen Siedlungen im Westjordanland haben auch zum Bau neuer Stra\u00dfen gef\u00fchrt, die ausschlie\u00dflich f\u00fcr die dort lebenden Juden bestimmt sind und schon jetzt stark zur Zerschneidung der pal\u00e4stinensischen Lebensr\u00e4ume beitragen. Eine ganz andere Dimension hat der 2002 begonnene Bau riesiger Mauern als Sperranlagen. Israel selbst bezeichnet sie als Sicherheitszaun. Sie dienen aber weniger der Sicherung des \u201eeigenen\u201c Territoriums vor angeblich zu bef\u00fcrchtenden Terrorakten als vielmehr der Zerschneidung pal\u00e4stinensischer Wohn- und Lebensr\u00e4ume, die das Passieren von mittlerweile weit \u00fcber 100 Checkpoints innerhalb der Westbank erforderlich macht. Dies betrifft auch Faten Mukarker, deren Wohnort Beit Jala an Bethlehem grenzt, wenige Kilometer s\u00fcdlich von Jerusalem.<\/p>\n<p>Im Juli 2004 gab der Internationale Gerichtshof (IGH) ein Gutachten zum Bau der Mauer in Pal\u00e4stina ab. In diesem Gutachten hat der IGH zwar eine Mauer direkt an der Grenze zwischen Israel und der Westbank als legitim bezeichnet, nicht aber eine Mauer innerhalb der pal\u00e4stinensischen Gebiete selbst. Dieser Anteil liegt jedoch weit \u00fcber 80% und wird im Gutachten als illegal bezeichnet, d.h. diese Mauern m\u00fcssten wieder abgerissen werden. Diese Nachricht wurde in Faten Mukarkers Wohnort mit Freude aufgenommen und man war gespannt, wie Israel darauf reagieren w\u00fcrde. Doch schon am n\u00e4chsten Tag machte sich Ern\u00fcchterung breit. In der israelischen Tagespresse wurde das Gutachten mit keinem Wort erw\u00e4hnt.<\/p>\n<figure id=\"attachment_18268\" aria-describedby=\"caption-attachment-18268\" style=\"width: 300px\" class=\"wp-caption alignleft\"><a href=\"https:\/\/i0.wp.com\/www.freidenker.org\/fw17\/wp-content\/uploads\/2024\/02\/Folie70_Mauer-Siedlungsraum.jpg?ssl=1\"><img data-recalc-dims=\"1\" loading=\"lazy\" decoding=\"async\" data-attachment-id=\"18268\" data-permalink=\"https:\/\/www.freidenker.org\/?attachment_id=18268\" data-orig-file=\"https:\/\/i0.wp.com\/www.freidenker.org\/fw17\/wp-content\/uploads\/2024\/02\/Folie70_Mauer-Siedlungsraum.jpg?fit=800%2C600&amp;ssl=1\" data-orig-size=\"800,600\" data-comments-opened=\"0\" data-image-meta=\"{&quot;aperture&quot;:&quot;0&quot;,&quot;credit&quot;:&quot;&quot;,&quot;camera&quot;:&quot;&quot;,&quot;caption&quot;:&quot;&quot;,&quot;created_timestamp&quot;:&quot;0&quot;,&quot;copyright&quot;:&quot;&quot;,&quot;focal_length&quot;:&quot;0&quot;,&quot;iso&quot;:&quot;0&quot;,&quot;shutter_speed&quot;:&quot;0&quot;,&quot;title&quot;:&quot;&quot;,&quot;orientation&quot;:&quot;1&quot;}\" data-image-title=\"Folie70_Mauer-Siedlungsraum\" data-image-description=\"\" data-image-caption=\"\" data-large-file=\"https:\/\/i0.wp.com\/www.freidenker.org\/fw17\/wp-content\/uploads\/2024\/02\/Folie70_Mauer-Siedlungsraum.jpg?fit=800%2C600&amp;ssl=1\" class=\"wp-image-18268 size-medium\" src=\"https:\/\/i0.wp.com\/www.freidenker.org\/fw17\/wp-content\/uploads\/2024\/02\/Folie70_Mauer-Siedlungsraum.jpg?resize=300%2C225&#038;ssl=1\" alt=\"\" width=\"300\" height=\"225\" srcset=\"https:\/\/i0.wp.com\/www.freidenker.org\/fw17\/wp-content\/uploads\/2024\/02\/Folie70_Mauer-Siedlungsraum.jpg?resize=300%2C225&amp;ssl=1 300w, https:\/\/i0.wp.com\/www.freidenker.org\/fw17\/wp-content\/uploads\/2024\/02\/Folie70_Mauer-Siedlungsraum.jpg?resize=768%2C576&amp;ssl=1 768w, https:\/\/i0.wp.com\/www.freidenker.org\/fw17\/wp-content\/uploads\/2024\/02\/Folie70_Mauer-Siedlungsraum.jpg?w=800&amp;ssl=1 800w\" sizes=\"auto, (max-width: 300px) 100vw, 300px\" \/><\/a><figcaption id=\"caption-attachment-18268\" class=\"wp-caption-text\"><span style=\"font-size: 10pt;\">Zerschneidung von Wohnsiedlung durch Mauerbau<\/span><\/figcaption><\/figure>\n<p>Die Siedlerstruktur in der Westbank hat sich in den letzten Jahrzehnten stark ver\u00e4ndert. Durch ihren Sohn, der in den USA lebt, wurde sie auf die Motive von Juden aus den USA aufmerksam, nach Israel auszuwandern und illegale Siedlungen im Westjordanland zu errichten. Es handelt sich durchweg um religi\u00f6se Fanatiker, die Faten Mukarker als \u201eextremer als rechtsextrem\u201c bezeichnet. Diese Leute kommen und vertreiben gewaltsam die Einheimischen, deren Landtitel einfach ignoriert werden. Die j\u00fcdischen Siedler berufen sich auf \u201eihre Besitzurkunde\u201c: das Alte Testament der Bibel, das ihnen historische Besitzanspr\u00fcche einr\u00e4ume.<\/p>\n<p>Es sind kleine Alltagsszenen, in denen die Brutalit\u00e4t der Besatzungsmacht sichtbar wird. Faten Mukarker zeigt eine heimlich fotografierte Stra\u00dfenkontrolle, bei der ein israelischer Soldat mit schussbereitem Gewehr den Inhalt des Kofferraums pr\u00e4sentiert. Ein anderes Foto zeigt eine Szene an einem Checkpoint. Ein alter Mann ist offenbar aufgrund der Hitze und der langen Wartezeit direkt am Checkpoint zusammengebrochen. Seine Frau, die hinter ihm steht, versucht ihm mit der Hand wieder auf die Beine zu helfen. Der Soldat in der Kabine weist die Frau jedoch zur\u00fcck. Der alte Mann m\u00fcsse selbst aufstehen.<\/p>\n<h5>Systematische Zerst\u00f6rung von existenziellen Lebensr\u00e4umen<\/h5>\n<figure id=\"attachment_18269\" aria-describedby=\"caption-attachment-18269\" style=\"width: 300px\" class=\"wp-caption alignleft\"><a href=\"https:\/\/i0.wp.com\/www.freidenker.org\/fw17\/wp-content\/uploads\/2024\/02\/Folie47_Bagger-Olivenbaum.jpg?ssl=1\"><img data-recalc-dims=\"1\" loading=\"lazy\" decoding=\"async\" data-attachment-id=\"18269\" data-permalink=\"https:\/\/www.freidenker.org\/?attachment_id=18269\" data-orig-file=\"https:\/\/i0.wp.com\/www.freidenker.org\/fw17\/wp-content\/uploads\/2024\/02\/Folie47_Bagger-Olivenbaum.jpg?fit=800%2C600&amp;ssl=1\" data-orig-size=\"800,600\" data-comments-opened=\"0\" data-image-meta=\"{&quot;aperture&quot;:&quot;0&quot;,&quot;credit&quot;:&quot;&quot;,&quot;camera&quot;:&quot;&quot;,&quot;caption&quot;:&quot;&quot;,&quot;created_timestamp&quot;:&quot;0&quot;,&quot;copyright&quot;:&quot;&quot;,&quot;focal_length&quot;:&quot;0&quot;,&quot;iso&quot;:&quot;0&quot;,&quot;shutter_speed&quot;:&quot;0&quot;,&quot;title&quot;:&quot;&quot;,&quot;orientation&quot;:&quot;1&quot;}\" data-image-title=\"Folie47_Bagger-Olivenbaum\" data-image-description=\"\" data-image-caption=\"\" data-large-file=\"https:\/\/i0.wp.com\/www.freidenker.org\/fw17\/wp-content\/uploads\/2024\/02\/Folie47_Bagger-Olivenbaum.jpg?fit=800%2C600&amp;ssl=1\" class=\"wp-image-18269 size-medium\" src=\"https:\/\/i0.wp.com\/www.freidenker.org\/fw17\/wp-content\/uploads\/2024\/02\/Folie47_Bagger-Olivenbaum.jpg?resize=300%2C225&#038;ssl=1\" alt=\"\" width=\"300\" height=\"225\" srcset=\"https:\/\/i0.wp.com\/www.freidenker.org\/fw17\/wp-content\/uploads\/2024\/02\/Folie47_Bagger-Olivenbaum.jpg?resize=300%2C225&amp;ssl=1 300w, https:\/\/i0.wp.com\/www.freidenker.org\/fw17\/wp-content\/uploads\/2024\/02\/Folie47_Bagger-Olivenbaum.jpg?resize=768%2C576&amp;ssl=1 768w, https:\/\/i0.wp.com\/www.freidenker.org\/fw17\/wp-content\/uploads\/2024\/02\/Folie47_Bagger-Olivenbaum.jpg?w=800&amp;ssl=1 800w\" sizes=\"auto, (max-width: 300px) 100vw, 300px\" \/><\/a><figcaption id=\"caption-attachment-18269\" class=\"wp-caption-text\"><span style=\"font-size: 10pt;\">Zerst\u00f6rung des Olivenhains auf Grundst\u00fcck von Faten Mukarker<\/span><\/figcaption><\/figure>\n<p>Mit der Ausdehnung der Siedlungen und der Sperranlagen geht aber auch die Zerst\u00f6rung von H\u00e4usern mit Bulldozern einher, die dem im Wege stehen. Durch den Bau der Mauer werden auch Olivenhaine zerschnitten, die ein wesentlicher Bestandteil des unmittelbaren Lebensraumes sind. Olivenb\u00e4ume sind im Westjordanland nicht nur eine wirtschaftliche Grundlage f\u00fcr die Ern\u00e4hrung, sondern auch kulturell tief verwurzelt. Die Olivenernte ist daher auch ein soziales Ereignis.<\/p>\n<p>Faten Mukarker schildert den wohl dramatischsten Tag ihres Lebens. Pl\u00f6tzlich steht ein Bagger auf ihrem Grundst\u00fcck, um f\u00fcr den Bau der Mauer die uralten Olivenb\u00e4ume herauszurei\u00dfen. Sie versucht, mit dem arabischen Baggerf\u00fchrer ins Gespr\u00e4ch zu kommen. Dieser reagierte aber nur hilflos und verzweifelt mit dem Hinweis auf seine neunk\u00f6pfige Familie, die er zu ern\u00e4hren habe. Sie muss dann davon um ihr Leben davon rennen, da sie von den israelischen Soldaten mit ihren Schusswaffen bedroht wird.<\/p>\n<h5>Der Kampf um das Wasser als permanente Entw\u00fcrdigung<\/h5>\n<figure id=\"attachment_18270\" aria-describedby=\"caption-attachment-18270\" style=\"width: 300px\" class=\"wp-caption alignleft\"><a href=\"https:\/\/i0.wp.com\/www.freidenker.org\/fw17\/wp-content\/uploads\/2024\/02\/folie22_WildeSiedlung.jpg?ssl=1\"><img data-recalc-dims=\"1\" loading=\"lazy\" decoding=\"async\" data-attachment-id=\"18270\" data-permalink=\"https:\/\/www.freidenker.org\/?attachment_id=18270\" data-orig-file=\"https:\/\/i0.wp.com\/www.freidenker.org\/fw17\/wp-content\/uploads\/2024\/02\/folie22_WildeSiedlung.jpg?fit=800%2C539&amp;ssl=1\" data-orig-size=\"800,539\" data-comments-opened=\"0\" data-image-meta=\"{&quot;aperture&quot;:&quot;0&quot;,&quot;credit&quot;:&quot;&quot;,&quot;camera&quot;:&quot;&quot;,&quot;caption&quot;:&quot;&quot;,&quot;created_timestamp&quot;:&quot;0&quot;,&quot;copyright&quot;:&quot;&quot;,&quot;focal_length&quot;:&quot;0&quot;,&quot;iso&quot;:&quot;0&quot;,&quot;shutter_speed&quot;:&quot;0&quot;,&quot;title&quot;:&quot;&quot;,&quot;orientation&quot;:&quot;1&quot;}\" data-image-title=\"folie22_WildeSiedlung\" data-image-description=\"\" data-image-caption=\"\" data-large-file=\"https:\/\/i0.wp.com\/www.freidenker.org\/fw17\/wp-content\/uploads\/2024\/02\/folie22_WildeSiedlung.jpg?fit=800%2C539&amp;ssl=1\" class=\"wp-image-18270 size-medium\" src=\"https:\/\/i0.wp.com\/www.freidenker.org\/fw17\/wp-content\/uploads\/2024\/02\/folie22_WildeSiedlung.jpg?resize=300%2C202&#038;ssl=1\" alt=\"\" width=\"300\" height=\"202\" srcset=\"https:\/\/i0.wp.com\/www.freidenker.org\/fw17\/wp-content\/uploads\/2024\/02\/folie22_WildeSiedlung.jpg?resize=300%2C202&amp;ssl=1 300w, https:\/\/i0.wp.com\/www.freidenker.org\/fw17\/wp-content\/uploads\/2024\/02\/folie22_WildeSiedlung.jpg?resize=768%2C517&amp;ssl=1 768w, https:\/\/i0.wp.com\/www.freidenker.org\/fw17\/wp-content\/uploads\/2024\/02\/folie22_WildeSiedlung.jpg?w=800&amp;ssl=1 800w\" sizes=\"auto, (max-width: 300px) 100vw, 300px\" \/><\/a><figcaption id=\"caption-attachment-18270\" class=\"wp-caption-text\"><span style=\"font-size: 10pt;\">Illegal errichtete Siedlung durch Landraub<\/span><\/figcaption><\/figure>\n<p>Denkw\u00fcrdig war f\u00fcr Faten Mukarker vor Jahren ein Kirchentagsbesuch in Deutschland. An einem Infostand des J\u00fcdischen Nationalfonds lag ein Flyer aus mit dem Titel \u201e<em>Wald der deutschen L\u00e4nder in Israel<\/em>\u201c. Und auf der R\u00fcckseite die Worte: \u201e<em>Helfen Sie uns, Israel zu begr\u00fcnen<\/em>\u201c.<a href=\"#_ftn2\" name=\"_ftnref2\">[2]<\/a> Faten Mukarker konnte es sich nicht verkneifen, die Standbesetzung darauf hinzuweisen, dass sie im Westjordanland die Zerst\u00f6rung von B\u00e4umen und W\u00e4ldern durch Israel erlebt habe und immer noch erlebe. Das sei Politik und habe auf dem Kirchentag nichts zu suchen, lautete die sarkastische Antwort.<\/p>\n<p>Die Siedlungen entstehen illegal, meist auf H\u00fcgeln, die vorher noch bewaldet waren und eine gute Fernsicht bieten. Damit einher geht ein immenser Verbrauch von Wasserressourcen. W\u00e4hrend sich die Siedler viel Gr\u00fcn durch Bew\u00e4sserung leisten k\u00f6nnen, auch Swimmingpools, erlebt Faten Mukarker t\u00e4glich die extreme Knappheit von Trinkwasser.<\/p>\n<p>Ein Blick aus ihrer Wohnung auf die Nachbard\u00e4cher zeigt, dass diese voller Regentonnen sind, denn flie\u00dfendes Wasser aus der Leitung ist zum Privileg der j\u00fcdischen Siedler geworden. Gesundheit und K\u00f6rperhygiene werden dadurch massiv beeintr\u00e4chtigt. Wasser gibt es nur aus Regenwasserzisternen oder durch teuren Zukauf aus den israelischen Siedlungen, wo es f\u00fcr die Siedler dagegen billig zu haben ist.<\/p>\n<h5>Deutsche Staatsr\u00e4son: Selektive Wahrnehmung und Diffamierung<\/h5>\n<figure id=\"attachment_18271\" aria-describedby=\"caption-attachment-18271\" style=\"width: 300px\" class=\"wp-caption alignleft\"><a href=\"https:\/\/i0.wp.com\/www.freidenker.org\/fw17\/wp-content\/uploads\/2024\/02\/Folie23_EinzaeunungSiedlung-scaled-1.jpg?ssl=1\"><img data-recalc-dims=\"1\" loading=\"lazy\" decoding=\"async\" data-attachment-id=\"18271\" data-permalink=\"https:\/\/www.freidenker.org\/?attachment_id=18271\" data-orig-file=\"https:\/\/i0.wp.com\/www.freidenker.org\/fw17\/wp-content\/uploads\/2024\/02\/Folie23_EinzaeunungSiedlung-scaled-1.jpg?fit=800%2C600&amp;ssl=1\" data-orig-size=\"800,600\" data-comments-opened=\"0\" data-image-meta=\"{&quot;aperture&quot;:&quot;0&quot;,&quot;credit&quot;:&quot;&quot;,&quot;camera&quot;:&quot;&quot;,&quot;caption&quot;:&quot;&quot;,&quot;created_timestamp&quot;:&quot;0&quot;,&quot;copyright&quot;:&quot;&quot;,&quot;focal_length&quot;:&quot;0&quot;,&quot;iso&quot;:&quot;0&quot;,&quot;shutter_speed&quot;:&quot;0&quot;,&quot;title&quot;:&quot;&quot;,&quot;orientation&quot;:&quot;1&quot;}\" data-image-title=\"Folie23_EinzaeunungSiedlung-scaled\" data-image-description=\"\" data-image-caption=\"\" data-large-file=\"https:\/\/i0.wp.com\/www.freidenker.org\/fw17\/wp-content\/uploads\/2024\/02\/Folie23_EinzaeunungSiedlung-scaled-1.jpg?fit=800%2C600&amp;ssl=1\" class=\"wp-image-18271 size-medium\" src=\"https:\/\/i0.wp.com\/www.freidenker.org\/fw17\/wp-content\/uploads\/2024\/02\/Folie23_EinzaeunungSiedlung-scaled-1.jpg?resize=300%2C225&#038;ssl=1\" alt=\"\" width=\"300\" height=\"225\" srcset=\"https:\/\/i0.wp.com\/www.freidenker.org\/fw17\/wp-content\/uploads\/2024\/02\/Folie23_EinzaeunungSiedlung-scaled-1.jpg?resize=300%2C225&amp;ssl=1 300w, https:\/\/i0.wp.com\/www.freidenker.org\/fw17\/wp-content\/uploads\/2024\/02\/Folie23_EinzaeunungSiedlung-scaled-1.jpg?resize=768%2C576&amp;ssl=1 768w, https:\/\/i0.wp.com\/www.freidenker.org\/fw17\/wp-content\/uploads\/2024\/02\/Folie23_EinzaeunungSiedlung-scaled-1.jpg?w=800&amp;ssl=1 800w\" sizes=\"auto, (max-width: 300px) 100vw, 300px\" \/><\/a><figcaption id=\"caption-attachment-18271\" class=\"wp-caption-text\"><span style=\"font-size: 10pt;\">Siedlung mit elektrisch gesichertem Grenzzaun<\/span><\/figcaption><\/figure>\n<p>Faten Mukarker weist auf den \u00f6kumenischen Weltgebetstag christlicher Frauen am 1. M\u00e4rz 2024 hin. Jedes Jahr steht ein anderes Land im Mittelpunkt. Pal\u00e4stina war bereits 1994 dieses Land und ist nun seit \u00fcber einem halben Jahr wieder f\u00fcr 2024 vorgesehen. Entsprechende Materialien mit Partnerinnen aus Pal\u00e4stina waren vorbereitet. Der 7.10. f\u00fchrte ohne Absprache mit den pal\u00e4stinensischen Partnerinnen zu \u00c4nderungen im Werbeflyer. Zus\u00e4tzlich wurden von deutscher Seite eigene \u201eErl\u00e4uterungen\u201c zu Gaza und der Hamas erstellt.<a href=\"#_ftn3\" name=\"_ftnref3\">[3]<\/a><\/p>\n<p>Faten Mukarker wollte aus diesem Grund bereits ihren geplanten Besuch in Deutschland absagen, lie\u00df sich dann aber doch \u00fcberzeugen, dass ihr Aufenthalt hier richtig sei. Eine in diesem Zusammenhang ausgesprochene Einladung zur Talkshow Anne Will hat sie allerdings nicht angenommen bzw. f\u00fcr die geplante Runde abgesagt.<\/p>\n<p>Am Ende ihres Vortrags zeigt Faten Mukarker ein Foto ihrer j\u00fcngsten Enkelin. Die Botschaft, die sie damit verbindet, ist unausgesprochen, aber unmissverst\u00e4ndlich: Wie sieht die Zukunft dieses unschuldigen Kindes aus? Welche Lebensperspektiven hat es angesichts der andauernden traumatischen Erlebnisse?<\/p>\n<p>In der Frankfurter Lokalpresse wird in einem Bericht, der nach der Veranstaltung erscheint, Einseitigkeit von Faten Mukarker behauptet. Daf\u00fcr werden in dem Bericht des Lokalredakteurs falsche Behauptungen bem\u00fcht, wie die, dass der 6-Tage-Krieg 1967 ein Verteidigungskrieg Israels gewesen sei. W\u00f6rtlich hei\u00dft es dann: \u201e<em>Selbst wenn das, was sie sagt, stimmte: Durch das, was sie verschweigt, macht sie alles, was sie sagt, zu einer israelfeindlichen, antisemitischen Anklage. Und das ist schade. Denn die Bilder, die sie aufruft, sind stark<\/em>.\u201c<a href=\"#_ftn4\" name=\"_ftnref4\">[4]<\/a> Und abschlie\u00dfend der Satz: \u201e<em>Die Besatzung ist ungerecht, die Anliegen der Pal\u00e4stinenser berechtigt. Doch das Verschweigen der Gegenseite macht dieses Recht zur L\u00fcge<\/em>.\u201c<\/p>\n<p>Wie pauschal der Vorwurf des Antisemitismus nicht nur hier erhoben wird, zeigt eine Aussage von Faten Mukarker, in der sie auf die historische Dimension der Judenfeindschaft von der Antike bis in die Neuzeit eingeht. Sie weist \u2013 als christliche Araberin \u2013 darauf hin, dass es nur eine historische Epoche gegeben habe, in der Juden unbehelligt leben konnten, n\u00e4mlich im heutigen Spanien unter arabischer Herrschaft. Mit der christlichen Reconquista auf der iberischen Halbinsel war es mit der Toleranz vorbei.<\/p>\n<p>Solche historisch differenzierten Sichtweisen sind dem Schreiber der Lokalzeitung jedoch fremd. Immerhin ist in den oben zitierten S\u00e4tzen ein Funken Empathie zu erkennen, aber mit dem \u201e<em>Verschweigen der Gegenseite<\/em>\u201c wird die \u00fcberw\u00e4ltigende Dominanz der israelfreundlichen Sichtweisen in Deutschland ausgeblendet. Noch funktioniert dies in Deutschland durch die offiziell so deklarierte Staatsr\u00e4son. Die Frage ist jedoch, wann diese Filterblase platzt, da die israelische Politik durch den Gaza-Krieg mittlerweile in den meisten L\u00e4ndern der Welt verurteilt wird und sich damit auch die einseitig ausgerichtete deutsche Au\u00dfenpolitik weltweit isoliert und einen dramatischen Glaubw\u00fcrdigkeitsverlust erlitten hat.<\/p>\n<p>Wenn jetzt die seit den Osloer Vertr\u00e4gen vorgesehene Zwei-Staaten-L\u00f6sung wieder in die Diskussion gebracht wird, dann muss auch dar\u00fcber aufgekl\u00e4rt werden, welche Anstrengungen die israelische Politik seit Jahrzehnten unternimmt, um sie durch Siedlungen und Mauerbau in der Westbank unm\u00f6glich zu machen. Ob wir in Deutschland bereit sind, diese Situation offen wahrzunehmen, wird damit auch zur Schl\u00fcsselfrage, wie viel Menschlichkeit in diesen unmenschlichen Zeiten bei uns noch vorhanden ist. Einen Weckruf dazu liefert Faten Mukarker.<\/p>\n<p style=\"text-align: right;\"><em>Karl-Heinz Peil ist Mitglied des Bundesauschusses Friedensratschlag und der Friedens- und Zukunftswerkstatt Frankfurt am Main.<\/em><\/p>\n<p><span style=\"font-size: 10pt;\">Alle Bilder im Artikel stammen von Faten Mukarker<\/span><\/p>\n<h5><strong>Fu\u00dfnoten<\/strong><\/h5>\n<p><a href=\"#_ftnref1\" name=\"_ftn1\">[1]<\/a> Veranstalter waren die Friedens- und Zukunftswerkstatt e.V. in Zusammenarbeit mit: Pal\u00e4stinensische Gemeinde in Hessen e.V., J\u00fcdische Stimme f\u00fcr gerechten Frieden in Nahost, Pal\u00e4stinaForum Nahost Frankfurt a.M., IPPNW Region Rhein-Main.<\/p>\n<p><a href=\"#_ftnref2\" name=\"_ftn2\">[2]<\/a> Siehe dazu auch: <a href=\"https:\/\/www.jnf-kkl.de\/spenden\/\">https:\/\/www.jnf-kkl.de\/spenden\/<\/a><\/p>\n<p><a href=\"#_ftnref3\" name=\"_ftn3\">[3]<\/a> Siehe dazu: <a href=\"https:\/\/www.weltgebetstag.de\/\">https:\/\/www.weltgebetstag.de<\/a><\/p>\n<p><a href=\"#_ftnref4\" name=\"_ftn4\">[4]<\/a> Frankfurter Neue Presse vom 29.1.2024, Seite 8<\/p>\n<hr \/>\n<p><span style=\"font-size: 10pt;\">Bild oben: Faten Mukarker<\/span><\/p>\n","protected":false},"excerpt":{"rendered":"<p><b>Bericht und Kommentar von Karl-Heinz Peil zu einer Veranstaltung mit Faten Mukarker<\/b><br \/>\nAm 26. Januar 2024 fand in Frankfurt am Main eine Veranstaltung mit Faten Mukarker statt. Etwa 120 Teilnehmer verfolgten einen ungew\u00f6hnlich langen Vortrag \u00fcber zweieinhalb Stunden, sehr faktenreich und zugleich mit heftiger emotionaler Wirkung.<br \/>\nAngek\u00fcndigt war diese als Vortrags- und Diskussionsveranstaltung unter dem Titel \u201eDas unheilige Heilige Land. Lebensbedingungen in Pal\u00e4stina\u201c. Fragen und Diskussion fielen allerdings der fortgeschrittenen Zeit zum Opfer, [&#8230;] Nat\u00fcrlich h\u00e4tte es viele Detailfragen gegeben, die man h\u00e4tte stellen k\u00f6nnen. Individuell zu beantworten ist aber die Grundsatzfrage, die Faten Mukarker so nicht gestellt hat, die sich aber als Fazit aufdr\u00e4ngt: Wie viel Empathie haben wir angesichts der bedr\u00fcckenden Lebenssituation der Pal\u00e4stinenser und ihrer seit Jahrzehnten entw\u00fcrdigenden Behandlung durch die israelische Besatzungsmacht?<\/p>\n","protected":false},"author":3,"featured_media":18272,"comment_status":"closed","ping_status":"closed","sticky":false,"template":"","format":"standard","meta":{"colormag_page_container_layout":"default_layout","colormag_page_sidebar_layout":"default_layout","advanced_seo_description":"","jetpack_seo_html_title":"","jetpack_seo_noindex":false,"jetpack_post_was_ever_published":false,"footnotes":""},"categories":[12],"tags":[491,393,188,395,1955,807,1761,394,2131,1227,992],"class_list":["post-18263","post","type-post","status-publish","format-standard","has-post-thumbnail","hentry","category-demokratie-medien-aufklaerung","tag-geschichte","tag-israel","tag-krieg","tag-meinungsfreiheit","tag-nahostkonflikt","tag-nakba","tag-orthodoxe-kirche","tag-palaestina","tag-pogrome","tag-rechtsextremismus","tag-vertreibung"],"jetpack_featured_media_url":"https:\/\/i0.wp.com\/www.freidenker.org\/fw17\/wp-content\/uploads\/2024\/02\/Faten-Mukarker_Mauer_800x450.jpg?fit=800%2C450&ssl=1","jetpack_shortlink":"https:\/\/wp.me\/p9stpK-4Kz","jetpack-related-posts":[{"id":19313,"url":"https:\/\/www.freidenker.org\/?p=19313","url_meta":{"origin":18263,"position":0},"title":"Milit\u00e4r in der Nachbarschaft: US-Milit\u00e4r in Rheinland-Pfalz","author":"Webredaktion","date":"11. Juni 2024","format":false,"excerpt":"Video eines Vortrages von Karl-Heinz Peil gehalten auf einer Veranstaltung des Deutschen Freidenker-Verbandes, Landesverband Rheinland-Pfalz \/ Saarland am 07.06.2024 in Idar-Oberstein Rheinland-Pfalz ist reich an milit\u00e4rischen Einrichtungen. B\u00fcchel ist als Standort der Bundeswehr durch die Lagerung von Atomraketen, Ramstein als die gr\u00f6\u00dfte Milit\u00e4rdrehscheibe der USA durch die Aktion \u201eStopp Ramstein\u201c\u2026","rel":"","context":"In &quot;Frieden - Antifaschismus - Solidarit\u00e4t&quot;","block_context":{"text":"Frieden - Antifaschismus - Solidarit\u00e4t","link":"https:\/\/www.freidenker.org\/?cat=13"},"img":{"alt_text":"","src":"https:\/\/i0.wp.com\/www.freidenker.org\/fw17\/wp-content\/uploads\/2024\/06\/Peil_Idar-Oberstein_2024-06-07_800x450.jpg?fit=800%2C450&ssl=1&resize=350%2C200","width":350,"height":200,"srcset":"https:\/\/i0.wp.com\/www.freidenker.org\/fw17\/wp-content\/uploads\/2024\/06\/Peil_Idar-Oberstein_2024-06-07_800x450.jpg?fit=800%2C450&ssl=1&resize=350%2C200 1x, https:\/\/i0.wp.com\/www.freidenker.org\/fw17\/wp-content\/uploads\/2024\/06\/Peil_Idar-Oberstein_2024-06-07_800x450.jpg?fit=800%2C450&ssl=1&resize=525%2C300 1.5x, https:\/\/i0.wp.com\/www.freidenker.org\/fw17\/wp-content\/uploads\/2024\/06\/Peil_Idar-Oberstein_2024-06-07_800x450.jpg?fit=800%2C450&ssl=1&resize=700%2C400 2x"},"classes":[]},{"id":17813,"url":"https:\/\/www.freidenker.org\/?p=17813","url_meta":{"origin":18263,"position":1},"title":"Lieder und Gespr\u00e4che \u00fcber die Welt, den Krieg, die Demokratie","author":"Webredaktion","date":"10. Januar 2024","format":false,"excerpt":"Einladung Schon Tradition am Sonntag nach der LL-Demo und dem Gang zu den Gr\u00e4bern von Karl und Rosa: Lieder und Gespr\u00e4che \u00fcber die Welt, den Krieg, die Demokratie L\u00e4sterliche Ges\u00e4nge von Diether Dehm mit Michael Letz am Piano und im Gespr\u00e4ch mit Klaus Hartmann, Gina Pietsch und Rainer Rupp Sonntag,\u2026","rel":"","context":"In &quot;Kultur &amp; Kunst&quot;","block_context":{"text":"Kultur &amp; Kunst","link":"https:\/\/www.freidenker.org\/?cat=913"},"img":{"alt_text":"","src":"https:\/\/i0.wp.com\/www.freidenker.org\/fw17\/wp-content\/uploads\/2024\/01\/Lieder-und-Gespraeche.jpg?fit=796%2C456&ssl=1&resize=350%2C200","width":350,"height":200,"srcset":"https:\/\/i0.wp.com\/www.freidenker.org\/fw17\/wp-content\/uploads\/2024\/01\/Lieder-und-Gespraeche.jpg?fit=796%2C456&ssl=1&resize=350%2C200 1x, https:\/\/i0.wp.com\/www.freidenker.org\/fw17\/wp-content\/uploads\/2024\/01\/Lieder-und-Gespraeche.jpg?fit=796%2C456&ssl=1&resize=525%2C300 1.5x, https:\/\/i0.wp.com\/www.freidenker.org\/fw17\/wp-content\/uploads\/2024\/01\/Lieder-und-Gespraeche.jpg?fit=796%2C456&ssl=1&resize=700%2C400 2x"},"classes":[]},{"id":17939,"url":"https:\/\/www.freidenker.org\/?p=17939","url_meta":{"origin":18263,"position":2},"title":"Galerie: Lieder und Gespr\u00e4che \u00fcber die Welt, den Krieg, die Demokratie","author":"Webredaktion","date":"22. Januar 2024","format":false,"excerpt":"Bericht der Webredaktion Nach der Demonstration und dem Gang zu den Gr\u00e4bern von Rosa und Karl war es in den vergangenen Jahren Tradition, zu einer kulturellen und Diskussionsveranstaltung der Freidenker einzuladen, die meist von Dr. Seltsam (z.B. im Brauhaus S\u00fcdstern) mit dem Musiker Detlev K. und Klaus Hartmann \"im Kreuzverh\u00f6r\"\u2026","rel":"","context":"In &quot;Kultur &amp; Kunst&quot;","block_context":{"text":"Kultur &amp; Kunst","link":"https:\/\/www.freidenker.org\/?cat=913"},"img":{"alt_text":"","src":"https:\/\/i0.wp.com\/www.freidenker.org\/fw17\/wp-content\/uploads\/2024\/01\/cafe_sybille_2024_800x450.jpg?fit=800%2C450&ssl=1&resize=350%2C200","width":350,"height":200,"srcset":"https:\/\/i0.wp.com\/www.freidenker.org\/fw17\/wp-content\/uploads\/2024\/01\/cafe_sybille_2024_800x450.jpg?fit=800%2C450&ssl=1&resize=350%2C200 1x, https:\/\/i0.wp.com\/www.freidenker.org\/fw17\/wp-content\/uploads\/2024\/01\/cafe_sybille_2024_800x450.jpg?fit=800%2C450&ssl=1&resize=525%2C300 1.5x, https:\/\/i0.wp.com\/www.freidenker.org\/fw17\/wp-content\/uploads\/2024\/01\/cafe_sybille_2024_800x450.jpg?fit=800%2C450&ssl=1&resize=700%2C400 2x"},"classes":[]},{"id":23382,"url":"https:\/\/www.freidenker.org\/?p=23382","url_meta":{"origin":18263,"position":3},"title":"M\u00fcnchen 2025: Kein Zutritt f\u00fcr Juden","author":"Webredaktion","date":"31. Oktober 2025","format":false,"excerpt":"Wir dokumentieren die Pressemitteilung von Heinz Michael Vilsmeier, Pressesprecher des M\u00fcnchner Friedensb\u00fcndnisses, die offenbart, dass bei dem Veranstalter \"M\u00fcnchen ist bunt\" anscheinend die Braunt\u00f6ne \u00fcberwiegen. Pressemitteilung von Heinz Michael Vilsmeier, Pressesprecher des M\u00fcnchner Friedensb\u00fcndnisses vom 31.10.2025: Kritischen J\u00fcdinnen wurde der Besuch einer Veranstaltung \u00fcber rechtsextreme Strukturen in M\u00fcnchen verwehrt Am\u2026","rel":"","context":"In &quot;Demokratie \u2013 Medien \u2013 Aufkl\u00e4rung&quot;","block_context":{"text":"Demokratie \u2013 Medien \u2013 Aufkl\u00e4rung","link":"https:\/\/www.freidenker.org\/?cat=12"},"img":{"alt_text":"","src":"https:\/\/i0.wp.com\/www.freidenker.org\/fw17\/wp-content\/uploads\/2025\/10\/JS_stoppt_massenmord_800x450.jpg?fit=800%2C450&ssl=1&resize=350%2C200","width":350,"height":200,"srcset":"https:\/\/i0.wp.com\/www.freidenker.org\/fw17\/wp-content\/uploads\/2025\/10\/JS_stoppt_massenmord_800x450.jpg?fit=800%2C450&ssl=1&resize=350%2C200 1x, https:\/\/i0.wp.com\/www.freidenker.org\/fw17\/wp-content\/uploads\/2025\/10\/JS_stoppt_massenmord_800x450.jpg?fit=800%2C450&ssl=1&resize=525%2C300 1.5x, https:\/\/i0.wp.com\/www.freidenker.org\/fw17\/wp-content\/uploads\/2025\/10\/JS_stoppt_massenmord_800x450.jpg?fit=800%2C450&ssl=1&resize=700%2C400 2x"},"classes":[]},{"id":20589,"url":"https:\/\/www.freidenker.org\/?p=20589","url_meta":{"origin":18263,"position":4},"title":"\u00dcber die Welt, den Weltkrieg, den Weltfrieden","author":"Webredaktion","date":"27. Dezember 2024","format":false,"excerpt":"Einladung Schon Tradition am Sonntag nach der LL-Demo und dem Gang zu den Gr\u00e4bern von Rosa und Karl: \u00dcber die Welt, den Weltkrieg, den Weltfrieden Gespr\u00e4che, Texte, Lieder mit Patrik Baab, Klaus Hartmann, Diether Dehm und Welislawa & Michael Letz Sonntag, 12. Januar 2025, 14 Uhr im Caf\u00e9 Sibylle, Karl-Marx-Alle\u2026","rel":"","context":"In &quot;Frieden - Antifaschismus - Solidarit\u00e4t&quot;","block_context":{"text":"Frieden - Antifaschismus - Solidarit\u00e4t","link":"https:\/\/www.freidenker.org\/?cat=13"},"img":{"alt_text":"","src":"https:\/\/i0.wp.com\/www.freidenker.org\/fw17\/wp-content\/uploads\/2024\/12\/Sibylle_2025_800x450.jpg?fit=800%2C450&ssl=1&resize=350%2C200","width":350,"height":200,"srcset":"https:\/\/i0.wp.com\/www.freidenker.org\/fw17\/wp-content\/uploads\/2024\/12\/Sibylle_2025_800x450.jpg?fit=800%2C450&ssl=1&resize=350%2C200 1x, https:\/\/i0.wp.com\/www.freidenker.org\/fw17\/wp-content\/uploads\/2024\/12\/Sibylle_2025_800x450.jpg?fit=800%2C450&ssl=1&resize=525%2C300 1.5x, https:\/\/i0.wp.com\/www.freidenker.org\/fw17\/wp-content\/uploads\/2024\/12\/Sibylle_2025_800x450.jpg?fit=800%2C450&ssl=1&resize=700%2C400 2x"},"classes":[]},{"id":21774,"url":"https:\/\/www.freidenker.org\/?p=21774","url_meta":{"origin":18263,"position":5},"title":"Bericht: Veranstaltung \u201e80. Jahrestag der Befreiung vom Faschismus \u2013 Wir sagen danke!\u201c","author":"Webredaktion","date":"8. Mai 2025","format":false,"excerpt":"Am 3. Mai 2025 fand in Berlin-Tiergarten am sowjetischen Ehrenmal eine Gedenkveranstaltung zu Ehren des 80. Jahrestages der Befreiung vom Hitlerfaschismus statt. Zahlreiche Redner aus vielen Bereichen des Lebens, darunter Politiker, K\u00fcnstler und Journalisten, ergriffen das Wort oder trugen mit ihren kulturellen Beitr\u00e4gen zum Gelingen der Veranstaltung bei. Wir ver\u00f6ffentlichen\u2026","rel":"","context":"In &quot;Frieden - Antifaschismus - Solidarit\u00e4t&quot;","block_context":{"text":"Frieden - Antifaschismus - Solidarit\u00e4t","link":"https:\/\/www.freidenker.org\/?cat=13"},"img":{"alt_text":"","src":"https:\/\/i0.wp.com\/www.freidenker.org\/fw17\/wp-content\/uploads\/2025\/05\/tiergarten_2025-05-04_18-17-53_800x450.jpg?fit=800%2C450&ssl=1&resize=350%2C200","width":350,"height":200,"srcset":"https:\/\/i0.wp.com\/www.freidenker.org\/fw17\/wp-content\/uploads\/2025\/05\/tiergarten_2025-05-04_18-17-53_800x450.jpg?fit=800%2C450&ssl=1&resize=350%2C200 1x, https:\/\/i0.wp.com\/www.freidenker.org\/fw17\/wp-content\/uploads\/2025\/05\/tiergarten_2025-05-04_18-17-53_800x450.jpg?fit=800%2C450&ssl=1&resize=525%2C300 1.5x, https:\/\/i0.wp.com\/www.freidenker.org\/fw17\/wp-content\/uploads\/2025\/05\/tiergarten_2025-05-04_18-17-53_800x450.jpg?fit=800%2C450&ssl=1&resize=700%2C400 2x"},"classes":[]}],"_links":{"self":[{"href":"https:\/\/www.freidenker.org\/index.php?rest_route=\/wp\/v2\/posts\/18263","targetHints":{"allow":["GET"]}}],"collection":[{"href":"https:\/\/www.freidenker.org\/index.php?rest_route=\/wp\/v2\/posts"}],"about":[{"href":"https:\/\/www.freidenker.org\/index.php?rest_route=\/wp\/v2\/types\/post"}],"author":[{"embeddable":true,"href":"https:\/\/www.freidenker.org\/index.php?rest_route=\/wp\/v2\/users\/3"}],"replies":[{"embeddable":true,"href":"https:\/\/www.freidenker.org\/index.php?rest_route=%2Fwp%2Fv2%2Fcomments&post=18263"}],"version-history":[{"count":0,"href":"https:\/\/www.freidenker.org\/index.php?rest_route=\/wp\/v2\/posts\/18263\/revisions"}],"wp:featuredmedia":[{"embeddable":true,"href":"https:\/\/www.freidenker.org\/index.php?rest_route=\/wp\/v2\/media\/18272"}],"wp:attachment":[{"href":"https:\/\/www.freidenker.org\/index.php?rest_route=%2Fwp%2Fv2%2Fmedia&parent=18263"}],"wp:term":[{"taxonomy":"category","embeddable":true,"href":"https:\/\/www.freidenker.org\/index.php?rest_route=%2Fwp%2Fv2%2Fcategories&post=18263"},{"taxonomy":"post_tag","embeddable":true,"href":"https:\/\/www.freidenker.org\/index.php?rest_route=%2Fwp%2Fv2%2Ftags&post=18263"}],"curies":[{"name":"wp","href":"https:\/\/api.w.org\/{rel}","templated":true}]}}