{"id":18257,"date":"2024-02-16T21:36:53","date_gmt":"2024-02-16T20:36:53","guid":{"rendered":"https:\/\/www.freidenker.org\/?p=18257"},"modified":"2024-03-06T00:14:25","modified_gmt":"2024-03-05T23:14:25","slug":"frontalangriff-der-demokraten-auf-andersdenkende-teil-2","status":"publish","type":"post","link":"https:\/\/www.freidenker.org\/?p=18257","title":{"rendered":"Frontalangriff der &#8222;Demokraten&#8220; auf Andersdenkende &#8211; Teil 2"},"content":{"rendered":"<h4>Teil 2 &#8211; <strong>Steilvorlage f\u00fcr sch\u00e4rfere Gesetze<\/strong><\/h4>\n<p><span style=\"font-size: 10pt;\">[<a href=\"https:\/\/www.freidenker.org\/?p=18225\">Link zu Teil 1<\/a>]\u00a0<\/span><\/p>\n<p><em>von <strong>Wolfgang Effenberger<\/strong><\/em><\/p>\n<p><span style=\"font-size: 10pt;\">Auch ver\u00f6ffentlicht als Tagesdosis vom 15.02.2024 auf <a href=\"https:\/\/apolut.net\/frontalangriff-der-demokraten-auf-andersdenkende-teil-2-gesetze-von-wolfgang-effenberger\/\" target=\"_blank\" rel=\"noopener\">apolut.net<\/a><\/span><\/p>\n<p>Beitrag als Audio anh\u00f6ren:<\/p>\n<audio class=\"wp-audio-shortcode\" id=\"audio-18257-1\" preload=\"none\" style=\"width: 100%;\" controls=\"controls\"><source type=\"audio\/mpeg\" src=\"https:\/\/apolut.net\/multimedia_apolut\/podcast\/tagesdosis-20240215-apolut.mp3?_=1\" \/><a href=\"https:\/\/apolut.net\/multimedia_apolut\/podcast\/tagesdosis-20240215-apolut.mp3\">https:\/\/apolut.net\/multimedia_apolut\/podcast\/tagesdosis-20240215-apolut.mp3<\/a><\/audio>\n<p><span style=\"font-size: 10pt;\">Bereitgestellt von <a href=\"https:\/\/apolut.net\/frontalangriff-der-demokraten-auf-andersdenkende-teil-1-correctiv-von-wolfgang-effenberger\/\" target=\"_blank\" rel=\"noopener\">apolut.net<\/a><\/span><\/p>\n<p>&nbsp;<\/p>\n<p>Die reflexartige Emp\u00f6rung des \u00f6ffentlichen Raums nach dem CORRECTIV-Bericht bis in die letzten Winkel der \u201eDemokratie\u201c in Deutschland lie\u00df besorgte B\u00fcrger bundesweit zu Demonstrationen gegen \u201erechts\u201c eilen. Tausende gingen mit selbstgebastelten Transparenten auf die Stra\u00dfe.<\/p>\n<p>Von der Antifa wurde auf Transparenten sogar zum Mord aufgerufen. So konnte man in Aachen etwa auf einem Banner lesen: <em>\u201e<a href=\"https:\/\/www1.wdr.de\/nachrichten\/rheinland\/ermittlungen-wegen-demo-plakat-afd-toeten-100.html\" target=\"_blank\" rel=\"noopener\">AfDler t\u00f6ten. Nazis abschieben<\/a>\u201c<\/em> \u2013 ein \u00f6ffentlicher Aufruf zu einem Kapitalverbrechen!<\/p>\n<p>Dieses Transparent wurde bei einer Demonstration der\u00a0 Antifa in Aachen vorangetragen. Etwa 10.000 Personen (aus dem b\u00fcrgerlichen Lager) hatten sich nach Angaben der Polizei den 150 Antifa-Demonstranten angeschlossen \u2013 trotz des skandierten Aufrufes zur Ermordung von Mitb\u00fcrgern. Wie ist eine derartige Straftat zu erkl\u00e4ren? Die Polizei bekam zahlreiche Anfragen zu diesem Transparent \u2013 offensichtlich gibt es doch noch Menschen in Deutschland mit ausgepr\u00e4gtem Rechtsempfinden. Wegen des Anfangsverdachtes einer Straftat ermittelt nun die Staatsanwaltschaft in Aachen gegen \u201eunbekannt\u201c. Auch das verwundert. Wie auf dem Bild zu sehen ist, begleiteten zwei Polizisten in Kommissars-Rang (an der M\u00fctze erkennbar) ganz entspannt den Protestzug. Sie h\u00e4tten das Plakat entfernen und die Namen der Tr\u00e4ger ermitteln m\u00fcssen. Grund genug, auch ein Disziplinarverfahren gegen die beiden Polizeibeamten einzuleiten! Was f\u00fcr eine absurde Szenerie, die an dunkelste Zeiten der deutschen Geschichte erinnert!(1)<\/p>\n<h5>Infame Verkn\u00fcpfung des Potsdamer Treffens mit der Wannsee-Konferenz<\/h5>\n<p>W\u00e4hrend im CORRECTIV-Dossier die zwei Dutzend Teilnehmer des \u201cGeheimtreffens\u201d in die NAZI-Ecke gestellt und als rechtsextrem bezeichnet werden, gelingt es den scheinheiligen \u201cDemokratie\u201c-H\u00fctern, eine Verbindung zur Wannsee-Konferenz (Januar 1942) herzustellen, auf der die Nazis die systematische Vernichtung der Juden koordinierten. Was f\u00fcr ein diabolischer Vergleich!<\/p>\n<h5>Die Wannsee-Konferenz:<\/h5>\n<p>Am 20.\u00a0Januar 1942 kamen in einer Berliner Villa am Gro\u00dfen Wannsee f\u00fcnfzehn hochrangige Vertreter der nationalsozialistischen Reichsregierung und der SS-Beh\u00f6rden zusammen, um\u00a0 die Deportation der gesamten j\u00fcdischen Bev\u00f6lkerung Europas zur Vernichtung in den Osten zu organisieren und die hierf\u00fcr erforderliche Koordination sicherzustellen.(2) Diese Entscheidung f\u00fcr den Massenmord an Russen, Juden, Sinti und Roma fiel im dritten Kriegsjahr nach dem \u00dcberfall auf die Sowjetunion am 22. Juni 1941.<\/p>\n<p>Die sich gegen Judenhass engagierende deutsch-j\u00fcdische Aktivistin und Publizistin Malca Goldstein-Wolf, Gastautorin der Plattform www.Achgut.com, stellt mit Emp\u00f6rung fest, dass man nun pl\u00f6tzlich die Ausl\u00f6schung von Millionen Juden daf\u00fcr instrumentalisiert, den politischen Gegner auszuschalten. Diese Vorgehensweise sei jetzt im \u00bbKampf gegen rechts\u00ab salonf\u00e4hig geworden. Zu dem Treffen in Potsdam h\u00e4lt sie fest:<\/p>\n<blockquote><p>\u201eDass es bei dem &gt;Geheimtreffen&lt;, bei dem auch unstrittig rechtsextreme Personen teilgenommen haben, nicht um Deportationen ging, dass es nicht darum ging, Menschen zu vergasen, zu verbrennen, zu ermorden, wird offenbar v\u00f6llig au\u00dfer Acht gelassen\u201c.(3)<\/p><\/blockquote>\n<p>Aber Politiker wie Nancy Faeser, Christian Wolff und Bodo Ramelow h\u00e4tten nicht einmal mit der Wimper gezuckt, als sie einen Vergleich des Treffens mit der Wannsee-Konferenz zogen, <em>\u201e\u2026der Konferenz, bei der in der Nazi-Zeit die systematische Ausl\u00f6schung der Juden beschlossen wurde\u201c<\/em>(4), so Goldstein-Wolf. Er verbitte sich, ein Treffen, bei dem die Abschiebung nicht integrierter migrantischer Straft\u00e4ter diskutiert worden sei, in einem Atemzug mit einer Nazi-Konferenz zu nennen. Die Autorin:<\/p>\n<blockquote><p>\u201eEs ist ganz schlechter Stil, es zeugt von fehlendem Anstand, und es verharmlost die industrielle T\u00f6tung der Juden durch die Nazis\u201c.(5)<\/p><\/blockquote>\n<p>Die Ausrottungspl\u00e4ne der Nationalsozialisten wurden im Krieg umgesetzt. Deshalb muss sich die Forderung \u201cNIE WIEDER!\u201d vor allem gegen den Krieg wenden. Wehret den Anf\u00e4ngen! Und die Anf\u00e4nge dieser verbrecherischen Politik gehen zur\u00fcck auf den 27.\/28. Februar 1933, als in Berlin das Reichstagsgeb\u00e4ude in Brand gesteckt wurde \u2013 knapp einen Monat nach der Ernennung Adolf Hitlers zum Reichskanzler.<\/p>\n<h5>Fanale Wirkung von Reichstagsbrand und Potsdamer \u201eGeheimtreffen\u201c<\/h5>\n<p>In der Nacht vom 27. auf 28. Februar 1933 ging in Berlin auf geheimnisvolle Weise das Reichstagsgeb\u00e4ude in Flammen auf. Ehe der Morgen des 28. Februar graute, waren 4.000 kommunistische Funktion\u00e4re und Parteimitglieder verhaftet. Mit ihnen Intellektuelle und Akademiker, die sich den Zorn der Nazi-Partei zugezogen hatten.<\/p>\n<p>Hitler selbst sah im Reichstagsbrand ein <em>\u201cFanal f\u00fcr einen kommunistischen Umsturz\u201d<\/em> und erwirkte noch am selben Tag vom Reichspr\u00e4sidenten (Paul von Hindenburg) die sogenannte \u201cBrandverordnung\u201d. Durch diese <em>\u201cVerordnung zum Schutz von Volk und Staat\u201d<\/em> wurden alle wichtigen Grundrechte der Weimarer Verfassung <em>\u201cbis auf Weiteres\u201d<\/em> zur <em>\u201cAbwehr kommunistischer staatsgef\u00e4hrdender Gewaltakte\u201d<\/em> au\u00dfer Kraft gesetzt. Eine in Deutschland bis dahin einmalige politische Verfolgung nahm ihren Lauf.<\/p>\n<p>Mit dem Reichstagsbrand ver\u00e4nderten sich die politischen Rahmenbedingungen im Deutschen Reich schlagartig. Zielgerichtet nutzte die nationalsozialistische F\u00fchrung den Reichstagsbrand, um die hemmungslose Verfolgung von Regimegegnern, vor allem Kommunisten, voranzutreiben. Zehntausende Oppositionelle wurden im Rahmen der <em>\u201cVerordnung zum Schutz von Volk und Staat\u201d<\/em> vom 28. Februar 1933 innerhalb weniger Wochen in improvisierte Konzentrationslager (KZ) verschleppt.(6)<\/p>\n<p>&nbsp;<\/p>\n<h5>Vernichtet Andersdenkende<\/h5>\n<p>Auf die Frage des britischen Korrespondenten Sefton Delmer an Reichskanzler Adolf Hitler, ob etwas Wahres an den Ger\u00fcchten \u00fcber ein geplantes Massaker an seinen politischen Gegnern sei, erhielt er die zweideutige Antwort:<\/p>\n<blockquote><p>\u201eMein lieber Delmer, ich brauche keine Bartholom\u00e4usnacht. Durch gesetzlich verankerte Erl\u00e4sse haben wir Sondergerichte geschaffen, die mit den Staatsfeinden nach Recht und Gesetz verfahren und sie legal verurteilen werden, damit diese Verschw\u00f6rungen aufh\u00f6ren\u201c.(7)<\/p><\/blockquote>\n<p>In diesem Sinne konnte am 3. M\u00e4rz 1933 der V\u00f6lkische Beobachter melden, dass<\/p>\n<blockquote><p>\u201e \u2026 der marxistische Wille zum B\u00fcrgerkrieg brutal und r\u00fccksichtslos gebrochen wird und alle illegalen Bestrebungen zur Herbeif\u00fchrung des kommunistischen Chaos mit Stumpf und Stiel ausgerottet werden\u201c.<\/p><\/blockquote>\n<p>Trotz des Massenaufwands und des gezielten Terrors verweigerte das deutsche Volk Hitler die Gefolgschaft. Bei einer Wahlbeteiligung von nahezu 90% wurden aus Sicht der Nationalsozialisten entt\u00e4uschende 43,9% erreicht. Dieses Ergebnis bescherte der NSDAP 288 Sitze und sicherte zusammen mit den 52 Mandaten der Deutschnationalen eine knappe Mehrheit im neuen Reichstag. Selbst ein Mann wie der Religionsphilosoph Leo Baeck sah die nationale deutsche Revolution im M\u00e4rz 1933 noch als Kampf zur \u00dcberwindung des Bolschewismus, in dem er eine Gottlosenbewegung und den heftigsten und erbittertsten Feind des Judentums sah. Die Ausrottung der j\u00fcdischen Religion sei Programm der Bolschewiken, w\u00e4hrend die Erneuerung Deutschlands <em>\u201e\u2026 ein Ideal und eine Sehnsucht innerhalb der deutschen Juden sei\u201c.(8) <\/em><\/p>\n<h5>Tag von Potsdam und Erm\u00e4chtigungsgesetz<\/h5>\n<p>Zur Er\u00f6ffnung des neuen Reichstags inszenierten die Nationalsozialisten am 21. M\u00e4rz 1933 den Tag von Potsdam. Am gleichen Tag meldete der V\u00f6lkische Beobachter die Fertigstellung des ersten Konzentrationslagers (in der N\u00e4he von Dachau gelegen) mit einem Fassungsverm\u00f6gen f\u00fcr 5.000 Menschen. An diesem Ort w\u00fcrden die gesamten kommunistischen und soweit notwendig, <em>\u201e\u2026die Reichsbanner- und sozialdemokratischen Funktion\u00e4re, die die Sicherheit des Staates gef\u00e4hrden, zusammengezogen\u201c<\/em>.(9) Zwei Tage sp\u00e4ter verlas Reichstagspr\u00e4sident G\u00f6ring vor einer \u00fcberdimensionalen Hakenkreuzfahne das Abstimmungsergebnis zum Erm\u00e4chtigungsgesetz. Gegen die Stimmen der Sozialdemokraten nahm der Reichsrat das Erm\u00e4chtigungsgesetz an. Die Abgeordneten der Kommunistischen Partei Deutschlands (KPD) waren zu diesem Zeitpunkt bereits verhaftet oder befanden sich im Untergrund. Nun brauchte sich die Regierung nicht mehr vor dem Parlament verantworten. W\u00e4hrend der Abstimmung in Berlin marschierte der j\u00fcdische Veteranenverband \u201cJewish War Veteran\u201d (JWV) mit Kampfparolen und Boykott-Aufrufen gegen Deutschland durch New York.<\/p>\n<h5>Totalit\u00e4re Entwicklungen l\u00f6sen pers\u00f6nliche Betroffenheit beim Verfasser aus<\/h5>\n<p>Inzwischen soll nach SPIEGEL-Informationen Martin Sellner, der \u00f6sterreichische Taktgeber der Identit\u00e4ren und Redner auf dem \u201cGeheimtreffen\u201d in Potsdam, von der deutschen Bundespolizei zur Fahndung ausgeschrieben sein.(10)<\/p>\n<p>Am 18. Januar 2023 hat sich das EU-Parlament mit einer Mehrheit von 397 zu 121 Stimmen bei 26 Enthaltungen daf\u00fcr ausgesprochen, Aspekte von <em>\u201cHasskriminalit\u00e4t\u201d<\/em> in die Liste der EU-Straftatbest\u00e4nde aufzunehmen. Zu diesem Zweck\u00a0fordert das Parlament die EU-Kommission auf, einen \u201coffenen\u201d Ansatz in Betracht zu ziehen, bei dem Hass und Hetze <em>\u201cauf der Grundlage sozialer Dynamiken\u201d<\/em> zu bewerten seien.(11)<\/p>\n<p>Der Autor dieses Artikels wird seit Jahren in Wikipedia nachhaltig als Verschw\u00f6rungstheoretiker und seit neuestem auch als Verschw\u00f6rungsideologe diffamiert und begr\u00fc\u00dft daher diese Absicht. Gleichzeitig ist aber zu bef\u00fcrchten, dass diese neuen Straftatbest\u00e4nde nur gegen die Opposition verwendet werden k\u00f6nnten.<\/p>\n<p>Wie k\u00f6nnen die im Verborgenen oberfl\u00e4chlich arbeitenden Administratoren von Wikipedia derart existenzbedrohend gegen ihnen unbekannte Mitmenschen vorgehen? Im Dienste der Demokratie? Wie konnte die Politik es so weit kommen lassen? Dabei bezieht Wolfgang Effenberger die Quellen f\u00fcr seine milit\u00e4r- und geopolitischen Artikel ausschlie\u00dflich aus dem Archiv des US-Kongresses, des Wei\u00dfen Hauses, des Pentagons und ehemaliger Minister. So zitierte er auf einem Geopolitik-Kongress in Augsburg am 15. Oktober 2016 unter dem Portr\u00e4t des ehemaligen US-Vizefinanzministers Paul Craig Roberts dessen Feststellung, die einen Tag nach dem Brexit-Votum Gro\u00dfbritanniens ge\u00e4u\u00dfert wurde: <em>\u201eEU and NATO are evil Institutions \u2013 created by USA\u201c.(12) <\/em>Die Frankfurter Allgemeine Zeitung FAZ machte dann daraus auf Seite 3:<em> \u201eEffenberger behauptet, EU und NATO seien b\u00f6sartige Institutionen\u201c<\/em>. Das wurde dann auch so in den Wikipedia-Eintrag \u00fcbernommen, obwohl die FAZ nur wenige Tage sp\u00e4ter den Sachverhalt richtigstellen musste, was aber die \u201eWIKI\u201c-Administratoren \u00fcberhaupt nicht k\u00fcmmerte. Die Verfasser des Wikipedia-Eintrags sind anonym. Es gibt keine M\u00f6glichkeit, eine Richtigstellung einzuklagen bzw. die Verantwortlichen zu belangen. Sie scheinen unter dem Schutz des Staates zu stehen.<\/p>\n<p>Derartige Mechanismen kommen eigentlich nur in totalit\u00e4ren Staaten zur Anwendung. Das Einschleichen solcher Entwicklungen l\u00e4sst den Verfasser zornig werden und das h\u00e4ngt durchaus mit seiner Familiengeschichte zusammen. Der Schlosser August Scholz, Gro\u00dfvater m\u00fctterlicherseits, lehnte 1938 die Annahme des Kindergelds (damals Kinderbeihilfe) f\u00fcr sein drittes und viertes Kind mit der Begr\u00fcndung ab, er k\u00f6nne f\u00fcr seine Kinder selber sorgen.<\/p>\n<p>Im September 1935 erhielten kinderreiche Familien zun\u00e4chst eine einmalige Kinderbeihilfe, ab April 1936 wurde eine monatliche Kinderbeihilfe eingef\u00fchrt.(13) Arbeiter- und Angestelltenfamilien, die ein Monatseinkommen von unter 185 Reichsmark hatten, erhielten ab dem f\u00fcnften Kind monatlich 10 Reichsmark. Ab 1938 gab es dieses Kindergeld bereits ab dem dritten Kind.<\/p>\n<p>Der F\u00f6rster Ernst Effenberger, Gro\u00dfvater v\u00e4terlicherseits, 1916 mit 19 Jahren in die Sch\u00fctzengr\u00e4ben Nordfrankreichs gesteckt, erhielt im Mai 1934 Berufsverbot; im Mai 1938 wurde er dann in das Konzentrationslager Sachsenhausen verschleppt. Er \u00fcberlebte den Krieg als Invalide, wurde dann 1946 aus seiner Heimat Schlesien vertrieben und verstarb mit 58 Jahren.<\/p>\n<p>Ohne NS-affine Vorfahren ist die Befassung mit dem dunkelsten Kapitel der deutschen Vergangenheit sicherlich nicht mit direkten Schuldgef\u00fchlen belastet, wenn auch das weitgehend pauschale Wegsehen in der Zeit von 1933 bis 1945 bedr\u00fcckt.<\/p>\n<p>Mitmenschen, deren Eltern\/Gro\u00dfeltern dem Dritten Reich distanziert gegen\u00fcberstanden und sich weder am j\u00fcdischen Eigentum bereichert noch mit den Nationalsozialisten gewinnbringende Gesch\u00e4fte oder unvorstellbare Karrieren gemacht haben, k\u00f6nnen \u2013 so die pers\u00f6nliche Erfahrung des Autors \u2013 im Regelfall mit dieser Zeit objektiver umgehen.<\/p>\n<p>Im V\u00f6lker- und Menschenrecht gibt es keine Erbschuld und f\u00fcr den Verfasser dieses Artikels im Besonderen schon gar nicht. Erinnert sei auch an die Tatsache, dass gerade einmal 10 % der damaligen Bev\u00f6lkerung Deutschlands Mitglieder in der NSDAP waren (Stand 1945: 8,5 Millionen Mitglieder bei einer Bev\u00f6lkerung von etwa 86 Millionen).(14)<\/p>\n<p>Vor der Bundestagswahl \u00e4u\u00dferte sich Mitte September 2017 der damalige Au\u00dfenminister Sigmar Gabriel (SPD) besorgt \u00fcber den m\u00f6glichen Einzug der AfD in den Bundestag. Die unterdr\u00fcckte Debatte \u00fcber die Fl\u00fcchtlingskrise habe dazu gef\u00fchrt, da\u00df viele Menschen mit dem Gedanken spielten, die AfD zu w\u00e4hlen.<\/p>\n<blockquote><p>\u201eWenn das passiere, gebe es zum ersten Mal nach Ende des Zweiten Weltkriegs wieder echte Nazis im Reichstag\u2026\u201c, so Gabriel.(15)<\/p><\/blockquote>\n<p>Eine derartige Verunglimpfung des politischen Gegners ist einer Demokratie unw\u00fcrdig. Au\u00dferdem ist der Reichstag im Februar 1933 abgebrannt (und wurde erst nach der Wende wieder aufgebaut).<\/p>\n<p>Bereits nach Gr\u00fcndung der BRD (23. Mai 1949) waren in Politik, Parlament und Professorenschaft wieder zahlreiche alte und einflussreiche Nationalsozialisten zu finden. Erinnert sei hier an Globke, Filbinger und den von den Alliierten als gef\u00e4hrlichen Nationalsozialisten eingestuften Fritz Fischer, der unverz\u00fcglich in den \u201cautomatischen Arrest\u201d \u00fcberf\u00fchrt wurde. Dort blieb er bis 1947 unter der Obhut der Alliierten, um dann doch tats\u00e4chlich ein Jahr sp\u00e4ter seinen alten Lehrstuhl in Hamburg wieder zu bekommen \u2013 w\u00e4hrend Dorfschulmeister wegen ihrer NSDAP-Mitgliedschaft nicht mehr unterrichten durften.<\/p>\n<p>Vor dem Au\u00dfenminister Sigmar Gabriel hatte bereits der damalige Bundesjustizminister Heiko Maas (SPD)\u00a0in einem Gastbeitrag f\u00fcr die\u00a0Frankfurter Rundschau vor dem W\u00e4hlen der AfD gewarnt. Das Programm dieser Partei sei in Teilen verfassungswidrig,\u00a0schrieb Maas.(16) Nun, verfassungswidrige Gesetze sind auch in den links-gr\u00fcnen Parteien an der Tagesordnung. Man arbeitet solange mit diesen Gesetzen, bis das Verfassungsgericht einschreitet. Aber warum hat Maas damals keine konkreten Schritte unternommen?<\/p>\n<p>Ironischerweise ist die AfD die einzige Partei, in der es noch nie sogenannte \u201cAlt-NAZIs\u201d gegeben hat. Das kann jetzt auch die Bewegung Sarah Wagenknecht (BSW) f\u00fcr sich beanspruchen. Erwiesenerma\u00dfen sind seit 1949 hunderte ehemalige NSDAP-Mitglieder im Bundestag gesessen, sogar in der Reihen der Gr\u00fcnen (siehe Liste(17)).<\/p>\n<p>Was macht die AfD f\u00fcr das etablierte System so gef\u00e4hrlich? Es ist im Wesentlichen die Kritik der AfD am willf\u00e4hrigen Gehorsam gegen\u00fcber den US-Vorgaben: Europa als Schlachtfeld,(18) , als Zahlmeister und Gastgeber f\u00fcr die Opfer der illegalen US-Kriege weltweit. Da die USA laut dem Politologen und STRATFOR-Gr\u00fcnder George Friedman seit \u00fcber 100 Jahren bestrebt sind, eine Ann\u00e4herung Deutschlands an Russland zu verhindern,(19) werden in Washington die vielen AfD-Abgeordneten, die eine Auss\u00f6hnung mit Russland wollen, als gro\u00dfe Gefahr gesehen.<strong>\u00a0<\/strong><\/p>\n<h5>Zweifel an der Lauterkeit der Fakten-Checker<\/h5>\n<p>Schon im November 2021 riss die J\u00fcdische Rundschau mit ihrem Artikel \u201c<em>Fakten-Checker<\/em> \u2013 <em>weniger H\u00fcter der Wahrheit als vielmehr Verteidiger des manipulierten \u00f6ffentlichen Narrativs\u201c<\/em> den selbsternannten Verteidigern der Demokratie die Maske vom Gesicht. Sie berichtete<\/p>\n<blockquote><p>\u201e\u2026\u00fcber die Motivation, \u00fcber die zwielichtige Finanzierung und die fehlende Neutralit\u00e4t der \u201cFakten-Checker\u201d unserer einseitig nach links und gr\u00fcn orientierten Medien\u201c.(20)<\/p><\/blockquote>\n<p>Wer sind diese Fakten-Checker und wer bezahlt sie? Das \u201cInternational Fact-Checking Network\u201d (IFCN), ein weltweites Netzwerk kooperierender Fakten-Checker wurde 2015 als neue Abteilung des Poynter Instituts, einer Journalistenschule in Florida, gegr\u00fcndet. Neben Beratungen, Veranstaltungen und Seminaren liegt die Hauptaufgabe des IFCN Netzwerks in der Erstellung von Zertifikaten, die es Fakten-Checkern \u00fcberhaupt erst erm\u00f6glichen, Auftr\u00e4ge f\u00fcr gr\u00f6\u00dfere Social-Media-Kan\u00e4le wie z.B. Facebook und Google zu bekommen. Schon 2017 waren bedeutende internationale Nachrichtenagenturen, TV-Sender und Tageszeitungen im Team. In Deutschland bekam das Recherchezentrum CORRECTIV das gewinntr\u00e4chtige Zertifikat. Zus\u00e4tzlich ging das IFCN eine Partnerschaft mit dem Google News Lab ein.<\/p>\n<p>Nachstehend die internationale Graphik der Fakten-Checker vom Duke Reporters\u2019 Lab.(21) Unter \u201cBrowse List\u201d lassen sich die Organisationen f\u00fcr\u00a0Afrika,\u00a0Asien, Australien, Europa sowie Nord- und S\u00fcdamerika einsehen.<\/p>\n<p><a href=\"https:\/\/reporterslab.org\/fact-checking\/#\"><img data-recalc-dims=\"1\" loading=\"lazy\" decoding=\"async\" data-attachment-id=\"18279\" data-permalink=\"https:\/\/www.freidenker.org\/?attachment_id=18279\" data-orig-file=\"https:\/\/i0.wp.com\/www.freidenker.org\/fw17\/wp-content\/uploads\/2024\/02\/Faktenchecker.png?fit=811%2C556&amp;ssl=1\" data-orig-size=\"811,556\" data-comments-opened=\"0\" data-image-meta=\"{&quot;aperture&quot;:&quot;0&quot;,&quot;credit&quot;:&quot;&quot;,&quot;camera&quot;:&quot;&quot;,&quot;caption&quot;:&quot;&quot;,&quot;created_timestamp&quot;:&quot;0&quot;,&quot;copyright&quot;:&quot;&quot;,&quot;focal_length&quot;:&quot;0&quot;,&quot;iso&quot;:&quot;0&quot;,&quot;shutter_speed&quot;:&quot;0&quot;,&quot;title&quot;:&quot;&quot;,&quot;orientation&quot;:&quot;0&quot;}\" data-image-title=\"Faktenchecker\" data-image-description=\"\" data-image-caption=\"\" data-large-file=\"https:\/\/i0.wp.com\/www.freidenker.org\/fw17\/wp-content\/uploads\/2024\/02\/Faktenchecker.png?fit=800%2C548&amp;ssl=1\" class=\"alignnone wp-image-18279 size-medium\" src=\"https:\/\/i0.wp.com\/www.freidenker.org\/fw17\/wp-content\/uploads\/2024\/02\/Faktenchecker.png?resize=300%2C206&#038;ssl=1\" alt=\"\" width=\"300\" height=\"206\" srcset=\"https:\/\/i0.wp.com\/www.freidenker.org\/fw17\/wp-content\/uploads\/2024\/02\/Faktenchecker.png?resize=300%2C206&amp;ssl=1 300w, https:\/\/i0.wp.com\/www.freidenker.org\/fw17\/wp-content\/uploads\/2024\/02\/Faktenchecker.png?resize=768%2C527&amp;ssl=1 768w, https:\/\/i0.wp.com\/www.freidenker.org\/fw17\/wp-content\/uploads\/2024\/02\/Faktenchecker.png?resize=130%2C90&amp;ssl=1 130w, https:\/\/i0.wp.com\/www.freidenker.org\/fw17\/wp-content\/uploads\/2024\/02\/Faktenchecker.png?w=811&amp;ssl=1 811w\" sizes=\"auto, (max-width: 300px) 100vw, 300px\" \/><\/a><\/p>\n<p><img data-recalc-dims=\"1\" loading=\"lazy\" decoding=\"async\" data-attachment-id=\"13977\" data-permalink=\"https:\/\/www.freidenker.org\/?attachment_id=13977\" data-orig-file=\"https:\/\/i0.wp.com\/www.freidenker.org\/fw17\/wp-content\/uploads\/2022\/08\/External_Link_24px.jpg?fit=24%2C24&amp;ssl=1\" data-orig-size=\"24,24\" data-comments-opened=\"0\" data-image-meta=\"{&quot;aperture&quot;:&quot;0&quot;,&quot;credit&quot;:&quot;&quot;,&quot;camera&quot;:&quot;&quot;,&quot;caption&quot;:&quot;&quot;,&quot;created_timestamp&quot;:&quot;0&quot;,&quot;copyright&quot;:&quot;&quot;,&quot;focal_length&quot;:&quot;0&quot;,&quot;iso&quot;:&quot;0&quot;,&quot;shutter_speed&quot;:&quot;0&quot;,&quot;title&quot;:&quot;&quot;,&quot;orientation&quot;:&quot;1&quot;}\" data-image-title=\"External_Link_24px icon\" data-image-description=\"\" data-image-caption=\"\" data-large-file=\"https:\/\/i0.wp.com\/www.freidenker.org\/fw17\/wp-content\/uploads\/2022\/08\/External_Link_24px.jpg?fit=24%2C24&amp;ssl=1\" class=\"alignnone size-full wp-image-13977\" src=\"https:\/\/i0.wp.com\/www.freidenker.org\/fw17\/wp-content\/uploads\/2022\/08\/External_Link_24px.jpg?resize=24%2C24&#038;ssl=1\" alt=\"\" width=\"24\" height=\"24\" \/>\u00a0<span style=\"font-size: 10pt;\"><a href=\"https:\/\/reporterslab.org\/fact-checking\/#\" target=\"_blank\" rel=\"noopener\">Interaktive Karte der \u00fcber 400 &#8211; weltweit verstreuten &#8211; Fakten-Checker<\/a><\/span><\/p>\n<p>Von Hamburg aus agieren \u201cFakten-Finder\u201d (ARD) und \u201cFake or no Fake\u201d (STERN). Nach eigenen Angaben tragen<\/p>\n<blockquote><p>\u201eregionale Mitglieder der ARD mit multimedialen Fakten-Checks dazu bei, weit verbreitete Behauptungen und Ger\u00fcchte aus dem In- und Ausland zu \u00fcberpr\u00fcfen\u201c(22)<\/p><\/blockquote>\n<p>Das Hamburger Magazin Stern will in einem weitgehend videobasierten Fakten-Check Ger\u00fcchte und Hoaxes [engl.: Falschmeldung oder Scherz, W.E.] im Internet entlarven.(23) Das von Berlin aus agierende Recherchezentrum CORRECTIV will<\/p>\n<blockquote><p>\u201e \u2026 mit den eigenen Fakten-Checks Ger\u00fcchte und Halbwahrheiten aufdecken und Falschinformationen entgegenwirken. Gezielte Desinformation w\u00fcrde genutzt, um unsere Gesellschaft zu spalten, Hass zu verbreiten oder Gesch\u00e4fte zu betreiben. Einseitige oder falsche Informationen kreierten verzerrte Weltbilder\u201c.(24)<\/p><\/blockquote>\n<p>Nach eigenen Angaben ist CORRECTIV ein von der Essener Brost-Stiftung und auch von der \u201cOpen Society Foundation\u201d (George Soros) gemeinwohlorientiertes Medienhaus, das Demokratie st\u00e4rkt. <em>\u201cAls vielfach ausgezeichnete Redaktion stehen wir f\u00fcr investigativen Journalismus\u201c<\/em>. Die Abteilung \u201cFakten-Check\u201d von CORRECTIV konzentriert sich seit 2017 auf politische Behauptungen und geht gegen Desinformation vor.(25)<\/p>\n<p>CORRECTIV ist ebenso vernetzt mit der Globalen Finanzindustrie. 2018 stieg der US-Milliard\u00e4r Omidyar und seine LUMINATE Stiftung mit 2,8 Millionen in die Finanzierung von CORRECTIV ein, Omidyar ist Gro\u00dfspender der US Demokraten und Anti Trump-Campagner. Er geh\u00f6rt zu Bill Gates und dem Milliard\u00e4rsnetzwerk GIVING PLEDGE (Gr\u00fcnder der Online Plattform EBAY). Die Hauptaktion\u00e4re von ebay sind Vanguard, Blackrock und State Street.<\/p>\n<p>Prof. Bodo Hombach, fr\u00fcherer Wahlkampfmanager der SPD,\u00a0hatte als Ethikrat-Chef bei <em>CORRECTIV<\/em>\u00a0und als Vorstandsmitglied der\u00a0Brost-Stiftung sozusagen eine SPD-nahe Parteistiftung im Kampf gegen den politischen Gegner ins Rennen gef\u00fchrt.<\/p>\n<p>CORRECTIV und seine umgebenden Satelliten bestehend aus NGOs, Plattformen und Initiativen scheinen vor allem ein Ziel zu haben: Demokratien zu unterminieren und die Macht sowie den Einfluss starker Lobbyisten im Hintergrund zu sichern.<\/p>\n<p>Im Rahmen der Aktion \u201e#allesaufdentisch\u201c(26) hat Kommunikationswissenschaftler Michael Meyen Ende September 2021 in einem Interview mit dem Schauspieler Volker Bruch festgestellt, dass sich die Motivation der Fakten-Checker in den letzten Jahrzehnten ver\u00e4ndert hat.<\/p>\n<blockquote><p>\u201eUrspr\u00fcnglich gegr\u00fcndet, Regierungsfakten oder \u00c4u\u00dferungen von Politikern auf ihren Wahrheitsgehalt zu pr\u00fcfen, sind sie mittlerweile zu Instrumenten von Regierungen und den gro\u00dfen Tech-Firmen mutiert. Im Zuge der Corona-Pandemie erreichte das Fakten-Checken ungeahnte Ausma\u00dfe: Die harten Ma\u00dfnahmen zur Eind\u00e4mmung der Pandemie wurden als \u201ealternativlos\u201c und die wenigen regierungsberatenden Wissenschaftler als alleinige seri\u00f6se Quelle dargestellt. Und die Fakten-Checker unterst\u00fctzten diese Argumente unisono. Sie urteilten selbstsicher und ohne Zweifel, widerlegten selbst Argumente angesehener, hochdotierter und langj\u00e4hrig in ihrem Fachgebiet forschender Experten\u201c. (27)<\/p><\/blockquote>\n<h5>Das CORRECTIV-Paper auf dem Pr\u00fcfstand<\/h5>\n<p>Es ist ersch\u00fctternd. Sie wissen, es geht mir nicht um Parteinahme f\u00fcr eine Gruppierung, sondern um journalistische Ethik und um die dramatische Entwicklung der gesamten Mainstream-Medien-Landschaft.<\/p>\n<p>F\u00fcr den Journalisten Markus\u00a0Langemann<strong>,<\/strong> Herausgeber vom <em>\u201eClub\u00a0der klaren Worte\u201c<\/em>, wirkt die sprachliche und bildliche Gestaltung der CORRECTIV-Texte<em> \u201eliterarisch und theatralisch, nicht\u00a0journalistisch\u2026\u201d <\/em>CORRECTIV-Quellen st\u00fctzen nicht die schwerwiegenden Behauptungen einer Verschw\u00f6rung zur Vertreibung von Millionen Menschen aus Deutschland [diese Aussage wurde inzwischen von der stellvertretenden CORRECTIV- Chefredakteurin Anette Dowideit in der ARD-Pressestunde zur\u00fcckgenommen, W.E.](28). Die \u201cRecherche\u201d erscheint subjektiv und spekulativ, wobei der CORRECTIV-Artikel oft auf sich selbst Bezug nimmt. Es fehlen stichhaltige Quellen wie Einladungen oder Mitschnitte und einige Teilnehmer wurden nicht um Stellungnahmen gebeten. \u2026Der Vorwurf der Remigration, ein Kernthema der\u00a0Ver\u00f6ffentlichung, ist nicht neu und wird auch von diversen\u00a0Parteien diskutiert.(29) F\u00fcr Langemann verst\u00e4rkt die Pr\u00e4sentation des Skripts, auch dessen Pr\u00e4sentation auf der B\u00fchne, den Eindruck einer Inszenierung.<\/p>\n<p>Einen \u00e4hnlichen Eindruck vom Inhalt hat auch der Ingenieur Tobias Spr\u00f6te. Er bat in einem Kommentar CORRECTIV um die Zusendung von wichtigen Quellen: <em>\u201e1. zugespielte Dokumente, darunter Einladungen und Kommunikation zwischen Organisatoren und G\u00e4sten. 2. Video- oder Ton-Mitschnitte der Gespr\u00e4che mit AfD-Mitgliedern. 3. Informationen und Materialien, die von Greenpeace zur Verf\u00fcgung gestellt wurden. 4. Videos und oder etwaige Ton-Mitschnitte aus denen, insbesondere die brisanten Passagen des im Artikel Zitierten hervorgeht\u201c.<\/em>(30) Er begr\u00fcndet seine Bitte mit dem Hinweis, dass bei der \u201cRecherche\u201d so oder so Gesetze gebrochen worden seien, also h\u00e4tte man die Quellen auch offenlegen k\u00f6nnen und erinnerte an die Ibiza-Aff\u00e4re #Ibizagate aus 2019.<\/p>\n<p>Boris Reitschuster, von 1999 bis August 2015 Leiter des Moskauer B\u00fcros von Focus, \u00a0erhielt, nachdem er auf seinem Blog geschrieben hatte, dass es typisch f\u00fcr autorit\u00e4re Systeme und untypisch f\u00fcr demokratische Staaten sei, wenn die Regierung und nicht die Opposition zu Demonstrationen aufriefe(31), einige b\u00f6se Kommentare, aber auch die Zuschrift eines Lesers, der die k\u00fcnstliche Intelligenz von ChatGPT zur Thematik befragt hatte: Rufen manchmal Regierungen zu Demonstrationen auf? Wann ist das der Fall? Passiert das eher in Demokratien oder in autokratischen Regimen? Was bedeutet es, wenn sich die \u00f6ffentlich-rechtlichen Medien an solchen Aufrufen beteiligen?<\/p>\n<p>Die Antworten von ChatGPT:<\/p>\n<blockquote><p>\u201eIn Demokratien ist es \u00e4u\u00dferst ungew\u00f6hnlich, dass Regierungen aktiv zu Demonstrationen aufrufen. In einer Demokratie sollte das Recht auf freie Meinungs\u00e4u\u00dferung und das Recht auf Versammlung von den B\u00fcrgern unabh\u00e4ngig von der Regierung wahrgenommen werden k\u00f6nnen. \u2026 Wenn sich \u00f6ffentlich-rechtliche Medien an solchen Aufrufen beteiligen, k\u00f6nnte dies darauf hindeuten, dass die Medien staatlich kontrolliert oder beeinflusst werden. In einer Demokratie sollten \u00f6ffentlich-rechtliche Medien jedoch unabh\u00e4ngig agieren und die verschiedenen Perspektiven und Meinungen widerspiegeln. Wenn sie dazu verwendet werden, eine politische Agenda zu f\u00f6rdern oder Meinungsfreiheit zu unterdr\u00fccken, wird dies oft als Bedrohung f\u00fcr die demokratischen Prinzipien betrachtet. In einer autokratischen Umgebung k\u00f6nnten sich \u00f6ffentlich-rechtliche Medien hingegen an staatlich unterst\u00fctzten Demonstrationen beteiligen, um die offizielle Linie zu st\u00e4rken und die Opposition zu diskreditieren\u201c.(32)<\/p><\/blockquote>\n<p>F\u00fcr Reitschuster muss kritischer Journalismus wie ein Eisbrecher Schneisen in die Einheitsmeinung brechen.<\/p>\n<p>All das erinnert doch sehr stark an den US-Film<em> \u201cWag The Dog\u201d<\/em> (Wenn der Schwanz mit dem Hund wedelt) von 1997. Der US-Pr\u00e4sident ist sich seiner Wiederwahl gewiss, doch dann ger\u00e4t er mitten in einen Sexskandal. Er soll sich einer Sch\u00fclerin sexuell gen\u00e4hert haben und seine Beraterin Winifred Ames sieht nur noch eine M\u00f6glichkeit, um eine drohende Niederlage zu verhindern. Sie engagiert Conrad Brean, der f\u00fcr die Verbreitung von Ger\u00fcchten und Manipulation der Medien bekannt ist. Er wendet sich an den Hollywood-Produzenten Motss und inszeniert gemeinsam mit ihm einen Krieg der Medien.(33)<\/p>\n<p>Seit der Gr\u00fcndung 2014 \u2013 dem Jahr des Maidan-Putsches und des US-Strategie-Dokuments \u201eWin in a Complex World 2020-2040\u201c wurde CORRECTIV mit \u00fcber 30 Preisen f\u00fcr seine journalistische Arbeit ausgezeichnet. Unter anderem mit dem Grimme Online Award, dem Nannen Preis, dem Helmut Schmidt Journalistenpreis, dem Otto Brenner Preis f\u00fcr kritischen Journalismus und dem Deutsch-Franz\u00f6sischen Journalistenpreis. Hinzu kommen zahlreiche Nominierungen.(34)<\/p>\n<p>Da kommen Erinnerungen an Claas-Hendrik Relotius hoch, einem deutschen Autor, der vorwiegend f\u00fcr den Spiegel t\u00e4tig war. Seine Reportagen wurden vielfach ausgezeichnet. 2018 wurde bekannt, dass er gro\u00dfe Teile seiner Reportagen und Interviews frei erfunden hatte, was einen Medienskandal ausl\u00f6ste. Der war aber schnell wieder vergessen.(35)<\/p>\n<h5>Von Regierung und Medien orchestrierte Propagandaschau<\/h5>\n<p>F\u00fcr den Sozialwissenschaftler und K\u00fcnstler Rudolph Bauer sind die j\u00fcngsten Demonstrationen in Deutschland \u00abgegen rechts\u00bb weniger Protest als Loyalit\u00e4tsbekundungen f\u00fcr die Regierenden. Er warnt<\/p>\n<blockquote><p>\u201evor einer neuen Art von Faschismus, die vorgibt, die Gesellschaft vor dem alten, dem Retrofaschismus, zu sch\u00fctzen\u201c(36).<\/p><\/blockquote>\n<p>W\u00e4hrend die Bauern f\u00fcr ihre Interessen protestieren \u2013 gegen die Politik einer Regierung, die den Landwirten schadet und die Nahrungsmittelgrundversorgung der gesamten Bev\u00f6lkerung in Mitleidenschaft zieht \u2013 w\u00fcrde es sich bei den Demonstrationen im Zuge der CORRECTIV-\u201cOffenbarungen\u201d um Loyalit\u00e4tsbekundungen gegen\u00fcber den Regierenden einschlie\u00dflich der Opposition aus CDU\/CSU und der Partei Die Linke handeln.<\/p>\n<p>Rudolph Bauer sieht das Protestvolk der Deutschen gespalten. Der eine Teil setzt sich f\u00fcr ureigene Interessen ein und opponiert gegen die Regierung und der andere Teil hat sich faktisch das Interesse der Etablierten und ihrer Herrschaftssicherung zu eigen gemacht, ohne sich dessen allerdings mehrheitlich bewusst zu sein. Der zur Skandalisierung instrumentalisierte Bericht \u00fcber das Potsdamer Treffen wurde in einen ganz bestimmten historischen Zusammenhang rekonstruiert, um \u2013 so Bauer \u2013<\/p>\n<blockquote><p>\u201e\u2026das kollektive deutsche Schuldsyndrom der Juden- und Gefangenendeportationen zu triggern. Aufgrund dieser verletzlichen Flanke ihrer historischen Schuld werden in der deutschen Bev\u00f6lkerung moralische Energien mobilisiert, die in der Auseinandersetzung mit der AfD jede sachliche Auseinandersetzung verunm\u00f6glichen\u201c.(37)<\/p><\/blockquote>\n<p>Ein \u00abneuer Faschismus\u00bb, der eine Neuauflage des alten ist, stellt f\u00fcr Bauer durchaus eine Gefahr dar und zwar eine weitaus gr\u00f6\u00dfere Gefahr als der r\u00fcckw\u00e4rtsgewandte \u00a0Retrofaschismus, gegen den jetzt mobilisiert wird. Der neue Faschismus inszeniere sich als Gegner des alten, sei aber im Kern totalit\u00e4r.<\/p>\n<p>Demokratie erfordere Auseinandersetzung \u2013 auch konkret \u00abmit rechts\u00bb, nicht abstrakt \u00abgegen rechts\u00bb. Sie basiere auf der Anerkennung der Grundrechte, der Meinungsfreiheit und der offenen Kritik. Politiker der Ampel-Koalition, welche die Demonstrierenden loben, dass sie die Demokratie verteidigen, w\u00fcrden sich aus der Verantwortung stehlen. Wir erleben gegenw\u00e4rtig nicht nur aggressiven Militarismus, m\u00f6rderische Kriege, Waffenexporte und milit\u00e4rische Aufr\u00fcstung, sondern auch eine vielgestaltige moralisch-ideologische Aufr\u00fcstung. Es entwickelt sich eine neue Art von Faschismus, die vorgibt, die Gesellschaft vor dem alten, dem Retrofaschismus, zu sch\u00fctzen. Was von 1933 bis 1945 die arische NS-Volksgemeinschaft gewesen sei, sei heute die \u00abantifaschistische\u00bb Anti-AfD-Volksgemeinschaft eines Gro\u00dfteils all jener, die man in sozialer, politischer und wirtschaftlicher Hinsicht durchaus gegnerischen Lagern zuordnen k\u00f6nne. Bauer f\u00fchlt sich diesbez\u00fcglich in mancher Hinsicht an die Zeit des Biedermeier erinnert. Nach den am 20. September 1819 bewilligten drakonischen Karlsbader Beschl\u00fcssen gegen die \u00abDemagogen\u00bb der Freiheitsbewegung des Vorm\u00e4rz herrschte das politische Biedermeier des kritiklosen b\u00fcrgerlichen Gehorsams, der Anst\u00e4ndigkeit und der unterw\u00fcrfigen Angepasstheit an die Obrigkeit.(38)<\/p>\n<p>Auch in \u00d6sterreich wurden die eruptiven Folgen der CORRECTIV-\u201cRecherche\u201d kritisch analysiert. Ferdinand Wegscheider von ServusTV sah im Aufruf zur Massendemonstration \u201egegen rechts\u201c eine Inszenierung, da<\/p>\n<blockquote><p>\u201e\u2026die vernichtenden Umfragen f\u00fcr die Ampel und die st\u00e4ndig steigenden Zustimmungsraten f\u00fcr die AfD bef\u00fcrchten haben lassen, dass immer mehr Idioten rechts w\u00e4hlen\u201c.<\/p><\/blockquote>\n<p>Den deutschen Genossen sei jetzt ein genialer Befreiungsschlag gelungen.(39) Genau im richtigen Moment habe das links-gr\u00fcne-Scheinmedium CORRECTIV unter dem Titel <em>\u201eGeheimplan gegen Deutschland\u201c<\/em> eine Fake-Story \u00fcber angeblich geplante Massendeportationen in Umlauf gebracht, die wiederum von den Mainstream-Medien artig und ungepr\u00fcft verbreitet worden sei.(40) So verantwortungslos d\u00fcrfen weder Medien noch Politik sein. Es verdichtet sich der Verdacht, dass es sich um einen gezielten Coup handelt \u2013 man hatte ja 6 Wochen Zeit, um alles generalstabsm\u00e4\u00dfig vorzubereiten.<\/p>\n<p>Ferdinand Wegscheider findet auch die Gleichsetzung der mitmarschierenden Pro-Regierungs-Demonstranten im deutschen Staatsfernsehen (SWR) mit der lebensgef\u00e4hrlichen Auflehnung der Widerstandsk\u00e4mpferin Sophie Scholl gegen das NAZI-Regime schon sehr merkw\u00fcrdig.<\/p>\n<p>Kaum jemand rede noch vom Absturz der Wirtschaft, von Bauern- und Unternehmerprotesten, Mega-Inflation und Teuerung; Impfsch\u00e4den, WHO-Knebelvertr\u00e4gen und Einschr\u00e4nkung der Meinungsfreiheit, wenn es gelte, das Land gegen eine drohende Nazi-Diktatur zu verteidigen.<\/p>\n<p>V\u00f6llig verdr\u00e4ngt wird durch die Berichte \u00fcber die Massendemonstrationen nat\u00fcrlich auch die akute Kriegsgefahr durch die \u00fcberdimensionalen Kriegsvorbereitungen der NATO \u2013 Stichwort STEADFAST DEFENDER 2024 \u2013 ein gigantisches Man\u00f6ver in Europa mit \u00fcber 90.000 Soldaten. Ungeniert warnten Mitte Januar 2024 Admiral Rob Bauer, Vorsitzender des NATO-Milit\u00e4rausschusses und der britische Verteidigungsminister Grant Shapps vor einem bevorstehenden Krieg mit Russland.<\/p>\n<p>Reichen denn die Verluste an Menschen sowie die unvorstellbaren Zerst\u00f6rungen durch das Hitlerregime nicht aus, um Europa aus jedem weiteren Krieg herauszuhalten, der kein reiner Verteidigungskrieg ist? Deutschland hat der Ukraine-Krieg bisher nur schweren wirtschaftlichen Schaden zugef\u00fcgt \u2013 zudem ist die Ukraine alles andere als ein Hort von Demokratie und Rechtsstaatlichkeit.<\/p>\n<p>Und wie bei Wilhelm Buschs <em>\u201cMax und Moritz\u201d<\/em> kann man jetzt schon sagen: <em>\u201cWehe, wehe, wenn ich auf das Ende sehe \u2026\u201d<\/em><\/p>\n<h4>Nachtrag: Zusammenarbeit von Bundesregierung und CORRECTIV aufgedeckt<\/h4>\n<p>Passend zum Faschingswochenende bzw. Karneval enth\u00fcllte die Berliner Zeitung drei nicht-\u00f6ffentliche Treffen zwischen Redaktionsmitarbeitern von Correctiv und Vertretern der Bundesregierung. So gab es bereits am 2. Juni 2020 eine Besprechung zwischen Regierungsvertretern, Correctiv und Facebook bez\u00fcglich der Bek\u00e4mpfung von Desinformation.(41)<\/p>\n<p>Seitdem findet man immer h\u00e4ufiger CORRECTIV-Artikel in Zeitungen (sogar in den kostenlosen regionalen Werbebl\u00e4ttern) und im Internet, die die aktuelle Regierungspropaganda (Corona, Ukrainekrieg) befeuern.<\/p>\n<p>Am 7. November 2023, 18 Tage vor dem hochstilisierten \u201eGeheimtreffen\u201c am 25. November 2023 in Potsdam, fand eine \u201cDiskussionsrunde im Bundeskanzleramt\u201d statt, an der Correctiv-Gesch\u00e4ftsf\u00fchrerin Jeannette Gusko teilnahm und unter anderem auf den Ostbeauftragten der Bundesregierung, Carsten Schneider (SPD), traf.<\/p>\n<p>Am 17.11.2023, acht Tage vor dem omin\u00f6sen \u201eGeheimtreffen\u201c am 25. November 2023, trafen sich Vertreter des Bundeskanzleramts (und sogar der Bundeskanzler selbst) wieder mit Correctiv-Gesch\u00e4ftsf\u00fchrerin Gusko, und zwar <em>\u201espontan am Rande der Konferenz Ostdeutschland 2030\u201c <\/em>(42). Nach NIUS-Recherchen sollen sich in den letzten vier Jahren Regierungsvertreter und Correctiv-Journalisten insgesamt elfmal (!) besprochen haben. Seit 2014 seien mehr als 2,5 Millionen Euro Steuergelder aus Finanzmitteln des Bundes und der L\u00e4nder geflossen.(43) Zahlreiche Projekte von CORRECTIV, das sich auf der eigenen Website als \u201egemeinwohlorientiert\u201c und \u201eunabh\u00e4ngig\u201c beschreibt, w\u00e4ren ohne die finanzielle Unterst\u00fctzung aus den Ministerien nicht m\u00f6glich gewesen.<\/p>\n<p>Und es kommen nun weitere unappetitliche Einzelheiten bez\u00fcglich des widerlichen Propagandast\u00fccks <em>\u201cGeheimtreffen Potsdam\u201d<\/em> ans Licht: Als Jeannette Gusko sich am 17. November mit Olaf Scholz traf, wusste Correctiv schon l\u00e4ngst dar\u00fcber Bescheid, dass das Treffen zwischen AfD-Politikern, rechtskonservativen Aktivisten, Unternehmern und Vertretern der Werte-Union infiltriert werden w\u00fcrde. Der in Potsdam eingeschleuste \u201cGast\u201d, der unter dem Alias Walter Redelfs agierte, checkte laut Nius \u00fcber die Website booking.com bereits am 16. Oktober im Gasthaus am Lehnitzsee ein \u2013 einen Monat vor dem privaten Treffen zwischen Gusko und Scholz und zwei Wochen, bevor einer der Gastgeber, Gernot M\u00f6rig, eine Einladung verschickte, in der erstmals der Name Martin Sellner auftauchte.<\/p>\n<p>Inzwischen haben sieben Zeugen des Treffens in Potsdam eidesstattliche Versicherungen abgegeben, in denen die CORRECTIV-Darstellung bestritten wird.(44)<\/p>\n<p>Die bereits im Artikel <em>\u201eFrontalangriff der \u201cDemokraten\u201d auf Andersdenkende Teil 1 CORRECTIV-Artikel l\u00f6st Propaganda-Lawine aus\u201c<\/em> ge\u00e4u\u00dferten Zweifel an der Arbeit von CORRECTIV und der Verdacht der Verstrickung von Politik und Medien scheinen sich also zu best\u00e4tigen und lassen die Bef\u00fcrchtung aufkommen, dass sich der Horrorkrimi um CORRECTIV zu einer Staatsaff\u00e4re entwickelt.<\/p>\n<p style=\"text-align: right;\"><em>Wolfgang Effenberger, Jahrgang 1946, erhielt als Pionierhauptmann bei der Bundeswehr tiefere Einblicke in das von den USA vorbereitete \u201eatomare Gefechtsfeld\u201c in Europa. Nach zw\u00f6lfj\u00e4hriger Dienstzeit studierte er in M\u00fcnchen Politikwissenschaft sowie H\u00f6heres Lehramt (Bauwesen\/Mathematik) und unterrichtete bis 2000 an der Fachschule f\u00fcr Bautechnik. Seitdem publiziert er zur j\u00fcngeren deutschen Geschichte und zur US-Geopolitik. Zuletzt erschienen vom ihm \u201eSchwarzbuch EU &amp; NATO\u201c (2020) sowie \u201eDie untersch\u00e4tzte Macht\u201c (2022)<\/em><\/p>\n<p>&nbsp;<\/p>\n<p><strong>Quellen und Anmerkungen<\/strong><\/p>\n<p>1) <a href=\"https:\/\/www1.wdr.de\/nachrichten\/rheinland\/ermittlungen-wegen-demo-plakat-afd-toeten-100.html\" target=\"_blank\" rel=\"noopener\">https:\/\/www1.wdr.de\/nachrichten\/rheinland\/ermittlungen-wegen-demo-plakat-afd-toeten-100.html<\/a><\/p>\n<p>2) <a href=\"https:\/\/de.wikipedia.org\/wiki\/Eberhard_J%C3%A4ckel\">Eberhard J\u00e4ckel<\/a>: <em>Die Konferenz am Wannsee. \u201eWo Heydrich seine Erm\u00e4chtigung bekanntgab\u201c \u2013 Der Holocaust war l\u00e4ngst im Gange.<\/em> In: <a href=\"https:\/\/de.wikipedia.org\/wiki\/Die_Zeit\">Die Zeit<\/a> vom 17.\u00a0Januar 1992, S. 33.<\/p>\n<p>3)<a href=\"https:\/\/www.achgut.com\/artikel\/Die_Heuchelei_der_Anti_AfD_Demonstrationen\" target=\"_blank\" rel=\"noopener\"> https:\/\/www.achgut.com\/artikel\/Die_Heuchelei_der_Anti_AfD_Demonstrationen<\/a><\/p>\n<p>4) Ebda.<\/p>\n<p>5) Ebda.<\/p>\n<p>6) <a href=\"https:\/\/www.dhm.de\/lemo\/bestand\/objekt\/d2942778\" target=\"_blank\" rel=\"noopener\">https:\/\/www.dhm.de\/lemo\/bestand\/objekt\/d2942778<\/a><\/p>\n<p>7) Wolfgang Effenberger\/ Reuven Moskovitz: Deutsche und Juden vor 1939. Ingelheim 2013, S. 357<\/p>\n<p>8) Ebda. S. 360<\/p>\n<p>9) Ebda., S. 362<\/p>\n<p>10) <a href=\"https:\/\/www.spiegel.de\/politik\/deutschland\/nach-geheimtreffen-in-potsdam-sellner-droht-bei-erneuter-einreise-sofortige-abschiebung-a-34606aa1-ccbc-43cc-bb16-7d89a3a292e9\" target=\"_blank\" rel=\"noopener\">https:\/\/www.spiegel.de\/politik\/deutschland\/nach-geheimtreffen-in-potsdam-sellner-droht-bei-erneuter-einreise-sofortige-abschiebung-a-34606aa1-ccbc-43cc-bb16-7d89a3a292e9<\/a><\/p>\n<p>11)<a href=\"https:\/\/www.europarl.europa.eu\/news\/de\/agenda\/briefing\/2024-01-15\/11\/hetze-und-hasskriminalitat-in-liste-der-eu-straftatbestande-aufnehmen;\" target=\"_blank\" rel=\"noopener\"> https:\/\/www.europarl.europa.eu\/news\/de\/agenda\/briefing\/2024-01-15\/11\/hetze-und-hasskriminalitat-in-liste-der-eu-straftatbestande-aufnehmen;<\/a><\/p>\n<p><a href=\"https:\/\/www.heise.de\/news\/Fokus-Social-Media-EU-Parlament-will-Hass-und-Hetze-EU-weit-strafbar-machen-9601691.html\" target=\"_blank\" rel=\"noopener\">https:\/\/www.heise.de\/news\/Fokus-Social-Media-EU-Parlament-will-Hass-und-Hetze-EU-weit-strafbar-machen-9601691.html<\/a><\/p>\n<p>12) The EU and NATO are evil institutions. These two institutions are mechanisms created by Washington in order to destroy the sovereignty of European peoples. These two institutions give Washington control over the Western world and serve both as cover and enabler of Washington\u2019s aggression. Without the EU and NATO, Washington could not force Europe and the UK into conflict with Russia, and Washington could not have destroyed seven Muslim countries in 15 years without being isolated as a hated war criminal government, no member of whom could have travelled abroad without being arrested and put on trial. <a href=\"https:\/\/www.paulcraigroberts.org\/2016\/06\/24\/the-brexit-vote-paul-craig-roberts\/\" target=\"_blank\" rel=\"noopener\">https:\/\/www.paulcraigroberts.org\/2016\/06\/24\/the-brexit-vote-paul-craig-roberts\/<\/a><\/p>\n<p>13) Klaus J\u00f6rg Ruhl: Verordnete Unterordnung. Berufst\u00e4tige Frauen zwischen Wirtschaftswachstum und konservativer Ideologie in der Nachkriegszeit (1945\u20131963). Oldenbourg Verlag 1994, S. 161.<\/p>\n<p>14) <a href=\"https:\/\/www.anderweltonline.com\/klartext\/klartext-20241\/ich-bin-deutscher-und-lehne-jegliche-erbschuld-ab\/\" target=\"_blank\" rel=\"noopener\">https:\/\/www.anderweltonline.com\/klartext\/klartext-20241\/ich-bin-deutscher-und-lehne-jegliche-erbschuld-ab\/<\/a><\/p>\n<p>15) <a href=\"https:\/\/jungefreiheit.de\/politik\/deutschland\/2017\/gabriel-mit-der-afd-ziehen-nazis-in-den-reichstag\/\" target=\"_blank\" rel=\"noopener\">https:\/\/jungefreiheit.de\/politik\/deutschland\/2017\/gabriel-mit-der-afd-ziehen-nazis-in-den-reichstag\/<\/a><\/p>\n<p>16) <a href=\"https:\/\/jungefreiheit.de\/politik\/deutschland\/2017\/maas-nennt-afd-verfassungsfeinde\/\" target=\"_blank\" rel=\"noopener\">https:\/\/jungefreiheit.de\/politik\/deutschland\/2017\/maas-nennt-afd-verfassungsfeinde\/<\/a><\/p>\n<p>17) <a href=\"https:\/\/www.anderweltonline.com\/klartext\/klartext-2017\/gabriel-erstmals-seit-1949-wieder-echte-nazis-im-bundestag-ein-faktencheck\/\" target=\"_blank\" rel=\"noopener\">https:\/\/www.anderweltonline.com\/klartext\/klartext-2017\/gabriel-erstmals-seit-1949-wieder-echte-nazis-im-bundestag-ein-faktencheck\/<\/a><\/p>\n<p>18) Siehe TRADOC 525-3-1 \u201eWin in a Complex World 2020-2040)<\/p>\n<p>19) <a href=\"https:\/\/archive.org\/details\/stratfor-us-hauptziel-war-es-immer-bundnis-deutschland-russland-zu-verhindern\" target=\"_blank\" rel=\"noopener\">https:\/\/archive.org\/details\/stratfor-us-hauptziel-war-es-immer-bundnis-deutschland-russland-zu-verhindern<\/a><\/p>\n<p>20) <a href=\"https:\/\/juedischerundschau.de\/article.2021-11.faktenchecker-weniger-hueter-der-wahrheit-als-vielmehr-verteidiger-des-manipulierten-oeffentlichen-narrativs.html\" target=\"_blank\" rel=\"noopener\">https:\/\/juedischerundschau.de\/article.2021-11.faktenchecker-weniger-hueter-der-wahrheit-als-vielmehr-verteidiger-des-manipulierten-oeffentlichen-narrativs.html<\/a><\/p>\n<p>21) <a href=\"https:\/\/reporterslab.org\/fact-checking\/#\" target=\"_blank\" rel=\"noopener\">https:\/\/reporterslab.org\/fact-checking\/#<\/a><\/p>\n<p>22) <a href=\"http:\/\/faktenfinder.tagesschau.de\/\" target=\"_blank\" rel=\"noopener\">http:\/\/faktenfinder.tagesschau.de<strong>\/<\/strong><\/a><\/p>\n<p>23) <a href=\"https:\/\/www.stern.de\/digital\/webvideo\/fake-or-no-fake\/\" target=\"_blank\" rel=\"noopener\">https:\/\/www.stern.de\/digital\/webvideo\/fake-or-no-fake\/<\/a><\/p>\n<p>24) <a href=\"https:\/\/correctiv.org\/faktencheck\/\" target=\"_blank\" rel=\"noopener\">https:\/\/correctiv.org\/faktencheck\/<\/a><\/p>\n<p>25) <a href=\"https:\/\/correctiv.org\/echtjetzt\/\" target=\"_blank\" rel=\"noopener\">https:\/\/correctiv.org\/echtjetzt\/<\/a><\/p>\n<p>26) Bei Aktionen der Schauspieler von \u201c#alles-dicht-machen\u201d oder \u201c# alles-auf-den-tisch\u201d 2021 beteiligten sich an der Corona-Ma\u00dfnahmen-Kritik zun\u00e4chst einige namhafte K\u00fcnstler \u2013 als die Auftragsb\u00fccher dann pl\u00f6tzlich ins minus rutschten, distanzierte sich dann gut ein Drittel davon wieder.<\/p>\n<p>27) <a href=\"https:\/\/juedischerundschau.de\/article.2021-11.faktenchecker-weniger-hueter-der-wahrheit-als-vielmehr-verteidiger-des-manipulierten-oeffentlichen-narrativs.html\" target=\"_blank\" rel=\"noopener\">https:\/\/juedischerundschau.de\/article.2021-11.faktenchecker-weniger-hueter-der-wahrheit-als-vielmehr-verteidiger-des-manipulierten-oeffentlichen-narrativs.html<\/a><\/p>\n<p>28) In der ARD-Pressestunde behauptete die CORRECTIV-Mitarbeiterin Anette Dowideit, CORRECTIV habe weder einen Vergleich mit der ber\u00fcchtigten Wannseekonferenz der Nationalsozialisten gezogen noch den Begriff Deportation verwendet. Das sei lediglich von den Medien so interpretiert worden; <a href=\"https:\/\/apollo-news.net\/ploetzlicher-rueckzieher-correctiv-behauptet-nichts-von-deportationen-gesagt-zu-haben\/\" target=\"_blank\" rel=\"noopener\">https:\/\/apollo-news.net\/ploetzlicher-rueckzieher-correctiv-behauptet-nichts-von-deportationen-gesagt-zu-haben\/<\/a><\/p>\n<p>29) <a href=\"https:\/\/clubderklarenworte.de\/das-deutschland-theater-von-correctiv\/\" target=\"_blank\" rel=\"noopener\">https:\/\/clubderklarenworte.de\/das-deutschland-theater-von-correctiv\/<\/a><\/p>\n<p>30) <a href=\"https:\/\/de.linkedin.com\/posts\/correctiv_almanyaya-kar%C5%9F%C4%B1-gizli-plan-activity-7153035702035783682-DdWc\" target=\"_blank\" rel=\"noopener\">https:\/\/de.linkedin.com\/posts\/correctiv_almanyaya-kar%C5%9F%C4%B1-gizli-plan-activity-7153035702035783682-DdWc<\/a><\/p>\n<p>31) <a href=\"https:\/\/reitschuster.de\/post\/diese-demonstrationen-gelten-oft-als-nicht-authentisch\" target=\"_blank\" rel=\"noopener\">https:\/\/reitschuster.de\/post\/diese-demonstrationen-gelten-oft-als-nicht-authentisch<\/a><\/p>\n<p>32) Ebda.<\/p>\n<p>33) <a href=\"https:\/\/www.amazon.de\/Wag-Dog-Wenn-Schwanz-wedelt\/dp\/B00004RYG\" target=\"_blank\" rel=\"noopener\">https:\/\/www.amazon.de\/Wag-Dog-Wenn-Schwanz-wedelt\/dp\/B00004RYG<\/a><\/p>\n<p>34) <a href=\"https:\/\/correctiv.org\/ueber-uns\/auszeichnungen\/\" target=\"_blank\" rel=\"noopener\">https:\/\/correctiv.org\/ueber-uns\/auszeichnungen\/<\/a><\/p>\n<p>35) <a href=\"https:\/\/www.spiegel.de\/thema\/der_fall_claas_relotius\/\" target=\"_blank\" rel=\"noopener\">https:\/\/www.spiegel.de\/thema\/der_fall_claas_relotius\/<\/a><\/p>\n<p>36)<a href=\"https:\/\/transition-news.org\/die-demokratie-rettet-man-nicht-durch-demonstrationen\" target=\"_blank\" rel=\"noopener\"> https:\/\/transition-news.org\/die-demokratie-rettet-man-nicht-durch-demonstrationen<\/a><\/p>\n<p>37) Ebda.<\/p>\n<p>38) Ebda.<\/p>\n<p>39) ServusTV \u201eDer Wegscheider\u201c\u00a0 27.1.24<\/p>\n<p>40) Ebda. 1:24<\/p>\n<p>41) <a href=\"https:\/\/www.berliner-zeitung.de\/politik-gesellschaft\/enthuellung-correctiv-traf-sich-haeufiger-mit-bundesregierung-als-bislang-bekannt-li.2185425\" target=\"_blank\" rel=\"noopener\">https:\/\/www.berliner-zeitung.de\/politik-gesellschaft\/enthuellung-correctiv-traf-sich-haeufiger-mit-bundesregierung-als-bislang-bekannt-li.2185425<\/a><\/p>\n<p>42) <a href=\"https:\/\/www.nius.de\/news\/nius-exklusiv-bundeskanzler-scholz-traf-sich-kurz-vor-geheimkonferenz-mit-correctiv\/668fc2a1-c615-47ec-9a02-b64b175fbffc\">https:\/\/www.nius.de\/news\/nius-exklusiv-bundeskanzler-scholz-traf-sich-kurz-vor-geheimkonferenz-mit-correctiv\/668fc2a1-c615-47ec-9a02-b64b175fbffc<\/a><\/p>\n<p>43) Ebda..<\/p>\n<p>44) <a href=\"https:\/\/www.epochtimes.de\/politik\/deutschland\/eidesstattliche-versicherungen-sieben-zeugen-bestreiten-correctiv-darstellung-a4590912.html?utm_source=nl-morning-expired&amp;src_src=nl-morning-expired&amp;utm_campaign=nl-morning_2024-02-13&amp;src_cmp=nl-morning_2024-02-13&amp;utm_medium=email&amp;est=qso2WLpCMbR3EqNBZp17nM1kwxA9Hv%2FTuVNp7jLFhzu40QtvbU8i3Ekg&amp;utm_term=newstop\" target=\"_blank\" rel=\"noopener\">https:\/\/www.epochtimes.de\/politik\/deutschland\/eidesstattliche-versicherungen-sieben-zeugen-bestreiten-correctiv-darstellung-a4590912.html?utm_source=nl-morning-expired&amp;src_src=nl-morning-expired&amp;utm_campaign=nl-morning_2024-02-13&amp;src_cmp=nl-morning_2024-02-13&amp;utm_medium=email&amp;est=qso2WLpCMbR3EqNBZp17nM1kwxA9Hv%2FTuVNp7jLFhzu40QtvbU8i3Ekg&amp;utm_term=newstop<\/a><\/p>\n<hr \/>\n<p><span style=\"font-size: 10pt;\">Bild oben: Justitia-Skulptur auf dem Justizpalast in M\u00fcnchen<\/span><br \/>\n<span style=\"font-size: 10pt;\">Foto: Waugsberg, <a href=\"http:\/\/creativecommons.org\/licenses\/by-sa\/3.0\/\" target=\"_blank\" rel=\"noopener\">CC BY-SA 3.0<\/a><\/span><br \/>\n<span style=\"font-size: 10pt;\">Quelle: <a href=\"https:\/\/apolut.net\/frontalangriff-der-demokraten-auf-andersdenkende-teil-2-gesetze-von-wolfgang-effenberger\/\" target=\"_blank\" rel=\"noopener\">https:\/\/commons.wikimedia.org\/w\/index.php?curid=940840<\/a><\/span><\/p>\n","protected":false},"excerpt":{"rendered":"<p><b>Teil 2 &#8211; Steilvorlage f\u00fcr sch\u00e4rfere Gesetze<\/b><br \/>\n<b>von Wolfgang Effenberger<\/b><br \/>\nDie reflexartige Emp\u00f6rung des \u00f6ffentlichen Raums nach dem CORRECTIV-Bericht bis in die letzten Winkel der \u201eDemokratie\u201c in Deutschland lie\u00df besorgte B\u00fcrger bundesweit zu Demonstrationen gegen \u201erechts\u201c eilen. Tausende gingen mit selbstgebastelten Transparenten auf die Stra\u00dfe. Von der Antifa wurde auf Transparenten sogar zum Mord aufgerufen. So konnte man in Aachen etwa auf einem Banner lesen: \u201eAfDler t\u00f6ten. Nazis abschieben\u201c \u2013 ein \u00f6ffentlicher Aufruf zu einem Kapitalverbrechen! Dieses Transparent wurde bei einer Demonstration der\u00a0 Antifa in Aachen vorangetragen. Etwa 10.000 Personen (aus dem b\u00fcrgerlichen Lager) hatten sich nach Angaben der Polizei den 150 Antifa-Demonstranten angeschlossen \u2013 trotz des skandierten Aufrufes zur Ermordung von Mitb\u00fcrgern. Wie ist eine derartige Straftat zu erkl\u00e4ren? <\/p>\n","protected":false},"author":3,"featured_media":18260,"comment_status":"closed","ping_status":"closed","sticky":false,"template":"","format":"standard","meta":{"colormag_page_container_layout":"default_layout","colormag_page_sidebar_layout":"default_layout","advanced_seo_description":"","jetpack_seo_html_title":"","jetpack_seo_noindex":false,"jetpack_post_was_ever_published":false,"footnotes":""},"categories":[12],"tags":[648,1031,512,2077,162,411,605,1558,451,759,277,1466,1227,1397],"class_list":["post-18257","post","type-post","status-publish","format-standard","has-post-thumbnail","hentry","category-demokratie-medien-aufklaerung","tag-2-weltkrieg","tag-afd","tag-antisemitismus","tag-correctiv","tag-demokratie","tag-demonstration","tag-desinformation","tag-faktencheck","tag-faschismus","tag-geheimdienste","tag-holocaust","tag-kampagne","tag-rechtsextremismus","tag-verfassungsschutz"],"jetpack_featured_media_url":"https:\/\/i0.wp.com\/www.freidenker.org\/fw17\/wp-content\/uploads\/2024\/02\/Justitia_Justizpalast_Muenchen_800x450.jpg?fit=800%2C450&ssl=1","jetpack_shortlink":"https:\/\/wp.me\/p9stpK-4Kt","jetpack-related-posts":[{"id":18225,"url":"https:\/\/www.freidenker.org\/?p=18225","url_meta":{"origin":18257,"position":0},"title":"Frontalangriff der &#8222;Demokraten&#8220; auf Andersdenkende &#8211; Teil 1","author":"Webredaktion","date":"15. Februar 2024","format":false,"excerpt":"Teil 1 CORRECTIV-Artikel l\u00f6st Propaganda-Lawine aus Beitrag von Wolfgang Effenberger Am 30. November 2023 verteidigte Bundesinnenministerin Nancy Faeser (SPD) im Parlament das von der Bundesregierung ausgearbeitete \u201eR\u00fcckf\u00fchrungsverbesserungsgesetzes\u201c als das umfangreichste Gesetz zur Verbesserung der rechtlichen Rahmenbedingungen von R\u00fcckf\u00fchrungen, das eine Bundesregierung jemals vorgelegt habe. Nach dem Gesetzentwurf \u201ezur Verbesserung der\u2026","rel":"","context":"In &quot;Demokratie \u2013 Medien \u2013 Aufkl\u00e4rung&quot;","block_context":{"text":"Demokratie \u2013 Medien \u2013 Aufkl\u00e4rung","link":"https:\/\/www.freidenker.org\/?cat=12"},"img":{"alt_text":"","src":"https:\/\/i0.wp.com\/www.freidenker.org\/fw17\/wp-content\/uploads\/2024\/02\/Immigranten_beim_Grenzuebergang_Wegscheid_23103137062_800x450.jpg?fit=800%2C450&ssl=1&resize=350%2C200","width":350,"height":200,"srcset":"https:\/\/i0.wp.com\/www.freidenker.org\/fw17\/wp-content\/uploads\/2024\/02\/Immigranten_beim_Grenzuebergang_Wegscheid_23103137062_800x450.jpg?fit=800%2C450&ssl=1&resize=350%2C200 1x, https:\/\/i0.wp.com\/www.freidenker.org\/fw17\/wp-content\/uploads\/2024\/02\/Immigranten_beim_Grenzuebergang_Wegscheid_23103137062_800x450.jpg?fit=800%2C450&ssl=1&resize=525%2C300 1.5x, https:\/\/i0.wp.com\/www.freidenker.org\/fw17\/wp-content\/uploads\/2024\/02\/Immigranten_beim_Grenzuebergang_Wegscheid_23103137062_800x450.jpg?fit=800%2C450&ssl=1&resize=700%2C400 2x"},"classes":[]},{"id":19181,"url":"https:\/\/www.freidenker.org\/?p=19181","url_meta":{"origin":18257,"position":1},"title":"Immanuel Kants 300. Geburtstag &#8211; Teil 2","author":"Webredaktion","date":"25. Mai 2024","format":false,"excerpt":"Teil 2: Reiseimpressionen aus Kaliningrad (ehemals K\u00f6nigsberg) Ein Kommentar von Wolfgang Effenberger Am 22. April 2024, dem 300sten Geburtstag von Immanuel Kant, sollte neben anderen Veranstaltungen die 1. Internationale Konferenz \u201cZum ewigen Frieden\u201d in K\u00f6nigsberg \/ Kaliningrad stattfinden. Wolfgang Effenberger war eingeladen, einen Kurzvortrag zur aktuellen Lage und zu Kants\u2026","rel":"","context":"In &quot;Kultur &amp; Kunst&quot;","block_context":{"text":"Kultur &amp; Kunst","link":"https:\/\/www.freidenker.org\/?cat=913"},"img":{"alt_text":"","src":"https:\/\/i0.wp.com\/www.freidenker.org\/fw17\/wp-content\/uploads\/2024\/05\/effenberger_kant2_02_800x450.jpg?fit=800%2C448&ssl=1&resize=350%2C200","width":350,"height":200,"srcset":"https:\/\/i0.wp.com\/www.freidenker.org\/fw17\/wp-content\/uploads\/2024\/05\/effenberger_kant2_02_800x450.jpg?fit=800%2C448&ssl=1&resize=350%2C200 1x, https:\/\/i0.wp.com\/www.freidenker.org\/fw17\/wp-content\/uploads\/2024\/05\/effenberger_kant2_02_800x450.jpg?fit=800%2C448&ssl=1&resize=525%2C300 1.5x, https:\/\/i0.wp.com\/www.freidenker.org\/fw17\/wp-content\/uploads\/2024\/05\/effenberger_kant2_02_800x450.jpg?fit=800%2C448&ssl=1&resize=700%2C400 2x"},"classes":[]},{"id":20548,"url":"https:\/\/www.freidenker.org\/?p=20548","url_meta":{"origin":18257,"position":2},"title":"Im Gespr\u00e4ch: Wolfgang Bittner (&#8222;Niemand soll hungern, ohne zu frieren&#8220;)","author":"Webredaktion","date":"20. Dezember 2024","format":false,"excerpt":"Video-Interview von Dirk Pohlmann mit Wolfgang Bittner Wolfgang Bittner ist Schriftsteller, promovierter Jurist, bildender K\u00fcnstler und hat neben Jura auch Philosophie und Soziologie studiert. Er hat die Welt bereist und etwa 80 B\u00fccher verfasst. Bittner war Rundfunkrat des WDR und Professor in Deutschland und Polen. Er ist ein Mann der\u2026","rel":"","context":"In &quot;Demokratie \u2013 Medien \u2013 Aufkl\u00e4rung&quot;","block_context":{"text":"Demokratie \u2013 Medien \u2013 Aufkl\u00e4rung","link":"https:\/\/www.freidenker.org\/?cat=12"},"img":{"alt_text":"","src":"https:\/\/i0.wp.com\/www.freidenker.org\/fw17\/wp-content\/uploads\/2024\/12\/bittner_pohlmann_800x450.jpg?fit=800%2C450&ssl=1&resize=350%2C200","width":350,"height":200,"srcset":"https:\/\/i0.wp.com\/www.freidenker.org\/fw17\/wp-content\/uploads\/2024\/12\/bittner_pohlmann_800x450.jpg?fit=800%2C450&ssl=1&resize=350%2C200 1x, https:\/\/i0.wp.com\/www.freidenker.org\/fw17\/wp-content\/uploads\/2024\/12\/bittner_pohlmann_800x450.jpg?fit=800%2C450&ssl=1&resize=525%2C300 1.5x, https:\/\/i0.wp.com\/www.freidenker.org\/fw17\/wp-content\/uploads\/2024\/12\/bittner_pohlmann_800x450.jpg?fit=800%2C450&ssl=1&resize=700%2C400 2x"},"classes":[]},{"id":23116,"url":"https:\/\/www.freidenker.org\/?p=23116","url_meta":{"origin":18257,"position":3},"title":"China mit anderen Augen (1)","author":"Webredaktion","date":"14. Oktober 2025","format":false,"excerpt":"Teil 1: Erstaunen und Demut angesichts der \u00fcberw\u00e4ltigenden Vergangenheit Reisebericht von Wolfgang Effenberger Als der englisch-amerikanische Botaniker Ernest Henry Wilson 1913 nach seinen Expeditionen durch das revolution\u00e4re China bilanzierte, das Land werde wie der Ph\u00f6nix neu erstehen und eines Tages gemeinsam mit dem Westen das Schicksal der Welt bestimmen, konnte\u2026","rel":"","context":"In &quot;Arbeit &amp; Soziales&quot;","block_context":{"text":"Arbeit &amp; Soziales","link":"https:\/\/www.freidenker.org\/?cat=11"},"img":{"alt_text":"","src":"https:\/\/i0.wp.com\/www.freidenker.org\/fw17\/wp-content\/uploads\/2025\/10\/effenberger_china1_09_800x450.jpg?fit=800%2C450&ssl=1&resize=350%2C200","width":350,"height":200,"srcset":"https:\/\/i0.wp.com\/www.freidenker.org\/fw17\/wp-content\/uploads\/2025\/10\/effenberger_china1_09_800x450.jpg?fit=800%2C450&ssl=1&resize=350%2C200 1x, https:\/\/i0.wp.com\/www.freidenker.org\/fw17\/wp-content\/uploads\/2025\/10\/effenberger_china1_09_800x450.jpg?fit=800%2C450&ssl=1&resize=525%2C300 1.5x, https:\/\/i0.wp.com\/www.freidenker.org\/fw17\/wp-content\/uploads\/2025\/10\/effenberger_china1_09_800x450.jpg?fit=800%2C450&ssl=1&resize=700%2C400 2x"},"classes":[]},{"id":18456,"url":"https:\/\/www.freidenker.org\/?p=18456","url_meta":{"origin":18257,"position":4},"title":"Fiktion versus Realit\u00e4t: &#8222;Zwei Minuten Hass&#8220; hei\u00dft heute &#8222;Demokratie-Schulung&#8220;","author":"Webredaktion","date":"3. M\u00e4rz 2024","format":false,"excerpt":"Beitrag von Bernhard Loyen Hass ist ein sehr dunkles Wort. Hass soll im psychologischen Zusammenhang eine \"tiefe seelische Verletzung\" bedeuten. Die Wut dagegen sei eher ein allgemeines Gef\u00fchl, eine Stimmung.\u00a0Hass \"ist auf ein ganz bestimmtes Objekt gerichtet, in der Regel auf eine Person\", so die Definition. Die vernehmbare Stimmung im\u2026","rel":"","context":"In &quot;Demokratie \u2013 Medien \u2013 Aufkl\u00e4rung&quot;","block_context":{"text":"Demokratie \u2013 Medien \u2013 Aufkl\u00e4rung","link":"https:\/\/www.freidenker.org\/?cat=12"},"img":{"alt_text":"","src":"https:\/\/i0.wp.com\/www.freidenker.org\/fw17\/wp-content\/uploads\/2024\/03\/Punch_AfD_in_the_mouth_800x450-.jpg?fit=800%2C450&ssl=1&resize=350%2C200","width":350,"height":200,"srcset":"https:\/\/i0.wp.com\/www.freidenker.org\/fw17\/wp-content\/uploads\/2024\/03\/Punch_AfD_in_the_mouth_800x450-.jpg?fit=800%2C450&ssl=1&resize=350%2C200 1x, https:\/\/i0.wp.com\/www.freidenker.org\/fw17\/wp-content\/uploads\/2024\/03\/Punch_AfD_in_the_mouth_800x450-.jpg?fit=800%2C450&ssl=1&resize=525%2C300 1.5x, https:\/\/i0.wp.com\/www.freidenker.org\/fw17\/wp-content\/uploads\/2024\/03\/Punch_AfD_in_the_mouth_800x450-.jpg?fit=800%2C450&ssl=1&resize=700%2C400 2x"},"classes":[]},{"id":18077,"url":"https:\/\/www.freidenker.org\/?p=18077","url_meta":{"origin":18257,"position":5},"title":"Arbeitet Correctiv in staatlichem Auftrag? Falls ja, f\u00fcr welchen Staat?","author":"Webredaktion","date":"2. Februar 2024","format":false,"excerpt":"Beitrag von Dagmar Henn Es ist eine interessante Frage, die im Zusammenhang mit dem \"Geheimtreffen\" aufgetaucht ist: Wie ist eigentlich das Verh\u00e4ltnis zwischen staatlichen Stellen und diesen Zusatzgeheimdiensten beschaffen? Es ist ein konkretes Detail bei der vermeintlichen \"Enth\u00fcllung\", das diesen Punkt sichtbar gemacht und in die Debatte gebracht hat. Insbesondere\u2026","rel":"","context":"In &quot;Demokratie \u2013 Medien \u2013 Aufkl\u00e4rung&quot;","block_context":{"text":"Demokratie \u2013 Medien \u2013 Aufkl\u00e4rung","link":"https:\/\/www.freidenker.org\/?cat=12"},"img":{"alt_text":"","src":"https:\/\/i0.wp.com\/www.freidenker.org\/fw17\/wp-content\/uploads\/2024\/02\/Correctiv_Villa_Adlon.jpg?fit=801%2C450&ssl=1&resize=350%2C200","width":350,"height":200,"srcset":"https:\/\/i0.wp.com\/www.freidenker.org\/fw17\/wp-content\/uploads\/2024\/02\/Correctiv_Villa_Adlon.jpg?fit=801%2C450&ssl=1&resize=350%2C200 1x, https:\/\/i0.wp.com\/www.freidenker.org\/fw17\/wp-content\/uploads\/2024\/02\/Correctiv_Villa_Adlon.jpg?fit=801%2C450&ssl=1&resize=525%2C300 1.5x, https:\/\/i0.wp.com\/www.freidenker.org\/fw17\/wp-content\/uploads\/2024\/02\/Correctiv_Villa_Adlon.jpg?fit=801%2C450&ssl=1&resize=700%2C400 2x"},"classes":[]}],"_links":{"self":[{"href":"https:\/\/www.freidenker.org\/index.php?rest_route=\/wp\/v2\/posts\/18257","targetHints":{"allow":["GET"]}}],"collection":[{"href":"https:\/\/www.freidenker.org\/index.php?rest_route=\/wp\/v2\/posts"}],"about":[{"href":"https:\/\/www.freidenker.org\/index.php?rest_route=\/wp\/v2\/types\/post"}],"author":[{"embeddable":true,"href":"https:\/\/www.freidenker.org\/index.php?rest_route=\/wp\/v2\/users\/3"}],"replies":[{"embeddable":true,"href":"https:\/\/www.freidenker.org\/index.php?rest_route=%2Fwp%2Fv2%2Fcomments&post=18257"}],"version-history":[{"count":0,"href":"https:\/\/www.freidenker.org\/index.php?rest_route=\/wp\/v2\/posts\/18257\/revisions"}],"wp:featuredmedia":[{"embeddable":true,"href":"https:\/\/www.freidenker.org\/index.php?rest_route=\/wp\/v2\/media\/18260"}],"wp:attachment":[{"href":"https:\/\/www.freidenker.org\/index.php?rest_route=%2Fwp%2Fv2%2Fmedia&parent=18257"}],"wp:term":[{"taxonomy":"category","embeddable":true,"href":"https:\/\/www.freidenker.org\/index.php?rest_route=%2Fwp%2Fv2%2Fcategories&post=18257"},{"taxonomy":"post_tag","embeddable":true,"href":"https:\/\/www.freidenker.org\/index.php?rest_route=%2Fwp%2Fv2%2Ftags&post=18257"}],"curies":[{"name":"wp","href":"https:\/\/api.w.org\/{rel}","templated":true}]}}