{"id":18239,"date":"2024-02-16T21:35:42","date_gmt":"2024-02-16T20:35:42","guid":{"rendered":"https:\/\/www.freidenker.org\/?p=18239"},"modified":"2024-03-06T00:14:14","modified_gmt":"2024-03-05T23:14:14","slug":"hass-im-netz-oder-eher-hass-auf-ein-grundrecht","status":"publish","type":"post","link":"https:\/\/www.freidenker.org\/?p=18239","title":{"rendered":"&#8222;Hass im Netz&#8220; oder eher Hass auf ein Grundrecht?"},"content":{"rendered":"<p><strong>Ganz schrecklich sei er, der &#8222;Hass im Netz&#8220;. Und leider sei er nur selten strafbar. Das ist die neueste Arie aus dem Hause Faeser, und selbstverst\u00e4ndlich sind die Gesetze zur Abhilfe schon in Arbeit. Dank einer Studie, die daf\u00fcr die Rechtfertigung liefert. <\/strong><\/p>\n<p><em>Von <strong>Dagmar Henn<\/strong><\/em><\/p>\n<p><span style=\"font-size: 10pt;\">Erstver\u00f6ffentlichung am 14.02.2024 auf <a href=\"https:\/\/freedert.online\/meinung\/196191-hass-im-netz-oder-eher\/\" target=\"_blank\" rel=\"noopener\">RT DE<\/a><\/span><\/p>\n<p>Es gibt Studien, die muss man nicht lesen. Jedenfalls nicht, um Erkenntnisse zu gewinnen. So ist es auch mit der <a href=\"https:\/\/kompetenznetzwerk-hass-im-netz.de\/wp-content\/uploads\/2024\/02\/Studie_Lauter-Hass-leiser-Rueckzug.pdf\">Umfrage<\/a> &#8222;Hass im Netz&#8220; vom &#8222;Kompetenznetzwerk gegen Hass im Netz&#8220;, die derzeit durch die Medien gejagt wird. Das Ganze hat schlicht viel von &#8222;Er merkte die Absicht und war verstimmt&#8220;.<\/p>\n<p>Es muss nicht \u00fcberraschen, dass diese Umfrage zeitlich eng verkn\u00fcpft mit der ganzen &#8222;Rechtsextremismus&#8220;-Kampagne erscheint. Schlie\u00dflich ist dieses &#8222;Kompetenznetzwerk gegen Hass im Netz&#8220; ein weiteres F\u00f6rderprodukt aus dem Bundesfamilienministerium und der Staatskanzlei Nordrhein-Westfalen.<\/p>\n<p>So, wie sich vor drei\u00dfig Jahren Absolventen von Sozialp\u00e4dagogik-Studieng\u00e4ngen auf s\u00e4mtliche sozialen Lebens\u00e4u\u00dferungen mit dem Ziel st\u00fcrzten, daraus ein Projekt zu machen, das ihnen dann am Ende eine \u00f6ffentlich finanzierte Stelle verschafft, waren es in den letzten Jahren Medienwissenschaftler, die sich auf diese Weise ihren Lebensunterhalt sicherten. Was man ihnen g\u00f6nnen k\u00f6nnte, wenn das Produkt dieser Existenzsicherung nicht ausgerechnet ein Frontalangriff auf jede Form der Meinungsfreiheit w\u00e4re.<\/p>\n<p>Diese Umfrage jedenfalls erschien, welch Zufall, genau passend, um einen n\u00e4chsten Ansatzpunkt f\u00fcr weitere Gesetzesversch\u00e4rfungen zu liefern. Das allein m\u00fcsste eigentlich schon deutliche Zweifel ausl\u00f6sen. Wenn ein einzelnes Papier als Grundlage staatlichen Handelns dient, dann ist besagtes Papier zum Zwecke dieses Handelns erstellt worden. Man muss nur einmal nachsehen, wie viele Studien es \u00fcber die Folgen von Armut bei Kindern, von Armut auf die Gesundheit, von Armut auf die Lebenserwartung gibt; keine davon l\u00f6ste auch nur ansatzweise diese Art von Handlungsdruck aus, der jetzt die Folge dieses Papiers sein soll.<\/p>\n<p>Das ist genauso wie mit den Gro\u00dfdemonstrationen &#8222;gegen Rechts&#8220;, die schon allein wegen der Vorlaufzeiten zum Anmieten der entsprechenden B\u00fchnenanlagen nicht so spontan gewesen sein k\u00f6nnen, wie behauptet wird. Schon gar nicht, wenn zeitgleich mehrere derartige Veranstaltungen stattfinden; die Zahl der Anbieter von B\u00fchnen und Lautsprecheranlagen, mit denen man hunderttausend Menschen beschallen kann, ist begrenzt, und selbst der An- und Abtransport derartiger Anlagen ben\u00f6tigt Sondergenehmigungen. Von den Kosten wollen wir dabei gar nicht erst reden.<\/p>\n<p>Im Grunde ist schon die Fragestellung der Studie selbst absurd. Denn sie tut so, als w\u00e4re das Internet beziehungsweise die Kommunikation im Internet etwas von der Gesellschaft v\u00f6llig Abgekoppeltes. Das muss man nat\u00fcrlich tun, wenn man beispielsweise &#8222;Klimaaktivist*innen&#8220; zu Opfern von &#8222;Hass im Netz&#8220; erkl\u00e4ren will, ohne die Tatsache auch nur zu erw\u00e4hnen, dass die permanenten Stra\u00dfenblockaden in mehreren Gro\u00dfst\u00e4dten nun einmal keine Begeisterung ausl\u00f6sen, sondern vielmehr eine Menge Menschen gr\u00fcndlich ver\u00e4rgert haben. Ebenso, wie man die negativen Reaktionen auf Journalisten, die die Studie ebenfalls beklagt, nicht davon trennen kann, dass viele davon selbst in ihrer beruflichen T\u00e4tigkeit damit befasst sind, ganze Bev\u00f6lkerungsteile herabzusetzen und anzugreifen; die Beispiele w\u00e4hrend Corona waren \u00fcberaus \u00fcberzeugend. Wenn man den ganzen Aspekt des &#8222;Wie man in den Wald hineinruft, schallt es heraus&#8220; ausblendet, dann sinkt der Erkenntniswert dieser Aussagen gewaltig.<\/p>\n<p>Auch in jeder anderen Hinsicht werden Zusammenh\u00e4nge nicht einmal gesucht. Dass virtuelle Kommunikation auch deshalb eher entgleist als analoge, weil eben von allen denkbaren Ebenen menschlicher Kommunikation nur noch eine geblieben ist, und damit all die Signale entfallen, die es im Alltag erm\u00f6glichen, zu erkennen, wann sich jemand angegriffen f\u00fchlt, wann jemand erschrickt oder sich freut. Es gibt weder Mimik noch Gestik noch Intonation. Dazu kommt dann noch, dass die Kultur des schriftlichen Austausches weitgehend geschwunden ist und die Frage, wie weit und wie genau man seine Ansichten und Gef\u00fchle durch Sprache ausdr\u00fccken kann, sehr stark von sprachlicher Bildung abh\u00e4ngt.<\/p>\n<p>Wenn also die Umfrage ergibt, dass Frauen \u00f6fter &#8222;Hass erleben&#8220; als M\u00e4nner, und Internet-Nutzer mit h\u00f6herer Bildung \u00f6fter als jene mit einfacher Bildung, dann verbirgt sich dahinter nicht notwendigerweise die Tatsache, dass Frauen und Gebildeten mehr &#8222;Hass&#8220; entgegengebracht wird, sondern schlicht, dass die soziale Bewertung sprachlicher Kommunikation immer auch eine Klassenfrage, eine des Wortschatzes, eine des im eigenen Umfeld \u00fcblichen Umgangs ist. Wenn ein Bayer &#8222;Oida&#8220; sagt, Alter, dann ist das keine Altersdiskriminierung, sondern ein Ausdruck f\u00fcr fast alles. Aber diese Studie stellt sich gerade nicht die Frage, inwiefern und warum sich Kommunikation im Netz vom unmittelbaren Austausch unterscheidet, sondern tut so, als w\u00e4re das eine mit dem anderen identisch, und dieselbe Aussage m\u00fcsse dieselbe Bedeutung haben.<\/p>\n<p>Nun, wenn man jemanden im unmittelbaren Kontakt beleidigt, geht man das Risiko einer ebenso unmittelbaren Reaktion ein. Dieses Risiko existiert virtuell eben nicht. Das ist eine Gegebenheit, an der kein Gesetz etwas \u00e4ndern k\u00f6nnte.<\/p>\n<p>Im Gegenteil. Wenn man davon ausgeht, dass eine rein schriftliche Kommunikation jenen Teilen der Gesellschaft einen Vorteil verschafft, die Zugang zu einer besseren sprachlichen Bildung hatten, und gleichzeitig eben diese Teile der Gesellschaft besonders dazu neigen, in Konflikten zu juristischen Mitteln zu greifen, dann ist eine weitere Verrechtlichung des Kommunikationsraums Internet eine Verst\u00e4rkung einer ohnehin schon ausgepr\u00e4gten sozialen Hierarchie, was, wenn man sich irgendwann mal mit Demokratietheorie befasst hat, die Gesellschaft noch undemokratischer macht, als sie ohnehin ist.<\/p>\n<p>Wie die Verfasser dieser Studie gepolt sind, zeigen sie im Vorwort deutlich genug:<\/p>\n<blockquote><p><em>&#8222;Im Verlauf der Corona-Pandemie nahm der Hass gegen\u00fcber Politiker*innen, Wissenschaftler*innen, Medienschaffenden und \u00c4rzt*innen stark zu. Im Kampf f\u00fcr Klimaschutz sind junge Aktivist*innen, besonders Frauen, auf der Stra\u00dfe und im Netz Gewalt(-fantasien) ausgesetzt. Mit dem Beginn des russischen Angriffskriegs auf die Ukraine im Februar 2022 nehmen gezielte Falsch- und Desinformation ein neues Ausma\u00df an. Im Juni 2023 starten Rechtsextreme mit dem Hashtag #stolzmonat eine Kampagne gegen den &#8222;Pride-Monat&#8220; \u2013 ein neuer H\u00f6hepunkt der Queer- und Transfeindlichkeit im Netz, durchsetzt mit nationalistischem Gedankengut. Meldestellen f\u00fcr Betroffene von antisemitischen \u00dcbergriffen kommen seit dem terroristischen Angriff der Hamas auf Israel im Oktober 2023 an ihre Kapazit\u00e4tsgrenzen. Gleichzeitig h\u00e4ufen sich F\u00e4lle von anti-muslimischem Rassismus und Hetze gegen Gefl\u00fcchtete macht Schlagzeilen.&#8220;<\/em><\/p><\/blockquote>\n<p>Das ist schon fast ein komplettes Programm, das sich als Schattenriss findet. Sie sind also, was selbstverst\u00e4ndlich nicht \u00fcberrascht, f\u00fcr die Corona-Ma\u00dfnahmen, f\u00fcr Klimakleber, f\u00fcr die NATO, f\u00fcr LGBTQXYZ (was man schlicht die Buchstabensuppe nennen k\u00f6nnte, w\u00e4re dieser Begriff nicht schon von den US-Geheimdiensten belegt) und f\u00fcr Israel. Und da ist nat\u00fcrlich die Wirklichkeit, in der l\u00e4ngst alle Aussagen, die diesem Programm widersprechen, allermindestens Hass sind, wenn nicht gleich einer der Kosenamen wie Klimaleugner, Putintroll, Querdenker oder Antisemit zuschl\u00e4gt, die allesamt selbstverst\u00e4ndlich keine &#8222;Hassrede&#8220; sind.<\/p>\n<p>Was den n\u00e4chsten Punkt andeutet, an dem diese Studie schlicht die Wirklichkeit ausblendet. Wenn die ver\u00f6ffentlichte Meinung so einheitlich wie vorhersagbar ist und sich gro\u00dfe Teile der Bev\u00f6lkerung gar nicht mehr wiederfinden k\u00f6nnen, steigt nat\u00fcrlich auch der Druck auf alternative Kommunikationsm\u00f6glichkeiten. Wieder ein soziales Ph\u00e4nomen, kein virtuelles. Je mehr eine wirkliche Debatte in der wirklichen Welt verweigert oder verhindert wird, desto st\u00e4rker wird sie sich verlagern. Denn jede Debatte, selbst die verzerrteste, ist im Kern der Ausdruck eines wirklichen Konflikts. Ich denke da nur an Pegida, deren eigentlicher Motor die Annexion und die t\u00e4gliche Abwertung durch den Westen war.<\/p>\n<p>Das ist jetzt nur ein Teil der Fragen, die man aufwerfen und behandeln m\u00fcsste, ginge es um wirkliche Erkenntnis \u00fcber ein wirkliches Problem. Das ist aber gar nicht das Ziel. Das wird beispielsweise bei dieser Frage sichtbar: &#8222;Hass im Netz muss ausgehalten werden, wenn er nicht gegen Gesetze verst\u00f6\u00dft.&#8220; Abgefragt wird, ob dem eher zugestimmt wird oder ob man diese Aussage ablehnt. Und die weit \u00fcberwiegende Mehrheit antwortet mit &#8222;stimme \u00fcberhaupt nicht\/eher nicht zu&#8220;, insgesamt 66 Prozent, bei den Gr\u00fcnen-W\u00e4hlern 77 Prozent.<\/p>\n<p>Das klitzekleine Problem: Diese Frage zielt darauf ab, eine verfassungswidrige Antwort zu enthalten. Zur Erinnerung Artikel 5 Grundgesetz:<\/p>\n<blockquote><p><em>(1) Jeder hat das Recht, seine Meinung in Wort, Schrift und Bild frei zu \u00e4u\u00dfern und zu verbreiten und sich aus allgemein zug\u00e4nglichen Quellen ungehindert zu unterrichten. Die Pressefreiheit und die Freiheit der Berichterstattung durch Rundfunk und Film werden gew\u00e4hrleistet. Eine Zensur findet nicht statt.<\/em><\/p>\n<p><em>(2) Diese Rechte finden ihre Schranken in den Vorschriften der allgemeinen Gesetze, den gesetzlichen Bestimmungen zum Schutze der Jugend und in dem Recht der pers\u00f6nlichen Ehre.<\/em><\/p>\n<p><em>(3) Kunst und Wissenschaft, Forschung und Lehre sind frei. Die Freiheit der Lehre entbindet nicht von der Treue zur Verfassung.<\/em><\/p><\/blockquote>\n<p>Eine von Bundes- und Landesregierung finanzierte Organisation m\u00fcht sich unter einem pseudoakademischen Anstrich, eine politische Rechtfertigung f\u00fcr eine weitere Einschr\u00e4nkung der Meinungsfreiheit zu liefern. Wie w\u00e4ren die Antworten ausgefallen, h\u00e4tte man den Artikel 5 Grundgesetz dieser Frage vorangestellt?<\/p>\n<p>Die Deutung, die auf Grundlage dieser manipulativen Befragung erfolgt, ist dann \u00e4u\u00dferst zweckdienlich. Schlie\u00dflich muss man die eigenen Stellen sichern. Und den zahlenden Auftraggebern die Vorlage liefern, die diese haben wollen. Der &#8222;Hass im Netz&#8220; sei kein &#8222;schleichender Angriff auf unsere Demokratie&#8220; mehr.<\/p>\n<blockquote><p><em>&#8222;Vielmehr muss man von einem offenen und unverhohlenen Versuch sprechen, die Grundwerte und Prinzipien unserer Demokratie durch Hass im Netz systematisch zu untergraben.&#8220;<\/em><\/p><\/blockquote>\n<p>Also, eine Kommunikation, die man nur auf einer Seite, und nicht der eigenen, mit dem Etikett &#8222;Hass&#8220; versieht, die nach den Regeln des Grundgesetzes v\u00f6llig legal ist, mehr noch, die Aus\u00fcbung eines zentralen Grundrechts, und eben aus diesem Grund tats\u00e4chlich ausgehalten werden muss, soll unterhalb der ohnehin schon weit abgesenkten Schwelle des rechtlichen Eingreifens (man denke nur an Kaya Yanars Video zu Gaza, das &#8222;Volksverhetzung&#8220; sein soll) immer noch verfolgt und unterbunden werden k\u00f6nnen.<\/p>\n<p>Die Autoren schreiben wenig subtil davon, der &#8222;Gesetzgeber muss aktiv werden&#8220;, und es brauche &#8222;eine starke Zivilgesellschaft und eine durchsetzungsf\u00e4hige Politik gegen Hass im Netz&#8220; (selbstverst\u00e4ndlich wird das Bem\u00fchen um weitere Stellen dabei nicht vergessen, in Gestalt eines kontinuierlichen &#8222;Monitoring von Hassdynamiken im Netz&#8220;).<\/p>\n<p>Wenn man sich &#8222;durchsetzungsf\u00e4hig&#8220; und Bundesinnenministerin Nancy Faeser zusammendenkt, bekommt man Alptr\u00e4ume. Und nat\u00fcrlich passen Studie und juristische Vorhaben aus dem Hause Faeser zusammen wie Hand und Handschuh. Was letztlich mitnichten ein Beleg f\u00fcr &#8222;Hass im Netz&#8220; ist, sondern nur f\u00fcr besonders effiziente akademische Prostitution und einen unstillbaren Eifer, den Artikel 5 Grundgesetz endg\u00fcltig auszul\u00f6schen.<\/p>\n<p style=\"text-align: right;\"><em>Dagmar Henn ist Mitglied des Deutschen Freidenker-Verbandes<\/em><\/p>\n<hr \/>\n<p><span style=\"font-size: 10pt;\">Bild oben: Aktion von campact, 02.06.2018<\/span><br \/>\n<span style=\"font-size: 10pt;\">Foto: Philip Eichler\/Campact, <a href=\"https:\/\/creativecommons.org\/licenses\/by-nc\/2.0\/\" target=\"_blank\" rel=\"noopener\">CC BY-NC 2.0 Deed<\/a><\/span><br \/>\n<span style=\"font-size: 10pt;\">Quelle: <a href=\"https:\/\/www.flickr.com\/photos\/campact\/40704309400\" target=\"_blank\" rel=\"noopener\">https:\/\/www.flickr.com\/photos\/campact\/40704309400<\/a><\/span><\/p>\n","protected":false},"excerpt":{"rendered":"<p><b>Beitrag von Dagmar Henn<\/b><br \/>\nEs gibt Studien, die muss man nicht lesen. Jedenfalls nicht, um Erkenntnisse zu gewinnen. So ist es auch mit der Umfrage &#8222;Hass im Netz&#8220; vom &#8222;Kompetenznetzwerk gegen Hass im Netz&#8220;, die derzeit durch die Medien gejagt wird. [&#8230;] Es muss nicht \u00fcberraschen, dass diese Umfrage zeitlich eng verkn\u00fcpft mit der ganzen &#8222;Rechtsextremismus&#8220;-Kampagne erscheint. Schlie\u00dflich ist dieses &#8222;Kompetenznetzwerk gegen Hass im Netz&#8220; ein weiteres F\u00f6rderprodukt aus dem Bundesfamilienministerium und der Staatskanzlei Nordrhein-Westfalen. So, wie sich vor drei\u00dfig Jahren Absolventen von Sozialp\u00e4dagogik-Studieng\u00e4ngen auf s\u00e4mtliche sozialen Lebens\u00e4u\u00dferungen mit dem Ziel st\u00fcrzten, daraus ein Projekt zu machen, das ihnen dann am Ende eine \u00f6ffentlich finanzierte Stelle verschafft, waren es in den letzten Jahren Medienwissenschaftler, die sich auf diese Weise ihren Lebensunterhalt sicherten. <\/p>\n","protected":false},"author":3,"featured_media":18254,"comment_status":"closed","ping_status":"closed","sticky":false,"template":"","format":"standard","meta":{"colormag_page_container_layout":"default_layout","colormag_page_sidebar_layout":"default_layout","advanced_seo_description":"","jetpack_seo_html_title":"","jetpack_seo_noindex":false,"jetpack_post_was_ever_published":false,"footnotes":""},"categories":[12],"tags":[1256,605,883,154,1643,2129,2026,395,2130],"class_list":["post-18239","post","type-post","status-publish","format-standard","has-post-thumbnail","hentry","category-demokratie-medien-aufklaerung","tag-corona-virus","tag-desinformation","tag-gesellschaft","tag-grundrechte","tag-hass","tag-internet","tag-klimabewegung","tag-meinungsfreiheit","tag-umfrage"],"jetpack_featured_media_url":"https:\/\/i0.wp.com\/www.freidenker.org\/fw17\/wp-content\/uploads\/2024\/02\/hass_im_netz_18847dd342_c_800x450.jpg?fit=799%2C450&ssl=1","jetpack_shortlink":"https:\/\/wp.me\/p9stpK-4Kb","jetpack-related-posts":[{"id":18456,"url":"https:\/\/www.freidenker.org\/?p=18456","url_meta":{"origin":18239,"position":0},"title":"Fiktion versus Realit\u00e4t: &#8222;Zwei Minuten Hass&#8220; hei\u00dft heute &#8222;Demokratie-Schulung&#8220;","author":"Webredaktion","date":"3. M\u00e4rz 2024","format":false,"excerpt":"Beitrag von Bernhard Loyen Hass ist ein sehr dunkles Wort. Hass soll im psychologischen Zusammenhang eine \"tiefe seelische Verletzung\" bedeuten. Die Wut dagegen sei eher ein allgemeines Gef\u00fchl, eine Stimmung.\u00a0Hass \"ist auf ein ganz bestimmtes Objekt gerichtet, in der Regel auf eine Person\", so die Definition. Die vernehmbare Stimmung im\u2026","rel":"","context":"In &quot;Demokratie \u2013 Medien \u2013 Aufkl\u00e4rung&quot;","block_context":{"text":"Demokratie \u2013 Medien \u2013 Aufkl\u00e4rung","link":"https:\/\/www.freidenker.org\/?cat=12"},"img":{"alt_text":"","src":"https:\/\/i0.wp.com\/www.freidenker.org\/fw17\/wp-content\/uploads\/2024\/03\/Punch_AfD_in_the_mouth_800x450-.jpg?fit=800%2C450&ssl=1&resize=350%2C200","width":350,"height":200,"srcset":"https:\/\/i0.wp.com\/www.freidenker.org\/fw17\/wp-content\/uploads\/2024\/03\/Punch_AfD_in_the_mouth_800x450-.jpg?fit=800%2C450&ssl=1&resize=350%2C200 1x, https:\/\/i0.wp.com\/www.freidenker.org\/fw17\/wp-content\/uploads\/2024\/03\/Punch_AfD_in_the_mouth_800x450-.jpg?fit=800%2C450&ssl=1&resize=525%2C300 1.5x, https:\/\/i0.wp.com\/www.freidenker.org\/fw17\/wp-content\/uploads\/2024\/03\/Punch_AfD_in_the_mouth_800x450-.jpg?fit=800%2C450&ssl=1&resize=700%2C400 2x"},"classes":[]},{"id":18440,"url":"https:\/\/www.freidenker.org\/?p=18440","url_meta":{"origin":18239,"position":1},"title":"Berlinale: Ungezieme Israelkritik und deutsche Verlogenheit","author":"Webredaktion","date":"1. M\u00e4rz 2024","format":false,"excerpt":"von Gert Ewen Ungar Der Streit um auf der Berlinale ge\u00e4u\u00dferte Israelkritik ist entlarvend. Das Gute daran ist: Erneut macht ein Kulturevent auf die realen Zust\u00e4nde in Deutschland aufmerksam. In Deutschland wird weder frei noch offen diskutiert. Die Grenzen des Sagbaren sind eng gesteckt und werden streng kontrolliert. In Deutschland\u2026","rel":"","context":"In &quot;Demokratie \u2013 Medien \u2013 Aufkl\u00e4rung&quot;","block_context":{"text":"Demokratie \u2013 Medien \u2013 Aufkl\u00e4rung","link":"https:\/\/www.freidenker.org\/?cat=12"},"img":{"alt_text":"","src":"https:\/\/i0.wp.com\/www.freidenker.org\/fw17\/wp-content\/uploads\/2024\/02\/Vogter_Premiere_Berlinale_2024_Eingang_Berlinale-Palast_2_800x450.jpg?fit=800%2C450&ssl=1&resize=350%2C200","width":350,"height":200,"srcset":"https:\/\/i0.wp.com\/www.freidenker.org\/fw17\/wp-content\/uploads\/2024\/02\/Vogter_Premiere_Berlinale_2024_Eingang_Berlinale-Palast_2_800x450.jpg?fit=800%2C450&ssl=1&resize=350%2C200 1x, https:\/\/i0.wp.com\/www.freidenker.org\/fw17\/wp-content\/uploads\/2024\/02\/Vogter_Premiere_Berlinale_2024_Eingang_Berlinale-Palast_2_800x450.jpg?fit=800%2C450&ssl=1&resize=525%2C300 1.5x, https:\/\/i0.wp.com\/www.freidenker.org\/fw17\/wp-content\/uploads\/2024\/02\/Vogter_Premiere_Berlinale_2024_Eingang_Berlinale-Palast_2_800x450.jpg?fit=800%2C450&ssl=1&resize=700%2C400 2x"},"classes":[]},{"id":14660,"url":"https:\/\/www.freidenker.org\/?p=14660","url_meta":{"origin":18239,"position":2},"title":"Karl Lauterbach: L\u00fcgen f\u00fcr die Meinungsfreiheit","author":"Webredaktion","date":"14. November 2022","format":false,"excerpt":"Beitrag von Tom J. Wellbrock Die Meinungsfreiheit ist in Gefahr, ganz ohne Zweifel. An allen Ecken und Enden werden unerw\u00fcnschte Meinungen diffamiert und in Schubladen gesteckt; wer seine Ansicht in die Welt hinaustr\u00e4gt, muss mit massiven Angriffen rechnen, die bis zum Rufmord und zur Zerst\u00f6rung der eigenen Existenz reichen. Doch\u2026","rel":"","context":"In &quot;Demokratie \u2013 Medien \u2013 Aufkl\u00e4rung&quot;","block_context":{"text":"Demokratie \u2013 Medien \u2013 Aufkl\u00e4rung","link":"https:\/\/www.freidenker.org\/?cat=12"},"img":{"alt_text":"","src":"https:\/\/i0.wp.com\/www.freidenker.org\/fw17\/wp-content\/uploads\/2022\/11\/Karl_Lauterbach-Maischberger-5317_800x450.jpg?fit=800%2C450&ssl=1&resize=350%2C200","width":350,"height":200,"srcset":"https:\/\/i0.wp.com\/www.freidenker.org\/fw17\/wp-content\/uploads\/2022\/11\/Karl_Lauterbach-Maischberger-5317_800x450.jpg?fit=800%2C450&ssl=1&resize=350%2C200 1x, https:\/\/i0.wp.com\/www.freidenker.org\/fw17\/wp-content\/uploads\/2022\/11\/Karl_Lauterbach-Maischberger-5317_800x450.jpg?fit=800%2C450&ssl=1&resize=525%2C300 1.5x, https:\/\/i0.wp.com\/www.freidenker.org\/fw17\/wp-content\/uploads\/2022\/11\/Karl_Lauterbach-Maischberger-5317_800x450.jpg?fit=800%2C450&ssl=1&resize=700%2C400 2x"},"classes":[]},{"id":17249,"url":"https:\/\/www.freidenker.org\/?p=17249","url_meta":{"origin":18239,"position":3},"title":"Elon Musk und Deutschlands Problem mit der Meinungsfreiheit","author":"Webredaktion","date":"11. Oktober 2023","format":false,"excerpt":"Beitrag von Gert Ewen Ungar So unterhaltsam der Vorgang an sich ist, so deutlich zeigt er, auf welch bedenklichem Weg sich Deutschland befindet. Der Multimilliard\u00e4r und Eigent\u00fcmer des Kurznachrichtendienstes X (vormals Twitter) hat sich mit dem Au\u00dfenministerium einen kleinen Schlagabtausch geliefert. Es ging im Kern darum, dass die deutsche Regierung\u2026","rel":"","context":"In &quot;Demokratie \u2013 Medien \u2013 Aufkl\u00e4rung&quot;","block_context":{"text":"Demokratie \u2013 Medien \u2013 Aufkl\u00e4rung","link":"https:\/\/www.freidenker.org\/?cat=12"},"img":{"alt_text":"","src":"https:\/\/i0.wp.com\/www.freidenker.org\/fw17\/wp-content\/uploads\/2023\/10\/Elon_Musk_Colorado_2022_800x450.jpg?fit=800%2C450&ssl=1&resize=350%2C200","width":350,"height":200,"srcset":"https:\/\/i0.wp.com\/www.freidenker.org\/fw17\/wp-content\/uploads\/2023\/10\/Elon_Musk_Colorado_2022_800x450.jpg?fit=800%2C450&ssl=1&resize=350%2C200 1x, https:\/\/i0.wp.com\/www.freidenker.org\/fw17\/wp-content\/uploads\/2023\/10\/Elon_Musk_Colorado_2022_800x450.jpg?fit=800%2C450&ssl=1&resize=525%2C300 1.5x, https:\/\/i0.wp.com\/www.freidenker.org\/fw17\/wp-content\/uploads\/2023\/10\/Elon_Musk_Colorado_2022_800x450.jpg?fit=800%2C450&ssl=1&resize=700%2C400 2x"},"classes":[]},{"id":20873,"url":"https:\/\/www.freidenker.org\/?p=20873","url_meta":{"origin":18239,"position":4},"title":"&#8222;Lichtermeer gegen Rechts&#8220; \u2013 nah am braunen Original","author":"Webredaktion","date":"31. Januar 2025","format":false,"excerpt":"Beitrag von Dagmar Henn Schon der Januar des vergangenen Jahres wurde durch gro\u00dfe Gehorsamkeitsbekundungen gest\u00f6rt. Jetzt geht es wieder los damit. Aber egal, wie oft da das Etikett \"Gegen Rechts\" aufgeklebt wird, der eigentliche Inhalt ist nah dran am braunen Original. Und schon gibt es die n\u00e4chste Runde Regierungsaufm\u00e4rsche. Von\u2026","rel":"","context":"In &quot;Demokratie \u2013 Medien \u2013 Aufkl\u00e4rung&quot;","block_context":{"text":"Demokratie \u2013 Medien \u2013 Aufkl\u00e4rung","link":"https:\/\/www.freidenker.org\/?cat=12"},"img":{"alt_text":"","src":"https:\/\/i0.wp.com\/www.freidenker.org\/fw17\/wp-content\/uploads\/2025\/01\/Demo_gegen_Rechts_Berlin_25.01.2025_03_800x450.jpg?fit=800%2C450&ssl=1&resize=350%2C200","width":350,"height":200,"srcset":"https:\/\/i0.wp.com\/www.freidenker.org\/fw17\/wp-content\/uploads\/2025\/01\/Demo_gegen_Rechts_Berlin_25.01.2025_03_800x450.jpg?fit=800%2C450&ssl=1&resize=350%2C200 1x, https:\/\/i0.wp.com\/www.freidenker.org\/fw17\/wp-content\/uploads\/2025\/01\/Demo_gegen_Rechts_Berlin_25.01.2025_03_800x450.jpg?fit=800%2C450&ssl=1&resize=525%2C300 1.5x, https:\/\/i0.wp.com\/www.freidenker.org\/fw17\/wp-content\/uploads\/2025\/01\/Demo_gegen_Rechts_Berlin_25.01.2025_03_800x450.jpg?fit=800%2C450&ssl=1&resize=700%2C400 2x"},"classes":[]},{"id":16291,"url":"https:\/\/www.freidenker.org\/?p=16291","url_meta":{"origin":18239,"position":5},"title":"Der Blasen-Kanzler","author":"Webredaktion","date":"10. Juni 2023","format":false,"excerpt":"Kaum trifft Olaf Scholz auf echte Menschen, flippt er aus Von\u00a0Tom J. Wellbrock Sawsan Chebli (SPD) ist bekannt f\u00fcr ihren unerm\u00fcdlichen Kampf gegen Hass und Hetze. K\u00fcrzlich hat sie sogar ein Buch mit dem Titel \"Laut\" herausgebracht, das seitdem viel diskutiert wird \u2013 vor allem von Chebli selbst. Sie wird\u2026","rel":"","context":"In &quot;Demokratie \u2013 Medien \u2013 Aufkl\u00e4rung&quot;","block_context":{"text":"Demokratie \u2013 Medien \u2013 Aufkl\u00e4rung","link":"https:\/\/www.freidenker.org\/?cat=12"},"img":{"alt_text":"","src":"https:\/\/i0.wp.com\/www.freidenker.org\/fw17\/wp-content\/uploads\/2023\/06\/Wahlplakat_Wahlen_2021_Olaf_Scholz_800x450.jpg?fit=800%2C450&ssl=1&resize=350%2C200","width":350,"height":200,"srcset":"https:\/\/i0.wp.com\/www.freidenker.org\/fw17\/wp-content\/uploads\/2023\/06\/Wahlplakat_Wahlen_2021_Olaf_Scholz_800x450.jpg?fit=800%2C450&ssl=1&resize=350%2C200 1x, https:\/\/i0.wp.com\/www.freidenker.org\/fw17\/wp-content\/uploads\/2023\/06\/Wahlplakat_Wahlen_2021_Olaf_Scholz_800x450.jpg?fit=800%2C450&ssl=1&resize=525%2C300 1.5x, https:\/\/i0.wp.com\/www.freidenker.org\/fw17\/wp-content\/uploads\/2023\/06\/Wahlplakat_Wahlen_2021_Olaf_Scholz_800x450.jpg?fit=800%2C450&ssl=1&resize=700%2C400 2x"},"classes":[]}],"_links":{"self":[{"href":"https:\/\/www.freidenker.org\/index.php?rest_route=\/wp\/v2\/posts\/18239","targetHints":{"allow":["GET"]}}],"collection":[{"href":"https:\/\/www.freidenker.org\/index.php?rest_route=\/wp\/v2\/posts"}],"about":[{"href":"https:\/\/www.freidenker.org\/index.php?rest_route=\/wp\/v2\/types\/post"}],"author":[{"embeddable":true,"href":"https:\/\/www.freidenker.org\/index.php?rest_route=\/wp\/v2\/users\/3"}],"replies":[{"embeddable":true,"href":"https:\/\/www.freidenker.org\/index.php?rest_route=%2Fwp%2Fv2%2Fcomments&post=18239"}],"version-history":[{"count":0,"href":"https:\/\/www.freidenker.org\/index.php?rest_route=\/wp\/v2\/posts\/18239\/revisions"}],"wp:featuredmedia":[{"embeddable":true,"href":"https:\/\/www.freidenker.org\/index.php?rest_route=\/wp\/v2\/media\/18254"}],"wp:attachment":[{"href":"https:\/\/www.freidenker.org\/index.php?rest_route=%2Fwp%2Fv2%2Fmedia&parent=18239"}],"wp:term":[{"taxonomy":"category","embeddable":true,"href":"https:\/\/www.freidenker.org\/index.php?rest_route=%2Fwp%2Fv2%2Fcategories&post=18239"},{"taxonomy":"post_tag","embeddable":true,"href":"https:\/\/www.freidenker.org\/index.php?rest_route=%2Fwp%2Fv2%2Ftags&post=18239"}],"curies":[{"name":"wp","href":"https:\/\/api.w.org\/{rel}","templated":true}]}}