{"id":18235,"date":"2024-02-15T23:55:06","date_gmt":"2024-02-15T22:55:06","guid":{"rendered":"https:\/\/www.freidenker.org\/?p=18235"},"modified":"2024-03-06T00:14:07","modified_gmt":"2024-03-05T23:14:07","slug":"israels-schlimmster-albtraum-koennte-realitaet-werden","status":"publish","type":"post","link":"https:\/\/www.freidenker.org\/?p=18235","title":{"rendered":"Israels schlimmster Albtraum k\u00f6nnte Realit\u00e4t werden"},"content":{"rendered":"<p><strong>Die von Deutschland als antisemitisch denunzierte Boykottbewegung gegen Israel gewinnt an Fahrt. Ein niederl\u00e4ndisches Berufungsgericht hat die Regierung angewiesen, Exporte von Ersatzteilen f\u00fcr den F-35-Kampfbomber nach Israel zu blockieren, weil sie zu Menschenrechtsverletzungen beitragen w\u00fcrden. <\/strong><\/p>\n<p><em>Von <strong>Rainer Rupp<\/strong><\/em><\/p>\n<p><span style=\"font-size: 10pt;\">Erstver\u00f6ffentlichung am 14.02.2024 auf <a href=\"https:\/\/freedert.online\/meinung\/196106-israels-schlimmster-albtraum-koennte-realitaet-werden\/\" target=\"_blank\" rel=\"noopener\">RT DE<\/a><\/span><\/p>\n<p>Nach mehr als vier Monaten seit dem 7. Oktober liegt ein Gro\u00dfteil des dicht besiedelten Gazastreifens in Tr\u00fcmmern. Die offizielle Zahl der von israelischen Bomben und Granaten massakrierten pal\u00e4stinensischen Zivilisten wird von\u00a0<em>Reuters<\/em>\u00a0zum 12. Februar 2024 mit 28.340 angegeben, die der Verwundeten mit 67.984.<\/p>\n<p>Die Zahl der vielen anderen Menschen, Gro\u00df und Klein, Alt und Jung, von denen angenommen wird, dass sie unter den Tr\u00fcmmern der zerbombten Wohnh\u00e4user, Kinderg\u00e4rten, Schulen und Krankenh\u00e4user begraben liegen, ist nicht einmal abzusch\u00e4tzen.<\/p>\n<p>Auch am 12. Februar hat die &#8222;humanit\u00e4rste Armee der Welt&#8220;, wie Ministerpr\u00e4sident Benjamin Netanjahu j\u00fcngst seine zionistische Soldateska gegen die weltweit zunehmenden Beschuldigungen des Genozids verteidigt hat, mit ihren Massakern an der pal\u00e4stinensischen Zivilbev\u00f6lkerung weitergemacht. Bei einer israelischen Operation in der im S\u00fcden des Gazastreifens liegenden Stadt Rafah sind laut der pal\u00e4stinensischen Gesundheitsbeh\u00f6rde mindesten 74 Menschen get\u00f6tet worden, haupts\u00e4chlich durch Luftangriffe.<\/p>\n<p>Vor dem israelischen Vernichtungskrieg gegen die Pal\u00e4stinenser wohnten im Gazastreifen eng gedr\u00e4ngt etwa 2,3 Millionen Menschen. Rafah z\u00e4hlte vor dem 7. Oktober etwa 270.000 Einwohner. Zur Erinnerung: Der Gazastreifen ist ein mit Stacheldraht auf hohen Mauern und schwer bewaffneten israelischen Soldaten in befestigten Wacht\u00fcrmern hermetisch nach au\u00dfen abgeriegeltes Gebiet. Mit Fortschreiten der systematischen Zerst\u00f6rung der St\u00e4dte und Siedlungen im Norden des Streifens sind immer mehr Einwohner vor der vorr\u00fcckenden israelischen Armee (IDF) in seinen s\u00fcdlichen Teil geflohen. Inzwischen wird die Zahl der Menschen in Rafah auf 1,3 Millionen Menschen gesch\u00e4tzt.<\/p>\n<p>Am 12. Februar hat die israelische Armee den Angriff gegen diese Stadt begonnen, und Netanjahu hat die dort dicht gedr\u00e4ngten Menschen mit monstr\u00f6sem Zynismus angewiesen, sie &#8222;zur eigenen Sicherheit&#8220; sofort zu verlassen. Aber wohin? Selbst wenn es einen Weg aus dem Gaza-Lager g\u00e4be, wie k\u00f6nnte man einen solchen Strom logistisch bew\u00e4ltigen? Au\u00dferhalb der Stadt gibt es nur noch W\u00fcstenlandschaft.<\/p>\n<p>Die Versorgung der Fl\u00fcchtlinge im Gazastreifen mit Wasser, Lebensmitteln und Medizin war in den letzten vier Monaten bereits unter urbanen Bedingungen trotz besten Willens der Helfer ungen\u00fcgend. Laut dem UN-Hilfswerk UNRWA war schon vor der Einstellung der Lebensmittelhilfe durch den Gro\u00dfteil der &#8222;humanit\u00e4ren Leuchtt\u00fcrme&#8220; des prozionistischen Wertewestens jeder vierte Mensch im Gazastreifen vom Hungertod bedroht.<\/p>\n<p>Eine Vertreibung von 1,3 Millionen Menschen aus Rafah in das umliegende, zum Gazastreifen geh\u00f6rende W\u00fcstengebiet, wie es offensichtlich die Netanjahu-Regierung plant, k\u00f6nnte Dimensionen annehmen, die wom\u00f6glich mit dem Genozid an den vor \u00fcber hundert Jahren ebenfalls in die W\u00fcste getriebenen Armeniern vergleichbar w\u00e4ren. Letztere Trag\u00f6die war vom deutschen Bundestag im Juni 2016 mit gro\u00dfer Mehrheit als V\u00f6lkermord anerkannt worden.<\/p>\n<p>Wer im prozionistischen Wertewesten angesichts des vom Internationalen Gerichtshof (IGH) vermuteten Genozids Israel weiter vorbehaltlos mit Waffen unterst\u00fctzt, wie es j\u00fcngst die Ampelkoalition mit der Lieferung von 20.000 Schuss Panzermunition getan hat, muss damit rechnen, am Ende der IGH-Untersuchungen selbst der Beihilfe zum V\u00f6lkermord beschuldigt zu werden.<\/p>\n<p>Da ist der Beschluss des niederl\u00e4ndischen Berufungsgerichts mehr als verst\u00e4ndlich, in dem die niederl\u00e4ndische Regierung am 12. Februar angewiesen wurde, alle Exporte von Ersatzteilen f\u00fcr den hochmodernen US-Kampfjet vom Typ F-35 nach Israel zu blockieren. Es m\u00fcsse bef\u00fcrchtet werden, &#8222;dass der Transfer zu Menschenrechtsverletzungen durch die israelischen Streitkr\u00e4fte&#8220; beitragen wird.<\/p>\n<p>Laut der britischen Nachrichtenagentur <a href=\"https:\/\/www.reuters.com\/business\/aerospace-defense\/dutch-court-orders-halt-export-f-35-jet-parts-israel-2024-02-12\/\"><em>Reuters<\/em> hei\u00dft<\/a> es in dem Beschluss wortw\u00f6rtlich:<\/p>\n<blockquote><p><em>&#8222;Es ist unbestreitbar, dass es ein klares Risiko gibt, dass die exportierten F-35-Teile f\u00fcr schwere Verletzungen des humanit\u00e4ren V\u00f6lkerrechts verwendet werden.&#8220;<\/em><\/p><\/blockquote>\n<p>So schlimm ist das &#8222;unantastbare&#8220; Israel mit seiner angeblich &#8222;humanit\u00e4rsten Armee der Welt&#8220; und mit seiner \u00fcber alle Zweifel erhabenen moralischsten Regierung im Westen \u00f6ffentlich noch nie abgewatscht worden. Man kann sicher sein, dass die deutschen Qualit\u00e4tsmedien diesen &#8222;eindeutig antisemitischen&#8220; Gerichtsbeschluss bequemerweise im Ged\u00e4chtnisloch entsorgen werden. Zumal er das eigene Narrativ vom &#8222;noblen und edlen Israel&#8220; in St\u00fccke rei\u00dft.<\/p>\n<p>Der Anordnung des Gerichts muss der (niederl\u00e4ndische) Staat innerhalb von sieben Tagen nachkommen. Einen Antrag von Anw\u00e4lten der Regierung in Den Haag, &#8222;die Anordnung bis zur Entscheidung \u00fcber die Berufung vor dem Obersten Gerichtshof auszusetzen&#8220;, wiesen die Richter ab.<\/p>\n<p>Laut Geoffrey van Leeuwen, Handelsminister der Niederlande, ist ein Exportstopp von US-F-35-Teilen an Israel nicht gerechtfertigt. Die F-35 diene auch &#8222;dem Schutz Israels vor den vielen regionalen Bedrohungen&#8220;, denen es ausgesetzt sei, &#8222;zum Beispiel aus Iran, dem Jemen, Syrien und dem Libanon&#8220;. So wird versucht, den Gerichtsbeschluss zu unterlaufen, und zwar mit dem Argument, dass die Ersatzteile nur f\u00fcr jene F-35 verwendet w\u00fcrden, die nicht an den Angriffen in Gaza teilnehmen. Aber solange die israelischen Luftangriffe gegen den Gazastreifen anhalten, sieht es nicht danach aus, als ob sich der vorsitzende Richter Bas Boele auf diesen &#8222;Kompromiss&#8220; einlassen w\u00fcrde.<\/p>\n<p>Andererseits will der Richter den Ruf der Niederlande als verl\u00e4sslicher Lieferant im weltweiten Lockheed-Martin-Ersatzteilnetz nicht vollends aufs Spiel setzen. Daher lie\u00df er die M\u00f6glichkeit offen, in Zukunft den Export von F-35-Teilen nach Israel zu erlauben, aber nur unter der strengen Bedingung, dass sie nie wieder bei milit\u00e4rischen Operationen im Gazastreifen eingesetzt w\u00fcrden.<\/p>\n<p>Die F-35 ist nicht nur als besonders teurer Jet-Fighter und als fliegender Computer, sondern auch als besonders st\u00f6ranf\u00e4lliges Kampfflugzeug bekannt. Trotzdem ist er dank einer ausgekl\u00fcgelten Werbekampagne in vielen prowestlichen L\u00e4ndern zu einem Objekt der Begierde, zu einem milit\u00e4rischen Statussymbol geworden. Um den weit verbreiteten F-35-Jets einen zeitnahen Ersatzteil- und Reparaturservice zu bieten, hat Lockheed Martin rund um die Welt regionale Servicecenter eingerichtet, eines davon in den Niederlanden. Die Zuverl\u00e4ssigkeit dieser durchaus sinnvollen Servicestrategie wird jetzt durch das Gerichtsurteil, das die US-Lieferkette f\u00fcr R\u00fcstungsg\u00fcter nach Israel unterbrochen hat, infrage gestellt.<\/p>\n<p>Die Regierung in Den Haag bem\u00fcht sich laut <em>Reuters<\/em>\u00a0darum, ihre Partner davon zu \u00fcberzeugen, dass sie ein verl\u00e4ssliches Mitglied des F-35-Programms sei und dies auch in anderen Formen der internationalen und europ\u00e4ischen Kooperation bleiben werde. Lockheed Martin selbst k\u00fcndigte in einer Erkl\u00e4rung an, dass es die Auswirkungen des niederl\u00e4ndischen Gerichtsurteils auf seine Lieferkette auswerten werde und bereit sei, &#8222;die US-Regierung und Verb\u00fcndete nach Bedarf direkt zu unterst\u00fctzen&#8220;.<\/p>\n<p>Unterdessen nimmt der humanit\u00e4re Druck auf Israel weiter zu. China hat Israels Regierung mit starken, wenn auch diplomatischen Worten nahegelegt, Rafah nicht anzugreifen. W\u00e4hrend der Internationale Gerichtshof weiter die Genozid-Klage gegen Israel pr\u00fcft, hat jetzt auch der EU-Au\u00dfenbeauftragte Josep Borrell alle Israel-Unterst\u00fctzer aufgefordert, ihre milit\u00e4rischen Lieferungen an Tel Aviv einzustellen. Damit nimmt er ostentativ eine zu Deutschland und seiner deutschen Chefin Ursula von der Leyen diametral entgegengesetzte Position ein.<\/p>\n<p>Borrell beklagte am Montag, dass im Gazastreifen &#8222;zu viele Menschen&#8220; get\u00f6tet w\u00fcrden. Zugleich trat er dem US-Pr\u00e4sidenten kr\u00e4ftig ans Schienbein. Unter Anspielung auf Joe Bidens Bemerkung von letzter Woche, Israels Milit\u00e4raktion im Gazastreifen sei &#8222;\u00fcbertrieben&#8220;, sagte Borrell:<\/p>\n<blockquote><p><em>&#8222;Nun, wenn Sie glauben, dass zu viele Menschen get\u00f6tet werden, sollten Sie vielleicht weniger Waffen bereitstellen, um zu verhindern, dass so viele Menschen get\u00f6tet werden. \u2026 <\/em><em>Wenn die internationale Gemeinschaft glaubt, dass es sich um ein Gemetzel handelt, dass zu viele Menschen get\u00f6tet werden, m\u00fcssen wir vielleicht die weitere Bereitstellung von Waffen hinterfragen.&#8220;<\/em><\/p><\/blockquote>\n<p>Ein Blick in die Pressekonferenzen des US-Au\u00dfenministeriums und des Wei\u00dfen Hauses zeigt einmal mehr die unertr\u00e4gliche Heuchelei der USA. Die Zahl der Todesopfer durch Israels Aktionen wird zwar verurteilt, aber Washington pumpt weiter Waffen nach Israel.<\/p>\n<p>Der bekannte investigative <em>AP<\/em>-Journalist Matt Lee <a href=\"https:\/\/twitter.com\/prem_thakker\/status\/1757116958091145421?ref_src=twsrc%5Etfw%7Ctwcamp%5Etweetembed%7Ctwterm%5E1757116958091145421%7Ctwgr%5E0605f0925cd999620039aad5ef7fad661f9d49d1%7Ctwcon%5Es1_&amp;ref_url=https%3A%2F%2Fwww.zerohedge.com%2Fgeopolitical%2Fcourt-orders-netherlands-halt-f-35-parts-israel-eu-complains-too-many-people-are-dying\" target=\"_blank\" rel=\"noopener noreferrer\">befragte den Sprecher des Au\u00dfenministeriums<\/a>\u00a0Matt Miller. Er wollte Einzelheiten \u00fcber die Art des durch das Wei\u00dfe Haus\u00a0auf die Netanjahu-Regierung zur M\u00e4\u00dfigung des im Gazastreifen ausge\u00fcbten Drucks in Erfahrung bringen.<\/p>\n<p style=\"padding-left: 40px;\"><em><strong>Frage von Matt Lee<\/strong>: &#8222;Welche Hebel nutzen WIR?&#8220;<\/em><\/p>\n<p style=\"padding-left: 40px;\"><em><strong>Matt Miller<\/strong>: &#8222;Die Worte des Pr\u00e4sidenten &#8230; sind wichtig.&#8220;<\/em><\/p>\n<p style=\"padding-left: 40px;\"><em><strong>Matt Lee<\/strong>\u00a0&#8222;Das Wort &#8218;\u00fcbertrieben<\/em><em>&#8218;<\/em><em>? Das ist der Hebel?&#8220;<\/em><\/p>\n<p style=\"padding-left: 40px;\"><em><strong>Matt Miller<\/strong>: &#8222;Ja, doch, doch! Die Worte des US-Pr\u00e4sidenten und die des US-Au\u00dfenministeriums haben eine Wirkung gezeigt. Vielleicht nicht immer so ganz, wie wir das wollten, aber sie haben Wirkung gezeigt.&#8220;<\/em><\/p>\n<p>Und so wirkt das Wort des US-Pr\u00e4sidenten: Zwei Tage nachdem Biden Israels Verhalten als &#8222;\u00fcbertrieben&#8220; bezeichnet hatte, griff Israel am 12. Februar die letzte Zuflucht f\u00fcr 1,3 Millionen Pal\u00e4stinenser an und t\u00f6tete nach j\u00fcngsten Angaben mehr als 90 Menschen.<\/p>\n<p>Das politische Establishment in Washington, egal welcher Partei, dient Israel weiter als m\u00e4chtiger Schutzwall. Doch selbst in den USA br\u00f6ckelt die Geduld, und in NATO-Europa zeigt der Damm des Schweigens erste Risse. Der Druck der Bev\u00f6lkerung, die auf die offenkundigen Massaker an unschuldigen Menschen im Gazastreifen mit Abscheu und Emp\u00f6rung reagiert, spiegelt sich sowohl im Lieferstopp der F-35-Ersatzteile als auch im Aufruf Borrells zu einem Ende der Waffenlieferungen an Israel.<\/p>\n<p>Die Anzeichen mehren sich, dass Israels schlimmster Albtraum wahr wird und die Boykott-Bewegung an Fahrt gewinnt. Die Antisemitismuskeule ist gegen Kritik an Israel immer weniger wirksam. Gegen den Massenmord von Kindern zu protestieren und auch konsequent, wie jetzt in den Niederlanden, Lieferstopps zu verh\u00e4ngen, ist eben kein Antisemitismus.<\/p>\n<p style=\"text-align: right;\"><em>Rainer Rupp ist Mitglied des Beirats des Deutschen Freidenker-Verbandes<\/em><\/p>\n<hr \/>\n<p><span style=\"font-size: 10pt;\">Bild oben: <a href=\"https:\/\/pixabay.com\/de\/photos\/flagge-israel-j%C3%BCdisch-fahnenmast-7527081\/\" target=\"_blank\" rel=\"noopener\">pixabay.com<\/a> \/ <a class=\"userName--owby3\" href=\"https:\/\/pixabay.com\/de\/users\/tranthangnhat-26199248\/\" target=\"_blank\" rel=\"noopener\">TranThangNhat<\/a> \/ <a href=\"https:\/\/pixabay.com\/de\/service\/license-summary\/\" target=\"_blank\" rel=\"noopener\">Inhaltslizenz<\/a><\/span><\/p>\n<p>&nbsp;<\/p>\n","protected":false},"excerpt":{"rendered":"<p><b>Beitrag von Rainer Rupp<\/b><br \/>\nNach mehr als vier Monaten seit dem 7. Oktober liegt ein Gro\u00dfteil des dicht besiedelten Gazastreifens in Tr\u00fcmmern. Die offizielle Zahl der von israelischen Bomben und Granaten massakrierten pal\u00e4stinensischen Zivilisten wird von\u00a0Reuters\u00a0zum 12. Februar 2024 mit 28.340 angegeben, die der Verwundeten mit 67.984. Die Zahl der vielen anderen Menschen, Gro\u00df und Klein, Alt und Jung, von denen angenommen wird, dass sie unter den Tr\u00fcmmern der zerbombten Wohnh\u00e4user, Kinderg\u00e4rten, Schulen und Krankenh\u00e4user begraben liegen, ist nicht einmal abzusch\u00e4tzen. Auch am 12. Februar hat die &#8222;humanit\u00e4rste Armee der Welt&#8220;, wie Ministerpr\u00e4sident Benjamin Netanjahu j\u00fcngst seine zionistische Soldateska gegen die weltweit zunehmenden Beschuldigungen des Genozids verteidigt hat, mit ihren Massakern an der pal\u00e4stinensischen Zivilbev\u00f6lkerung weitergemacht. <\/p>\n","protected":false},"author":3,"featured_media":18249,"comment_status":"closed","ping_status":"closed","sticky":false,"template":"","format":"standard","meta":{"colormag_page_container_layout":"default_layout","colormag_page_sidebar_layout":"default_layout","advanced_seo_description":"","jetpack_seo_html_title":"","jetpack_seo_noindex":false,"jetpack_post_was_ever_published":false,"footnotes":""},"categories":[13],"tags":[512,1132,1843,1172,393,1818,1955,1842,394,2110,1525],"class_list":["post-18235","post","type-post","status-publish","format-standard","has-post-thumbnail","hentry","category-frieden-antifaschismus-solidaritaet","tag-antisemitismus","tag-boykott","tag-export","tag-gaza","tag-israel","tag-kampfjet","tag-nahostkonflikt","tag-niederlande","tag-palaestina","tag-unrwa","tag-waffenlieferungen"],"jetpack_featured_media_url":"https:\/\/i0.wp.com\/www.freidenker.org\/fw17\/wp-content\/uploads\/2024\/02\/flag-7527081_800x450.jpg?fit=800%2C450&ssl=1","jetpack_shortlink":"https:\/\/wp.me\/p9stpK-4K7","jetpack-related-posts":[{"id":22770,"url":"https:\/\/www.freidenker.org\/?p=22770","url_meta":{"origin":18235,"position":0},"title":"V\u00f6lkermord und von Menschen gemachte Hungersnot","author":"Webredaktion","date":"7. September 2025","format":false,"excerpt":"UNO-Experten fordern alle Mitgliedstaaten auf, Israel zu stoppen Beitrag von Karin Leukefeld Im zweiw\u00f6chentlichen Bericht des UNO-Nothilfeprogramms OCHA \u00fcber die Situation in Gaza hei\u00dft es, da\u00df zwischen dem 27. August und dem 3. September 2025, also innerhalb einer Woche, 571 Pal\u00e4stinenser get\u00f6tet und 2.318 verletzt wurden. Die Gesamtzahl get\u00f6teter Pal\u00e4stinenser\u2026","rel":"","context":"In &quot;Frieden - Antifaschismus - Solidarit\u00e4t&quot;","block_context":{"text":"Frieden - Antifaschismus - Solidarit\u00e4t","link":"https:\/\/www.freidenker.org\/?cat=13"},"img":{"alt_text":"","src":"https:\/\/i0.wp.com\/www.freidenker.org\/fw17\/wp-content\/uploads\/2025\/09\/Israeli_airstrike_on_Gaza_Strip_during_Gaza_War_23-25_800x450.jpg?fit=800%2C450&ssl=1&resize=350%2C200","width":350,"height":200,"srcset":"https:\/\/i0.wp.com\/www.freidenker.org\/fw17\/wp-content\/uploads\/2025\/09\/Israeli_airstrike_on_Gaza_Strip_during_Gaza_War_23-25_800x450.jpg?fit=800%2C450&ssl=1&resize=350%2C200 1x, https:\/\/i0.wp.com\/www.freidenker.org\/fw17\/wp-content\/uploads\/2025\/09\/Israeli_airstrike_on_Gaza_Strip_during_Gaza_War_23-25_800x450.jpg?fit=800%2C450&ssl=1&resize=525%2C300 1.5x, https:\/\/i0.wp.com\/www.freidenker.org\/fw17\/wp-content\/uploads\/2025\/09\/Israeli_airstrike_on_Gaza_Strip_during_Gaza_War_23-25_800x450.jpg?fit=800%2C450&ssl=1&resize=700%2C400 2x"},"classes":[]},{"id":20008,"url":"https:\/\/www.freidenker.org\/?p=20008","url_meta":{"origin":18235,"position":1},"title":"Eine Million Menschen auf der Flucht","author":"Webredaktion","date":"5. Oktober 2024","format":false,"excerpt":"Beitrag von Karin Leukefeld Das Morden im Nahen Osten geht weiter. Mit gezielten Luftangriffen hat die israelische Luftwaffe am Wochenende Dutzende hochrangige Mitglieder der libanesischen Hisbollah, der pal\u00e4stinensischen Hamas und der Volksfront zur Befreiung Pal\u00e4stinas (PFLP) im Libanon und in Gaza gezielt get\u00f6tet. Mit einem massiven Luftangriff bombardierte die israelische\u2026","rel":"","context":"In &quot;Demokratie \u2013 Medien \u2013 Aufkl\u00e4rung&quot;","block_context":{"text":"Demokratie \u2013 Medien \u2013 Aufkl\u00e4rung","link":"https:\/\/www.freidenker.org\/?cat=12"},"img":{"alt_text":"","src":"https:\/\/i0.wp.com\/www.freidenker.org\/fw17\/wp-content\/uploads\/2024\/10\/AH-64A_Israeli_Air_Force_800x450.jpg?fit=800%2C450&ssl=1&resize=350%2C200","width":350,"height":200,"srcset":"https:\/\/i0.wp.com\/www.freidenker.org\/fw17\/wp-content\/uploads\/2024\/10\/AH-64A_Israeli_Air_Force_800x450.jpg?fit=800%2C450&ssl=1&resize=350%2C200 1x, https:\/\/i0.wp.com\/www.freidenker.org\/fw17\/wp-content\/uploads\/2024\/10\/AH-64A_Israeli_Air_Force_800x450.jpg?fit=800%2C450&ssl=1&resize=525%2C300 1.5x, https:\/\/i0.wp.com\/www.freidenker.org\/fw17\/wp-content\/uploads\/2024\/10\/AH-64A_Israeli_Air_Force_800x450.jpg?fit=800%2C450&ssl=1&resize=700%2C400 2x"},"classes":[]},{"id":23359,"url":"https:\/\/www.freidenker.org\/?p=23359","url_meta":{"origin":18235,"position":2},"title":"Deutsche Journalisten und Israel \u2013 Zu lange geschwiegen","author":"Webredaktion","date":"29. Oktober 2025","format":false,"excerpt":"Beitrag Von Karin Leukefeld. Ausl\u00e4ndische Journalisten berichten seit 748 Tagen aus Israel \u00fcber den israelischen Feldzug gegen Gaza. Manche von ihnen fuhren \u201eembedded\u201c in Jeeps oder auf Panzern der israelischen Streitkr\u00e4fte mit der israelischen Armee durch die Tr\u00fcmmerw\u00fcste. Ber\u00fchmt sind die Fotos von einer Art Aussichtsh\u00fcgel s\u00fcdlich von Ashdod an\u2026","rel":"","context":"In &quot;Demokratie \u2013 Medien \u2013 Aufkl\u00e4rung&quot;","block_context":{"text":"Demokratie \u2013 Medien \u2013 Aufkl\u00e4rung","link":"https:\/\/www.freidenker.org\/?cat=12"},"img":{"alt_text":"","src":"https:\/\/i0.wp.com\/www.freidenker.org\/fw17\/wp-content\/uploads\/2025\/10\/Netanjahu_December_2023_800x450.jpg?fit=800%2C450&ssl=1&resize=350%2C200","width":350,"height":200,"srcset":"https:\/\/i0.wp.com\/www.freidenker.org\/fw17\/wp-content\/uploads\/2025\/10\/Netanjahu_December_2023_800x450.jpg?fit=800%2C450&ssl=1&resize=350%2C200 1x, https:\/\/i0.wp.com\/www.freidenker.org\/fw17\/wp-content\/uploads\/2025\/10\/Netanjahu_December_2023_800x450.jpg?fit=800%2C450&ssl=1&resize=525%2C300 1.5x, https:\/\/i0.wp.com\/www.freidenker.org\/fw17\/wp-content\/uploads\/2025\/10\/Netanjahu_December_2023_800x450.jpg?fit=800%2C450&ssl=1&resize=700%2C400 2x"},"classes":[]},{"id":21107,"url":"https:\/\/www.freidenker.org\/?p=21107","url_meta":{"origin":18235,"position":3},"title":"Israel verw\u00fcstet seine Nachbarn an sieben Fronten","author":"Webredaktion","date":"7. M\u00e4rz 2025","format":false,"excerpt":"\u2013 Gaza, Westjordanland, Libanon, Syrien, Irak, Jemen, Iran Beitrag von Karin Leukefeld Friedrich Merz wird voraussichtlich der n\u00e4chste deutsche Bundeskanzler. Im Gespr\u00e4ch mit der ARD-Journalistin Caren Miosga\u00a0hat der ehemalige Wirtschaftsanwalt und Aufsichtsrat bei der deutschen Niederlassung der Finanzfirma BlackRock \u00fcber seine politischen Pl\u00e4ne gesprochen. Unter anderem bekr\u00e4ftigte Merz, den israelischen\u2026","rel":"","context":"In &quot;Demokratie \u2013 Medien \u2013 Aufkl\u00e4rung&quot;","block_context":{"text":"Demokratie \u2013 Medien \u2013 Aufkl\u00e4rung","link":"https:\/\/www.freidenker.org\/?cat=12"},"img":{"alt_text":"","src":"https:\/\/i0.wp.com\/www.freidenker.org\/fw17\/wp-content\/uploads\/2025\/03\/palestine-8590339_800x450.jpg?fit=800%2C450&ssl=1&resize=350%2C200","width":350,"height":200,"srcset":"https:\/\/i0.wp.com\/www.freidenker.org\/fw17\/wp-content\/uploads\/2025\/03\/palestine-8590339_800x450.jpg?fit=800%2C450&ssl=1&resize=350%2C200 1x, https:\/\/i0.wp.com\/www.freidenker.org\/fw17\/wp-content\/uploads\/2025\/03\/palestine-8590339_800x450.jpg?fit=800%2C450&ssl=1&resize=525%2C300 1.5x, https:\/\/i0.wp.com\/www.freidenker.org\/fw17\/wp-content\/uploads\/2025\/03\/palestine-8590339_800x450.jpg?fit=800%2C450&ssl=1&resize=700%2C400 2x"},"classes":[]},{"id":17318,"url":"https:\/\/www.freidenker.org\/?p=17318","url_meta":{"origin":18235,"position":4},"title":"Kriegsverbrechen: Vom unterschiedlichen Wert menschlichen Lebens","author":"Webredaktion","date":"24. Oktober 2023","format":false,"excerpt":"Beitrag von Gert Ewen Ungar Die Abriegelung des Gazastreifens durch Israel, die Blockade der Wasser- und Stromversorgung sowie der Beschuss von Zivilisten und ziviler Infrastruktur durch das israelische Milit\u00e4r sind Kriegsverbrechen. Das Leben von Zivilisten ist w\u00e4hrend eines milit\u00e4rischen Konflikts zu sch\u00fctzen, schreibt die Charta der UN vor. Auch ein\u2026","rel":"","context":"In &quot;Demokratie \u2013 Medien \u2013 Aufkl\u00e4rung&quot;","block_context":{"text":"Demokratie \u2013 Medien \u2013 Aufkl\u00e4rung","link":"https:\/\/www.freidenker.org\/?cat=12"},"img":{"alt_text":"","src":"https:\/\/i0.wp.com\/www.freidenker.org\/fw17\/wp-content\/uploads\/2023\/10\/children-8221325_800x450.jpg?fit=800%2C450&ssl=1&resize=350%2C200","width":350,"height":200,"srcset":"https:\/\/i0.wp.com\/www.freidenker.org\/fw17\/wp-content\/uploads\/2023\/10\/children-8221325_800x450.jpg?fit=800%2C450&ssl=1&resize=350%2C200 1x, https:\/\/i0.wp.com\/www.freidenker.org\/fw17\/wp-content\/uploads\/2023\/10\/children-8221325_800x450.jpg?fit=800%2C450&ssl=1&resize=525%2C300 1.5x, https:\/\/i0.wp.com\/www.freidenker.org\/fw17\/wp-content\/uploads\/2023\/10\/children-8221325_800x450.jpg?fit=800%2C450&ssl=1&resize=700%2C400 2x"},"classes":[]},{"id":22132,"url":"https:\/\/www.freidenker.org\/?p=22132","url_meta":{"origin":18235,"position":5},"title":"Ein Schurkenstaat zeigt sein wahres Gesicht","author":"Webredaktion","date":"17. Juni 2025","format":false,"excerpt":"Beitrag von Rainer Rupp Mit seinem j\u00fcngsten Angriff auf den Iran hat Israel erneut bewiesen, dass es internationale Normen zur Erhaltung der regionalen Stabilit\u00e4t mit F\u00fc\u00dfen tritt. Aber je l\u00e4nger der von Israel begonnene Krieg gegen Iran dauert, desto offensichtlicher wird Israels strategische Unterlegenheit. Nicht nur iranische Nuklearanlagen und Milit\u00e4rbasen\u2026","rel":"","context":"In &quot;Demokratie \u2013 Medien \u2013 Aufkl\u00e4rung&quot;","block_context":{"text":"Demokratie \u2013 Medien \u2013 Aufkl\u00e4rung","link":"https:\/\/www.freidenker.org\/?cat=12"},"img":{"alt_text":"","src":"https:\/\/i0.wp.com\/www.freidenker.org\/fw17\/wp-content\/uploads\/2025\/06\/Batch_2_Avash_29_800x450.jpg?fit=800%2C450&ssl=1&resize=350%2C200","width":350,"height":200,"srcset":"https:\/\/i0.wp.com\/www.freidenker.org\/fw17\/wp-content\/uploads\/2025\/06\/Batch_2_Avash_29_800x450.jpg?fit=800%2C450&ssl=1&resize=350%2C200 1x, https:\/\/i0.wp.com\/www.freidenker.org\/fw17\/wp-content\/uploads\/2025\/06\/Batch_2_Avash_29_800x450.jpg?fit=800%2C450&ssl=1&resize=525%2C300 1.5x, https:\/\/i0.wp.com\/www.freidenker.org\/fw17\/wp-content\/uploads\/2025\/06\/Batch_2_Avash_29_800x450.jpg?fit=800%2C450&ssl=1&resize=700%2C400 2x"},"classes":[]}],"_links":{"self":[{"href":"https:\/\/www.freidenker.org\/index.php?rest_route=\/wp\/v2\/posts\/18235","targetHints":{"allow":["GET"]}}],"collection":[{"href":"https:\/\/www.freidenker.org\/index.php?rest_route=\/wp\/v2\/posts"}],"about":[{"href":"https:\/\/www.freidenker.org\/index.php?rest_route=\/wp\/v2\/types\/post"}],"author":[{"embeddable":true,"href":"https:\/\/www.freidenker.org\/index.php?rest_route=\/wp\/v2\/users\/3"}],"replies":[{"embeddable":true,"href":"https:\/\/www.freidenker.org\/index.php?rest_route=%2Fwp%2Fv2%2Fcomments&post=18235"}],"version-history":[{"count":0,"href":"https:\/\/www.freidenker.org\/index.php?rest_route=\/wp\/v2\/posts\/18235\/revisions"}],"wp:featuredmedia":[{"embeddable":true,"href":"https:\/\/www.freidenker.org\/index.php?rest_route=\/wp\/v2\/media\/18249"}],"wp:attachment":[{"href":"https:\/\/www.freidenker.org\/index.php?rest_route=%2Fwp%2Fv2%2Fmedia&parent=18235"}],"wp:term":[{"taxonomy":"category","embeddable":true,"href":"https:\/\/www.freidenker.org\/index.php?rest_route=%2Fwp%2Fv2%2Fcategories&post=18235"},{"taxonomy":"post_tag","embeddable":true,"href":"https:\/\/www.freidenker.org\/index.php?rest_route=%2Fwp%2Fv2%2Ftags&post=18235"}],"curies":[{"name":"wp","href":"https:\/\/api.w.org\/{rel}","templated":true}]}}