{"id":18199,"date":"2024-02-13T20:24:45","date_gmt":"2024-02-13T19:24:45","guid":{"rendered":"https:\/\/www.freidenker.org\/?p=18199"},"modified":"2024-03-06T00:12:48","modified_gmt":"2024-03-05T23:12:48","slug":"der-oesterreichische-februaraufstand-1934-und-seine-literarische-widerspiegelung","status":"publish","type":"post","link":"https:\/\/www.freidenker.org\/?p=18199","title":{"rendered":"Der \u00f6sterreichische Februaraufstand 1934 und seine literarische Widerspiegelung"},"content":{"rendered":"<h4><strong>Kulturmatinee <\/strong><\/h4>\n<p><strong>am\u00a0 Sonntag, 25. Februar, in M\u00fcnchen,\u00a0 EineWeltHaus (Schwanthaler Str. 80).<br \/>\nBeginn 11:00 Uhr; Ende gegen 15 Uhr. <\/strong><\/p>\n<p><em>Veranstaltet von der <strong>Marx-Engels-Stiftung e.V.<\/strong> in Zusammenarbeit mit den <strong>M\u00fcnchner Freidenkern<\/strong><\/em><\/p>\n<p>Mitte Februar 1934 kam es, nach immer sch\u00e4rferen Repressalien durch das Dollfu\u00dfregime und Angriffen der faschistischen Heimwehren, in Wien und anderen Teilen \u00d6sterreichs zu einem bewaffneten Aufstand des sozialdemokratischen Republikanischen Schutzbunds. Er wurde nach wenigen Tagen niedergeschlagen, mit Artillerie wurden die Wiener Arbeiterquartiere beschossen, es gab Hunderte Tote, die Anf\u00fchrer des Aufstands lie\u00df die Regierung hinrichten \u2013 aber dieses erste antifaschistische Aufb\u00e4umen, gut zwei Jahre vor dem Beginn des Spanischen B\u00fcrgerkriegs, weckte Hoffnung bei demokratischen Kr\u00e4ften in ganz Europa. Nicht zuletzt in Deutschland, wo ein Jahr zuvor der Nazipartei die Macht \u00fcbertragen worden war.<\/p>\n<p>Der 90. Jahrestag der Februark\u00e4mpfe im benachbarten \u00d6sterreich ist uns Anlass, an das tragische Geschehen zu erinnern \u2013 und zu zeigen, wie sich der Aufstand, seine Vorgeschichte und seine Folgen literarisch widergespiegelt haben. Das kann nur exemplarisch geschehen: Eine Auswahl, die Erich Hackl in dem Band \u201eIm K\u00e4ltefieber\u201c zusammengestellt hat, bringt z.B. Arbeiten von \u00fcber zwei Dutzend Schriftstellern, und doch sind selbst so bedeutende wie Bert Brecht oder Friedrich Wolf dabei noch nicht ber\u00fccksichtigt. Wir haben uns konzentriert auf die hierzulande zu Unrecht kaum bekannten \u00d6sterreicher Jura Soyfer und Franz Kain (f\u00fcr eine Lesung aus ihren Werken konnten wir die Schauspielerin Christa Weber gewinnen), sowie auf Anna Seghers (\u00fcber sie spricht Eva Petermann, Mitglied der Anna-Seghers-Gesellschaft). Historische Einf\u00fchrung zum Februaraufstand und Moderation: Hermann Kopp.<\/p>\n<p>Wer mag, ist herzlich eingeladen, sich nach den knapp 4 Stunden, auf die wir unsere Matinee beschr\u00e4nken wollen, mit uns den 90-min\u00fctigen Dokumentarfilm \u201eDer Schatten ist lang. Jura Soyfer und seine Zeitgenossen\u201c anzuschauen, in dem politische Weggef\u00e4hrten Soyfers (1912 geboren, kam er schon 1939 im KZ Buchenwald ums Leben) \u00fcber ihren Freund und das Rote Wien der 1920er und fr\u00fchen 1930er Jahre sprechen.<\/p>\n<p><strong>Eintritt frei! <\/strong>F\u00fcr Spenden sind wir dankbar.<\/p>\n<hr \/>\n<p><span style=\"font-size: 10pt;\">Bild oben: <span class=\"mw-mmv-title\">Gedenktafel am Schlingerhof in Wien-Floridsdorf<\/span><\/span><br \/>\n<span style=\"font-size: 10pt;\">Foto: Peter Gugerell, <a href=\"https:\/\/creativecommons.org\/publicdomain\/zero\/1.0\/deed.en\" target=\"_blank\" rel=\"noopener\">CC0<\/a><\/span><br \/>\n<span style=\"font-size: 10pt;\">Quelle: <a href=\"https:\/\/commons.wikimedia.org\/w\/index.php?curid=16943261\" target=\"_blank\" rel=\"noopener\">https:\/\/commons.wikimedia.org\/w\/index.php?curid=16943261<\/a><\/span><\/p>\n","protected":false},"excerpt":{"rendered":"<p><b>Kulturmatinee am\u00a0 Sonntag, 25. Februar, in M\u00fcnchen,\u00a0 EineWeltHaus <\/b><br \/>\nVeranstaltet von der Marx-Engels-Stiftung e.V. in Zusammenarbeit mit den M\u00fcnchner Freidenkern<br \/>\nMitte Februar 1934 kam es, nach immer sch\u00e4rferen Repressalien durch das Dollfu\u00dfregime und Angriffen der faschistischen Heimwehren, in Wien und anderen Teilen \u00d6sterreichs zu einem bewaffneten Aufstand des sozialdemokratischen Republikanischen Schutzbunds. Er wurde nach wenigen Tagen niedergeschlagen, [&#8230;] \u2013 aber dieses erste antifaschistische Aufb\u00e4umen, gut zwei Jahre vor dem Beginn des Spanischen B\u00fcrgerkriegs, weckte Hoffnung bei demokratischen Kr\u00e4ften in ganz Europa. Nicht zuletzt in Deutschland, wo ein Jahr zuvor der Nazipartei die Macht \u00fcbertragen worden war. Der 90. Jahrestag der Februark\u00e4mpfe im benachbarten \u00d6sterreich ist uns Anlass, an das tragische Geschehen zu erinnern \u2013 und zu zeigen, wie sich der Aufstand, seine Vorgeschichte und seine Folgen literarisch widergespiegelt haben.<\/p>\n","protected":false},"author":3,"featured_media":18200,"comment_status":"closed","ping_status":"closed","sticky":false,"template":"","format":"standard","meta":{"colormag_page_container_layout":"default_layout","colormag_page_sidebar_layout":"default_layout","advanced_seo_description":"","jetpack_seo_html_title":"","jetpack_seo_noindex":false,"jetpack_post_was_ever_published":false,"footnotes":""},"categories":[1162,913,19],"tags":[2118,451,665,491,1225,1390,835,1713,489,2117],"class_list":["post-18199","post","type-post","status-publish","format-standard","has-post-thumbnail","hentry","category-geschichte","category-kultur-kunst","category-veranstaltungen-in-den-dfv-landesverbaenden","tag-aufstand","tag-faschismus","tag-filmkunst","tag-geschichte","tag-lesung","tag-literatur","tag-muenchen","tag-oesterreich","tag-widerstand","tag-wien"],"jetpack_featured_media_url":"https:\/\/i0.wp.com\/www.freidenker.org\/fw17\/wp-content\/uploads\/2024\/02\/Wien_21_Schlinger-Hof_e_800x450.jpg?fit=800%2C450&ssl=1","jetpack_shortlink":"https:\/\/wp.me\/p9stpK-4Jx","jetpack-related-posts":[{"id":24364,"url":"https:\/\/www.freidenker.org\/?p=24364","url_meta":{"origin":18199,"position":0},"title":"14.02.2026 M\u00fcnchen: Den Frieden gewinnen, nicht den Krieg","author":"Webredaktion","date":"6. Februar 2026","format":false,"excerpt":"Aufruf zur Protestdemo gegen die \"M\u00fcnchner Sicherheitskonferenz\" 2026 Wir protestieren gegen den NATO-Kriegsrat, euphemistisch \u201eSicherheitskonferenz\u201c genannt, der vom 13. bis 15. Februar 2026 in M\u00fcnchen tagt. Am Samstag den 14. Februar tragen wir unseren Protest in M\u00fcnchen auf die Stra\u00dfe. Wer den Frieden will, muss den Kriegsministern laut und deutlich\u2026","rel":"","context":"In &quot;Frieden - Antifaschismus - Solidarit\u00e4t&quot;","block_context":{"text":"Frieden - Antifaschismus - Solidarit\u00e4t","link":"https:\/\/www.freidenker.org\/?cat=13"},"img":{"alt_text":"","src":"https:\/\/i0.wp.com\/www.freidenker.org\/fw17\/wp-content\/uploads\/2026\/02\/Siko_Muenchen_2026_1600x900.jpg?fit=1200%2C674&ssl=1&resize=350%2C200","width":350,"height":200,"srcset":"https:\/\/i0.wp.com\/www.freidenker.org\/fw17\/wp-content\/uploads\/2026\/02\/Siko_Muenchen_2026_1600x900.jpg?fit=1200%2C674&ssl=1&resize=350%2C200 1x, https:\/\/i0.wp.com\/www.freidenker.org\/fw17\/wp-content\/uploads\/2026\/02\/Siko_Muenchen_2026_1600x900.jpg?fit=1200%2C674&ssl=1&resize=525%2C300 1.5x, https:\/\/i0.wp.com\/www.freidenker.org\/fw17\/wp-content\/uploads\/2026\/02\/Siko_Muenchen_2026_1600x900.jpg?fit=1200%2C674&ssl=1&resize=700%2C400 2x, https:\/\/i0.wp.com\/www.freidenker.org\/fw17\/wp-content\/uploads\/2026\/02\/Siko_Muenchen_2026_1600x900.jpg?fit=1200%2C674&ssl=1&resize=1050%2C600 3x"},"classes":[]},{"id":16561,"url":"https:\/\/www.freidenker.org\/?p=16561","url_meta":{"origin":18199,"position":1},"title":"Revolutionen f\u00fcr Freiheit und Demokratie","author":"Webredaktion","date":"12. Juli 2023","format":false,"excerpt":"Beitrag von Wolfgang Sch\u00fcrer aus FREIDENKER 2-23 Im Jahr 2023 wird vielfach der gescheiterten b\u00fcrgerlichen Revolution in Deutschland 1848\/49 gedacht. Man muss das Ereignis im historischen Kontext sehen: Die kapitalistische Produktionsweise erwies sich dem Feudalismus gegen\u00fcber als \u00fcberlegen und trat ihren Siegeszug an. Die Bourgeoisie als aufstrebende Klasse dr\u00e4ngte in\u2026","rel":"","context":"In &quot;Geschichte&quot;","block_context":{"text":"Geschichte","link":"https:\/\/www.freidenker.org\/?cat=1162"},"img":{"alt_text":"","src":"https:\/\/i0.wp.com\/www.freidenker.org\/fw17\/wp-content\/uploads\/2023\/07\/Barrikadenszene_1848_aus_der_Breiten_Strasse_Berlin_800x450.jpg?fit=800%2C450&ssl=1&resize=350%2C200","width":350,"height":200,"srcset":"https:\/\/i0.wp.com\/www.freidenker.org\/fw17\/wp-content\/uploads\/2023\/07\/Barrikadenszene_1848_aus_der_Breiten_Strasse_Berlin_800x450.jpg?fit=800%2C450&ssl=1&resize=350%2C200 1x, https:\/\/i0.wp.com\/www.freidenker.org\/fw17\/wp-content\/uploads\/2023\/07\/Barrikadenszene_1848_aus_der_Breiten_Strasse_Berlin_800x450.jpg?fit=800%2C450&ssl=1&resize=525%2C300 1.5x, https:\/\/i0.wp.com\/www.freidenker.org\/fw17\/wp-content\/uploads\/2023\/07\/Barrikadenszene_1848_aus_der_Breiten_Strasse_Berlin_800x450.jpg?fit=800%2C450&ssl=1&resize=700%2C400 2x"},"classes":[]},{"id":6545,"url":"https:\/\/www.freidenker.org\/?p=6545","url_meta":{"origin":18199,"position":2},"title":"Anfang und Ende eines bayrischen Wunders","author":"Webredaktion","date":"27. Juni 2019","format":false,"excerpt":"Beitrag von Tilo Gr\u00e4ser aus FREIDENKER 2-19 \u201eDie Revolution in Bayern verlief anders als im \u00fcbrigen Deutschland\u201c, betonte der Historiker Sebastian Haffner in seinem 1969 ver\u00f6ffentlichten Buch \u201eDie verratene Revolution\u201c \u00fcber die Ereignisse 1918\/19. \u201eAnders als in Berlin fiel die Revolution in M\u00fcnchen nicht von Anfang an in die H\u00e4nde\u2026","rel":"","context":"In &quot;Geschichte&quot;","block_context":{"text":"Geschichte","link":"https:\/\/www.freidenker.org\/?cat=1162"},"img":{"alt_text":"","src":"https:\/\/i0.wp.com\/www.freidenker.org\/fw17\/wp-content\/uploads\/2019\/06\/Declaration_of_the_MunichCouncilsRepublic_800x445.jpg?fit=800%2C445&ssl=1&resize=350%2C200","width":350,"height":200,"srcset":"https:\/\/i0.wp.com\/www.freidenker.org\/fw17\/wp-content\/uploads\/2019\/06\/Declaration_of_the_MunichCouncilsRepublic_800x445.jpg?fit=800%2C445&ssl=1&resize=350%2C200 1x, https:\/\/i0.wp.com\/www.freidenker.org\/fw17\/wp-content\/uploads\/2019\/06\/Declaration_of_the_MunichCouncilsRepublic_800x445.jpg?fit=800%2C445&ssl=1&resize=525%2C300 1.5x, https:\/\/i0.wp.com\/www.freidenker.org\/fw17\/wp-content\/uploads\/2019\/06\/Declaration_of_the_MunichCouncilsRepublic_800x445.jpg?fit=800%2C445&ssl=1&resize=700%2C400 2x"},"classes":[]},{"id":15901,"url":"https:\/\/www.freidenker.org\/?p=15901","url_meta":{"origin":18199,"position":3},"title":"Buchvorstellung: Wer am Abgrund tanzt","author":"Webredaktion","date":"30. April 2023","format":false,"excerpt":"Einladung zur Buchvorstellung \"Wer am Abgrund tanzt \u2013 Notizen zu den M\u00fcnchner Jahren zwischen R\u00e4terepublik und Hitlerputsch \u2013\u00a01919 bis 1923\" von G\u00fcnther Gerstenberg Es lesen: Cornelia Naumann, Robert Valentin Hoffmann und Wolfgang Rommerskirchen Mittwoch, 31.05.2023, 19.00 Uhr, EineWeltHaus M\u00fcnchen Nach der blutigen Liquidierung der M\u00fcnchner R\u00e4terepublik Anfang Mai 1919 wird\u00a0die\u2026","rel":"","context":"In &quot;Veranstaltungen in den DFV-Landesverb\u00e4nden&quot;","block_context":{"text":"Veranstaltungen in den DFV-Landesverb\u00e4nden","link":"https:\/\/www.freidenker.org\/?cat=19"},"img":{"alt_text":"","src":"https:\/\/i0.wp.com\/www.freidenker.org\/fw17\/wp-content\/uploads\/2023\/04\/wer_am_abgrund_tanzt.jpg?fit=800%2C450&ssl=1&resize=350%2C200","width":350,"height":200,"srcset":"https:\/\/i0.wp.com\/www.freidenker.org\/fw17\/wp-content\/uploads\/2023\/04\/wer_am_abgrund_tanzt.jpg?fit=800%2C450&ssl=1&resize=350%2C200 1x, https:\/\/i0.wp.com\/www.freidenker.org\/fw17\/wp-content\/uploads\/2023\/04\/wer_am_abgrund_tanzt.jpg?fit=800%2C450&ssl=1&resize=525%2C300 1.5x, https:\/\/i0.wp.com\/www.freidenker.org\/fw17\/wp-content\/uploads\/2023\/04\/wer_am_abgrund_tanzt.jpg?fit=800%2C450&ssl=1&resize=700%2C400 2x"},"classes":[]},{"id":24391,"url":"https:\/\/www.freidenker.org\/?p=24391","url_meta":{"origin":18199,"position":4},"title":"14.02.2026 M\u00fcnchen: Stoppen wir den R\u00fcstungswahnsinn!","author":"Webredaktion","date":"10. Februar 2026","format":false,"excerpt":"Aufruf zu Protesten gegen die NATO-Sicherheitskonferenz am 14.02.2026 in M\u00fcnchen. Aus dem Aufruf: Die Kriegsangst wird gesch\u00fcrt, jeden Tag eine neue Bedrohung: Drohnensichtungen, Sabotagemeldungen, Alarmismus \u2013 auf Basis von Falschbehauptungen statt Fakten. Ein neuer kalter Krieg wird heraufbeschworen. Alles um von sozialen K\u00fcrzungen und der endg\u00fcltigen Militarisierung der Gesellschaft abzulenken.\u2026","rel":"","context":"In &quot;Frieden - Antifaschismus - Solidarit\u00e4t&quot;","block_context":{"text":"Frieden - Antifaschismus - Solidarit\u00e4t","link":"https:\/\/www.freidenker.org\/?cat=13"},"img":{"alt_text":"","src":"https:\/\/i0.wp.com\/www.freidenker.org\/fw17\/wp-content\/uploads\/2026\/02\/Anti-Siko-Demo_2026_1600x900_v2.jpg?fit=1200%2C675&ssl=1&resize=350%2C200","width":350,"height":200,"srcset":"https:\/\/i0.wp.com\/www.freidenker.org\/fw17\/wp-content\/uploads\/2026\/02\/Anti-Siko-Demo_2026_1600x900_v2.jpg?fit=1200%2C675&ssl=1&resize=350%2C200 1x, https:\/\/i0.wp.com\/www.freidenker.org\/fw17\/wp-content\/uploads\/2026\/02\/Anti-Siko-Demo_2026_1600x900_v2.jpg?fit=1200%2C675&ssl=1&resize=525%2C300 1.5x, https:\/\/i0.wp.com\/www.freidenker.org\/fw17\/wp-content\/uploads\/2026\/02\/Anti-Siko-Demo_2026_1600x900_v2.jpg?fit=1200%2C675&ssl=1&resize=700%2C400 2x, https:\/\/i0.wp.com\/www.freidenker.org\/fw17\/wp-content\/uploads\/2026\/02\/Anti-Siko-Demo_2026_1600x900_v2.jpg?fit=1200%2C675&ssl=1&resize=1050%2C600 3x"},"classes":[]},{"id":11032,"url":"https:\/\/www.freidenker.org\/?p=11032","url_meta":{"origin":18199,"position":5},"title":"Veranstaltung: 1941 &#8211; Zerst\u00f6rung des ersten Jugoslawien","author":"Webredaktion","date":"15. August 2021","format":false,"excerpt":"Vortrag und Diskussion mit Bernd Duschner Samstag, 28. August 2021, 15 Uhr, Wiener Hof, Langener Str. 23, 63073 Offenbach a. M. - Bieber Vor 80 Jahren, am 6. April 1941, \u00fcberfiel das faschistische Deutschland das damalige K\u00f6nigreich Jugoslawien. Seine territoriale Zerschlagung und Besetzung sollte vor dem Krieg gegen die Sowjetunion\u2026","rel":"","context":"In &quot;Geschichte&quot;","block_context":{"text":"Geschichte","link":"https:\/\/www.freidenker.org\/?cat=1162"},"img":{"alt_text":"","src":"https:\/\/i0.wp.com\/www.freidenker.org\/fw17\/wp-content\/uploads\/2021\/08\/belgrad_1941_faks_800x450.jpg?fit=800%2C450&ssl=1&resize=350%2C200","width":350,"height":200,"srcset":"https:\/\/i0.wp.com\/www.freidenker.org\/fw17\/wp-content\/uploads\/2021\/08\/belgrad_1941_faks_800x450.jpg?fit=800%2C450&ssl=1&resize=350%2C200 1x, https:\/\/i0.wp.com\/www.freidenker.org\/fw17\/wp-content\/uploads\/2021\/08\/belgrad_1941_faks_800x450.jpg?fit=800%2C450&ssl=1&resize=525%2C300 1.5x, https:\/\/i0.wp.com\/www.freidenker.org\/fw17\/wp-content\/uploads\/2021\/08\/belgrad_1941_faks_800x450.jpg?fit=800%2C450&ssl=1&resize=700%2C400 2x"},"classes":[]}],"_links":{"self":[{"href":"https:\/\/www.freidenker.org\/index.php?rest_route=\/wp\/v2\/posts\/18199","targetHints":{"allow":["GET"]}}],"collection":[{"href":"https:\/\/www.freidenker.org\/index.php?rest_route=\/wp\/v2\/posts"}],"about":[{"href":"https:\/\/www.freidenker.org\/index.php?rest_route=\/wp\/v2\/types\/post"}],"author":[{"embeddable":true,"href":"https:\/\/www.freidenker.org\/index.php?rest_route=\/wp\/v2\/users\/3"}],"replies":[{"embeddable":true,"href":"https:\/\/www.freidenker.org\/index.php?rest_route=%2Fwp%2Fv2%2Fcomments&post=18199"}],"version-history":[{"count":0,"href":"https:\/\/www.freidenker.org\/index.php?rest_route=\/wp\/v2\/posts\/18199\/revisions"}],"wp:featuredmedia":[{"embeddable":true,"href":"https:\/\/www.freidenker.org\/index.php?rest_route=\/wp\/v2\/media\/18200"}],"wp:attachment":[{"href":"https:\/\/www.freidenker.org\/index.php?rest_route=%2Fwp%2Fv2%2Fmedia&parent=18199"}],"wp:term":[{"taxonomy":"category","embeddable":true,"href":"https:\/\/www.freidenker.org\/index.php?rest_route=%2Fwp%2Fv2%2Fcategories&post=18199"},{"taxonomy":"post_tag","embeddable":true,"href":"https:\/\/www.freidenker.org\/index.php?rest_route=%2Fwp%2Fv2%2Ftags&post=18199"}],"curies":[{"name":"wp","href":"https:\/\/api.w.org\/{rel}","templated":true}]}}