{"id":18158,"date":"2024-02-13T12:44:12","date_gmt":"2024-02-13T11:44:12","guid":{"rendered":"https:\/\/www.freidenker.org\/?p=18158"},"modified":"2024-05-09T01:14:09","modified_gmt":"2024-05-08T23:14:09","slug":"konferenz-deindustrialisierung","status":"publish","type":"post","link":"https:\/\/www.freidenker.org\/?p=18158","title":{"rendered":"Konferenz &#8222;Deindustrialisierung&#8220;"},"content":{"rendered":"<p><strong>Der Deutsche Freidenker-Verband\u00a0<\/strong>l\u00e4dt ein zur <strong>Konferenz<\/strong>:<\/p>\n<h3>Deindustrialisierung<\/h3>\n<p>in Kooperation mit dem Ostdeutschen Kuratorium von Verb\u00e4nden (OKV)<\/p>\n<p><img data-recalc-dims=\"1\" loading=\"lazy\" decoding=\"async\" data-attachment-id=\"18162\" data-permalink=\"https:\/\/www.freidenker.org\/?attachment_id=18162\" data-orig-file=\"https:\/\/i0.wp.com\/www.freidenker.org\/fw17\/wp-content\/uploads\/2024\/02\/Freidenker-Logo_2.jpg?fit=810%2C220&amp;ssl=1\" data-orig-size=\"810,220\" data-comments-opened=\"0\" data-image-meta=\"{&quot;aperture&quot;:&quot;0&quot;,&quot;credit&quot;:&quot;&quot;,&quot;camera&quot;:&quot;&quot;,&quot;caption&quot;:&quot;&quot;,&quot;created_timestamp&quot;:&quot;0&quot;,&quot;copyright&quot;:&quot;&quot;,&quot;focal_length&quot;:&quot;0&quot;,&quot;iso&quot;:&quot;0&quot;,&quot;shutter_speed&quot;:&quot;0&quot;,&quot;title&quot;:&quot;&quot;,&quot;orientation&quot;:&quot;1&quot;}\" data-image-title=\"Freidenker-Logo_2\" data-image-description=\"\" data-image-caption=\"\" data-large-file=\"https:\/\/i0.wp.com\/www.freidenker.org\/fw17\/wp-content\/uploads\/2024\/02\/Freidenker-Logo_2.jpg?fit=800%2C217&amp;ssl=1\" class=\"alignnone wp-image-18162 size-medium\" src=\"https:\/\/i0.wp.com\/www.freidenker.org\/fw17\/wp-content\/uploads\/2024\/02\/Freidenker-Logo_2.jpg?resize=300%2C81&#038;ssl=1\" alt=\"\" width=\"300\" height=\"81\" data-wp-editing=\"1\" srcset=\"https:\/\/i0.wp.com\/www.freidenker.org\/fw17\/wp-content\/uploads\/2024\/02\/Freidenker-Logo_2.jpg?resize=300%2C81&amp;ssl=1 300w, https:\/\/i0.wp.com\/www.freidenker.org\/fw17\/wp-content\/uploads\/2024\/02\/Freidenker-Logo_2.jpg?resize=768%2C209&amp;ssl=1 768w, https:\/\/i0.wp.com\/www.freidenker.org\/fw17\/wp-content\/uploads\/2024\/02\/Freidenker-Logo_2.jpg?w=810&amp;ssl=1 810w\" sizes=\"auto, (max-width: 300px) 100vw, 300px\" \/><img data-recalc-dims=\"1\" loading=\"lazy\" decoding=\"async\" data-attachment-id=\"18161\" data-permalink=\"https:\/\/www.freidenker.org\/?attachment_id=18161\" data-orig-file=\"https:\/\/i0.wp.com\/www.freidenker.org\/fw17\/wp-content\/uploads\/2024\/02\/LOGO-OKV-07.04.2023.png?fit=1000%2C1000&amp;ssl=1\" data-orig-size=\"1000,1000\" data-comments-opened=\"0\" data-image-meta=\"{&quot;aperture&quot;:&quot;0&quot;,&quot;credit&quot;:&quot;&quot;,&quot;camera&quot;:&quot;&quot;,&quot;caption&quot;:&quot;&quot;,&quot;created_timestamp&quot;:&quot;0&quot;,&quot;copyright&quot;:&quot;&quot;,&quot;focal_length&quot;:&quot;0&quot;,&quot;iso&quot;:&quot;0&quot;,&quot;shutter_speed&quot;:&quot;0&quot;,&quot;title&quot;:&quot;&quot;,&quot;orientation&quot;:&quot;0&quot;}\" data-image-title=\"LOGO-OKV-07.04.2023\" data-image-description=\"\" data-image-caption=\"\" data-large-file=\"https:\/\/i0.wp.com\/www.freidenker.org\/fw17\/wp-content\/uploads\/2024\/02\/LOGO-OKV-07.04.2023.png?fit=800%2C800&amp;ssl=1\" class=\"alignnone wp-image-18161 size-thumbnail\" src=\"https:\/\/i0.wp.com\/www.freidenker.org\/fw17\/wp-content\/uploads\/2024\/02\/LOGO-OKV-07.04.2023.png?resize=150%2C150&#038;ssl=1\" alt=\"\" width=\"150\" height=\"150\" srcset=\"https:\/\/i0.wp.com\/www.freidenker.org\/fw17\/wp-content\/uploads\/2024\/02\/LOGO-OKV-07.04.2023.png?resize=150%2C150&amp;ssl=1 150w, https:\/\/i0.wp.com\/www.freidenker.org\/fw17\/wp-content\/uploads\/2024\/02\/LOGO-OKV-07.04.2023.png?resize=300%2C300&amp;ssl=1 300w, https:\/\/i0.wp.com\/www.freidenker.org\/fw17\/wp-content\/uploads\/2024\/02\/LOGO-OKV-07.04.2023.png?resize=768%2C768&amp;ssl=1 768w, https:\/\/i0.wp.com\/www.freidenker.org\/fw17\/wp-content\/uploads\/2024\/02\/LOGO-OKV-07.04.2023.png?w=1000&amp;ssl=1 1000w\" sizes=\"auto, (max-width: 150px) 100vw, 150px\" \/><\/p>\n<p><strong>Wann<\/strong>: Samstag, 20.04.2024, 10:30 Uhr<\/p>\n<p><strong>Wo<\/strong>: Ferienpark Retgendorf bei Schwerin<br \/>\nKiefernweg 1, 19067 Dobin am See, Ortsteil Retgendorf<\/p>\n<hr \/>\n<h4><strong><em>Vortr\u00e4ge und Diskussion:<\/em><\/strong><\/h4>\n<p><strong>Die Ideologie der Produktivkraftvernichtung<br \/>\n<\/strong>Von den Grenzen des Wachstums zum Great Reset<br \/>\nKlaus Hartmann, Offenbach am Main<\/p>\n<p><strong>Der Abstieg von \u201eMade in Germany\u201c<\/strong><br \/>\nAspekte der Deindustrialisierung des imperialistischen Deutschlands<strong><br \/>\n<\/strong>Dr. Manfred Sohn, Gleichen<\/p>\n<p><strong>De- und Re-Industrialisierung Deutschlands unter US-F\u00fchrung \u2013 gibt es Alternativen?<br \/>\n<\/strong>Dr. Werner R\u00fcgemer, K\u00f6ln<\/p>\n<p><strong>Alles hat ein Ende \u2013 auch die Marktwirtschaft<br \/>\n<\/strong>Dr. Wolfgang Beck, Blankenburg (Harz)<\/p>\n<p><strong>Entkolonisierung \u2013 versch\u00e4rfte Ausbeutung \u201ezu Hause\u201c?<br \/>\n<\/strong>Rainer Rupp, Saarburg<\/p>\n<p><strong>\u201eZeitenwende\u201c: Krise des Imperialismus, neue Bedingungen des Klassenkampfs<br \/>\n<\/strong>Sebastian Bahlo, Frankfurt am Main<\/p>\n<hr \/>\n<h4>Anreise<\/h4>\n<p>mit <u>Bahn\/Bus<\/u>:<br \/>\nVon Schwerin Hbf. mit Bus 170 (Richtung Sternberg, Mecklen\u00adburgring) bis Cambs, Schweriner Str.. Dort umsteigen in Bus 846 (Richtung Ventschow Bahnhof) bis Retgendorf Dorf.<br \/>\nOder von Bhf. Ventschow (Bahnstrecke Schwerin-Rostock) mit Bus 846 (Richtung Cambs, Schweriner Str.) bis Retgendorf Dorf.<br \/>\n<u>Achtung!<\/u> Es handelt sich um sogen. Ruf-Busse. Etwa 2 Stunden vor Abfahrt anmelden unter Tel. 03883 616161.<\/p>\n<p><u>mit dem Pkw<\/u>:<br \/>\nAuf der A 14 Ausfahrt Schwerin Nord nehmen, auf der B 104 Richtung G\u00fcstrow fahren, nach 230 m links abbiegen nach Norden Richtung Dobin.<\/p>\n<hr \/>\n<h4>Information zu \u00dcbernachtungsm\u00f6glichkeit, Kosten und Anmeldung:<\/h4>\n<p>Monique Broquard<br \/>\nAm Friedhof 10, 66280 Sulzbach<br \/>\nTel. 06897-24 46, Mobil 0152-53 19 09 92<br \/>\nMail: <a href=\"mailto:m.broquard@freidenker.de\">m.broquard@freidenker.de<\/a><\/p>\n<hr \/>\n<h4>Download<\/h4>\n<p><img data-recalc-dims=\"1\" loading=\"lazy\" decoding=\"async\" data-attachment-id=\"1076\" data-permalink=\"https:\/\/www.freidenker.org\/?attachment_id=1076\" data-orig-file=\"https:\/\/i0.wp.com\/www.freidenker.org\/fw17\/wp-content\/uploads\/2017\/10\/pdf_icon-2.png?fit=32%2C32&amp;ssl=1\" data-orig-size=\"32,32\" data-comments-opened=\"0\" data-image-meta=\"{&quot;aperture&quot;:&quot;0&quot;,&quot;credit&quot;:&quot;&quot;,&quot;camera&quot;:&quot;&quot;,&quot;caption&quot;:&quot;&quot;,&quot;created_timestamp&quot;:&quot;0&quot;,&quot;copyright&quot;:&quot;&quot;,&quot;focal_length&quot;:&quot;0&quot;,&quot;iso&quot;:&quot;0&quot;,&quot;shutter_speed&quot;:&quot;0&quot;,&quot;title&quot;:&quot;&quot;,&quot;orientation&quot;:&quot;0&quot;}\" data-image-title=\"pdf_icon\" data-image-description=\"\" data-image-caption=\"\" data-large-file=\"https:\/\/i0.wp.com\/www.freidenker.org\/fw17\/wp-content\/uploads\/2017\/10\/pdf_icon-2.png?fit=32%2C32&amp;ssl=1\" class=\"alignnone size-full wp-image-1076\" src=\"https:\/\/i0.wp.com\/www.freidenker.org\/fw17\/wp-content\/uploads\/2017\/10\/pdf_icon-2.png?resize=32%2C32&#038;ssl=1\" alt=\"\" width=\"32\" height=\"32\" \/> <a href=\"https:\/\/www.freidenker.org\/fw17\/wp-content\/uploads\/2024\/02\/Konferenz_Deindustrialisierung_2024-04-20_v2.pdf\" target=\"_blank\" rel=\"noopener\">Flyer zur Veranstaltung<\/a> (2 Seiten A5, PDF-Dokument, ca. 422 KB)<\/p>\n<p><img data-recalc-dims=\"1\" loading=\"lazy\" decoding=\"async\" data-attachment-id=\"1076\" data-permalink=\"https:\/\/www.freidenker.org\/?attachment_id=1076\" data-orig-file=\"https:\/\/i0.wp.com\/www.freidenker.org\/fw17\/wp-content\/uploads\/2017\/10\/pdf_icon-2.png?fit=32%2C32&amp;ssl=1\" data-orig-size=\"32,32\" data-comments-opened=\"0\" data-image-meta=\"{&quot;aperture&quot;:&quot;0&quot;,&quot;credit&quot;:&quot;&quot;,&quot;camera&quot;:&quot;&quot;,&quot;caption&quot;:&quot;&quot;,&quot;created_timestamp&quot;:&quot;0&quot;,&quot;copyright&quot;:&quot;&quot;,&quot;focal_length&quot;:&quot;0&quot;,&quot;iso&quot;:&quot;0&quot;,&quot;shutter_speed&quot;:&quot;0&quot;,&quot;title&quot;:&quot;&quot;,&quot;orientation&quot;:&quot;0&quot;}\" data-image-title=\"pdf_icon\" data-image-description=\"\" data-image-caption=\"\" data-large-file=\"https:\/\/i0.wp.com\/www.freidenker.org\/fw17\/wp-content\/uploads\/2017\/10\/pdf_icon-2.png?fit=32%2C32&amp;ssl=1\" class=\"alignnone size-full wp-image-1076\" src=\"https:\/\/i0.wp.com\/www.freidenker.org\/fw17\/wp-content\/uploads\/2017\/10\/pdf_icon-2.png?resize=32%2C32&#038;ssl=1\" alt=\"\" width=\"32\" height=\"32\" \/> <a href=\"https:\/\/www.freidenker.org\/fw17\/wp-content\/uploads\/2024\/02\/Konferenz_Deindustrialisierung_2024-04-20_v2_A4.pdf\" target=\"_blank\" rel=\"noopener\">Flyer zur Veranstaltung doppelt<\/a> (2 Seiten A4, Vor- und R\u00fcckseite sind identisch. Durch Ausdruck im Format A4 doppelseitig (\u00fcber kurze Seite drehen), erh\u00e4lt man durch Zerschneiden pro Blatt zwei Flugbl\u00e4tter A5. PDF-Dokument, ca. 1004 KB)<\/p>\n<hr \/>\n<p><span style=\"font-size: 10pt;\">Bild oben: Teil-Faksimile des Flyers zur Veranstaltung<\/span><\/p>\n<p>&nbsp;<\/p>\n","protected":false},"excerpt":{"rendered":"<p>Der Deutsche Freidenker-Verband l\u00e4dt ein zur <b>Konferenz: &#8222;Deindustrialisierung&#8220;<\/b><br \/>\nin Kooperation mit dem Ostdeutschen Kuratorium von Verb\u00e4nden (OKV)<br \/>\nSamstag, 20.04.2024, 10.30 Uhr, Ferienpark Retgendorf bei Schwerin, Kiefernweg 1, 19067 Dobin am See, Ortsteil Retgendorf<br \/>\nVortr\u00e4ge und Diskussion:<br \/>\nKlaus Hartmann: Die Ideologie der Produktivkraftvernichtung<br \/>\nDr. Manfred Sohn: Der Abstieg von \u201eMade in Germany\u201c<br \/>\nDr. Werner R\u00fcgemer: De- und Re-Industrialisierung Deutschlands unter US-F\u00fchrung \u2013 gibt es Alternativen?<br \/>\nDr. Wolfgang Beck: Alles hat ein Ende \u2013 auch die Marktwirtschaft<br \/>\nRainer Rupp: Entkolonisierung \u2013 versch\u00e4rfte Ausbeutung \u201ezu Hause\u201c?<br \/>\nSebastian Bahlo: \u201eZeitenwende\u201c: Krise des Imperialismus, neue Bedingungen des Klassenkampfs<\/p>\n","protected":false},"author":3,"featured_media":18191,"comment_status":"closed","ping_status":"closed","sticky":false,"template":"","format":"standard","meta":{"colormag_page_container_layout":"default_layout","colormag_page_sidebar_layout":"default_layout","advanced_seo_description":"","jetpack_seo_html_title":"","jetpack_seo_noindex":false,"jetpack_post_was_ever_published":false,"footnotes":""},"categories":[20],"tags":[217,1642,1608,404,1065,562,357,1924,1603,1779,949],"class_list":["post-18158","post","type-post","status-publish","format-standard","has-post-thumbnail","hentry","category-zentrale-veranstaltungen","tag-ausbeutung","tag-deindustrialisierung","tag-great-reset","tag-imperialismus","tag-klassenkampf","tag-kolonialismus","tag-konferenz","tag-marktwirtschaft","tag-produktivkraftvernichtung","tag-schwerin","tag-wachstum"],"jetpack_featured_media_url":"https:\/\/i0.wp.com\/www.freidenker.org\/fw17\/wp-content\/uploads\/2024\/02\/Deindustrialisierung_titel_800x450.jpg?fit=800%2C450&ssl=1","jetpack_shortlink":"https:\/\/wp.me\/p9stpK-4IS","jetpack-related-posts":[{"id":19927,"url":"https:\/\/www.freidenker.org\/?p=19927","url_meta":{"origin":18158,"position":0},"title":"FREIDENKER 3-24 EXTRA \u2013 Deindustrialisierung","author":"Webredaktion","date":"27. September 2024","format":false,"excerpt":"Die Ausgabe 3-24 EXTRA des Verbandsorgans FREIDENKER hat das Schwerpunkt-Thema \u201eDeindustrialisierung\u201c und enth\u00e4lt u.a. folgende Beitr\u00e4ge: - Klaus Hartmann: Die Ideologie der Produktivkraftvernichtung - Manfred Sohn: Der Abstieg von \u201eMade in Germany\u201c \u2013 Aspekte der Deindustrialisierung des imperialistischen Deutschlands - Wolfgang Beck: Alles hat ein Ende \u2013 auch die Marktwirtschaft\u2026","rel":"","context":"In &quot;Verbandsorgan FREIDENKER&quot;","block_context":{"text":"Verbandsorgan FREIDENKER","link":"https:\/\/www.freidenker.org\/?cat=8"},"img":{"alt_text":"","src":"https:\/\/i0.wp.com\/www.freidenker.org\/fw17\/wp-content\/uploads\/2024\/09\/FD_2024-03_Titel_mR.jpg?fit=800%2C445&ssl=1&resize=350%2C200","width":350,"height":200,"srcset":"https:\/\/i0.wp.com\/www.freidenker.org\/fw17\/wp-content\/uploads\/2024\/09\/FD_2024-03_Titel_mR.jpg?fit=800%2C445&ssl=1&resize=350%2C200 1x, https:\/\/i0.wp.com\/www.freidenker.org\/fw17\/wp-content\/uploads\/2024\/09\/FD_2024-03_Titel_mR.jpg?fit=800%2C445&ssl=1&resize=525%2C300 1.5x, https:\/\/i0.wp.com\/www.freidenker.org\/fw17\/wp-content\/uploads\/2024\/09\/FD_2024-03_Titel_mR.jpg?fit=800%2C445&ssl=1&resize=700%2C400 2x"},"classes":[]},{"id":18866,"url":"https:\/\/www.freidenker.org\/?p=18866","url_meta":{"origin":18158,"position":1},"title":"Videos und Galerie: Konferenz Deindustrialisierung","author":"Webredaktion","date":"25. April 2024","format":false,"excerpt":"Am 20.04.2024 fand in Retgendorf bei Schwerin die Konferenz Deindustrialisierung des Deutschen Freidenker-Verbandes statt. Bruno Jeup vom Landesverband Berlin hat die Veranstaltung im Video dokumentiert. Wir ver\u00f6ffentlichen hier die Videos der vier Referate von Klaus Hartmann (\"\"Die Ideologie der Produktivkraftvernichtung\"), Dr. Manfred Sohn (\"Der Abstieg von 'Made in Germany'\"), Dr.\u2026","rel":"","context":"In &quot;Demokratie \u2013 Medien \u2013 Aufkl\u00e4rung&quot;","block_context":{"text":"Demokratie \u2013 Medien \u2013 Aufkl\u00e4rung","link":"https:\/\/www.freidenker.org\/?cat=12"},"img":{"alt_text":"","src":"https:\/\/i0.wp.com\/www.freidenker.org\/fw17\/wp-content\/uploads\/2024\/04\/Retgendorf_Totale_20240420_142853.jpg?fit=800%2C450&ssl=1&resize=350%2C200","width":350,"height":200,"srcset":"https:\/\/i0.wp.com\/www.freidenker.org\/fw17\/wp-content\/uploads\/2024\/04\/Retgendorf_Totale_20240420_142853.jpg?fit=800%2C450&ssl=1&resize=350%2C200 1x, https:\/\/i0.wp.com\/www.freidenker.org\/fw17\/wp-content\/uploads\/2024\/04\/Retgendorf_Totale_20240420_142853.jpg?fit=800%2C450&ssl=1&resize=525%2C300 1.5x, https:\/\/i0.wp.com\/www.freidenker.org\/fw17\/wp-content\/uploads\/2024\/04\/Retgendorf_Totale_20240420_142853.jpg?fit=800%2C450&ssl=1&resize=700%2C400 2x"},"classes":[]},{"id":6932,"url":"https:\/\/www.freidenker.org\/?p=6932","url_meta":{"origin":18158,"position":2},"title":"Konferenz &#8222;Der tiefe Staat \u2013 oder: Wer regiert den Westen?&#8220;","author":"Webredaktion","date":"5. September 2019","format":false,"excerpt":"Der Deutsche Freideker-Verband l\u00e4dt ein zur Konferenz \"Der tiefe Staat \u2013 oder: Wer regiert den Westen? Samstag, 16. November 2019, 10:30 - 17 Uhr, Naturfreundehaus Fuchsrain, Stuttgart, Vortr\u00e4ge: Ullrich Mies: Wer oder was ist der Tiefe Staat? \/ Hermann Ploppa: Betreutes Denken: Medien, Think Tanks, NGOs & transatlantische Netzwerke \/\u2026","rel":"","context":"In &quot;Zentrale Veranstaltungen&quot;","block_context":{"text":"Zentrale Veranstaltungen","link":"https:\/\/www.freidenker.org\/?cat=20"},"img":{"alt_text":"","src":"https:\/\/i0.wp.com\/www.freidenker.org\/fw17\/wp-content\/uploads\/2019\/09\/tieferstaat_800x445.jpg?fit=800%2C445&ssl=1&resize=350%2C200","width":350,"height":200,"srcset":"https:\/\/i0.wp.com\/www.freidenker.org\/fw17\/wp-content\/uploads\/2019\/09\/tieferstaat_800x445.jpg?fit=800%2C445&ssl=1&resize=350%2C200 1x, https:\/\/i0.wp.com\/www.freidenker.org\/fw17\/wp-content\/uploads\/2019\/09\/tieferstaat_800x445.jpg?fit=800%2C445&ssl=1&resize=525%2C300 1.5x, https:\/\/i0.wp.com\/www.freidenker.org\/fw17\/wp-content\/uploads\/2019\/09\/tieferstaat_800x445.jpg?fit=800%2C445&ssl=1&resize=700%2C400 2x"},"classes":[]},{"id":4889,"url":"https:\/\/www.freidenker.org\/?p=4889","url_meta":{"origin":18158,"position":3},"title":"Konferenz: Individuum und Gesellschaft \u2013 Menschenbild und Pers\u00f6nlichkeitstheorie im Marxismus","author":"Webredaktion","date":"27. M\u00e4rz 2018","format":false,"excerpt":"\u00d6ffentliche Wissenschaftliche Konferenz zum 200. Geburtstag von Karl Marx am Samstag, 28. April 2018, in Hannover Individuum und Gesellschaft \u2013 Menschenbild und Pers\u00f6nlichkeitstheorie im Marxismus Vortr\u00e4ge und Diskussion: - Was ist der Mensch? (Klaus Hartmann) - Pers\u00f6nlichkeit und sozialer Sinn (Prof. Dr. Wolfgang Jantzen) - Die Leere der Frankfurter Schule\u2026","rel":"","context":"In &quot;Weltanschauung &amp; Philosophie&quot;","block_context":{"text":"Weltanschauung &amp; Philosophie","link":"https:\/\/www.freidenker.org\/?cat=16"},"img":{"alt_text":"","src":"https:\/\/i0.wp.com\/www.freidenker.org\/fw17\/wp-content\/uploads\/2018\/03\/karl-marx-konferenz_800x445.jpg?fit=800%2C445&ssl=1&resize=350%2C200","width":350,"height":200,"srcset":"https:\/\/i0.wp.com\/www.freidenker.org\/fw17\/wp-content\/uploads\/2018\/03\/karl-marx-konferenz_800x445.jpg?fit=800%2C445&ssl=1&resize=350%2C200 1x, https:\/\/i0.wp.com\/www.freidenker.org\/fw17\/wp-content\/uploads\/2018\/03\/karl-marx-konferenz_800x445.jpg?fit=800%2C445&ssl=1&resize=525%2C300 1.5x, https:\/\/i0.wp.com\/www.freidenker.org\/fw17\/wp-content\/uploads\/2018\/03\/karl-marx-konferenz_800x445.jpg?fit=800%2C445&ssl=1&resize=700%2C400 2x"},"classes":[]},{"id":21412,"url":"https:\/\/www.freidenker.org\/?p=21412","url_meta":{"origin":18158,"position":4},"title":"Konferenz &#8222;Frieden mit Russland&#8220;","author":"Webredaktion","date":"9. April 2025","format":false,"excerpt":"Am 24. M\u00e4rz 2025 fand in Neuenhagen bei Berlin eine Konferenz des Ostdeutschen Kuratoriums von Verb\u00e4nden e.V. statt. Sie stand unter dem Motto \"Frieden mit Russland\" und war mit 500 Besuchern schon einige Wochen vorher ausverkauft. Die Veranstaltung wurde von Dr. Matthias Werner, Pr\u00e4sident des OKV e.V. und Mitglied des\u2026","rel":"","context":"In &quot;Frieden - Antifaschismus - Solidarit\u00e4t&quot;","block_context":{"text":"Frieden - Antifaschismus - Solidarit\u00e4t","link":"https:\/\/www.freidenker.org\/?cat=13"},"img":{"alt_text":"","src":"https:\/\/i0.wp.com\/www.freidenker.org\/fw17\/wp-content\/uploads\/2025\/04\/2025-03-24-Erklaerung_Titel_800x450.jpg?fit=800%2C450&ssl=1&resize=350%2C200","width":350,"height":200,"srcset":"https:\/\/i0.wp.com\/www.freidenker.org\/fw17\/wp-content\/uploads\/2025\/04\/2025-03-24-Erklaerung_Titel_800x450.jpg?fit=800%2C450&ssl=1&resize=350%2C200 1x, https:\/\/i0.wp.com\/www.freidenker.org\/fw17\/wp-content\/uploads\/2025\/04\/2025-03-24-Erklaerung_Titel_800x450.jpg?fit=800%2C450&ssl=1&resize=525%2C300 1.5x, https:\/\/i0.wp.com\/www.freidenker.org\/fw17\/wp-content\/uploads\/2025\/04\/2025-03-24-Erklaerung_Titel_800x450.jpg?fit=800%2C450&ssl=1&resize=700%2C400 2x"},"classes":[]},{"id":581,"url":"https:\/\/www.freidenker.org\/?p=581","url_meta":{"origin":18158,"position":5},"title":"Konferenz: N\u00fctzlicher Feind: Der \u201eFaktor Islam\u201c in den Weltmachtstrategien des Westens","author":"Webmaster","date":"29. Juli 2015","format":false,"excerpt":"Einladung zur Konferenz \"Der 'Faktor Islam' in den Weltmachtstrategien des Westens\" am 12. September 2015 in Frankfurt a.M. Die Weltmachtstrategien der imperialistischen Zentren gegen\u00fcber den arabisch-islamischen L\u00e4ndern sind mit allen Aspekten zu analysieren, um die gewollte \u201eWeltordnung\u201c in ihrer perversen Irrationalit\u00e4t und Gef\u00e4hrlichkeit zu delegitimieren.","rel":"","context":"In &quot;Zentrale Veranstaltungen&quot;","block_context":{"text":"Zentrale Veranstaltungen","link":"https:\/\/www.freidenker.org\/?cat=20"},"img":{"alt_text":"","src":"https:\/\/i0.wp.com\/www.freidenker.org\/fw17\/wp-content\/uploads\/2016\/08\/Konferenz_2015.jpg?fit=800%2C445&ssl=1&resize=350%2C200","width":350,"height":200,"srcset":"https:\/\/i0.wp.com\/www.freidenker.org\/fw17\/wp-content\/uploads\/2016\/08\/Konferenz_2015.jpg?fit=800%2C445&ssl=1&resize=350%2C200 1x, https:\/\/i0.wp.com\/www.freidenker.org\/fw17\/wp-content\/uploads\/2016\/08\/Konferenz_2015.jpg?fit=800%2C445&ssl=1&resize=525%2C300 1.5x, https:\/\/i0.wp.com\/www.freidenker.org\/fw17\/wp-content\/uploads\/2016\/08\/Konferenz_2015.jpg?fit=800%2C445&ssl=1&resize=700%2C400 2x"},"classes":[]}],"_links":{"self":[{"href":"https:\/\/www.freidenker.org\/index.php?rest_route=\/wp\/v2\/posts\/18158","targetHints":{"allow":["GET"]}}],"collection":[{"href":"https:\/\/www.freidenker.org\/index.php?rest_route=\/wp\/v2\/posts"}],"about":[{"href":"https:\/\/www.freidenker.org\/index.php?rest_route=\/wp\/v2\/types\/post"}],"author":[{"embeddable":true,"href":"https:\/\/www.freidenker.org\/index.php?rest_route=\/wp\/v2\/users\/3"}],"replies":[{"embeddable":true,"href":"https:\/\/www.freidenker.org\/index.php?rest_route=%2Fwp%2Fv2%2Fcomments&post=18158"}],"version-history":[{"count":0,"href":"https:\/\/www.freidenker.org\/index.php?rest_route=\/wp\/v2\/posts\/18158\/revisions"}],"wp:featuredmedia":[{"embeddable":true,"href":"https:\/\/www.freidenker.org\/index.php?rest_route=\/wp\/v2\/media\/18191"}],"wp:attachment":[{"href":"https:\/\/www.freidenker.org\/index.php?rest_route=%2Fwp%2Fv2%2Fmedia&parent=18158"}],"wp:term":[{"taxonomy":"category","embeddable":true,"href":"https:\/\/www.freidenker.org\/index.php?rest_route=%2Fwp%2Fv2%2Fcategories&post=18158"},{"taxonomy":"post_tag","embeddable":true,"href":"https:\/\/www.freidenker.org\/index.php?rest_route=%2Fwp%2Fv2%2Ftags&post=18158"}],"curies":[{"name":"wp","href":"https:\/\/api.w.org\/{rel}","templated":true}]}}