{"id":18154,"date":"2024-02-12T23:32:53","date_gmt":"2024-02-12T22:32:53","guid":{"rendered":"https:\/\/www.freidenker.org\/?p=18154"},"modified":"2024-03-06T00:12:08","modified_gmt":"2024-03-05T23:12:08","slug":"warum-die-kampagne-gegen-rechts-erstens-orchestriert-und-zweitens-verlogen-ist","status":"publish","type":"post","link":"https:\/\/www.freidenker.org\/?p=18154","title":{"rendered":"Warum die Kampagne \u201egegen Rechts\u201c erstens orchestriert und zweitens verlogen ist"},"content":{"rendered":"<p><strong>Dass die mediale Kampagne gegen die AfD, die von correctiv losgetreten wurde, eine Inszenierung war, war von Anfang an klar. Inzwischen gibt es auch reichlich Belege daf\u00fcr. Wie verlogen die Kampagne ist, wird inzwischen auch offensichtlich.<\/strong><\/p>\n<p><em>von <strong>Anti-Spiegel<\/strong> (d.i. <strong>Thomas R\u00f6per<\/strong>)<\/em><\/p>\n<p><span style=\"font-size: 10pt;\">Erstver\u00f6ffentlichung am 07.02.2024 auf <a href=\"https:\/\/www.anti-spiegel.ru\/2024\/warum-die-kampagne-gegen-rechts-erstens-orchestriert-und-zweitens-verlogen-ist\/\" target=\"_blank\" rel=\"noopener\">anti-spiegel.ru<\/a><\/span><\/p>\n<p>Ich werde in Russland derzeit \u00f6fter von verschiedenen Medien um Interviews gebeten, denn die Entwicklungen in Deutschland interessieren auch die Menschen in Russland. Eine Frage, die mir dabei immer wieder gestellt wird, ist, wie die deutsche \u00d6ffentlichkeit \u00fcber dieses oder jenes denkt. Und da muss ich den Russen dann immer erkl\u00e4ren, dass es \u201edie deutsche \u00d6ffentlichkeit\u201c eigentlich nicht (mehr) gibt, denn die Deutschen sind so derartig gespalten, dass es in Deutschland zu kaum einem Thema noch eine mehr oder weniger einheitliche \u00f6ffentliche Meinung gibt.<\/p>\n<p>Das hat auch die mediale und politische Kampagne gegen die AfD wieder gezeigt. Die dauert nun etwa vier Wochen an und hat laut Umfragen praktisch keine Wirkung gezeigt. Deutsche Medien jubeln zwar, dass die AfD in Umfragen um zwei oder drei Prozent gefallen ist und nun bei etwa 18 Prozent liegt, aber dabei wird eine Sache immer \u00fcbersehen.<\/p>\n<p>Ich rede von der neuen Partei von Sarah Wagenknecht, die nun ebenfalls in den Umfragen auftaucht. Wagenknecht rekrutiert sicherlich einige ihrer W\u00e4hler bei denen, die nur mit Bauchschmerzen f\u00fcr die AfD stimmen wollten und nun eine weitere M\u00f6glichkeit gefunden zu haben meinen, um gegen die Politik der etablierten Parteien zu stimmen. Die Partei von Wagenknecht, die sich ebenfalls gegen die etablierten Parteien wendet, kommt in Umfragen nun auf f\u00fcnf bis sieben Prozent.<\/p>\n<p>Wenn man das zur AfD hinzurechnet, ist die Anteil der W\u00e4hler, die gegen die Politik der etablierten Blockparteien CDU\/CSU, SPD, FDP und Gr\u00fcne stimmen wollen, sogar gestiegen und nicht gefallen.<\/p>\n<p>Dass die massive Kampagne kaum Einfluss auf die Umfragewerte der AfD haben w\u00fcrde, war vorhersehbar. Diejenigen, die f\u00fcr die AfD (und wahrscheinlich auch f\u00fcr Wagenknecht) stimmen wollen, sind keine Konsumenten der Mainstream-Medien mehr und daher f\u00fcr solche Kampagnen kaum erreichbar. Ich nenne das den \u201eAiwanger-Effekt\u201c, denn die Kampagne gegen den Chef der bayerischen Freien W\u00e4hler kurz vor der Wahl in Bayern hatte auch keinen Effekt, weil die Kampagnen der Medien inzwischen allzu offensichtlich geworden sind, als dass sie bei denen, die sich von den etablierten Blockparteien abgewendet haben, noch etwas erreichen k\u00f6nnten.<\/p>\n<h5>Die orchestrierte Kampagne<\/h5>\n<p><a href=\"https:\/\/www.anti-spiegel.ru\/2024\/medienkampagne-um-remigrations-treffen-wo-ist-eigentlich-das-problem\/\" target=\"_blank\" rel=\"noreferrer noopener\">Das angeblich so skandal\u00f6se Treffen<\/a>, \u00fcber das das von den Mainstream-Medien und der Regierung finanzierte und gelenkte <a href=\"https:\/\/www.anti-spiegel.ru\/2018\/correctiv-wie-die-mainstream-medien-fur-facebook-festlegen-was-wahr-ist-und-was-geloscht-wird\/\" target=\"_blank\" rel=\"noreferrer noopener\">Propaganda-Netzwerk correctiv<\/a> am 10. Januar berichtet hat, fand schon Ende November statt. Wenn dort wirklich so skandal\u00f6se Dinge geschehen w\u00e4ren, wie die Medien uns glauben machen wollen, stellt sich schon die erste Frage: Warum hat correctiv mit der Ver\u00f6ffentlichung bis Anfang Januar gewartet, wenn doch Ende November schon alle Informationen vorlagen?<\/p>\n<p>Die Ver\u00f6ffentlichung fiel stattdessen auf den Beginn der von der Regierung gef\u00fcrchteten und schon im Dezember angek\u00fcndigten Bauerproteste. Die Medienberichte \u00fcber die Demonstrationen der Anti-AfD-Demos haben die Berichte \u00fcber die Bauernproteste aus den Schlagzeilen verdr\u00e4ngt. Das war praktisch und ganz im Sinne der Regierung. Und war ganz sicher kein Zufall, wie wir gleich sehen werden.<\/p>\n<p>Die Geschichte um Aiwanger und viele andere Beispiele der letzten Jahre zeigen, dass die Medien immer kurz vor Wahlen angebliche \u201eSkandale\u201c in die Schlagzeilen bringen, mit denen die ach so b\u00f6sen \u201erechten\u201c Parteien diskreditiert werden sollen, um ihre Wahlergebnisse zu verschlechtern. Ich ordne die correctiv-Kampagne in diese Schublade ein, denn es geht darum, die AfD vor den anstehenden Europawahlen zu schw\u00e4chen. Wir sollten uns mit viel Popcorn eindecken, denn ich bin mir sicher, dass die Medien noch viele \u201eSkandale\u201c aufdecken werden \u2013 nat\u00fcrlich wieder rein zuf\u00e4llig kurz vor den Wahlen.<\/p>\n<p>Das angebliche Geheimtreffen in Potsdam d\u00fcrfte in Wirklichkeit recht banal gewesen sein. Urspr\u00fcnglich war bei corectiv die Rede davon, bei dem Treffen sei es um \u201eDeportationen\u201c gegangen, ein Wort, das bei Deutschen sofort Erinnerungen an den Holocaust und die Deportationen von Juden weckt. Dass es um \u201eDeportationen\u201c gegangen sein soll, war jedoch gelogen und Teil der gewollten Stimmungsmache, denn die Medien haben das Wort bereitwillig zitiert. Sp\u00e4ter hat correctiv das still und heimlich <a href=\"https:\/\/de.rt.com\/inland\/194434-correctiv-komplex-heimliche-artikel-korrektur\/\" target=\"_blank\" rel=\"noreferrer noopener\">ge\u00e4ndert<\/a>, nun ist die Rede \u201eVertreibung\u201c.<\/p>\n<h5>\u201eGeschichten erfinden\u201c<\/h5>\n<p>Jean Peters, einer der federf\u00fchrenden \u201einvestigativen Journalisten\u201c von correctiv bei der \u201eRecherche\u201c \u00fcber das angebliche Geheimtreffen ist kein Journalist. Er ist Aktivist und ein erkl\u00e4rter Gegner der AfD, der auch schon <a href=\"https:\/\/apollo-news.net\/correctiv-autor-attackierte-afd-politikerin-beatrix-von-storch\/\" target=\"_blank\" rel=\"noreferrer noopener\">f\u00fchrende AfD-Politiker t\u00e4tlich angegriffen<\/a> hat. \u00dcber sich selbst <a href=\"https:\/\/web.archive.org\/web\/20240204052906\/https:\/\/www.jeanpeters.de\/tactical-media\/\" target=\"_blank\" rel=\"noreferrer noopener\">schrieb er auf seiner Seite<\/a>:<\/p>\n<blockquote class=\"wp-block-quote\"><p>\u201eIch entwickele Aktionen und erfinde Geschichten, mit denen ich in das politische und \u00f6konomische Geschehen interveniere. Besonders wichtig dabei: Mit der passenden Medienstrategie Aufmerksamkeit erregen, den gesellschaftlichen Diskus anregen und so zum Wandel beitragen.\u201c<\/p><\/blockquote>\n<p>Das ist genau das, was correctiv mit dem \u201eSkandal\u201c um das \u201eGeheimtreffen\u201c offensichtlich getan hat: Es wurde eine Geschichte erfunden, um \u201ein das politische Geschehen\u201c zu \u201eintervenieren\u201c, und es gab auch die \u201epassende Medienstrategie\u201c, wie die darauf folgende Medienkampagne gezeigt hat.<\/p>\n<p>Der Eintrag auf der Seite von Jean Peters ist Boris Reitschuster aufgefallen und er hat dar\u00fcber geschrieben. Nur einen Tag sp\u00e4ter hat Jean Peters den Text auf seiner Seite ge\u00e4ndert und die verr\u00e4terische Aussage gel\u00f6scht. <a href=\"https:\/\/web.archive.org\/web\/20240204184154\/https:\/\/www.jeanpeters.de\/tactical-media\/\" target=\"_blank\" rel=\"noreferrer noopener\">Danach lautete die Passage<\/a>:<\/p>\n<blockquote class=\"wp-block-quote\"><p>\u201eIch arbeite mittlerweile als investigativer Journalist bei Correctiv, dem gr\u00f6\u00dften gemeinwohlorientieren Medienhaus in Deutschland.<br \/>\nDavor habe ich Aktionen entwickelt, mit denen ich in das politische und \u00f6konomische Geschehen intervenierte. Es ging darum Strategien zu entwickeln, um Aufmerksamkeit zu erregen und dadurch den gesellschaftlichen Diskus anzuregen und so zum Wandel beizutragen.\u201c<\/p><\/blockquote>\n<p>Von \u201eGeschichten erfinden\u201c, worauf er zuvor so stolz war, steht da nun nichts mehr. Nicht einmal, dass er das fr\u00fcher getan hat.<\/p>\n<h5>Medien und Politik waren offensichtlich Wochen vorher informiert<\/h5>\n<p>Daf\u00fcr, dass die correctiv-Geschichte eine von langer Hand geplante Denunzierungskampagne war, gibt es noch weit mehr Beweise. In Berlin gab es am 17. Januar, rund eine Woche nach der Ver\u00f6ffentlichung von correctiv, eine szenische Lesung im Berliner Ensemble, bei der Schauspieler das angebliche Skandaltreffen nachgespielt haben. Ihre Texte haben sie vom Papier abgelesen. Aber <a href=\"https:\/\/www.berliner-zeitung.de\/politik-gesellschaft\/die-methode-boehmermann-wieso-fuehrte-correctiv-die-recherche-als-szenische-lesung-auf-li.2183100\" target=\"_blank\" rel=\"noreferrer noopener\">wie die Berliner Zeitung berichtete<\/a>, war das Theater schon im Dezember \u00fcber anstehende Anti-AfD-Kampagne informiert:<\/p>\n<blockquote class=\"wp-block-quote\"><p>\u201eDer k\u00fcnstlerische Direktor des Wiener Volkstheaters, Kay Voges, wusste seit Ende Dezember von der Correctiv-Recherche. Das teilte eine Sprecherin des Volkstheaters der Berliner Zeitung auf Anfrage mit.\u201c<\/p><\/blockquote>\n<p>Und wenn das Theater schon zwei Wochen vor der Ver\u00f6ffentlichung von correctiv informiert war, dann waren es die Mainstream-Medien, die bei correctiv im Management sitzen, erst recht. Sie hatten reichlich Zeit, ihre Artikel vorzubereiten und ab dem 10. Januar die geplante Kampagne gegen die AfD zu starten. Gleiches gilt f\u00fcr die Regierung, die correctiv finanziert. Auch dort war man sicher vorher informiert und stand bereit, die n\u00f6tige Entr\u00fcstung zu heucheln und zu Massendemos gegen die \u201eb\u00f6sen Rechten\u201c aufzurufen.<\/p>\n<p>Auff\u00e4llig dabei ist, dass Medien und Politik die ganze Partei AfD angreifen, obwohl bei dem \u201eGeheimtreffen\u201c keine f\u00fchrenden AfD-Politiker dabei waren, sondern nur irgendwelche Leute aus den hinteren Reihen. Wenn so ein Treffen tats\u00e4chlich auf die ganze Partei abf\u00e4rben sollte, dann h\u00e4tte sich die Medienkampagne auch gegen die CDU richten m\u00fcssen, von der auch einige Hinterb\u00e4nkler dabei gewesen sind. Aber die CDU stand nicht im Fokus der Medien und der Demos.<\/p>\n<h5>Das perfekte Timing<\/h5>\n<p>Und hier kommen wir wieder zu dem bemerkenswerten Datum der Ver\u00f6ffentlichung von correctiv. Im Dezember hatten die Bauern f\u00fcr die Zeit ab dem 8. Januar ihre Proteste angek\u00fcndigt. Im Vorfeld der Proteste haben die Medien begonnen, die Bauern mit Rechtsradikalen in Verbindung zu bringen. Die Medienkampagne gegen die angeblichen Rechtsextremen und Demokratiefeinde bei den Bauerprotesten begann knapp eine Woche vorher.<\/p>\n<p>Am 8. Januar begannen die Bauernproteste <a href=\"https:\/\/www.anti-spiegel.ru\/2024\/die-bauerproteste-und-die-krude-weltsicht-des-spiegel\/\" target=\"_blank\" rel=\"noreferrer noopener\">begleitet von der Medienkampagne<\/a> \u00fcber angebliche Rechtsextreme und Demokratiefeinde bei den Protesten. Und nur zwei Tage sp\u00e4ter kam die, wie wir nun wissen, lange geplante und abgesprochene Ver\u00f6ffentlichung von correctiv und hat die Bauernproteste erstens in den medial verdr\u00e4ngt und zweitens sicher viele Teilnehmer verunsichert, denn vor dem Hintergrund der \u201eDemos gegen rechts\u201c wollten sicher weniger Menschen auf den als \u201erechts\u201c bezeichneten Bauerndemos mitlaufen.<\/p>\n<p>Das Management des Theaters in Berlin wusste \u201eseit Ende Dezember\u201c von der geplanten Kampagne gegen die AfD, was bedeutet, dass Ende Dezember wahrscheinlich schon entschieden war, wann die correctiv-Kampagne gestartet werden soll. Dass man sich den 10. Januar ausgesucht hat, d\u00fcrfte kein Zufall sein, denn am 18. Dezember hatte Landwirtschaftsminister \u00d6zdemir seinen Auftritt bei Bauerprotesten, bei dem er furchtbar ausgebuht wurde und bei dem ihn Joachim Rukwied, der Chef des Bauernverbandes, abgekanzelt hat. Bei der Veranstaltung hat Rukwied angek\u00fcndigt, dass die Proteste im Januar eskalieren w\u00fcrden, denn was die Ampel vorhabe, sagte Rukwied auf der Demo, sei eine Kampfansage und <a href=\"https:\/\/www.spiegel.de\/politik\/deutschland\/cem-oezdemir-und-die-wut-der-bauern-auf-die-ampel-a-02f6870c-eccb-46be-a100-66253c96d22e\" target=\"_blank\" rel=\"noreferrer noopener\">er f\u00fcgte hinzu<\/a>:<\/p>\n<blockquote class=\"wp-block-quote\"><p>\u201eDiese Kampfansage nehmen wir an. Das ist hier heute nur der Auftakt.\u201c<\/p><\/blockquote>\n<p>Jetzt spekuliere ich nat\u00fcrlich, aber ich w\u00fcrde einiges darauf wetten, dass im Anschluss an dieses Ereignis entschieden wurde, die correctiv-Geschichte unmittelbar nach dem Auftakt der Bauernproteste zu bringen, um denen den Wind aus den Segeln zu nehmen.<\/p>\n<p>Obwohl das alles sehr offensichtlich ist, w\u00fcrden Medien und Politik das als \u201eVerschw\u00f6rungstheorie\u201c bezeichnen. Allerdings muss man bei so vielen Zuf\u00e4llen schon ein \u00fcberzeugter Zufallsgl\u00e4ubiger sein, wenn man keinen Verdacht sch\u00f6pft.<\/p>\n<h5>Ist die SPD rechtsextrem?<\/h5>\n<p>Wie verlogen die Kampagne ist, zeigt noch ein anderes Beispiel. Der AfD wird nach dem \u201eGeheimtreffen\u201c vorgeworfen, massenhaft Migranten abschieben zu wollen. Aber was ist daran verwerflich? Schlie\u00dflich hat Bundeskanzler Scholz im Oktober 2023, also einen Monat vor dem \u201eGeheimtreffen\u201c, <a href=\"https:\/\/www.spiegel.de\/politik\/deutschland\/olaf-scholz-abschiebe-ankuendigung-des-kanzlers-jetzt-muessen-taten-folgen-a-0b6a606a-c72d-4327-b10e-8eecff4403da\" target=\"_blank\" rel=\"noreferrer noopener\">gesagt<\/a>:<\/p>\n<blockquote class=\"wp-block-quote\"><p>\u201eWir m\u00fcssen endlich im gro\u00dfen Stil diejenigen abschieben, die kein Recht haben, in Deutschland zu bleiben.<br \/>\nEs kommen zu viele.<br \/>\nWir m\u00fcssen mehr und schneller abschieben.\u201c<\/p><\/blockquote>\n<p>Und gerade erst hat der SPD-Vorsitzende Lars Klingbeil die schnelle Umsetzung der von Scholz ins Leben gerufenen \u201eAbschiebe-Offensive\u201c gefordert. <a href=\"https:\/\/de.rt.com\/inland\/194776-spd-vorsitzender-fordert-konsequente-anwendung\/\" target=\"_blank\" rel=\"noreferrer noopener\">Er rief die Bundesl\u00e4nder auf<\/a>, die von der Bundesregierung im Januar versch\u00e4rften Abschieberegeln konsequent anzuwenden:<\/p>\n<blockquote class=\"wp-block-quote\"><p>\u201eDie Bundesl\u00e4nder haben jetzt die M\u00f6glichkeiten \u2013 und sie m\u00fcssen diese auch nutzen\u201c<\/p><\/blockquote>\n<p>Ich kann da keine gro\u00dfen Unterschiede zu den Forderungen der AfD erkennen.<\/p>\n<p>Aber der AfD wird nach dem \u201eGeheimtreffen\u201c ja auch vorgeworfen, sie wolle Migranten, die bereits eingeb\u00fcrgert wurden, die deutsche Staatsb\u00fcrgerschaft wieder entziehen, was angeblich ganz schlimm ist. Teilnehmer des \u201eGeheimtreffens\u201c haben das auch nicht bestritten, allerdings eingeschr\u00e4nkt, die Rede sei von integrationsunwilligen Islamisten und Kriminellen gewesen, denen man zum Beispiel f\u00fcr islamistische Verbrechen die deutsche Staatsangeh\u00f6rigkeit wieder entziehen solle.<\/p>\n<p>Auch das ist allerdings eine Forderung der SPD. Mitte November haben deutsche Medien dar\u00fcber berichtet. <a href=\"https:\/\/www.tagesspiegel.de\/politik\/bis-zu-zehn-jahre-ruckwirkend-spd-will-antisemiten-deutschen-pass-nachtraglich-entziehen-10782103.html\" target=\"_blank\" rel=\"noreferrer noopener\">Im Tagesspiegel klang es beispielsweise so<\/a>:<\/p>\n<blockquote class=\"wp-block-quote\"><p>\u201eEntpuppt sich jemand, der den deutschen Pass bekommen hat, sp\u00e4ter als Antisemit, soll ihm nachtr\u00e4glich der deutsche Pass entzogen werden k\u00f6nnen. Das fordert die SPD f\u00fcr das neue Staatsb\u00fcrgergesetz.\u201c<\/p><\/blockquote>\n<p>Daran sieht man, wie konstruiert die Kampagne gegen die AfD ist. W\u00fcrden Medien und Politiker das ernst meinen, was sie \u00fcber die AfD erz\u00e4hlen, m\u00fcssten sie die Menschen auch zu Protesten gegen die SPD aufrufen, die ganz offiziell die gleichen Forderungen stellt, wie die Teilnehmer an dem angeblichen \u201eGeheimtreffen\u201c.<\/p>\n<p>Was ist also der Skandal an dem \u201eGeheimtreffen\u201c? Der einzige Skandal ist, wie sich die deutschen Medien und Politiker der Blockparteien verhalten.<\/p>\n<p style=\"text-align: right;\"><em>Thomas R\u00f6per, geboren 1971, lebt seit \u00fcber 15 Jahren in Russland. Die Schwerpunkte seiner medienkritischen Arbeit sind das (mediale) Russlandbild in Deutschland, Kritik an der Berichterstattung westlicher Medien im Allgemeinen und die Themen (Geo-)Politik und Wirtschaft.<\/em><\/p>\n<hr \/>\n<p><span style=\"font-size: 10pt;\">Bild oben: Soziale Netzwerke, \u00fcbernommen von <a href=\"https:\/\/www.anti-spiegel.ru\/2024\/warum-die-kampagne-gegen-rechts-erstens-orchestriert-und-zweitens-verlogen-ist\/\" target=\"_blank\" rel=\"noopener\">anti-spiegel.ru<\/a><\/span><\/p>\n","protected":false},"excerpt":{"rendered":"<p><b>Beitrag von Thomas R\u00f6per<\/b><br \/>\nIch werde in Russland derzeit \u00f6fter von verschiedenen Medien um Interviews gebeten, denn die Entwicklungen in Deutschland interessieren auch die Menschen in Russland. Eine Frage, die mir dabei immer wieder gestellt wird, ist, wie die deutsche \u00d6ffentlichkeit \u00fcber dieses oder jenes denkt. Und da muss ich den Russen dann immer erkl\u00e4ren, dass es \u201edie deutsche \u00d6ffentlichkeit\u201c eigentlich nicht (mehr) gibt, denn die Deutschen sind so derartig gespalten, dass es in Deutschland zu kaum einem Thema noch eine mehr oder weniger einheitliche \u00f6ffentliche Meinung gibt. Das hat auch die mediale und politische Kampagne gegen die AfD wieder gezeigt. Die dauert nun etwa vier Wochen an und hat laut Umfragen praktisch keine Wirkung gezeigt. Deutsche Medien jubeln zwar, dass die AfD in Umfragen um zwei oder drei Prozent gefallen ist und nun bei etwa 18 Prozent liegt, aber dabei wird eine Sache immer \u00fcbersehen.<\/p>\n","protected":false},"author":3,"featured_media":18156,"comment_status":"closed","ping_status":"closed","sticky":false,"template":"","format":"standard","meta":{"colormag_page_container_layout":"default_layout","colormag_page_sidebar_layout":"default_layout","advanced_seo_description":"","jetpack_seo_html_title":"","jetpack_seo_noindex":false,"jetpack_post_was_ever_published":false,"footnotes":""},"categories":[12],"tags":[2079,1031,2095,2077,1999,277,1466,964,124,815,1352,1813],"class_list":["post-18154","post","type-post","status-publish","format-standard","has-post-thumbnail","hentry","category-demokratie-medien-aufklaerung","tag-abschiebung","tag-afd","tag-bauernproteste","tag-correctiv","tag-deportation","tag-holocaust","tag-kampagne","tag-medienhetze","tag-politik","tag-spd","tag-strategie","tag-wagenknecht"],"jetpack_featured_media_url":"https:\/\/i0.wp.com\/www.freidenker.org\/fw17\/wp-content\/uploads\/2024\/02\/ard-propaganda1_800x450.jpg?fit=800%2C450&ssl=1","jetpack_shortlink":"https:\/\/wp.me\/p9stpK-4IO","jetpack-related-posts":[{"id":18205,"url":"https:\/\/www.freidenker.org\/?p=18205","url_meta":{"origin":18154,"position":0},"title":"Causa Correctiv: &#8222;Rechercheportal&#8220; wird durch &#8222;Geheimtreffen&#8220;-Beschuldigte juristisch angezeigt","author":"Webredaktion","date":"14. Februar 2024","format":false,"excerpt":"Beitrag von Bernhard Loyen Ein vermeintlich investigativer Artikel des\u00a0medial titulierten \"Rechercheportals\" Correctiv sorgt f\u00fcr dynamische gesellschaftliche Reaktionen hinsichtlich der Oppositionspartei AfD und ihrer Sympathisanten. Seit der Ver\u00f6ffentlichung des Correctiv-Artikels \"Neue Rechte \u2013 Geheimplan gegen Deutschland\" am 10. Januar erleben die AfD, zugeh\u00f6rige Politiker wie auch W\u00e4hler und Unterst\u00fctzer der Partei\u2026","rel":"","context":"In &quot;Demokratie \u2013 Medien \u2013 Aufkl\u00e4rung&quot;","block_context":{"text":"Demokratie \u2013 Medien \u2013 Aufkl\u00e4rung","link":"https:\/\/www.freidenker.org\/?cat=12"},"img":{"alt_text":"","src":"https:\/\/i0.wp.com\/www.freidenker.org\/fw17\/wp-content\/uploads\/2024\/02\/privacy-policy-1624400_800x450.jpg?fit=800%2C450&ssl=1&resize=350%2C200","width":350,"height":200,"srcset":"https:\/\/i0.wp.com\/www.freidenker.org\/fw17\/wp-content\/uploads\/2024\/02\/privacy-policy-1624400_800x450.jpg?fit=800%2C450&ssl=1&resize=350%2C200 1x, https:\/\/i0.wp.com\/www.freidenker.org\/fw17\/wp-content\/uploads\/2024\/02\/privacy-policy-1624400_800x450.jpg?fit=800%2C450&ssl=1&resize=525%2C300 1.5x, https:\/\/i0.wp.com\/www.freidenker.org\/fw17\/wp-content\/uploads\/2024\/02\/privacy-policy-1624400_800x450.jpg?fit=800%2C450&ssl=1&resize=700%2C400 2x"},"classes":[]},{"id":17901,"url":"https:\/\/www.freidenker.org\/?p=17901","url_meta":{"origin":18154,"position":1},"title":"Die Demokratie und ihre Feinde","author":"Webredaktion","date":"20. Januar 2024","format":false,"excerpt":"Deutsche Medien zum \"Vertreibungsplan\" der AfD Beitrag von Gert Ewen Ungar Am Mittwoch [10.01.2024] titelte die Tagesschau\u00a0\"AfD-Politiker diskutieren offenbar Vertreibungsplan\". Was sich daran im Beitrag anschlie\u00dft, f\u00e4llt unter den Begriff Hetze und Desinformation. Die Tagesschau ist damit nicht allein, denn es handelt sich bei der aktuellen Agitation gegen die AfD\u2026","rel":"","context":"In &quot;Demokratie \u2013 Medien \u2013 Aufkl\u00e4rung&quot;","block_context":{"text":"Demokratie \u2013 Medien \u2013 Aufkl\u00e4rung","link":"https:\/\/www.freidenker.org\/?cat=12"},"img":{"alt_text":"","src":"https:\/\/i0.wp.com\/www.freidenker.org\/fw17\/wp-content\/uploads\/2024\/01\/Potsdam-Neu_Fahrland_AmLehnitzsee1_800x450.jpg?fit=800%2C450&ssl=1&resize=350%2C200","width":350,"height":200,"srcset":"https:\/\/i0.wp.com\/www.freidenker.org\/fw17\/wp-content\/uploads\/2024\/01\/Potsdam-Neu_Fahrland_AmLehnitzsee1_800x450.jpg?fit=800%2C450&ssl=1&resize=350%2C200 1x, https:\/\/i0.wp.com\/www.freidenker.org\/fw17\/wp-content\/uploads\/2024\/01\/Potsdam-Neu_Fahrland_AmLehnitzsee1_800x450.jpg?fit=800%2C450&ssl=1&resize=525%2C300 1.5x, https:\/\/i0.wp.com\/www.freidenker.org\/fw17\/wp-content\/uploads\/2024\/01\/Potsdam-Neu_Fahrland_AmLehnitzsee1_800x450.jpg?fit=800%2C450&ssl=1&resize=700%2C400 2x"},"classes":[]},{"id":18077,"url":"https:\/\/www.freidenker.org\/?p=18077","url_meta":{"origin":18154,"position":2},"title":"Arbeitet Correctiv in staatlichem Auftrag? Falls ja, f\u00fcr welchen Staat?","author":"Webredaktion","date":"2. Februar 2024","format":false,"excerpt":"Beitrag von Dagmar Henn Es ist eine interessante Frage, die im Zusammenhang mit dem \"Geheimtreffen\" aufgetaucht ist: Wie ist eigentlich das Verh\u00e4ltnis zwischen staatlichen Stellen und diesen Zusatzgeheimdiensten beschaffen? Es ist ein konkretes Detail bei der vermeintlichen \"Enth\u00fcllung\", das diesen Punkt sichtbar gemacht und in die Debatte gebracht hat. Insbesondere\u2026","rel":"","context":"In &quot;Demokratie \u2013 Medien \u2013 Aufkl\u00e4rung&quot;","block_context":{"text":"Demokratie \u2013 Medien \u2013 Aufkl\u00e4rung","link":"https:\/\/www.freidenker.org\/?cat=12"},"img":{"alt_text":"","src":"https:\/\/i0.wp.com\/www.freidenker.org\/fw17\/wp-content\/uploads\/2024\/02\/Correctiv_Villa_Adlon.jpg?fit=801%2C450&ssl=1&resize=350%2C200","width":350,"height":200,"srcset":"https:\/\/i0.wp.com\/www.freidenker.org\/fw17\/wp-content\/uploads\/2024\/02\/Correctiv_Villa_Adlon.jpg?fit=801%2C450&ssl=1&resize=350%2C200 1x, https:\/\/i0.wp.com\/www.freidenker.org\/fw17\/wp-content\/uploads\/2024\/02\/Correctiv_Villa_Adlon.jpg?fit=801%2C450&ssl=1&resize=525%2C300 1.5x, https:\/\/i0.wp.com\/www.freidenker.org\/fw17\/wp-content\/uploads\/2024\/02\/Correctiv_Villa_Adlon.jpg?fit=801%2C450&ssl=1&resize=700%2C400 2x"},"classes":[]},{"id":20946,"url":"https:\/\/www.freidenker.org\/?p=20946","url_meta":{"origin":18154,"position":3},"title":"Betreutes Demonstrieren","author":"Webredaktion","date":"10. Februar 2025","format":false,"excerpt":"Rechte Koalition f\u00fcr Demos gegen Rechts Beitrag von Uli Gellermann Es hat eine gewisse Komik: Die Demos gegen \u201eRechts\u201c finden in den Mehrheitsmedien und den Regierungskreis-Sprechern eine total positive Resonanz. Diese Einheitsfront kannte man zuletzt w\u00e4hrend des Corona-Regimes, die auch von einer \u00fcberw\u00e4ltigenden \u00f6ffentlichen Einheitsmeinung bestimmt war. Und diese Einheitsmeinung\u2026","rel":"","context":"In &quot;Demokratie \u2013 Medien \u2013 Aufkl\u00e4rung&quot;","block_context":{"text":"Demokratie \u2013 Medien \u2013 Aufkl\u00e4rung","link":"https:\/\/www.freidenker.org\/?cat=12"},"img":{"alt_text":"","src":"https:\/\/i0.wp.com\/www.freidenker.org\/fw17\/wp-content\/uploads\/2025\/02\/Demo_gegen_Rechts_Berlin_25.01.2025_04_800x450.jpg?fit=800%2C450&ssl=1&resize=350%2C200","width":350,"height":200,"srcset":"https:\/\/i0.wp.com\/www.freidenker.org\/fw17\/wp-content\/uploads\/2025\/02\/Demo_gegen_Rechts_Berlin_25.01.2025_04_800x450.jpg?fit=800%2C450&ssl=1&resize=350%2C200 1x, https:\/\/i0.wp.com\/www.freidenker.org\/fw17\/wp-content\/uploads\/2025\/02\/Demo_gegen_Rechts_Berlin_25.01.2025_04_800x450.jpg?fit=800%2C450&ssl=1&resize=525%2C300 1.5x, https:\/\/i0.wp.com\/www.freidenker.org\/fw17\/wp-content\/uploads\/2025\/02\/Demo_gegen_Rechts_Berlin_25.01.2025_04_800x450.jpg?fit=800%2C450&ssl=1&resize=700%2C400 2x"},"classes":[]},{"id":19887,"url":"https:\/\/www.freidenker.org\/?p=19887","url_meta":{"origin":18154,"position":4},"title":"Zensur von RT: Ende der liberalen Demokratien","author":"Webredaktion","date":"23. September 2024","format":false,"excerpt":"Beitrag von Gert Ewen Ungar\u00a0 In einer konzertierten Aktion versetzt der kollektive Westen unter F\u00fchrung der USA der Presse- und Meinungsfreiheit einen weiteren Schlag. Im Zentrum der Attacke steht erneut\u00a0RT. Nachdem die USA neue Sanktionen gegen den russischen Sender verh\u00e4ngt haben, hat nun auch der eng mit der US-Administration verflochtene\u2026","rel":"","context":"In &quot;Demokratie \u2013 Medien \u2013 Aufkl\u00e4rung&quot;","block_context":{"text":"Demokratie \u2013 Medien \u2013 Aufkl\u00e4rung","link":"https:\/\/www.freidenker.org\/?cat=12"},"img":{"alt_text":"","src":"https:\/\/i0.wp.com\/www.freidenker.org\/fw17\/wp-content\/uploads\/2024\/09\/Secretary_Blinken_Delivers_Remarks_in_the_Press_Briefing_Room_53992799309_800x450.jpg?fit=800%2C450&ssl=1&resize=350%2C200","width":350,"height":200,"srcset":"https:\/\/i0.wp.com\/www.freidenker.org\/fw17\/wp-content\/uploads\/2024\/09\/Secretary_Blinken_Delivers_Remarks_in_the_Press_Briefing_Room_53992799309_800x450.jpg?fit=800%2C450&ssl=1&resize=350%2C200 1x, https:\/\/i0.wp.com\/www.freidenker.org\/fw17\/wp-content\/uploads\/2024\/09\/Secretary_Blinken_Delivers_Remarks_in_the_Press_Briefing_Room_53992799309_800x450.jpg?fit=800%2C450&ssl=1&resize=525%2C300 1.5x, https:\/\/i0.wp.com\/www.freidenker.org\/fw17\/wp-content\/uploads\/2024\/09\/Secretary_Blinken_Delivers_Remarks_in_the_Press_Briefing_Room_53992799309_800x450.jpg?fit=800%2C450&ssl=1&resize=700%2C400 2x"},"classes":[]},{"id":18583,"url":"https:\/\/www.freidenker.org\/?p=18583","url_meta":{"origin":18154,"position":5},"title":"Potsdam, Correctiv und unbeantwortete Fragen: Ein Putsch ganz ohne Rollatoren","author":"Webredaktion","date":"24. M\u00e4rz 2024","format":false,"excerpt":"Beitrag vom Dagmar Henn Die Geschichte rund um die Correctiv-Erz\u00e4hlung von Potsdam scheint noch lange nicht zu Ende zu sein. Genau genommen, w\u00e4re sie unter normalen Umst\u00e4nden l\u00e4ngst Thema f\u00fcr einen parlamentarischen Untersuchungsausschuss. Zuletzt lieferte die Antwort auf eine Frage des AfD-Abgeordneten Leif-Erik Holm einen weiteren Grund daf\u00fcr. Fassen wir\u2026","rel":"","context":"In &quot;Demokratie \u2013 Medien \u2013 Aufkl\u00e4rung&quot;","block_context":{"text":"Demokratie \u2013 Medien \u2013 Aufkl\u00e4rung","link":"https:\/\/www.freidenker.org\/?cat=12"},"img":{"alt_text":"","src":"https:\/\/i0.wp.com\/www.freidenker.org\/fw17\/wp-content\/uploads\/2024\/03\/Demokratie_Verteidigen_protest_Berlin_2024-01-14_148_800x450.jpg?fit=800%2C450&ssl=1&resize=350%2C200","width":350,"height":200,"srcset":"https:\/\/i0.wp.com\/www.freidenker.org\/fw17\/wp-content\/uploads\/2024\/03\/Demokratie_Verteidigen_protest_Berlin_2024-01-14_148_800x450.jpg?fit=800%2C450&ssl=1&resize=350%2C200 1x, https:\/\/i0.wp.com\/www.freidenker.org\/fw17\/wp-content\/uploads\/2024\/03\/Demokratie_Verteidigen_protest_Berlin_2024-01-14_148_800x450.jpg?fit=800%2C450&ssl=1&resize=525%2C300 1.5x, https:\/\/i0.wp.com\/www.freidenker.org\/fw17\/wp-content\/uploads\/2024\/03\/Demokratie_Verteidigen_protest_Berlin_2024-01-14_148_800x450.jpg?fit=800%2C450&ssl=1&resize=700%2C400 2x"},"classes":[]}],"_links":{"self":[{"href":"https:\/\/www.freidenker.org\/index.php?rest_route=\/wp\/v2\/posts\/18154","targetHints":{"allow":["GET"]}}],"collection":[{"href":"https:\/\/www.freidenker.org\/index.php?rest_route=\/wp\/v2\/posts"}],"about":[{"href":"https:\/\/www.freidenker.org\/index.php?rest_route=\/wp\/v2\/types\/post"}],"author":[{"embeddable":true,"href":"https:\/\/www.freidenker.org\/index.php?rest_route=\/wp\/v2\/users\/3"}],"replies":[{"embeddable":true,"href":"https:\/\/www.freidenker.org\/index.php?rest_route=%2Fwp%2Fv2%2Fcomments&post=18154"}],"version-history":[{"count":0,"href":"https:\/\/www.freidenker.org\/index.php?rest_route=\/wp\/v2\/posts\/18154\/revisions"}],"wp:featuredmedia":[{"embeddable":true,"href":"https:\/\/www.freidenker.org\/index.php?rest_route=\/wp\/v2\/media\/18156"}],"wp:attachment":[{"href":"https:\/\/www.freidenker.org\/index.php?rest_route=%2Fwp%2Fv2%2Fmedia&parent=18154"}],"wp:term":[{"taxonomy":"category","embeddable":true,"href":"https:\/\/www.freidenker.org\/index.php?rest_route=%2Fwp%2Fv2%2Fcategories&post=18154"},{"taxonomy":"post_tag","embeddable":true,"href":"https:\/\/www.freidenker.org\/index.php?rest_route=%2Fwp%2Fv2%2Ftags&post=18154"}],"curies":[{"name":"wp","href":"https:\/\/api.w.org\/{rel}","templated":true}]}}