{"id":18148,"date":"2024-02-11T20:41:42","date_gmt":"2024-02-11T19:41:42","guid":{"rendered":"https:\/\/www.freidenker.org\/?p=18148"},"modified":"2024-03-06T00:11:52","modified_gmt":"2024-03-05T23:11:52","slug":"kommt-er-mit-dem-schiff-nach-haus-jagt-ihn-das-volk-aufs-meer-hinaus","status":"publish","type":"post","link":"https:\/\/www.freidenker.org\/?p=18148","title":{"rendered":"\u201eKommt er mit dem Schiff nach Haus, jagt ihn das Volk aufs Meer hinaus\u201c"},"content":{"rendered":"<h3>\u201eTrau niemals der KI!\u201c<\/h3>\n<p>Karnevals-\u201eSitzungen\u201c, also Saalveranstaltungen mit B\u00fcttenreden, Tanz und Gesang kommen \u00fcberwiegend brav, leicht angestaubt und angepasst daher, die gew\u00fcnschte Gleichschaltung schreitet auch in der f\u00fcnften Jahreszeit voran. Durch jene, die vor der Herrschaft untert\u00e4nigst katzbuckeln, den Hofnarr spielen und das Volk im h\u00f6heren Auftrag zurechtweisen oder verspotten. Statt dem genialen \u201eHeizungsgesetz\u201c nehmen sie lieber die Demonstrationen dagegen auf\u2019s Korn \u2013 irre lustig.<\/p>\n<p>Auch bei der <strong>Prunksitzung des Fastnacht-Verband Franken am 02. Februar 2024 in den Mainfrankens\u00e4len in Veitsh\u00f6chheim<\/strong> traten Mainstreamnachbeter, Regierungsadvokaten und blassrosa-olivgr\u00fcnliche Hofs\u00e4nger auf, aber \u2013 es gab auch eine \u00fcberraschende Ausnahme: Mitwirkende, die gegen den Stachel l\u00f6cken, bei denen das historisch Widerst\u00e4ndige der Fastnacht weiterlebt, und die damit Mut zum Widersprechen und Aufbegehren machen.<\/p>\n<p>Die Veranstaltung aus Franken ist etwas, was die Fernsehanstalten einen \u201eQuotenrenner\u201c nennen \u2013 \u00fcber 50% des bayerischen Fernsehpublikums und \u00fcber 3,5 Millionen bundesweit sahen die Live-\u00dcbertragung am Freitag (02.02.2023), mit den Wiederholungen am Samstag sowie am Fastnachtsdienstag d\u00fcrften weitere Millionen dazukommen. Auch in der Mediathek kann man sich die \u201ePrunksitzung\u201c anschauen:<\/p>\n<p><a href=\"https:\/\/www.ardmediathek.de\/video\/fastnacht-in-franken\/prunksitzung-in-veitshoechheim\/br-fernsehen\/Y3JpZDovL2JyLmRlL2Jyb2FkY2FzdFNjaGVkdWxlU2xvdC80MTMzOTU5NTU4MTNfRjIwMjNXTzAxNTI3N0Ew\"><img data-recalc-dims=\"1\" loading=\"lazy\" decoding=\"async\" data-attachment-id=\"5427\" data-permalink=\"https:\/\/www.freidenker.org\/?attachment_id=5427\" data-orig-file=\"https:\/\/i0.wp.com\/www.freidenker.org\/fw17\/wp-content\/uploads\/2018\/09\/video_icon_32x32.jpg?fit=32%2C32&amp;ssl=1\" data-orig-size=\"32,32\" data-comments-opened=\"0\" data-image-meta=\"{&quot;aperture&quot;:&quot;0&quot;,&quot;credit&quot;:&quot;&quot;,&quot;camera&quot;:&quot;&quot;,&quot;caption&quot;:&quot;&quot;,&quot;created_timestamp&quot;:&quot;0&quot;,&quot;copyright&quot;:&quot;&quot;,&quot;focal_length&quot;:&quot;0&quot;,&quot;iso&quot;:&quot;0&quot;,&quot;shutter_speed&quot;:&quot;0&quot;,&quot;title&quot;:&quot;&quot;,&quot;orientation&quot;:&quot;1&quot;}\" data-image-title=\"video_icon_32x32\" data-image-description=\"\" data-image-caption=\"\" data-large-file=\"https:\/\/i0.wp.com\/www.freidenker.org\/fw17\/wp-content\/uploads\/2018\/09\/video_icon_32x32.jpg?fit=32%2C32&amp;ssl=1\" class=\"alignnone wp-image-5427 size-full\" src=\"https:\/\/i0.wp.com\/www.freidenker.org\/fw17\/wp-content\/uploads\/2018\/09\/video_icon_32x32.jpg?resize=32%2C32&#038;ssl=1\" alt=\"\" width=\"32\" height=\"32\" \/><\/a>\u00a0 <a href=\"https:\/\/www.ardmediathek.de\/video\/fastnacht-in-franken\/prunksitzung-in-veitshoechheim\/br-fernsehen\/Y3JpZDovL2JyLmRlL2Jyb2FkY2FzdFNjaGVkdWxlU2xvdC80MTMzOTU5NTU4MTNfRjIwMjNXTzAxNTI3N0Ew\" target=\"_blank\" rel=\"noopener\">Link zur ARD-Mediathek<\/a><\/p>\n<p>F\u00fcr die bayerische Politprominenz ist die Veranstaltung ein Pflichttermin \u2013 Ministerpr\u00e4sident Markus S\u00f6der, sein Stellvertreter Hubert Aiwanger, Gesundheitsministerin Judith Gerlach, Innenminister Joachim Herrmann, Kultusministerin Anna Stolz u.a., die Fraktionsvorsitzenden der CSU Klaus Holetschek, der SPD Florian von Brunn und der Gr\u00fcnen Katharina Schulze, deren Talent fast an Baerbock heranreicht. Besonders die Miene von S\u00f6der verdunkelte sich beim Lichtblick der besagten Sitzung \u2013 und wohl der gesamten Karnevalssaison 2024: dem Auftritt einer Formation aus der Oberpfalz, der Feuerwehrkapelle aus Altneuhausen, besser gesagt \u2013 der <strong>Altneihauser Feierwehr Kapell\u2019n<\/strong>.<\/p>\n<p>Ihr Auftritt wird nachfolgend dokumentiert, im oben angegebenen <a href=\"https:\/\/www.ardmediathek.de\/video\/fastnacht-in-franken\/prunksitzung-in-veitshoechheim\/br-fernsehen\/Y3JpZDovL2JyLmRlL2Jyb2FkY2FzdFNjaGVkdWxlU2xvdC80MTMzOTU5NTU4MTNfRjIwMjNXTzAxNTI3N0Ew\" target=\"_blank\" rel=\"noopener\">Link<\/a> zwischen 2:55:15 und 3:12:11.<\/p>\n<p>Au\u00dferdem ist der Auftritt der &#8222;Altneihauser&#8220; bei YouTube aufrufbar:<\/p>\n<div class=\"jetpack-video-wrapper\"><span class=\"embed-youtube\" style=\"text-align:center; display: block;\"><iframe loading=\"lazy\" class=\"youtube-player\" width=\"800\" height=\"450\" src=\"https:\/\/www.youtube.com\/embed\/xtAhCTfSCp4?version=3&#038;rel=1&#038;showsearch=0&#038;showinfo=1&#038;iv_load_policy=1&#038;fs=1&#038;hl=de-DE&#038;autohide=2&#038;wmode=transparent\" allowfullscreen=\"true\" style=\"border:0;\" sandbox=\"allow-scripts allow-same-origin allow-popups allow-presentation allow-popups-to-escape-sandbox\"><\/iframe><\/span><\/div>\n<p><span style=\"font-size: 10pt;\">Direktlink zum Video bei YouTube: <a href=\"https:\/\/www.youtube.com\/watch?v=xtAhCTfSCp4\" target=\"_blank\" rel=\"noopener\">https:\/\/www.youtube.com\/watch?v=xtAhCTfSCp4<\/a><\/span><\/p>\n<p style=\"text-align: right;\"><em>Klaus Hartmann<\/em><\/p>\n<hr \/>\n<p><strong><em>Die Altneihauser Feierwehr Kapell\u2019n<\/em><\/strong> spielt zum Einzug den Triumphmarsch aus Aida, bricht ab, als ihr Kommandant die B\u00fchne betritt, und singt: Tri-tra-trullala, Tri-tra-trullala, der Kaschperl, der is da.<\/p>\n<p><strong><em>Der Kommandant Norbert Neugirg:<\/em><\/strong> Aus!!<br \/>\nGr\u00fc\u00df Gott, Gr\u00fc\u00df Gottinnen!<br \/>\nWerte Frauende und M\u00e4nnerinnen,<br \/>\nliebe Fastnachtende und Zuschauende,<br \/>\ndas Fernsehbild versauende<br \/>\nMinisternde und \u00c4mtertragende<br \/>\nund sonstige Versagende,<br \/>\nverehrte Leutinnen und Leute \u2013<br \/>\nHundsdrecksrotzsaufreche Meute!<\/p>\n<p>Wir h\u00e4tten diesen Auftritt gern vermieden,<br \/>\ndoch die KI hat halt entschieden,<br \/>\ndass wir zum Programm geh\u00f6ren,<br \/>\nweil wir schlicht die Besten w\u00e4ren,<br \/>\num die Politiker, die hier so sitzen<br \/>\nim Gesichtsausdruck zu unterst\u00fctzen.<\/p>\n<p>Da sieht man mal, zu welchem Mist<br \/>\ndie KI imstande ist:<br \/>\neine Feuerwehr, wo gar nichts raucht,<br \/>\neinen Elferrat, den keiner braucht,<br \/>\nvornedran ein Hampelmann,<br \/>\neine Big Band, die nichts kann,<br \/>\nein Sender, der sich Anstalt nennt,<br \/>\nGesichter, auf die niemand brennt,<br \/>\nund ein Publikum wie Sie \u2013<br \/>\ntraue niemals der KI!<\/p>\n<p>Elf heteropf\u00e4lzer Frauenherzenschmelzer \u2013<br \/>\nalt, wei\u00df, m\u00e4nnlich, abgehangen,<br \/>\nam Frankenwein fast eingegangen.<\/p>\n<p><em>Kapell\u2019n:<\/em> Tausenmal probiert, tausendmal beinah krepiert.<\/p>\n<p><em>Kommandant:<\/em><br \/>\nDie Kapelle aus dem Oberpf\u00e4lzer Wald<br \/>\nmacht vor \u00fcberhaupt nichts Halt.<br \/>\nProteste, Pfiffe, kein Applaus<br \/>\nmacht uns \u00fcberhaupt nichts aus.<br \/>\nBuh-Rufe, geworf\u2019ne Messer \u2013<br \/>\ndem S\u00f6der geht es auch nicht besser.<\/p>\n<p>Die Mannschaft vertraut meiner F\u00fchrung<br \/>\nwie Deutschland der Regierung.<br \/>\nJedermann ist auf mich stolz,<br \/>\nbeliebter ist nur noch der Scholz.<\/p>\n<p>Kinderbuchminister Habeckuk<br \/>\nvom rot-gr\u00fcn-gelben Faschingszug,<br \/>\nder B\u00fccher schrieb, die niemand las,<br \/>\npredigt jetzt vom Fl\u00fcssiggas<br \/>\nund W\u00e4rmepumpen wie ein Priester.<br \/>\nSein Zweitressort: Konkursminister;<br \/>\nden das deutsche Volk verehrt,<br \/>\nwie er dasselbe umgekehrt,<br \/>\nund kommt er mit dem Schiff nach Haus,<br \/>\njagt ihn das Volk auf\u2019s Meer hinaus.<\/p>\n<p><em>Kapell\u2019n:<\/em><br \/>\n(instrumental) Eine Seefahrt, die ist lustig, eine Seefahrt, die ist sch\u00f6n \u2026 Fallerie, Fallera, Falleriariafa \u2026<\/p>\n<p><em>Kommandant:<\/em><br \/>\nIm besten Deutschland aller Zeiten<br \/>\nNarreteien zu verbreiten<br \/>\nmacht niemand besser, wie man wei\u00df,<br \/>\nals Olafs Amateurstuhlkreis.<br \/>\nBei dem, was Olaf um sich schart,<br \/>\ntut man sich als Narr schon hart,<br \/>\ndiesen Haufen leerer T\u00fcten<br \/>\nan Lachnummern zu \u00fcberbieten.<\/p>\n<p>Lustig sind sie anzuschau\u2019n,<br \/>\nam Besten sind die Quotenfrau\u2019n.<br \/>\nDer Hofreiter, der \u00d6zdemir \u2013<br \/>\ngendern, keiner wei\u00df, wof\u00fcr.<br \/>\nDer gr\u00fcne Anton, ein Debakel \u2013<br \/>\nCharisma wie ein Langhaardackel.<br \/>\nEs geht dr\u00fcber, es geht drunter \u2013<br \/>\nAnton, lass Dein Haar herunter!<\/p>\n<p>Drei-Tage-Bart, gestylte Dilettanten,<br \/>\nungelernte Plaudertanten,<br \/>\nund ein Kanzler, dessen St\u00e4rken<br \/>\ndarin besteh\u2018n, sich nichts zu merken.<\/p>\n<p><em>Kapell\u2019n:<br \/>\n<\/em>La-li-lu, alle \u00c4uglein fallen zu,<br \/>\nwenn der kleine Olaf schwafelt,<br \/>\ndann schlaf auch Du!<\/p>\n<p>(Nach <em>Memories of Heidelberg<\/em>):<br \/>\nMemories von Olaf Scholz \u2013<br \/>\ndie gibt es leider nicht.<br \/>\nUnd ist der Kopf auch schnell enthaart,<br \/>\nda brennt bei ihm kein Licht.<br \/>\nMemories von Olaf Scholz,<br \/>\nsind dort, wo nichts mehr ist.<br \/>\nDrum lebt wohl, denn gibt es sie,<br \/>\nsobald man sie vergisst.<br \/>\nMemories von Olaf Scholz<br \/>\nsind durchsichtig wie Glas.<br \/>\nUnd wo der Kopf den Merker hat,<br \/>\nda w\u00e4chst beim Olaf Gras.<br \/>\nNix vergessen, flix vergessen,<br \/>\nLeider nix mehr da.<\/p>\n<p><em>Kommandant:<\/em><br \/>\nKein Gas zum Heizen, nicht verzagen:<br \/>\nEntz\u00fcnde den Elektrowagen,<br \/>\ndann wird\u2019s Dir auch bei Frost nicht bang \u2013<br \/>\ndenn der brennt einen Winter lang.<br \/>\nWir fassten also den Entschluss<br \/>\nund fuhren mit dem Dieselbus,<br \/>\nrasant und frei weg von der Leber,<br \/>\nnirgendwo Sch\u00f6nwetterkleber;<br \/>\ngut \u2013 zwei, drei Korsos G\u00fcllef\u00e4sser,<br \/>\nkein Problem, die riechen besser.<\/p>\n<p><em>Kapell\u2019n: (<\/em>Nach <em>Aber Dich gibt&#8217;s nur einmal f\u00fcr mich<\/em>)<br \/>\nEs gibt Millionen Motoren,<br \/>\nvon Panzern, mit qualmenden Rohren.<br \/>\nErdgasfracking<br \/>\nmacht millionenfach Dreck,<br \/>\ndoch mein Diesel<br \/>\nzu Hause muss weg.<\/p>\n<p>Schon der Gedanke,<br \/>\ndass ich nie mehr nach Veitsh\u00f6chheim fahr,<br \/>\ndass ich mir jedes Jahr<br \/>\nden Anblick von S\u00f6der spar,<br \/>\nder macht mich gl\u00fccklich,<br \/>\nund ich sage es frei heraus:<br \/>\nbei diesem Mistapplaus<br \/>\nbleibt man gerne zuhaus.<\/p>\n<p>Es gibt Millionen, die wollen<br \/>\nim Diesel durch Afrika rollen.<br \/>\nUnd mein Diesel<br \/>\nf\u00e4hrt jetzt munter, brumm-brumm,<br \/>\nnoch zehn Jahre<br \/>\nin Timbuktu herum.<\/p>\n<p>Schon der Gedanke,<br \/>\ndass ich nie mehr nach Veitsh\u00f6chheim fahr,<br \/>\ndass ich mir jedes Jahr<br \/>\nHubert und Markus spar,<br \/>\nder macht mich gl\u00fccklich,<br \/>\nund ich sage es frei heraus:<br \/>\nbei diesem Witzapplaus<br \/>\nbleibt man gerne zuhaus.<br \/>\n\u2026 Und bei dem Wein<br \/>\nbleibt man gerne daheim.<\/p>\n<p><em>Kommandant:<br \/>\n<\/em>Wer vom Wetterdienst die App ben\u00fctzt,<br \/>\nder merkt, die ist KI-gest\u00fctzt,<br \/>\ndenn sie warnt an allen Tagen<br \/>\nvor extremen Wetterlagen.<br \/>\nAb 20\u00b0 ist\u2019s t\u00f6dlich hei\u00df,<br \/>\nab minus 2 droht Tod durch Eis.<br \/>\nAuch f\u00fcr uns\u2019re Fahrt hierher<br \/>\nsah die App Gefahr vorher:<br \/>\nExtrem windstill hat\u2019s gehei\u00dfen.<br \/>\nWir mussten uns zusammenrei\u00dfen,<br \/>\ntrotz Wetter-App in die Gefahren<br \/>\nder Windstille hineinzufahren.<br \/>\nWir kamen durch, trotz Hysterie &#8211;<br \/>\ntraue niemals der KI!<\/p>\n<p>Die Franken bau\u2019n auf die KI,<br \/>\nwer h\u00e4tt\u2018 sie n\u00f6tiger als sie?<br \/>\n<em>&#8211; Ruhe! Ruhe! Sonst lass\u2018 ich den Saal r\u00e4umen.<br \/>\n<\/em>Auch der Sender hat darauf vertraut,<br \/>\nund so den Abend uns versaut.<br \/>\nWer sich Bayerns Kabinett ansieht,<br \/>\nder hofft, dass die KI einzieht.<br \/>\nBisher hat man drauf verzichtet<br \/>\nund \u2018s Unheil selber angerichtet.<br \/>\nDie KI hat obendrein erz\u00e4hlt,<br \/>\nklug ist, wer den S\u00f6der w\u00e4hlt,<br \/>\ndenn der Mann sei ein Genie &#8211;<br \/>\ntraue niemals der \u2013 wie\u2018 weiter geht,<br \/>\ndas k\u00f6nnen Sie sich im Geheimen<br \/>\nnun gerne selbst zusammenreimen.<\/p>\n<p>Die KI hat uns f\u00fcr heute garantiert,<br \/>\ndass uns in Franken nichts passiert<br \/>\nund keine Rache zu bef\u00fcrchten w\u00e4r\u2018.<br \/>\nDas zu glauben fiel uns schwer.<br \/>\nSchluss f\u00fcr heute, nichts wie raus,<br \/>\nunser Bus steht vor dem Haus<br \/>\nals Fluchtwagen, gleich vis-\u00e0-vis &#8211;<br \/>\ntraue niemals der KI!<\/p>\n<p><em>Kommandant und Kapell\u2019n:<\/em><br \/>\nAusmarsch \u2013 Au au au au, au au au auau (<em>Melodie: Tr\u00e4nen l\u00fcgen nicht \u2026.<\/em>)<\/p>\n<p><em>Sitzungspr\u00e4sident Christoph Maul:<\/em> Ich glaube, mer kann sagn, Ihr habt heut wieder ordentlich vom Oberpf\u00e4lzer Moosb\u00fcffelleder hergezogen, des muss mer sagn, bei Euch braucht man eben ein dickes Fell, aber nat\u00fcrlich auch auf unsere Freunde aus der Oberpfalz \u2013 ein dreifach kr\u00e4ftiges: Feuerwehr \u2013 Helau!, Frangen \u2013 Helau!, <em>(Kommandant und Kapell\u2019n winken ab) <\/em>Oberpfalz \u2013 Helau! Ich ded sagn, wir schiggn Euch jetz widder hamm, in Eure Oberpfalz. Oberpfalz beschreib ich immer Fremdn als die Gegend, wo der Frange am Liebsten mit 200 Kmh durchf\u00e4hrt, damit er wieder schnell wieder daheim is, die Stra\u00dfen allerdings nur 20 Kmh zulassen.<\/p>\n<p><em>Kapell\u2019n: <\/em>Au au au au au \u2026<\/p>\n<p><em>Kommandant:<\/em> Sag doch selbst, Du Konfetti-Sultan da oben \u2013 was sollen wir denn hier noch anfangen? Meinst Du wirklich, wir wollen so enden, wie Du und Deine zehn Rauschkappen da oben? Nein, nein mein Freund. Zu sagen, was wir denken werden wir uns k\u00fcnftig schenken. Der Gottschalk sagt ja auch nichts mehr.<\/p>\n<figure id=\"attachment_18149\" aria-describedby=\"caption-attachment-18149\" style=\"width: 520px\" class=\"wp-caption alignnone\"><img data-recalc-dims=\"1\" loading=\"lazy\" decoding=\"async\" data-attachment-id=\"18149\" data-permalink=\"https:\/\/www.freidenker.org\/?attachment_id=18149\" data-orig-file=\"https:\/\/i0.wp.com\/www.freidenker.org\/fw17\/wp-content\/uploads\/2024\/02\/Altneihauser_Feierwehr_Kapelln.jpg?fit=520%2C535&amp;ssl=1\" data-orig-size=\"520,535\" data-comments-opened=\"0\" data-image-meta=\"{&quot;aperture&quot;:&quot;0&quot;,&quot;credit&quot;:&quot;&quot;,&quot;camera&quot;:&quot;&quot;,&quot;caption&quot;:&quot;&quot;,&quot;created_timestamp&quot;:&quot;0&quot;,&quot;copyright&quot;:&quot;&quot;,&quot;focal_length&quot;:&quot;0&quot;,&quot;iso&quot;:&quot;0&quot;,&quot;shutter_speed&quot;:&quot;0&quot;,&quot;title&quot;:&quot;&quot;,&quot;orientation&quot;:&quot;0&quot;}\" data-image-title=\"Altneihauser_Feierwehr_Kapelln\" data-image-description=\"\" data-image-caption=\"\" data-large-file=\"https:\/\/i0.wp.com\/www.freidenker.org\/fw17\/wp-content\/uploads\/2024\/02\/Altneihauser_Feierwehr_Kapelln.jpg?fit=520%2C535&amp;ssl=1\" class=\"wp-image-18149 size-full\" src=\"https:\/\/i0.wp.com\/www.freidenker.org\/fw17\/wp-content\/uploads\/2024\/02\/Altneihauser_Feierwehr_Kapelln.jpg?resize=520%2C535&#038;ssl=1\" alt=\"\" width=\"520\" height=\"535\" srcset=\"https:\/\/i0.wp.com\/www.freidenker.org\/fw17\/wp-content\/uploads\/2024\/02\/Altneihauser_Feierwehr_Kapelln.jpg?w=520&amp;ssl=1 520w, https:\/\/i0.wp.com\/www.freidenker.org\/fw17\/wp-content\/uploads\/2024\/02\/Altneihauser_Feierwehr_Kapelln.jpg?resize=292%2C300&amp;ssl=1 292w\" sizes=\"auto, (max-width: 520px) 100vw, 520px\" \/><figcaption id=\"caption-attachment-18149\" class=\"wp-caption-text\"><span style=\"font-size: 10pt;\">Die Altneihauser Feierwehr Kapell\u2019n im Internet: <a href=\"https:\/\/altneihauser.de\/\">https:\/\/altneihauser.de\/<\/a> (Foto: Christian H\u00f6llerer)<\/span><\/figcaption><\/figure>\n<p style=\"text-align: right;\"><em>Klaus Hartmann ist Pr\u00e4sident der Weltunion der Freidenker und stellvertretender Vorsitzender des Deutschen Freidenker-Verbandes<\/em><\/p>\n<p><span style=\"font-size: 10pt;\">Ver\u00f6ffentlichung des Textes der Altneihauser Feierwehrkapell\u2019n mit freundlicher Genehmigung ihres &#8222;Kommandanten&#8220; Norbert Neugirg.<\/span><\/p>\n<hr \/>\n<p><span style=\"font-size: 10pt;\">Bild oben: Die Altneihauser Feierwehrkapell\u2019n mit ihrem Kommandanten Norbert Neugirg (vorn)<\/span><br \/>\n<span style=\"font-size: 10pt;\">Foto: Sigismund von Dobsch\u00fctz, <a href=\"https:\/\/creativecommons.org\/licenses\/by-sa\/3.0\" target=\"_blank\" rel=\"noopener\">CC BY-SA 3.0<\/a><\/span><br \/>\n<span style=\"font-size: 10pt;\">Quelle: <a href=\"https:\/\/commons.wikimedia.org\/w\/index.php?curid=18751936\" target=\"_blank\" rel=\"noopener\">https:\/\/commons.wikimedia.org\/w\/index.php?curid=18751936<\/a><\/span><\/p>\n","protected":false},"excerpt":{"rendered":"<p><b>Beitrag von Klaus Hartmann<\/b><br \/>\nKarnevals-\u201eSitzungen\u201c, also Saalveranstaltungen mit B\u00fcttenreden, Tanz und Gesang kommen \u00fcberwiegend brav, leicht angestaubt und angepasst daher, die gew\u00fcnschte Gleichschaltung schreitet auch in der f\u00fcnften Jahreszeit voran. Durch jene, die vor der Herrschaft untert\u00e4nigst katzbuckeln, den Hofnarr spielen und das Volk im h\u00f6heren Auftrag zurechtweisen oder verspotten. Statt dem genialen \u201eHeizungsgesetz\u201c nehmen sie lieber die Demonstrationen dagegen auf\u2019s Korn \u2013 irre lustig. Auch bei der Prunksitzung des Fastnacht-Verband Franken am 02. Februar 2024 in den Mainfrankens\u00e4len in Veitsh\u00f6chheim traten Mainstreamnachbeter, Regierungsadvokaten und blassrosa-olivgr\u00fcnliche Hofs\u00e4nger auf, aber \u2013 es gab auch eine \u00fcberraschende Ausnahme: Mitwirkende, die gegen den Stachel l\u00f6cken, bei denen das historisch Widerst\u00e4ndige der Fastnacht weiterlebt, und die damit Mut zum Widersprechen und Aufbegehren machen.<\/p>\n","protected":false},"author":3,"featured_media":18150,"comment_status":"closed","ping_status":"closed","sticky":false,"template":"","format":"standard","meta":{"colormag_page_container_layout":"default_layout","colormag_page_sidebar_layout":"default_layout","advanced_seo_description":"","jetpack_seo_html_title":"","jetpack_seo_noindex":false,"jetpack_post_was_ever_published":false,"footnotes":""},"categories":[12,913],"tags":[1094,1043,2115,2116,1663,2067,619,1710,1673],"class_list":["post-18148","post","type-post","status-publish","format-standard","has-post-thumbnail","hentry","category-demokratie-medien-aufklaerung","category-kultur-kunst","tag-ard","tag-bayern","tag-franken","tag-humor","tag-karneval","tag-ki","tag-satire","tag-unterhaltungskunst","tag-video"],"jetpack_featured_media_url":"https:\/\/i0.wp.com\/www.freidenker.org\/fw17\/wp-content\/uploads\/2024\/02\/Altneihauser_41_800x450.jpg?fit=800%2C450&ssl=1","jetpack_shortlink":"https:\/\/wp.me\/p9stpK-4II","jetpack-related-posts":[{"id":21100,"url":"https:\/\/www.freidenker.org\/?p=21100","url_meta":{"origin":18148,"position":0},"title":"Ihr Narren stimmt mit ein: Wir m\u00fcssen wieder kriegst\u00fcchtig sein!","author":"Webredaktion","date":"4. M\u00e4rz 2025","format":false,"excerpt":"Beitrag von Klaus Hartmann Auch im Jahr 2025 war die Kulttruppe aus der Oberpfalz \u2013 entgegen zun\u00e4chst anderslautenden Ger\u00fcchten \u2013 wieder mit von der Partie: Die Altneihauser Feierwehrkapell\u2019n bei Fastnacht in Franken, traditionell gefeiert in den Mainfrankens\u00e4len in Veitsh\u00f6chheim, dieses Jahr am 21. Februar 2025. Die Veranstaltung wurde im Bayerischen\u2026","rel":"","context":"In &quot;Kultur &amp; Kunst&quot;","block_context":{"text":"Kultur &amp; Kunst","link":"https:\/\/www.freidenker.org\/?cat=913"},"img":{"alt_text":"","src":"https:\/\/i0.wp.com\/www.freidenker.org\/fw17\/wp-content\/uploads\/2025\/03\/Altneihauser-Feierwerkskapelln_800x450.jpg?fit=800%2C450&ssl=1&resize=350%2C200","width":350,"height":200,"srcset":"https:\/\/i0.wp.com\/www.freidenker.org\/fw17\/wp-content\/uploads\/2025\/03\/Altneihauser-Feierwerkskapelln_800x450.jpg?fit=800%2C450&ssl=1&resize=350%2C200 1x, https:\/\/i0.wp.com\/www.freidenker.org\/fw17\/wp-content\/uploads\/2025\/03\/Altneihauser-Feierwerkskapelln_800x450.jpg?fit=800%2C450&ssl=1&resize=525%2C300 1.5x, https:\/\/i0.wp.com\/www.freidenker.org\/fw17\/wp-content\/uploads\/2025\/03\/Altneihauser-Feierwerkskapelln_800x450.jpg?fit=800%2C450&ssl=1&resize=700%2C400 2x"},"classes":[]},{"id":24124,"url":"https:\/\/www.freidenker.org\/?p=24124","url_meta":{"origin":18148,"position":1},"title":"Alles wie gehabt: USA mit M\u00f6rder-Pr\u00e4sident an der Spitze","author":"Webredaktion","date":"3. Januar 2026","format":false,"excerpt":"Erkl\u00e4rung des Deutschen Freidenker-Verbandes, Kommuniqu\u00e9 der Regierung Venezuelas zur US-Aggression und Erkl\u00e4rung der Antiimperialistischen Koordination (AIK) Der Deutsche Freidenker-Verband verurteilt den v\u00f6lkerrechtswidrigen Angriffskrieg der USA gegen das souver\u00e4ne und freiheitsliebende Venezuela. Das Kidnapping des gew\u00e4hlten Pr\u00e4sidenten der Bolivarischen Republik Nicol\u00e1s Maduro ist ein krimineller Piratenakt. Der Einsatz brutaler milit\u00e4rischer Gewalt\u2026","rel":"","context":"In &quot;Frieden - Antifaschismus - Solidarit\u00e4t&quot;","block_context":{"text":"Frieden - Antifaschismus - Solidarit\u00e4t","link":"https:\/\/www.freidenker.org\/?cat=13"},"img":{"alt_text":"","src":"https:\/\/i0.wp.com\/www.freidenker.org\/fw17\/wp-content\/uploads\/2026\/01\/angriff_auf_venezuela_02_800x450.jpg?fit=800%2C450&ssl=1&resize=350%2C200","width":350,"height":200,"srcset":"https:\/\/i0.wp.com\/www.freidenker.org\/fw17\/wp-content\/uploads\/2026\/01\/angriff_auf_venezuela_02_800x450.jpg?fit=800%2C450&ssl=1&resize=350%2C200 1x, https:\/\/i0.wp.com\/www.freidenker.org\/fw17\/wp-content\/uploads\/2026\/01\/angriff_auf_venezuela_02_800x450.jpg?fit=800%2C450&ssl=1&resize=525%2C300 1.5x, https:\/\/i0.wp.com\/www.freidenker.org\/fw17\/wp-content\/uploads\/2026\/01\/angriff_auf_venezuela_02_800x450.jpg?fit=800%2C450&ssl=1&resize=700%2C400 2x"},"classes":[]},{"id":16291,"url":"https:\/\/www.freidenker.org\/?p=16291","url_meta":{"origin":18148,"position":2},"title":"Der Blasen-Kanzler","author":"Webredaktion","date":"10. Juni 2023","format":false,"excerpt":"Kaum trifft Olaf Scholz auf echte Menschen, flippt er aus Von\u00a0Tom J. Wellbrock Sawsan Chebli (SPD) ist bekannt f\u00fcr ihren unerm\u00fcdlichen Kampf gegen Hass und Hetze. K\u00fcrzlich hat sie sogar ein Buch mit dem Titel \"Laut\" herausgebracht, das seitdem viel diskutiert wird \u2013 vor allem von Chebli selbst. Sie wird\u2026","rel":"","context":"In &quot;Demokratie \u2013 Medien \u2013 Aufkl\u00e4rung&quot;","block_context":{"text":"Demokratie \u2013 Medien \u2013 Aufkl\u00e4rung","link":"https:\/\/www.freidenker.org\/?cat=12"},"img":{"alt_text":"","src":"https:\/\/i0.wp.com\/www.freidenker.org\/fw17\/wp-content\/uploads\/2023\/06\/Wahlplakat_Wahlen_2021_Olaf_Scholz_800x450.jpg?fit=800%2C450&ssl=1&resize=350%2C200","width":350,"height":200,"srcset":"https:\/\/i0.wp.com\/www.freidenker.org\/fw17\/wp-content\/uploads\/2023\/06\/Wahlplakat_Wahlen_2021_Olaf_Scholz_800x450.jpg?fit=800%2C450&ssl=1&resize=350%2C200 1x, https:\/\/i0.wp.com\/www.freidenker.org\/fw17\/wp-content\/uploads\/2023\/06\/Wahlplakat_Wahlen_2021_Olaf_Scholz_800x450.jpg?fit=800%2C450&ssl=1&resize=525%2C300 1.5x, https:\/\/i0.wp.com\/www.freidenker.org\/fw17\/wp-content\/uploads\/2023\/06\/Wahlplakat_Wahlen_2021_Olaf_Scholz_800x450.jpg?fit=800%2C450&ssl=1&resize=700%2C400 2x"},"classes":[]},{"id":14585,"url":"https:\/\/www.freidenker.org\/?p=14585","url_meta":{"origin":18148,"position":3},"title":"Marx und Engels \u00fcber das Verh\u00e4ltnis von Mensch und Natur","author":"Webredaktion","date":"4. November 2022","format":false,"excerpt":"Themenabend - Freitag, 11. November 2022 um 19.30 Uhr, Villa Leon, N\u00fcrnberg Referent: Richard Dollinger \u201eUns so werden wir mit jedem Schritt daran erinnert, da\u00df wir keineswegs die Natur beherrschen, wie ein Eroberer ein fremdes Volk beherrscht, wie jemand der au\u00dferhalb der Natur steht.\u201c [Friedrich Engels, Dialektik der Natur] Der\u2026","rel":"","context":"In &quot;Veranstaltungen in den DFV-Landesverb\u00e4nden&quot;","block_context":{"text":"Veranstaltungen in den DFV-Landesverb\u00e4nden","link":"https:\/\/www.freidenker.org\/?cat=19"},"img":{"alt_text":"","src":"https:\/\/i0.wp.com\/www.freidenker.org\/fw17\/wp-content\/uploads\/2022\/11\/Berlin_-_Marx-Engels-Forum_1_800x450.jpg?fit=800%2C450&ssl=1&resize=350%2C200","width":350,"height":200,"srcset":"https:\/\/i0.wp.com\/www.freidenker.org\/fw17\/wp-content\/uploads\/2022\/11\/Berlin_-_Marx-Engels-Forum_1_800x450.jpg?fit=800%2C450&ssl=1&resize=350%2C200 1x, https:\/\/i0.wp.com\/www.freidenker.org\/fw17\/wp-content\/uploads\/2022\/11\/Berlin_-_Marx-Engels-Forum_1_800x450.jpg?fit=800%2C450&ssl=1&resize=525%2C300 1.5x, https:\/\/i0.wp.com\/www.freidenker.org\/fw17\/wp-content\/uploads\/2022\/11\/Berlin_-_Marx-Engels-Forum_1_800x450.jpg?fit=800%2C450&ssl=1&resize=700%2C400 2x"},"classes":[]},{"id":6080,"url":"https:\/\/www.freidenker.org\/?p=6080","url_meta":{"origin":18148,"position":4},"title":"Entscheidend ist das Volk","author":"Webredaktion","date":"31. M\u00e4rz 2019","format":false,"excerpt":"Beitrag von R\u00fcdiger Rauls Trotz aller Bem\u00fchungen kommen die Pl\u00e4ne der USA und Guaidos f\u00fcr einen Machtwechsel in Venezuela nicht voran. Stille vor dem Sturm? Auff\u00e4llig ist, dass die europ\u00e4ischen Medien und Politik das Thema mittlerweile mit mehr Vorsicht zu behandeln scheinen. Darin unterscheidet man sich ganz erheblich von den\u2026","rel":"","context":"In &quot;Frieden - Antifaschismus - Solidarit\u00e4t&quot;","block_context":{"text":"Frieden - Antifaschismus - Solidarit\u00e4t","link":"https:\/\/www.freidenker.org\/?cat=13"},"img":{"alt_text":"","src":"https:\/\/i0.wp.com\/www.freidenker.org\/fw17\/wp-content\/uploads\/2019\/03\/Wahl_Nicolas_Maduro_2013_800x445.jpg?fit=800%2C445&ssl=1&resize=350%2C200","width":350,"height":200,"srcset":"https:\/\/i0.wp.com\/www.freidenker.org\/fw17\/wp-content\/uploads\/2019\/03\/Wahl_Nicolas_Maduro_2013_800x445.jpg?fit=800%2C445&ssl=1&resize=350%2C200 1x, https:\/\/i0.wp.com\/www.freidenker.org\/fw17\/wp-content\/uploads\/2019\/03\/Wahl_Nicolas_Maduro_2013_800x445.jpg?fit=800%2C445&ssl=1&resize=525%2C300 1.5x, https:\/\/i0.wp.com\/www.freidenker.org\/fw17\/wp-content\/uploads\/2019\/03\/Wahl_Nicolas_Maduro_2013_800x445.jpg?fit=800%2C445&ssl=1&resize=700%2C400 2x"},"classes":[]},{"id":392,"url":"https:\/\/www.freidenker.org\/?p=392","url_meta":{"origin":18148,"position":5},"title":"Aristoteles zur Staatsform","author":"Webmaster","date":"17. Juli 2010","format":false,"excerpt":"Beitrag von Wolf-Dieter Gudopp-von Behm aus FREIDENKER 2-10 Wer \u00fcber die Urspr\u00fcnge der Demokratie spricht, kommt auf Griechenland zu sprechen. Dort habe die \u201eWiege der Demokratie\u201c gestanden, und nicht zuletzt komme der Begriff dorther: vom \u201edemos\u201c, dem Volk, und von \u201ekratos\u201c, der Herrschaft. Doch \u00fcber diese zwei kurzen S\u00e4tze gehen\u2026","rel":"","context":"In &quot;Demokratie \u2013 Medien \u2013 Aufkl\u00e4rung&quot;","block_context":{"text":"Demokratie \u2013 Medien \u2013 Aufkl\u00e4rung","link":"https:\/\/www.freidenker.org\/?cat=12"},"img":{"alt_text":"","src":"https:\/\/i0.wp.com\/www.freidenker.org\/fw17\/wp-content\/uploads\/2016\/08\/Aristoteles.jpg?fit=800%2C445&ssl=1&resize=350%2C200","width":350,"height":200,"srcset":"https:\/\/i0.wp.com\/www.freidenker.org\/fw17\/wp-content\/uploads\/2016\/08\/Aristoteles.jpg?fit=800%2C445&ssl=1&resize=350%2C200 1x, https:\/\/i0.wp.com\/www.freidenker.org\/fw17\/wp-content\/uploads\/2016\/08\/Aristoteles.jpg?fit=800%2C445&ssl=1&resize=525%2C300 1.5x, https:\/\/i0.wp.com\/www.freidenker.org\/fw17\/wp-content\/uploads\/2016\/08\/Aristoteles.jpg?fit=800%2C445&ssl=1&resize=700%2C400 2x"},"classes":[]}],"_links":{"self":[{"href":"https:\/\/www.freidenker.org\/index.php?rest_route=\/wp\/v2\/posts\/18148","targetHints":{"allow":["GET"]}}],"collection":[{"href":"https:\/\/www.freidenker.org\/index.php?rest_route=\/wp\/v2\/posts"}],"about":[{"href":"https:\/\/www.freidenker.org\/index.php?rest_route=\/wp\/v2\/types\/post"}],"author":[{"embeddable":true,"href":"https:\/\/www.freidenker.org\/index.php?rest_route=\/wp\/v2\/users\/3"}],"replies":[{"embeddable":true,"href":"https:\/\/www.freidenker.org\/index.php?rest_route=%2Fwp%2Fv2%2Fcomments&post=18148"}],"version-history":[{"count":0,"href":"https:\/\/www.freidenker.org\/index.php?rest_route=\/wp\/v2\/posts\/18148\/revisions"}],"wp:featuredmedia":[{"embeddable":true,"href":"https:\/\/www.freidenker.org\/index.php?rest_route=\/wp\/v2\/media\/18150"}],"wp:attachment":[{"href":"https:\/\/www.freidenker.org\/index.php?rest_route=%2Fwp%2Fv2%2Fmedia&parent=18148"}],"wp:term":[{"taxonomy":"category","embeddable":true,"href":"https:\/\/www.freidenker.org\/index.php?rest_route=%2Fwp%2Fv2%2Fcategories&post=18148"},{"taxonomy":"post_tag","embeddable":true,"href":"https:\/\/www.freidenker.org\/index.php?rest_route=%2Fwp%2Fv2%2Ftags&post=18148"}],"curies":[{"name":"wp","href":"https:\/\/api.w.org\/{rel}","templated":true}]}}