{"id":18145,"date":"2024-02-11T20:40:34","date_gmt":"2024-02-11T19:40:34","guid":{"rendered":"https:\/\/www.freidenker.org\/?p=18145"},"modified":"2024-03-06T00:11:42","modified_gmt":"2024-03-05T23:11:42","slug":"was-kann-weiter-rechts-sein-als-deutsche-panzer-die-wieder-auf-russen-schiessen","status":"publish","type":"post","link":"https:\/\/www.freidenker.org\/?p=18145","title":{"rendered":"Was kann weiter &#8222;rechts&#8220; sein als deutsche Panzer, die wieder auf Russen schie\u00dfen?"},"content":{"rendered":"<p><strong>Die franz\u00f6sische Regierung sei im Streit mit den Landwirten eingeknickt, lauteten am Wochenende die Meldungen. Allerdings w\u00e4re ein franz\u00f6sischer Alleingang ohne die Zustimmung der EU-Kommission gar nicht m\u00f6glich. Denn Regierungen und Parlamente haben in vielen Bereichen in entscheidenden Fragen f\u00fcr das Wohl des eigenen Volks an die EU abgetreten.<\/strong><\/p>\n<p><em>Von <strong>Rainer Rupp<\/strong><\/em><\/p>\n<p><span style=\"font-size: 10pt;\">Erstver\u00f6ffentlichung am 07.02.2024 auf <a href=\"https:\/\/freedert.online\/meinung\/195359-was-kann-weiter-rechts-sein-als-deutsche-panzer-die-wieder-auf-russen-schiessen\/\" target=\"_blank\" rel=\"noopener\">RT DE<\/a><\/span><\/p>\n<p>Zwei der wichtigsten franz\u00f6sischen Landwirtschaftsgewerkschaften haben am Donnerstag letzter Woche daf\u00fcr gestimmt, die Proteste auszusetzen und die Stra\u00dfenblockaden im ganzen Land aufzuheben. Das geschah, nachdem die Regierung Ma\u00dfnahmen angek\u00fcndigt hatte, die von den Gewerkschaften als &#8222;handfeste Fortschritte&#8220; gegen\u00fcber den Forderungen der Landwirte bezeichnet wurden. Eine andere Frage ist es, ob diese tats\u00e4chlich ein Ende der massiven franz\u00f6sischen Revolten gegen die beiden Hauptprobleme der Landwirte in der gesamten EU bedeutet.<\/p>\n<p>Das erste gro\u00dfe Problem sind die &#8222;klimaorientierten&#8220;, gr\u00fcn-ideologischen Initiativen der EU, die die Fundamente der wirtschaftlichen Existenz der kleinen und mittelgro\u00dfen Landwirte in der Europ\u00e4ischen Union untergraben. Das zweite akute Problem f\u00fcr die Landwirte finden wir im zollfreien und massenhaften Export landwirtschaftlicher Produkte aus dem Nicht-EU-Land Ukraine in die EU.<\/p>\n<p>Mit ihren Billigpreisen zerst\u00f6rt die Ukraine die landwirtschaftlichen M\u00e4rkte in der EU, mit entsprechenden Reaktionen der Bauern von Polen \u00fcber Holland und Frankreich bis Spanien. Auch dieses Problem hat seine Wurzeln in den realit\u00e4tsfernen, ideologisch begr\u00fcndeten Entscheidungen der demokratisch nicht gew\u00e4hlten, aber die EU-L\u00e4nder weitgehend regierenden Eurokraten in Br\u00fcssel. Deren verbissenen Bem\u00fchungen, Russland zu ruinieren und das Selenskij-Regime als Rammbock auf allen Ebenen mit Geld, Waffen und mit dem Privileg zollfreier Exporte in die EU zu unterst\u00fctzen, gehen nat\u00fcrlich auf Kosten der eigenen Bev\u00f6lkerung in den EU-L\u00e4ndern.<\/p>\n<p>Vor diesem Hintergrund erscheint die Erkl\u00e4rung der zwei f\u00fchrenden landwirtschaftlichen Gewerkschaften Frankreichs, dass das &#8222;Macronat&#8220;, wie die Regierung Macron im Volksmund hei\u00dft, Ma\u00dfnahmen f\u00fcr &#8222;handfeste Fortschritte&#8220; gegen\u00fcber den Forderungen der Landwirte angek\u00fcndigt hat, als Augenwischerei, um die zugespitzte Situation zu entsch\u00e4rfen und den Schwung aus den Protesten zu nehmen. Dementsprechend hat der Vorsitzende der franz\u00f6sischen Partei &#8222;Die Patrioten&#8220;, Florian Philippot, die Bauern vor falschen Versprechungen gewarnt:<\/p>\n<p>&#8222;\u00dcber unfaire Importe aus der Ukraine, insbesondere von Gefl\u00fcgelfleisch, wird Macron nichts entscheiden. Die Europ\u00e4ische Union entscheidet, und das wei\u00df das Macronat. Die EU in Br\u00fcssel hat beschlossen, der Ukraine einen Scheck \u00fcber 50 Milliarden Euro f\u00fcr vier Jahre zu geben. Das ist Heuchelei. Sie gibt Selenskyj mehr, als sie den franz\u00f6sischen Bauern hilft&#8220;, sagte er.<\/p>\n<p>Seiner Ansicht nach hat Br\u00fcssel mit diesem Hilfsprogramm die Ukraine gekauft, aber gleichzeitig die Bauernh\u00f6fe in den europ\u00e4ischen L\u00e4ndern v\u00f6llig ruiniert.<\/p>\n<p>Tats\u00e4chlich spielt die Europ\u00e4ische Kommission in Br\u00fcssel als Exekutivbeh\u00f6rde der Europ\u00e4ischen Union, an deren Spitze die uns\u00e4gliche Frau v. d. Leyen steht, die alleinige zentrale Rolle bei der Formulierung und Umsetzung der gemeinsamen Agrarpolitik (GAP) der EU. Die Europ\u00e4ische Kommission legt die rechtlichen Rahmenbedingungen und Finanzierungsmechanismen f\u00fcr die GAP fest, \u00fcberwacht ihre Umsetzung und f\u00fchrt Reformen durch, um sie an sich \u00e4ndernde Bedingungen und Priorit\u00e4ten anzupassen.<\/p>\n<p>Die Mitgliedstaaten der Europ\u00e4ischen Union haben auf nationaler Ebene durch ihre Regierungen allenfalls marginalen Einfluss in Bezug auf Besonderheiten ihrer nationalen Agrarstruktur. Ganz allgemein sind die nationalen Regierungen f\u00fcr die Umsetzung der in Br\u00fcssel beschlossenen GAP-Ma\u00dfnahmen auf nationaler Ebene verantwortlich, einschlie\u00dflich der \u00dcberwachung der Einhaltung von Umweltstandards.<\/p>\n<p>Die GAP ist eine der \u00e4ltesten und bedeutendsten Politikbereiche der EU und zielt laut offiziellem Mandat darauf ab,<\/p>\n<p>&#8211; die landwirtschaftliche Produktion zu f\u00f6rdern,<\/p>\n<p>&#8211; sie zu gew\u00e4hrleisten,<\/p>\n<p>&#8211; die l\u00e4ndliche Entwicklung zu unterst\u00fctzen und<\/p>\n<p>&#8211; die Einkommen der Landwirte zu sichern.<\/p>\n<p>Das sind die Zielsetzungen, aber wie wir sehen, haben die abgehobenen Eliten in der EU-Kommission, die f\u00fcr die Agrarpolitik zust\u00e4ndig sind, jeden Bezug zu den nach au\u00dfen deklamierten GAP-Zielen verloren. De-facto haben sie die Ziele in ihr Gegenteil verkehrt. Heutzutage behindert die EU-Kommission die landwirtschaftliche Produktion, sie untergr\u00e4bt die Lebensmittel-Versorgungssicherheit, sie f\u00f6rdert die l\u00e4ndliche Verarmung und ruiniert die Landwirtschaft.<\/p>\n<p>Das alles tun die Eliten in Br\u00fcssel mit reinem Gewissen, weil sie z.\u00a0B. den Wandel des Klimas stoppen wollen, obwohl sich das seit Jahrhunderttausenden stetig ge\u00e4ndert hat; oder weil sie sich dazu berufen f\u00fchlen, sich mehr um die gro\u00dfe Politik als um die Belange der Menschen zu k\u00fcmmern und weil sie skrupellos bereit sind, f\u00fcr ihr eigenes Fortkommen und f\u00fcr die &#8222;Demokratie&#8220; ein paar Bauern auf dem geostrategischen Schachbrett zu opfern. Das aber lassen sich die Bauern EU-weit immer weniger gefallen.<\/p>\n<p>Neben den Massenprotesten in Belgien, Portugal, Griechenland, Deutschland, Polen wurde am vergangenen Wochenende auch das bisher ruhige Irland erfasst. In Frankreich war es Anfang vergangener Woche dem Massenaufgebot von Landwirten sogar gelungen, mit ihren Traktoren tagelang die gro\u00dfen Zufahrtsstra\u00dfen nach Paris weitgehend zu blockieren und von der Versorgung abzuschneiden.<\/p>\n<p>In der Regel haben sich die seit Wochen andauernden Massenproteste gegen die Falschen, n\u00e4mlich gegen die eigenen Regierungen gerichtet. Aber wie wir weiter oben bereits gesehen haben, haben die nationalen Regierungen und Parlamente in der Gemeinsamen Agrarpolitik (GAP) der EU so gut wie nichts mehr zu sagen. Die nationalen Regierungen und Parlamente haben ihre diesbez\u00fcgliche Entscheidungssouver\u00e4nit\u00e4t n\u00e4mlich schon lange an die demokratisch nicht gew\u00e4hlten Eurokraten der EU-Kommission vom Typ von der Leyen und an das EU-Scheinparlament in Br\u00fcssel abgegeben. Und das gilt nicht nur f\u00fcr die Agrarwirtschaft.<\/p>\n<p>Auch in allen Facetten des EU-Au\u00dfenhandels haben die einzelnen EU-Mitgliedsl\u00e4nder keinen Spielraum mehr f\u00fcr souver\u00e4ne nationale Entscheidungen. Die alleinige Befugnis daf\u00fcr liegt bei der EU-Kommission in Br\u00fcssel und deren hoch bezahlten Claqueure im EU-Scheinparlament, dessen Aufgabe es ist, den falschen Eindruck zu vermitteln, dass alles demokratisch zugeht. Gleiches gilt im Euro-Raum f\u00fcr die Geldpolitik. Die ist f\u00fcr eine nationale Souver\u00e4nit\u00e4t und die Gestaltung der eigenen Wirtschaft au\u00dferordentlich wichtig. Aber weder die Bundesregierung noch der Bundestag haben heute noch die M\u00f6glichkeit, eine auf die nationalen deutschen Bed\u00fcrfnisse zugeschnittene Geldpolitik zu machen. Diese Kompetenz wurde an anonyme B\u00fcrokraten in der Europ\u00e4ischen Zentralbank (EZB) abgetreten.<\/p>\n<p>Das sogenannte &#8222;Europ\u00e4ische Parlament&#8220; (EP) wird von Kritikern zurecht als &#8222;Scheinparlament&#8220; bezeichnet, weil es nicht einmal die Befugnis hat, wie jedes andere anst\u00e4ndige Parlament, das seinen Namen verdient, eigene Gesetzesinitiativen zu entwickeln, also Gesetzesvorlagen auf den Tisch zu bringen, die aus den Reihen der Vertreter des Souver\u00e4n, also des Volkes kommen. Stattdessen beschr\u00e4nkt sich die Hauptfunktion des EP darauf, EU-Direktiven abzunicken und ihnen damit EU-weit Gesetzeskraft zu verleihen. EU-Direktiven m\u00fcssen n\u00e4mlich nach der Zustimmung durch das EP auf der Ebene der Mitgliedstaaten in die nationalen Gesetze \u00fcbernommen werden. Dabei m\u00fcssen die nationalen Parlamente hilflos zusehen, denn sie haben nicht das Recht, die EU-Direktiven zu hinterfragen oder auf \u00c4nderungen zu bestehen.<\/p>\n<p>Tats\u00e4chlich werden immer mehr Aktivit\u00e4ten des national-staatlichen Handels nach Br\u00fcssel abgetreten, wodurch sie &#8222;zum Wohl des Gro\u00dfen und Ganzen&#8220; der Entscheidung der Volksvertreter in den nationalen Parlamenten entzogen werden. An ihrer Stelle entscheiden internationale Funktion\u00e4re der EU-Kommission \u00fcber die neuen Direktiven (Gesetze). Bei dieser schwierigen Aufgabe stehen den Eurokraten allerdings 6.000+ hochqualifizierte &#8222;Berater&#8220; in Br\u00fcssel zur Seite. Sie kosten die EU oder uns Steuerzahler keinen Euro, denn sie werden freundlicherweise von den unterschiedlichen, in der EU-t\u00e4tigen Gro\u00dfkonzernen in Industrie, Finanzwirtschaft, Handel und deren Verb\u00e4nden bezahlt. Das erinnert an die Feststellung: &#8222;Wer braucht schon Korruption, wenn Lobbyismus legal ist&#8220;.<\/p>\n<p>Zugleich stellen diese 6.000+ Berater ihr &#8222;Wissen&#8220; bei teuren Essen in Br\u00fcsseler Feinschmeckertempeln und noch teureren Weinen auch ihren G\u00e4sten aus dem EU-Parlament nur zu gerne zur Verf\u00fcgung. Das hat den Vorteil, dass das sogenannte &#8222;EU-Parlament&#8220; als entscheidungsfreudiger gilt als das bei den richtigen, demokratischen Parlamenten der Fall war, in denen fr\u00fcher die verschiedenen Facetten eines neuen Gesetzes zeitaufwendig debattiert wurden.<\/p>\n<p>Unter dem Strich haben die kostenlosen 6.000+ Berater der EU-Kommission und des EPs den Gesetzgebungsprozess der EU enorm beschleunigt. Derweil sorgen die in Br\u00fcssel ans\u00e4ssigen Presstituierten und Hofschranzen f\u00fcr eine wohlwollende, mediale Vorbereitung der \u00d6ffentlichkeit im Rahmen des Prozesses der Umwandlung der EU-Direktiven in nationales Recht der Mitgliedsl\u00e4nder.<\/p>\n<p>Unter dem Druck der global operierenden Konzerne haben die Regierungen der EU-Mitgliedsstaaten zunehmend gr\u00f6\u00dfere Bereiche vormals souver\u00e4ner parlamentarischer Entscheidungen und staatlichen Handels an die EU-Kommission abgetreten, was dank der Medien von der Bev\u00f6lkerung weitgehend unbeachtet blieb. Hier ist eine der Folgen: Da nationale Parlamente z.\u00a0B. im kompletten Bereich des Au\u00dfenhandels nichts mehr zu sagen haben, konnten die demokratisch nicht gew\u00e4hlten Eurokraten in Br\u00fcssel im Alleingang Sanktionen gegen Russland verh\u00e4ngen. Auch der Deutsche Bundestag hatte und hat keinen Einfluss darauf, obwohl die Sanktionen gegen Russland im konkreten Fall nicht den Kreml trafen, sondern stattdessen die deutsche Wirtschaft in die Rezession gezwungen haben.<\/p>\n<p>Die Ampel-Regierung kann berechtigterweise argumentieren, ihre H\u00e4nde seien gebunden, weil das alles in Br\u00fcssel entschieden wird. Deshalb d\u00fcrfen Entscheidungen, die f\u00fcr unsere Volkswirtschaft lebenswichtig sind, nicht l\u00e4nger von anonymen, demokratisch nicht gew\u00e4hlten EU-Funktion\u00e4ren in Br\u00fcssel gef\u00e4llt werden, die zudem von einschl\u00e4gigen Lobbyisten &#8222;beraten&#8220; werden. Wer also mehr Demokratie fordert, der muss daf\u00fcr sorgen, dass wichtige Entscheidungen wieder n\u00e4her zu Hause, vom eigenen Volk in den nationalen Parlamenten gef\u00e4llt werden. Derzeit gibt es nur eine Partei in Deutschland, die sich dieses Ziel gesetzt hat. Alle anderen Parteien dr\u00e4ngen vom angeblichen &#8222;Internationalismus und von der Diversit\u00e4t&#8220; geblendet in die entgegengesetzte Richtung.<\/p>\n<p>Nat\u00fcrlich hat sich die einzige deutsche Partei, die sich zum Ziel gesetzt hat, den Kraken EU in seiner Reichweite erst zu begrenzen und dann in seiner Gesetzgebungskompetenz zur\u00fcckzudr\u00e4ngen, den geballten Zorn der neoliberalen Eliten und ihrer Herren in Politik, Finanzen und Medien auf sich gezogen. Denn aus Sicht dieser Eliten ist es total nationalistisch und &#8222;r\u00e4chts&#8220;, wenn eine Partei die Interessen der eigenen Bev\u00f6lkerung und ihrer wirtschaftlichen Lebensgrundlage an oberste Stelle stellt.<\/p>\n<p>Die Hunderttausenden gut situierten\u00a0B\u00fcrger, die aktuell auf den Stra\u00dfen und Pl\u00e4tzen unseres Landes gegen &#8222;R\u00e4chst&#8220; demonstrieren, sind eine erschreckende Demonstration der gelungenen Meinungsmanipulation breiter Massen, die offensichtlich verinnerlicht haben, dass Krieg Frieden bedeutet und Unwissenheit Weisheit und dabei ganz die eigentlichen Probleme in unserer Gesellschaft vergessen haben.<\/p>\n<p>In den vom Regierungsfunk ausgestrahlten Video-Clips erz\u00e4hlen die Demonstranten stolz von ihrem Mut, den sie mit ihren Protesten gegen &#8222;r\u00e4chts&#8220; und gegen die AfD gezeigt h\u00e4tten. Aber wer zu Demonstrationen geht, zu denen die Regierung, Vertreter der etablierten Parteien, deren NGOs und Propaganda-Medien aufgerufen haben, zeigt keinen Mut, sondern Feigheit. Denn er ist ein Mitl\u00e4ufer und handelt aus Angst, er k\u00f6nnte bei Nichtteilnahme von den anderen als &#8222;r\u00e4chst&#8220; verd\u00e4chtigt und wie dann \u00fcblich gemobbt werden.<\/p>\n<p>Mut hat, wer gegen den US-\/NATO-Krieg gegen Russland demonstriert. Denn er muss damit rechnen, von der Polizei niedergekn\u00fcppelt zu werden. Aus demselben Grund ist derjenige mutig, der derzeit auf deutschen Stra\u00dfen die Position des Internationalen Gerichtshofs der UNO vertritt und gegen die Kriegsverbrechen und den vermuteten Genozid in Gaza demonstriert. Und mutig ist auch jeder Protest gegen die deutschen Waffenlieferungen an Israel und an die Ukraine. Und zu guter Letzt zur\u00fcck zur eingangs gestellten Frage: &#8222;Gibt es etwas, das noch weiter rechts ist als deutsche Panzer, die wieder auf Russen schie\u00dfen?&#8220;<\/p>\n<p style=\"text-align: right;\"><em>Rainer Rupp ist Mitglied des Beirats des Deutschen Freidenker-Verbandes<\/em><\/p>\n<hr \/>\n<p><span style=\"font-size: 10pt;\">Bild oben: D<span class=\"mw-mmv-title\">emonstrieren vor der Frankfurter Paulskirche gegen Rechtsextremismus, 20. Januar 2024<\/span><\/span><br \/>\n<span style=\"font-size: 10pt;\">Foto: Ralph Lange, <a href=\"https:\/\/creativecommons.org\/licenses\/by-sa\/4.0\" target=\"_blank\" rel=\"noopener\">CC BY-SA 4.0<\/a><\/span><br \/>\n<span style=\"font-size: 10pt;\">Quelle: <a href=\"https:\/\/commons.wikimedia.org\/w\/index.php?curid=144479055\" target=\"_blank\" rel=\"noopener\">https:\/\/commons.wikimedia.org\/w\/index.php?curid=144479055<\/a><\/span><\/p>\n","protected":false},"excerpt":{"rendered":"<p><b>Beitrag von Rainer Rupp<\/b><br \/>\nZwei der wichtigsten franz\u00f6sischen Landwirtschaftsgewerkschaften haben am Donnerstag letzter Woche daf\u00fcr gestimmt, die Proteste auszusetzen und die Stra\u00dfenblockaden im ganzen Land aufzuheben. Das geschah, nachdem die Regierung Ma\u00dfnahmen angek\u00fcndigt hatte, die von den Gewerkschaften als &#8222;handfeste Fortschritte&#8220; gegen\u00fcber den Forderungen der Landwirte bezeichnet wurden. Eine andere Frage ist es, ob diese tats\u00e4chlich ein Ende der massiven franz\u00f6sischen Revolten gegen die beiden Hauptprobleme der Landwirte in der gesamten EU bedeutet. Das erste gro\u00dfe Problem sind die &#8222;klimaorientierten&#8220;, gr\u00fcn-ideologischen Initiativen der EU, die die Fundamente der wirtschaftlichen Existenz der kleinen und mittelgro\u00dfen Landwirte in der Europ\u00e4ischen Union untergraben. Das zweite akute Problem f\u00fcr die Landwirte finden wir im zollfreien und massenhaften Export landwirtschaftlicher Produkte aus dem Nicht-EU-Land Ukraine in die EU.<\/p>\n","protected":false},"author":3,"featured_media":18146,"comment_status":"closed","ping_status":"closed","sticky":false,"template":"","format":"standard","meta":{"colormag_page_container_layout":"default_layout","colormag_page_sidebar_layout":"default_layout","advanced_seo_description":"","jetpack_seo_html_title":"","jetpack_seo_noindex":false,"jetpack_post_was_ever_published":false,"footnotes":""},"categories":[11,12],"tags":[1031,1968,2095,2113,182,1702,1151,1843,1027,2114,1213,1770,1111],"class_list":["post-18145","post","type-post","status-publish","format-standard","has-post-thumbnail","hentry","category-arbeit-soziales","category-demokratie-medien-aufklaerung","tag-afd","tag-ampelkoalition","tag-bauernproteste","tag-bruessel","tag-eu","tag-eu-kommission","tag-europa","tag-export","tag-frankreich","tag-import","tag-landwirtschaft","tag-macron","tag-ukraine"],"jetpack_featured_media_url":"https:\/\/i0.wp.com\/www.freidenker.org\/fw17\/wp-content\/uploads\/2024\/02\/Demonstration_gegen_Rechtsextremismus_in_Frankfurt_am_20._Januar_2024_800x450.jpg?fit=800%2C450&ssl=1","jetpack_shortlink":"https:\/\/wp.me\/p9stpK-4IF","jetpack-related-posts":[{"id":8669,"url":"https:\/\/www.freidenker.org\/?p=8669","url_meta":{"origin":18145,"position":0},"title":"NextGenerationEU &#8211; Permanente Schockstrategie f\u00fcr die EU","author":"Webredaktion","date":"26. September 2020","format":false,"excerpt":"Meinung von Gert Ewen Ungar Auf dem Gipfeltreffen im Juli einigte sich der Europ\u00e4ische Rat mit der Europ\u00e4ischen Kommission darauf, dass die Kommission zur Bek\u00e4mpfung der \u00f6konomischen Folgen der COVID-19-Pandemie an den Finanzm\u00e4rkten Anleihen ausgibt, um sie den betroffenen Nationalstaaten der EU im Rahmen von Zuwendungen oder Krediten zu g\u00fcnstigen\u2026","rel":"","context":"In &quot;Demokratie \u2013 Medien \u2013 Aufkl\u00e4rung&quot;","block_context":{"text":"Demokratie \u2013 Medien \u2013 Aufkl\u00e4rung","link":"https:\/\/www.freidenker.org\/?cat=12"},"img":{"alt_text":"","src":"https:\/\/i0.wp.com\/www.freidenker.org\/fw17\/wp-content\/uploads\/2020\/09\/EU-Kommission_01_800x450.jpg?fit=800%2C450&ssl=1&resize=350%2C200","width":350,"height":200,"srcset":"https:\/\/i0.wp.com\/www.freidenker.org\/fw17\/wp-content\/uploads\/2020\/09\/EU-Kommission_01_800x450.jpg?fit=800%2C450&ssl=1&resize=350%2C200 1x, https:\/\/i0.wp.com\/www.freidenker.org\/fw17\/wp-content\/uploads\/2020\/09\/EU-Kommission_01_800x450.jpg?fit=800%2C450&ssl=1&resize=525%2C300 1.5x, https:\/\/i0.wp.com\/www.freidenker.org\/fw17\/wp-content\/uploads\/2020\/09\/EU-Kommission_01_800x450.jpg?fit=800%2C450&ssl=1&resize=700%2C400 2x"},"classes":[]},{"id":14253,"url":"https:\/\/www.freidenker.org\/?p=14253","url_meta":{"origin":18145,"position":1},"title":"Warnlampen an!","author":"Webredaktion","date":"28. September 2022","format":false,"excerpt":"Beitrag von Dagmar Henn Am Montag ver\u00f6ffentlichte die EU-Kommission einen Gesetzentwurf, den sie \"Notfallinstrument f\u00fcr den Binnenmarkt\" (Single Market Emergency Instrument: SMEI) betitelt. Dieser Entwurf sollte sehr aufmerksam gelesen werden, denn das ist ein wirtschaftlicher Putsch in der Europ\u00e4ischen Union (EU). Seine Lekt\u00fcre ist \u2013 wie bei allen EU-Normen \u2013\u2026","rel":"","context":"In &quot;Demokratie \u2013 Medien \u2013 Aufkl\u00e4rung&quot;","block_context":{"text":"Demokratie \u2013 Medien \u2013 Aufkl\u00e4rung","link":"https:\/\/www.freidenker.org\/?cat=12"},"img":{"alt_text":"","src":"https:\/\/i0.wp.com\/www.freidenker.org\/fw17\/wp-content\/uploads\/2022\/09\/construction-site-541197_800x450.jpg?fit=800%2C450&ssl=1&resize=350%2C200","width":350,"height":200,"srcset":"https:\/\/i0.wp.com\/www.freidenker.org\/fw17\/wp-content\/uploads\/2022\/09\/construction-site-541197_800x450.jpg?fit=800%2C450&ssl=1&resize=350%2C200 1x, https:\/\/i0.wp.com\/www.freidenker.org\/fw17\/wp-content\/uploads\/2022\/09\/construction-site-541197_800x450.jpg?fit=800%2C450&ssl=1&resize=525%2C300 1.5x, https:\/\/i0.wp.com\/www.freidenker.org\/fw17\/wp-content\/uploads\/2022\/09\/construction-site-541197_800x450.jpg?fit=800%2C450&ssl=1&resize=700%2C400 2x"},"classes":[]},{"id":23747,"url":"https:\/\/www.freidenker.org\/?p=23747","url_meta":{"origin":18145,"position":2},"title":"Was der Korruptionsfall in der EU mit dem \u201eReparationskredit\u201c f\u00fcr Kiew zu tun hat","author":"Webredaktion","date":"8. Dezember 2025","format":false,"excerpt":"Machtk\u00e4mpfe und Korruption von Anti-Spiegel Ich habe es bereits in der letzten Tacheles-Sendung gesagt, komme aber erst jetzt dazu, dar\u00fcber zu schreiben und es ausf\u00fchrlich zu begr\u00fcnden: Die Bem\u00fchungen der EU-Kommission, die in der EU eingefrorenen russischen Verm\u00f6genswerte zu enteignen und f\u00fcr einen \u201eReparationskredit\u201c f\u00fcr die Ukraine zu benutzen, stehen\u2026","rel":"","context":"In &quot;Demokratie \u2013 Medien \u2013 Aufkl\u00e4rung&quot;","block_context":{"text":"Demokratie \u2013 Medien \u2013 Aufkl\u00e4rung","link":"https:\/\/www.freidenker.org\/?cat=12"},"img":{"alt_text":"","src":"https:\/\/i0.wp.com\/www.freidenker.org\/fw17\/wp-content\/uploads\/2025\/12\/Federica_Mogherini_12_800x450.jpg?fit=800%2C450&ssl=1&resize=350%2C200","width":350,"height":200,"srcset":"https:\/\/i0.wp.com\/www.freidenker.org\/fw17\/wp-content\/uploads\/2025\/12\/Federica_Mogherini_12_800x450.jpg?fit=800%2C450&ssl=1&resize=350%2C200 1x, https:\/\/i0.wp.com\/www.freidenker.org\/fw17\/wp-content\/uploads\/2025\/12\/Federica_Mogherini_12_800x450.jpg?fit=800%2C450&ssl=1&resize=525%2C300 1.5x, https:\/\/i0.wp.com\/www.freidenker.org\/fw17\/wp-content\/uploads\/2025\/12\/Federica_Mogherini_12_800x450.jpg?fit=800%2C450&ssl=1&resize=700%2C400 2x"},"classes":[]},{"id":24460,"url":"https:\/\/www.freidenker.org\/?p=24460","url_meta":{"origin":18145,"position":3},"title":"Wie der Spiegel die ukrainische \u00d6lblockade Ungarns und der Slowakei vertuscht","author":"Webredaktion","date":"21. Februar 2026","format":false,"excerpt":"Beitrag von Anti-Spiegel (d.i. Thomas R\u00f6per) Die Ukraine hat die Lieferungen von russischem \u00d6l nach Ungarn und damit auch in die Slowakei eingestellt, um vor den Wahlen in Ungarn eine Krise herbeizuf\u00fchren, wobei Kiew von der EU unterst\u00fctzt wird. Der Spiegel verschweigt die Zusammenh\u00e4nge und suggeriert, Russland sei an allem\u2026","rel":"","context":"In &quot;Demokratie \u2013 Medien \u2013 Aufkl\u00e4rung&quot;","block_context":{"text":"Demokratie \u2013 Medien \u2013 Aufkl\u00e4rung","link":"https:\/\/www.freidenker.org\/?cat=12"},"img":{"alt_text":"","src":"https:\/\/i0.wp.com\/www.freidenker.org\/fw17\/wp-content\/uploads\/2026\/02\/Mazir-Druzsba_800x450.jpg?fit=800%2C450&ssl=1&resize=350%2C200","width":350,"height":200,"srcset":"https:\/\/i0.wp.com\/www.freidenker.org\/fw17\/wp-content\/uploads\/2026\/02\/Mazir-Druzsba_800x450.jpg?fit=800%2C450&ssl=1&resize=350%2C200 1x, https:\/\/i0.wp.com\/www.freidenker.org\/fw17\/wp-content\/uploads\/2026\/02\/Mazir-Druzsba_800x450.jpg?fit=800%2C450&ssl=1&resize=525%2C300 1.5x, https:\/\/i0.wp.com\/www.freidenker.org\/fw17\/wp-content\/uploads\/2026\/02\/Mazir-Druzsba_800x450.jpg?fit=800%2C450&ssl=1&resize=700%2C400 2x"},"classes":[]},{"id":23582,"url":"https:\/\/www.freidenker.org\/?p=23582","url_meta":{"origin":18145,"position":4},"title":"Alle Jahre wieder: Die EU-Kommission \u00e4u\u00dfert sich zum Stand ihrer Erweiterung","author":"Webredaktion","date":"20. November 2025","format":false,"excerpt":"Beitrag von Pierre Levy Ursula von der Leyen nutzte die Vorstellung des allj\u00e4hrlichen Berichts zum Stand der Dinge in Sachen EU-Erweiterung, um zu bekr\u00e4ftigen: \"Wir sind mehr denn je entschlossen, die Erweiterung der EU zu verwirklichen. Denn eine gr\u00f6\u00dfere EU bedeutet ein st\u00e4rkeres Europa mit mehr Einfluss auf der internationalen\u2026","rel":"","context":"In &quot;Demokratie \u2013 Medien \u2013 Aufkl\u00e4rung&quot;","block_context":{"text":"Demokratie \u2013 Medien \u2013 Aufkl\u00e4rung","link":"https:\/\/www.freidenker.org\/?cat=12"},"img":{"alt_text":"","src":"https:\/\/i0.wp.com\/www.freidenker.org\/fw17\/wp-content\/uploads\/2025\/11\/Belgique_-_Bruxelles_-_Schuman_-_Berlaymont_-_01_800x450.jpg?fit=800%2C450&ssl=1&resize=350%2C200","width":350,"height":200,"srcset":"https:\/\/i0.wp.com\/www.freidenker.org\/fw17\/wp-content\/uploads\/2025\/11\/Belgique_-_Bruxelles_-_Schuman_-_Berlaymont_-_01_800x450.jpg?fit=800%2C450&ssl=1&resize=350%2C200 1x, https:\/\/i0.wp.com\/www.freidenker.org\/fw17\/wp-content\/uploads\/2025\/11\/Belgique_-_Bruxelles_-_Schuman_-_Berlaymont_-_01_800x450.jpg?fit=800%2C450&ssl=1&resize=525%2C300 1.5x, https:\/\/i0.wp.com\/www.freidenker.org\/fw17\/wp-content\/uploads\/2025\/11\/Belgique_-_Bruxelles_-_Schuman_-_Berlaymont_-_01_800x450.jpg?fit=800%2C450&ssl=1&resize=700%2C400 2x"},"classes":[]},{"id":16197,"url":"https:\/\/www.freidenker.org\/?p=16197","url_meta":{"origin":18145,"position":5},"title":"Die EU-Kommissionspr\u00e4sidentin, ihr Mann und die mRNA-Impfstoffe","author":"Webredaktion","date":"29. Mai 2023","format":false,"excerpt":"Beitrag von Anti-Spiegel (d.i. Thomas R\u00f6per) Dass Ursula von der Leyen \u00fcber 70 Milliarden Euro f\u00fcr die Bestellung von Impfstoffen gegen Covid-19 ausgegeben hat, ist nicht neu. Sie hat 4,2 Milliarden Impfdosen (fast ausschlie\u00dflich bei Pfizer) bestellt. Das ist genug, um jeden EU-B\u00fcrger neun Mal gegen die von der US-Regierung\u2026","rel":"","context":"In &quot;Demokratie \u2013 Medien \u2013 Aufkl\u00e4rung&quot;","block_context":{"text":"Demokratie \u2013 Medien \u2013 Aufkl\u00e4rung","link":"https:\/\/www.freidenker.org\/?cat=12"},"img":{"alt_text":"","src":"https:\/\/i0.wp.com\/www.freidenker.org\/fw17\/wp-content\/uploads\/2023\/05\/von-der-leyen_pfizer_800x450.jpg?fit=800%2C450&ssl=1&resize=350%2C200","width":350,"height":200,"srcset":"https:\/\/i0.wp.com\/www.freidenker.org\/fw17\/wp-content\/uploads\/2023\/05\/von-der-leyen_pfizer_800x450.jpg?fit=800%2C450&ssl=1&resize=350%2C200 1x, https:\/\/i0.wp.com\/www.freidenker.org\/fw17\/wp-content\/uploads\/2023\/05\/von-der-leyen_pfizer_800x450.jpg?fit=800%2C450&ssl=1&resize=525%2C300 1.5x, https:\/\/i0.wp.com\/www.freidenker.org\/fw17\/wp-content\/uploads\/2023\/05\/von-der-leyen_pfizer_800x450.jpg?fit=800%2C450&ssl=1&resize=700%2C400 2x"},"classes":[]}],"_links":{"self":[{"href":"https:\/\/www.freidenker.org\/index.php?rest_route=\/wp\/v2\/posts\/18145","targetHints":{"allow":["GET"]}}],"collection":[{"href":"https:\/\/www.freidenker.org\/index.php?rest_route=\/wp\/v2\/posts"}],"about":[{"href":"https:\/\/www.freidenker.org\/index.php?rest_route=\/wp\/v2\/types\/post"}],"author":[{"embeddable":true,"href":"https:\/\/www.freidenker.org\/index.php?rest_route=\/wp\/v2\/users\/3"}],"replies":[{"embeddable":true,"href":"https:\/\/www.freidenker.org\/index.php?rest_route=%2Fwp%2Fv2%2Fcomments&post=18145"}],"version-history":[{"count":0,"href":"https:\/\/www.freidenker.org\/index.php?rest_route=\/wp\/v2\/posts\/18145\/revisions"}],"wp:featuredmedia":[{"embeddable":true,"href":"https:\/\/www.freidenker.org\/index.php?rest_route=\/wp\/v2\/media\/18146"}],"wp:attachment":[{"href":"https:\/\/www.freidenker.org\/index.php?rest_route=%2Fwp%2Fv2%2Fmedia&parent=18145"}],"wp:term":[{"taxonomy":"category","embeddable":true,"href":"https:\/\/www.freidenker.org\/index.php?rest_route=%2Fwp%2Fv2%2Fcategories&post=18145"},{"taxonomy":"post_tag","embeddable":true,"href":"https:\/\/www.freidenker.org\/index.php?rest_route=%2Fwp%2Fv2%2Ftags&post=18145"}],"curies":[{"name":"wp","href":"https:\/\/api.w.org\/{rel}","templated":true}]}}