{"id":18141,"date":"2024-02-11T20:39:10","date_gmt":"2024-02-11T19:39:10","guid":{"rendered":"https:\/\/www.freidenker.org\/?p=18141"},"modified":"2024-03-06T00:11:24","modified_gmt":"2024-03-05T23:11:24","slug":"der-fall-compact-eine-gut-geoelte-zensurmaschine-wird-angeworfen","status":"publish","type":"post","link":"https:\/\/www.freidenker.org\/?p=18141","title":{"rendered":"Der Fall Compact: Eine gut ge\u00f6lte Zensurmaschine wird angeworfen"},"content":{"rendered":"<p><strong>Irgendwann wird man einmal in den Akten nachlesen k\u00f6nnen, warum Verfassungsschutz und Correctiv so gut ineinander greifen. Jetzt kann man es nur verbl\u00fcfft beobachten. Wer jedoch meint, beim Vorgehen gegen Compact sei nur Compact gemeint, der t\u00e4uscht sich gewaltig. <\/strong><\/p>\n<p><em>Von <strong>Dagmar Henn<\/strong><\/em><\/p>\n<p><span style=\"font-size: 10pt;\">Erstver\u00f6ffentlichung am 07.02.2024 auf <a href=\"https:\/\/freedert.online\/meinung\/195474-compact-gut-geoelte-zensurmaschine-wird\/\" target=\"_blank\" rel=\"noopener\">RT DE<\/a><\/span><\/p>\n<div class=\"EmbedBlock-root EmbedBlock-all\">\n<div class=\"AllEmbed\"><iframe loading=\"lazy\" title=\"Der Fall Compact: Eine gut ge\u00f6lte Zensurmaschine wird angeworfen\" src=\"https:\/\/www.podbean.com\/player-v2\/?i=uakab-1577c64-pb&amp;from=pb6admin&amp;share=1&amp;download=1&amp;rtl=0&amp;fonts=Arial&amp;skin=1&amp;font-color=&amp;logo_link=episode_page&amp;btn-skin=7\" width=\"100%\" height=\"150\" scrolling=\"no\" allowfullscreen=\"allowfullscreen\" data-name=\"pb-iframe-player\" data-mce-fragment=\"1\"><\/iframe><\/div>\n<\/div>\n<p>Es wird von Tag zu Tag unheimlicher, und langsam kommt es mir vor wie ein Reichstagsbrand in Zeitlupe. Oder, besser noch, aufgeteilt in kleine H\u00e4ppchen, die \u00fcber viele Folgen hinweg verabreicht werden.<\/p>\n<p>M\u00fcsste ich jetzt jubeln, wenn das Magazin <em>Compact<\/em> aus den Bahnhofsbuchhandlungen verschwindet? Auch wenn ich kein Fan von J\u00fcrgen Els\u00e4sser, dem Herausgeber, bin, ist mir wirklich nicht danach. Weil man sich gewaltig irrt, diese Entwicklung f\u00fcr einen Fortschritt zu halten.<\/p>\n<p>Das ist das zweite, oder, wenn man die Grundrechte-Nummer zu Bj\u00f6rn H\u00f6cke mitz\u00e4hlt, das dritte Mal, dass vier verschiedene Str\u00e4nge ineinander greifen wie Teile einer einzigen Maschine. Der Verfassungsschutz als Stichwortgeber, <em>Correctiv<\/em> als Lautsprecher, die Menge der Mainstream-Medien als Multiplikatoren und zuletzt dann\u00a0\u2012 das fehlt noch bei <em>Compact<\/em> \u2012 die entsprechenden \u00c4u\u00dferungen aus der Politik. Wie bei H\u00f6cke und dem Stichwort &#8222;AfD-Verbot&#8220; findet sich auch noch das Petitionsportal Campact mittendrin.<\/p>\n<p>Es ist aber nicht nur dieses viel zu abgestimmte Handeln, das dieses unheimliche Gef\u00fchl ausl\u00f6st. Es ist auch die Art und Weise, wie das, was zum Guten erkl\u00e4rt wird, ausgef\u00fchrt wird. Wenn drei Ketten von Bahnhofsbuchhandlungen mehr oder weniger gleichzeitig unter einer \u00f6ffentlichen Erkl\u00e4rung ein Magazin aus dem Sortiment nehmen, ist das aus zwei Gr\u00fcnden ungew\u00f6hnlich. Zum einen wieder einmal durch den Zeitablauf \u2013 da reagiert nicht der eine auf den anderen, da muss es einen gemeinsamen Ausl\u00f6ser geben. Und zum anderen, weil derartige Auslistungen st\u00e4ndig passieren, \u00fcblicherweise aber ohne \u00f6ffentliches Tamtam. Zeitschriften kommen und gehen, und in der Regel wird eine ausgelistet, weil sie sich schlecht verkauft.<\/p>\n<p>Nebenbei, es ist mitnichten so, dass eine derartige Entscheidung, ein Produkt nicht mehr anzubieten, das Einzige w\u00e4re, was passieren k\u00f6nnte. Im vergangenen Jahr <a href=\"https:\/\/www.faz.net\/aktuell\/feuilleton\/debatten\/literaturmagazin-sinn-und-form-verboten-unklare-finanzierung-18715482.html\" target=\"_blank\" rel=\"noopener noreferrer\">durfte<\/a> beispielsweise die Literaturzeitschrift <em>Sinn und Form<\/em> nicht erscheinen, weil eine andere Literaturzeitschrift eine Wettbewerbsklage eingereicht hatte. Druckerzeugnisse, die strafbare Aussagen beinhalten, k\u00f6nnen nach wie vor beschlagnahmt werden. Was man auch umdrehen kann \u2013 wenn sie oberhalb einer bestimmten Auflage nicht beschlagnahmt werden, dann mit ziemlicher Sicherheit, weil der Inhalt eben nicht strafbar ist (es gibt sogar <a href=\"https:\/\/im.baden-wuerttemberg.de\/de\/service\/presse-und-oeffentlichkeitsarbeit\/pressemitteilung\/pid\/innenminister-gall-begruesst-verbot-der-zeitschrift-yuerueyues\" target=\"_blank\" rel=\"noopener noreferrer\">Verbote<\/a> von Zeitschriften in Deutschland).<\/p>\n<p>Mitte der 1970er hatte ich eine lokale Lieblingslekt\u00fcre, <em>Das Blatt<\/em>. In jener Zeit waren Stadtmagazine noch etwas Neues, in der Regel schwarz-wei\u00df, weil Farbdruck viel zu teuer war, und gern auch etwas anarchistisch. Beim <em>Blatt<\/em> machte sich das mit den \u00e4u\u00dferst beliebten Karikaturen bemerkbar, die damals Gerhard Seyfried zeichnete, und mit gelegentlichen Textbeitr\u00e4gen wie einem Vorabdruck von Bommi Baumanns &#8222;Wie alles anfing&#8220;. Das <em>Blatt<\/em>, das alle zwei Wochen donnerstags erschien, musste man sich schnell sichern, weil es gern mal beschlagnahmt wurde, unter anderem wegen eben jener Karikaturen, die damals als &#8222;Verherrlichung von Gewalt&#8220; klassifiziert wurden. Ich hatte eine Abmachung mit dem Mitarbeiter des Kiosks am Wettersteinplatz \u2013 er legte mir immer sofort ein Exemplar beiseite, sodass ich selbst dann noch versorgt war, wenn alle anderen Exemplare einkassiert wurden.<\/p>\n<p>Das war ein klitzekleines bisschen l\u00e4cherlich, weil die Bildchen einfach nur lustig waren, und ein bisschen Katz-und-Maus-Spiel, aber es war auch symbolisch f\u00fcr die Atmosph\u00e4re dieser Zeit, die dann im Herbst 1977 ihren H\u00f6hepunkt erreichte. Wer nachf\u00fchlen will, wie das damals war, kann das in Margarethe von Trottas Film &#8222;Die bleierne Zeit&#8220; tun. Die Beschlagnahmungen beim <em>Blatt<\/em> waren nur die Spitze des Eisbergs, es gab auch Aufforderungen aus der<em> Bild<\/em>, B\u00fccher von Heinrich B\u00f6ll aus den Buchhandlungen und Bibliotheken zu entfernen, weil dieser &#8222;mit Terroristen sympathisiere&#8220;.<\/p>\n<p>Aber damals gab es einen Schriftstellerverband, eine IG Druck und Papier und auch noch eine Gewerkschaft HBV, in der die Buchh\u00e4ndler organisiert waren, die sich an diesem Punkt auch zur SPD-FDP-Regierung unter Helmut Schmidt in Opposition sahen und dementsprechend protestierten. Wenn man die heutigen Gewerkschaften betrachtet, die Journalistenverb\u00e4nde eingeschlossen, kommen einem nur noch die Tr\u00e4nen.<\/p>\n<p>\u00dcbrigens war damals die Bahnhofsbuchhandlung in M\u00fcnchen\u00a0\u2012 noch lange nicht Teil einer gro\u00dfen Kette\u00a0\u2012 einer der Lichtblicke. In der lie\u00df sich immer interessante politische Literatur finden. Und es gab damals Bem\u00fchungen, eine wirklich rechtsextreme Zeitung, die <em>Deutsche Nationalzeitung<\/em>, aus den Kiosken zu kriegen, aber das lief v\u00f6llig anders. \u00dcber Beschl\u00fcsse der Mitarbeiter, beispielsweise. Und das war wirklich ein ganz anderes Kaliber als <em>Compact<\/em>. Aber es ist ein grundlegender Unterschied, ob Kunden und Mitarbeiter darauf dr\u00e4ngen, ein bestimmtes Produkt nicht mehr sehen zu m\u00fcssen, oder ob internationale Konzerne es auslisten. Das eine k\u00f6nnte man wenigstens zu Recht als einen Wunsch der Zivilgesellschaft bezeichnen, das andere ist allerh\u00f6chstens eine Simulation eines solchen.<\/p>\n<p>Wie muss man sich den Ablauf vorstellen, der dieser Entscheidung vorausging? Nachdem die zeitliche Folge so eng ist, wird es kaum ein Brief gewesen sein, der eingegangen ist. Bei der Deutschen Post kann man ja nicht mehr wissen, wie lange er braucht.<\/p>\n<p>Also war es ein Anruf, oder mehrere. Von wem? Vom Verfassungsschutz oder von <em>Correctiv<\/em>? Immerhin d\u00fcrfen die Schlapph\u00fcte so etwas seit der letzten Gesetzes\u00e4nderung. Nun, die \u00dcberg\u00e4nge sind ohnehin flie\u00dfend. Anrufe, auf die hin gleichzeitig in drei Ketten entschieden wird, eine bestimmte Zeitschrift aus dem Sortiment zu nehmen. Gut, das kann normalerweise ein Gesch\u00e4ftsf\u00fchrer entscheiden, oder der zust\u00e4ndige Abteilungsleiter. Aber, wie schon erw\u00e4hnt, Presseerkl\u00e4rungen sind da nicht \u00fcblich (wobei sich auf allen drei Webseiten keine entsprechenden Erkl\u00e4rungen finden).<\/p>\n<p>Nehmen wir einmal an, es habe diese Mitteilungen tats\u00e4chlich gegeben und sie seien auch tats\u00e4chlich so erfolgt, wie <em>Correctiv<\/em> sie zitiert, und es wurde nicht von <em>Correctiv<\/em> einfach eine Aussage aus dem Gespr\u00e4ch genommen oder gar erfunden. Irgendwie doch eigenartig, wie folgsam die aktuellen Worth\u00fclsen abgeliefert wurden. Mitarbeiter von derartigen Pressestellen sind normalerweise damit besch\u00e4ftigt, neue Filialen oder Betriebsjubil\u00e4en in Meldungen zu verwandeln, und nicht mit politischen Erkl\u00e4rungen. Vielleicht wird mal eine Lesung eines Bestsellers in einer Filiale beworben. Gibt es etwas f\u00fcr diese S\u00e4tze? Kaum anzunehmen, dass morgen die Kunden ihre n\u00e4chstgelegene Bahnhofsbuchhandlung st\u00fcrmen und sich stapelweise Lekt\u00fcre holen, weil dort <em>Compact<\/em> nicht mehr vertrieben wird.<\/p>\n<p>Nein, das sieht eher nach subtilem Druck aus, der in diesem Fall dann entweder vom Verfassungsschutz oder von <em>Correctiv<\/em> mit Hinweis auf die Deutsche Bahn als Vermieter ausge\u00fcbt werden k\u00f6nnte. Garniert mit einem freundlichen Angebot, man werde auch beim Abfassen einer entsprechenden Erkl\u00e4rung behilflich sein. &#8222;Ein Angebot, das sie nicht ablehnen k\u00f6nnen&#8220;?<\/p>\n<p>Doch selbst wenn dem nicht so gewesen sein sollte und alle drei Unternehmen spontan und zuf\u00e4llig gleichzeitig beschlossen h\u00e4tten, jetzt <em>Compact<\/em> aus dem Angebot zu nehmen und dazu eine politische Erkl\u00e4rung zu schreiben, warum erfolgt diese Erkl\u00e4rung dann ausgerechnet an <em>Correctiv<\/em>?<\/p>\n<p>Ist doch nur dieses komische Ding von dem komischen Els\u00e4sser, werden jetzt manche sagen, ist doch nicht schlimm. Aber erstens ist es das Wesen von Grundrechten wie der Meinungsfreiheit, dass sie f\u00fcr alle sind oder eben nicht sind, und zweitens l\u00e4sst sich schon erahnen, wie das weitergeht. Im September erschien beispielsweise ein <a href=\"https:\/\/web.archive.org\/web\/20230924080048\/https:\/\/www.moz.de\/nachrichten\/brandenburg\/rechtsextremismus-in-brandenburg-warum-compact-und-andere-rechte-zeitschriften-legal-sind-71576009.html\" target=\"_blank\" rel=\"noopener noreferrer\">Artikel<\/a> in der <em>M\u00e4rkischen Oderzeitung<\/em>, der sich beschwerte, &#8222;rechte und rechtsextreme Zeitschriften&#8220; w\u00fcrden am Kiosk angeboten. Da wurde dann auch <em>Tichys Einblick<\/em> genannt.<\/p>\n<p>Damals, in den Siebzigern, war ein Gedicht von Martin Niem\u00f6ller ziemlich popul\u00e4r.<\/p>\n<blockquote><p><em>&#8222;Als die Nazis die Kommunisten holten, habe ich geschwiegen, ich war ja kein Kommunist.<br \/>\n<\/em><em>Als sie die Sozialdemokraten einsperrten, habe ich geschwiegen, ich war ja kein Sozialdemokrat.<br \/>\n<\/em><em>Als sie die Gewerkschafter holten, habe ich geschwiegen, ich war ja kein Gewerkschafter.<br \/>\n<\/em><em>Als sie mich holten, gab es keinen mehr, der protestieren konnte.&#8220;<\/em><\/p><\/blockquote>\n<p>Man kannte dieses Zitat, und zog seine Schl\u00fcsse daraus. Dass n\u00e4mlich eine Einschr\u00e4nkung demokratischer Rechte immer wesentlich mehr Menschen betrifft, als anf\u00e4nglich gesagt wird. Man also auf den Inhalt achten muss, nicht auf den Anlass. Gibt es irgendeinen Grund, bei <em>Compact<\/em> aufzuh\u00f6ren, wenn das so sauber durchrutscht?<\/p>\n<p>Die Art und Weise, wie die einzelnen Teile ineinander greifen, <em>Correctiv<\/em> und Campact und Medien und die nun zum allgemeinen Ma\u00dfstab der Moral erkl\u00e4rten Bewertungen durch den Verfassungsschutz, das erweckt schon fast den Eindruck, <em>Correctiv<\/em> und Campact seien genau daf\u00fcr geschaffen worden: um aus diesen Bewertungen Handlungen zu machen, die weder durch einen Rechtsversto\u00df ausgel\u00f6st noch rechtlich \u00fcberpr\u00fcfbar sind.<\/p>\n<p>Die Meinungsfreiheit ist durch die Gesetze eingeschr\u00e4nkt, hei\u00dft es im Grundgesetz. Der Verfassungsschutz ist grunds\u00e4tzlich in jenem Bereich t\u00e4tig, in dem es eben nicht um Gesetzesverst\u00f6\u00dfe geht, f\u00fcr die sind die Strafermittlungsbeh\u00f6rden zust\u00e4ndig. Er war und ist eine eigenartige, grundrechts- und demokratiefeindliche bundesdeutsche Institution, deren einzige wirklich legitime T\u00e4tigkeit die Spionageabwehr ist.<\/p>\n<p>Kaum jemand im heutigen Deutschland ist sich noch bewusst, wie befremdlich dieses deutsche Konstrukt selbst auf westeurop\u00e4ische Nachbarn wie Italien und Frankreich wirkte, wo Kommunisten auch mal in der Regierung sa\u00dfen oder Polizisten wurden und die Welt nicht davon unterging, dass der Fahrkartenkontrolleur im Zug Anarchist war.<\/p>\n<p>Die heutige EU mit ihren dutzenden Zensurvorgaben und ihrer permanenten \u00dcberwachung ist vielmehr so, als habe sich diese Bundesrepublik ausgebreitet wie ein Schimmelpilz und sich auch \u00fcber jene L\u00e4nder gelegt, deren Verst\u00e4ndnis von politischer Freiheit einmal anders aussah. Eine Linke, die Wert auf demokratische Rechte legt, auch wenn sie von politischen Gegnern genutzt werden, gibt es nicht mehr. Kein Journalistenverband wird sich berufen f\u00fchlen, die Entscheidung von Vertriebskonzernen dar\u00fcber, was man lesen d\u00fcrfe und was nicht, zu kritisieren.<\/p>\n<p>Dabei ist, selbst wenn <em>Compact<\/em> so gef\u00e4hrlich w\u00e4re wie behauptet, keine Zeitschrift eine gr\u00f6\u00dfere Gefahr f\u00fcr die Demokratie als die Abtretung weiterer Entscheidungsm\u00f6glichkeiten \u00fcber die Meinungsfreiheit an Konzerne. Ohnehin geh\u00f6ren die meisten gedruckten Medien in Deutschland nur f\u00fcnf Familien, was die m\u00f6gliche Auswahl wie auch die Bandbreite gelieferter Informationen schon betr\u00e4chtlich einschr\u00e4nkt. Nun werden also die Vertriebsfirmen gewisserma\u00dfen als Torw\u00e4chter etabliert, um Produkte fernzuhalten, die nicht den f\u00fcnf geh\u00f6ren.<\/p>\n<p>Es ist fast schon etwas anachronistisch, weil das entscheidende Gesicht der Zensur heute digital ist, aber das \u00e4ndert nichts daran, dass eine durch ihre hohe Konzentration leicht zu zensierende Medienlandschaft eine weit gr\u00f6\u00dfere Gefahr f\u00fcr die Demokratie darstellt, als sie ein Magazin mit einigen zehntausend Lesern je sein kann.<\/p>\n<p>Und es ist nicht so, als w\u00fcrde <em>Correctiv<\/em>, das nach einer p\u00e4pstlichen Rolle zu streben scheint, nicht bereits zu erkennen geben, dass auf seiner Speisekarte noch mehr steht. Denn kann man ernsthaft <em>Compact<\/em> gegen\u00fcber ausgerechnet den Vorwurf erheben, es habe Baerbock, von der Leyen und Strack-Zimmermann auf einem Titel die &#8222;Kriegshexen&#8220; genannt? Das mag eine Verunglimpfung eines altehrw\u00fcrdigen Berufs sein, aber als &#8222;Friedensengel&#8220; kann man das Trio gewiss nicht verkaufen.<\/p>\n<p>Dass <em>Correctiv<\/em> treuestens auf NATO-Linie ist, l\u00e4sst sich vielfach verfolgen. In dem frisch aktualisierten Modell politischer Denunziation geht es demgem\u00e4\u00df um alle und alles, was davon abweicht. <em>Compact<\/em> ist nur der Appetithappen.<\/p>\n<p style=\"text-align: right;\"><em>Dagmar Henn ist Mitglied des Deutschen Freidenker-Verbandes<\/em><\/p>\n<hr \/>\n<p><span style=\"font-size: 10pt;\">Bild oben: <span class=\"mw-mmv-title\">J\u00fcrgen Els\u00e4sser (verdeckt) am 05.09.2022 auf dem Augustusplatz in Leipzig bei einer Kundgebung der \u00bbFreien Sachsen\u00ab, einen Werbetr\u00e4ger (mit Compact-Titelbild) hochhaltend<\/span><\/span><br \/>\n<span style=\"font-size: 10pt;\">Foto: Dirk Bindmann, <a href=\"https:\/\/creativecommons.org\/licenses\/by-sa\/4.0\" target=\"_blank\" rel=\"noopener\">CC BY-SA 4.0<\/a><\/span><br \/>\n<span style=\"font-size: 10pt;\">Quelle: <a href=\"https:\/\/commons.wikimedia.org\/w\/index.php?curid=123190294\" target=\"_blank\" rel=\"noopener\">https:\/\/commons.wikimedia.org\/w\/index.php?curid=123190294<\/a><\/span><\/p>\n","protected":false},"excerpt":{"rendered":"<p><b>Beitrag von Dagmar Henn<\/b><br \/>\nEs wird von Tag zu Tag unheimlicher, und langsam kommt es mir vor wie ein Reichstagsbrand in Zeitlupe. Oder, besser noch, aufgeteilt in kleine H\u00e4ppchen, die \u00fcber viele Folgen hinweg verabreicht werden. M\u00fcsste ich jetzt jubeln, wenn das Magazin Compact aus den Bahnhofsbuchhandlungen verschwindet? Auch wenn ich kein Fan von J\u00fcrgen Els\u00e4sser, dem Herausgeber, bin, ist mir wirklich nicht danach. Weil man sich gewaltig irrt, diese Entwicklung f\u00fcr einen Fortschritt zu halten. Das ist das zweite, oder, wenn man die Grundrechte-Nummer zu Bj\u00f6rn H\u00f6cke mitz\u00e4hlt, das dritte Mal, dass vier verschiedene Str\u00e4nge ineinander greifen wie Teile einer einzigen Maschine. Der Verfassungsschutz als Stichwortgeber, Correctiv als Lautsprecher, die Menge der Mainstream-Medien als Multiplikatoren und zuletzt dann\u00a0\u2012 das fehlt noch bei Compact \u2012 die entsprechenden \u00c4u\u00dferungen aus der Politik. <\/p>\n","protected":false},"author":3,"featured_media":18143,"comment_status":"closed","ping_status":"closed","sticky":false,"template":"","format":"standard","meta":{"colormag_page_container_layout":"default_layout","colormag_page_sidebar_layout":"default_layout","advanced_seo_description":"","jetpack_seo_html_title":"","jetpack_seo_noindex":false,"jetpack_post_was_ever_published":false,"footnotes":""},"categories":[12],"tags":[1031,1114,2112,2077,1541,1315,121,395,56,1397,527],"class_list":["post-18141","post","type-post","status-publish","format-standard","has-post-thumbnail","hentry","category-demokratie-medien-aufklaerung","tag-afd","tag-campact","tag-compact","tag-correctiv","tag-denunziation","tag-journalismus","tag-medien","tag-meinungsfreiheit","tag-nato","tag-verfassungsschutz","tag-zensur"],"jetpack_featured_media_url":"https:\/\/i0.wp.com\/www.freidenker.org\/fw17\/wp-content\/uploads\/2024\/02\/Juergen_Elsaesser_Leipzig_2022-09-05_800x450.jpg?fit=800%2C450&ssl=1","jetpack_shortlink":"https:\/\/wp.me\/p9stpK-4IB","jetpack-related-posts":[{"id":18077,"url":"https:\/\/www.freidenker.org\/?p=18077","url_meta":{"origin":18141,"position":0},"title":"Arbeitet Correctiv in staatlichem Auftrag? Falls ja, f\u00fcr welchen Staat?","author":"Webredaktion","date":"2. Februar 2024","format":false,"excerpt":"Beitrag von Dagmar Henn Es ist eine interessante Frage, die im Zusammenhang mit dem \"Geheimtreffen\" aufgetaucht ist: Wie ist eigentlich das Verh\u00e4ltnis zwischen staatlichen Stellen und diesen Zusatzgeheimdiensten beschaffen? Es ist ein konkretes Detail bei der vermeintlichen \"Enth\u00fcllung\", das diesen Punkt sichtbar gemacht und in die Debatte gebracht hat. Insbesondere\u2026","rel":"","context":"In &quot;Demokratie \u2013 Medien \u2013 Aufkl\u00e4rung&quot;","block_context":{"text":"Demokratie \u2013 Medien \u2013 Aufkl\u00e4rung","link":"https:\/\/www.freidenker.org\/?cat=12"},"img":{"alt_text":"","src":"https:\/\/i0.wp.com\/www.freidenker.org\/fw17\/wp-content\/uploads\/2024\/02\/Correctiv_Villa_Adlon.jpg?fit=801%2C450&ssl=1&resize=350%2C200","width":350,"height":200,"srcset":"https:\/\/i0.wp.com\/www.freidenker.org\/fw17\/wp-content\/uploads\/2024\/02\/Correctiv_Villa_Adlon.jpg?fit=801%2C450&ssl=1&resize=350%2C200 1x, https:\/\/i0.wp.com\/www.freidenker.org\/fw17\/wp-content\/uploads\/2024\/02\/Correctiv_Villa_Adlon.jpg?fit=801%2C450&ssl=1&resize=525%2C300 1.5x, https:\/\/i0.wp.com\/www.freidenker.org\/fw17\/wp-content\/uploads\/2024\/02\/Correctiv_Villa_Adlon.jpg?fit=801%2C450&ssl=1&resize=700%2C400 2x"},"classes":[]},{"id":19562,"url":"https:\/\/www.freidenker.org\/?p=19562","url_meta":{"origin":18141,"position":1},"title":"Faeser und das Compact-Verbot: Von der Enteignung bis zur Reichsschrifttumskammer","author":"Webredaktion","date":"20. Juli 2024","format":false,"excerpt":"Beitrag von Dagmar Henn Bei den Dingen, die die ber\u00fcchtigte Innenministerin Nancy Faeser so treibt, muss man oft sehr genau darauf achten, was der Vorwand f\u00fcr eine Ma\u00dfnahme ist und was das wirkliche Ziel. So widerlich und grundgesetzwidrig das Vorgehen gegen eine Publikation ist, gegen die unbestritten nicht einmal Strafverfahren\u2026","rel":"","context":"In &quot;Demokratie \u2013 Medien \u2013 Aufkl\u00e4rung&quot;","block_context":{"text":"Demokratie \u2013 Medien \u2013 Aufkl\u00e4rung","link":"https:\/\/www.freidenker.org\/?cat=12"},"img":{"alt_text":"","src":"https:\/\/i0.wp.com\/www.freidenker.org\/fw17\/wp-content\/uploads\/2024\/07\/Faeser_53486591650_800x450.jpg?fit=800%2C450&ssl=1&resize=350%2C200","width":350,"height":200,"srcset":"https:\/\/i0.wp.com\/www.freidenker.org\/fw17\/wp-content\/uploads\/2024\/07\/Faeser_53486591650_800x450.jpg?fit=800%2C450&ssl=1&resize=350%2C200 1x, https:\/\/i0.wp.com\/www.freidenker.org\/fw17\/wp-content\/uploads\/2024\/07\/Faeser_53486591650_800x450.jpg?fit=800%2C450&ssl=1&resize=525%2C300 1.5x, https:\/\/i0.wp.com\/www.freidenker.org\/fw17\/wp-content\/uploads\/2024\/07\/Faeser_53486591650_800x450.jpg?fit=800%2C450&ssl=1&resize=700%2C400 2x"},"classes":[]},{"id":22273,"url":"https:\/\/www.freidenker.org\/?p=22273","url_meta":{"origin":18141,"position":2},"title":"Compact-Verbot aufgehoben \u2013 Urteil pro Pressefreiheit mit Beigeschmack","author":"Webredaktion","date":"3. Juli 2025","format":false,"excerpt":"Kommentar von Tilo Gr\u00e4ser. Fast ein Jahr, nachdem die damalige Bundesinnenministerin Nancy Faeser (SPD) am 16. Juli 2024 das Magazin Compact, dessen Verlag und eine dazu geh\u00f6rige Filmfirma verbieten lie\u00df, hat nun das Bundesverwaltungsgericht (BVerwG) in Leipzig das Verbot endg\u00fcltig aufgehoben. Damit war die Klage des Verlages Compact-Magazin GmbH und\u2026","rel":"","context":"In &quot;Demokratie \u2013 Medien \u2013 Aufkl\u00e4rung&quot;","block_context":{"text":"Demokratie \u2013 Medien \u2013 Aufkl\u00e4rung","link":"https:\/\/www.freidenker.org\/?cat=12"},"img":{"alt_text":"","src":"https:\/\/i0.wp.com\/www.freidenker.org\/fw17\/wp-content\/uploads\/2025\/07\/collage_compact_800x450.jpg?fit=800%2C450&ssl=1&resize=350%2C200","width":350,"height":200,"srcset":"https:\/\/i0.wp.com\/www.freidenker.org\/fw17\/wp-content\/uploads\/2025\/07\/collage_compact_800x450.jpg?fit=800%2C450&ssl=1&resize=350%2C200 1x, https:\/\/i0.wp.com\/www.freidenker.org\/fw17\/wp-content\/uploads\/2025\/07\/collage_compact_800x450.jpg?fit=800%2C450&ssl=1&resize=525%2C300 1.5x, https:\/\/i0.wp.com\/www.freidenker.org\/fw17\/wp-content\/uploads\/2025\/07\/collage_compact_800x450.jpg?fit=800%2C450&ssl=1&resize=700%2C400 2x"},"classes":[]},{"id":18583,"url":"https:\/\/www.freidenker.org\/?p=18583","url_meta":{"origin":18141,"position":3},"title":"Potsdam, Correctiv und unbeantwortete Fragen: Ein Putsch ganz ohne Rollatoren","author":"Webredaktion","date":"24. M\u00e4rz 2024","format":false,"excerpt":"Beitrag vom Dagmar Henn Die Geschichte rund um die Correctiv-Erz\u00e4hlung von Potsdam scheint noch lange nicht zu Ende zu sein. Genau genommen, w\u00e4re sie unter normalen Umst\u00e4nden l\u00e4ngst Thema f\u00fcr einen parlamentarischen Untersuchungsausschuss. Zuletzt lieferte die Antwort auf eine Frage des AfD-Abgeordneten Leif-Erik Holm einen weiteren Grund daf\u00fcr. Fassen wir\u2026","rel":"","context":"In &quot;Demokratie \u2013 Medien \u2013 Aufkl\u00e4rung&quot;","block_context":{"text":"Demokratie \u2013 Medien \u2013 Aufkl\u00e4rung","link":"https:\/\/www.freidenker.org\/?cat=12"},"img":{"alt_text":"","src":"https:\/\/i0.wp.com\/www.freidenker.org\/fw17\/wp-content\/uploads\/2024\/03\/Demokratie_Verteidigen_protest_Berlin_2024-01-14_148_800x450.jpg?fit=800%2C450&ssl=1&resize=350%2C200","width":350,"height":200,"srcset":"https:\/\/i0.wp.com\/www.freidenker.org\/fw17\/wp-content\/uploads\/2024\/03\/Demokratie_Verteidigen_protest_Berlin_2024-01-14_148_800x450.jpg?fit=800%2C450&ssl=1&resize=350%2C200 1x, https:\/\/i0.wp.com\/www.freidenker.org\/fw17\/wp-content\/uploads\/2024\/03\/Demokratie_Verteidigen_protest_Berlin_2024-01-14_148_800x450.jpg?fit=800%2C450&ssl=1&resize=525%2C300 1.5x, https:\/\/i0.wp.com\/www.freidenker.org\/fw17\/wp-content\/uploads\/2024\/03\/Demokratie_Verteidigen_protest_Berlin_2024-01-14_148_800x450.jpg?fit=800%2C450&ssl=1&resize=700%2C400 2x"},"classes":[]},{"id":21806,"url":"https:\/\/www.freidenker.org\/?p=21806","url_meta":{"origin":18141,"position":4},"title":"Neues vom &#8222;Faktenchecker&#8220;: Verfassungsschutz gut, AfD b\u00f6se","author":"Webredaktion","date":"12. Mai 2025","format":false,"excerpt":"Beitrag von Dagmar Henn Nein, es muss nicht \u00fcberraschen, dass die ARD mal wieder ihre ber\u00fcchtigten Faktenchecker in die Spur schickt, um den Verfassungsschutz zu sch\u00fctzen. Auch wenn das irgendwie wieder als Zirkelschluss endet. Aber dazu sp\u00e4ter. Schon die \u00dcberschrift ist h\u00fcbsch: \"Wie die AfD den Verfassungsschutz diskreditiert\". Das ist\u2026","rel":"","context":"In &quot;Demokratie \u2013 Medien \u2013 Aufkl\u00e4rung&quot;","block_context":{"text":"Demokratie \u2013 Medien \u2013 Aufkl\u00e4rung","link":"https:\/\/www.freidenker.org\/?cat=12"},"img":{"alt_text":"","src":"https:\/\/i0.wp.com\/www.freidenker.org\/fw17\/wp-content\/uploads\/2025\/05\/Verfassungsschutz-2015-02-26_Didacta_2015_by_Olaf_Kosinsky-51_800x450.jpg?fit=800%2C450&ssl=1&resize=350%2C200","width":350,"height":200,"srcset":"https:\/\/i0.wp.com\/www.freidenker.org\/fw17\/wp-content\/uploads\/2025\/05\/Verfassungsschutz-2015-02-26_Didacta_2015_by_Olaf_Kosinsky-51_800x450.jpg?fit=800%2C450&ssl=1&resize=350%2C200 1x, https:\/\/i0.wp.com\/www.freidenker.org\/fw17\/wp-content\/uploads\/2025\/05\/Verfassungsschutz-2015-02-26_Didacta_2015_by_Olaf_Kosinsky-51_800x450.jpg?fit=800%2C450&ssl=1&resize=525%2C300 1.5x, https:\/\/i0.wp.com\/www.freidenker.org\/fw17\/wp-content\/uploads\/2025\/05\/Verfassungsschutz-2015-02-26_Didacta_2015_by_Olaf_Kosinsky-51_800x450.jpg?fit=800%2C450&ssl=1&resize=700%2C400 2x"},"classes":[]},{"id":19618,"url":"https:\/\/www.freidenker.org\/?p=19618","url_meta":{"origin":18141,"position":5},"title":"Wie J.D. Vance &#8222;Jehova&#8220; gesagt hat \u2013 und deshalb bei Medien in Ungnade gefallen ist","author":"Webredaktion","date":"2. August 2024","format":false,"excerpt":"Beitrag von Dagmar Henn Es ist ein Ereignis, das der Logik geradezu widerspricht. Unmittelbar nach der Nominierung von J.D. Vance zum Vize von Donald Trump nimmt der deutsche Ullstein-Verlag (der zum Springer-Konzern geh\u00f6rt) die deutsche \u00dcbersetzung seiner Autobiografie aus dem Programm. Gerade zu einer Zeit, da bereits B\u00fccher mit zwei-,\u2026","rel":"","context":"In &quot;Arbeit &amp; Soziales&quot;","block_context":{"text":"Arbeit &amp; Soziales","link":"https:\/\/www.freidenker.org\/?cat=11"},"img":{"alt_text":"","src":"https:\/\/i0.wp.com\/www.freidenker.org\/fw17\/wp-content\/uploads\/2024\/08\/J._D._Vance_53809516864_800x450.jpg?fit=800%2C450&ssl=1&resize=350%2C200","width":350,"height":200,"srcset":"https:\/\/i0.wp.com\/www.freidenker.org\/fw17\/wp-content\/uploads\/2024\/08\/J._D._Vance_53809516864_800x450.jpg?fit=800%2C450&ssl=1&resize=350%2C200 1x, https:\/\/i0.wp.com\/www.freidenker.org\/fw17\/wp-content\/uploads\/2024\/08\/J._D._Vance_53809516864_800x450.jpg?fit=800%2C450&ssl=1&resize=525%2C300 1.5x, https:\/\/i0.wp.com\/www.freidenker.org\/fw17\/wp-content\/uploads\/2024\/08\/J._D._Vance_53809516864_800x450.jpg?fit=800%2C450&ssl=1&resize=700%2C400 2x"},"classes":[]}],"_links":{"self":[{"href":"https:\/\/www.freidenker.org\/index.php?rest_route=\/wp\/v2\/posts\/18141","targetHints":{"allow":["GET"]}}],"collection":[{"href":"https:\/\/www.freidenker.org\/index.php?rest_route=\/wp\/v2\/posts"}],"about":[{"href":"https:\/\/www.freidenker.org\/index.php?rest_route=\/wp\/v2\/types\/post"}],"author":[{"embeddable":true,"href":"https:\/\/www.freidenker.org\/index.php?rest_route=\/wp\/v2\/users\/3"}],"replies":[{"embeddable":true,"href":"https:\/\/www.freidenker.org\/index.php?rest_route=%2Fwp%2Fv2%2Fcomments&post=18141"}],"version-history":[{"count":0,"href":"https:\/\/www.freidenker.org\/index.php?rest_route=\/wp\/v2\/posts\/18141\/revisions"}],"wp:featuredmedia":[{"embeddable":true,"href":"https:\/\/www.freidenker.org\/index.php?rest_route=\/wp\/v2\/media\/18143"}],"wp:attachment":[{"href":"https:\/\/www.freidenker.org\/index.php?rest_route=%2Fwp%2Fv2%2Fmedia&parent=18141"}],"wp:term":[{"taxonomy":"category","embeddable":true,"href":"https:\/\/www.freidenker.org\/index.php?rest_route=%2Fwp%2Fv2%2Fcategories&post=18141"},{"taxonomy":"post_tag","embeddable":true,"href":"https:\/\/www.freidenker.org\/index.php?rest_route=%2Fwp%2Fv2%2Ftags&post=18141"}],"curies":[{"name":"wp","href":"https:\/\/api.w.org\/{rel}","templated":true}]}}