{"id":18138,"date":"2024-02-11T20:38:50","date_gmt":"2024-02-11T19:38:50","guid":{"rendered":"https:\/\/www.freidenker.org\/?p=18138"},"modified":"2024-03-06T00:11:17","modified_gmt":"2024-03-05T23:11:17","slug":"jalta-stellte-weichen-fuer-sicherheit-und-frieden-fuer-friedliche-koexistenz","status":"publish","type":"post","link":"https:\/\/www.freidenker.org\/?p=18138","title":{"rendered":"Jalta stellte Weichen f\u00fcr Sicherheit und Frieden, f\u00fcr friedliche Koexistenz"},"content":{"rendered":"<p><em>von\u00a0<strong>Prof. Dr. Anton Latzo<\/strong><\/em><\/p>\n<p>Die Endphase des von den Faschisten entfesselten 2. Weltkrieges, der die Sowjetunion ausl\u00f6schen, die imperialistischen Konkurrenten des faschistischen Deutschland beseitigen und die Weltherrschaft Deutschlands herstellen sollte, war dank des siegreichen Vormarsches der Roten Armee angebrochen. Die Erfolge der Roten Armee wie auch das neue Kr\u00e4fteverh\u00e4ltnis, das sich auf dem internationalen Schauplatz herausgebildet hatte, schufen g\u00fcnstige Voraussetzungen f\u00fcr die T\u00e4tigkeit der sowjetischen Diplomatie.<\/p>\n<p>Vor 80 Jahren, vom 4. bis 11. Februar 1945 fand in Jalta, auf der Krim, die Konferenz der F\u00fchrer der drei ehemaligen alliierten Staaten der Anti-Hitler-Koalition statt. Es war das zweite Treffen der Regierungschefs der drei Gro\u00dfm\u00e4chte der Antihitlerkoalition.<\/p>\n<p>Wichtige gemeinsame Beschl\u00fcsse im Kampf gegen das faschistische Deutschland und \u00fcber die Gestaltung Deutschlands nach dem Sieg wurden davor auf der Moskauer Au\u00dfenministerkonferenz (Oktober 1943), auf der Konferenz der drei Staatsoberh\u00e4upter in Teheran (November\/Dezember 1943) und danach w\u00e4hrend der Potsdamer Konferenz gefasst.<\/p>\n<p>Diese Konferenz war ein wichtiges Ereignis nicht nur f\u00fcr das Schicksal des deutschen Volkes, sondern ebenso f\u00fcr die Zukunft Europas und die Gestaltung einer friedlichen Weltordnung nach dem Sieg \u00fcber den Faschismus.<\/p>\n<p>Auf der Konferenz vereinbarten die Drei das Verfahren, um die bedingungslose Kapitulation des faschistischen Deutschlands zu erzwingen. Sie entwarfen den Beginn der vereinbarten Politik gegen\u00fcber Deutschland, der die Prinzipien seiner Demokratisierung und Entmilitarisierung zugrunde lagen.<\/p>\n<p>Zum Ziel der Besatzung und der Kontrolle durch die Alliierten wurde erkl\u00e4rt, \u201eden deutschen Militarismus und Nationalsozialismus zu zerst\u00f6ren und daf\u00fcr Sorge zu tragen, dass Deutschland nie wieder imstande ist, den Weltfrieden zu st\u00f6ren\u201c.<\/p>\n<p>Die Konferenzteilnehmer erkl\u00e4rten, dass es nicht ihre Absicht sei, das deutsche Volk zu vernichten. Sie betonten aber, \u201enur dann, wenn der Nationalsozialismus und Militarismus ausgerottet sind, wird f\u00fcr die Deutschen Hoffnung auf ein w\u00fcrdiges Leben und einen Platz in der V\u00f6lkergemeinschaft bestehen\u201c.<\/p>\n<p>Die Sowjetunion hat schon kurz nach dem \u00dcberfall durch das faschistische Deutschland am 3. Juli 1941 in einer Erkl\u00e4rung der Regierung verk\u00fcndet: \u201eDieser Vaterl\u00e4ndische Krieg gegen die\u00a0 faschistischen Unterdr\u00fccker hat nicht nur das Ziel, die \u00fcber unser Land heraufgezogene Gefahr zu beseitigen, sondern auch allen V\u00f6lkern Europas zu helfen, die unter dem Joch des Faschismus st\u00f6hnen. In diesem Befreiungskrieg werden wir nicht allein dastehen. In diesem gro\u00dfen Krieg werden wir treue Verb\u00fcndete an den V\u00f6lkern Europas und Amerikas haben, darunter dem deutschen\u00a0 Volk, das von den faschistischen Machthabern versklavt ist.\u00a0 Unser Krieg f\u00fcr die Freiheit unseres Vaterlandes wird verschmelzen mit dem Kampf der V\u00f6lker Europas und Amerikas f\u00fcr die Unabh\u00e4ngigkeit, f\u00fcr die demokratischen Freiheiten\u201c.<\/p>\n<p>Die Sowjetunion unterschied also von Anfang an klar zwischen dem deutschen Volk und dem faschistischen deutschen Imperialismus. Sie f\u00fchrte den Krieg zur Vernichtung des Faschismus. Sie setzte sich f\u00fcr die Befreiung des deutschen Volkes und f\u00fcr die demokratische Entwicklung des zuk\u00fcnftigen Deutschlands ein, was auch den Interessen der Menschen in Deutschland und dar\u00fcber hinaus entsprach.<\/p>\n<p>In diesem Sinne war die UdSSR bem\u00fcht, ein umfassendes B\u00fcndnis aller am Krieg beteiligten Kr\u00e4fte gegen das faschistische Deutschland herzustellen. Die B\u00fcndnisbem\u00fchungen\u00a0 richteten sich auch auf die Zusammenarbeit mit den Regierungen der kapitalistischen Staaten und Gro\u00dfm\u00e4chte.<\/p>\n<p>Bereits vor dem Krieg hatte die UdSSR versucht, eine Verst\u00e4ndigung mit den Regierungen Frankreichs und Gro\u00dfbritanniens zu erreichen.<\/p>\n<p>Deren Verhalten f\u00fchrte dann bekanntlich aber zur Politik des M\u00fcnchener Abkommens, zur Annexion, zur Erweiterung Deutschlands auf \u00d6sterreich und die Tschechoslowakei und schlie\u00dflich zur Ausl\u00f6sung des zweiten Weltkrieges!<\/p>\n<p>Das hat aber auch offenbart, dass das faschistische Deutschland die anderen imperialistischen Gruppen nicht nur als wirtschaftliche Konkurrenten ansah. Seine Weltherrschaftspl\u00e4ne wurden zur akuten Gefahr f\u00fcr die Selbst\u00e4ndigkeit und sogar f\u00fcr die physische Existenz\u00a0 des Monopolkapitals Englands, Frankreichs und ihrer Verb\u00fcndeten.<\/p>\n<p>Erst unter diesen Bedingungen, als die Widerspr\u00fcche zwischen den damaligen imperialistischen Hauptm\u00e4chten \u2013 zwischen Deutschland und den Westm\u00e4chten \u2013 gr\u00f6\u00dfer als die Gegens\u00e4tze zwischen den Westm\u00e4chten und der Sowjetunion wurden, waren die Westm\u00e4chte zu einer zwar widerspr\u00fcchlichen, aber doch st\u00e4rker konstruktiven Haltung gegen\u00fcber der UdSSR bereit. Erst unter diesen Umst\u00e4nden waren sie zur Zusammenarbeit bereit.<\/p>\n<p>Diese internationale Konstellation der Kr\u00e4fte hatte zur Folge, dass eine antifaschistische Front entstand, die sowohl die Massen des Volkes als auch Vertreter der herrschenden Klasse zum gr\u00f6\u00dften Teil einschloss.<\/p>\n<p>Eigentlich gen\u00fcgend Stoff, um Schlussfolgerungen abzuleiten, die als Anregung f\u00fcr konstruktives friedenspolitisches Wirken auch unter den gegenw\u00e4rtigen inneren und internationalen Bedingungen genutzt werden k\u00f6nnen. Der grundlegende Ausgangspunkt sollte dabei die damalige Erkenntnis sein, dass es ein gemeinsame Ziel gab, welches gemeinsames Handeln erm\u00f6glichte. Es bestand darin, die v\u00f6llige Zerst\u00f6rung des Faschismus und die Verhinderung seiner Wiedererrichtung dauerhaft zu sichern!<\/p>\n<p>Das ist auch angesichts der ver\u00e4nderten Bedingungen notwendig geblieben. Die damals beteiligten Akteure haben zwar ihre Funktion und ihren Platz in den internationalen Beziehungen teilweise ge\u00e4ndert, aber die \u00f6konomischen, politischen und sozialen Widerspr\u00fcche in und zwischen den Staaten sind geblieben. Und auf ihre L\u00f6sung kommt es an, wenn friedliche internationale Bedingungen und gleiche Sicherheit f\u00fcr alle gew\u00e4hrleistet werden sollen.<\/p>\n<p>Die Konferenz f\u00fcr Sicherheit und Zusammenarbeit in Europa hat bewiesen, dass es m\u00f6glich ist, den Grundanliegen der Konferenz von Jalta auch in den Nachkriegsjahren zu folgen, dass dies ein f\u00fcr alle V\u00f6lker ertragreicher Weg ist. Doch nach der Niederlage des Sozialismus in Europa und der Zerschlagung der sowjetischen Staatlichkeit wurden durch die Pariser Charta 21.11.1990) die KSZE-Ergebnisse offiziell\u00a0 annulliert.<\/p>\n<p>Was nicht mehr in die Politik des \u201eRegime Change\u201c der USA und der NATO passte, lie\u00df man einfach weg, oder man verf\u00e4lschte es einfach. So wurde zum Beispiel formuliert,: \u201eWir erkl\u00e4ren, dass sich unsere Beziehungen k\u00fcnftig auf Achtung und Zusammenarbeit gr\u00fcnden werden\u201c.<\/p>\n<p>Wieso erst \u201ek\u00fcnftig\u201c?\u00a0 Beruhte denn das Zustandekommen der Helsinki-Konferenz, ihre Arbeit und ihre Ergebnisse nicht auf Achtung? Warum wurde nichts zum Prinzipienkatalog gesagt, der durch die Konferenz \u2013 auch in Weiterentwicklung der UNO-Charta \u2013 verabschiedet wurde? Hatte man vielleicht Angst, dass offensichtlich wird,\u00a0 dass die Politik des \u201eRegime Change\u201c in Widerspruch dazu steht. Man will das alles beseitigen, weil damit auch Jalta und Potsdam und was danach in Erf\u00fcllung der ehemals gemeinsamen Beschl\u00fcsse umgesetzt wurde, als etwas betrachtet werden soll, das angeblich nie geschehen war. Alles, was im Prozess der Beseitigung des Faschismus geschehen ist, soll in Vergessenheit geraten. Bleiben soll die Kontinuit\u00e4t der Vorherrschaft des Kapitalismus\/Imperialismus und seiner Politik.<\/p>\n<p>Schon am 17. August 1984 stellte der damalige Pr\u00e4sident der USA, Ronald Reagan, die Beschl\u00fcsse der Konferenz von Jalta in Frage und forderte deren Revision. Er sagte, dass die damaligen Vereinbarungen f\u00fcr Washington in der neuen Situation \u201ekeine akzeptable Alternative\u201c sei. Seine \u00c4u\u00dferung wurde von heftigen Angriffen auf das damals noch sozialistische Polen und auf die Sowjetunion begleitet. Er erkl\u00e4rte, dass \u201edie Trennlinie zwischen West- und Osteuropa nicht legitim sein kann\u201c. Damit wurde die gesamte Nachkriegsstruktur in Frage gestellt und die Richtung der k\u00fcnftigen Politik der USA und der NATO vorgegeben. Es folgten die bekannten Ereignisse, die von der fremdbestimmten \u201eSolidarnosc\u201c in Polen, \u00fcber \u201eWirtschaftsreformen\u201c in Ungarn, Einverleibung der DDR, die Freundschaft Clintons und Kohls mit Jelzin bis Aufl\u00f6sung des Warschauer Vertrages und Verbleib und Ausbau der NATO\u00a0 und der amerikanischen Truppen in Europa\/Deutschland,\u00a0die Aggression gegen Jugoslawien bis zur Ukraine und zur st\u00e4ndigen Stationierung deutscher Truppen im Baltikum reichen.<\/p>\n<p>Wir sind erneut in einer Situation, in der die USA und ihre Vasallen in der NATO eine Politik betreiben, die nicht nur die Revision der Ergebnisse des 2. Weltkrieges zum Ziel hat. Diese Phase ist schon weitgehend \u00fcberschritten. Ihr Inhalt besteht heute in der Restauration und in der Absicherung jener Verh\u00e4ltnisse, die schon zweimal im 20. Jahrhundert zum Weltkrieg f\u00fchrten!<\/p>\n<p style=\"text-align: right;\"><em>Prof. Dr. Anton Latzo ist Historiker und Mitglied des Beirats des Deutschen Freidenker-Verbandes<\/em><\/p>\n<hr \/>\n<p><span style=\"font-size: 10pt;\">Bild oben: v.l.n.r.: <span class=\"mw-mmv-title\">Churchill, Roosevelt und Stalin auf der Konferenz von Jalta, 9. Februar 1945)<\/span><\/span><br \/>\n<span style=\"font-size: 10pt;\">The National Archives [UK], Public Domain<\/span><br \/>\n<span style=\"font-size: 10pt;\">Quelle: <a href=\"https:\/\/commons.wikimedia.org\/w\/index.php?curid=126902354\" target=\"_blank\" rel=\"noopener\">https:\/\/commons.wikimedia.org\/w\/index.php?curid=126902354<\/a><\/span><\/p>\n","protected":false},"excerpt":{"rendered":"<p><b>Beitrag von\u00a0Prof. Dr. Anton Latzo<\/b><br \/>\nDie Endphase des von den Faschisten entfesselten 2. Weltkrieges, der die Sowjetunion ausl\u00f6schen, die imperialistischen Konkurrenten des faschistischen Deutschland beseitigen und die Weltherrschaft Deutschlands herstellen sollte, war dank des siegreichen Vormarsches der Roten Armee angebrochen. Die Erfolge der Roten Armee wie auch das neue Kr\u00e4fteverh\u00e4ltnis, das sich auf dem internationalen Schauplatz herausgebildet hatte, schufen g\u00fcnstige Voraussetzungen f\u00fcr die T\u00e4tigkeit der sowjetischen Diplomatie. Vor 80 Jahren, vom 4. bis 11. Februar 1945 fand in Jalta, auf der Krim, die Konferenz der F\u00fchrer der drei ehemaligen alliierten Staaten der Anti-Hitler-Koalition statt. Es war das zweite Treffen der Regierungschefs der drei Gro\u00dfm\u00e4chte der Antihitlerkoalition. <\/p>\n","protected":false},"author":3,"featured_media":18139,"comment_status":"closed","ping_status":"closed","sticky":false,"template":"","format":"standard","meta":{"colormag_page_container_layout":"default_layout","colormag_page_sidebar_layout":"default_layout","advanced_seo_description":"","jetpack_seo_html_title":"","jetpack_seo_noindex":false,"jetpack_post_was_ever_published":false,"footnotes":""},"categories":[13,1162],"tags":[648,452,451,960,404,2111,1480,56,943,430,185],"class_list":["post-18138","post","type-post","status-publish","format-standard","has-post-thumbnail","hentry","category-frieden-antifaschismus-solidaritaet","category-geschichte","tag-2-weltkrieg","tag-deutschland","tag-faschismus","tag-faschistischer-ueberfall-auf-die-sowjetunion","tag-imperialismus","tag-jalta","tag-ksze","tag-nato","tag-potsdam","tag-sowjetunion","tag-usa"],"jetpack_featured_media_url":"https:\/\/i0.wp.com\/www.freidenker.org\/fw17\/wp-content\/uploads\/2024\/02\/Yalta_Conference_1945_Churchill_Stalin_Roosevelt_800x450.jpg?fit=800%2C450&ssl=1","jetpack_shortlink":"https:\/\/wp.me\/p9stpK-4Iy","jetpack-related-posts":[{"id":21235,"url":"https:\/\/www.freidenker.org\/?p=21235","url_meta":{"origin":18138,"position":0},"title":"Sie haben es nie aufgegeben! Von Jalta und Potsdam 1945 zu Neuer Weltordnung &#8211; zwei Linien sind wirksam!","author":"Webredaktion","date":"22. M\u00e4rz 2025","format":false,"excerpt":"Beitrag von\u00a0Prof. Dr. habil. Anton Latzo Die Frage der Herbeif\u00fchrung einer friedlichen Neuen Weltordnung ist seit mehr als hundert Jahren st\u00e4ndiges Thema der internationalen Politik. Dieses Jahr ist besonders reich an Jahrestagen, die helfen k\u00f6nnen, die dabei gemachten Erfahrungen zu analysieren, die Geschichte vorurteilsfrei zu betrachten, um die Gegenwart besser\u2026","rel":"","context":"In &quot;Demokratie \u2013 Medien \u2013 Aufkl\u00e4rung&quot;","block_context":{"text":"Demokratie \u2013 Medien \u2013 Aufkl\u00e4rung","link":"https:\/\/www.freidenker.org\/?cat=12"},"img":{"alt_text":"","src":"https:\/\/i0.wp.com\/www.freidenker.org\/fw17\/wp-content\/uploads\/2025\/03\/Churchill_Truman_Stalin_Potsdam1945_800x450.jpg?fit=800%2C450&ssl=1&resize=350%2C200","width":350,"height":200,"srcset":"https:\/\/i0.wp.com\/www.freidenker.org\/fw17\/wp-content\/uploads\/2025\/03\/Churchill_Truman_Stalin_Potsdam1945_800x450.jpg?fit=800%2C450&ssl=1&resize=350%2C200 1x, https:\/\/i0.wp.com\/www.freidenker.org\/fw17\/wp-content\/uploads\/2025\/03\/Churchill_Truman_Stalin_Potsdam1945_800x450.jpg?fit=800%2C450&ssl=1&resize=525%2C300 1.5x, https:\/\/i0.wp.com\/www.freidenker.org\/fw17\/wp-content\/uploads\/2025\/03\/Churchill_Truman_Stalin_Potsdam1945_800x450.jpg?fit=800%2C450&ssl=1&resize=700%2C400 2x"},"classes":[]},{"id":19763,"url":"https:\/\/www.freidenker.org\/?p=19763","url_meta":{"origin":18138,"position":1},"title":"Der deutsch-sowjetische Nichtangriffsvertrag vom 23. August 1939","author":"Webredaktion","date":"23. August 2024","format":false,"excerpt":"Historischer \u00dcberblick von Wolfgang Sch\u00fcrer [...] Am 18. April 1939 bot die Sowjetunion den beiden Westm\u00e4chten eine Abwehr-Allianz gegen Deutschland an, f\u00fcr den Fall eines deutschen Angriffs auf Polen, f\u00fcr den Fall eines deutschen Angriffs auf Frankreich, und f\u00fcr den Fall eines deutschen Angriffs auf die Sowjetunion, unter Umgehung Polens,\u2026","rel":"","context":"In &quot;Geschichte&quot;","block_context":{"text":"Geschichte","link":"https:\/\/www.freidenker.org\/?cat=1162"},"img":{"alt_text":"","src":"https:\/\/i0.wp.com\/www.freidenker.org\/fw17\/wp-content\/uploads\/2024\/08\/Sowjetisch-deutscher_Nichtangriffspakt_800x450.jpg?fit=800%2C450&ssl=1&resize=350%2C200","width":350,"height":200,"srcset":"https:\/\/i0.wp.com\/www.freidenker.org\/fw17\/wp-content\/uploads\/2024\/08\/Sowjetisch-deutscher_Nichtangriffspakt_800x450.jpg?fit=800%2C450&ssl=1&resize=350%2C200 1x, https:\/\/i0.wp.com\/www.freidenker.org\/fw17\/wp-content\/uploads\/2024\/08\/Sowjetisch-deutscher_Nichtangriffspakt_800x450.jpg?fit=800%2C450&ssl=1&resize=525%2C300 1.5x, https:\/\/i0.wp.com\/www.freidenker.org\/fw17\/wp-content\/uploads\/2024\/08\/Sowjetisch-deutscher_Nichtangriffspakt_800x450.jpg?fit=800%2C450&ssl=1&resize=700%2C400 2x"},"classes":[]},{"id":15812,"url":"https:\/\/www.freidenker.org\/?p=15812","url_meta":{"origin":18138,"position":2},"title":"Elbe Tag \u2013 Torgau 1945-2023","author":"Webredaktion","date":"20. April 2023","format":false,"excerpt":"78. Jahrestag der Begegnung - 82. Jahrestag des \u00dcberfalls Nazideutschlands auf die Sowjetunion Friedensdemonstration & Kundgebung am 22. April 2023, 12:00 Uhr am Br\u00fcckenkopf Torgau (Ostufer) Aus dem Aufruf: \u201eDer Schwur von Torgau muss lebendiges Zeugnis unseres Strebens nach einer Welt ohne Krieg bleiben!\u201c. Der Schwur der Soldaten der Roten\u2026","rel":"","context":"In &quot;Frieden - Antifaschismus - Solidarit\u00e4t&quot;","block_context":{"text":"Frieden - Antifaschismus - Solidarit\u00e4t","link":"https:\/\/www.freidenker.org\/?cat=13"},"img":{"alt_text":"","src":"https:\/\/i0.wp.com\/www.freidenker.org\/fw17\/wp-content\/uploads\/2023\/04\/Torgau_2023_800x450.jpg?fit=800%2C450&ssl=1&resize=350%2C200","width":350,"height":200,"srcset":"https:\/\/i0.wp.com\/www.freidenker.org\/fw17\/wp-content\/uploads\/2023\/04\/Torgau_2023_800x450.jpg?fit=800%2C450&ssl=1&resize=350%2C200 1x, https:\/\/i0.wp.com\/www.freidenker.org\/fw17\/wp-content\/uploads\/2023\/04\/Torgau_2023_800x450.jpg?fit=800%2C450&ssl=1&resize=525%2C300 1.5x, https:\/\/i0.wp.com\/www.freidenker.org\/fw17\/wp-content\/uploads\/2023\/04\/Torgau_2023_800x450.jpg?fit=800%2C450&ssl=1&resize=700%2C400 2x"},"classes":[]},{"id":2823,"url":"https:\/\/www.freidenker.org\/?p=2823","url_meta":{"origin":18138,"position":3},"title":"Das Dekret \u00fcber den Frieden \u2013 Grundlinie sowjetischer Friedenspolitik","author":"Webredaktion","date":"16. Dezember 2017","format":false,"excerpt":"Beitrag von Marianne Linke aus: FREIDENKER 4-17 Vor 100 Jahren, im Oktober 1917, war von der Kriegsbegeisterung und dem Hurra-Patriotismus, mit dem 1914 in den Staaten Europas Millionen und Abermillionen Soldaten in den bis dahin m\u00f6rderischsten Krieg aller Zeiten geschickt wurden, nichts mehr \u00fcbrig geblieben. Am sch\u00e4rfsten hatten sich die\u2026","rel":"","context":"In &quot;Frieden - Antifaschismus - Solidarit\u00e4t&quot;","block_context":{"text":"Frieden - Antifaschismus - Solidarit\u00e4t","link":"https:\/\/www.freidenker.org\/?cat=13"},"img":{"alt_text":"","src":"https:\/\/i0.wp.com\/www.freidenker.org\/fw17\/wp-content\/uploads\/2017\/12\/dekret_ueber_den_frieden.jpg?fit=800%2C445&ssl=1&resize=350%2C200","width":350,"height":200,"srcset":"https:\/\/i0.wp.com\/www.freidenker.org\/fw17\/wp-content\/uploads\/2017\/12\/dekret_ueber_den_frieden.jpg?fit=800%2C445&ssl=1&resize=350%2C200 1x, https:\/\/i0.wp.com\/www.freidenker.org\/fw17\/wp-content\/uploads\/2017\/12\/dekret_ueber_den_frieden.jpg?fit=800%2C445&ssl=1&resize=525%2C300 1.5x, https:\/\/i0.wp.com\/www.freidenker.org\/fw17\/wp-content\/uploads\/2017\/12\/dekret_ueber_den_frieden.jpg?fit=800%2C445&ssl=1&resize=700%2C400 2x"},"classes":[]},{"id":9848,"url":"https:\/\/www.freidenker.org\/?p=9848","url_meta":{"origin":18138,"position":4},"title":"Elbe Tag &#8211; Demonstration in Torgau am 24. April 2021","author":"Webredaktion","date":"6. April 2021","format":false,"excerpt":"Torgau 1945-2021 - 76. Jahrestag der Begegnung - 80. Jahrestag des \u00dcberfalls Nazideutschlands auf die Sowjetunion Der Deutsche Freidenker-Verband unterst\u00fctzt die Initiative der DKP und anderer Organisationen, den Jahrestag des Zusammentreffens der Roten Armee und US-amerikanischer Truppen in Torgau 1945 zu einer Manifestation f\u00fcr den Frieden mit Russland und China\u2026","rel":"","context":"In &quot;Frieden - Antifaschismus - Solidarit\u00e4t&quot;","block_context":{"text":"Frieden - Antifaschismus - Solidarit\u00e4t","link":"https:\/\/www.freidenker.org\/?cat=13"},"img":{"alt_text":"","src":"https:\/\/i0.wp.com\/www.freidenker.org\/fw17\/wp-content\/uploads\/2021\/04\/Torgau_Elbe_Tag_800x450.jpg?fit=800%2C450&ssl=1&resize=350%2C200","width":350,"height":200,"srcset":"https:\/\/i0.wp.com\/www.freidenker.org\/fw17\/wp-content\/uploads\/2021\/04\/Torgau_Elbe_Tag_800x450.jpg?fit=800%2C450&ssl=1&resize=350%2C200 1x, https:\/\/i0.wp.com\/www.freidenker.org\/fw17\/wp-content\/uploads\/2021\/04\/Torgau_Elbe_Tag_800x450.jpg?fit=800%2C450&ssl=1&resize=525%2C300 1.5x, https:\/\/i0.wp.com\/www.freidenker.org\/fw17\/wp-content\/uploads\/2021\/04\/Torgau_Elbe_Tag_800x450.jpg?fit=800%2C450&ssl=1&resize=700%2C400 2x"},"classes":[]},{"id":10244,"url":"https:\/\/www.freidenker.org\/?p=10244","url_meta":{"origin":18138,"position":5},"title":"Tag der Befreiung 2021","author":"Webredaktion","date":"13. Mai 2021","format":false,"excerpt":"Vor 76 Jahren ging mit der deutschen Kapitulation der Zweite Weltkrieg zu Ende. Auch in diesem Jahr wurde am 8. und 9. Mai mit Kranzniederlegungen, Gedenkkundgebungen und Demonstrationen bundesweit der Befreier gedacht, insbesondere der Roten Armee der Sowjetunion, die die Hauptlast des Krieges getragen und 27 Millionen Opfer zu beklagen\u2026","rel":"","context":"In &quot;Frieden - Antifaschismus - Solidarit\u00e4t&quot;","block_context":{"text":"Frieden - Antifaschismus - Solidarit\u00e4t","link":"https:\/\/www.freidenker.org\/?cat=13"},"img":{"alt_text":"","src":"https:\/\/i0.wp.com\/www.freidenker.org\/fw17\/wp-content\/uploads\/2021\/05\/TagDerBefreiung-2021_v2_800x450.jpg?fit=800%2C450&ssl=1&resize=350%2C200","width":350,"height":200,"srcset":"https:\/\/i0.wp.com\/www.freidenker.org\/fw17\/wp-content\/uploads\/2021\/05\/TagDerBefreiung-2021_v2_800x450.jpg?fit=800%2C450&ssl=1&resize=350%2C200 1x, https:\/\/i0.wp.com\/www.freidenker.org\/fw17\/wp-content\/uploads\/2021\/05\/TagDerBefreiung-2021_v2_800x450.jpg?fit=800%2C450&ssl=1&resize=525%2C300 1.5x, https:\/\/i0.wp.com\/www.freidenker.org\/fw17\/wp-content\/uploads\/2021\/05\/TagDerBefreiung-2021_v2_800x450.jpg?fit=800%2C450&ssl=1&resize=700%2C400 2x"},"classes":[]}],"_links":{"self":[{"href":"https:\/\/www.freidenker.org\/index.php?rest_route=\/wp\/v2\/posts\/18138","targetHints":{"allow":["GET"]}}],"collection":[{"href":"https:\/\/www.freidenker.org\/index.php?rest_route=\/wp\/v2\/posts"}],"about":[{"href":"https:\/\/www.freidenker.org\/index.php?rest_route=\/wp\/v2\/types\/post"}],"author":[{"embeddable":true,"href":"https:\/\/www.freidenker.org\/index.php?rest_route=\/wp\/v2\/users\/3"}],"replies":[{"embeddable":true,"href":"https:\/\/www.freidenker.org\/index.php?rest_route=%2Fwp%2Fv2%2Fcomments&post=18138"}],"version-history":[{"count":0,"href":"https:\/\/www.freidenker.org\/index.php?rest_route=\/wp\/v2\/posts\/18138\/revisions"}],"wp:featuredmedia":[{"embeddable":true,"href":"https:\/\/www.freidenker.org\/index.php?rest_route=\/wp\/v2\/media\/18139"}],"wp:attachment":[{"href":"https:\/\/www.freidenker.org\/index.php?rest_route=%2Fwp%2Fv2%2Fmedia&parent=18138"}],"wp:term":[{"taxonomy":"category","embeddable":true,"href":"https:\/\/www.freidenker.org\/index.php?rest_route=%2Fwp%2Fv2%2Fcategories&post=18138"},{"taxonomy":"post_tag","embeddable":true,"href":"https:\/\/www.freidenker.org\/index.php?rest_route=%2Fwp%2Fv2%2Ftags&post=18138"}],"curies":[{"name":"wp","href":"https:\/\/api.w.org\/{rel}","templated":true}]}}