{"id":18128,"date":"2024-02-10T21:29:35","date_gmt":"2024-02-10T20:29:35","guid":{"rendered":"https:\/\/www.freidenker.org\/?p=18128"},"modified":"2024-03-06T00:10:46","modified_gmt":"2024-03-05T23:10:46","slug":"putin-aehnelt-fuer-mich-bis-aufs-haar-hitler","status":"publish","type":"post","link":"https:\/\/www.freidenker.org\/?p=18128","title":{"rendered":"\u201ePutin \u00e4hnelt f\u00fcr mich bis aufs Haar Hitler\u201c"},"content":{"rendered":"<h5>Ein polnisch-deutscher Dialog zur politischen Lage \u2013 der Briefwechsel eines polnischen Wissenschaftlers mit dem Schriftsteller <em><strong>Wolfgang Bittner<\/strong>. <\/em><\/h5>\n<p><span style=\"font-size: 10pt;\">Erstver\u00f6ffentlichung am 05.02.2024 auf den <a href=\"https:\/\/www.nachdenkseiten.de\/?p=110587\" target=\"_blank\" rel=\"noopener\">NachDenkSeiten<\/a><\/span><\/p>\n<p>Zur Einordnung dieses Briefwechsels schreibt Wolfgang Bittner an die NachDenkSeiten:<\/p>\n<p>\u201eAus der Zeit, als ich Gastprofessor in Polen war, gibt es noch einige Kontakte. Sie sind leider br\u00fcchig geworden, weil die Indoktrination der Bev\u00f6lkerung auch vor den T\u00fcren der polnischen Universit\u00e4ten nicht Halt macht. Nun habe ich in den vergangenen Wochen mit einem ehemals guten Bekannten korrespondiert, der leider ebenfalls der US-Propaganda gegen Russland und f\u00fcr die Ukraine erlegen ist. Der Debattenraum ist immer enger geworden; insofern ist unser Briefwechsel nicht nur eine Seltenheit, sondern in dieser unterschiedlichen Wahrnehmung der gegenw\u00e4rtigen politischen Situation auch exemplarisch. Was mein Briefpartner \u00e4u\u00dfert, h\u00f6re und lese ich in ganz \u00e4hnlicher Weise auch von anderen polnischen (oder auch deutschen!) Bekannten. Vielleicht m\u00f6gt ihr das in den NDS bringen, ich w\u00fcrde es sehr begr\u00fc\u00dfen, es schafft Klarheit.\u201c<\/p>\n<div class=\"hr_wrap\">\n<hr \/>\n<\/div>\n<p style=\"text-align: right;\">Polen, 24. Dezember 2023<\/p>\n<p>Lieber Wolfgang,<\/p>\n<p>wir haben voneinander lange Zeit nicht mehr geh\u00f6rt. Sch\u00f6n, dass Du diese Funkstille zu Weihnachten unterbrochen hast. (\u2026)<\/p>\n<p>Wie geht es Dir? Verbringst Du Deine Zeit produktiv (schriftstellerisch t\u00e4tig)?<\/p>\n<p>Eine erfreuliche Nachricht: die Wahlen in Polen, die die PIS-Partei von der Macht entfernt haben. Du glaubst nicht, wie der Grossteil von Polen darauf gewartet hat und wie enthusiastisch viele Polen darauf reagiert haben. Ich glaube, auch f\u00fcr das ganze demokratische Europa war der Sieg der demokratischen Kr\u00e4fte in Polen etwas Ersehntes und Hoffnungsfrohes.<\/p>\n<p>Verfolgst Du die politische Situation in Polen?<\/p>\n<p>Ich gr\u00fcsse Dich ganz herzlich<br \/>\nTomasz<\/p>\n<div class=\"hr_wrap\">\n<hr \/>\n<\/div>\n<p style=\"text-align: right;\">G\u00f6ttingen, den 27. Dezember 2023<\/p>\n<p>Lieber Tomasz,<\/p>\n<p>wir sind wohlauf und haben ruhige Weihnachten verlebt. Sorgen macht uns \u2013 schon l\u00e4nger \u2013 die politische Lage, sowohl in Deutschland und Europa als auch in der Welt. Dass bei euch die PIS-Partei, die unter anderem Wahlkampf gegen Deutschland gemacht hat, abgew\u00e4hlt wurde, hat uns gefreut. Das Verh\u00e4ltnis zwischen Polen und Deutschland hat sich sehr abgek\u00fchlt (auch meine guten Kontakte sind zum Teil abgerissen). Wie es in Polen weitergeht, bleibt abzuwarten.<\/p>\n<p>Die Demokratie br\u00f6ckelt in ganz Europa, so auch in Deutschland, und ich bin als Schriftsteller und Publizist direkt betroffen. Da ich mich mit der Ukraine seit 2014 intensiv besch\u00e4ftige, habe ich zum Ukraine-Krieg gesagt und geschrieben, dass er vermeidbar gewesen w\u00e4re und dass f\u00fcr den \u201eStellvertreterkrieg\u201c keine Milliarden gezahlt und Waffen geliefert werden sollten. Das hat mir Diskriminierung eingebracht. So werde ich als Verschw\u00f6rungstheoretiker und \u201ePutinversteher\u201c beschimpft und meine B\u00fccher werden boykottiert.<\/p>\n<p>Die Berliner Regierung und unsere Leitmedien sind vollkommen unkritisch auf Seiten der USA, die auf der ganzen Welt Chaos, Krisen und Krieg verbreiten. Aber das wird offenbar auch in Polen anders gesehen. Wie ich lese, r\u00fcstet auch Polen gegen Russland auf. \u00dcberall wird aufger\u00fcstet statt abger\u00fcstet, und die Diplomatie funktioniert nicht mehr. Die Zukunft scheint in einem technologisch perfekt organisierten Totalitarismus zu liegen, viele Menschen verarmen und verk\u00fcmmern, aber f\u00fcr das Milit\u00e4r ist gen\u00fcgend Geld da. Ich bef\u00fcrchte, dass es schrecklich enden k\u00f6nnte. Die Menschen wollen in Frieden leben, aber das wird ihnen verwehrt. Was meinst Du, lieber Tomasz, sehe ich das zu schwarz oder sogar falsch? Ich w\u00fcrde mir w\u00fcnschen, ich k\u00f6nnte die Situation positiver beurteilen.<\/p>\n<p>F\u00fcr heute sende ich Dir herzliche Gr\u00fc\u00dfe und gute W\u00fcnsche<br \/>\nWolfgang<\/p>\n<p>PS: Renate geht ab und zu zum Bismarckturm auf dem Berg, wo ihr mal gemeinsam wart, und sie wird von dem Turmh\u00fcter jedes Mal nach dem \u201epolnischen Professor\u201c gefragt, damit bist Du gemeint.<\/p>\n<div class=\"hr_wrap\">\n<hr \/>\n<\/div>\n<p style=\"text-align: right;\">Polen, 5. Januar 2024<\/p>\n<p>Lieber Wolfgang,<\/p>\n<p>die Sache mit Russland geh\u00f6rt sicherlich nicht zu den einfachsten. Allerdings sehe ich die Dinge anders als Du. Putin \u00e4hnelt f\u00fcr mich bis aufs Haar Hitler, mit dem \u201ckleinen\u201d Unterschied, dass Hitler von anderen europ\u00e4ischen L\u00e4ndern quasi alles erlaubt wurde (wollte er Tschechoslowakei \u2013 bitte sehr, wollte er Saarland und Rheinland \u2013 bitte sehr, wollte er Osterreich \u2013 \u201cbedienen Sie sich bitte\u201d) und dem Appetit von Putin hingegen ein Ende gesetzt wurde (nach der wilden und straffreien \u00dcbernahme von Krim und \u00f6stlichen Provinzen der Ukraine \u2013 Donbas).<\/p>\n<p>Putin hatte alle Karten in der Hand gehabt, konnte durch seine geschickte Politik fast das ganze Europa mit Gas versorgen (und dabei politisch erpressen). Mit Deutschland sogar hinter dem R\u00fccken der EU Gaspipelines (Nordstream I und II) \u2013 u.a. gegen Interessen von Polen \u2013 entwickeln. Man kann zynisch sagen, dass dank dem Krieg gegen die Ukraine das wahre Gesicht von Putin endlich erkannt werden konnte und dass dieser Krieg das Europa zum Gl\u00fcck wach r\u00fcttelte. Europa hat somit verstanden, dass man die Ukraine nicht preisgeben kann, denn die Ukraine ist Vorspeise. Wenn sie besetzt w\u00e4re, w\u00fcrden andere L\u00e4nder (auch Polen) in die Speisekarte von Putin gelangen.<\/p>\n<p>Ich kann auch nicht die Leute verstehen, die nach dem sowjetischen Angriff auf die Ukraine das Weggucken vorziehen (als Beispiel der Emma-Brief, unterzeichnet u.a. von Martin Walser). Vielmals hat man in der europ\u00e4ischen Geschichte weggeguckt (z.B. als Juden ermordet wurden). Schluss mit dieser Politik, der Tausende von unschuldigen Menschen zum Opfer fallen. Schon selbst aus Gr\u00fcnden der Humanit\u00e4t muss man mit diesen Menschen solidarisch sein, muss man sie unterst\u00fctzen und sich mit ihnen gegen das B\u00f6se wappnen.<\/p>\n<p>In der Absage an Putin und in der umfangreichen Hilfe f\u00fcr die Ukraine bin ich radikal. Sagen wir das offen: Putin und sein Gr\u00f6\u00dfenwahn haben einen langen und stabilen Frieden in Europa zerst\u00f6rt. Nicht die Ukraine, die ihren eigenen (souver\u00e4nen) Weg w\u00e4hlen und gehen will, ist schuld, sondern Putin, der den Zaren aus alten Zeiten gleich f\u00fcr sich das Recht beansprucht, \u00fcber andere frei zu verf\u00fcgen, \u00fcber andere zu entscheiden, die L\u00e4nder und V\u00f6lker wie Hunde zu betrachten, die an der Leine zu fuhren sind und denen gegebenenfalls ein Maulkorb angelegt werden soll. Ich sage solch einer Verhaltens-, Denk- und Handlungsweise eindeutiges Nein. F\u00fcr solch ein Denken soll es im 21. Jh. in Europa keinen Platz geben.<\/p>\n<p>Lieber Wolfgang, ich hoffe, Du nimmst mir meine Ehrlichkeit und Entschiedenheit nicht \u00fcbel.<\/p>\n<p>Ich gr\u00fcsse Dich herzlichst<br \/>\nTomasz<\/p>\n<div class=\"hr_wrap\">\n<hr \/>\n<\/div>\n<p style=\"text-align: right;\">G\u00f6ttingen, den 23. Januar 2024<\/p>\n<p>Lieber Tomasz,<\/p>\n<p>das Verh\u00e4ltnis der westlichen Allianz zu Russland ist auch nach meiner Meinung nicht ganz einfach zu bewerten. Nachdem ich mich seit 2014 damit besch\u00e4ftige und vier B\u00fccher dazu ver\u00f6ffentlicht habe, komme ich zu anderen Schl\u00fcssen als Du. Auch wenn die Medien und unsere f\u00fchrenden Politiker eine andere Meinung \u2013 die Washingtons und der Nato \u2013 verbreiten und Polen dabei v\u00f6llig kritiklos mitgeht. Auch halte ich einen Vergleich Putins mit Hitler f\u00fcr unbrauchbar. Putin wurde schon vor dem von den USA initiierten Putsch in der Ukraine und noch mehr danach systematisch als Faktor in der internationalen Politik abgebaut und schlie\u00dflich ge\u00e4chtet. Man kann \u00fcber Putin sagen, was man will, aber ich habe \u00fcber Jahre hinweg die Polemik, Diskreditierung und Propaganda mitverfolgt. Wenn man sich mal \u2013 ohne Emotionen \u2013 in die Lage Russlands versetzt, ist es doch selbstverst\u00e4ndlich, dass sie keine Raketenstellung an ihren Grenzen haben wollen, von wo aus Moskau in f\u00fcnf Minuten zerst\u00f6rt werden k\u00f6nnte. (Die USA w\u00fcrden niemals russische Raketenstellungen in Mexiko dulden.)<\/p>\n<p>\u00dcbrigens war Polen 1938 an der Zerteilung der Tschechoslowakei neben Deutschland beteiligt. Vorab wurde gemeinsam entschieden, wer welche Teile Tschechiens bekommen sollte. Polen okkupierte dann einen Tag nach dem Einmarsch Nazi-Deutschlands in die Tschechoslowakei das Olsa-Gebiet (Teschener Land). Und Oberschlesien wurde 1922 unter Missachtung des Ergebnisses der Volksabstimmung durch den V\u00f6lkerbund zugunsten Polens geteilt. Mit Hitler sind eher andere Gro\u00dfmachtdiktatoren wie General Franco, Mussolini oder auch der in Polen verehrte Marschall Pilsudski zu vergleichen. Letzterer hat bekanntlich Interventionskriege gegen Nachbarl\u00e4nder gef\u00fchrt und seine politischen Gegner ermorden lassen. Und was die Judenermordung betrifft, sagte der damalige polnische Botschafter in Deutschland, Jozef Lipski, bei einem Gespr\u00e4ch mit Hitler am 20. September 1938: \u201e\u2026F\u00fcr die L\u00f6sung der j\u00fcdischen Frage werden wir [also Polen] ihm \u2026 ein sch\u00f6nes Denkmal in Warschau aufstellen.\u201c<\/p>\n<p>Es ist also alles viel komplizierte, als es in den Schulb\u00fcchern steht oder befangene und unwissende Politikern sagen. Das trifft auch auf den schrecklichen Krieg in der Ukraine zu. Die USA haben 2014 die Hand auf die Ukraine gelegt und mit den dortigen Nationalisten und Faschisten, die auch im Parlament sitzen, Feuer vor der Haust\u00fcr Russlands gelegt. Seither brannte die Lunte, bis es 2022 zum Kriegseintritt kam. Der Krieg h\u00e4tte verhindert werden k\u00f6nnen, wenn die Ukraine neutral geblieben w\u00e4re, und dar\u00fcber hat Putin bis sieben Tage vor dem Einmarsch versucht, mit Joseph Biden zu verhandeln, aber er wurde einfach ignoriert, denn der Krieg war von den USA geplant und vorbereitet. Ich habe das alles mit der Bem\u00fchung um Objektivit\u00e4t genauer untersucht und f\u00fcge den Link zu einem Auszug aus meinem Buch \u201eDer neue West-Ost-Konflikt \u2013 Inszenierung einer Krise\u201c bei: <a href=\"https:\/\/www.nachdenkseiten.de\/?p=82640\">\u201cDie Wahrheit \u00fcber die Ukraine\u201d<\/a><\/p>\n<p>Schwer verst\u00e4ndlich und schwer nachzuvollziehen, wenn man die Hintergr\u00fcnde und die Einzelheiten der geopolitischen Lage nicht kennt. Dazu m\u00fcsste man meine B\u00fccher lesen. Russland war dabei, seine Wirtschaft aufzubauen und hat \u00fcberhaupt kein Interesse an einem Krieg noch an Interventionen in den baltischen Staaten oder Polen \u2013 das ist reine Propaganda. Putin hatte mehrmals wirtschaftliche Kooperation mit Westeuropa angeboten, aber das wurde von den USA verhindert; zurzeit ruinieren sie Europa, insbesondere Deutschland, wie wir hier deutlich merken. Und Russland orientiert sich zum Schaden Westeuropas notgedrungen nach China und den asiatischen L\u00e4ndern, obwohl es engen Kontakt mit Westeuropa suchte.<\/p>\n<p>Es ist entsetzlich, was sich abspielt, lieber Tomasz, insbesondere in der Ukraine, und es kann ja nicht schaden, mal eine andere Sichtweise (mit entsprechenden Belegen) zur Kenntnis zu nehmen. Auch wenn ich Dich wahrscheinlich nicht \u00fcberzeugen kann, dazu sind die Einfl\u00fcsse, die auch Emotionen hervorrufen, zu stark.<\/p>\n<p>Nach wie vor mit allerherzlichsten Gr\u00fc\u00dfen<br \/>\nWolfgang<\/p>\n<p>PS: Ich stehe \u00fcbrigens wegen meiner Ver\u00f6ffentlichungen auf einer Todesliste der Ukraine, soviel zur dortigen \u201eDemokratie\u201c.<\/p>\n<div class=\"hr_wrap\">\n<hr \/>\n<\/div>\n<p style=\"text-align: right;\">Polen, 24. Januar 2024<\/p>\n<p>Lieber Wolfgang,<\/p>\n<p>teilweise kann man Deinen Thesen zustimmen. Aber nur teilweise.<\/p>\n<p>Die Perspektive, die Du einnimmst, verharmlost Putin, macht ihn menschlich(er). Ich bin gespannt, ob die russische Opposition (z.B. Navalny) Deine liebevollen Worte und Ansichten \u00fcber Putin teilen w\u00fcrde.<\/p>\n<p>Die Auslandspolitik kann noch verwirrt machen, aber die inl\u00e4ndische Politik kann nicht t\u00e4uschen, l\u00e4sst keine Zweifel daran, mit wem wir zu tun haben. Einige Fragen an Dich:<\/p>\n<ul>\n<li>Gibt es unabh\u00e4ngige Medien in Russland?<\/li>\n<li>Darf sich die Opposition in Russland bet\u00e4tigen?<\/li>\n<li>Was passiert, wenn Menschen in Russland den Krieg in der Ukraine der Realit\u00e4t entsprechend den Krieg nennen?<\/li>\n<li>Warum Tausende von jungen Russen in den letzten 2 Jahren aus Russland geflohen sind? (Wohl nicht, weil Russland unter der Herrschaft von Putin ein Traumland ist.)<\/li>\n<li>Wer steht hinter den politischen Morden (z.B. an unabh\u00e4ngigen Journalisten) in Russland in den letzten 10-15 Jahren?!<\/li>\n<\/ul>\n<p>Und noch eine private Frage: kannst Du dir vorstellen, nach Russland umzuziehen und dort zu leben? Ich glaube, diese Frage muss man beantworten, um zu wissen, mit welchem Land (z.B. mit welcher Haltung den Menschenrechten gegen\u00fcber) man zu tun hat.<\/p>\n<p>Man l\u00e4uft Gefahr, wenn man Putin verharmlost. Er ist ein alter Fuchs, r\u00fccksichtslos (nicht ohne Bedeutung ist die Tatsache, dass er lange Zeit ein KGB-Agent war), zynisch, unberechenbar und zu Allem bereit. Sich mit ihm zu verb\u00fcnden, hat f\u00fcr mich die Bedeutung von Fausts Pakt mit dem Teufel.<\/p>\n<p>Die demokratische Welt findet nie die gemeinsame Sprache mit jemand, der Demokratie, Rechtsstaatlichkeit und Menschenrechte verachtet. Putins Ann\u00e4herung an China ist in diesem Kontext vielsagend: der eine hier traf auf sein gleich denkendes und handelndes Gegen\u00fcber dort.<\/p>\n<p>Herzlichst<br \/>\nTomasz<\/p>\n<div class=\"hr_wrap\">\n<hr \/>\n<\/div>\n<p style=\"text-align: right;\">G\u00f6ttingen, den 25. Januar 2024<\/p>\n<p>Lieber Tomasz,<\/p>\n<p>auf Deine Fragen m\u00f6chte ich Dir antworten und mir etwas Zeit daf\u00fcr nehmen. Zun\u00e4chst zu Navalny. Ich bin der \u00dcberzeugung, dass es sich bei der angeblichen Vergiftung um eine Geheimdienstaktion gehandelt hat. H\u00e4tte er wirklich vergiftet werden sollen, w\u00e4re er tot. So aber wird dieser inzwischen bemitleidenswerte Einflussagent, der an der US-Eliteuniversit\u00e4t Yale\/ Connecticut eine mehrmonatige Schulung als \u201eRegimechanger\u201c absolviert hat und mit Geldern unterst\u00fctzt wurde, wirkungsvoll als Vorzeigeoppositioneller und Opfer Putins benutzt. \u00dcbrigens erhielten eine \u00e4hnliche Unterweisung als \u201eglobale F\u00fchrungskraft\u201c im \u201eYale World Fellows Program\u201c der Ukrainer Arsenij Jazenjuk, der Georgier Micheil Saakaschwili, die Litauerin Dalia Grybauskait\u00e9, der Venezolaner Juan Guaid\u00f3 und andere US-Einflussagenten. Auch deutsche Politiker wurden in den USA entsprechend geschult \u2013 soweit das \u00fcberhaupt n\u00f6tig war. Aber solche Hintergr\u00fcnde bleiben zumeist verborgen. Deshalb habe ich das in meinem Buch \u201eDeutschland \u2013 verraten und verkauft\u201c aufgegriffen.<\/p>\n<p>Zu den unabh\u00e4ngigen Medien ist zu sagen, dass wir sie in Deutschland auch nicht haben. Wie auch viele meiner den USA und der Berliner Regierung kritisch gegen\u00fcberstehenden Kollegen, kann ich seit meinen politischen Ver\u00f6ffentlichungen nicht mehr in den etablierten deutschen Medien ver\u00f6ffentlichen und auch mein literarisches Werk wird boykottiert. Nicht wenige m\u00fcssen mit Hausdurchsuchungen, Gerichtsverfahren und sonstigen Zwangs- und Einsch\u00fcchterungsma\u00dfnahmen rechnen. Es gibt keine echte Opposition, wenn man von einigen alternativen Publizisten und Internetmedien \u2013 sowie, ja, der AfD \u2013 absieht, deren Programm ich in einigen wesentlichen Punkten ablehne. Wie Du vielleicht mitbekommen hast, soll die AfD m\u00f6glichst verboten werden, obwohl sie momentan 24 Prozent der W\u00e4hler hinter sich hat. Eine Partei, die nicht passt, soll also mit dem weitgehend vorgeschobenen Argument, sie sei faschistisch, von faschistoiden und US-affinen Kr\u00e4ften eliminiert werden.<\/p>\n<p>Dazu muss man wissen, dass in Deutschland nichts Wichtiges ohne Washington passiert. Die Siegerm\u00e4chte von 1945, die seinerzeit eine <u>bedingungslose<\/u> Kapitulation durch die Fl\u00e4chenbombardements bis kurz vor Kriegsende erzwungen hatten, sind immer noch pr\u00e4sent. Die Bundesrepublik Deutschland steht unter Kuratel der USA sowie unter latenter Beobachtung Gro\u00dfbritanniens und Frankreichs, auch wenn das bem\u00e4ntelt wird und viele es nicht wahrhaben wollen. Wenn man diese Tatsache hinsichtlich der geopolitischen Situation, in der wir uns befinden, bedenkt, wird vieles klarer: Washington hat erhebliche M\u00f6glichkeiten, Druck auszu\u00fcben und auf Entscheidungen der deutschen Regierung einzuwirken, was st\u00e4ndig zu beobachten ist, zum Beispiel bei der Sprengung der Ostsee-Pipelines, der grenzenlosen Unterst\u00fctzung der Ukraine und der verheerenden Aggressionspolitik gegen\u00fcber Russland. Deutschland (wie auch die EU) wird als Konkurrent der USA ausgeschaltet und ruiniert.<\/p>\n<p>Du fragst weiter, warum Tausende von jungen Russen aus ihrem Land geflohen sind. Sicherlich nicht, weil Russland nicht ihr Traumland ist, sondern weil sie dem Milit\u00e4rdienst entkommen wollten. Das Gleiche trifft auf Tausende junge Ukrainer zu. Allerdings werden ukrainische Fl\u00fcchtlinge, darunter auch Angeh\u00f6rige des faschistischen Asow-Regiments und \u00e4hnliche Faschisten, in Deutschland gut mit einer Grundsicherung versorgt, und zwar auf Kosten der hiesigen Bev\u00f6lkerung, f\u00fcr die Mieten, Krankenversorgung usw. erheblich teurer geworden sind, ganz zu schweigen von den Lebensmittelpreisen. Ukrainische Fl\u00fcchtlinge k\u00f6nnten problemlos im Westen dieses riesigen Landes in Refugien unterkommen, die dann vom Westen finanziert werden k\u00f6nnten. Das ist aber politisch nicht gew\u00fcnscht.<\/p>\n<p>Zu den politischen Morden, die im Westen wie im Osten, in Russland wie in den USA oder in Europa vorkommen, stehen nat\u00fcrlich Geheimdienste, die nach politischen Vorgaben handeln. Das wissen wir doch, seit Lumumba, Allende, Kennedy, Martin Luther King, Papst Johannes Paul I, Olaf Palme, Ytzhak Rabin, Jassir Arafat und viele andere Hoffnungstr\u00e4ger ermordet wurden. Wer aufmuckt, wird \u2013 so oder so \u2013 ausgeschaltet.<\/p>\n<p>\u00dcber Putin m\u00f6chte ich mich nicht auf eine ausufernde Diskussion einlassen. Er ist f\u00fcr die Amis und damit auch f\u00fcr ihre Verb\u00fcndeten\/ Vasallen der Todfeind Nr. 1, weil er Russland \u2013 trotz der besch\u00e4digenden Sanktionen \u2013 vor der Vereinnahmung durch die Wirtschafts- und Finanzeliten des Westens, insbesondere der USA und Gro\u00dfbritanniens bewahrt, die auf die Ressourcen Russlands aus sind (w\u00e4re unter Jelzin beinahe gelungen). Dementsprechend findet seit Jahren in Politik und Medien eine systematische Hetz- und Verleumdungskampagne gegen Putin statt. Gegen diese Indoktrination ist zurzeit nicht anzukommen.<\/p>\n<p>Soweit meine Antwort auf Deine Fragen, lieber Tomasz. In Russland will ich nicht leben, sondern in Deutschland (evtl. auch in Kanada, das sich aber unter Justin Trudeau zum Nachteil ver\u00e4ndert hat). Abgesehen von der Teuerung, die durch Kriege, Chaos und Aufr\u00fcstung verursacht wird (ausgehend zumeist von den USA), kann man dort wie hier einigerma\u00dfen leben, wenn man sich angepasst verh\u00e4lt. Aber da ich das aus einigen der genannten Gr\u00fcnde und weil alles im Westen derzeit in eine faschistische Richtung treibt, nicht tue, wird es mir immer schwerer gemacht hier zu leben. Du wirst das wohl kaum nachvollziehen k\u00f6nnen und f\u00fcr \u00fcbertrieben halten, du glaubst noch an die Demokratie, die es nicht mehr gibt. Aber ich leide schon seit mehreren Jahren unter diesen Verh\u00e4ltnissen, die mich ernsthaft gef\u00e4hrden und mir mein Alter verdunkeln.<\/p>\n<p>Mit herzlichen Gr\u00fc\u00dfen<br \/>\nWolfgang<\/p>\n<p>PS: Hier findet eine Kriegspropaganda statt, wie ich es als \u201eKriegskind\u201c bis vor einigen Jahren nicht f\u00fcr m\u00f6glich gehalten h\u00e4tte: Von Baerbock \u201eWir k\u00e4mpfen einen Krieg gegen Russland\u201c, Pistorius\u2018 \u201eWir m\u00fcssen kriegst\u00fcchtig werden\u201c \u00fcber die \u201et-online\u201c-Schlagzeile: \u201e<em>Wir k\u00f6nnten bald Krieg mit Russland haben<\/em>\u201c bis zur Erkl\u00e4rung des Vorsitzenden des NATO-Milit\u00e4rausschusses, des niederl\u00e4ndischen Admirals Rob Bauer: \u201e<em>Wir bereiten uns auf einen Konflikt mit Russland \u2026 vor. Wenn sie uns angreifen, m\u00fcssen wir bereit sein.\u201c Usw. usw.<\/em><\/p>\n<p>Es wird unterstellt, dass Russland Westeuropa angreifen will, was jeglicher Realit\u00e4t entbehrt, gezielte US-Propaganda und unsinnig ist. Die gro\u00dfe Mehrheit der Menschen, der sogenannte globale S\u00fcden, l\u00e4sst sich die Bevormundungen und die Unterdr\u00fcckung durch die USA nicht mehr gefallen. Die USA sind bald am Ende, aber wenn sie fallen, werden wir mitgezogen. Siehe auch Oskar Lafontaine, ehemaliger saarl\u00e4ndischer Ministerpr\u00e4sident, Minister und SPD-Kanzlerkandidat: <a href=\"https:\/\/www.nachdenkseiten.de\/?p=109821\">\u201cKrieg der USA gegen Europa\u201d<\/a><\/p>\n<div class=\"hr_wrap\">\n<hr \/>\n<\/div>\n<p style=\"text-align: right;\">G\u00f6ttingen, den 4. Februar 2024<\/p>\n<p>Lieber Tomasz,<\/p>\n<p>ich freue mich, dass wir uns so offen austauschen konnten. Wollen wir das erstmal so stehen lassen?<\/p>\n<p>Der Debattenraum ist ja immer enger geworden, insofern ist unser Briefwechsel nicht nur eine Seltenheit, sondern in dieser unterschiedlichen Wahrnehmung der gegenw\u00e4rtigen politischen Situation auch exemplarisch. W\u00e4rst Du damit einverstanden, wenn unser Austausch in einem Internetforum oder einer Zeitschrift ver\u00f6ffentlicht w\u00fcrde?<\/p>\n<p>Meine Ansichten liegen sowieso offen, sie sind zum Beispiel in meinen B\u00fcchern nachlesbar. Deinen Anteil k\u00f6nnte ich anonymisieren, falls Du denkst, dass Du Probleme bek\u00e4mst. Meines Erachtens w\u00e4re es wichtig, die unterschiedlichen Sichtweisen gerade in der jetzigen Zeit deutlich zu machen. Es w\u00fcrde sicherlich andere Menschen ermutigen, sich ebenfalls \u2013 und sei es privat \u2013 mit den gegenw\u00e4rtigen Problemen auseinanderzusetzen. Was meinst Du dazu?<\/p>\n<p>Herzliche Gr\u00fc\u00dfe<br \/>\nWolfgang<\/p>\n<div class=\"hr_wrap\">\n<hr \/>\n<\/div>\n<p style=\"text-align: right;\">Polen, 4. Februar 2024<\/p>\n<p>Lieber Wolfgang,<\/p>\n<p>Du hast recht, dass es wichtig ist, erstens seine Ansichten, \u00dcberzeugungen friedlich austauschen zu k\u00f6nnen, aber nicht weniger wichtig, und das zweitens, dass man sich auch darin unterscheidet.<\/p>\n<p>Wie gesagt, ich bin nicht ganz gegen Deinen Standpunkt. Ich glaube, einige Fehler hat der Westen Russland gegen\u00fcber doch begangen. Diese Fehler jedoch rechtfertigen keinesfalls das, was Putin beschlossen und gemacht hat. Den Krieg auszurufen, ein anderes Land besetzen zu wollen, St\u00e4dte und D\u00f6rfer zu bombardieren, das darf man in keinerlei Hinsicht tun. Niemand in der Welt hat darauf ein Recht.<\/p>\n<p>Ich glaube, am schnellsten w\u00fcrde man es verstehen, wenn man selber davon betroffen w\u00e4re. F\u00fcr einen Deutschen w\u00fcrde es heissen: W\u00fcrde ich es mir gefallen lassen, w\u00fcrde ich Putins Handlungen f\u00fcr berechtigt halten, falls er mein Land erobert h\u00e4tte?! F\u00fcr viele Menschen in der Welt sieht es leider so aus: Die Ukrainer k\u00f6nnen \/ sollen sterben, solange ich meinen Tee ungehindert weiter trinken kann. Aber ich, rein menschlich, kann diesen Ereignissen nicht passiv zugucken, wenn dort Menschen ums Leben kommen.<\/p>\n<p>Wenn Du meinst, unser Meinungsaustausch k\u00f6nnte etwas bewirken und hat eine Qualit\u00e4t, die es erlaubt, dass er publik gemacht werden kann, dann kannst Du es f\u00fcr Dritte (Interessierte) zug\u00e4nglich machen. Ich willige darin ein. Aber vielleicht doch anonym \u2013 ich m\u00f6chte nicht z.B. der Hassrede zum Opfer fallen (falls jemand meine Ansichten nicht teilen sollte).<\/p>\n<p>Ich gr\u00fcsse Dich herzlich<br \/>\nTomasz<\/p>\n<hr \/>\n<p style=\"text-align: right;\"><em>Dr. Wolfgang Bittner, Jahrgang 1941, lebt als freier Schriftsteller in G\u00f6ttingen und ist Mitglied des Deutschen Freidenker-Verbandes<\/em><\/p>\n<hr \/>\n<p><span style=\"font-size: 10pt;\">Bild oben: Plakat &#8222;Heil Putler&#8220; an der Russischen Botschaft in Prag, 24.02.2022<\/span><br \/>\n<span style=\"font-size: 10pt;\">Foto: MOs810, <a href=\"https:\/\/creativecommons.org\/licenses\/by-sa\/4.0\" target=\"_blank\" rel=\"noopener\">CC BY-SA 4.0<\/a><\/span><br \/>\n<span style=\"font-size: 10pt;\">Quelle: <a href=\"https:\/\/commons.wikimedia.org\/w\/index.php?curid=115524671\" target=\"_blank\" rel=\"noopener\">https:\/\/commons.wikimedia.org\/w\/index.php?curid=115524671<\/a><\/span><\/p>\n","protected":false},"excerpt":{"rendered":"<p><b>Ein polnisch-deutscher Dialog zur politischen Lage \u2013 der Briefwechsel eines polnischen Wissenschaftlers mit dem Schriftsteller Wolfgang Bittner.<\/b><br \/>\nZur Einordnung dieses Briefwechsels schreibt Wolfgang Bittner: \u201eAus der Zeit, als ich Gastprofessor in Polen war, gibt es noch einige Kontakte. Sie sind leider br\u00fcchig geworden, weil die Indoktrination der Bev\u00f6lkerung auch vor den T\u00fcren der polnischen Universit\u00e4ten nicht Halt macht. Nun habe ich in den vergangenen Wochen mit einem ehemals guten Bekannten korrespondiert, der leider ebenfalls der US-Propaganda gegen Russland und f\u00fcr die Ukraine erlegen ist. Der Debattenraum ist immer enger geworden; insofern ist unser Briefwechsel nicht nur eine Seltenheit, sondern in dieser unterschiedlichen Wahrnehmung der gegenw\u00e4rtigen politischen Situation auch exemplarisch. Was mein Briefpartner \u00e4u\u00dfert, h\u00f6re und lese ich in ganz \u00e4hnlicher Weise auch von anderen polnischen (oder auch deutschen!) Bekannten.\u201c<\/p>\n","protected":false},"author":3,"featured_media":18130,"comment_status":"closed","ping_status":"closed","sticky":false,"template":"","format":"standard","meta":{"colormag_page_container_layout":"default_layout","colormag_page_sidebar_layout":"default_layout","advanced_seo_description":"","jetpack_seo_html_title":"","jetpack_seo_noindex":false,"jetpack_post_was_ever_published":false,"footnotes":""},"categories":[12],"tags":[648,2109,451,1493,1311,223,222,639],"class_list":["post-18128","post","type-post","status-publish","format-standard","has-post-thumbnail","hentry","category-demokratie-medien-aufklaerung","tag-2-weltkrieg","tag-briefwechsel","tag-faschismus","tag-hitler","tag-polen","tag-putin","tag-russland","tag-ukraine-konflikt"],"jetpack_featured_media_url":"https:\/\/i0.wp.com\/www.freidenker.org\/fw17\/wp-content\/uploads\/2024\/02\/Poster_Heil_Putler_Prague_800x450.jpg?fit=800%2C450&ssl=1","jetpack_shortlink":"https:\/\/wp.me\/p9stpK-4Io","jetpack-related-posts":[{"id":23377,"url":"https:\/\/www.freidenker.org\/?p=23377","url_meta":{"origin":18128,"position":0},"title":"Buchvorstellung Wolfgang Bittner: Geopolitik im \u00dcberblick","author":"Webredaktion","date":"31. Oktober 2025","format":false,"excerpt":"Geopolitik im \u00dcberblick: Deutschland \u2013 USA \u2013 EU \u2013 Russland Vortrag und Buchvorstellung mit Wolfgang Bittner am 15.11.2025 in Frankfurt am Main Deutschland soll \u00bbkriegst\u00fcchtig\u00ab werden, und die Berliner Regierung hat astronomische Ausgaben f\u00fcr die Aufr\u00fcstung bereitgestellt. Denn angeblich will Russland nach der Ukraine Westeuropa erobern, obwohl es daf\u00fcr keinerlei\u2026","rel":"","context":"In &quot;Demokratie \u2013 Medien \u2013 Aufkl\u00e4rung&quot;","block_context":{"text":"Demokratie \u2013 Medien \u2013 Aufkl\u00e4rung","link":"https:\/\/www.freidenker.org\/?cat=12"},"img":{"alt_text":"","src":"https:\/\/i0.wp.com\/www.freidenker.org\/fw17\/wp-content\/uploads\/2025\/09\/Bittner_Geopolitik_Lesung_800x450_v3.jpg?fit=800%2C450&ssl=1&resize=350%2C200","width":350,"height":200,"srcset":"https:\/\/i0.wp.com\/www.freidenker.org\/fw17\/wp-content\/uploads\/2025\/09\/Bittner_Geopolitik_Lesung_800x450_v3.jpg?fit=800%2C450&ssl=1&resize=350%2C200 1x, https:\/\/i0.wp.com\/www.freidenker.org\/fw17\/wp-content\/uploads\/2025\/09\/Bittner_Geopolitik_Lesung_800x450_v3.jpg?fit=800%2C450&ssl=1&resize=525%2C300 1.5x, https:\/\/i0.wp.com\/www.freidenker.org\/fw17\/wp-content\/uploads\/2025\/09\/Bittner_Geopolitik_Lesung_800x450_v3.jpg?fit=800%2C450&ssl=1&resize=700%2C400 2x"},"classes":[]},{"id":22969,"url":"https:\/\/www.freidenker.org\/?p=22969","url_meta":{"origin":18128,"position":1},"title":"Buchvorstellung Wolfgang Bittner: Geopolitik im \u00dcberblick","author":"Webredaktion","date":"27. September 2025","format":false,"excerpt":"Geopolitik im \u00dcberblick: Deutschland \u2013 USA \u2013 EU \u2013 Russland Vortrag und Buchvorstellung mit Wolfgang Bittner am 08.10.2025 in Berlin Deutschland soll \u00bbkriegst\u00fcchtig\u00ab werden, und die Berliner Regierung hat astronomische Ausgaben f\u00fcr die Aufr\u00fcstung bereitgestellt. Denn angeblich will Russland nach der Ukraine Westeuropa erobern, obwohl es daf\u00fcr keinerlei Belege gibt\u2026","rel":"","context":"In &quot;Demokratie \u2013 Medien \u2013 Aufkl\u00e4rung&quot;","block_context":{"text":"Demokratie \u2013 Medien \u2013 Aufkl\u00e4rung","link":"https:\/\/www.freidenker.org\/?cat=12"},"img":{"alt_text":"","src":"https:\/\/i0.wp.com\/www.freidenker.org\/fw17\/wp-content\/uploads\/2025\/09\/Bittner_Geopolitik_Lesung_800x450_v3.jpg?fit=800%2C450&ssl=1&resize=350%2C200","width":350,"height":200,"srcset":"https:\/\/i0.wp.com\/www.freidenker.org\/fw17\/wp-content\/uploads\/2025\/09\/Bittner_Geopolitik_Lesung_800x450_v3.jpg?fit=800%2C450&ssl=1&resize=350%2C200 1x, https:\/\/i0.wp.com\/www.freidenker.org\/fw17\/wp-content\/uploads\/2025\/09\/Bittner_Geopolitik_Lesung_800x450_v3.jpg?fit=800%2C450&ssl=1&resize=525%2C300 1.5x, https:\/\/i0.wp.com\/www.freidenker.org\/fw17\/wp-content\/uploads\/2025\/09\/Bittner_Geopolitik_Lesung_800x450_v3.jpg?fit=800%2C450&ssl=1&resize=700%2C400 2x"},"classes":[]},{"id":24973,"url":"https:\/\/www.freidenker.org\/?p=24973","url_meta":{"origin":18128,"position":2},"title":"Der pers\u00f6nliche Einsatz des Friedrich Merz f\u00fcr die Ukraine","author":"Webredaktion","date":"23. April 2026","format":false,"excerpt":"Buchauszug von Wolfgang Bittner Der deutsche Bundeskanzler Friedrich Merz freut sich, dass Victor Orb\u00e1n nicht wiedergew\u00e4hlt wurde und dass die EU jetzt 90 Milliarden Euro an die Ukraine \u00fcberweisen kann. Am 14. April hat Merz den ukrainischen Machthaber Wolodymyr Selenskyj mit milit\u00e4rischen Ehren in Berlin empfangen. Unter anderem wurde eine\u2026","rel":"","context":"In &quot;Aktuelles&quot;","block_context":{"text":"Aktuelles","link":"https:\/\/www.freidenker.org\/?cat=574"},"img":{"alt_text":"","src":"https:\/\/i0.wp.com\/www.freidenker.org\/fw17\/wp-content\/uploads\/2026\/04\/merz_selenskyj_berlin_2026-04-14_800x450.jpg?fit=800%2C450&ssl=1&resize=350%2C200","width":350,"height":200,"srcset":"https:\/\/i0.wp.com\/www.freidenker.org\/fw17\/wp-content\/uploads\/2026\/04\/merz_selenskyj_berlin_2026-04-14_800x450.jpg?fit=800%2C450&ssl=1&resize=350%2C200 1x, https:\/\/i0.wp.com\/www.freidenker.org\/fw17\/wp-content\/uploads\/2026\/04\/merz_selenskyj_berlin_2026-04-14_800x450.jpg?fit=800%2C450&ssl=1&resize=525%2C300 1.5x, https:\/\/i0.wp.com\/www.freidenker.org\/fw17\/wp-content\/uploads\/2026\/04\/merz_selenskyj_berlin_2026-04-14_800x450.jpg?fit=800%2C450&ssl=1&resize=700%2C400 2x"},"classes":[]},{"id":20548,"url":"https:\/\/www.freidenker.org\/?p=20548","url_meta":{"origin":18128,"position":3},"title":"Im Gespr\u00e4ch: Wolfgang Bittner (&#8222;Niemand soll hungern, ohne zu frieren&#8220;)","author":"Webredaktion","date":"20. Dezember 2024","format":false,"excerpt":"Video-Interview von Dirk Pohlmann mit Wolfgang Bittner Wolfgang Bittner ist Schriftsteller, promovierter Jurist, bildender K\u00fcnstler und hat neben Jura auch Philosophie und Soziologie studiert. Er hat die Welt bereist und etwa 80 B\u00fccher verfasst. Bittner war Rundfunkrat des WDR und Professor in Deutschland und Polen. Er ist ein Mann der\u2026","rel":"","context":"In &quot;Demokratie \u2013 Medien \u2013 Aufkl\u00e4rung&quot;","block_context":{"text":"Demokratie \u2013 Medien \u2013 Aufkl\u00e4rung","link":"https:\/\/www.freidenker.org\/?cat=12"},"img":{"alt_text":"","src":"https:\/\/i0.wp.com\/www.freidenker.org\/fw17\/wp-content\/uploads\/2024\/12\/bittner_pohlmann_800x450.jpg?fit=800%2C450&ssl=1&resize=350%2C200","width":350,"height":200,"srcset":"https:\/\/i0.wp.com\/www.freidenker.org\/fw17\/wp-content\/uploads\/2024\/12\/bittner_pohlmann_800x450.jpg?fit=800%2C450&ssl=1&resize=350%2C200 1x, https:\/\/i0.wp.com\/www.freidenker.org\/fw17\/wp-content\/uploads\/2024\/12\/bittner_pohlmann_800x450.jpg?fit=800%2C450&ssl=1&resize=525%2C300 1.5x, https:\/\/i0.wp.com\/www.freidenker.org\/fw17\/wp-content\/uploads\/2024\/12\/bittner_pohlmann_800x450.jpg?fit=800%2C450&ssl=1&resize=700%2C400 2x"},"classes":[]},{"id":12333,"url":"https:\/\/www.freidenker.org\/?p=12333","url_meta":{"origin":18128,"position":4},"title":"Krieg in der Ukraine, und alles ist in Aufruhr","author":"Webredaktion","date":"27. Februar 2022","format":false,"excerpt":"Ein Kommentar Wolfgang Bittner Jahrelang haben westliche Politiker und Medien die Opfer in der Ostukraine ignoriert. Dort herrschte seit acht Jahren Krieg, und f\u00fcr die st\u00e4ndigen Verletzungen des Minsker Abkommens wurden von Kiew die Separatisten in Donetzk und Luhansk verantwortlich gemacht. Jetzt ist durch die Anerkennung der beiden Volksrepubliken durch\u2026","rel":"","context":"In &quot;Frieden - Antifaschismus - Solidarit\u00e4t&quot;","block_context":{"text":"Frieden - Antifaschismus - Solidarit\u00e4t","link":"https:\/\/www.freidenker.org\/?cat=13"},"img":{"alt_text":"","src":"https:\/\/i0.wp.com\/www.freidenker.org\/fw17\/wp-content\/uploads\/2022\/02\/Ukraine-Krieg_Screenshots_800x450.jpg?fit=800%2C450&ssl=1&resize=350%2C200","width":350,"height":200,"srcset":"https:\/\/i0.wp.com\/www.freidenker.org\/fw17\/wp-content\/uploads\/2022\/02\/Ukraine-Krieg_Screenshots_800x450.jpg?fit=800%2C450&ssl=1&resize=350%2C200 1x, https:\/\/i0.wp.com\/www.freidenker.org\/fw17\/wp-content\/uploads\/2022\/02\/Ukraine-Krieg_Screenshots_800x450.jpg?fit=800%2C450&ssl=1&resize=525%2C300 1.5x, https:\/\/i0.wp.com\/www.freidenker.org\/fw17\/wp-content\/uploads\/2022\/02\/Ukraine-Krieg_Screenshots_800x450.jpg?fit=800%2C450&ssl=1&resize=700%2C400 2x"},"classes":[]},{"id":18449,"url":"https:\/\/www.freidenker.org\/?p=18449","url_meta":{"origin":18128,"position":5},"title":"Deutschland vor dem drohenden Krieg \u2013 ein Trauerspiel","author":"Webredaktion","date":"3. M\u00e4rz 2024","format":false,"excerpt":"Beitrag von Wolfgang Bittner Seit einigen Monaten muss ich mich vorsehen, nicht depressiv zu werden. Wenn ich in die Zeitungen schaue, Rundfunk h\u00f6re oder den Fernseher anstelle, \u00fcberkommt mich ein Gef\u00fchl des Ausgeliefertseins an dunklen M\u00e4chte, die ich mittlerweile benennen kann. Aber dar\u00fcber vermag ich nur noch mit wenigen Menschen\u2026","rel":"","context":"In &quot;Frieden - Antifaschismus - Solidarit\u00e4t&quot;","block_context":{"text":"Frieden - Antifaschismus - Solidarit\u00e4t","link":"https:\/\/www.freidenker.org\/?cat=13"},"img":{"alt_text":"","src":"https:\/\/i0.wp.com\/www.freidenker.org\/fw17\/wp-content\/uploads\/2024\/03\/German_army_soldiers_Noble_Partner_18_at_Georgia_800x450.jpg?fit=800%2C450&ssl=1&resize=350%2C200","width":350,"height":200,"srcset":"https:\/\/i0.wp.com\/www.freidenker.org\/fw17\/wp-content\/uploads\/2024\/03\/German_army_soldiers_Noble_Partner_18_at_Georgia_800x450.jpg?fit=800%2C450&ssl=1&resize=350%2C200 1x, https:\/\/i0.wp.com\/www.freidenker.org\/fw17\/wp-content\/uploads\/2024\/03\/German_army_soldiers_Noble_Partner_18_at_Georgia_800x450.jpg?fit=800%2C450&ssl=1&resize=525%2C300 1.5x, https:\/\/i0.wp.com\/www.freidenker.org\/fw17\/wp-content\/uploads\/2024\/03\/German_army_soldiers_Noble_Partner_18_at_Georgia_800x450.jpg?fit=800%2C450&ssl=1&resize=700%2C400 2x"},"classes":[]}],"_links":{"self":[{"href":"https:\/\/www.freidenker.org\/index.php?rest_route=\/wp\/v2\/posts\/18128","targetHints":{"allow":["GET"]}}],"collection":[{"href":"https:\/\/www.freidenker.org\/index.php?rest_route=\/wp\/v2\/posts"}],"about":[{"href":"https:\/\/www.freidenker.org\/index.php?rest_route=\/wp\/v2\/types\/post"}],"author":[{"embeddable":true,"href":"https:\/\/www.freidenker.org\/index.php?rest_route=\/wp\/v2\/users\/3"}],"replies":[{"embeddable":true,"href":"https:\/\/www.freidenker.org\/index.php?rest_route=%2Fwp%2Fv2%2Fcomments&post=18128"}],"version-history":[{"count":0,"href":"https:\/\/www.freidenker.org\/index.php?rest_route=\/wp\/v2\/posts\/18128\/revisions"}],"wp:featuredmedia":[{"embeddable":true,"href":"https:\/\/www.freidenker.org\/index.php?rest_route=\/wp\/v2\/media\/18130"}],"wp:attachment":[{"href":"https:\/\/www.freidenker.org\/index.php?rest_route=%2Fwp%2Fv2%2Fmedia&parent=18128"}],"wp:term":[{"taxonomy":"category","embeddable":true,"href":"https:\/\/www.freidenker.org\/index.php?rest_route=%2Fwp%2Fv2%2Fcategories&post=18128"},{"taxonomy":"post_tag","embeddable":true,"href":"https:\/\/www.freidenker.org\/index.php?rest_route=%2Fwp%2Fv2%2Ftags&post=18128"}],"curies":[{"name":"wp","href":"https:\/\/api.w.org\/{rel}","templated":true}]}}