{"id":18125,"date":"2024-02-10T21:29:20","date_gmt":"2024-02-10T20:29:20","guid":{"rendered":"https:\/\/www.freidenker.org\/?p=18125"},"modified":"2024-03-06T00:10:35","modified_gmt":"2024-03-05T23:10:35","slug":"gemeinsam-fuer-den-frieden","status":"publish","type":"post","link":"https:\/\/www.freidenker.org\/?p=18125","title":{"rendered":"Gemeinsam f\u00fcr den Frieden"},"content":{"rendered":"<h4 class=\"style-scope ytd-watch-metadata\"><span class=\"style-scope yt-formatted-string\" dir=\"auto\">Interview mit Dr. Mona Aranea aus der <\/span><a class=\"yt-simple-endpoint style-scope yt-formatted-string\" dir=\"auto\" spellcheck=\"false\" href=\"https:\/\/www.youtube.com\/hashtag\/friedensbewegung\">#friedensbewegung<\/a><\/h4>\n<p><em>Video-Interview von\u00a0<strong>Dr. Diether Dehm<\/strong>\u00a0mit\u00a0<strong>Dr. Mona Aranea<\/strong><\/em><\/p>\n<p><span style=\"font-size: 10pt;\">Ver\u00f6ffentlicht am 01.02.2024 von\u00a0<a href=\"https:\/\/www.youtube.com\/watch?v=hmlWE318vvE\" target=\"_blank\" rel=\"noopener\">Diether Dehm auf YouTube<\/a>\u00a0im Rahmen des Podcasts MOATS (Mother of all Talkshows)<\/span><\/p>\n<p><span class=\"yt-core-attributed-string yt-core-attributed-string--white-space-pre-wrap\"><span class=\"yt-core-attributed-string--link-inherit-color\">\u00dcber die <\/span><span class=\"yt-core-attributed-string--link-inherit-color\"><a class=\"yt-core-attributed-string__link yt-core-attributed-string__link--display-type yt-core-attributed-string__link--call-to-action-color\" tabindex=\"0\" href=\"https:\/\/www.youtube.com\/hashtag\/partei\" target=\"\" rel=\"nofollow noopener\">#Partei<\/a><\/span> <span class=\"yt-core-attributed-string--link-inherit-color\"><a class=\"yt-core-attributed-string__link yt-core-attributed-string__link--display-type yt-core-attributed-string__link--call-to-action-color\" tabindex=\"0\" href=\"https:\/\/www.youtube.com\/hashtag\/diebasis\" target=\"\" rel=\"nofollow noopener\">#dieBasis<\/a><\/span><span class=\"yt-core-attributed-string--link-inherit-color\"> und die Wichtigkeit breiter B\u00fcndnisse f\u00fcr den <\/span><span class=\"yt-core-attributed-string--link-inherit-color\"><a class=\"yt-core-attributed-string__link yt-core-attributed-string__link--display-type yt-core-attributed-string__link--call-to-action-color\" tabindex=\"0\" href=\"https:\/\/www.youtube.com\/hashtag\/frieden\" target=\"\" rel=\"nofollow noopener\">#Frieden<\/a><\/span><span class=\"yt-core-attributed-string--link-inherit-color\"> . Dr. Aranea: &#8222;Ich glaube wir m\u00fcssen gerade in der Friedensfrage aber auch in der Frage der C*-Aufarbeitung \u00fcber Parteigrenzen hinweg, lager\u00fcbergreifend zusammenarbeiten.&#8220;<\/span><\/span><\/p>\n<div class=\"jetpack-video-wrapper\"><span class=\"embed-youtube\" style=\"text-align:center; display: block;\"><iframe loading=\"lazy\" class=\"youtube-player\" width=\"800\" height=\"450\" src=\"https:\/\/www.youtube.com\/embed\/hmlWE318vvE?version=3&#038;rel=1&#038;showsearch=0&#038;showinfo=1&#038;iv_load_policy=1&#038;fs=1&#038;hl=de-DE&#038;autohide=2&#038;wmode=transparent\" allowfullscreen=\"true\" style=\"border:0;\" sandbox=\"allow-scripts allow-same-origin allow-popups allow-presentation allow-popups-to-escape-sandbox\"><\/iframe><\/span><\/div>\n<p><span style=\"font-size: 10pt;\">Direktlink zum Video von Diether Dehm auf YouTube: <a href=\"https:\/\/www.youtube.com\/watch?v=hmlWE318vvE\" target=\"_blank\" rel=\"noopener\">https:\/\/www.youtube.com\/watch?v=hmlWE318vvE<\/a><\/span><\/p>\n<p style=\"text-align: right;\"><em>Dr. Diether Dehm ist Mitglied des Deutschen Freidenker-Verbandes und seines Beirats<\/em><\/p>\n<p class=\"style-scope ytd-watch-metadata\" style=\"text-align: right;\"><em><span class=\"style-scope yt-formatted-string\" dir=\"auto\">Dr. Mona Aranea ist Soziologin und war Mitte April 2021 aus Protest gegen die bundesdeutsche Pandemiepolitik von den Gr\u00fcnen zur Partei <strong>dieBasis<\/strong> gewechselt. Sie war 2022 Direktkandidatin von dieBasis zur Landtagswahl in NRW und ist Parteivorsitzende f\u00fcr M\u00f6nchengladbach<\/span><\/em><\/p>\n<hr \/>\n<p><span style=\"font-size: 10pt;\">Bild oben: Screenshot aus dem Video von <a href=\"https:\/\/www.youtube.com\/watch?v=hmlWE318vvE\" target=\"_blank\" rel=\"noopener\">Diether Dehm auf YouTube<\/a><\/span><\/p>\n","protected":false},"excerpt":{"rendered":"<p><b>Video-Interview von\u00a0Dr. Diether Dehm\u00a0mit\u00a0Dr. Mona Aranea<\/b><br \/>\n\u00dcber die Partei dieBasis und die Wichtigkeit breiter B\u00fcndnisse f\u00fcr den Frieden . Dr. Aranea: &#8222;Ich glaube wir m\u00fcssen gerade in der Friedensfrage aber auch in der Frage der C*-Aufarbeitung \u00fcber Parteigrenzen hinweg, lager\u00fcbergreifend zusammenarbeiten.&#8220;<\/p>\n","protected":false},"author":3,"featured_media":18126,"comment_status":"closed","ping_status":"closed","sticky":false,"template":"","format":"standard","meta":{"colormag_page_container_layout":"default_layout","colormag_page_sidebar_layout":"default_layout","advanced_seo_description":"","jetpack_seo_html_title":"","jetpack_seo_noindex":false,"jetpack_post_was_ever_published":false,"footnotes":""},"categories":[13],"tags":[1031,1917,1256,1752,335,43,1282,1461,2052,2108,814,1257,1105],"class_list":["post-18125","post","type-post","status-publish","format-standard","has-post-thumbnail","hentry","category-frieden-antifaschismus-solidaritaet","tag-afd","tag-aufarbeitung","tag-corona-virus","tag-diebasis","tag-frieden","tag-friedensbewegung","tag-gruene","tag-impfzwang","tag-kosovo-krieg","tag-maskenzwang","tag-oekologie","tag-pandemie","tag-sicherheitskonferenz"],"jetpack_featured_media_url":"https:\/\/i0.wp.com\/www.freidenker.org\/fw17\/wp-content\/uploads\/2024\/02\/Dehm_Aranea_Moats_800x450.jpg?fit=800%2C450&ssl=1","jetpack_shortlink":"https:\/\/wp.me\/p9stpK-4Il","jetpack-related-posts":[{"id":19405,"url":"https:\/\/www.freidenker.org\/?p=19405","url_meta":{"origin":18125,"position":0},"title":"FREIDENKER 2-24 \u2013 Protestbewegungen: Strategien der Zersetzung und Spaltung","author":"Webredaktion","date":"1. Juli 2024","format":false,"excerpt":"Die Ausgabe 2-24 des Verbandsorgans FREIDENKER hat das Schwerpunkt-Thema \u201eProtestbewegungen: Strategien der Zersetzung und Spaltung und was dagegen zu tun ist\u201c und enth\u00e4lt u.a. folgende Beitr\u00e4ge: - Dagmar Henn: \u201eHassrede\u201c: Rigorose Sprechverbote bedrohen die Grundlagen der Zivilisation - Mona Aranea: Rechtsoffen? Impfgegner? Spaltung und Zersetzung in der Friedensbewegung - und\u2026","rel":"","context":"In &quot;Verbandsorgan FREIDENKER&quot;","block_context":{"text":"Verbandsorgan FREIDENKER","link":"https:\/\/www.freidenker.org\/?cat=8"},"img":{"alt_text":"","src":"https:\/\/i0.wp.com\/www.freidenker.org\/fw17\/wp-content\/uploads\/2024\/07\/FD_2024-02_Titel_mR.jpg?fit=800%2C445&ssl=1&resize=350%2C200","width":350,"height":200,"srcset":"https:\/\/i0.wp.com\/www.freidenker.org\/fw17\/wp-content\/uploads\/2024\/07\/FD_2024-02_Titel_mR.jpg?fit=800%2C445&ssl=1&resize=350%2C200 1x, https:\/\/i0.wp.com\/www.freidenker.org\/fw17\/wp-content\/uploads\/2024\/07\/FD_2024-02_Titel_mR.jpg?fit=800%2C445&ssl=1&resize=525%2C300 1.5x, https:\/\/i0.wp.com\/www.freidenker.org\/fw17\/wp-content\/uploads\/2024\/07\/FD_2024-02_Titel_mR.jpg?fit=800%2C445&ssl=1&resize=700%2C400 2x"},"classes":[]},{"id":15375,"url":"https:\/\/www.freidenker.org\/?p=15375","url_meta":{"origin":18125,"position":1},"title":"Video: Die Friedensbewegung ist zur\u00fcck","author":"Webredaktion","date":"23. Februar 2023","format":false,"excerpt":"Rede und Kulturbeitrag von Diether Dehm auf der Kundgebung zur M\u00fcnchener Sicherheitskonferenz am 18.02.2023 Mit \u00fcber 20 000 Teilnehmern landete \u00a0die lager\u00fcbergreifende Friedenskundgebung zur M\u00fcnchner Sicherheitskonferenz einen super Erfolg. Mit Fug und Recht kann gesagt werden: Die Friedensbewegung ist zur\u00fcck! Diffamierungen im Vorfeld konnten die Mobilisierung nicht verhindern. Z\u00fcge fielen\u2026","rel":"","context":"In &quot;Frieden - Antifaschismus - Solidarit\u00e4t&quot;","block_context":{"text":"Frieden - Antifaschismus - Solidarit\u00e4t","link":"https:\/\/www.freidenker.org\/?cat=13"},"img":{"alt_text":"","src":"https:\/\/i0.wp.com\/www.freidenker.org\/fw17\/wp-content\/uploads\/2023\/02\/Dehm_in_Muenchen_800x450.jpg?fit=800%2C450&ssl=1&resize=350%2C200","width":350,"height":200,"srcset":"https:\/\/i0.wp.com\/www.freidenker.org\/fw17\/wp-content\/uploads\/2023\/02\/Dehm_in_Muenchen_800x450.jpg?fit=800%2C450&ssl=1&resize=350%2C200 1x, https:\/\/i0.wp.com\/www.freidenker.org\/fw17\/wp-content\/uploads\/2023\/02\/Dehm_in_Muenchen_800x450.jpg?fit=800%2C450&ssl=1&resize=525%2C300 1.5x, https:\/\/i0.wp.com\/www.freidenker.org\/fw17\/wp-content\/uploads\/2023\/02\/Dehm_in_Muenchen_800x450.jpg?fit=800%2C450&ssl=1&resize=700%2C400 2x"},"classes":[]},{"id":20884,"url":"https:\/\/www.freidenker.org\/?p=20884","url_meta":{"origin":18125,"position":2},"title":"\u201eMehr Druck f\u00fcr Frieden mit Russland und f\u00fcr eine Zweistaatenl\u00f6sung im Nahen Osten\u201c","author":"Webredaktion","date":"1. Februar 2025","format":false,"excerpt":"Video-Interview: Diether Dehm im Gespr\u00e4ch mit Albrecht M\u00fcller Diether Dehm ist ein vielseitig begabter Zeitgenosse. Er hat gute Liedertexte geschrieben und auch sonst n\u00fctzliche Ideen. Er war Mitglied des Deutschen Bundestags. Mit ihm sprach der Herausgeber der NachDenkSeiten. Schwerpunkt: Frieden mit Russland; woher kommt der Hass auf die Russen? Es\u2026","rel":"","context":"In &quot;Frieden - Antifaschismus - Solidarit\u00e4t&quot;","block_context":{"text":"Frieden - Antifaschismus - Solidarit\u00e4t","link":"https:\/\/www.freidenker.org\/?cat=13"},"img":{"alt_text":"","src":"https:\/\/i0.wp.com\/www.freidenker.org\/fw17\/wp-content\/uploads\/2025\/01\/dehm-mueller-2025-01_800x450.jpg?fit=800%2C450&ssl=1&resize=350%2C200","width":350,"height":200,"srcset":"https:\/\/i0.wp.com\/www.freidenker.org\/fw17\/wp-content\/uploads\/2025\/01\/dehm-mueller-2025-01_800x450.jpg?fit=800%2C450&ssl=1&resize=350%2C200 1x, https:\/\/i0.wp.com\/www.freidenker.org\/fw17\/wp-content\/uploads\/2025\/01\/dehm-mueller-2025-01_800x450.jpg?fit=800%2C450&ssl=1&resize=525%2C300 1.5x, https:\/\/i0.wp.com\/www.freidenker.org\/fw17\/wp-content\/uploads\/2025\/01\/dehm-mueller-2025-01_800x450.jpg?fit=800%2C450&ssl=1&resize=700%2C400 2x"},"classes":[]},{"id":12147,"url":"https:\/\/www.freidenker.org\/?p=12147","url_meta":{"origin":18125,"position":3},"title":"Diether Dehm zur Neuen Deutschen Welle Putin-Bashing","author":"Webredaktion","date":"7. Februar 2022","format":false,"excerpt":"Interview von RT DE mit Diether Dehm Aussagen aus dem Interview: \"Man bewaffnet die Ukraine und hetzt auch andere osteurop\u00e4ische L\u00e4nder gegen Russland auf.\" \"Die deutschen Medien prostituieren sich und heizen diesen Konflikt noch an.\" \"Die USA haben ein Interesse daran, dass die EU und Deutschland keine gute Beziehung zu\u2026","rel":"","context":"In &quot;Frieden - Antifaschismus - Solidarit\u00e4t&quot;","block_context":{"text":"Frieden - Antifaschismus - Solidarit\u00e4t","link":"https:\/\/www.freidenker.org\/?cat=13"},"img":{"alt_text":"","src":"https:\/\/i0.wp.com\/www.freidenker.org\/fw17\/wp-content\/uploads\/2022\/02\/dehm_rt_2022-02_800x450.jpg?fit=800%2C450&ssl=1&resize=350%2C200","width":350,"height":200,"srcset":"https:\/\/i0.wp.com\/www.freidenker.org\/fw17\/wp-content\/uploads\/2022\/02\/dehm_rt_2022-02_800x450.jpg?fit=800%2C450&ssl=1&resize=350%2C200 1x, https:\/\/i0.wp.com\/www.freidenker.org\/fw17\/wp-content\/uploads\/2022\/02\/dehm_rt_2022-02_800x450.jpg?fit=800%2C450&ssl=1&resize=525%2C300 1.5x, https:\/\/i0.wp.com\/www.freidenker.org\/fw17\/wp-content\/uploads\/2022\/02\/dehm_rt_2022-02_800x450.jpg?fit=800%2C450&ssl=1&resize=700%2C400 2x"},"classes":[]},{"id":17106,"url":"https:\/\/www.freidenker.org\/?p=17106","url_meta":{"origin":18125,"position":4},"title":"Interview mit Bijan Tavassoli in China","author":"Webredaktion","date":"29. September 2023","format":false,"excerpt":"Video von Diether Dehm mit Bijan Tavassoli \u00dcber die Fortschritte chinesischer Unternehmen bei Elektrofahrzeugen, der Digitalisierung und dem unerwarteten Durchbruch bei der Halbleiterfertigung. Unerwartet zumindest f\u00fcr westliche Wirtschaftskrieger und ein weiterer Beweis f\u00fcr das Scheitern der Anti-China-Politik von USA und (im Schlepptau) EU.","rel":"","context":"In &quot;Arbeit &amp; Soziales&quot;","block_context":{"text":"Arbeit &amp; Soziales","link":"https:\/\/www.freidenker.org\/?cat=11"},"img":{"alt_text":"","src":"https:\/\/i0.wp.com\/www.freidenker.org\/fw17\/wp-content\/uploads\/2023\/09\/Interview_Dehm_Tavassoli_800x450.jpg?fit=800%2C450&ssl=1&resize=350%2C200","width":350,"height":200,"srcset":"https:\/\/i0.wp.com\/www.freidenker.org\/fw17\/wp-content\/uploads\/2023\/09\/Interview_Dehm_Tavassoli_800x450.jpg?fit=800%2C450&ssl=1&resize=350%2C200 1x, https:\/\/i0.wp.com\/www.freidenker.org\/fw17\/wp-content\/uploads\/2023\/09\/Interview_Dehm_Tavassoli_800x450.jpg?fit=800%2C450&ssl=1&resize=525%2C300 1.5x, https:\/\/i0.wp.com\/www.freidenker.org\/fw17\/wp-content\/uploads\/2023\/09\/Interview_Dehm_Tavassoli_800x450.jpg?fit=800%2C450&ssl=1&resize=700%2C400 2x"},"classes":[]},{"id":18001,"url":"https:\/\/www.freidenker.org\/?p=18001","url_meta":{"origin":18125,"position":5},"title":"Video: Klaus Hartmann bei MOATS","author":"Webredaktion","date":"24. Januar 2024","format":false,"excerpt":"Video-Interview von Dr. Diether Dehm mit Klaus Hartmann In seiner Sendung \"MOATS (Mother of all Talkshows)\", der deutschen Variante des vom britischen linken ehemaligen Parlamentarier George Galloway entwickelten w\u00f6chentlichen Podcasts, pr\u00e4sentiert Diether Dehm G\u00e4ste, die zu aktuellen Fragen unangepasste Meinungen \u00e4u\u00dfern. Zum zweiten Mal sa\u00df Klaus Hartmann vor der Kamera\u2026","rel":"","context":"In &quot;Demokratie \u2013 Medien \u2013 Aufkl\u00e4rung&quot;","block_context":{"text":"Demokratie \u2013 Medien \u2013 Aufkl\u00e4rung","link":"https:\/\/www.freidenker.org\/?cat=12"},"img":{"alt_text":"","src":"https:\/\/i0.wp.com\/www.freidenker.org\/fw17\/wp-content\/uploads\/2024\/01\/dehm_hartmann_moats_2024-01_b2_800x450.jpg?fit=800%2C450&ssl=1&resize=350%2C200","width":350,"height":200,"srcset":"https:\/\/i0.wp.com\/www.freidenker.org\/fw17\/wp-content\/uploads\/2024\/01\/dehm_hartmann_moats_2024-01_b2_800x450.jpg?fit=800%2C450&ssl=1&resize=350%2C200 1x, https:\/\/i0.wp.com\/www.freidenker.org\/fw17\/wp-content\/uploads\/2024\/01\/dehm_hartmann_moats_2024-01_b2_800x450.jpg?fit=800%2C450&ssl=1&resize=525%2C300 1.5x, https:\/\/i0.wp.com\/www.freidenker.org\/fw17\/wp-content\/uploads\/2024\/01\/dehm_hartmann_moats_2024-01_b2_800x450.jpg?fit=800%2C450&ssl=1&resize=700%2C400 2x"},"classes":[]}],"_links":{"self":[{"href":"https:\/\/www.freidenker.org\/index.php?rest_route=\/wp\/v2\/posts\/18125","targetHints":{"allow":["GET"]}}],"collection":[{"href":"https:\/\/www.freidenker.org\/index.php?rest_route=\/wp\/v2\/posts"}],"about":[{"href":"https:\/\/www.freidenker.org\/index.php?rest_route=\/wp\/v2\/types\/post"}],"author":[{"embeddable":true,"href":"https:\/\/www.freidenker.org\/index.php?rest_route=\/wp\/v2\/users\/3"}],"replies":[{"embeddable":true,"href":"https:\/\/www.freidenker.org\/index.php?rest_route=%2Fwp%2Fv2%2Fcomments&post=18125"}],"version-history":[{"count":0,"href":"https:\/\/www.freidenker.org\/index.php?rest_route=\/wp\/v2\/posts\/18125\/revisions"}],"wp:featuredmedia":[{"embeddable":true,"href":"https:\/\/www.freidenker.org\/index.php?rest_route=\/wp\/v2\/media\/18126"}],"wp:attachment":[{"href":"https:\/\/www.freidenker.org\/index.php?rest_route=%2Fwp%2Fv2%2Fmedia&parent=18125"}],"wp:term":[{"taxonomy":"category","embeddable":true,"href":"https:\/\/www.freidenker.org\/index.php?rest_route=%2Fwp%2Fv2%2Fcategories&post=18125"},{"taxonomy":"post_tag","embeddable":true,"href":"https:\/\/www.freidenker.org\/index.php?rest_route=%2Fwp%2Fv2%2Ftags&post=18125"}],"curies":[{"name":"wp","href":"https:\/\/api.w.org\/{rel}","templated":true}]}}