{"id":18106,"date":"2024-02-09T21:06:33","date_gmt":"2024-02-09T20:06:33","guid":{"rendered":"https:\/\/www.freidenker.org\/?p=18106"},"modified":"2024-03-06T00:09:50","modified_gmt":"2024-03-05T23:09:50","slug":"ueber-die-bigotterie-des-deutschen-widerstands-gegen-rechts","status":"publish","type":"post","link":"https:\/\/www.freidenker.org\/?p=18106","title":{"rendered":"\u00dcber die Bigotterie des deutschen &#8222;Widerstands&#8220; gegen rechts"},"content":{"rendered":"<p><strong>W\u00e4hrend in Deutschland \u00fcber ein privates Treffen diskutiert wird, als s\u00e4\u00dfen bereits Millionen von Menschen in Z\u00fcgen nach Nirgendwo, sind die Deportationspl\u00e4ne Israels weiter fortgeschritten. Die inzwischen rund 30.000 toten Pal\u00e4stinenser haben ihre Reise bereits angetreten.<\/strong><\/p>\n<p><em>Von <strong>Tom J. Wellbrock<\/strong><\/em><\/p>\n<p><span style=\"font-size: 10pt;\">Erstver\u00f6ffentlichung am 03.02.2024 auf <a href=\"https:\/\/freedert.online\/meinung\/194522-ueber-bigotterie-deutschen-widerstands-gegen\/\" target=\"_blank\" rel=\"noopener\">RT DE<\/a><\/span><\/p>\n<div class=\"EmbedBlock-root EmbedBlock-all\">\n<div class=\"AllEmbed\"><iframe loading=\"lazy\" title=\"\u00dcber die Bigotterie des deutschen &quot;Widerstands&quot; gegen rechts\" src=\"https:\/\/www.podbean.com\/player-v2\/?i=cbe5j-156fdc2-pb&amp;from=pb6admin&amp;share=1&amp;download=1&amp;rtl=0&amp;fonts=Arial&amp;skin=1&amp;font-color=&amp;logo_link=episode_page&amp;btn-skin=7\" width=\"100%\" height=\"150\" scrolling=\"no\" allowfullscreen=\"allowfullscreen\" data-name=\"pb-iframe-player\" data-mce-fragment=\"1\"><\/iframe><\/div>\n<\/div>\n<p>Menschen aus Deutschland auszuweisen, ist faschistisch, und Menschen aus Deutschland auszuweisen, ist eine vern\u00fcnftige Reaktion. Beides scheint zu stimmen, die Frage ist nur, wer es sagt. In einem Video, das auf einer der zahlreichen Demos gegen rechts gemacht wurde, sagte ein Teilnehmer, Abschiebungen der AfD seien nicht vom Grundgesetz gedeckt, solche, die die Bundesregierung anstrebt, aber schon.<\/p>\n<p>Die Bigotterie Deutschlands ist in zahlreichen anderen L\u00e4ndern l\u00e4ngst aufgefallen, und mit seiner kategorischen Verneinung gegen\u00fcber den israelischen Verbrechen an den Pal\u00e4stinensern hat sich die Bundesregierung noch ein weiteres St\u00fcck ins Abseits begeben. Umso tragischer ist es, dass zigtausende Menschen dem Ruf der Politik folgen und wie von Sinnen gegen die AfD demonstrieren.<\/p>\n<p>Sag den Menschen, dass sie f\u00fcr das Beste stehen, und du wirst sie dazu bringen, das Schlimmste zu tun.<\/p>\n<h5>Gegenwind f\u00fcr die <em>taz<\/em>!<\/h5>\n<p>Mustafa Barghouti ist Generalsekret\u00e4r der Pal\u00e4stinensischen Nationalen Initiative (PNI). K\u00fcrzlich gab er der <em>taz <\/em><a href=\"https:\/\/taz.de\/Mustafa-Barghouti-ueber-den-Gazakrieg\/!5986884\/\" target=\"_blank\" rel=\"noopener noreferrer\">ein Interview<\/a><em>. <\/em>Und das hatte es in sich, der Mann stellte nicht nur einiges klar, sondern auch die deutsche Politik blo\u00df.<\/p>\n<p>Gleich zu Beginn des Interviews versuchte Barghouti auf die Tatsache hinzuweisen, dass die Geschichte des 7. Oktober schon viel fr\u00fcher begonnen hatte, seiner Ansicht nach im Jahr 1948. Weit kam er mit seinen Ausf\u00fchrungen aber nicht, denn die <em>taz<\/em> fuhr ihm sofort ins Wort:<\/p>\n<blockquote><p><em>&#8222;\u2026 nein, bitte fangen Sie nicht mit 1948 an. Wir kennen die Geschichte. Bleiben wir bei den aktuellen Entwicklungen.&#8220;<\/em><\/p><\/blockquote>\n<p>Dieses zun\u00e4chst einmal sehr unh\u00f6fliche und arrogante Verhalten der Zeitung ist mehr als ein \u00c4rgernis, denn die Behauptung &#8222;Wir kennen die Geschichte&#8220; ist unverfroren und herablassend. Die <em>taz<\/em> kennt also die Geschichte? So wie die des Krieges in der Ukraine? Wohl eher nicht, denn seit mehr als zwei Jahren wird den Menschen in Deutschland eingebl\u00e4ut, dass die Geschichte, die zu einem Ereignis f\u00fchrt, nicht die geringste Rolle spielt.<\/p>\n<p>Bei Barghouti ist die <em>taz<\/em> allerdings an den Falschen geraten, denn dieser entgegnete:<\/p>\n<blockquote><p><em>&#8222;Wenn Sie die falsche Frage stellen, bekommen Sie die falsche Antwort. Es sieht aus, als wollte ich Fragen ausweichen, aber Sie sind es, die den Antworten ausweichen.&#8220;<\/em><\/p><\/blockquote>\n<h5>Sicherheit f\u00fcr wen und f\u00fcr wen nicht?<\/h5>\n<p>Das Interview drehte sich immer wieder um die Frage der Sicherheit Israels, doch Barghouti brachte die der Pal\u00e4stinenser ins Spiel:<\/p>\n<blockquote><p><em>&#8222;Sicherheit wird durch das Ende der Besatzung entstehen. Punkt. Nach 1948 blieben uns nur noch 22 Prozent unseres Landes, und schlie\u00dflich, nach 1967, einigten wir uns darauf, nicht mehr zu beanspruchen. Wir haben unseren Anteil bereits geleistet. Aber jetzt sind die israelischen Siedler \u00fcberall und wir haben nur noch 18 Prozent dieser 22 Prozent. Die letzte Siedlung wurde am 5. Dezember genehmigt. In der Hitze des Krieges. Lasst uns in Frieden und ihr werdet in Frieden leben.&#8220; <\/em><\/p><\/blockquote>\n<p>Die <em>taz<\/em> tat daraufhin das, was verdeutlicht, dass Sicherheit nur f\u00fcr eine Seite entscheidend ist, n\u00e4mlich f\u00fcr die israelische. Sie entgegnete:<\/p>\n<blockquote><p><em>&#8222;Netanjahu sagt, er werde den Gazastreifen nicht verlassen, bevor die Hamas ausgel\u00f6scht ist.&#8220;<\/em><\/p><\/blockquote>\n<p>Das sagt Netanjahu in der Tat, und er und zahlreiche andere israelische Politiker betonen das ebenfalls immer wieder. Das Ausl\u00f6schen der Hamas ist jedoch faktisch nicht m\u00f6glich, und die Tatsache, dass neben den israelischen Falken eine deutsche Au\u00dfenministerin diesen Wunsch teilt, \u00e4ndert an den Fakten auch nichts. Aber es macht klar, worum es geht, und das sagt auch Barghouti:<\/p>\n<blockquote><p><em>&#8222;\u00dcber 70 Prozent der H\u00e4user liegen in Tr\u00fcmmern. Sein Ziel ist ein anderes: Er will die Pal\u00e4stinenser zwingen, wegzuziehen.&#8220;<\/em><\/p><\/blockquote>\n<p>Man muss erg\u00e4nzen: Die noch lebenden Pal\u00e4stinenser, denn ein erschreckend gro\u00dfer Teil von ihnen \u2013 und ein noch erschreckender gro\u00dfer Anteil von Kindern \u2013 wird nicht mehr wegziehen k\u00f6nnen, weil sie ermordet wurden. Doch Wegziehen im Sinne dessen, was Israel sich vorstellt, ist nichts anderes als eine gro\u00dfe Vertreibung, man k\u00f6nnte auch Deportation sagen.<\/p>\n<h5>Nein zu einem pal\u00e4stinensischen Staat<\/h5>\n<p>Auf der ganzen Welt wird \u00fcber die M\u00f6glichkeit einer Zweistaatenl\u00f6sung diskutiert, das ist nicht neu, hat aber nach dem 7. Oktober wieder neue Fahrt aufgenommen. Auch Deutschland spricht sich hier und da und ziemlich z\u00f6gerlich und unglaubw\u00fcrdig immer mal wieder daf\u00fcr aus. Das ist pure Heuchelei, denn der deutschen Politik muss klar sein, was die Israelis um Netanjahu herum wollen.<\/p>\n<p><a href=\"https:\/\/www.nachdenkseiten.de\/?p=110257\" target=\"_blank\" rel=\"noopener noreferrer\">Netanjahu selbst <\/a>sagte etwa am 20. Januar 2024:<\/p>\n<blockquote><p><em>&#8222;Ich werde keine Kompromisse eingehen, wenn es um die vollst\u00e4ndige israelische Sicherheitskontrolle \u00fcber das gesamte Gebiet westlich des Jordans geht \u2013 und das ist unvereinbar mit einem pal\u00e4stinensischen Staat.&#8220;<\/em><\/p><\/blockquote>\n<p>Einen Tag sp\u00e4ter stellte das israelische Staatsoberhaupt dann fest:<\/p>\n<blockquote><p><em>&#8222;Mein Beharren hat \u00fcber die Jahre hinweg die Gr\u00fcndung eines pal\u00e4stinensischen Staates verhindert, der eine existenzielle Gefahr f\u00fcr Israel dargestellt h\u00e4tte. Solange ich Premierminister bin, werde ich weiterhin mit Nachdruck darauf bestehen.&#8220;<\/em><\/p><\/blockquote>\n<p>Und Netanjahu erh\u00e4lt aus seinem politischen Umfeld klare Unterst\u00fctzung, zum Beispiel durch Orit Strock, der Ministerin f\u00fcr nationale Missionen (Religi\u00f6s-Zionistische Partei):<\/p>\n<blockquote><p><em>&#8222;Ein pal\u00e4stinensischer Staat \u2013 niemals! Nach 30 Jahren ist Israel von dieser gef\u00e4hrlichen Idee schmerzlich desillusioniert worden. Die \u00c4ra Oslo wird nicht wiederkehren, vor allem, damit j\u00fcdisches Blut nicht billig ist.&#8220;<\/em><\/p><\/blockquote>\n<p>Die Liste lie\u00dfe sich mit \u00e4hnlichen Zitaten fortsetzen und sie belegt, dass es der aktuellen israelischen Regierung nicht eine Sekunde um einen pal\u00e4stinensischen Staat geht, im Gegenteil. Doch allein auf sie l\u00e4sst sich die radikale Haltung nicht beschr\u00e4nken, denn:<\/p>\n<blockquote><p><em>&#8222;Im Parteiprogramm des Likud von 1977 wird unter der \u00dcberschrift &#8218;<\/em><a href=\"https:\/\/www.jewishvirtuallibrary.org\/original-party-platform-of-the-likud-party\" target=\"_blank\" rel=\"noopener noreferrer\"><em>Das Recht des j\u00fcdischen Volkes auf das Land Israel (Eretz Israel)<\/em><\/a><em>&#8218; <\/em><em>unmissverst\u00e4ndlich festgehalten, dass es &#8218;zwischen dem Meer und dem Jordan nur israelische Souver\u00e4nit\u00e4t geben wird&#8216;.&#8220;<\/em><\/p><\/blockquote>\n<h5>Remigration? Deportation? Abschiebungen im gro\u00dfen Stil?<\/h5>\n<p>Es gab in Deutschland schon einmal Zeiten, da gingen die Massen f\u00fcr die regierende Politik auf die Stra\u00dfe. Heute tun sie das ebenfalls, allerdings in dem Glauben, gegen das zu demonstrieren, was sie unterm Strich bef\u00f6rdern. Immerhin, das sollte nicht unerw\u00e4hnt bleiben, jubeln die Menschen Politikern wie Boris Pistorius (SPD) zu, der das Land gern kriegst\u00fcchtig h\u00e4tte. Und sie trauen Kanzler Olaf Scholz (SPD) zu, &#8222;<a href=\"https:\/\/www.spiegel.de\/politik\/deutschland\/olaf-scholz-ueber-migration-es-kommen-zu-viele-a-2d86d2ac-e55a-4b8f-9766-c7060c2dc38a\" target=\"_blank\" rel=\"noopener noreferrer\">Abschiebungen im gro\u00dfen Stil<\/a>&#8220; zu realisieren. Problematisch finden sie das ganz offensichtlich nicht.<\/p>\n<p>Nur der AfD, der trauen sie nicht, niemals, kommt gar nicht infrage. Lieber schauen sie sich Theaterst\u00fccke an, die das teilweise staatlich(e) finanzierte &#8222;Correctiv&#8220; auff\u00fchren l\u00e4sst, um seine &#8222;investigative&#8220; Recherche kunstvoll zu untermauern \u2013 und das nur wenige Tage nach dem &#8222;Aufdecken&#8220; eines &#8222;Geheimtreffens&#8220; von ein paar Leuten, die sich so ihre Gedanken zum Thema Abschiebung gemacht haben. Erstaunlich, wie schnell ein Theaterst\u00fcck auf die Beine gestellt werden kann. Alle Schauspieler hatten kurzfristig Zeit, niemand war krank, im Urlaub oder sonst wie verhindert.<\/p>\n<p>Aber der Zynismus in Deutschland kennt keine Grenzen mehr, denn Demonstranten, die ebenfalls an den Versammlungen des &#8222;Widerstands gegen rechts&#8220; teilnahmen und auf das Leid der Pal\u00e4stinenser aufmerksam machen wollten, wurden zur Seite gedr\u00e4ngt und ausgeschlossen, sie passten nicht zum wohligen Gef\u00fchl der &#8222;Widerst\u00e4ndler&#8220;.<\/p>\n<p>Nennt man das Entfernen von unliebsamen Demonstranten, die auf massenhaften Mord an Pal\u00e4stinensern hinweisen wollen, eigentlich Abschiebung? Wegschiebung? Oder Verschiebung? Das politisch korrekte Wort wird schon noch jemandem einfallen, vielleicht einem derer, die in der Corona-Zeit Ungeimpfte deportieren wollte.<\/p>\n<h5>&#8222;Undifferenziert&#8220; ist noch geschmeichelt<\/h5>\n<p>Es ist auf der einen Seite eine propagandistische Meisterleistung der herrschenden Politik, so viele Menschen gegen eine Gefahr auf die Stra\u00dfe zu bringen, die faktisch nicht existiert bzw. von den Parteien ausgeht, die sich inmitten der Demonstranten sonnen\u00a0\u2013 wenn man funktionierende Regeln f\u00fcr die Migration und Integration denn als Gefahr bezeichnen will.<\/p>\n<p>Das tun die Menschen, die sich auf der Stra\u00dfe versammeln, n\u00e4mlich sehr wohl. Unkontrollierte Zuwanderung ist f\u00fcr eine Mehrheit der Deutschen ein echtes Problem und w\u00e4re dem nicht so, w\u00fcrde Kanzler Scholz nicht von &#8222;Abschiebungen im gro\u00dfen Stil&#8220; sprechen. Es kann als unbestreitbar bezeichnet werden, dass Scholz sein Vokabular nur gew\u00e4hlt hat, weil er wei\u00df, daf\u00fcr in der Bev\u00f6lkerung eine f\u00fcr die Wahlen relevante Zustimmung zu erhalten (was eben f\u00fcr eine Partei, die in einigen Bundesl\u00e4ndern die F\u00fcnf-Prozent-Grenze in Umfragen bereits unterschritten hat, als f\u00fcr Wahlen relevant bezeichnet werden kann).<\/p>\n<p>Es ist auf der anderen Seite aber ebenfalls eine Meisterleistung \u2013 und zwar eine intellektueller Unterbelichtung \u2013 wenn so viele Menschen so undifferenziert auf eine politische Sachlage blicken, die eklatant widerspr\u00fcchlich gehandhabt wird. Von der AfD \u00fcber Abschiebungen der Bundesregierung bis zum Massenmord an pal\u00e4stinensischen Zivilisten ist es gedanklich kein wirklich weiter Weg. Ihn nicht zu beschreiten, zeugt von intellektueller Schw\u00e4che und einer H\u00f6rigkeit der Politik gegen\u00fcber, dass die W\u00e4nde wackeln.<\/p>\n<p>Sie sagen, dass sie w\u00fcssten, wie es damals, unter den Nationalsozialisten, angefangen hat, doch sie wissen gar nichts. Denn sie selbst sind ein tr\u00e4ger, aber doch gef\u00e4hrlicher Teil dessen, was damals begonnen hat. Vielleicht hoffen sie, irgendwann als Helden verehrt zu werden. Doch das wird \u2013 einmal mehr und wom\u00f6glich nicht das letzte Mal \u2013 nicht passieren. Aber vielleicht werden sie irgendwann einmal von ihren Kindern und Enkeln gefragt, wie sie dabei mitmachen konnten.<\/p>\n<p>Wenn sie dem dann ein &#8222;wir wussten es nicht besser&#8220; entgegnen, wird das traurigerweise wohl eine sehr ehrliche Antwort sein.<\/p>\n<p style=\"text-align: right;\"><em>Tom J. Wellbrock ist Texter und Sprecher und betrieb gemeinsam mit Jens Berger den Blog Spiegelfechter. Aktuell betreibt er gemeinsam mit Roberto J. De Lapuente den Blog <a href=\"https:\/\/www.neulandrebellen.de\/\" target=\"_blank\" rel=\"noopener\">Neulandrebellen.de<\/a> sowie den Telegram-Kanal &#8222;<a href=\"https:\/\/t.me\/Randnotizen_aus_der_Mitte\" target=\"_blank\" rel=\"noopener\">Randnotizen aus der Mitte<\/a>&#8222;<\/em><\/p>\n<hr \/>\n<p><span style=\"font-size: 10pt;\">Bild oben: <span class=\"mw-mmv-title\">Demonstration unter dem Motto &#8222;#NieWiederIstJetzt Gemeinsam stark gegen Rechts&#8220; am 20.01.2024 in Heidelberg <\/span><\/span><br \/>\n<span style=\"font-size: 10pt;\">Foto: Stephan Sprinz, <a href=\"https:\/\/creativecommons.org\/licenses\/by\/4.0\" target=\"_blank\" rel=\"noopener\">CC BY 4.0<\/a><\/span><br \/>\n<span style=\"font-size: 10pt;\">Quelle: <a href=\"https:\/\/commons.wikimedia.org\/w\/index.php?curid=144356557\" target=\"_blank\" rel=\"noopener\">https:\/\/commons.wikimedia.org\/w\/index.php?curid=144356557<\/a><\/span><\/p>\n","protected":false},"excerpt":{"rendered":"<p><b>Beitrag von Tom J. Wellbrock<\/b><br \/>\nMenschen aus Deutschland auszuweisen, ist faschistisch, und Menschen aus Deutschland auszuweisen, ist eine vern\u00fcnftige Reaktion. Beides scheint zu stimmen, die Frage ist nur, wer es sagt. In einem Video, das auf einer der zahlreichen Demos gegen rechts gemacht wurde, sagte ein Teilnehmer, Abschiebungen der AfD seien nicht vom Grundgesetz gedeckt, solche, die die Bundesregierung anstrebt, aber schon. Die Bigotterie Deutschlands ist in zahlreichen anderen L\u00e4ndern l\u00e4ngst aufgefallen, und mit seiner kategorischen Verneinung gegen\u00fcber den israelischen Verbrechen an den Pal\u00e4stinensern hat sich die Bundesregierung noch ein weiteres St\u00fcck ins Abseits begeben. Umso tragischer ist es, dass zigtausende Menschen dem Ruf der Politik folgen und wie von Sinnen gegen die AfD demonstrieren. Sag den Menschen, dass sie f\u00fcr das Beste stehen, und du wirst sie dazu bringen, das Schlimmste zu tun.<\/p>\n","protected":false},"author":3,"featured_media":18114,"comment_status":"closed","ping_status":"closed","sticky":false,"template":"","format":"standard","meta":{"colormag_page_container_layout":"default_layout","colormag_page_sidebar_layout":"default_layout","advanced_seo_description":"","jetpack_seo_html_title":"","jetpack_seo_noindex":false,"jetpack_post_was_ever_published":false,"footnotes":""},"categories":[12],"tags":[2079,1031,1999,393,2050,1955,394,637,992,1931,2104],"class_list":["post-18106","post","type-post","status-publish","format-standard","has-post-thumbnail","hentry","category-demokratie-medien-aufklaerung","tag-abschiebung","tag-afd","tag-deportation","tag-israel","tag-konfliktloesung","tag-nahostkonflikt","tag-palaestina","tag-propaganda","tag-vertreibung","tag-voelkermord","tag-zweistaatenloesung"],"jetpack_featured_media_url":"https:\/\/i0.wp.com\/www.freidenker.org\/fw17\/wp-content\/uploads\/2024\/02\/Demo_gegen_Rechts_Heidelberg_20_01_2024_14_800x450.jpg?fit=800%2C450&ssl=1","jetpack_shortlink":"https:\/\/wp.me\/p9stpK-4I2","jetpack-related-posts":[{"id":17978,"url":"https:\/\/www.freidenker.org\/?p=17978","url_meta":{"origin":18106,"position":0},"title":"Remigration und AfD-Verbot: Caf\u00e9 Latte und Widerstandsk\u00e4mpfer","author":"Webredaktion","date":"22. Januar 2024","format":false,"excerpt":"Beitrag von Tom J. Wellbrock Ist das ausgerechnet von \"Correctiv\" aufgedeckte \"Geheimtreffen\" einiger Leute mit Planungen einer \"Remigration\" eine Gefahr f\u00fcr die Demokratie? Droht Millionen von Migranten (auch mit deutschem Pass) die massenhafte Abschiebung aus Deutschland? Es muss wohl so sein, wenn man die Kundgebungen auf der Stra\u00dfe und die\u2026","rel":"","context":"In &quot;Demokratie \u2013 Medien \u2013 Aufkl\u00e4rung&quot;","block_context":{"text":"Demokratie \u2013 Medien \u2013 Aufkl\u00e4rung","link":"https:\/\/www.freidenker.org\/?cat=12"},"img":{"alt_text":"","src":"https:\/\/i0.wp.com\/www.freidenker.org\/fw17\/wp-content\/uploads\/2024\/01\/Hot-girls-gemeinsam-gegen-rechts-muc-2024_800x450.jpg?fit=800%2C450&ssl=1&resize=350%2C200","width":350,"height":200,"srcset":"https:\/\/i0.wp.com\/www.freidenker.org\/fw17\/wp-content\/uploads\/2024\/01\/Hot-girls-gemeinsam-gegen-rechts-muc-2024_800x450.jpg?fit=800%2C450&ssl=1&resize=350%2C200 1x, https:\/\/i0.wp.com\/www.freidenker.org\/fw17\/wp-content\/uploads\/2024\/01\/Hot-girls-gemeinsam-gegen-rechts-muc-2024_800x450.jpg?fit=800%2C450&ssl=1&resize=525%2C300 1.5x, https:\/\/i0.wp.com\/www.freidenker.org\/fw17\/wp-content\/uploads\/2024\/01\/Hot-girls-gemeinsam-gegen-rechts-muc-2024_800x450.jpg?fit=800%2C450&ssl=1&resize=700%2C400 2x"},"classes":[]},{"id":16372,"url":"https:\/\/www.freidenker.org\/?p=16372","url_meta":{"origin":18106,"position":1},"title":"Oskar Lafontaine im Interview: &#8222;Gr\u00fcne sind der US-Politik unterworfen&#8220;","author":"Webredaktion","date":"28. Juni 2023","format":false,"excerpt":"Interview von Tom J. Wellbrock mit Oskar Lafontaine Im Interview mit Tom Wellbrock streift der ehemalige SPD-Politiker und Gr\u00fcnder der Partei Die Linke, Oskar Lafontaine, zahlreiche Themenfelder der aktuellen Politik und r\u00e4umt mit vielem auf, was in Deutschland f\u00fcr wahr gehalten wird, jedoch nicht den Fakten entspricht.\u00a0Da ist zun\u00e4chst das\u2026","rel":"","context":"In &quot;Demokratie \u2013 Medien \u2013 Aufkl\u00e4rung&quot;","block_context":{"text":"Demokratie \u2013 Medien \u2013 Aufkl\u00e4rung","link":"https:\/\/www.freidenker.org\/?cat=12"},"img":{"alt_text":"","src":"https:\/\/i0.wp.com\/www.freidenker.org\/fw17\/wp-content\/uploads\/2023\/06\/Lafontaine_800x450.jpg?fit=800%2C450&ssl=1&resize=350%2C200","width":350,"height":200,"srcset":"https:\/\/i0.wp.com\/www.freidenker.org\/fw17\/wp-content\/uploads\/2023\/06\/Lafontaine_800x450.jpg?fit=800%2C450&ssl=1&resize=350%2C200 1x, https:\/\/i0.wp.com\/www.freidenker.org\/fw17\/wp-content\/uploads\/2023\/06\/Lafontaine_800x450.jpg?fit=800%2C450&ssl=1&resize=525%2C300 1.5x, https:\/\/i0.wp.com\/www.freidenker.org\/fw17\/wp-content\/uploads\/2023\/06\/Lafontaine_800x450.jpg?fit=800%2C450&ssl=1&resize=700%2C400 2x"},"classes":[]},{"id":16911,"url":"https:\/\/www.freidenker.org\/?p=16911","url_meta":{"origin":18106,"position":2},"title":"Gef\u00fchlsarmut + Kinderarmut = Ampelpolitik","author":"Webredaktion","date":"12. September 2023","format":false,"excerpt":"Beitrag von Tom J. Wellbrock Das nennt man dann wohl \"aus Kacke Bonbons machen\". Jetzt, da die uns\u00e4gliche Debatte \u00fcber die Kindergrundsicherung abgeschlossen wurde, r\u00fchmen sich alle Beteiligten mit dem gro\u00dfen sozialen Wurf. Dabei ist nicht einmal die Reduzierung von 12 Milliarden Euro auf etwas mehr als zwei Milliarden der\u2026","rel":"","context":"In &quot;Arbeit &amp; Soziales&quot;","block_context":{"text":"Arbeit &amp; Soziales","link":"https:\/\/www.freidenker.org\/?cat=11"},"img":{"alt_text":"","src":"https:\/\/i0.wp.com\/www.freidenker.org\/fw17\/wp-content\/uploads\/2023\/09\/money-6815202_800x450.jpg?fit=800%2C450&ssl=1&resize=350%2C200","width":350,"height":200,"srcset":"https:\/\/i0.wp.com\/www.freidenker.org\/fw17\/wp-content\/uploads\/2023\/09\/money-6815202_800x450.jpg?fit=800%2C450&ssl=1&resize=350%2C200 1x, https:\/\/i0.wp.com\/www.freidenker.org\/fw17\/wp-content\/uploads\/2023\/09\/money-6815202_800x450.jpg?fit=800%2C450&ssl=1&resize=525%2C300 1.5x, https:\/\/i0.wp.com\/www.freidenker.org\/fw17\/wp-content\/uploads\/2023\/09\/money-6815202_800x450.jpg?fit=800%2C450&ssl=1&resize=700%2C400 2x"},"classes":[]},{"id":17316,"url":"https:\/\/www.freidenker.org\/?p=17316","url_meta":{"origin":18106,"position":3},"title":"Meinung in Zeiten des Hasses","author":"Webredaktion","date":"24. Oktober 2023","format":false,"excerpt":"Beitrag von Tom J. Wellbrock Deutschland wird jeden Tag ein bisschen demokratischer. Doch daf\u00fcr ist eine Menge Arbeit n\u00f6tig, h\u00f6chster Einsatz ist gefragt. Und so haben Politik und Medien alle H\u00e4nde voll zu tun, um die falsche Meinung zu bestrafen oder gleich zu eliminieren. Beginnen wir doch mit Corona, der\u2026","rel":"","context":"In &quot;Demokratie \u2013 Medien \u2013 Aufkl\u00e4rung&quot;","block_context":{"text":"Demokratie \u2013 Medien \u2013 Aufkl\u00e4rung","link":"https:\/\/www.freidenker.org\/?cat=12"},"img":{"alt_text":"","src":"https:\/\/i0.wp.com\/www.freidenker.org\/fw17\/wp-content\/uploads\/2023\/10\/newspaper-961025_auszug_800x450.jpg?fit=800%2C450&ssl=1&resize=350%2C200","width":350,"height":200,"srcset":"https:\/\/i0.wp.com\/www.freidenker.org\/fw17\/wp-content\/uploads\/2023\/10\/newspaper-961025_auszug_800x450.jpg?fit=800%2C450&ssl=1&resize=350%2C200 1x, https:\/\/i0.wp.com\/www.freidenker.org\/fw17\/wp-content\/uploads\/2023\/10\/newspaper-961025_auszug_800x450.jpg?fit=800%2C450&ssl=1&resize=525%2C300 1.5x, https:\/\/i0.wp.com\/www.freidenker.org\/fw17\/wp-content\/uploads\/2023\/10\/newspaper-961025_auszug_800x450.jpg?fit=800%2C450&ssl=1&resize=700%2C400 2x"},"classes":[]},{"id":18021,"url":"https:\/\/www.freidenker.org\/?p=18021","url_meta":{"origin":18106,"position":4},"title":"Komisches Deutschland: Rechte Demonstrationen &#8222;gegen rechts&#8220;","author":"Webredaktion","date":"27. Januar 2024","format":false,"excerpt":"Beitrag von Gert Ewen Ungar Wenn man wissen m\u00f6chte, wes Geistes Kind die Bundesregierung und die deutsche Gesellschaft als Ganzes sind, empfiehlt sich ein Blick darauf, wie Deutschland aus dem Ausland wahrgenommen wird. Dieser Blick von au\u00dfen l\u00e4sst sich aktuell recht knackig zusammenfassen. Deutschland unterst\u00fctzt den V\u00f6lkermord Israels an den\u2026","rel":"","context":"In &quot;Demokratie \u2013 Medien \u2013 Aufkl\u00e4rung&quot;","block_context":{"text":"Demokratie \u2013 Medien \u2013 Aufkl\u00e4rung","link":"https:\/\/www.freidenker.org\/?cat=12"},"img":{"alt_text":"","src":"https:\/\/i0.wp.com\/www.freidenker.org\/fw17\/wp-content\/uploads\/2024\/01\/Demokratie_verteidigen_Berlin_2023-01-21_16_800x450.jpg?fit=800%2C450&ssl=1&resize=350%2C200","width":350,"height":200,"srcset":"https:\/\/i0.wp.com\/www.freidenker.org\/fw17\/wp-content\/uploads\/2024\/01\/Demokratie_verteidigen_Berlin_2023-01-21_16_800x450.jpg?fit=800%2C450&ssl=1&resize=350%2C200 1x, https:\/\/i0.wp.com\/www.freidenker.org\/fw17\/wp-content\/uploads\/2024\/01\/Demokratie_verteidigen_Berlin_2023-01-21_16_800x450.jpg?fit=800%2C450&ssl=1&resize=525%2C300 1.5x, https:\/\/i0.wp.com\/www.freidenker.org\/fw17\/wp-content\/uploads\/2024\/01\/Demokratie_verteidigen_Berlin_2023-01-21_16_800x450.jpg?fit=800%2C450&ssl=1&resize=700%2C400 2x"},"classes":[]},{"id":17253,"url":"https:\/\/www.freidenker.org\/?p=17253","url_meta":{"origin":18106,"position":5},"title":"Berichterstattung zu Israel: Bombenstimmung in Deutschland","author":"Webredaktion","date":"11. Oktober 2023","format":false,"excerpt":"Beitrag von Tom J. Wellbrock Und wieder stecken die Medienkonsumenten im Hamsterrad der deutschen Berichterstattung, diesmal zum Israel-Konflikt. Die Oberfl\u00e4chlichkeit der medialen Berichte wird nur noch durch die banalen Worth\u00fclsen der Politiker \u00fcberboten. Man kann die \"Hintergrundberichte\" deutscher Medien mit ein paar Worten des Deutschlandfunks zusammenfassen: \"Militante Pal\u00e4stinenser haben mit\u2026","rel":"","context":"In &quot;Demokratie \u2013 Medien \u2013 Aufkl\u00e4rung&quot;","block_context":{"text":"Demokratie \u2013 Medien \u2013 Aufkl\u00e4rung","link":"https:\/\/www.freidenker.org\/?cat=12"},"img":{"alt_text":"","src":"https:\/\/i0.wp.com\/www.freidenker.org\/fw17\/wp-content\/uploads\/2023\/10\/Palestinians_who_survived_an_Israeli_missile_strike_2023_800x450.jpg?fit=800%2C450&ssl=1&resize=350%2C200","width":350,"height":200,"srcset":"https:\/\/i0.wp.com\/www.freidenker.org\/fw17\/wp-content\/uploads\/2023\/10\/Palestinians_who_survived_an_Israeli_missile_strike_2023_800x450.jpg?fit=800%2C450&ssl=1&resize=350%2C200 1x, https:\/\/i0.wp.com\/www.freidenker.org\/fw17\/wp-content\/uploads\/2023\/10\/Palestinians_who_survived_an_Israeli_missile_strike_2023_800x450.jpg?fit=800%2C450&ssl=1&resize=525%2C300 1.5x, https:\/\/i0.wp.com\/www.freidenker.org\/fw17\/wp-content\/uploads\/2023\/10\/Palestinians_who_survived_an_Israeli_missile_strike_2023_800x450.jpg?fit=800%2C450&ssl=1&resize=700%2C400 2x"},"classes":[]}],"_links":{"self":[{"href":"https:\/\/www.freidenker.org\/index.php?rest_route=\/wp\/v2\/posts\/18106","targetHints":{"allow":["GET"]}}],"collection":[{"href":"https:\/\/www.freidenker.org\/index.php?rest_route=\/wp\/v2\/posts"}],"about":[{"href":"https:\/\/www.freidenker.org\/index.php?rest_route=\/wp\/v2\/types\/post"}],"author":[{"embeddable":true,"href":"https:\/\/www.freidenker.org\/index.php?rest_route=\/wp\/v2\/users\/3"}],"replies":[{"embeddable":true,"href":"https:\/\/www.freidenker.org\/index.php?rest_route=%2Fwp%2Fv2%2Fcomments&post=18106"}],"version-history":[{"count":0,"href":"https:\/\/www.freidenker.org\/index.php?rest_route=\/wp\/v2\/posts\/18106\/revisions"}],"wp:featuredmedia":[{"embeddable":true,"href":"https:\/\/www.freidenker.org\/index.php?rest_route=\/wp\/v2\/media\/18114"}],"wp:attachment":[{"href":"https:\/\/www.freidenker.org\/index.php?rest_route=%2Fwp%2Fv2%2Fmedia&parent=18106"}],"wp:term":[{"taxonomy":"category","embeddable":true,"href":"https:\/\/www.freidenker.org\/index.php?rest_route=%2Fwp%2Fv2%2Fcategories&post=18106"},{"taxonomy":"post_tag","embeddable":true,"href":"https:\/\/www.freidenker.org\/index.php?rest_route=%2Fwp%2Fv2%2Ftags&post=18106"}],"curies":[{"name":"wp","href":"https:\/\/api.w.org\/{rel}","templated":true}]}}