{"id":18103,"date":"2024-02-09T21:06:27","date_gmt":"2024-02-09T20:06:27","guid":{"rendered":"https:\/\/www.freidenker.org\/?p=18103"},"modified":"2024-03-06T00:09:38","modified_gmt":"2024-03-05T23:09:38","slug":"echter-journalismus-und-falsche-eu","status":"publish","type":"post","link":"https:\/\/www.freidenker.org\/?p=18103","title":{"rendered":"Echter Journalismus und falsche EU"},"content":{"rendered":"<h4 class=\"style-scope ytd-watch-metadata\"><span class=\"style-scope yt-formatted-string\" dir=\"auto\">Patrik Baab: Die <\/span><a class=\"yt-simple-endpoint style-scope yt-formatted-string\" dir=\"auto\" spellcheck=\"false\" href=\"https:\/\/www.youtube.com\/hashtag\/eu\">#EU<\/a><span class=\"style-scope yt-formatted-string\" dir=\"auto\"> ist zu einem <\/span><a class=\"yt-simple-endpoint style-scope yt-formatted-string\" dir=\"auto\" spellcheck=\"false\" href=\"https:\/\/www.youtube.com\/hashtag\/kriegsb%C3%BCndnis\">#Kriegsb\u00fcndnis<\/a><span class=\"style-scope yt-formatted-string\" dir=\"auto\"> degeneriert<\/span><\/h4>\n<p><em>Video-Interview von\u00a0<strong>Dr. Diether Dehm<\/strong>\u00a0mit\u00a0<strong>Patrik Baab<\/strong><\/em><\/p>\n<p><span style=\"font-size: 10pt;\">Ver\u00f6ffentlicht am 01.02.2024 von <a href=\"https:\/\/www.youtube.com\/watch?v=U1VJhwfgq6E\" target=\"_blank\" rel=\"noopener\">Diether Dehm auf YouTube<\/a> im Rahmen des Podcasts MOATS (Mother of all Talkshows)<\/span><\/p>\n<p><span class=\"yt-core-attributed-string yt-core-attributed-string--white-space-pre-wrap\"><span class=\"yt-core-attributed-string--link-inherit-color\">Der Journalist Patrik Baab erz\u00e4hlt warum er in den <\/span><span class=\"yt-core-attributed-string--link-inherit-color\"><a class=\"yt-core-attributed-string__link yt-core-attributed-string__link--display-type yt-core-attributed-string__link--call-to-action-color\" tabindex=\"0\" href=\"https:\/\/www.youtube.com\/hashtag\/donbass\" target=\"\" rel=\"nofollow noopener\">#Donbass<\/a><\/span><span class=\"yt-core-attributed-string--link-inherit-color\"> reiste und weshalb Ausgewogenheit das Ziel von <\/span><span class=\"yt-core-attributed-string--link-inherit-color\"><a class=\"yt-core-attributed-string__link yt-core-attributed-string__link--display-type yt-core-attributed-string__link--call-to-action-color\" tabindex=\"0\" href=\"https:\/\/www.youtube.com\/hashtag\/journalismus\" target=\"\" rel=\"nofollow noopener\">#Journalismus<\/a><\/span><span class=\"yt-core-attributed-string--link-inherit-color\"> sein sollte. Es gehe darum aufzukl\u00e4ren und alle Seiten zu Wort kommen zu lassen. Als Politikwissenschaftler gibt er auch eine Einsch\u00e4tzung zur EU und den Nationalstaaten: <\/span><\/span><\/p>\n<blockquote><p><span class=\"yt-core-attributed-string yt-core-attributed-string--white-space-pre-wrap\"><span class=\"yt-core-attributed-string--link-inherit-color\">&#8222;Die R\u00fcckkehr zum <\/span><span class=\"yt-core-attributed-string--link-inherit-color\"><a class=\"yt-core-attributed-string__link yt-core-attributed-string__link--display-type yt-core-attributed-string__link--call-to-action-color\" tabindex=\"0\" href=\"https:\/\/www.youtube.com\/hashtag\/nationalstaat\" target=\"\" rel=\"nofollow noopener\">#Nationalstaat<\/a><\/span><span class=\"yt-core-attributed-string--link-inherit-color\"> bedeutet die R\u00fcckkehr zu der einzigen politischen Instanz, die \u00fcberhaupt noch partiell <\/span><span class=\"yt-core-attributed-string--link-inherit-color\"><a class=\"yt-core-attributed-string__link yt-core-attributed-string__link--display-type yt-core-attributed-string__link--call-to-action-color\" tabindex=\"0\" href=\"https:\/\/www.youtube.com\/hashtag\/demokratisch\" target=\"\" rel=\"nofollow noopener\">#demokratisch<\/a><\/span><span class=\"yt-core-attributed-string--link-inherit-color\"> legitimiert ist.&#8220; <\/span><\/span><\/p>\n<p><span class=\"yt-core-attributed-string yt-core-attributed-string--white-space-pre-wrap\"><span class=\"yt-core-attributed-string--link-inherit-color\">&#8222;Nach meiner Einsch\u00e4tzung bringt der <\/span><span class=\"yt-core-attributed-string--link-inherit-color\"><a class=\"yt-core-attributed-string__link yt-core-attributed-string__link--display-type yt-core-attributed-string__link--call-to-action-color\" tabindex=\"0\" href=\"https:\/\/www.youtube.com\/hashtag\/krieg\" target=\"\" rel=\"nofollow noopener\">#Krieg<\/a><\/span><span class=\"yt-core-attributed-string--link-inherit-color\"> in der <\/span><span class=\"yt-core-attributed-string--link-inherit-color\"><a class=\"yt-core-attributed-string__link yt-core-attributed-string__link--display-type yt-core-attributed-string__link--call-to-action-color\" tabindex=\"0\" href=\"https:\/\/www.youtube.com\/hashtag\/ukraine\" target=\"\" rel=\"nofollow noopener\">#Ukraine<\/a><\/span><span class=\"yt-core-attributed-string--link-inherit-color\"> den Selbstmord Europas. Die Europ\u00e4ische Union ist heute nichts anderes mehr, als eine Satrapenversammlung der Vereinigten Staaten und eine Unterabteilung der <\/span><span class=\"yt-core-attributed-string--link-inherit-color\"><a class=\"yt-core-attributed-string__link yt-core-attributed-string__link--display-type yt-core-attributed-string__link--call-to-action-color\" tabindex=\"0\" href=\"https:\/\/www.youtube.com\/hashtag\/nato\" target=\"\" rel=\"nofollow noopener\">#NATO<\/a><\/span><span class=\"yt-core-attributed-string--link-inherit-color\"> .&#8220;<\/span><\/span><\/p><\/blockquote>\n<div class=\"jetpack-video-wrapper\"><span class=\"embed-youtube\" style=\"text-align:center; display: block;\"><iframe loading=\"lazy\" class=\"youtube-player\" width=\"800\" height=\"450\" src=\"https:\/\/www.youtube.com\/embed\/U1VJhwfgq6E?version=3&#038;rel=1&#038;showsearch=0&#038;showinfo=1&#038;iv_load_policy=1&#038;fs=1&#038;hl=de-DE&#038;autohide=2&#038;wmode=transparent\" allowfullscreen=\"true\" style=\"border:0;\" sandbox=\"allow-scripts allow-same-origin allow-popups allow-presentation allow-popups-to-escape-sandbox\"><\/iframe><\/span><\/div>\n<p><span style=\"font-size: 10pt;\">Direktlink zum Video von Diether Dehm auf YouTube: <a href=\"https:\/\/www.youtube.com\/watch?v=U1VJhwfgq6E\" target=\"_blank\" rel=\"noopener\">https:\/\/www.youtube.com\/watch?v=U1VJhwfgq6E<\/a><\/span><\/p>\n<p style=\"text-align: right;\"><em>Dr. Diether Dehm ist Mitglied des Deutschen Freidenker-Verbandes und seines Beirats<\/em><\/p>\n<p class=\"style-scope ytd-watch-metadata\" style=\"text-align: right;\"><em><span class=\"style-scope yt-formatted-string\" dir=\"auto\">Patrik Baab ist Politikwissenschaftler und Publizist (u.a. f\u00fcr den NDR)<\/span><\/em><\/p>\n<hr \/>\n<p><span style=\"font-size: 10pt;\">Bild oben: Screenshot aus dem <a href=\"https:\/\/www.youtube.com\/watch?v=U1VJhwfgq6E\" target=\"_blank\" rel=\"noopener\">Video<\/a> von Diether Dehm<\/span><\/p>\n","protected":false},"excerpt":{"rendered":"<p><b>Patrik Baab: Die EU ist zu einem Kriegsb\u00fcndnis degeneriert<\/b><br \/>\n<b>Video-Interview von\u00a0Dr. Diether Dehm\u00a0mit\u00a0Patrik Baab<\/b><br \/>\nDer Journalist Patrik Baab erz\u00e4hlt warum er in den Donbass reiste und weshalb Ausgewogenheit das Ziel von Journalismus sein sollte. Es gehe darum aufzukl\u00e4ren und alle Seiten zu Wort kommen zu lassen. Als Politikwissenschaftler gibt er auch eine Einsch\u00e4tzung zur EU und den Nationalstaaten:<br \/>\n<i>&#8222;Die R\u00fcckkehr zum #Nationalstaat bedeutet die R\u00fcckkehr zu der einzigen politischen Instanz, die \u00fcberhaupt noch partiell #demokratisch legitimiert ist.&#8220;<\/i><br \/>\n<i>&#8222;Nach meiner Einsch\u00e4tzung bringt der Krieg in der Ukraine den Selbstmord Europas. Die Europ\u00e4ische Union ist heute nichts anderes mehr, als eine Satrapenversammlung der Vereinigten Staaten und eine Unterabteilung der NATO .&#8220;<\/i><\/p>\n","protected":false},"author":3,"featured_media":18104,"comment_status":"closed","ping_status":"closed","sticky":false,"template":"","format":"standard","meta":{"colormag_page_container_layout":"default_layout","colormag_page_sidebar_layout":"default_layout","advanced_seo_description":"","jetpack_seo_html_title":"","jetpack_seo_noindex":false,"jetpack_post_was_ever_published":false,"footnotes":""},"categories":[12],"tags":[1032,1121,182,1315,395,480,596,222,639,185,1813],"class_list":["post-18103","post","type-post","status-publish","format-standard","has-post-thumbnail","hentry","category-demokratie-medien-aufklaerung","tag-bundesregierung","tag-donbass","tag-eu","tag-journalismus","tag-meinungsfreiheit","tag-nationalstaat","tag-pressefreiheit","tag-russland","tag-ukraine-konflikt","tag-usa","tag-wagenknecht"],"jetpack_featured_media_url":"https:\/\/i0.wp.com\/www.freidenker.org\/fw17\/wp-content\/uploads\/2024\/02\/Dehm_Baab_800x450.jpg?fit=800%2C450&ssl=1","jetpack_shortlink":"https:\/\/wp.me\/p9stpK-4HZ","jetpack-related-posts":[{"id":20589,"url":"https:\/\/www.freidenker.org\/?p=20589","url_meta":{"origin":18103,"position":0},"title":"\u00dcber die Welt, den Weltkrieg, den Weltfrieden","author":"Webredaktion","date":"27. Dezember 2024","format":false,"excerpt":"Einladung Schon Tradition am Sonntag nach der LL-Demo und dem Gang zu den Gr\u00e4bern von Rosa und Karl: \u00dcber die Welt, den Weltkrieg, den Weltfrieden Gespr\u00e4che, Texte, Lieder mit Patrik Baab, Klaus Hartmann, Diether Dehm und Welislawa & Michael Letz Sonntag, 12. Januar 2025, 14 Uhr im Caf\u00e9 Sibylle, Karl-Marx-Alle\u2026","rel":"","context":"In &quot;Frieden - Antifaschismus - Solidarit\u00e4t&quot;","block_context":{"text":"Frieden - Antifaschismus - Solidarit\u00e4t","link":"https:\/\/www.freidenker.org\/?cat=13"},"img":{"alt_text":"","src":"https:\/\/i0.wp.com\/www.freidenker.org\/fw17\/wp-content\/uploads\/2024\/12\/Sibylle_2025_800x450.jpg?fit=800%2C450&ssl=1&resize=350%2C200","width":350,"height":200,"srcset":"https:\/\/i0.wp.com\/www.freidenker.org\/fw17\/wp-content\/uploads\/2024\/12\/Sibylle_2025_800x450.jpg?fit=800%2C450&ssl=1&resize=350%2C200 1x, https:\/\/i0.wp.com\/www.freidenker.org\/fw17\/wp-content\/uploads\/2024\/12\/Sibylle_2025_800x450.jpg?fit=800%2C450&ssl=1&resize=525%2C300 1.5x, https:\/\/i0.wp.com\/www.freidenker.org\/fw17\/wp-content\/uploads\/2024\/12\/Sibylle_2025_800x450.jpg?fit=800%2C450&ssl=1&resize=700%2C400 2x"},"classes":[]},{"id":24195,"url":"https:\/\/www.freidenker.org\/?p=24195","url_meta":{"origin":18103,"position":1},"title":"Pressekonferenz zum Solidarit\u00e4tsaufruf gegen die EU-Sanktionierung von Jacques Baud: \u201eEs reicht!\u201c","author":"Webredaktion","date":"13. Januar 2026","format":false,"excerpt":"Pressekonferenz am 08.01.2026 mit Patrik Baab, Sevim Dagdelen und Laura von Wimmersperg Am 8. Januar stellten der Journalist Patrik Baab, die BSW-Politikerin Sevim Dagdelen sowie die Friedensaktivistin Laura von Wimmersperg den internationalen Solidarit\u00e4tsaufruf gegen die EU-Sanktionierung des in Belgien lebenden Schweizer Milit\u00e4ranalysten Jacques Baud vor. Dieser wurde von zahlreichen Pers\u00f6nlichkeiten\u2026","rel":"","context":"In &quot;Demokratie \u2013 Medien \u2013 Aufkl\u00e4rung&quot;","block_context":{"text":"Demokratie \u2013 Medien \u2013 Aufkl\u00e4rung","link":"https:\/\/www.freidenker.org\/?cat=12"},"img":{"alt_text":"","src":"https:\/\/i0.wp.com\/www.freidenker.org\/fw17\/wp-content\/uploads\/2026\/01\/pk_baud_2026-08-01_800x450.jpg?fit=800%2C450&ssl=1&resize=350%2C200","width":350,"height":200,"srcset":"https:\/\/i0.wp.com\/www.freidenker.org\/fw17\/wp-content\/uploads\/2026\/01\/pk_baud_2026-08-01_800x450.jpg?fit=800%2C450&ssl=1&resize=350%2C200 1x, https:\/\/i0.wp.com\/www.freidenker.org\/fw17\/wp-content\/uploads\/2026\/01\/pk_baud_2026-08-01_800x450.jpg?fit=800%2C450&ssl=1&resize=525%2C300 1.5x, https:\/\/i0.wp.com\/www.freidenker.org\/fw17\/wp-content\/uploads\/2026\/01\/pk_baud_2026-08-01_800x450.jpg?fit=800%2C450&ssl=1&resize=700%2C400 2x"},"classes":[]},{"id":24782,"url":"https:\/\/www.freidenker.org\/?p=24782","url_meta":{"origin":18103,"position":2},"title":"Jacques Baud \u2013 ein Schweizer Patriot","author":"Webredaktion","date":"31. M\u00e4rz 2026","format":false,"excerpt":"Video von Patrik Baab Der Schweizer Milit\u00e4ranalyst Jacques Baud steht unter EU-Sanktionen \u2013 ohne Gerichtsverfahren, ohne \u00f6ffentliche Beweise. Wie kann ein europ\u00e4ischer B\u00fcrger politisch isoliert werden, ohne verurteilt zu sein? In diesem Beitrag wird der Fall von Jacques Baud aufgearbeitet \u2013 einem ehemaligen NATO-Mitarbeiter, UN-Offizier und Milit\u00e4ranalysten. Im Zentrum stehen:\u2026","rel":"","context":"In &quot;Demokratie \u2013 Medien \u2013 Aufkl\u00e4rung&quot;","block_context":{"text":"Demokratie \u2013 Medien \u2013 Aufkl\u00e4rung","link":"https:\/\/www.freidenker.org\/?cat=12"},"img":{"alt_text":"","src":"https:\/\/i0.wp.com\/www.freidenker.org\/fw17\/wp-content\/uploads\/2026\/03\/baab_Baud_v2_800x450.jpg?fit=800%2C450&ssl=1&resize=350%2C200","width":350,"height":200,"srcset":"https:\/\/i0.wp.com\/www.freidenker.org\/fw17\/wp-content\/uploads\/2026\/03\/baab_Baud_v2_800x450.jpg?fit=800%2C450&ssl=1&resize=350%2C200 1x, https:\/\/i0.wp.com\/www.freidenker.org\/fw17\/wp-content\/uploads\/2026\/03\/baab_Baud_v2_800x450.jpg?fit=800%2C450&ssl=1&resize=525%2C300 1.5x, https:\/\/i0.wp.com\/www.freidenker.org\/fw17\/wp-content\/uploads\/2026\/03\/baab_Baud_v2_800x450.jpg?fit=800%2C450&ssl=1&resize=700%2C400 2x"},"classes":[]},{"id":21258,"url":"https:\/\/www.freidenker.org\/?p=21258","url_meta":{"origin":18103,"position":3},"title":"FREIDENKER 1-25 \u2013 80 Jahre Befreiung vom Faschismus","author":"Webredaktion","date":"27. M\u00e4rz 2025","format":false,"excerpt":"Die Ausgabe 1-25 des Verbandsorgans FREIDENKER hat das Schwerpunkt-Thema \u201e80 Jahre Befreiung vom Faschismus - Revision?\u201c und enth\u00e4lt u.a. folgende Beitr\u00e4ge: - \u201eNie wieder\u201c \u2013 kriegst\u00fcchtig - Wolfgang Sch\u00fcrer: Der Zweite Weltkrieg - Anton Latzo: Auch in Jalta wirkten die langen Linien der Geschichte - Michael Polster \/ Arnold Sch\u00f6lzel:\u2026","rel":"","context":"In &quot;Verbandsorgan FREIDENKER&quot;","block_context":{"text":"Verbandsorgan FREIDENKER","link":"https:\/\/www.freidenker.org\/?cat=8"},"img":{"alt_text":"","src":"https:\/\/i0.wp.com\/www.freidenker.org\/fw17\/wp-content\/uploads\/2025\/03\/FD_2025-01_Titel_mR.jpg?fit=800%2C445&ssl=1&resize=350%2C200","width":350,"height":200,"srcset":"https:\/\/i0.wp.com\/www.freidenker.org\/fw17\/wp-content\/uploads\/2025\/03\/FD_2025-01_Titel_mR.jpg?fit=800%2C445&ssl=1&resize=350%2C200 1x, https:\/\/i0.wp.com\/www.freidenker.org\/fw17\/wp-content\/uploads\/2025\/03\/FD_2025-01_Titel_mR.jpg?fit=800%2C445&ssl=1&resize=525%2C300 1.5x, https:\/\/i0.wp.com\/www.freidenker.org\/fw17\/wp-content\/uploads\/2025\/03\/FD_2025-01_Titel_mR.jpg?fit=800%2C445&ssl=1&resize=700%2C400 2x"},"classes":[]},{"id":17924,"url":"https:\/\/www.freidenker.org\/?p=17924","url_meta":{"origin":18103,"position":4},"title":"Lanz wird r\u00fcckf\u00e4llig gegen Wagenknecht","author":"Webredaktion","date":"21. Januar 2024","format":false,"excerpt":"Beitrag von Diether Dehm Im Januar 2014 hatte Lanz schon einmal seinen Verh\u00f6rstil gegen Sahra Wagenknecht\u00a0versucht, sie maltr\u00e4tiert und nicht zu Wort kommen lassen. Das hatte ihm Hunderttausende von Protestmails eingebracht. In der Nachfolgesendung entschuldigte er sich und verfuhr\u00a0bei k\u00fcnftigen Einladungen gn\u00e4diger mit der TV-Quotenbringerin Wagenknecht. Gestern ist\u00a0Lanz wieder r\u00fcckf\u00e4llig\u2026","rel":"","context":"In &quot;Zeit der Verleumder - Freidenker f\u00fcr Klartext&quot;","block_context":{"text":"Zeit der Verleumder - Freidenker f\u00fcr Klartext","link":"https:\/\/www.freidenker.org\/?cat=937"},"img":{"alt_text":"","src":"https:\/\/i0.wp.com\/www.freidenker.org\/fw17\/wp-content\/uploads\/2024\/01\/Wagenknecht_Lanz_800x450.jpg?fit=800%2C450&ssl=1&resize=350%2C200","width":350,"height":200,"srcset":"https:\/\/i0.wp.com\/www.freidenker.org\/fw17\/wp-content\/uploads\/2024\/01\/Wagenknecht_Lanz_800x450.jpg?fit=800%2C450&ssl=1&resize=350%2C200 1x, https:\/\/i0.wp.com\/www.freidenker.org\/fw17\/wp-content\/uploads\/2024\/01\/Wagenknecht_Lanz_800x450.jpg?fit=800%2C450&ssl=1&resize=525%2C300 1.5x, https:\/\/i0.wp.com\/www.freidenker.org\/fw17\/wp-content\/uploads\/2024\/01\/Wagenknecht_Lanz_800x450.jpg?fit=800%2C450&ssl=1&resize=700%2C400 2x"},"classes":[]},{"id":22225,"url":"https:\/\/www.freidenker.org\/?p=22225","url_meta":{"origin":18103,"position":5},"title":"Patrik Baab: \u201eNach einem neuen Krieg gegen Russland wird es Deutschland nicht mehr geben\u201c","author":"Webredaktion","date":"26. Juni 2025","format":false,"excerpt":"Interview von Ulrich Heyden mit Patrick Baab Der Journalist und Publizist Patrik Baab ist auf Veranstaltungen und in den Videos der deutschen Friedensbewegung ein gefragter Gespr\u00e4chspartner. In Moskau pr\u00e4sentierte er k\u00fcrzlich auf einer Veranstaltung in der Tscheglakow-Stiftung die russischsprachige Ausgabe seines Buches \u201eAuf beiden Seiten der Front\u201c. Das Buch handelt\u2026","rel":"","context":"In &quot;Demokratie \u2013 Medien \u2013 Aufkl\u00e4rung&quot;","block_context":{"text":"Demokratie \u2013 Medien \u2013 Aufkl\u00e4rung","link":"https:\/\/www.freidenker.org\/?cat=12"},"img":{"alt_text":"","src":"https:\/\/i0.wp.com\/www.freidenker.org\/fw17\/wp-content\/uploads\/2025\/06\/Patrik-Baab_Ulrich-Heyden_15-06-25_800x450.jpg?fit=800%2C450&ssl=1&resize=350%2C200","width":350,"height":200,"srcset":"https:\/\/i0.wp.com\/www.freidenker.org\/fw17\/wp-content\/uploads\/2025\/06\/Patrik-Baab_Ulrich-Heyden_15-06-25_800x450.jpg?fit=800%2C450&ssl=1&resize=350%2C200 1x, https:\/\/i0.wp.com\/www.freidenker.org\/fw17\/wp-content\/uploads\/2025\/06\/Patrik-Baab_Ulrich-Heyden_15-06-25_800x450.jpg?fit=800%2C450&ssl=1&resize=525%2C300 1.5x, https:\/\/i0.wp.com\/www.freidenker.org\/fw17\/wp-content\/uploads\/2025\/06\/Patrik-Baab_Ulrich-Heyden_15-06-25_800x450.jpg?fit=800%2C450&ssl=1&resize=700%2C400 2x"},"classes":[]}],"_links":{"self":[{"href":"https:\/\/www.freidenker.org\/index.php?rest_route=\/wp\/v2\/posts\/18103","targetHints":{"allow":["GET"]}}],"collection":[{"href":"https:\/\/www.freidenker.org\/index.php?rest_route=\/wp\/v2\/posts"}],"about":[{"href":"https:\/\/www.freidenker.org\/index.php?rest_route=\/wp\/v2\/types\/post"}],"author":[{"embeddable":true,"href":"https:\/\/www.freidenker.org\/index.php?rest_route=\/wp\/v2\/users\/3"}],"replies":[{"embeddable":true,"href":"https:\/\/www.freidenker.org\/index.php?rest_route=%2Fwp%2Fv2%2Fcomments&post=18103"}],"version-history":[{"count":0,"href":"https:\/\/www.freidenker.org\/index.php?rest_route=\/wp\/v2\/posts\/18103\/revisions"}],"wp:featuredmedia":[{"embeddable":true,"href":"https:\/\/www.freidenker.org\/index.php?rest_route=\/wp\/v2\/media\/18104"}],"wp:attachment":[{"href":"https:\/\/www.freidenker.org\/index.php?rest_route=%2Fwp%2Fv2%2Fmedia&parent=18103"}],"wp:term":[{"taxonomy":"category","embeddable":true,"href":"https:\/\/www.freidenker.org\/index.php?rest_route=%2Fwp%2Fv2%2Fcategories&post=18103"},{"taxonomy":"post_tag","embeddable":true,"href":"https:\/\/www.freidenker.org\/index.php?rest_route=%2Fwp%2Fv2%2Ftags&post=18103"}],"curies":[{"name":"wp","href":"https:\/\/api.w.org\/{rel}","templated":true}]}}