{"id":18081,"date":"2024-02-02T02:30:27","date_gmt":"2024-02-02T01:30:27","guid":{"rendered":"https:\/\/www.freidenker.org\/?p=18081"},"modified":"2024-03-06T00:09:30","modified_gmt":"2024-03-05T23:09:30","slug":"gedenken-genozid-vertreibung-untrennbar-verbunden","status":"publish","type":"post","link":"https:\/\/www.freidenker.org\/?p=18081","title":{"rendered":"Gedenken, Genozid, Vertreibung untrennbar verbunden"},"content":{"rendered":"<h4>Die unertr\u00e4gliche Doppelmoral deutscher Politik<\/h4>\n<p><strong>Kommentar vom Hochblauen<\/strong><\/p>\n<p><em>Von <strong>Evelyn Hecht-Galinski<\/strong><\/em><\/p>\n<p><span style=\"font-size: 10pt;\">Erstver\u00f6ffentlichung am 01.02.2024 im Blog <a href=\"https:\/\/www.sicht-vom-hochblauen.de\/kommentar-vom-hochblauen-gedenken-genozid-vertreibung-untrennbar-verbunden-die-unertraegliche-doppelmoral-deutscher-politik-von-evelyn-hecht-galinski\/\" target=\"_blank\" rel=\"noopener\">Sicht vom Hochblauen<\/a><\/span><\/p>\n<p>Als am Mittwoch dieser Woche im Bundestag der Befreiung des KZ-Auschwitz vor 79 Jahren gedacht wurde, fehlte ein grundlegendes Gedenken. Als die ungarische Holocaust\u00fcberlebende Eva Szepesi vom Grauen der Vergangenheit berichtete und die Br\u00fccke in die Gegenwart schlug, da erw\u00e4hnte sie nicht das Grauen in Gaza seit 2006, sondern erinnerte an den Terror der Hamas und bezog sich einseitig auf den 7. Oktober 2023 als dem \u201eschlimmsten Angriff auf Juden seit der NS-Zeit\u201c. Er habe auch hierzulande den Antisemitismus befeuert.\u201c Was f\u00fcr eine Umkehr der Dinge! Eva Szepesi verga\u00df n\u00e4mlich \u201eUrsache und Wirkung\u201c und die Vorgeschichte dieses schrecklichen Anschlags zu erw\u00e4hnen. Ursache ist die illegale Besatzung, Abrieglung, Vertreibung, T\u00f6tung und Unterdr\u00fcckung der Pal\u00e4stinenser seit Gr\u00fcndung des \u201ej\u00fcdischen Staates\u201c 1948. Wirkung war der brutale, aber abzusehende Widerstandskampf der Entrechteten.<\/p>\n<h5>Ansehen Deutschlands auf Tiefstpunkt gesunken<\/h5>\n<p>Die Hamas ist \u2013 auch wenn sie hier als \u201eTerrororganisation\u201c verboten und gebrandmarkt wird \u2013 die einzige Widerstandsgruppe, von denen Pal\u00e4stinenser noch etwas erhoffen, n\u00e4mlich mutigen Widerstand. Von wem sonst konnten sich die eingeschlossenen und hoffnungslosen Menschen in Gaza noch etwas erwarten, wenn nicht von der Hamas-Regierung? (1)(2)<\/p>\n<p>Auch das deutsche Verbot von Samidoun als einziger pal\u00e4stinensischer Hilfsorganisation, die sich f\u00fcr die Tausenden von Pal\u00e4stinensischen Gefangenen in israelischer Willk\u00fcrhaft einsetzt, ist mehr als unverst\u00e4ndlich. Inzwischen ist das Ansehen Deutschlands in arabischen Staaten und bei Hilfs-Organisationen auf einen Tiefstpunkt gesunken. (3)(4) Nat\u00fcrlich wollen westliche Regierungsvertreter diese Zusammenh\u00e4nge nicht sehen, sondern verharren in ihrer einseitigen Unterst\u00fctzung des \u201ej\u00fcdischen Staats\u201c.<\/p>\n<p>Wie sagte die Holocaust\u00fcberlebende in ihrer Rede? \u201eEs begann mit Schweigen und Wegschauen\u201c. Da dr\u00e4ngt sich in mir die Frage auf, warum schweigen sie zu dem V\u00f6lkermord in Gaza und den Verbrechen im illegal besetzten Pal\u00e4stina? Wenn sie von \u201ehierzulande erneuertem Antisemitismus\u201c spricht und davon, dass rechtsextreme Parteien wieder gew\u00e4hlt werden, aber nicht \u00fcber die rechtsextremistische Regierungskoalition im \u201ej\u00fcdischen Staat\u201c, dann ist das unglaubw\u00fcrdig. Sind es nicht gerade rechte Parteien wie die AfD, die \u201efest an der Seite Israels\u201c stehen? Wenn also die Holocaust\u00fcberlebende Szepesi \u201eWiderspruch und ein Eintreten f\u00fcr die Demokratie\u201c forderte (\u201eNie wieder ist jetzt\u201c), dann gilt das doch gerade f\u00fcr Israel und seine Verbrechen in Gaza! Diesen Verbrechen muss widersprochen werden und nicht mit Unterst\u00fctzung begegnet werden.<\/p>\n<h5>Holocaust und Nakba untrennbar verbunden<\/h5>\n<p>Wenn deutsche Medien berichteten, dass nach der Szepesi-Rede bei AA Baerbock und Bundestagspr\u00e4sidentin Bas \u201edie Tr\u00e4nen in den Augen kullerten\u201c, dann stellt sich die Frage: Tr\u00e4nen wof\u00fcr? Holocaust und die Nakba, die Katastrophe sind untrennbar verbunden. Es w\u00e4re an der Zeit, endlich dieser Tatsache Rechnung zu tragen und der Nakba in Deutschland offiziell zu gedenken, um so die schreckliche Empathielosigkeit und Gleichg\u00fcltigkeit gegen\u00fcber den Pal\u00e4stinensern und deren grausamem Schicksal zu \u00fcberwinden. Nochmals: nicht die Pal\u00e4stinenser haben den Holocaust verursacht, aber sie sind die ewigen Leidtragenden. Das bleibt die deutsche Verpflichtung entgegen dieser schrecklichen Doppelstandards.<\/p>\n<p>Es war ein nicht mehr den Realit\u00e4ten entsprechendes Gedenken, bei dem ein Sportreporter Marcel Reif \u2013 mit einem j\u00fcdischen Vater (!) \u2013 seine Erlebnisse schildern durfte und mit dem Verm\u00e4chtnis seines Vaters kr\u00f6nte: \u201eSei ein Mensch\u201c. Haben wir nicht lange genug der \u201eEntmenschlichung der Pal\u00e4stinenser tatenlos hingenommen und diese sogar noch aktiv unterst\u00fctzt?<\/p>\n<p>Der Antisemitismus hat nicht zugenommen. Er war immer da, wurde aber fr\u00fcher nicht ernsthaft bek\u00e4mpft. Schlie\u00dflich waren noch gen\u00fcgend \u201ealte Nazis\u201c wieder an die Macht gekommen. Auch Israel wusste diesen Umstand f\u00fcr sich zu nutzen und versuchte damit, deutsche B\u00fcrger j\u00fcdischen Glaubens in das \u201eGelobte Land\u201c zu locken. Inzwischen haben wir allerdings viele j\u00fcdische Israelis, die es vorzogen nach Deutschland, vorzugsweise nach Berlin zu kommen.<\/p>\n<h5><strong>Antisemitismus institutionell gef\u00f6rdert<\/strong><\/h5>\n<p>Stark zugenommen allerdings hat der institutionell gef\u00f6rderte Antisemitismus, der Juden in \u201egute und schlechte\u201c unterteilt. Wer der \u201eschlechte Jude\u201c ist, d.h. sich offen gegen den \u201ej\u00fcdischen Staat\u201c und seine Politik stellt, der wird ausgegrenzt und muss mit Redeverbot, Raumverbot, Demonstrationsverbot und Repressalien rechnen. Das nenne ich den neuen und gef\u00e4hrlichen Antisemitismus, gef\u00f6rdert von \u201eAntisemitismusbeauftragten\u201c und j\u00fcdischen Organisationen wie \u201eZentralrat der Juden\u201c und anderen j\u00fcdischen Lobby-Organisationen. Das trifft dann auch Nachkommen von Holocaust\u00fcberlebenden, j\u00fcdische Wissenschaftler, K\u00fcnstler und Aktivisten. Das ist eine gef\u00e4hrliche Entwicklung, der wir im Namen der Demokratie entgegenwirken m\u00fcssen. Solange sich Juden und j\u00fcdische Organisationen nicht klar distanzieren von Besatzung, Vertreibung und V\u00f6lkermord, solange wird es Antisemitismus geben.<\/p>\n<p>Israel-Kritik wird massiv von der deutschen Regierung unterdr\u00fcckt und bek\u00e4mpft. Demgegen\u00fcber hat die Propaganda f\u00fcr Unterst\u00fctzer des zionistischen V\u00f6lkermords zugenommen. Ist es ja nur die Fortf\u00fchrung der philosemitischen deutschen Politik. Es macht mich besorgt und sogar w\u00fctend, dass Demonstrationen f\u00fcr die Freiheit Pal\u00e4stinas und gegen die israelischen Massaker in Gaza verboten und in die Terrorn\u00e4he ger\u00fcckt werden und damit ein zunehmender Islamhass gef\u00f6rdert wird. W\u00e4hrend die Hamas d\u00e4monisiert wird, heroisiert man die rechtsextremistische, m\u00f6rderische \u201eJ\u00fcdischer-Staat-Politik\u201c unter dem Netanjahu Regime. Was unterscheidet eine deutsche Ampelregierung unter F\u00fchrung eines Kanzlers, der \u201efest an der Seite Israels\u201c steht und sich nicht sch\u00e4mt, angesichts des V\u00f6lkermord Verfahrens vor dem Internationalen Gerichtshof sich nochmals klar an die Seite Israels zu stellen.<\/p>\n<p>Deutschland weist im V\u00f6lkermordsverfahren die Vorw\u00fcrfe ausdr\u00fccklich zur\u00fcck und ging sogar noch weiter. Im Falle einer Hauptverhandlung wolle man ausdr\u00fccklich Stellung beziehen und als Drittpartei intervenieren. Die Begr\u00fcndung der deutschen Geschichte und der besonderen Verantwortung Deutschlands f\u00fcr Israel ist ein Hohn! Die Geschichte wird jedoch Deutschlands Unterst\u00fctzung f\u00fcr den V\u00f6lkermord in Pal\u00e4stina nie vergessen, genauso wenig wie sie den von den Nazis ver\u00fcbten V\u00f6lkermord an den Juden vergisst. Netanjahu kostete Deutschlands Unterst\u00fctzung nat\u00fcrlich nach allen Kr\u00e4ften aus, bedankte sich f\u00fcr die \u201eGenozid Ablehnung\u201c und zeigte sich zusammen mit den Israelis zutiefst bewegt \u201eauf die Seite der Wahrheit\u201c stehend. So verlogen kann \u201eWahrheit\u201c sein!<\/p>\n<h5>\u201erot-gr\u00fcn-gelb-Waschung\u201c der \u00fcbelsten Art<\/h5>\n<p>Es ist auch unverzeihlich, dass Deutschland zusammen mit anderen Staaten sofort nach israelischen Anschuldigungen gegen die UNRWA (Hamas Unterwanderung und Verwicklung einiger Mitarbeiter in den 7. Oktober) ohne Beweise die Unterst\u00fctzung einstellte und sich damit voll auf die israelische Staatspropaganda einlie\u00df \u2013 zum Schaden der verhungernden Menschen in Gaza, die voll auf die Unterst\u00fctzung der UNO-Organisation angewiesen sind. Man fragt sich: wieso kamen die Anschuldigungen erst jetzt \u2013 genau nach den Genozid-Anschuldigungen in Den Haag? Wie sieht es mit der Aufarbeitung der T\u00f6tung von Israelis durch IDF \u201efriendly fire\u201c am 7. Oktober aus? (6)<\/p>\n<p>Wieder einmal beweist die deutsche Politik anhand der Massaker in Pal\u00e4stina und Gaza, dass sie sich an die \u201eSpitze der Bewegung\u201c stellt, um von eigenen Untaten und Politikfehlern abzulenken. Es ist eine \u201erot-gr\u00fcn-gelb-Waschung\u201c der \u00fcbelsten Art, wenn nicht der V\u00f6lkermord, der sich in Gaza\/Pal\u00e4stina abspielt, mit dem Holocaust verglichen wird, sondern der 7. Oktober.<\/p>\n<p>Der \u201ej\u00fcdische Staat\u201c hat es immer wieder \u201ehasbararisch\u201c verstanden, den Holocaust als wichtige Waffe im Kampf gegen Kritik an seiner Besatzungs- und Vertreibungspolitik zu gebrauchen. Was nat\u00fcrlich gerade in Deutschland die Zustimmung findet, die diese uns\u00e4gliche deutsche \u201eStaatsr\u00e4son\u201c-Politik erm\u00f6glichte. Wie lange wollen Deutschland und Kanzler Scholz noch Israels \u201eRecht auf Selbstverteidigung\u201c betonen und damit den Begriff der Selbstverteidigung, der allein den Besetzten und nicht den Besatzern zusteht, verteidigen?<\/p>\n<h5>Schluss mit Rassismus, Vernichtung und Doppelmoral!<\/h5>\n<p>Schluss mit der Unterst\u00fctzung j\u00fcdischer Extremisten und fanatischer Zionisten und endlich Anerkennung des BDS. Inspiriert vom Kampf der S\u00fcdafrikaner*innen gegen Apartheid ruft die pal\u00e4stinensische Zivilgesellschaft zu Boykott, Desinvestitionen und Sanktionen gegen Israel auf, bis Israel den universellen Prinzipien der Menschenrechte nachkommt.<\/p>\n<p>Schluss mit der US- und Deutschland-gef\u00fchrten Solidarit\u00e4t westlicher Staaten, mit dem Netanjahu-gef\u00fchrten Hass und mit dem Vernichtungskrieg gegen Gaza. Wie sagte Moshe Zuckermann im Interview auf Overton: \u201eRechte sind Rechte\u201c \u2013 Remigration hei\u00dft in Israel Bev\u00f6lkerungstransfer. (7)(8)<\/p>\n<p>Ich w\u00fcnschte mir Demonstrationen, wie wir sie zurzeit gegen Rechte, AfD und deren \u201eGeheimtreffen\u201c im November 2023 in Potsdam erleben, gegen Kriegsaufr\u00fcstung, Russen- und Islamhass. Das \u201eGeheimtreffen\u201c, aus dem sich die Demonstrationen speisen, ist m\u00f6glicherweise so \u201egeheim\u201c, dass der Verfassungsschutz schon lange Bescheid wusste. \u201eCorrectiv\u201c, das das Treffen \u201eaufdeckte\u201c, ist ein mehr als fragw\u00fcrdiger (9)(10)(11)(12) Verbund, geleitet von einer Ampelregierung \u2013 angef\u00fchrt von einem SPD-Kanzler, der sich weder scheut, ein rechtsextremistisches\u00a0 Netanjahu-Regime massiv zu unterst\u00fctzen, auch vor Waffenlieferungen nicht zur\u00fcckschreckt, die Ukraine an vorderster Front mit Milliarden unterst\u00fctzt, zum Schaden Deutschlands, aber auf Befehl der USA. Was hat diese Politik noch mit \u201elinks\u201c zu tun? Wo ist hier der Aufschrei, wenn weder gegen die Deportation von Pal\u00e4stinensern durch das zionistische Regime noch die \u201eRemigration\u201c von etwa 1000 Russen aus Lettland demonstriert und protestiert wird? (13) Was unterscheidet einen SPD-Kanzler noch von einem \u201eRechten\u201c, wenn er massive Abschiebungen ank\u00fcndigt und selbst im Kanzleramt ein \u201eGeheimtreffen\u201c abhielt (14), einen \u201eKriegsminister\u201c im Kabinett hat, der die \u201eKriegstauglichkeit\u201c Deutschlands f\u00f6rdern will. Wo wird uns diese US-gesteuerte Politik wohl hinf\u00fchren? In den Krieg, in die Schulden und in den Abgrund. Dagegen lohnt es sich zu demonstrieren.<\/p>\n<p><strong>Schluss mit der unertr\u00e4glichen Doppelmoral deutscher Politik!<\/strong><\/p>\n<p style=\"text-align: right;\"><em>Evelyn Hecht-Galinski ist Mitglied des Deutschen Freidenker-Verbandes<\/em><\/p>\n<p><strong>Fu\u00dfnoten:<\/strong><\/p>\n<p>(1) <a href=\"https:\/\/electronicintifada.net\/content\/just-another-battle-or-palestinian-war-liberation\/38661\">https:\/\/electronicintifada.net\/content\/just-another-battle-or-palestinian-war-liberation\/38661<\/a><\/p>\n<p>(2) <a href=\"https:\/\/consortiumnews.com\/2024\/01\/30\/asad-abukhalil-hamas-official-account\/\">https:\/\/consortiumnews.com\/2024\/01\/30\/asad-abukhalil-hamas-official-account\/<\/a><\/p>\n<p>(3) <a href=\"https:\/\/www.middleeasteye.net\/live-blog\/live-blog-update\/germany-conducts-searches-related-activities-hamas-samidoun\">https:\/\/www.middleeasteye.net\/live-blog\/live-blog-update\/germany-conducts-searches-related-activities-hamas-samidoun<\/a><\/p>\n<p>(4) <a href=\"https:\/\/www.middleeasteye.net\/live-blog\/live-blog-update\/germany-conducts-searches-related-activities-hamas-samidoun\">https:\/\/www.middleeasteye.net\/live-blog\/live-blog-update\/germany-conducts-searches-related-activities-hamas-samidoun<\/a><\/p>\n<p>(5) <a href=\"https:\/\/electronicintifada.net\/blogs\/asa-winstanley\/israeli-hq-ordered-troops-shoot-israeli-captives-7-october\">https:\/\/electronicintifada.net\/blogs\/asa-winstanley\/israeli-hq-ordered-troops-shoot-israeli-captives-7-october<\/a><\/p>\n<p>(6) <a href=\"https:\/\/electronicintifada.net\/blogs\/asa-winstanley\/israeli-hq-ordered-troops-shoot-israeli-captives-7-october\">https:\/\/electronicintifada.net\/blogs\/asa-winstanley\/israeli-hq-ordered-troops-shoot-israeli-captives-7-october<\/a><\/p>\n<p>(7) <a href=\"https:\/\/overton-magazin.de\/top-story\/rechte-sind-rechte-remigration-heisst-in-israel-bevoelkerungstransfer\/\">https:\/\/overton-magazin.de\/top-story\/rechte-sind-rechte-remigration-heisst-in-israel-bevoelkerungstransfer\/<\/a><\/p>\n<p>(8) <a href=\"https:\/\/mondoweiss.net\/2024\/01\/testimonies-describe-forced-displacement-campaign-in-northern-gaza\/\">https:\/\/mondoweiss.net\/2024\/01\/testimonies-describe-forced-displacement-campaign-in-northern-gaza\/<\/a><\/p>\n<p>(9) <a href=\"https:\/\/www.nachdenkseiten.de\/?p=84691\">https:\/\/www.nachdenkseiten.de\/?p=84691<\/a><\/p>\n<p>(10) <a href=\"https:\/\/www.nachdenkseiten.de\/?p=86037\">https:\/\/www.nachdenkseiten.de\/?p=86037<\/a><\/p>\n<p>(11) <a href=\"https:\/\/www.nachdenkseiten.de\/?p=109841\">https:\/\/www.nachdenkseiten.de\/?p=109841<\/a><\/p>\n<p>(12) <a href=\"https:\/\/www.nachdenkseiten.de\/?p=110335\">https:\/\/www.nachdenkseiten.de\/?p=110335<\/a><\/p>\n<p>(13) <a href=\"https:\/\/www.sicht-vom-hochblauen.de\/nach-dem-rechten-sehen-von-ruediger-rauls\/\">https:\/\/www.sicht-vom-hochblauen.de\/nach-dem-rechten-sehen-von-ruediger-rauls\/<\/a><\/p>\n<p>(14) <a href=\"https:\/\/overton-magazin.de\/kolumnen\/kohlhaas-unchained\/geheimes-treffen-im-bundeskanzleramt-in-berlin-aufgeflogen\/\">https:\/\/overton-magazin.de\/kolumnen\/kohlhaas-unchained\/geheimes-treffen-im-bundeskanzleramt-in-berlin-aufgeflogen\/<\/a><\/p>\n<p>&nbsp;<\/p>\n<p><span style=\"font-size: 10pt;\">Der Beitrag wurde auch ver\u00f6ffentlicht In der Neuen Rheinischen Zeitung (NRhZ) in Ausgabe 825 vom 02.02.2024 unter <a href=\"http:\/\/www.nrhz.de\/flyer\/beitrag.php?id=28957\" target=\"_blank\" rel=\"noopener\">http:\/\/www.nrhz.de\/flyer\/beitrag.php?id=28957<\/a><\/span><\/p>\n<hr \/>\n<p><span style=\"font-size: 10pt;\">Bild oben: Eingang zum Konzentrationslager Auschwitz<\/span><br \/>\n<span style=\"font-size: 10pt;\">Foto: xiquinhosilva &#8211; <a href=\"https:\/\/www.flickr.com\/photos\/xiquinho\/16380127035\/\" target=\"_blank\" rel=\"noopener\">https:\/\/www.flickr.com\/photos\/xiquinho\/16380127035\/<\/a>, <a href=\"https:\/\/creativecommons.org\/licenses\/by\/2.0\" target=\"_blank\" rel=\"noopener\">CC BY 2.0<\/a><\/span><br \/>\n<span style=\"font-size: 10pt;\">Quelle: <a href=\"https:\/\/commons.wikimedia.org\/w\/index.php?curid=76102385\" target=\"_blank\" rel=\"noopener\">https:\/\/commons.wikimedia.org\/w\/index.php?curid=76102385<\/a><\/span><\/p>\n","protected":false},"excerpt":{"rendered":"<p><b>Kommentar von Evelyn Hecht-Galinski<\/b><br \/>\nAls am Mittwoch dieser Woche im Bundestag der Befreiung des KZ-Auschwitz vor 79 Jahren gedacht wurde, fehlte ein grundlegendes Gedenken. Als die ungarische Holocaust\u00fcberlebende Eva Szepesi vom Grauen der Vergangenheit berichtete und die Br\u00fccke in die Gegenwart schlug, da erw\u00e4hnte sie nicht das Grauen in Gaza seit 2006, sondern erinnerte an den Terror der Hamas und bezog sich einseitig auf den 7. Oktober 2023 als dem \u201eschlimmsten Angriff auf Juden seit der NS-Zeit\u201c. Er habe auch hierzulande den Antisemitismus befeuert.\u201c Was f\u00fcr eine Umkehr der Dinge! Eva Szepesi verga\u00df n\u00e4mlich \u201eUrsache und Wirkung\u201c und die Vorgeschichte dieses schrecklichen Anschlags zu erw\u00e4hnen. Ursache ist die illegale Besatzung, Abrieglung, Vertreibung, T\u00f6tung und Unterdr\u00fcckung der Pal\u00e4stinenser seit Gr\u00fcndung des \u201ej\u00fcdischen Staates\u201c 1948. <\/p>\n","protected":false},"author":3,"featured_media":18089,"comment_status":"closed","ping_status":"closed","sticky":false,"template":"","format":"standard","meta":{"colormag_page_container_layout":"default_layout","colormag_page_sidebar_layout":"default_layout","advanced_seo_description":"","jetpack_seo_html_title":"","jetpack_seo_noindex":false,"jetpack_post_was_ever_published":false,"footnotes":""},"categories":[12],"tags":[512,2119,1032,1589,277,393,1703,1955,807,394,653,2110,992,1931],"class_list":["post-18081","post","type-post","status-publish","format-standard","has-post-thumbnail","hentry","category-demokratie-medien-aufklaerung","tag-antisemitismus","tag-befreiung","tag-bundesregierung","tag-genozid","tag-holocaust","tag-israel","tag-kz-auschwitz","tag-nahostkonflikt","tag-nakba","tag-palaestina","tag-rassismus","tag-unrwa","tag-vertreibung","tag-voelkermord"],"jetpack_featured_media_url":"https:\/\/i0.wp.com\/www.freidenker.org\/fw17\/wp-content\/uploads\/2024\/02\/Auschwitz_I_22_May_2010_800x450.jpg?fit=800%2C450&ssl=1","jetpack_shortlink":"https:\/\/wp.me\/p9stpK-4HD","jetpack-related-posts":[{"id":15123,"url":"https:\/\/www.freidenker.org\/?p=15123","url_meta":{"origin":18081,"position":0},"title":"78. Jahrestag der Befreiung des KZ Ausschwitz-Birkenau durch die Rote Arme","author":"Webredaktion","date":"2. Februar 2023","format":false,"excerpt":"Rede von Liane Kilinc Liebe Anwesende, liebe Zeitzeugen, ich freue mich, den heutigen Jahrestag der Befreiung des Vernichtungslagers Auschwitz in Russland zu verbringen, wo der Verdienst der Roten Armee angemessen gew\u00fcrdigt wird. In der Bundesrepublik Deutschland, die meine Heimat DDR annektiert hat, wird l\u00e4ngst so getan, als w\u00e4re es nicht\u2026","rel":"","context":"In &quot;Frieden - Antifaschismus - Solidarit\u00e4t&quot;","block_context":{"text":"Frieden - Antifaschismus - Solidarit\u00e4t","link":"https:\/\/www.freidenker.org\/?cat=13"},"img":{"alt_text":"","src":"https:\/\/i0.wp.com\/www.freidenker.org\/fw17\/wp-content\/uploads\/2023\/02\/2023-01-27-gedenken-auschwitz-01_800x450.jpg?fit=800%2C450&ssl=1&resize=350%2C200","width":350,"height":200,"srcset":"https:\/\/i0.wp.com\/www.freidenker.org\/fw17\/wp-content\/uploads\/2023\/02\/2023-01-27-gedenken-auschwitz-01_800x450.jpg?fit=800%2C450&ssl=1&resize=350%2C200 1x, https:\/\/i0.wp.com\/www.freidenker.org\/fw17\/wp-content\/uploads\/2023\/02\/2023-01-27-gedenken-auschwitz-01_800x450.jpg?fit=800%2C450&ssl=1&resize=525%2C300 1.5x, https:\/\/i0.wp.com\/www.freidenker.org\/fw17\/wp-content\/uploads\/2023\/02\/2023-01-27-gedenken-auschwitz-01_800x450.jpg?fit=800%2C450&ssl=1&resize=700%2C400 2x"},"classes":[]},{"id":12257,"url":"https:\/\/www.freidenker.org\/?p=12257","url_meta":{"origin":18081,"position":1},"title":"Gedenken zum 125. Geburtstag von Wilhelm Hammann","author":"Webredaktion","date":"21. Februar 2022","format":false,"excerpt":"Einladung zur Gedenkveranstaltung am Freitag, 25. Februar 2022 um 16:30 Uhr am Grab von Wilhelm Hammann auf dem Alten Friedhof in Gro\u00df-Gerau Teilnahme an einer Gedenkstunde, zu der die DKP-M\u00f6rfelden-Walldorf einl\u00e4dt und Niederlegung eines Blumengebindes. Am 25. Februar 1897 wurde Wilhelm Hammann - in Biebesheim geboren. An seinem 125. Geburtstag\u2026","rel":"","context":"In &quot;Geschichte&quot;","block_context":{"text":"Geschichte","link":"https:\/\/www.freidenker.org\/?cat=1162"},"img":{"alt_text":"","src":"https:\/\/i0.wp.com\/www.freidenker.org\/fw17\/wp-content\/uploads\/2022\/02\/Hammann02_800x450.jpg?fit=800%2C450&ssl=1&resize=350%2C200","width":350,"height":200,"srcset":"https:\/\/i0.wp.com\/www.freidenker.org\/fw17\/wp-content\/uploads\/2022\/02\/Hammann02_800x450.jpg?fit=800%2C450&ssl=1&resize=350%2C200 1x, https:\/\/i0.wp.com\/www.freidenker.org\/fw17\/wp-content\/uploads\/2022\/02\/Hammann02_800x450.jpg?fit=800%2C450&ssl=1&resize=525%2C300 1.5x, https:\/\/i0.wp.com\/www.freidenker.org\/fw17\/wp-content\/uploads\/2022\/02\/Hammann02_800x450.jpg?fit=800%2C450&ssl=1&resize=700%2C400 2x"},"classes":[]},{"id":18079,"url":"https:\/\/www.freidenker.org\/?p=18079","url_meta":{"origin":18081,"position":2},"title":"Wie West-Eliten versuchen, die Geschichte umzuschreiben","author":"Webredaktion","date":"2. Februar 2024","format":false,"excerpt":"Beitrag von Rainer Rupp Am 27. Januar 1945 befreite die vorr\u00fcckende Rote Armee der Sowjetunion das Konzentrationslager Auschwitz, in dem die deutschen Nazis w\u00e4hrend des Zweiten Weltkriegs mit einer Art industriellem T\u00f6tungsverfahren zwischen 1,5 bis 2 Millionen Menschen verschiedener Nationalit\u00e4ten und Ethnien ermordet haben. In diesem Jahr am Sonnabend, dem\u2026","rel":"","context":"In &quot;Demokratie \u2013 Medien \u2013 Aufkl\u00e4rung&quot;","block_context":{"text":"Demokratie \u2013 Medien \u2013 Aufkl\u00e4rung","link":"https:\/\/www.freidenker.org\/?cat=12"},"img":{"alt_text":"","src":"https:\/\/i0.wp.com\/www.freidenker.org\/fw17\/wp-content\/uploads\/2024\/02\/Auschwitz_Liberated_January_1945_800x450.jpg?fit=800%2C450&ssl=1&resize=350%2C200","width":350,"height":200,"srcset":"https:\/\/i0.wp.com\/www.freidenker.org\/fw17\/wp-content\/uploads\/2024\/02\/Auschwitz_Liberated_January_1945_800x450.jpg?fit=800%2C450&ssl=1&resize=350%2C200 1x, https:\/\/i0.wp.com\/www.freidenker.org\/fw17\/wp-content\/uploads\/2024\/02\/Auschwitz_Liberated_January_1945_800x450.jpg?fit=800%2C450&ssl=1&resize=525%2C300 1.5x, https:\/\/i0.wp.com\/www.freidenker.org\/fw17\/wp-content\/uploads\/2024\/02\/Auschwitz_Liberated_January_1945_800x450.jpg?fit=800%2C450&ssl=1&resize=700%2C400 2x"},"classes":[]},{"id":8093,"url":"https:\/\/www.freidenker.org\/?p=8093","url_meta":{"origin":18081,"position":3},"title":"Die Befreiung Pal\u00e4stinas steht noch aus","author":"Webredaktion","date":"15. Mai 2020","format":false,"excerpt":"Beitrag von Evelyn Hecht-Galinski Am 8. Mai 2020, dem 75. Jahrestag des Kriegsendes, und dem Tag der Befreiung vom Faschismus durch die Rote Armee, hielt Bundespr\u00e4sident Steinmeier seine obligatorische Rede und brachte es fertig, mit keinem Wort die tapferen Soldaten der Roten Armee als Befreier zu erw\u00e4hnen. ... Das wirft\u2026","rel":"","context":"In &quot;Frieden - Antifaschismus - Solidarit\u00e4t&quot;","block_context":{"text":"Frieden - Antifaschismus - Solidarit\u00e4t","link":"https:\/\/www.freidenker.org\/?cat=13"},"img":{"alt_text":"","src":"https:\/\/i0.wp.com\/www.freidenker.org\/fw17\/wp-content\/uploads\/2020\/05\/nakba_plakat_ausschn_800x450.jpg?fit=800%2C450&ssl=1&resize=350%2C200","width":350,"height":200,"srcset":"https:\/\/i0.wp.com\/www.freidenker.org\/fw17\/wp-content\/uploads\/2020\/05\/nakba_plakat_ausschn_800x450.jpg?fit=800%2C450&ssl=1&resize=350%2C200 1x, https:\/\/i0.wp.com\/www.freidenker.org\/fw17\/wp-content\/uploads\/2020\/05\/nakba_plakat_ausschn_800x450.jpg?fit=800%2C450&ssl=1&resize=525%2C300 1.5x, https:\/\/i0.wp.com\/www.freidenker.org\/fw17\/wp-content\/uploads\/2020\/05\/nakba_plakat_ausschn_800x450.jpg?fit=800%2C450&ssl=1&resize=700%2C400 2x"},"classes":[]},{"id":9653,"url":"https:\/\/www.freidenker.org\/?p=9653","url_meta":{"origin":18081,"position":4},"title":"Gedenken an Wilhelm Hammann","author":"Webredaktion","date":"6. M\u00e4rz 2021","format":false,"excerpt":"Am 25.02.2021, zum 124. Geburtstag, haben Freidenker aus der Region das Grab von Wilhelm Hammann auf dem Friedhof in Gro\u00df-Gerau besucht. Wir legten ein Blumengebinde nieder und Alfred J. Arndt aus M\u00f6rfelden-Walldorf berichtet \u00fcber das Leben von Wilhelm Hammann. W.H., der f\u00fcr die KPD bis 1933 im Hessischen Landtag war,\u2026","rel":"","context":"In &quot;Geschichte&quot;","block_context":{"text":"Geschichte","link":"https:\/\/www.freidenker.org\/?cat=1162"},"img":{"alt_text":"","src":"https:\/\/i0.wp.com\/www.freidenker.org\/fw17\/wp-content\/uploads\/2021\/03\/Hammann_lvhessen_01_800x450.jpg?fit=800%2C450&ssl=1&resize=350%2C200","width":350,"height":200,"srcset":"https:\/\/i0.wp.com\/www.freidenker.org\/fw17\/wp-content\/uploads\/2021\/03\/Hammann_lvhessen_01_800x450.jpg?fit=800%2C450&ssl=1&resize=350%2C200 1x, https:\/\/i0.wp.com\/www.freidenker.org\/fw17\/wp-content\/uploads\/2021\/03\/Hammann_lvhessen_01_800x450.jpg?fit=800%2C450&ssl=1&resize=525%2C300 1.5x, https:\/\/i0.wp.com\/www.freidenker.org\/fw17\/wp-content\/uploads\/2021\/03\/Hammann_lvhessen_01_800x450.jpg?fit=800%2C450&ssl=1&resize=700%2C400 2x"},"classes":[]},{"id":21893,"url":"https:\/\/www.freidenker.org\/?p=21893","url_meta":{"origin":18081,"position":5},"title":"Wer verbietet, statt zu feiern, hat verloren","author":"Webredaktion","date":"20. Mai 2025","format":false,"excerpt":"Beitrag von Anke Wittkopp Der von oben verordnete Geschichtsrevisionismus gipfelte zum 80. Jubil\u00e4umstag der Befreiung Deutschlands vom Hitler-Faschismus in einer Farce. Die Stadt Hannover schmiss Mitglieder der Initiative Frieden mit Russland wegen antifaschistischer Symbole vom Ehrenfriedhof, um am Tag der Befreiung das Andenken der siegreichen Roten Armee aus den Augen\u2026","rel":"","context":"In &quot;Frieden - Antifaschismus - Solidarit\u00e4t&quot;","block_context":{"text":"Frieden - Antifaschismus - Solidarit\u00e4t","link":"https:\/\/www.freidenker.org\/?cat=13"},"img":{"alt_text":"","src":"https:\/\/i0.wp.com\/www.freidenker.org\/fw17\/wp-content\/uploads\/2025\/05\/TdB_Hannover_Frank_B_Russlandfahne_800x450.jpg?fit=800%2C450&ssl=1&resize=350%2C200","width":350,"height":200,"srcset":"https:\/\/i0.wp.com\/www.freidenker.org\/fw17\/wp-content\/uploads\/2025\/05\/TdB_Hannover_Frank_B_Russlandfahne_800x450.jpg?fit=800%2C450&ssl=1&resize=350%2C200 1x, https:\/\/i0.wp.com\/www.freidenker.org\/fw17\/wp-content\/uploads\/2025\/05\/TdB_Hannover_Frank_B_Russlandfahne_800x450.jpg?fit=800%2C450&ssl=1&resize=525%2C300 1.5x, https:\/\/i0.wp.com\/www.freidenker.org\/fw17\/wp-content\/uploads\/2025\/05\/TdB_Hannover_Frank_B_Russlandfahne_800x450.jpg?fit=800%2C450&ssl=1&resize=700%2C400 2x"},"classes":[]}],"_links":{"self":[{"href":"https:\/\/www.freidenker.org\/index.php?rest_route=\/wp\/v2\/posts\/18081","targetHints":{"allow":["GET"]}}],"collection":[{"href":"https:\/\/www.freidenker.org\/index.php?rest_route=\/wp\/v2\/posts"}],"about":[{"href":"https:\/\/www.freidenker.org\/index.php?rest_route=\/wp\/v2\/types\/post"}],"author":[{"embeddable":true,"href":"https:\/\/www.freidenker.org\/index.php?rest_route=\/wp\/v2\/users\/3"}],"replies":[{"embeddable":true,"href":"https:\/\/www.freidenker.org\/index.php?rest_route=%2Fwp%2Fv2%2Fcomments&post=18081"}],"version-history":[{"count":0,"href":"https:\/\/www.freidenker.org\/index.php?rest_route=\/wp\/v2\/posts\/18081\/revisions"}],"wp:featuredmedia":[{"embeddable":true,"href":"https:\/\/www.freidenker.org\/index.php?rest_route=\/wp\/v2\/media\/18089"}],"wp:attachment":[{"href":"https:\/\/www.freidenker.org\/index.php?rest_route=%2Fwp%2Fv2%2Fmedia&parent=18081"}],"wp:term":[{"taxonomy":"category","embeddable":true,"href":"https:\/\/www.freidenker.org\/index.php?rest_route=%2Fwp%2Fv2%2Fcategories&post=18081"},{"taxonomy":"post_tag","embeddable":true,"href":"https:\/\/www.freidenker.org\/index.php?rest_route=%2Fwp%2Fv2%2Ftags&post=18081"}],"curies":[{"name":"wp","href":"https:\/\/api.w.org\/{rel}","templated":true}]}}