{"id":18079,"date":"2024-02-02T02:30:18","date_gmt":"2024-02-02T01:30:18","guid":{"rendered":"https:\/\/www.freidenker.org\/?p=18079"},"modified":"2024-03-06T00:09:18","modified_gmt":"2024-03-05T23:09:18","slug":"wie-west-eliten-versuchen-die-geschichte-umzuschreiben","status":"publish","type":"post","link":"https:\/\/www.freidenker.org\/?p=18079","title":{"rendered":"Wie West-Eliten versuchen, die Geschichte umzuschreiben"},"content":{"rendered":"<p><strong>Seit drei Jahren werden Vertreter Russlands nicht mehr zu Veranstaltungen eingeladen, die der Befreiung des Konzentrationslagers Auschwitz durch die Rote Armee gewidmet sind. In Luxemburg wurde nun der russische Botschafter erst zu der j\u00e4hrlichen Gedenkfeier ein-, aber dann wieder ausgeladen.<\/strong><\/p>\n<p><em>Von <strong>Rainer Rupp<\/strong><\/em><\/p>\n<p><span style=\"font-size: 10pt;\">Erstver\u00f6ffentlichung am 28.01.2024 auf <a href=\"https:\/\/freedert.online\/meinung\/194194-wie-west-eliten-versuchen-geschichte\/\" target=\"_blank\" rel=\"noopener\">RT DE<\/a><\/span><\/p>\n<div class=\"EmbedBlock-root EmbedBlock-all\">\n<div class=\"AllEmbed\"><iframe loading=\"lazy\" title=\"Wie West-Eliten versuchen, die Geschichte umzuschreiben\" src=\"https:\/\/www.podbean.com\/player-v2\/?i=rvhaq-1566627-pb&amp;from=pb6admin&amp;share=1&amp;download=1&amp;rtl=0&amp;fonts=Arial&amp;skin=1&amp;font-color=&amp;logo_link=episode_page&amp;btn-skin=7\" width=\"100%\" height=\"150\" scrolling=\"no\" data-name=\"pb-iframe-player\" data-mce-fragment=\"1\"><\/iframe><\/div>\n<\/div>\n<p>Am 27. Januar 1945 befreite die vorr\u00fcckende Rote Armee der Sowjetunion das Konzentrationslager Auschwitz, in dem die deutschen Nazis w\u00e4hrend des Zweiten Weltkriegs mit einer Art industriellem T\u00f6tungsverfahren zwischen 1,5 bis 2 Millionen Menschen verschiedener Nationalit\u00e4ten und Ethnien ermordet haben.<\/p>\n<p>In diesem Jahr am Sonnabend, dem 27. Januar, fanden europaweit und dar\u00fcber hinaus wieder die Gedenkfeierlichkeiten an das ungeheuerliche Verbrechen statt. Dabei ereignete sich im Herzen der Europ\u00e4ischen Union, in Luxemburg, ein unglaublich-scheu\u00dflicher Vorfall. Der Direktor des Nationalmuseums f\u00fcr Widerstand und Menschenrechte, in dem auch der ermordeten luxemburgischen Widerstandsk\u00e4mpfer gegen die Nazi-Besatzer gedacht wird, ein gewisser Herr F. Schr\u00f6der, beschloss pl\u00f6tzlich, die Einladung des russischen Botschafters zu der Zeremonie zum Jahrestag der Befreiung des Konzentrationslagers Auschwitz zur\u00fcckzuziehen. Der russische Botschafter in Luxemburg, D. Lobanov, schickte ihm daraufhin einen offenen Brief, in dem er ihn daran erinnerte, wessen Truppen das Konzentrationslager befreiten und wem Luxemburg als unabh\u00e4ngiger Staat seine Existenz verdanke.<\/p>\n<p>Die Luxemburger Lokalzeitung <em>Tageblatt<\/em> bezeichnete den besch\u00e4menden Vorgang als eine &#8222;peinliche Panne&#8220;. In ihren historischen Dimensionen stellt diese &#8222;Panne&#8220; jedoch einen handfesten Skandal dar. Das gewerkschaftseigene <em>Tageblatt<\/em> und die Anzeigenzeitung <em>L\u2019essentiel<\/em> berichteten, dass dem Botschafter der Russischen F\u00f6deration &#8222;versehentlich&#8220; eine Einladung zum &#8222;Internationalen Tag des Gedenkens an die Opfer des Holocaust&#8220; zugestellt worden sei. Darauf angesprochen, erkl\u00e4rte das Nationale Widerstandsmuseum als Veranstalter des Gedenkens, man habe dem Botschafter mitgeteilt, dass er &#8222;nun nicht mehr eingeladen&#8220; sei.<\/p>\n<p>&#8222;Worum geht es hier?&#8220;, fragte die <a href=\"https:\/\/www.zlv.lu\/db\/1\/1486893050565\/0\">Zeitung vum L\u00ebtzebuerger Vollek<\/a>, die Tageszeitung der KP des Kleinstaates, und erkl\u00e4rte ihren Lesern, dass der 27. Januar im Jahr 2005 von der UNO zum &#8222;Tag des Gedenkens an die Opfer des Holocaust&#8220; erkl\u00e4rt worden war. Anlass sei der 60. Jahrestag der Befreiung des Konzentrationslagers Auschwitz durch die Soldaten der Roten Armee der Sowjetunion gewesen. Die Bilder der sowjetischen Soldaten, die das Tor des KZ aufsto\u00dfen und von den dort eingepferchten H\u00e4ftlingen als Befreier begr\u00fc\u00dft werden, die Fotos von den Soldatinnen und Soldaten der Roten Armee, die den Befreiten medizinische Hilfe leisten und Essen verteilen, gingen zu diesem Anlass seither um die Welt.<\/p>\n<p>Allerdings ist der 27. Januar bereits kurz nach seiner Erhebung zum Gedenktag auch politisch missbraucht worden. So erhebt der Staat Israel bis heute alleinigen Anspruch darauf, den Tag als &#8222;seinen&#8220; israelischen Gedenktag zu begehen. Ja, dem Terror der deutschen Faschisten, unterst\u00fctzt von deren Verb\u00fcndeten und Hilfswilligen, sind insgesamt sechs Millionen Juden zum Opfer gefallen, doch Juden waren nicht die ersten Opfer der Faschisten.<\/p>\n<p>Die ersten Konzentrationslager der Nazis wurden errichtet f\u00fcr politische H\u00e4ftlinge, nachdem die &#8222;normalen&#8220; Gef\u00e4ngnisse bereits mit Kommunisten, Sozialdemokraten, Gewerkschaftern und anderen Antifaschisten vollgestopft waren. Sp\u00e4ter kamen Kriegsgefangene und Nazi-Gegner aus allen von den deutschen Faschisten \u00fcberfallenen und besetzten L\u00e4ndern hinzu, auch aus Luxemburg.<\/p>\n<p>Die Befreiung von Auschwitz war also nicht nur eine Befreiung f\u00fcr die j\u00fcdischen H\u00e4ftlinge, sondern f\u00fcr Menschen aus fast allen L\u00e4ndern Europas. Der Gedenktag ist also ihnen allen gewidmet. Weiter schreibt die luxemburgische KP-Tageszeitung:<\/p>\n<blockquote><p><em>&#8222;Angesichts der seit Jahren gesch\u00fcrten Konfrontation mit Russland, vor allem angesichts des Krieges in der Ukraine, wird die Russische F\u00f6deration aus dem \u00f6ffentlichen Leben unserer L\u00e4nder verbannt. Dem russischen Botschafter in Luxemburg wurde schlicht mitgeteilt, dass die Ukraine an dem Gedenken teilnehmen wird, und Ukrainer seien ja Teil der Roten Armee gewesen. Hat man je davon geh\u00f6rt, dass Vertreter der USA nach ihren Kriegsverbrechen in Hiroshima, Vietnam, Irak \u2013 die Liste ist lang \u2013 von Gedenkveranstaltungen ausgeladen wurden?<\/em><\/p>\n<p><em>In der Roten Armee k\u00e4mpften Angeh\u00f6rige aller Nationen und Nationalit\u00e4ten der Sowjetunion. Dieselbe Rote Armee wurde damals in der Ukraine von ukrainischen Faschisten und Nationalisten bek\u00e4mpft, mit der Waffe, Seite an Seite mit der deutschen Wehrmacht. Die Anf\u00fchrer dieser Hilfswilligen, die aktiv an dem Massenmord an Juden beteiligt waren, werden in der heutigen Ukraine staatsoffiziell als &#8222;Nationalhelden&#8220; gefeiert. Und das ist der eigentliche Skandal: Repr\u00e4sentanten des Staates, der Juden-M\u00f6rder als &#8222;Nationalhelden&#8220; verehrt, sollen heute in Esch (Stadt in Luxemburg) der ermordeten Juden gedenken.&#8220;<\/em><\/p><\/blockquote>\n<blockquote class=\"twitter-tweet\" data-width=\"550\" data-dnt=\"true\">\n<p lang=\"fr\" dir=\"ltr\">O\u00f9 va nous amener l&#39;oubli de l&#39;histoire? Lettre ouverte au directeur du Mus\u00e9e National de la R\u00e9sistance et des Droits Humains M.Frank Schroeder <a href=\"https:\/\/twitter.com\/hashtag\/MNR?src=hash&amp;ref_src=twsrc%5Etfw\">#MNR<\/a> <a href=\"https:\/\/twitter.com\/hashtag\/Shoah?src=hash&amp;ref_src=twsrc%5Etfw\">#Shoah<\/a> <a href=\"https:\/\/twitter.com\/hashtag\/Auschwitz?src=hash&amp;ref_src=twsrc%5Etfw\">#Auschwitz<\/a> <a href=\"https:\/\/twitter.com\/hashtag\/Holocaust?src=hash&amp;ref_src=twsrc%5Etfw\">#Holocaust<\/a> <a href=\"https:\/\/twitter.com\/hashtag\/Genocide?src=hash&amp;ref_src=twsrc%5Etfw\">#Genocide<\/a> <a href=\"https:\/\/twitter.com\/hashtag\/nazicamps?src=hash&amp;ref_src=twsrc%5Etfw\">#nazicamps<\/a> <a href=\"https:\/\/twitter.com\/hashtag\/concentrationcamps?src=hash&amp;ref_src=twsrc%5Etfw\">#concentrationcamps<\/a> <a href=\"https:\/\/twitter.com\/hashtag\/devoirdem%C3%A9moire?src=hash&amp;ref_src=twsrc%5Etfw\">#devoirdem\u00e9moire<\/a> <a href=\"https:\/\/twitter.com\/hashtag\/Luxembourg?src=hash&amp;ref_src=twsrc%5Etfw\">#Luxembourg<\/a> <a href=\"https:\/\/twitter.com\/hashtag\/EschsurAlzette?src=hash&amp;ref_src=twsrc%5Etfw\">#EschsurAlzette<\/a> <a href=\"https:\/\/twitter.com\/hashtag\/january27?src=hash&amp;ref_src=twsrc%5Etfw\">#january27<\/a> <a href=\"https:\/\/t.co\/2fJUYEKoZG\">pic.twitter.com\/2fJUYEKoZG<\/a><\/p>\n<p>&mdash; Russian Embassy, Lux (@RusEmbLux) <a href=\"https:\/\/twitter.com\/RusEmbLux\/status\/1750448449869271298?ref_src=twsrc%5Etfw\">January 25, 2024<\/a><\/p><\/blockquote>\n<p><script async src=\"https:\/\/platform.twitter.com\/widgets.js\" charset=\"utf-8\"><\/script><\/p>\n<p>Auf seine Ausladung hat der Botschafter der Russischen F\u00f6deration in Luxemburg mit einem offenen Brief an den Museumsdirektor geantwortet. Der Brief ist in franz\u00f6sischer Sprache und kann \u00fcber diesen <a href=\"https:\/\/twitter.com\/RusEmbLux\/status\/1750448449869271298?ref_src=twsrc%5Etfw%7Ctwcamp%5Etweetembed%7Ctwterm%5E1750448449869271298%7Ctwgr%5E5bd973503044ee0cdfb1c7d2757b688e18e5bb46%7Ctwcon%5Es1_&amp;ref_url=https%3A%2F%2Fwww.tageblatt.lu%2Fnon-classe%2Fresistenzmuseum-laedt-russischen-botschafter-ein-und-dann-wieder-aus%2F\">Link auf X (vormals Twitter)<\/a> auf dem Profil der Russischen Botschaft in Luxemburg aufgerufen werden. Die wichtigsten Passagen des Briefes habe ich \u00fcbersetzt und sie folgen hiernach:<\/p>\n<blockquote><p><em>&#8222;Sehr geehrter Herr Direktor,&#8220;<\/em><\/p><\/blockquote>\n<p>(Nach den in diplomatischen Briefen \u00fcblichen H\u00f6flichkeitsfloskeln folgt der Kern des Offenen Briefes.)<\/p>\n<blockquote><p><em>&#8222;es stellen sich jedoch einige Fragen. War es &#8222;aus Versehen&#8220;, dass Sie mir die Einladung geschickt haben? Haben sie den Botschafter des Landes, dessen Armee vor 79 Jahren, im Januar 1945, dieses Vernichtungslager befreit und seine noch lebenden M\u00e4rtyrer gerettet hatte, aus Versehen zur Zeremonie zum Jahrestag der Befreiung von Auschwitz eingeladen?<\/em><\/p>\n<p><em>War es &#8218;aus Versehen&#8216;, dass Sie den Botschafter des Landes eingeladen haben, das auf Kosten von 27 Millionen Menschenleben einen entscheidenden Beitrag zum Sieg \u00fcber den deutschen Nationalsozialismus geleistet hat. Ich denke, niemand wird es wagen zu leugnen, dass die Karte Europas und wahrscheinlich auch der Welt ohne diese kollektive Leistung des sowjetischen Volkes heute anders aussehen w\u00fcrde. Und es g\u00e4be sicherlich weder das Gro\u00dfherzogtum Luxemburg, zumindest nicht als souver\u00e4nen Staat, noch das Museum, das zu leiten Sie die Ehre haben.<\/em><\/p>\n<p><em>Herr Direktor,<\/em><\/p>\n<p><em>wie alle Museumsfachleute auf der ganzen Welt m\u00fcssen Sie Geschichte lieben und kennen. Ich bin \u00fcberzeugt, dass Sie diesen zweiten Brief, in dem Sie die Einladung zur Gedenkfeier widerrufen, niemals selbst geschrieben haben. Nur wer die Geschichte nicht kennt oder sie vergessen m\u00f6chte, um sich nicht mit seinen politischen Spielereien zu blamieren, k\u00f6nnte Ihnen eine so ungeschickte Geste vorgeschlagen haben. Es steht mir nicht zu, zu erraten, welche Gef\u00fchle Sie hatten, als Sie diesen zweiten Brief unterschrieben haben, aber ich gebe zu, dass ich mich an Ihrer Stelle sch\u00e4men w\u00fcrde.<\/em><\/p>\n<p><em>Gezeichnet D. Lobanow<\/em><\/p>\n<p><em>Botschafter der Russischen F\u00f6deration<\/em><\/p>\n<p><em>im Gro\u00dfherzogtum Luxemburg&#8220;<\/em><\/p><\/blockquote>\n<p>Dies ist ein weiterer Vorfall, der den hartn\u00e4ckigen Wunsch der europ\u00e4ischen Eliten dokumentiert, nicht einmal vor irrwitzigen Ma\u00dfnahmen zur\u00fcckzuschrecken, um unbequeme Tatsachen, die nicht ins aktuelle politische Narrativ passen, aus der Geschichte auszuradieren. Inzwischen glauben schon die meisten Menschen in den USA und im Westen, dass die US-Armee ganz allein die Wehrmacht zerschlagen und ganz Europa, West und Ost, von den Nazis erl\u00f6st hat. Wenn dieser Trend so weitergeht, wird es in ein paar Jahren hei\u00dfen, dass die siegreiche US-Armee zuerst Auschwitz und dann die undankbaren Russen von den Nazis befreit hat. Und mit KI-hergestellte Fotodokumente werden das schon in den Schulb\u00fcchern &#8222;beweisen&#8220;.<\/p>\n<p><strong>Nachtrag:<\/strong> Die Geschichte wird jedoch schneller umgeschrieben, als ich bef\u00fcrchtet habe. Daf\u00fcr hat die gro\u00dfe deutsche Historikerin und Pr\u00e4sidentin der Europ\u00e4ischen Kommission, Ursula von der Leyen, bereits am 26. Januar, einen Tag vor dem diesj\u00e4hrigen Auschwitz-Gedenktag, gesorgt. In ihrer offiziellen Erkl\u00e4rung &#8222;Nie wieder gilt jetzt&#8220; <a href=\"https:\/\/ec.europa.eu\/commission\/presscorner\/detail\/de\/statement_24_409\" target=\"_blank\" rel=\"noopener noreferrer\">findet<\/a> man den Satz:<\/p>\n<blockquote><p><em>&#8222;Am 27. Januar 1945 hatten die Alliierten das Konzentrations- und Todeslager Auschwitz-Birkenau befreit.&#8220;<\/em><\/p><\/blockquote>\n<p style=\"text-align: right;\"><em>Rainer Rupp ist Mitglied des Beirats des Deutschen Freidenker-Verbandes<\/em><\/p>\n<hr \/>\n<p><span style=\"font-size: 10pt;\">Bild oben: H\u00e4ftlinge im Konzentrationslager Auschwitz w\u00e4hrend der Befreiung durch die Rote Armee, Januar 1945<\/span><br \/>\n<span style=\"font-size: 10pt;\">Foto: Unbekannt, vermutlich von der Roten Armee, Gemeinfrei<\/span><br \/>\n<span style=\"font-size: 10pt;\">Quelle: <a href=\"https:\/\/commons.wikimedia.org\/w\/index.php?curid=16909426\" target=\"_blank\" rel=\"noopener\">https:\/\/commons.wikimedia.org\/w\/index.php?curid=16909426<\/a><\/span><\/p>\n","protected":false},"excerpt":{"rendered":"<p><b>Beitrag von Rainer Rupp<\/b><br \/>\nAm 27. Januar 1945 befreite die vorr\u00fcckende Rote Armee der Sowjetunion das Konzentrationslager Auschwitz, in dem die deutschen Nazis w\u00e4hrend des Zweiten Weltkriegs mit einer Art industriellem T\u00f6tungsverfahren zwischen 1,5 bis 2 Millionen Menschen verschiedener Nationalit\u00e4ten und Ethnien ermordet haben. In diesem Jahr am Sonnabend, dem 27. Januar, fanden europaweit und dar\u00fcber hinaus wieder die Gedenkfeierlichkeiten an das ungeheuerliche Verbrechen statt. Dabei ereignete sich im Herzen der Europ\u00e4ischen Union, in Luxemburg, ein unglaublich-scheu\u00dflicher Vorfall. Der Direktor des Nationalmuseums f\u00fcr Widerstand und Menschenrechte [&#8230;] beschloss pl\u00f6tzlich, die Einladung des russischen Botschafters zu der Zeremonie zum Jahrestag der Befreiung des Konzentrationslagers Auschwitz zur\u00fcckzuziehen.<\/p>\n","protected":false},"author":3,"featured_media":18087,"comment_status":"closed","ping_status":"closed","sticky":false,"template":"","format":"standard","meta":{"colormag_page_container_layout":"default_layout","colormag_page_sidebar_layout":"default_layout","advanced_seo_description":"","jetpack_seo_html_title":"","jetpack_seo_noindex":false,"jetpack_post_was_ever_published":false,"footnotes":""},"categories":[12],"tags":[2120,2122,2119,1406,2121,924,277,1703,222,430],"class_list":["post-18079","post","type-post","status-publish","format-standard","has-post-thumbnail","hentry","category-demokratie-medien-aufklaerung","tag-alliierte","tag-ausladung","tag-befreiung","tag-diplomatie","tag-einladung","tag-gedenken","tag-holocaust","tag-kz-auschwitz","tag-russland","tag-sowjetunion"],"jetpack_featured_media_url":"https:\/\/i0.wp.com\/www.freidenker.org\/fw17\/wp-content\/uploads\/2024\/02\/Auschwitz_Liberated_January_1945_800x450.jpg?fit=800%2C450&ssl=1","jetpack_shortlink":"https:\/\/wp.me\/p9stpK-4HB","jetpack-related-posts":[{"id":21634,"url":"https:\/\/www.freidenker.org\/?p=21634","url_meta":{"origin":18079,"position":0},"title":"Die Bedeutung der Ostfront 1941-1945","author":"Webredaktion","date":"28. April 2025","format":false,"excerpt":"Historischer \u00dcberblick von Wolfgang Sch\u00fcrer Deutschland und Japan schlossen den Anti-Komintern-Pakt am 25. November 1936. Italien trat am 06. November 1937 bei, Ungarn am 24. Februar 1939, Spanien am 27. M\u00e4rz 1939. Rum\u00e4nien, Bulgarien und Finnland wurden am 25. November 1941 aufgenommen. Der Drei-M\u00e4chte-Pakt wurde am 27. September 1940, von\u2026","rel":"","context":"In &quot;Geschichte&quot;","block_context":{"text":"Geschichte","link":"https:\/\/www.freidenker.org\/?cat=1162"},"img":{"alt_text":"","src":"https:\/\/i0.wp.com\/www.freidenker.org\/fw17\/wp-content\/uploads\/2025\/04\/RIAN_archive_662733_Recruits_leave_for_front_during_mobilization_800x450.jpg?fit=800%2C450&ssl=1&resize=350%2C200","width":350,"height":200,"srcset":"https:\/\/i0.wp.com\/www.freidenker.org\/fw17\/wp-content\/uploads\/2025\/04\/RIAN_archive_662733_Recruits_leave_for_front_during_mobilization_800x450.jpg?fit=800%2C450&ssl=1&resize=350%2C200 1x, https:\/\/i0.wp.com\/www.freidenker.org\/fw17\/wp-content\/uploads\/2025\/04\/RIAN_archive_662733_Recruits_leave_for_front_during_mobilization_800x450.jpg?fit=800%2C450&ssl=1&resize=525%2C300 1.5x, https:\/\/i0.wp.com\/www.freidenker.org\/fw17\/wp-content\/uploads\/2025\/04\/RIAN_archive_662733_Recruits_leave_for_front_during_mobilization_800x450.jpg?fit=800%2C450&ssl=1&resize=700%2C400 2x"},"classes":[]},{"id":15123,"url":"https:\/\/www.freidenker.org\/?p=15123","url_meta":{"origin":18079,"position":1},"title":"78. Jahrestag der Befreiung des KZ Ausschwitz-Birkenau durch die Rote Arme","author":"Webredaktion","date":"2. Februar 2023","format":false,"excerpt":"Rede von Liane Kilinc Liebe Anwesende, liebe Zeitzeugen, ich freue mich, den heutigen Jahrestag der Befreiung des Vernichtungslagers Auschwitz in Russland zu verbringen, wo der Verdienst der Roten Armee angemessen gew\u00fcrdigt wird. In der Bundesrepublik Deutschland, die meine Heimat DDR annektiert hat, wird l\u00e4ngst so getan, als w\u00e4re es nicht\u2026","rel":"","context":"In &quot;Frieden - Antifaschismus - Solidarit\u00e4t&quot;","block_context":{"text":"Frieden - Antifaschismus - Solidarit\u00e4t","link":"https:\/\/www.freidenker.org\/?cat=13"},"img":{"alt_text":"","src":"https:\/\/i0.wp.com\/www.freidenker.org\/fw17\/wp-content\/uploads\/2023\/02\/2023-01-27-gedenken-auschwitz-01_800x450.jpg?fit=800%2C450&ssl=1&resize=350%2C200","width":350,"height":200,"srcset":"https:\/\/i0.wp.com\/www.freidenker.org\/fw17\/wp-content\/uploads\/2023\/02\/2023-01-27-gedenken-auschwitz-01_800x450.jpg?fit=800%2C450&ssl=1&resize=350%2C200 1x, https:\/\/i0.wp.com\/www.freidenker.org\/fw17\/wp-content\/uploads\/2023\/02\/2023-01-27-gedenken-auschwitz-01_800x450.jpg?fit=800%2C450&ssl=1&resize=525%2C300 1.5x, https:\/\/i0.wp.com\/www.freidenker.org\/fw17\/wp-content\/uploads\/2023\/02\/2023-01-27-gedenken-auschwitz-01_800x450.jpg?fit=800%2C450&ssl=1&resize=700%2C400 2x"},"classes":[]},{"id":16017,"url":"https:\/\/www.freidenker.org\/?p=16017","url_meta":{"origin":18079,"position":2},"title":"Befreiung vom Faschismus und Tag des Sieges 2023","author":"Webredaktion","date":"13. Mai 2023","format":false,"excerpt":"Wir dokumentieren - den Marsch des Unsterblichen Regiments am 07. Mai 2023 in Frankfurt am Main mit Kundgebung am Opernplatz und Demonstration zum R\u00f6merberg, Reden von Sebastian Bahlo (Text) und von Sergey Filbert (Video) - Bilder von der Gedenkstunde am 08.05.2023 zum Tag der Befreiung am Mahnmal f\u00fcr die Opfer\u2026","rel":"","context":"In &quot;Frieden - Antifaschismus - Solidarit\u00e4t&quot;","block_context":{"text":"Frieden - Antifaschismus - Solidarit\u00e4t","link":"https:\/\/www.freidenker.org\/?cat=13"},"img":{"alt_text":"","src":"https:\/\/i0.wp.com\/www.freidenker.org\/fw17\/wp-content\/uploads\/2023\/05\/TdB_2023_20230509_113616_800x450.jpg?fit=800%2C450&ssl=1&resize=350%2C200","width":350,"height":200,"srcset":"https:\/\/i0.wp.com\/www.freidenker.org\/fw17\/wp-content\/uploads\/2023\/05\/TdB_2023_20230509_113616_800x450.jpg?fit=800%2C450&ssl=1&resize=350%2C200 1x, https:\/\/i0.wp.com\/www.freidenker.org\/fw17\/wp-content\/uploads\/2023\/05\/TdB_2023_20230509_113616_800x450.jpg?fit=800%2C450&ssl=1&resize=525%2C300 1.5x, https:\/\/i0.wp.com\/www.freidenker.org\/fw17\/wp-content\/uploads\/2023\/05\/TdB_2023_20230509_113616_800x450.jpg?fit=800%2C450&ssl=1&resize=700%2C400 2x"},"classes":[]},{"id":15812,"url":"https:\/\/www.freidenker.org\/?p=15812","url_meta":{"origin":18079,"position":3},"title":"Elbe Tag \u2013 Torgau 1945-2023","author":"Webredaktion","date":"20. April 2023","format":false,"excerpt":"78. Jahrestag der Begegnung - 82. Jahrestag des \u00dcberfalls Nazideutschlands auf die Sowjetunion Friedensdemonstration & Kundgebung am 22. April 2023, 12:00 Uhr am Br\u00fcckenkopf Torgau (Ostufer) Aus dem Aufruf: \u201eDer Schwur von Torgau muss lebendiges Zeugnis unseres Strebens nach einer Welt ohne Krieg bleiben!\u201c. Der Schwur der Soldaten der Roten\u2026","rel":"","context":"In &quot;Frieden - Antifaschismus - Solidarit\u00e4t&quot;","block_context":{"text":"Frieden - Antifaschismus - Solidarit\u00e4t","link":"https:\/\/www.freidenker.org\/?cat=13"},"img":{"alt_text":"","src":"https:\/\/i0.wp.com\/www.freidenker.org\/fw17\/wp-content\/uploads\/2023\/04\/Torgau_2023_800x450.jpg?fit=800%2C450&ssl=1&resize=350%2C200","width":350,"height":200,"srcset":"https:\/\/i0.wp.com\/www.freidenker.org\/fw17\/wp-content\/uploads\/2023\/04\/Torgau_2023_800x450.jpg?fit=800%2C450&ssl=1&resize=350%2C200 1x, https:\/\/i0.wp.com\/www.freidenker.org\/fw17\/wp-content\/uploads\/2023\/04\/Torgau_2023_800x450.jpg?fit=800%2C450&ssl=1&resize=525%2C300 1.5x, https:\/\/i0.wp.com\/www.freidenker.org\/fw17\/wp-content\/uploads\/2023\/04\/Torgau_2023_800x450.jpg?fit=800%2C450&ssl=1&resize=700%2C400 2x"},"classes":[]},{"id":9169,"url":"https:\/\/www.freidenker.org\/?p=9169","url_meta":{"origin":18079,"position":4},"title":"\u00dcber 100.000 Euro f\u00fcr russische Veteranen","author":"Webredaktion","date":"8. Januar 2021","format":false,"excerpt":"Auf Initiative des deutschen Fallschirmj\u00e4ger-Traditionsverbandes Ost e.V. wurde im Dezember 2020 eine Spendensammlung f\u00fcr russische Veteranen des Zweiten Weltkriegs, f\u00fcr \u00dcberlebende der KZs und der Blockade von Leningrad gestartet. Das Ergebnis, 100.200,00 Euro, wurde am 5. Januar 2021, dem Vorabend des russischen Weihnachtsfestes in Berlin vor dem Sowjetischen Ehrenmal im\u2026","rel":"","context":"In &quot;Frieden - Antifaschismus - Solidarit\u00e4t&quot;","block_context":{"text":"Frieden - Antifaschismus - Solidarit\u00e4t","link":"https:\/\/www.freidenker.org\/?cat=13"},"img":{"alt_text":"","src":"https:\/\/i0.wp.com\/www.freidenker.org\/fw17\/wp-content\/uploads\/2021\/01\/210105-glinka_u_uli_800x450.jpg?fit=800%2C450&ssl=1&resize=350%2C200","width":350,"height":200,"srcset":"https:\/\/i0.wp.com\/www.freidenker.org\/fw17\/wp-content\/uploads\/2021\/01\/210105-glinka_u_uli_800x450.jpg?fit=800%2C450&ssl=1&resize=350%2C200 1x, https:\/\/i0.wp.com\/www.freidenker.org\/fw17\/wp-content\/uploads\/2021\/01\/210105-glinka_u_uli_800x450.jpg?fit=800%2C450&ssl=1&resize=525%2C300 1.5x, https:\/\/i0.wp.com\/www.freidenker.org\/fw17\/wp-content\/uploads\/2021\/01\/210105-glinka_u_uli_800x450.jpg?fit=800%2C450&ssl=1&resize=700%2C400 2x"},"classes":[]},{"id":21893,"url":"https:\/\/www.freidenker.org\/?p=21893","url_meta":{"origin":18079,"position":5},"title":"Wer verbietet, statt zu feiern, hat verloren","author":"Webredaktion","date":"20. Mai 2025","format":false,"excerpt":"Beitrag von Anke Wittkopp Der von oben verordnete Geschichtsrevisionismus gipfelte zum 80. Jubil\u00e4umstag der Befreiung Deutschlands vom Hitler-Faschismus in einer Farce. Die Stadt Hannover schmiss Mitglieder der Initiative Frieden mit Russland wegen antifaschistischer Symbole vom Ehrenfriedhof, um am Tag der Befreiung das Andenken der siegreichen Roten Armee aus den Augen\u2026","rel":"","context":"In &quot;Frieden - Antifaschismus - Solidarit\u00e4t&quot;","block_context":{"text":"Frieden - Antifaschismus - Solidarit\u00e4t","link":"https:\/\/www.freidenker.org\/?cat=13"},"img":{"alt_text":"","src":"https:\/\/i0.wp.com\/www.freidenker.org\/fw17\/wp-content\/uploads\/2025\/05\/TdB_Hannover_Frank_B_Russlandfahne_800x450.jpg?fit=800%2C450&ssl=1&resize=350%2C200","width":350,"height":200,"srcset":"https:\/\/i0.wp.com\/www.freidenker.org\/fw17\/wp-content\/uploads\/2025\/05\/TdB_Hannover_Frank_B_Russlandfahne_800x450.jpg?fit=800%2C450&ssl=1&resize=350%2C200 1x, https:\/\/i0.wp.com\/www.freidenker.org\/fw17\/wp-content\/uploads\/2025\/05\/TdB_Hannover_Frank_B_Russlandfahne_800x450.jpg?fit=800%2C450&ssl=1&resize=525%2C300 1.5x, https:\/\/i0.wp.com\/www.freidenker.org\/fw17\/wp-content\/uploads\/2025\/05\/TdB_Hannover_Frank_B_Russlandfahne_800x450.jpg?fit=800%2C450&ssl=1&resize=700%2C400 2x"},"classes":[]}],"_links":{"self":[{"href":"https:\/\/www.freidenker.org\/index.php?rest_route=\/wp\/v2\/posts\/18079","targetHints":{"allow":["GET"]}}],"collection":[{"href":"https:\/\/www.freidenker.org\/index.php?rest_route=\/wp\/v2\/posts"}],"about":[{"href":"https:\/\/www.freidenker.org\/index.php?rest_route=\/wp\/v2\/types\/post"}],"author":[{"embeddable":true,"href":"https:\/\/www.freidenker.org\/index.php?rest_route=\/wp\/v2\/users\/3"}],"replies":[{"embeddable":true,"href":"https:\/\/www.freidenker.org\/index.php?rest_route=%2Fwp%2Fv2%2Fcomments&post=18079"}],"version-history":[{"count":0,"href":"https:\/\/www.freidenker.org\/index.php?rest_route=\/wp\/v2\/posts\/18079\/revisions"}],"wp:featuredmedia":[{"embeddable":true,"href":"https:\/\/www.freidenker.org\/index.php?rest_route=\/wp\/v2\/media\/18087"}],"wp:attachment":[{"href":"https:\/\/www.freidenker.org\/index.php?rest_route=%2Fwp%2Fv2%2Fmedia&parent=18079"}],"wp:term":[{"taxonomy":"category","embeddable":true,"href":"https:\/\/www.freidenker.org\/index.php?rest_route=%2Fwp%2Fv2%2Fcategories&post=18079"},{"taxonomy":"post_tag","embeddable":true,"href":"https:\/\/www.freidenker.org\/index.php?rest_route=%2Fwp%2Fv2%2Ftags&post=18079"}],"curies":[{"name":"wp","href":"https:\/\/api.w.org\/{rel}","templated":true}]}}