{"id":18077,"date":"2024-02-02T02:30:07","date_gmt":"2024-02-02T01:30:07","guid":{"rendered":"https:\/\/www.freidenker.org\/?p=18077"},"modified":"2024-03-06T00:09:07","modified_gmt":"2024-03-05T23:09:07","slug":"arbeitet-correctiv-in-staatlichem-auftrag-falls-ja-fuer-welchen-staat","status":"publish","type":"post","link":"https:\/\/www.freidenker.org\/?p=18077","title":{"rendered":"Arbeitet Correctiv in staatlichem Auftrag? Falls ja, f\u00fcr welchen Staat?"},"content":{"rendered":"<p><strong>Hat der Verfassungsschutz &#8222;Correctiv&#8220; beliefert? Oder &#8222;Correctiv&#8220; ersterem zugearbeitet? Wie geht es \u00fcberhaupt, dass aus einer Ver\u00f6ffentlichung eine derart umfassende Kampagne entsteht? Ein Netzwerk, das f\u00fcr den Staat arbeitet. Nur f\u00fcr welchen? <\/strong><\/p>\n<p><em>Von <strong>Dagmar Henn<\/strong><\/em><\/p>\n<p>Erstver\u00f6ffentlichung am 30.01.2024 auf <a href=\"https:\/\/freedert.online\/meinung\/194518-arbeitet-correctiv-in-staatlichem-auftrag\/\" target=\"_blank\" rel=\"noopener\">RT DE<\/a><\/p>\n<div class=\"EmbedBlock-root EmbedBlock-all\">\n<div class=\"AllEmbed\"><iframe loading=\"lazy\" title=\"Arbeitet Correctiv in staatlichem Auftrag? Falls ja, f\u00fcr welchen Staat?\" src=\"https:\/\/www.podbean.com\/player-v2\/?i=eikch-156a38e-pb&amp;from=pb6admin&amp;share=1&amp;download=1&amp;rtl=0&amp;fonts=Arial&amp;skin=1&amp;font-color=&amp;logo_link=episode_page&amp;btn-skin=7\" width=\"100%\" height=\"150\" scrolling=\"no\" data-name=\"pb-iframe-player\" data-mce-fragment=\"1\"><\/iframe><\/div>\n<\/div>\n<p>Es ist eine interessante Frage, die im Zusammenhang mit dem &#8222;Geheimtreffen&#8220; aufgetaucht ist: Wie ist eigentlich das Verh\u00e4ltnis zwischen staatlichen Stellen und diesen Zusatzgeheimdiensten beschaffen? Es ist ein konkretes Detail bei der vermeintlichen &#8222;Enth\u00fcllung&#8220;, das diesen Punkt sichtbar gemacht und in die Debatte gebracht hat.<\/p>\n<p>Insbesondere die Inszenierung dieses Treffens im Berliner Ensemble (mit der Rotationsenergie aus Brechts Grab k\u00f6nnte man vermutlich inzwischen halb Berlin heizen) legte nahe, dass das Treffen nicht nur mit Kameras und durch \u00e4u\u00dfere Beobachtung ausspioniert wurde, sondern dass es sich um eine nachrichtendienstliche \u00dcberwachung handelte.<\/p>\n<p><em>Tichys Einblick<\/em>\u00a0<a href=\"https:\/\/www.tichyseinblick.de\/daili-es-sentials\/verfassungsschutz-treffen-landhaus-adlon\/\" target=\"_blank\" rel=\"noopener noreferrer\">stellte<\/a> letzte Woche die Vermutung auf, der Verfassungsschutz habe \u00fcberwacht, aber die gewonnenen Informationen an <em>Correctiv<\/em> weitergereicht. Neben Aussagen aus anonymen Quellen diente dabei auch die Tatsache als Argument, dass Thomas Haldenwang, Pr\u00e4sident des Bundesamtes f\u00fcr Verfassungsschutz (BfV), eingestanden hatte, die Beh\u00f6rde habe bereits vor dem besagten Treffen Kenntnis von diesem wie von den geladenen Teilnehmern gehabt.<\/p>\n<p>Mittlerweile hat eine Sprecherin des BfV gegen\u00fcber der <em>Neuen Z\u00fcricher Zeitung<\/em>\u00a0<a href=\"https:\/\/www.nzz.ch\/international\/verfassungsschutz-weist-verwicklung-in-bericht-ueber-geheimplan-zurueck-ld.1776407\" target=\"_blank\" rel=\"noopener noreferrer\">erkl\u00e4rt<\/a>, man habe keine Informationen an <em>Correctiv<\/em> weitergegeben. So etwas sei auch &#8222;rechtlich nicht vorgesehen&#8220;. Nicht wirklich erstaunlich, w\u00fcrde sich doch bereits die nachrichtendienstliche \u00dcberwachung dieses Treffens, die nach Darstellung von <em>Tichys Einblick<\/em> durch eine Wanze in einer Wanduhr erfolgte, rechtlich auf unsicherem Boden befinden; eine entsprechende \u00dcberwachung durch <em>Correctiv<\/em> selbst allerdings w\u00e4re unstrittig eine Straftat.<\/p>\n<p>Andererseits ist <em>Correctiv<\/em> selbst, wie auch die Amadeu-Antonio-Stiftung und andere Teile dieses geheimdienstlichen Netzwerks, alles andere als eine von Staatsb\u00fcrgern finanzierte B\u00fcrgerinitiative. Da findet sich die Luminate-Stiftung von Pierre Omidyar ebenso wie die Open-Society-Stiftung von Soros, aber eben auch die Landeshauptkasse NRW oder die Bundeskasse mit mal eben 431.059,85 Euro im Jahr 2023. Dazu kamen dann noch Mittel aus Parteistiftungen; das, was <em>Correctiv<\/em> mit der Zensurdienstleistung f\u00fcr Meta verdient, ist noch nicht einmal dabei.<\/p>\n<p>F\u00fcr dieses Geld werden dann unter anderem Verleumdungskampagnen wie gegen den Journalisten Hubert Seipel gefahren, dessen gro\u00dfes Vergehen darin bestand, ohne Schaum vor dem Mund mit dem russischen Pr\u00e4sidenten Wladimir Putin gesprochen zu haben. Oder eben mit ungeheurem Personalaufwand ein mageres Ergebnis wie das von jenem &#8222;Geheimtreffen&#8220; zum Riesenskandal aufzublasen, wobei inzwischen ja das verkaufsf\u00f6rdernde Schlagwort &#8222;Deportationen&#8220; angeblich von <em>Correctiv<\/em> nie benutzt wurde (das Internet vergisst nie!).<\/p>\n<p>Man k\u00f6nnte jetzt schlicht diese privatwirtschaftlich organisierten Zusatzgeheimdienste als verl\u00e4ngerten Arm des Verfassungsschutzes betrachten; ungef\u00e4hr in diese Richtung ging auch die Vermutung von <em>Tichys Einblick.<\/em>\u00a0Aber das ist wom\u00f6glich zu kurz gegriffen. Klar ist: Alle diese Strukturen agieren gelegentlich im staatlichen (nicht \u00f6ffentlichen) Auftrag, aber das l\u00f6st noch nicht die Frage, wer hier wen gekapert hat.<\/p>\n<p>Der verbindende Faktor ist n\u00e4mlich nicht der Staat. Es ist weitgehend die antideutsche Ideologie. Die bereits in den 2000ern die Jusos ebenso \u00fcbernommen hatte wie die Gr\u00fcne Jugend und Teile der PDS und sp\u00e4ter der Linken, von allem unter der \u00dcberschrift &#8222;Antifa&#8220; ganz zu schweigen. Es ist nicht einfach &#8222;der Staat&#8220;, zu dem die guten Beziehungen bestehen, sondern Parteienvertreter, die der gleichen Ideologie anh\u00e4ngen, die mittlerweile die h\u00f6heren Positionen erreicht haben. Wenn man noch einen Beleg daf\u00fcr brauchte, wie weit sich diese Antideutschen innerhalb des politischen Personals in Deutschland durchgesetzt haben, dann muss man nur einen Blick auf die Haltung der Bundesregierung zu Israel werfen. Diese bedingungslose Unterst\u00fctzung gab es fr\u00fcher nur vonseiten der Antideutschen.<\/p>\n<p><em>Correctiv<\/em>, Volksverpetzer, Amadeu-Antonio-Stiftung, sie alle stammen aus diesem Netzwerk. Das vor allem zwei Freunde kennt \u2013 Israel und die Vereinigten Staaten. Und dieses Netzwerk hat sich\u00a0\u2013 zumindest aus der Linken wei\u00df ich das aus pers\u00f6nlichem Erleben\u00a0\u2013 systematisch die Parteistiftung und insbesondere die Studienf\u00f6rderung untergeordnet, was darauf abzielt, den politischen Nachwuchs zu kontrollieren, egal ob dieser nun tats\u00e4chlich auf politischen Positionen endet oder im Umfeld, sprich den Medien.<\/p>\n<p>Bei der augenblicklichen Kampagne gegen die AfD wurden nun erstmals alle Teile dieses Netzwerks gleichzeitig aktiviert. Das gab es ansatzweise bereits bei Corona, aber nicht in diesem Ausma\u00df. Und im Grunde erkl\u00e4rt sich dieser Aktivismus in Richtung AfD weitaus besser durch die antideutschen Vorstellungen, wenn nicht gar durch den Zweck der Antideutschen, als durch die Frage, ob nun der Verfassungsschutz der Hund und <em>Correctiv<\/em> der Schwanz ist oder umgekehrt.<\/p>\n<p>Es gibt einen scharfen Gegensatz zwischen den erkl\u00e4rten und den realen Zielen. Erkl\u00e4rt sind die Antideutschen sehr aktiv gegen Rassismus, haben aber real \u00fcberhaupt kein Problem mit dessen offener, gewaltsamer Praktizierung durch den Staat Israel. Insofern ist es schwierig, zu behaupten, sie h\u00e4tten ein Problem mit der AfD, weil diese rassistisch sei. Immerhin ist f\u00fcr sie ein offener Genozid akzeptabel, wenn ihn nur die Richtigen begehen.<\/p>\n<p>Nein, um den Punkt zu finden, der sie wirklich an der AfD st\u00f6rt (und der \u00fcbrigens auch der wahre Grund f\u00fcr die ganze &#8222;Querfront&#8220;-Nummer ist), muss man zur\u00fcck an den Anfang der AfD gehen, die sich an genau einem Thema von der CDU abgespalten hatte: entlang der Position zum Euro in der &#8222;Eurokrise&#8220;. Wobei man als Erstes daran erinnern muss, dass die gr\u00f6\u00dften Teile dieser Eurokrise die Folge der Rettung deutscher Banken, insbesondere der Deutschen Bank, waren; selbst Irland geriet in die Verschuldungskrise, weil eine Tochter der Deutschen Bank mit Staatsgeldern gerettet wurde. Dieses Loch war gro\u00df genug, um nicht nur 500 Milliarden aus dem Bundeshaushalt zu verschlingen.<\/p>\n<p>Aber das wurde damals schnell vergessen. Die Finanzmarktkrise war noch sehr pr\u00e4sent, und es gab innerhalb der CDU zwei v\u00f6llig unterschiedliche Ans\u00e4tze, wie Deutschland damit umgehen solle. Der eine Teil, vertreten unter anderem von Wolfgang Sch\u00e4uble, der damals die Knebelvertr\u00e4ge mit Griechenland verbrochen hat, wollte die Gelegenheit nutzen, um die \u00fcbrigen europ\u00e4ischen L\u00e4nder st\u00e4rker zu unterwerfen. Der extreme Mangel an Souver\u00e4nit\u00e4t, der die heutige EU pr\u00e4gt, ist eine Folge dieser Entwicklung.<\/p>\n<p>Der andere Teil der CDU war jetzt nicht notwendigerweise wesentlich sympathischer, beabsichtigte aber eine v\u00f6llig andere Strategie: den Euro zu verlassen, um dadurch einen Generalangriff auf den US-Dollar zu starten. Was in einem gewissen Zeitraum tats\u00e4chlich m\u00f6glich gewesen w\u00e4re; die Schweizer Nationalbank hat \u00fcber Jahre hinweg viel Geld investiert, um den Kurs des Schweizer Franken zu senken und sogar spezielle Pl\u00e4ne entwickelt, wie man es im Falle eines Dollar- oder Euro-Crashs verhindern k\u00f6nne, dass zu viel Geld in die Schweiz flie\u00dft. Eben diesen Effekt h\u00e4tte sich dieser putschartige Ausstieg aus dem Euro zunutze machen k\u00f6nnen. Eine neu eingef\u00fchrte D-Mark w\u00e4re sofort zum Fluchtziel geworden, vermutlich sogar ohne eine R\u00fcckf\u00fchrung der deutschen Goldreserven aus den USA \u2013 wobei sich viele seit Jahren fragen, ob sie \u00fcberhaupt noch vorhanden sind. Die Raubz\u00fcge, die die Vereinigten Staaten seither unter anderem in Libyen und in Peru unternahmen, sprechen recht klar dagegen.<\/p>\n<p>Die Fraktion, die eine zweite D-Mark wollte, unterlag jedenfalls innerhalb der CDU, trennte sich dann und gr\u00fcndete die AfD. Dabei ging es durchaus um \u00e4u\u00dferst kapitalnahe Teile, aber nicht nur. Die Partei, die sich rund um diesen abgesprengten Teil der CDU bildete, erweiterte sich zwangsl\u00e4ufig in ihrer sozialen Zusammensetzung. Das macht diesen damaligen Plan nicht nett, aber die Sch\u00e4uble-Version war das auch nicht; der zentrale Unterschied war, ob sich Deutschland den USA unterordnet und die anderen Europ\u00e4er daf\u00fcr bluten l\u00e4sst, oder ob die USA als Konkurrenz oder auch als Gegner gesehen werden. In der heutigen, gewisserma\u00dfen verw\u00e4sserten Variante dieser damaligen Auseinandersetzung innerhalb der CDU, nachdem das Zeitfenster f\u00fcr den Putsch gegen den Dollar sich l\u00e4ngst geschlossen hat, verbleibt als Trennlinie Souver\u00e4nit\u00e4t\u00a0vs. Unterordnung.<\/p>\n<p>Was gleichzeitig erkl\u00e4rt, warum die ganze &#8222;Querfront&#8220;-Propaganda sein musste. Weil aus der antideutschen Sicht Vertreter einer deutschen Souver\u00e4nit\u00e4t, gleich ob konservativ oder kommunistisch, zwangsl\u00e4ufig zu einem Gegner verschmelzen. Denn nichts, absolut nichts lehnen die Antideutschen mehr ab als deutsche Souver\u00e4nit\u00e4t.<\/p>\n<p>Wenn jetzt also ein Teil der Antideutschen in Gestalt der privaten Nebengeheimdienste mit anderen Antideutschen kooperiert, die mittlerweile in Verwaltung und Regierung sitzen, wer handelt dann in wessen Interesse? Selbst wenn man sich darauf einigen k\u00f6nnte, dass <em>Correctiv<\/em> in staatlichem Auftrag handelt \u2013 <em>Tichys Einblick<\/em>\u00a0umgeht die entscheidende Frage. Die lautet n\u00e4mlich: f\u00fcr welchen Staat?<\/p>\n<p>Der deutsche ist es, bei allem Get\u00f6ne von der bedrohten Demokratie, auf keinen Fall. Nein, trotz der vorangetragenen Liebe zu Israel d\u00fcrfte es letztlich jener Staat jenseits des gro\u00dfen Teichs sein, die Nordstream-Sprenger.<\/p>\n<p>Dann wird die ganze Leidenschaft, alle in einen Sack zu stecken, die irgendwie Vorstellungen von einer deutschen Souver\u00e4nit\u00e4t bewahrt haben, von abtr\u00fcnnigen Frankfurter Bankern bis zu ehemaligen DDR-Kadern, pl\u00f6tzlich logisch. Egal, wie das Geld von staatlichen deutschen Stellen zu den Nebengeheimdiensten geschoben wird, oder wie Themen aus deren Repertoire wieder von staatlichen Stellen aufgegriffen werden, Nutznie\u00dfer des ganzen Spiels ist letztlich immer derselbe: der vermeintliche Freund. Der so sehr darauf angewiesen ist, sich durch erzwungene Blutspenden am Leben zu halten, dass selbst eine NATO-treue Partei wie die AfD zu viel ist, weil schon der Gedanke der Souver\u00e4nit\u00e4t nicht mehr gedacht werden darf.<\/p>\n<p style=\"text-align: right;\"><em>Dagmar Henn ist Mitglied des Deutschen Freidenker-Verbandes<\/em><\/p>\n<hr \/>\n<p><span style=\"font-size: 10pt;\">Bild oben: Collage von Ralf Lux<\/span><\/p>\n<p><span style=\"font-size: 10pt;\">Villa Adlon am Lehnitzsee bei Potsdam<\/span><br \/>\n<span style=\"font-size: 10pt;\">Foto: Norhei,\u00a0<a href=\"https:\/\/creativecommons.org\/licenses\/by-sa\/3.0\" target=\"_blank\" rel=\"noopener\">CC BY-SA 3.0<\/a><\/span><br \/>\n<span style=\"font-size: 10pt;\">Quelle:\u00a0<a href=\"https:\/\/commons.wikimedia.org\/w\/index.php?curid=25684413\" target=\"_blank\" rel=\"noopener\">https:\/\/commons.wikimedia.org\/w\/index.php?curid=25684413<\/a><\/span><\/p>\n<p><span style=\"font-size: 10pt;\">Correctiv-Logo: Gemeinfrei<\/span><br \/>\n<span style=\"font-size: 10pt;\">Quelle: <a href=\"https:\/\/commons.wikimedia.org\/w\/index.php?curid=80389365\" target=\"_blank\" rel=\"noopener\">https:\/\/commons.wikimedia.org\/w\/index.php?curid=80389365<\/a><\/span><\/p>\n","protected":false},"excerpt":{"rendered":"<p><b>Beitrag von Dagmar Henn<\/b><br \/>\nEs ist eine interessante Frage, die im Zusammenhang mit dem &#8222;Geheimtreffen&#8220; aufgetaucht ist: Wie ist eigentlich das Verh\u00e4ltnis zwischen staatlichen Stellen und diesen Zusatzgeheimdiensten beschaffen? Es ist ein konkretes Detail bei der vermeintlichen &#8222;Enth\u00fcllung&#8220;, das diesen Punkt sichtbar gemacht und in die Debatte gebracht hat. Insbesondere die Inszenierung dieses Treffens im Berliner Ensemble (mit der Rotationsenergie aus Brechts Grab k\u00f6nnte man vermutlich inzwischen halb Berlin heizen) legte nahe, dass das Treffen nicht nur mit Kameras und durch \u00e4u\u00dfere Beobachtung ausspioniert wurde, sondern dass es sich um eine nachrichtendienstliche \u00dcberwachung handelte. <i>Tichys Einblick<\/i>\u00a0stellte letzte Woche die Vermutung auf, der Verfassungsschutz habe \u00fcberwacht, aber die gewonnenen Informationen an Correctiv weitergereicht.<\/p>\n","protected":false},"author":3,"featured_media":18085,"comment_status":"closed","ping_status":"closed","sticky":false,"template":"","format":"standard","meta":{"colormag_page_container_layout":"default_layout","colormag_page_sidebar_layout":"default_layout","advanced_seo_description":"","jetpack_seo_html_title":"","jetpack_seo_noindex":false,"jetpack_post_was_ever_published":false,"footnotes":""},"categories":[12],"tags":[1031,1946,2077,759,393,1466,637,342,185,1397],"class_list":["post-18077","post","type-post","status-publish","format-standard","has-post-thumbnail","hentry","category-demokratie-medien-aufklaerung","tag-afd","tag-amadeu-antonio-stiftung","tag-correctiv","tag-geheimdienste","tag-israel","tag-kampagne","tag-propaganda","tag-querfront","tag-usa","tag-verfassungsschutz"],"jetpack_featured_media_url":"https:\/\/i0.wp.com\/www.freidenker.org\/fw17\/wp-content\/uploads\/2024\/02\/Correctiv_Villa_Adlon.jpg?fit=801%2C450&ssl=1","jetpack_shortlink":"https:\/\/wp.me\/p9stpK-4Hz","jetpack-related-posts":[{"id":18583,"url":"https:\/\/www.freidenker.org\/?p=18583","url_meta":{"origin":18077,"position":0},"title":"Potsdam, Correctiv und unbeantwortete Fragen: Ein Putsch ganz ohne Rollatoren","author":"Webredaktion","date":"24. M\u00e4rz 2024","format":false,"excerpt":"Beitrag vom Dagmar Henn Die Geschichte rund um die Correctiv-Erz\u00e4hlung von Potsdam scheint noch lange nicht zu Ende zu sein. Genau genommen, w\u00e4re sie unter normalen Umst\u00e4nden l\u00e4ngst Thema f\u00fcr einen parlamentarischen Untersuchungsausschuss. Zuletzt lieferte die Antwort auf eine Frage des AfD-Abgeordneten Leif-Erik Holm einen weiteren Grund daf\u00fcr. Fassen wir\u2026","rel":"","context":"In &quot;Demokratie \u2013 Medien \u2013 Aufkl\u00e4rung&quot;","block_context":{"text":"Demokratie \u2013 Medien \u2013 Aufkl\u00e4rung","link":"https:\/\/www.freidenker.org\/?cat=12"},"img":{"alt_text":"","src":"https:\/\/i0.wp.com\/www.freidenker.org\/fw17\/wp-content\/uploads\/2024\/03\/Demokratie_Verteidigen_protest_Berlin_2024-01-14_148_800x450.jpg?fit=800%2C450&ssl=1&resize=350%2C200","width":350,"height":200,"srcset":"https:\/\/i0.wp.com\/www.freidenker.org\/fw17\/wp-content\/uploads\/2024\/03\/Demokratie_Verteidigen_protest_Berlin_2024-01-14_148_800x450.jpg?fit=800%2C450&ssl=1&resize=350%2C200 1x, https:\/\/i0.wp.com\/www.freidenker.org\/fw17\/wp-content\/uploads\/2024\/03\/Demokratie_Verteidigen_protest_Berlin_2024-01-14_148_800x450.jpg?fit=800%2C450&ssl=1&resize=525%2C300 1.5x, https:\/\/i0.wp.com\/www.freidenker.org\/fw17\/wp-content\/uploads\/2024\/03\/Demokratie_Verteidigen_protest_Berlin_2024-01-14_148_800x450.jpg?fit=800%2C450&ssl=1&resize=700%2C400 2x"},"classes":[]},{"id":18154,"url":"https:\/\/www.freidenker.org\/?p=18154","url_meta":{"origin":18077,"position":1},"title":"Warum die Kampagne \u201egegen Rechts\u201c erstens orchestriert und zweitens verlogen ist","author":"Webredaktion","date":"12. Februar 2024","format":false,"excerpt":"Beitrag von Thomas R\u00f6per Ich werde in Russland derzeit \u00f6fter von verschiedenen Medien um Interviews gebeten, denn die Entwicklungen in Deutschland interessieren auch die Menschen in Russland. Eine Frage, die mir dabei immer wieder gestellt wird, ist, wie die deutsche \u00d6ffentlichkeit \u00fcber dieses oder jenes denkt. Und da muss ich\u2026","rel":"","context":"In &quot;Demokratie \u2013 Medien \u2013 Aufkl\u00e4rung&quot;","block_context":{"text":"Demokratie \u2013 Medien \u2013 Aufkl\u00e4rung","link":"https:\/\/www.freidenker.org\/?cat=12"},"img":{"alt_text":"","src":"https:\/\/i0.wp.com\/www.freidenker.org\/fw17\/wp-content\/uploads\/2024\/02\/ard-propaganda1_800x450.jpg?fit=800%2C450&ssl=1&resize=350%2C200","width":350,"height":200,"srcset":"https:\/\/i0.wp.com\/www.freidenker.org\/fw17\/wp-content\/uploads\/2024\/02\/ard-propaganda1_800x450.jpg?fit=800%2C450&ssl=1&resize=350%2C200 1x, https:\/\/i0.wp.com\/www.freidenker.org\/fw17\/wp-content\/uploads\/2024\/02\/ard-propaganda1_800x450.jpg?fit=800%2C450&ssl=1&resize=525%2C300 1.5x, https:\/\/i0.wp.com\/www.freidenker.org\/fw17\/wp-content\/uploads\/2024\/02\/ard-propaganda1_800x450.jpg?fit=800%2C450&ssl=1&resize=700%2C400 2x"},"classes":[]},{"id":18205,"url":"https:\/\/www.freidenker.org\/?p=18205","url_meta":{"origin":18077,"position":2},"title":"Causa Correctiv: &#8222;Rechercheportal&#8220; wird durch &#8222;Geheimtreffen&#8220;-Beschuldigte juristisch angezeigt","author":"Webredaktion","date":"14. Februar 2024","format":false,"excerpt":"Beitrag von Bernhard Loyen Ein vermeintlich investigativer Artikel des\u00a0medial titulierten \"Rechercheportals\" Correctiv sorgt f\u00fcr dynamische gesellschaftliche Reaktionen hinsichtlich der Oppositionspartei AfD und ihrer Sympathisanten. Seit der Ver\u00f6ffentlichung des Correctiv-Artikels \"Neue Rechte \u2013 Geheimplan gegen Deutschland\" am 10. Januar erleben die AfD, zugeh\u00f6rige Politiker wie auch W\u00e4hler und Unterst\u00fctzer der Partei\u2026","rel":"","context":"In &quot;Demokratie \u2013 Medien \u2013 Aufkl\u00e4rung&quot;","block_context":{"text":"Demokratie \u2013 Medien \u2013 Aufkl\u00e4rung","link":"https:\/\/www.freidenker.org\/?cat=12"},"img":{"alt_text":"","src":"https:\/\/i0.wp.com\/www.freidenker.org\/fw17\/wp-content\/uploads\/2024\/02\/privacy-policy-1624400_800x450.jpg?fit=800%2C450&ssl=1&resize=350%2C200","width":350,"height":200,"srcset":"https:\/\/i0.wp.com\/www.freidenker.org\/fw17\/wp-content\/uploads\/2024\/02\/privacy-policy-1624400_800x450.jpg?fit=800%2C450&ssl=1&resize=350%2C200 1x, https:\/\/i0.wp.com\/www.freidenker.org\/fw17\/wp-content\/uploads\/2024\/02\/privacy-policy-1624400_800x450.jpg?fit=800%2C450&ssl=1&resize=525%2C300 1.5x, https:\/\/i0.wp.com\/www.freidenker.org\/fw17\/wp-content\/uploads\/2024\/02\/privacy-policy-1624400_800x450.jpg?fit=800%2C450&ssl=1&resize=700%2C400 2x"},"classes":[]},{"id":18141,"url":"https:\/\/www.freidenker.org\/?p=18141","url_meta":{"origin":18077,"position":3},"title":"Der Fall Compact: Eine gut ge\u00f6lte Zensurmaschine wird angeworfen","author":"Webredaktion","date":"11. Februar 2024","format":false,"excerpt":"Beitrag von Dagmar Henn Es wird von Tag zu Tag unheimlicher, und langsam kommt es mir vor wie ein Reichstagsbrand in Zeitlupe. Oder, besser noch, aufgeteilt in kleine H\u00e4ppchen, die \u00fcber viele Folgen hinweg verabreicht werden. M\u00fcsste ich jetzt jubeln, wenn das Magazin Compact aus den Bahnhofsbuchhandlungen verschwindet? Auch wenn\u2026","rel":"","context":"In &quot;Demokratie \u2013 Medien \u2013 Aufkl\u00e4rung&quot;","block_context":{"text":"Demokratie \u2013 Medien \u2013 Aufkl\u00e4rung","link":"https:\/\/www.freidenker.org\/?cat=12"},"img":{"alt_text":"","src":"https:\/\/i0.wp.com\/www.freidenker.org\/fw17\/wp-content\/uploads\/2024\/02\/Juergen_Elsaesser_Leipzig_2022-09-05_800x450.jpg?fit=800%2C450&ssl=1&resize=350%2C200","width":350,"height":200,"srcset":"https:\/\/i0.wp.com\/www.freidenker.org\/fw17\/wp-content\/uploads\/2024\/02\/Juergen_Elsaesser_Leipzig_2022-09-05_800x450.jpg?fit=800%2C450&ssl=1&resize=350%2C200 1x, https:\/\/i0.wp.com\/www.freidenker.org\/fw17\/wp-content\/uploads\/2024\/02\/Juergen_Elsaesser_Leipzig_2022-09-05_800x450.jpg?fit=800%2C450&ssl=1&resize=525%2C300 1.5x, https:\/\/i0.wp.com\/www.freidenker.org\/fw17\/wp-content\/uploads\/2024\/02\/Juergen_Elsaesser_Leipzig_2022-09-05_800x450.jpg?fit=800%2C450&ssl=1&resize=700%2C400 2x"},"classes":[]},{"id":17901,"url":"https:\/\/www.freidenker.org\/?p=17901","url_meta":{"origin":18077,"position":4},"title":"Die Demokratie und ihre Feinde","author":"Webredaktion","date":"20. Januar 2024","format":false,"excerpt":"Deutsche Medien zum \"Vertreibungsplan\" der AfD Beitrag von Gert Ewen Ungar Am Mittwoch [10.01.2024] titelte die Tagesschau\u00a0\"AfD-Politiker diskutieren offenbar Vertreibungsplan\". Was sich daran im Beitrag anschlie\u00dft, f\u00e4llt unter den Begriff Hetze und Desinformation. Die Tagesschau ist damit nicht allein, denn es handelt sich bei der aktuellen Agitation gegen die AfD\u2026","rel":"","context":"In &quot;Demokratie \u2013 Medien \u2013 Aufkl\u00e4rung&quot;","block_context":{"text":"Demokratie \u2013 Medien \u2013 Aufkl\u00e4rung","link":"https:\/\/www.freidenker.org\/?cat=12"},"img":{"alt_text":"","src":"https:\/\/i0.wp.com\/www.freidenker.org\/fw17\/wp-content\/uploads\/2024\/01\/Potsdam-Neu_Fahrland_AmLehnitzsee1_800x450.jpg?fit=800%2C450&ssl=1&resize=350%2C200","width":350,"height":200,"srcset":"https:\/\/i0.wp.com\/www.freidenker.org\/fw17\/wp-content\/uploads\/2024\/01\/Potsdam-Neu_Fahrland_AmLehnitzsee1_800x450.jpg?fit=800%2C450&ssl=1&resize=350%2C200 1x, https:\/\/i0.wp.com\/www.freidenker.org\/fw17\/wp-content\/uploads\/2024\/01\/Potsdam-Neu_Fahrland_AmLehnitzsee1_800x450.jpg?fit=800%2C450&ssl=1&resize=525%2C300 1.5x, https:\/\/i0.wp.com\/www.freidenker.org\/fw17\/wp-content\/uploads\/2024\/01\/Potsdam-Neu_Fahrland_AmLehnitzsee1_800x450.jpg?fit=800%2C450&ssl=1&resize=700%2C400 2x"},"classes":[]},{"id":23598,"url":"https:\/\/www.freidenker.org\/?p=23598","url_meta":{"origin":18077,"position":5},"title":"&#8222;Parasiten&#8220;: Was dem Jupiter erlaubt ist &#8230;","author":"Webredaktion","date":"21. November 2025","format":false,"excerpt":"Beitrag von Dagmar Henn Die Auseinandersetzung um die Meinungsfreiheit hat in Deutschland zwei Aspekte. Der eine ist das Fehlen einer wirklichen Debatte dar\u00fcber, was gesagt werden darf und was nicht \u2013 das funktioniert eher durch obrigkeitliche Dekrete. Das andere aber ist die regelm\u00e4\u00dfige Anwendung verschiedener Ma\u00dfst\u00e4be, ob die \u00c4u\u00dferung nun\u2026","rel":"","context":"In &quot;Demokratie \u2013 Medien \u2013 Aufkl\u00e4rung&quot;","block_context":{"text":"Demokratie \u2013 Medien \u2013 Aufkl\u00e4rung","link":"https:\/\/www.freidenker.org\/?cat=12"},"img":{"alt_text":"","src":"https:\/\/i0.wp.com\/www.freidenker.org\/fw17\/wp-content\/uploads\/2025\/11\/Jupiter_und_Ochse_KI_800x450.jpg?fit=800%2C450&ssl=1&resize=350%2C200","width":350,"height":200,"srcset":"https:\/\/i0.wp.com\/www.freidenker.org\/fw17\/wp-content\/uploads\/2025\/11\/Jupiter_und_Ochse_KI_800x450.jpg?fit=800%2C450&ssl=1&resize=350%2C200 1x, https:\/\/i0.wp.com\/www.freidenker.org\/fw17\/wp-content\/uploads\/2025\/11\/Jupiter_und_Ochse_KI_800x450.jpg?fit=800%2C450&ssl=1&resize=525%2C300 1.5x, https:\/\/i0.wp.com\/www.freidenker.org\/fw17\/wp-content\/uploads\/2025\/11\/Jupiter_und_Ochse_KI_800x450.jpg?fit=800%2C450&ssl=1&resize=700%2C400 2x"},"classes":[]}],"_links":{"self":[{"href":"https:\/\/www.freidenker.org\/index.php?rest_route=\/wp\/v2\/posts\/18077","targetHints":{"allow":["GET"]}}],"collection":[{"href":"https:\/\/www.freidenker.org\/index.php?rest_route=\/wp\/v2\/posts"}],"about":[{"href":"https:\/\/www.freidenker.org\/index.php?rest_route=\/wp\/v2\/types\/post"}],"author":[{"embeddable":true,"href":"https:\/\/www.freidenker.org\/index.php?rest_route=\/wp\/v2\/users\/3"}],"replies":[{"embeddable":true,"href":"https:\/\/www.freidenker.org\/index.php?rest_route=%2Fwp%2Fv2%2Fcomments&post=18077"}],"version-history":[{"count":0,"href":"https:\/\/www.freidenker.org\/index.php?rest_route=\/wp\/v2\/posts\/18077\/revisions"}],"wp:featuredmedia":[{"embeddable":true,"href":"https:\/\/www.freidenker.org\/index.php?rest_route=\/wp\/v2\/media\/18085"}],"wp:attachment":[{"href":"https:\/\/www.freidenker.org\/index.php?rest_route=%2Fwp%2Fv2%2Fmedia&parent=18077"}],"wp:term":[{"taxonomy":"category","embeddable":true,"href":"https:\/\/www.freidenker.org\/index.php?rest_route=%2Fwp%2Fv2%2Fcategories&post=18077"},{"taxonomy":"post_tag","embeddable":true,"href":"https:\/\/www.freidenker.org\/index.php?rest_route=%2Fwp%2Fv2%2Ftags&post=18077"}],"curies":[{"name":"wp","href":"https:\/\/api.w.org\/{rel}","templated":true}]}}