{"id":18049,"date":"2024-01-29T20:36:40","date_gmt":"2024-01-29T19:36:40","guid":{"rendered":"https:\/\/www.freidenker.org\/?p=18049"},"modified":"2024-02-13T20:44:32","modified_gmt":"2024-02-13T19:44:32","slug":"offener-brief-an-pax-christi","status":"publish","type":"post","link":"https:\/\/www.freidenker.org\/?p=18049","title":{"rendered":"Offener Brief an pax christi"},"content":{"rendered":"<p>Am 26.01.2024 verteilte die katholische Friedensorganisation &#8222;pax christi&#8220; eine E-Mail mit folgendem Inhalt:<\/p>\n<p style=\"padding-left: 40px;\"><em><strong>pax christi &#8211; Deutsche Sektion e.V. ruft mit auf:<\/strong><\/em><\/p>\n<h4 style=\"padding-left: 40px;\"><em>Schlie\u00df dich der Brandmauer gegen Rechts an!\u00a0<strong>Gegen Spaltung &#8211; F\u00fcr Demokratie<\/strong><\/em><\/h4>\n<p style=\"padding-left: 40px;\"><em>Jetzt sind wir alle gefragt: Es ist unsere gemeinsame Verantwortung, als Zivilgesellschaft ein solidarisches Miteinander zu verteidigen.<\/em><br \/>\n<em>Am 3. Februar zeigen wir mit einer gro\u00dfen Aktion um das Bundestagsgeb\u00e4ude:\u00a0<strong>Wir sind die Brandmauer!<\/strong><\/em><\/p>\n<p>Daraufhin verfassten die Freidenker und Friedensaktivisten Helene und Dr. Ansgar Klein aus W\u00fcrselen einen Offenen Brief, der am 27.01.2024 ebenfalls per Mail verteilt wurde und den wir hier dokumentieren.<\/p>\n<p style=\"text-align: right;\"><em>Webredaktion<\/em><\/p>\n<hr \/>\n<p>Werte Damen und Herren von &#8218;pax christi&#8216;-Deutsche Sektion!<\/p>\n<p><span style=\"font-size: 10pt;\">&#8211; Dieses Schreiben wird gleichzeitig mehr als 1000 Menschen zur Kenntnis gegeben. &#8211;<\/span><\/p>\n<p>Es ist uns unverst\u00e4ndlich, dass Sie auch das z.Zt. herrschende Kesseltreiben gegen die AfD mitmachen und mit der Unterst\u00fctzung des <a href=\"https:\/\/gemeinsam-hand-in-hand.org\/\">Aufrufs: &#8222;<em>Hand in Hand &#8211; jetzt solidarisch aktiv werden! &#8211; Wir rufen dazu auf, der rechten Normalisierung in Deutschland und Europa nicht l\u00e4nger zuzuschauen.<\/em>&#8222;<\/a> auch noch anheizen!<\/p>\n<p>Vorab: Wir sind KEINE Anh\u00e4nger der AfD! Das ergibt sich schon aus unserer langj\u00e4hrigen Arbeit in der Kampagne: <a href=\"http:\/\/www.natoraus.de\/\">NATO raus &#8211; raus aus der NATO<\/a>; die AfD ist klar F\u00dcR die NATO.<\/p>\n<p>Der o.g. Aufruf beginnt allerdings mit einer zutreffenden Beschreibung:<\/p>\n<blockquote><p>&#8222;<em>Krisen, Kriege, Katastrophen \u2013\u00a0die Welt um uns herum ger\u00e4t immer mehr ins Wanken. Vieles, worauf wir uns verlassen haben, ist unsicher. In einer sich schnell bewegenden Welt sehen wir, wie sich das politische Klima in Europa bedrohlich ver\u00e4ndert. \u00c4ngste vor Ver\u00e4nderungen, Verlust und Armut werden absichtlich gesch\u00fcrt, Menschen werden gegeneinander ausgespielt. <strong>Die Gr\u00e4ben in der Gesellschaft vertiefen sich.&#8220;<\/strong><\/em><\/p><\/blockquote>\n<p>Dann wird klar, wer hier f\u00fcr<em> &#8222;\u00c4ngste vor Ver\u00e4nderungen, Verlust und Armut&#8220; <\/em>verantwortlich gemacht werden soll:<\/p>\n<blockquote><p>&#8222;<em>In Deutschland entwickelt sich die politische Landschaft alarmierend: Rechte und rechtsextreme Ansichten bekommen \u00f6ffentlichen R\u00fcckhalt.&#8220; <\/em><\/p><\/blockquote>\n<p>Etwas sp\u00e4ter wird deutlich ausgesprochen, gegen wen speziell sich das Kesseltreiben richtet:<\/p>\n<blockquote><p><em>&#8222;Die Abgrenzung gegen\u00fcber Ver\u00e4chtern der Demokratie wie der AfD schwindet.&#8220;<\/em><\/p><\/blockquote>\n<p>Das Kesseltreiben gegen die AfD ist in unseren Augen ein reines Ablenkungsman\u00f6ver von den Machenschaften der &#8218;Ampel&#8216;, die Deutschland gegen die Wand f\u00e4hrt, in dem sie z.B. Milliarden in Krieg und R\u00fcstung steckt und Sanktionen gegen Russland verh\u00e4ngt und die durch das intensive Mitmachen bei dem US-gef\u00fchrten Kriegsman\u00f6ver &#8218;Steadfast Defeder&#8216; und &#8218;Quadriga 2024&#8216;\u00a0 an den Grenzen zu Russland den 3. Weltkrieg mit heraufbeschw\u00f6rt, vgl.: <a href=\"https:\/\/apolut.net\/der-dritte-weltkrieg-soll-demnaechst-stattfinden-von-hermann-ploppa\/\">https:\/\/apolut.net\/der-dritte-weltkrieg-soll-demnaechst-stattfinden-von-hermann-ploppa\/<\/a><\/p>\n<p>Bis zu welcher Pogromstimmung dieses Kesseltreiben inzwischen f\u00fchrt, zeigt z.B. das von der &#8218;AJ&#8216; (Antifa-Jugend) verantwortete Frontbanner, das am 20.Januar 2024 bei einer Demo &#8218;gegen Rechts&#8216; durch Aachen getragen wurde:<\/p>\n<p><img data-recalc-dims=\"1\" loading=\"lazy\" decoding=\"async\" data-attachment-id=\"18059\" data-permalink=\"https:\/\/www.freidenker.org\/?attachment_id=18059\" data-orig-file=\"https:\/\/i0.wp.com\/www.freidenker.org\/fw17\/wp-content\/uploads\/2024\/01\/thumb_Screenshot-2024-01-24-190341.jpg?fit=100%2C57&amp;ssl=1\" data-orig-size=\"100,57\" data-comments-opened=\"0\" data-image-meta=\"{&quot;aperture&quot;:&quot;0&quot;,&quot;credit&quot;:&quot;&quot;,&quot;camera&quot;:&quot;&quot;,&quot;caption&quot;:&quot;&quot;,&quot;created_timestamp&quot;:&quot;0&quot;,&quot;copyright&quot;:&quot;&quot;,&quot;focal_length&quot;:&quot;0&quot;,&quot;iso&quot;:&quot;0&quot;,&quot;shutter_speed&quot;:&quot;0&quot;,&quot;title&quot;:&quot;&quot;,&quot;orientation&quot;:&quot;1&quot;}\" data-image-title=\"thumb_Screenshot 2024-01-24 190341\" data-image-description=\"\" data-image-caption=\"\" data-large-file=\"https:\/\/i0.wp.com\/www.freidenker.org\/fw17\/wp-content\/uploads\/2024\/01\/thumb_Screenshot-2024-01-24-190341.jpg?fit=100%2C57&amp;ssl=1\" class=\"alignnone size-full wp-image-18059\" src=\"https:\/\/i0.wp.com\/www.freidenker.org\/fw17\/wp-content\/uploads\/2024\/01\/thumb_Screenshot-2024-01-24-190341.jpg?resize=100%2C57&#038;ssl=1\" alt=\"\" width=\"100\" height=\"57\" \/><br \/>\n<span style=\"font-size: 10pt;\">[Transparent mit der Aufschrift: &#8222;AFDler t\u00f6ten. Nazis abschieben&#8220; bei einer Demo in Aachen &#8211; Bild ist urheberechtlich gesch\u00fctzt. Es kann u.a. hier angesehen werden: <a href=\"https:\/\/www1.wdr.de\/nachrichten\/rheinland\/ermittlungen-wegen-demo-plakat-afd-toeten-100.html\" target=\"_blank\" rel=\"noopener\">wdr.de<\/a> oder <a href=\"https:\/\/www.cicero.de\/innenpolitik\/demos-gegen-rechts-afdler-toten-ermittlungen-wegen-demo-plakat\" target=\"_blank\" rel=\"noopener\">cicero.de<\/a>]<\/span><\/p>\n<p><span style=\"font-size: 12pt;\">(Wir haben Strafanzeige gegen die Tr\u00e4ger dieses Banners (Antifa-Jugend) wegen \u201a\u00d6ffentlicher Aufforderung zu Straftaten\u2018 (\u00a7 111 StGB) gestellt.)<\/span><\/p>\n<p>Wollen Sie hinter solch einem Banner hermarschieren? \u00c4hnliches k\u00f6nnte auch bei der Kundgebung passieren, zu der Sie jetzt mitaufrufen.<\/p>\n<p>Deutsche Christen haben bis auf die &#8218;Bekennende Kirche&#8216; und wenige standhafte Katholiken schon einmal auf der falschen Seite gestanden!<\/p>\n<p>Sehen Sie nicht, wie diese Hetze gegen die AfD &#8218;von oben&#8216; betrieben wird: Das von der Regierung bezahlte &#8218;CORRECTIV&#8216; hat just zum Zeitpunkt der Bauernproteste gegen die Regierung aus dem Treffen &#8222;<em>rechtsgerichteter Aktivisten unter Beteiligung von Politikern aus AfD und CDU in Potsdam, das <strong>im November letzten Jahres<\/strong> stattfand&#8220;<\/em> (siehe (<a href=\"https:\/\/www.nachdenkseiten.de\/?p=109841#more-109841\">https:\/\/www.nachdenkseiten.de\/?p=109841#more-109841<\/a>) wegen der dort vertretenen Abschiebeszenarien einen publikumswirksamen Skandal gemacht. Die Regierungsparteien incl. CDU\/CSU vertreten in Punkto Migrationspolitik auch nichts anderes als AfD- und CDU-Mitglieder:<\/p>\n<p><img data-recalc-dims=\"1\" loading=\"lazy\" decoding=\"async\" data-attachment-id=\"18058\" data-permalink=\"https:\/\/www.freidenker.org\/?attachment_id=18058\" data-orig-file=\"https:\/\/i0.wp.com\/www.freidenker.org\/fw17\/wp-content\/uploads\/2024\/01\/thumb_Scholz_240122_aufstand.jpg?fit=80%2C100&amp;ssl=1\" data-orig-size=\"80,100\" data-comments-opened=\"0\" data-image-meta=\"{&quot;aperture&quot;:&quot;0&quot;,&quot;credit&quot;:&quot;&quot;,&quot;camera&quot;:&quot;&quot;,&quot;caption&quot;:&quot;&quot;,&quot;created_timestamp&quot;:&quot;0&quot;,&quot;copyright&quot;:&quot;&quot;,&quot;focal_length&quot;:&quot;0&quot;,&quot;iso&quot;:&quot;0&quot;,&quot;shutter_speed&quot;:&quot;0&quot;,&quot;title&quot;:&quot;&quot;,&quot;orientation&quot;:&quot;1&quot;}\" data-image-title=\"thumb_Scholz_240122_aufstand\" data-image-description=\"\" data-image-caption=\"\" data-large-file=\"https:\/\/i0.wp.com\/www.freidenker.org\/fw17\/wp-content\/uploads\/2024\/01\/thumb_Scholz_240122_aufstand.jpg?fit=80%2C100&amp;ssl=1\" class=\"alignnone wp-image-18058 size-full\" src=\"https:\/\/i0.wp.com\/www.freidenker.org\/fw17\/wp-content\/uploads\/2024\/01\/thumb_Scholz_240122_aufstand.jpg?resize=80%2C100&#038;ssl=1\" alt=\"\" width=\"80\" height=\"100\" \/><br \/>\n<span style=\"font-size: 10pt;\">[Titelbild des SPIEGEL Nr. 43\/23 vom 21.10.2023 mit Portr\u00e4t von Olaf Scholz und der Titelzeile &#8222;Wir m\u00fcssen endlich im gro\u00dfen Stil abschieben&#8220; &#8211; Bild ist urheberrechtlich gesch\u00fctzt. Es kann u.a. hier angesehen werden: <a href=\"https:\/\/cdn.magazin.spiegel.de\/EpubDelivery\/image\/title\/sp\/2023\/43\/260\" target=\"_blank\" rel=\"noopener\">spiegel.de<\/a> oder <a href=\"https:\/\/www.amazon.de\/SPIEGEL-m%C3%BCssen-endlich-gro%C3%9Fen-abschieben\/dp\/B0CLJ28LSN\" target=\"_blank\" rel=\"noopener\">amazon.de<\/a>\u00a0]<\/span><\/p>\n<p>Im \u00dcbrigen:<\/p>\n<p>Wer hat denn &#8222;<em>Die Gr\u00e4ben in der Gesellschaft vertief(t)&#8220;? <\/em><\/p>\n<p>Wer hat denn in der &#8218;Corona&#8216;-Zeit zwischen &#8218;Impf&#8216;-Bef\u00fcrwortern und &#8218;Impf&#8216;-Gegnern die <em>Gr\u00e4ben<\/em> ausgehoben? Waren es nicht Spahn (CDU) &amp; Co und dann Lauterbach (SPD) &amp; Co!? &#8211; Ganz abgesehen davon, dass von denen, die sich die mRNA-Injektion haben verpassen lassen, Tausende gestorben und Tausende unter lebenslangen &#8218;Impf&#8216;-Sch\u00e4den leiden.<\/p>\n<p>Wer hat denn zwischen Kriegsbef\u00fcrwortern und &#8222;<em>Lumpenpazifisten<\/em>&#8220; und &#8222;<em>gefallenen Engeln aus der H\u00f6lle<\/em>&#8220; (Scholz, SPD) die <em>Gr\u00e4ben<\/em> ausgehoben?<\/p>\n<p>Wer hat denn &#8222;<em>Krisen, Kriege, Katastrophen&#8220; <\/em>heraufbeschworen?<\/p>\n<p>An erster Stelle die US-gef\u00fchrte NATO! Deren Generalsekret\u00e4r Stoltenberg hat laut <a href=\"https:\/\/www.washingtonpost.com\/opinions\/2023\/05\/09\/interview-jens-stoltenberg-nato-ukraine\/\">\u201aWashington Post\u2018 vom 9. Mai<\/a> gesagt: <em>\u201eDer Krieg in der Ukraine hat die NATO grundlegend ver\u00e4ndert, aber man darf nicht vergessen, dass der Krieg nicht erst 2022 begonnen hat. <strong>Der Krieg begann im Jahr 2014.<\/strong> Und seither hat die NATO die gr\u00f6\u00dfte Verst\u00e4rkung unserer kollektiven <strong>Verteidigung<\/strong> seit dem Ende des Kalten Krieges durchgef\u00fchrt.\u201c <\/em><\/p>\n<p>Was hat denn die NATO seit 2014 in der Ukraine zu <strong>verteidigen??? <\/strong>Und wer hat zugegeben, dass das Abkommen &#8218;Minsk II&#8216; 2015 nur vereinbart wurde, <em>um der Ukraine Zeit zur Aufr\u00fcstung<\/em> (mit NATO-Waffen) <em>zu geben<\/em>? Merkel (CDU)!<\/p>\n<p>Wer hat denn den seit 2014 andauernden Ukraine-Krieg befeuert und f\u00fcr Waffenlieferungen und Euros in Milliardenh\u00f6he in die Ukraine gestimmt? Baerbock (Gr\u00fcne): &#8222;<em>Wir k\u00e4mpfen einen Krieg gegen Russland<\/em>.&#8220;, Pistorius (SPD): &#8222;<em>Wir m\u00fcssen kriegst\u00fcchtig werden!<\/em>&#8220; und Sara Nanni (Gr\u00fcne), Strack-Zimmermann (FDP), Merz (CDU), Kiesewetter(CDU) &amp; CO wollen gar &#8218;Taurus&#8216; Marschflugk\u00f6rper an die Ukraine liefern &#8222;<em>damit Versorgungs- und Kommandostrukturen weit hinter der Front ausgeschaltet werden k\u00f6nnen<\/em>&#8222;, also wie oben schon gesagt: den 3. Weltkrieg mit heraufbeschw\u00f6ren!<\/p>\n<blockquote><p>&#8222;<em>Rechtsextremismus ist, wenn wieder deutsche Panzer gegen Russen k\u00e4mpfen!<\/em>&#8222;<\/p><\/blockquote>\n<p>Und wer hat den Antrag &#8222;<em>Deutschlands Verantwortung f\u00fcr Frieden in Europa gerecht werden \u2013 Eine<\/em> <em>Friedensinitiative<\/em> <em>mit Sicherheitsgarantien f\u00fcr die Ukraine und Russland<\/em>&#8220; in den Deutschen Bundestag eingebracht? Die AfD-Fraktion! Und wer hat gegen diese Friedensinitiative gestimmt? Alle &#8218;unsere&#8216; &#8218;guten&#8216; Volksvertreter &#8211; bei wenigen Enthaltungen!<\/p>\n<p>Wer hat denn zu &#8222;<em>Verlust und Armut&#8220; <\/em>beigetragen?<\/p>\n<p>Baerbock (Gr\u00fcne) wollte mit Sanktionen &#8222;Russland ruinieren&#8220;; Scholz (SPD) stand grinsend neben US-Pr\u00e4sident Biden, als der am 7. Februar 2022 verk\u00fcndete: &#8222;<em>Wenn Russland einmarschiert, das hei\u00dft Panzer oder Truppen \u00fcber die Grenze der Ukraine fahren, dann wird es kein Nord Stream 2 mehr geben. Wir werden das beenden<\/em>\u201c. Russlands Wirtschaft w\u00e4chst und Deutschlands Wirtschaft wird ruiniert: <em>Verlust<\/em> von Arbeitspl\u00e4tzen und <em>Armut<\/em> durch steigende Energie- und Konsum-Preise!<\/p>\n<p>Gegen die Machenschaften der &#8218;Ampel&#8216; sollten wir eine &#8222;<em>Brandmauer<\/em>&#8220; errichten!<\/p>\n<p>&nbsp;<\/p>\n<p>Friedliche Gr\u00fc\u00dfe!<\/p>\n<p>Helene + Dr. Ansgar Klein<\/p>\n<p style=\"text-align: right;\"><em>Helene und Dr. Ansgar Klein sind Mitglieder des Deutschen Freidenker-Verbandes<\/em><\/p>\n<hr \/>\n<p><span style=\"font-size: 10pt;\">Bild oben: <span class=\"mw-mmv-title\">Plakat auf der Demo &#8222;Gemeinsam gegen Rechts&#8220; am 21.01.2024 in M\u00fcnchen<br \/>\nFoto: Amrei-Marie, <a href=\"https:\/\/creativecommons.org\/licenses\/by-sa\/4.0\" target=\"_blank\" rel=\"noopener\">CC BY-SA 4.0<\/a><br \/>\n<\/span>Quelle: <a href=\"https:\/\/commons.wikimedia.org\/w\/index.php?curid=144377286\" target=\"_blank\" rel=\"noopener\">https:\/\/commons.wikimedia.org\/w\/index.php?curid=144377286<\/a><\/span><\/p>\n","protected":false},"excerpt":{"rendered":"<p>Am 26.01.2024 verteilte die katholische Friedensorganisation &#8222;pax christi&#8220; eine E-Mail mit folgendem Inhalt:<br \/>\n<i><b>pax christi &#8211; Deutsche Sektion e.V. ruft mit auf: Schlie\u00df dich der Brandmauer gegen Rechts an!\u00a0Gegen Spaltung &#8211; F\u00fcr Demokratie<\/b><br \/>\nJetzt sind wir alle gefragt: Es ist unsere gemeinsame Verantwortung, als Zivilgesellschaft ein solidarisches Miteinander zu verteidigen.<br \/>\nAm 3. Februar zeigen wir mit einer gro\u00dfen Aktion um das Bundestagsgeb\u00e4ude:\u00a0Wir sind die Brandmauer!<\/i><br \/>\nDaraufhin verfassten die Freidenker und Friedensaktivisten Helene und Dr. Ansgar Klein aus W\u00fcrselen einen Offenen Brief, der am 27.01.2024 ebenfalls per Mail verteilt wurde und den wir hier dokumentieren.<\/p>\n","protected":false},"author":3,"featured_media":18061,"comment_status":"closed","ping_status":"closed","sticky":false,"template":"","format":"standard","meta":{"colormag_page_container_layout":"default_layout","colormag_page_sidebar_layout":"default_layout","advanced_seo_description":"","jetpack_seo_html_title":"","jetpack_seo_noindex":false,"jetpack_post_was_ever_published":false,"footnotes":""},"categories":[13],"tags":[1031,1968,1256,162,43,2023,1461,56,1904,2103,812,1227,639,1525],"class_list":["post-18049","post","type-post","status-publish","format-standard","has-post-thumbnail","hentry","category-frieden-antifaschismus-solidaritaet","tag-afd","tag-ampelkoalition","tag-corona-virus","tag-demokratie","tag-friedensbewegung","tag-impfschaeden","tag-impfzwang","tag-nato","tag-offener-brief","tag-pax-christi","tag-protest","tag-rechtsextremismus","tag-ukraine-konflikt","tag-waffenlieferungen"],"jetpack_featured_media_url":"https:\/\/i0.wp.com\/www.freidenker.org\/fw17\/wp-content\/uploads\/2024\/01\/Plakat_auf_der_Demo_-Gemeinsam_gegen_Rechts-_08_800x450.jpg?fit=800%2C450&ssl=1","jetpack_shortlink":"https:\/\/wp.me\/p9stpK-4H7","jetpack-related-posts":[{"id":22251,"url":"https:\/\/www.freidenker.org\/?p=22251","url_meta":{"origin":18049,"position":0},"title":"Gaza: Massaker, Aushungern, Vertreibung stoppen!","author":"Webredaktion","date":"30. Juni 2025","format":false,"excerpt":"Aufruf zu einer \u00fcberregionalen Demonstration in Heidelberg Gaza: Massaker, Aushungern, Vertreibung stoppen! Kriege gegen Iran, Syrien und Libanon beenden! Schluss mit Waffen und Beihilfe aus Deutschland! F\u00fcr einen gerechten Frieden im Nahen Osten! u.a. mit Tsafrir Cohen (medico inernational) und Prof. Helga Baumgarten (Birzeit Universit\u00e4t) am 05.07.2025 in Heidelberg, Auftakt:\u2026","rel":"","context":"In &quot;Frieden - Antifaschismus - Solidarit\u00e4t&quot;","block_context":{"text":"Frieden - Antifaschismus - Solidarit\u00e4t","link":"https:\/\/www.freidenker.org\/?cat=13"},"img":{"alt_text":"","src":"https:\/\/i0.wp.com\/www.freidenker.org\/fw17\/wp-content\/uploads\/2025\/06\/gaza_demo_heidelberg_plakat2_800x450.jpg?fit=800%2C450&ssl=1&resize=350%2C200","width":350,"height":200,"srcset":"https:\/\/i0.wp.com\/www.freidenker.org\/fw17\/wp-content\/uploads\/2025\/06\/gaza_demo_heidelberg_plakat2_800x450.jpg?fit=800%2C450&ssl=1&resize=350%2C200 1x, https:\/\/i0.wp.com\/www.freidenker.org\/fw17\/wp-content\/uploads\/2025\/06\/gaza_demo_heidelberg_plakat2_800x450.jpg?fit=800%2C450&ssl=1&resize=525%2C300 1.5x, https:\/\/i0.wp.com\/www.freidenker.org\/fw17\/wp-content\/uploads\/2025\/06\/gaza_demo_heidelberg_plakat2_800x450.jpg?fit=800%2C450&ssl=1&resize=700%2C400 2x"},"classes":[]},{"id":19922,"url":"https:\/\/www.freidenker.org\/?p=19922","url_meta":{"origin":18049,"position":1},"title":"Offener Brief an den Pr\u00e4sidenten der Vereinigten Staaten Joe Biden","author":"Webredaktion","date":"27. September 2024","format":false,"excerpt":"Offener Brief von Wolfgang Effenberger und Dr. Amir Mortasawi (25. September 2024) Sehr geehrter Herr Pr\u00e4sident! Wir sind gespannt auf Ihren f\u00fcr den 10. Oktober 2024 geplanten Besuch in Deutschland und hoffen inst\u00e4ndig, dass Sie mit 81 Jahren, nach Ihrer \u00fcber 50-j\u00e4hrigen politischen T\u00e4tigkeit und am Ende Ihrer Amtszeit als\u2026","rel":"","context":"In &quot;Demokratie \u2013 Medien \u2013 Aufkl\u00e4rung&quot;","block_context":{"text":"Demokratie \u2013 Medien \u2013 Aufkl\u00e4rung","link":"https:\/\/www.freidenker.org\/?cat=12"},"img":{"alt_text":"","src":"https:\/\/i0.wp.com\/www.freidenker.org\/fw17\/wp-content\/uploads\/2024\/09\/biden_P20240919AS-0842_800x450.jpg?fit=800%2C450&ssl=1&resize=350%2C200","width":350,"height":200,"srcset":"https:\/\/i0.wp.com\/www.freidenker.org\/fw17\/wp-content\/uploads\/2024\/09\/biden_P20240919AS-0842_800x450.jpg?fit=800%2C450&ssl=1&resize=350%2C200 1x, https:\/\/i0.wp.com\/www.freidenker.org\/fw17\/wp-content\/uploads\/2024\/09\/biden_P20240919AS-0842_800x450.jpg?fit=800%2C450&ssl=1&resize=525%2C300 1.5x, https:\/\/i0.wp.com\/www.freidenker.org\/fw17\/wp-content\/uploads\/2024\/09\/biden_P20240919AS-0842_800x450.jpg?fit=800%2C450&ssl=1&resize=700%2C400 2x"},"classes":[]},{"id":10435,"url":"https:\/\/www.freidenker.org\/?p=10435","url_meta":{"origin":18049,"position":2},"title":"Offener Brief zu den Vorg\u00e4ngen an den Pfingsttagen 2021 in Berlin","author":"Webredaktion","date":"27. Mai 2021","format":false,"excerpt":"Offener Brief an den regierenden B\u00fcrgermeister\u00a0und die Regierungsfraktionen SPD, LINKE und B\u00fcndnis 90\/Die Gr\u00fcnen von Berlin ... Wir beide waren am 21. Mai nach Berlin gereist, um an den Pfingsttagen gem\u00e4\u00df dem Manifest \u201ePfingsten in Berlin -Unsere Grundrechte sind nicht verhandelbar\u201c friedlich f\u00fcr die uneingeschr\u00e4nkte Wiederherstellung unserer Grundrechte einzutreten, die\u2026","rel":"","context":"In &quot;Demokratie \u2013 Medien \u2013 Aufkl\u00e4rung&quot;","block_context":{"text":"Demokratie \u2013 Medien \u2013 Aufkl\u00e4rung","link":"https:\/\/www.freidenker.org\/?cat=12"},"img":{"alt_text":"","src":"https:\/\/i0.wp.com\/www.freidenker.org\/fw17\/wp-content\/uploads\/2021\/05\/ansgar_helene_klein_2021-05-23-1-0538-800x450-1.jpg?fit=800%2C450&ssl=1&resize=350%2C200","width":350,"height":200,"srcset":"https:\/\/i0.wp.com\/www.freidenker.org\/fw17\/wp-content\/uploads\/2021\/05\/ansgar_helene_klein_2021-05-23-1-0538-800x450-1.jpg?fit=800%2C450&ssl=1&resize=350%2C200 1x, https:\/\/i0.wp.com\/www.freidenker.org\/fw17\/wp-content\/uploads\/2021\/05\/ansgar_helene_klein_2021-05-23-1-0538-800x450-1.jpg?fit=800%2C450&ssl=1&resize=525%2C300 1.5x, https:\/\/i0.wp.com\/www.freidenker.org\/fw17\/wp-content\/uploads\/2021\/05\/ansgar_helene_klein_2021-05-23-1-0538-800x450-1.jpg?fit=800%2C450&ssl=1&resize=700%2C400 2x"},"classes":[]},{"id":1301,"url":"https:\/\/www.freidenker.org\/?p=1301","url_meta":{"origin":18049,"position":3},"title":"Aufruf zum Weltfriedenstag 2017 in Frankfurt am Main","author":"Webredaktion","date":"28. August 2017","format":false,"excerpt":"Aufruf zum Antikriegstag 2017 in Frankfurt am Main \"Kriege stoppen - Fluchtursachen bek\u00e4mpfen\" Kundgebung 1. September 2017 - 17 Uhr Opferdenkmal Gallusanlage - Frankfurt am Main mit Karola St\u00f6tzel (GEW Hessen), G\u00fcnter Burkhardt (PRO ASYL), Thomas Minhardt (Pax Christi)","rel":"","context":"In &quot;Veranstaltungen in den DFV-Landesverb\u00e4nden&quot;","block_context":{"text":"Veranstaltungen in den DFV-Landesverb\u00e4nden","link":"https:\/\/www.freidenker.org\/?cat=19"},"img":{"alt_text":"","src":"https:\/\/i0.wp.com\/www.freidenker.org\/fw17\/wp-content\/uploads\/2017\/08\/dove-2901815_800x445.jpg?fit=800%2C445&ssl=1&resize=350%2C200","width":350,"height":200,"srcset":"https:\/\/i0.wp.com\/www.freidenker.org\/fw17\/wp-content\/uploads\/2017\/08\/dove-2901815_800x445.jpg?fit=800%2C445&ssl=1&resize=350%2C200 1x, https:\/\/i0.wp.com\/www.freidenker.org\/fw17\/wp-content\/uploads\/2017\/08\/dove-2901815_800x445.jpg?fit=800%2C445&ssl=1&resize=525%2C300 1.5x, https:\/\/i0.wp.com\/www.freidenker.org\/fw17\/wp-content\/uploads\/2017\/08\/dove-2901815_800x445.jpg?fit=800%2C445&ssl=1&resize=700%2C400 2x"},"classes":[]},{"id":10523,"url":"https:\/\/www.freidenker.org\/?p=10523","url_meta":{"origin":18049,"position":4},"title":"Deutsche Friedensbewegung zum \u00dcberfall auf die Sowjetunion","author":"Webredaktion","date":"8. Juni 2021","format":false,"excerpt":"Der Freidenkerverband begr\u00fc\u00dft es, wenn m\u00f6glichst viele gesellschaftliche Kr\u00e4fte den bevorstehenden 80. Jahrestags des \u00dcberfalls der deutschen Faschisten auf die Sowjetunion zum Anlass nehmen, ein Ende der Konfrontationspolitik gegen Russland und eine friedliche Zusammenarbeit zu fordern. Eine solche Initiative ist auch ein Projekt aus Friedensbewegung und dem politischen Raum, in\u2026","rel":"","context":"In &quot;Frieden - Antifaschismus - Solidarit\u00e4t&quot;","block_context":{"text":"Frieden - Antifaschismus - Solidarit\u00e4t","link":"https:\/\/www.freidenker.org\/?cat=13"},"img":{"alt_text":"","src":"https:\/\/i0.wp.com\/www.freidenker.org\/fw17\/wp-content\/uploads\/2021\/06\/Frieden_schliessen_Russland_800x450.jpg?fit=800%2C450&ssl=1&resize=350%2C200","width":350,"height":200,"srcset":"https:\/\/i0.wp.com\/www.freidenker.org\/fw17\/wp-content\/uploads\/2021\/06\/Frieden_schliessen_Russland_800x450.jpg?fit=800%2C450&ssl=1&resize=350%2C200 1x, https:\/\/i0.wp.com\/www.freidenker.org\/fw17\/wp-content\/uploads\/2021\/06\/Frieden_schliessen_Russland_800x450.jpg?fit=800%2C450&ssl=1&resize=525%2C300 1.5x, https:\/\/i0.wp.com\/www.freidenker.org\/fw17\/wp-content\/uploads\/2021\/06\/Frieden_schliessen_Russland_800x450.jpg?fit=800%2C450&ssl=1&resize=700%2C400 2x"},"classes":[]},{"id":6894,"url":"https:\/\/www.freidenker.org\/?p=6894","url_meta":{"origin":18049,"position":5},"title":"Freidenker-Brief EXTRA August 2019: Kurs diktieren oder diskutieren?","author":"Webredaktion","date":"31. August 2019","format":false,"excerpt":"Auf die Ver\u00f6ffentlichungen der jungen Welt am 10. August 2019 zu dem Appell \u201eWir wollen Transparenz, junge Welt!\u201c erscheint hier die Antwort der Attackierten Dr. Diether Dehm und Klaus Hartmann. Das hat zwei Gr\u00fcnde: Der erste Grund h\u00e4ngt mit dem Konflikt unmittelbar zusammen, bildet dessen Kern: dass n\u00e4mlich seitens der\u2026","rel":"","context":"In &quot;Demokratie \u2013 Medien \u2013 Aufkl\u00e4rung&quot;","block_context":{"text":"Demokratie \u2013 Medien \u2013 Aufkl\u00e4rung","link":"https:\/\/www.freidenker.org\/?cat=12"},"img":{"alt_text":"","src":"https:\/\/i0.wp.com\/www.freidenker.org\/fw17\/wp-content\/uploads\/2019\/08\/fd-brief-2019-august-coll.jpg?fit=800%2C445&ssl=1&resize=350%2C200","width":350,"height":200,"srcset":"https:\/\/i0.wp.com\/www.freidenker.org\/fw17\/wp-content\/uploads\/2019\/08\/fd-brief-2019-august-coll.jpg?fit=800%2C445&ssl=1&resize=350%2C200 1x, https:\/\/i0.wp.com\/www.freidenker.org\/fw17\/wp-content\/uploads\/2019\/08\/fd-brief-2019-august-coll.jpg?fit=800%2C445&ssl=1&resize=525%2C300 1.5x, https:\/\/i0.wp.com\/www.freidenker.org\/fw17\/wp-content\/uploads\/2019\/08\/fd-brief-2019-august-coll.jpg?fit=800%2C445&ssl=1&resize=700%2C400 2x"},"classes":[]}],"_links":{"self":[{"href":"https:\/\/www.freidenker.org\/index.php?rest_route=\/wp\/v2\/posts\/18049","targetHints":{"allow":["GET"]}}],"collection":[{"href":"https:\/\/www.freidenker.org\/index.php?rest_route=\/wp\/v2\/posts"}],"about":[{"href":"https:\/\/www.freidenker.org\/index.php?rest_route=\/wp\/v2\/types\/post"}],"author":[{"embeddable":true,"href":"https:\/\/www.freidenker.org\/index.php?rest_route=\/wp\/v2\/users\/3"}],"replies":[{"embeddable":true,"href":"https:\/\/www.freidenker.org\/index.php?rest_route=%2Fwp%2Fv2%2Fcomments&post=18049"}],"version-history":[{"count":0,"href":"https:\/\/www.freidenker.org\/index.php?rest_route=\/wp\/v2\/posts\/18049\/revisions"}],"wp:featuredmedia":[{"embeddable":true,"href":"https:\/\/www.freidenker.org\/index.php?rest_route=\/wp\/v2\/media\/18061"}],"wp:attachment":[{"href":"https:\/\/www.freidenker.org\/index.php?rest_route=%2Fwp%2Fv2%2Fmedia&parent=18049"}],"wp:term":[{"taxonomy":"category","embeddable":true,"href":"https:\/\/www.freidenker.org\/index.php?rest_route=%2Fwp%2Fv2%2Fcategories&post=18049"},{"taxonomy":"post_tag","embeddable":true,"href":"https:\/\/www.freidenker.org\/index.php?rest_route=%2Fwp%2Fv2%2Ftags&post=18049"}],"curies":[{"name":"wp","href":"https:\/\/api.w.org\/{rel}","templated":true}]}}