{"id":18042,"date":"2024-01-28T23:50:22","date_gmt":"2024-01-28T22:50:22","guid":{"rendered":"https:\/\/www.freidenker.org\/?p=18042"},"modified":"2024-02-13T20:44:25","modified_gmt":"2024-02-13T19:44:25","slug":"dritter-anlauf","status":"publish","type":"post","link":"https:\/\/www.freidenker.org\/?p=18042","title":{"rendered":"Dritter Anlauf"},"content":{"rendered":"<p><em>Von <strong>Arnold Sch\u00f6lzel<\/strong><\/em><\/p>\n<p><span style=\"font-size: 10pt;\">Erstver\u00f6ffentlichung im <a href=\"http:\/\/www.rotfuchs.net\/files\/rotfuchs-ausgaben-pdf\/2024\/RF-311-01-24.pdf\" target=\"_blank\" rel=\"noopener\">Rotfuchs, Nr. 311<\/a> vom Januar 2024<br \/>\nVer\u00f6ffentlichung auf unserer Seite mit freundlicher Genehmigung des Autors<\/span><\/p>\n<p>Am 21. Januar vor 100 Jahren starb Wladimir Iljitsch Lenin. Er stand an der Spitze der Gro\u00dfen Sozialistischen Oktoberrevolution von 1917, die ein ganzes Kapitel der Geschichte der Menschheit beendete und ein neues er\u00f6ffnete. Bereits ihre ersten Ma\u00dfnahmen \u2013 das Dekret \u00fcber den Frieden, mit dem Russland aus dem imperialistischen Weltkrieg ausschied, und das Dekret \u00fcber den Boden \u2013 hatten eine ungeheure Wirkung au\u00dferhalb und innerhalb Russlands. Zum ersten Mal entstand eine machtvolle Friedensbewegung in den L\u00e4ndern des Imperialismus. Millionen Menschen in Nordamerika und Westeuropa verlangten nicht nur ein Ende des Krieges, sondern auch die Sicherung eines dauerhaften Friedens. Vielen war klar: Das war nur im Sozialismus m\u00f6glich. Die Begeisterung f\u00fcr die neue Gesellschaftsordnung erreichte nach 1917 Klassen und Schichten weit \u00fcber das Industrieproletariat hinaus. Nach mehr als 400 Jahren kolonialer Ausbeutung, Unterdr\u00fcckung, Versklavung und Ausrottung ganzer V\u00f6lker begann mit der Oktoberrevolution und dem Aufstieg der Sowjetunion die erste Phase des Befreiungskampfes in den Kolonien.<\/p>\n<p>Lenin war der einzige marxistische Theoretiker seiner Zeit, der das \u00f6konomische Wesen des imperialistischen Krieges im Monopol aufdeckte, in einer neuen Stufe der Vergesellschaftung der Produktion, im Verschmelzen von Banken und Industriekapital. Er machte zugleich immer wieder darauf aufmerksam, dass mit dem Monopolkapital auch eine neue Stufe der kolonialen Unterdr\u00fcckung erreicht wurde. In seiner 1916 verfassten Studie \u201eDer Imperialismus als h\u00f6chstes Stadium des Kapitalismus\u201c schrieb er zum Beispiel: \u201eDie Monopole haben in verst\u00e4rktem Ma\u00dfe zur Besitzergreifung der wichtigsten Rohstoffquellen gef\u00fchrt (\u2026) Die monopolistische Beherrschung der wichtigsten Rohstoffquellen hat die Macht des Gro\u00dfkapitals ungeheuer gesteigert (\u2026) Das Monopol ist aus der Kolonialpolitik erwachsen. Den zahlreichen \u201aalten\u2018 Motiven der Kolonialpolitik f\u00fcgte das Finanzkapital noch den Kampf um Rohstoffquellen hinzu, um Kapitalexport, um \u201aEinflusssph\u00e4ren\u2018, d. h. um Sph\u00e4ren f\u00fcr ihre gewinnbringenden Gesch\u00e4fte.\u201c (Lenin Werke, Band 22, Seiten 304\/305) Einhundert Jahre nach Lenins Tod und knapp 80 Jahre nach dem Zweiten Weltkrieg, der vom deutschen Imperialismus vor allem als Raub und Kolonialkrieg gegen die Sowjetunion gef\u00fchrt wurde, sind wir gegenw\u00e4rtig Zeitgenossen der zweiten Phase der Entkolonialisierung. Zum ersten Mal werden viele Staaten Asiens, Afrikas und Lateinamerikas nicht nur formal vom Imperialismus unabh\u00e4ngig, sondern auch wirtschaftlich und politisch. M\u00f6glich gemacht hat das der Aufstieg Chinas zur wirtschaftlichen Weltmacht. Aber wieder stellt sich der deutsche Imperialismus in Europa an die Spitze eines NATO-Krieges, der das kapitalistische \u00a0Russland zum Rohstoffvasall des Westens machen soll. Am deutlichsten hat das bisher die SPD ausgesprochen, nicht nur durch die Forderung, Deutschland m\u00fcsse \u201ekriegst\u00fcchtig\u201c werden. Sie verabschiedete auf ihrem Parteitag vom 7. bis zum 10. Dezember 2023 in Berlin ein au\u00dfenpolitisches Papier, in dem der Satz steht: \u201eSolange sich in Russland nichts fundamental \u00e4ndert, wird die Sicherheit Europas vor Russland organisiert werden m\u00fcssen.\u201c Das ist eine Kriegserkl\u00e4rung nicht nur gegen Russland, sondern gegen alle Staaten, die sich aus Abh\u00e4ngigkeit vom Imperialismus l\u00f6sen. In Berlin regiert erneut der Gr\u00f6\u00dfenwahn.<\/p>\n<p>Auch unter deutschen Linken wird \u00fcber den Charakter des Krieges gegen Russland oder \u00fcber die Gesellschaft der Volksrepublik China gestritten. Manche erkl\u00e4ren, es gehe beiden L\u00e4ndern um die Neuaufteilung der Welt. Nicht erw\u00e4hnt wird aber: Vor der globalen Neuaufteilung will der Imperialismus Russland und China aufteilen. Bei Lenin l\u00e4sst sich nachlesen, warum. Er schrieb 1920 im Vorwort zur franz\u00f6sischen und deutschen Ausgabe seiner Imperialismusstudie: \u201eDer Kapitalismus ist zu einem Weltsystem kolonialer Unterdr\u00fcckung und finanzieller Erdrosselung der \u00fcbergro\u00dfen Mehrheit der Bev\u00f6lkerung der Erde durch eine Handvoll \u201afortgeschrittener\u2018 L\u00e4nder geworden. Und in die \u201aBeute\u2018 teilen sich zwei, drei weltbeherrschende, bis an die Z\u00e4hne bewaffnete R\u00e4uber (Amerika, England, Japan), die die ganze Welt in ihren Krieg um bei der Beuteverteilung vorn mit dabeizusein.\u201c Lenin konnte nicht ahnen, dass der deutsche Imperialismus gut 100 Jahre danach den inzwischen dritten Anlauf unternimmt, um bei der Beuteverteilung vorn mit dabei zu sein. Er darf und wird nicht damit durchkommen.<\/p>\n<p style=\"text-align: right;\"><em>Dr. Arnold Sch\u00f6lzel ist Mitglied des Beirats des Deutschen Freidenker-Verbandes<\/em><\/p>\n<hr \/>\n<p><span style=\"font-size: 10pt;\">Bild oben: W. I. Lenin 1917 in Petrograd<\/span><br \/>\n<span style=\"font-size: 10pt;\">Public Domain<\/span><br \/>\n<span style=\"font-size: 10pt;\">Quelle: <a href=\"https:\/\/commons.wikimedia.org\/w\/index.php?curid=116994021\" target=\"_blank\" rel=\"noopener\">https:\/\/commons.wikimedia.org\/w\/index.php?curid=116994021<\/a><\/span><\/p>\n","protected":false},"excerpt":{"rendered":"<p><b>Beitrag von Arnold Sch\u00f6lzel<\/b><br \/>\nAm 21. Januar vor 100 Jahren starb Wladimir Iljitsch Lenin. Er stand an der Spitze der Gro\u00dfen Sozialistischen Oktoberrevolution von 1917, die ein ganzes Kapitel der Geschichte der Menschheit beendete und ein neues er\u00f6ffnete. Bereits ihre ersten Ma\u00dfnahmen \u2013 das Dekret \u00fcber den Frieden, mit dem Russland aus dem imperialistischen Weltkrieg ausschied, und das Dekret \u00fcber den Boden \u2013 hatten eine ungeheure Wirkung au\u00dferhalb und innerhalb Russlands. Zum ersten Mal entstand eine machtvolle Friedensbewegung in den L\u00e4ndern des Imperialismus. Millionen Menschen in Nordamerika und Westeuropa verlangten nicht nur ein Ende des Krieges, sondern auch die Sicherung eines dauerhaften Friedens. Vielen war klar: Das war nur im Sozialismus m\u00f6glich. Die Begeisterung f\u00fcr die neue Gesellschaftsordnung erreichte nach 1917 Klassen und Schichten weit \u00fcber das Industrieproletariat hinaus. <\/p>\n","protected":false},"author":3,"featured_media":18043,"comment_status":"closed","ping_status":"closed","sticky":false,"template":"","format":"standard","meta":{"colormag_page_container_layout":"default_layout","colormag_page_sidebar_layout":"default_layout","advanced_seo_description":"","jetpack_seo_html_title":"","jetpack_seo_noindex":false,"jetpack_post_was_ever_published":false,"footnotes":""},"categories":[1162],"tags":[611,43,404,441,562,188,415,135,222],"class_list":["post-18042","post","type-post","status-publish","format-standard","has-post-thumbnail","hentry","category-geschichte","tag-dekret-ueber-den-frieden","tag-friedensbewegung","tag-imperialismus","tag-kapitalismus","tag-kolonialismus","tag-krieg","tag-lenin","tag-oktoberrevolution","tag-russland"],"jetpack_featured_media_url":"https:\/\/i0.wp.com\/www.freidenker.org\/fw17\/wp-content\/uploads\/2024\/01\/Vladimir_Lenin_giving_a_speech_800x450.jpg?fit=800%2C450&ssl=1","jetpack_shortlink":"https:\/\/wp.me\/p9stpK-4H0","jetpack-related-posts":[{"id":1206,"url":"https:\/\/www.freidenker.org\/?p=1206","url_meta":{"origin":18042,"position":0},"title":"Freidenker-Brief 3-2017: 100 Jahre Oktoberrevolution","author":"Webredaktion","date":"30. September 2017","format":false,"excerpt":"Der Deutsche Freidenker-Verband veranstaltete am 30. September 2017 in Berlin im Rathaussaal Pankow eine Konferenz unter dem Titel \u201e100 Jahre Oktoberrevolution \u2013 100 Jahre Dekret \u00fcber den Frieden\u201c. Reporterin Maria Janssen von RT Deutsch sprach vor Ort mit den Freidenkern \u00fcber die Auswirkungen der Oktoberrevolution auf die heutige Politik und\u2026","rel":"","context":"In &quot;Freidenker-Brief&quot;","block_context":{"text":"Freidenker-Brief","link":"https:\/\/www.freidenker.org\/?cat=341"},"img":{"alt_text":"","src":"https:\/\/i0.wp.com\/www.freidenker.org\/fw17\/wp-content\/uploads\/2017\/09\/Stormningen_av_vinterpalatset.jpg?fit=800%2C445&ssl=1&resize=350%2C200","width":350,"height":200,"srcset":"https:\/\/i0.wp.com\/www.freidenker.org\/fw17\/wp-content\/uploads\/2017\/09\/Stormningen_av_vinterpalatset.jpg?fit=800%2C445&ssl=1&resize=350%2C200 1x, https:\/\/i0.wp.com\/www.freidenker.org\/fw17\/wp-content\/uploads\/2017\/09\/Stormningen_av_vinterpalatset.jpg?fit=800%2C445&ssl=1&resize=525%2C300 1.5x, https:\/\/i0.wp.com\/www.freidenker.org\/fw17\/wp-content\/uploads\/2017\/09\/Stormningen_av_vinterpalatset.jpg?fit=800%2C445&ssl=1&resize=700%2C400 2x"},"classes":[]},{"id":1290,"url":"https:\/\/www.freidenker.org\/?p=1290","url_meta":{"origin":18042,"position":1},"title":"Konferenz: 100 Jahre Oktoberrevolution &#8211; 100 Jahre Dekret \u00fcber den Frieden","author":"Webredaktion","date":"21. August 2017","format":false,"excerpt":"Einladung zur Wissenschaftlichen Konferenz am 30. September 2017 in Berlin zum Thema \"100 Jahre Oktoberrevolution - 100 Jahre Dekret \u00fcber den Frieden - Lehren aus 100 Jahre geschichtlicher Erfahrung im Ringen f\u00fcr eine dauerhaft freie Gesellschaft und f\u00fcr Frieden statt Konfrontation mit Russland\". Geplante Vortr\u00e4ge: - Bruno Mahlow: Die Oktoberrevolution\u2026","rel":"","context":"In &quot;Geschichte&quot;","block_context":{"text":"Geschichte","link":"https:\/\/www.freidenker.org\/?cat=1162"},"img":{"alt_text":"","src":"https:\/\/i0.wp.com\/www.freidenker.org\/fw17\/wp-content\/uploads\/2017\/08\/Kustodiev_The_Bolshevik_800x445.jpg?fit=800%2C445&ssl=1&resize=350%2C200","width":350,"height":200,"srcset":"https:\/\/i0.wp.com\/www.freidenker.org\/fw17\/wp-content\/uploads\/2017\/08\/Kustodiev_The_Bolshevik_800x445.jpg?fit=800%2C445&ssl=1&resize=350%2C200 1x, https:\/\/i0.wp.com\/www.freidenker.org\/fw17\/wp-content\/uploads\/2017\/08\/Kustodiev_The_Bolshevik_800x445.jpg?fit=800%2C445&ssl=1&resize=525%2C300 1.5x, https:\/\/i0.wp.com\/www.freidenker.org\/fw17\/wp-content\/uploads\/2017\/08\/Kustodiev_The_Bolshevik_800x445.jpg?fit=800%2C445&ssl=1&resize=700%2C400 2x"},"classes":[]},{"id":1094,"url":"https:\/\/www.freidenker.org\/?p=1094","url_meta":{"origin":18042,"position":2},"title":"FREIDENKER 4-17 EXTRA &#8211; 100 Jahre Oktoberrevolution","author":"Webredaktion","date":"15. Dezember 2017","format":false,"excerpt":"Die EXTRA-Ausgabe 4-17 des Verbandsorgans FREIDENKER hat das Schwerpunkt-Thema \u201e100 Jahre Oktoberrevolution - 100 Jahre Dekret \u00fcber den Frieden\" und enth\u00e4lt die Reden der Wissenschaftlichen Konferenz des Deutschen Freidenker-Verbandes vom 30.09.2017 in Berlin. Darin: - Bruno Mahlow: Die Oktoberrevolution \u2013 Aufbruch in gesellschaftliches Neuland - Helga H\u00f6rz: Frauen als Gestalterinnen\u2026","rel":"","context":"In &quot;Geschichte&quot;","block_context":{"text":"Geschichte","link":"https:\/\/www.freidenker.org\/?cat=1162"},"img":{"alt_text":"","src":"https:\/\/i0.wp.com\/www.freidenker.org\/fw17\/wp-content\/uploads\/2017\/12\/FD_2017-04_Titel_mR.jpg?fit=800%2C445&ssl=1&resize=350%2C200","width":350,"height":200,"srcset":"https:\/\/i0.wp.com\/www.freidenker.org\/fw17\/wp-content\/uploads\/2017\/12\/FD_2017-04_Titel_mR.jpg?fit=800%2C445&ssl=1&resize=350%2C200 1x, https:\/\/i0.wp.com\/www.freidenker.org\/fw17\/wp-content\/uploads\/2017\/12\/FD_2017-04_Titel_mR.jpg?fit=800%2C445&ssl=1&resize=525%2C300 1.5x, https:\/\/i0.wp.com\/www.freidenker.org\/fw17\/wp-content\/uploads\/2017\/12\/FD_2017-04_Titel_mR.jpg?fit=800%2C445&ssl=1&resize=700%2C400 2x"},"classes":[]},{"id":2809,"url":"https:\/\/www.freidenker.org\/?p=2809","url_meta":{"origin":18042,"position":3},"title":"Frauen als Gestalterinnen der Geschichte &#8211; Oktoberrevolution und ihre Folgen","author":"Webredaktion","date":"16. Dezember 2017","format":false,"excerpt":"Beitrag von Helga H\u00f6rz aus: FREIDENKER 4-17 Revolutionen sind Massenbewegungen, in denen herausragende Pers\u00f6nlichkeiten eine entscheidende Rolle spielen und wirkm\u00e4chtige Ereignisse Ausl\u00f6ser und Verst\u00e4rker sein k\u00f6nnen. Um das f\u00fcr die Rolle von Frauen f\u00fcr die Oktoberrevolution und ihre Auswirkungen zu verdeutlichen, wird erstens auf Rollenklischees und den Kampf zu ihrer\u2026","rel":"","context":"In &quot;Geschichte&quot;","block_context":{"text":"Geschichte","link":"https:\/\/www.freidenker.org\/?cat=1162"},"img":{"alt_text":"","src":"https:\/\/i0.wp.com\/www.freidenker.org\/fw17\/wp-content\/uploads\/2017\/12\/Frauen_als_Gestalterinnen_der_Geschichte_v2.jpg?fit=801%2C445&ssl=1&resize=350%2C200","width":350,"height":200,"srcset":"https:\/\/i0.wp.com\/www.freidenker.org\/fw17\/wp-content\/uploads\/2017\/12\/Frauen_als_Gestalterinnen_der_Geschichte_v2.jpg?fit=801%2C445&ssl=1&resize=350%2C200 1x, https:\/\/i0.wp.com\/www.freidenker.org\/fw17\/wp-content\/uploads\/2017\/12\/Frauen_als_Gestalterinnen_der_Geschichte_v2.jpg?fit=801%2C445&ssl=1&resize=525%2C300 1.5x, https:\/\/i0.wp.com\/www.freidenker.org\/fw17\/wp-content\/uploads\/2017\/12\/Frauen_als_Gestalterinnen_der_Geschichte_v2.jpg?fit=801%2C445&ssl=1&resize=700%2C400 2x"},"classes":[]},{"id":2823,"url":"https:\/\/www.freidenker.org\/?p=2823","url_meta":{"origin":18042,"position":4},"title":"Das Dekret \u00fcber den Frieden \u2013 Grundlinie sowjetischer Friedenspolitik","author":"Webredaktion","date":"16. Dezember 2017","format":false,"excerpt":"Beitrag von Marianne Linke aus: FREIDENKER 4-17 Vor 100 Jahren, im Oktober 1917, war von der Kriegsbegeisterung und dem Hurra-Patriotismus, mit dem 1914 in den Staaten Europas Millionen und Abermillionen Soldaten in den bis dahin m\u00f6rderischsten Krieg aller Zeiten geschickt wurden, nichts mehr \u00fcbrig geblieben. Am sch\u00e4rfsten hatten sich die\u2026","rel":"","context":"In &quot;Frieden - Antifaschismus - Solidarit\u00e4t&quot;","block_context":{"text":"Frieden - Antifaschismus - Solidarit\u00e4t","link":"https:\/\/www.freidenker.org\/?cat=13"},"img":{"alt_text":"","src":"https:\/\/i0.wp.com\/www.freidenker.org\/fw17\/wp-content\/uploads\/2017\/12\/dekret_ueber_den_frieden.jpg?fit=800%2C445&ssl=1&resize=350%2C200","width":350,"height":200,"srcset":"https:\/\/i0.wp.com\/www.freidenker.org\/fw17\/wp-content\/uploads\/2017\/12\/dekret_ueber_den_frieden.jpg?fit=800%2C445&ssl=1&resize=350%2C200 1x, https:\/\/i0.wp.com\/www.freidenker.org\/fw17\/wp-content\/uploads\/2017\/12\/dekret_ueber_den_frieden.jpg?fit=800%2C445&ssl=1&resize=525%2C300 1.5x, https:\/\/i0.wp.com\/www.freidenker.org\/fw17\/wp-content\/uploads\/2017\/12\/dekret_ueber_den_frieden.jpg?fit=800%2C445&ssl=1&resize=700%2C400 2x"},"classes":[]},{"id":7678,"url":"https:\/\/www.freidenker.org\/?p=7678","url_meta":{"origin":18042,"position":5},"title":"22.04.2020 &#8211; DFV Offenbach: Einladung zur Lenin Lesung &#8222;Zarend\u00e4mmerung&#8220;","author":"Webredaktion","date":"12. M\u00e4rz 2020","format":false,"excerpt":"Mittwoch, 22.04.2020 19:00 Uhr ~ G\u00e4rtnerh\u00e4uschen Offenbach Biebererstr. 276 ~ 63071 Offenbach: Einladung zur Lenin Lesung \"Zarend\u00e4mmerung\" mit dem Autoren Vougar Aslanov Am 22. April j\u00e4hrt sich Wladimir Lenins Geburtstag zum 150. Mal. Die Offenbacher Freidenker organisieren zur Ehrung des Revolution\u00e4rs eine Lesung mit dem Frankfurter Autor Vougar Aslanov. Aslanov\u2026","rel":"","context":"In &quot;Veranstaltungen&quot;","block_context":{"text":"Veranstaltungen","link":"https:\/\/www.freidenker.org\/?cat=275"},"img":{"alt_text":"","src":"https:\/\/i0.wp.com\/www.freidenker.org\/fw17\/wp-content\/uploads\/2020\/03\/dfv_hessen_22042020_b.jpg?fit=800%2C445&ssl=1&resize=350%2C200","width":350,"height":200,"srcset":"https:\/\/i0.wp.com\/www.freidenker.org\/fw17\/wp-content\/uploads\/2020\/03\/dfv_hessen_22042020_b.jpg?fit=800%2C445&ssl=1&resize=350%2C200 1x, https:\/\/i0.wp.com\/www.freidenker.org\/fw17\/wp-content\/uploads\/2020\/03\/dfv_hessen_22042020_b.jpg?fit=800%2C445&ssl=1&resize=525%2C300 1.5x, https:\/\/i0.wp.com\/www.freidenker.org\/fw17\/wp-content\/uploads\/2020\/03\/dfv_hessen_22042020_b.jpg?fit=800%2C445&ssl=1&resize=700%2C400 2x"},"classes":[]}],"_links":{"self":[{"href":"https:\/\/www.freidenker.org\/index.php?rest_route=\/wp\/v2\/posts\/18042","targetHints":{"allow":["GET"]}}],"collection":[{"href":"https:\/\/www.freidenker.org\/index.php?rest_route=\/wp\/v2\/posts"}],"about":[{"href":"https:\/\/www.freidenker.org\/index.php?rest_route=\/wp\/v2\/types\/post"}],"author":[{"embeddable":true,"href":"https:\/\/www.freidenker.org\/index.php?rest_route=\/wp\/v2\/users\/3"}],"replies":[{"embeddable":true,"href":"https:\/\/www.freidenker.org\/index.php?rest_route=%2Fwp%2Fv2%2Fcomments&post=18042"}],"version-history":[{"count":0,"href":"https:\/\/www.freidenker.org\/index.php?rest_route=\/wp\/v2\/posts\/18042\/revisions"}],"wp:featuredmedia":[{"embeddable":true,"href":"https:\/\/www.freidenker.org\/index.php?rest_route=\/wp\/v2\/media\/18043"}],"wp:attachment":[{"href":"https:\/\/www.freidenker.org\/index.php?rest_route=%2Fwp%2Fv2%2Fmedia&parent=18042"}],"wp:term":[{"taxonomy":"category","embeddable":true,"href":"https:\/\/www.freidenker.org\/index.php?rest_route=%2Fwp%2Fv2%2Fcategories&post=18042"},{"taxonomy":"post_tag","embeddable":true,"href":"https:\/\/www.freidenker.org\/index.php?rest_route=%2Fwp%2Fv2%2Ftags&post=18042"}],"curies":[{"name":"wp","href":"https:\/\/api.w.org\/{rel}","templated":true}]}}