{"id":18036,"date":"2024-01-28T23:50:06","date_gmt":"2024-01-28T22:50:06","guid":{"rendered":"https:\/\/www.freidenker.org\/?p=18036"},"modified":"2024-02-13T20:44:12","modified_gmt":"2024-02-13T19:44:12","slug":"geplanter-vernichtungskrieg","status":"publish","type":"post","link":"https:\/\/www.freidenker.org\/?p=18036","title":{"rendered":"Geplanter Vernichtungskrieg"},"content":{"rendered":"<h4>Vor 80 Jahren endete die faschistische Belagerung Leningrads<\/h4>\n<p><em>Von <strong>Prof. Dr. Anton Latzo<\/strong><\/em><\/p>\n<p>Die Blockade Leningrads durch Truppen des faschistischen Deutschlands und seiner Verb\u00fcndeten Finnland und Spanien w\u00e4hrend des Zweiten Weltkriegs dauerte vom 8. September 1941 bis zum 27. Januar 1944, erstmalig durchbrochen wurde der Belagerungsring am 18. Januar 1943. Sch\u00e4tzungen zufolge verloren w\u00e4hrend dieser mehr als 870 Tage \u00fcber eine Million B\u00fcrger Leningrads ihr Leben, etwa 90 Prozent von ihnen verhungerten.<\/p>\n<p>In dieser Zeit haben die Westm\u00e4chte der Er\u00f6ffnung einer zweiten Front zwar verbal zugestimmt, diese aber \u2013 in der Hoffnung, die Sowjetunion werde im Krieg gegen Deutschland ausbluten \u2013 immer wieder hinausgez\u00f6gert. Antikommunismus und Antisowjetismus, Russlandfeindlichkeit sowie Ausdehnung des eigenen Herrschaftsbereichs waren auch damals schon Grundlage ihrer Strategie.<\/p>\n<p>Die Blockade Leningrads war ein \u2013 wenn auch sehr grausamer \u2013 Teil des seit einem Jahrhundert offen oder verdeckt gef\u00fchrten Krieges gegen die Sowjetunion beziehungsweise Russland und sie zeigte beispielhaft, welches Schicksal der Sowjetunion und ihren B\u00fcrgern insgesamt zugedacht war. \u00dcberdies zeigte sie, dass der Krieg nie ein Pr\u00e4ventivkrieg war, wie es historisierende Politiker, politisierende Historiker, Medien und Stiftungen im Auftrag das ganze Jahrhundert verk\u00fcndet haben und heute noch immer verk\u00fcnden.<\/p>\n<p>F\u00fcr alle diejenigen, die den Beginn des Krieges des faschistischen Deutschlands gegen die Sowjetunion die ganze Zeit verf\u00e4lscht dargestellt haben und immer noch darstellen, sollen \u00c4u\u00dferungen von Adolf Hitler selbst zitiert werden, die aus Aufzeichnungen des Generals Franz Halder bekannt sind. Am 30. M\u00e4rz 1941, so wird dokumentiert, sagte Hitler w\u00e4hrend einer Beratung mit milit\u00e4rischen F\u00fchrern \u00fcber die Ziele und Pl\u00e4ne des Krieges gegen die Sowjetunion: \u201eUnsere Aufgaben hinsichtlich Russlands: die Streitkr\u00e4fte zerschlagen, den Staat vernichten. Der Krieg gegen Russland ist ein Kampf zweier Ideologien. Tod dem Bolschewismus, der gleichbedeutend ist mit einem sozialen Verbrechen. Unsere Aufgabe ist der Vernichtungskrieg. Unsere erstrangige Aufgabe, erkl\u00e4rte der F\u00fchrer, ist die Vernichtung der bolschewistischen Kommissare und der kommunistischen Intelligenz. Die neuen Staaten werden keine eigene Intelligenz haben. Man darf nicht zulassen, dass eine neue Intelligenz entsteht. Hier wird eine primitive sozialistische Intelligenz gen\u00fcgen.\u201c<\/p>\n<p>Schon am 31. Juli 1940 \u2013 also noch vor dem \u00dcberfall auf die Sowjetunion \u2013 schrieb derselbe Halder in sein Tagebuch: \u201eRussland muss liquidiert werden. Termin \u2013 Fr\u00fchjahr 1941\u201c. Das beweist, dass f\u00fcr die faschistische F\u00fchrung die Hauptfragen, die mit der Ausarbeitung eines Plans f\u00fcr den Krieg gegen die Sowjetunion zusammenhingen, zu dieser Zeit schon entschieden waren. Bald darauf wurde mit der praktischen Verwirklichung des Plans begonnen. Schon im September und Oktober 1940 wurde zum Beispiel ein bedeutender Teil der Wehrmacht, darunter die Heeresgruppe des Generalfeldmarschalls Fedor von Bock, in einer St\u00e4rke von 30 Divisionen als erste Truppeneinheit f\u00fcr den Krieg gegen die Sowjetunion auf polnisches Territorium verlegt.<\/p>\n<p>Bereits am 19. November 1940 trug Halder dem Generalfeldmarschall Walther von Brauchitsch den \u201erussischen Operationsplan\u201c vor, also den Plan f\u00fcr den Krieg gegen die Sowjet\u00adunion, der einen Monat sp\u00e4ter von Hitler best\u00e4tigt und als Barbarossa-Plan bekannt wurde. In diesem hat die faschistische F\u00fchrung ihre Ziele und ihr Vorgehen bei der Aggression gegen die Sowjetunion in gro\u00dfem Ma\u00dfstab dargelegt.<\/p>\n<p>Seine Anwendung auf Leningrad verdeutlicht die Weisung Nr. Ia 1601\/41 vom 22. September 1941 \u201eDie Zukunft der Stadt Petersburg\u201c, in der es unter anderem lautete:<\/p>\n<p>\u201e1. Der F\u00fchrer beschloss, die Stadt Leningrad vom Antlitz der Erde zu tilgen. Nach der Niederlage Sowjetrusslands ist der Fortbestand dieser gr\u00f6\u00dften Siedlung nicht von Interesse. (\u2026)<\/p>\n<p>3. Es ist geplant, die Stadt in einem engen Ring zu umzingeln und durch Artilleriebeschuss aller Kaliber und st\u00e4ndiges Bombardement aus der Luft dem Erdboden gleichzumachen. Wenn auf Grund der Situation in der Stadt \u00dcbergabeantr\u00e4ge gestellt werden, werden diese abgelehnt, weil die Probleme, die mit der Anwesenheit der Bev\u00f6lkerung in der Stadt und ihrer Lebensmittelversorgung verbunden sind, von uns nicht gel\u00f6st werden k\u00f6nnen und sollen. In diesem Existenzkampf geht es nicht darum, auch nur einen Teil der Bev\u00f6lkerung zu erhalten.\u201c<\/p>\n<p>Am 16. September 1941 sagte Hitler dem deutschen Botschafter in Paris in der Reichskanzlei: \u201eDas giftige Netz von St. Petersburg, aus dem schon so lange Gift in die Ostsee str\u00f6mt, muss vom Erdboden verschwinden. Die Stadt ist bereits blockiert; jetzt bleibt nur noch, sie mit Artillerie zu bombardieren und zu bombardieren, bis die Wasserversorgung, die Energieversorgung und alles, was zum Leben notwendig ist, zerst\u00f6rt ist. Die Asiaten und die Bolschewiken m\u00fcssen aus Europa vertrieben werden. Die Periode von 250 Jahren Asianismus muss vorbei sein.\u201c<\/p>\n<p>Geplant war also ein gezielter Massenmord, was in weiteren Weisungen pr\u00e4zisiert wurde. Dazu geh\u00f6rte zum Beispiel der sogenannte Hungerplan (Backe-Plan), in dem die Verwirklichung der Strategie vorgegeben wurde. In deren Rahmen war das Aushungern Leningrads eine bewusste Handlung, die nicht anders als ein Kriegsverbrechen, als Verbrechen gegen die Menschlichkeit eingestuft werden kann. Die in den von der Wehrmacht besetzten Gebieten produzierten Lebensmittel sollten entsprechend dem Backe-Plan an die deutschen Besatzungstruppen sowie an das Deutsche Reich geliefert werden. Bewusst wurde einkalkuliert, dass infolge des Entzugs von Nahrungsmitteln bis zu 30 Millionen Menschen in der Sowjet\u00adunion verhungern w\u00fcrden.<\/p>\n<p>Die Blockade wurde von weiteren, st\u00e4ndig wiederholten terroristischen und verbrecherischen Ma\u00dfnahmen \u201ebegleitet\u201c, welche die schon bestehende Notsituation weiter versch\u00e4rften und die Bev\u00f6lkerung zur Flucht veranlassen sollten. Mit der Schlie\u00dfung des Blockaderings am 8. September 1941 wurden alle Versorgungslinien der Millionenstadt abgeschnitten. Versorgung war nur noch auf der \u201eStra\u00dfe des Lebens\u201c \u00fcber den Ladoga-See m\u00f6glich, aber bei weitem nicht ausreichend.<\/p>\n<p>Am 1. Januar 1943 lebten in Leningrad knapp drei Millionen Menschen. Zehntausende von vor den Faschisten gefl\u00fcchtete Menschen aus den westlichen Teilen der Sowjetunion hatten sich an Bahnh\u00f6fen und in den Vororten versammelt und warteten auf eine Gelegenheit, ins Innere des Landes auszureisen. Hinzu kamen 300.000 Gefl\u00fcchtete aus den baltischen Staaten. Das versch\u00e4rfte die komplizierten Bedingungen, die die Faschisten nutzten, um ihre Ziele durchzusetzen.<br \/>\nDie deutschen Truppen zerst\u00f6rten die Stadt, indem sie sie mit massivem Artilleriebeschuss und Bombenabw\u00fcrfen belegten.<\/p>\n<p>Besonders heftig waren diese im Oktober und November 1941. Mehrere tausend Brandbomben verursachten massive Br\u00e4nde. Ganz im Sinne der oben genannten Zielsetzung waren sogar Lebensmitteldepots ein wichtiges Ziel. Gleich zu Beginn der Blockade wurden am 8. September 1941 die Lagerh\u00e4user von Badajew bombardiert, wo sich bedeutende Lebensmittelreserven der Stadt befanden. Allein dabei wurden 3.000 Tonnen Mehl und 700 Tonnen Zucker vernichtet.<\/p>\n<p>Die Luftwaffe bombardierte zun\u00e4chst vor allem Lebensmittellager sowie die Wasser- und Elektrizit\u00e4tswerke. Bei den ersten Bombardements wurden rund 6.500 Brandbomben abgeworfen. Schulen, Krankenh\u00e4user und Entbindungsheime wurden von der Artillerie unter Feuer genommen.<\/p>\n<p>Schwere Angriffe waren gegen die Industriebetriebe der Stadt gerichtet. Bis zum Ende des Jahres 1941 warf die deutsche Luftwaffe 66.200 Brand- und rund 3.500 Sprengbomben \u00fcber Leningrad ab. W\u00e4hrend der gesamten Dauer der Blockade waren es 102.520 Brand- und 4.653 Sprengbomben.<\/p>\n<p>Der kalkulierte Hungertod von Millionen Menschen und die Ausl\u00f6schung der Stadt Leningrad waren Teil des deutschen Vernichtungskriegs gegen die Sowjetunion.<\/p>\n<p>Wie das alles endete, ist bekannt. Aber warum konnte das geschehen? Und: Wer war daran interessiert und warum? Dar\u00fcber muss offensichtlich noch gesprochen werden, auch angesichts unserer Gegenwart! Denn: \u201eDer Scho\u00df ist fruchtbar noch, aus dem das kroch.\u201c<\/p>\n<p style=\"text-align: right;\"><em>Prof. Dr. Anton Latzo ist Historiker und Mitglied des Beirats des Deutschen Freidenker-Verbandes<\/em><\/p>\n<p><span style=\"font-size: 10pt;\">Die Ver\u00f6ffentlichung erfolgt mit freundlicher Genehmigung des Autors<\/span><br \/>\n<span style=\"font-size: 10pt;\">Der Beitrag wurde auch ver\u00f6ffentlicht in der <a href=\"https:\/\/www.unsere-zeit.de\/geplanter-vernichtungskrieg-4787986\/\" target=\"_blank\" rel=\"noopener\">UZ vom 26.01.2024<\/a><\/span><\/p>\n<hr \/>\n<p><span style=\"font-size: 10pt;\">Bild oben: &#8222;Eine Scheibe Brot, die w\u00e4hrend der Leningrader Blockade gebacken wurde, und Brotkarten aus dem Zweiten Weltkrieg sind im B\u00e4ckereigeschichtsmuseum in St. Petersburg ausgestellt.&#8220;<\/span><br \/>\n<span style=\"font-size: 10pt;\">Text <a href=\"https:\/\/www.unsere-zeit.de\/geplanter-vernichtungskrieg-4787986\/\" target=\"_blank\" rel=\"noopener\">UZ<\/a>: Mehr als ein St\u00fcckchen Brot gab es nicht f\u00fcr die Menschen w\u00e4hrend der Belagerung Leningrads. Am 20. November 1941 mussten die Lebensmittelrationen auf 250 Gramm Brot t\u00e4glich f\u00fcr Arbeiter reduziert werden. Alle anderen bekamen nur die H\u00e4lfte.<\/span><br \/>\n<span style=\"font-size: 10pt;\">Foto: RIA Novosti archive, image #46124 \/ Alexey Varfolomeev \/ <a href=\"https:\/\/creativecommons.org\/licenses\/by-sa\/3.0\" target=\"_blank\" rel=\"noopener\">CC-BY-SA 3.0<\/a>, <\/span><br \/>\n<span style=\"font-size: 10pt;\">Quelle: <a href=\"https:\/\/commons.wikimedia.org\/w\/index.php?curid=18133896\" target=\"_blank\" rel=\"noopener\">https:\/\/commons.wikimedia.org\/w\/index.php?curid=18133896<\/a><\/span><\/p>\n","protected":false},"excerpt":{"rendered":"<p><b>Vor 80 Jahren endete die faschistische Belagerung Leningrads<\/b><br \/>\n<b>Beitrag von Prof. Dr. Anton Latzo<\/b><br \/>\nDie Blockade Leningrads durch Truppen des faschistischen Deutschlands und seiner Verb\u00fcndeten Finnland und Spanien w\u00e4hrend des Zweiten Weltkriegs dauerte vom 8. September 1941 bis zum 27. Januar 1944, erstmalig durchbrochen wurde der Belagerungsring am 18. Januar 1943. Sch\u00e4tzungen zufolge verloren w\u00e4hrend dieser mehr als 870 Tage \u00fcber eine Million B\u00fcrger Leningrads ihr Leben, etwa 90 Prozent von ihnen verhungerten. In dieser Zeit haben die Westm\u00e4chte der Er\u00f6ffnung einer zweiten Front zwar verbal zugestimmt, diese aber \u2013 in der Hoffnung, die Sowjetunion werde im Krieg gegen Deutschland ausbluten \u2013 immer wieder hinausgez\u00f6gert. Antikommunismus und Antisowjetismus, Russlandfeindlichkeit sowie Ausdehnung des eigenen Herrschaftsbereichs waren auch damals schon Grundlage ihrer Strategie.<\/p>\n","protected":false},"author":3,"featured_media":18038,"comment_status":"closed","ping_status":"closed","sticky":false,"template":"","format":"standard","meta":{"colormag_page_container_layout":"default_layout","colormag_page_sidebar_layout":"default_layout","advanced_seo_description":"","jetpack_seo_html_title":"","jetpack_seo_noindex":false,"jetpack_post_was_ever_published":false,"footnotes":""},"categories":[1162],"tags":[648,571,1613,960,1677,1588,1863],"class_list":["post-18036","post","type-post","status-publish","format-standard","has-post-thumbnail","hentry","category-geschichte","tag-2-weltkrieg","tag-antikommunismus","tag-blockade","tag-faschistischer-ueberfall-auf-die-sowjetunion","tag-hungersnot","tag-leningrad","tag-massenvernichtung"],"jetpack_featured_media_url":"https:\/\/i0.wp.com\/www.freidenker.org\/fw17\/wp-content\/uploads\/2024\/01\/RIAN_archive_46124_Baking_History_Museum_800x450m.jpg?fit=800%2C450&ssl=1","jetpack_shortlink":"https:\/\/wp.me\/p9stpK-4GU","jetpack-related-posts":[{"id":6063,"url":"https:\/\/www.freidenker.org\/?p=6063","url_meta":{"origin":18036,"position":0},"title":"Video: Wie das ZDF Geschichte verdreht","author":"Webredaktion","date":"22. M\u00e4rz 2019","format":false,"excerpt":"Video mit Maria Janssen und Klaus Hartmann In der deutschen Geschichtsdebatte zum Zweiten Weltkrieg wird in den letzten Jahren oftmals ein Bild gezeichnet, bei dem die Sowjets unmenschlicher erscheinen als die Nazis selbst. J\u00fcngstes Beispiel ist eine ZDF-Doku zur Blockade Leningrads. In der ZDF-Doku \"Der Zweite Weltkrieg (4) - Die\u2026","rel":"","context":"In &quot;Demokratie \u2013 Medien \u2013 Aufkl\u00e4rung&quot;","block_context":{"text":"Demokratie \u2013 Medien \u2013 Aufkl\u00e4rung","link":"https:\/\/www.freidenker.org\/?cat=12"},"img":{"alt_text":"","src":"https:\/\/i0.wp.com\/www.freidenker.org\/fw17\/wp-content\/uploads\/2019\/03\/ZDF_Geschichte_Hartmann_800x445.jpg?fit=800%2C445&ssl=1&resize=350%2C200","width":350,"height":200,"srcset":"https:\/\/i0.wp.com\/www.freidenker.org\/fw17\/wp-content\/uploads\/2019\/03\/ZDF_Geschichte_Hartmann_800x445.jpg?fit=800%2C445&ssl=1&resize=350%2C200 1x, https:\/\/i0.wp.com\/www.freidenker.org\/fw17\/wp-content\/uploads\/2019\/03\/ZDF_Geschichte_Hartmann_800x445.jpg?fit=800%2C445&ssl=1&resize=525%2C300 1.5x, https:\/\/i0.wp.com\/www.freidenker.org\/fw17\/wp-content\/uploads\/2019\/03\/ZDF_Geschichte_Hartmann_800x445.jpg?fit=800%2C445&ssl=1&resize=700%2C400 2x"},"classes":[]},{"id":14257,"url":"https:\/\/www.freidenker.org\/?p=14257","url_meta":{"origin":18036,"position":1},"title":"Rolf Becker: Leningrader Blockade","author":"Webredaktion","date":"28. September 2022","format":false,"excerpt":"Rede, gehalten auf einer Gedenkveranstaltung zur Belagerung Leningrads am 21.09.2022 auf dem \"globalisierungskritischen Leipziger Filmfestival\" Die Belagerung Leningrads j\u00e4hrte sich am 3. September 2021 zum 80. mal. Rolf Becker wurde aber bereits 2021 wegen \u201eCoronageschichten\u201c mit seiner zu diesem Anlass gedachten Gedenkveranstaltung stark ausgebremst. Seit dem 24. Februar 2022 aber\u2026","rel":"","context":"In &quot;Geschichte&quot;","block_context":{"text":"Geschichte","link":"https:\/\/www.freidenker.org\/?cat=1162"},"img":{"alt_text":"","src":"https:\/\/i0.wp.com\/www.freidenker.org\/fw17\/wp-content\/uploads\/2022\/09\/Becker_Leningrader_Blockade_800x450.jpg?fit=800%2C450&ssl=1&resize=350%2C200","width":350,"height":200,"srcset":"https:\/\/i0.wp.com\/www.freidenker.org\/fw17\/wp-content\/uploads\/2022\/09\/Becker_Leningrader_Blockade_800x450.jpg?fit=800%2C450&ssl=1&resize=350%2C200 1x, https:\/\/i0.wp.com\/www.freidenker.org\/fw17\/wp-content\/uploads\/2022\/09\/Becker_Leningrader_Blockade_800x450.jpg?fit=800%2C450&ssl=1&resize=525%2C300 1.5x, https:\/\/i0.wp.com\/www.freidenker.org\/fw17\/wp-content\/uploads\/2022\/09\/Becker_Leningrader_Blockade_800x450.jpg?fit=800%2C450&ssl=1&resize=700%2C400 2x"},"classes":[]},{"id":14771,"url":"https:\/\/www.freidenker.org\/?p=14771","url_meta":{"origin":18036,"position":2},"title":"Weltmeister in Doppelmoral","author":"Webredaktion","date":"30. November 2022","format":false,"excerpt":"Kommentar von Evelyn Hecht-Galinski Wenn der Bundestag am 30. November auf massiven jahrzehntelangen Druck der Ukraine-Lobby die Hungersnot in der Ukraine 1932\/33, den so genannten \u201eHolodomor\u201c, zum Genozid erkl\u00e4ren wird, w\u00e4re das nur ein weiterer Tiefpunkt der deutschen Au\u00dfenpolitik. Dieser \u201eHolodomor\u201c war den meisten Historikern gem\u00e4\u00df kein Genozid, sondern eine\u2026","rel":"","context":"In &quot;Demokratie \u2013 Medien \u2013 Aufkl\u00e4rung&quot;","block_context":{"text":"Demokratie \u2013 Medien \u2013 Aufkl\u00e4rung","link":"https:\/\/www.freidenker.org\/?cat=12"},"img":{"alt_text":"","src":"https:\/\/i0.wp.com\/www.freidenker.org\/fw17\/wp-content\/uploads\/2022\/11\/holodomor_montage_800x450.jpg?fit=800%2C450&ssl=1&resize=350%2C200","width":350,"height":200,"srcset":"https:\/\/i0.wp.com\/www.freidenker.org\/fw17\/wp-content\/uploads\/2022\/11\/holodomor_montage_800x450.jpg?fit=800%2C450&ssl=1&resize=350%2C200 1x, https:\/\/i0.wp.com\/www.freidenker.org\/fw17\/wp-content\/uploads\/2022\/11\/holodomor_montage_800x450.jpg?fit=800%2C450&ssl=1&resize=525%2C300 1.5x, https:\/\/i0.wp.com\/www.freidenker.org\/fw17\/wp-content\/uploads\/2022\/11\/holodomor_montage_800x450.jpg?fit=800%2C450&ssl=1&resize=700%2C400 2x"},"classes":[]},{"id":19308,"url":"https:\/\/www.freidenker.org\/?p=19308","url_meta":{"origin":18036,"position":3},"title":"Warum die Wahrheit auf der Strecke bleiben soll","author":"Webredaktion","date":"11. Juni 2024","format":false,"excerpt":"Beitrag von\u00a0Prof. Dr. Anton Latzo Anl\u00e4sslich des Jahrestages der Befreiung vom Faschismus mussten wir zur Kenntnis nehmen, dass die von den Regierenden und ihren Auftraggebern und Ideologen, von Medien und den zahlreichen Stiftungen betriebene Geschichtsbetrachtung der politischen Opportunit\u00e4t untergeordnet wird. Das Zeigen der sowjetischen Fahne, die 1945 als Zeichen des\u2026","rel":"","context":"In &quot;Demokratie \u2013 Medien \u2013 Aufkl\u00e4rung&quot;","block_context":{"text":"Demokratie \u2013 Medien \u2013 Aufkl\u00e4rung","link":"https:\/\/www.freidenker.org\/?cat=12"},"img":{"alt_text":"","src":"https:\/\/i0.wp.com\/www.freidenker.org\/fw17\/wp-content\/uploads\/2024\/06\/Halle_des_Ruhms_Wolgograd_800x450.jpg?fit=800%2C450&ssl=1&resize=350%2C200","width":350,"height":200,"srcset":"https:\/\/i0.wp.com\/www.freidenker.org\/fw17\/wp-content\/uploads\/2024\/06\/Halle_des_Ruhms_Wolgograd_800x450.jpg?fit=800%2C450&ssl=1&resize=350%2C200 1x, https:\/\/i0.wp.com\/www.freidenker.org\/fw17\/wp-content\/uploads\/2024\/06\/Halle_des_Ruhms_Wolgograd_800x450.jpg?fit=800%2C450&ssl=1&resize=525%2C300 1.5x, https:\/\/i0.wp.com\/www.freidenker.org\/fw17\/wp-content\/uploads\/2024\/06\/Halle_des_Ruhms_Wolgograd_800x450.jpg?fit=800%2C450&ssl=1&resize=700%2C400 2x"},"classes":[]},{"id":18079,"url":"https:\/\/www.freidenker.org\/?p=18079","url_meta":{"origin":18036,"position":4},"title":"Wie West-Eliten versuchen, die Geschichte umzuschreiben","author":"Webredaktion","date":"2. Februar 2024","format":false,"excerpt":"Beitrag von Rainer Rupp Am 27. Januar 1945 befreite die vorr\u00fcckende Rote Armee der Sowjetunion das Konzentrationslager Auschwitz, in dem die deutschen Nazis w\u00e4hrend des Zweiten Weltkriegs mit einer Art industriellem T\u00f6tungsverfahren zwischen 1,5 bis 2 Millionen Menschen verschiedener Nationalit\u00e4ten und Ethnien ermordet haben. In diesem Jahr am Sonnabend, dem\u2026","rel":"","context":"In &quot;Demokratie \u2013 Medien \u2013 Aufkl\u00e4rung&quot;","block_context":{"text":"Demokratie \u2013 Medien \u2013 Aufkl\u00e4rung","link":"https:\/\/www.freidenker.org\/?cat=12"},"img":{"alt_text":"","src":"https:\/\/i0.wp.com\/www.freidenker.org\/fw17\/wp-content\/uploads\/2024\/02\/Auschwitz_Liberated_January_1945_800x450.jpg?fit=800%2C450&ssl=1&resize=350%2C200","width":350,"height":200,"srcset":"https:\/\/i0.wp.com\/www.freidenker.org\/fw17\/wp-content\/uploads\/2024\/02\/Auschwitz_Liberated_January_1945_800x450.jpg?fit=800%2C450&ssl=1&resize=350%2C200 1x, https:\/\/i0.wp.com\/www.freidenker.org\/fw17\/wp-content\/uploads\/2024\/02\/Auschwitz_Liberated_January_1945_800x450.jpg?fit=800%2C450&ssl=1&resize=525%2C300 1.5x, https:\/\/i0.wp.com\/www.freidenker.org\/fw17\/wp-content\/uploads\/2024\/02\/Auschwitz_Liberated_January_1945_800x450.jpg?fit=800%2C450&ssl=1&resize=700%2C400 2x"},"classes":[]},{"id":7456,"url":"https:\/\/www.freidenker.org\/?p=7456","url_meta":{"origin":18036,"position":5},"title":"Man\u00f6ver der Schande","author":"Webredaktion","date":"21. Januar 2020","format":false,"excerpt":"Beitrag von Willy Wimmer Wenn eine Feststellung jemals zutreffend gewesen sein sollte, dann ist es diese: so etwas h\u00e4tte es bei Helmut Kohl als Bundeskanzler nicht gegeben. Jedem Zeitgenossen sind noch die Bilder von Verdun, dem gro\u00dfen. Schlachtfeld des Ersten Weltkrieges in Erinnerung. Vor dem Mahnmal von Douaumont reichten sich\u2026","rel":"","context":"In &quot;Frieden - Antifaschismus - Solidarit\u00e4t&quot;","block_context":{"text":"Frieden - Antifaschismus - Solidarit\u00e4t","link":"https:\/\/www.freidenker.org\/?cat=13"},"img":{"alt_text":"","src":"https:\/\/i0.wp.com\/www.freidenker.org\/fw17\/wp-content\/uploads\/2020\/01\/willy_wimmer_800x445.jpg?fit=800%2C445&ssl=1&resize=350%2C200","width":350,"height":200,"srcset":"https:\/\/i0.wp.com\/www.freidenker.org\/fw17\/wp-content\/uploads\/2020\/01\/willy_wimmer_800x445.jpg?fit=800%2C445&ssl=1&resize=350%2C200 1x, https:\/\/i0.wp.com\/www.freidenker.org\/fw17\/wp-content\/uploads\/2020\/01\/willy_wimmer_800x445.jpg?fit=800%2C445&ssl=1&resize=525%2C300 1.5x, https:\/\/i0.wp.com\/www.freidenker.org\/fw17\/wp-content\/uploads\/2020\/01\/willy_wimmer_800x445.jpg?fit=800%2C445&ssl=1&resize=700%2C400 2x"},"classes":[]}],"_links":{"self":[{"href":"https:\/\/www.freidenker.org\/index.php?rest_route=\/wp\/v2\/posts\/18036","targetHints":{"allow":["GET"]}}],"collection":[{"href":"https:\/\/www.freidenker.org\/index.php?rest_route=\/wp\/v2\/posts"}],"about":[{"href":"https:\/\/www.freidenker.org\/index.php?rest_route=\/wp\/v2\/types\/post"}],"author":[{"embeddable":true,"href":"https:\/\/www.freidenker.org\/index.php?rest_route=\/wp\/v2\/users\/3"}],"replies":[{"embeddable":true,"href":"https:\/\/www.freidenker.org\/index.php?rest_route=%2Fwp%2Fv2%2Fcomments&post=18036"}],"version-history":[{"count":0,"href":"https:\/\/www.freidenker.org\/index.php?rest_route=\/wp\/v2\/posts\/18036\/revisions"}],"wp:featuredmedia":[{"embeddable":true,"href":"https:\/\/www.freidenker.org\/index.php?rest_route=\/wp\/v2\/media\/18038"}],"wp:attachment":[{"href":"https:\/\/www.freidenker.org\/index.php?rest_route=%2Fwp%2Fv2%2Fmedia&parent=18036"}],"wp:term":[{"taxonomy":"category","embeddable":true,"href":"https:\/\/www.freidenker.org\/index.php?rest_route=%2Fwp%2Fv2%2Fcategories&post=18036"},{"taxonomy":"post_tag","embeddable":true,"href":"https:\/\/www.freidenker.org\/index.php?rest_route=%2Fwp%2Fv2%2Ftags&post=18036"}],"curies":[{"name":"wp","href":"https:\/\/api.w.org\/{rel}","templated":true}]}}