{"id":17997,"date":"2024-01-23T22:28:30","date_gmt":"2024-01-23T21:28:30","guid":{"rendered":"https:\/\/www.freidenker.org\/?p=17997"},"modified":"2024-02-13T20:43:09","modified_gmt":"2024-02-13T19:43:09","slug":"wird-2024-als-historisches-jahr-in-die-geschichte-eingehen","status":"publish","type":"post","link":"https:\/\/www.freidenker.org\/?p=17997","title":{"rendered":"Wird 2024 als historisches Jahr in die Geschichte eingehen?"},"content":{"rendered":"<p><em>Ein Kommentar von\u00a0<strong>Wolfgang Effenberger<\/strong>.<\/em><\/p>\n<p><span style=\"font-size: 10pt;\">Erstver\u00f6ffentlichung als Tagesdosis vom 18.01.2023 auf <a href=\"https:\/\/apolut.net\/wird-2024-in-die-geschichte-eingehen-von-wolfgang-effenberger\/\" target=\"_blank\" rel=\"noopener\">apolut.net<\/a><\/span><\/p>\n<p>Den Beitrag als Audio anh\u00f6ren:<\/p>\n<audio class=\"wp-audio-shortcode\" id=\"audio-17997-1\" preload=\"none\" style=\"width: 100%;\" controls=\"controls\"><source type=\"audio\/mpeg\" src=\"https:\/\/apolut.net\/multimedia_apolut\/podcast\/tagesdosis-20240118-apolut.mp3?_=1\" \/><a href=\"https:\/\/apolut.net\/multimedia_apolut\/podcast\/tagesdosis-20240118-apolut.mp3\">https:\/\/apolut.net\/multimedia_apolut\/podcast\/tagesdosis-20240118-apolut.mp3<\/a><\/audio>\n<p><span style=\"font-size: 10pt;\">bereitgestellt durch <a href=\"https:\/\/apolut.net\/wird-2024-in-die-geschichte-eingehen-von-wolfgang-effenberger\/\" target=\"_blank\" rel=\"noopener\">apolut.net<\/a>\u00a0\u2013\u00a0<a href=\"https:\/\/apolut.net\/multimedia_apolut\/podcast\/tagesdosis-20240118-apolut.mp3\" target=\"_blank\" rel=\"noopener\">MP3-Datei downloaden<\/a><\/span><\/p>\n<p><span style=\"font-size: 10pt;\">Der Beitrag ist bei <a href=\"https:\/\/apolut.net\/wird-2024-in-die-geschichte-eingehen-von-wolfgang-effenberger\/\" target=\"_blank\" rel=\"noopener\">apolut.net<\/a>\u00a0auch\u00a0<a href=\"https:\/\/tube4.apolut.net\/w\/kDbN484Ppoe5iCnPaQEWwo\" target=\"_blank\" rel=\"noopener\">als Video<\/a>\u00a0verf\u00fcgbar.<\/span><\/p>\n<p>&nbsp;<\/p>\n<p>Ein Blick auf den Globus zeigt, dass sich im Vergleich zum Vorjahr die Kriegsfeuer weiter von Europa in Richtung Asien vorgefressen haben. Der Kampf in Gaza tobt im 4. Monat, im Roten Meer erfolgreich flankiert von den Unterst\u00fctzungsangriffen der jemenitischen Huthi-Rebellen f\u00fcr die Pal\u00e4stinenser. Israelischen Schiffe oder Schiffen mit Bestimmungshafen Haifa wird die Durchfahrt durch den Suezkanal versperrt, was in Israel durchaus zu Versorgungsproblemen f\u00fchrt.<\/p>\n<p>Nach Angaben aus Washington haben die Huthis seit dem 19. November 2023 mehr als zwei Dutzend Angriffe auf internationale Handelsschiffe im Roten Meer ver\u00fcbt \u2013 erstmals setzten sie dabei auch eine ballistische Antischiffsrakete ein. Mehr als 2.000 Schiffe waren gezwungen, den Umweg von Tausenden Kilometern um das Kap Horn zu nehmen.(1) Nach dem bislang heftigsten Drohnenangriff auf internationale Schifffahrtswege im Roten Meer hat die britische Regierung mit Vergeltung gedroht:<\/p>\n<blockquote><p>\u201eWir m\u00fcssen den Huthis klarmachen, dass dies aufh\u00f6ren muss, und meine einfache Botschaft an sie heute ist: Macht euch auf was gefasst\u201c(2),<\/p><\/blockquote>\n<p>t\u00f6nte der britische Verteidigungsminister Grant Shapps am 10. Januar auf dem Sender Sky News. Am 12. Januar 2024 folgte ein angloamerikanischer Milit\u00e4rschlag als<em> \u201cdirekte Reaktion auf die beispiellosen Angriffe der Huthi\u201d<\/em>(3), (US-Pr\u00e4sident Joe Biden). Er werde nicht z\u00f6gern, bei Bedarf weitere Ma\u00dfnahmen anzuordnen. Dagegen kritisierte der t\u00fcrkische Pr\u00e4sident Recep Tayyip Erdogan den Milit\u00e4rschlag der USA und ihrer Verb\u00fcndeten gegen die Huthi-Rebellen als <em>\u201eunverh\u00e4ltnism\u00e4\u00dfige Gewaltanwendung\u201c<\/em>. Im Vorgehen von Washington und London sieht Erdogan Bestrebungen beider L\u00e4nder,<\/p>\n<blockquote><p>\u201e\u2026das Rote Meer in ein regelrechtes Blutbad zu verwandeln\u201c.<\/p><\/blockquote>\n<p>Er h\u00f6re jedoch von<em> \u201everschiedensten Seiten, dass die Huthi erfolgreich reagieren\u201c<\/em>(4).<\/p>\n<p>Auf ihrem Telegram-Kanal beschrieb die Sprecherin des russischen Au\u00dfenministeriums Maria Sacharowa die US-Angriffe auf das Territorium von Jemen (sogar auf den <em>Flughafen<\/em> von <em>Sanaa<\/em>) als eine v\u00f6llige Missachtung des V\u00f6lkerrechts, wodurch die Situation in der Region eskalieren wird. Sacharowa schrieb w\u00f6rtlich:<\/p>\n<blockquote><p>\u201cDie US-Luftangriffe auf den Jemen sind ein weiteres Beispiel daf\u00fcr, wie die Angelsachsen die Resolutionen des UN-Sicherheitsrats pervertieren und das V\u00f6lkerrecht v\u00f6llig missachten, um die Situation in der Region f\u00fcr ihre eigenen destruktiven Zwecke zu eskalieren.\u201d(5)<\/p><\/blockquote>\n<p>Vor einem Jahr gaben sich die westlichen Kriegsbef\u00fcrworter noch sehr siegessicher. Dazu gibt es ein aufschlussreiches Kongress-Dokument vom 28. Februar 2023 \u00fcber eine Senatsanh\u00f6rung zum Ukraine-Krieg. Senator Rick Scott fragte den 3-Sterne-General Keith Kellogg: <em>\u201eAber warum hat Deutschland nicht seinen Teil zur t\u00f6dlichen Hilfe beigetragen?\u201c <\/em><em>\u201eIch glaube\u201c<\/em>, so der General, \u201e<em>Deutschland spielt in Europa im Moment keine Rolle mehr\u201c<\/em>. Anschlie\u00dfend schw\u00e4rmt der General dem Senator vor:<\/p>\n<blockquote><p>\u201eWenn man einen strategischen Gegner besiegen kann und dabei keine US-Truppen einsetzt, ist man auf dem Gipfel der Professionalit\u00e4t, denn wenn man die Ukrainer siegen l\u00e4sst, ist ein strategischer Gegner vom Tisch und wir k\u00f6nnen uns auf das konzentrieren, was wir gegen unseren Hauptgegner tun sollten, und das ist im Moment China\u2026. und wenn wir dabei scheitern, m\u00fcssen wir vielleicht einen weiteren europ\u00e4ischen Krieg f\u00fchren, das w\u00e4re dann das dritte Mal.\u201c(6)<\/p><\/blockquote>\n<p>Nun, die aktuellen Lagemeldungen aus beiden Kriegslagern lassen kaum darauf schlie\u00dfen, dass die Ukraine den Krieg noch gewinnen k\u00f6nnte. Dazu kommen dramatischen Informationen aus dem US-Kongress. Seit Monaten dr\u00e4ngt der US-Pr\u00e4sident den Kongress, weitere 61 Milliarden Dollar an Milit\u00e4rhilfen f\u00fcr die Ukraine zu beschlie\u00dfen, die wurden bisher wegen des Streits um den US-Haushalt 2024 blockiert. Die Republikaner kn\u00fcpften die Milliarden-Hilfe f\u00fcr die Ukraine und weitere Hilfen f\u00fcr Israel und den indopazifischen Raum an Bedingungen. Sie wollen angesichts einer ausufernden Migration nur zustimmen, wenn die US-Einwanderungsregeln massiv versch\u00e4rft werden. So sagte Ende Dezember 2023 der republikanische Senator James Lankford aus Oklahoma bei Fox News, dass die Sicherheit im eigenen Land Priorit\u00e4t habe.<\/p>\n<blockquote><p>\u201eWir sind engagiert und helfen dem Rest der Welt. Wir sind das Vorbild f\u00fcr die Welt in Sachen Freiheit. Aber wir haben auch eine Verantwortung, unser eigenes Land zu sch\u00fctzen, und das werden wir tun\u201c.(7)<\/p><\/blockquote>\n<p>Die Republikaner dringen darauf, den Grenzschutz zu verst\u00e4rken und die Mauer fertig zu bauen.(8) Sie wollen zudem konsequentere Abschiebungen und strengere Asylverfahren. Von stabilen politischen Verh\u00e4ltnissen in den USA ist 10 Monate vor der n\u00e4chsten Pr\u00e4sidentenwahl genauso wenig zu sp\u00fcren wie in Deutschland \u2013 hier wird im Herbst 2025 ein neuer Bundestag gew\u00e4hlt. Dieser instabile Zustand ist nicht friedensf\u00f6rdernd, er k\u00f6nnte die Spannungen dramatisch erh\u00f6hen.<\/p>\n<h5>Bundesweite Protestwoche der Bauern und Spediteure (8. \u2013 12. Januar 2024)<\/h5>\n<p>Als Folge des Urteils des Bundesverfassungsgerichts vom November 2023 muss die Ampel-Regierung 2024 rund 17 Milliarden Euro einsparen. Kanzler Olaf Scholz (SPD), Vizekanzler Robert Habeck (Gr\u00fcne) und Finanzminister Christian Lindner (FDP) beschlossen daher, die Verg\u00fcnstigungen beim Agrardiesel und die Kfz-Steuerbefreiung f\u00fcr Landwirtschaftsfahrzeuge zu streichen. Dies sollte Einsparungen von insgesamt bis zu 920 Millionen Euro erbringen.(9) In Niedersachsen zum Beispiel, wo die Bauernh\u00f6fe deutlich gr\u00f6\u00dfer sind als im S\u00fcden der Republik, aber kleiner als in Ostdeutschland, gibt der durchschnittliche Haupterwerbsbetrieb laut Landesregierung pro Jahr rund 21.000 Euro f\u00fcr Treibstoff aus. Der Wegfall der Steuerbefreiung macht den Angaben zufolge um die 3.000 Euro bis 3.500 Euro aus.(10) \u00dcber die sogenannte Agrardieselverg\u00fctung k\u00f6nnen sich die Landwirte bisher 21,48 Cent pro Liter erstatten lassen.<\/p>\n<p>Am 8. Januar 2024 lief die Protestwoche der Bauern und ihrer unterst\u00fctzenden Mitstreiter wie Spediteure, Handwerker, J\u00e4gerschaften oder K\u00fcstenfischer bundesweit an. Es gab zahlreiche Blockaden und demzufolge Staus in den St\u00e4dten und auf Autobahnen. Im Gegensatz zu den Aktionen der Klimakleber schloss sich die Bev\u00f6lkerung den Protestierenden an und tat mehrheitlich ihre Solidarit\u00e4t kund. Friedliche B\u00fcrger aus der Mitte der Gesellschaft machten bei Minusgraden von ihrem Demonstrationsrecht Gebrauch und protestierten lautstark gegen die Politik der Bundesregierung mit Parolen, Hupen und Plakaten. Entlang des Wegs nach Berlin wurden die Bauern sogar von einer Solidarit\u00e4tswelle getragen: Bauern und B\u00fcrger Hand in Hand. Gleich der erste Tag wurde zum gr\u00f6\u00dften Bauernprotest in Deutschland nach dem Zweiten Weltkrieg. K\u00f6nnte sich eine alte Weisheit aus dem Schachspiel bewahrheiten, der zufolge<\/p>\n<blockquote><p>\u201cDer Bauer den ersten Zug macht und am Ende der K\u00f6nig f\u00e4llt?\u201c<\/p><\/blockquote>\n<p>Allein diesem Auftakt am 8. Januar muss ein riesiger Planungsaufwand vorausgegangen sein. Dazu ein umfangreicher Einsatz von Kommunikationstechnik. Wer ist in der Lage, so etwas zu organisieren? Im Netz fand sich dann auch ein Bild des Aufmarschs im Tiergarten, an dessen Seite das Konterfei von Klaus Schwab zu erkennen ist und damit eine N\u00e4he des WEF zu dem Bauernprotest generiert werden soll. Unter dem Bild ist zu lesen:<\/p>\n<blockquote><p>\u201eUnd so gehen wir mit den w\u00fctenden Bauern um: Wir rufen einen Protest ins Leben und lassen ein paar Tage lang ihrer Wut freien Lauf, und wir geben ihnen die Illusion von gro\u00dfer Macht. Dann werden sie brav nach Hause gehen und sich wieder f\u00fcgen. Alles nach unserem Plan, k\u00f6nnen wir sagen\u201c.<\/p><\/blockquote>\n<p>Nun, m\u00f6glich ist alles. Noch wahrscheinlicher ist allerdings, dass hier ein Spaltpilz gesetzt wurde.<\/p>\n<p>Der umtriebige Pr\u00e4sident des Bauerverbandes Joachim Rukwied ist Mitglied in einem Dutzend systemrelevanter Organisationen (u.a. Mitglied des Aufsichtsrats: S\u00fcdzucker AG, Baywa AG, LAND-DATA GmbH, Messe Berlin GmbH, Buchstelle Landesbauernverband Baden-W\u00fcrttemberg GmbH; Mitglied des Verwaltungsrats: Kreditanstalt f\u00fcr Wiederaufbau (KfW), Landwirtschaftliche Rentenbank, LBV-Unternehmensberatungsdienste GmbH sowie Mitglied des Rundfunkrats des S\u00fcdwestrundfunks (SWR).(11) Rukwied unterst\u00fctzte die neue Klimapolitik der EU mit dem \u201eGreen Deal\u201c(12). Dabei geht es seit Jahrzehnten um eine von Klimaideologen forcierte Agrarpolitik, die Kleinbauern zur Aufgabe zwingt und der Agrarindustrie T\u00fcr und Tor \u00f6ffnet. Sie strebt eine Zukunft ohne den Bauern an, in der Ackerbau und Viehhaltung dank K\u00fcnstlicher Intelligenz (KI) und synthetischer Biologie (Laborfleisch, Vertical Farming, ein Begriff der Zukunftstechnologie, die eine tragf\u00e4hige Landwirtschaft und Massenproduktion pflanzlicher und tierischer Erzeugnisse im Ballungsgebiet der St\u00e4dte in mehrst\u00f6ckigen Geb\u00e4uden erm\u00f6glichen soll) \u00fcberfl\u00fcssig wird.<\/p>\n<p>So bildete sich als Gegengewicht zum m\u00e4chtigen Bauernverband der kritische Verband LSV (Landwirtschaft schafft Verbindungen). Nachdem vor einigen Wochen im gesamten Bundesgebiet lokale Traktordemonstrationen f\u00fcr Aufsehen sorgten, ist nicht auszuschlie\u00dfen, dass Rukwied sich mit dieser beeindruckenden Demonstration vom 8. Januar an die Spitze des Protestes setzte, um ihn dann in die gew\u00fcnschten Bahnen zu lenken.<\/p>\n<p>Gleichzeitig setzte die Polizei in M\u00fcnchen alle Hebel in Bewegung, um den Protest auszubremsen. Ankommende Traktoren wurden gar nicht erst in die Stadtmitte gelassen, sondern auf die Theresienwiese umgeleitet. Dort mussten sie ihre Traktoren abstellen und durften nicht weiterfahren. Um zu verhindern, dass sich die vielen Bauern den Demonstranten am K\u00f6nigsplatz anschlossen, startete die Polizei eine Desinformationskampagne und verk\u00fcndete, dass die Demonstration am K\u00f6nigsplatz abgesagt worden sei \u2013 eine glatte L\u00fcge. Den Bauern, die der Umleitungstaktik der Polizei entgangen waren und mit ihren Traktoren auf dem Mittleren Ring unterwegs waren, versperrte die Polizei die Zufahrtsm\u00f6glichkeiten zur Route des Demonstrationszugs, der sich vom K\u00f6nigsplatz aus in Bewegung gesetzt hatte.<\/p>\n<p>Die System-Medien stehen dem Anliegen der Landwirte kritisch bis ablehnend gegen\u00fcber und suchen die Bauernproteste mit der Lupe nach vermeintlichen Rechtsextremisten ab.<\/p>\n<p>Kaum nachvollziehbar scheint eine bundesweit durchgesetzte Anordnung (oder wurde nur ein Wunsch formuliert?) die WebCams in allen vom Protest betroffenen St\u00e4dten abzuschalten. Aus Sicherheitsgr\u00fcnden? Oder sollte die Dimension dieser Gro\u00dfdemonstration dadurch vernebelt werden? Als Begr\u00fcndung wurde mitgeteilt:<\/p>\n<blockquote><p>\u201eAufgrund von technischen Umstellungen und politischen Vorgaben stehen die Kamerabilder aktuell nicht zur Verf\u00fcgung. Wann wieder Kamerabilder zur Verf\u00fcgung stehen werden, ist noch nicht absehbar\u201c.(13)<\/p><\/blockquote>\n<p>Wie konnte diese Anweisung in unserem f\u00f6deral aufgebauten Staatswesen von oben nach unten durchgesetzt werden? Sollte verhindert werden, dass die Dimension des Protestes f\u00fcr alle sichtbar war? Derartig sch\u00e4ndliches Taktieren ist f\u00fcr eine demokratische Gesellschaft eine Zumutung.<\/p>\n<p>Die Proteste ebbten in der gesamten Woche nicht ab. Ein gro\u00dfer H\u00f6hepunkt wurde am 12. Januar die Demonstration des Landesverbandes bayerischer Transport- und Logistikunternehmen gegen die Politik der Ampel-Koalition auf der M\u00fcnchner Theresienwiese (Oktoberfestplatz) unterhalb der Bavaria. Nach einer Sternfahrt durch die M\u00fcnchner Innenstadt versammelten sich 1.600 LKW auf der weitgehend vereisten Demonstrationswiese \u2013 auch einige Traktoren hatten sich eingereiht.<\/p>\n<p>Die Staatsregierung unterst\u00fctzte den Protest der Spediteure ebenso wie denjenigen der Bauern. Auf der Kundgebung sprachen sowohl Verkehrsminister Christian Bernreiter (CSU) als auch Wirtschaftsminister Hubert Aiwanger (Freie W\u00e4hler). <em>\u201eWir stehen weiter an Ihrer Seite\u201c<\/em>, sicherte Bernreiter den Lkw-Fahrern und ihren Chefs zu. Ungleich gr\u00f6\u00dferen Beifall erntete Aiwanger:<\/p>\n<blockquote><p>\u201eIrgendwann geht auch der gr\u00f6\u00dfte Lastesel in die Knie und sagt \u201aLeck mich am Arsch\u2018, ich mag nimmer\u201c.(14)<\/p><\/blockquote>\n<p>Obwohl der gro\u00dfe Unmut \u00fcber die Ma\u00dfnahmen der Regierung (u.a. dramatische Maut- und Dieselerh\u00f6hung) \u00fcberall zu sp\u00fcren war, ging die bisher gr\u00f6\u00dfte Lkw-Demonstration in der Bundesrepublik auf der Theresienwiese friedlich zu Ende. Ein Wermutstropfen: Die Veranstalter der Lkw-Demo versuchten, sich von der Bauern-Demo abzugrenzen. Die Abreise der Lkw l\u00f6sten dann jedoch massive Staus auf den Hauptverkehrsadern aus.<\/p>\n<p>Bisher l\u00e4sst sich nur sagen, dass diese Demonstrationswoche in die Geschichte der Bundesrepublik Deutschland eingehen wird.<\/p>\n<p>Einen kr\u00f6nenden Abschluss fand die Gro\u00dfdemo-Woche am Heiligen Berg in Andechs\/Bayern. Dort fuhr in den Sonntag Abendstunden des 14. Januar 2024 eine beeindruckende Anzahl von Traktoren auf, die sich dann zu einem bewegenden Schriftbild formierten: ES REICHT!(15)<\/p>\n<p>So bewundernswert der bundesweite Einsatz aller Beteiligten ist, so stimmt es den Verfasser dieses Artikels traurig, dass bei den Veranstaltungen, die er verfolgen konnte, das Thema Frieden keinen Stellenwert hatte \u2013 er scheint hier in der Bundesrepublik nach 78 Jahren trotz immer n\u00e4her kommender Einschl\u00e4ge selbstverst\u00e4ndlich zu sein. Da scheint es an der Zeit, an den Kriegszeitzeugen Willy Brandt zu erinnern, von dem der Spruch stammt (3. November 1981):<\/p>\n<blockquote><p>\u201eDer Frieden ist nicht alles, aber alles ist ohne den Frieden nichts\u201c.(16)<\/p><\/blockquote>\n<p>Zehn Jahre zuvor hatte er den Krieg gegei\u00dfelt:<\/p>\n<blockquote><p>\u201eKrieg ist nicht mehr die ultima ratio, sondern die ultima irratio\u201c.(17)<\/p><\/blockquote>\n<p>Das wird aktuell auch von der westlichen Wertegemeinschaft nachhaltig unter Beweis gestellt. Das ist zwar f\u00fcr die allgemeine Menschheit g\u00fcltig, aber f\u00fcr diejenigen, die bei Krieg und Zerst\u00f6rung unvorstellbare Gewinne machen, nicht.<\/p>\n<h5><strong>\u00a0<\/strong>Steadfast Defender\u00a0\u2013 gr\u00f6\u00dftes Man\u00f6ver in der Geschichte der NATO<\/h5>\n<p>In der \u00dcbung Steadfast Defender wird die NATO von Anfang Februar bis Mai 2024 f\u00fcr einen m\u00f6glichen Krieg mit Russland proben, schreibt die FAZ:<\/p>\n<blockquote><p>\u201eBisher fanden NATO-Man\u00f6ver in einer Fantasiewelt statt. K\u00fcnftig \u00fcben Soldaten die Verteidigung gegen einen Angriff Russlands in einem realistischen Szenario. Im Fr\u00fchjahr 2024 soll die \u00dcbung dagegen umso gr\u00f6\u00dfer ausfallen: mit 40.000 Soldaten des Heeres, mehr als f\u00fcnfzig Marineschiffen und mehreren Staffeln von Kampfflugzeugen.[\u2026] Aber auf den Landkarten f\u00fcr die Man\u00f6ver sind die Mitglieder der Allianz klar zu erkennen: Russland und Belarus in ihren realen Grenzen.\u201c(18)<\/p><\/blockquote>\n<p>Eine derartige Kette von Man\u00f6vern mit \u00fcber 40.000 Soldaten und einem so umfangreichen Arsenal ist bisher einmalig; sie d\u00fcrfte im Kreml genau beobachtet werden und vermutlich auch Reaktionen ausl\u00f6sen. Sicher ist, dass Steadfast Defender kaum geeignet ist, Verhandlungsbereitschaft zu signalisieren.<\/p>\n<p>Der britische Premierminister Rishi Sunak hat nach seinem \u00dcberraschungsbesuch am 12. Januar 2024 mit dem ukrainische Pr\u00e4sident Wolodymyr Selenskyj ein auf 10 Jahre ausgelegtes Sicherheitsabkommen (dauerhafte Unterst\u00fctzung bei Waffen und der Entwicklung der ukrainischen R\u00fcstungsproduktion) unterzeichnet, das Selenskyj einen historischen Pakt f\u00fcr die Sicherheit der Ukraine nannte.(19) Er sprach sogar von einem<\/p>\n<blockquote><p>\u201eWendepunkt in der europ\u00e4ischen Geschichte\u201c(20)<\/p><\/blockquote>\n<p>und verglich Londons Hilfszusagen f\u00fcr Kiew mit den US-Sicherheitsgarantien f\u00fcr Israel. Zur Bekr\u00e4ftigung der Sicherheitszusagen sagte Sunak:<\/p>\n<blockquote><p>\u201eWenn Russland jemals wieder in die Ukraine einmarschiert, wird das Vereinigte K\u00f6nigreich euch mit rascher und dauerhafter Sicherheitsunterst\u00fctzung zu Hilfe kommen\u201c.(21)<\/p><\/blockquote>\n<p>London legte Wert darauf, dass Gro\u00dfbritannien in der \u201eSiebener-Gruppe\u201c gro\u00dfer demokratischer Industrienationen (G 7) als erste eine solche Vereinbarung mit Kiew geschlossen habe. Vielleicht sollte Kiew sich an die im Fr\u00fchjahr 1939 an Warschau gegebenen britischen Sicherheitsversprechen erinnern. Am 1. September 1939 n\u00e4mlich lie\u00df London die Polen einfach h\u00e4ngen.<\/p>\n<h5>Friedenspfade f\u00fcr lange Zeit zugesch\u00fcttet?<\/h5>\n<p>Am 15. Januar 2024 \u00e4u\u00dferte sich der britische Verteidigungsminister Grant Shapps \u00fcber strategischen Perspektiven und zuk\u00fcnftigen Kriege:<\/p>\n<blockquote><p>\u201cIn f\u00fcnf Jahren k\u00f6nnten wir uns mehrere Theater ansehen, darunter Russland, China, Iran und Nordkorea. Fragen Sie sich \u2026 ist es wahrscheinlicher, dass diese Zahl w\u00e4chst oder abnimmt? Ich vermute, wir alle kennen die Antwort. Es wird wahrscheinlich wachsen\u2026<br \/>\nWir haben den Kreis geschlossen und bewegen uns von einer Nachkriegswelt in die Vorkriegswelt\u2026 Ein Zeitalter des Idealismus wird durch eine Zeit des starrk\u00f6pfigen Realismus ersetzt.\u201d(22)<\/p><\/blockquote>\n<p>M\u00f6gliche Schritte in Richtung Frieden scheinen angesichts der monumentalen Man\u00f6vert\u00e4tigkeit und des britischen Sicherheitsabkommens (hatte der britische Premier Boris Johnson nicht Anfang April 2022 die laufenden Friedensgespr\u00e4che unterbunden?) in immer weitere Ferne zu r\u00fccken.<\/p>\n<p>Das d\u00fcrfte in Moskau nicht vergessen sein ebensowenig wie das im Februar 2015 zwischen Putin, Poroschenko (Ukraine), Hollande (Frankreich) und Merkel ausgehandelte Minsker Friedensabkommen. Am 7. Dezember 2022 lie\u00df dann Altkanzlerin Angela Merkel die erstaunte Welt\u00f6ffentlichkeit wissen: <em>\u201e\u2026 das Minsker Abkommen war der Versuch, der Ukraine Zeit zu geben. Sie hat diese Zeit hat auch genutzt, um st\u00e4rker zu werden, wie man heute sieht\u201c.<\/em>(23) Daraufhin emp\u00f6rte sich der russische Pr\u00e4sident in seiner Neujahrsansprache:<\/p>\n<blockquote><p>\u201eDer Westen log vom Frieden, bereitete aber Aggression vor und gibt das heute offen und schamlos zu\u201c.(24)<\/p><\/blockquote>\n<p>Jede Vertrauensbasis ist zerst\u00f6rt.<\/p>\n<h5><strong>\u00a0<\/strong>Zum 300. Geburtstag: Kant-Kongress in Kaliningrad<\/h5>\n<p>Der vom 22. bis 24. April 2024 in Kaliningrad (K\u00f6nigsberg 1255-1946) stattfindende 1. Kant-Weltkongress k\u00f6nnte an die kaum vorstellbaren Zerst\u00f6rungen in K\u00f6nigsberg im August 1944 den Deutschen zur Mahnung gereichen. In der Nacht zum 27. August (und in der Nacht zum 28. August) 1944 \u00fcbersch\u00fcttete die Royal Air Force mit 174 Bombern in unglaublich zerst\u00f6rerischer Pr\u00e4zision die Innenstadt mit Spreng- und Brandbomben und entfachte einen Feuersturm, in dem rund 5.000 Menschen starben und 200.000 obdachlos wurden.<\/p>\n<p>Die dicht bebauten historischen Areale wurden fast vollst\u00e4ndig in Schutt und Asche gelegt. Auch die Geburtsh\u00e4user von Johann Georg Hamann, E.T.A. Hoffmann, Eduard von Simson, Hermann Goetz und von Heinrich von Kleist wurden vernichtet. Wie durch ein Wunder blieb der Dom samt dem angebauten Grabmal des weltbekannten Philosophen und Professors der Logik und Metaphysik Immanuel Kant (1724-1804) weitgehend unbesch\u00e4digt. Im Tokioter Tempel der Philosophen (Tetsugaku-do) h\u00e4ngt seit \u00fcber 100 Jahren ein Bild mit dem Titel <em>\u201cDie vier Weltweisen\u201d<\/em> mit der Darstellung von Buddha, Konfuzius, Sokrates und Kant. Gel\u00e4ufig ist Kants kritischer Denkansatz <em>\u201eSapere aude\u201c<\/em> (lat. <em>\u201eHabe den Mut, weise zu sein!\u201c<\/em> Die Aufforderung Kants:<\/p>\n<blockquote><p>\u201eHabe Mut, dich deines eigenen Verstandes zu bedienen!\u201c<\/p><\/blockquote>\n<p>scheint heute wichtiger denn je zu sein. Veranstalter des Internationalen Kant-Kongresses (der zentralen Veranstaltung im Kant-Jahr) sind das Ministerium f\u00fcr Wissenschaft und Hochschulbildung der Russischen F\u00f6deration und die Regierung des Kaliningrader Gebiets; im April dieses Jahres soll des im ehemaligen K\u00f6nigsberg lebenden und wirkenden Philosophen der Aufkl\u00e4rung gedacht werden.<\/p>\n<p>Ausgerichtet wird der Kongress von der Baltischen F\u00f6deralen Immanuel Kant-Universit\u00e4t. Vorsitzender des Organisationsausschusses f\u00fcr die Vorbereitung der Feierlichkeiten zu Kants 300. Geburtstag ist der stellvertretende Ministerpr\u00e4sident der Russischen F\u00f6deration, Dmitrij Tschernyschenko:<\/p>\n<blockquote><p>\u201eWir laden Vertreter der gesamten wissenschaftlichen Gemeinschaft zur Teilnahme ein. Russland war und bleibt ein gastfreundliches Land, das in der Lage ist, eine internationale Veranstaltung auf h\u00f6chstem Niveau zu organisieren\u201c.<\/p><\/blockquote>\n<p>Nina Dmitrieva,\u00a0wissenschaftliche Leiterin der Kant-Universit\u00e4t:<\/p>\n<blockquote><p>\u201eKants ber\u00fchmter kategorischer Imperativ ist unter anderem ein Gebot der Solidarit\u00e4t. Er verlangt von uns, unsere privaten Gewohnheiten und Leidenschaften so zu organisieren und zu begrenzen, dass sie mit dem Wohlergehen der anderen vereinbar sind. Solches Verhalten bedeutet, dass man sich selbst, seiner Humanit\u00e4t und seiner Freiheit treu bleibt\u201c.(25)<\/p><\/blockquote>\n<p>Dmitrieva bezeugt einen tiefen Respekt vor dem Erbe, das der Namenspatron ihrer Universit\u00e4t hinterlassen hat, dessen Ideen die Wissenschaft, Kultur und P\u00e4dagogik beeinflusst haben und zur Grundlage des Internationalen Rechts geworden sind. In den letzten Jahren habe die Universit\u00e4t f\u00fcr Russland und seine Partner eine bedeutende internationale Tendenz, die Aufmerksamkeit f\u00fcr die Philosophie der Zukunft, eingeleitet.<\/p>\n<p>Sie ist \u00fcberzeugt, dass die Vorbereitung und Durchf\u00fchrung der vielen Jubil\u00e4umsveranstaltungen die Autorit\u00e4t der russischen Wissenschaft st\u00e4rken und das Interesse ausl\u00e4ndischer Wissenschaftler an einer T\u00e4tigkeit in Russland erh\u00f6hen wird und dass das Jahr 2024 generell einen Triumph des philosophischen Denkens bringen wird. Erstaunlich zutreffend findet sie Kants Diktum, Philosophie sei die einzige Wissenschaft, die uns innere Befriedigung verschaffen kann!(26)<\/p>\n<p>Der Kant-Kongress w\u00e4re eine Chance, vorsichtig eine Br\u00fccke zum Frieden zu schlagen, zumal die Charta der Vereinten Nationen wesentlich von Immanuel Kants Schrift \u201cZum ewigen Frieden\u201d inspiriert wurde. Seitens der Russischen F\u00f6deration war eine gro\u00dfe Veranstaltung mit internationaler Beteiligung vorgesehen, die jedoch von amerikanischer und deutscher Seite abgelehnt (ersatzweise nach Bonn verlegt) wurde.(27)<\/p>\n<p>Neben der Hauptveranstaltung am 22. April 2024, dem 300. Geburtstag von Kant, findet am 23. April die 1. Internationale \u00f6ffentliche Konferenz <em>\u201cAuf dem Weg zum ewigen Frieden\u201d<\/em> statt, die von der Kaliningrader Zweigstelle der Russischen Friedensstiftung vorbereitet wird.<\/p>\n<p>Den Abschluss der Kant-Tage bildet ein Konzert am 24.04.2024. Dort kommt unter anderem die eigens daf\u00fcr geschaffene symphonische Dichtung<em> \u201cAurora Pacis \u2013 Morgenr\u00f6te des Friedens\u201d<\/em> des bayerischen Komponisten Rainer Bartesch zur Urauff\u00fchrung, gespielt vom Sinfonieorchester Kaliningrad.<\/p>\n<p>Ulrich Hoppe, Vorsitzender des Vereins <em>\u201cBerliner Freunde der V\u00f6lker Russlands e.V.\u201d<\/em> und Mitglied J\u00fcrgen Desch (Architekt). haben im Juni 2023 Kontakt zur Kaliningrader Zweigstelle der Russischen Friedensstiftung aufgenommen<\/p>\n<p>Auf Initiative von J\u00fcrgen Desch und in Abstimmung mit dem Kant-Museum im Dom und dem Russischen Friedensfond wurde ein Architekturprojekt f\u00fcr einen \u201eImmanuel Kant Ged\u00e4chtnistempel\u201d\u00a0zur W\u00fcrdigung des 300. Geburtstages von Immanuel Kant abgestimmt.<\/p>\n<p>Der \u201eImmanuel Kant Ged\u00e4chtnistempel\u201d\u00a0soll die philosophischen Grundgedanken der Aufkl\u00e4rung Kants emotional erlebbar machen. Kant hatte erstmals allgemeine Moral- und Rechtsregeln f\u00fcr Selbstbestimmung, Freiheit und Wohlstand aller Menschen und V\u00f6lker entwickelt. Als oberstes Rechtsprinzip definierte er daf\u00fcr den Kategorischen Imperativ. Er ist durch unabh\u00e4ngiges Denken (Selbstbestimmung) und verantwortungsbewusstes Handeln (Freiheit) aller Menschen und V\u00f6lker bestimmt. Als notwendige gesellschaftliche Voraussetzung daf\u00fcr bezeichnete er Frieden, Gerechtigkeit und Flei\u00df. Hierbei bezog er sich auf die drei Schutzg\u00f6ttinnen der Stadt, die in der Zeit der Renaissance entstand und das gr\u00fcne Stadttor kr\u00f6nten: Eirene (G\u00f6ttin des Friedens und der sittlichen Ordnung), Dike (G\u00f6ttin der Gerechtigkeit) und Athene (G\u00f6ttin des Flei\u00dfes, der K\u00fcnste und der Weisheit). So bildet die starke massive Bodenplatte als Kategorischer Imperativ mit dem sich scheinbar in Bewegung befindlichen drei Stelen Frieden, Gerechtigkeit und Flei\u00df einen ganzheitlichen Kant \u2013 Gedenkraum. Die scheinbare \u00d6ffnung der Stelen zum Sternenhimmel sollen die unendlichen M\u00f6glichkeiten der Entfaltung von Selbstbestimmung, Freiheit und Wohlstand der Menschen und V\u00f6lker erlebbar machen. Demgegen\u00fcber k\u00f6nnen Eroberungskriege Unrecht und Ausbeutung zum Schlie\u00dfen der Stelen. d.h. zur Zerst\u00f6rung von Selbstbestimmung, Freiheit und Wohlstand der Menschen und V\u00f6lker f\u00fchren.<\/p>\n<p>Errichtet werden soll der weit sichtbare \u201eImmanuel Kant Ged\u00e4chtnistempel\u201d in der N\u00e4he des ehemaligen Gr\u00fcnen Tores auf der Kant-Insel am Pregel-Fluss. Da die Finanzierung dieses Kant-Denkmals noch nicht gesichert ist, suchen die Berliner Freunde der V\u00f6lker Russlands noch <a href=\"https:\/\/apolut.net\/wp-content\/uploads\/2024\/01\/Spendenaufruf.pages-2.pdf\" target=\"_blank\" rel=\"noopener\">Spender<\/a>.<\/p>\n<p style=\"padding-left: 40px;\">Das Spendenkonto ist das Vereinskonto der Berliner Freunde der V\u00f6lker Russlands e.V.<br \/>\nIBAN: DE29 8306 5408 0005 2919 41<br \/>\nVerwendungszweck: Spende\/Kant\/Kaliningrad<\/p>\n<p>Der wachsende Unmut der hart arbeitenden Bev\u00f6lkerung vor allem in Deutschland sollte nicht bei der Durchsetzung von berechtigten Interessen stecken bleiben, sondern die verheerende westliche Au\u00dfenpolitik Deutschlands in der Vasallen-Treue zu den USA mit einbeziehen.<\/p>\n<p style=\"text-align: right;\"><em>Wolfgang Effenberger, Jahrgang 1946, erhielt als Pionierhauptmann bei der Bundeswehr tiefere Einblicke in das von den USA vorbereitete \u201eatomare Gefechtsfeld\u201c in Europa. Nach zw\u00f6lfj\u00e4hriger Dienstzeit studierte er in M\u00fcnchen Politikwissenschaft sowie H\u00f6heres Lehramt (Bauwesen\/Mathematik) und unterrichtete bis 2000 an der Fachschule f\u00fcr Bautechnik. Seitdem publiziert er zur j\u00fcngeren deutschen Geschichte und zur US-Geopolitik. Zuletzt erschienen vom ihm \u201eSchwarzbuch EU &amp; NATO\u201c (2020) sowie \u201eDie untersch\u00e4tzte Macht\u201c (2022)<\/em><\/p>\n<h3><\/h3>\n<h3>Quellen und Anmerkungen<\/h3>\n<p>1) <a href=\"https:\/\/web.de\/magazine\/politik\/nahostkonflikt\/usa-grossbritannien-greifen-huthi-stellungen-jemen-39054614\" target=\"_blank\" rel=\"noopener\">https:\/\/web.de\/magazine\/politik\/nahostkonflikt\/usa-grossbritannien-greifen-huthi-stellungen-jemen-39054614<\/a><\/p>\n<p>2)<a href=\"https:\/\/web.de\/magazine\/politik\/nahostkonflikt\/krieg-nahost-news-10-januar-london-droht-huthi-rebellen-groesstem-angriff-roten-meer-39046998\" target=\"_blank\" rel=\"noopener\"> https:\/\/web.de\/magazine\/politik\/nahostkonflikt\/krieg-nahost-news-10-januar-london-droht-huthi-rebellen-groesstem-angriff-roten-meer-3904699<\/a><\/p>\n<p>3) <a href=\"https:\/\/web.de\/magazine\/politik\/nahostkonflikt\/usa-grossbritannien-greifen-huthi-stellungen-jemen-39054614\" target=\"_blank\" rel=\"noopener\">https:\/\/web.de\/magazine\/politik\/nahostkonflikt\/usa-grossbritannien-greifen-huthi-stellungen-jemen-39054614<\/a><\/p>\n<p>4) <a href=\"https:\/\/www.spiegel.de\/ausland\/jemen-recep-tayyip-erdogan-nennt-angriffe-auf-huthi-stellungen-unverhaeltnismaessig-a-fdbefcda-47db-4fc4-90af-8fdbeec4a8dc\" target=\"_blank\" rel=\"noopener\">https:\/\/www.spiegel.de\/ausland\/jemen-recep-tayyip-erdogan-nennt-angriffe-auf-huthi-stellungen-unverhaeltnismaessig-a-fdbefcda-47db-4fc4-90af-8fdbeec4a8dc<\/a><\/p>\n<p>5) <a href=\"https:\/\/freedert.online\/international\/192544-sacharowa-bezeichnet-us-angriffe-auf\/\" target=\"_blank\" rel=\"noopener\">https:\/\/freedert.online\/international\/192544-sacharowa-bezeichnet-us-angriffe-auf\/<\/a><\/p>\n<p>6) <a href=\"https:\/\/www.congress.gov\/118\/crec\/2023\/02\/28\/169\/38\/CREC-2023-02-28-dailydigest.pdf\">https:\/\/www.congress.gov\/118\/crec\/2023\/02\/28\/169\/38\/CREC-2023-02-28-dailydigest.pdf<\/a>; <a href=\"https:\/\/www.youtube.com\/watch?v=tmmPHvlbdwI\" target=\"_blank\" rel=\"noopener\">https:\/\/www.youtube.com\/watch?v=tmmPHvlbdwI<\/a><\/p>\n<p>7) <a href=\"https:\/\/www.tagesschau.de\/ausland\/amerika\/usa-ukraine-hilfen-102.html\" target=\"_blank\" rel=\"noopener\">https:\/\/www.tagesschau.de\/ausland\/amerika\/usa-ukraine-hilfen-102.html<\/a><\/p>\n<p>8) Tats\u00e4chlich hat sich die Situation an der Grenze zu Mexiko seit dem Amtsantritt von Pr\u00e4sident Biden massiv versch\u00e4rft. Immer mehr Menschen wollen in die USA. 2021 versuchten rund 1,9 Millionen Migranten, die Grenze zu passieren, 2023 waren es schon \u00fcber 3,2 Millionen.<\/p>\n<p>9) <a href=\"https:\/\/www.deutschlandfunk.de\/bauernproteste-102.html\" target=\"_blank\" rel=\"noopener\">https:\/\/www.deutschlandfunk.de\/bauernproteste-102.html<\/a><\/p>\n<p>10) Ebda.<\/p>\n<p>11) <a href=\"https:\/\/lobbypedia.de\/wiki\/Deutscher_Bauernverband\" target=\"_blank\" rel=\"noopener\">https:\/\/lobbypedia.de\/wiki\/Deutscher_Bauernverband<\/a><\/p>\n<p>12) <a href=\"https:\/\/www.augsburger-allgemeine.de\/politik\/interview-warum-bauernpraesident-joachim-rukwied-fuer-eine-gruenere-agrarpolitik-ist-id56324631.html\" target=\"_blank\" rel=\"noopener\">https:\/\/www.augsburger-allgemeine.de\/politik\/interview-warum-bauernpraesident-joachim-rukwied-fuer-eine-gruenere-agrarpolitik-ist-id56324631.html<\/a><\/p>\n<p>13) Screenshot vom 8. Januar 2024<\/p>\n<p>14) <a href=\"https:\/\/www.merkur.de\/lokales\/muenchen\/lkw-grossdemo-in-muenchen-polizei-erwartet-verkehrschaos-92771521.html\" target=\"_blank\" rel=\"noopener\">https:\/\/www.merkur.de\/lokales\/muenchen\/lkw-grossdemo-in-muenchen-polizei-erwartet-verkehrschaos-92771521.html<\/a><\/p>\n<p>15) <a href=\"https:\/\/www.tiktok.com\/@landleben512\/video\/7324068770027195681\" target=\"_blank\" rel=\"noopener\">https:\/\/www.tiktok.com\/@landleben512\/video\/7324068770027195681;\u00a0<\/a><a href=\"https:\/\/www.sueddeutsche.de\/muenchen\/starnberg\/andechs-erling-bauern-protest-es-reicht-1.6333346\" target=\"_blank\" rel=\"noopener\">https:\/\/www.sueddeutsche.de\/muenchen\/starnberg\/andechs-erling-bauern-protest-es-reicht-1.6333346<\/a><\/p>\n<p>16) <a href=\"https:\/\/willy-brandt.de\/willy-brandt\/reden-zitate-und-stimmen\/zitate\/\" target=\"_blank\" rel=\"noopener\">https:\/\/willy-brandt.de\/willy-brandt\/reden-zitate-und-stimmen\/zitate\/<\/a><\/p>\n<p>17) Ebda<\/p>\n<p>18) Zitiert wie <a href=\"https:\/\/www.imi-online.de\/2023\/09\/18\/steadfast-defender-grossmanoever\/\" target=\"_blank\" rel=\"noopener\">https:\/\/www.imi-online.de\/2023\/09\/18\/steadfast-defender-grossmanoever\/<\/a><\/p>\n<p>19) <a href=\"https:\/\/web.de\/magazine\/politik\/selenskyj-spricht-historischem-pakt-nacht-ueberblick-39058662\" target=\"_blank\" rel=\"noopener\">https:\/\/web.de\/magazine\/politik\/selenskyj-spricht-historischem-pakt-nacht-ueberblick-39058662<\/a><\/p>\n<p>20) <a href=\"https:\/\/www.welt.de\/politik\/ausland\/article249508430\/Ukraine-und-Grossbritannien-schliessen-beispielloses-Sicherheitsabkommen.html\" target=\"_blank\" rel=\"noopener\">https:\/\/www.welt.de\/politik\/ausland\/article249508430\/Ukraine-und-Grossbritannien-schliessen-beispielloses-Sicherheitsabkommen.html<\/a><\/p>\n<p>21) Ebda.<\/p>\n<p>22)<a href=\"https:\/\/www.reuters.com\/world\/europe\/uk-commits-20000-military-personnel-nato-exercise-europe-2024-01-15\/\" target=\"_blank\" rel=\"noopener\"> https:\/\/www.reuters.com\/world\/europe\/uk-commits-20000-military-personnel-nato-exercise-europe-2024-01-15\/<\/a><\/p>\n<p>23) <a href=\"https:\/\/www.zeit.de\/2022\/53\/angela-merkel-russland-krieg-wladimir-putin\" target=\"_blank\" rel=\"noopener\">https:\/\/www.zeit.de\/2022\/53\/angela-merkel-russland-krieg-wladimir-putin<\/a><\/p>\n<p>24)<a href=\"https:\/\/www.fr.de\/politik\/von-putins-luegen-und-merkels-unwahrheiten-92037711.html\" target=\"_blank\" rel=\"noopener\"> https:\/\/www.fr.de\/politik\/von-putins-luegen-und-merkels-unwahrheiten-92037711.html<\/a><\/p>\n<p>25) <a href=\"https:\/\/kant300.kantiana.ru\/de\/about\/#\" target=\"_blank\" rel=\"noopener\">https:\/\/kant300.kantiana.ru\/de\/about\/#<\/a><\/p>\n<p>26) Ebda.<\/p>\n<p>27) <a href=\"https:\/\/www.welt.de\/politik\/ausland\/plus246859884\/Kaliningrad-An-der-russischen-Exklave-stehen-sich-Nato-und-Russland-gegenueber.html\" target=\"_blank\" rel=\"noopener\">https:\/\/www.welt.de\/politik\/ausland\/plus246859884\/Kaliningrad-An-der-russischen-Exklave-stehen-sich-Nato-und-Russland-gegenueber.html<\/a><\/p>\n<p>&nbsp;<\/p>\n<hr \/>\n<p><span style=\"font-size: 10pt;\">Bild oben: <a href=\"https:\/\/pixabay.com\/de\/illustrations\/neujahr-2024-wunderkerzenzahlen-8416395\/\" target=\"_blank\" rel=\"noopener\">pixabay.com<\/a> \/ <a href=\"https:\/\/pixabay.com\/de\/users\/hsarasvensson-6465970\/\" target=\"_blank\" rel=\"noopener\">HSaraSvensson<\/a> \/ <a href=\"https:\/\/pixabay.com\/de\/service\/license-summary\/\" target=\"_blank\" rel=\"noopener\">Inhaltslizenz<\/a><\/span><\/p>\n","protected":false},"excerpt":{"rendered":"<p><b>Kommentar von\u00a0Wolfgang Effenberger.<\/b><br \/>\nEin Blick auf den Globus zeigt, dass sich im Vergleich zum Vorjahr die Kriegsfeuer weiter von Europa in Richtung Asien vorgefressen haben. Der Kampf in Gaza tobt im 4. Monat, im Roten Meer erfolgreich flankiert von den Unterst\u00fctzungsangriffen der jemenitischen Huthi-Rebellen f\u00fcr die Pal\u00e4stinenser. Israelischen Schiffe oder Schiffen mit Bestimmungshafen Haifa wird die Durchfahrt durch den Suezkanal versperrt, was in Israel durchaus zu Versorgungsproblemen f\u00fchrt. Nach Angaben aus Washington haben die Huthis seit dem 19. November 2023 mehr als zwei Dutzend Angriffe auf internationale Handelsschiffe im Roten Meer ver\u00fcbt \u2013 erstmals setzten sie dabei auch eine ballistische Antischiffsrakete ein. Mehr als 2.000 Schiffe waren gezwungen, den Umweg von Tausenden Kilometern um das Kap Horn zu nehmen.<\/p>\n","protected":false},"author":3,"featured_media":17999,"comment_status":"closed","ping_status":"closed","sticky":false,"template":"","format":"standard","meta":{"colormag_page_container_layout":"default_layout","colormag_page_sidebar_layout":"default_layout","advanced_seo_description":"","jetpack_seo_html_title":"","jetpack_seo_noindex":false,"jetpack_post_was_ever_published":false,"footnotes":""},"categories":[12,1162],"tags":[2092,2095,1151,335,1631,2090,393,2018,866,2093,1207,1955,56,2091,2094],"class_list":["post-17997","post","type-post","status-publish","format-standard","has-post-thumbnail","hentry","category-demokratie-medien-aufklaerung","category-geschichte","tag-asien","tag-bauernproteste","tag-europa","tag-frieden","tag-geopolitik","tag-huthis","tag-israel","tag-kaliningrad","tag-kant","tag-luftangriffe","tag-manoever","tag-nahostkonflikt","tag-nato","tag-rotes-meer","tag-suez-kanal"],"jetpack_featured_media_url":"https:\/\/i0.wp.com\/www.freidenker.org\/fw17\/wp-content\/uploads\/2024\/01\/new-year-8416395_800x450.jpg?fit=800%2C450&ssl=1","jetpack_shortlink":"https:\/\/wp.me\/p9stpK-4Gh","jetpack-related-posts":[{"id":20548,"url":"https:\/\/www.freidenker.org\/?p=20548","url_meta":{"origin":17997,"position":0},"title":"Im Gespr\u00e4ch: Wolfgang Bittner (&#8222;Niemand soll hungern, ohne zu frieren&#8220;)","author":"Webredaktion","date":"20. Dezember 2024","format":false,"excerpt":"Video-Interview von Dirk Pohlmann mit Wolfgang Bittner Wolfgang Bittner ist Schriftsteller, promovierter Jurist, bildender K\u00fcnstler und hat neben Jura auch Philosophie und Soziologie studiert. Er hat die Welt bereist und etwa 80 B\u00fccher verfasst. Bittner war Rundfunkrat des WDR und Professor in Deutschland und Polen. Er ist ein Mann der\u2026","rel":"","context":"In &quot;Demokratie \u2013 Medien \u2013 Aufkl\u00e4rung&quot;","block_context":{"text":"Demokratie \u2013 Medien \u2013 Aufkl\u00e4rung","link":"https:\/\/www.freidenker.org\/?cat=12"},"img":{"alt_text":"","src":"https:\/\/i0.wp.com\/www.freidenker.org\/fw17\/wp-content\/uploads\/2024\/12\/bittner_pohlmann_800x450.jpg?fit=800%2C450&ssl=1&resize=350%2C200","width":350,"height":200,"srcset":"https:\/\/i0.wp.com\/www.freidenker.org\/fw17\/wp-content\/uploads\/2024\/12\/bittner_pohlmann_800x450.jpg?fit=800%2C450&ssl=1&resize=350%2C200 1x, https:\/\/i0.wp.com\/www.freidenker.org\/fw17\/wp-content\/uploads\/2024\/12\/bittner_pohlmann_800x450.jpg?fit=800%2C450&ssl=1&resize=525%2C300 1.5x, https:\/\/i0.wp.com\/www.freidenker.org\/fw17\/wp-content\/uploads\/2024\/12\/bittner_pohlmann_800x450.jpg?fit=800%2C450&ssl=1&resize=700%2C400 2x"},"classes":[]},{"id":19181,"url":"https:\/\/www.freidenker.org\/?p=19181","url_meta":{"origin":17997,"position":1},"title":"Immanuel Kants 300. Geburtstag &#8211; Teil 2","author":"Webredaktion","date":"25. Mai 2024","format":false,"excerpt":"Teil 2: Reiseimpressionen aus Kaliningrad (ehemals K\u00f6nigsberg) Ein Kommentar von Wolfgang Effenberger Am 22. April 2024, dem 300sten Geburtstag von Immanuel Kant, sollte neben anderen Veranstaltungen die 1. Internationale Konferenz \u201cZum ewigen Frieden\u201d in K\u00f6nigsberg \/ Kaliningrad stattfinden. Wolfgang Effenberger war eingeladen, einen Kurzvortrag zur aktuellen Lage und zu Kants\u2026","rel":"","context":"In &quot;Kultur &amp; Kunst&quot;","block_context":{"text":"Kultur &amp; Kunst","link":"https:\/\/www.freidenker.org\/?cat=913"},"img":{"alt_text":"","src":"https:\/\/i0.wp.com\/www.freidenker.org\/fw17\/wp-content\/uploads\/2024\/05\/effenberger_kant2_02_800x450.jpg?fit=800%2C448&ssl=1&resize=350%2C200","width":350,"height":200,"srcset":"https:\/\/i0.wp.com\/www.freidenker.org\/fw17\/wp-content\/uploads\/2024\/05\/effenberger_kant2_02_800x450.jpg?fit=800%2C448&ssl=1&resize=350%2C200 1x, https:\/\/i0.wp.com\/www.freidenker.org\/fw17\/wp-content\/uploads\/2024\/05\/effenberger_kant2_02_800x450.jpg?fit=800%2C448&ssl=1&resize=525%2C300 1.5x, https:\/\/i0.wp.com\/www.freidenker.org\/fw17\/wp-content\/uploads\/2024\/05\/effenberger_kant2_02_800x450.jpg?fit=800%2C448&ssl=1&resize=700%2C400 2x"},"classes":[]},{"id":11914,"url":"https:\/\/www.freidenker.org\/?p=11914","url_meta":{"origin":17997,"position":2},"title":"Vorw\u00e4rts in die totalit\u00e4re Vergangenheit","author":"Webredaktion","date":"31. Dezember 2021","format":false,"excerpt":"Ein Kommentar von Rainer Rupp Die \u00c4lteren unter uns erinnern sich sicherlich noch, wie viele zig Milliarden D-Mark und seit 2002 Euro eine deutsche Bundesregierung nach der anderen f\u00fcr Softpower-Programme ausgegeben haben, um dem Rest der Welt \u2013 vor allem den westlichen Verb\u00fcndeten \u2013 den Eindruck zu vermitteln, dass die\u2026","rel":"","context":"In &quot;Demokratie \u2013 Medien \u2013 Aufkl\u00e4rung&quot;","block_context":{"text":"Demokratie \u2013 Medien \u2013 Aufkl\u00e4rung","link":"https:\/\/www.freidenker.org\/?cat=12"},"img":{"alt_text":"","src":"https:\/\/i0.wp.com\/www.freidenker.org\/fw17\/wp-content\/uploads\/2021\/12\/auto-demkratie_800x450.jpg?fit=800%2C450&ssl=1&resize=350%2C200","width":350,"height":200,"srcset":"https:\/\/i0.wp.com\/www.freidenker.org\/fw17\/wp-content\/uploads\/2021\/12\/auto-demkratie_800x450.jpg?fit=800%2C450&ssl=1&resize=350%2C200 1x, https:\/\/i0.wp.com\/www.freidenker.org\/fw17\/wp-content\/uploads\/2021\/12\/auto-demkratie_800x450.jpg?fit=800%2C450&ssl=1&resize=525%2C300 1.5x, https:\/\/i0.wp.com\/www.freidenker.org\/fw17\/wp-content\/uploads\/2021\/12\/auto-demkratie_800x450.jpg?fit=800%2C450&ssl=1&resize=700%2C400 2x"},"classes":[]},{"id":12199,"url":"https:\/\/www.freidenker.org\/?p=12199","url_meta":{"origin":17997,"position":3},"title":"Regelbasiertes, amerikanisches Welt-Faustrecht","author":"Webredaktion","date":"19. Februar 2022","format":false,"excerpt":"Ein Kommentar von Willy Wimmer Man musste schon staunen, als sich der deutsche Bundeskanzler bei seinem Antrittsbesuch in Washington auf der gemeinsamen Pressekonferenz mit dem \u201cBoss der westlichen Wertegemeinschaft\u201d und US-Pr\u00e4sidenten, Joe Biden, zu einer von ihm so genannten \u201cregelbasierten Ordnung\u201d vernehmen lies. Das kam aus dem Munde des deutschen\u2026","rel":"","context":"In &quot;Frieden - Antifaschismus - Solidarit\u00e4t&quot;","block_context":{"text":"Frieden - Antifaschismus - Solidarit\u00e4t","link":"https:\/\/www.freidenker.org\/?cat=13"},"img":{"alt_text":"","src":"https:\/\/i0.wp.com\/www.freidenker.org\/fw17\/wp-content\/uploads\/2022\/02\/USA_Faustrecht_v2_800x450.jpg?fit=800%2C450&ssl=1&resize=350%2C200","width":350,"height":200,"srcset":"https:\/\/i0.wp.com\/www.freidenker.org\/fw17\/wp-content\/uploads\/2022\/02\/USA_Faustrecht_v2_800x450.jpg?fit=800%2C450&ssl=1&resize=350%2C200 1x, https:\/\/i0.wp.com\/www.freidenker.org\/fw17\/wp-content\/uploads\/2022\/02\/USA_Faustrecht_v2_800x450.jpg?fit=800%2C450&ssl=1&resize=525%2C300 1.5x, https:\/\/i0.wp.com\/www.freidenker.org\/fw17\/wp-content\/uploads\/2022\/02\/USA_Faustrecht_v2_800x450.jpg?fit=800%2C450&ssl=1&resize=700%2C400 2x"},"classes":[]},{"id":17890,"url":"https:\/\/www.freidenker.org\/?p=17890","url_meta":{"origin":17997,"position":4},"title":"Nach 10 Jahren Vorbereitung: NATO kriegsbereit gegen Russland","author":"Webredaktion","date":"17. Januar 2024","format":false,"excerpt":"Ein Kommentar von Wolfgang Effenberger Vor dem Hintergrund eines milit\u00e4risch und wirtschaftlich noch angeschlagenen Russlands, eines milit\u00e4risch noch etwas schw\u00e4cheren Chinas und der noch relativ losen Gemeinschaft der BRICS-Staaten (das erste Treffen war 2009 in Jekaterinburg) entschlossen sich die USA im Herbst 2013 den im Jahr 2010 gew\u00e4hlten prorussischen Pr\u00e4sidenten\u2026","rel":"","context":"In &quot;Demokratie \u2013 Medien \u2013 Aufkl\u00e4rung&quot;","block_context":{"text":"Demokratie \u2013 Medien \u2013 Aufkl\u00e4rung","link":"https:\/\/www.freidenker.org\/?cat=12"},"img":{"alt_text":"","src":"https:\/\/i0.wp.com\/www.freidenker.org\/fw17\/wp-content\/uploads\/2024\/01\/Russia_NATO_flags.svg_800x450.png?fit=800%2C450&ssl=1&resize=350%2C200","width":350,"height":200,"srcset":"https:\/\/i0.wp.com\/www.freidenker.org\/fw17\/wp-content\/uploads\/2024\/01\/Russia_NATO_flags.svg_800x450.png?fit=800%2C450&ssl=1&resize=350%2C200 1x, https:\/\/i0.wp.com\/www.freidenker.org\/fw17\/wp-content\/uploads\/2024\/01\/Russia_NATO_flags.svg_800x450.png?fit=800%2C450&ssl=1&resize=525%2C300 1.5x, https:\/\/i0.wp.com\/www.freidenker.org\/fw17\/wp-content\/uploads\/2024\/01\/Russia_NATO_flags.svg_800x450.png?fit=800%2C450&ssl=1&resize=700%2C400 2x"},"classes":[]},{"id":10812,"url":"https:\/\/www.freidenker.org\/?p=10812","url_meta":{"origin":17997,"position":5},"title":"Nach tristem G-7 Gipfel Hoffnungsschimmer in Genf?","author":"Webredaktion","date":"11. Juli 2021","format":false,"excerpt":"Beitrag von Wolfgang Effenberger, Sprecherin Sabiene Jahn Bereits eine Woche vor dem G7-Gipfel waren die Finanzminister in London zusammengekommen, um nach jahrelangen Verhandlungen einheitliche Regeln zur k\u00fcnftigen Besteuerung von multinationalen Unternehmen wie beispielsweise Amazon, Google, Microsoft oder Apple zu verabschieden mit dem Ziel, Steueroasen auszutrocknen. Angeblich ein Jahrhundertwerk. Die US-amerikanische\u2026","rel":"","context":"In &quot;Frieden - Antifaschismus - Solidarit\u00e4t&quot;","block_context":{"text":"Frieden - Antifaschismus - Solidarit\u00e4t","link":"https:\/\/www.freidenker.org\/?cat=13"},"img":{"alt_text":"","src":"https:\/\/i0.wp.com\/www.freidenker.org\/fw17\/wp-content\/uploads\/2021\/07\/jahn_effenberger_g7_800x450.jpg?fit=800%2C450&ssl=1&resize=350%2C200","width":350,"height":200,"srcset":"https:\/\/i0.wp.com\/www.freidenker.org\/fw17\/wp-content\/uploads\/2021\/07\/jahn_effenberger_g7_800x450.jpg?fit=800%2C450&ssl=1&resize=350%2C200 1x, https:\/\/i0.wp.com\/www.freidenker.org\/fw17\/wp-content\/uploads\/2021\/07\/jahn_effenberger_g7_800x450.jpg?fit=800%2C450&ssl=1&resize=525%2C300 1.5x, https:\/\/i0.wp.com\/www.freidenker.org\/fw17\/wp-content\/uploads\/2021\/07\/jahn_effenberger_g7_800x450.jpg?fit=800%2C450&ssl=1&resize=700%2C400 2x"},"classes":[]}],"_links":{"self":[{"href":"https:\/\/www.freidenker.org\/index.php?rest_route=\/wp\/v2\/posts\/17997","targetHints":{"allow":["GET"]}}],"collection":[{"href":"https:\/\/www.freidenker.org\/index.php?rest_route=\/wp\/v2\/posts"}],"about":[{"href":"https:\/\/www.freidenker.org\/index.php?rest_route=\/wp\/v2\/types\/post"}],"author":[{"embeddable":true,"href":"https:\/\/www.freidenker.org\/index.php?rest_route=\/wp\/v2\/users\/3"}],"replies":[{"embeddable":true,"href":"https:\/\/www.freidenker.org\/index.php?rest_route=%2Fwp%2Fv2%2Fcomments&post=17997"}],"version-history":[{"count":0,"href":"https:\/\/www.freidenker.org\/index.php?rest_route=\/wp\/v2\/posts\/17997\/revisions"}],"wp:featuredmedia":[{"embeddable":true,"href":"https:\/\/www.freidenker.org\/index.php?rest_route=\/wp\/v2\/media\/17999"}],"wp:attachment":[{"href":"https:\/\/www.freidenker.org\/index.php?rest_route=%2Fwp%2Fv2%2Fmedia&parent=17997"}],"wp:term":[{"taxonomy":"category","embeddable":true,"href":"https:\/\/www.freidenker.org\/index.php?rest_route=%2Fwp%2Fv2%2Fcategories&post=17997"},{"taxonomy":"post_tag","embeddable":true,"href":"https:\/\/www.freidenker.org\/index.php?rest_route=%2Fwp%2Fv2%2Ftags&post=17997"}],"curies":[{"name":"wp","href":"https:\/\/api.w.org\/{rel}","templated":true}]}}