{"id":17992,"date":"2024-01-23T22:28:19","date_gmt":"2024-01-23T21:28:19","guid":{"rendered":"https:\/\/www.freidenker.org\/?p=17992"},"modified":"2024-02-13T20:42:57","modified_gmt":"2024-02-13T19:42:57","slug":"die-usa-haben-den-us-amerikanischen-journalisten-gonzalo-lira-in-der-ukraine-verrecken-lassen","status":"publish","type":"post","link":"https:\/\/www.freidenker.org\/?p=17992","title":{"rendered":"Die USA haben den US-amerikanischen Journalisten Gonzalo Lira in der Ukraine verrecken lassen"},"content":{"rendered":"<p><strong>Gonzalo Lira ist in ukrainischer Haft gestorben, nachdem er monatelang nicht medizinisch behandelt wurde. Die US-Regierung hat keinen Finger f\u00fcr ihn ger\u00fchrt und die westlichen Medien haben nicht \u00fcber ihn berichtet, da seine politische Linie der US-Politik widersprach. Das ist ein weiteres Beispiel f\u00fcr die Doppelmoral des Westens<\/strong><\/p>\n<p><em>von <strong>Anti-Spiegel<\/strong> (d.i. <strong>Thomas R\u00f6per)<\/strong><\/em><\/p>\n<p><span style=\"font-size: 10pt;\">Erstver\u00f6ffentlichung am 14.01.2024 auf <a href=\"https:\/\/www.anti-spiegel.ru\/2024\/die-usa-haben-den-us-amerikanischen-journalisten-gonzalo-lira-in-der-ukraine-verrecken-lassen\/\" target=\"_blank\" rel=\"noopener\">anti-spiegel.ru<\/a><\/span><\/p>\n<p>Der US-amerikanische Journalist Gonzalo Lira lebte in der Ukraine und hat mit Beginn der russischen Intervention im Februar 2022 sehr <a href=\"https:\/\/www.anti-spiegel.ru\/2022\/in-der-ukraine-herrscht-das-chaos-und-selensky-lallt-vor-der-presse\/\" target=\"_blank\" rel=\"noreferrer noopener\">kritisch \u00fcber die Zust\u00e4nde in dem Land berichtet<\/a>. Dabei hat er das ukrainische Selensky-Regime heftig kritisiert, weil es die Visapflicht f\u00fcr ausl\u00e4ndische S\u00f6ldner abgeschafft, Gefangene freigelassen und Waffen an alle verteilt hat, die welche haben wollten. Lira sagte damals in einem Video:<\/p>\n<blockquote class=\"wp-block-quote\"><p>\u201eIch glaube, das Selensky-Regime ist verr\u00fcckt geworden. Ich bin jetzt auf dem Maidan und habe Angst, nicht von den Russen, sondern von den Verbrechern erschossen zu werden, die Selensky in Kiew bewaffnet hat. Ich bin sehr w\u00fctend, diese Idioten stiften Chaos\u201c<\/p><\/blockquote>\n<h5>Gonzalo Lira wurde immer wieder verhaftet<\/h5>\n<p>Im April 2022 wurde er vom ukrainischen Geheimdienst verhaftet, aber der hatte damals anscheinend noch Angst, die USA zu ver\u00e4rgern und hat Lira wenige Tage sp\u00e4ter <a href=\"https:\/\/www.anti-spiegel.ru\/2022\/ukraine-journalisten-werden-erschossen-oder-verschwinden-opposition-wurde-verboten\/\" target=\"_blank\" rel=\"noreferrer noopener\">wieder freigelassen<\/a>. Er lebte danach in Charkow und durfte die Stadt nicht mehr verlassen.<\/p>\n<p>Anfang Mai 2023 wurde Lira wieder vom ukrainischen Geheimdienst SBU verhaftet, dieses Mal wegen des Vorwurfs einer \u201eRechtfertigung der russischen Invasion\u201c. Im Klartext wurde Lira in der Ukraine verhaftet, weil er die Regierung kritisiert und von seinem Recht auf freie Meinungs\u00e4u\u00dferung Gebrauch gemacht hat.<\/p>\n<p>Der ukrainische Geheimdienst hatte da offenbar signalisiert bekommen, dass die USA sich nicht f\u00fcr Lira einsetzen w\u00fcrden, denn die US-Regierung wurde nicht zu seinem Schutz aktiv und auch die westlichen Medien haben den Fall Lira nicht erw\u00e4hnt. Im Archiv des Spiegel findet sich kein einziger Artikel \u00fcber seine mehrmaligen Verhaftungen in der Ukraine. Spiegel-Leser sollen nicht wissen, was in der Ukraine wirklich vor sich geht.<\/p>\n<h5>Keine Reaktion der US-Regierung<\/h5>\n<p>Ein Journalist erinnerte den Sprecher des US-Au\u00dfenministeriums dann daran, dass die Verhaftung von Lira bereits mehrere Wochen zur\u00fccklag, die US-Regierung jedoch immer noch nicht offiziell reagiert hatte. Als Antwort bekam er lediglich, dass der Fall Lira dem US-Au\u00dfenministerium durchaus bekannt sei und dass die Redefreiheit \u00fcberall auf der Welt unterst\u00fctze. Doch auch auf nochmalige Nachfrage wurde nicht mitgeteilt, ob und welche Bem\u00fchungen die US-Regierung im Fall Lira unternommen h\u00e4tte, denn sie hatte schlicht nichts unternommen.<\/p>\n<p>Ende Juli wurde Lira erneut aus der Haft entlassen und ver\u00f6ffentlichte eine Reihe von Beitr\u00e4gen auf X (fr\u00fcher Twitter), in denen er \u00fcber seine Folterungen im Gef\u00e4ngnis und die Versuche des SBU, ihn zu erpressen, berichtete. Er sagte in seiner letzten \u00f6ffentlichen Videonachricht, er wolle nach Ungarn fliehen und Asyl beantragen und f\u00fcgte hinzu:<\/p>\n<blockquote class=\"wp-block-quote\"><p>\u201eEntweder \u00fcberquere ich die Grenze und bringe mich in Sicherheit, oder das Kiewer Regime wird mich eliminieren.\u201c<\/p><\/blockquote>\n<p>Nun ist es genauso gekommen, denn er wurde an der Grenze verhaftet und das ukrainische Regime hat Gonzalo Lira mit Billigung der US-Regierung sterben lassen.<\/p>\n<p>Gonzalo Lira hat seit Oktober \u00fcber gesundheitliche Probleme geklagt, wurde im ukrainischen Gef\u00e4ngnis aber nicht behandelt. In einer handschriftlichen Notiz, die Liras Schwester am 4. Januar erhielt und die sein Vater The Grayzone zur Verf\u00fcgung gestellt hat, hat Gonzalo Lira \u00fcber schwere gesundheitliche Probleme aufgrund einer Lungenentz\u00fcndung und eines Lungenkollapses berichtet. Die gesundheitlichen Probleme seien schon Mitte Oktober 2023 aufgetreten, die ukrainischen Gef\u00e4ngnisbeh\u00f6rden erkannten das Problem erst am 22. Dezember an und Lira sollte sich einer Operation unterziehen.<\/p>\n<p><img data-recalc-dims=\"1\" loading=\"lazy\" decoding=\"async\" data-attachment-id=\"17993\" data-permalink=\"https:\/\/www.freidenker.org\/?attachment_id=17993\" data-orig-file=\"https:\/\/i0.wp.com\/www.freidenker.org\/fw17\/wp-content\/uploads\/2024\/01\/gonzalo-letzter-brief.jpg?fit=1200%2C1023&amp;ssl=1\" data-orig-size=\"1200,1023\" data-comments-opened=\"0\" data-image-meta=\"{&quot;aperture&quot;:&quot;0&quot;,&quot;credit&quot;:&quot;&quot;,&quot;camera&quot;:&quot;&quot;,&quot;caption&quot;:&quot;&quot;,&quot;created_timestamp&quot;:&quot;0&quot;,&quot;copyright&quot;:&quot;&quot;,&quot;focal_length&quot;:&quot;0&quot;,&quot;iso&quot;:&quot;0&quot;,&quot;shutter_speed&quot;:&quot;0&quot;,&quot;title&quot;:&quot;&quot;,&quot;orientation&quot;:&quot;0&quot;}\" data-image-title=\"gonzalo-letzter-brief\" data-image-description=\"\" data-image-caption=\"\" data-large-file=\"https:\/\/i0.wp.com\/www.freidenker.org\/fw17\/wp-content\/uploads\/2024\/01\/gonzalo-letzter-brief.jpg?fit=800%2C682&amp;ssl=1\" class=\"alignnone wp-image-17993 size-large\" src=\"https:\/\/i0.wp.com\/www.freidenker.org\/fw17\/wp-content\/uploads\/2024\/01\/gonzalo-letzter-brief.jpg?resize=800%2C682&#038;ssl=1\" alt=\"\" width=\"800\" height=\"682\" srcset=\"https:\/\/i0.wp.com\/www.freidenker.org\/fw17\/wp-content\/uploads\/2024\/01\/gonzalo-letzter-brief.jpg?resize=1024%2C873&amp;ssl=1 1024w, https:\/\/i0.wp.com\/www.freidenker.org\/fw17\/wp-content\/uploads\/2024\/01\/gonzalo-letzter-brief.jpg?resize=300%2C256&amp;ssl=1 300w, https:\/\/i0.wp.com\/www.freidenker.org\/fw17\/wp-content\/uploads\/2024\/01\/gonzalo-letzter-brief.jpg?resize=768%2C655&amp;ssl=1 768w, https:\/\/i0.wp.com\/www.freidenker.org\/fw17\/wp-content\/uploads\/2024\/01\/gonzalo-letzter-brief.jpg?w=1200&amp;ssl=1 1200w\" sizes=\"auto, (max-width: 800px) 100vw, 800px\" \/><\/p>\n<p>\u00dcber all das <a href=\"https:\/\/thegrayzone.com\/2024\/01\/12\/gonzalo-lira-dies-ukrainian-prison\/\" target=\"_blank\" rel=\"noreferrer noopener\">berichtete The Grayzone<\/a>, das auch die Notiz ver\u00f6ffentlicht hat. Der Vater von Gonzalo Lira schrieb in einer von The Grayzone ver\u00f6ffentlichten Notiz:<\/p>\n<blockquote class=\"wp-block-quote\"><p>\u201eIch kann nicht akzeptieren, wie mein Sohn gestorben ist. Er wurde 8 Monate und 11 Tage lang gefoltert, erpresst und in Isolationshaft gehalten, und die US-Botschaft hat nichts getan, um meinem Sohn zu helfen. Die Verantwortung f\u00fcr diese Trag\u00f6die tr\u00e4gt der Diktator Selensky mit dem Einverst\u00e4ndnis eines senilen amerikanischen Pr\u00e4sidenten, Joe Biden.\u201c<\/p><\/blockquote>\n<h5>Die westliche Doppelmoral<\/h5>\n<p>Westliche Medien berichten gerne und oft emotional \u00fcber Einzelschicksale von in \u201eb\u00f6sen\u201c L\u00e4ndern verhafteten US-B\u00fcrgern. Wenn ein US-B\u00fcrger beispielsweise in Russland wegen Gesetzesbr\u00fcchen verhaftet wird, bezeichnen die westlichen Medien das als \u201eGeiselnahme\u201c, es werden gro\u00dfangelegte Medienkampagnen gefahren und die US-Regierung wird nicht m\u00fcde, deren Freilassung zu fordern.<\/p>\n<p>Dass es sich dabei um einseitige Propaganda handelt, zeigt das Beispiel Gonzalo Lira. Er wurde in der Ukraine mehrmals verhaftet, verschwand immer wieder spurlos in Foltergef\u00e4ngnissen des ukrainischen Geheimdienstes SBU, aber weder die US-Regierung, noch die westlichen Medien f\u00fchlten sich berufen, sich f\u00fcr ihn einzusetzen, denn sein Vergehen bestand darin, die Politik der Ukraine und des Westens zu kritisieren.<\/p>\n<p>Solche Beispiele gibt es auch aus Deutschland, wenn wir uns beispielsweise an den Fall des deutschen Journalisten Billy Six erinnern, der in Syrien und in Venezuela verhaftet wurde, ohne dass das deutsche Medien oder die Bundesregierung interessiert h\u00e4tte, weil er die Bundesregierung kritisiert. Beide Male war es ausgerechnet der russische Au\u00dfenminister Lawrow, der f\u00fcr die Freilassung des deutschen Journalisten <a href=\"https:\/\/www.anti-spiegel.ru\/2019\/schwere-vorwuerfe-von-billy-six-gegen-bundesregierung-russland-hat-sich-fuer-ihn-eingesetzt-deutschland-hat-ihn-im-stich-gelassen\/\" target=\"_blank\" rel=\"noreferrer noopener\">gesorgt hat<\/a>.<\/p>\n<p>\u00dcbrigens ist Billy Six keineswegs Russland-freundlich, eher <a href=\"https:\/\/www.anti-spiegel.ru\/2023\/das-ukraine-streitgespraech-roeper-vs-six-ist-online\/\" target=\"_blank\" rel=\"noreferrer noopener\">im Gegenteil<\/a>. Trotzdem hat Russland sich f\u00fcr ihn eingesetzt, w\u00e4hrend sich die Bundesregierung wahrscheinlich durchaus gefreut h\u00e4tte, wenn auch Billy Six im Gef\u00e4ngnis gestorben w\u00e4re.<\/p>\n<p>Am 12. Januar teilte das US-Au\u00dfenministerium einem TASS-Korrespondenten <a href=\"https:\/\/tass.ru\/mezhdunarodnaya-panorama\/19721067\" target=\"_blank\" rel=\"noreferrer noopener\">auf Nachfrage mit<\/a>:<\/p>\n<blockquote class=\"wp-block-quote\"><p>\u201eWir k\u00f6nnen den Tod eines US-B\u00fcrgers in der Ukraine best\u00e4tigen. Wir sprechen der Familie unser aufrichtiges Beileid aus. Wir sind bereit, jede angemessene konsularische Unterst\u00fctzung zu leisten. Aus Respekt vor der Familie in dieser schwierigen Zeit werden wir keinen weiteren Kommentar abgeben.\u201c<\/p><\/blockquote>\n<p>W\u00e4re ein US-B\u00fcrger unter solchen Umst\u00e4nden in russischer Gefangenschaft gestorben, h\u00e4tte die Pressemeldung anders geklungen. Und die westlichen Medien h\u00e4tten das Thema tagelang in den Schlagzeilen gehalten, wie die massiven Medienkampagnen \u00fcber US-B\u00fcrger, die sich beispielsweise in russischer, chinesischer oder nordkoreanischer Haft befinden, immer wieder zeigen.<\/p>\n<p>Kritiker des Westens haben durchaus Gr\u00fcnde, sich um ihre Sicherheit zu sorgen, wie das Beispiel Gonzalo Lira zeigt.<\/p>\n<p style=\"text-align: right;\"><em>Thomas R\u00f6per, geboren 1971, lebt seit \u00fcber 15 Jahren in Russland. Die Schwerpunkte seiner medienkritischen Arbeit sind das (mediale) Russlandbild in Deutschland, Kritik an der Berichterstattung westlicher Medien im Allgemeinen und die Themen (Geo-)Politik und Wirtschaft.<\/em><\/p>\n<hr \/>\n<p><span style=\"font-size: 10pt;\">Bild oben: Gonzalo Lira 2022 in Kiew.<\/span><br \/>\n<span style=\"font-size: 10pt;\">Foto: Gonzalo Lira &#8211; <a href=\"https:\/\/www.youtube.com\/watch?v=WtN6C9xfzFo\" target=\"_blank\" rel=\"noopener\">https:\/\/www.youtube.com\/watch?v=WtN6C9xfzFo<\/a> (Screenshot), <a href=\"https:\/\/creativecommons.org\/licenses\/by-sa\/4.0\" target=\"_blank\" rel=\"noopener\">CC BY-SA 4.0<\/a><\/span><br \/>\n<span style=\"font-size: 10pt;\">Quelle: <a href=\"https:\/\/commons.wikimedia.org\/w\/index.php?curid=117030397\" target=\"_blank\" rel=\"noopener\">https:\/\/commons.wikimedia.org\/w\/index.php?curid=117030397<\/a><\/span><\/p>\n","protected":false},"excerpt":{"rendered":"<p><b>Beitrag von Thomas R\u00f6per<\/b><br \/>\nDer US-amerikanische Journalist Gonzalo Lira lebte in der Ukraine und hat mit Beginn der russischen Intervention im Februar 2022 sehr kritisch \u00fcber die Zust\u00e4nde in dem Land berichtet. Dabei hat er das ukrainische Selensky-Regime heftig kritisiert, weil es die Visapflicht f\u00fcr ausl\u00e4ndische S\u00f6ldner abgeschafft, Gefangene freigelassen und Waffen an alle verteilt hat, die welche haben wollten. Lira sagte damals in einem Video: <i>\u201eIch glaube, das Selensky-Regime ist verr\u00fcckt geworden. Ich bin jetzt auf dem Maidan und habe Angst, nicht von den Russen, sondern von den Verbrechern erschossen zu werden, die Selensky in Kiew bewaffnet hat. Ich bin sehr w\u00fctend, diese Idioten stiften Chaos\u201c<\/i> <\/p>\n","protected":false},"author":3,"featured_media":17994,"comment_status":"closed","ping_status":"closed","sticky":false,"template":"","format":"standard","meta":{"colormag_page_container_layout":"default_layout","colormag_page_sidebar_layout":"default_layout","advanced_seo_description":"","jetpack_seo_html_title":"","jetpack_seo_noindex":false,"jetpack_post_was_ever_published":false,"footnotes":""},"categories":[12],"tags":[699,1500,1406,759,121,222,1111,639,185],"class_list":["post-17992","post","type-post","status-publish","format-standard","has-post-thumbnail","hentry","category-demokratie-medien-aufklaerung","tag-aussenpolitik","tag-der-spiegel","tag-diplomatie","tag-geheimdienste","tag-medien","tag-russland","tag-ukraine","tag-ukraine-konflikt","tag-usa"],"jetpack_featured_media_url":"https:\/\/i0.wp.com\/www.freidenker.org\/fw17\/wp-content\/uploads\/2024\/01\/Gonzalo_Lira_in_Kiev_2_800x450.jpg?fit=800%2C450&ssl=1","jetpack_shortlink":"https:\/\/wp.me\/p9stpK-4Gc","jetpack-related-posts":[{"id":17055,"url":"https:\/\/www.freidenker.org\/?p=17055","url_meta":{"origin":17992,"position":0},"title":"Wie der Spiegel \u00fcber Lawrows Rede im UN-Sicherheitsrat berichtet","author":"Webredaktion","date":"23. September 2023","format":false,"excerpt":"Beitrag von Anti-Spiegel (d.i. Thomas R\u00f6per) Ich habe die Rede, die der russische Au\u00dfenminister Lawrow im UN-Sicherheitsrat gehalten hat, komplett \u00fcbersetzt und dazu geschrieben, dass deutsche Medien \u00fcber den Inhalt der Rede nicht berichten werden. Die Rede von Lawrow war ausf\u00fchrlich und lang und Lawrow hat darin den russischen Standpunkt\u2026","rel":"","context":"In &quot;Demokratie \u2013 Medien \u2013 Aufkl\u00e4rung&quot;","block_context":{"text":"Demokratie \u2013 Medien \u2013 Aufkl\u00e4rung","link":"https:\/\/www.freidenker.org\/?cat=12"},"img":{"alt_text":"","src":"https:\/\/i0.wp.com\/www.freidenker.org\/fw17\/wp-content\/uploads\/2023\/09\/spiegel_lawrow_800x450.jpg?fit=800%2C450&ssl=1&resize=350%2C200","width":350,"height":200,"srcset":"https:\/\/i0.wp.com\/www.freidenker.org\/fw17\/wp-content\/uploads\/2023\/09\/spiegel_lawrow_800x450.jpg?fit=800%2C450&ssl=1&resize=350%2C200 1x, https:\/\/i0.wp.com\/www.freidenker.org\/fw17\/wp-content\/uploads\/2023\/09\/spiegel_lawrow_800x450.jpg?fit=800%2C450&ssl=1&resize=525%2C300 1.5x, https:\/\/i0.wp.com\/www.freidenker.org\/fw17\/wp-content\/uploads\/2023\/09\/spiegel_lawrow_800x450.jpg?fit=800%2C450&ssl=1&resize=700%2C400 2x"},"classes":[]},{"id":16925,"url":"https:\/\/www.freidenker.org\/?p=16925","url_meta":{"origin":17992,"position":1},"title":"Der Spiegel und seine Desinformation \u00fcber das Getreideabkommen","author":"Webredaktion","date":"13. September 2023","format":false,"excerpt":"Kommentar von Thomas R\u00f6per Der t\u00fcrkische Pr\u00e4sident Erdogan hat seinen russischen Amtskollegen Putin besucht und eines der Hauptanliegen von Erdogan ist die Wiederinkraftsetzung des Getreideabkommens. F\u00fcr deutsche Medien ist das wieder einmal ein Grund f\u00fcr Desinformation. Vorweg sei gesagt, dass journalistische Arbeit manchmal erm\u00fcdend ist, weil man \u00fcber manche Themen\u2026","rel":"","context":"In &quot;Demokratie \u2013 Medien \u2013 Aufkl\u00e4rung&quot;","block_context":{"text":"Demokratie \u2013 Medien \u2013 Aufkl\u00e4rung","link":"https:\/\/www.freidenker.org\/?cat=12"},"img":{"alt_text":"","src":"https:\/\/i0.wp.com\/www.freidenker.org\/fw17\/wp-content\/uploads\/2023\/09\/der-spiegel-6866071_800x450.jpg?fit=800%2C450&ssl=1&resize=350%2C200","width":350,"height":200,"srcset":"https:\/\/i0.wp.com\/www.freidenker.org\/fw17\/wp-content\/uploads\/2023\/09\/der-spiegel-6866071_800x450.jpg?fit=800%2C450&ssl=1&resize=350%2C200 1x, https:\/\/i0.wp.com\/www.freidenker.org\/fw17\/wp-content\/uploads\/2023\/09\/der-spiegel-6866071_800x450.jpg?fit=800%2C450&ssl=1&resize=525%2C300 1.5x, https:\/\/i0.wp.com\/www.freidenker.org\/fw17\/wp-content\/uploads\/2023\/09\/der-spiegel-6866071_800x450.jpg?fit=800%2C450&ssl=1&resize=700%2C400 2x"},"classes":[]},{"id":10904,"url":"https:\/\/www.freidenker.org\/?p=10904","url_meta":{"origin":17992,"position":2},"title":"Deutschland boykottiert Anti-Rassismus-Konferenz der Vereinten Nationen","author":"Webredaktion","date":"27. Juli 2021","format":false,"excerpt":"Beitrag von Anti-Spiegel (d.i. Thomas R\u00f6per) Die sch\u00f6nen Worte deutscher Politiker und ihre tats\u00e4chlichen Handlungen gehen oft weit auseinander. Das zeigt nun wieder der Boykott der Anti-Rassismus-Konferenz der UNO. Deutschen Politikern geht es nicht um Rassismus, sondern um politische Ideologie. Beispiele daf\u00fcr ... gibt es reichlich. So hat Deutschland zum\u2026","rel":"","context":"In &quot;Demokratie \u2013 Medien \u2013 Aufkl\u00e4rung&quot;","block_context":{"text":"Demokratie \u2013 Medien \u2013 Aufkl\u00e4rung","link":"https:\/\/www.freidenker.org\/?cat=12"},"img":{"alt_text":"","src":"https:\/\/i0.wp.com\/www.freidenker.org\/fw17\/wp-content\/uploads\/2021\/07\/UN_security_council_2006_800x450.jpg?fit=800%2C450&ssl=1&resize=350%2C200","width":350,"height":200,"srcset":"https:\/\/i0.wp.com\/www.freidenker.org\/fw17\/wp-content\/uploads\/2021\/07\/UN_security_council_2006_800x450.jpg?fit=800%2C450&ssl=1&resize=350%2C200 1x, https:\/\/i0.wp.com\/www.freidenker.org\/fw17\/wp-content\/uploads\/2021\/07\/UN_security_council_2006_800x450.jpg?fit=800%2C450&ssl=1&resize=525%2C300 1.5x, https:\/\/i0.wp.com\/www.freidenker.org\/fw17\/wp-content\/uploads\/2021\/07\/UN_security_council_2006_800x450.jpg?fit=800%2C450&ssl=1&resize=700%2C400 2x"},"classes":[]},{"id":17052,"url":"https:\/\/www.freidenker.org\/?p=17052","url_meta":{"origin":17992,"position":3},"title":"An Selensky und der Ukraine war in der UNO kaum jemand interessiert","author":"Webredaktion","date":"23. September 2023","format":false,"excerpt":"Beitrag von Anti-Spiegel (d.i. Thomas R\u00f6per) Die UNO-Vollversammlung hat einmal mehr gezeigt, dass die Welt sowohl von dem Ukraine-Theater, das der Westen veranstaltet, die Nase voll hat, als auch, dass Deutschland unter der heutigen Bundesregierung international zu einem Zwerg geworden ist, dem niemand mehr zuh\u00f6rt. Beides hat Gr\u00fcnde: Die Staaten\u2026","rel":"","context":"In &quot;Demokratie \u2013 Medien \u2013 Aufkl\u00e4rung&quot;","block_context":{"text":"Demokratie \u2013 Medien \u2013 Aufkl\u00e4rung","link":"https:\/\/www.freidenker.org\/?cat=12"},"img":{"alt_text":"","src":"https:\/\/i0.wp.com\/www.freidenker.org\/fw17\/wp-content\/uploads\/2023\/09\/selenski_un71000647_800x450.jpg?fit=800%2C450&ssl=1&resize=350%2C200","width":350,"height":200,"srcset":"https:\/\/i0.wp.com\/www.freidenker.org\/fw17\/wp-content\/uploads\/2023\/09\/selenski_un71000647_800x450.jpg?fit=800%2C450&ssl=1&resize=350%2C200 1x, https:\/\/i0.wp.com\/www.freidenker.org\/fw17\/wp-content\/uploads\/2023\/09\/selenski_un71000647_800x450.jpg?fit=800%2C450&ssl=1&resize=525%2C300 1.5x, https:\/\/i0.wp.com\/www.freidenker.org\/fw17\/wp-content\/uploads\/2023\/09\/selenski_un71000647_800x450.jpg?fit=800%2C450&ssl=1&resize=700%2C400 2x"},"classes":[]},{"id":15818,"url":"https:\/\/www.freidenker.org\/?p=15818","url_meta":{"origin":17992,"position":4},"title":"Die mediale Hysterie und was die Medien dabei verschweigen","author":"Webredaktion","date":"21. April 2023","format":false,"excerpt":"Beitrag von Anti-Spiegel (d.i. Thomas R\u00f6per) Der franz\u00f6sische Pr\u00e4sident Macron hat auf dem R\u00fcckflug von der Chinareise, die er zusammen mit Ursula von der Leyen absolviert hat, die EU in Interviews davor gewarnt, den USA blind zu folgen und de facto eine eigene Chinapolitik der EU angemahnt. Die Forderung, eine\u2026","rel":"","context":"In &quot;Demokratie \u2013 Medien \u2013 Aufkl\u00e4rung&quot;","block_context":{"text":"Demokratie \u2013 Medien \u2013 Aufkl\u00e4rung","link":"https:\/\/www.freidenker.org\/?cat=12"},"img":{"alt_text":"","src":"https:\/\/i0.wp.com\/www.freidenker.org\/fw17\/wp-content\/uploads\/2023\/04\/newspaper-1595773_960_800x450.jpg?fit=800%2C450&ssl=1&resize=350%2C200","width":350,"height":200,"srcset":"https:\/\/i0.wp.com\/www.freidenker.org\/fw17\/wp-content\/uploads\/2023\/04\/newspaper-1595773_960_800x450.jpg?fit=800%2C450&ssl=1&resize=350%2C200 1x, https:\/\/i0.wp.com\/www.freidenker.org\/fw17\/wp-content\/uploads\/2023\/04\/newspaper-1595773_960_800x450.jpg?fit=800%2C450&ssl=1&resize=525%2C300 1.5x, https:\/\/i0.wp.com\/www.freidenker.org\/fw17\/wp-content\/uploads\/2023\/04\/newspaper-1595773_960_800x450.jpg?fit=800%2C450&ssl=1&resize=700%2C400 2x"},"classes":[]},{"id":22854,"url":"https:\/\/www.freidenker.org\/?p=22854","url_meta":{"origin":17992,"position":5},"title":"Drohnenalarm in Polen: Der Mittwoch der totalen Kriegspropaganda","author":"Webredaktion","date":"16. September 2025","format":false,"excerpt":"Beitrag von Anti-Spiegel, d.i. Thomas R\u00f6per Die Geschichte dessen, was in der Nacht von Dienstag und Mittwoch geschehen ist, ist schnell erz\u00e4hlt. Wie jede Nacht haben Russland und die Ukraine sich gegenseitig mit Drohnen beschossen und einige russische Drohen, die Rede ist von etwa 16 St\u00fcck, wurden in der Nordwest-Ukraine\u2026","rel":"","context":"In &quot;Demokratie \u2013 Medien \u2013 Aufkl\u00e4rung&quot;","block_context":{"text":"Demokratie \u2013 Medien \u2013 Aufkl\u00e4rung","link":"https:\/\/www.freidenker.org\/?cat=12"},"img":{"alt_text":"","src":"https:\/\/i0.wp.com\/www.freidenker.org\/fw17\/wp-content\/uploads\/2025\/09\/9-10_September_2025_Russian_drone_incursion_into_Poland_800x450.jpg?fit=800%2C450&ssl=1&resize=350%2C200","width":350,"height":200,"srcset":"https:\/\/i0.wp.com\/www.freidenker.org\/fw17\/wp-content\/uploads\/2025\/09\/9-10_September_2025_Russian_drone_incursion_into_Poland_800x450.jpg?fit=800%2C450&ssl=1&resize=350%2C200 1x, https:\/\/i0.wp.com\/www.freidenker.org\/fw17\/wp-content\/uploads\/2025\/09\/9-10_September_2025_Russian_drone_incursion_into_Poland_800x450.jpg?fit=800%2C450&ssl=1&resize=525%2C300 1.5x, https:\/\/i0.wp.com\/www.freidenker.org\/fw17\/wp-content\/uploads\/2025\/09\/9-10_September_2025_Russian_drone_incursion_into_Poland_800x450.jpg?fit=800%2C450&ssl=1&resize=700%2C400 2x"},"classes":[]}],"_links":{"self":[{"href":"https:\/\/www.freidenker.org\/index.php?rest_route=\/wp\/v2\/posts\/17992","targetHints":{"allow":["GET"]}}],"collection":[{"href":"https:\/\/www.freidenker.org\/index.php?rest_route=\/wp\/v2\/posts"}],"about":[{"href":"https:\/\/www.freidenker.org\/index.php?rest_route=\/wp\/v2\/types\/post"}],"author":[{"embeddable":true,"href":"https:\/\/www.freidenker.org\/index.php?rest_route=\/wp\/v2\/users\/3"}],"replies":[{"embeddable":true,"href":"https:\/\/www.freidenker.org\/index.php?rest_route=%2Fwp%2Fv2%2Fcomments&post=17992"}],"version-history":[{"count":0,"href":"https:\/\/www.freidenker.org\/index.php?rest_route=\/wp\/v2\/posts\/17992\/revisions"}],"wp:featuredmedia":[{"embeddable":true,"href":"https:\/\/www.freidenker.org\/index.php?rest_route=\/wp\/v2\/media\/17994"}],"wp:attachment":[{"href":"https:\/\/www.freidenker.org\/index.php?rest_route=%2Fwp%2Fv2%2Fmedia&parent=17992"}],"wp:term":[{"taxonomy":"category","embeddable":true,"href":"https:\/\/www.freidenker.org\/index.php?rest_route=%2Fwp%2Fv2%2Fcategories&post=17992"},{"taxonomy":"post_tag","embeddable":true,"href":"https:\/\/www.freidenker.org\/index.php?rest_route=%2Fwp%2Fv2%2Ftags&post=17992"}],"curies":[{"name":"wp","href":"https:\/\/api.w.org\/{rel}","templated":true}]}}