{"id":17932,"date":"2024-01-21T13:21:10","date_gmt":"2024-01-21T12:21:10","guid":{"rendered":"https:\/\/www.freidenker.org\/?p=17932"},"modified":"2024-02-13T20:41:56","modified_gmt":"2024-02-13T19:41:56","slug":"bauernsalami","status":"publish","type":"post","link":"https:\/\/www.freidenker.org\/?p=17932","title":{"rendered":"Bauernsalami"},"content":{"rendered":"<p><em>von <strong>R\u00fcdiger Rauls<\/strong><\/em><\/p>\n<p><span style=\"font-size: 10pt;\">Der Beitrag wurde uns vom Autor zur Verf\u00fcgung gestellt.<br \/>\nEr wurde auch ver\u00f6ffentlicht als Tagesdosis vom 15.01.2024 auf <a href=\"https:\/\/apolut.net\/bauernsalami-von-ruediger-rauls\/\" target=\"_blank\" rel=\"noopener\">apolut.net<\/a><\/span><\/p>\n<p>Den Beitrag als Audio anh\u00f6ren:<\/p>\n<audio class=\"wp-audio-shortcode\" id=\"audio-17932-1\" preload=\"none\" style=\"width: 100%;\" controls=\"controls\"><source type=\"audio\/mpeg\" src=\"https:\/\/apolut.net\/multimedia_apolut\/podcast\/tagesdosis-20240115-apolut.mp3?_=1\" \/><a href=\"https:\/\/apolut.net\/multimedia_apolut\/podcast\/tagesdosis-20240115-apolut.mp3\">https:\/\/apolut.net\/multimedia_apolut\/podcast\/tagesdosis-20240115-apolut.mp3<\/a><\/audio>\n<p><span style=\"font-size: 10pt;\">bereitgestellt durch\u00a0<a href=\"https:\/\/apolut.net\/bauernsalami-von-ruediger-rauls\/\" target=\"_blank\" rel=\"noopener\">apolut.net<\/a>\u00a0\u2013\u00a0<a href=\"https:\/\/apolut.net\/multimedia_apolut\/podcast\/tagesdosis-20240115-apolut.mp3\" target=\"_blank\" rel=\"noopener\">MP3-Datei downloaden<\/a><\/span><\/p>\n<p><span style=\"font-size: 10pt;\">Der Beitrag ist bei <a href=\"https:\/\/apolut.net\/bauernsalami-von-ruediger-rauls\/\" target=\"_blank\" rel=\"noopener\">apolut.net<\/a>\u00a0auch\u00a0<a href=\"https:\/\/tube4.apolut.net\/w\/bY71tkQyFCxMRsZrwv6tHX\" target=\"_blank\" rel=\"noopener\">als Video<\/a>\u00a0verf\u00fcgbar.<\/span><\/p>\n<p>&nbsp;<\/p>\n<p>Die Verunglimpfung als Taktik gegen die Proteste der Landwirte ist nach hinten losgegangen. Die Regierungsparteien suchen nun das Gespr\u00e4ch mit ihnen. Es wird sich zeigen, welche Vorschl\u00e4ge kommen, wie weit die Bauern darauf eingehen werden und welche Auswirkungen das auf die gesamte Bewegung hat.<\/p>\n<h5>Verwirrspiele<\/h5>\n<p>Die Behinderungen durch die Proteste der Bauern haben nicht dazu gef\u00fchrt, dass die Gesellschaft sich von ihnen abgewendet hat. Vielmehr scheint sogar die Unterst\u00fctzung f\u00fcr sie gewachsen zu sein durch die Versuche von Medien und sonstigen Meinungsmachern, Stimmung gegen sie zu machen.<\/p>\n<p>Diese Stimmungsmache erfolgte auf verschiedenen Ebenen. Zum Teil wurden die Forderungen der Bauern als Jammern auf hohem Niveau dargestellt, weil einige von ihnen \u00fcber unbestritten gute Einnahmen verf\u00fcgten, andere \u00fcber gro\u00dfen Grundbesitz. Bei wem das nicht der Fall sei, der habe betriebswirtschaftliche Fehler gemacht. Dabei wurde nicht unterschieden zwischen den Bedingungen f\u00fcr kleine Familienbetriebe und denen agrarischer Gro\u00dfbetriebe. Dass neben den Betriebsgr\u00f6\u00dfen\u00a0 auch die Produktionsbereiche eine unterschiedliche Ertragskraft mit sich bringen, findet in dieser Propaganda keine Erw\u00e4hnung. (1)<\/p>\n<p>Andere Meinungsmacher sch\u00fcrten Sozialneid, indem die Landwirte gegen\u00fcber anderen meist einkommensschwachen Kreisen als privilegiert dargestellt wurden. Es wurde behauptet, dass sie die gro\u00dfen Profiteure von Subventionen im nationalen Rahmen wie auch auf der Ebene der Europ\u00e4ischen Union seien. Dass diese Subventionen aber verbunden sind mit sehr strikten Auflagen, wird in den wenigsten F\u00e4llen erw\u00e4hnt. Auch wurden die landwirtschaftlichen Subventionen nicht ins Verh\u00e4ltnis gesetzt zu anderen wie beispielsweise jenen, die ansiedlungswilligen, ausl\u00e4ndischen Gro\u00dfkonzernen der Batterie- oder Chipherstellung in Milliardenh\u00f6he gew\u00e4hrt werden.<\/p>\n<p>Ein weiteres Feld der Stimmungsmache war der Versuch, die Bauern zu kriminalisieren.\u00a0 Gewaltbereitschaft wurde ihnen nachgesagt und ihre Proteste als Verst\u00f6\u00dfe gegen Recht und Ordnung dargestellt. Der H\u00f6hepunkt dieser Kampagne war der Versuch, die Bauern in die politisch rechte Ecke zu stellen, gar von Umsturzversuchen war die Rede.(2) Besonders die Proteste von etwa 300 Bauern in Schl\u00fcttsiel bei der Ankunft von Vizekanzler Habeck wurden zum Skandal aufgebauscht. Angeblich hatten sie die Polizeikette durchbrochen und die F\u00e4hre entern wollen. Damit sollte eine Bedrohung belegt werden, die man den Landwirten zu unterstellen versuchte.(3)<\/p>\n<p>All diesen Beitr\u00e4gen liegt nicht das Interesse zugrunde, eine sachgerechte Diskussion \u00fcber die Lage der Landwirte zu f\u00fchren. Es ging den Kommentatoren der Ereignisse in erster Linie darum, die Solidarit\u00e4t der Bev\u00f6lkerung zu untergraben. Scheibchen f\u00fcr Scheibchen sollte diese Salami zurechtgestutzt werden. Denn denjenigen, die diese Propaganda verbreiteten &#8211; in erster Linie aus den Medienh\u00e4usern, standen die Informationen zur Verf\u00fcgung, die eine sachgerechte Berichterstattung erm\u00f6glicht h\u00e4tten.<\/p>\n<h5>Entwirrung<\/h5>\n<p>Dias Interesse an Desinformation wird besonders daran deutlich, dass vorhandenes Bildmaterial bewusst so zusammengeschnitten wurde, dass es den Eindruck zu best\u00e4tigen schien, den man vermitteln wollte. Dass die wirklichen Ereignisse sich anders abgespielt haben(4), wusste man, lie\u00df es aber unter den Tisch fallen. Schnell machte die Theorie die Runde, dass die Bauern selbst teilweise rechtsradikal und gewaltbereit seien, teilweise auch von Kr\u00e4ften unterwandert seien, die sich die Ereignisse f\u00fcr ihre umst\u00fcrzlerischen Absichten zu Nutze machen wollten.<\/p>\n<p>Auch hierf\u00fcr fanden sich schnell willige Expert(innen), die Belege f\u00fcr diese Behauptungen zu haben schienen. Diese Feststellungen belegten jedoch nichts anderes als die eigene Oberfl\u00e4chlichkeit in der Beurteilung gesellschaftlicher Vorg\u00e4nge wie die Extremismus-Expertin Andrea R\u00f6pke(5) und Weltfremdheit. Denn sie leiten rechte Gesinnung allein schon aus der Wahrnehmung von Symbolen ab, die sie selbst als rechtsextrem bezeichnen oder \u201eborussisch\u201c, was immer das auch sein mag.<\/p>\n<p>Es scheint f\u00fcr das einfache und klisch\u00e9ehafte Weltbild solcher Expert\/innen unvorstellbar, dass Bauern schon zu unterscheiden wissen, wie weit sie von anderen vor fremde Karren gespannt werden sollen. Die Bauern sind nicht solche dumme T\u00f6lpel, wie so manche Expertin zu glauben scheint. Die Landwirte jedenfalls sind nicht der Manipulation durch die Medien aufgesessen im Gegensatz zu den sogenannten Experten.<\/p>\n<p>Allm\u00e4hlich scheint sich bei den Meinungsmachern die Erkenntnis durchzusetzen, dass die medialen Angriffe auf die Bauern in der \u00d6ffentlichkeit au\u00dferhalb der Medien nicht auf fruchtbaren Boden fallen. Bei weiten Teilen der Bev\u00f6lkerung scheint der Vorwurf des Rechtsextremismus immer weniger zu wirken, je \u00f6fter er zum Einsatz kommt. Diejenigen, die Vorw\u00fcrfe und Warnungen vor rechter Gesinnung inflation\u00e4r anwenden, laufen eher Gefahr, an Glaubw\u00fcrdigkeit zu verlieren, als jene, die davon getroffen werden sollen.<\/p>\n<p>So wird man denn nun offensichtlich bei den Medien zur\u00fcckhaltender mit den Angriffen gegen die Bauern. Jetzt tauchen auf einmal auch Videos und Berichte auf, die die Vorg\u00e4nge von Schl\u00fcttsiel in einem anderen Licht zeigen(6). Der Chef der Polizeigewerkschaft, Rainer Wendt, hat die Versuche, die Bauern in die rechte Ecke zu schieben oder ihre Blockaden als gesetzwidrig darzustellen, mit den bisher deutlichsten Worten verurteilt:<\/p>\n<p>\u201eEs ist eine Frechheit, so mit anst\u00e4ndigen Landwirten umzugehen. &#8230; Die Warnung vor der Unterwanderung durch rechte Bewegungen, sei eine bewusste Diskreditierung\u201c(7). Solche \u00c4u\u00dferungen seien schlichtweg b\u00f6sartig und auch die Reportagen \u00fcber die Vorg\u00e4nge in Schl\u00fcttsiel seien gezielte Falschdarstellungen (Framing) gewesen.<\/p>\n<p>Angesichts solch \u201eb\u00f6sartiger\u201c Vorgehensweisen vonseiten der K\u00e4mpfer f\u00fcr Demokratie und westliche Werte stellt sich die Frage, wer beiden den gr\u00f6\u00dferen Schaden zuf\u00fcgt. Sind das jene, die \u201eunsere Demokratie\u201c angeblich besch\u00e4digen und den Staat delegitimieren wollen, oder sind es nicht gerade jene, die sie um alles in der Welt zu verteidigen vorgeben, selbst wenn sie dabei mit den unsaubersten und undemokratischen Mitteln arbeiten?<\/p>\n<h5>Stimmungswandel<\/h5>\n<p>Den Bauern hat diese Kampagne nicht geschadet. Bel\u00e4mmert stehen nun jene da, die sich vorschnell glaubten ereifern zu m\u00fcssen. \u00d6zdemir wusste schon am n\u00e4chsten Tag ganz genau, dass es den Demonstranten in Schl\u00fcttsiel nicht um die deutsche Landwirtschaft gehe. Er selbst war nicht dabei, ist auch kein Bauer, gibt aber vor, genau zu wissen, worum es denen geht, die dort protestierten. Habeck spielte in seiner aufr\u00fcttelnden Rede nach den Vorg\u00e4ngen sogar auf Putin an, der immer ins Gespr\u00e4ch gebracht wird, wenn die Vertreter des politischen Westens im eigenen Land an Zustimmung verlieren (8).<\/p>\n<p>Aber auch manche Vertreter der Bauernorganisationen haben sich nicht gerade mit Ruhm bekleckert, als sie glaubten, sich auf Zuruf der Berliner Politik und der Medien von den eigenen Mitgliedern abgrenzen zu m\u00fcssen. Eine keinesfalls \u00fcberhaupt best\u00e4tigte Bedrohung der Demokratie abzuwenden, erschien ihnen wichtiger, als eine Stellungnahme der eigenen Mitgliedern abzuwarten, geschweige denn sich ihnen gegen\u00fcber solidarisch zu erkl\u00e4ren. Das taten dann andere.<\/p>\n<p>Anders als der Vorsitzende des Bauernverbandes, Joachim Rukwied, nutzte der stellvertretende bayrische Ministerpr\u00e4sident Hubert Aiwanger von der Freien W\u00e4hlern die Zeit zwischen den Meldungen und ersten Nachfragen um eine Stellungnahme vonseiten der Medien. Er distanzierte sich nicht von den Bauern wie Rukwied, sondern stellte fest: \u201eDie Schuld f\u00fcr die Bauernwut liegt allein bei der existenzgef\u00e4hrdenen Ampelpolitik\u201c(9). Das oder \u00c4hnliches h\u00e4tte auch Rukwied sagen k\u00f6nnen. Gen\u00fcgend Vorbereitungszeit h\u00e4tte er gehabt. Aber unaufgefordert ein Bekenntnis zur Demokratie abzugeben, schien ihm wichtiger.<\/p>\n<p>Auch ein anderer Gesichtspunkt wurde von Aiwanger angesprochen, der danach immer mehr Einfluss in der Auseinandersetzung mit den Bauern gewann. Das war die Erkenntnis, dass es sich bei den Bauern um eine der stabilsten S\u00e4ulen der bestehenden Ordnung handelt. Wenn auch Habeck von Umsturzpl\u00e4nen im Umfeld der Bauern schwadronierte, so untergr\u00e4bt er selbst das Fundament\u00a0 dieser Ordnung. Aiwanger stellt dazu fest: \u201eDie Bauern sind nur ein Symbol daf\u00fcr, wie die Bundesregierung mit den St\u00fctzen der Gesellschaft umgehen\u201c(10). Denn wer ist staatstragender als die Bauern? Das schien nachdenklich zu machen.<\/p>\n<p>Anscheinend haben die Meinungsmacher inzwischen erkannt, dass der Versuch fehlgeschlagen ist, den Bauern die Solidarit\u00e4t der Bev\u00f6lkerung scheibchenweise zu entziehen. Die Verunglimpfung der Landwirte hat nicht zum Abr\u00fccken von ihnen gef\u00fchrt, sondern zum Abr\u00fccken von Medien und Politik. Nun suchen die Ampelparteien das Gespr\u00e4ch mit ihnen. Nach der gro\u00dfen Demonstration am 15. Januar dieses Jahres will man sich zusammensetzen und nach L\u00f6sungen suchen.<\/p>\n<p>Obwohl Rukwied angek\u00fcndigt hat, weiter Druck zu machen, wenn die Forderungen der Landwirte nicht erf\u00fcllt werden, steht zu bef\u00fcrchten, dass es zu einem faulen Kompromiss kommt. Denn f\u00fcr die Regierung geht es nur noch zwei- oder dreihundert Millionen, nachdem man schon auf die KfZ-Steuer verzichtet hat. Auf die kann man zur Not auch verzichten. Denn f\u00fcr die Regierung geht es um mehr. F\u00fcr sie geht es um die brisante Forderung nach der Senkung der CO2-Steuer.<\/p>\n<p>Waren die Landwirte zu Beginn der Auseinandersetzung noch f\u00fcr deren Senkung eingetreten, womit sie sich die Unterst\u00fctzung breiter Teile der Bev\u00f6lkerung erworben hatten, so war in der letzten Zeit davon keine Rede mehr. Es ging nur noch um die landwirtschaftsspezifischen Interessen. Was aber wird aus den Interessen derer, die bisher die Bauern unterst\u00fctzt hatten? Sollte die Bundesregierung die Dieselsubventionen f\u00fcr die Landwirtschaft unangetastet lassen, haben die Bauern kaum noch einen Grund, weiter zu k\u00e4mpfen.<\/p>\n<p>Was wird dann aus den Spediteuren und sympatisierenden B\u00fcrgern, wenn die Bauern ihre Proteste einstellen? K\u00f6nnen sie dann alleine weiter machen? Bisher scheinen keine \u00dcberlegungen angestellt zu werden, wie es nach dem Gipfel\u00a0 in Berlin weiter gehen soll. Die F\u00fchrung des Bauernverbandes setzt auf das Einsehen der Regierung, und diese w\u00e4re gut beraten, im eigenen Interesse darauf einzugehen. Vermutlich w\u00e4re das dann auch\u00a0 das Ende der Bewegung und die Salami-Taktik w\u00e4re dann doch noch aufgegangen. Die politisch wichtige Forderung nach der Senkung der CO2-Steuer w\u00e4re damit vom Tisch.<\/p>\n<p style=\"text-align: right;\"><em>R\u00fcdiger Rauls ist Buchautor und betreibt den Blog <a href=\"https:\/\/ruedigerraulsblog.wordpress.com\/\" target=\"_blank\" rel=\"noopener\">Politische Analyse<\/a><\/em><\/p>\n<p><strong>Quellen<\/strong><\/p>\n<p>(1) <a href=\"https:\/\/www.ardmediathek.de\/video\/swr-aktuell-rheinland-pfalz\/wir-brauchen-keinen-bauernaufstand\/swr-rp\/Y3JpZDovL3N3ci5kZS9hZXgvbzE5Nzk5MTg\">https:\/\/www.ardmediathek.de\/video\/swr-aktuell-rheinland-pfalz\/wir-brauchen-keinen-bauernaufstand\/swr-rp\/Y3JpZDovL3N3ci5kZS9hZXgvbzE5Nzk5MTg<\/a><\/p>\n<p>(2) ebenda<\/p>\n<p>(3)<a href=\"https:\/\/www.ndr.de\/fernsehen\/sendungen\/schleswig-holstein_magazin\/Eskalation-in-Schluettsiel-Bauern-empfangen-Habeck-bei-Faehranleger,habeck1130.html\">https:\/\/www.ndr.de\/fernsehen\/sendungen\/schleswig-holstein_magazin\/Eskalation-in-Schluettsiel-Bauern-empfangen-Habeck-bei-Faehranleger,habeck1130.html<\/a><\/p>\n<p>(4) <a href=\"https:\/\/twitter.com\/SiegmundFrei\/status\/1743301390615630157\">https:\/\/twitter.com\/SiegmundFrei\/status\/1743301390615630157<\/a><\/p>\n<p>(5) <a href=\"https:\/\/www.tagesschau.de\/inland\/bauernproteste-habeck-100.html\">https:\/\/www.tagesschau.de\/inland\/bauernproteste-habeck-100.html<\/a> (Drittes Video ab Min 0:58)<\/p>\n<p>(6) <a href=\"https:\/\/www.ndr.de\/nachrichten\/schleswig-holstein\/Polizei-zu-Schluettsiel-Es-gab-keinen-Erstuermungsversuch,schluettsiel112.html\">https:\/\/www.ndr.de\/nachrichten\/schleswig-holstein\/Polizei-zu-Schluettsiel-Es-gab-keinen-Erstuermungsversuch,schluettsiel112.html<\/a><\/p>\n<p>(7) <a href=\"https:\/\/www.youtube.com\/watch?v=8Oh5IPGTRrM\">https:\/\/www.youtube.com\/watch?v=8Oh5IPGTRrM<\/a><\/p>\n<p>(8) <a href=\"https:\/\/freedert.online\/inland\/192077-republik-ist-beste-staat-deutschland\/\">https:\/\/freedert.online\/inland\/192077-republik-ist-beste-staat-deutschland\/<\/a><\/p>\n<p>(9) Frankfurter Allgemeine Zeitung (FAZ) vom 6.1.2024: Konservative Strukturen sollen kaputt gemacht werden<\/p>\n<p>(10) ebenda<\/p>\n<p style=\"text-align: right;\"><em>R\u00fcdiger Rauls ist Buchautor und betreibt den Blog <a href=\"https:\/\/ruedigerraulsblog.wordpress.com\/\">Politische Analyse<\/a><\/em><\/p>\n<p>&nbsp;<\/p>\n<hr \/>\n<p><span style=\"font-size: 10pt;\">Bild oben: <span class=\"mw-mmv-title\">Bauernproteste in M\u00fcnchen am 08.01.2024<br \/>\n<\/span>Foto: H-stt, <a href=\"https:\/\/creativecommons.org\/licenses\/by-sa\/4.0\" target=\"_blank\" rel=\"noopener\">CC BY-SA 4.0<\/a><\/span><br \/>\n<span style=\"font-size: 10pt;\">Quelle: <a href=\"https:\/\/commons.wikimedia.org\/w\/index.php?curid=143681614\" target=\"_blank\" rel=\"noopener\">https:\/\/commons.wikimedia.org\/w\/index.php?curid=143681614<\/a><\/span><\/p>\n","protected":false},"excerpt":{"rendered":"<p><b>Beitrag von R\u00fcdiger Rauls<\/b><br \/>\nDie Verunglimpfung als Taktik gegen die Proteste der Landwirte ist nach hinten losgegangen. Die Regierungsparteien suchen nun das Gespr\u00e4ch mit ihnen. Es wird sich zeigen, welche Vorschl\u00e4ge kommen, wie weit die Bauern darauf eingehen werden und welche Auswirkungen das auf die gesamte Bewegung hat.<br \/>\nDie Behinderungen durch die Proteste der Bauern haben nicht dazu gef\u00fchrt, dass die Gesellschaft sich von ihnen abgewendet hat. Vielmehr scheint sogar die Unterst\u00fctzung f\u00fcr sie gewachsen zu sein durch die Versuche von Medien und sonstigen Meinungsmachern, Stimmung gegen sie zu machen. Diese Stimmungsmache erfolgte auf verschiedenen Ebenen. Zum Teil wurden die Forderungen der Bauern als Jammern auf hohem Niveau dargestellt, weil einige von ihnen \u00fcber unbestritten gute Einnahmen verf\u00fcgten, andere \u00fcber gro\u00dfen Grundbesitz. Bei wem das nicht der Fall sei, der habe betriebswirtschaftliche Fehler gemacht. <\/p>\n","protected":false},"author":3,"featured_media":17933,"comment_status":"closed","ping_status":"closed","sticky":false,"template":"","format":"standard","meta":{"colormag_page_container_layout":"default_layout","colormag_page_sidebar_layout":"default_layout","advanced_seo_description":"","jetpack_seo_html_title":"","jetpack_seo_noindex":false,"jetpack_post_was_ever_published":false,"footnotes":""},"categories":[11],"tags":[2087,1032,182,1213,121,812,1572,2086,2076],"class_list":["post-17932","post","type-post","status-publish","format-standard","has-post-thumbnail","hentry","category-arbeit-soziales","tag-bauern","tag-bundesregierung","tag-eu","tag-landwirtschaft","tag-medien","tag-protest","tag-steuern","tag-stimmungsmache","tag-subventionen"],"jetpack_featured_media_url":"https:\/\/i0.wp.com\/www.freidenker.org\/fw17\/wp-content\/uploads\/2024\/01\/Muenchen_Bauernproteste_2024-01-08_2043_800x450.jpg?fit=800%2C450&ssl=1","jetpack_shortlink":"https:\/\/wp.me\/p9stpK-4Fe","jetpack-related-posts":[{"id":18067,"url":"https:\/\/www.freidenker.org\/?p=18067","url_meta":{"origin":17932,"position":0},"title":"Abrechnung mit Scholz und der Ampel-Blase","author":"Webredaktion","date":"30. Januar 2024","format":false,"excerpt":"Kommentar von\u00a0Rainer Rupp Gestern erhielt ich eine Kurznachricht auf X (vormals Twitter): \u201eHier braucht ein sehr sch\u00f6ner Beitrag Reichweite\u201c. Beigef\u00fcgt war ein Link zu einem Text aus der Feder des deutschen Journalisten Philippe Debionne. Nach dessen Lekt\u00fcre war auch ich \u00fcberzeugt, dass dieser Beitrag so breit wie m\u00f6glich verteilt werden\u2026","rel":"","context":"In &quot;Demokratie \u2013 Medien \u2013 Aufkl\u00e4rung&quot;","block_context":{"text":"Demokratie \u2013 Medien \u2013 Aufkl\u00e4rung","link":"https:\/\/www.freidenker.org\/?cat=12"},"img":{"alt_text":"","src":"https:\/\/i0.wp.com\/www.freidenker.org\/fw17\/wp-content\/uploads\/2024\/01\/ampel_scholz_lindner_habeck_800x450.jpg?fit=800%2C450&ssl=1&resize=350%2C200","width":350,"height":200,"srcset":"https:\/\/i0.wp.com\/www.freidenker.org\/fw17\/wp-content\/uploads\/2024\/01\/ampel_scholz_lindner_habeck_800x450.jpg?fit=800%2C450&ssl=1&resize=350%2C200 1x, https:\/\/i0.wp.com\/www.freidenker.org\/fw17\/wp-content\/uploads\/2024\/01\/ampel_scholz_lindner_habeck_800x450.jpg?fit=800%2C450&ssl=1&resize=525%2C300 1.5x, https:\/\/i0.wp.com\/www.freidenker.org\/fw17\/wp-content\/uploads\/2024\/01\/ampel_scholz_lindner_habeck_800x450.jpg?fit=800%2C450&ssl=1&resize=700%2C400 2x"},"classes":[]},{"id":13311,"url":"https:\/\/www.freidenker.org\/?p=13311","url_meta":{"origin":17932,"position":1},"title":"Frieren und hungern f\u00fcr den Endsieg","author":"Webredaktion","date":"4. Juni 2022","format":false,"excerpt":"Beitrag von Willy Wimmer Trump hatte etwas Gutes. Er vermied es, den \u00fcblichen amerikanischen Pr\u00e4sidenten-Krieg anzuzetteln.\u00a0Das sind jene Kriege, die ein Pr\u00e4sident dann exekutieren muss, wenn den amerikanischen Strukturen danach ist und das Washingtoner System die Lage eskalierend f\u00fcr reif h\u00e4lt. Die von Trump ausgehende Unlust auf einen solchen Krieg\u2026","rel":"","context":"In &quot;Frieden - Antifaschismus - Solidarit\u00e4t&quot;","block_context":{"text":"Frieden - Antifaschismus - Solidarit\u00e4t","link":"https:\/\/www.freidenker.org\/?cat=13"},"img":{"alt_text":"","src":"https:\/\/i0.wp.com\/www.freidenker.org\/fw17\/wp-content\/uploads\/2022\/06\/sculpture-18142_800x450.jpg?fit=800%2C450&ssl=1&resize=350%2C200","width":350,"height":200,"srcset":"https:\/\/i0.wp.com\/www.freidenker.org\/fw17\/wp-content\/uploads\/2022\/06\/sculpture-18142_800x450.jpg?fit=800%2C450&ssl=1&resize=350%2C200 1x, https:\/\/i0.wp.com\/www.freidenker.org\/fw17\/wp-content\/uploads\/2022\/06\/sculpture-18142_800x450.jpg?fit=800%2C450&ssl=1&resize=525%2C300 1.5x, https:\/\/i0.wp.com\/www.freidenker.org\/fw17\/wp-content\/uploads\/2022\/06\/sculpture-18142_800x450.jpg?fit=800%2C450&ssl=1&resize=700%2C400 2x"},"classes":[]},{"id":12199,"url":"https:\/\/www.freidenker.org\/?p=12199","url_meta":{"origin":17932,"position":2},"title":"Regelbasiertes, amerikanisches Welt-Faustrecht","author":"Webredaktion","date":"19. Februar 2022","format":false,"excerpt":"Ein Kommentar von Willy Wimmer Man musste schon staunen, als sich der deutsche Bundeskanzler bei seinem Antrittsbesuch in Washington auf der gemeinsamen Pressekonferenz mit dem \u201cBoss der westlichen Wertegemeinschaft\u201d und US-Pr\u00e4sidenten, Joe Biden, zu einer von ihm so genannten \u201cregelbasierten Ordnung\u201d vernehmen lies. Das kam aus dem Munde des deutschen\u2026","rel":"","context":"In &quot;Frieden - Antifaschismus - Solidarit\u00e4t&quot;","block_context":{"text":"Frieden - Antifaschismus - Solidarit\u00e4t","link":"https:\/\/www.freidenker.org\/?cat=13"},"img":{"alt_text":"","src":"https:\/\/i0.wp.com\/www.freidenker.org\/fw17\/wp-content\/uploads\/2022\/02\/USA_Faustrecht_v2_800x450.jpg?fit=800%2C450&ssl=1&resize=350%2C200","width":350,"height":200,"srcset":"https:\/\/i0.wp.com\/www.freidenker.org\/fw17\/wp-content\/uploads\/2022\/02\/USA_Faustrecht_v2_800x450.jpg?fit=800%2C450&ssl=1&resize=350%2C200 1x, https:\/\/i0.wp.com\/www.freidenker.org\/fw17\/wp-content\/uploads\/2022\/02\/USA_Faustrecht_v2_800x450.jpg?fit=800%2C450&ssl=1&resize=525%2C300 1.5x, https:\/\/i0.wp.com\/www.freidenker.org\/fw17\/wp-content\/uploads\/2022\/02\/USA_Faustrecht_v2_800x450.jpg?fit=800%2C450&ssl=1&resize=700%2C400 2x"},"classes":[]},{"id":16692,"url":"https:\/\/www.freidenker.org\/?p=16692","url_meta":{"origin":17932,"position":3},"title":"Pflugschare zu Schwertern","author":"Webredaktion","date":"26. Juli 2023","format":false,"excerpt":"Standpunkt von R\u00fcdiger Rauls Gr\u00fcne wie Alternative und so manche, die sich als Linke verstehen, haben ihre Wurzeln in der Friedensbewegung der 1980er Jahre. Das Wettr\u00fcsten zu beenden, um einen atomar ausgetragenen Dritten Weltkrieg zu verhindern, war das Anliegen dieser damaligen Massenbewegung. Ein Umdenken innerhalb der V\u00f6lker des Westens gegen\u00fcber\u2026","rel":"","context":"In &quot;Frieden - Antifaschismus - Solidarit\u00e4t&quot;","block_context":{"text":"Frieden - Antifaschismus - Solidarit\u00e4t","link":"https:\/\/www.freidenker.org\/?cat=13"},"img":{"alt_text":"","src":"https:\/\/i0.wp.com\/www.freidenker.org\/fw17\/wp-content\/uploads\/2023\/07\/Garden_UNO_New_York_800x450.jpg?fit=800%2C450&ssl=1&resize=350%2C200","width":350,"height":200,"srcset":"https:\/\/i0.wp.com\/www.freidenker.org\/fw17\/wp-content\/uploads\/2023\/07\/Garden_UNO_New_York_800x450.jpg?fit=800%2C450&ssl=1&resize=350%2C200 1x, https:\/\/i0.wp.com\/www.freidenker.org\/fw17\/wp-content\/uploads\/2023\/07\/Garden_UNO_New_York_800x450.jpg?fit=800%2C450&ssl=1&resize=525%2C300 1.5x, https:\/\/i0.wp.com\/www.freidenker.org\/fw17\/wp-content\/uploads\/2023\/07\/Garden_UNO_New_York_800x450.jpg?fit=800%2C450&ssl=1&resize=700%2C400 2x"},"classes":[]},{"id":14400,"url":"https:\/\/www.freidenker.org\/?p=14400","url_meta":{"origin":17932,"position":4},"title":"Hei\u00dfer Herbst &#8211; Proteste gegen Inflation und Energieknappheit in ganz Europa","author":"Webredaktion","date":"10. Oktober 2022","format":false,"excerpt":"Beitrag von Rainer Rupp Als eine der Folgen des Stellvertreterkrieges, in dem die USA und NATO die Ukraine als Rammbock gegen Russland einsetzen, haben sich in Europa und in vielen anderen L\u00e4ndern rund um die Welt Proteste gegen die himmelhohen Energie- und Lebensmittelpreise Bahn gebrochen. Die Wut richtet sich vor\u2026","rel":"","context":"In &quot;Arbeit &amp; Soziales&quot;","block_context":{"text":"Arbeit &amp; Soziales","link":"https:\/\/www.freidenker.org\/?cat=11"},"img":{"alt_text":"","src":"https:\/\/i0.wp.com\/www.freidenker.org\/fw17\/wp-content\/uploads\/2022\/10\/Heizung_Brot_und_Frieden_800x450.jpg?fit=800%2C450&ssl=1&resize=350%2C200","width":350,"height":200,"srcset":"https:\/\/i0.wp.com\/www.freidenker.org\/fw17\/wp-content\/uploads\/2022\/10\/Heizung_Brot_und_Frieden_800x450.jpg?fit=800%2C450&ssl=1&resize=350%2C200 1x, https:\/\/i0.wp.com\/www.freidenker.org\/fw17\/wp-content\/uploads\/2022\/10\/Heizung_Brot_und_Frieden_800x450.jpg?fit=800%2C450&ssl=1&resize=525%2C300 1.5x, https:\/\/i0.wp.com\/www.freidenker.org\/fw17\/wp-content\/uploads\/2022\/10\/Heizung_Brot_und_Frieden_800x450.jpg?fit=800%2C450&ssl=1&resize=700%2C400 2x"},"classes":[]},{"id":11914,"url":"https:\/\/www.freidenker.org\/?p=11914","url_meta":{"origin":17932,"position":5},"title":"Vorw\u00e4rts in die totalit\u00e4re Vergangenheit","author":"Webredaktion","date":"31. Dezember 2021","format":false,"excerpt":"Ein Kommentar von Rainer Rupp Die \u00c4lteren unter uns erinnern sich sicherlich noch, wie viele zig Milliarden D-Mark und seit 2002 Euro eine deutsche Bundesregierung nach der anderen f\u00fcr Softpower-Programme ausgegeben haben, um dem Rest der Welt \u2013 vor allem den westlichen Verb\u00fcndeten \u2013 den Eindruck zu vermitteln, dass die\u2026","rel":"","context":"In &quot;Demokratie \u2013 Medien \u2013 Aufkl\u00e4rung&quot;","block_context":{"text":"Demokratie \u2013 Medien \u2013 Aufkl\u00e4rung","link":"https:\/\/www.freidenker.org\/?cat=12"},"img":{"alt_text":"","src":"https:\/\/i0.wp.com\/www.freidenker.org\/fw17\/wp-content\/uploads\/2021\/12\/auto-demkratie_800x450.jpg?fit=800%2C450&ssl=1&resize=350%2C200","width":350,"height":200,"srcset":"https:\/\/i0.wp.com\/www.freidenker.org\/fw17\/wp-content\/uploads\/2021\/12\/auto-demkratie_800x450.jpg?fit=800%2C450&ssl=1&resize=350%2C200 1x, https:\/\/i0.wp.com\/www.freidenker.org\/fw17\/wp-content\/uploads\/2021\/12\/auto-demkratie_800x450.jpg?fit=800%2C450&ssl=1&resize=525%2C300 1.5x, https:\/\/i0.wp.com\/www.freidenker.org\/fw17\/wp-content\/uploads\/2021\/12\/auto-demkratie_800x450.jpg?fit=800%2C450&ssl=1&resize=700%2C400 2x"},"classes":[]}],"_links":{"self":[{"href":"https:\/\/www.freidenker.org\/index.php?rest_route=\/wp\/v2\/posts\/17932","targetHints":{"allow":["GET"]}}],"collection":[{"href":"https:\/\/www.freidenker.org\/index.php?rest_route=\/wp\/v2\/posts"}],"about":[{"href":"https:\/\/www.freidenker.org\/index.php?rest_route=\/wp\/v2\/types\/post"}],"author":[{"embeddable":true,"href":"https:\/\/www.freidenker.org\/index.php?rest_route=\/wp\/v2\/users\/3"}],"replies":[{"embeddable":true,"href":"https:\/\/www.freidenker.org\/index.php?rest_route=%2Fwp%2Fv2%2Fcomments&post=17932"}],"version-history":[{"count":0,"href":"https:\/\/www.freidenker.org\/index.php?rest_route=\/wp\/v2\/posts\/17932\/revisions"}],"wp:featuredmedia":[{"embeddable":true,"href":"https:\/\/www.freidenker.org\/index.php?rest_route=\/wp\/v2\/media\/17933"}],"wp:attachment":[{"href":"https:\/\/www.freidenker.org\/index.php?rest_route=%2Fwp%2Fv2%2Fmedia&parent=17932"}],"wp:term":[{"taxonomy":"category","embeddable":true,"href":"https:\/\/www.freidenker.org\/index.php?rest_route=%2Fwp%2Fv2%2Fcategories&post=17932"},{"taxonomy":"post_tag","embeddable":true,"href":"https:\/\/www.freidenker.org\/index.php?rest_route=%2Fwp%2Fv2%2Ftags&post=17932"}],"curies":[{"name":"wp","href":"https:\/\/api.w.org\/{rel}","templated":true}]}}