{"id":17924,"date":"2024-01-21T13:21:23","date_gmt":"2024-01-21T12:21:23","guid":{"rendered":"https:\/\/www.freidenker.org\/?p=17924"},"modified":"2024-02-13T20:42:05","modified_gmt":"2024-02-13T19:42:05","slug":"lanz-wird-rueckfaellig-gegen-wagenknecht","status":"publish","type":"post","link":"https:\/\/www.freidenker.org\/?p=17924","title":{"rendered":"Lanz wird r\u00fcckf\u00e4llig gegen Wagenknecht"},"content":{"rendered":"<p class=\"article__paragraph\"><strong>Im Januar 2014 hatte Lanz schon einmal seinen Verh\u00f6rstil gegen Sahra Wagenknecht\u00a0versucht, sie maltr\u00e4tiert und nicht zu Wort kommen lassen. Das hatte ihm Hunderttausende von Protestmails eingebracht. In der Nachfolgesendung entschuldigte er sich und verfuhr\u00a0bei k\u00fcnftigen Einladungen gn\u00e4diger mit der TV-Quotenbringerin Wagenknecht. Gestern ist\u00a0Lanz wieder r\u00fcckf\u00e4llig geworden.<\/strong><\/p>\n<p class=\"article__paragraph\"><em>Ein Beitrag von <strong>Diether Dehm<\/strong><\/em><\/p>\n<p><span style=\"font-size: 10pt;\">Erstver\u00f6ffentlichung am 18.01.2024 auf den <a href=\"https:\/\/www.nachdenkseiten.de\/?p=109656\" target=\"_blank\" rel=\"noopener\">NachDenkSeiten<\/a><\/span><\/p>\n<p>An diesem Mittwoch beschuldigte er sie, \u201eKontakte zu Rechtsextremen\u201d zu unterhalten. Gemeint war der rechte Netzwerker Gernot M\u00f6rig. In der Sendung sa\u00df auch der erstaunlich gut gebriefte Markus Bensmann von \u201eCorrectiv\u201c. Dieser verh\u00f6rte Sahra Wagenknecht gemeinsam mit Lanz. Sie solle doch endlich zugeben, vor zehn Jahren an einem Treffen mit dem linken Kabarettisten Volker Pispers teilgenommen zu haben, das aber mit und durch den Rechten Gernot M\u00f6rig zustande gekommen w\u00e4re. Und dieser M\u00f6rig sei nun auch als Drahtzieher des rechten Stelldicheins in der Potsdamer Villa Adlon aufgeflogen. Dort war f\u00fcr \u201eRemigration\u201d geworben worden, was jetzt in einigen Medien sogar mit der Wannsee-Konferenz gleichgesetzt wird.<\/p>\n<p class=\"article__paragraph\">So also wurde medial ein Kontext angelegt, der von Wagenknecht \u00fcber Potsdam bis Wannsee reicht: Remigration sei ja gleich Massendeportation. Und au\u00dferdem w\u00fcrde Frau Wagenknecht ja irgendwie so \u00e4hnlich \u00fcber Migration reden. Eine Groteske? Leider nein, denn diese Attacke hat eine Vorgeschichte: Am Samstagabend bereits hatte mich der Anti-Kriegs-Publizist Patrik Baab gebeten, Sahra Wagenknecht umgehend telefonisch zu warnen. Er habe recherchiert, auf sie sei demn\u00e4chst eine mediale Attacke geplant, n\u00e4mlich, aus dem \u201eAdlon-Skandal\u201c der Rechten, \u00fcber die Person Gernot M\u00f6rig, einen \u201eWagenknecht-Skandal\u201c zu inszenieren. Mit der gestrigen Lanz-Sendung hat sich Patrik Baabs Alarm jetzt best\u00e4tigt. Baabs Recherche lief w\u00e4hrend der Theaterproben beim Berliner Ensemble, einer Nachstellung des Potsdamer Rechtentreffs im Adlon unter Mithilfe von \u201eCorrectiv\u201d. Lanz d\u00fcrfte also Wagenknecht kaum spontan und ohne Plan gemeinsam mit dem \u201eCorrectiv\u201d- Redakteur in die Sendung eingeladen haben.<\/p>\n<p class=\"article__paragraph\">In seiner Inszenierung gegen Wagenknecht ging es auch darum, wieder einmal \u201eKontaktschuld\u201d aufzurufen. Hier hatte eine linke Politikerin mit einem linken K\u00fcnstler und einem Rechten an einem Tisch gesessen \u2013 vor zehn Jahren \u2013, wof\u00fcr sie sich gef\u00e4lligst verantworten muss, um nicht mit Rechten in einen Topf zu geraten. Wenn nun seit zwei Tagen Spruchblasen-Facharbeiter den Treff in der Potsdamer Villa Adlon auch noch mit der Wannsee-Konferenz gleichsetzen, so ist das besonders abgebr\u00fcht. Zur historischen Erinnerung: mit \u201eWannsee\u201c war 1942 \u2013 basierend auf juristischen Vorarbeiten vom sp\u00e4teren Adenauer-Kanzleramtschef Hans Globke \u2013 die Judenverfolgung zum logistischen Regierungsziel des faschistischen Massenmords erhoben worden. Was hingegen vor zwei Monaten im \u201eAdlon\u201c geschwurbelt worden sein soll, hat mit der Wannsee-Konferenz weniger zu tun als mit jenem Gesetz, das gerade \u2013 schlimm genug \u2013 vom britischen Regierungschef Sunak (auch als \u201eremigration\u201c) durchs Unterhaus gedr\u00fcckt worden ist. \u201eAdlon\u201d mit \u201eWannsee\u201c gleichzusetzen, markiert als monstr\u00f6se Verharmlosung der Shoa einen weiteren Niedergang von Journalismus \u2013 so, wie die \u201eKontaktschuld\u201c nichts mit Aufkl\u00e4rung zu tun hat.\u00a0Mit dieser \u201eKontaktsperre\u201d sollen nun nicht nur Sahra Wagenknecht s\u00e4mtliche Begegnungen der letzten zehn Jahre vorrechenbar, sondern Widerspenstige aller Couleur eingesch\u00fcchtert werden. (Merke: Wenn Du auf einer Friedenskundgebung neben jemand zu stehen kommst, den Du nicht vorher gegoogelt hast, darfst Du demn\u00e4chst am Pranger stehen. Besser also, man geht erst gar nicht vor die T\u00fcr.)<\/p>\n<p class=\"article__paragraph\">Im Juni 2021 hielt Alexander Gauland eine beachtliche Rede zum \u201eMolotov-Ribbentrop-Nichtangriffspakt\u201c. Danach sprach ich kurz mit ihm. Ich kannte ihn seit 40 Jahren, weil er f\u00fcr seinen CDU-OB Wallmann viele linke Kulturprojekte von SPD-Dezernent Hilmar Hoffmann und mir gegen die CDU-Mehrheit erm\u00f6glicht hatte. Dieses kurze Gespr\u00e4ch auf der Treppe vor dem Plenum war von einem Fraktionsmitarbeiter der Linken beobachtet worden. Es wurde kurz darauf in der Fraktion skandalisiert. 1972 sollte ich als amtierender Juso-Vorsitzender in Frankfurt am Main einmal abgesetzt und ausgeschlossen werden, weil zuvor die Frankfurter Rundschau gemeldet hatte, ich h\u00e4tte mich mit einem DKP-Vertreter getroffen. Es war um eine gemeinsame Solidarit\u00e4tsaktion f\u00fcr Angela Davis gegangen. \u201eKontaktsperre\u201c wird zum immer h\u00e4rteren Hexenhammer f\u00fcr Entm\u00fcndigung.<\/p>\n<p style=\"text-align: right;\"><em>Dr. Diether Dehm ist Mitglied des Deutschen Freidenker-Verbandes und seines Beirats<\/em><\/p>\n<hr \/>\n<p><span style=\"font-size: 10pt;\">Bild oben:<\/span><\/p>\n<p><span style=\"font-size: 10pt;\">Markus Lanz (beim Deutschen Fernsehpreis 2021): <\/span><br \/>\n<span style=\"font-size: 10pt;\">Foto: Superbass, <a href=\"https:\/\/creativecommons.org\/licenses\/by-sa\/4.0\" target=\"_blank\" rel=\"noopener\">CC BY-SA 4.0<\/a><\/span><br \/>\n<span style=\"font-size: 10pt;\">Quelle: <a href=\"https:\/\/commons.wikimedia.org\/w\/index.php?curid=118131940\" target=\"_blank\" rel=\"noopener\">https:\/\/commons.wikimedia.org\/w\/index.php?curid=118131940<\/a><\/span><\/p>\n<p><span style=\"font-size: 10pt;\">Sahra Wagenknecht (bei einer Friedensdemonstration am 25.11.2023 in Berlin):<\/span><br \/>\n<span style=\"font-size: 10pt;\">Foto: Ferran Cornell\u00e0, <a href=\"https:\/\/creativecommons.org\/licenses\/by-sa\/4.0\">CC BY-SA 4.0<\/a><\/span><br \/>\n<span style=\"font-size: 10pt;\">Quelle: <a href=\"https:\/\/commons.wikimedia.org\/w\/index.php?curid=141438365\" target=\"_blank\" rel=\"noopener\">https:\/\/commons.wikimedia.org\/w\/index.php?curid=141438365<\/a><\/span><\/p>\n","protected":false},"excerpt":{"rendered":"<p><b>Beitrag von Diether Dehm<\/b><br \/>\nIm Januar 2014 hatte Lanz schon einmal seinen Verh\u00f6rstil gegen Sahra Wagenknecht\u00a0versucht, sie maltr\u00e4tiert und nicht zu Wort kommen lassen. Das hatte ihm Hunderttausende von Protestmails eingebracht. In der Nachfolgesendung entschuldigte er sich und verfuhr\u00a0bei k\u00fcnftigen Einladungen gn\u00e4diger mit der TV-Quotenbringerin Wagenknecht. Gestern ist\u00a0Lanz wieder r\u00fcckf\u00e4llig geworden.<br \/>\nAn diesem Mittwoch beschuldigte er sie, \u201eKontakte zu Rechtsextremen\u201d zu unterhalten. Gemeint war der rechte Netzwerker Gernot M\u00f6rig. In der Sendung sa\u00df auch der erstaunlich gut gebriefte Markus Bensmann von \u201eCorrectiv\u201c. Dieser verh\u00f6rte Sahra Wagenknecht gemeinsam mit Lanz. Sie solle doch endlich zugeben, vor zehn Jahren an einem Treffen mit dem linken Kabarettisten Volker Pispers teilgenommen zu haben, das aber mit und durch den Rechten Gernot M\u00f6rig zustande gekommen w\u00e4re. <\/p>\n","protected":false},"author":3,"featured_media":17927,"comment_status":"closed","ping_status":"closed","sticky":false,"template":"","format":"standard","meta":{"colormag_page_container_layout":"default_layout","colormag_page_sidebar_layout":"default_layout","advanced_seo_description":"","jetpack_seo_html_title":"","jetpack_seo_noindex":false,"jetpack_post_was_ever_published":false,"footnotes":""},"categories":[937],"tags":[2079,1031,2077,1963,1315,2085,964,1227,1813,1110,2078],"class_list":["post-17924","post","type-post","status-publish","format-standard","has-post-thumbnail","hentry","category-zeit-der-verleumder-freidenker-fuer-klartext","tag-abschiebung","tag-afd","tag-correctiv","tag-diskurs","tag-journalismus","tag-kontaktsperre","tag-medienhetze","tag-rechtsextremismus","tag-wagenknecht","tag-zdf","tag-zuwanderung"],"jetpack_featured_media_url":"https:\/\/i0.wp.com\/www.freidenker.org\/fw17\/wp-content\/uploads\/2024\/01\/Wagenknecht_Lanz_800x450.jpg?fit=800%2C450&ssl=1","jetpack_shortlink":"https:\/\/wp.me\/p9stpK-4F6","jetpack-related-posts":[{"id":20089,"url":"https:\/\/www.freidenker.org\/?p=20089","url_meta":{"origin":17924,"position":0},"title":"Wagenknecht, Lanz und Th\u00fcringer Druckwellen","author":"Webredaktion","date":"14. Oktober 2024","format":false,"excerpt":"Beitrag von Dr. Diether Dehm Wenn sich etwas Gr\u00f6\u00dferes im Kleinen spiegelt und bewegt, wenn Marx ergo \"alle bisherige Geschichte von Klassenk\u00e4mpfen\" bestimmt sieht und Lenin die Parlamente als \"Trib\u00fcne\" dieser Klassenk\u00e4mpfe, dann sind Talkshows ihr ideologischer Infight. Auch um jedes einzelne Wort. Dabei sollen widerst\u00e4ndige Pers\u00f6nlichkeiten \u00f6ffentlich domestiziert, TV-Zuschauer\u2026","rel":"","context":"In &quot;Demokratie \u2013 Medien \u2013 Aufkl\u00e4rung&quot;","block_context":{"text":"Demokratie \u2013 Medien \u2013 Aufkl\u00e4rung","link":"https:\/\/www.freidenker.org\/?cat=12"},"img":{"alt_text":"","src":"https:\/\/i0.wp.com\/www.freidenker.org\/fw17\/wp-content\/uploads\/2024\/10\/wagenknecht_lanz_800x450_2.jpg?fit=800%2C450&ssl=1&resize=350%2C200","width":350,"height":200,"srcset":"https:\/\/i0.wp.com\/www.freidenker.org\/fw17\/wp-content\/uploads\/2024\/10\/wagenknecht_lanz_800x450_2.jpg?fit=800%2C450&ssl=1&resize=350%2C200 1x, https:\/\/i0.wp.com\/www.freidenker.org\/fw17\/wp-content\/uploads\/2024\/10\/wagenknecht_lanz_800x450_2.jpg?fit=800%2C450&ssl=1&resize=525%2C300 1.5x, https:\/\/i0.wp.com\/www.freidenker.org\/fw17\/wp-content\/uploads\/2024\/10\/wagenknecht_lanz_800x450_2.jpg?fit=800%2C450&ssl=1&resize=700%2C400 2x"},"classes":[]},{"id":20555,"url":"https:\/\/www.freidenker.org\/?p=20555","url_meta":{"origin":17924,"position":1},"title":"Wagenknecht: Nach der Kapitulation","author":"Webredaktion","date":"24. Dezember 2024","format":false,"excerpt":"Beitrag von Dagmar Henn Es war ja im Grunde bereits beim Betrachten der ersten Pressekonferenz zu ahnen, dass vom BSW bestenfalls eine weichgesp\u00fclte Simulation einer linken Antikriegspartei zu erwarten war, die statt einer klaren Opposition in den Fragen Frieden und Souver\u00e4nit\u00e4t nur ein sanftes \"Ja, aber\" zustande bringt. Und das\u2026","rel":"","context":"In &quot;Demokratie \u2013 Medien \u2013 Aufkl\u00e4rung&quot;","block_context":{"text":"Demokratie \u2013 Medien \u2013 Aufkl\u00e4rung","link":"https:\/\/www.freidenker.org\/?cat=12"},"img":{"alt_text":"","src":"https:\/\/i0.wp.com\/www.freidenker.org\/fw17\/wp-content\/uploads\/2024\/12\/BSW_in_Eisenach_STP_2962_800x450.jpg?fit=800%2C450&ssl=1&resize=350%2C200","width":350,"height":200,"srcset":"https:\/\/i0.wp.com\/www.freidenker.org\/fw17\/wp-content\/uploads\/2024\/12\/BSW_in_Eisenach_STP_2962_800x450.jpg?fit=800%2C450&ssl=1&resize=350%2C200 1x, https:\/\/i0.wp.com\/www.freidenker.org\/fw17\/wp-content\/uploads\/2024\/12\/BSW_in_Eisenach_STP_2962_800x450.jpg?fit=800%2C450&ssl=1&resize=525%2C300 1.5x, https:\/\/i0.wp.com\/www.freidenker.org\/fw17\/wp-content\/uploads\/2024\/12\/BSW_in_Eisenach_STP_2962_800x450.jpg?fit=800%2C450&ssl=1&resize=700%2C400 2x"},"classes":[]},{"id":18154,"url":"https:\/\/www.freidenker.org\/?p=18154","url_meta":{"origin":17924,"position":2},"title":"Warum die Kampagne \u201egegen Rechts\u201c erstens orchestriert und zweitens verlogen ist","author":"Webredaktion","date":"12. Februar 2024","format":false,"excerpt":"Beitrag von Thomas R\u00f6per Ich werde in Russland derzeit \u00f6fter von verschiedenen Medien um Interviews gebeten, denn die Entwicklungen in Deutschland interessieren auch die Menschen in Russland. Eine Frage, die mir dabei immer wieder gestellt wird, ist, wie die deutsche \u00d6ffentlichkeit \u00fcber dieses oder jenes denkt. Und da muss ich\u2026","rel":"","context":"In &quot;Demokratie \u2013 Medien \u2013 Aufkl\u00e4rung&quot;","block_context":{"text":"Demokratie \u2013 Medien \u2013 Aufkl\u00e4rung","link":"https:\/\/www.freidenker.org\/?cat=12"},"img":{"alt_text":"","src":"https:\/\/i0.wp.com\/www.freidenker.org\/fw17\/wp-content\/uploads\/2024\/02\/ard-propaganda1_800x450.jpg?fit=800%2C450&ssl=1&resize=350%2C200","width":350,"height":200,"srcset":"https:\/\/i0.wp.com\/www.freidenker.org\/fw17\/wp-content\/uploads\/2024\/02\/ard-propaganda1_800x450.jpg?fit=800%2C450&ssl=1&resize=350%2C200 1x, https:\/\/i0.wp.com\/www.freidenker.org\/fw17\/wp-content\/uploads\/2024\/02\/ard-propaganda1_800x450.jpg?fit=800%2C450&ssl=1&resize=525%2C300 1.5x, https:\/\/i0.wp.com\/www.freidenker.org\/fw17\/wp-content\/uploads\/2024\/02\/ard-propaganda1_800x450.jpg?fit=800%2C450&ssl=1&resize=700%2C400 2x"},"classes":[]},{"id":17467,"url":"https:\/\/www.freidenker.org\/?p=17467","url_meta":{"origin":17924,"position":3},"title":"Einfach link","author":"Webredaktion","date":"6. November 2023","format":false,"excerpt":"Bei der \u201ejungen Welt\u201c bekommen verdiente Linke wegen angeblicher Querfrontaktivit\u00e4ten Schreibverbot. Beitrag von Diether Dehm Mein Schreibverbot hatte ich 2015 in der jungen Welt bekommen, als ich mich dort gegen zwei Anti-Sahra-Wagenknecht-Artikel von Nico Popp und Knut Mellenthin gewehrt hatte. Nun wird mir in der jW vom 18. Oktober 2023\u2026","rel":"","context":"In &quot;Zeit der Verleumder - Freidenker f\u00fcr Klartext&quot;","block_context":{"text":"Zeit der Verleumder - Freidenker f\u00fcr Klartext","link":"https:\/\/www.freidenker.org\/?cat=937"},"img":{"alt_text":"","src":"https:\/\/i0.wp.com\/www.freidenker.org\/fw17\/wp-content\/uploads\/2023\/11\/klartext_jw_news-1172463_800x450.jpg?fit=800%2C450&ssl=1&resize=350%2C200","width":350,"height":200,"srcset":"https:\/\/i0.wp.com\/www.freidenker.org\/fw17\/wp-content\/uploads\/2023\/11\/klartext_jw_news-1172463_800x450.jpg?fit=800%2C450&ssl=1&resize=350%2C200 1x, https:\/\/i0.wp.com\/www.freidenker.org\/fw17\/wp-content\/uploads\/2023\/11\/klartext_jw_news-1172463_800x450.jpg?fit=800%2C450&ssl=1&resize=525%2C300 1.5x, https:\/\/i0.wp.com\/www.freidenker.org\/fw17\/wp-content\/uploads\/2023\/11\/klartext_jw_news-1172463_800x450.jpg?fit=800%2C450&ssl=1&resize=700%2C400 2x"},"classes":[]},{"id":6400,"url":"https:\/\/www.freidenker.org\/?p=6400","url_meta":{"origin":17924,"position":4},"title":"Junge Welt im Klassenkrampf","author":"Webredaktion","date":"6. Mai 2019","format":false,"excerpt":"Beitrag von Uli Gellermann Knut Mellenthin ist recht h\u00e4ufig ein guter Journalist. Nicht selten schreibt er f\u00fcr die \u201eJunge Welt\u201c. Auch das Blatt kann Journalismus. Zeitung wie Autor d\u00fcrften also wissen, woher der Begriff \u201eJournalismus\u201c kommt: Vom franz\u00f6sischen Wort Tag. Was f\u00fcr die schreibende Zunft bedeutet, dass man t\u00e4glich, also\u2026","rel":"","context":"In &quot;Zeit der Verleumder - Freidenker f\u00fcr Klartext&quot;","block_context":{"text":"Zeit der Verleumder - Freidenker f\u00fcr Klartext","link":"https:\/\/www.freidenker.org\/?cat=937"},"img":{"alt_text":"","src":"https:\/\/i0.wp.com\/www.freidenker.org\/fw17\/wp-content\/uploads\/2019\/05\/klartext_dehm-wagenknecht_800x445.jpg?fit=800%2C445&ssl=1&resize=350%2C200","width":350,"height":200,"srcset":"https:\/\/i0.wp.com\/www.freidenker.org\/fw17\/wp-content\/uploads\/2019\/05\/klartext_dehm-wagenknecht_800x445.jpg?fit=800%2C445&ssl=1&resize=350%2C200 1x, https:\/\/i0.wp.com\/www.freidenker.org\/fw17\/wp-content\/uploads\/2019\/05\/klartext_dehm-wagenknecht_800x445.jpg?fit=800%2C445&ssl=1&resize=525%2C300 1.5x, https:\/\/i0.wp.com\/www.freidenker.org\/fw17\/wp-content\/uploads\/2019\/05\/klartext_dehm-wagenknecht_800x445.jpg?fit=800%2C445&ssl=1&resize=700%2C400 2x"},"classes":[]},{"id":20977,"url":"https:\/\/www.freidenker.org\/?p=20977","url_meta":{"origin":17924,"position":5},"title":"Diether Dehm: \u201eWarum ich trotzdem BSW w\u00e4hle\u201c","author":"Webredaktion","date":"18. Februar 2025","format":false,"excerpt":"Interview von J\u00fcrgen Els\u00e4sser mit Diether Dehm Der langj\u00e4hrige Bundestagsabgeordnete der Linken, Diether Dehm, erl\u00e4utert im COMPACT-Interview, warum er Gauland und Chrupalla sch\u00e4tzt, was er an Wagenknecht kritisiert \u2013 und warum er trotzdem empfiehlt, das BSW zu w\u00e4hlen. Die Fragen stellte J\u00fcrgen Els\u00e4sser. Frage: Warum werden Sie als sozialer Patriot\u2026","rel":"","context":"In &quot;Demokratie \u2013 Medien \u2013 Aufkl\u00e4rung&quot;","block_context":{"text":"Demokratie \u2013 Medien \u2013 Aufkl\u00e4rung","link":"https:\/\/www.freidenker.org\/?cat=12"},"img":{"alt_text":"","src":"https:\/\/i0.wp.com\/www.freidenker.org\/fw17\/wp-content\/uploads\/2025\/02\/Demo_Muenchen_Sicherheitskonferenz_Diether_Dehm_Online_4_800x450.jpg?fit=800%2C450&ssl=1&resize=350%2C200","width":350,"height":200,"srcset":"https:\/\/i0.wp.com\/www.freidenker.org\/fw17\/wp-content\/uploads\/2025\/02\/Demo_Muenchen_Sicherheitskonferenz_Diether_Dehm_Online_4_800x450.jpg?fit=800%2C450&ssl=1&resize=350%2C200 1x, https:\/\/i0.wp.com\/www.freidenker.org\/fw17\/wp-content\/uploads\/2025\/02\/Demo_Muenchen_Sicherheitskonferenz_Diether_Dehm_Online_4_800x450.jpg?fit=800%2C450&ssl=1&resize=525%2C300 1.5x, https:\/\/i0.wp.com\/www.freidenker.org\/fw17\/wp-content\/uploads\/2025\/02\/Demo_Muenchen_Sicherheitskonferenz_Diether_Dehm_Online_4_800x450.jpg?fit=800%2C450&ssl=1&resize=700%2C400 2x"},"classes":[]}],"_links":{"self":[{"href":"https:\/\/www.freidenker.org\/index.php?rest_route=\/wp\/v2\/posts\/17924","targetHints":{"allow":["GET"]}}],"collection":[{"href":"https:\/\/www.freidenker.org\/index.php?rest_route=\/wp\/v2\/posts"}],"about":[{"href":"https:\/\/www.freidenker.org\/index.php?rest_route=\/wp\/v2\/types\/post"}],"author":[{"embeddable":true,"href":"https:\/\/www.freidenker.org\/index.php?rest_route=\/wp\/v2\/users\/3"}],"replies":[{"embeddable":true,"href":"https:\/\/www.freidenker.org\/index.php?rest_route=%2Fwp%2Fv2%2Fcomments&post=17924"}],"version-history":[{"count":0,"href":"https:\/\/www.freidenker.org\/index.php?rest_route=\/wp\/v2\/posts\/17924\/revisions"}],"wp:featuredmedia":[{"embeddable":true,"href":"https:\/\/www.freidenker.org\/index.php?rest_route=\/wp\/v2\/media\/17927"}],"wp:attachment":[{"href":"https:\/\/www.freidenker.org\/index.php?rest_route=%2Fwp%2Fv2%2Fmedia&parent=17924"}],"wp:term":[{"taxonomy":"category","embeddable":true,"href":"https:\/\/www.freidenker.org\/index.php?rest_route=%2Fwp%2Fv2%2Fcategories&post=17924"},{"taxonomy":"post_tag","embeddable":true,"href":"https:\/\/www.freidenker.org\/index.php?rest_route=%2Fwp%2Fv2%2Ftags&post=17924"}],"curies":[{"name":"wp","href":"https:\/\/api.w.org\/{rel}","templated":true}]}}