{"id":17919,"date":"2024-01-21T13:20:45","date_gmt":"2024-01-21T12:20:45","guid":{"rendered":"https:\/\/www.freidenker.org\/?p=17919"},"modified":"2024-02-13T20:41:40","modified_gmt":"2024-02-13T19:41:40","slug":"klaus-schwab-wef-das-gegenseitige-vertrauen-zwischen-menschen-und-nationen-ist-gestoert","status":"publish","type":"post","link":"https:\/\/www.freidenker.org\/?p=17919","title":{"rendered":"Klaus Schwab (WEF): &#8222;Das gegenseitige Vertrauen zwischen Menschen und Nationen ist gest\u00f6rt&#8220;"},"content":{"rendered":"<p><strong>Seit Wochenbeginn findet das diesj\u00e4hrige internationale Weltwirtschaftsforum in Davos statt. Zuvor erfolgte noch am Sonntag ein Gastbeitrag des WEF-Chefs Klaus Schwab in der Wochenzeitung Die Zeit. Au\u00dfer Plattit\u00fcden und erwartbaren Phrasens\u00e4tzen hatte der einflussreiche Taktiker wenig mitzuteilen. <\/strong><\/p>\n<p><em>Von <strong>Bernhard Loyen<\/strong><\/em><\/p>\n<p><span style=\"font-size: 10pt;\">Erstver\u00f6ffentlichung am 16.01.2024 auf <a href=\"https:\/\/pressefreiheit.rtde.life\/europa\/192899-klaus-schwab-wef-gegenseitige-vertrauen\/\" target=\"_blank\" rel=\"noopener\">RT DE<\/a><\/span><\/p>\n<div class=\"EmbedBlock-root EmbedBlock-all\">\n<div class=\"AllEmbed\"><iframe loading=\"lazy\" title=\"Klaus Schwab (WEF): &quot;Das gegenseitige Vertrauen zwischen Menschen und Nationen ist gest\u00f6rt&quot;\" src=\"https:\/\/www.podbean.com\/player-v2\/?i=76tsj-1551e73-pb&amp;from=pb6admin&amp;share=1&amp;download=1&amp;rtl=0&amp;fonts=Arial&amp;skin=1&amp;font-color=&amp;logo_link=episode_page&amp;btn-skin=7\" width=\"100%\" height=\"150\" scrolling=\"no\" allowfullscreen=\"allowfullscreen\" data-name=\"pb-iframe-player\" data-mce-fragment=\"1\"><\/iframe><\/div>\n<\/div>\n<p>Das j\u00fcngste Aufeinandertreffen vermeintlich autark agierender Politiker, Unternehmer und sonstiger illustrer Leiter und Chefs von Institutionen und NGOs eher unbekannter Natur, das sogenannte &#8222;World Economic Forum (Weltwirtschaftsforum \u2013 WEF), findet dieses Jahr vom\u00a015. bis 19. Januar\u00a0in Davos in der Schweiz statt.\u00a0Angek\u00fcndigte\u00a0Gespr\u00e4chsrunden, veranstaltete Alibi-Panels des Forums\u00a0sowie gef\u00fcrchteten Hinterzimmergespr\u00e4che ohne\u00a0\u00f6ffentliche Lancierung von Inhalten und Ergebnissen, lassen dabei kritische B\u00fcrger zumindest erneut aufhorchen.<\/p>\n<p>Wer im karrieristischen und skrupellosen Minenfeld der Politik mitspielen und aufgestellt werden m\u00f6chte, muss in der Schweiz vorstellig werden. Ber\u00fcchtigter Veranstalter und Chef des WEF-Meetings ist der weiterhin ungew\u00e4hlte und schlicht machtvolle Politikfl\u00fcsterer und Weltenlenker Klaus Schwab. Schwab bestimmte \u2013 rein mutma\u00dfend \u2013 er m\u00f6chte nicht im Vorfeld interviewt werden, sah aber anscheinend die Notwendigkeit, noch ein paar Gedanken seiner bizarren Zukunftsvisionen, auch Sorgen und N\u00f6te, auf dem deutschen Medienmarkt zu platzieren. Die Wochenzeitung\u00a0<em>Die Zeit\u00a0<\/em>erm\u00f6glichte ihm daher am 14. Januar einen\u00a0<a href=\"https:\/\/www.zeit.de\/wirtschaft\/2024-01\/weltwirtschaftsforum-zukunft-finanzen-klimawandel-technologie\" target=\"_blank\" rel=\"noopener noreferrer\">Gastbeitrag<\/a>. Der Titel und die Einleitung lauten erwartbar besorgt, mahnend und inhaltsleer:<\/p>\n<blockquote><p><em>&#8222;Wir m\u00fcssen wieder Vertrauen in die Zukunft herstellen. Die Welt wird multipolarer und ist von Unsicherheit gepr\u00e4gt. Das gegenseitige Vertrauen zwischen Menschen und Nationen ist gest\u00f6rt. Diese Dynamik muss \u00fcberwunden werden.&#8220;<\/em><\/p><\/blockquote>\n<p>Da nutzte Herr Schwab doch gleich zu Beginn, als erstes Wort, den verr\u00e4terischsten Begriff der Unglaubw\u00fcrdigkeit auf dem Feld der an die Menschen gerichteten Manipulationsstrategien: &#8222;Wir&#8220;. &#8222;Wir m\u00fcssen&#8220; nach den drei dunklen Jahren einer rein politisch motivierten weltweiten Ausnahmesituation also &#8222;wieder Vertrauen in die Zukunft herstellen&#8220;. Das Bedenkliche, eigentlich l\u00e4cherliche, der Mann denkt wirklich so schlicht und berechenbar.<\/p>\n<p>Das gegenseitige Vertrauen zwischen &#8222;Menschen und Nationen&#8220; sei\u00a0laut seiner Wahrnehmung gest\u00f6rt, gemeint hat Herr Schwab jedoch zwischen Menschen und einfordernder Politik, inklusive der ihm zuarbeitenden Institutionen auf allen Ebenen der Gesellschaft. Gut, dass er daran erinnert. Die Forderung, &#8222;diese Dynamik muss nun \u00fcberwunden werden&#8220;, bedeutet f\u00fcr kritische B\u00fcrger, dass es wieder hei\u00dft, genauer aufzupassen und zwischen den Zeilen zu lesen. Klaus Schwab droht mit neuen Verhaltensregeln, da die letzten wenig zufriedenstellend von bockigen Menschen in einem \u00fcberschaubaren, aber anscheinend effektiven Prozentsatz boykottiert und nicht ordnungsgem\u00e4\u00df umgesetzt wurden.<\/p>\n<p>Der erste Absatz des Gastbeitrags best\u00e4tigt dabei die sehr hohe Unzufriedenheit auf der Ebene einer Gedankenwelt des Herrn Schwab, des WEF und seiner Erf\u00fcllungsgehilfen in Br\u00fcssel, in Berlin und nat\u00fcrlich auch weltweit:<\/p>\n<blockquote><p><em>&#8222;Die st\u00e4ndige Notwendigkeit des Krisenmanagements ersch\u00f6pft die entscheidende menschliche Energie, die ansonsten in die Gestaltung einer optimistischeren Zukunft flie\u00dfen k\u00f6nnte.&#8220;<\/em><\/p><\/blockquote>\n<p>Zum Begriff &#8222;Krisenmanagement&#8220; stellt sich unmittelbar die Frage, wer ist verantwortlich f\u00fcr die j\u00fcngsten ersch\u00f6pfenden Krisen. Wer verhinderte eine von Optimismus gepr\u00e4gte Zukunft? Wer m\u00f6chte die menschliche Energie, das kreative\u00a0Engagement des Individuums abschaffen und durch eine digitalisierte und von Robotern gelenkte dystopische &#8222;Gestaltung&#8220; der Welt austauschen?<\/p>\n<p>Die &#8222;derzeitige Welle des Pessimismus ist beispiellos&#8220;, so Herr Schwab, die n\u00e4chste Weltuntergangskohle z\u00fcndelnd, um vermischend manipulativ festzustellen:<\/p>\n<blockquote><p><em>&#8222;Und anders als in der Vergangenheit bedeuten die Macht und Pr\u00e4senz der globalen Medien und Kommunikationstechnologien heute, dass jede Herausforderung und jeder R\u00fcckschlag verst\u00e4rkt werden, was das Gef\u00fchl von Untergang und D\u00fcsternis noch versch\u00e4rft.&#8220;<\/em><\/p><\/blockquote>\n<p>Herr Schwab erkl\u00e4rt auch gleich, wie diese These bitte alleinig zu verstehen sei:<\/p>\n<blockquote><p><em>&#8222;Nach einer \u00c4ra \u2013 \u00fcber welchen Zeitraum, Herr Schwab? \u2013,\u00a0die eine Milliarde Menschen aus der Armut befreit und den Lebensstandard \u00fcberall verbessert hat, treibt die Angst, die Kontrolle \u00fcber die Zukunft zu verlieren, die Menschen dazu, sich extremen Ideologien und den F\u00fchrern, die sie vertreten, anzuschlie\u00dfen.&#8220;<\/em><\/p><\/blockquote>\n<p>Was bedeutet denn bitte \u00fcberall? In den Slums indischer Regionen oder in den \u00fcberf\u00fcllten Ballungszentren Afrikas? Des einen Beendigung zu definierender Armut, ist des anderen neue Erfahrung von drohender Armut, zum Beispiel in der ehemals selbstverst\u00e4ndlich existierenden &#8222;Wohlf\u00fchloase&#8220; Europa. Eine Milliarde als argumentative &#8222;Humansumme&#8220; in Asien hat eine vollkommen andere Bedeutung als Millionen in Europa.\u00a0In den 48 europ\u00e4ischen Staaten leben statistisch rund +- 800 Millionen\u00a0Menschen. In Asien sind es rund\u00a04,5 Milliarden, in Afrika rund\u00a01,2 Milliarden und in\u00a0Lateinamerika, der Karibik<strong>\u00a0<\/strong>und<strong>\u00a0<\/strong>Nordamerika rund 1 Milliarde Menschen.<\/p>\n<p>Es folgt die fragw\u00fcrdige und bedenkliche Gedankenwelt des ungelernten Hausarztes Klaus Schwab:<\/p>\n<blockquote><p><em>&#8222;\u00c4hnlich wie bei einer medizinischen Diagnose m\u00fcssen wir zun\u00e4chst die Ursachen unseres Unwohlseins ermitteln und angehen.&#8220;<\/em><\/p><\/blockquote>\n<p>Unseres Unwohlseins? Man m\u00f6chte ihn fragen: Woran leiden Sie denn, neben Gr\u00f6\u00dfenwahn und vision\u00e4ren Halluzinationen? Schon Ex-Kanzler Helmut Schmidt konstatierte vor Jahrzehnten n\u00fcchtern und pragmatisch: &#8222;Wer\u00a0<a href=\"https:\/\/www.ndr.de\/geschichte\/koepfe\/Helmut-Schmidt-Die-besten-Zitate,schmidtzitate102.html\" target=\"_blank\" rel=\"noopener noreferrer\">Visionen<\/a>\u00a0hat, sollte zum Arzt gehen&#8220;. Wem auch immer gedankt, Herr Schwab hat zumindest erkannt, \u00fcber ihm zuarbeitende Modellierer und Analysten:<\/p>\n<blockquote><p><em>&#8222;Es gibt keine schnelle L\u00f6sung oder ein Patentrezept. Es geht darum, alle Symptome auf ganzheitliche Weise zu behandeln.&#8220;<\/em><\/p><\/blockquote>\n<p>Nichtsdestotrotz folgt die drohende Ank\u00fcndigung anvisierter, in den Schubladen und der Digital-Cloud bereits befindlicher WEF-Pl\u00e4ne nahender N\u00f6tigungen des &#8222;einfachen&#8220; Weltb\u00fcrgers:<\/p>\n<blockquote><p><em>&#8222;Was wir jetzt unbedingt brauchen, ist ein neuer Ansatz \u2013 einer, der den \u00dcbergang zu einer gr\u00fcnen, digitalen und integrativen Wirtschaft als gro\u00dfe Chance f\u00fcr die Schaffung von Arbeitspl\u00e4tzen, die Steigerung der Kaufkraft und letztlich ein nachhaltiges Wirtschaftswachstum nutzt.&#8220;<\/em><\/p><\/blockquote>\n<p>Das gro\u00dfe Schwindelpaket \u2013 vermeintlicher Wohlstand f\u00fcr alle \u2013 verpackt in manipulativen\u00a0Phrasens\u00e4tzen, weil eine gr\u00fcne Zukunft, also auch Wirtschaft, klingt f\u00fcr deutsche\u00a0<em>Zeit<\/em>-Leser vermeintlich als etwas Positives, etwas zu Unterst\u00fctzendes. Die j\u00fcngste Realit\u00e4t seit Macht\u00fcbernahme durch gr\u00fcne Politiker mit gr\u00fcnen Machtanspr\u00fcchen, in Kooperation mit assimilierenden Kollegen in der Ampelkoalition, zeigt f\u00fcr die meisten Menschen in diesem Land jedoch genau die andere, n\u00e4mlich die mutwillig zerst\u00f6rerische und desastr\u00f6se Seite einer beworbenen gr\u00fcnen Zukunft.<\/p>\n<p>Wenig \u00fcberraschend stellt f\u00fcr Herrn Schwab nat\u00fcrlich auch &#8222;der\u00a0Klimawandel\u00a0eine eindeutige Bedrohung f\u00fcr die jetzige und vor allem f\u00fcr k\u00fcnftige Generationen dar&#8220;. Auch dieser Absatz mit bedeutungslosen Phrasen bekannten Inhalts. Der dritte Punkt eines mehr als bedenklichen &#8222;Zukunftskonzepts&#8220;, dystopischen Fantasien des Klaus Schwab, ist dann das Thema: &#8222;Zeitalter exponentieller technologischer Entwicklung, insbesondere mit dem Aufkommen der\u00a0k\u00fcnstlichen Intelligenz&#8220;.\u00a0Schwab k\u00fcndigt drohend an:<\/p>\n<blockquote><p><em>&#8222;Sie k\u00f6nnen aber auch als Katalysator f\u00fcr eine Renaissance der Menschheit dienen, indem sie neue Dimensionen menschlicher Kreativit\u00e4t freisetzen und eine noch nie dagewesene Zusammenarbeit und Verst\u00e4ndigung f\u00f6rdern.&#8220;<\/em><\/p><\/blockquote>\n<p>\u00dcbersetzt und decodiert: Ausgew\u00e4hlte Wissenschaftler t\u00fcfteln an der kontinuierlichen Abschaffung der Produktivkraft Mensch. &#8222;Wir sind die Roboter&#8220; hei\u00dft\u00a0<a href=\"https:\/\/www.youtube.com\/watch?v=wHEoMpMvz7A\" target=\"_blank\" rel=\"noopener noreferrer\">ein Lied<\/a>\u00a0aus dem Jahr 1978. Der Text lautet: &#8222;Wir sind auch alle programmiert, und was du willst, wird ausgef\u00fchrt&#8220;. Sehr viel wollen, will nur das machtvolle WEF unter Leitung des Klaus Schwab. Der radikale Umbau gewohnter und effektiver Gesellschaftsstrukturen ist kein dystopischer Roman ala &#8222;Sch\u00f6ne neue Welt&#8220; (Brave New World) oder &#8222;1984&#8220;, sondern die n\u00fcchterne Realit\u00e4t der Gegenwart.<\/p>\n<p>Wie manipulativ, machtvoll und ungest\u00f6rt Schwab und seine WEF-Truppe in der Corona-Krise agieren konnten, also durften, ohne jegliche jemals zugeteilte offizielle Legitimierung, ist interessierten Menschen soweit bekannt. Der Begriff &#8222;Young Global Leaders&#8220;, die Ausbildung und Lancierung von r\u00fcckgratlosen P\u00fcppchen und Marionetten in den Schaltzentralen der weltweiten Macht (Politik, Medien, Wissenschaft) ist ebenfalls interessierten Menschen\u00a0mittlerweile bekannt(er).<\/p>\n<p>Herr Schwab vermisst nun &#8222;gegenseitiges Vertrauen&#8220;. Es g\u00e4be f\u00fcr ihn zu viele Menschen, die es doch tats\u00e4chlich wagen w\u00fcrden, &#8222;aus Angst um ihre eigene Zukunft ihre eigenen Interessen in den Vordergrund zu stellen&#8220;. Die Arroganz der Macht des Herrn Schwab l\u00e4sst ihn am Ende seines Gastbeitrags manipulativ flunkernd formulieren:<\/p>\n<blockquote><p><em>&#8222;Um die krisenbedingte Dynamik zu \u00fcberwinden und Zusammenarbeit, Vertrauen und eine gemeinsame Vision f\u00fcr eine bessere Zukunft zu f\u00f6rdern, m\u00fcssen wir ein positives Narrativ schaffen, das die Chancen dieses historischen Wendepunkts freisetzt.&#8220;<\/em><\/p><\/blockquote>\n<p>Das &#8222;positive Narrativ&#8220; eines &#8222;historischen Wendepunkts&#8220; soll dabei rein von Herrn Schwab und Kollegen definiert werden d\u00fcrfen? Welch&#8216; Anma\u00dfung, welch&#8216; bedenklicher Gr\u00f6\u00dfenwahn. Das\u00a0<a href=\"https:\/\/www.weforum.org\/agenda\/2024\/01\/rebuilding-trust-collaberation-future\/\" target=\"_blank\" rel=\"noopener noreferrer\">Motto<\/a>\u00a0in Davos lautet in diesem Jahr: &#8222;Wiederherstellung des Vertrauens in die Zukunft&#8220;.<\/p>\n<p>Sehr gerne, aber bitte ohne Beteiligung von Herrn Schwab und seinem WEF-Team, sogenannten Philanthropen, der korrupten Bagage aus Br\u00fcssel und hoffentlich zeitnah ohne die gr\u00f6\u00dftenteils ungelernte und \u00fcberforderte Zerst\u00f6rertruppe im Kanzleramt zu Berlin, inklusive ihr aller zuarbeitenden gut dotierten und pathologisch selbst \u00fcbersch\u00e4tzenden Erf\u00fcllungsgehilfen.<\/p>\n<p style=\"text-align: right;\"><em>Bernhard Loyen ist freier Journalist und schreibt f\u00fcr verschiedene alternative Portale<\/em><\/p>\n<hr \/>\n<p><span style=\"font-size: 10pt;\">Bild oben: Klaus Schwab bei einer Veranstaltung 2018 in New York<\/span><br \/>\n<span style=\"font-size: 10pt;\">Foto: Ben Hider, Foundations World Economic Forum &#8211; Schwab Foundation Social Entrepreneurs Summit, <a href=\"https:\/\/creativecommons.org\/licenses\/by\/2.0\" target=\"_blank\" rel=\"noopener\">CC BY 2.0<\/a><\/span><br \/>\n<span style=\"font-size: 10pt;\">Quelle: <a href=\"https:\/\/commons.wikimedia.org\/w\/index.php?curid=75083289\" target=\"_blank\" rel=\"noopener\">https:\/\/commons.wikimedia.org\/w\/index.php?curid=75083289<\/a><\/span><\/p>\n","protected":false},"excerpt":{"rendered":"<p><b>Beitrag von Bernhard Loyen<\/b><br \/>\nDas j\u00fcngste Aufeinandertreffen vermeintlich autark agierender Politiker, Unternehmer und sonstiger illustrer Leiter und Chefs von Institutionen und NGOs eher unbekannter Natur, das sogenannte &#8222;World Economic Forum (Weltwirtschaftsforum \u2013 WEF), findet dieses Jahr vom\u00a015. bis 19. Januar\u00a0in Davos in der Schweiz statt.\u00a0Angek\u00fcndigte\u00a0Gespr\u00e4chsrunden, veranstaltete Alibi-Panels des Forums\u00a0sowie gef\u00fcrchteten Hinterzimmergespr\u00e4che ohne\u00a0\u00f6ffentliche Lancierung von Inhalten und Ergebnissen, lassen dabei kritische B\u00fcrger zumindest erneut aufhorchen. Wer im karrieristischen und skrupellosen Minenfeld der Politik mitspielen und aufgestellt werden m\u00f6chte, muss in der Schweiz vorstellig werden. Ber\u00fcchtigter Veranstalter und Chef des WEF-Meetings ist der weiterhin ungew\u00e4hlte und schlicht machtvolle Politikfl\u00fcsterer und Weltenlenker Klaus Schwab. <\/p>\n","protected":false},"author":3,"featured_media":17922,"comment_status":"closed","ping_status":"closed","sticky":false,"template":"","format":"standard","meta":{"colormag_page_container_layout":"default_layout","colormag_page_sidebar_layout":"default_layout","advanced_seo_description":"","jetpack_seo_html_title":"","jetpack_seo_noindex":false,"jetpack_post_was_ever_published":false,"footnotes":""},"categories":[12],"tags":[1642,1617,94,180,1619,2083,1603,2084,1354,1530,1212],"class_list":["post-17919","post","type-post","status-publish","format-standard","has-post-thumbnail","hentry","category-demokratie-medien-aufklaerung","tag-deindustrialisierung","tag-digitalisierung","tag-klimawandel","tag-krise","tag-multipolare-welt","tag-nationen","tag-produktivkraftvernichtung","tag-vertrauen","tag-weltwirtschaftsforum","tag-wohlstand","tag-zukunft"],"jetpack_featured_media_url":"https:\/\/i0.wp.com\/www.freidenker.org\/fw17\/wp-content\/uploads\/2024\/01\/Schwab_Foundation_Social_Entrepreneurs_Summit_800x450.jpg?fit=800%2C450&ssl=1","jetpack_shortlink":"https:\/\/wp.me\/p9stpK-4F1","jetpack-related-posts":[{"id":9233,"url":"https:\/\/www.freidenker.org\/?p=9233","url_meta":{"origin":17919,"position":0},"title":"Der gro\u00dfe Vorwand \u2026 f\u00fcr eine Anti-Utopie","author":"Webredaktion","date":"13. Januar 2021","format":false,"excerpt":"Beitrag von Diana Johnstone Indem sie ihrer k\u00fcrzlich ver\u00f6ffentlichten WEF-Abhandlung den Titel \u00abCovid-19: The Great Reset\u00bb geben, verkn\u00fcpfen die Autoren die Pandemie auf eine Art und Weise mit ihren futuristischen Vorschl\u00e4gen, die einen Chor von \u00abAha!\u00bb-Rufen hervorrufen d\u00fcrfte. In der gegenw\u00e4rtigen Atmosph\u00e4re der Verwirrung und des Misstrauens l\u00e4sst die Freude,\u2026","rel":"","context":"In &quot;Demokratie \u2013 Medien \u2013 Aufkl\u00e4rung&quot;","block_context":{"text":"Demokratie \u2013 Medien \u2013 Aufkl\u00e4rung","link":"https:\/\/www.freidenker.org\/?cat=12"},"img":{"alt_text":"","src":"https:\/\/i0.wp.com\/www.freidenker.org\/fw17\/wp-content\/uploads\/2021\/01\/wef_collisions_24497758176_800x450.jpg?fit=800%2C450&ssl=1&resize=350%2C200","width":350,"height":200,"srcset":"https:\/\/i0.wp.com\/www.freidenker.org\/fw17\/wp-content\/uploads\/2021\/01\/wef_collisions_24497758176_800x450.jpg?fit=800%2C450&ssl=1&resize=350%2C200 1x, https:\/\/i0.wp.com\/www.freidenker.org\/fw17\/wp-content\/uploads\/2021\/01\/wef_collisions_24497758176_800x450.jpg?fit=800%2C450&ssl=1&resize=525%2C300 1.5x, https:\/\/i0.wp.com\/www.freidenker.org\/fw17\/wp-content\/uploads\/2021\/01\/wef_collisions_24497758176_800x450.jpg?fit=800%2C450&ssl=1&resize=700%2C400 2x"},"classes":[]},{"id":20161,"url":"https:\/\/www.freidenker.org\/?p=20161","url_meta":{"origin":17919,"position":1},"title":"Eckart von Hirschhausen und Lauterbach drohen mit &#8222;Corona-Aufarbeitung&#8220;","author":"Webredaktion","date":"30. Oktober 2024","format":false,"excerpt":"Beitrag von Bernhard Loyen Die Ampelkoalition wird sich aufgrund \"unterschiedlicher Auffassungen\" in dieser Legislaturperiode nicht mehr mit dem Thema \"Aufarbeitung der Corona-Pandemie\" besch\u00e4ftigen. Ein seitens SPD und Gr\u00fcnen pr\u00e4ferierter \"B\u00fcrgerrat\" sei bis zur Bundestagswahl 2025 nicht realisierbar, so das\u00a0RT-Update\u00a0vom 11. Oktober zum Thema der konsequenten Verweigerungshaltung verantwortlicher Protagonisten dreier dunkler\u2026","rel":"","context":"In &quot;Demokratie \u2013 Medien \u2013 Aufkl\u00e4rung&quot;","block_context":{"text":"Demokratie \u2013 Medien \u2013 Aufkl\u00e4rung","link":"https:\/\/www.freidenker.org\/?cat=12"},"img":{"alt_text":"","src":"https:\/\/i0.wp.com\/www.freidenker.org\/fw17\/wp-content\/uploads\/2024\/10\/Health_for_Future_IMG_0265_50174308517_800x450.jpg?fit=800%2C450&ssl=1&resize=350%2C200","width":350,"height":200,"srcset":"https:\/\/i0.wp.com\/www.freidenker.org\/fw17\/wp-content\/uploads\/2024\/10\/Health_for_Future_IMG_0265_50174308517_800x450.jpg?fit=800%2C450&ssl=1&resize=350%2C200 1x, https:\/\/i0.wp.com\/www.freidenker.org\/fw17\/wp-content\/uploads\/2024\/10\/Health_for_Future_IMG_0265_50174308517_800x450.jpg?fit=800%2C450&ssl=1&resize=525%2C300 1.5x, https:\/\/i0.wp.com\/www.freidenker.org\/fw17\/wp-content\/uploads\/2024\/10\/Health_for_Future_IMG_0265_50174308517_800x450.jpg?fit=800%2C450&ssl=1&resize=700%2C400 2x"},"classes":[]},{"id":16223,"url":"https:\/\/www.freidenker.org\/?p=16223","url_meta":{"origin":17919,"position":2},"title":"Von einer Pandemie zur n\u00e4chsten?","author":"Webredaktion","date":"2. Juni 2023","format":false,"excerpt":"Karl Lauterbach, die WHO und Rockefeller-Millionen Podcast von Bernhard Loyen Millionen Menschen weltweit leiden weiterhin unter den Auswirkungen der politischen Ma\u00dfnahmen in der Corona-Krise. Im Hintergrund bastelt ein elit\u00e4rer Kreis von Krisenprofiteuren am n\u00e4chsten m\u00f6glichen Ereignis. Nat\u00fcrlich alles unter dem Deckmantel vorbeugender Ma\u00dfnahmen und rein zum Schutze der Menschheit.","rel":"","context":"In &quot;Demokratie \u2013 Medien \u2013 Aufkl\u00e4rung&quot;","block_context":{"text":"Demokratie \u2013 Medien \u2013 Aufkl\u00e4rung","link":"https:\/\/www.freidenker.org\/?cat=12"},"img":{"alt_text":"","src":"https:\/\/i0.wp.com\/www.freidenker.org\/fw17\/wp-content\/uploads\/2023\/06\/Karl_Lauterbach_by_OlafKosinsky_2019_MG_2423_800x450_ausschnitt.jpg?fit=800%2C450&ssl=1&resize=350%2C200","width":350,"height":200,"srcset":"https:\/\/i0.wp.com\/www.freidenker.org\/fw17\/wp-content\/uploads\/2023\/06\/Karl_Lauterbach_by_OlafKosinsky_2019_MG_2423_800x450_ausschnitt.jpg?fit=800%2C450&ssl=1&resize=350%2C200 1x, https:\/\/i0.wp.com\/www.freidenker.org\/fw17\/wp-content\/uploads\/2023\/06\/Karl_Lauterbach_by_OlafKosinsky_2019_MG_2423_800x450_ausschnitt.jpg?fit=800%2C450&ssl=1&resize=525%2C300 1.5x, https:\/\/i0.wp.com\/www.freidenker.org\/fw17\/wp-content\/uploads\/2023\/06\/Karl_Lauterbach_by_OlafKosinsky_2019_MG_2423_800x450_ausschnitt.jpg?fit=800%2C450&ssl=1&resize=700%2C400 2x"},"classes":[]},{"id":23638,"url":"https:\/\/www.freidenker.org\/?p=23638","url_meta":{"origin":17919,"position":3},"title":"5. Jahrestag: Der 18. November 2020 als mentales Brandmal zum Thema Erm\u00e4chtigung des Staates","author":"Webredaktion","date":"29. November 2025","format":false,"excerpt":"Beitrag von Bernhard Loyen Genau heute (18.11.2025) vor f\u00fcnf Jahren, am Ende des ersten bizarren Jahres der \"Corona-Krise\", gab es f\u00fcr die sogenannten \"Volksvertreter\" im Berliner Reichstag einen Anwesenheitspflichttermin. [...] Zur Erinnerung: Es ging um die erneute, vermeintlich notwendige, Modifizierung eines Gesetzes rein f\u00fcr den \"Bev\u00f6lkerungsschutz\". Was folgte, f\u00fcr weitere\u2026","rel":"","context":"In &quot;Demokratie \u2013 Medien \u2013 Aufkl\u00e4rung&quot;","block_context":{"text":"Demokratie \u2013 Medien \u2013 Aufkl\u00e4rung","link":"https:\/\/www.freidenker.org\/?cat=12"},"img":{"alt_text":"","src":"https:\/\/i0.wp.com\/www.freidenker.org\/fw17\/wp-content\/uploads\/2025\/11\/Loyen_Brandmal_02_800x450.jpg?fit=800%2C450&ssl=1&resize=350%2C200","width":350,"height":200,"srcset":"https:\/\/i0.wp.com\/www.freidenker.org\/fw17\/wp-content\/uploads\/2025\/11\/Loyen_Brandmal_02_800x450.jpg?fit=800%2C450&ssl=1&resize=350%2C200 1x, https:\/\/i0.wp.com\/www.freidenker.org\/fw17\/wp-content\/uploads\/2025\/11\/Loyen_Brandmal_02_800x450.jpg?fit=800%2C450&ssl=1&resize=525%2C300 1.5x, https:\/\/i0.wp.com\/www.freidenker.org\/fw17\/wp-content\/uploads\/2025\/11\/Loyen_Brandmal_02_800x450.jpg?fit=800%2C450&ssl=1&resize=700%2C400 2x"},"classes":[]},{"id":22309,"url":"https:\/\/www.freidenker.org\/?p=22309","url_meta":{"origin":17919,"position":4},"title":"&#8222;Hitze macht Autobahn kaputt&#8220; \u2013 Politik und Medien kurz vor mentalem Hitze-Kollaps","author":"Webredaktion","date":"7. Juli 2025","format":false,"excerpt":"Beitrag von Bernhard Loyen Was ist eigentlich anstrengender, die erwartbare Hitze oder die berechenbaren Pseudopsychosen soweit bekannter Protagonisten? Die aktuellen sommerlichen Temperaturen werden gnadenlos seitens Politdarstellern f\u00fcr ihre Klima-Agenda missbraucht. Die Medien assistieren mit \"Hitze-Tickern\". Das allj\u00e4hrliche mediale Sommerloch pr\u00e4sentiert sich wie eine schlammige, stinkende, wasserarme Kloake am verm\u00fcllten Stadtrand.\u2026","rel":"","context":"In &quot;Demokratie \u2013 Medien \u2013 Aufkl\u00e4rung&quot;","block_context":{"text":"Demokratie \u2013 Medien \u2013 Aufkl\u00e4rung","link":"https:\/\/www.freidenker.org\/?cat=12"},"img":{"alt_text":"","src":"https:\/\/i0.wp.com\/www.freidenker.org\/fw17\/wp-content\/uploads\/2025\/07\/ki-bild-Sonne_Autobahn_800x450.jpg?fit=800%2C450&ssl=1&resize=350%2C200","width":350,"height":200,"srcset":"https:\/\/i0.wp.com\/www.freidenker.org\/fw17\/wp-content\/uploads\/2025\/07\/ki-bild-Sonne_Autobahn_800x450.jpg?fit=800%2C450&ssl=1&resize=350%2C200 1x, https:\/\/i0.wp.com\/www.freidenker.org\/fw17\/wp-content\/uploads\/2025\/07\/ki-bild-Sonne_Autobahn_800x450.jpg?fit=800%2C450&ssl=1&resize=525%2C300 1.5x, https:\/\/i0.wp.com\/www.freidenker.org\/fw17\/wp-content\/uploads\/2025\/07\/ki-bild-Sonne_Autobahn_800x450.jpg?fit=800%2C450&ssl=1&resize=700%2C400 2x"},"classes":[]},{"id":23498,"url":"https:\/\/www.freidenker.org\/?p=23498","url_meta":{"origin":17919,"position":5},"title":"Daten, welche Daten?","author":"Webredaktion","date":"8. November 2025","format":false,"excerpt":"Der n\u00e4chste Skandal des Paul-Ehrlich-Instituts in der \"Corona-Aufarbeitung\" Beitrag von Bernhard Loyen Die wesentlichen Aufdeckungen und Enth\u00fcllungen zu den Themen der mutwilligen N\u00f6tigung von Politik und zuarbeitenden Medien in drei langen Jahren, der rigiden inhumanen Ma\u00dfnahmenpolitik mit Ans\u00e4tzen totalit\u00e4rer Neigungen und Absichten sowie dem selbstverst\u00e4ndlichen Agieren, also Zuarbeiten, eines Gro\u00dfteils\u2026","rel":"","context":"In &quot;Demokratie \u2013 Medien \u2013 Aufkl\u00e4rung&quot;","block_context":{"text":"Demokratie \u2013 Medien \u2013 Aufkl\u00e4rung","link":"https:\/\/www.freidenker.org\/?cat=12"},"img":{"alt_text":"","src":"https:\/\/i0.wp.com\/www.freidenker.org\/fw17\/wp-content\/uploads\/2025\/11\/Paul_Ehrlich_Institut_800x450.jpg?fit=800%2C450&ssl=1&resize=350%2C200","width":350,"height":200,"srcset":"https:\/\/i0.wp.com\/www.freidenker.org\/fw17\/wp-content\/uploads\/2025\/11\/Paul_Ehrlich_Institut_800x450.jpg?fit=800%2C450&ssl=1&resize=350%2C200 1x, https:\/\/i0.wp.com\/www.freidenker.org\/fw17\/wp-content\/uploads\/2025\/11\/Paul_Ehrlich_Institut_800x450.jpg?fit=800%2C450&ssl=1&resize=525%2C300 1.5x, https:\/\/i0.wp.com\/www.freidenker.org\/fw17\/wp-content\/uploads\/2025\/11\/Paul_Ehrlich_Institut_800x450.jpg?fit=800%2C450&ssl=1&resize=700%2C400 2x"},"classes":[]}],"_links":{"self":[{"href":"https:\/\/www.freidenker.org\/index.php?rest_route=\/wp\/v2\/posts\/17919","targetHints":{"allow":["GET"]}}],"collection":[{"href":"https:\/\/www.freidenker.org\/index.php?rest_route=\/wp\/v2\/posts"}],"about":[{"href":"https:\/\/www.freidenker.org\/index.php?rest_route=\/wp\/v2\/types\/post"}],"author":[{"embeddable":true,"href":"https:\/\/www.freidenker.org\/index.php?rest_route=\/wp\/v2\/users\/3"}],"replies":[{"embeddable":true,"href":"https:\/\/www.freidenker.org\/index.php?rest_route=%2Fwp%2Fv2%2Fcomments&post=17919"}],"version-history":[{"count":0,"href":"https:\/\/www.freidenker.org\/index.php?rest_route=\/wp\/v2\/posts\/17919\/revisions"}],"wp:featuredmedia":[{"embeddable":true,"href":"https:\/\/www.freidenker.org\/index.php?rest_route=\/wp\/v2\/media\/17922"}],"wp:attachment":[{"href":"https:\/\/www.freidenker.org\/index.php?rest_route=%2Fwp%2Fv2%2Fmedia&parent=17919"}],"wp:term":[{"taxonomy":"category","embeddable":true,"href":"https:\/\/www.freidenker.org\/index.php?rest_route=%2Fwp%2Fv2%2Fcategories&post=17919"},{"taxonomy":"post_tag","embeddable":true,"href":"https:\/\/www.freidenker.org\/index.php?rest_route=%2Fwp%2Fv2%2Ftags&post=17919"}],"curies":[{"name":"wp","href":"https:\/\/api.w.org\/{rel}","templated":true}]}}