{"id":17813,"date":"2024-01-10T02:57:22","date_gmt":"2024-01-10T01:57:22","guid":{"rendered":"https:\/\/www.freidenker.org\/?p=17813"},"modified":"2024-01-20T13:45:20","modified_gmt":"2024-01-20T12:45:20","slug":"lieder-und-gespraeche-ueber-die-welt-den-krieg-die-demokratie","status":"publish","type":"post","link":"https:\/\/www.freidenker.org\/?p=17813","title":{"rendered":"Lieder und Gespr\u00e4che \u00fcber die Welt, den Krieg, die Demokratie"},"content":{"rendered":"<h4>Einladung<\/h4>\n<p>Schon Tradition am Sonntag nach der LL-Demo und dem Gang zu den Gr\u00e4bern von Karl und Rosa:<\/p>\n<h3>Lieder und Gespr\u00e4che \u00fcber die Welt, den Krieg, die Demokratie<\/h3>\n<p><img data-recalc-dims=\"1\" loading=\"lazy\" decoding=\"async\" data-attachment-id=\"17814\" data-permalink=\"https:\/\/www.freidenker.org\/?attachment_id=17814\" data-orig-file=\"https:\/\/i0.wp.com\/www.freidenker.org\/fw17\/wp-content\/uploads\/2024\/01\/berlin_2024-01-14_Dehm_Letz.jpg?fit=608%2C213&amp;ssl=1\" data-orig-size=\"608,213\" data-comments-opened=\"0\" data-image-meta=\"{&quot;aperture&quot;:&quot;0&quot;,&quot;credit&quot;:&quot;&quot;,&quot;camera&quot;:&quot;&quot;,&quot;caption&quot;:&quot;&quot;,&quot;created_timestamp&quot;:&quot;0&quot;,&quot;copyright&quot;:&quot;&quot;,&quot;focal_length&quot;:&quot;0&quot;,&quot;iso&quot;:&quot;0&quot;,&quot;shutter_speed&quot;:&quot;0&quot;,&quot;title&quot;:&quot;&quot;,&quot;orientation&quot;:&quot;1&quot;}\" data-image-title=\"berlin_2024-01-14_Dehm_Letz\" data-image-description=\"\" data-image-caption=\"\" data-large-file=\"https:\/\/i0.wp.com\/www.freidenker.org\/fw17\/wp-content\/uploads\/2024\/01\/berlin_2024-01-14_Dehm_Letz.jpg?fit=608%2C213&amp;ssl=1\" class=\"alignnone wp-image-17814 size-full\" src=\"https:\/\/i0.wp.com\/www.freidenker.org\/fw17\/wp-content\/uploads\/2024\/01\/berlin_2024-01-14_Dehm_Letz.jpg?resize=608%2C213&#038;ssl=1\" alt=\"\" width=\"608\" height=\"213\" srcset=\"https:\/\/i0.wp.com\/www.freidenker.org\/fw17\/wp-content\/uploads\/2024\/01\/berlin_2024-01-14_Dehm_Letz.jpg?w=608&amp;ssl=1 608w, https:\/\/i0.wp.com\/www.freidenker.org\/fw17\/wp-content\/uploads\/2024\/01\/berlin_2024-01-14_Dehm_Letz.jpg?resize=300%2C105&amp;ssl=1 300w\" sizes=\"auto, (max-width: 608px) 100vw, 608px\" \/><\/p>\n<p><strong>L\u00e4sterliche Ges\u00e4nge von Diether Dehm mit Michael Letz am Piano<\/strong><\/p>\n<p><img data-recalc-dims=\"1\" loading=\"lazy\" decoding=\"async\" data-attachment-id=\"17815\" data-permalink=\"https:\/\/www.freidenker.org\/?attachment_id=17815\" data-orig-file=\"https:\/\/i0.wp.com\/www.freidenker.org\/fw17\/wp-content\/uploads\/2024\/01\/berlin_2024-01-14_Hartmann_Pietsch_Rupp.jpg?fit=634%2C304&amp;ssl=1\" data-orig-size=\"634,304\" data-comments-opened=\"0\" data-image-meta=\"{&quot;aperture&quot;:&quot;0&quot;,&quot;credit&quot;:&quot;&quot;,&quot;camera&quot;:&quot;&quot;,&quot;caption&quot;:&quot;&quot;,&quot;created_timestamp&quot;:&quot;0&quot;,&quot;copyright&quot;:&quot;&quot;,&quot;focal_length&quot;:&quot;0&quot;,&quot;iso&quot;:&quot;0&quot;,&quot;shutter_speed&quot;:&quot;0&quot;,&quot;title&quot;:&quot;&quot;,&quot;orientation&quot;:&quot;1&quot;}\" data-image-title=\"berlin_2024-01-14_Hartmann_Pietsch_Rupp\" data-image-description=\"\" data-image-caption=\"\" data-large-file=\"https:\/\/i0.wp.com\/www.freidenker.org\/fw17\/wp-content\/uploads\/2024\/01\/berlin_2024-01-14_Hartmann_Pietsch_Rupp.jpg?fit=634%2C304&amp;ssl=1\" class=\"alignnone wp-image-17815 size-full\" src=\"https:\/\/i0.wp.com\/www.freidenker.org\/fw17\/wp-content\/uploads\/2024\/01\/berlin_2024-01-14_Hartmann_Pietsch_Rupp.jpg?resize=634%2C304&#038;ssl=1\" alt=\"\" width=\"634\" height=\"304\" srcset=\"https:\/\/i0.wp.com\/www.freidenker.org\/fw17\/wp-content\/uploads\/2024\/01\/berlin_2024-01-14_Hartmann_Pietsch_Rupp.jpg?w=634&amp;ssl=1 634w, https:\/\/i0.wp.com\/www.freidenker.org\/fw17\/wp-content\/uploads\/2024\/01\/berlin_2024-01-14_Hartmann_Pietsch_Rupp.jpg?resize=300%2C144&amp;ssl=1 300w\" sizes=\"auto, (max-width: 634px) 100vw, 634px\" \/><\/p>\n<p><strong>und im Gespr\u00e4ch mit Klaus Hartmann, Gina Pietsch und Rainer Rupp<\/strong><\/p>\n<p>&nbsp;<\/p>\n<p><strong>Sonntag, 14. Januar 2024<\/strong><\/p>\n<p>14 Uhr im Caf\u00e9 Sibylle<br \/>\n<strong><img data-recalc-dims=\"1\" loading=\"lazy\" decoding=\"async\" data-attachment-id=\"17816\" data-permalink=\"https:\/\/www.freidenker.org\/?attachment_id=17816\" data-orig-file=\"https:\/\/i0.wp.com\/www.freidenker.org\/fw17\/wp-content\/uploads\/2024\/01\/berlin_2024-01-14_CafeSybille.jpg?fit=158%2C81&amp;ssl=1\" data-orig-size=\"158,81\" data-comments-opened=\"0\" data-image-meta=\"{&quot;aperture&quot;:&quot;0&quot;,&quot;credit&quot;:&quot;&quot;,&quot;camera&quot;:&quot;&quot;,&quot;caption&quot;:&quot;&quot;,&quot;created_timestamp&quot;:&quot;0&quot;,&quot;copyright&quot;:&quot;&quot;,&quot;focal_length&quot;:&quot;0&quot;,&quot;iso&quot;:&quot;0&quot;,&quot;shutter_speed&quot;:&quot;0&quot;,&quot;title&quot;:&quot;&quot;,&quot;orientation&quot;:&quot;0&quot;}\" data-image-title=\"berlin_2024-01-14_CafeSybille\" data-image-description=\"\" data-image-caption=\"\" data-large-file=\"https:\/\/i0.wp.com\/www.freidenker.org\/fw17\/wp-content\/uploads\/2024\/01\/berlin_2024-01-14_CafeSybille.jpg?fit=158%2C81&amp;ssl=1\" class=\"alignnone size-thumbnail wp-image-17816\" src=\"https:\/\/i0.wp.com\/www.freidenker.org\/fw17\/wp-content\/uploads\/2024\/01\/berlin_2024-01-14_CafeSybille.jpg?resize=150%2C81&#038;ssl=1\" alt=\"\" width=\"150\" height=\"81\" \/><br \/>\n<\/strong><strong>Karl-Marx-Alle 72, 10243 Berlin<\/strong><\/p>\n<p>U-Bahn: U5<br \/>\nStationen Strausberger Platz oder Weberwiese<\/p>\n<hr \/>\n<p><strong>Download<\/strong><\/p>\n<p><img data-recalc-dims=\"1\" loading=\"lazy\" decoding=\"async\" data-attachment-id=\"1076\" data-permalink=\"https:\/\/www.freidenker.org\/?attachment_id=1076\" data-orig-file=\"https:\/\/i0.wp.com\/www.freidenker.org\/fw17\/wp-content\/uploads\/2017\/10\/pdf_icon-2.png?fit=32%2C32&amp;ssl=1\" data-orig-size=\"32,32\" data-comments-opened=\"0\" data-image-meta=\"{&quot;aperture&quot;:&quot;0&quot;,&quot;credit&quot;:&quot;&quot;,&quot;camera&quot;:&quot;&quot;,&quot;caption&quot;:&quot;&quot;,&quot;created_timestamp&quot;:&quot;0&quot;,&quot;copyright&quot;:&quot;&quot;,&quot;focal_length&quot;:&quot;0&quot;,&quot;iso&quot;:&quot;0&quot;,&quot;shutter_speed&quot;:&quot;0&quot;,&quot;title&quot;:&quot;&quot;,&quot;orientation&quot;:&quot;0&quot;}\" data-image-title=\"pdf_icon\" data-image-description=\"\" data-image-caption=\"\" data-large-file=\"https:\/\/i0.wp.com\/www.freidenker.org\/fw17\/wp-content\/uploads\/2017\/10\/pdf_icon-2.png?fit=32%2C32&amp;ssl=1\" class=\"alignnone size-full wp-image-1076\" src=\"https:\/\/i0.wp.com\/www.freidenker.org\/fw17\/wp-content\/uploads\/2017\/10\/pdf_icon-2.png?resize=32%2C32&#038;ssl=1\" alt=\"\" width=\"32\" height=\"32\" \/> <a href=\"https:\/\/www.freidenker.org\/fw17\/wp-content\/uploads\/2024\/01\/240114-Berlin_v01c_kh_A5_lieder.pdf\" target=\"_blank\" rel=\"noopener\">Flyer zur Veranstaltung<\/a> (PDF-Dokument, 235 KB))<\/p>\n","protected":false},"excerpt":{"rendered":"<p><b>Einladung<\/b><br \/>\nSchon Tradition am Sonntag nach der LL-Demo und dem Gang zu den Gr\u00e4bern von Karl und Rosa:<br \/>\n<b>Lieder und Gespr\u00e4che \u00fcber die Welt, den Krieg, die Demokratie<\/b><br \/>\nL\u00e4sterliche Ges\u00e4nge von Diether Dehm mit Michael Letz am Piano und im Gespr\u00e4ch mit Klaus Hartmann, Gina Pietsch und Rainer Rupp<br \/>\nSonntag, 14. Januar 2024, 14 Uhr im Caf\u00e9 Sibylle, Karl-Marx-Alle 72, 10243 Berlin<\/p>\n","protected":false},"author":3,"featured_media":17833,"comment_status":"closed","ping_status":"closed","sticky":false,"template":"","format":"standard","meta":{"colormag_page_container_layout":"default_layout","colormag_page_sidebar_layout":"default_layout","advanced_seo_description":"","jetpack_seo_html_title":"","jetpack_seo_noindex":false,"jetpack_post_was_ever_published":false,"footnotes":""},"categories":[913,20],"tags":[162,1296,188,407,939,124,1050],"class_list":["post-17813","post","type-post","status-publish","format-standard","has-post-thumbnail","hentry","category-kultur-kunst","category-zentrale-veranstaltungen","tag-demokratie","tag-diskussion","tag-krieg","tag-kunst","tag-musik","tag-politik","tag-veranstaltung"],"jetpack_featured_media_url":"https:\/\/i0.wp.com\/www.freidenker.org\/fw17\/wp-content\/uploads\/2024\/01\/Lieder-und-Gespraeche.jpg?fit=796%2C456&ssl=1","jetpack_shortlink":"https:\/\/wp.me\/p9stpK-4Dj","jetpack-related-posts":[{"id":20589,"url":"https:\/\/www.freidenker.org\/?p=20589","url_meta":{"origin":17813,"position":0},"title":"\u00dcber die Welt, den Weltkrieg, den Weltfrieden","author":"Webredaktion","date":"27. Dezember 2024","format":false,"excerpt":"Einladung Schon Tradition am Sonntag nach der LL-Demo und dem Gang zu den Gr\u00e4bern von Rosa und Karl: \u00dcber die Welt, den Weltkrieg, den Weltfrieden Gespr\u00e4che, Texte, Lieder mit Patrik Baab, Klaus Hartmann, Diether Dehm und Welislawa & Michael Letz Sonntag, 12. Januar 2025, 14 Uhr im Caf\u00e9 Sibylle, Karl-Marx-Alle\u2026","rel":"","context":"In &quot;Frieden - Antifaschismus - Solidarit\u00e4t&quot;","block_context":{"text":"Frieden - Antifaschismus - Solidarit\u00e4t","link":"https:\/\/www.freidenker.org\/?cat=13"},"img":{"alt_text":"","src":"https:\/\/i0.wp.com\/www.freidenker.org\/fw17\/wp-content\/uploads\/2024\/12\/Sibylle_2025_800x450.jpg?fit=800%2C450&ssl=1&resize=350%2C200","width":350,"height":200,"srcset":"https:\/\/i0.wp.com\/www.freidenker.org\/fw17\/wp-content\/uploads\/2024\/12\/Sibylle_2025_800x450.jpg?fit=800%2C450&ssl=1&resize=350%2C200 1x, https:\/\/i0.wp.com\/www.freidenker.org\/fw17\/wp-content\/uploads\/2024\/12\/Sibylle_2025_800x450.jpg?fit=800%2C450&ssl=1&resize=525%2C300 1.5x, https:\/\/i0.wp.com\/www.freidenker.org\/fw17\/wp-content\/uploads\/2024\/12\/Sibylle_2025_800x450.jpg?fit=800%2C450&ssl=1&resize=700%2C400 2x"},"classes":[]},{"id":17939,"url":"https:\/\/www.freidenker.org\/?p=17939","url_meta":{"origin":17813,"position":1},"title":"Galerie: Lieder und Gespr\u00e4che \u00fcber die Welt, den Krieg, die Demokratie","author":"Webredaktion","date":"22. Januar 2024","format":false,"excerpt":"Bericht der Webredaktion Nach der Demonstration und dem Gang zu den Gr\u00e4bern von Rosa und Karl war es in den vergangenen Jahren Tradition, zu einer kulturellen und Diskussionsveranstaltung der Freidenker einzuladen, die meist von Dr. Seltsam (z.B. im Brauhaus S\u00fcdstern) mit dem Musiker Detlev K. und Klaus Hartmann \"im Kreuzverh\u00f6r\"\u2026","rel":"","context":"In &quot;Kultur &amp; Kunst&quot;","block_context":{"text":"Kultur &amp; Kunst","link":"https:\/\/www.freidenker.org\/?cat=913"},"img":{"alt_text":"","src":"https:\/\/i0.wp.com\/www.freidenker.org\/fw17\/wp-content\/uploads\/2024\/01\/cafe_sybille_2024_800x450.jpg?fit=800%2C450&ssl=1&resize=350%2C200","width":350,"height":200,"srcset":"https:\/\/i0.wp.com\/www.freidenker.org\/fw17\/wp-content\/uploads\/2024\/01\/cafe_sybille_2024_800x450.jpg?fit=800%2C450&ssl=1&resize=350%2C200 1x, https:\/\/i0.wp.com\/www.freidenker.org\/fw17\/wp-content\/uploads\/2024\/01\/cafe_sybille_2024_800x450.jpg?fit=800%2C450&ssl=1&resize=525%2C300 1.5x, https:\/\/i0.wp.com\/www.freidenker.org\/fw17\/wp-content\/uploads\/2024\/01\/cafe_sybille_2024_800x450.jpg?fit=800%2C450&ssl=1&resize=700%2C400 2x"},"classes":[]},{"id":20811,"url":"https:\/\/www.freidenker.org\/?p=20811","url_meta":{"origin":17813,"position":2},"title":"Video: \u00dcber die Welt, den Weltkrieg, den Weltfrieden","author":"Webredaktion","date":"22. Januar 2025","format":false,"excerpt":"Gespr\u00e4che, Texte, Lieder im Caf\u00e9 Sibylle am Sonntagnachmittag des 12.01.2025 im Anschluss an die Ehrung von Karl Liebknecht und Rosa Luxemburg. Podiumsgespr\u00e4ch der Freidenker mit dem Journalisten Patrick Baab, Klaus Hartmann und Kulturbeitr\u00e4gen von Diether Dehm, Michael Letz und Welislawa Letz Heute tritt in den Vereinigten Staaten von Amerika ein\u2026","rel":"","context":"In &quot;Frieden - Antifaschismus - Solidarit\u00e4t&quot;","block_context":{"text":"Frieden - Antifaschismus - Solidarit\u00e4t","link":"https:\/\/www.freidenker.org\/?cat=13"},"img":{"alt_text":"","src":"https:\/\/i0.wp.com\/www.freidenker.org\/fw17\/wp-content\/uploads\/2025\/01\/sibylle_2025-01_800x450t.jpg?fit=800%2C450&ssl=1&resize=350%2C200","width":350,"height":200,"srcset":"https:\/\/i0.wp.com\/www.freidenker.org\/fw17\/wp-content\/uploads\/2025\/01\/sibylle_2025-01_800x450t.jpg?fit=800%2C450&ssl=1&resize=350%2C200 1x, https:\/\/i0.wp.com\/www.freidenker.org\/fw17\/wp-content\/uploads\/2025\/01\/sibylle_2025-01_800x450t.jpg?fit=800%2C450&ssl=1&resize=525%2C300 1.5x, https:\/\/i0.wp.com\/www.freidenker.org\/fw17\/wp-content\/uploads\/2025\/01\/sibylle_2025-01_800x450t.jpg?fit=800%2C450&ssl=1&resize=700%2C400 2x"},"classes":[]},{"id":18474,"url":"https:\/\/www.freidenker.org\/?p=18474","url_meta":{"origin":17813,"position":3},"title":"Diether Dehm: Vortrag und Diskussion &#8222;Soziale Bewegungen&#8220; \/ Lieder und Texte &#8222;Kultur im Widerstand&#8220;","author":"Webredaktion","date":"5. M\u00e4rz 2024","format":false,"excerpt":"Zwei Veranstaltungen am 16.03.2024 in Magdeburg 10:00 Uhr: Referat und Diskussion: Soziale Bewegungen \u2013 Zersetzung, Spaltung, Desorientierung und Auswege \/ Einleitungsreferat: Dr. Diether Dehm 18:00 Uhr: Kultur im Widerstand - Lieder und Texte \/ Ges\u00e4nge von Diether Dehm mit Michael Letz am Piano Demonstrationen gegen das Heizungsgesetz und Proteste der\u2026","rel":"","context":"In &quot;Demokratie \u2013 Medien \u2013 Aufkl\u00e4rung&quot;","block_context":{"text":"Demokratie \u2013 Medien \u2013 Aufkl\u00e4rung","link":"https:\/\/www.freidenker.org\/?cat=12"},"img":{"alt_text":"","src":"https:\/\/i0.wp.com\/www.freidenker.org\/fw17\/wp-content\/uploads\/2024\/03\/diether-dehm_800x450.jpg?fit=800%2C450&ssl=1&resize=350%2C200","width":350,"height":200,"srcset":"https:\/\/i0.wp.com\/www.freidenker.org\/fw17\/wp-content\/uploads\/2024\/03\/diether-dehm_800x450.jpg?fit=800%2C450&ssl=1&resize=350%2C200 1x, https:\/\/i0.wp.com\/www.freidenker.org\/fw17\/wp-content\/uploads\/2024\/03\/diether-dehm_800x450.jpg?fit=800%2C450&ssl=1&resize=525%2C300 1.5x, https:\/\/i0.wp.com\/www.freidenker.org\/fw17\/wp-content\/uploads\/2024\/03\/diether-dehm_800x450.jpg?fit=800%2C450&ssl=1&resize=700%2C400 2x"},"classes":[]},{"id":20722,"url":"https:\/\/www.freidenker.org\/?p=20722","url_meta":{"origin":17813,"position":4},"title":"Galerie: Liebknecht-Luxemburg-Wochenende 2025","author":"Webredaktion","date":"17. Januar 2025","format":false,"excerpt":"Beitrag der Webredaktion Allj\u00e4hrlich am zweiten Januar-Wochenende finden traditionsgem\u00e4\u00df die Rosa-Luxemburg-Konferenz und die Liebknecht-Luxemburg-Demonstration in Berlin statt. Da sich zu diesem Anlass viele Mitglieder des Deutschen Freidenker-Verbandes ohnehin in Berlin aufhalten, nutzen wir die Gelegenheit zu weiteren Veranstaltungen in der Hauptstadt: Sitzung des Gesch\u00e4ftsf\u00fchrenden Verbandsvorstandes und Treffen des Beirates des\u2026","rel":"","context":"In &quot;Frieden - Antifaschismus - Solidarit\u00e4t&quot;","block_context":{"text":"Frieden - Antifaschismus - Solidarit\u00e4t","link":"https:\/\/www.freidenker.org\/?cat=13"},"img":{"alt_text":"","src":"https:\/\/i0.wp.com\/www.freidenker.org\/fw17\/wp-content\/uploads\/2025\/01\/RLK_LLD_2025_800x450.jpg?fit=800%2C450&ssl=1&resize=350%2C200","width":350,"height":200,"srcset":"https:\/\/i0.wp.com\/www.freidenker.org\/fw17\/wp-content\/uploads\/2025\/01\/RLK_LLD_2025_800x450.jpg?fit=800%2C450&ssl=1&resize=350%2C200 1x, https:\/\/i0.wp.com\/www.freidenker.org\/fw17\/wp-content\/uploads\/2025\/01\/RLK_LLD_2025_800x450.jpg?fit=800%2C450&ssl=1&resize=525%2C300 1.5x, https:\/\/i0.wp.com\/www.freidenker.org\/fw17\/wp-content\/uploads\/2025\/01\/RLK_LLD_2025_800x450.jpg?fit=800%2C450&ssl=1&resize=700%2C400 2x"},"classes":[]},{"id":23190,"url":"https:\/\/www.freidenker.org\/?p=23190","url_meta":{"origin":17813,"position":5},"title":"Weil ich mich nicht Gesetzen beugte","author":"Webredaktion","date":"15. Oktober 2025","format":false,"excerpt":"Zum 100. Geburtstag von Mikis Theodorakis \u00dcber ein Leben in Liedern - von Gina Pietsch mit Fabio Costa (Piano) Sonntag, 30. November 2025, 19.00 Uhr, TIP - Theater im P\u00e4dagog, P\u00e4dagogstr. 5, Darmstadt, Eintritt: 12 Euro, erm\u00e4\u00dfigt 8 Euro Seine Lieder gingen um die Welt als Volkslieder. Sein \u201eZorbas\u201d, den\u2026","rel":"","context":"In &quot;Kultur &amp; Kunst&quot;","block_context":{"text":"Kultur &amp; Kunst","link":"https:\/\/www.freidenker.org\/?cat=913"},"img":{"alt_text":"","src":"https:\/\/i0.wp.com\/www.freidenker.org\/fw17\/wp-content\/uploads\/2025\/10\/theodorakis_pietsch_costa_800x450_v2.jpg?fit=800%2C450&ssl=1&resize=350%2C200","width":350,"height":200,"srcset":"https:\/\/i0.wp.com\/www.freidenker.org\/fw17\/wp-content\/uploads\/2025\/10\/theodorakis_pietsch_costa_800x450_v2.jpg?fit=800%2C450&ssl=1&resize=350%2C200 1x, https:\/\/i0.wp.com\/www.freidenker.org\/fw17\/wp-content\/uploads\/2025\/10\/theodorakis_pietsch_costa_800x450_v2.jpg?fit=800%2C450&ssl=1&resize=525%2C300 1.5x, https:\/\/i0.wp.com\/www.freidenker.org\/fw17\/wp-content\/uploads\/2025\/10\/theodorakis_pietsch_costa_800x450_v2.jpg?fit=800%2C450&ssl=1&resize=700%2C400 2x"},"classes":[]}],"_links":{"self":[{"href":"https:\/\/www.freidenker.org\/index.php?rest_route=\/wp\/v2\/posts\/17813","targetHints":{"allow":["GET"]}}],"collection":[{"href":"https:\/\/www.freidenker.org\/index.php?rest_route=\/wp\/v2\/posts"}],"about":[{"href":"https:\/\/www.freidenker.org\/index.php?rest_route=\/wp\/v2\/types\/post"}],"author":[{"embeddable":true,"href":"https:\/\/www.freidenker.org\/index.php?rest_route=\/wp\/v2\/users\/3"}],"replies":[{"embeddable":true,"href":"https:\/\/www.freidenker.org\/index.php?rest_route=%2Fwp%2Fv2%2Fcomments&post=17813"}],"version-history":[{"count":0,"href":"https:\/\/www.freidenker.org\/index.php?rest_route=\/wp\/v2\/posts\/17813\/revisions"}],"wp:featuredmedia":[{"embeddable":true,"href":"https:\/\/www.freidenker.org\/index.php?rest_route=\/wp\/v2\/media\/17833"}],"wp:attachment":[{"href":"https:\/\/www.freidenker.org\/index.php?rest_route=%2Fwp%2Fv2%2Fmedia&parent=17813"}],"wp:term":[{"taxonomy":"category","embeddable":true,"href":"https:\/\/www.freidenker.org\/index.php?rest_route=%2Fwp%2Fv2%2Fcategories&post=17813"},{"taxonomy":"post_tag","embeddable":true,"href":"https:\/\/www.freidenker.org\/index.php?rest_route=%2Fwp%2Fv2%2Ftags&post=17813"}],"curies":[{"name":"wp","href":"https:\/\/api.w.org\/{rel}","templated":true}]}}