{"id":17775,"date":"2024-01-07T21:13:40","date_gmt":"2024-01-07T20:13:40","guid":{"rendered":"https:\/\/www.freidenker.org\/?p=17775"},"modified":"2024-02-13T20:37:49","modified_gmt":"2024-02-13T19:37:49","slug":"muentefering-nationalismus-ist-wenn-man-sich-um-das-eigene-land-kuemmert","status":"publish","type":"post","link":"https:\/\/www.freidenker.org\/?p=17775","title":{"rendered":"M\u00fcntefering: Nationalismus ist, wenn man sich um das eigene Land k\u00fcmmert"},"content":{"rendered":"<p><strong>Franz M\u00fcntefering, ehemaliger Schr\u00f6der-Minister, hat sich in einem Interview besorgt \u00fcber deutschen Nationalismus ge\u00e4u\u00dfert. Und ganz nebenbei hat er ausgeplaudert, worin er und seinesgleichen Nationalismus sehen. Eine \u00fcberraschende Definition. <\/strong><\/p>\n<p><em>Von <strong>Dagmar Henn<\/strong><\/em><\/p>\n<p><span style=\"font-size: 10pt;\">Erstver\u00f6ffentlichung am 29.12.2023 auf <a href=\"https:\/\/pressefreiheit.rtde.life\/meinung\/191070-muentefering-nationalismus-ist-wenn-man\/\" target=\"_blank\" rel=\"noopener\">RT DE<\/a><\/span><\/p>\n<p>Erinnert sich noch jemand an Franz M\u00fcntefering, Generalsekret\u00e4r der SPD unter Gerhard Schr\u00f6der? Jener M\u00fcntefering, der unter der Regierung Kohl st\u00e4ndig von den sozialen Problemen sprach, um dann an der Regierung Hartz IV durchsetzen zu helfen? Eigentlich eine Gestalt der Vergangenheit; nun hat aber die <em>S\u00fcddeutsche<\/em> den 82-J\u00e4hrigen <a href=\"https:\/\/www.sueddeutsche.de\/projekte\/artikel\/politik\/franz-muentefering-spd-rentner-senioren-interview-e349015\/\">interviewt<\/a>, und aus zwei Halbs\u00e4tzen von ihm generiert die halbe deutsche Presselandschaft Schlagzeilen wie &#8222;Rentner in akuter AfD-Gefahr?&#8220; (<em>FR<\/em>) oder &#8222;Ex-SPD-Chef M\u00fcntefering warnt vor AfD-Potential unter Rentnern&#8220;.<\/p>\n<p>Das ist f\u00fcr sich schon bezeichnend. Denn gesagt hatte er nur das Folgende:<\/p>\n<blockquote><p><em>&#8222;Die \u00c4lteren werden erheblich mit dar\u00fcber entscheiden, wie stark die AfD wird. Die AfD spricht auch Rentner bereits gezielt an.&#8220;<\/em><\/p><\/blockquote>\n<p>Nun, das ist weder \u00fcberraschend noch eine v\u00f6llig neue Idee. Im Gegenteil, die CDU hatte jahrzehntelang darauf gesetzt, die Rentner zu halten (man denke nur an Norbert Bl\u00fcm mit seinem &#8222;Die Rente ist sicher&#8220;). Es ist nur bedeutend schwieriger geworden, diese Karte zu ziehen, seit die deutschen Renten an das untere Ende der europ\u00e4ischen Skala gek\u00fcrzt wurden, was das Verh\u00e4ltnis zwischen Arbeitseinkommen und Rente betrifft.<\/p>\n<p>Davor l\u00e4sst sich M\u00fcntefering \u00fcber allerlei Probleme aus, die seine Generation so plagen, vor allem Vereinsamung, aber umgeht sorgf\u00e4ltig das Wort &#8222;Armut&#8220;. Wobei nat\u00fcrlich ein Mann, der eine Ministerpension bezieht, keine wirkliche Erfahrung damit hat. Zugegeben, das ist auch nicht das Hauptthema der AfD, aber \u00fcber einen Umweg wird klar, dass dennoch seine Bef\u00fcrchtungen, die AfD betreffend, und sein Verschweigen des Problems &#8222;Altersarmut&#8220; etwas miteinander zu tun haben.<\/p>\n<blockquote><p><em>&#8222;Ich mache mir gro\u00dfe Sorgen \u00fcber den Erfolg der AfD, \u00fcber deren Nationalismus. Es ist die alte Seuche.&#8220;<\/em><\/p><\/blockquote>\n<p>Eigenartigerweise sind auch f\u00fcr ihn Dinge, wie Russland ruinieren zu wollen, kein Nationalismus. Obwohl er sich dann auf seinen Vater beruft und dessen S\u00e4tze eine friedliebende Richtung vorgeben:<\/p>\n<blockquote><p><em>&#8222;Als ich 13 Jahre alt war, hat mir mein Vater, der kein Nazi war, sondern Zentrum gew\u00e4hlt hat, gesagt, du musst auf zwei Sachen achten. Erstens: Geh&#8216; niemals in eine Partei. Und zweitens: nie wieder deutsche Stiefel im Ausland.&#8220;<\/em><\/p><\/blockquote>\n<p>Auch wenn er hier vermutlich die Aussage seines Vaters verf\u00e4lscht, weil eigentlich nach dem letzten Weltkrieg auch im Westen die Mehrheit der Deutschen keine deutschen Stiefel mehr wollte, auch nicht im Inland, ist diese Maxime nicht schlecht. Aber nun kommt eine auff\u00e4llige Drehung, und es ist die Art und Weise, wie M\u00fcntefering diese Aussage verdreht und was er ihr entgegenstellt, die sein Interview \u00fcberhaupt relevant machen. Diagnostisch, gewisserma\u00dfen.<\/p>\n<blockquote><p><em>&#8222;Das fand ich sehr sympathisch, bis ich merkte, was das eigentlich bedeutet, wenn zum Beispiel in Afrika Hunderttausende unterdr\u00fcckt werden und hungern und die Welt es geschehen l\u00e4sst. Mein Vater sagte: Das ist ganz f\u00fcrchterlich auf dieser Welt, dass so etwas passieren kann, dass der Herrgott das zul\u00e4sst. Aber helfen k\u00f6nnen wir nicht. Mir wurde erst sp\u00e4ter klar: Das war der blanke Nationalismus. Man sorgte f\u00fcr sich selbst, f\u00fcr unser Land, alles f\u00fcr unser Land. F\u00fcr alles andere war man nicht zust\u00e4ndig. So wie das heute ein Donald Trump vorlebt.&#8220;<\/em><\/p><\/blockquote>\n<p>Noch einmal langsam. Das ist seine Definition von Nationalismus: &#8222;Man sorgte f\u00fcr sich selbst, f\u00fcr unser Land, alles f\u00fcr unser Land. F\u00fcr alles andere war man nicht zust\u00e4ndig.&#8220;<\/p>\n<p>Wirklich? Das hat mit Nationalismus nichts zu tun. Im Gegenteil. Es gibt zwei sehr gewichtige Gr\u00fcnde, warum das die einzig legitime Position f\u00fcr einen gew\u00e4hlten Politiker ist.<\/p>\n<p>Zum einen: Wenn man die Idee der Demokratie ernst nimmt, bedeutet sie, dass auch jene, die nur als W\u00e4hler in Erscheinung treten, die M\u00f6glichkeit haben, informierte Entscheidungen zu treffen, und, das wird in Deutschland sehr gerne unterschlagen, zu \u00fcberpr\u00fcfen, ob das Ergebnis tats\u00e4chlich ihren W\u00fcnschen entspricht. Klar, es gibt genug Studien, die belegen, dass die W\u00fcnsche und Bed\u00fcrfnisse der Durchschnittsbev\u00f6lkerung im politischen System des Westens ohnehin auf der Strecke bleiben. Aber die M\u00f6glichkeit wirklich demokratischer Entscheidungen ist, ganz unabh\u00e4ngig von der Frage der Oligarchie, in jedem Fall auf den unteren politischen Ebenen, in der N\u00e4he des eigenen Alltagslebens, st\u00e4rker. Und jeder Versuch, Entscheidungen weiter nach &#8222;oben&#8220;, wom\u00f6glich in supranationale Strukturen wie die EU, zu verlagern, hat zwangsl\u00e4ufig einen Verlust an Demokratie zur Folge.<\/p>\n<p>Gew\u00e4hlte Politiker handeln im Auftrag. Nicht ihrer Spender, sondern ihrer W\u00e4hler. F\u00fcr deren Wohl sollen sie sich einsetzen, so zumindest die Theorie. Es gibt keinen Auftrag, sich f\u00fcr Dritte irgendwo auf dem Planeten einzusetzen. Noch weniger haben die W\u00e4hler, die einen Auftrag erteilt haben, die M\u00f6glichkeit, eine informierte Entscheidung \u00fcber Dinge zu treffen, die am anderen Ende der Welt stattfinden. M\u00fcntefering vermengt, und genau so tun das seine heutigen Kollegen, moralische Postulate mit der Frage politischer Legitimation. Um es kurz zusammenzufassen: Eine Politik, die nicht f\u00fcr ihre W\u00e4hler und f\u00fcr ihr Land sorgt, hat keine Legitimation und kann sie gar nicht haben. Zumindest keine demokratische.<\/p>\n<p>Es gibt aber noch einen zweiten Grund. Die Grunds\u00e4tze der Vereinten Nationen, des V\u00f6lkerrechts, gebieten, die politischen Entscheidungen anderer V\u00f6lker zu respektieren. M\u00fcntefering greift zu einem Taschenspielertrick, indem er sagt: &#8222;wenn in Afrika Hunderttausende unterdr\u00fcckt werden&#8220;. Wobei die Verkn\u00fcpfung dessen mit den deutschen Stiefeln schon eine besondere Perversion ist, denn Unterdr\u00fcckung in Afrika, sei sie politisch oder \u00f6konomisch, war noch nie die Folge zu weniger, sondern immer die zu vieler europ\u00e4ischer Stiefel. Und Banken. Und Konzerne. Und Weltbankkredite mit m\u00f6rderischen Auflagen. Und\u2026<\/p>\n<p>In Wirklichkeit w\u00e4ren gro\u00dfe Teile der Welt \u00fcber nichts gl\u00fccklicher, als wenn der Westen sie endlich vollkommen in Ruhe lie\u00dfe. Mit Stiefeln, Banken und Moralpredigten. Man kann auch nachweisen, dass weitaus mehr Geld aus diesen L\u00e4ndern abflie\u00dft, als je als &#8222;Hilfe&#8220; dorthin geleistet wird. Sollte pl\u00f6tzlich eine gigantische Wand aus der Erde springen und Europa und die Vereinigten Staaten vom Rest der Welt abschneiden und sie zwingen, sich nur noch mit sich selbst zu besch\u00e4ftigen, w\u00e4re das ein (fast) weltweiter Festtag.<\/p>\n<p>Im Gegensatz dazu ist die von ihm als Nationalismus beschriebene Haltung f\u00fcr den Rest der Welt ungef\u00e4hrlich, au\u00dfer, man geht zwanghaft davon aus, dass f\u00fcr sich selbst, f\u00fcr das eigene Land sorgen nur dann m\u00f6glich ist, wenn man andere beraubt. Dem ist aber nicht so.<\/p>\n<p>Fr\u00fcher kannte man zwei Begriffe, Nationalismus und Patriotismus. Ersteres beinhalte, sich selbst f\u00fcr besser denn andere zu halten, was meist mit einschlie\u00dft, dann deren Besitz, deren Ressourcen f\u00fcr sich zu beanspruchen, weil man schlie\u00dflich der besseren Art Mensch angeh\u00f6rt. Das, was M\u00fcntefering zum Nationalismus erkl\u00e4rt, ist Patriotismus, der eben nicht beansprucht, \u00fcber anderen zu stehen.<\/p>\n<p>Wenn man die Politik der anderen deutschen Republik betrachtet, die M\u00fcntefering schlie\u00dflich auch noch (von au\u00dfen) erlebt hat, ging es dieser um das Wohl des eigenen Landes. Dass die Menschen zu essen haben, ein Dach \u00fcber dem Kopf, eine Arbeit, eine Ausbildung, eine Zukunft. Ohne andernorts Rohstoffe zu rauben, oder gar Menschen.<\/p>\n<p>Was M\u00fcntefering also tut, ist, eine koloniale Politik, die mit &#8222;deutschen Stiefeln im Ausland&#8220;, als wertvoller, besser zu bezeichnen als eine verantwortliche Politik im Interesse der Deutschen (wobei es hier nicht die Frage ist, wie eng oder weit man die Deutschen definiert; die Interessen der Gesamtheit der in Deutschland lebenden Menschen ist ebenso egal wie die der mit deutschem Pass geborenen). Letztere ist f\u00fcr ihn &#8222;nationalistisch&#8220;.<\/p>\n<p>&#8222;Daher war f\u00fcr meine Generation das europ\u00e4ische Projekt so ein Aufbruch. F\u00fcr mich ist es bis heute wichtiger, Europ\u00e4er zu sein als Deutscher.&#8220;<\/p>\n<p>Wenn denn wenigstens diese Ausweitung auf Europa die Konsequenz h\u00e4tte, dann f\u00fcr das Wohl aller Menschen in Europa zu arbeiten. Dass sie Wohnungen haben, Ausbildung, Zukunft\u2026 aber der wahre Kern ist eben, genau diese Verantwortung f\u00fcr das Wohl der Menschen zu \u00fcbergehen, sich ihrer zu entledigen. Weil die hungernden Kinder in \u00c4thiopien unbedingt deutsche Stiefel brauchen.<\/p>\n<p>Aber sch\u00f6n, dass M\u00fcntefering das so verst\u00e4ndlich gesagt hat. Auch wenn zu f\u00fcrchten ist, dass die AfD eben gerade nicht &#8222;nationalistisch&#8220; nach der M\u00fcnteferingschen Definition ist (immerhin ist sie weder gegen die EU noch gegen die NATO) \u2013 das, was er wirklich sagen will, ist, dass er f\u00fcrchtet, die \u00c4lteren in Deutschland (und nicht nur diese) k\u00f6nnten der Stiefelei \u00fcberdr\u00fcssig werden und fordern, man m\u00fcsse sich um das eigene Land k\u00fcmmern. Und hat es nicht etwas Hoffnungsvolles, wenn er sich diese Sorgen macht?<\/p>\n<p style=\"text-align: right;\"><em>Dagmar Henn ist Mitglied des Deutschen Freidenker-Verbandes<\/em><\/p>\n<hr \/>\n<p><span style=\"font-size: 10pt;\">Bild oben: Franz M\u00fcntefering auf der Frankfurter Buchmesse 2028<\/span><br \/>\n<span style=\"font-size: 10pt;\">Foto: Ptolusque, Wikimedia Commons, <a href=\"https:\/\/creativecommons.org\/licenses\/by-sa\/4.0\" target=\"_blank\" rel=\"noopener\">CC BY-SA 4.0<\/a><\/span><br \/>\n<span style=\"font-size: 10pt;\">Quelle: <a href=\"https:\/\/commons.wikimedia.org\/w\/index.php?curid=79558366\" target=\"_blank\" rel=\"noopener\">https:\/\/commons.wikimedia.org\/w\/index.php?curid=79558366<\/a><\/span><\/p>\n","protected":false},"excerpt":{"rendered":"<p><b>Beitrag von Dagmar Henn<\/b><br \/>\nErinnert sich noch jemand an Franz M\u00fcntefering, Generalsekret\u00e4r der SPD unter Gerhard Schr\u00f6der? Jener M\u00fcntefering, der unter der Regierung Kohl st\u00e4ndig von den sozialen Problemen sprach, um dann an der Regierung Hartz IV durchsetzen zu helfen? Eigentlich eine Gestalt der Vergangenheit; nun hat aber die S\u00fcddeutsche den 82-J\u00e4hrigen interviewt, und aus zwei Halbs\u00e4tzen von ihm generiert die halbe deutsche Presselandschaft Schlagzeilen wie &#8222;Rentner in akuter AfD-Gefahr?&#8220; (FR) oder &#8222;Ex-SPD-Chef M\u00fcntefering warnt vor AfD-Potential unter Rentnern&#8220;. Das ist f\u00fcr sich schon bezeichnend. Denn gesagt hatte er nur das Folgende: <i>&#8222;Die \u00c4lteren werden erheblich mit dar\u00fcber entscheiden, wie stark die AfD wird. Die AfD spricht auch Rentner bereits gezielt an.&#8220;<\/i><\/p>\n","protected":false},"author":3,"featured_media":17781,"comment_status":"closed","ping_status":"closed","sticky":false,"template":"","format":"standard","meta":{"colormag_page_container_layout":"default_layout","colormag_page_sidebar_layout":"default_layout","advanced_seo_description":"","jetpack_seo_html_title":"","jetpack_seo_noindex":false,"jetpack_post_was_ever_published":false,"footnotes":""},"categories":[11],"tags":[1031,1261,1032,162,2063,482,483,1444,1714,815],"class_list":["post-17775","post","type-post","status-publish","format-standard","has-post-thumbnail","hentry","category-arbeit-soziales","tag-afd","tag-armut","tag-bundesregierung","tag-demokratie","tag-gerhard-schroeder","tag-nationalismus","tag-patriotismus","tag-rentenkassen","tag-rentenreform","tag-spd"],"jetpack_featured_media_url":"https:\/\/i0.wp.com\/www.freidenker.org\/fw17\/wp-content\/uploads\/2024\/01\/Franz_Muentefering_at_Frankfurt_Book_Fair_2018_800x450.jpg?fit=800%2C450&ssl=1","jetpack_shortlink":"https:\/\/wp.me\/p9stpK-4CH","jetpack-related-posts":[{"id":19828,"url":"https:\/\/www.freidenker.org\/?p=19828","url_meta":{"origin":17775,"position":0},"title":"Landeswahlen im weltpolitischen Kontext?","author":"Webredaktion","date":"11. September 2024","format":false,"excerpt":"Standpunkt von Wolfgang Effenberger Die Wahlen in Th\u00fcringen und Sachsen waren auf den 1. September 2024 festgelegt worden \u2013 genau 85 Jahre nach dem Beginn des Zweiten Weltkriegs. Diesen geschichtlichen Zusammenhang nahm am Wahlabend die erfahrene ZDF-Chefredakteurin Bettina Schausten zum Anlass, einen historischen Bogen vom \u00dcberfall auf Polen \u00fcber die\u2026","rel":"","context":"In &quot;Demokratie \u2013 Medien \u2013 Aufkl\u00e4rung&quot;","block_context":{"text":"Demokratie \u2013 Medien \u2013 Aufkl\u00e4rung","link":"https:\/\/www.freidenker.org\/?cat=12"},"img":{"alt_text":"","src":"https:\/\/i0.wp.com\/www.freidenker.org\/fw17\/wp-content\/uploads\/2024\/09\/wahl2024thueringen_800x450.jpg?fit=800%2C450&ssl=1&resize=350%2C200","width":350,"height":200,"srcset":"https:\/\/i0.wp.com\/www.freidenker.org\/fw17\/wp-content\/uploads\/2024\/09\/wahl2024thueringen_800x450.jpg?fit=800%2C450&ssl=1&resize=350%2C200 1x, https:\/\/i0.wp.com\/www.freidenker.org\/fw17\/wp-content\/uploads\/2024\/09\/wahl2024thueringen_800x450.jpg?fit=800%2C450&ssl=1&resize=525%2C300 1.5x, https:\/\/i0.wp.com\/www.freidenker.org\/fw17\/wp-content\/uploads\/2024\/09\/wahl2024thueringen_800x450.jpg?fit=800%2C450&ssl=1&resize=700%2C400 2x"},"classes":[]},{"id":23773,"url":"https:\/\/www.freidenker.org\/?p=23773","url_meta":{"origin":17775,"position":1},"title":"Die deutschen Wurzeln des Zionismus","author":"Webredaktion","date":"9. Dezember 2025","format":false,"excerpt":"Wie der Zionismus aus dem Vorbild des deutsch-v\u00f6lkischen Nationalismus entstand und die Pal\u00e4stinenser dabei auf der Strecke blieben Rezension von Arn Strohmeyer Der Palmyra-Verlag in Heidelberg hat sehr interessante Texte des Nahost-Experten Clemens Messerschmid als Buch herausgegeben. Clemens Messerschmid war eine Ausnahmeerscheinung in der Pal\u00e4stina-Szene: ein hoch qualifizierter Experte, der\u2026","rel":"","context":"In &quot;Demokratie \u2013 Medien \u2013 Aufkl\u00e4rung&quot;","block_context":{"text":"Demokratie \u2013 Medien \u2013 Aufkl\u00e4rung","link":"https:\/\/www.freidenker.org\/?cat=12"},"img":{"alt_text":"","src":"https:\/\/i0.wp.com\/www.freidenker.org\/fw17\/wp-content\/uploads\/2025\/12\/Messerschmid_Wurzeln_des_Zionismus_coll_800x450.jpg?fit=800%2C450&ssl=1&resize=350%2C200","width":350,"height":200,"srcset":"https:\/\/i0.wp.com\/www.freidenker.org\/fw17\/wp-content\/uploads\/2025\/12\/Messerschmid_Wurzeln_des_Zionismus_coll_800x450.jpg?fit=800%2C450&ssl=1&resize=350%2C200 1x, https:\/\/i0.wp.com\/www.freidenker.org\/fw17\/wp-content\/uploads\/2025\/12\/Messerschmid_Wurzeln_des_Zionismus_coll_800x450.jpg?fit=800%2C450&ssl=1&resize=525%2C300 1.5x, https:\/\/i0.wp.com\/www.freidenker.org\/fw17\/wp-content\/uploads\/2025\/12\/Messerschmid_Wurzeln_des_Zionismus_coll_800x450.jpg?fit=800%2C450&ssl=1&resize=700%2C400 2x"},"classes":[]},{"id":11176,"url":"https:\/\/www.freidenker.org\/?p=11176","url_meta":{"origin":17775,"position":2},"title":"Annalena und die verdr\u00e4ngte Wahrheit \u00fcber Rot-Gr\u00fcn","author":"Webredaktion","date":"5. September 2021","format":false,"excerpt":"Beitrag von Dagmar Henn Sich \u00fcber die Kanzlerkandidatin der Gr\u00fcnen Annalena Baerbock lustig zu machen, erfordert nicht viel M\u00fche. Schlie\u00dflich reichen Aufnahmen ihrer zahlreichen Versprecher oder Lebensl\u00e4ufe. Manchmal allerdings sagt sie Dinge, die nicht schlicht mit einem \u00fcberforderten Verstand erkl\u00e4rt werden k\u00f6nnen. Wie jetzt wieder. Baerbock redet \u00fcber den Pflegenotstand\u2026","rel":"","context":"In &quot;Arbeit &amp; Soziales&quot;","block_context":{"text":"Arbeit &amp; Soziales","link":"https:\/\/www.freidenker.org\/?cat=11"},"img":{"alt_text":"","src":"https:\/\/i0.wp.com\/www.freidenker.org\/fw17\/wp-content\/uploads\/2021\/09\/baerbock_jeck_auf_gruen_92bd0b6b02_c_800x450.jpg?fit=799%2C450&ssl=1&resize=350%2C200","width":350,"height":200,"srcset":"https:\/\/i0.wp.com\/www.freidenker.org\/fw17\/wp-content\/uploads\/2021\/09\/baerbock_jeck_auf_gruen_92bd0b6b02_c_800x450.jpg?fit=799%2C450&ssl=1&resize=350%2C200 1x, https:\/\/i0.wp.com\/www.freidenker.org\/fw17\/wp-content\/uploads\/2021\/09\/baerbock_jeck_auf_gruen_92bd0b6b02_c_800x450.jpg?fit=799%2C450&ssl=1&resize=525%2C300 1.5x, https:\/\/i0.wp.com\/www.freidenker.org\/fw17\/wp-content\/uploads\/2021\/09\/baerbock_jeck_auf_gruen_92bd0b6b02_c_800x450.jpg?fit=799%2C450&ssl=1&resize=700%2C400 2x"},"classes":[]},{"id":12213,"url":"https:\/\/www.freidenker.org\/?p=12213","url_meta":{"origin":17775,"position":3},"title":"Teuer gescheitert","author":"Webredaktion","date":"18. Februar 2022","format":false,"excerpt":"Beitrag von Werner R\u00fcgemer 2006 wurde der Krankenhausbetrieb des Universit\u00e4tsklinikums Gie\u00dfen\/Marburg (UKGM) an die Rh\u00f6n-Klinikum AG verkauft. Seitdem: Personalabbau, Einsatz von Niedriglohn-Firmen, trockengelegte Forschung, st\u00e4ndige Staatszusch\u00fcsse \u2013 alle Versprechungen der Privatisierer wurden gebrochen, die Leistungen gesenkt, Gewinne wurden ausgezahlt. Gegen die drohende Insolvenz schie\u00dft das Land Hessen jetzt hunderte Millionen\u2026","rel":"","context":"In &quot;Arbeit &amp; Soziales&quot;","block_context":{"text":"Arbeit &amp; Soziales","link":"https:\/\/www.freidenker.org\/?cat=11"},"img":{"alt_text":"","src":"https:\/\/i0.wp.com\/www.freidenker.org\/fw17\/wp-content\/uploads\/2022\/02\/cost-4164541_800x450.jpg?fit=800%2C450&ssl=1&resize=350%2C200","width":350,"height":200,"srcset":"https:\/\/i0.wp.com\/www.freidenker.org\/fw17\/wp-content\/uploads\/2022\/02\/cost-4164541_800x450.jpg?fit=800%2C450&ssl=1&resize=350%2C200 1x, https:\/\/i0.wp.com\/www.freidenker.org\/fw17\/wp-content\/uploads\/2022\/02\/cost-4164541_800x450.jpg?fit=800%2C450&ssl=1&resize=525%2C300 1.5x, https:\/\/i0.wp.com\/www.freidenker.org\/fw17\/wp-content\/uploads\/2022\/02\/cost-4164541_800x450.jpg?fit=800%2C450&ssl=1&resize=700%2C400 2x"},"classes":[]},{"id":11740,"url":"https:\/\/www.freidenker.org\/?p=11740","url_meta":{"origin":17775,"position":4},"title":"SPD-Kanzlerschaft Nummer vier","author":"Webredaktion","date":"4. Dezember 2021","format":false,"excerpt":"Statt Friedensbekenntnis mehr Militanz gegen Russland und China - Beitrag von Prof. Dr. Anton Latzo Eine Zeitenwende, wie es Medien formulieren, ist es nicht. Die neue deutsche Regierung verspricht zwar \"Mehr Fortschritt wagen\", aber wir sollten auch daran denken, dass sie nicht die erste Regierung ist, in der die SPD\u2026","rel":"","context":"In &quot;Frieden - Antifaschismus - Solidarit\u00e4t&quot;","block_context":{"text":"Frieden - Antifaschismus - Solidarit\u00e4t","link":"https:\/\/www.freidenker.org\/?cat=13"},"img":{"alt_text":"","src":"https:\/\/i0.wp.com\/www.freidenker.org\/fw17\/wp-content\/uploads\/2021\/12\/olaf-scholz-6694889_800x450.jpg?fit=800%2C450&ssl=1&resize=350%2C200","width":350,"height":200,"srcset":"https:\/\/i0.wp.com\/www.freidenker.org\/fw17\/wp-content\/uploads\/2021\/12\/olaf-scholz-6694889_800x450.jpg?fit=800%2C450&ssl=1&resize=350%2C200 1x, https:\/\/i0.wp.com\/www.freidenker.org\/fw17\/wp-content\/uploads\/2021\/12\/olaf-scholz-6694889_800x450.jpg?fit=800%2C450&ssl=1&resize=525%2C300 1.5x, https:\/\/i0.wp.com\/www.freidenker.org\/fw17\/wp-content\/uploads\/2021\/12\/olaf-scholz-6694889_800x450.jpg?fit=800%2C450&ssl=1&resize=700%2C400 2x"},"classes":[]},{"id":6098,"url":"https:\/\/www.freidenker.org\/?p=6098","url_meta":{"origin":17775,"position":5},"title":"Angst vor dem Volk","author":"Webredaktion","date":"31. M\u00e4rz 2019","format":false,"excerpt":"Beitrag von Andreas Wehr Demokratie ist eine Institution, in der man vor allem vor einem Angst hat: dem Volk. Versuchen Politiker einmal, die Stimmung, die Bed\u00fcrfnisse und \u00c4ngste der Bev\u00f6lkerung einzufangen, werden sie mit einem vernichtenden Schimpfwort belegt: \u201ePopulisten\u201c. Als normal gilt eher, am Volkswillen vorbei zu regieren, nach dem\u2026","rel":"","context":"In &quot;Demokratie \u2013 Medien \u2013 Aufkl\u00e4rung&quot;","block_context":{"text":"Demokratie \u2013 Medien \u2013 Aufkl\u00e4rung","link":"https:\/\/www.freidenker.org\/?cat=12"},"img":{"alt_text":"","src":"https:\/\/i0.wp.com\/www.freidenker.org\/fw17\/wp-content\/uploads\/2019\/03\/Europaeische_Kommission_800x445.jpg?fit=800%2C445&ssl=1&resize=350%2C200","width":350,"height":200,"srcset":"https:\/\/i0.wp.com\/www.freidenker.org\/fw17\/wp-content\/uploads\/2019\/03\/Europaeische_Kommission_800x445.jpg?fit=800%2C445&ssl=1&resize=350%2C200 1x, https:\/\/i0.wp.com\/www.freidenker.org\/fw17\/wp-content\/uploads\/2019\/03\/Europaeische_Kommission_800x445.jpg?fit=800%2C445&ssl=1&resize=525%2C300 1.5x, https:\/\/i0.wp.com\/www.freidenker.org\/fw17\/wp-content\/uploads\/2019\/03\/Europaeische_Kommission_800x445.jpg?fit=800%2C445&ssl=1&resize=700%2C400 2x"},"classes":[]}],"_links":{"self":[{"href":"https:\/\/www.freidenker.org\/index.php?rest_route=\/wp\/v2\/posts\/17775","targetHints":{"allow":["GET"]}}],"collection":[{"href":"https:\/\/www.freidenker.org\/index.php?rest_route=\/wp\/v2\/posts"}],"about":[{"href":"https:\/\/www.freidenker.org\/index.php?rest_route=\/wp\/v2\/types\/post"}],"author":[{"embeddable":true,"href":"https:\/\/www.freidenker.org\/index.php?rest_route=\/wp\/v2\/users\/3"}],"replies":[{"embeddable":true,"href":"https:\/\/www.freidenker.org\/index.php?rest_route=%2Fwp%2Fv2%2Fcomments&post=17775"}],"version-history":[{"count":0,"href":"https:\/\/www.freidenker.org\/index.php?rest_route=\/wp\/v2\/posts\/17775\/revisions"}],"wp:featuredmedia":[{"embeddable":true,"href":"https:\/\/www.freidenker.org\/index.php?rest_route=\/wp\/v2\/media\/17781"}],"wp:attachment":[{"href":"https:\/\/www.freidenker.org\/index.php?rest_route=%2Fwp%2Fv2%2Fmedia&parent=17775"}],"wp:term":[{"taxonomy":"category","embeddable":true,"href":"https:\/\/www.freidenker.org\/index.php?rest_route=%2Fwp%2Fv2%2Fcategories&post=17775"},{"taxonomy":"post_tag","embeddable":true,"href":"https:\/\/www.freidenker.org\/index.php?rest_route=%2Fwp%2Fv2%2Ftags&post=17775"}],"curies":[{"name":"wp","href":"https:\/\/api.w.org\/{rel}","templated":true}]}}