{"id":17752,"date":"2023-12-31T12:51:51","date_gmt":"2023-12-31T11:51:51","guid":{"rendered":"https:\/\/www.freidenker.org\/?p=17752"},"modified":"2024-01-20T11:07:17","modified_gmt":"2024-01-20T10:07:17","slug":"israels-existenzrecht-und-selbstverteidigung-sind-die-unwoerter-des-jahres","status":"publish","type":"post","link":"https:\/\/www.freidenker.org\/?p=17752","title":{"rendered":"Israels \u201eExistenzrecht\u201c und \u201eSelbstverteidigung\u201c sind die Unw\u00f6rter des Jahres!"},"content":{"rendered":"<p><strong>Kommentar vom Hochblauen<\/strong><\/p>\n<p><em>Von\u00a0<strong>Evelyn Hecht-Galinski<\/strong><\/em><\/p>\n<p><span style=\"font-size: 10pt;\">Erstver\u00f6ffentlichung am 26.12.2023 im Blog <a href=\"https:\/\/www.sicht-vom-hochblauen.de\/kommentar-vom-hochblauen-israels-existenzrecht-und-selbstverteidigung-sind-die-unwoerter-des-jahres-von-evelyn-hecht-galinski\/\" target=\"_blank\" rel=\"noopener\">Sicht vom Hochblauen<\/a><\/span><\/p>\n<p>Hat nicht der \u201ej\u00fcdische Besatzerstaat\u201c jedes Recht auf \u201eSelbstverteidigung\u201c verwirkt und als Besatzer auch nie gehabt? Wer gibt Besatzern das Recht auf \u201eSelbstverteidigung\u201c gegen Besetzte, die sich mit allen wenigen Mitteln versuchen, sich dieser illegalen Besatzung zu widersetzen? Ja, das ist ihr legales Recht! Ja, es waren brutale Mittel, gegen eine brutale Besatzung. (1)(2) Das gleiche gilt f\u00fcr den mehr als propagandistisch erfundenen Begriff des \u201eExistenzrechts\u201c. Wie oft schrieb ich schon, dass ein Staat ohne Grenzen und Verfassung dieses Recht nicht hat. Israel hat nur ein Ziel und das hei\u00dft Land stehlen, siedeln, vertreiben und in einem Apartheid-Gro\u00df-Israel allein zu existieren. Wenn also jeder deutsche \u201eNeub\u00fcrger\u201c dieses \u201eExistenzrecht\u201c anerkennen muss, um eingeb\u00fcrgert zu werden, dann ist das mit unserer Demokratie nicht vereinbar. Deutsche Traumatisierung als Einb\u00fcrgerungspolitik geh\u00f6rt in die Psychiatrie!<\/p>\n<h5>Was das pal\u00e4stinensische Volk ertragen muss, \u00fcbersteigt jede Vorstellungskraft<\/h5>\n<p>Man muss diesen Mut und eisernen Willen des pal\u00e4stinensischen Volkes und ihres verzweifelten Widerstands uneingeschr\u00e4nkt bewundern. Was sie ertragen m\u00fcssen, \u00fcbersteigt das Ma\u00df an normaler Vorstellungskraft. Es ist ein Holodomor und Holocaust. Was sie ertragen m\u00fcssen, verdient diese Namen. Ich sch\u00e4me mich f\u00fcr ein j\u00fcdisches Regime, das den schrecklichen Widerstandsangriff am 7. Oktober f\u00fcr sich missbraucht.<\/p>\n<p>Hierzu m\u00f6chte ich ein paar S\u00e4tze meines Freundes Joseph Massad aus seinem Artikel vom 15. November 2023 zitieren:<\/p>\n<blockquote><p>\u201eDie israelischen Soldaten und Zivilisten, die am 7. Oktober starben, als Opfer von Antisemitismus darzustellen, hat das ausdr\u00fcckliche Ziel, die Tatsache zu verschleiern, dass Pal\u00e4stinenser, die Israel und israelische Juden angreifen, diese als Kolonisatoren und nicht als Juden angreifen. Der Versuch, Israel und israelische j\u00fcdische Siedler mit europ\u00e4ischen Juden gleichzusetzen, die nur deshalb von Antisemiten angegriffen wurden, weil sie Juden waren, ist nicht nur selbst antisemitisch, sondern befleckt auch das Andenken an die gefallenen Juden w\u00e4hrend des Zweiten Weltkriegs, indem er sie f\u00e4lschlicherweise mit der j\u00fcdischen supremazistischen Siedlerkolonie Israel in Verbindung bringt\u201c. (3)(4)<\/p><\/blockquote>\n<p>Antonio Guterres, der Generalsekret\u00e4r der Vereinten Nationen (UN), sagte in seiner Rede vor dem Sicherheitsrat, dass der Angriff der Hamas, bei dem 1.200 zumeist israelische B\u00fcrger get\u00f6tet und 250 als Geiseln genommen wurden, nicht in einem Vakuum stattgefunden hat. \u201eDas pal\u00e4stinensische Volk hat 56 Jahre unter einer erdr\u00fcckenden Besatzung gelitten\u201c, erkl\u00e4rte er. Er f\u00fcgte hinzu: \u201eDie Beschwerden des pal\u00e4stinensischen Volks k\u00f6nnen die schrecklichen Angriffe der Hamas nicht rechtfertigen. Und diese schrecklichen Angriffe k\u00f6nnen die kollektive Bestrafung des pal\u00e4stinensischen Volks nicht rechtfertigen\u201c.<\/p>\n<h5>Ekelhafte Instrumentalisierung des Holocaust<\/h5>\n<p>Sofort reagierte Gilad Erdan, Israels Botschafter bei der UN, mit einem b\u00f6sartigen und pers\u00f6nlichen Angriff auf Guterres, forderte seinen R\u00fccktritt und forderte die Mitgliedstaaten der UNO auf, die Finanzierung der UNO einzustellen. Dabei erdreistete er sich und trug bei seiner Hetzrede einen gelben Stern mit der Aufschrift \u201eNie wieder\u201c. Was f\u00fcr eine ekelhafte Instrumentalisierung des Holocaust, f\u00fcr eigene furchtbare Schandtaten. Die Berufung auf den Holocaust zur Rechtfertigung israelischer Kriegsverbrechen entehrt die Opfer. (5)<\/p>\n<p>Wenn Deutschland meint, sich mit dieser Art der \u201eStaatsr\u00e4son\u201c-Politik gegen\u00fcber Israel moralisch freisprechen zu k\u00f6nnen, ist das ein Selbstbetrug. Eine Regierung und ein Bundespr\u00e4sident, die sich vorbehaltlos an die Seite eines j\u00fcdischen Besatzungsregimes stellen, machen sich unglaubw\u00fcrdig. \u201eNie wieder\u201c? Ein Regime und ein Staatspr\u00e4sident, die Menschen als Tiere bezeichnen, \u201ekeine unschuldigen\u201c Zivilisten in Gaza kennen und nach dieser Maxime handeln, d\u00fcrfen niemals Partner f\u00fcr Deutschland sein.<\/p>\n<p>Pro-pal\u00e4stinensische Demonstrationen m\u00fcssen weiter erlaubt sein. Sie richten sich nicht gegen Juden als Juden, sondern gegen einen \u201ej\u00fcdischen Staat\u201c, der nicht nur eine Apartheid, sondern eine Besatzung und einen Genozid in Gaza ausf\u00fchrt. Die Folgen nach dem 7. Oktober gerade f\u00fcr die pal\u00e4stinensische Gemeinschaft und auch j\u00fcdische Aktivisten sind vollst\u00e4ndige Zensur und Einsch\u00fcchterung bis zum Verlust des Bankkontos oder des Arbeitsplatzes. Die Nakba muss endlich auch in Deutschland in den Kontext zur israelischen Staatsgr\u00fcndung und zum Holocaust gesetzt werden. Das geh\u00f6rt dazu, wenn Deutschland das \u201eNie wieder\u201c ernst meint und auf der richtigen Seite der Geschichte stehen will, wenn es um Verbrechen gegen die Menschlichkeit in Pal\u00e4stina geht.<\/p>\n<h5>Keine Straffreiheit f\u00fcr das Verbrechen des Genozids!<\/h5>\n<p>Es gibt keine Straffreiheit f\u00fcr dieses Verbrechen des Genozids gegen die Bev\u00f6lkerung in Gaza. Die Instrumentalisierung des Holocaust f\u00fcr zionistische Verbrechen hat eine lange und leider sehr erfolgreiche Tradition. Gerade Deutschland muss sich seiner Verantwortung bewusst sein, jegliche bedingungslose Solidarit\u00e4t mit Israel ist vollkommen unangebracht und eine schallende Ohrfeige f\u00fcr unsere Demokratie. Wenn Juden zu T\u00e4tern wurden, dann muss das genauso geahndet werden, wie es mit Nicht-Juden geschieht. Das ist die Lehre aus dem Holocaust. Was in Pal\u00e4stina geschieht darf uns nicht kaltlassen. Wo, aber bleibt die Empathie und die Trauer f\u00fcr die Pal\u00e4stinenser? Nicht allein die j\u00fcdischen Geiseln und ihre Angeh\u00f6rigen d\u00fcrfen im Fokus stehen, sondern es ist die Gesamtsituation, eines ganzen pal\u00e4stinensischen Volkes in Geiselhaft.<\/p>\n<p>Diese Besatzung geht seit Jahrzehnten r\u00fccksichtslos gegen jeden und alle vor, die sich ihren \u201eZielen\u201c widersetzen. Mit rassistischen Gesetzen, die viele \u00c4hnlichkeiten mit den N\u00fcrnberger Rassegesetzen haben, hat sich Israel immer mehr zu einem faschistischen Apartheidstaat entwickelt. Gab es nicht schon fr\u00fcher die Befehle, dass aus Sicht der IDF \u201eein toter Soldat besser ist, als ein gefangener\u201c? In der Vergangenheit kannten israelische Kommandeure nur Situationen, in denen einzelne Soldaten gefangen genommen wurden, aber mit dem 7. Oktober kam es zum so genannten \u201eMassen Hannibal\u201c, als mehrere hunderte Israelis von der Hamas in den Gazastreifen entf\u00fchrt wurden. (6)<\/p>\n<p>Nicht der Schutz des \u201ej\u00fcdischen Staats und Volks\u201c ist der Antrieb des andauenden V\u00f6lkermords in Gaza, sondern es ist der j\u00fcdische \u201eAlleinanspruch\u201c und Machterhalt auf ganz Pal\u00e4stina. Heute Gaza, morgen Libanon, dann das Gas der Pal\u00e4stinenser vor Gazas K\u00fcste und zum Schluss der Iran? Machen wir uns doch nichts vor, dass Netanjahu-Regime schert sich weder um Pal\u00e4stinenser, Geiseln oder israelische \u201eVerteidigungssoldaten\u201c, sondern es geht Netanjahu vor allen Dingen um einen pers\u00f6nlichen Ego- und Rache-Feldzug.<\/p>\n<h5>Was f\u00fcr eine Verdrehung der Tatsachen!<\/h5>\n<p>Die drei von j\u00fcdischen \u201eVerteidigungssoldaten\u201c get\u00f6teten israelischen Geiseln hatten einen nackten Oberk\u00f6rper und schwenkten wei\u00dfe Fahnen. Das aber hielt die Soldaten nicht davon ab, wahllos zu schie\u00dfen. Was ist mit den israelischen Opfern durch \u201efriendly fire\u201c vom 7. Oktober? Warum wird in deutschen Medien vermieden, \u00fcber diese \u201eeigenen Morde\u201c zu berichten? (5) Weil es hier immer nur um die \u201eislamistisch-terroristische\u201c Hamas geht, die wahllos schie\u00dfen und morden, w\u00e4hrend j\u00fcdische \u201eVerteidigungssoldaten\u201c alles daf\u00fcr tun, um zivile Opfer zu vermeiden. Was f\u00fcr eine Verdrehung.<\/p>\n<p>Nat\u00fcrlich sieht die westliche Allianz die Hamas und deren Widerstand als Bedrohung an, der mit allen Mitteln bek\u00e4mpft werden muss. Eine Gruppe, eine gew\u00e4hlte Regierung in Gaza, intelligent und logistisch clever, mit einem Tunnelsystem, das einmalig in der Welt ist, darf nicht siegen. Was also lag n\u00e4her als diese \u201eBedrohung\u201c als terroristische Organisation zu verbieten, die Tunnel mit Meerwasser zu fluten, nachdem \u201evergasen\u201c verworfen wurde. Das israelische Staatsterrorregime \u2013 und nichts anderes ist es \u2013 schaffte es, die Hamas weltweit zu d\u00e4monisieren und damit das Recht auf Eliminierung zu \u201elegalisieren\u201c. Die Unterst\u00fctzung der Hamas wird mit dieser Art der entmenschlichten V\u00f6lkermord-Politik immer st\u00e4rker in der muslimischen Welt und am Ende uns ALLE treffen. (7)<\/p>\n<p>Die unabh\u00e4ngige Aufarbeitung des 7. Oktober ist eine der wichtigsten Forderungen der Zukunft. Es darf spekuliert werden, dass Israel nicht nur schon lange \u00fcber den Angriff informiert war, sondern das eigentliche Anliegen war, endlich einen erneuten und diesmal ausrottenden Krieg gegen die Hamas zu starten, mit dem Endziel der Vertreibung aller Pal\u00e4stinenser aus Pal\u00e4stina. (8)<\/p>\n<h5>Deutschland darf sich nicht ein zweites Mal so furchtbar schuldig machen!<\/h5>\n<p>Nur wenige Staaten wagen es, sich dieser zionistischen Propaganda zu widersetzen. Nicht nur diese Tatsache ist so verwerflich, sondern es ist die uns\u00e4gliche Komplizenschaft von gro\u00dfen Teilen der \u201ewestlichen Wertegemeinschaft\u201c angef\u00fchrt durch die USA und des traumatisierten Vasallen Deutschland.<\/p>\n<p>Wie blind und propagandistisch voll gepumpt und eingesch\u00fcchtert muss ein B\u00fcrger sein, um darauf ernsthaft reinzufallen? Ich bin ersch\u00fcttert, dass Deutschland sich ein zweites Mal so furchtbar schuldig macht. Welcher deutsche und demokratische Politiker \u00fcbt noch Kritik an Israel?<\/p>\n<p>Welche Medien, egal ob gedruckt oder \u201e\u00f6ffentlich-rechtlich\u201c wagen es noch, sich den vorgegebenen \u201eEinheitsbrei\u201c, mit objektiver Berichterstattung in den Weg zu stellen. Es scheint wirklich, dass das, was sich schon nach Beginn des Ukraine-Kriegs abzeichnete und bei Berichterstattung \u00fcber den \u201ej\u00fcdischen Staat\u201c und \u201ej\u00fcdische Belange\u201c gang und gebe war, inzwischen zur deutschen offiziellen Berichterstattung geh\u00f6rt. Muss man sich da wundern, dass junge Leute so gut wie keine Zeitungen lesen oder \u00f6ffentlich-rechtliche Sender konsumieren?<\/p>\n<h5>Was f\u00fcr ein furchtbarer Albtraum!<\/h5>\n<p>Meint man wirklich, mit Verleumdungen wie \u201eVerschw\u00f6rungs-Medien\u201c, unseri\u00f6s und querdenkend neue Kunden zu gewinnen? Eine nur mit Druck und Strafandrohung eingesch\u00fcchterte Gesellschaft neigt zu Extremen. Mit gr\u00fcn-roter Kriegs- und Klimapropaganda, treibt man anf\u00e4llige B\u00fcrger geradezu in die Arme der AfD, eine gef\u00e4hrliche Konstellation, die unbedingt verhindert werden muss.<\/p>\n<p>Deutschland und Israel auf einem gemeinsamen Weg? Deutschland und die Ukraine auf einem gemeinsamen Weg? Was f\u00fcr ein furchtbarer Albtraum auf dem Weg in eine \u201eZeitenwende\u201c der besonderen Art. Unter der \u201eF\u00fchrung\u201c der USA bleibt uns wohl nichts erspart an kriegerischen Gedankenspielen und Aufr\u00fcstung.<\/p>\n<p>In diesem Sinn w\u00fcnsche ich allen Lesern, Freunden und Unterst\u00fctzern ein gesundes, erfolgreiches und besseres Neues Jahr 2024.<\/p>\n<p style=\"text-align: right;\"><em>Evelyn Hecht-Galinski ist Mitglied des Deutschen Freidenker-Verbandes<\/em><\/p>\n<h4><strong>Die Gedanken sind frei<\/strong><\/h4>\n<p>Die Gedanken sind frei,<br \/>\nWer kann sie erraten?<br \/>\nSie fliegen vorbei<br \/>\nWie n\u00e4chtliche Schatten.<br \/>\nKein Mensch kann sie wissen,<br \/>\nKein J\u00e4ger sie schie\u00dfen,<br \/>\nmit Pulver und Blei.<br \/>\nDie Gedanken sind frei.<\/p>\n<p>Ich denke was ich will<br \/>\nUnd was mich begl\u00fccket,<br \/>\nDoch alles in der Still<br \/>\nUnd wie es sich schicket.<br \/>\nMein Wunsch und Begehren<br \/>\nKann niemand verwehren.<br \/>\nEs bleibet dabei:<br \/>\nDie Gedanken sind frei.<\/p>\n<p>Und sperrt man mich ein<br \/>\nIm finsteren Kerker,<br \/>\nDas alles sind rein<br \/>\nVergebliche Werke;<br \/>\nDenn meine Gedanken<br \/>\nZerrei\u00dfen die Schranken<br \/>\nUnd Mauern entzwei:<br \/>\nDie Gedanken sind frei.<\/p>\n<p>Nun will ich auf immer<br \/>\nDen Sorgen entsagen,<br \/>\nUnd will mich auch nimmer<br \/>\nMit Grillen mehr plagen.<br \/>\nMan kann ja im Herzen<br \/>\nStets lachen und scherzen<br \/>\nUnd denken dabei:<br \/>\nDie Gedanken sind frei.<\/p>\n<p>Ich liebe den Wein,<br \/>\nMein M\u00e4dchen vor allen,<br \/>\nDie tut mir allein<br \/>\nAm besten gefallen.<br \/>\nIch sitz nicht alleine<br \/>\nBei einem Glas Weine,<br \/>\nMein M\u00e4dchen dabei:<br \/>\nDie Gedanken sind frei.<\/p>\n<p><em>Das Gedicht \u201eDie Gedanken sind frei\u201c stammt aus der Feder von Hoffmann von Fallersleben.<\/em><\/p>\n<p>&nbsp;<\/p>\n<p><strong>Fu\u00dfnoten:<\/strong><\/p>\n<p>1 <a href=\"https:\/\/www.aljazeera.com\/news\/2023\/11\/17\/does-israel-have-the-right-to-self-defence-in-gaza\">https:\/\/www.aljazeera.com\/news\/2023\/11\/17\/does-israel-have-the-right-to-self-defence-in-gaza<\/a><\/p>\n<p>2 <a href=\"https:\/\/www.jadaliyya.com\/Details\/27551\">https:\/\/www.jadaliyya.com\/Details\/27551<\/a><\/p>\n<p>3 <a href=\"https:\/\/www.middleeasteye.net\/opinion\/israel-west-smear-palestinians-antisemitic\">https:\/\/www.middleeasteye.net\/opinion\/israel-west-smear-palestinians-antisemitic<\/a><\/p>\n<p>4 <a href=\"https:\/\/www.middleeasteye.net\/opinion\/how-israel-war-gaza-exposed-west-hatred-palestinians\">https:\/\/www.middleeasteye.net\/opinion\/how-israel-war-gaza-exposed-west-hatred-palestinians<\/a><\/p>\n<p>5 <a href=\"https:\/\/www.nybooks.com\/online\/2023\/11\/20\/an-open-letter-on-the-misuse-of-holocaust-memory\/#:~:text=Omer%20Bartov%2C%20Christopher%20R.,of%20violence%20in%20Israel%2DPalestine\">https:\/\/www.nybooks.com\/online\/2023\/11\/20\/an-open-letter-on-the-misuse-of-holocaust-memory\/#:~:text=Omer%20Bartov%2C%20Christopher%20R.,of%20violence%20in%20Israel%2DPalestine<\/a><\/p>\n<p>6 When Israel Abuses the Hostages That It Holds<\/p>\n<p>7 <a href=\"https:\/\/electronicintifada.net\/content\/israeli-general-killed-israelis-7-october-then-lied-about-it\/43176\">https:\/\/electronicintifada.net\/content\/israeli-general-killed-israelis-7-october-then-lied-about-it\/43176<\/a><\/p>\n<p>8 <a href=\"https:\/\/www.middleeasteye.net\/news\/gaza-war-israel-palestine-sinwar-hamas-smashing-army-submit-conditions\">https:\/\/www.middleeasteye.net\/news\/gaza-war-israel-palestine-sinwar-hamas-smashing-army-submit-conditions<\/a><\/p>\n<p>9 <a href=\"https:\/\/www.middleeastmonitor.com\/20231225-ex-israeli-opposition-leader-demands-probe-into-killing-of-12-hostages-by-israeli-army-on-7-october\/\">https:\/\/www.middleeastmonitor.com\/20231225-ex-israeli-opposition-leader-demands-probe-into-killing-of-12-hostages-by-israeli-army-on-7-october\/<\/a><\/p>\n<p>&nbsp;<\/p>\n<p><span style=\"font-size: 10pt;\">Der Beitrag wurde auch ver\u00f6ffentlicht in der Neuen Rheinischen Zeitung (NRhZ), Ausgabe 823 vom 27.12.2023 unter <a href=\"http:\/\/www.nrhz.de\/flyer\/beitrag.php?id=28911\" target=\"_blank\" rel=\"noopener\">http:\/\/www.nrhz.de\/flyer\/beitrag.php?id=28911<\/a><\/span><\/p>\n<hr \/>\n<p><span style=\"font-size: 10pt;\">Bild oben: \u00dcbernommen von <a href=\"https:\/\/www.sicht-vom-hochblauen.de\/kommentar-vom-hochblauen-israels-existenzrecht-und-selbstverteidigung-sind-die-unwoerter-des-jahres-von-evelyn-hecht-galinski\/\" target=\"_blank\" rel=\"noopener\">sicht-vom-hochblauen.de<\/a><\/span><br \/>\n<span style=\"font-size: 10pt;\">Die Grafik wurde in den sozialen Netzwerken verbreitet und u.a. von <a href=\"https:\/\/social.fund\/umahin\/\" target=\"_blank\" rel=\"noopener\">dieser Spendenseite<\/a> genutzt.<\/span><\/p>\n<p>&nbsp;<\/p>\n","protected":false},"excerpt":{"rendered":"<p><b>Kommentar von\u00a0Evelyn Hecht-Galinski<\/b><br \/>\nHat nicht der \u201ej\u00fcdische Besatzerstaat\u201c jedes Recht auf \u201eSelbstverteidigung\u201c verwirkt und als Besatzer auch nie gehabt? Wer gibt Besatzern das Recht auf \u201eSelbstverteidigung\u201c gegen Besetzte, die sich mit allen wenigen Mitteln versuchen, sich dieser illegalen Besatzung zu widersetzen? Ja, das ist ihr legales Recht! Ja, es waren brutale Mittel, gegen eine brutale Besatzung. Das gleiche gilt f\u00fcr den mehr als propagandistisch erfundenen Begriff des \u201eExistenzrechts\u201c. Wie oft schrieb ich schon, dass ein Staat ohne Grenzen und Verfassung dieses Recht nicht hat. Israel hat nur ein Ziel und das hei\u00dft Land stehlen, siedeln, vertreiben und in einem Apartheid-Gro\u00df-Israel allein zu existieren. Wenn also jeder deutsche \u201eNeub\u00fcrger\u201c dieses \u201eExistenzrecht\u201c anerkennen muss, um eingeb\u00fcrgert zu werden, dann ist das mit unserer Demokratie nicht vereinbar. <\/p>\n","protected":false},"author":3,"featured_media":17754,"comment_status":"closed","ping_status":"closed","sticky":false,"template":"","format":"standard","meta":{"colormag_page_container_layout":"default_layout","colormag_page_sidebar_layout":"default_layout","advanced_seo_description":"","jetpack_seo_html_title":"","jetpack_seo_noindex":false,"jetpack_post_was_ever_published":false,"footnotes":""},"categories":[13],"tags":[2004,1589,1954,393,1955,1615,394,2057,1120,2058],"class_list":["post-17752","post","type-post","status-publish","format-standard","has-post-thumbnail","hentry","category-frieden-antifaschismus-solidaritaet","tag-besatzung","tag-genozid","tag-hamas","tag-israel","tag-nahostkonflikt","tag-objektivitaet","tag-palaestina","tag-selbstverteidigung","tag-uno","tag-verbrechen"],"jetpack_featured_media_url":"https:\/\/i0.wp.com\/www.freidenker.org\/fw17\/wp-content\/uploads\/2023\/12\/ScreenHunter-44512_800x450.jpg?fit=800%2C450&ssl=1","jetpack_shortlink":"https:\/\/wp.me\/p9stpK-4Ck","jetpack-related-posts":[{"id":20365,"url":"https:\/\/www.freidenker.org\/?p=20365","url_meta":{"origin":17752,"position":0},"title":"Wenn Widerstand in Pal\u00e4stina zur Existenzfrage wird","author":"Webredaktion","date":"23. November 2024","format":false,"excerpt":"Kommentar von Evelyn Hecht-Galinski Es ist an der Zeit, dass die Weltgemeinschaft akzeptiert, dass Pal\u00e4stinenser als besetztes Volk das Recht hat, Widerstand zu leisten \u2013 und zwar auf jede erdenkliche Weise? Pal\u00e4stinensern wird das Grundrecht auf Freiheit, Selbstbestimmung und Unabh\u00e4ngigkeit seit Staatsgr\u00fcndung des \u201ej\u00fcdischen Staats\u201c 1948 verweigert. Wurde nicht dem\u2026","rel":"","context":"In &quot;Frieden - Antifaschismus - Solidarit\u00e4t&quot;","block_context":{"text":"Frieden - Antifaschismus - Solidarit\u00e4t","link":"https:\/\/www.freidenker.org\/?cat=13"},"img":{"alt_text":"","src":"https:\/\/i0.wp.com\/www.freidenker.org\/fw17\/wp-content\/uploads\/2024\/11\/injury-6860646_800x450.jpg?fit=800%2C450&ssl=1&resize=350%2C200","width":350,"height":200,"srcset":"https:\/\/i0.wp.com\/www.freidenker.org\/fw17\/wp-content\/uploads\/2024\/11\/injury-6860646_800x450.jpg?fit=800%2C450&ssl=1&resize=350%2C200 1x, https:\/\/i0.wp.com\/www.freidenker.org\/fw17\/wp-content\/uploads\/2024\/11\/injury-6860646_800x450.jpg?fit=800%2C450&ssl=1&resize=525%2C300 1.5x, https:\/\/i0.wp.com\/www.freidenker.org\/fw17\/wp-content\/uploads\/2024\/11\/injury-6860646_800x450.jpg?fit=800%2C450&ssl=1&resize=700%2C400 2x"},"classes":[]},{"id":18081,"url":"https:\/\/www.freidenker.org\/?p=18081","url_meta":{"origin":17752,"position":1},"title":"Gedenken, Genozid, Vertreibung untrennbar verbunden","author":"Webredaktion","date":"2. Februar 2024","format":false,"excerpt":"Kommentar von Evelyn Hecht-Galinski Als am Mittwoch dieser Woche im Bundestag der Befreiung des KZ-Auschwitz vor 79 Jahren gedacht wurde, fehlte ein grundlegendes Gedenken. Als die ungarische Holocaust\u00fcberlebende Eva Szepesi vom Grauen der Vergangenheit berichtete und die Br\u00fccke in die Gegenwart schlug, da erw\u00e4hnte sie nicht das Grauen in Gaza\u2026","rel":"","context":"In &quot;Demokratie \u2013 Medien \u2013 Aufkl\u00e4rung&quot;","block_context":{"text":"Demokratie \u2013 Medien \u2013 Aufkl\u00e4rung","link":"https:\/\/www.freidenker.org\/?cat=12"},"img":{"alt_text":"","src":"https:\/\/i0.wp.com\/www.freidenker.org\/fw17\/wp-content\/uploads\/2024\/02\/Auschwitz_I_22_May_2010_800x450.jpg?fit=800%2C450&ssl=1&resize=350%2C200","width":350,"height":200,"srcset":"https:\/\/i0.wp.com\/www.freidenker.org\/fw17\/wp-content\/uploads\/2024\/02\/Auschwitz_I_22_May_2010_800x450.jpg?fit=800%2C450&ssl=1&resize=350%2C200 1x, https:\/\/i0.wp.com\/www.freidenker.org\/fw17\/wp-content\/uploads\/2024\/02\/Auschwitz_I_22_May_2010_800x450.jpg?fit=800%2C450&ssl=1&resize=525%2C300 1.5x, https:\/\/i0.wp.com\/www.freidenker.org\/fw17\/wp-content\/uploads\/2024\/02\/Auschwitz_I_22_May_2010_800x450.jpg?fit=800%2C450&ssl=1&resize=700%2C400 2x"},"classes":[]},{"id":19719,"url":"https:\/\/www.freidenker.org\/?p=19719","url_meta":{"origin":17752,"position":2},"title":"Wenn \u201eSelbstverteidigung\u201c zu V\u00f6lkermord wird \u2013 Pal\u00e4stinensischer Widerstand gegen zionistischen Terror","author":"Webredaktion","date":"14. August 2024","format":false,"excerpt":"Kommentar von Evelyn Hecht-Galinski Wie lange will Deutschland noch die unhaltbaren Positionen der schwerwiegenden Fehlinterpretationen der Geschichte als \u201eStaatsr\u00e4son\u201c beibehalten? Der \u201ej\u00fcdische Staat\u201c baute sich von Beginn an \u00fcber die Geschichte der zionistischen Kolonisierung auf, ethnische S\u00e4uberung wurde als \u201elegitimes\u201c Recht f\u00fcr ein \u201eVolk ohne Land\u201c f\u00fcr ein \u201eLand ohne\u2026","rel":"","context":"In &quot;Demokratie \u2013 Medien \u2013 Aufkl\u00e4rung&quot;","block_context":{"text":"Demokratie \u2013 Medien \u2013 Aufkl\u00e4rung","link":"https:\/\/www.freidenker.org\/?cat=12"},"img":{"alt_text":"","src":"https:\/\/i0.wp.com\/www.freidenker.org\/fw17\/wp-content\/uploads\/2024\/08\/Selbstverteidigungevelyn_800x450.jpg?fit=800%2C450&ssl=1&resize=350%2C200","width":350,"height":200,"srcset":"https:\/\/i0.wp.com\/www.freidenker.org\/fw17\/wp-content\/uploads\/2024\/08\/Selbstverteidigungevelyn_800x450.jpg?fit=800%2C450&ssl=1&resize=350%2C200 1x, https:\/\/i0.wp.com\/www.freidenker.org\/fw17\/wp-content\/uploads\/2024\/08\/Selbstverteidigungevelyn_800x450.jpg?fit=800%2C450&ssl=1&resize=525%2C300 1.5x, https:\/\/i0.wp.com\/www.freidenker.org\/fw17\/wp-content\/uploads\/2024\/08\/Selbstverteidigungevelyn_800x450.jpg?fit=800%2C450&ssl=1&resize=700%2C400 2x"},"classes":[]},{"id":18631,"url":"https:\/\/www.freidenker.org\/?p=18631","url_meta":{"origin":17752,"position":3},"title":"Die unertr\u00e4gliche Leichtigkeit eines zionistischen V\u00f6lkermords in Gaza","author":"Webredaktion","date":"28. M\u00e4rz 2024","format":false,"excerpt":"Kommentar von Evelyn Hecht-Galinski Im Dritten Reich ermordeten Deutsche den Gro\u00dfteil der europ\u00e4ischen Juden. In Netanjahus Reich ermorden die Nachfahren der Holocaustopfer Pal\u00e4stinenser in Gaza\/Pal\u00e4stina. Wie sich die Bilder gleichen in ihrer skrupellosen Brutalit\u00e4t, ist unfassbar. Deutschland ist es dabei wieder gelungen, nicht nur auf der falschen Seite der Geschichte\u2026","rel":"","context":"In &quot;Frieden - Antifaschismus - Solidarit\u00e4t&quot;","block_context":{"text":"Frieden - Antifaschismus - Solidarit\u00e4t","link":"https:\/\/www.freidenker.org\/?cat=13"},"img":{"alt_text":"","src":"https:\/\/i0.wp.com\/www.freidenker.org\/fw17\/wp-content\/uploads\/2024\/03\/palaestina-web-1-2-800x450-1.jpg?fit=800%2C450&ssl=1&resize=350%2C200","width":350,"height":200,"srcset":"https:\/\/i0.wp.com\/www.freidenker.org\/fw17\/wp-content\/uploads\/2024\/03\/palaestina-web-1-2-800x450-1.jpg?fit=800%2C450&ssl=1&resize=350%2C200 1x, https:\/\/i0.wp.com\/www.freidenker.org\/fw17\/wp-content\/uploads\/2024\/03\/palaestina-web-1-2-800x450-1.jpg?fit=800%2C450&ssl=1&resize=525%2C300 1.5x, https:\/\/i0.wp.com\/www.freidenker.org\/fw17\/wp-content\/uploads\/2024\/03\/palaestina-web-1-2-800x450-1.jpg?fit=800%2C450&ssl=1&resize=700%2C400 2x"},"classes":[]},{"id":10366,"url":"https:\/\/www.freidenker.org\/?p=10366","url_meta":{"origin":17752,"position":4},"title":"Stoppt den Krieg und die Vertreibung, bestraft Kriegsverbrecher!","author":"Webredaktion","date":"25. Mai 2021","format":false,"excerpt":"Das Aktionsb\u00fcndnis \"Pal\u00e4stina spricht\" hatte zum 15.05.2020 zu deutschlandweiten Demonstrationen unter dem Motto \"Ongoing Nakba Action Days\" aufgerufen, die in Berlin, K\u00f6ln, Stuttgart, Frankfurt a.M., Freiburg, Hamburg und Kassel stattfanden. Dem Aufruf waren Tausende Menschen gefolgt, darunter viele Freidenker. Wir dokumentieren hier die Rede von Annette Groth, ehem. MdB und\u2026","rel":"","context":"In &quot;Frieden - Antifaschismus - Solidarit\u00e4t&quot;","block_context":{"text":"Frieden - Antifaschismus - Solidarit\u00e4t","link":"https:\/\/www.freidenker.org\/?cat=13"},"img":{"alt_text":"","src":"https:\/\/i0.wp.com\/www.freidenker.org\/fw17\/wp-content\/uploads\/2021\/05\/nakba_2021-05-15_800x450.jpg?fit=800%2C450&ssl=1&resize=350%2C200","width":350,"height":200,"srcset":"https:\/\/i0.wp.com\/www.freidenker.org\/fw17\/wp-content\/uploads\/2021\/05\/nakba_2021-05-15_800x450.jpg?fit=800%2C450&ssl=1&resize=350%2C200 1x, https:\/\/i0.wp.com\/www.freidenker.org\/fw17\/wp-content\/uploads\/2021\/05\/nakba_2021-05-15_800x450.jpg?fit=800%2C450&ssl=1&resize=525%2C300 1.5x, https:\/\/i0.wp.com\/www.freidenker.org\/fw17\/wp-content\/uploads\/2021\/05\/nakba_2021-05-15_800x450.jpg?fit=800%2C450&ssl=1&resize=700%2C400 2x"},"classes":[]},{"id":8093,"url":"https:\/\/www.freidenker.org\/?p=8093","url_meta":{"origin":17752,"position":5},"title":"Die Befreiung Pal\u00e4stinas steht noch aus","author":"Webredaktion","date":"15. Mai 2020","format":false,"excerpt":"Beitrag von Evelyn Hecht-Galinski Am 8. Mai 2020, dem 75. Jahrestag des Kriegsendes, und dem Tag der Befreiung vom Faschismus durch die Rote Armee, hielt Bundespr\u00e4sident Steinmeier seine obligatorische Rede und brachte es fertig, mit keinem Wort die tapferen Soldaten der Roten Armee als Befreier zu erw\u00e4hnen. ... Das wirft\u2026","rel":"","context":"In &quot;Frieden - Antifaschismus - Solidarit\u00e4t&quot;","block_context":{"text":"Frieden - Antifaschismus - Solidarit\u00e4t","link":"https:\/\/www.freidenker.org\/?cat=13"},"img":{"alt_text":"","src":"https:\/\/i0.wp.com\/www.freidenker.org\/fw17\/wp-content\/uploads\/2020\/05\/nakba_plakat_ausschn_800x450.jpg?fit=800%2C450&ssl=1&resize=350%2C200","width":350,"height":200,"srcset":"https:\/\/i0.wp.com\/www.freidenker.org\/fw17\/wp-content\/uploads\/2020\/05\/nakba_plakat_ausschn_800x450.jpg?fit=800%2C450&ssl=1&resize=350%2C200 1x, https:\/\/i0.wp.com\/www.freidenker.org\/fw17\/wp-content\/uploads\/2020\/05\/nakba_plakat_ausschn_800x450.jpg?fit=800%2C450&ssl=1&resize=525%2C300 1.5x, https:\/\/i0.wp.com\/www.freidenker.org\/fw17\/wp-content\/uploads\/2020\/05\/nakba_plakat_ausschn_800x450.jpg?fit=800%2C450&ssl=1&resize=700%2C400 2x"},"classes":[]}],"_links":{"self":[{"href":"https:\/\/www.freidenker.org\/index.php?rest_route=\/wp\/v2\/posts\/17752","targetHints":{"allow":["GET"]}}],"collection":[{"href":"https:\/\/www.freidenker.org\/index.php?rest_route=\/wp\/v2\/posts"}],"about":[{"href":"https:\/\/www.freidenker.org\/index.php?rest_route=\/wp\/v2\/types\/post"}],"author":[{"embeddable":true,"href":"https:\/\/www.freidenker.org\/index.php?rest_route=\/wp\/v2\/users\/3"}],"replies":[{"embeddable":true,"href":"https:\/\/www.freidenker.org\/index.php?rest_route=%2Fwp%2Fv2%2Fcomments&post=17752"}],"version-history":[{"count":0,"href":"https:\/\/www.freidenker.org\/index.php?rest_route=\/wp\/v2\/posts\/17752\/revisions"}],"wp:featuredmedia":[{"embeddable":true,"href":"https:\/\/www.freidenker.org\/index.php?rest_route=\/wp\/v2\/media\/17754"}],"wp:attachment":[{"href":"https:\/\/www.freidenker.org\/index.php?rest_route=%2Fwp%2Fv2%2Fmedia&parent=17752"}],"wp:term":[{"taxonomy":"category","embeddable":true,"href":"https:\/\/www.freidenker.org\/index.php?rest_route=%2Fwp%2Fv2%2Fcategories&post=17752"},{"taxonomy":"post_tag","embeddable":true,"href":"https:\/\/www.freidenker.org\/index.php?rest_route=%2Fwp%2Fv2%2Ftags&post=17752"}],"curies":[{"name":"wp","href":"https:\/\/api.w.org\/{rel}","templated":true}]}}