{"id":17710,"date":"2023-12-29T03:00:26","date_gmt":"2023-12-29T02:00:26","guid":{"rendered":"https:\/\/www.freidenker.org\/?p=17710"},"modified":"2024-12-15T23:45:36","modified_gmt":"2024-12-15T22:45:36","slug":"freidenker-nr-4-24-die-richtigstellung-der-begriffe","status":"publish","type":"post","link":"https:\/\/www.freidenker.org\/?p=17710","title":{"rendered":"FREIDENKER Nr. 4-23 EXTRA \u2013 Die Richtigstellung der  Begriffe"},"content":{"rendered":"<p>FREIDENKER Nr. 4-23 EXTRA, Dezember 2023, 82. Jahrgang<\/p>\n<h4>Die Richtigstellung der Begriffe (3)<\/h4>\n<p><strong>Editorial<\/strong><\/p>\n<p>Liebe Leserin, lieber Leser,<\/p>\n<p>bedingt durch die \u00fcberw\u00e4ltigende Bedeu\u00adtungszunahme der Sozialen Medien widmet sich inzwischen eine ganze Branche des Medienbetriebs der vermeintlichen Richtig\u00adstellung von Fakten. Doch anstatt sich mit der wirklich notwendigen Aufdeckung manifester Falschmeldungen und Falschbehauptungen zu befassen, treten diese \u201eChecker\u201c, un\u00addurchsichtig finanziert, vorzugsweise als Zensoren der \u00f6ffentlichen Meinung auf \u2013 ihr eigentlicher Daseinszweck ist nicht, Fakten zu pr\u00fcfen, sondern Gesinnungen, und ihre Urteile verk\u00fcnden sie apodiktisch.<\/p>\n<p>Solche Selbstgerechtigkeit entspricht nicht dem Geist, in dem die Freidenker an das herangehen, was wir die Richtigstellung der Begriffe nennen. Dem Leser wird das Heft nicht mit der Zusage ausgeh\u00e4ndigt, eigenes Nachdenken \u00fcberfl\u00fcssig zu machen, da er jetzt die richtigen Begriffsinhalte einfach nachschlagen kann: gemeinschaftliche \u00dcber\u00adpr\u00fcfung, Diskussion, Korrektur und Weiter\u00adentwicklung sind Teil des Projekts. Der erste Nutzen: die bewusste Auseinandersetzung mit den Begriffen, die sonst unreflektiert ge\u00adbraucht werden und unbemerkt ihre gef\u00e4hr\u00adliche Fracht ins Bewusstsein tragen, und dabei stets die Frage zu stellen: wem n\u00fctzt es, ob die Begriffe so oder so verstanden werden?<\/p>\n<p>Der Streit um die Begriffe ist kein scho\u00adlastischer und nicht nur ein philologischer, der Anspruch auf Deutungshoheit entfaltet reale gesellschaftliche Wirkung \u2013 das soll hier nach\u00adgewiesen werden. Beliebige Beispiele sind schnell bei der Hand \u2013 dieser soll ein Faschist sein, jener ein Populist, einer wehrt eine brutale Aggression ab, anderswo werden Scheinreferenden durchgef\u00fchrt.<\/p>\n<p>Die ARD schreibt ihren redaktionellen Mit\u00adarbeitern vor, die Hamas nicht nur als \u201era\u00addikalislamistisch\u201c, sondern auch als Terror\u00adorganisation zu charakterisieren, obwohl das sachlich und v\u00f6lkerrechtlich absurd ist. An\u00adgesichts des zionistischen Massenmordes in Gaza sollen sie nicht von einer \u201eGewalt\u00adspirale\u201c sprechen \u2013 was schon verharmlosend genug w\u00e4re! \u2013 sondern von Israels Selbst\u00adverteidigung.<\/p>\n<p style=\"text-align: right;\"><em>Herzlichst Sebastian Bahlo<\/em><\/p>\n<p>Inhalt:<\/p>\n<p><strong>Aufgaben der Aufkl\u00e4rung<\/strong><\/p>\n<ul>\n<li>V\u00f6lkerrechtswidrige Angriffskriege<\/li>\n<li>Ukraine, Russland und das V\u00f6lkerrecht<\/li>\n<li>Wolfgang Effenberger:<br \/>\n<a href=\"https:\/\/www.freidenker.org\/?p=17713\">Full Spectrum Dominance \u2013 Herrschafts\u00adstrategien von USA und NATO<\/a><br \/>\n(<img data-recalc-dims=\"1\" loading=\"lazy\" decoding=\"async\" data-attachment-id=\"1072\" data-permalink=\"https:\/\/www.freidenker.org\/?attachment_id=1072\" data-orig-file=\"https:\/\/i0.wp.com\/www.freidenker.org\/fw17\/wp-content\/uploads\/2017\/10\/pdf_icon-e1509487447542.png?fit=16%2C16&amp;ssl=1\" data-orig-size=\"16,16\" data-comments-opened=\"0\" data-image-meta=\"{&quot;aperture&quot;:&quot;0&quot;,&quot;credit&quot;:&quot;&quot;,&quot;camera&quot;:&quot;&quot;,&quot;caption&quot;:&quot;&quot;,&quot;created_timestamp&quot;:&quot;0&quot;,&quot;copyright&quot;:&quot;&quot;,&quot;focal_length&quot;:&quot;0&quot;,&quot;iso&quot;:&quot;0&quot;,&quot;shutter_speed&quot;:&quot;0&quot;,&quot;title&quot;:&quot;&quot;,&quot;orientation&quot;:&quot;0&quot;}\" data-image-title=\"pdf_icon_16\" data-image-description=\"\" data-image-caption=\"\" data-large-file=\"https:\/\/i0.wp.com\/www.freidenker.org\/fw17\/wp-content\/uploads\/2017\/10\/pdf_icon-e1509487447542.png?fit=16%2C16&amp;ssl=1\" class=\"alignnone size-full wp-image-1072\" src=\"https:\/\/i0.wp.com\/www.freidenker.org\/fw17\/wp-content\/uploads\/2017\/10\/pdf_icon-e1509487447542.png?resize=16%2C16&#038;ssl=1\" alt=\"\" width=\"16\" height=\"16\" \/>\u00a0<a href=\"https:\/\/www.freidenker.org\/fw17\/wp-content\/uploads\/2023\/12\/Freidenker_2023-04_Effenberg_FullSpectrumDominance.pdf\" target=\"_blank\" rel=\"noopener\">PDF-Dokument<\/a> ca. 689 KB)<\/li>\n<li>Sergej Lawrow:<br \/>\nMultipolare Weltordnung<\/li>\n<li>Atomwaffenverbotsvertrag<\/li>\n<li>Ethnische S\u00e4uberung Pal\u00e4stinas<\/li>\n<li><a href=\"https:\/\/www.freidenker.org\/?p=17717\">Zur Gleichsetzung von Juden, Zionismus und Israel<\/a><br \/>\n(<img data-recalc-dims=\"1\" loading=\"lazy\" decoding=\"async\" data-attachment-id=\"1072\" data-permalink=\"https:\/\/www.freidenker.org\/?attachment_id=1072\" data-orig-file=\"https:\/\/i0.wp.com\/www.freidenker.org\/fw17\/wp-content\/uploads\/2017\/10\/pdf_icon-e1509487447542.png?fit=16%2C16&amp;ssl=1\" data-orig-size=\"16,16\" data-comments-opened=\"0\" data-image-meta=\"{&quot;aperture&quot;:&quot;0&quot;,&quot;credit&quot;:&quot;&quot;,&quot;camera&quot;:&quot;&quot;,&quot;caption&quot;:&quot;&quot;,&quot;created_timestamp&quot;:&quot;0&quot;,&quot;copyright&quot;:&quot;&quot;,&quot;focal_length&quot;:&quot;0&quot;,&quot;iso&quot;:&quot;0&quot;,&quot;shutter_speed&quot;:&quot;0&quot;,&quot;title&quot;:&quot;&quot;,&quot;orientation&quot;:&quot;0&quot;}\" data-image-title=\"pdf_icon_16\" data-image-description=\"\" data-image-caption=\"\" data-large-file=\"https:\/\/i0.wp.com\/www.freidenker.org\/fw17\/wp-content\/uploads\/2017\/10\/pdf_icon-e1509487447542.png?fit=16%2C16&amp;ssl=1\" class=\"alignnone size-full wp-image-1072\" src=\"https:\/\/i0.wp.com\/www.freidenker.org\/fw17\/wp-content\/uploads\/2017\/10\/pdf_icon-e1509487447542.png?resize=16%2C16&#038;ssl=1\" alt=\"\" width=\"16\" height=\"16\" \/>\u00a0<a href=\"https:\/\/www.freidenker.org\/fw17\/wp-content\/uploads\/2023\/12\/Freidenker_2023-04_Pumphrey_ZurGleichsetzungVonJudenZionismusUndIsrael.pdf\" target=\"_blank\" rel=\"noopener\">PDF-Dokument<\/a> ca. 330 KB)<\/li>\n<li>Meinungsverbrechen: \u201eVom Fluss zum Meer &#8211; Pal\u00e4stina wird frei sein\u201c<\/li>\n<li><a href=\"https:\/\/www.freidenker.org\/?p=17582\">Was ist \u201eRechts\u201c, was ist \u201eLinks\u201c?<\/a><\/li>\n<li>Klimaforschung<\/li>\n<li>Weltgesundheitsorganisation (WHO)<\/li>\n<\/ul>\n<p><strong>Lyrik<\/strong><\/p>\n<ul>\n<li>Bertolt Brecht:<br \/>\nIdeal eines Mannes in fr\u00fcheren Zeiten<\/li>\n<\/ul>\n<p><img data-recalc-dims=\"1\" loading=\"lazy\" decoding=\"async\" data-attachment-id=\"17719\" data-permalink=\"https:\/\/www.freidenker.org\/?attachment_id=17719\" data-orig-file=\"https:\/\/i0.wp.com\/www.freidenker.org\/fw17\/wp-content\/uploads\/2023\/12\/fd_2023-04_640px.jpg?fit=455%2C642&amp;ssl=1\" data-orig-size=\"455,642\" data-comments-opened=\"0\" data-image-meta=\"{&quot;aperture&quot;:&quot;0&quot;,&quot;credit&quot;:&quot;&quot;,&quot;camera&quot;:&quot;&quot;,&quot;caption&quot;:&quot;&quot;,&quot;created_timestamp&quot;:&quot;0&quot;,&quot;copyright&quot;:&quot;&quot;,&quot;focal_length&quot;:&quot;0&quot;,&quot;iso&quot;:&quot;0&quot;,&quot;shutter_speed&quot;:&quot;0&quot;,&quot;title&quot;:&quot;&quot;,&quot;orientation&quot;:&quot;1&quot;}\" data-image-title=\"fd_2023-04_640px\" data-image-description=\"\" data-image-caption=\"\" data-large-file=\"https:\/\/i0.wp.com\/www.freidenker.org\/fw17\/wp-content\/uploads\/2023\/12\/fd_2023-04_640px.jpg?fit=455%2C642&amp;ssl=1\" class=\"alignnone wp-image-17719 size-full\" src=\"https:\/\/i0.wp.com\/www.freidenker.org\/fw17\/wp-content\/uploads\/2023\/12\/fd_2023-04_640px.jpg?resize=455%2C642&#038;ssl=1\" alt=\"\" width=\"455\" height=\"642\" srcset=\"https:\/\/i0.wp.com\/www.freidenker.org\/fw17\/wp-content\/uploads\/2023\/12\/fd_2023-04_640px.jpg?w=455&amp;ssl=1 455w, https:\/\/i0.wp.com\/www.freidenker.org\/fw17\/wp-content\/uploads\/2023\/12\/fd_2023-04_640px.jpg?resize=213%2C300&amp;ssl=1 213w\" sizes=\"auto, (max-width: 455px) 100vw, 455px\" \/><\/p>\n<p><strong>Online-Ausgabe:<\/strong><\/p>\n<p><img loading=\"lazy\" decoding=\"async\" data-attachment-id=\"1076\" data-permalink=\"https:\/\/www.freidenker.org\/?attachment_id=1076\" data-orig-file=\"https:\/\/i0.wp.com\/www.freidenker.org\/fw17\/wp-content\/uploads\/2017\/10\/pdf_icon-2.png?fit=32%2C32&amp;ssl=1\" data-orig-size=\"32,32\" data-comments-opened=\"0\" data-image-meta=\"{&quot;aperture&quot;:&quot;0&quot;,&quot;credit&quot;:&quot;&quot;,&quot;camera&quot;:&quot;&quot;,&quot;caption&quot;:&quot;&quot;,&quot;created_timestamp&quot;:&quot;0&quot;,&quot;copyright&quot;:&quot;&quot;,&quot;focal_length&quot;:&quot;0&quot;,&quot;iso&quot;:&quot;0&quot;,&quot;shutter_speed&quot;:&quot;0&quot;,&quot;title&quot;:&quot;&quot;,&quot;orientation&quot;:&quot;0&quot;}\" data-image-title=\"pdf_icon\" data-image-description=\"\" data-image-caption=\"\" data-large-file=\"https:\/\/i0.wp.com\/www.freidenker.org\/fw17\/wp-content\/uploads\/2017\/10\/pdf_icon-2.png?fit=32%2C32&amp;ssl=1\" class=\"alignnone size-full wp-image-1076\" src=\"https:\/\/i0.wp.com\/www.freidenker.org\/fw17\/wp-content\/uploads\/2017\/10\/pdf_icon-2.png?resize=32%2C32&amp;ssl=1\" alt=\"\" width=\"32\" height=\"32\" data-attachment-id=\"1076\" data-permalink=\"https:\/\/www.freidenker.org\/?attachment_id=1076\" data-orig-file=\"https:\/\/i0.wp.com\/www.freidenker.org\/fw17\/wp-content\/uploads\/2017\/10\/pdf_icon-2.png?fit=32%2C32&amp;ssl=1\" data-orig-size=\"32,32\" data-comments-opened=\"0\" data-image-meta=\"{&quot;aperture&quot;:&quot;0&quot;,&quot;credit&quot;:&quot;&quot;,&quot;camera&quot;:&quot;&quot;,&quot;caption&quot;:&quot;&quot;,&quot;created_timestamp&quot;:&quot;0&quot;,&quot;copyright&quot;:&quot;&quot;,&quot;focal_length&quot;:&quot;0&quot;,&quot;iso&quot;:&quot;0&quot;,&quot;shutter_speed&quot;:&quot;0&quot;,&quot;title&quot;:&quot;&quot;,&quot;orientation&quot;:&quot;0&quot;}\" data-image-title=\"pdf_icon\" data-image-description=\"\" data-image-caption=\"\" data-medium-file=\"https:\/\/i0.wp.com\/www.freidenker.org\/fw17\/wp-content\/uploads\/2017\/10\/pdf_icon-2.png?fit=32%2C32&amp;ssl=1\" data-large-file=\"https:\/\/i0.wp.com\/www.freidenker.org\/fw17\/wp-content\/uploads\/2017\/10\/pdf_icon-2.png?fit=32%2C32&amp;ssl=1\" data-recalc-dims=\"1\" \/>\u00a0<a href=\"https:\/\/www.freidenker.org\/fw17\/wp-content\/uploads\/2024\/12\/Freidenker_2023-04_online.pdf\" target=\"_blank\" rel=\"noopener\">Verbandsorgan FREIDENKER 4-23 im PDF-Format<\/a>\u00a0(ca. 2,9 MB)<\/p>\n<p>Zum\u00a0<a href=\"https:\/\/www.freidenker.org\/?page_id=1682\">\u00dcberblick \u00fcber alle Online-Ausgaben<\/a><\/p>\n","protected":false},"excerpt":{"rendered":"<p><b>Die Ausgabe 4-23 des Verbandsorgans FREIDENKER hat das Schwerpunkt-Thema \u201cRichtigstellung der Begriffe\u201d und enth\u00e4lt u.a. Beitr\u00e4ge zur Erl\u00e4uterung folgender Begriffe:<\/b><br \/>\n&#8211; V\u00f6lkerrechtswidrige Angriffskriege<br \/>\n&#8211; Ukraine, Russland und das V\u00f6lkerrecht<br \/>\n&#8211; Full Spectrum Dominance \u2013 Herrschafts\u00adstrategien von USA und NATO<br \/>\n&#8211; Multipolare Weltordnung<br \/>\n&#8211; Atomwaffenverbotsvertrag<br \/>\n&#8211; Ethnische S\u00e4uberung Pal\u00e4stinas<br \/>\n&#8211; Zur Gleichsetzung von Juden, Zionismus und Israel<br \/>\n&#8211; Meinungsverbrechen: \u201eVom Fluss zum Meer &#8211; Pal\u00e4stina wird frei sein\u201c<br \/>\n&#8211; Was ist \u201eRechts\u201c, was ist \u201eLinks\u201c?<br \/>\n&#8211; Klimaforschung<br \/>\n&#8211; Weltgesundheitsorganisation (WHO)<\/p>\n","protected":false},"author":3,"featured_media":17720,"comment_status":"closed","ping_status":"closed","sticky":false,"template":"","format":"standard","meta":{"colormag_page_container_layout":"default_layout","colormag_page_sidebar_layout":"default_layout","advanced_seo_description":"","jetpack_seo_html_title":"","jetpack_seo_noindex":false,"jetpack_post_was_ever_published":false,"footnotes":""},"categories":[8],"tags":[1061,211,2054,393,84,1091,2055,394,222,1111,345,1267,579],"class_list":["post-17710","post","type-post","status-publish","format-standard","has-post-thumbnail","hentry","category-verbandsorgan-freidenker","tag-atomwaffen","tag-aufklaerung","tag-herrschaftsstrategie","tag-israel","tag-klima","tag-links-rechts","tag-multipolare-weltordnung","tag-palaestina","tag-russland","tag-ukraine","tag-voelkerrecht","tag-who","tag-zionismus"],"jetpack_featured_media_url":"https:\/\/i0.wp.com\/www.freidenker.org\/fw17\/wp-content\/uploads\/2023\/12\/FD_2023-04_Titel_mR.jpg?fit=800%2C445&ssl=1","jetpack_shortlink":"https:\/\/wp.me\/p9stpK-4BE","jetpack-related-posts":[{"id":5589,"url":"https:\/\/www.freidenker.org\/?p=5589","url_meta":{"origin":17710,"position":0},"title":"FREIDENKER 4-18  \u2013 Richtigstellung der Begriffe","author":"Webredaktion","date":"15. Dezember 2018","format":false,"excerpt":"Die Ausgabe 4-18 des Verbandsorgans FREIDENKER hat das Schwerpunkt-Thema \u201cRichtigstellung der Begriffe\u201d und enth\u00e4lt u.a. Beitr\u00e4ge zur Erl\u00e4uterung folgender Begriffe: \u2013 Nie wieder Krieg! \u2013 \u201eLinks\u201c? \u201eRechts\u201c? \u2013 \u201eQuerfront\u201c? \u2013 \u201eL\u00fcgenpresse\u201c \u2013 ein \u201eNazi-Wort\u201c? \u2013 Der Neusprech der Manipulation \u2013 \u201eVerschw\u00f6rungstheoretiker\u201c \u2013 Asyl, Flucht, Migration","rel":"","context":"In &quot;Demokratie \u2013 Medien \u2013 Aufkl\u00e4rung&quot;","block_context":{"text":"Demokratie \u2013 Medien \u2013 Aufkl\u00e4rung","link":"https:\/\/www.freidenker.org\/?cat=12"},"img":{"alt_text":"","src":"https:\/\/i0.wp.com\/www.freidenker.org\/fw17\/wp-content\/uploads\/2018\/12\/FD_2018-04_Titel_mR-1.jpg?fit=800%2C445&ssl=1&resize=350%2C200","width":350,"height":200,"srcset":"https:\/\/i0.wp.com\/www.freidenker.org\/fw17\/wp-content\/uploads\/2018\/12\/FD_2018-04_Titel_mR-1.jpg?fit=800%2C445&ssl=1&resize=350%2C200 1x, https:\/\/i0.wp.com\/www.freidenker.org\/fw17\/wp-content\/uploads\/2018\/12\/FD_2018-04_Titel_mR-1.jpg?fit=800%2C445&ssl=1&resize=525%2C300 1.5x, https:\/\/i0.wp.com\/www.freidenker.org\/fw17\/wp-content\/uploads\/2018\/12\/FD_2018-04_Titel_mR-1.jpg?fit=800%2C445&ssl=1&resize=700%2C400 2x"},"classes":[]},{"id":768,"url":"https:\/\/www.freidenker.org\/?p=768","url_meta":{"origin":17710,"position":1},"title":"FREIDENKER 4-12 EXTRA &#8211; Aufgaben der Aufkl\u00e4rung: &#8222;Die Richtigstellung der Begriffe&#8220;","author":"Webmaster","date":"16. Dezember 2012","format":false,"excerpt":"Die Ausgabe 4-12 des Verbandsorgans FREIDENKER beinhaltet aktuelle grundlegende Dokumente des Deutschen Freidenker-Verbandes: - Aufgaben der Aufkl\u00e4rung: \u201eDie Richtigstellung der Begriffe\u201c (beschlossen 2012) - Gegen Volksverdummung und die Zerst\u00f6rung der Vernunft \u2013 F\u00fcr Aufkl\u00e4rung! (beschlossen 2009) - Berliner Erkl\u00e4rung: \u201eWer sind die Freidenker und was wollen sie?\u201c (beschlossen 1994) -\u2026","rel":"","context":"In &quot;Verbandsorgan FREIDENKER&quot;","block_context":{"text":"Verbandsorgan FREIDENKER","link":"https:\/\/www.freidenker.org\/?cat=8"},"img":{"alt_text":"","src":"https:\/\/i0.wp.com\/www.freidenker.org\/fw17\/wp-content\/uploads\/2017\/12\/FD_2012-04_Titel_mR.jpg?fit=800%2C445&ssl=1&resize=350%2C200","width":350,"height":200,"srcset":"https:\/\/i0.wp.com\/www.freidenker.org\/fw17\/wp-content\/uploads\/2017\/12\/FD_2012-04_Titel_mR.jpg?fit=800%2C445&ssl=1&resize=350%2C200 1x, https:\/\/i0.wp.com\/www.freidenker.org\/fw17\/wp-content\/uploads\/2017\/12\/FD_2012-04_Titel_mR.jpg?fit=800%2C445&ssl=1&resize=525%2C300 1.5x, https:\/\/i0.wp.com\/www.freidenker.org\/fw17\/wp-content\/uploads\/2017\/12\/FD_2012-04_Titel_mR.jpg?fit=800%2C445&ssl=1&resize=700%2C400 2x"},"classes":[]},{"id":456,"url":"https:\/\/www.freidenker.org\/?p=456","url_meta":{"origin":17710,"position":2},"title":"Freidenker-Verbandstag 2016","author":"Webmaster","date":"6. Juni 2016","format":false,"excerpt":"\"Wie wollen wir leben? Solidarisch und selbstbestimmt \u2013 ohne Kapitalismus und ohne Kriege\" - Unter diesem Motto tagte am 4. und 5. Juni 2016 in Potsdam der alle vier Jahre stattfindende Verbandstag des Deutschen Freidenker-Verbandes. Mehr als 50 Delegierte aus allen Bundesl\u00e4ndern sowie einige Dutzend weitere Funktion\u00e4re und G\u00e4ste gestalteten\u2026","rel":"","context":"In &quot;Zentrale Veranstaltungen&quot;","block_context":{"text":"Zentrale Veranstaltungen","link":"https:\/\/www.freidenker.org\/?cat=20"},"img":{"alt_text":"","src":"https:\/\/i0.wp.com\/www.freidenker.org\/fw17\/wp-content\/uploads\/2016\/08\/Verbandstag-2016.jpg?fit=800%2C445&ssl=1&resize=350%2C200","width":350,"height":200,"srcset":"https:\/\/i0.wp.com\/www.freidenker.org\/fw17\/wp-content\/uploads\/2016\/08\/Verbandstag-2016.jpg?fit=800%2C445&ssl=1&resize=350%2C200 1x, https:\/\/i0.wp.com\/www.freidenker.org\/fw17\/wp-content\/uploads\/2016\/08\/Verbandstag-2016.jpg?fit=800%2C445&ssl=1&resize=525%2C300 1.5x, https:\/\/i0.wp.com\/www.freidenker.org\/fw17\/wp-content\/uploads\/2016\/08\/Verbandstag-2016.jpg?fit=800%2C445&ssl=1&resize=700%2C400 2x"},"classes":[]},{"id":19798,"url":"https:\/\/www.freidenker.org\/?p=19798","url_meta":{"origin":17710,"position":3},"title":"Klaus Hartmann spricht Klartext: Deutsche Regierung ist rechts!","author":"Webredaktion","date":"1. September 2024","format":false,"excerpt":"Video-Interview von Masha Janssen\u00a0mit Klaus Hartmann In einem aufschlussreichen Gespr\u00e4ch mit Klaus Hartmann, dem stellvertretenden Vorsitzenden des Freidenkerverbandes ..., diskutieren wir \u00fcber die wahre Bedeutungen der politischen Begriffe \"links\" und \"rechts\". Seit ihrer Entstehung haben sich die Bedeutungen von \"links\" und \"rechts\" stark ver\u00e4ndert und sind oft Gegenstand von Verwirrung\u2026","rel":"","context":"In &quot;Demokratie \u2013 Medien \u2013 Aufkl\u00e4rung&quot;","block_context":{"text":"Demokratie \u2013 Medien \u2013 Aufkl\u00e4rung","link":"https:\/\/www.freidenker.org\/?cat=12"},"img":{"alt_text":"","src":"https:\/\/i0.wp.com\/www.freidenker.org\/fw17\/wp-content\/uploads\/2024\/09\/Hartmann_Masha_3_800x450.jpg?fit=800%2C450&ssl=1&resize=350%2C200","width":350,"height":200,"srcset":"https:\/\/i0.wp.com\/www.freidenker.org\/fw17\/wp-content\/uploads\/2024\/09\/Hartmann_Masha_3_800x450.jpg?fit=800%2C450&ssl=1&resize=350%2C200 1x, https:\/\/i0.wp.com\/www.freidenker.org\/fw17\/wp-content\/uploads\/2024\/09\/Hartmann_Masha_3_800x450.jpg?fit=800%2C450&ssl=1&resize=525%2C300 1.5x, https:\/\/i0.wp.com\/www.freidenker.org\/fw17\/wp-content\/uploads\/2024\/09\/Hartmann_Masha_3_800x450.jpg?fit=800%2C450&ssl=1&resize=700%2C400 2x"},"classes":[]},{"id":758,"url":"https:\/\/www.freidenker.org\/?p=758","url_meta":{"origin":17710,"position":4},"title":"FREIDENKER 2-12 &#8211; Unser Amerika","author":"Webmaster","date":"16. Juli 2012","format":false,"excerpt":"Die Ausgabe 2-12 des Verbandsorgans FREIDENKER hat das Schwerpunkt-Thema \u201eUnser Amerika\u201c und enth\u00e4lt u.a folgende Beitr\u00e4ge: - Andr\u00e9 Scheer: \"Unser Amerika\" - Tobias Baumann: ALBA und das Mitgliedsland Ecuador - Elke Zwinge-Makamizile: Zwei unterschiedliche Einstellungen zum Menschen - Fidel Castro Ruz: Wege, die in die Katastrophe f\u00fchren - Klaus Hartmann:\u2026","rel":"","context":"In &quot;Verbandsorgan FREIDENKER&quot;","block_context":{"text":"Verbandsorgan FREIDENKER","link":"https:\/\/www.freidenker.org\/?cat=8"},"img":{"alt_text":"","src":"https:\/\/i0.wp.com\/www.freidenker.org\/fw17\/wp-content\/uploads\/2017\/12\/FD_2012-02_Titel_mR.jpg?fit=800%2C445&ssl=1&resize=350%2C200","width":350,"height":200,"srcset":"https:\/\/i0.wp.com\/www.freidenker.org\/fw17\/wp-content\/uploads\/2017\/12\/FD_2012-02_Titel_mR.jpg?fit=800%2C445&ssl=1&resize=350%2C200 1x, https:\/\/i0.wp.com\/www.freidenker.org\/fw17\/wp-content\/uploads\/2017\/12\/FD_2012-02_Titel_mR.jpg?fit=800%2C445&ssl=1&resize=525%2C300 1.5x, https:\/\/i0.wp.com\/www.freidenker.org\/fw17\/wp-content\/uploads\/2017\/12\/FD_2012-02_Titel_mR.jpg?fit=800%2C445&ssl=1&resize=700%2C400 2x"},"classes":[]},{"id":448,"url":"https:\/\/www.freidenker.org\/?p=448","url_meta":{"origin":17710,"position":5},"title":"Aufgaben der Aufkl\u00e4rung: Die Richtigstellung der Begriffe\u201c","author":"Webmaster","date":"16. Dezember 2012","format":false,"excerpt":"Beschluss des Verbandsvorstandes vom 27.\/28. Oktober 2012. Auszug: \"Der Deutsche Freidenker-Verband sieht das Ziel der historischen Aufkl\u00e4rungsbewegung, die Durchsetzung der Vernunft im geistigen und wissenschaftlichen Leben, f\u00fcr nicht erreicht an, und daher in der Fortsetzung der Aufkl\u00e4rung eine zentrale Aufgabe. ... In Gesellschaft, Staat und Politik sind auch heute \u201amoderne\u2019\u2026","rel":"","context":"In &quot;Positionen&quot;","block_context":{"text":"Positionen","link":"https:\/\/www.freidenker.org\/?cat=210"},"img":{"alt_text":"","src":"https:\/\/i0.wp.com\/www.freidenker.org\/fw17\/wp-content\/uploads\/2016\/08\/Denkerkopf_01.jpg?fit=800%2C445&ssl=1&resize=350%2C200","width":350,"height":200,"srcset":"https:\/\/i0.wp.com\/www.freidenker.org\/fw17\/wp-content\/uploads\/2016\/08\/Denkerkopf_01.jpg?fit=800%2C445&ssl=1&resize=350%2C200 1x, https:\/\/i0.wp.com\/www.freidenker.org\/fw17\/wp-content\/uploads\/2016\/08\/Denkerkopf_01.jpg?fit=800%2C445&ssl=1&resize=525%2C300 1.5x, https:\/\/i0.wp.com\/www.freidenker.org\/fw17\/wp-content\/uploads\/2016\/08\/Denkerkopf_01.jpg?fit=800%2C445&ssl=1&resize=700%2C400 2x"},"classes":[]}],"_links":{"self":[{"href":"https:\/\/www.freidenker.org\/index.php?rest_route=\/wp\/v2\/posts\/17710","targetHints":{"allow":["GET"]}}],"collection":[{"href":"https:\/\/www.freidenker.org\/index.php?rest_route=\/wp\/v2\/posts"}],"about":[{"href":"https:\/\/www.freidenker.org\/index.php?rest_route=\/wp\/v2\/types\/post"}],"author":[{"embeddable":true,"href":"https:\/\/www.freidenker.org\/index.php?rest_route=\/wp\/v2\/users\/3"}],"replies":[{"embeddable":true,"href":"https:\/\/www.freidenker.org\/index.php?rest_route=%2Fwp%2Fv2%2Fcomments&post=17710"}],"version-history":[{"count":0,"href":"https:\/\/www.freidenker.org\/index.php?rest_route=\/wp\/v2\/posts\/17710\/revisions"}],"wp:featuredmedia":[{"embeddable":true,"href":"https:\/\/www.freidenker.org\/index.php?rest_route=\/wp\/v2\/media\/17720"}],"wp:attachment":[{"href":"https:\/\/www.freidenker.org\/index.php?rest_route=%2Fwp%2Fv2%2Fmedia&parent=17710"}],"wp:term":[{"taxonomy":"category","embeddable":true,"href":"https:\/\/www.freidenker.org\/index.php?rest_route=%2Fwp%2Fv2%2Fcategories&post=17710"},{"taxonomy":"post_tag","embeddable":true,"href":"https:\/\/www.freidenker.org\/index.php?rest_route=%2Fwp%2Fv2%2Ftags&post=17710"}],"curies":[{"name":"wp","href":"https:\/\/api.w.org\/{rel}","templated":true}]}}