{"id":17680,"date":"2023-12-24T01:39:10","date_gmt":"2023-12-24T00:39:10","guid":{"rendered":"https:\/\/www.freidenker.org\/?p=17680"},"modified":"2024-01-20T11:05:09","modified_gmt":"2024-01-20T10:05:09","slug":"mit-der-ampel-ins-chaos","status":"publish","type":"post","link":"https:\/\/www.freidenker.org\/?p=17680","title":{"rendered":"Mit der Ampel ins Chaos"},"content":{"rendered":"<div class=\"ArticleView-title\">\n<h4 class=\"HeadLine-root HeadLine-type_2 \">Es fehlt einfach die wirtschaftspolitische Vernunft<\/h4>\n<\/div>\n<div class=\"ShareBlock-item ShareBlock-pdflink\"><strong>Die Ampel verweigert sich weiter einer rationalen Analyse der Probleme Deutschlands. Die Schuld sucht sie wahlweise im Karlsruher Urteil oder bei Putin. Dabei ist es das Sanktions-Regime, das die deutsche Wirtschaft zerst\u00f6rt. Wer das versteht, kennt auch die L\u00f6sung.<\/strong><\/div>\n<div>\n<p><em>Von <strong>Gert Ewen Ungar<\/strong><\/em><\/p>\n<p><span style=\"font-size: 10pt;\">Erstver\u00f6ffentlichung am 18.12.2023 auf <a href=\"https:\/\/meinungsfreiheit.rtde.life\/meinung\/190245-fehlende-wirtschaftspolitische-vernunft-mit-ampel\/\" target=\"_blank\" rel=\"noopener\">RT DE<\/a><\/span><\/p>\n<div class=\"EmbedBlock-root EmbedBlock-all\">\n<div class=\"AllEmbed\"><iframe loading=\"lazy\" title=\"Mit der Ampel ins Chaos \u2013 Es fehlt einfach die wirtschaftspolitische Vernunft\" src=\"https:\/\/www.podbean.com\/player-v2\/?i=8p4uq-152d015-pb&amp;from=pb6admin&amp;share=1&amp;download=1&amp;rtl=0&amp;fonts=Arial&amp;skin=1&amp;font-color=&amp;logo_link=episode_page&amp;btn-skin=7\" width=\"100%\" height=\"150\" scrolling=\"no\" allowfullscreen=\"allowfullscreen\" data-name=\"pb-iframe-player\"><\/iframe><\/div>\n<\/div>\n<p>Am 13. Dezember verk\u00fcndeten Kanzler Scholz (SPD), Wirtschaftsminister Habeck (B\u00fcndnis 90\/Die Gr\u00fcnen) und Finanzminister Lindner (FDP), einen tragf\u00e4higen Kompromiss im Haushaltsstreit gefunden zu haben. Heute, am 18. Dezember, lediglich f\u00fcnf Tage sp\u00e4ter, droht der Kompromiss bereits zu scheitern. Nicht am Widerstand der Opposition wohlgemerkt, sondern am Widerstand aus der Koalition selbst. Die FDP-Fraktion k\u00fcndigte an, ihr Veto einzulegen. Landwirtschaftsminister Cem \u00d6zdemir (B\u00fcndnis 90\/Die Gr\u00fcnen) solidarisierte sich mit den deutschen Landwirten, die heute in Berlin protestieren. Der gefundene Kompromiss sei &#8222;problematisch&#8220;, teilte der Minister bereits gestern mit. Finanzminister Lindner sagte ebenfalls gestern in der <em>ARD<\/em>-Sendung <em>Bericht aus Berlin<\/em>, wenn der Landwirtschaftsminister und eine Fraktion Bedenken haben, m\u00fcsse man das ernst nehmen.<\/p>\n<p>Wirtschaftsminister Robert Habeck wird daraufhin panisch. Der gefundene Kompromiss verlange allen etwas ab, sagt er in einem Interview mit der <em>dpa<\/em>. Dabei tut er so, als ginge es nicht anders. Einschnitte tun weh, m\u00fcssen aber sein.<\/p>\n<blockquote><p><em>&#8222;K\u00fcrzungen muten Menschen etwas zu, und ich h\u00e4tte es gern vermieden&#8220;, behauptet Habeck. <\/em><\/p><\/blockquote>\n<p>Das ist nicht richtig. Diese Einschnitte m\u00fcssen nicht sein. Es w\u00e4re sch\u00f6n, wenn sich sowohl der Vizekanzler und die anderen Mitglieder der Ampelkoalition, aber auch die Opposition endlich ehrlich machen w\u00fcrden. Die deutsche Misere ist einer aggressiven, auf Konfrontation angelegten Politik geschuldet.<\/p>\n<p>In einem <a href=\"https:\/\/www.zdf.de\/nachrichten\/politik\/deutschland\/habeck-haushalt-schuldenbremse-notlage-100.html\" target=\"_blank\" rel=\"noopener noreferrer\">Interview<\/a> mit dem <em>ZDF<\/em> am Tag, als der wohl doch nicht so tragf\u00e4hige Haushaltskompromiss gefunden wurde, nimmt Habeck Stellung. Er behauptet da erneut, die hohen Energiepreise seien einem Schock von au\u00dfen geschuldet. Das ist schlicht falsch.<\/p>\n<blockquote><p><em>&#8222;Es sind ja keine Kosten, die aus dem Krieg den wir uns ausgedacht haben \u2026 die hohen Energiepreise kamen von au\u00dfen.&#8220; <\/em><\/p><\/blockquote>\n<p>Sie seien durch den &#8222;russischen Angriffskrieg&#8220; ausgel\u00f6st worden. F\u00fcr diese Behauptung gibt es keinen einzigen stichhaltigen Beleg. Es ist eine Desinformation, die der Wirtschaftsminister\u00a0wiederholt\u00a0vortr\u00e4gt und die obendrein unwidersprochen bleibt. Die aktuellen Probleme Deutschlands gehen nahezu ausschlie\u00dflich auf die Sanktionen zur\u00fcck. Die aber wurden nicht von Russland, sondern von der EU verh\u00e4ngt. Die ganz gro\u00dfe Koalition von CDU \u00fcber FDP, die Gr\u00fcnen, Teile der Linken bis zur SPD sind gro\u00dfe Bef\u00fcrworter der Zwangsma\u00dfnahmen gegen Russland. Damit tragen sie die Verantwortung f\u00fcr die desastr\u00f6se Lage im Land und die d\u00fcsteren Zukunftsaussichten.<\/p>\n<p>Ziel der Sanktionen war im Gegenteil, der russischen Wirtschaft einen Schock zu versetzen, der sie innerhalb k\u00fcrzester Zeit vernichten w\u00fcrde. Man glaubte damals, man k\u00f6nne das selbst gut und ohne gro\u00dfe Ersch\u00fctterungen \u00fcberstehen. Das ist nicht gelungen. Es hat sich nicht bewahrheitet. Dennoch h\u00e4lt die ganz gro\u00dfe Koalition, aber auch die EU, am Sanktions-Regime fest, obwohl es inzwischen zu schweren Verwerfungen in der EU f\u00fchrt. Es l\u00f6st in den L\u00e4ndern der EU das aus, was es eigentlich in Russland bewirken sollte: den Niedergang der Wirtschaft verbunden mit B\u00fcrgerprotesten und R\u00fccktrittsforderungen an die jeweiligen Regierungen. Die deutschen Bauern haben heute am Brandenburger Tor der Bundesregierung den Kampf angesagt. So etwas sollte eigentlich auf dem Roten Platz passieren.<\/p>\n<p>Die deutsche Politik sollte sich daher endlich ehrlich machen. Deutschland hat in besonderem Ma\u00dfe von der Globalisierung profitiert, vom Abbau von Handelsschranken, dem Bezug von g\u00fcnstiger Energie aus Russland, einem globalen Absatzmarkt. Deutschland wurde Exportweltmeister nicht aufgrund der Genialit\u00e4t seiner Ingenieure und dem Flei\u00df seiner Arbeiter, wie es die Politik populistisch behauptet, sondern weil die Bedingungen f\u00fcr die deutsche Wirtschaft durch die Globalisierung besonders g\u00fcnstig waren.<\/p>\n<p>Es gab Zugang zu Rohstoffen und Energie einerseits und zu Absatzm\u00e4rkten andererseits. Eine Politik des Lohndumpings im Inland in Verbindung mit g\u00fcnstiger Energie und der Auslagerung von Teilen der Produktion in Niedriglohnl\u00e4nder machte die deutschen Produkte im Vergleich zu gleichwertigen Produkten aus anderen L\u00e4ndern g\u00fcnstig. Das brachte Deutschland einen entscheidenden Wettbewerbsvorteil. Das Sanktions-Regime hat in diese Mechanik zum Nachteil Deutschlands eingegriffen.<\/p>\n<p>Nicht der Krieg in der Ukraine, das Sanktions-Regime hat diese f\u00fcr die deutsche Wirtschaft g\u00fcnstigen Voraussetzungen zerst\u00f6rt. Die Sanktionen zerst\u00f6ren die Mechanismen, von denen Deutschland wie kaum ein anderes Land profitiert hat. Man kann diese Mechanismen nicht einfach \u00e4ndern, den Handel begrenzen und den Preis f\u00fcr Energie erh\u00f6hen, ohne dass dies massive Auswirkungen auf die deutsche Wirtschaft h\u00e4tte. Das ist die einzig sinnvoll zu ziehende Lehre aus dem Sanktions-Desaster, die aber in Berlin niemand ziehen will.<\/p>\n<p>F\u00fcr all dies tr\u00e4gt nicht Putin die Verantwortung. Die Verantwortlichen sitzen in den deutschen Ministerien und in Br\u00fcssel. Sie haben sich komplett verkalkuliert.<\/p>\n<p>&#8222;Was f\u00fcr Politikerinnen und Politiker nicht geht, ist, sich der Verantwortung zu entziehen&#8220;, sagt Habeck, doch genau das ist es, was er tut. Er versucht, sich der Verantwortung zu entziehen, indem er behauptet, Russland trage die Schuld f\u00fcr die deutsche Wirtschaftsmisere. Das ist schlicht nicht wahr. Die Krise ist ausschlie\u00dflich hausgemacht und die Verantwortlichen sitzen in der Regierung. Der Urteilsspruch der Verfassungsrichter in Karlsruhe zum Nachtragshaushalt hat die Fehlplanung lediglich fr\u00fcher als gedacht platzen lassen. Man kann nicht dauerhaft den Energiemarkt subventionieren und zu diesem Zweck immer neue Schulden aufnehmen, wie die Ampel das geplant hatte.<\/p>\n<p>Wenn man einmal verstanden hat, was die deutschen Probleme ausgel\u00f6st hat, ist man der L\u00f6sung aber schon einen Schritt n\u00e4her. Man wird dann erkennen, dass sie sich ohne Russland nicht l\u00f6sen lassen. Der Wohlstand in Deutschland ist von der Kooperation mit Russland abh\u00e4ngig. Um diese Erkenntnis wird man in Deutschland nicht herumkommen.<\/p>\n<p>Dann gibt es zwei M\u00f6glichkeiten. Man verzichtet auf Wohlstand und nimmt in Kauf, dass Deutschland aufgrund zunehmender Verteilungsk\u00e4mpfe unregierbar wird. Was passiert, wenn der Wohlstand in einer Gesellschaft pl\u00f6tzlich sinkt, lie\u00df sich in den 90ern in Russland gut beobachten. Verfolgt man in Deutschland weiter den eingeschlagenen Kurs, steht dem Land ein \u00e4hnliches Schicksal bevor.<\/p>\n<p>Die Alternative dazu w\u00e4re, politische Vernunft anzunehmen und sich im Verh\u00e4ltnis zu Russland um Schadensbegrenzung zu bem\u00fchen. Der deutsche Wohlstand ist von Russland abh\u00e4ngig, wie diese Krise deutlich macht. Man sollte daraus die entsprechenden Schl\u00fcsse ziehen \u2013 Schl\u00fcsse zum Wohle Deutschlands und Schl\u00fcsse, die dem Frieden in Europa dienen. Ob das mit dieser Politikergeneration m\u00f6glich ist, wird die n\u00e4chste Zukunft zeigen. Zweifel daran sind mehr als angebracht, denn man glaubt sich in Berlin auch f\u00fcr den Handelskrieg mit China gut ger\u00fcstet. Zugleich fehlt es an Einblick in makro\u00f6konomische Zusammenh\u00e4nge. F\u00fcr die Deutschen steht daher viel auf dem Spiel.<\/p>\n<p style=\"text-align: right;\"><em>Gert-Ewen Ungar studierte Philosophie und Germanistik und schreibt regelm\u00e4\u00dfig f\u00fcr die <a href=\"https:\/\/www.neulandrebellen.de\/\">Neulandrebellen<\/a> \u00a0<\/em><\/p>\n<hr \/>\n<p><span style=\"font-size: 10pt;\">Bild oben: Demonstration anl\u00e4sslich der Sondierungsgespr\u00e4che zu einer m\u00f6glichen Ampelkoalition am 11.10.2021<\/span><br \/>\n<span style=\"font-size: 10pt;\">Foto: Paul Lovis Wagner \/ Campact, <a href=\"https:\/\/creativecommons.org\/licenses\/by-nc\/2.0\/\" target=\"_blank\" rel=\"noopener\">CC BY-NC 2.0 Deed<\/a><\/span><br \/>\n<span style=\"font-size: 10pt;\">Quelle: <a href=\"https:\/\/www.flickr.com\/photos\/campact\/51576526359\" target=\"_blank\" rel=\"noopener\">https:\/\/www.flickr.com\/photos\/campact\/51576526359<\/a><\/span><\/p>\n<\/div>\n","protected":false},"excerpt":{"rendered":"<p><b>Beitrag von Gert Ewen Ungar<\/b><br \/>\nAm 13. Dezember verk\u00fcndeten Kanzler Scholz (SPD), Wirtschaftsminister Habeck (B\u00fcndnis 90\/Die Gr\u00fcnen) und Finanzminister Lindner (FDP), einen tragf\u00e4higen Kompromiss im Haushaltsstreit gefunden zu haben. Heute, am 18. Dezember, lediglich f\u00fcnf Tage sp\u00e4ter, droht der Kompromiss bereits zu scheitern. Nicht am Widerstand der Opposition wohlgemerkt, sondern am Widerstand aus der Koalition selbst. Die FDP-Fraktion k\u00fcndigte an, ihr Veto einzulegen. Landwirtschaftsminister Cem \u00d6zdemir (B\u00fcndnis 90\/Die Gr\u00fcnen) solidarisierte sich mit den deutschen Landwirten, die heute in Berlin protestieren. Der gefundene Kompromiss sei &#8222;problematisch&#8220;, teilte der Minister bereits gestern mit. Finanzminister Lindner sagte ebenfalls gestern in der ARD-Sendung Bericht aus Berlin, wenn der Landwirtschaftsminister und eine Fraktion Bedenken haben, m\u00fcsse man das ernst nehmen.\u00a0<\/p>\n","protected":false},"author":3,"featured_media":17681,"comment_status":"closed","ping_status":"closed","sticky":false,"template":"","format":"standard","meta":{"colormag_page_container_layout":"default_layout","colormag_page_sidebar_layout":"default_layout","advanced_seo_description":"","jetpack_seo_html_title":"","jetpack_seo_noindex":false,"jetpack_post_was_ever_published":false,"footnotes":""},"categories":[11],"tags":[1968,1032,452,694,2046,1557,222,719,639,1528],"class_list":["post-17680","post","type-post","status-publish","format-standard","has-post-thumbnail","hentry","category-arbeit-soziales","tag-ampelkoalition","tag-bundesregierung","tag-deutschland","tag-globalisierung","tag-handelskrieg","tag-rohstoffe","tag-russland","tag-sanktionen","tag-ukraine-konflikt","tag-wirtschaftspolitik"],"jetpack_featured_media_url":"https:\/\/i0.wp.com\/www.freidenker.org\/fw17\/wp-content\/uploads\/2023\/12\/Ampel_dd330a22bd_c_800x450.jpg?fit=800%2C450&ssl=1","jetpack_shortlink":"https:\/\/wp.me\/p9stpK-4Ba","jetpack-related-posts":[{"id":16863,"url":"https:\/\/www.freidenker.org\/?p=16863","url_meta":{"origin":17680,"position":0},"title":"Scholz schockiert: &#8222;Putin beschwert sich gar nicht \u00fcber die Sanktionen&#8220;","author":"Webredaktion","date":"30. August 2023","format":false,"excerpt":"Beitrag von Gert Ewen Ungar Die BILD-Zeitung ver\u00f6ffentlichte Teile aus einem Telefongespr\u00e4ch, das Bundeskanzler Scholz mit dem franz\u00f6sischen Pr\u00e4sidenten Macron gef\u00fchrt hat, nachdem beide zuvor mit Russlands Pr\u00e4sident Putin gesprochen hatten. Das Telefongespr\u00e4ch fand Anfang M\u00e4rz 2022 statt, am neunten Tag nach Beginn der milit\u00e4rischen Spezialoperation. Die Friedensverhandlungen zwischen der\u2026","rel":"","context":"In &quot;Demokratie \u2013 Medien \u2013 Aufkl\u00e4rung&quot;","block_context":{"text":"Demokratie \u2013 Medien \u2013 Aufkl\u00e4rung","link":"https:\/\/www.freidenker.org\/?cat=12"},"img":{"alt_text":"","src":"https:\/\/i0.wp.com\/www.freidenker.org\/fw17\/wp-content\/uploads\/2023\/08\/selenski-macron-scholz_800x450.jpg?fit=800%2C450&ssl=1&resize=350%2C200","width":350,"height":200,"srcset":"https:\/\/i0.wp.com\/www.freidenker.org\/fw17\/wp-content\/uploads\/2023\/08\/selenski-macron-scholz_800x450.jpg?fit=800%2C450&ssl=1&resize=350%2C200 1x, https:\/\/i0.wp.com\/www.freidenker.org\/fw17\/wp-content\/uploads\/2023\/08\/selenski-macron-scholz_800x450.jpg?fit=800%2C450&ssl=1&resize=525%2C300 1.5x, https:\/\/i0.wp.com\/www.freidenker.org\/fw17\/wp-content\/uploads\/2023\/08\/selenski-macron-scholz_800x450.jpg?fit=800%2C450&ssl=1&resize=700%2C400 2x"},"classes":[]},{"id":23931,"url":"https:\/\/www.freidenker.org\/?p=23931","url_meta":{"origin":17680,"position":1},"title":"EU-Gipfel: Der Kanzler ist nackt","author":"Webredaktion","date":"22. Dezember 2025","format":false,"excerpt":"Beitrag von Gert Ewen Ungar Die EU ist mit ihrem Vorhaben, das eingefrorene russische Verm\u00f6gen zu stehlen, am Widerstand einiger ihrer Mitgliedstaaten gescheitert. Auch der Plan B, eine gemeinschaftliche Schuldenaufnahme der EU-Staaten zugunsten der Ukraine, ist aufgrund der Verweigerung dreier L\u00e4nder gescheitert. Das Risiko teilen sich die verbliebenen 24 Staaten\u2026","rel":"","context":"In &quot;Demokratie \u2013 Medien \u2013 Aufkl\u00e4rung&quot;","block_context":{"text":"Demokratie \u2013 Medien \u2013 Aufkl\u00e4rung","link":"https:\/\/www.freidenker.org\/?cat=12"},"img":{"alt_text":"","src":"https:\/\/i0.wp.com\/www.freidenker.org\/fw17\/wp-content\/uploads\/2025\/12\/Friedrich_Merz_to_the_European_Commission_-_2025_800x450.jpg?fit=800%2C450&ssl=1&resize=350%2C200","width":350,"height":200,"srcset":"https:\/\/i0.wp.com\/www.freidenker.org\/fw17\/wp-content\/uploads\/2025\/12\/Friedrich_Merz_to_the_European_Commission_-_2025_800x450.jpg?fit=800%2C450&ssl=1&resize=350%2C200 1x, https:\/\/i0.wp.com\/www.freidenker.org\/fw17\/wp-content\/uploads\/2025\/12\/Friedrich_Merz_to_the_European_Commission_-_2025_800x450.jpg?fit=800%2C450&ssl=1&resize=525%2C300 1.5x, https:\/\/i0.wp.com\/www.freidenker.org\/fw17\/wp-content\/uploads\/2025\/12\/Friedrich_Merz_to_the_European_Commission_-_2025_800x450.jpg?fit=800%2C450&ssl=1&resize=700%2C400 2x"},"classes":[]},{"id":19744,"url":"https:\/\/www.freidenker.org\/?p=19744","url_meta":{"origin":17680,"position":2},"title":"N\u00e4ncy ohne Ma\u00df: Faeser-Ministerium will geheime Wohnungsdurchsuchungen erm\u00f6glichen","author":"Webredaktion","date":"20. August 2024","format":false,"excerpt":"Beitrag von Gert Ewen Ungar Die Grundrechte sind zun\u00e4chst vor allem eins: Abwehrrechte des Einzelnen gegen\u00fcber dem Staat. Das Recht sch\u00fctzt das angesichts der Machtf\u00fclle des Staates faktisch ohnm\u00e4chtige Individuum vor\u00a0staatlichen\u00a0\u00dcbergriffen. Die Unversehrtheit der Wohnung ist eines dieser Rechte, das den Einzelnen vor willk\u00fcrlichem staatlichen Zugriff sch\u00fctzt. Es gibt nur\u2026","rel":"","context":"In &quot;Demokratie \u2013 Medien \u2013 Aufkl\u00e4rung&quot;","block_context":{"text":"Demokratie \u2013 Medien \u2013 Aufkl\u00e4rung","link":"https:\/\/www.freidenker.org\/?cat=12"},"img":{"alt_text":"","src":"https:\/\/i0.wp.com\/www.freidenker.org\/fw17\/wp-content\/uploads\/2024\/08\/door-knob-5051139_800x450.jpg?fit=800%2C450&ssl=1&resize=350%2C200","width":350,"height":200,"srcset":"https:\/\/i0.wp.com\/www.freidenker.org\/fw17\/wp-content\/uploads\/2024\/08\/door-knob-5051139_800x450.jpg?fit=800%2C450&ssl=1&resize=350%2C200 1x, https:\/\/i0.wp.com\/www.freidenker.org\/fw17\/wp-content\/uploads\/2024\/08\/door-knob-5051139_800x450.jpg?fit=800%2C450&ssl=1&resize=525%2C300 1.5x, https:\/\/i0.wp.com\/www.freidenker.org\/fw17\/wp-content\/uploads\/2024\/08\/door-knob-5051139_800x450.jpg?fit=800%2C450&ssl=1&resize=700%2C400 2x"},"classes":[]},{"id":16407,"url":"https:\/\/www.freidenker.org\/?p=16407","url_meta":{"origin":17680,"position":3},"title":"Die G\u00e4rten des Josep Borrell","author":"Webredaktion","date":"5. Juli 2023","format":false,"excerpt":"Beitrag von Gert Ewen Ungar Mit einem rassistischen, chauvinistischen\u00a0Statement\u00a0sorgte der Au\u00dfenbeauftragte der EU, Josep Borrell, im Oktober des vergangenen Jahres f\u00fcr Aufsehen. Die EU sei der Garten, der Rest der Welt ein Dschungel, lie\u00df der Chefdiplomat seine Zuh\u00f6rer wissen.\u00a0 Inzwischen sieht es in der EU deutlich mehr nach Dschungel aus\u2026","rel":"","context":"In &quot;Demokratie \u2013 Medien \u2013 Aufkl\u00e4rung&quot;","block_context":{"text":"Demokratie \u2013 Medien \u2013 Aufkl\u00e4rung","link":"https:\/\/www.freidenker.org\/?cat=12"},"img":{"alt_text":"","src":"https:\/\/i0.wp.com\/www.freidenker.org\/fw17\/wp-content\/uploads\/2023\/07\/Josep_Borrell_52359673274_800x450.jpg?fit=800%2C450&ssl=1&resize=350%2C200","width":350,"height":200,"srcset":"https:\/\/i0.wp.com\/www.freidenker.org\/fw17\/wp-content\/uploads\/2023\/07\/Josep_Borrell_52359673274_800x450.jpg?fit=800%2C450&ssl=1&resize=350%2C200 1x, https:\/\/i0.wp.com\/www.freidenker.org\/fw17\/wp-content\/uploads\/2023\/07\/Josep_Borrell_52359673274_800x450.jpg?fit=800%2C450&ssl=1&resize=525%2C300 1.5x, https:\/\/i0.wp.com\/www.freidenker.org\/fw17\/wp-content\/uploads\/2023\/07\/Josep_Borrell_52359673274_800x450.jpg?fit=800%2C450&ssl=1&resize=700%2C400 2x"},"classes":[]},{"id":17706,"url":"https:\/\/www.freidenker.org\/?p=17706","url_meta":{"origin":17680,"position":4},"title":"Zeugnis des doppelten Standards: Baerbock im Interview","author":"Webredaktion","date":"29. Dezember 2023","format":false,"excerpt":"Beitrag von Gert Ewen Ungar Bez\u00fcglich des Ukraine-Konflikts werden die Deutschen fl\u00e4chendeckend von den verantwortlichen Politikern und von den mitverantwortlichen Medien des Mainstreams desinformiert. Dass die deutsche Au\u00dfenministerin da keine Ausnahme bildet, ist nicht \u00fcberraschend. Sie tut sich im Gegenteil seit Langem damit hervor, die Unwahrheiten besonders dick aufzutragen.\u00a0In einem\u2026","rel":"","context":"In &quot;Demokratie \u2013 Medien \u2013 Aufkl\u00e4rung&quot;","block_context":{"text":"Demokratie \u2013 Medien \u2013 Aufkl\u00e4rung","link":"https:\/\/www.freidenker.org\/?cat=12"},"img":{"alt_text":"","src":"https:\/\/i0.wp.com\/www.freidenker.org\/fw17\/wp-content\/uploads\/2023\/12\/BDK_Karlsruhe_Nov_2023_Annalena_Baerbock_11_800x450.jpg?fit=800%2C450&ssl=1&resize=350%2C200","width":350,"height":200,"srcset":"https:\/\/i0.wp.com\/www.freidenker.org\/fw17\/wp-content\/uploads\/2023\/12\/BDK_Karlsruhe_Nov_2023_Annalena_Baerbock_11_800x450.jpg?fit=800%2C450&ssl=1&resize=350%2C200 1x, https:\/\/i0.wp.com\/www.freidenker.org\/fw17\/wp-content\/uploads\/2023\/12\/BDK_Karlsruhe_Nov_2023_Annalena_Baerbock_11_800x450.jpg?fit=800%2C450&ssl=1&resize=525%2C300 1.5x, https:\/\/i0.wp.com\/www.freidenker.org\/fw17\/wp-content\/uploads\/2023\/12\/BDK_Karlsruhe_Nov_2023_Annalena_Baerbock_11_800x450.jpg?fit=800%2C450&ssl=1&resize=700%2C400 2x"},"classes":[]},{"id":19546,"url":"https:\/\/www.freidenker.org\/?p=19546","url_meta":{"origin":17680,"position":5},"title":"Das Trump-Attentat: Symptom des Zerfalls westlicher Gesellschaften","author":"Webredaktion","date":"19. Juli 2024","format":false,"excerpt":"Beitrag von Gert Ewen Ungar Von dem Attentat auf Pr\u00e4sident Trump sind schwerwiegende Auswirkungen auf die US-amerikanische Gesellschaft zu erwarten, sind sich Analysten einig. Auch wenn zu den Motiven des T\u00e4ters bisher weiter Unklarheit herrscht, wird die Tat die ohnehin schon vorhandene Spaltung der US-Gesellschaft weiter vertiefen. Den USA stehen\u2026","rel":"","context":"In &quot;Demokratie \u2013 Medien \u2013 Aufkl\u00e4rung&quot;","block_context":{"text":"Demokratie \u2013 Medien \u2013 Aufkl\u00e4rung","link":"https:\/\/www.freidenker.org\/?cat=12"},"img":{"alt_text":"","src":"https:\/\/i0.wp.com\/www.freidenker.org\/fw17\/wp-content\/uploads\/2024\/07\/Donald_Trump_53298542462_800x450.jpg?fit=800%2C450&ssl=1&resize=350%2C200","width":350,"height":200,"srcset":"https:\/\/i0.wp.com\/www.freidenker.org\/fw17\/wp-content\/uploads\/2024\/07\/Donald_Trump_53298542462_800x450.jpg?fit=800%2C450&ssl=1&resize=350%2C200 1x, https:\/\/i0.wp.com\/www.freidenker.org\/fw17\/wp-content\/uploads\/2024\/07\/Donald_Trump_53298542462_800x450.jpg?fit=800%2C450&ssl=1&resize=525%2C300 1.5x, https:\/\/i0.wp.com\/www.freidenker.org\/fw17\/wp-content\/uploads\/2024\/07\/Donald_Trump_53298542462_800x450.jpg?fit=800%2C450&ssl=1&resize=700%2C400 2x"},"classes":[]}],"_links":{"self":[{"href":"https:\/\/www.freidenker.org\/index.php?rest_route=\/wp\/v2\/posts\/17680","targetHints":{"allow":["GET"]}}],"collection":[{"href":"https:\/\/www.freidenker.org\/index.php?rest_route=\/wp\/v2\/posts"}],"about":[{"href":"https:\/\/www.freidenker.org\/index.php?rest_route=\/wp\/v2\/types\/post"}],"author":[{"embeddable":true,"href":"https:\/\/www.freidenker.org\/index.php?rest_route=\/wp\/v2\/users\/3"}],"replies":[{"embeddable":true,"href":"https:\/\/www.freidenker.org\/index.php?rest_route=%2Fwp%2Fv2%2Fcomments&post=17680"}],"version-history":[{"count":0,"href":"https:\/\/www.freidenker.org\/index.php?rest_route=\/wp\/v2\/posts\/17680\/revisions"}],"wp:featuredmedia":[{"embeddable":true,"href":"https:\/\/www.freidenker.org\/index.php?rest_route=\/wp\/v2\/media\/17681"}],"wp:attachment":[{"href":"https:\/\/www.freidenker.org\/index.php?rest_route=%2Fwp%2Fv2%2Fmedia&parent=17680"}],"wp:term":[{"taxonomy":"category","embeddable":true,"href":"https:\/\/www.freidenker.org\/index.php?rest_route=%2Fwp%2Fv2%2Fcategories&post=17680"},{"taxonomy":"post_tag","embeddable":true,"href":"https:\/\/www.freidenker.org\/index.php?rest_route=%2Fwp%2Fv2%2Ftags&post=17680"}],"curies":[{"name":"wp","href":"https:\/\/api.w.org\/{rel}","templated":true}]}}